{"id":52022,"date":"2025-02-07T17:55:53","date_gmt":"2025-02-07T15:55:53","guid":{"rendered":"https:\/\/www.laguiadepamplona.com\/actualidad\/?p=52022"},"modified":"2025-02-07T17:55:53","modified_gmt":"2025-02-07T15:55:53","slug":"pamplona-imparte-formacion-laboral-a-188-personas-en-el-primer-ano-del-proyecto-intro-de-accion-social-dirigido-a-poblacion-joven-en-situacion-vulnerable","status":"publish","type":"post","link":"https:\/\/www.laguiadepamplona.com\/actualidad\/pamplona-imparte-formacion-laboral-a-188-personas-en-el-primer-ano-del-proyecto-intro-de-accion-social-dirigido-a-poblacion-joven-en-situacion-vulnerable\/","title":{"rendered":"Pamplona imparte formaci\u00f3n laboral a 188 personas en el primer a\u00f1o del Proyecto Intro de Acci\u00f3n Social, dirigido a poblaci\u00f3n joven en situaci\u00f3n vulnerable"},"content":{"rendered":"<h2>La iniciativa ha permitido ofrecer 1.363,3 horas de formaci\u00f3n en nueve cursos sobre materias de alta demanda de empleo sin cubrir<\/h2>\n<p><!--more--><\/p>\n<p>El Proyecto Intro de Acci\u00f3n Social, que ofrece formaci\u00f3n y capacitaci\u00f3n prelaboral a personas j\u00f3venes en situaci\u00f3n de vulnerabilidad, ha impartido 1.363,3 horas de formaci\u00f3n a 188 personas, en su primer a\u00f1o de andadura. El proyecto, financiado con 50.000 euros por el Departamento de Vivienda, Juventud y Pol\u00edticas Migratorias, ha permitido a 84 mujeres y 104 hombres formarse en competencias b\u00e1sicas y trasnsversales, y en especialidades donde hay mucha demanda de mano de obra y que el tejido empresarial no puede cubrir en su totalidad.<\/p>\n<p>El grado de cumplimiento de los objetivos previstos en el plan elaborado ha sido muy satisfactorio, sobre todo teniendo en cuenta que el objetivo inicial era llegar a 50 personas. Se ha logrado dise\u00f1ar y ofrecer una oferta formativa adecuada y acorde a las necesidades de los usuarios\/as de los servicios sociales de Pamplona. La mayor\u00eda de las personas participantes presentan perfiles de alta vulnerabilidad, sin apoyos familiares y con situaciones administrativas complejas.<\/p>\n<p>Destaca la puesta en marcha de varias acciones formativas dirigidas a personas migrantes en situaci\u00f3n de vulnerabilidad, atendidas principalmente desde el programa de incorporaci\u00f3n social. Estas formaciones han priorizado a aquellos colectivos con mayores dificultades para acceder a ofertas educativas m\u00e1s formales, como personas con un nivel bajo de castellano, mujeres en situaci\u00f3n de especial vulnerabilidad, y personas en situaci\u00f3n administrativa irregular.<\/p>\n<p><strong>Ense\u00f1anza del idioma y competencias transversales<\/strong><\/p>\n<p>Todas las actividades formativas han tenido como eje central la ense\u00f1anza y pr\u00e1ctica del idioma castellano, tanto hablado como escrito. Esto ha sido complementado con el desarrollo de competencias personales y transversales, tales como la responsabilidad, la puntualidad, la colaboraci\u00f3n, la convivencia, y la promoci\u00f3n de la igualdad de g\u00e9nero. Este enfoque integral ha potenciado no solo las habilidades t\u00e9cnicas, sino tambi\u00e9n las personales, fundamentales para la integraci\u00f3n social de las personas participantes.<\/p>\n<p>Cada acci\u00f3n formativa ha sido evaluada mediante un informe de valoraci\u00f3n final, que recoge los aspectos positivos y la valoraci\u00f3n de la participaci\u00f3n. Estos informes, elaborados por las entidades responsables de la formaci\u00f3n, Koine y Formaci\u00f3n continua, han sido esenciales para garantizar un enfoque de mejora continua en las propuestas futuras, consolidando las buenas pr\u00e1cticas e introduciendo ajustes seg\u00fan las necesidades detectadas.<\/p>\n<p>Los cursos de formaci\u00f3n impartidos han incluidos materias como idioma castellano, recursos para el desarrollo cognitivo, cocina-hosteler\u00eda, formaci\u00f3n transversal con enfoque de g\u00e9nero en habilidades sociales, gesti\u00f3n emocional e integraci\u00f3n comunitaria, operaciones b\u00e1sicas de limpiezas, atenci\u00f3n sociosanitaria en residencias y centros de d\u00eda, etc\u00e9tera.<\/p>\n<p>El concejal de Acci\u00f3n Social, Txema Maule\u00f3n Echeverr\u00eda, ha hecho una valoraci\u00f3n muy positiva del programa dirigido a las personas en situaci\u00f3n vulnerable y a gente joven, en ocasiones sin permiso de trabajo. \u201cLa formaci\u00f3n y el empleo son elementos clave para la inclusi\u00f3n social y laboral de las personas. La respuesta de las personas ha sido muy positiva con gran aprovechamiento de la formaci\u00f3n. En ese sentido, y tras una evaluaci\u00f3n muy positiva, hemos consolidado este nuevo programa en los presupuestos del 2025, que esperamos sea la primera piedra de un futuro Centro Ocupacional Municipal\u201d.<\/p>\n<p>&nbsp;<\/p>\n<h3>Actividades formativas realizadas en el primer a\u00f1o del Proyecto Intro<\/h3>\n<ul>\n<li>Han participado 188 personas: 84 mujeres y 104 hombres\n<ul>\n<li>Actividad 1.1: Castellano \u2013 Recursos para el desarrollo cognitivo. UB Lezkairu<\/li>\n<li>Actividad 1.2: Grupo de conversaci\u00f3n en castellano. UB San Jorge<\/li>\n<li>Actividad 1.3: Inmersi\u00f3n al castellano y comunidad. UB Casco Viejo \u2013 Rochapea<\/li>\n<li>Actividad 1.4: Cocinando sue\u00f1os \u2013 Ametsak egi bihurtzen<\/li>\n<li>Actividad 1.5: Taller de formaci\u00f3n transversal con enfoque de g\u00e9nero en habilidades sociales, gesti\u00f3n emocional e integraci\u00f3n comunitaria. UB Ermitaga\u00f1a<\/li>\n<li>Actividad 1.6: Inmersi\u00f3n al castellano (verano). UB Casco Viejo \u2013 Rochapea<\/li>\n<li>Actividad 1.7: Curso de operaciones b\u00e1sicas de limpiezas. EISOL<\/li>\n<li>Actividad 1.8: Konekta2 \u2013 Inmersi\u00f3n al castellano<\/li>\n<li>Actividad 1.9: Atenci\u00f3n sociosanitaria en instituciones<\/li>\n<\/ul>\n<\/li>\n<\/ul>\n","protected":false},"excerpt":{"rendered":"<p>La iniciativa ha permitido ofrecer 1.363,3 horas de formaci\u00f3n en nueve cursos sobre materias de alta demanda de empleo sin cubrir<\/p>\n","protected":false},"author":1,"featured_media":52023,"comment_status":"open","ping_status":"closed","sticky":false,"template":"","format":"standard","meta":{"footnotes":""},"categories":[2],"tags":[],"class_list":["post-52022","post","type-post","status-publish","format-standard","has-post-thumbnail","hentry","category-ayuntamiento-pamplona"],"yoast_head":"<!-- This site is optimized with the Yoast SEO plugin v27.3 - https:\/\/yoast.com\/product\/yoast-seo-wordpress\/ -->\n<title>Pamplona imparte formaci\u00f3n laboral a 188 personas en el primer a\u00f1o del Proyecto Intro de Acci\u00f3n Social, dirigido a poblaci\u00f3n joven en situaci\u00f3n vulnerable<\/title>\n<meta name=\"description\" content=\"La iniciativa ha permitido ofrecer 1.363,3 horas de formaci\u00f3n en nueve cursos sobre materias de alta demanda de empleo sin cubrir\" \/>\n<meta name=\"robots\" content=\"index, follow, max-snippet:-1, max-image-preview:large, max-video-preview:-1\" \/>\n<link rel=\"canonical\" href=\"https:\/\/www.laguiadepamplona.com\/actualidad\/pamplona-imparte-formacion-laboral-a-188-personas-en-el-primer-ano-del-proyecto-intro-de-accion-social-dirigido-a-poblacion-joven-en-situacion-vulnerable\/\" \/>\n<meta property=\"og:locale\" content=\"es_ES\" \/>\n<meta property=\"og:type\" content=\"article\" \/>\n<meta property=\"og:title\" content=\"Pamplona imparte formaci\u00f3n laboral a 188 personas en el primer a\u00f1o del Proyecto Intro de Acci\u00f3n Social, dirigido a poblaci\u00f3n joven en situaci\u00f3n vulnerable\" \/>\n<meta property=\"og:description\" content=\"La iniciativa ha permitido ofrecer 1.363,3 horas de formaci\u00f3n en nueve cursos sobre materias de alta demanda de empleo sin cubrir\" \/>\n<meta property=\"og:url\" content=\"https:\/\/www.laguiadepamplona.com\/actualidad\/pamplona-imparte-formacion-laboral-a-188-personas-en-el-primer-ano-del-proyecto-intro-de-accion-social-dirigido-a-poblacion-joven-en-situacion-vulnerable\/\" \/>\n<meta property=\"og:site_name\" content=\"La Gu\u00eda de Pamplona\" \/>\n<meta property=\"article:publisher\" content=\"https:\/\/www.facebook.com\/laguiadepamplonacom-133175176762273\/?ref=hl\" \/>\n<meta property=\"article:published_time\" content=\"2025-02-07T15:55:53+00:00\" \/>\n<meta property=\"og:image\" content=\"https:\/\/www.laguiadepamplona.com\/actualidad\/wp-content\/uploads\/2025\/02\/formacion-laboral-cocinando.webp\" \/>\n\t<meta property=\"og:image:width\" content=\"1000\" \/>\n\t<meta property=\"og:image:height\" content=\"594\" \/>\n\t<meta property=\"og:image:type\" content=\"image\/webp\" \/>\n<meta name=\"author\" content=\"La Gu\u00eda de Pamplona\" \/>\n<meta name=\"twitter:card\" content=\"summary_large_image\" \/>\n<meta name=\"twitter:creator\" content=\"@LaGuiadPamplona\" \/>\n<meta name=\"twitter:site\" content=\"@LaGuiadPamplona\" \/>\n<meta name=\"twitter:label1\" content=\"Escrito por\" \/>\n\t<meta name=\"twitter:data1\" content=\"La Gu\u00eda de Pamplona\" \/>\n\t<meta name=\"twitter:label2\" content=\"Tiempo de lectura\" \/>\n\t<meta name=\"twitter:data2\" content=\"3 minutos\" \/>\n<script type=\"application\/ld+json\" class=\"yoast-schema-graph\">{\"@context\":\"https:\\\/\\\/schema.org\",\"@graph\":[{\"@type\":\"Article\",\"@id\":\"https:\\\/\\\/www.laguiadepamplona.com\\\/actualidad\\\/pamplona-imparte-formacion-laboral-a-188-personas-en-el-primer-ano-del-proyecto-intro-de-accion-social-dirigido-a-poblacion-joven-en-situacion-vulnerable\\\/#article\",\"isPartOf\":{\"@id\":\"https:\\\/\\\/www.laguiadepamplona.com\\\/actualidad\\\/pamplona-imparte-formacion-laboral-a-188-personas-en-el-primer-ano-del-proyecto-intro-de-accion-social-dirigido-a-poblacion-joven-en-situacion-vulnerable\\\/\"},\"author\":{\"name\":\"La Gu\u00eda de Pamplona\",\"@id\":\"https:\\\/\\\/www.laguiadepamplona.com\\\/actualidad\\\/#\\\/schema\\\/person\\\/efe887376f0213d4657c93adc50b1fdb\"},\"headline\":\"Pamplona imparte formaci\u00f3n laboral a 188 personas en el primer a\u00f1o del Proyecto Intro de Acci\u00f3n Social, dirigido a poblaci\u00f3n joven en situaci\u00f3n vulnerable\",\"datePublished\":\"2025-02-07T15:55:53+00:00\",\"mainEntityOfPage\":{\"@id\":\"https:\\\/\\\/www.laguiadepamplona.com\\\/actualidad\\\/pamplona-imparte-formacion-laboral-a-188-personas-en-el-primer-ano-del-proyecto-intro-de-accion-social-dirigido-a-poblacion-joven-en-situacion-vulnerable\\\/\"},\"wordCount\":706,\"commentCount\":0,\"publisher\":{\"@id\":\"https:\\\/\\\/www.laguiadepamplona.com\\\/actualidad\\\/#organization\"},\"image\":{\"@id\":\"https:\\\/\\\/www.laguiadepamplona.com\\\/actualidad\\\/pamplona-imparte-formacion-laboral-a-188-personas-en-el-primer-ano-del-proyecto-intro-de-accion-social-dirigido-a-poblacion-joven-en-situacion-vulnerable\\\/#primaryimage\"},\"thumbnailUrl\":\"https:\\\/\\\/www.laguiadepamplona.com\\\/actualidad\\\/wp-content\\\/uploads\\\/2025\\\/02\\\/formacion-laboral-cocinando.webp\",\"articleSection\":[\"Ayto Pamplona\"],\"inLanguage\":\"es\",\"potentialAction\":[{\"@type\":\"CommentAction\",\"name\":\"Comment\",\"target\":[\"https:\\\/\\\/www.laguiadepamplona.com\\\/actualidad\\\/pamplona-imparte-formacion-laboral-a-188-personas-en-el-primer-ano-del-proyecto-intro-de-accion-social-dirigido-a-poblacion-joven-en-situacion-vulnerable\\\/#respond\"]}]},{\"@type\":\"WebPage\",\"@id\":\"https:\\\/\\\/www.laguiadepamplona.com\\\/actualidad\\\/pamplona-imparte-formacion-laboral-a-188-personas-en-el-primer-ano-del-proyecto-intro-de-accion-social-dirigido-a-poblacion-joven-en-situacion-vulnerable\\\/\",\"url\":\"https:\\\/\\\/www.laguiadepamplona.com\\\/actualidad\\\/pamplona-imparte-formacion-laboral-a-188-personas-en-el-primer-ano-del-proyecto-intro-de-accion-social-dirigido-a-poblacion-joven-en-situacion-vulnerable\\\/\",\"name\":\"Pamplona imparte formaci\u00f3n laboral a 188 personas en el primer a\u00f1o del Proyecto Intro de Acci\u00f3n Social, dirigido a poblaci\u00f3n joven en situaci\u00f3n vulnerable\",\"isPartOf\":{\"@id\":\"https:\\\/\\\/www.laguiadepamplona.com\\\/actualidad\\\/#website\"},\"primaryImageOfPage\":{\"@id\":\"https:\\\/\\\/www.laguiadepamplona.com\\\/actualidad\\\/pamplona-imparte-formacion-laboral-a-188-personas-en-el-primer-ano-del-proyecto-intro-de-accion-social-dirigido-a-poblacion-joven-en-situacion-vulnerable\\\/#primaryimage\"},\"image\":{\"@id\":\"https:\\\/\\\/www.laguiadepamplona.com\\\/actualidad\\\/pamplona-imparte-formacion-laboral-a-188-personas-en-el-primer-ano-del-proyecto-intro-de-accion-social-dirigido-a-poblacion-joven-en-situacion-vulnerable\\\/#primaryimage\"},\"thumbnailUrl\":\"https:\\\/\\\/www.laguiadepamplona.com\\\/actualidad\\\/wp-content\\\/uploads\\\/2025\\\/02\\\/formacion-laboral-cocinando.webp\",\"datePublished\":\"2025-02-07T15:55:53+00:00\",\"description\":\"La iniciativa ha permitido ofrecer 1.363,3 horas de formaci\u00f3n en nueve cursos sobre materias de alta demanda de empleo sin cubrir\",\"breadcrumb\":{\"@id\":\"https:\\\/\\\/www.laguiadepamplona.com\\\/actualidad\\\/pamplona-imparte-formacion-laboral-a-188-personas-en-el-primer-ano-del-proyecto-intro-de-accion-social-dirigido-a-poblacion-joven-en-situacion-vulnerable\\\/#breadcrumb\"},\"inLanguage\":\"es\",\"potentialAction\":[{\"@type\":\"ReadAction\",\"target\":[\"https:\\\/\\\/www.laguiadepamplona.com\\\/actualidad\\\/pamplona-imparte-formacion-laboral-a-188-personas-en-el-primer-ano-del-proyecto-intro-de-accion-social-dirigido-a-poblacion-joven-en-situacion-vulnerable\\\/\"]}]},{\"@type\":\"ImageObject\",\"inLanguage\":\"es\",\"@id\":\"https:\\\/\\\/www.laguiadepamplona.com\\\/actualidad\\\/pamplona-imparte-formacion-laboral-a-188-personas-en-el-primer-ano-del-proyecto-intro-de-accion-social-dirigido-a-poblacion-joven-en-situacion-vulnerable\\\/#primaryimage\",\"url\":\"https:\\\/\\\/www.laguiadepamplona.com\\\/actualidad\\\/wp-content\\\/uploads\\\/2025\\\/02\\\/formacion-laboral-cocinando.webp\",\"contentUrl\":\"https:\\\/\\\/www.laguiadepamplona.com\\\/actualidad\\\/wp-content\\\/uploads\\\/2025\\\/02\\\/formacion-laboral-cocinando.webp\",\"width\":1000,\"height\":594,\"caption\":\"formaci\u00f3n laboral cocinando\"},{\"@type\":\"BreadcrumbList\",\"@id\":\"https:\\\/\\\/www.laguiadepamplona.com\\\/actualidad\\\/pamplona-imparte-formacion-laboral-a-188-personas-en-el-primer-ano-del-proyecto-intro-de-accion-social-dirigido-a-poblacion-joven-en-situacion-vulnerable\\\/#breadcrumb\",\"itemListElement\":[{\"@type\":\"ListItem\",\"position\":1,\"name\":\"Portada\",\"item\":\"https:\\\/\\\/www.laguiadepamplona.com\\\/actualidad\\\/\"},{\"@type\":\"ListItem\",\"position\":2,\"name\":\"Pamplona imparte formaci\u00f3n laboral a 188 personas en el primer a\u00f1o del Proyecto Intro de Acci\u00f3n Social, dirigido a poblaci\u00f3n joven en situaci\u00f3n vulnerable\"}]},{\"@type\":\"WebSite\",\"@id\":\"https:\\\/\\\/www.laguiadepamplona.com\\\/actualidad\\\/#website\",\"url\":\"https:\\\/\\\/www.laguiadepamplona.com\\\/actualidad\\\/\",\"name\":\"La gu\u00eda de Pamplona\",\"description\":\"Noticias de Pamplona\",\"publisher\":{\"@id\":\"https:\\\/\\\/www.laguiadepamplona.com\\\/actualidad\\\/#organization\"},\"potentialAction\":[{\"@type\":\"SearchAction\",\"target\":{\"@type\":\"EntryPoint\",\"urlTemplate\":\"https:\\\/\\\/www.laguiadepamplona.com\\\/actualidad\\\/?s={search_term_string}\"},\"query-input\":{\"@type\":\"PropertyValueSpecification\",\"valueRequired\":true,\"valueName\":\"search_term_string\"}}],\"inLanguage\":\"es\"},{\"@type\":\"Organization\",\"@id\":\"https:\\\/\\\/www.laguiadepamplona.com\\\/actualidad\\\/#organization\",\"name\":\"La Gu\u00eda de Pamplona \\\/ Noticias\",\"url\":\"https:\\\/\\\/www.laguiadepamplona.com\\\/actualidad\\\/\",\"logo\":{\"@type\":\"ImageObject\",\"inLanguage\":\"es\",\"@id\":\"https:\\\/\\\/www.laguiadepamplona.com\\\/actualidad\\\/#\\\/schema\\\/logo\\\/image\\\/\",\"url\":\"https:\\\/\\\/www.laguiadepamplona.com\\\/actualidad\\\/wp-content\\\/uploads\\\/2018\\\/11\\\/logo-laguiadepamplona18-web1.png\",\"contentUrl\":\"https:\\\/\\\/www.laguiadepamplona.com\\\/actualidad\\\/wp-content\\\/uploads\\\/2018\\\/11\\\/logo-laguiadepamplona18-web1.png\",\"width\":600,\"height\":196,\"caption\":\"La Gu\u00eda de Pamplona \\\/ Noticias\"},\"image\":{\"@id\":\"https:\\\/\\\/www.laguiadepamplona.com\\\/actualidad\\\/#\\\/schema\\\/logo\\\/image\\\/\"},\"sameAs\":[\"https:\\\/\\\/www.facebook.com\\\/laguiadepamplonacom-133175176762273\\\/?ref=hl\",\"https:\\\/\\\/x.com\\\/LaGuiadPamplona\",\"https:\\\/\\\/www.instagram.com\\\/la_guia_de_pamplona\\\/\",\"https:\\\/\\\/www.youtube.com\\\/user\\\/laguiadepamplona\"]},{\"@type\":\"Person\",\"@id\":\"https:\\\/\\\/www.laguiadepamplona.com\\\/actualidad\\\/#\\\/schema\\\/person\\\/efe887376f0213d4657c93adc50b1fdb\",\"name\":\"La Gu\u00eda de Pamplona\",\"image\":{\"@type\":\"ImageObject\",\"inLanguage\":\"es\",\"@id\":\"https:\\\/\\\/secure.gravatar.com\\\/avatar\\\/b6992f131dc8d30ab0dff15446e9d346d9dbd95992de0fef795073f5ea83a81c?s=96&d=mm&r=g\",\"url\":\"https:\\\/\\\/secure.gravatar.com\\\/avatar\\\/b6992f131dc8d30ab0dff15446e9d346d9dbd95992de0fef795073f5ea83a81c?s=96&d=mm&r=g\",\"contentUrl\":\"https:\\\/\\\/secure.gravatar.com\\\/avatar\\\/b6992f131dc8d30ab0dff15446e9d346d9dbd95992de0fef795073f5ea83a81c?s=96&d=mm&r=g\",\"caption\":\"La Gu\u00eda de Pamplona\"}}]}<\/script>\n<!-- \/ Yoast SEO plugin. -->","yoast_head_json":{"title":"Pamplona imparte formaci\u00f3n laboral a 188 personas en el primer a\u00f1o del Proyecto Intro de Acci\u00f3n Social, dirigido a poblaci\u00f3n joven en situaci\u00f3n vulnerable","description":"La iniciativa ha permitido ofrecer 1.363,3 horas de formaci\u00f3n en nueve cursos sobre materias de alta demanda de empleo sin cubrir","robots":{"index":"index","follow":"follow","max-snippet":"max-snippet:-1","max-image-preview":"max-image-preview:large","max-video-preview":"max-video-preview:-1"},"canonical":"https:\/\/www.laguiadepamplona.com\/actualidad\/pamplona-imparte-formacion-laboral-a-188-personas-en-el-primer-ano-del-proyecto-intro-de-accion-social-dirigido-a-poblacion-joven-en-situacion-vulnerable\/","og_locale":"es_ES","og_type":"article","og_title":"Pamplona imparte formaci\u00f3n laboral a 188 personas en el primer a\u00f1o del Proyecto Intro de Acci\u00f3n Social, dirigido a poblaci\u00f3n joven en situaci\u00f3n vulnerable","og_description":"La iniciativa ha permitido ofrecer 1.363,3 horas de formaci\u00f3n en nueve cursos sobre materias de alta demanda de empleo sin cubrir","og_url":"https:\/\/www.laguiadepamplona.com\/actualidad\/pamplona-imparte-formacion-laboral-a-188-personas-en-el-primer-ano-del-proyecto-intro-de-accion-social-dirigido-a-poblacion-joven-en-situacion-vulnerable\/","og_site_name":"La Gu\u00eda de Pamplona","article_publisher":"https:\/\/www.facebook.com\/laguiadepamplonacom-133175176762273\/?ref=hl","article_published_time":"2025-02-07T15:55:53+00:00","og_image":[{"width":1000,"height":594,"url":"https:\/\/www.laguiadepamplona.com\/actualidad\/wp-content\/uploads\/2025\/02\/formacion-laboral-cocinando.webp","type":"image\/webp"}],"author":"La Gu\u00eda de Pamplona","twitter_card":"summary_large_image","twitter_creator":"@LaGuiadPamplona","twitter_site":"@LaGuiadPamplona","twitter_misc":{"Escrito por":"La Gu\u00eda de Pamplona","Tiempo de lectura":"3 minutos"},"schema":{"@context":"https:\/\/schema.org","@graph":[{"@type":"Article","@id":"https:\/\/www.laguiadepamplona.com\/actualidad\/pamplona-imparte-formacion-laboral-a-188-personas-en-el-primer-ano-del-proyecto-intro-de-accion-social-dirigido-a-poblacion-joven-en-situacion-vulnerable\/#article","isPartOf":{"@id":"https:\/\/www.laguiadepamplona.com\/actualidad\/pamplona-imparte-formacion-laboral-a-188-personas-en-el-primer-ano-del-proyecto-intro-de-accion-social-dirigido-a-poblacion-joven-en-situacion-vulnerable\/"},"author":{"name":"La Gu\u00eda de Pamplona","@id":"https:\/\/www.laguiadepamplona.com\/actualidad\/#\/schema\/person\/efe887376f0213d4657c93adc50b1fdb"},"headline":"Pamplona imparte formaci\u00f3n laboral a 188 personas en el primer a\u00f1o del Proyecto Intro de Acci\u00f3n Social, dirigido a poblaci\u00f3n joven en situaci\u00f3n vulnerable","datePublished":"2025-02-07T15:55:53+00:00","mainEntityOfPage":{"@id":"https:\/\/www.laguiadepamplona.com\/actualidad\/pamplona-imparte-formacion-laboral-a-188-personas-en-el-primer-ano-del-proyecto-intro-de-accion-social-dirigido-a-poblacion-joven-en-situacion-vulnerable\/"},"wordCount":706,"commentCount":0,"publisher":{"@id":"https:\/\/www.laguiadepamplona.com\/actualidad\/#organization"},"image":{"@id":"https:\/\/www.laguiadepamplona.com\/actualidad\/pamplona-imparte-formacion-laboral-a-188-personas-en-el-primer-ano-del-proyecto-intro-de-accion-social-dirigido-a-poblacion-joven-en-situacion-vulnerable\/#primaryimage"},"thumbnailUrl":"https:\/\/www.laguiadepamplona.com\/actualidad\/wp-content\/uploads\/2025\/02\/formacion-laboral-cocinando.webp","articleSection":["Ayto Pamplona"],"inLanguage":"es","potentialAction":[{"@type":"CommentAction","name":"Comment","target":["https:\/\/www.laguiadepamplona.com\/actualidad\/pamplona-imparte-formacion-laboral-a-188-personas-en-el-primer-ano-del-proyecto-intro-de-accion-social-dirigido-a-poblacion-joven-en-situacion-vulnerable\/#respond"]}]},{"@type":"WebPage","@id":"https:\/\/www.laguiadepamplona.com\/actualidad\/pamplona-imparte-formacion-laboral-a-188-personas-en-el-primer-ano-del-proyecto-intro-de-accion-social-dirigido-a-poblacion-joven-en-situacion-vulnerable\/","url":"https:\/\/www.laguiadepamplona.com\/actualidad\/pamplona-imparte-formacion-laboral-a-188-personas-en-el-primer-ano-del-proyecto-intro-de-accion-social-dirigido-a-poblacion-joven-en-situacion-vulnerable\/","name":"Pamplona imparte formaci\u00f3n laboral a 188 personas en el primer a\u00f1o del Proyecto Intro de Acci\u00f3n Social, dirigido a poblaci\u00f3n joven en situaci\u00f3n vulnerable","isPartOf":{"@id":"https:\/\/www.laguiadepamplona.com\/actualidad\/#website"},"primaryImageOfPage":{"@id":"https:\/\/www.laguiadepamplona.com\/actualidad\/pamplona-imparte-formacion-laboral-a-188-personas-en-el-primer-ano-del-proyecto-intro-de-accion-social-dirigido-a-poblacion-joven-en-situacion-vulnerable\/#primaryimage"},"image":{"@id":"https:\/\/www.laguiadepamplona.com\/actualidad\/pamplona-imparte-formacion-laboral-a-188-personas-en-el-primer-ano-del-proyecto-intro-de-accion-social-dirigido-a-poblacion-joven-en-situacion-vulnerable\/#primaryimage"},"thumbnailUrl":"https:\/\/www.laguiadepamplona.com\/actualidad\/wp-content\/uploads\/2025\/02\/formacion-laboral-cocinando.webp","datePublished":"2025-02-07T15:55:53+00:00","description":"La iniciativa ha permitido ofrecer 1.363,3 horas de formaci\u00f3n en nueve cursos sobre materias de alta demanda de empleo sin cubrir","breadcrumb":{"@id":"https:\/\/www.laguiadepamplona.com\/actualidad\/pamplona-imparte-formacion-laboral-a-188-personas-en-el-primer-ano-del-proyecto-intro-de-accion-social-dirigido-a-poblacion-joven-en-situacion-vulnerable\/#breadcrumb"},"inLanguage":"es","potentialAction":[{"@type":"ReadAction","target":["https:\/\/www.laguiadepamplona.com\/actualidad\/pamplona-imparte-formacion-laboral-a-188-personas-en-el-primer-ano-del-proyecto-intro-de-accion-social-dirigido-a-poblacion-joven-en-situacion-vulnerable\/"]}]},{"@type":"ImageObject","inLanguage":"es","@id":"https:\/\/www.laguiadepamplona.com\/actualidad\/pamplona-imparte-formacion-laboral-a-188-personas-en-el-primer-ano-del-proyecto-intro-de-accion-social-dirigido-a-poblacion-joven-en-situacion-vulnerable\/#primaryimage","url":"https:\/\/www.laguiadepamplona.com\/actualidad\/wp-content\/uploads\/2025\/02\/formacion-laboral-cocinando.webp","contentUrl":"https:\/\/www.laguiadepamplona.com\/actualidad\/wp-content\/uploads\/2025\/02\/formacion-laboral-cocinando.webp","width":1000,"height":594,"caption":"formaci\u00f3n laboral cocinando"},{"@type":"BreadcrumbList","@id":"https:\/\/www.laguiadepamplona.com\/actualidad\/pamplona-imparte-formacion-laboral-a-188-personas-en-el-primer-ano-del-proyecto-intro-de-accion-social-dirigido-a-poblacion-joven-en-situacion-vulnerable\/#breadcrumb","itemListElement":[{"@type":"ListItem","position":1,"name":"Portada","item":"https:\/\/www.laguiadepamplona.com\/actualidad\/"},{"@type":"ListItem","position":2,"name":"Pamplona imparte formaci\u00f3n laboral a 188 personas en el primer a\u00f1o del Proyecto Intro de Acci\u00f3n Social, dirigido a poblaci\u00f3n joven en situaci\u00f3n vulnerable"}]},{"@type":"WebSite","@id":"https:\/\/www.laguiadepamplona.com\/actualidad\/#website","url":"https:\/\/www.laguiadepamplona.com\/actualidad\/","name":"La gu\u00eda de Pamplona","description":"Noticias de Pamplona","publisher":{"@id":"https:\/\/www.laguiadepamplona.com\/actualidad\/#organization"},"potentialAction":[{"@type":"SearchAction","target":{"@type":"EntryPoint","urlTemplate":"https:\/\/www.laguiadepamplona.com\/actualidad\/?s={search_term_string}"},"query-input":{"@type":"PropertyValueSpecification","valueRequired":true,"valueName":"search_term_string"}}],"inLanguage":"es"},{"@type":"Organization","@id":"https:\/\/www.laguiadepamplona.com\/actualidad\/#organization","name":"La Gu\u00eda de Pamplona \/ Noticias","url":"https:\/\/www.laguiadepamplona.com\/actualidad\/","logo":{"@type":"ImageObject","inLanguage":"es","@id":"https:\/\/www.laguiadepamplona.com\/actualidad\/#\/schema\/logo\/image\/","url":"https:\/\/www.laguiadepamplona.com\/actualidad\/wp-content\/uploads\/2018\/11\/logo-laguiadepamplona18-web1.png","contentUrl":"https:\/\/www.laguiadepamplona.com\/actualidad\/wp-content\/uploads\/2018\/11\/logo-laguiadepamplona18-web1.png","width":600,"height":196,"caption":"La Gu\u00eda de Pamplona \/ Noticias"},"image":{"@id":"https:\/\/www.laguiadepamplona.com\/actualidad\/#\/schema\/logo\/image\/"},"sameAs":["https:\/\/www.facebook.com\/laguiadepamplonacom-133175176762273\/?ref=hl","https:\/\/x.com\/LaGuiadPamplona","https:\/\/www.instagram.com\/la_guia_de_pamplona\/","https:\/\/www.youtube.com\/user\/laguiadepamplona"]},{"@type":"Person","@id":"https:\/\/www.laguiadepamplona.com\/actualidad\/#\/schema\/person\/efe887376f0213d4657c93adc50b1fdb","name":"La Gu\u00eda de Pamplona","image":{"@type":"ImageObject","inLanguage":"es","@id":"https:\/\/secure.gravatar.com\/avatar\/b6992f131dc8d30ab0dff15446e9d346d9dbd95992de0fef795073f5ea83a81c?s=96&d=mm&r=g","url":"https:\/\/secure.gravatar.com\/avatar\/b6992f131dc8d30ab0dff15446e9d346d9dbd95992de0fef795073f5ea83a81c?s=96&d=mm&r=g","contentUrl":"https:\/\/secure.gravatar.com\/avatar\/b6992f131dc8d30ab0dff15446e9d346d9dbd95992de0fef795073f5ea83a81c?s=96&d=mm&r=g","caption":"La Gu\u00eda de Pamplona"}}]}},"post_mailing_queue_ids":[],"_links":{"self":[{"href":"https:\/\/www.laguiadepamplona.com\/actualidad\/wp-json\/wp\/v2\/posts\/52022","targetHints":{"allow":["GET"]}}],"collection":[{"href":"https:\/\/www.laguiadepamplona.com\/actualidad\/wp-json\/wp\/v2\/posts"}],"about":[{"href":"https:\/\/www.laguiadepamplona.com\/actualidad\/wp-json\/wp\/v2\/types\/post"}],"author":[{"embeddable":true,"href":"https:\/\/www.laguiadepamplona.com\/actualidad\/wp-json\/wp\/v2\/users\/1"}],"replies":[{"embeddable":true,"href":"https:\/\/www.laguiadepamplona.com\/actualidad\/wp-json\/wp\/v2\/comments?post=52022"}],"version-history":[{"count":1,"href":"https:\/\/www.laguiadepamplona.com\/actualidad\/wp-json\/wp\/v2\/posts\/52022\/revisions"}],"predecessor-version":[{"id":52024,"href":"https:\/\/www.laguiadepamplona.com\/actualidad\/wp-json\/wp\/v2\/posts\/52022\/revisions\/52024"}],"wp:featuredmedia":[{"embeddable":true,"href":"https:\/\/www.laguiadepamplona.com\/actualidad\/wp-json\/wp\/v2\/media\/52023"}],"wp:attachment":[{"href":"https:\/\/www.laguiadepamplona.com\/actualidad\/wp-json\/wp\/v2\/media?parent=52022"}],"wp:term":[{"taxonomy":"category","embeddable":true,"href":"https:\/\/www.laguiadepamplona.com\/actualidad\/wp-json\/wp\/v2\/categories?post=52022"},{"taxonomy":"post_tag","embeddable":true,"href":"https:\/\/www.laguiadepamplona.com\/actualidad\/wp-json\/wp\/v2\/tags?post=52022"}],"curies":[{"name":"wp","href":"https:\/\/api.w.org\/{rel}","templated":true}]}}