{"id":52019,"date":"2025-02-06T17:50:28","date_gmt":"2025-02-06T15:50:28","guid":{"rendered":"https:\/\/www.laguiadepamplona.com\/actualidad\/?p=52019"},"modified":"2025-02-06T17:50:28","modified_gmt":"2025-02-06T15:50:28","slug":"el-ayuntamiento-de-pamplona-presenta-dos-guias-contra-el-desperdicio-alimentario-y-los-envases-de-un-solo-uso-destinadas-al-comercio-local-y-a-quienes-compran-en-el","status":"publish","type":"post","link":"https:\/\/www.laguiadepamplona.com\/actualidad\/el-ayuntamiento-de-pamplona-presenta-dos-guias-contra-el-desperdicio-alimentario-y-los-envases-de-un-solo-uso-destinadas-al-comercio-local-y-a-quienes-compran-en-el\/","title":{"rendered":"El Ayuntamiento de Pamplona presenta dos gu\u00edas contra el desperdicio alimentario y los envases de un solo uso destinadas al comercio local y a quienes compran en \u00e9l"},"content":{"rendered":"<h2>Estos contenidos se han hecho p\u00fablicos en una jornada que ha tenido lugar esta ma\u00f1ana en la sede de la C\u00e1mara navarra de Comercio<\/h2>\n<p><!--more--><\/p>\n<p>El Ayuntamiento de Pamplona ha presentado esta ma\u00f1ana dos gu\u00edas contra el desperdicio alimentario y el empleo de envases de un solo uso, una destinada al comercio local (establecimientos peque\u00f1os y medianos) y otra dirigida a las personas consumidoras, a los hogares. Ambas gu\u00edas, buscan incrementar el conocimiento de las personas destinatarias sobre causas y consecuencias del desperdicio alimentario y el uso de envases no sostenibles, adem\u00e1s de mejorar la concienciaci\u00f3n sobre el papel que pueden adquirir quienes compran y venden en la reducci\u00f3n del desperdicio y la sostenibilidad. Su objetivo final: lograr un cambio estructural y cultural promoviendo pr\u00e1cticas sostenibles que benefician tanto al medio ambiente como a la econom\u00eda local.<\/p>\n<p>La jornada se ha desarrollado a lo largo de la ma\u00f1ana en la sede de la C\u00e1mara navarra de Comercio, entidad colaboradora en la confecci\u00f3n de unas gu\u00edas que han sido dise\u00f1adas con el apoyo externo de la consultor\u00eda Food Advisor. A lo largo del trabajo de campo realizado durante el mes de enero, se han identificado en la ciudad 29 asociaciones relacionadas con la sostenibilidad y la alimentaci\u00f3n (entre entidades de comercio, consumo, vecindarios y de car\u00e1cter social). Carlos Andr\u00e9s Uranga, director del \u00c1rea de Promoci\u00f3n Econ\u00f3mica, Proyecci\u00f3n Europea, Innovaci\u00f3n, Juventud y Cooperaci\u00f3n al Desarrollo del Ayuntamiento de Pamplona se ha encargado de la apertura de la presentaci\u00f3n de estos materiales.<\/p>\n<p>Este proyecto municipal se enmarca en el Plan de Recuperaci\u00f3n, Transformaci\u00f3n y Resiliencia, financiado por la Uni\u00f3n Europea a trav\u00e9s de los fondos NextGenerationEU. Su \u00e9xito radicar\u00e1 en su capacidad para consolidar alianzas estrat\u00e9gicas con el comercio local y en la integraci\u00f3n de consumidores como agentes activos de cambio. En ese sentido, como ponentes en la jornada de presentaci\u00f3n han participado portavoces de Banco de Alimentos de Navarra, Mancomunidad de la Comarca de Pamplona, Mercairu\u00f1a o Comiru\u00f1a, as\u00ed como de asociaciones de consumidores y comercios minoristas. Durante la jornada se ha analizado, adem\u00e1s, el estado actual de la normativa en esta materia, se han compartido iniciativas innovadoras y se han debatido los retos y oportunidades a los que se enfrenta el comercio local en 2025.<\/p>\n<p><strong>Soluciones pr\u00e1cticas para problemas concretos<\/strong><\/p>\n<p>Las gu\u00edas est\u00e1n dise\u00f1adas espec\u00edficamente para ofrecer soluciones pr\u00e1cticas y adaptadas a la realidad del sector comercial, por un lado, y a la de consumo, por otro. La destinada al comercio se ha centrado en pr\u00e1cticas de gesti\u00f3n eficiente de inventarios, optimizaci\u00f3n del uso de productos y la implementaci\u00f3n de estrategias sostenibles en los puntos de venta. Para las personas consumidoras, en el material se ha incluido informaci\u00f3n sobre c\u00f3mo reducir el desperdicio en el hogar, promover el consumo responsable y aprovechar mejor los alimentos disponibles. Estos materiales incluyen gr\u00e1ficos, diagramas y ejemplos visuales que facilitan la comprensi\u00f3n de los conceptos clave y las mejores pr\u00e1cticas.<\/p>\n<p>Se estima que las gu\u00edas incrementar\u00e1n la concienciaci\u00f3n frente al desperdicio en m\u00e1s de un 80%, en la mejora de gesti\u00f3n de excedente (70% en comercio y 50% en hogares) e incidir\u00e1n en tambi\u00e9n una reducci\u00f3n de entre un 40 y un 60% en el uso de envases pl\u00e1stico no compostables. Adem\u00e1s, a largo plazo, se trata de que la expansi\u00f3n de estos contenidos contribuya a una mejora de la gesti\u00f3n de recursos, a la disminuci\u00f3n el impacto ambiental y a generar una mayor conciencia comunitaria. Las gu\u00edas recomiendan que las acciones pautadas se integren de manera estructural en las pol\u00edticas locales, permitiendo su r\u00e9plica en otras regiones y sectores.<\/p>\n<p>Las gu\u00edas estar\u00e1n disponibles para su descarga y consulta en la web municipal, en este <a href=\"https:\/\/www.pamplona.es\/comercio\/proyectos-plan-de-recuperacion-transformacion-y-resiliencia\" target=\"_blank\" rel=\"noopener\">apartado de Comercio<\/a>.<\/p>\n<p>Estas gu\u00edas ir\u00e1n, adem\u00e1s, acompa\u00f1adas de un proceso de capacitaci\u00f3n continua para comerciantes y consumidores mediante talleres y programas espec\u00edficos.<\/p>\n<p><strong>Objetivos \u201cGlocales\u201d<\/strong><\/p>\n<p>La lucha contra el desperdicio alimentario y el empleo de envases de un solo uso es una l\u00ednea de trabajo y preocupaci\u00f3n mundial. Este proyecto se alinea con los Objetivos de Desarrollo Sostenible (ODS), en particular el ODS 2 (Hambre cero), ODS 12 (Producci\u00f3n y consumo responsables), ODS 13 (Acci\u00f3n por el clima), y ODS 17 (Alianzas para lograr los objetivos), generando una red de comercios locales comprometidos con la sostenibilidad y la reducci\u00f3n del desperdicio.<\/p>\n<p>Pero, adem\u00e1s, tambi\u00e9n vienen a apoyar regulaciones, pol\u00edticas y estrategias clave de Navarra, como la Agenda Navarra del Desperdicio Alimentario, la Estrategia Navarra de Econom\u00eda Circular, la Ley Foral 14\/2018 de Navarra sobre la prevenci\u00f3n de residuos, y los principios del programa Navarra Zirkular, que promueven de forma general la reducci\u00f3n de residuos, la sostenibilidad y la transici\u00f3n hacia una econom\u00eda circular. Esta medida se inscribe dentro de la estrategia municipal Agenda Urbana de Pamplona 2030.<\/p>\n","protected":false},"excerpt":{"rendered":"<p>Estos contenidos se han hecho p\u00fablicos en una jornada que ha tenido lugar esta ma\u00f1ana en la sede de la C\u00e1mara navarra de Comercio<\/p>\n","protected":false},"author":1,"featured_media":52020,"comment_status":"open","ping_status":"closed","sticky":false,"template":"","format":"standard","meta":{"footnotes":""},"categories":[2],"tags":[],"class_list":["post-52019","post","type-post","status-publish","format-standard","has-post-thumbnail","hentry","category-ayuntamiento-pamplona"],"yoast_head":"<!-- This site is optimized with the Yoast SEO plugin v27.3 - https:\/\/yoast.com\/product\/yoast-seo-wordpress\/ -->\n<title>El Ayuntamiento de Pamplona presenta dos gu\u00edas contra el desperdicio alimentario y los envases de un solo uso destinadas al comercio local y a quienes compran en \u00e9l<\/title>\n<meta name=\"description\" content=\"Estos contenidos se han hecho p\u00fablicos en una jornada que ha tenido lugar esta ma\u00f1ana en la sede de la C\u00e1mara navarra de Comercio\" \/>\n<meta name=\"robots\" content=\"index, follow, max-snippet:-1, max-image-preview:large, max-video-preview:-1\" \/>\n<link rel=\"canonical\" href=\"https:\/\/www.laguiadepamplona.com\/actualidad\/el-ayuntamiento-de-pamplona-presenta-dos-guias-contra-el-desperdicio-alimentario-y-los-envases-de-un-solo-uso-destinadas-al-comercio-local-y-a-quienes-compran-en-el\/\" \/>\n<meta property=\"og:locale\" content=\"es_ES\" \/>\n<meta property=\"og:type\" content=\"article\" \/>\n<meta property=\"og:title\" content=\"El Ayuntamiento de Pamplona presenta dos gu\u00edas contra el desperdicio alimentario y los envases de un solo uso destinadas al comercio local y a quienes compran en \u00e9l\" \/>\n<meta property=\"og:description\" content=\"Estos contenidos se han hecho p\u00fablicos en una jornada que ha tenido lugar esta ma\u00f1ana en la sede de la C\u00e1mara navarra de Comercio\" \/>\n<meta property=\"og:url\" content=\"https:\/\/www.laguiadepamplona.com\/actualidad\/el-ayuntamiento-de-pamplona-presenta-dos-guias-contra-el-desperdicio-alimentario-y-los-envases-de-un-solo-uso-destinadas-al-comercio-local-y-a-quienes-compran-en-el\/\" \/>\n<meta property=\"og:site_name\" content=\"La Gu\u00eda de Pamplona\" \/>\n<meta property=\"article:publisher\" content=\"https:\/\/www.facebook.com\/laguiadepamplonacom-133175176762273\/?ref=hl\" \/>\n<meta property=\"article:published_time\" content=\"2025-02-06T15:50:28+00:00\" \/>\n<meta property=\"og:image\" content=\"https:\/\/www.laguiadepamplona.com\/actualidad\/wp-content\/uploads\/2025\/02\/desperdicio.webp\" \/>\n\t<meta property=\"og:image:width\" content=\"1000\" \/>\n\t<meta property=\"og:image:height\" content=\"449\" \/>\n\t<meta property=\"og:image:type\" content=\"image\/webp\" \/>\n<meta name=\"author\" content=\"La Gu\u00eda de Pamplona\" \/>\n<meta name=\"twitter:card\" content=\"summary_large_image\" \/>\n<meta name=\"twitter:creator\" content=\"@LaGuiadPamplona\" \/>\n<meta name=\"twitter:site\" content=\"@LaGuiadPamplona\" \/>\n<meta name=\"twitter:label1\" content=\"Escrito por\" \/>\n\t<meta name=\"twitter:data1\" content=\"La Gu\u00eda de Pamplona\" \/>\n\t<meta name=\"twitter:label2\" content=\"Tiempo de lectura\" \/>\n\t<meta name=\"twitter:data2\" content=\"4 minutos\" \/>\n<script type=\"application\/ld+json\" class=\"yoast-schema-graph\">{\"@context\":\"https:\\\/\\\/schema.org\",\"@graph\":[{\"@type\":\"Article\",\"@id\":\"https:\\\/\\\/www.laguiadepamplona.com\\\/actualidad\\\/el-ayuntamiento-de-pamplona-presenta-dos-guias-contra-el-desperdicio-alimentario-y-los-envases-de-un-solo-uso-destinadas-al-comercio-local-y-a-quienes-compran-en-el\\\/#article\",\"isPartOf\":{\"@id\":\"https:\\\/\\\/www.laguiadepamplona.com\\\/actualidad\\\/el-ayuntamiento-de-pamplona-presenta-dos-guias-contra-el-desperdicio-alimentario-y-los-envases-de-un-solo-uso-destinadas-al-comercio-local-y-a-quienes-compran-en-el\\\/\"},\"author\":{\"name\":\"La Gu\u00eda de Pamplona\",\"@id\":\"https:\\\/\\\/www.laguiadepamplona.com\\\/actualidad\\\/#\\\/schema\\\/person\\\/efe887376f0213d4657c93adc50b1fdb\"},\"headline\":\"El Ayuntamiento de Pamplona presenta dos gu\u00edas contra el desperdicio alimentario y los envases de un solo uso destinadas al comercio local y a quienes compran en \u00e9l\",\"datePublished\":\"2025-02-06T15:50:28+00:00\",\"mainEntityOfPage\":{\"@id\":\"https:\\\/\\\/www.laguiadepamplona.com\\\/actualidad\\\/el-ayuntamiento-de-pamplona-presenta-dos-guias-contra-el-desperdicio-alimentario-y-los-envases-de-un-solo-uso-destinadas-al-comercio-local-y-a-quienes-compran-en-el\\\/\"},\"wordCount\":891,\"commentCount\":0,\"publisher\":{\"@id\":\"https:\\\/\\\/www.laguiadepamplona.com\\\/actualidad\\\/#organization\"},\"image\":{\"@id\":\"https:\\\/\\\/www.laguiadepamplona.com\\\/actualidad\\\/el-ayuntamiento-de-pamplona-presenta-dos-guias-contra-el-desperdicio-alimentario-y-los-envases-de-un-solo-uso-destinadas-al-comercio-local-y-a-quienes-compran-en-el\\\/#primaryimage\"},\"thumbnailUrl\":\"https:\\\/\\\/www.laguiadepamplona.com\\\/actualidad\\\/wp-content\\\/uploads\\\/2025\\\/02\\\/desperdicio.webp\",\"articleSection\":[\"Ayto Pamplona\"],\"inLanguage\":\"es\",\"potentialAction\":[{\"@type\":\"CommentAction\",\"name\":\"Comment\",\"target\":[\"https:\\\/\\\/www.laguiadepamplona.com\\\/actualidad\\\/el-ayuntamiento-de-pamplona-presenta-dos-guias-contra-el-desperdicio-alimentario-y-los-envases-de-un-solo-uso-destinadas-al-comercio-local-y-a-quienes-compran-en-el\\\/#respond\"]}]},{\"@type\":\"WebPage\",\"@id\":\"https:\\\/\\\/www.laguiadepamplona.com\\\/actualidad\\\/el-ayuntamiento-de-pamplona-presenta-dos-guias-contra-el-desperdicio-alimentario-y-los-envases-de-un-solo-uso-destinadas-al-comercio-local-y-a-quienes-compran-en-el\\\/\",\"url\":\"https:\\\/\\\/www.laguiadepamplona.com\\\/actualidad\\\/el-ayuntamiento-de-pamplona-presenta-dos-guias-contra-el-desperdicio-alimentario-y-los-envases-de-un-solo-uso-destinadas-al-comercio-local-y-a-quienes-compran-en-el\\\/\",\"name\":\"El Ayuntamiento de Pamplona presenta dos gu\u00edas contra el desperdicio alimentario y los envases de un solo uso destinadas al comercio local y a quienes compran en \u00e9l\",\"isPartOf\":{\"@id\":\"https:\\\/\\\/www.laguiadepamplona.com\\\/actualidad\\\/#website\"},\"primaryImageOfPage\":{\"@id\":\"https:\\\/\\\/www.laguiadepamplona.com\\\/actualidad\\\/el-ayuntamiento-de-pamplona-presenta-dos-guias-contra-el-desperdicio-alimentario-y-los-envases-de-un-solo-uso-destinadas-al-comercio-local-y-a-quienes-compran-en-el\\\/#primaryimage\"},\"image\":{\"@id\":\"https:\\\/\\\/www.laguiadepamplona.com\\\/actualidad\\\/el-ayuntamiento-de-pamplona-presenta-dos-guias-contra-el-desperdicio-alimentario-y-los-envases-de-un-solo-uso-destinadas-al-comercio-local-y-a-quienes-compran-en-el\\\/#primaryimage\"},\"thumbnailUrl\":\"https:\\\/\\\/www.laguiadepamplona.com\\\/actualidad\\\/wp-content\\\/uploads\\\/2025\\\/02\\\/desperdicio.webp\",\"datePublished\":\"2025-02-06T15:50:28+00:00\",\"description\":\"Estos contenidos se han hecho p\u00fablicos en una jornada que ha tenido lugar esta ma\u00f1ana en la sede de la C\u00e1mara navarra de Comercio\",\"breadcrumb\":{\"@id\":\"https:\\\/\\\/www.laguiadepamplona.com\\\/actualidad\\\/el-ayuntamiento-de-pamplona-presenta-dos-guias-contra-el-desperdicio-alimentario-y-los-envases-de-un-solo-uso-destinadas-al-comercio-local-y-a-quienes-compran-en-el\\\/#breadcrumb\"},\"inLanguage\":\"es\",\"potentialAction\":[{\"@type\":\"ReadAction\",\"target\":[\"https:\\\/\\\/www.laguiadepamplona.com\\\/actualidad\\\/el-ayuntamiento-de-pamplona-presenta-dos-guias-contra-el-desperdicio-alimentario-y-los-envases-de-un-solo-uso-destinadas-al-comercio-local-y-a-quienes-compran-en-el\\\/\"]}]},{\"@type\":\"ImageObject\",\"inLanguage\":\"es\",\"@id\":\"https:\\\/\\\/www.laguiadepamplona.com\\\/actualidad\\\/el-ayuntamiento-de-pamplona-presenta-dos-guias-contra-el-desperdicio-alimentario-y-los-envases-de-un-solo-uso-destinadas-al-comercio-local-y-a-quienes-compran-en-el\\\/#primaryimage\",\"url\":\"https:\\\/\\\/www.laguiadepamplona.com\\\/actualidad\\\/wp-content\\\/uploads\\\/2025\\\/02\\\/desperdicio.webp\",\"contentUrl\":\"https:\\\/\\\/www.laguiadepamplona.com\\\/actualidad\\\/wp-content\\\/uploads\\\/2025\\\/02\\\/desperdicio.webp\",\"width\":1000,\"height\":449,\"caption\":\"gu\u00eda desperdicios comercios\"},{\"@type\":\"BreadcrumbList\",\"@id\":\"https:\\\/\\\/www.laguiadepamplona.com\\\/actualidad\\\/el-ayuntamiento-de-pamplona-presenta-dos-guias-contra-el-desperdicio-alimentario-y-los-envases-de-un-solo-uso-destinadas-al-comercio-local-y-a-quienes-compran-en-el\\\/#breadcrumb\",\"itemListElement\":[{\"@type\":\"ListItem\",\"position\":1,\"name\":\"Portada\",\"item\":\"https:\\\/\\\/www.laguiadepamplona.com\\\/actualidad\\\/\"},{\"@type\":\"ListItem\",\"position\":2,\"name\":\"El Ayuntamiento de Pamplona presenta dos gu\u00edas contra el desperdicio alimentario y los envases de un solo uso destinadas al comercio local y a quienes compran en \u00e9l\"}]},{\"@type\":\"WebSite\",\"@id\":\"https:\\\/\\\/www.laguiadepamplona.com\\\/actualidad\\\/#website\",\"url\":\"https:\\\/\\\/www.laguiadepamplona.com\\\/actualidad\\\/\",\"name\":\"La gu\u00eda de Pamplona\",\"description\":\"Noticias de Pamplona\",\"publisher\":{\"@id\":\"https:\\\/\\\/www.laguiadepamplona.com\\\/actualidad\\\/#organization\"},\"potentialAction\":[{\"@type\":\"SearchAction\",\"target\":{\"@type\":\"EntryPoint\",\"urlTemplate\":\"https:\\\/\\\/www.laguiadepamplona.com\\\/actualidad\\\/?s={search_term_string}\"},\"query-input\":{\"@type\":\"PropertyValueSpecification\",\"valueRequired\":true,\"valueName\":\"search_term_string\"}}],\"inLanguage\":\"es\"},{\"@type\":\"Organization\",\"@id\":\"https:\\\/\\\/www.laguiadepamplona.com\\\/actualidad\\\/#organization\",\"name\":\"La Gu\u00eda de Pamplona \\\/ Noticias\",\"url\":\"https:\\\/\\\/www.laguiadepamplona.com\\\/actualidad\\\/\",\"logo\":{\"@type\":\"ImageObject\",\"inLanguage\":\"es\",\"@id\":\"https:\\\/\\\/www.laguiadepamplona.com\\\/actualidad\\\/#\\\/schema\\\/logo\\\/image\\\/\",\"url\":\"https:\\\/\\\/www.laguiadepamplona.com\\\/actualidad\\\/wp-content\\\/uploads\\\/2018\\\/11\\\/logo-laguiadepamplona18-web1.png\",\"contentUrl\":\"https:\\\/\\\/www.laguiadepamplona.com\\\/actualidad\\\/wp-content\\\/uploads\\\/2018\\\/11\\\/logo-laguiadepamplona18-web1.png\",\"width\":600,\"height\":196,\"caption\":\"La Gu\u00eda de Pamplona \\\/ Noticias\"},\"image\":{\"@id\":\"https:\\\/\\\/www.laguiadepamplona.com\\\/actualidad\\\/#\\\/schema\\\/logo\\\/image\\\/\"},\"sameAs\":[\"https:\\\/\\\/www.facebook.com\\\/laguiadepamplonacom-133175176762273\\\/?ref=hl\",\"https:\\\/\\\/x.com\\\/LaGuiadPamplona\",\"https:\\\/\\\/www.instagram.com\\\/la_guia_de_pamplona\\\/\",\"https:\\\/\\\/www.youtube.com\\\/user\\\/laguiadepamplona\"]},{\"@type\":\"Person\",\"@id\":\"https:\\\/\\\/www.laguiadepamplona.com\\\/actualidad\\\/#\\\/schema\\\/person\\\/efe887376f0213d4657c93adc50b1fdb\",\"name\":\"La Gu\u00eda de Pamplona\",\"image\":{\"@type\":\"ImageObject\",\"inLanguage\":\"es\",\"@id\":\"https:\\\/\\\/secure.gravatar.com\\\/avatar\\\/b6992f131dc8d30ab0dff15446e9d346d9dbd95992de0fef795073f5ea83a81c?s=96&d=mm&r=g\",\"url\":\"https:\\\/\\\/secure.gravatar.com\\\/avatar\\\/b6992f131dc8d30ab0dff15446e9d346d9dbd95992de0fef795073f5ea83a81c?s=96&d=mm&r=g\",\"contentUrl\":\"https:\\\/\\\/secure.gravatar.com\\\/avatar\\\/b6992f131dc8d30ab0dff15446e9d346d9dbd95992de0fef795073f5ea83a81c?s=96&d=mm&r=g\",\"caption\":\"La Gu\u00eda de Pamplona\"}}]}<\/script>\n<!-- \/ Yoast SEO plugin. -->","yoast_head_json":{"title":"El Ayuntamiento de Pamplona presenta dos gu\u00edas contra el desperdicio alimentario y los envases de un solo uso destinadas al comercio local y a quienes compran en \u00e9l","description":"Estos contenidos se han hecho p\u00fablicos en una jornada que ha tenido lugar esta ma\u00f1ana en la sede de la C\u00e1mara navarra de Comercio","robots":{"index":"index","follow":"follow","max-snippet":"max-snippet:-1","max-image-preview":"max-image-preview:large","max-video-preview":"max-video-preview:-1"},"canonical":"https:\/\/www.laguiadepamplona.com\/actualidad\/el-ayuntamiento-de-pamplona-presenta-dos-guias-contra-el-desperdicio-alimentario-y-los-envases-de-un-solo-uso-destinadas-al-comercio-local-y-a-quienes-compran-en-el\/","og_locale":"es_ES","og_type":"article","og_title":"El Ayuntamiento de Pamplona presenta dos gu\u00edas contra el desperdicio alimentario y los envases de un solo uso destinadas al comercio local y a quienes compran en \u00e9l","og_description":"Estos contenidos se han hecho p\u00fablicos en una jornada que ha tenido lugar esta ma\u00f1ana en la sede de la C\u00e1mara navarra de Comercio","og_url":"https:\/\/www.laguiadepamplona.com\/actualidad\/el-ayuntamiento-de-pamplona-presenta-dos-guias-contra-el-desperdicio-alimentario-y-los-envases-de-un-solo-uso-destinadas-al-comercio-local-y-a-quienes-compran-en-el\/","og_site_name":"La Gu\u00eda de Pamplona","article_publisher":"https:\/\/www.facebook.com\/laguiadepamplonacom-133175176762273\/?ref=hl","article_published_time":"2025-02-06T15:50:28+00:00","og_image":[{"width":1000,"height":449,"url":"https:\/\/www.laguiadepamplona.com\/actualidad\/wp-content\/uploads\/2025\/02\/desperdicio.webp","type":"image\/webp"}],"author":"La Gu\u00eda de Pamplona","twitter_card":"summary_large_image","twitter_creator":"@LaGuiadPamplona","twitter_site":"@LaGuiadPamplona","twitter_misc":{"Escrito por":"La Gu\u00eda de Pamplona","Tiempo de lectura":"4 minutos"},"schema":{"@context":"https:\/\/schema.org","@graph":[{"@type":"Article","@id":"https:\/\/www.laguiadepamplona.com\/actualidad\/el-ayuntamiento-de-pamplona-presenta-dos-guias-contra-el-desperdicio-alimentario-y-los-envases-de-un-solo-uso-destinadas-al-comercio-local-y-a-quienes-compran-en-el\/#article","isPartOf":{"@id":"https:\/\/www.laguiadepamplona.com\/actualidad\/el-ayuntamiento-de-pamplona-presenta-dos-guias-contra-el-desperdicio-alimentario-y-los-envases-de-un-solo-uso-destinadas-al-comercio-local-y-a-quienes-compran-en-el\/"},"author":{"name":"La Gu\u00eda de Pamplona","@id":"https:\/\/www.laguiadepamplona.com\/actualidad\/#\/schema\/person\/efe887376f0213d4657c93adc50b1fdb"},"headline":"El Ayuntamiento de Pamplona presenta dos gu\u00edas contra el desperdicio alimentario y los envases de un solo uso destinadas al comercio local y a quienes compran en \u00e9l","datePublished":"2025-02-06T15:50:28+00:00","mainEntityOfPage":{"@id":"https:\/\/www.laguiadepamplona.com\/actualidad\/el-ayuntamiento-de-pamplona-presenta-dos-guias-contra-el-desperdicio-alimentario-y-los-envases-de-un-solo-uso-destinadas-al-comercio-local-y-a-quienes-compran-en-el\/"},"wordCount":891,"commentCount":0,"publisher":{"@id":"https:\/\/www.laguiadepamplona.com\/actualidad\/#organization"},"image":{"@id":"https:\/\/www.laguiadepamplona.com\/actualidad\/el-ayuntamiento-de-pamplona-presenta-dos-guias-contra-el-desperdicio-alimentario-y-los-envases-de-un-solo-uso-destinadas-al-comercio-local-y-a-quienes-compran-en-el\/#primaryimage"},"thumbnailUrl":"https:\/\/www.laguiadepamplona.com\/actualidad\/wp-content\/uploads\/2025\/02\/desperdicio.webp","articleSection":["Ayto Pamplona"],"inLanguage":"es","potentialAction":[{"@type":"CommentAction","name":"Comment","target":["https:\/\/www.laguiadepamplona.com\/actualidad\/el-ayuntamiento-de-pamplona-presenta-dos-guias-contra-el-desperdicio-alimentario-y-los-envases-de-un-solo-uso-destinadas-al-comercio-local-y-a-quienes-compran-en-el\/#respond"]}]},{"@type":"WebPage","@id":"https:\/\/www.laguiadepamplona.com\/actualidad\/el-ayuntamiento-de-pamplona-presenta-dos-guias-contra-el-desperdicio-alimentario-y-los-envases-de-un-solo-uso-destinadas-al-comercio-local-y-a-quienes-compran-en-el\/","url":"https:\/\/www.laguiadepamplona.com\/actualidad\/el-ayuntamiento-de-pamplona-presenta-dos-guias-contra-el-desperdicio-alimentario-y-los-envases-de-un-solo-uso-destinadas-al-comercio-local-y-a-quienes-compran-en-el\/","name":"El Ayuntamiento de Pamplona presenta dos gu\u00edas contra el desperdicio alimentario y los envases de un solo uso destinadas al comercio local y a quienes compran en \u00e9l","isPartOf":{"@id":"https:\/\/www.laguiadepamplona.com\/actualidad\/#website"},"primaryImageOfPage":{"@id":"https:\/\/www.laguiadepamplona.com\/actualidad\/el-ayuntamiento-de-pamplona-presenta-dos-guias-contra-el-desperdicio-alimentario-y-los-envases-de-un-solo-uso-destinadas-al-comercio-local-y-a-quienes-compran-en-el\/#primaryimage"},"image":{"@id":"https:\/\/www.laguiadepamplona.com\/actualidad\/el-ayuntamiento-de-pamplona-presenta-dos-guias-contra-el-desperdicio-alimentario-y-los-envases-de-un-solo-uso-destinadas-al-comercio-local-y-a-quienes-compran-en-el\/#primaryimage"},"thumbnailUrl":"https:\/\/www.laguiadepamplona.com\/actualidad\/wp-content\/uploads\/2025\/02\/desperdicio.webp","datePublished":"2025-02-06T15:50:28+00:00","description":"Estos contenidos se han hecho p\u00fablicos en una jornada que ha tenido lugar esta ma\u00f1ana en la sede de la C\u00e1mara navarra de Comercio","breadcrumb":{"@id":"https:\/\/www.laguiadepamplona.com\/actualidad\/el-ayuntamiento-de-pamplona-presenta-dos-guias-contra-el-desperdicio-alimentario-y-los-envases-de-un-solo-uso-destinadas-al-comercio-local-y-a-quienes-compran-en-el\/#breadcrumb"},"inLanguage":"es","potentialAction":[{"@type":"ReadAction","target":["https:\/\/www.laguiadepamplona.com\/actualidad\/el-ayuntamiento-de-pamplona-presenta-dos-guias-contra-el-desperdicio-alimentario-y-los-envases-de-un-solo-uso-destinadas-al-comercio-local-y-a-quienes-compran-en-el\/"]}]},{"@type":"ImageObject","inLanguage":"es","@id":"https:\/\/www.laguiadepamplona.com\/actualidad\/el-ayuntamiento-de-pamplona-presenta-dos-guias-contra-el-desperdicio-alimentario-y-los-envases-de-un-solo-uso-destinadas-al-comercio-local-y-a-quienes-compran-en-el\/#primaryimage","url":"https:\/\/www.laguiadepamplona.com\/actualidad\/wp-content\/uploads\/2025\/02\/desperdicio.webp","contentUrl":"https:\/\/www.laguiadepamplona.com\/actualidad\/wp-content\/uploads\/2025\/02\/desperdicio.webp","width":1000,"height":449,"caption":"gu\u00eda desperdicios comercios"},{"@type":"BreadcrumbList","@id":"https:\/\/www.laguiadepamplona.com\/actualidad\/el-ayuntamiento-de-pamplona-presenta-dos-guias-contra-el-desperdicio-alimentario-y-los-envases-de-un-solo-uso-destinadas-al-comercio-local-y-a-quienes-compran-en-el\/#breadcrumb","itemListElement":[{"@type":"ListItem","position":1,"name":"Portada","item":"https:\/\/www.laguiadepamplona.com\/actualidad\/"},{"@type":"ListItem","position":2,"name":"El Ayuntamiento de Pamplona presenta dos gu\u00edas contra el desperdicio alimentario y los envases de un solo uso destinadas al comercio local y a quienes compran en \u00e9l"}]},{"@type":"WebSite","@id":"https:\/\/www.laguiadepamplona.com\/actualidad\/#website","url":"https:\/\/www.laguiadepamplona.com\/actualidad\/","name":"La gu\u00eda de Pamplona","description":"Noticias de Pamplona","publisher":{"@id":"https:\/\/www.laguiadepamplona.com\/actualidad\/#organization"},"potentialAction":[{"@type":"SearchAction","target":{"@type":"EntryPoint","urlTemplate":"https:\/\/www.laguiadepamplona.com\/actualidad\/?s={search_term_string}"},"query-input":{"@type":"PropertyValueSpecification","valueRequired":true,"valueName":"search_term_string"}}],"inLanguage":"es"},{"@type":"Organization","@id":"https:\/\/www.laguiadepamplona.com\/actualidad\/#organization","name":"La Gu\u00eda de Pamplona \/ Noticias","url":"https:\/\/www.laguiadepamplona.com\/actualidad\/","logo":{"@type":"ImageObject","inLanguage":"es","@id":"https:\/\/www.laguiadepamplona.com\/actualidad\/#\/schema\/logo\/image\/","url":"https:\/\/www.laguiadepamplona.com\/actualidad\/wp-content\/uploads\/2018\/11\/logo-laguiadepamplona18-web1.png","contentUrl":"https:\/\/www.laguiadepamplona.com\/actualidad\/wp-content\/uploads\/2018\/11\/logo-laguiadepamplona18-web1.png","width":600,"height":196,"caption":"La Gu\u00eda de Pamplona \/ Noticias"},"image":{"@id":"https:\/\/www.laguiadepamplona.com\/actualidad\/#\/schema\/logo\/image\/"},"sameAs":["https:\/\/www.facebook.com\/laguiadepamplonacom-133175176762273\/?ref=hl","https:\/\/x.com\/LaGuiadPamplona","https:\/\/www.instagram.com\/la_guia_de_pamplona\/","https:\/\/www.youtube.com\/user\/laguiadepamplona"]},{"@type":"Person","@id":"https:\/\/www.laguiadepamplona.com\/actualidad\/#\/schema\/person\/efe887376f0213d4657c93adc50b1fdb","name":"La Gu\u00eda de Pamplona","image":{"@type":"ImageObject","inLanguage":"es","@id":"https:\/\/secure.gravatar.com\/avatar\/b6992f131dc8d30ab0dff15446e9d346d9dbd95992de0fef795073f5ea83a81c?s=96&d=mm&r=g","url":"https:\/\/secure.gravatar.com\/avatar\/b6992f131dc8d30ab0dff15446e9d346d9dbd95992de0fef795073f5ea83a81c?s=96&d=mm&r=g","contentUrl":"https:\/\/secure.gravatar.com\/avatar\/b6992f131dc8d30ab0dff15446e9d346d9dbd95992de0fef795073f5ea83a81c?s=96&d=mm&r=g","caption":"La Gu\u00eda de Pamplona"}}]}},"post_mailing_queue_ids":[],"_links":{"self":[{"href":"https:\/\/www.laguiadepamplona.com\/actualidad\/wp-json\/wp\/v2\/posts\/52019","targetHints":{"allow":["GET"]}}],"collection":[{"href":"https:\/\/www.laguiadepamplona.com\/actualidad\/wp-json\/wp\/v2\/posts"}],"about":[{"href":"https:\/\/www.laguiadepamplona.com\/actualidad\/wp-json\/wp\/v2\/types\/post"}],"author":[{"embeddable":true,"href":"https:\/\/www.laguiadepamplona.com\/actualidad\/wp-json\/wp\/v2\/users\/1"}],"replies":[{"embeddable":true,"href":"https:\/\/www.laguiadepamplona.com\/actualidad\/wp-json\/wp\/v2\/comments?post=52019"}],"version-history":[{"count":1,"href":"https:\/\/www.laguiadepamplona.com\/actualidad\/wp-json\/wp\/v2\/posts\/52019\/revisions"}],"predecessor-version":[{"id":52021,"href":"https:\/\/www.laguiadepamplona.com\/actualidad\/wp-json\/wp\/v2\/posts\/52019\/revisions\/52021"}],"wp:featuredmedia":[{"embeddable":true,"href":"https:\/\/www.laguiadepamplona.com\/actualidad\/wp-json\/wp\/v2\/media\/52020"}],"wp:attachment":[{"href":"https:\/\/www.laguiadepamplona.com\/actualidad\/wp-json\/wp\/v2\/media?parent=52019"}],"wp:term":[{"taxonomy":"category","embeddable":true,"href":"https:\/\/www.laguiadepamplona.com\/actualidad\/wp-json\/wp\/v2\/categories?post=52019"},{"taxonomy":"post_tag","embeddable":true,"href":"https:\/\/www.laguiadepamplona.com\/actualidad\/wp-json\/wp\/v2\/tags?post=52019"}],"curies":[{"name":"wp","href":"https:\/\/api.w.org\/{rel}","templated":true}]}}