{"id":52008,"date":"2025-02-05T16:41:10","date_gmt":"2025-02-05T14:41:10","guid":{"rendered":"https:\/\/www.laguiadepamplona.com\/actualidad\/?p=52008"},"modified":"2025-02-05T16:41:10","modified_gmt":"2025-02-05T14:41:10","slug":"pamplona-presentara-el-13-de-marzo-su-plan-de-infraestructura-verde-y-azul-en-una-jornada-abierta-a-la-ciudadania-en-condestable","status":"publish","type":"post","link":"https:\/\/www.laguiadepamplona.com\/actualidad\/pamplona-presentara-el-13-de-marzo-su-plan-de-infraestructura-verde-y-azul-en-una-jornada-abierta-a-la-ciudadania-en-condestable\/","title":{"rendered":"Pamplona presentar\u00e1 el 13 de marzo su Plan de Infraestructura Verde y Azul en una jornada abierta a la ciudadan\u00eda en Condestable"},"content":{"rendered":"<h2>El plan, con proceso participativo incluido, incorpora a la planificaci\u00f3n urbana criterios de sostenibilidad y adaptaci\u00f3n al cambio clim\u00e1tico<\/h2>\n<p><!--more--><\/p>\n<p>Despu\u00e9s de meses de trabajo y de un intenso proceso participativo, el Ayuntamiento de Pamplona presentar\u00e1 a la ciudadan\u00eda en el mes de marzo el Plan de Infraestructura Verde y Azul y Drenaje Urbano Sostenible. El plan incorpora en la planificaci\u00f3n urbana criterios de sostenibilidad y de adaptaci\u00f3n al cambio clim\u00e1tico y soluciones basadas en la naturaleza, adem\u00e1s de promover 25 memorias valoradas para el desarrollo futuro de diferentes proyectos. La jornada tendr\u00e1 lugar el jueves 13 de marzo, a las 19 horas, en Civivox Condestable.<\/p>\n<p>Las inscripciones est\u00e1n ya abiertas a trav\u00e9s del tel\u00e9fono 010 \u2013 948 420 100 o cumplimentando un <a href=\"https:\/\/docs.google.com\/forms\/d\/e\/1FAIpQLSfO48AQ4OYyhVO-1QS7G5mSyZh466gecx8CkUgkjVjOJCo4tw\/viewform\" target=\"_blank\" rel=\"noopener\">formulario online<\/a>. La jornada contempla dos ponencias, una sobre la importancia de la conservaci\u00f3n de la biodiversidad en entornos urbanos para la salud humana que ofrecer\u00e1 personal t\u00e9cnico de la Fundaci\u00f3n Biodiversidad y otra de presentaci\u00f3n del Plan de Infraestructura Verde y Azul, que impartir\u00e1 la t\u00e9cnica municipal de Medio Ambiente, Marta Torres Gonz\u00e1lez. Tras las charlas, se celebrar\u00e1 un debate coloquio en el que podr\u00e1 intervenir el p\u00fablico.<\/p>\n<p>El Plan de Infraestructura Verde y Azul forma parte de las acciones que se est\u00e1n desarrollando dentro del proyecto RUNA 2025, que ha obtenido 2,7 millones de euros en la convocatoria de ayudas de la Fundaci\u00f3n Biodiversidad del Ministerio para la Transici\u00f3n Ecol\u00f3gica y el Reto Demogr\u00e1fico (MITECO), en el marco del Plan de Recuperaci\u00f3n, Transformaci\u00f3n y Resiliencia, financiado por la Uni\u00f3n Europea y los fondos Next Generation EU. El plan lo han elaborado las empresas Atalaya Territorio SL y Green Blue Management, con un presupuesto de 85.365,50 euros.<\/p>\n<p><strong>Sobre el Plan de Infraestructura Verde y Azul y Drenaje Urbano Sostenible<\/strong><\/p>\n<p>El Plan de Infraestructura Verde y Azul y Estrategia de Drenaje Sostenible Urbano interviene en las pol\u00edticas municipales contra el cambio clim\u00e1tico, a trav\u00e9s de soluciones basadas en la naturaleza. El plan genera un modelo de infraestructura verde y azul, define una estrategia de drenaje urbano sostenible para aumentar la permeabilidad del suelo y propone un modelo de ordenanza municipal.<\/p>\n<p>La infraestructura verde urbana mejora la resiliencia de la ciudad frente a los nuevos escenarios clim\u00e1ticos, introduce la biodiversidad en la ciudad y aporta beneficios a las personas que viven en ella. El drenaje urbano sostenible, por su parte, trata el agua de lluvia previo al vertido al medio fluvial. Ambas infraestructuras combinadas potencian los beneficios en la trama urbana.<\/p>\n<p>El plan incluye 25 memorias valoradas de futuros proyectos en la ciudad trabajados con la participaci\u00f3n ciudadana y de personal t\u00e9cnico municipal. Esas propuestas tienen que ver con la creaci\u00f3n de nuevas zonas verdes y jardines, la renaturalizaci\u00f3n de espacios, el drenaje urbano o la generaci\u00f3n de corredores sostenibles. Cada memoria valorada consta de una descripci\u00f3n de la actuaci\u00f3n, una propuesta de intervenci\u00f3n y un presupuesto. Las actuaciones seleccionadas se reparten por todos los barrios de la ciudad.<\/p>\n","protected":false},"excerpt":{"rendered":"<p>El plan, con proceso participativo incluido, incorpora a la planificaci\u00f3n urbana criterios de sostenibilidad y adaptaci\u00f3n al cambio clim\u00e1tico<\/p>\n","protected":false},"author":1,"featured_media":52009,"comment_status":"open","ping_status":"closed","sticky":false,"template":"","format":"standard","meta":{"footnotes":""},"categories":[2],"tags":[],"class_list":["post-52008","post","type-post","status-publish","format-standard","has-post-thumbnail","hentry","category-ayuntamiento-pamplona"],"yoast_head":"<!-- This site is optimized with the Yoast SEO plugin v27.3 - https:\/\/yoast.com\/product\/yoast-seo-wordpress\/ -->\n<title>Pamplona presentar\u00e1 el 13 de marzo su Plan de Infraestructura Verde y Azul en una jornada abierta a la ciudadan\u00eda en Condestable<\/title>\n<meta name=\"description\" content=\"El plan, con proceso participativo incluido, incorpora a la planificaci\u00f3n urbana criterios de sostenibilidad y adaptaci\u00f3n al cambio clim\u00e1tico\" \/>\n<meta name=\"robots\" content=\"index, follow, max-snippet:-1, max-image-preview:large, max-video-preview:-1\" \/>\n<link rel=\"canonical\" href=\"https:\/\/www.laguiadepamplona.com\/actualidad\/pamplona-presentara-el-13-de-marzo-su-plan-de-infraestructura-verde-y-azul-en-una-jornada-abierta-a-la-ciudadania-en-condestable\/\" \/>\n<meta property=\"og:locale\" content=\"es_ES\" \/>\n<meta property=\"og:type\" content=\"article\" \/>\n<meta property=\"og:title\" content=\"Pamplona presentar\u00e1 el 13 de marzo su Plan de Infraestructura Verde y Azul en una jornada abierta a la ciudadan\u00eda en Condestable\" \/>\n<meta property=\"og:description\" content=\"El plan, con proceso participativo incluido, incorpora a la planificaci\u00f3n urbana criterios de sostenibilidad y adaptaci\u00f3n al cambio clim\u00e1tico\" \/>\n<meta property=\"og:url\" content=\"https:\/\/www.laguiadepamplona.com\/actualidad\/pamplona-presentara-el-13-de-marzo-su-plan-de-infraestructura-verde-y-azul-en-una-jornada-abierta-a-la-ciudadania-en-condestable\/\" \/>\n<meta property=\"og:site_name\" content=\"La Gu\u00eda de Pamplona\" \/>\n<meta property=\"article:publisher\" content=\"https:\/\/www.facebook.com\/laguiadepamplonacom-133175176762273\/?ref=hl\" \/>\n<meta property=\"article:published_time\" content=\"2025-02-05T14:41:10+00:00\" \/>\n<meta property=\"og:image\" content=\"https:\/\/www.laguiadepamplona.com\/actualidad\/wp-content\/uploads\/2025\/02\/Runa_web.webp\" \/>\n\t<meta property=\"og:image:width\" content=\"1000\" \/>\n\t<meta property=\"og:image:height\" content=\"662\" \/>\n\t<meta property=\"og:image:type\" content=\"image\/webp\" \/>\n<meta name=\"author\" content=\"La Gu\u00eda de Pamplona\" \/>\n<meta name=\"twitter:card\" content=\"summary_large_image\" \/>\n<meta name=\"twitter:creator\" content=\"@LaGuiadPamplona\" \/>\n<meta name=\"twitter:site\" content=\"@LaGuiadPamplona\" \/>\n<meta name=\"twitter:label1\" content=\"Escrito por\" \/>\n\t<meta name=\"twitter:data1\" content=\"La Gu\u00eda de Pamplona\" \/>\n\t<meta name=\"twitter:label2\" content=\"Tiempo de lectura\" \/>\n\t<meta name=\"twitter:data2\" content=\"3 minutos\" \/>\n<script type=\"application\/ld+json\" class=\"yoast-schema-graph\">{\"@context\":\"https:\\\/\\\/schema.org\",\"@graph\":[{\"@type\":\"Article\",\"@id\":\"https:\\\/\\\/www.laguiadepamplona.com\\\/actualidad\\\/pamplona-presentara-el-13-de-marzo-su-plan-de-infraestructura-verde-y-azul-en-una-jornada-abierta-a-la-ciudadania-en-condestable\\\/#article\",\"isPartOf\":{\"@id\":\"https:\\\/\\\/www.laguiadepamplona.com\\\/actualidad\\\/pamplona-presentara-el-13-de-marzo-su-plan-de-infraestructura-verde-y-azul-en-una-jornada-abierta-a-la-ciudadania-en-condestable\\\/\"},\"author\":{\"name\":\"La Gu\u00eda de Pamplona\",\"@id\":\"https:\\\/\\\/www.laguiadepamplona.com\\\/actualidad\\\/#\\\/schema\\\/person\\\/efe887376f0213d4657c93adc50b1fdb\"},\"headline\":\"Pamplona presentar\u00e1 el 13 de marzo su Plan de Infraestructura Verde y Azul en una jornada abierta a la ciudadan\u00eda en Condestable\",\"datePublished\":\"2025-02-05T14:41:10+00:00\",\"mainEntityOfPage\":{\"@id\":\"https:\\\/\\\/www.laguiadepamplona.com\\\/actualidad\\\/pamplona-presentara-el-13-de-marzo-su-plan-de-infraestructura-verde-y-azul-en-una-jornada-abierta-a-la-ciudadania-en-condestable\\\/\"},\"wordCount\":539,\"commentCount\":0,\"publisher\":{\"@id\":\"https:\\\/\\\/www.laguiadepamplona.com\\\/actualidad\\\/#organization\"},\"image\":{\"@id\":\"https:\\\/\\\/www.laguiadepamplona.com\\\/actualidad\\\/pamplona-presentara-el-13-de-marzo-su-plan-de-infraestructura-verde-y-azul-en-una-jornada-abierta-a-la-ciudadania-en-condestable\\\/#primaryimage\"},\"thumbnailUrl\":\"https:\\\/\\\/www.laguiadepamplona.com\\\/actualidad\\\/wp-content\\\/uploads\\\/2025\\\/02\\\/Runa_web.webp\",\"articleSection\":[\"Ayto Pamplona\"],\"inLanguage\":\"es\",\"potentialAction\":[{\"@type\":\"CommentAction\",\"name\":\"Comment\",\"target\":[\"https:\\\/\\\/www.laguiadepamplona.com\\\/actualidad\\\/pamplona-presentara-el-13-de-marzo-su-plan-de-infraestructura-verde-y-azul-en-una-jornada-abierta-a-la-ciudadania-en-condestable\\\/#respond\"]}]},{\"@type\":\"WebPage\",\"@id\":\"https:\\\/\\\/www.laguiadepamplona.com\\\/actualidad\\\/pamplona-presentara-el-13-de-marzo-su-plan-de-infraestructura-verde-y-azul-en-una-jornada-abierta-a-la-ciudadania-en-condestable\\\/\",\"url\":\"https:\\\/\\\/www.laguiadepamplona.com\\\/actualidad\\\/pamplona-presentara-el-13-de-marzo-su-plan-de-infraestructura-verde-y-azul-en-una-jornada-abierta-a-la-ciudadania-en-condestable\\\/\",\"name\":\"Pamplona presentar\u00e1 el 13 de marzo su Plan de Infraestructura Verde y Azul en una jornada abierta a la ciudadan\u00eda en Condestable\",\"isPartOf\":{\"@id\":\"https:\\\/\\\/www.laguiadepamplona.com\\\/actualidad\\\/#website\"},\"primaryImageOfPage\":{\"@id\":\"https:\\\/\\\/www.laguiadepamplona.com\\\/actualidad\\\/pamplona-presentara-el-13-de-marzo-su-plan-de-infraestructura-verde-y-azul-en-una-jornada-abierta-a-la-ciudadania-en-condestable\\\/#primaryimage\"},\"image\":{\"@id\":\"https:\\\/\\\/www.laguiadepamplona.com\\\/actualidad\\\/pamplona-presentara-el-13-de-marzo-su-plan-de-infraestructura-verde-y-azul-en-una-jornada-abierta-a-la-ciudadania-en-condestable\\\/#primaryimage\"},\"thumbnailUrl\":\"https:\\\/\\\/www.laguiadepamplona.com\\\/actualidad\\\/wp-content\\\/uploads\\\/2025\\\/02\\\/Runa_web.webp\",\"datePublished\":\"2025-02-05T14:41:10+00:00\",\"description\":\"El plan, con proceso participativo incluido, incorpora a la planificaci\u00f3n urbana criterios de sostenibilidad y adaptaci\u00f3n al cambio clim\u00e1tico\",\"breadcrumb\":{\"@id\":\"https:\\\/\\\/www.laguiadepamplona.com\\\/actualidad\\\/pamplona-presentara-el-13-de-marzo-su-plan-de-infraestructura-verde-y-azul-en-una-jornada-abierta-a-la-ciudadania-en-condestable\\\/#breadcrumb\"},\"inLanguage\":\"es\",\"potentialAction\":[{\"@type\":\"ReadAction\",\"target\":[\"https:\\\/\\\/www.laguiadepamplona.com\\\/actualidad\\\/pamplona-presentara-el-13-de-marzo-su-plan-de-infraestructura-verde-y-azul-en-una-jornada-abierta-a-la-ciudadania-en-condestable\\\/\"]}]},{\"@type\":\"ImageObject\",\"inLanguage\":\"es\",\"@id\":\"https:\\\/\\\/www.laguiadepamplona.com\\\/actualidad\\\/pamplona-presentara-el-13-de-marzo-su-plan-de-infraestructura-verde-y-azul-en-una-jornada-abierta-a-la-ciudadania-en-condestable\\\/#primaryimage\",\"url\":\"https:\\\/\\\/www.laguiadepamplona.com\\\/actualidad\\\/wp-content\\\/uploads\\\/2025\\\/02\\\/Runa_web.webp\",\"contentUrl\":\"https:\\\/\\\/www.laguiadepamplona.com\\\/actualidad\\\/wp-content\\\/uploads\\\/2025\\\/02\\\/Runa_web.webp\",\"width\":1000,\"height\":662,\"caption\":\"Runa\"},{\"@type\":\"BreadcrumbList\",\"@id\":\"https:\\\/\\\/www.laguiadepamplona.com\\\/actualidad\\\/pamplona-presentara-el-13-de-marzo-su-plan-de-infraestructura-verde-y-azul-en-una-jornada-abierta-a-la-ciudadania-en-condestable\\\/#breadcrumb\",\"itemListElement\":[{\"@type\":\"ListItem\",\"position\":1,\"name\":\"Portada\",\"item\":\"https:\\\/\\\/www.laguiadepamplona.com\\\/actualidad\\\/\"},{\"@type\":\"ListItem\",\"position\":2,\"name\":\"Pamplona presentar\u00e1 el 13 de marzo su Plan de Infraestructura Verde y Azul en una jornada abierta a la ciudadan\u00eda en Condestable\"}]},{\"@type\":\"WebSite\",\"@id\":\"https:\\\/\\\/www.laguiadepamplona.com\\\/actualidad\\\/#website\",\"url\":\"https:\\\/\\\/www.laguiadepamplona.com\\\/actualidad\\\/\",\"name\":\"La gu\u00eda de Pamplona\",\"description\":\"Noticias de Pamplona\",\"publisher\":{\"@id\":\"https:\\\/\\\/www.laguiadepamplona.com\\\/actualidad\\\/#organization\"},\"potentialAction\":[{\"@type\":\"SearchAction\",\"target\":{\"@type\":\"EntryPoint\",\"urlTemplate\":\"https:\\\/\\\/www.laguiadepamplona.com\\\/actualidad\\\/?s={search_term_string}\"},\"query-input\":{\"@type\":\"PropertyValueSpecification\",\"valueRequired\":true,\"valueName\":\"search_term_string\"}}],\"inLanguage\":\"es\"},{\"@type\":\"Organization\",\"@id\":\"https:\\\/\\\/www.laguiadepamplona.com\\\/actualidad\\\/#organization\",\"name\":\"La Gu\u00eda de Pamplona \\\/ Noticias\",\"url\":\"https:\\\/\\\/www.laguiadepamplona.com\\\/actualidad\\\/\",\"logo\":{\"@type\":\"ImageObject\",\"inLanguage\":\"es\",\"@id\":\"https:\\\/\\\/www.laguiadepamplona.com\\\/actualidad\\\/#\\\/schema\\\/logo\\\/image\\\/\",\"url\":\"https:\\\/\\\/www.laguiadepamplona.com\\\/actualidad\\\/wp-content\\\/uploads\\\/2018\\\/11\\\/logo-laguiadepamplona18-web1.png\",\"contentUrl\":\"https:\\\/\\\/www.laguiadepamplona.com\\\/actualidad\\\/wp-content\\\/uploads\\\/2018\\\/11\\\/logo-laguiadepamplona18-web1.png\",\"width\":600,\"height\":196,\"caption\":\"La Gu\u00eda de Pamplona \\\/ Noticias\"},\"image\":{\"@id\":\"https:\\\/\\\/www.laguiadepamplona.com\\\/actualidad\\\/#\\\/schema\\\/logo\\\/image\\\/\"},\"sameAs\":[\"https:\\\/\\\/www.facebook.com\\\/laguiadepamplonacom-133175176762273\\\/?ref=hl\",\"https:\\\/\\\/x.com\\\/LaGuiadPamplona\",\"https:\\\/\\\/www.instagram.com\\\/la_guia_de_pamplona\\\/\",\"https:\\\/\\\/www.youtube.com\\\/user\\\/laguiadepamplona\"]},{\"@type\":\"Person\",\"@id\":\"https:\\\/\\\/www.laguiadepamplona.com\\\/actualidad\\\/#\\\/schema\\\/person\\\/efe887376f0213d4657c93adc50b1fdb\",\"name\":\"La Gu\u00eda de Pamplona\",\"image\":{\"@type\":\"ImageObject\",\"inLanguage\":\"es\",\"@id\":\"https:\\\/\\\/secure.gravatar.com\\\/avatar\\\/b6992f131dc8d30ab0dff15446e9d346d9dbd95992de0fef795073f5ea83a81c?s=96&d=mm&r=g\",\"url\":\"https:\\\/\\\/secure.gravatar.com\\\/avatar\\\/b6992f131dc8d30ab0dff15446e9d346d9dbd95992de0fef795073f5ea83a81c?s=96&d=mm&r=g\",\"contentUrl\":\"https:\\\/\\\/secure.gravatar.com\\\/avatar\\\/b6992f131dc8d30ab0dff15446e9d346d9dbd95992de0fef795073f5ea83a81c?s=96&d=mm&r=g\",\"caption\":\"La Gu\u00eda de Pamplona\"}}]}<\/script>\n<!-- \/ Yoast SEO plugin. -->","yoast_head_json":{"title":"Pamplona presentar\u00e1 el 13 de marzo su Plan de Infraestructura Verde y Azul en una jornada abierta a la ciudadan\u00eda en Condestable","description":"El plan, con proceso participativo incluido, incorpora a la planificaci\u00f3n urbana criterios de sostenibilidad y adaptaci\u00f3n al cambio clim\u00e1tico","robots":{"index":"index","follow":"follow","max-snippet":"max-snippet:-1","max-image-preview":"max-image-preview:large","max-video-preview":"max-video-preview:-1"},"canonical":"https:\/\/www.laguiadepamplona.com\/actualidad\/pamplona-presentara-el-13-de-marzo-su-plan-de-infraestructura-verde-y-azul-en-una-jornada-abierta-a-la-ciudadania-en-condestable\/","og_locale":"es_ES","og_type":"article","og_title":"Pamplona presentar\u00e1 el 13 de marzo su Plan de Infraestructura Verde y Azul en una jornada abierta a la ciudadan\u00eda en Condestable","og_description":"El plan, con proceso participativo incluido, incorpora a la planificaci\u00f3n urbana criterios de sostenibilidad y adaptaci\u00f3n al cambio clim\u00e1tico","og_url":"https:\/\/www.laguiadepamplona.com\/actualidad\/pamplona-presentara-el-13-de-marzo-su-plan-de-infraestructura-verde-y-azul-en-una-jornada-abierta-a-la-ciudadania-en-condestable\/","og_site_name":"La Gu\u00eda de Pamplona","article_publisher":"https:\/\/www.facebook.com\/laguiadepamplonacom-133175176762273\/?ref=hl","article_published_time":"2025-02-05T14:41:10+00:00","og_image":[{"width":1000,"height":662,"url":"https:\/\/www.laguiadepamplona.com\/actualidad\/wp-content\/uploads\/2025\/02\/Runa_web.webp","type":"image\/webp"}],"author":"La Gu\u00eda de Pamplona","twitter_card":"summary_large_image","twitter_creator":"@LaGuiadPamplona","twitter_site":"@LaGuiadPamplona","twitter_misc":{"Escrito por":"La Gu\u00eda de Pamplona","Tiempo de lectura":"3 minutos"},"schema":{"@context":"https:\/\/schema.org","@graph":[{"@type":"Article","@id":"https:\/\/www.laguiadepamplona.com\/actualidad\/pamplona-presentara-el-13-de-marzo-su-plan-de-infraestructura-verde-y-azul-en-una-jornada-abierta-a-la-ciudadania-en-condestable\/#article","isPartOf":{"@id":"https:\/\/www.laguiadepamplona.com\/actualidad\/pamplona-presentara-el-13-de-marzo-su-plan-de-infraestructura-verde-y-azul-en-una-jornada-abierta-a-la-ciudadania-en-condestable\/"},"author":{"name":"La Gu\u00eda de Pamplona","@id":"https:\/\/www.laguiadepamplona.com\/actualidad\/#\/schema\/person\/efe887376f0213d4657c93adc50b1fdb"},"headline":"Pamplona presentar\u00e1 el 13 de marzo su Plan de Infraestructura Verde y Azul en una jornada abierta a la ciudadan\u00eda en Condestable","datePublished":"2025-02-05T14:41:10+00:00","mainEntityOfPage":{"@id":"https:\/\/www.laguiadepamplona.com\/actualidad\/pamplona-presentara-el-13-de-marzo-su-plan-de-infraestructura-verde-y-azul-en-una-jornada-abierta-a-la-ciudadania-en-condestable\/"},"wordCount":539,"commentCount":0,"publisher":{"@id":"https:\/\/www.laguiadepamplona.com\/actualidad\/#organization"},"image":{"@id":"https:\/\/www.laguiadepamplona.com\/actualidad\/pamplona-presentara-el-13-de-marzo-su-plan-de-infraestructura-verde-y-azul-en-una-jornada-abierta-a-la-ciudadania-en-condestable\/#primaryimage"},"thumbnailUrl":"https:\/\/www.laguiadepamplona.com\/actualidad\/wp-content\/uploads\/2025\/02\/Runa_web.webp","articleSection":["Ayto Pamplona"],"inLanguage":"es","potentialAction":[{"@type":"CommentAction","name":"Comment","target":["https:\/\/www.laguiadepamplona.com\/actualidad\/pamplona-presentara-el-13-de-marzo-su-plan-de-infraestructura-verde-y-azul-en-una-jornada-abierta-a-la-ciudadania-en-condestable\/#respond"]}]},{"@type":"WebPage","@id":"https:\/\/www.laguiadepamplona.com\/actualidad\/pamplona-presentara-el-13-de-marzo-su-plan-de-infraestructura-verde-y-azul-en-una-jornada-abierta-a-la-ciudadania-en-condestable\/","url":"https:\/\/www.laguiadepamplona.com\/actualidad\/pamplona-presentara-el-13-de-marzo-su-plan-de-infraestructura-verde-y-azul-en-una-jornada-abierta-a-la-ciudadania-en-condestable\/","name":"Pamplona presentar\u00e1 el 13 de marzo su Plan de Infraestructura Verde y Azul en una jornada abierta a la ciudadan\u00eda en Condestable","isPartOf":{"@id":"https:\/\/www.laguiadepamplona.com\/actualidad\/#website"},"primaryImageOfPage":{"@id":"https:\/\/www.laguiadepamplona.com\/actualidad\/pamplona-presentara-el-13-de-marzo-su-plan-de-infraestructura-verde-y-azul-en-una-jornada-abierta-a-la-ciudadania-en-condestable\/#primaryimage"},"image":{"@id":"https:\/\/www.laguiadepamplona.com\/actualidad\/pamplona-presentara-el-13-de-marzo-su-plan-de-infraestructura-verde-y-azul-en-una-jornada-abierta-a-la-ciudadania-en-condestable\/#primaryimage"},"thumbnailUrl":"https:\/\/www.laguiadepamplona.com\/actualidad\/wp-content\/uploads\/2025\/02\/Runa_web.webp","datePublished":"2025-02-05T14:41:10+00:00","description":"El plan, con proceso participativo incluido, incorpora a la planificaci\u00f3n urbana criterios de sostenibilidad y adaptaci\u00f3n al cambio clim\u00e1tico","breadcrumb":{"@id":"https:\/\/www.laguiadepamplona.com\/actualidad\/pamplona-presentara-el-13-de-marzo-su-plan-de-infraestructura-verde-y-azul-en-una-jornada-abierta-a-la-ciudadania-en-condestable\/#breadcrumb"},"inLanguage":"es","potentialAction":[{"@type":"ReadAction","target":["https:\/\/www.laguiadepamplona.com\/actualidad\/pamplona-presentara-el-13-de-marzo-su-plan-de-infraestructura-verde-y-azul-en-una-jornada-abierta-a-la-ciudadania-en-condestable\/"]}]},{"@type":"ImageObject","inLanguage":"es","@id":"https:\/\/www.laguiadepamplona.com\/actualidad\/pamplona-presentara-el-13-de-marzo-su-plan-de-infraestructura-verde-y-azul-en-una-jornada-abierta-a-la-ciudadania-en-condestable\/#primaryimage","url":"https:\/\/www.laguiadepamplona.com\/actualidad\/wp-content\/uploads\/2025\/02\/Runa_web.webp","contentUrl":"https:\/\/www.laguiadepamplona.com\/actualidad\/wp-content\/uploads\/2025\/02\/Runa_web.webp","width":1000,"height":662,"caption":"Runa"},{"@type":"BreadcrumbList","@id":"https:\/\/www.laguiadepamplona.com\/actualidad\/pamplona-presentara-el-13-de-marzo-su-plan-de-infraestructura-verde-y-azul-en-una-jornada-abierta-a-la-ciudadania-en-condestable\/#breadcrumb","itemListElement":[{"@type":"ListItem","position":1,"name":"Portada","item":"https:\/\/www.laguiadepamplona.com\/actualidad\/"},{"@type":"ListItem","position":2,"name":"Pamplona presentar\u00e1 el 13 de marzo su Plan de Infraestructura Verde y Azul en una jornada abierta a la ciudadan\u00eda en Condestable"}]},{"@type":"WebSite","@id":"https:\/\/www.laguiadepamplona.com\/actualidad\/#website","url":"https:\/\/www.laguiadepamplona.com\/actualidad\/","name":"La gu\u00eda de Pamplona","description":"Noticias de Pamplona","publisher":{"@id":"https:\/\/www.laguiadepamplona.com\/actualidad\/#organization"},"potentialAction":[{"@type":"SearchAction","target":{"@type":"EntryPoint","urlTemplate":"https:\/\/www.laguiadepamplona.com\/actualidad\/?s={search_term_string}"},"query-input":{"@type":"PropertyValueSpecification","valueRequired":true,"valueName":"search_term_string"}}],"inLanguage":"es"},{"@type":"Organization","@id":"https:\/\/www.laguiadepamplona.com\/actualidad\/#organization","name":"La Gu\u00eda de Pamplona \/ Noticias","url":"https:\/\/www.laguiadepamplona.com\/actualidad\/","logo":{"@type":"ImageObject","inLanguage":"es","@id":"https:\/\/www.laguiadepamplona.com\/actualidad\/#\/schema\/logo\/image\/","url":"https:\/\/www.laguiadepamplona.com\/actualidad\/wp-content\/uploads\/2018\/11\/logo-laguiadepamplona18-web1.png","contentUrl":"https:\/\/www.laguiadepamplona.com\/actualidad\/wp-content\/uploads\/2018\/11\/logo-laguiadepamplona18-web1.png","width":600,"height":196,"caption":"La Gu\u00eda de Pamplona \/ Noticias"},"image":{"@id":"https:\/\/www.laguiadepamplona.com\/actualidad\/#\/schema\/logo\/image\/"},"sameAs":["https:\/\/www.facebook.com\/laguiadepamplonacom-133175176762273\/?ref=hl","https:\/\/x.com\/LaGuiadPamplona","https:\/\/www.instagram.com\/la_guia_de_pamplona\/","https:\/\/www.youtube.com\/user\/laguiadepamplona"]},{"@type":"Person","@id":"https:\/\/www.laguiadepamplona.com\/actualidad\/#\/schema\/person\/efe887376f0213d4657c93adc50b1fdb","name":"La Gu\u00eda de Pamplona","image":{"@type":"ImageObject","inLanguage":"es","@id":"https:\/\/secure.gravatar.com\/avatar\/b6992f131dc8d30ab0dff15446e9d346d9dbd95992de0fef795073f5ea83a81c?s=96&d=mm&r=g","url":"https:\/\/secure.gravatar.com\/avatar\/b6992f131dc8d30ab0dff15446e9d346d9dbd95992de0fef795073f5ea83a81c?s=96&d=mm&r=g","contentUrl":"https:\/\/secure.gravatar.com\/avatar\/b6992f131dc8d30ab0dff15446e9d346d9dbd95992de0fef795073f5ea83a81c?s=96&d=mm&r=g","caption":"La Gu\u00eda de Pamplona"}}]}},"post_mailing_queue_ids":[],"_links":{"self":[{"href":"https:\/\/www.laguiadepamplona.com\/actualidad\/wp-json\/wp\/v2\/posts\/52008","targetHints":{"allow":["GET"]}}],"collection":[{"href":"https:\/\/www.laguiadepamplona.com\/actualidad\/wp-json\/wp\/v2\/posts"}],"about":[{"href":"https:\/\/www.laguiadepamplona.com\/actualidad\/wp-json\/wp\/v2\/types\/post"}],"author":[{"embeddable":true,"href":"https:\/\/www.laguiadepamplona.com\/actualidad\/wp-json\/wp\/v2\/users\/1"}],"replies":[{"embeddable":true,"href":"https:\/\/www.laguiadepamplona.com\/actualidad\/wp-json\/wp\/v2\/comments?post=52008"}],"version-history":[{"count":1,"href":"https:\/\/www.laguiadepamplona.com\/actualidad\/wp-json\/wp\/v2\/posts\/52008\/revisions"}],"predecessor-version":[{"id":52010,"href":"https:\/\/www.laguiadepamplona.com\/actualidad\/wp-json\/wp\/v2\/posts\/52008\/revisions\/52010"}],"wp:featuredmedia":[{"embeddable":true,"href":"https:\/\/www.laguiadepamplona.com\/actualidad\/wp-json\/wp\/v2\/media\/52009"}],"wp:attachment":[{"href":"https:\/\/www.laguiadepamplona.com\/actualidad\/wp-json\/wp\/v2\/media?parent=52008"}],"wp:term":[{"taxonomy":"category","embeddable":true,"href":"https:\/\/www.laguiadepamplona.com\/actualidad\/wp-json\/wp\/v2\/categories?post=52008"},{"taxonomy":"post_tag","embeddable":true,"href":"https:\/\/www.laguiadepamplona.com\/actualidad\/wp-json\/wp\/v2\/tags?post=52008"}],"curies":[{"name":"wp","href":"https:\/\/api.w.org\/{rel}","templated":true}]}}