{"id":52003,"date":"2025-02-05T14:34:44","date_gmt":"2025-02-05T12:34:44","guid":{"rendered":"https:\/\/www.laguiadepamplona.com\/actualidad\/?p=52003"},"modified":"2025-02-05T14:34:44","modified_gmt":"2025-02-05T12:34:44","slug":"64-personas-de-tres-paises-diferentes-competiran-en-marzo-en-el-ix-iruna-open-de-cubo-de-rubik-el-17-de-ellas-mujeres","status":"publish","type":"post","link":"https:\/\/www.laguiadepamplona.com\/actualidad\/64-personas-de-tres-paises-diferentes-competiran-en-marzo-en-el-ix-iruna-open-de-cubo-de-rubik-el-17-de-ellas-mujeres\/","title":{"rendered":"64 personas de tres pa\u00edses diferentes competir\u00e1n en marzo en el IX Iru\u00f1a Open de cubo de Rubik, el 17% de ellas mujeres"},"content":{"rendered":"<h2>Se completa la inscripci\u00f3n para una competici\u00f3n que ha suscitado la mayor presencia femenina de sus nueve ediciones<\/h2>\n<p><!--more--><\/p>\n<p>Ya se han completado las plazas del IX Iru\u00f1a Open de cubo de Rubik, un encuentro que tendr\u00e1 lugar en la Casa de la Juventud el 29 y 30 de marzo de 2025. De las 8 categor\u00edas oficiales a concurso, como es habitual, es de cubo cl\u00e1sico (3x3x3) la que m\u00e1s inscripci\u00f3n ha suscitado, con 59 personas apuntadas. A la que menos personas se han apuntado ha sido la de cubo de 7x7x7 (13) y, en general, cada participante disputa varias categor\u00edas. \u00danicamente 6 personas est\u00e1n apuntadas a una modalidad.<\/p>\n<p>Esta edici\u00f3n del campeonato de speedcubing es la que ha suscitado una mayor participaci\u00f3n femenina. Las mujeres suponen un 17,1% de las personas inscritas en la competici\u00f3n. Como es habitual, en el elenco hay competidores de varias nacionalidades: Espa\u00f1a, Francia y Chile. Quienes se han inscrito podr\u00e1n competir en 8 de las modalidades oficiales reconocidas por la asociaci\u00f3n mundial del cubo (WCA), cuyo reglamento rige este campeonato con la colaboraci\u00f3n de la asociaci\u00f3n espa\u00f1ola de Speedcubing (AES) y EuskalCubing.<\/p>\n<p>De forma autom\u00e1tica, quienes se hayan inscrito pasar\u00e1n a ser miembros de pleno derecho de la WCA ya que la organizaci\u00f3n les abrir\u00e1 una ID personal en esa p\u00e1gina en la que podr\u00e1n consultar los resultados oficiales de cualquier certamen. Tambi\u00e9n podr\u00e1n conocer su posici\u00f3n como usuario en el ranking de competiciones nacional, continental o mundiales en este rompecabezas mec\u00e1nico tridimensional inventado por el h\u00fangaro Ern\u00f6 Rubik en 1974. En estos momentos solo tres de los competidores son nuevos en el sistema de la WCA.<\/p>\n<p>Es interesante saber que cada participante deber\u00e1 llevar a la cita de la Casa de la Juventud los puzzles en los que quiere competir, teniendo en cuenta que cualquier marca o modelo est\u00e1 admitido, excepto los prohibidos expresamente en el reglamento. Antes de que se inicie la competici\u00f3n los concursantes podr\u00e1n practicar un poco con el cron\u00f3metro oficial (StackMat \u00ae) en el propio escenario de la competici\u00f3n.<\/p>\n<p>Habr\u00e1 varias rondas en cada categor\u00eda y se podr\u00e1 asistir como p\u00fablico a los enfrentamientos. La final y la posterior entrega de premios se celebrar\u00e1n en el Sal\u00f3n de actos a lo largo de la ma\u00f1ana del domingo 30. El concurso otorgar\u00e1 txapela para la categor\u00eda del 3x3x3, adem\u00e1s de trofeos, medallas y diplomas para los campeones.<\/p>\n<p>Al campeonato acudir\u00e1n varios de los mejores plusmarquistas del panorama nacional como: Aitor Iba\u00f1ez Larrea, cubero de 12 a\u00f1os de Sarriguren, actual poseedor de los r\u00e9cords de Espa\u00f1a de 2&#215;2 single y media; Aratz Larruzea, proveniente de Vitoria-Gazteiz y que a sus 13 a\u00f1os posee 4 r\u00e9cords nacionales en la categor\u00eda de Pyraminx; o Alex Rosado, tambi\u00e9n con 13 a\u00f1os y desde Barakaldo, campe\u00f3n de Espa\u00f1a de Skewb y que el pasado diciembre consigui\u00f3 el r\u00e9cord de Europa de esta modalidad.<\/p>\n<p>El viernes 28 de marzo, como actividad previa al campeonato, la Casa de la Juventud acoger\u00e1 un taller de Cubo de Rubik impartido por miembros de la organizaci\u00f3n del evento. La inscripci\u00f3n para esa cita ser\u00e1 gratuita y se abrir\u00e1 una semana antes de la fecha de desarrollo.<\/p>\n","protected":false},"excerpt":{"rendered":"<p>Se completa la inscripci\u00f3n para una competici\u00f3n que ha suscitado la mayor presencia femenina de sus nueve ediciones<\/p>\n","protected":false},"author":1,"featured_media":51918,"comment_status":"open","ping_status":"closed","sticky":false,"template":"","format":"standard","meta":{"footnotes":""},"categories":[2],"tags":[],"class_list":["post-52003","post","type-post","status-publish","format-standard","has-post-thumbnail","hentry","category-ayuntamiento-pamplona"],"yoast_head":"<!-- This site is optimized with the Yoast SEO plugin v27.3 - https:\/\/yoast.com\/product\/yoast-seo-wordpress\/ -->\n<title>64 personas de tres pa\u00edses diferentes competir\u00e1n en marzo en el IX Iru\u00f1a Open de cubo de Rubik, el 17% de ellas mujeres<\/title>\n<meta name=\"description\" content=\"Se completa la inscripci\u00f3n para una competici\u00f3n que ha suscitado la mayor presencia femenina de sus nueve ediciones\" \/>\n<meta name=\"robots\" content=\"index, follow, max-snippet:-1, max-image-preview:large, max-video-preview:-1\" \/>\n<link rel=\"canonical\" href=\"https:\/\/www.laguiadepamplona.com\/actualidad\/64-personas-de-tres-paises-diferentes-competiran-en-marzo-en-el-ix-iruna-open-de-cubo-de-rubik-el-17-de-ellas-mujeres\/\" \/>\n<meta property=\"og:locale\" content=\"es_ES\" \/>\n<meta property=\"og:type\" content=\"article\" \/>\n<meta property=\"og:title\" content=\"64 personas de tres pa\u00edses diferentes competir\u00e1n en marzo en el IX Iru\u00f1a Open de cubo de Rubik, el 17% de ellas mujeres\" \/>\n<meta property=\"og:description\" content=\"Se completa la inscripci\u00f3n para una competici\u00f3n que ha suscitado la mayor presencia femenina de sus nueve ediciones\" \/>\n<meta property=\"og:url\" content=\"https:\/\/www.laguiadepamplona.com\/actualidad\/64-personas-de-tres-paises-diferentes-competiran-en-marzo-en-el-ix-iruna-open-de-cubo-de-rubik-el-17-de-ellas-mujeres\/\" \/>\n<meta property=\"og:site_name\" content=\"La Gu\u00eda de Pamplona\" \/>\n<meta property=\"article:publisher\" content=\"https:\/\/www.facebook.com\/laguiadepamplonacom-133175176762273\/?ref=hl\" \/>\n<meta property=\"article:published_time\" content=\"2025-02-05T12:34:44+00:00\" \/>\n<meta property=\"og:image\" content=\"https:\/\/www.laguiadepamplona.com\/actualidad\/wp-content\/uploads\/2025\/01\/cubo-de-rubik_web_0.webp\" \/>\n\t<meta property=\"og:image:width\" content=\"1000\" \/>\n\t<meta property=\"og:image:height\" content=\"667\" \/>\n\t<meta property=\"og:image:type\" content=\"image\/webp\" \/>\n<meta name=\"author\" content=\"La Gu\u00eda de Pamplona\" \/>\n<meta name=\"twitter:card\" content=\"summary_large_image\" \/>\n<meta name=\"twitter:creator\" content=\"@LaGuiadPamplona\" \/>\n<meta name=\"twitter:site\" content=\"@LaGuiadPamplona\" \/>\n<meta name=\"twitter:label1\" content=\"Escrito por\" \/>\n\t<meta name=\"twitter:data1\" content=\"La Gu\u00eda de Pamplona\" \/>\n\t<meta name=\"twitter:label2\" content=\"Tiempo de lectura\" \/>\n\t<meta name=\"twitter:data2\" content=\"3 minutos\" \/>\n<script type=\"application\/ld+json\" class=\"yoast-schema-graph\">{\"@context\":\"https:\\\/\\\/schema.org\",\"@graph\":[{\"@type\":\"Article\",\"@id\":\"https:\\\/\\\/www.laguiadepamplona.com\\\/actualidad\\\/64-personas-de-tres-paises-diferentes-competiran-en-marzo-en-el-ix-iruna-open-de-cubo-de-rubik-el-17-de-ellas-mujeres\\\/#article\",\"isPartOf\":{\"@id\":\"https:\\\/\\\/www.laguiadepamplona.com\\\/actualidad\\\/64-personas-de-tres-paises-diferentes-competiran-en-marzo-en-el-ix-iruna-open-de-cubo-de-rubik-el-17-de-ellas-mujeres\\\/\"},\"author\":{\"name\":\"La Gu\u00eda de Pamplona\",\"@id\":\"https:\\\/\\\/www.laguiadepamplona.com\\\/actualidad\\\/#\\\/schema\\\/person\\\/efe887376f0213d4657c93adc50b1fdb\"},\"headline\":\"64 personas de tres pa\u00edses diferentes competir\u00e1n en marzo en el IX Iru\u00f1a Open de cubo de Rubik, el 17% de ellas mujeres\",\"datePublished\":\"2025-02-05T12:34:44+00:00\",\"mainEntityOfPage\":{\"@id\":\"https:\\\/\\\/www.laguiadepamplona.com\\\/actualidad\\\/64-personas-de-tres-paises-diferentes-competiran-en-marzo-en-el-ix-iruna-open-de-cubo-de-rubik-el-17-de-ellas-mujeres\\\/\"},\"wordCount\":589,\"commentCount\":0,\"publisher\":{\"@id\":\"https:\\\/\\\/www.laguiadepamplona.com\\\/actualidad\\\/#organization\"},\"image\":{\"@id\":\"https:\\\/\\\/www.laguiadepamplona.com\\\/actualidad\\\/64-personas-de-tres-paises-diferentes-competiran-en-marzo-en-el-ix-iruna-open-de-cubo-de-rubik-el-17-de-ellas-mujeres\\\/#primaryimage\"},\"thumbnailUrl\":\"https:\\\/\\\/www.laguiadepamplona.com\\\/actualidad\\\/wp-content\\\/uploads\\\/2025\\\/01\\\/cubo-de-rubik_web_0.webp\",\"articleSection\":[\"Ayto Pamplona\"],\"inLanguage\":\"es\",\"potentialAction\":[{\"@type\":\"CommentAction\",\"name\":\"Comment\",\"target\":[\"https:\\\/\\\/www.laguiadepamplona.com\\\/actualidad\\\/64-personas-de-tres-paises-diferentes-competiran-en-marzo-en-el-ix-iruna-open-de-cubo-de-rubik-el-17-de-ellas-mujeres\\\/#respond\"]}]},{\"@type\":\"WebPage\",\"@id\":\"https:\\\/\\\/www.laguiadepamplona.com\\\/actualidad\\\/64-personas-de-tres-paises-diferentes-competiran-en-marzo-en-el-ix-iruna-open-de-cubo-de-rubik-el-17-de-ellas-mujeres\\\/\",\"url\":\"https:\\\/\\\/www.laguiadepamplona.com\\\/actualidad\\\/64-personas-de-tres-paises-diferentes-competiran-en-marzo-en-el-ix-iruna-open-de-cubo-de-rubik-el-17-de-ellas-mujeres\\\/\",\"name\":\"64 personas de tres pa\u00edses diferentes competir\u00e1n en marzo en el IX Iru\u00f1a Open de cubo de Rubik, el 17% de ellas mujeres\",\"isPartOf\":{\"@id\":\"https:\\\/\\\/www.laguiadepamplona.com\\\/actualidad\\\/#website\"},\"primaryImageOfPage\":{\"@id\":\"https:\\\/\\\/www.laguiadepamplona.com\\\/actualidad\\\/64-personas-de-tres-paises-diferentes-competiran-en-marzo-en-el-ix-iruna-open-de-cubo-de-rubik-el-17-de-ellas-mujeres\\\/#primaryimage\"},\"image\":{\"@id\":\"https:\\\/\\\/www.laguiadepamplona.com\\\/actualidad\\\/64-personas-de-tres-paises-diferentes-competiran-en-marzo-en-el-ix-iruna-open-de-cubo-de-rubik-el-17-de-ellas-mujeres\\\/#primaryimage\"},\"thumbnailUrl\":\"https:\\\/\\\/www.laguiadepamplona.com\\\/actualidad\\\/wp-content\\\/uploads\\\/2025\\\/01\\\/cubo-de-rubik_web_0.webp\",\"datePublished\":\"2025-02-05T12:34:44+00:00\",\"description\":\"Se completa la inscripci\u00f3n para una competici\u00f3n que ha suscitado la mayor presencia femenina de sus nueve ediciones\",\"breadcrumb\":{\"@id\":\"https:\\\/\\\/www.laguiadepamplona.com\\\/actualidad\\\/64-personas-de-tres-paises-diferentes-competiran-en-marzo-en-el-ix-iruna-open-de-cubo-de-rubik-el-17-de-ellas-mujeres\\\/#breadcrumb\"},\"inLanguage\":\"es\",\"potentialAction\":[{\"@type\":\"ReadAction\",\"target\":[\"https:\\\/\\\/www.laguiadepamplona.com\\\/actualidad\\\/64-personas-de-tres-paises-diferentes-competiran-en-marzo-en-el-ix-iruna-open-de-cubo-de-rubik-el-17-de-ellas-mujeres\\\/\"]}]},{\"@type\":\"ImageObject\",\"inLanguage\":\"es\",\"@id\":\"https:\\\/\\\/www.laguiadepamplona.com\\\/actualidad\\\/64-personas-de-tres-paises-diferentes-competiran-en-marzo-en-el-ix-iruna-open-de-cubo-de-rubik-el-17-de-ellas-mujeres\\\/#primaryimage\",\"url\":\"https:\\\/\\\/www.laguiadepamplona.com\\\/actualidad\\\/wp-content\\\/uploads\\\/2025\\\/01\\\/cubo-de-rubik_web_0.webp\",\"contentUrl\":\"https:\\\/\\\/www.laguiadepamplona.com\\\/actualidad\\\/wp-content\\\/uploads\\\/2025\\\/01\\\/cubo-de-rubik_web_0.webp\",\"width\":1000,\"height\":667,\"caption\":\"cubo de rubik\"},{\"@type\":\"BreadcrumbList\",\"@id\":\"https:\\\/\\\/www.laguiadepamplona.com\\\/actualidad\\\/64-personas-de-tres-paises-diferentes-competiran-en-marzo-en-el-ix-iruna-open-de-cubo-de-rubik-el-17-de-ellas-mujeres\\\/#breadcrumb\",\"itemListElement\":[{\"@type\":\"ListItem\",\"position\":1,\"name\":\"Portada\",\"item\":\"https:\\\/\\\/www.laguiadepamplona.com\\\/actualidad\\\/\"},{\"@type\":\"ListItem\",\"position\":2,\"name\":\"64 personas de tres pa\u00edses diferentes competir\u00e1n en marzo en el IX Iru\u00f1a Open de cubo de Rubik, el 17% de ellas mujeres\"}]},{\"@type\":\"WebSite\",\"@id\":\"https:\\\/\\\/www.laguiadepamplona.com\\\/actualidad\\\/#website\",\"url\":\"https:\\\/\\\/www.laguiadepamplona.com\\\/actualidad\\\/\",\"name\":\"La gu\u00eda de Pamplona\",\"description\":\"Noticias de Pamplona\",\"publisher\":{\"@id\":\"https:\\\/\\\/www.laguiadepamplona.com\\\/actualidad\\\/#organization\"},\"potentialAction\":[{\"@type\":\"SearchAction\",\"target\":{\"@type\":\"EntryPoint\",\"urlTemplate\":\"https:\\\/\\\/www.laguiadepamplona.com\\\/actualidad\\\/?s={search_term_string}\"},\"query-input\":{\"@type\":\"PropertyValueSpecification\",\"valueRequired\":true,\"valueName\":\"search_term_string\"}}],\"inLanguage\":\"es\"},{\"@type\":\"Organization\",\"@id\":\"https:\\\/\\\/www.laguiadepamplona.com\\\/actualidad\\\/#organization\",\"name\":\"La Gu\u00eda de Pamplona \\\/ Noticias\",\"url\":\"https:\\\/\\\/www.laguiadepamplona.com\\\/actualidad\\\/\",\"logo\":{\"@type\":\"ImageObject\",\"inLanguage\":\"es\",\"@id\":\"https:\\\/\\\/www.laguiadepamplona.com\\\/actualidad\\\/#\\\/schema\\\/logo\\\/image\\\/\",\"url\":\"https:\\\/\\\/www.laguiadepamplona.com\\\/actualidad\\\/wp-content\\\/uploads\\\/2018\\\/11\\\/logo-laguiadepamplona18-web1.png\",\"contentUrl\":\"https:\\\/\\\/www.laguiadepamplona.com\\\/actualidad\\\/wp-content\\\/uploads\\\/2018\\\/11\\\/logo-laguiadepamplona18-web1.png\",\"width\":600,\"height\":196,\"caption\":\"La Gu\u00eda de Pamplona \\\/ Noticias\"},\"image\":{\"@id\":\"https:\\\/\\\/www.laguiadepamplona.com\\\/actualidad\\\/#\\\/schema\\\/logo\\\/image\\\/\"},\"sameAs\":[\"https:\\\/\\\/www.facebook.com\\\/laguiadepamplonacom-133175176762273\\\/?ref=hl\",\"https:\\\/\\\/x.com\\\/LaGuiadPamplona\",\"https:\\\/\\\/www.instagram.com\\\/la_guia_de_pamplona\\\/\",\"https:\\\/\\\/www.youtube.com\\\/user\\\/laguiadepamplona\"]},{\"@type\":\"Person\",\"@id\":\"https:\\\/\\\/www.laguiadepamplona.com\\\/actualidad\\\/#\\\/schema\\\/person\\\/efe887376f0213d4657c93adc50b1fdb\",\"name\":\"La Gu\u00eda de Pamplona\",\"image\":{\"@type\":\"ImageObject\",\"inLanguage\":\"es\",\"@id\":\"https:\\\/\\\/secure.gravatar.com\\\/avatar\\\/b6992f131dc8d30ab0dff15446e9d346d9dbd95992de0fef795073f5ea83a81c?s=96&d=mm&r=g\",\"url\":\"https:\\\/\\\/secure.gravatar.com\\\/avatar\\\/b6992f131dc8d30ab0dff15446e9d346d9dbd95992de0fef795073f5ea83a81c?s=96&d=mm&r=g\",\"contentUrl\":\"https:\\\/\\\/secure.gravatar.com\\\/avatar\\\/b6992f131dc8d30ab0dff15446e9d346d9dbd95992de0fef795073f5ea83a81c?s=96&d=mm&r=g\",\"caption\":\"La Gu\u00eda de Pamplona\"}}]}<\/script>\n<!-- \/ Yoast SEO plugin. -->","yoast_head_json":{"title":"64 personas de tres pa\u00edses diferentes competir\u00e1n en marzo en el IX Iru\u00f1a Open de cubo de Rubik, el 17% de ellas mujeres","description":"Se completa la inscripci\u00f3n para una competici\u00f3n que ha suscitado la mayor presencia femenina de sus nueve ediciones","robots":{"index":"index","follow":"follow","max-snippet":"max-snippet:-1","max-image-preview":"max-image-preview:large","max-video-preview":"max-video-preview:-1"},"canonical":"https:\/\/www.laguiadepamplona.com\/actualidad\/64-personas-de-tres-paises-diferentes-competiran-en-marzo-en-el-ix-iruna-open-de-cubo-de-rubik-el-17-de-ellas-mujeres\/","og_locale":"es_ES","og_type":"article","og_title":"64 personas de tres pa\u00edses diferentes competir\u00e1n en marzo en el IX Iru\u00f1a Open de cubo de Rubik, el 17% de ellas mujeres","og_description":"Se completa la inscripci\u00f3n para una competici\u00f3n que ha suscitado la mayor presencia femenina de sus nueve ediciones","og_url":"https:\/\/www.laguiadepamplona.com\/actualidad\/64-personas-de-tres-paises-diferentes-competiran-en-marzo-en-el-ix-iruna-open-de-cubo-de-rubik-el-17-de-ellas-mujeres\/","og_site_name":"La Gu\u00eda de Pamplona","article_publisher":"https:\/\/www.facebook.com\/laguiadepamplonacom-133175176762273\/?ref=hl","article_published_time":"2025-02-05T12:34:44+00:00","og_image":[{"width":1000,"height":667,"url":"https:\/\/www.laguiadepamplona.com\/actualidad\/wp-content\/uploads\/2025\/01\/cubo-de-rubik_web_0.webp","type":"image\/webp"}],"author":"La Gu\u00eda de Pamplona","twitter_card":"summary_large_image","twitter_creator":"@LaGuiadPamplona","twitter_site":"@LaGuiadPamplona","twitter_misc":{"Escrito por":"La Gu\u00eda de Pamplona","Tiempo de lectura":"3 minutos"},"schema":{"@context":"https:\/\/schema.org","@graph":[{"@type":"Article","@id":"https:\/\/www.laguiadepamplona.com\/actualidad\/64-personas-de-tres-paises-diferentes-competiran-en-marzo-en-el-ix-iruna-open-de-cubo-de-rubik-el-17-de-ellas-mujeres\/#article","isPartOf":{"@id":"https:\/\/www.laguiadepamplona.com\/actualidad\/64-personas-de-tres-paises-diferentes-competiran-en-marzo-en-el-ix-iruna-open-de-cubo-de-rubik-el-17-de-ellas-mujeres\/"},"author":{"name":"La Gu\u00eda de Pamplona","@id":"https:\/\/www.laguiadepamplona.com\/actualidad\/#\/schema\/person\/efe887376f0213d4657c93adc50b1fdb"},"headline":"64 personas de tres pa\u00edses diferentes competir\u00e1n en marzo en el IX Iru\u00f1a Open de cubo de Rubik, el 17% de ellas mujeres","datePublished":"2025-02-05T12:34:44+00:00","mainEntityOfPage":{"@id":"https:\/\/www.laguiadepamplona.com\/actualidad\/64-personas-de-tres-paises-diferentes-competiran-en-marzo-en-el-ix-iruna-open-de-cubo-de-rubik-el-17-de-ellas-mujeres\/"},"wordCount":589,"commentCount":0,"publisher":{"@id":"https:\/\/www.laguiadepamplona.com\/actualidad\/#organization"},"image":{"@id":"https:\/\/www.laguiadepamplona.com\/actualidad\/64-personas-de-tres-paises-diferentes-competiran-en-marzo-en-el-ix-iruna-open-de-cubo-de-rubik-el-17-de-ellas-mujeres\/#primaryimage"},"thumbnailUrl":"https:\/\/www.laguiadepamplona.com\/actualidad\/wp-content\/uploads\/2025\/01\/cubo-de-rubik_web_0.webp","articleSection":["Ayto Pamplona"],"inLanguage":"es","potentialAction":[{"@type":"CommentAction","name":"Comment","target":["https:\/\/www.laguiadepamplona.com\/actualidad\/64-personas-de-tres-paises-diferentes-competiran-en-marzo-en-el-ix-iruna-open-de-cubo-de-rubik-el-17-de-ellas-mujeres\/#respond"]}]},{"@type":"WebPage","@id":"https:\/\/www.laguiadepamplona.com\/actualidad\/64-personas-de-tres-paises-diferentes-competiran-en-marzo-en-el-ix-iruna-open-de-cubo-de-rubik-el-17-de-ellas-mujeres\/","url":"https:\/\/www.laguiadepamplona.com\/actualidad\/64-personas-de-tres-paises-diferentes-competiran-en-marzo-en-el-ix-iruna-open-de-cubo-de-rubik-el-17-de-ellas-mujeres\/","name":"64 personas de tres pa\u00edses diferentes competir\u00e1n en marzo en el IX Iru\u00f1a Open de cubo de Rubik, el 17% de ellas mujeres","isPartOf":{"@id":"https:\/\/www.laguiadepamplona.com\/actualidad\/#website"},"primaryImageOfPage":{"@id":"https:\/\/www.laguiadepamplona.com\/actualidad\/64-personas-de-tres-paises-diferentes-competiran-en-marzo-en-el-ix-iruna-open-de-cubo-de-rubik-el-17-de-ellas-mujeres\/#primaryimage"},"image":{"@id":"https:\/\/www.laguiadepamplona.com\/actualidad\/64-personas-de-tres-paises-diferentes-competiran-en-marzo-en-el-ix-iruna-open-de-cubo-de-rubik-el-17-de-ellas-mujeres\/#primaryimage"},"thumbnailUrl":"https:\/\/www.laguiadepamplona.com\/actualidad\/wp-content\/uploads\/2025\/01\/cubo-de-rubik_web_0.webp","datePublished":"2025-02-05T12:34:44+00:00","description":"Se completa la inscripci\u00f3n para una competici\u00f3n que ha suscitado la mayor presencia femenina de sus nueve ediciones","breadcrumb":{"@id":"https:\/\/www.laguiadepamplona.com\/actualidad\/64-personas-de-tres-paises-diferentes-competiran-en-marzo-en-el-ix-iruna-open-de-cubo-de-rubik-el-17-de-ellas-mujeres\/#breadcrumb"},"inLanguage":"es","potentialAction":[{"@type":"ReadAction","target":["https:\/\/www.laguiadepamplona.com\/actualidad\/64-personas-de-tres-paises-diferentes-competiran-en-marzo-en-el-ix-iruna-open-de-cubo-de-rubik-el-17-de-ellas-mujeres\/"]}]},{"@type":"ImageObject","inLanguage":"es","@id":"https:\/\/www.laguiadepamplona.com\/actualidad\/64-personas-de-tres-paises-diferentes-competiran-en-marzo-en-el-ix-iruna-open-de-cubo-de-rubik-el-17-de-ellas-mujeres\/#primaryimage","url":"https:\/\/www.laguiadepamplona.com\/actualidad\/wp-content\/uploads\/2025\/01\/cubo-de-rubik_web_0.webp","contentUrl":"https:\/\/www.laguiadepamplona.com\/actualidad\/wp-content\/uploads\/2025\/01\/cubo-de-rubik_web_0.webp","width":1000,"height":667,"caption":"cubo de rubik"},{"@type":"BreadcrumbList","@id":"https:\/\/www.laguiadepamplona.com\/actualidad\/64-personas-de-tres-paises-diferentes-competiran-en-marzo-en-el-ix-iruna-open-de-cubo-de-rubik-el-17-de-ellas-mujeres\/#breadcrumb","itemListElement":[{"@type":"ListItem","position":1,"name":"Portada","item":"https:\/\/www.laguiadepamplona.com\/actualidad\/"},{"@type":"ListItem","position":2,"name":"64 personas de tres pa\u00edses diferentes competir\u00e1n en marzo en el IX Iru\u00f1a Open de cubo de Rubik, el 17% de ellas mujeres"}]},{"@type":"WebSite","@id":"https:\/\/www.laguiadepamplona.com\/actualidad\/#website","url":"https:\/\/www.laguiadepamplona.com\/actualidad\/","name":"La gu\u00eda de Pamplona","description":"Noticias de Pamplona","publisher":{"@id":"https:\/\/www.laguiadepamplona.com\/actualidad\/#organization"},"potentialAction":[{"@type":"SearchAction","target":{"@type":"EntryPoint","urlTemplate":"https:\/\/www.laguiadepamplona.com\/actualidad\/?s={search_term_string}"},"query-input":{"@type":"PropertyValueSpecification","valueRequired":true,"valueName":"search_term_string"}}],"inLanguage":"es"},{"@type":"Organization","@id":"https:\/\/www.laguiadepamplona.com\/actualidad\/#organization","name":"La Gu\u00eda de Pamplona \/ Noticias","url":"https:\/\/www.laguiadepamplona.com\/actualidad\/","logo":{"@type":"ImageObject","inLanguage":"es","@id":"https:\/\/www.laguiadepamplona.com\/actualidad\/#\/schema\/logo\/image\/","url":"https:\/\/www.laguiadepamplona.com\/actualidad\/wp-content\/uploads\/2018\/11\/logo-laguiadepamplona18-web1.png","contentUrl":"https:\/\/www.laguiadepamplona.com\/actualidad\/wp-content\/uploads\/2018\/11\/logo-laguiadepamplona18-web1.png","width":600,"height":196,"caption":"La Gu\u00eda de Pamplona \/ Noticias"},"image":{"@id":"https:\/\/www.laguiadepamplona.com\/actualidad\/#\/schema\/logo\/image\/"},"sameAs":["https:\/\/www.facebook.com\/laguiadepamplonacom-133175176762273\/?ref=hl","https:\/\/x.com\/LaGuiadPamplona","https:\/\/www.instagram.com\/la_guia_de_pamplona\/","https:\/\/www.youtube.com\/user\/laguiadepamplona"]},{"@type":"Person","@id":"https:\/\/www.laguiadepamplona.com\/actualidad\/#\/schema\/person\/efe887376f0213d4657c93adc50b1fdb","name":"La Gu\u00eda de Pamplona","image":{"@type":"ImageObject","inLanguage":"es","@id":"https:\/\/secure.gravatar.com\/avatar\/b6992f131dc8d30ab0dff15446e9d346d9dbd95992de0fef795073f5ea83a81c?s=96&d=mm&r=g","url":"https:\/\/secure.gravatar.com\/avatar\/b6992f131dc8d30ab0dff15446e9d346d9dbd95992de0fef795073f5ea83a81c?s=96&d=mm&r=g","contentUrl":"https:\/\/secure.gravatar.com\/avatar\/b6992f131dc8d30ab0dff15446e9d346d9dbd95992de0fef795073f5ea83a81c?s=96&d=mm&r=g","caption":"La Gu\u00eda de Pamplona"}}]}},"post_mailing_queue_ids":[],"_links":{"self":[{"href":"https:\/\/www.laguiadepamplona.com\/actualidad\/wp-json\/wp\/v2\/posts\/52003","targetHints":{"allow":["GET"]}}],"collection":[{"href":"https:\/\/www.laguiadepamplona.com\/actualidad\/wp-json\/wp\/v2\/posts"}],"about":[{"href":"https:\/\/www.laguiadepamplona.com\/actualidad\/wp-json\/wp\/v2\/types\/post"}],"author":[{"embeddable":true,"href":"https:\/\/www.laguiadepamplona.com\/actualidad\/wp-json\/wp\/v2\/users\/1"}],"replies":[{"embeddable":true,"href":"https:\/\/www.laguiadepamplona.com\/actualidad\/wp-json\/wp\/v2\/comments?post=52003"}],"version-history":[{"count":1,"href":"https:\/\/www.laguiadepamplona.com\/actualidad\/wp-json\/wp\/v2\/posts\/52003\/revisions"}],"predecessor-version":[{"id":52004,"href":"https:\/\/www.laguiadepamplona.com\/actualidad\/wp-json\/wp\/v2\/posts\/52003\/revisions\/52004"}],"wp:featuredmedia":[{"embeddable":true,"href":"https:\/\/www.laguiadepamplona.com\/actualidad\/wp-json\/wp\/v2\/media\/51918"}],"wp:attachment":[{"href":"https:\/\/www.laguiadepamplona.com\/actualidad\/wp-json\/wp\/v2\/media?parent=52003"}],"wp:term":[{"taxonomy":"category","embeddable":true,"href":"https:\/\/www.laguiadepamplona.com\/actualidad\/wp-json\/wp\/v2\/categories?post=52003"},{"taxonomy":"post_tag","embeddable":true,"href":"https:\/\/www.laguiadepamplona.com\/actualidad\/wp-json\/wp\/v2\/tags?post=52003"}],"curies":[{"name":"wp","href":"https:\/\/api.w.org\/{rel}","templated":true}]}}