{"id":52001,"date":"2025-02-05T14:33:48","date_gmt":"2025-02-05T12:33:48","guid":{"rendered":"https:\/\/www.laguiadepamplona.com\/actualidad\/?p=52001"},"modified":"2025-02-05T14:33:48","modified_gmt":"2025-02-05T12:33:48","slug":"pamplona-activa-el-sistema-de-informacion-sobre-el-riesgo-por-polen-un-servicio-gratuito-con-mas-de15-anos-de-trayectoria-al-que-estan-suscritas-mas-de-1-850-personas","status":"publish","type":"post","link":"https:\/\/www.laguiadepamplona.com\/actualidad\/pamplona-activa-el-sistema-de-informacion-sobre-el-riesgo-por-polen-un-servicio-gratuito-con-mas-de15-anos-de-trayectoria-al-que-estan-suscritas-mas-de-1-850-personas\/","title":{"rendered":"Pamplona activa el sistema de informaci\u00f3n sobre el riesgo por polen, un servicio gratuito con m\u00e1s de15 a\u00f1os de trayectoria al que est\u00e1n suscritas m\u00e1s de 1.850 personas"},"content":{"rendered":"<h2>Hasta el 27 de junio se enviar\u00e1 por SMS y se difundir\u00e1 en la web y las redes sociales una predicci\u00f3n semanal del nivel de polinizaci\u00f3n en la ciudad<\/h2>\n<p><!--more--><\/p>\n<p>El Ayuntamiento de Pamplona ha activado el sistema de informaci\u00f3n sanitaria sobre el nivel de riesgo de polen, al que est\u00e1n suscritas m\u00e1s de 1.850 personas. Semanalmente, y hasta el 27 de junio, los lunes se enviar\u00e1 informaci\u00f3n v\u00eda SMS o correo electr\u00f3nico sobre los niveles de polinizaci\u00f3n de la semana entrante, informaci\u00f3n especialmente importante para las personas que padecen alergias. Como el a\u00f1o pasado, se ha adelantado el env\u00edo de correos extendiendo el servicio 4 semanas m\u00e1s.<\/p>\n<p>La solicitud de este servicio es gratuita y se puede realizar llamando al Tel\u00e9fono de Atenci\u00f3n Ciudadana 010 (948 420100), indicando nombre, n\u00famero de tel\u00e9fono m\u00f3vil o correo electr\u00f3nico donde desee recibir la informaci\u00f3n. Tambi\u00e9n se puede solicitor a trav\u00e9s del correo electr\u00f3nico <a href=\"mailto:010@pamplona.es\">010@pamplona.es<\/a>.<\/p>\n<p>Esa informaci\u00f3n tambi\u00e9n figurar\u00e1 en la portada de la p\u00e1gina <a href=\"http:\/\/www.pamplona.es\" target=\"_blank\" rel=\"noopener\">www.pamplona.es<\/a> en la que se muestra una fotograf\u00eda de las especies vegetales con su nivel de riesgo de polen, establecido en nivel bajo, medio y alto, y se difundir\u00e1 en los perfiles que el Consistorio tiene en las diferentes redes sociales. Tambi\u00e9n la informaci\u00f3n formar\u00e1 parte del microespacio radiof\u00f3nico de servicios p\u00fablico \u201cD\u00eda a d\u00eda tu ciudad\u201d. El Ayuntamiento ofrece este servicio de informaci\u00f3n sobre el riesgo de polen en colaboraci\u00f3n con el Instituto de Salud P\u00fablica y Laboral de Navarra, que facilita la concentraci\u00f3n de granos de polen por metro c\u00fabico de aire.<\/p>\n<p>En la ciudad hay varias especies de \u00e1rboles y plantas que pueden ocasionar molestias a las personas sensibles a esos p\u00f3lenes. Se trata, principalmente, del aliso, el cipr\u00e9s, el pino, el olmo, el abedul, el fresno, el cedro, la encina, el roble, el olivo, el casta\u00f1o, la platanera, las gramineas, el plantago y las urtic\u00e1ceas. Las concentraciones de las diferentes espacies de \u00e1rboles y su distribuci\u00f3n por barrios se pueden consultar en <a href=\"https:\/\/www.pamplona.es\/temas\/medio-ambiente-y-salud\/punto-de-informacion-sanitaria\/niveles-de-polen#anchor2\" target=\"_blank\" rel=\"noopener\">la misma web<\/a>.<\/p>\n<p>El Consistorio comenz\u00f3 a ofrecer proactivamente esta informaci\u00f3n a la ciudadan\u00eda en el a\u00f1o 2010, es decir, hace m\u00e1s de 15 a\u00f1os, y, desde entonces el n\u00famero de personas suscritas ha crecido exponencialmente. Si el servicio arranc\u00f3 con 330 usuarios, en 2015 ya eran 1.035 y en 2020, 1.581. El pasado a\u00f1os las personas usuarias crecieron en 81 altas acabando el servicio con 1.856 registros en una temporada en la que, desde el Ayuntamiento, se remitieron 30.507 SMS y casi 4.000 correos.<\/p>\n<p>&nbsp;<\/p>\n<h3><strong>15 a\u00f1os de datos<\/strong><\/h3>\n<p><strong>\u00a0<\/strong><\/p>\n<table width=\"95\">\n<tbody>\n<tr>\n<td width=\"45\">A\u00f1o<\/td>\n<td width=\"49\">Inscripciones<\/td>\n<\/tr>\n<tr>\n<td width=\"45\">2010<\/td>\n<td width=\"49\">236<\/td>\n<\/tr>\n<tr>\n<td width=\"45\">2011<\/td>\n<td width=\"49\">330<\/td>\n<\/tr>\n<tr>\n<td width=\"45\">2012<\/td>\n<td width=\"49\">362<\/td>\n<\/tr>\n<tr>\n<td width=\"45\">2013<\/td>\n<td width=\"49\">530<\/td>\n<\/tr>\n<tr>\n<td width=\"45\">2014<\/td>\n<td width=\"49\">846<\/td>\n<\/tr>\n<tr>\n<td width=\"45\">2015<\/td>\n<td width=\"49\">1.035<\/td>\n<\/tr>\n<tr>\n<td width=\"45\">2016<\/td>\n<td width=\"49\">1.182<\/td>\n<\/tr>\n<tr>\n<td width=\"45\">2017<\/td>\n<td width=\"49\">1.323<\/td>\n<\/tr>\n<tr>\n<td width=\"45\">2018<\/td>\n<td width=\"49\">1.404<\/td>\n<\/tr>\n<tr>\n<td width=\"45\">2019<\/td>\n<td width=\"49\">1.496<\/td>\n<\/tr>\n<tr>\n<td width=\"45\">2020<\/td>\n<td width=\"49\">1.581<\/td>\n<\/tr>\n<tr>\n<td width=\"45\">2021<\/td>\n<td width=\"49\">1.674<\/td>\n<\/tr>\n<tr>\n<td width=\"45\">2022<\/td>\n<td width=\"49\">1.726<\/td>\n<\/tr>\n<tr>\n<td width=\"45\">2023<\/td>\n<td width=\"49\">1.775<\/td>\n<\/tr>\n<tr>\n<td width=\"45\">2024<\/td>\n<td width=\"49\">1.850<\/td>\n<\/tr>\n<\/tbody>\n<\/table>\n","protected":false},"excerpt":{"rendered":"<p>Hasta el 27 de junio se enviar\u00e1 por SMS y se difundir\u00e1 en la web y las redes sociales una predicci\u00f3n semanal del nivel de polinizaci\u00f3n en la ciudad<\/p>\n","protected":false},"author":1,"featured_media":49259,"comment_status":"open","ping_status":"closed","sticky":false,"template":"","format":"standard","meta":{"footnotes":""},"categories":[2],"tags":[],"class_list":["post-52001","post","type-post","status-publish","format-standard","has-post-thumbnail","hentry","category-ayuntamiento-pamplona"],"yoast_head":"<!-- This site is optimized with the Yoast SEO plugin v27.3 - https:\/\/yoast.com\/product\/yoast-seo-wordpress\/ -->\n<title>Pamplona activa el sistema de informaci\u00f3n sobre el riesgo por polen, un servicio gratuito con m\u00e1s de15 a\u00f1os de trayectoria al que est\u00e1n suscritas m\u00e1s de 1.850 personas<\/title>\n<meta name=\"description\" content=\"Hasta el 27 de junio se enviar\u00e1 por SMS y se difundir\u00e1 en la web y las redes sociales una predicci\u00f3n semanal del nivel de polinizaci\u00f3n\" \/>\n<meta name=\"robots\" content=\"index, follow, max-snippet:-1, max-image-preview:large, max-video-preview:-1\" \/>\n<link rel=\"canonical\" href=\"https:\/\/www.laguiadepamplona.com\/actualidad\/pamplona-activa-el-sistema-de-informacion-sobre-el-riesgo-por-polen-un-servicio-gratuito-con-mas-de15-anos-de-trayectoria-al-que-estan-suscritas-mas-de-1-850-personas\/\" \/>\n<meta property=\"og:locale\" content=\"es_ES\" \/>\n<meta property=\"og:type\" content=\"article\" \/>\n<meta property=\"og:title\" content=\"Pamplona activa el sistema de informaci\u00f3n sobre el riesgo por polen, un servicio gratuito con m\u00e1s de15 a\u00f1os de trayectoria al que est\u00e1n suscritas m\u00e1s de 1.850 personas\" \/>\n<meta property=\"og:description\" content=\"Hasta el 27 de junio se enviar\u00e1 por SMS y se difundir\u00e1 en la web y las redes sociales una predicci\u00f3n semanal del nivel de polinizaci\u00f3n\" \/>\n<meta property=\"og:url\" content=\"https:\/\/www.laguiadepamplona.com\/actualidad\/pamplona-activa-el-sistema-de-informacion-sobre-el-riesgo-por-polen-un-servicio-gratuito-con-mas-de15-anos-de-trayectoria-al-que-estan-suscritas-mas-de-1-850-personas\/\" \/>\n<meta property=\"og:site_name\" content=\"La Gu\u00eda de Pamplona\" \/>\n<meta property=\"article:publisher\" content=\"https:\/\/www.facebook.com\/laguiadepamplonacom-133175176762273\/?ref=hl\" \/>\n<meta property=\"article:published_time\" content=\"2025-02-05T12:33:48+00:00\" \/>\n<meta property=\"og:image\" content=\"https:\/\/www.laguiadepamplona.com\/actualidad\/wp-content\/uploads\/2024\/04\/polen-baja.jpg\" \/>\n\t<meta property=\"og:image:width\" content=\"1000\" \/>\n\t<meta property=\"og:image:height\" content=\"667\" \/>\n\t<meta property=\"og:image:type\" content=\"image\/jpeg\" \/>\n<meta name=\"author\" content=\"La Gu\u00eda de Pamplona\" \/>\n<meta name=\"twitter:card\" content=\"summary_large_image\" \/>\n<meta name=\"twitter:creator\" content=\"@LaGuiadPamplona\" \/>\n<meta name=\"twitter:site\" content=\"@LaGuiadPamplona\" \/>\n<meta name=\"twitter:label1\" content=\"Escrito por\" \/>\n\t<meta name=\"twitter:data1\" content=\"La Gu\u00eda de Pamplona\" \/>\n\t<meta name=\"twitter:label2\" content=\"Tiempo de lectura\" \/>\n\t<meta name=\"twitter:data2\" content=\"3 minutos\" \/>\n<script type=\"application\/ld+json\" class=\"yoast-schema-graph\">{\"@context\":\"https:\\\/\\\/schema.org\",\"@graph\":[{\"@type\":\"Article\",\"@id\":\"https:\\\/\\\/www.laguiadepamplona.com\\\/actualidad\\\/pamplona-activa-el-sistema-de-informacion-sobre-el-riesgo-por-polen-un-servicio-gratuito-con-mas-de15-anos-de-trayectoria-al-que-estan-suscritas-mas-de-1-850-personas\\\/#article\",\"isPartOf\":{\"@id\":\"https:\\\/\\\/www.laguiadepamplona.com\\\/actualidad\\\/pamplona-activa-el-sistema-de-informacion-sobre-el-riesgo-por-polen-un-servicio-gratuito-con-mas-de15-anos-de-trayectoria-al-que-estan-suscritas-mas-de-1-850-personas\\\/\"},\"author\":{\"name\":\"La Gu\u00eda de Pamplona\",\"@id\":\"https:\\\/\\\/www.laguiadepamplona.com\\\/actualidad\\\/#\\\/schema\\\/person\\\/efe887376f0213d4657c93adc50b1fdb\"},\"headline\":\"Pamplona activa el sistema de informaci\u00f3n sobre el riesgo por polen, un servicio gratuito con m\u00e1s de15 a\u00f1os de trayectoria al que est\u00e1n suscritas m\u00e1s de 1.850 personas\",\"datePublished\":\"2025-02-05T12:33:48+00:00\",\"mainEntityOfPage\":{\"@id\":\"https:\\\/\\\/www.laguiadepamplona.com\\\/actualidad\\\/pamplona-activa-el-sistema-de-informacion-sobre-el-riesgo-por-polen-un-servicio-gratuito-con-mas-de15-anos-de-trayectoria-al-que-estan-suscritas-mas-de-1-850-personas\\\/\"},\"wordCount\":487,\"commentCount\":0,\"publisher\":{\"@id\":\"https:\\\/\\\/www.laguiadepamplona.com\\\/actualidad\\\/#organization\"},\"image\":{\"@id\":\"https:\\\/\\\/www.laguiadepamplona.com\\\/actualidad\\\/pamplona-activa-el-sistema-de-informacion-sobre-el-riesgo-por-polen-un-servicio-gratuito-con-mas-de15-anos-de-trayectoria-al-que-estan-suscritas-mas-de-1-850-personas\\\/#primaryimage\"},\"thumbnailUrl\":\"https:\\\/\\\/www.laguiadepamplona.com\\\/actualidad\\\/wp-content\\\/uploads\\\/2024\\\/04\\\/polen-baja.jpg\",\"articleSection\":[\"Ayto Pamplona\"],\"inLanguage\":\"es\",\"potentialAction\":[{\"@type\":\"CommentAction\",\"name\":\"Comment\",\"target\":[\"https:\\\/\\\/www.laguiadepamplona.com\\\/actualidad\\\/pamplona-activa-el-sistema-de-informacion-sobre-el-riesgo-por-polen-un-servicio-gratuito-con-mas-de15-anos-de-trayectoria-al-que-estan-suscritas-mas-de-1-850-personas\\\/#respond\"]}]},{\"@type\":\"WebPage\",\"@id\":\"https:\\\/\\\/www.laguiadepamplona.com\\\/actualidad\\\/pamplona-activa-el-sistema-de-informacion-sobre-el-riesgo-por-polen-un-servicio-gratuito-con-mas-de15-anos-de-trayectoria-al-que-estan-suscritas-mas-de-1-850-personas\\\/\",\"url\":\"https:\\\/\\\/www.laguiadepamplona.com\\\/actualidad\\\/pamplona-activa-el-sistema-de-informacion-sobre-el-riesgo-por-polen-un-servicio-gratuito-con-mas-de15-anos-de-trayectoria-al-que-estan-suscritas-mas-de-1-850-personas\\\/\",\"name\":\"Pamplona activa el sistema de informaci\u00f3n sobre el riesgo por polen, un servicio gratuito con m\u00e1s de15 a\u00f1os de trayectoria al que est\u00e1n suscritas m\u00e1s de 1.850 personas\",\"isPartOf\":{\"@id\":\"https:\\\/\\\/www.laguiadepamplona.com\\\/actualidad\\\/#website\"},\"primaryImageOfPage\":{\"@id\":\"https:\\\/\\\/www.laguiadepamplona.com\\\/actualidad\\\/pamplona-activa-el-sistema-de-informacion-sobre-el-riesgo-por-polen-un-servicio-gratuito-con-mas-de15-anos-de-trayectoria-al-que-estan-suscritas-mas-de-1-850-personas\\\/#primaryimage\"},\"image\":{\"@id\":\"https:\\\/\\\/www.laguiadepamplona.com\\\/actualidad\\\/pamplona-activa-el-sistema-de-informacion-sobre-el-riesgo-por-polen-un-servicio-gratuito-con-mas-de15-anos-de-trayectoria-al-que-estan-suscritas-mas-de-1-850-personas\\\/#primaryimage\"},\"thumbnailUrl\":\"https:\\\/\\\/www.laguiadepamplona.com\\\/actualidad\\\/wp-content\\\/uploads\\\/2024\\\/04\\\/polen-baja.jpg\",\"datePublished\":\"2025-02-05T12:33:48+00:00\",\"description\":\"Hasta el 27 de junio se enviar\u00e1 por SMS y se difundir\u00e1 en la web y las redes sociales una predicci\u00f3n semanal del nivel de polinizaci\u00f3n\",\"breadcrumb\":{\"@id\":\"https:\\\/\\\/www.laguiadepamplona.com\\\/actualidad\\\/pamplona-activa-el-sistema-de-informacion-sobre-el-riesgo-por-polen-un-servicio-gratuito-con-mas-de15-anos-de-trayectoria-al-que-estan-suscritas-mas-de-1-850-personas\\\/#breadcrumb\"},\"inLanguage\":\"es\",\"potentialAction\":[{\"@type\":\"ReadAction\",\"target\":[\"https:\\\/\\\/www.laguiadepamplona.com\\\/actualidad\\\/pamplona-activa-el-sistema-de-informacion-sobre-el-riesgo-por-polen-un-servicio-gratuito-con-mas-de15-anos-de-trayectoria-al-que-estan-suscritas-mas-de-1-850-personas\\\/\"]}]},{\"@type\":\"ImageObject\",\"inLanguage\":\"es\",\"@id\":\"https:\\\/\\\/www.laguiadepamplona.com\\\/actualidad\\\/pamplona-activa-el-sistema-de-informacion-sobre-el-riesgo-por-polen-un-servicio-gratuito-con-mas-de15-anos-de-trayectoria-al-que-estan-suscritas-mas-de-1-850-personas\\\/#primaryimage\",\"url\":\"https:\\\/\\\/www.laguiadepamplona.com\\\/actualidad\\\/wp-content\\\/uploads\\\/2024\\\/04\\\/polen-baja.jpg\",\"contentUrl\":\"https:\\\/\\\/www.laguiadepamplona.com\\\/actualidad\\\/wp-content\\\/uploads\\\/2024\\\/04\\\/polen-baja.jpg\",\"width\":1000,\"height\":667,\"caption\":\"polen\"},{\"@type\":\"BreadcrumbList\",\"@id\":\"https:\\\/\\\/www.laguiadepamplona.com\\\/actualidad\\\/pamplona-activa-el-sistema-de-informacion-sobre-el-riesgo-por-polen-un-servicio-gratuito-con-mas-de15-anos-de-trayectoria-al-que-estan-suscritas-mas-de-1-850-personas\\\/#breadcrumb\",\"itemListElement\":[{\"@type\":\"ListItem\",\"position\":1,\"name\":\"Portada\",\"item\":\"https:\\\/\\\/www.laguiadepamplona.com\\\/actualidad\\\/\"},{\"@type\":\"ListItem\",\"position\":2,\"name\":\"Pamplona activa el sistema de informaci\u00f3n sobre el riesgo por polen, un servicio gratuito con m\u00e1s de15 a\u00f1os de trayectoria al que est\u00e1n suscritas m\u00e1s de 1.850 personas\"}]},{\"@type\":\"WebSite\",\"@id\":\"https:\\\/\\\/www.laguiadepamplona.com\\\/actualidad\\\/#website\",\"url\":\"https:\\\/\\\/www.laguiadepamplona.com\\\/actualidad\\\/\",\"name\":\"La gu\u00eda de Pamplona\",\"description\":\"Noticias de Pamplona\",\"publisher\":{\"@id\":\"https:\\\/\\\/www.laguiadepamplona.com\\\/actualidad\\\/#organization\"},\"potentialAction\":[{\"@type\":\"SearchAction\",\"target\":{\"@type\":\"EntryPoint\",\"urlTemplate\":\"https:\\\/\\\/www.laguiadepamplona.com\\\/actualidad\\\/?s={search_term_string}\"},\"query-input\":{\"@type\":\"PropertyValueSpecification\",\"valueRequired\":true,\"valueName\":\"search_term_string\"}}],\"inLanguage\":\"es\"},{\"@type\":\"Organization\",\"@id\":\"https:\\\/\\\/www.laguiadepamplona.com\\\/actualidad\\\/#organization\",\"name\":\"La Gu\u00eda de Pamplona \\\/ Noticias\",\"url\":\"https:\\\/\\\/www.laguiadepamplona.com\\\/actualidad\\\/\",\"logo\":{\"@type\":\"ImageObject\",\"inLanguage\":\"es\",\"@id\":\"https:\\\/\\\/www.laguiadepamplona.com\\\/actualidad\\\/#\\\/schema\\\/logo\\\/image\\\/\",\"url\":\"https:\\\/\\\/www.laguiadepamplona.com\\\/actualidad\\\/wp-content\\\/uploads\\\/2018\\\/11\\\/logo-laguiadepamplona18-web1.png\",\"contentUrl\":\"https:\\\/\\\/www.laguiadepamplona.com\\\/actualidad\\\/wp-content\\\/uploads\\\/2018\\\/11\\\/logo-laguiadepamplona18-web1.png\",\"width\":600,\"height\":196,\"caption\":\"La Gu\u00eda de Pamplona \\\/ Noticias\"},\"image\":{\"@id\":\"https:\\\/\\\/www.laguiadepamplona.com\\\/actualidad\\\/#\\\/schema\\\/logo\\\/image\\\/\"},\"sameAs\":[\"https:\\\/\\\/www.facebook.com\\\/laguiadepamplonacom-133175176762273\\\/?ref=hl\",\"https:\\\/\\\/x.com\\\/LaGuiadPamplona\",\"https:\\\/\\\/www.instagram.com\\\/la_guia_de_pamplona\\\/\",\"https:\\\/\\\/www.youtube.com\\\/user\\\/laguiadepamplona\"]},{\"@type\":\"Person\",\"@id\":\"https:\\\/\\\/www.laguiadepamplona.com\\\/actualidad\\\/#\\\/schema\\\/person\\\/efe887376f0213d4657c93adc50b1fdb\",\"name\":\"La Gu\u00eda de Pamplona\",\"image\":{\"@type\":\"ImageObject\",\"inLanguage\":\"es\",\"@id\":\"https:\\\/\\\/secure.gravatar.com\\\/avatar\\\/b6992f131dc8d30ab0dff15446e9d346d9dbd95992de0fef795073f5ea83a81c?s=96&d=mm&r=g\",\"url\":\"https:\\\/\\\/secure.gravatar.com\\\/avatar\\\/b6992f131dc8d30ab0dff15446e9d346d9dbd95992de0fef795073f5ea83a81c?s=96&d=mm&r=g\",\"contentUrl\":\"https:\\\/\\\/secure.gravatar.com\\\/avatar\\\/b6992f131dc8d30ab0dff15446e9d346d9dbd95992de0fef795073f5ea83a81c?s=96&d=mm&r=g\",\"caption\":\"La Gu\u00eda de Pamplona\"}}]}<\/script>\n<!-- \/ Yoast SEO plugin. -->","yoast_head_json":{"title":"Pamplona activa el sistema de informaci\u00f3n sobre el riesgo por polen, un servicio gratuito con m\u00e1s de15 a\u00f1os de trayectoria al que est\u00e1n suscritas m\u00e1s de 1.850 personas","description":"Hasta el 27 de junio se enviar\u00e1 por SMS y se difundir\u00e1 en la web y las redes sociales una predicci\u00f3n semanal del nivel de polinizaci\u00f3n","robots":{"index":"index","follow":"follow","max-snippet":"max-snippet:-1","max-image-preview":"max-image-preview:large","max-video-preview":"max-video-preview:-1"},"canonical":"https:\/\/www.laguiadepamplona.com\/actualidad\/pamplona-activa-el-sistema-de-informacion-sobre-el-riesgo-por-polen-un-servicio-gratuito-con-mas-de15-anos-de-trayectoria-al-que-estan-suscritas-mas-de-1-850-personas\/","og_locale":"es_ES","og_type":"article","og_title":"Pamplona activa el sistema de informaci\u00f3n sobre el riesgo por polen, un servicio gratuito con m\u00e1s de15 a\u00f1os de trayectoria al que est\u00e1n suscritas m\u00e1s de 1.850 personas","og_description":"Hasta el 27 de junio se enviar\u00e1 por SMS y se difundir\u00e1 en la web y las redes sociales una predicci\u00f3n semanal del nivel de polinizaci\u00f3n","og_url":"https:\/\/www.laguiadepamplona.com\/actualidad\/pamplona-activa-el-sistema-de-informacion-sobre-el-riesgo-por-polen-un-servicio-gratuito-con-mas-de15-anos-de-trayectoria-al-que-estan-suscritas-mas-de-1-850-personas\/","og_site_name":"La Gu\u00eda de Pamplona","article_publisher":"https:\/\/www.facebook.com\/laguiadepamplonacom-133175176762273\/?ref=hl","article_published_time":"2025-02-05T12:33:48+00:00","og_image":[{"width":1000,"height":667,"url":"https:\/\/www.laguiadepamplona.com\/actualidad\/wp-content\/uploads\/2024\/04\/polen-baja.jpg","type":"image\/jpeg"}],"author":"La Gu\u00eda de Pamplona","twitter_card":"summary_large_image","twitter_creator":"@LaGuiadPamplona","twitter_site":"@LaGuiadPamplona","twitter_misc":{"Escrito por":"La Gu\u00eda de Pamplona","Tiempo de lectura":"3 minutos"},"schema":{"@context":"https:\/\/schema.org","@graph":[{"@type":"Article","@id":"https:\/\/www.laguiadepamplona.com\/actualidad\/pamplona-activa-el-sistema-de-informacion-sobre-el-riesgo-por-polen-un-servicio-gratuito-con-mas-de15-anos-de-trayectoria-al-que-estan-suscritas-mas-de-1-850-personas\/#article","isPartOf":{"@id":"https:\/\/www.laguiadepamplona.com\/actualidad\/pamplona-activa-el-sistema-de-informacion-sobre-el-riesgo-por-polen-un-servicio-gratuito-con-mas-de15-anos-de-trayectoria-al-que-estan-suscritas-mas-de-1-850-personas\/"},"author":{"name":"La Gu\u00eda de Pamplona","@id":"https:\/\/www.laguiadepamplona.com\/actualidad\/#\/schema\/person\/efe887376f0213d4657c93adc50b1fdb"},"headline":"Pamplona activa el sistema de informaci\u00f3n sobre el riesgo por polen, un servicio gratuito con m\u00e1s de15 a\u00f1os de trayectoria al que est\u00e1n suscritas m\u00e1s de 1.850 personas","datePublished":"2025-02-05T12:33:48+00:00","mainEntityOfPage":{"@id":"https:\/\/www.laguiadepamplona.com\/actualidad\/pamplona-activa-el-sistema-de-informacion-sobre-el-riesgo-por-polen-un-servicio-gratuito-con-mas-de15-anos-de-trayectoria-al-que-estan-suscritas-mas-de-1-850-personas\/"},"wordCount":487,"commentCount":0,"publisher":{"@id":"https:\/\/www.laguiadepamplona.com\/actualidad\/#organization"},"image":{"@id":"https:\/\/www.laguiadepamplona.com\/actualidad\/pamplona-activa-el-sistema-de-informacion-sobre-el-riesgo-por-polen-un-servicio-gratuito-con-mas-de15-anos-de-trayectoria-al-que-estan-suscritas-mas-de-1-850-personas\/#primaryimage"},"thumbnailUrl":"https:\/\/www.laguiadepamplona.com\/actualidad\/wp-content\/uploads\/2024\/04\/polen-baja.jpg","articleSection":["Ayto Pamplona"],"inLanguage":"es","potentialAction":[{"@type":"CommentAction","name":"Comment","target":["https:\/\/www.laguiadepamplona.com\/actualidad\/pamplona-activa-el-sistema-de-informacion-sobre-el-riesgo-por-polen-un-servicio-gratuito-con-mas-de15-anos-de-trayectoria-al-que-estan-suscritas-mas-de-1-850-personas\/#respond"]}]},{"@type":"WebPage","@id":"https:\/\/www.laguiadepamplona.com\/actualidad\/pamplona-activa-el-sistema-de-informacion-sobre-el-riesgo-por-polen-un-servicio-gratuito-con-mas-de15-anos-de-trayectoria-al-que-estan-suscritas-mas-de-1-850-personas\/","url":"https:\/\/www.laguiadepamplona.com\/actualidad\/pamplona-activa-el-sistema-de-informacion-sobre-el-riesgo-por-polen-un-servicio-gratuito-con-mas-de15-anos-de-trayectoria-al-que-estan-suscritas-mas-de-1-850-personas\/","name":"Pamplona activa el sistema de informaci\u00f3n sobre el riesgo por polen, un servicio gratuito con m\u00e1s de15 a\u00f1os de trayectoria al que est\u00e1n suscritas m\u00e1s de 1.850 personas","isPartOf":{"@id":"https:\/\/www.laguiadepamplona.com\/actualidad\/#website"},"primaryImageOfPage":{"@id":"https:\/\/www.laguiadepamplona.com\/actualidad\/pamplona-activa-el-sistema-de-informacion-sobre-el-riesgo-por-polen-un-servicio-gratuito-con-mas-de15-anos-de-trayectoria-al-que-estan-suscritas-mas-de-1-850-personas\/#primaryimage"},"image":{"@id":"https:\/\/www.laguiadepamplona.com\/actualidad\/pamplona-activa-el-sistema-de-informacion-sobre-el-riesgo-por-polen-un-servicio-gratuito-con-mas-de15-anos-de-trayectoria-al-que-estan-suscritas-mas-de-1-850-personas\/#primaryimage"},"thumbnailUrl":"https:\/\/www.laguiadepamplona.com\/actualidad\/wp-content\/uploads\/2024\/04\/polen-baja.jpg","datePublished":"2025-02-05T12:33:48+00:00","description":"Hasta el 27 de junio se enviar\u00e1 por SMS y se difundir\u00e1 en la web y las redes sociales una predicci\u00f3n semanal del nivel de polinizaci\u00f3n","breadcrumb":{"@id":"https:\/\/www.laguiadepamplona.com\/actualidad\/pamplona-activa-el-sistema-de-informacion-sobre-el-riesgo-por-polen-un-servicio-gratuito-con-mas-de15-anos-de-trayectoria-al-que-estan-suscritas-mas-de-1-850-personas\/#breadcrumb"},"inLanguage":"es","potentialAction":[{"@type":"ReadAction","target":["https:\/\/www.laguiadepamplona.com\/actualidad\/pamplona-activa-el-sistema-de-informacion-sobre-el-riesgo-por-polen-un-servicio-gratuito-con-mas-de15-anos-de-trayectoria-al-que-estan-suscritas-mas-de-1-850-personas\/"]}]},{"@type":"ImageObject","inLanguage":"es","@id":"https:\/\/www.laguiadepamplona.com\/actualidad\/pamplona-activa-el-sistema-de-informacion-sobre-el-riesgo-por-polen-un-servicio-gratuito-con-mas-de15-anos-de-trayectoria-al-que-estan-suscritas-mas-de-1-850-personas\/#primaryimage","url":"https:\/\/www.laguiadepamplona.com\/actualidad\/wp-content\/uploads\/2024\/04\/polen-baja.jpg","contentUrl":"https:\/\/www.laguiadepamplona.com\/actualidad\/wp-content\/uploads\/2024\/04\/polen-baja.jpg","width":1000,"height":667,"caption":"polen"},{"@type":"BreadcrumbList","@id":"https:\/\/www.laguiadepamplona.com\/actualidad\/pamplona-activa-el-sistema-de-informacion-sobre-el-riesgo-por-polen-un-servicio-gratuito-con-mas-de15-anos-de-trayectoria-al-que-estan-suscritas-mas-de-1-850-personas\/#breadcrumb","itemListElement":[{"@type":"ListItem","position":1,"name":"Portada","item":"https:\/\/www.laguiadepamplona.com\/actualidad\/"},{"@type":"ListItem","position":2,"name":"Pamplona activa el sistema de informaci\u00f3n sobre el riesgo por polen, un servicio gratuito con m\u00e1s de15 a\u00f1os de trayectoria al que est\u00e1n suscritas m\u00e1s de 1.850 personas"}]},{"@type":"WebSite","@id":"https:\/\/www.laguiadepamplona.com\/actualidad\/#website","url":"https:\/\/www.laguiadepamplona.com\/actualidad\/","name":"La gu\u00eda de Pamplona","description":"Noticias de Pamplona","publisher":{"@id":"https:\/\/www.laguiadepamplona.com\/actualidad\/#organization"},"potentialAction":[{"@type":"SearchAction","target":{"@type":"EntryPoint","urlTemplate":"https:\/\/www.laguiadepamplona.com\/actualidad\/?s={search_term_string}"},"query-input":{"@type":"PropertyValueSpecification","valueRequired":true,"valueName":"search_term_string"}}],"inLanguage":"es"},{"@type":"Organization","@id":"https:\/\/www.laguiadepamplona.com\/actualidad\/#organization","name":"La Gu\u00eda de Pamplona \/ Noticias","url":"https:\/\/www.laguiadepamplona.com\/actualidad\/","logo":{"@type":"ImageObject","inLanguage":"es","@id":"https:\/\/www.laguiadepamplona.com\/actualidad\/#\/schema\/logo\/image\/","url":"https:\/\/www.laguiadepamplona.com\/actualidad\/wp-content\/uploads\/2018\/11\/logo-laguiadepamplona18-web1.png","contentUrl":"https:\/\/www.laguiadepamplona.com\/actualidad\/wp-content\/uploads\/2018\/11\/logo-laguiadepamplona18-web1.png","width":600,"height":196,"caption":"La Gu\u00eda de Pamplona \/ Noticias"},"image":{"@id":"https:\/\/www.laguiadepamplona.com\/actualidad\/#\/schema\/logo\/image\/"},"sameAs":["https:\/\/www.facebook.com\/laguiadepamplonacom-133175176762273\/?ref=hl","https:\/\/x.com\/LaGuiadPamplona","https:\/\/www.instagram.com\/la_guia_de_pamplona\/","https:\/\/www.youtube.com\/user\/laguiadepamplona"]},{"@type":"Person","@id":"https:\/\/www.laguiadepamplona.com\/actualidad\/#\/schema\/person\/efe887376f0213d4657c93adc50b1fdb","name":"La Gu\u00eda de Pamplona","image":{"@type":"ImageObject","inLanguage":"es","@id":"https:\/\/secure.gravatar.com\/avatar\/b6992f131dc8d30ab0dff15446e9d346d9dbd95992de0fef795073f5ea83a81c?s=96&d=mm&r=g","url":"https:\/\/secure.gravatar.com\/avatar\/b6992f131dc8d30ab0dff15446e9d346d9dbd95992de0fef795073f5ea83a81c?s=96&d=mm&r=g","contentUrl":"https:\/\/secure.gravatar.com\/avatar\/b6992f131dc8d30ab0dff15446e9d346d9dbd95992de0fef795073f5ea83a81c?s=96&d=mm&r=g","caption":"La Gu\u00eda de Pamplona"}}]}},"post_mailing_queue_ids":[],"_links":{"self":[{"href":"https:\/\/www.laguiadepamplona.com\/actualidad\/wp-json\/wp\/v2\/posts\/52001","targetHints":{"allow":["GET"]}}],"collection":[{"href":"https:\/\/www.laguiadepamplona.com\/actualidad\/wp-json\/wp\/v2\/posts"}],"about":[{"href":"https:\/\/www.laguiadepamplona.com\/actualidad\/wp-json\/wp\/v2\/types\/post"}],"author":[{"embeddable":true,"href":"https:\/\/www.laguiadepamplona.com\/actualidad\/wp-json\/wp\/v2\/users\/1"}],"replies":[{"embeddable":true,"href":"https:\/\/www.laguiadepamplona.com\/actualidad\/wp-json\/wp\/v2\/comments?post=52001"}],"version-history":[{"count":1,"href":"https:\/\/www.laguiadepamplona.com\/actualidad\/wp-json\/wp\/v2\/posts\/52001\/revisions"}],"predecessor-version":[{"id":52002,"href":"https:\/\/www.laguiadepamplona.com\/actualidad\/wp-json\/wp\/v2\/posts\/52001\/revisions\/52002"}],"wp:featuredmedia":[{"embeddable":true,"href":"https:\/\/www.laguiadepamplona.com\/actualidad\/wp-json\/wp\/v2\/media\/49259"}],"wp:attachment":[{"href":"https:\/\/www.laguiadepamplona.com\/actualidad\/wp-json\/wp\/v2\/media?parent=52001"}],"wp:term":[{"taxonomy":"category","embeddable":true,"href":"https:\/\/www.laguiadepamplona.com\/actualidad\/wp-json\/wp\/v2\/categories?post=52001"},{"taxonomy":"post_tag","embeddable":true,"href":"https:\/\/www.laguiadepamplona.com\/actualidad\/wp-json\/wp\/v2\/tags?post=52001"}],"curies":[{"name":"wp","href":"https:\/\/api.w.org\/{rel}","templated":true}]}}