{"id":520,"date":"2014-02-19T11:58:47","date_gmt":"2014-02-19T10:58:47","guid":{"rendered":"http:\/\/laguiadepamplona.es\/noticias\/?p=520"},"modified":"2014-02-19T11:58:47","modified_gmt":"2014-02-19T10:58:47","slug":"un-monologo-de-ion-barbarin-basado-en-un-texto-de-kafka-propuesta-del-ciclo-teatreves-tardes-de-teatro-para-manana-jueves","status":"publish","type":"post","link":"https:\/\/www.laguiadepamplona.com\/actualidad\/un-monologo-de-ion-barbarin-basado-en-un-texto-de-kafka-propuesta-del-ciclo-teatreves-tardes-de-teatro-para-manana-jueves\/","title":{"rendered":"Un mon\u00f3logo de Ion Barbarin basado en un texto de Kafka, propuesta del ciclo \u2018Teatreves. Tardes de teatro\u2019 para ma\u00f1ana jueves"},"content":{"rendered":"<h6>La representaci\u00f3n de la obra \u2018El mono sabio\u2019 tendr\u00e1 lugar en Civivox San Jorge, a las siete y media de la tarde, con entradas a 6 euros<\/h6>\n<p><a href=\"http:\/\/laguiadepamplona.es\/noticias\/wp-content\/uploads\/2014\/02\/teatreves_mono_sabio.jpg\"><img loading=\"lazy\" decoding=\"async\" class=\"alignleft size-medium wp-image-521\" alt=\"teatreves_mono_sabio\" src=\"http:\/\/laguiadepamplona.es\/noticias\/wp-content\/uploads\/2014\/02\/teatreves_mono_sabio-300x225.jpg\" width=\"300\" height=\"225\" \/><\/a>Un mon\u00f3logo protagonizado por Ion Barbarin es la oferta para esta semana del ciclo \u2018Teatreves. Tardes de teatro\u2019, que se viene celebrando durante los jueves del mes de febrero en los centros civivox. Bajo el t\u00edtulo \u2018El mono sabio\u2019, la obra se representar\u00e1 ma\u00f1ana a las siete y media de la tarde en Civivox San Jorge, y las entradas pueden adquirirse en el propio centro al precio de 6 euros.<\/p>\n<p>El texto del espect\u00e1culo es una adaptaci\u00f3n de \u2018El informe para una academia\u2019 de Kafka, y se trata de un mon\u00f3logo muy representado en todo el mundo. Pedro, el mono sabio, es un mono que habla y reflexiona como un ser humano, compartiendo con el p\u00fablico sus experiencias. Atrapado en la Costa del Oro, decide que su futuro no va a ser una jaula, y encuentra una salida a su tremenda soledad en la comunicaci\u00f3n y el contacto con las personas.<\/p>\n<p>La obra, cuya direcci\u00f3n corre a cargo de \u00c1ngel Sag\u00fc\u00e9s, es la tercera que ofrece \u2018Teatreves\u2019, un espacio abierto al teatro profesional navarro en el que se mezclan diversi\u00f3n, cr\u00edtica social y vanguardia, y que finalizar\u00e1 el pr\u00f3ximo jueves d\u00eda 27 en Civivox Iturrama con \u2018OnirO\u2019, obra que interpretar\u00e1 la compa\u00f1\u00eda Circus Tanzia a las siete y media de la tarde a un precio de 6 euros.<\/p>\n<p>&nbsp;<\/p>\n<div>\n<p><strong>Ciclo \u2018Teatreves. Tardes de teatro\u2019<\/strong><\/p>\n<\/div>\n<ul>\n<li><b>\u00a0\u2018El mono sabio\u2019. Ion Barbarin<\/b>\n<ul>\n<li>Jueves 20 de febrero. 19.30 horas. Civivox San Jorge<\/li>\n<\/ul>\n<\/li>\n<li><b>\u2018OnirO\u2019. Circus Tanzia<\/b>\n<ul>\n<li>Jueves 27 de febrero. 19.30 horas. Civivox Iturrama<\/li>\n<\/ul>\n<\/li>\n<\/ul>\n<p>&nbsp;<\/p>\n","protected":false},"excerpt":{"rendered":"<p>La representaci\u00f3n de la obra \u2018El mono sabio\u2019 tendr\u00e1 lugar en Civivox San Jorge, a las siete y media de la tarde, con entradas a 6 euros Un mon\u00f3logo protagonizado&#8230;<\/p>\n","protected":false},"author":1,"featured_media":521,"comment_status":"open","ping_status":"open","sticky":false,"template":"","format":"standard","meta":{"footnotes":""},"categories":[2],"tags":[5,6,18,306,8,9,143,307],"class_list":["post-520","post","type-post","status-publish","format-standard","has-post-thumbnail","hentry","category-ayuntamiento-pamplona","tag-actualidad","tag-ayto-pamplona","tag-civivox-san-jorge","tag-el-mono-sabio","tag-noticias","tag-pamplona","tag-teatreves-tardes-de-teatro","tag-texto-de-kafka"],"yoast_head":"<!-- This site is optimized with the Yoast SEO plugin v27.5 - https:\/\/yoast.com\/product\/yoast-seo-wordpress\/ -->\n<title>Un mon\u00f3logo de Ion Barbarin basado en un texto de Kafka, propuesta del ciclo \u2018Teatreves. Tardes de teatro\u2019 para ma\u00f1ana jueves<\/title>\n<meta name=\"robots\" content=\"index, follow, max-snippet:-1, max-image-preview:large, max-video-preview:-1\" \/>\n<link rel=\"canonical\" href=\"https:\/\/www.laguiadepamplona.com\/actualidad\/un-monologo-de-ion-barbarin-basado-en-un-texto-de-kafka-propuesta-del-ciclo-teatreves-tardes-de-teatro-para-manana-jueves\/\" \/>\n<meta property=\"og:locale\" content=\"es_ES\" \/>\n<meta property=\"og:type\" content=\"article\" \/>\n<meta property=\"og:title\" content=\"Un mon\u00f3logo de Ion Barbarin basado en un texto de Kafka, propuesta del ciclo \u2018Teatreves. Tardes de teatro\u2019 para ma\u00f1ana jueves\" \/>\n<meta property=\"og:description\" content=\"La representaci\u00f3n de la obra \u2018El mono sabio\u2019 tendr\u00e1 lugar en Civivox San Jorge, a las siete y media de la tarde, con entradas a 6 euros Un mon\u00f3logo protagonizado...\" \/>\n<meta property=\"og:url\" content=\"https:\/\/www.laguiadepamplona.com\/actualidad\/un-monologo-de-ion-barbarin-basado-en-un-texto-de-kafka-propuesta-del-ciclo-teatreves-tardes-de-teatro-para-manana-jueves\/\" \/>\n<meta property=\"og:site_name\" content=\"La Gu\u00eda de Pamplona\" \/>\n<meta property=\"article:publisher\" content=\"https:\/\/www.facebook.com\/laguiadepamplonacom-133175176762273\/?ref=hl\" \/>\n<meta property=\"article:published_time\" content=\"2014-02-19T10:58:47+00:00\" \/>\n<meta name=\"author\" content=\"La Gu\u00eda de Pamplona\" \/>\n<meta name=\"twitter:card\" content=\"summary_large_image\" \/>\n<meta name=\"twitter:creator\" content=\"@LaGuiadPamplona\" \/>\n<meta name=\"twitter:site\" content=\"@LaGuiadPamplona\" \/>\n<meta name=\"twitter:label1\" content=\"Escrito por\" \/>\n\t<meta name=\"twitter:data1\" content=\"La Gu\u00eda de Pamplona\" \/>\n\t<meta name=\"twitter:label2\" content=\"Tiempo de lectura\" \/>\n\t<meta name=\"twitter:data2\" content=\"1 minuto\" \/>\n<script type=\"application\/ld+json\" class=\"yoast-schema-graph\">{\"@context\":\"https:\\\/\\\/schema.org\",\"@graph\":[{\"@type\":\"Article\",\"@id\":\"https:\\\/\\\/www.laguiadepamplona.com\\\/actualidad\\\/un-monologo-de-ion-barbarin-basado-en-un-texto-de-kafka-propuesta-del-ciclo-teatreves-tardes-de-teatro-para-manana-jueves\\\/#article\",\"isPartOf\":{\"@id\":\"https:\\\/\\\/www.laguiadepamplona.com\\\/actualidad\\\/un-monologo-de-ion-barbarin-basado-en-un-texto-de-kafka-propuesta-del-ciclo-teatreves-tardes-de-teatro-para-manana-jueves\\\/\"},\"author\":{\"name\":\"La Gu\u00eda de Pamplona\",\"@id\":\"https:\\\/\\\/www.laguiadepamplona.com\\\/actualidad\\\/#\\\/schema\\\/person\\\/efe887376f0213d4657c93adc50b1fdb\"},\"headline\":\"Un mon\u00f3logo de Ion Barbarin basado en un texto de Kafka, propuesta del ciclo \u2018Teatreves. Tardes de teatro\u2019 para ma\u00f1ana jueves\",\"datePublished\":\"2014-02-19T10:58:47+00:00\",\"mainEntityOfPage\":{\"@id\":\"https:\\\/\\\/www.laguiadepamplona.com\\\/actualidad\\\/un-monologo-de-ion-barbarin-basado-en-un-texto-de-kafka-propuesta-del-ciclo-teatreves-tardes-de-teatro-para-manana-jueves\\\/\"},\"wordCount\":308,\"commentCount\":0,\"publisher\":{\"@id\":\"https:\\\/\\\/www.laguiadepamplona.com\\\/actualidad\\\/#organization\"},\"image\":{\"@id\":\"https:\\\/\\\/www.laguiadepamplona.com\\\/actualidad\\\/un-monologo-de-ion-barbarin-basado-en-un-texto-de-kafka-propuesta-del-ciclo-teatreves-tardes-de-teatro-para-manana-jueves\\\/#primaryimage\"},\"thumbnailUrl\":\"\",\"keywords\":[\"actualidad\",\"ayto pamplona\",\"civivox san jorge\",\"El mono sabio\",\"noticias\",\"pamplona\",\"Teatreves. Tardes de teatro\",\"texto de Kafka\"],\"articleSection\":[\"Ayto Pamplona\"],\"inLanguage\":\"es\",\"potentialAction\":[{\"@type\":\"CommentAction\",\"name\":\"Comment\",\"target\":[\"https:\\\/\\\/www.laguiadepamplona.com\\\/actualidad\\\/un-monologo-de-ion-barbarin-basado-en-un-texto-de-kafka-propuesta-del-ciclo-teatreves-tardes-de-teatro-para-manana-jueves\\\/#respond\"]}]},{\"@type\":\"WebPage\",\"@id\":\"https:\\\/\\\/www.laguiadepamplona.com\\\/actualidad\\\/un-monologo-de-ion-barbarin-basado-en-un-texto-de-kafka-propuesta-del-ciclo-teatreves-tardes-de-teatro-para-manana-jueves\\\/\",\"url\":\"https:\\\/\\\/www.laguiadepamplona.com\\\/actualidad\\\/un-monologo-de-ion-barbarin-basado-en-un-texto-de-kafka-propuesta-del-ciclo-teatreves-tardes-de-teatro-para-manana-jueves\\\/\",\"name\":\"Un mon\u00f3logo de Ion Barbarin basado en un texto de Kafka, propuesta del ciclo \u2018Teatreves. Tardes de teatro\u2019 para ma\u00f1ana jueves\",\"isPartOf\":{\"@id\":\"https:\\\/\\\/www.laguiadepamplona.com\\\/actualidad\\\/#website\"},\"primaryImageOfPage\":{\"@id\":\"https:\\\/\\\/www.laguiadepamplona.com\\\/actualidad\\\/un-monologo-de-ion-barbarin-basado-en-un-texto-de-kafka-propuesta-del-ciclo-teatreves-tardes-de-teatro-para-manana-jueves\\\/#primaryimage\"},\"image\":{\"@id\":\"https:\\\/\\\/www.laguiadepamplona.com\\\/actualidad\\\/un-monologo-de-ion-barbarin-basado-en-un-texto-de-kafka-propuesta-del-ciclo-teatreves-tardes-de-teatro-para-manana-jueves\\\/#primaryimage\"},\"thumbnailUrl\":\"\",\"datePublished\":\"2014-02-19T10:58:47+00:00\",\"breadcrumb\":{\"@id\":\"https:\\\/\\\/www.laguiadepamplona.com\\\/actualidad\\\/un-monologo-de-ion-barbarin-basado-en-un-texto-de-kafka-propuesta-del-ciclo-teatreves-tardes-de-teatro-para-manana-jueves\\\/#breadcrumb\"},\"inLanguage\":\"es\",\"potentialAction\":[{\"@type\":\"ReadAction\",\"target\":[\"https:\\\/\\\/www.laguiadepamplona.com\\\/actualidad\\\/un-monologo-de-ion-barbarin-basado-en-un-texto-de-kafka-propuesta-del-ciclo-teatreves-tardes-de-teatro-para-manana-jueves\\\/\"]}]},{\"@type\":\"ImageObject\",\"inLanguage\":\"es\",\"@id\":\"https:\\\/\\\/www.laguiadepamplona.com\\\/actualidad\\\/un-monologo-de-ion-barbarin-basado-en-un-texto-de-kafka-propuesta-del-ciclo-teatreves-tardes-de-teatro-para-manana-jueves\\\/#primaryimage\",\"url\":\"\",\"contentUrl\":\"\"},{\"@type\":\"BreadcrumbList\",\"@id\":\"https:\\\/\\\/www.laguiadepamplona.com\\\/actualidad\\\/un-monologo-de-ion-barbarin-basado-en-un-texto-de-kafka-propuesta-del-ciclo-teatreves-tardes-de-teatro-para-manana-jueves\\\/#breadcrumb\",\"itemListElement\":[{\"@type\":\"ListItem\",\"position\":1,\"name\":\"Portada\",\"item\":\"https:\\\/\\\/www.laguiadepamplona.com\\\/actualidad\\\/\"},{\"@type\":\"ListItem\",\"position\":2,\"name\":\"Un mon\u00f3logo de Ion Barbarin basado en un texto de Kafka, propuesta del ciclo \u2018Teatreves. Tardes de teatro\u2019 para ma\u00f1ana jueves\"}]},{\"@type\":\"WebSite\",\"@id\":\"https:\\\/\\\/www.laguiadepamplona.com\\\/actualidad\\\/#website\",\"url\":\"https:\\\/\\\/www.laguiadepamplona.com\\\/actualidad\\\/\",\"name\":\"La gu\u00eda de Pamplona\",\"description\":\"Noticias de Pamplona\",\"publisher\":{\"@id\":\"https:\\\/\\\/www.laguiadepamplona.com\\\/actualidad\\\/#organization\"},\"potentialAction\":[{\"@type\":\"SearchAction\",\"target\":{\"@type\":\"EntryPoint\",\"urlTemplate\":\"https:\\\/\\\/www.laguiadepamplona.com\\\/actualidad\\\/?s={search_term_string}\"},\"query-input\":{\"@type\":\"PropertyValueSpecification\",\"valueRequired\":true,\"valueName\":\"search_term_string\"}}],\"inLanguage\":\"es\"},{\"@type\":\"Organization\",\"@id\":\"https:\\\/\\\/www.laguiadepamplona.com\\\/actualidad\\\/#organization\",\"name\":\"La Gu\u00eda de Pamplona \\\/ Noticias\",\"url\":\"https:\\\/\\\/www.laguiadepamplona.com\\\/actualidad\\\/\",\"logo\":{\"@type\":\"ImageObject\",\"inLanguage\":\"es\",\"@id\":\"https:\\\/\\\/www.laguiadepamplona.com\\\/actualidad\\\/#\\\/schema\\\/logo\\\/image\\\/\",\"url\":\"https:\\\/\\\/www.laguiadepamplona.com\\\/actualidad\\\/wp-content\\\/uploads\\\/2018\\\/11\\\/logo-laguiadepamplona18-web1.png\",\"contentUrl\":\"https:\\\/\\\/www.laguiadepamplona.com\\\/actualidad\\\/wp-content\\\/uploads\\\/2018\\\/11\\\/logo-laguiadepamplona18-web1.png\",\"width\":600,\"height\":196,\"caption\":\"La Gu\u00eda de Pamplona \\\/ Noticias\"},\"image\":{\"@id\":\"https:\\\/\\\/www.laguiadepamplona.com\\\/actualidad\\\/#\\\/schema\\\/logo\\\/image\\\/\"},\"sameAs\":[\"https:\\\/\\\/www.facebook.com\\\/laguiadepamplonacom-133175176762273\\\/?ref=hl\",\"https:\\\/\\\/x.com\\\/LaGuiadPamplona\",\"https:\\\/\\\/www.instagram.com\\\/la_guia_de_pamplona\\\/\",\"https:\\\/\\\/www.youtube.com\\\/user\\\/laguiadepamplona\"]},{\"@type\":\"Person\",\"@id\":\"https:\\\/\\\/www.laguiadepamplona.com\\\/actualidad\\\/#\\\/schema\\\/person\\\/efe887376f0213d4657c93adc50b1fdb\",\"name\":\"La Gu\u00eda de Pamplona\",\"image\":{\"@type\":\"ImageObject\",\"inLanguage\":\"es\",\"@id\":\"https:\\\/\\\/secure.gravatar.com\\\/avatar\\\/b6992f131dc8d30ab0dff15446e9d346d9dbd95992de0fef795073f5ea83a81c?s=96&d=mm&r=g\",\"url\":\"https:\\\/\\\/secure.gravatar.com\\\/avatar\\\/b6992f131dc8d30ab0dff15446e9d346d9dbd95992de0fef795073f5ea83a81c?s=96&d=mm&r=g\",\"contentUrl\":\"https:\\\/\\\/secure.gravatar.com\\\/avatar\\\/b6992f131dc8d30ab0dff15446e9d346d9dbd95992de0fef795073f5ea83a81c?s=96&d=mm&r=g\",\"caption\":\"La Gu\u00eda de Pamplona\"}}]}<\/script>\n<!-- \/ Yoast SEO plugin. -->","yoast_head_json":{"title":"Un mon\u00f3logo de Ion Barbarin basado en un texto de Kafka, propuesta del ciclo \u2018Teatreves. Tardes de teatro\u2019 para ma\u00f1ana jueves","robots":{"index":"index","follow":"follow","max-snippet":"max-snippet:-1","max-image-preview":"max-image-preview:large","max-video-preview":"max-video-preview:-1"},"canonical":"https:\/\/www.laguiadepamplona.com\/actualidad\/un-monologo-de-ion-barbarin-basado-en-un-texto-de-kafka-propuesta-del-ciclo-teatreves-tardes-de-teatro-para-manana-jueves\/","og_locale":"es_ES","og_type":"article","og_title":"Un mon\u00f3logo de Ion Barbarin basado en un texto de Kafka, propuesta del ciclo \u2018Teatreves. Tardes de teatro\u2019 para ma\u00f1ana jueves","og_description":"La representaci\u00f3n de la obra \u2018El mono sabio\u2019 tendr\u00e1 lugar en Civivox San Jorge, a las siete y media de la tarde, con entradas a 6 euros Un mon\u00f3logo protagonizado...","og_url":"https:\/\/www.laguiadepamplona.com\/actualidad\/un-monologo-de-ion-barbarin-basado-en-un-texto-de-kafka-propuesta-del-ciclo-teatreves-tardes-de-teatro-para-manana-jueves\/","og_site_name":"La Gu\u00eda de Pamplona","article_publisher":"https:\/\/www.facebook.com\/laguiadepamplonacom-133175176762273\/?ref=hl","article_published_time":"2014-02-19T10:58:47+00:00","author":"La Gu\u00eda de Pamplona","twitter_card":"summary_large_image","twitter_creator":"@LaGuiadPamplona","twitter_site":"@LaGuiadPamplona","twitter_misc":{"Escrito por":"La Gu\u00eda de Pamplona","Tiempo de lectura":"1 minuto"},"schema":{"@context":"https:\/\/schema.org","@graph":[{"@type":"Article","@id":"https:\/\/www.laguiadepamplona.com\/actualidad\/un-monologo-de-ion-barbarin-basado-en-un-texto-de-kafka-propuesta-del-ciclo-teatreves-tardes-de-teatro-para-manana-jueves\/#article","isPartOf":{"@id":"https:\/\/www.laguiadepamplona.com\/actualidad\/un-monologo-de-ion-barbarin-basado-en-un-texto-de-kafka-propuesta-del-ciclo-teatreves-tardes-de-teatro-para-manana-jueves\/"},"author":{"name":"La Gu\u00eda de Pamplona","@id":"https:\/\/www.laguiadepamplona.com\/actualidad\/#\/schema\/person\/efe887376f0213d4657c93adc50b1fdb"},"headline":"Un mon\u00f3logo de Ion Barbarin basado en un texto de Kafka, propuesta del ciclo \u2018Teatreves. Tardes de teatro\u2019 para ma\u00f1ana jueves","datePublished":"2014-02-19T10:58:47+00:00","mainEntityOfPage":{"@id":"https:\/\/www.laguiadepamplona.com\/actualidad\/un-monologo-de-ion-barbarin-basado-en-un-texto-de-kafka-propuesta-del-ciclo-teatreves-tardes-de-teatro-para-manana-jueves\/"},"wordCount":308,"commentCount":0,"publisher":{"@id":"https:\/\/www.laguiadepamplona.com\/actualidad\/#organization"},"image":{"@id":"https:\/\/www.laguiadepamplona.com\/actualidad\/un-monologo-de-ion-barbarin-basado-en-un-texto-de-kafka-propuesta-del-ciclo-teatreves-tardes-de-teatro-para-manana-jueves\/#primaryimage"},"thumbnailUrl":"","keywords":["actualidad","ayto pamplona","civivox san jorge","El mono sabio","noticias","pamplona","Teatreves. Tardes de teatro","texto de Kafka"],"articleSection":["Ayto Pamplona"],"inLanguage":"es","potentialAction":[{"@type":"CommentAction","name":"Comment","target":["https:\/\/www.laguiadepamplona.com\/actualidad\/un-monologo-de-ion-barbarin-basado-en-un-texto-de-kafka-propuesta-del-ciclo-teatreves-tardes-de-teatro-para-manana-jueves\/#respond"]}]},{"@type":"WebPage","@id":"https:\/\/www.laguiadepamplona.com\/actualidad\/un-monologo-de-ion-barbarin-basado-en-un-texto-de-kafka-propuesta-del-ciclo-teatreves-tardes-de-teatro-para-manana-jueves\/","url":"https:\/\/www.laguiadepamplona.com\/actualidad\/un-monologo-de-ion-barbarin-basado-en-un-texto-de-kafka-propuesta-del-ciclo-teatreves-tardes-de-teatro-para-manana-jueves\/","name":"Un mon\u00f3logo de Ion Barbarin basado en un texto de Kafka, propuesta del ciclo \u2018Teatreves. Tardes de teatro\u2019 para ma\u00f1ana jueves","isPartOf":{"@id":"https:\/\/www.laguiadepamplona.com\/actualidad\/#website"},"primaryImageOfPage":{"@id":"https:\/\/www.laguiadepamplona.com\/actualidad\/un-monologo-de-ion-barbarin-basado-en-un-texto-de-kafka-propuesta-del-ciclo-teatreves-tardes-de-teatro-para-manana-jueves\/#primaryimage"},"image":{"@id":"https:\/\/www.laguiadepamplona.com\/actualidad\/un-monologo-de-ion-barbarin-basado-en-un-texto-de-kafka-propuesta-del-ciclo-teatreves-tardes-de-teatro-para-manana-jueves\/#primaryimage"},"thumbnailUrl":"","datePublished":"2014-02-19T10:58:47+00:00","breadcrumb":{"@id":"https:\/\/www.laguiadepamplona.com\/actualidad\/un-monologo-de-ion-barbarin-basado-en-un-texto-de-kafka-propuesta-del-ciclo-teatreves-tardes-de-teatro-para-manana-jueves\/#breadcrumb"},"inLanguage":"es","potentialAction":[{"@type":"ReadAction","target":["https:\/\/www.laguiadepamplona.com\/actualidad\/un-monologo-de-ion-barbarin-basado-en-un-texto-de-kafka-propuesta-del-ciclo-teatreves-tardes-de-teatro-para-manana-jueves\/"]}]},{"@type":"ImageObject","inLanguage":"es","@id":"https:\/\/www.laguiadepamplona.com\/actualidad\/un-monologo-de-ion-barbarin-basado-en-un-texto-de-kafka-propuesta-del-ciclo-teatreves-tardes-de-teatro-para-manana-jueves\/#primaryimage","url":"","contentUrl":""},{"@type":"BreadcrumbList","@id":"https:\/\/www.laguiadepamplona.com\/actualidad\/un-monologo-de-ion-barbarin-basado-en-un-texto-de-kafka-propuesta-del-ciclo-teatreves-tardes-de-teatro-para-manana-jueves\/#breadcrumb","itemListElement":[{"@type":"ListItem","position":1,"name":"Portada","item":"https:\/\/www.laguiadepamplona.com\/actualidad\/"},{"@type":"ListItem","position":2,"name":"Un mon\u00f3logo de Ion Barbarin basado en un texto de Kafka, propuesta del ciclo \u2018Teatreves. Tardes de teatro\u2019 para ma\u00f1ana jueves"}]},{"@type":"WebSite","@id":"https:\/\/www.laguiadepamplona.com\/actualidad\/#website","url":"https:\/\/www.laguiadepamplona.com\/actualidad\/","name":"La gu\u00eda de Pamplona","description":"Noticias de Pamplona","publisher":{"@id":"https:\/\/www.laguiadepamplona.com\/actualidad\/#organization"},"potentialAction":[{"@type":"SearchAction","target":{"@type":"EntryPoint","urlTemplate":"https:\/\/www.laguiadepamplona.com\/actualidad\/?s={search_term_string}"},"query-input":{"@type":"PropertyValueSpecification","valueRequired":true,"valueName":"search_term_string"}}],"inLanguage":"es"},{"@type":"Organization","@id":"https:\/\/www.laguiadepamplona.com\/actualidad\/#organization","name":"La Gu\u00eda de Pamplona \/ Noticias","url":"https:\/\/www.laguiadepamplona.com\/actualidad\/","logo":{"@type":"ImageObject","inLanguage":"es","@id":"https:\/\/www.laguiadepamplona.com\/actualidad\/#\/schema\/logo\/image\/","url":"https:\/\/www.laguiadepamplona.com\/actualidad\/wp-content\/uploads\/2018\/11\/logo-laguiadepamplona18-web1.png","contentUrl":"https:\/\/www.laguiadepamplona.com\/actualidad\/wp-content\/uploads\/2018\/11\/logo-laguiadepamplona18-web1.png","width":600,"height":196,"caption":"La Gu\u00eda de Pamplona \/ Noticias"},"image":{"@id":"https:\/\/www.laguiadepamplona.com\/actualidad\/#\/schema\/logo\/image\/"},"sameAs":["https:\/\/www.facebook.com\/laguiadepamplonacom-133175176762273\/?ref=hl","https:\/\/x.com\/LaGuiadPamplona","https:\/\/www.instagram.com\/la_guia_de_pamplona\/","https:\/\/www.youtube.com\/user\/laguiadepamplona"]},{"@type":"Person","@id":"https:\/\/www.laguiadepamplona.com\/actualidad\/#\/schema\/person\/efe887376f0213d4657c93adc50b1fdb","name":"La Gu\u00eda de Pamplona","image":{"@type":"ImageObject","inLanguage":"es","@id":"https:\/\/secure.gravatar.com\/avatar\/b6992f131dc8d30ab0dff15446e9d346d9dbd95992de0fef795073f5ea83a81c?s=96&d=mm&r=g","url":"https:\/\/secure.gravatar.com\/avatar\/b6992f131dc8d30ab0dff15446e9d346d9dbd95992de0fef795073f5ea83a81c?s=96&d=mm&r=g","contentUrl":"https:\/\/secure.gravatar.com\/avatar\/b6992f131dc8d30ab0dff15446e9d346d9dbd95992de0fef795073f5ea83a81c?s=96&d=mm&r=g","caption":"La Gu\u00eda de Pamplona"}}]}},"post_mailing_queue_ids":[],"_links":{"self":[{"href":"https:\/\/www.laguiadepamplona.com\/actualidad\/wp-json\/wp\/v2\/posts\/520","targetHints":{"allow":["GET"]}}],"collection":[{"href":"https:\/\/www.laguiadepamplona.com\/actualidad\/wp-json\/wp\/v2\/posts"}],"about":[{"href":"https:\/\/www.laguiadepamplona.com\/actualidad\/wp-json\/wp\/v2\/types\/post"}],"author":[{"embeddable":true,"href":"https:\/\/www.laguiadepamplona.com\/actualidad\/wp-json\/wp\/v2\/users\/1"}],"replies":[{"embeddable":true,"href":"https:\/\/www.laguiadepamplona.com\/actualidad\/wp-json\/wp\/v2\/comments?post=520"}],"version-history":[{"count":0,"href":"https:\/\/www.laguiadepamplona.com\/actualidad\/wp-json\/wp\/v2\/posts\/520\/revisions"}],"wp:featuredmedia":[{"embeddable":true,"href":"https:\/\/www.laguiadepamplona.com\/actualidad\/wp-json\/"}],"wp:attachment":[{"href":"https:\/\/www.laguiadepamplona.com\/actualidad\/wp-json\/wp\/v2\/media?parent=520"}],"wp:term":[{"taxonomy":"category","embeddable":true,"href":"https:\/\/www.laguiadepamplona.com\/actualidad\/wp-json\/wp\/v2\/categories?post=520"},{"taxonomy":"post_tag","embeddable":true,"href":"https:\/\/www.laguiadepamplona.com\/actualidad\/wp-json\/wp\/v2\/tags?post=520"}],"curies":[{"name":"wp","href":"https:\/\/api.w.org\/{rel}","templated":true}]}}