{"id":51996,"date":"2025-02-05T14:31:43","date_gmt":"2025-02-05T12:31:43","guid":{"rendered":"https:\/\/www.laguiadepamplona.com\/actualidad\/?p=51996"},"modified":"2025-02-05T14:31:43","modified_gmt":"2025-02-05T12:31:43","slug":"los-112-ejemplares-del-carril-arbol-de-beloso-estaran-plantados-en-un-mes-y-las-mejoras-ambientales-que-implican-invertir-123-000-euros-duraran-un-mes-mas","status":"publish","type":"post","link":"https:\/\/www.laguiadepamplona.com\/actualidad\/los-112-ejemplares-del-carril-arbol-de-beloso-estaran-plantados-en-un-mes-y-las-mejoras-ambientales-que-implican-invertir-123-000-euros-duraran-un-mes-mas\/","title":{"rendered":"Los 112 ejemplares del carril \u00e1rbol de Beloso estar\u00e1n plantados en un mes y las mejoras ambientales, que implican invertir 123.000 euros, durar\u00e1n un mes m\u00e1s"},"content":{"rendered":"<h2>Junto al carril bici se alternar\u00e1n 56 \u00e1rboles de gran porte y otros tantos de porte medio, y en las zonas donde se aplicar\u00e1n las mejoras ambientales se plantar\u00e1n arbustos, herb\u00e1ceas y bolsas boscosas con especies locales<\/h2>\n<p><!--more--><\/p>\n<p>Dentro de las obras del corredor sostenible peatonal y ciclable de la cuesta de Beloso, el Ayuntamiento de Pamplona ha iniciado este lunes la plantaci\u00f3n de 112 \u00e1rboles de gran y mediano porte en el \u2018carril \u00e1rbol\u2019 de la acera y en los nuevos miradores y la recuperaci\u00f3n de zonas de la Ripa y de la campa municipal junto al r\u00edo, creando zonas arbustivas. La Gerencia y la Comisi\u00f3n de Urbanismo han visitado esta ma\u00f1ana los trabajos, acompa\u00f1ados por el alcalde de Pamplona, Joseba Asiron Saez.<\/p>\n<p>Todas estas actuaciones de mejora medioambiental del entorno buscan paliar los efectos de la obra y suponen una inversi\u00f3n de 122.739 euros. Las labores incluyen, por un lado, restaurar la vegetaci\u00f3n afectada por las obras de construcci\u00f3n de voladizo y de la nueva acera peatonal y el carril bici y, por otro, incorporar especies ornamentales en zonas de mayor exposici\u00f3n p\u00fablica.\u00a0 Los trabajos se realizar\u00e1n de forma coordinada a lo largo de los pr\u00f3ximos dos meses para propiciar el \u00e9xito de la plantaci\u00f3n que supone, de hecho, la \u00faltima fase de las obras del corredor sostenible, junto con las labores de pintado y alumbrado que tambi\u00e9n se han puesto en marcha.<\/p>\n<p>En el nuevo \u2018carril \u00e1rbol\u2019 dise\u00f1ado a lo largo de toda la cuesta de Beloso se van a plantar 112 \u00e1rboles con especies de alto valor ornamental, como el \u201c<em>Prunus serrulata amanogawa\u201d,<\/em> que se alternar\u00e1n con otros de mayor porte, como el Gingko biloba o el Arce de Freeman. Los primeros se estima que en su apogeo podr\u00edan superar los 5 metros, los segundos se acercar\u00e1n a los 20 metros. La combinaci\u00f3n de ambas familias arb\u00f3reas, que se colocar\u00e1n de forma alternativa en los 112 alcorques ya preparados, garantizar\u00e1 la creaci\u00f3n de un recorrido sombreado a lo largo de toda la v\u00eda.<\/p>\n<p><strong>129 ejemplares entre arbolado nuevo y salvado frente a los 119 que exist\u00edan<\/strong><\/p>\n<p>Este \u2018carril \u00e1rbol\u2019 servir\u00e1 de pantalla entre la acera peatonal y el carril bici, y mejorar\u00e1 la vegetaci\u00f3n dentro de la v\u00eda p\u00fablica. En las obras de construcci\u00f3n de este corredor sostenible, se retiraron 119 ejemplares, de los que 17 fueron trasplantados en una campa municipal junto al r\u00edo. La plantaci\u00f3n ahora de los 112 \u00e1rboles supondr\u00e1, por tanto, reponer todo el arbolado existente en el momento en el que se inici\u00f3 la obra. Las labores de plantaci\u00f3n se prolongar\u00e1n durante un mes, desde principios de febrero hasta principios de marzo.<\/p>\n<p>Junto con este \u2018carril \u00e1rbol\u2019, se potenciar\u00e1 la presencia de plantas y flores en dos de los tres miradores que se van a crear a lo largo de todo el corredor sostenible. En ellos, se plantar\u00e1n especies como el avellano de las brujas, el \u00e1rbol de las pelucas y el guillomo. En este caso, se prev\u00e9 que los trabajos de jardiner\u00eda se realicen en la primera quincena de marzo.<\/p>\n<p>Adem\u00e1s de esta actuaci\u00f3n en la plataforma peatonal, se recuperar\u00e1n las zonas afectadas por la obra en la Ripa mediante la plantaci\u00f3n de arbustos y la siembra de herb\u00e1ceas aut\u00f3ctonas. Con todo ello, se busca, principalmente, prevenir la erosi\u00f3n y mejorar la calidad ambiental del entorno. Entre las especies que se plantar\u00e1n destaca el escaramujo, el cornejo, la brecina, la manzanilla de pastor o la jara, adem\u00e1s de la milenrama y el tr\u00e9bol criollo.<\/p>\n<p>A todo ello se suman otras medidas, como la creaci\u00f3n de bolsas boscosas en zonas como la campa de Beloso Bajo mediante la plantaci\u00f3n de especies frondosas locales, y restaurar praderas con mezclas de gram\u00edneas y herb\u00e1ceas aut\u00f3ctonas, que fomenten la atracci\u00f3n de polinizadores. Estas mejoras medioambientales se llevar\u00e1n a cabo en la segunda quincena de marzo, con el objetivo de que para comienzos de abril est\u00e9 todo concluido.<\/p>\n<p><strong>\u2018Del R\u00edo a la Ripa\u2019, un proyecto integral<\/strong><\/p>\n<p>Esta actuaci\u00f3n conjunta para renaturalizar el entorno del corredor sostenible de la cuesta de Beloso recibe el nombre de \u2018Del R\u00edo a la Ripa\u2019. Con este proyecto, el Ayuntamiento de Pamplona busca establecer medidas medioambientales y paisaj\u00edsticas que compensen la ampliaci\u00f3n de la acera para acoger el itinerario peatonal y ciclista, que conecta Pamplona y Burlada.<\/p>\n<p>Aunque en un primer momento se cifr\u00f3 en 2.700 metros cuadrados la zona de vegetaci\u00f3n afectada, finalmente esa superficie se ha reducido en un 70%, por lo que habr\u00e1 que recuperar 815 metros cuadrados aproximadamente de vegetaci\u00f3n, tanto en la zona de aceras como en los taludes y praderas. Es en esta \u00faltima zona donde se han concentrado las actuaciones para construir el voladizo que acoge tanto el carril bici como la acera peatonal.<\/p>\n<p>Antes de proceder al plantado y renaturalizaci\u00f3n de estos espacios, se llevar\u00e1 a cabo la limpieza y control de especies invasoras. Tras el plantado y el riego inicial, se realizar\u00e1 un monitoreo anual para comprobar que las plantas hayan arraigado. Todas estas labores se completar\u00e1n con la instalaci\u00f3n posterior de cajas nido, que enriquezcan la biodiversidad de la zona.<\/p>\n<p>El proyecto \u2018Del R\u00edo a la Ripa\u2019 busca restaurar el entorno natural y crear, al mismo tiempo, un paisaje arm\u00f3nico, de ah\u00ed la combinaci\u00f3n de especies aut\u00f3ctonas y ornamentales con varias funciones. Adem\u00e1s de cumplir una labor ecol\u00f3gica y crear nuevas zonas de sombra, mejorar\u00e1n la est\u00e9tica y el disfrute de la ciudadan\u00eda.<\/p>\n<p><strong>Alumbrado p\u00fablico<\/strong><\/p>\n<p>La instalaci\u00f3n de alumbrado p\u00fablico que se est\u00e1 acometiendo en Beloso, atendiendo a la geometr\u00eda del proyecto, consta de un total de 39 soportes para la sustentaci\u00f3n de luminarias viales y peatonales. Estos soportes tienen 12 metros de altura, se han instalado en la banda que separa el carril bici y la calzada, y la inter distancia entre ellos es de 28 metros. Cada uno de los soportes cuenta con una luminaria vial colocada a 11 metros de la rasante del pavimento y dirigida hacia la calzada con un brazo de 2 metros y una luminaria peatonal dirigida hacia la acera y al carril bici y que se coloca a 4 metros de la rasante del pavimento, atendiendo a las caracter\u00edsticas del arbolado. El tipo de luminarias cumplen las exigencias recogidas en el Reglamento de Eficiencia Energ\u00e9tica en las Instalaciones de Alumbrado Exterior.<\/p>\n<p>Adem\u00e1s de estas luminarias, se est\u00e1n instalando otros 12 puntos de luz de menor altura que se ubican en zonas espec\u00edficas de este vial como pasos peatonales y cruces, entre otros.<\/p>\n<p><strong>Barandilla<\/strong><\/p>\n<p>Se est\u00e1 instalado un total de 1.300 metros de barandilla de protecci\u00f3n peatonal frente al desnivel entre la nueva acera y el talud de la Ripa de Beloso. Esta barandilla es de acero pintado, tiene una altura de 1,1 metros desde la rasante del pavimento y dispone de pletinas verticales cada 10 cent\u00edmetros y una pletina horizontal en coronaci\u00f3n a modo de pasamanos. Esta barandilla cumple con la normativa de accesibilidad vigente, se adecua al entorno y est\u00e1 en consonancia con las instaladas en Pamplona en los \u00faltimos a\u00f1os.<\/p>\n<p>La barandilla se est\u00e1 pintando en color verde RAL 6005, igual que el resto de barandillas hist\u00f3ricas de Pamplona e, igual que en \u00e9stas, se est\u00e1 insertando el escudo del le\u00f3n de Pamplona que exist\u00eda en la barandilla original de Beloso y que ha sido rescatado con este fin. En total, se van a colocar 95 escudos, con una distancia entre ellos de 14 metros, aunque en las zonas de miradores ser\u00e1 menor, con objeto de mejorar el valor est\u00e9tico de dichas zonas. En el encuentro con el t\u00e9rmino municipal de Burlada se colocar\u00e1 un escudo de esa localidad con las mismas dimensiones que los de Pamplona.<\/p>\n<p>El proyecto para la construcci\u00f3n de este itinerario ciclista y peatonal en la Cuesta de Beloso ech\u00f3 a andar el 5 de abril de 2023, con la formalizaci\u00f3n del Convenio entre el Gobierno de Navarra y los ayuntamientos de Pamplona y Burlada. La obra, que fue adjudicada a la empresa Excavaciones Ferm\u00edn Os\u00e9s S.L. en diciembre de 2023 por un importe de 4.033.332,93 euros, cuenta con financiaci\u00f3n de los fondos de la Uni\u00f3n Europea Next Generation EU, en el marco del Plan de Recuperaci\u00f3n, Transformaci\u00f3n y Resiliencia. Esta obra tiene un plazo de duraci\u00f3n de 12 meses. Se estima que sus \u00faltimos remates concluyan a finales de abril de este a\u00f1o.<\/p>\n<p>&nbsp;<\/p>\n<h3>112 ejemplares en el carril \u00e1rbol<\/h3>\n<ul>\n<li>Arbolado grande en 56 alcorques (los alcorques se encuentran cada 7 metros y estos \u00e1rboles se sit\u00faan cada 14 metros)\n<ul>\n<li>Acer freemanii &#8216;Autumn Blaze&#8217;: 28 unidades<\/li>\n<li>Gingko biloba: 28 unidades<\/li>\n<\/ul>\n<\/li>\n<li>Arbolado de porte medio (ubicado en los 56 alcorques entre el arbolado grande)\n<ul>\n<li>Prunus serrulata amanogawa: 56 unidades<\/li>\n<\/ul>\n<\/li>\n<\/ul>\n","protected":false},"excerpt":{"rendered":"<p>Junto al carril bici se alternar\u00e1n 56 \u00e1rboles de gran porte y otros tantos de porte medio, y en las zonas donde se aplicar\u00e1n las mejoras ambientales se plantar\u00e1n arbustos,&#8230;<\/p>\n","protected":false},"author":1,"featured_media":51997,"comment_status":"open","ping_status":"closed","sticky":false,"template":"","format":"standard","meta":{"footnotes":""},"categories":[2],"tags":[],"class_list":["post-51996","post","type-post","status-publish","format-standard","has-post-thumbnail","hentry","category-ayuntamiento-pamplona"],"yoast_head":"<!-- This site is optimized with the Yoast SEO plugin v27.3 - https:\/\/yoast.com\/product\/yoast-seo-wordpress\/ -->\n<title>Los 112 ejemplares del carril \u00e1rbol de Beloso estar\u00e1n plantados en un mes y las mejoras ambientales, que implican invertir 123.000 euros, durar\u00e1n un mes m\u00e1s<\/title>\n<meta name=\"description\" content=\"Junto al carril bici se alternar\u00e1n 56 \u00e1rboles de gran porte y otros tantos de porte medio, y en las zonas donde se aplicar\u00e1n las mejoras\" \/>\n<meta name=\"robots\" content=\"index, follow, max-snippet:-1, max-image-preview:large, max-video-preview:-1\" \/>\n<link rel=\"canonical\" href=\"https:\/\/www.laguiadepamplona.com\/actualidad\/los-112-ejemplares-del-carril-arbol-de-beloso-estaran-plantados-en-un-mes-y-las-mejoras-ambientales-que-implican-invertir-123-000-euros-duraran-un-mes-mas\/\" \/>\n<meta property=\"og:locale\" content=\"es_ES\" \/>\n<meta property=\"og:type\" content=\"article\" \/>\n<meta property=\"og:title\" content=\"Los 112 ejemplares del carril \u00e1rbol de Beloso estar\u00e1n plantados en un mes y las mejoras ambientales, que implican invertir 123.000 euros, durar\u00e1n un mes m\u00e1s\" \/>\n<meta property=\"og:description\" content=\"Junto al carril bici se alternar\u00e1n 56 \u00e1rboles de gran porte y otros tantos de porte medio, y en las zonas donde se aplicar\u00e1n las mejoras\" \/>\n<meta property=\"og:url\" content=\"https:\/\/www.laguiadepamplona.com\/actualidad\/los-112-ejemplares-del-carril-arbol-de-beloso-estaran-plantados-en-un-mes-y-las-mejoras-ambientales-que-implican-invertir-123-000-euros-duraran-un-mes-mas\/\" \/>\n<meta property=\"og:site_name\" content=\"La Gu\u00eda de Pamplona\" \/>\n<meta property=\"article:publisher\" content=\"https:\/\/www.facebook.com\/laguiadepamplonacom-133175176762273\/?ref=hl\" \/>\n<meta property=\"article:published_time\" content=\"2025-02-05T12:31:43+00:00\" \/>\n<meta property=\"og:image\" content=\"https:\/\/www.laguiadepamplona.com\/actualidad\/wp-content\/uploads\/2025\/02\/visitagerenciadeurbanismocorredordebeloso1_0.webp\" \/>\n\t<meta property=\"og:image:width\" content=\"1000\" \/>\n\t<meta property=\"og:image:height\" content=\"666\" \/>\n\t<meta property=\"og:image:type\" content=\"image\/webp\" \/>\n<meta name=\"author\" content=\"La Gu\u00eda de Pamplona\" \/>\n<meta name=\"twitter:card\" content=\"summary_large_image\" \/>\n<meta name=\"twitter:creator\" content=\"@LaGuiadPamplona\" \/>\n<meta name=\"twitter:site\" content=\"@LaGuiadPamplona\" \/>\n<meta name=\"twitter:label1\" content=\"Escrito por\" \/>\n\t<meta name=\"twitter:data1\" content=\"La Gu\u00eda de Pamplona\" \/>\n\t<meta name=\"twitter:label2\" content=\"Tiempo de lectura\" \/>\n\t<meta name=\"twitter:data2\" content=\"7 minutos\" \/>\n<script type=\"application\/ld+json\" class=\"yoast-schema-graph\">{\"@context\":\"https:\\\/\\\/schema.org\",\"@graph\":[{\"@type\":\"Article\",\"@id\":\"https:\\\/\\\/www.laguiadepamplona.com\\\/actualidad\\\/los-112-ejemplares-del-carril-arbol-de-beloso-estaran-plantados-en-un-mes-y-las-mejoras-ambientales-que-implican-invertir-123-000-euros-duraran-un-mes-mas\\\/#article\",\"isPartOf\":{\"@id\":\"https:\\\/\\\/www.laguiadepamplona.com\\\/actualidad\\\/los-112-ejemplares-del-carril-arbol-de-beloso-estaran-plantados-en-un-mes-y-las-mejoras-ambientales-que-implican-invertir-123-000-euros-duraran-un-mes-mas\\\/\"},\"author\":{\"name\":\"La Gu\u00eda de Pamplona\",\"@id\":\"https:\\\/\\\/www.laguiadepamplona.com\\\/actualidad\\\/#\\\/schema\\\/person\\\/efe887376f0213d4657c93adc50b1fdb\"},\"headline\":\"Los 112 ejemplares del carril \u00e1rbol de Beloso estar\u00e1n plantados en un mes y las mejoras ambientales, que implican invertir 123.000 euros, durar\u00e1n un mes m\u00e1s\",\"datePublished\":\"2025-02-05T12:31:43+00:00\",\"mainEntityOfPage\":{\"@id\":\"https:\\\/\\\/www.laguiadepamplona.com\\\/actualidad\\\/los-112-ejemplares-del-carril-arbol-de-beloso-estaran-plantados-en-un-mes-y-las-mejoras-ambientales-que-implican-invertir-123-000-euros-duraran-un-mes-mas\\\/\"},\"wordCount\":1533,\"commentCount\":0,\"publisher\":{\"@id\":\"https:\\\/\\\/www.laguiadepamplona.com\\\/actualidad\\\/#organization\"},\"image\":{\"@id\":\"https:\\\/\\\/www.laguiadepamplona.com\\\/actualidad\\\/los-112-ejemplares-del-carril-arbol-de-beloso-estaran-plantados-en-un-mes-y-las-mejoras-ambientales-que-implican-invertir-123-000-euros-duraran-un-mes-mas\\\/#primaryimage\"},\"thumbnailUrl\":\"https:\\\/\\\/www.laguiadepamplona.com\\\/actualidad\\\/wp-content\\\/uploads\\\/2025\\\/02\\\/visitagerenciadeurbanismocorredordebeloso1_0.webp\",\"articleSection\":[\"Ayto Pamplona\"],\"inLanguage\":\"es\",\"potentialAction\":[{\"@type\":\"CommentAction\",\"name\":\"Comment\",\"target\":[\"https:\\\/\\\/www.laguiadepamplona.com\\\/actualidad\\\/los-112-ejemplares-del-carril-arbol-de-beloso-estaran-plantados-en-un-mes-y-las-mejoras-ambientales-que-implican-invertir-123-000-euros-duraran-un-mes-mas\\\/#respond\"]}]},{\"@type\":\"WebPage\",\"@id\":\"https:\\\/\\\/www.laguiadepamplona.com\\\/actualidad\\\/los-112-ejemplares-del-carril-arbol-de-beloso-estaran-plantados-en-un-mes-y-las-mejoras-ambientales-que-implican-invertir-123-000-euros-duraran-un-mes-mas\\\/\",\"url\":\"https:\\\/\\\/www.laguiadepamplona.com\\\/actualidad\\\/los-112-ejemplares-del-carril-arbol-de-beloso-estaran-plantados-en-un-mes-y-las-mejoras-ambientales-que-implican-invertir-123-000-euros-duraran-un-mes-mas\\\/\",\"name\":\"Los 112 ejemplares del carril \u00e1rbol de Beloso estar\u00e1n plantados en un mes y las mejoras ambientales, que implican invertir 123.000 euros, durar\u00e1n un mes m\u00e1s\",\"isPartOf\":{\"@id\":\"https:\\\/\\\/www.laguiadepamplona.com\\\/actualidad\\\/#website\"},\"primaryImageOfPage\":{\"@id\":\"https:\\\/\\\/www.laguiadepamplona.com\\\/actualidad\\\/los-112-ejemplares-del-carril-arbol-de-beloso-estaran-plantados-en-un-mes-y-las-mejoras-ambientales-que-implican-invertir-123-000-euros-duraran-un-mes-mas\\\/#primaryimage\"},\"image\":{\"@id\":\"https:\\\/\\\/www.laguiadepamplona.com\\\/actualidad\\\/los-112-ejemplares-del-carril-arbol-de-beloso-estaran-plantados-en-un-mes-y-las-mejoras-ambientales-que-implican-invertir-123-000-euros-duraran-un-mes-mas\\\/#primaryimage\"},\"thumbnailUrl\":\"https:\\\/\\\/www.laguiadepamplona.com\\\/actualidad\\\/wp-content\\\/uploads\\\/2025\\\/02\\\/visitagerenciadeurbanismocorredordebeloso1_0.webp\",\"datePublished\":\"2025-02-05T12:31:43+00:00\",\"description\":\"Junto al carril bici se alternar\u00e1n 56 \u00e1rboles de gran porte y otros tantos de porte medio, y en las zonas donde se aplicar\u00e1n las mejoras\",\"breadcrumb\":{\"@id\":\"https:\\\/\\\/www.laguiadepamplona.com\\\/actualidad\\\/los-112-ejemplares-del-carril-arbol-de-beloso-estaran-plantados-en-un-mes-y-las-mejoras-ambientales-que-implican-invertir-123-000-euros-duraran-un-mes-mas\\\/#breadcrumb\"},\"inLanguage\":\"es\",\"potentialAction\":[{\"@type\":\"ReadAction\",\"target\":[\"https:\\\/\\\/www.laguiadepamplona.com\\\/actualidad\\\/los-112-ejemplares-del-carril-arbol-de-beloso-estaran-plantados-en-un-mes-y-las-mejoras-ambientales-que-implican-invertir-123-000-euros-duraran-un-mes-mas\\\/\"]}]},{\"@type\":\"ImageObject\",\"inLanguage\":\"es\",\"@id\":\"https:\\\/\\\/www.laguiadepamplona.com\\\/actualidad\\\/los-112-ejemplares-del-carril-arbol-de-beloso-estaran-plantados-en-un-mes-y-las-mejoras-ambientales-que-implican-invertir-123-000-euros-duraran-un-mes-mas\\\/#primaryimage\",\"url\":\"https:\\\/\\\/www.laguiadepamplona.com\\\/actualidad\\\/wp-content\\\/uploads\\\/2025\\\/02\\\/visitagerenciadeurbanismocorredordebeloso1_0.webp\",\"contentUrl\":\"https:\\\/\\\/www.laguiadepamplona.com\\\/actualidad\\\/wp-content\\\/uploads\\\/2025\\\/02\\\/visitagerenciadeurbanismocorredordebeloso1_0.webp\",\"width\":1000,\"height\":666,\"caption\":\"visita arboles beloso\"},{\"@type\":\"BreadcrumbList\",\"@id\":\"https:\\\/\\\/www.laguiadepamplona.com\\\/actualidad\\\/los-112-ejemplares-del-carril-arbol-de-beloso-estaran-plantados-en-un-mes-y-las-mejoras-ambientales-que-implican-invertir-123-000-euros-duraran-un-mes-mas\\\/#breadcrumb\",\"itemListElement\":[{\"@type\":\"ListItem\",\"position\":1,\"name\":\"Portada\",\"item\":\"https:\\\/\\\/www.laguiadepamplona.com\\\/actualidad\\\/\"},{\"@type\":\"ListItem\",\"position\":2,\"name\":\"Los 112 ejemplares del carril \u00e1rbol de Beloso estar\u00e1n plantados en un mes y las mejoras ambientales, que implican invertir 123.000 euros, durar\u00e1n un mes m\u00e1s\"}]},{\"@type\":\"WebSite\",\"@id\":\"https:\\\/\\\/www.laguiadepamplona.com\\\/actualidad\\\/#website\",\"url\":\"https:\\\/\\\/www.laguiadepamplona.com\\\/actualidad\\\/\",\"name\":\"La gu\u00eda de Pamplona\",\"description\":\"Noticias de Pamplona\",\"publisher\":{\"@id\":\"https:\\\/\\\/www.laguiadepamplona.com\\\/actualidad\\\/#organization\"},\"potentialAction\":[{\"@type\":\"SearchAction\",\"target\":{\"@type\":\"EntryPoint\",\"urlTemplate\":\"https:\\\/\\\/www.laguiadepamplona.com\\\/actualidad\\\/?s={search_term_string}\"},\"query-input\":{\"@type\":\"PropertyValueSpecification\",\"valueRequired\":true,\"valueName\":\"search_term_string\"}}],\"inLanguage\":\"es\"},{\"@type\":\"Organization\",\"@id\":\"https:\\\/\\\/www.laguiadepamplona.com\\\/actualidad\\\/#organization\",\"name\":\"La Gu\u00eda de Pamplona \\\/ Noticias\",\"url\":\"https:\\\/\\\/www.laguiadepamplona.com\\\/actualidad\\\/\",\"logo\":{\"@type\":\"ImageObject\",\"inLanguage\":\"es\",\"@id\":\"https:\\\/\\\/www.laguiadepamplona.com\\\/actualidad\\\/#\\\/schema\\\/logo\\\/image\\\/\",\"url\":\"https:\\\/\\\/www.laguiadepamplona.com\\\/actualidad\\\/wp-content\\\/uploads\\\/2018\\\/11\\\/logo-laguiadepamplona18-web1.png\",\"contentUrl\":\"https:\\\/\\\/www.laguiadepamplona.com\\\/actualidad\\\/wp-content\\\/uploads\\\/2018\\\/11\\\/logo-laguiadepamplona18-web1.png\",\"width\":600,\"height\":196,\"caption\":\"La Gu\u00eda de Pamplona \\\/ Noticias\"},\"image\":{\"@id\":\"https:\\\/\\\/www.laguiadepamplona.com\\\/actualidad\\\/#\\\/schema\\\/logo\\\/image\\\/\"},\"sameAs\":[\"https:\\\/\\\/www.facebook.com\\\/laguiadepamplonacom-133175176762273\\\/?ref=hl\",\"https:\\\/\\\/x.com\\\/LaGuiadPamplona\",\"https:\\\/\\\/www.instagram.com\\\/la_guia_de_pamplona\\\/\",\"https:\\\/\\\/www.youtube.com\\\/user\\\/laguiadepamplona\"]},{\"@type\":\"Person\",\"@id\":\"https:\\\/\\\/www.laguiadepamplona.com\\\/actualidad\\\/#\\\/schema\\\/person\\\/efe887376f0213d4657c93adc50b1fdb\",\"name\":\"La Gu\u00eda de Pamplona\",\"image\":{\"@type\":\"ImageObject\",\"inLanguage\":\"es\",\"@id\":\"https:\\\/\\\/secure.gravatar.com\\\/avatar\\\/b6992f131dc8d30ab0dff15446e9d346d9dbd95992de0fef795073f5ea83a81c?s=96&d=mm&r=g\",\"url\":\"https:\\\/\\\/secure.gravatar.com\\\/avatar\\\/b6992f131dc8d30ab0dff15446e9d346d9dbd95992de0fef795073f5ea83a81c?s=96&d=mm&r=g\",\"contentUrl\":\"https:\\\/\\\/secure.gravatar.com\\\/avatar\\\/b6992f131dc8d30ab0dff15446e9d346d9dbd95992de0fef795073f5ea83a81c?s=96&d=mm&r=g\",\"caption\":\"La Gu\u00eda de Pamplona\"}}]}<\/script>\n<!-- \/ Yoast SEO plugin. -->","yoast_head_json":{"title":"Los 112 ejemplares del carril \u00e1rbol de Beloso estar\u00e1n plantados en un mes y las mejoras ambientales, que implican invertir 123.000 euros, durar\u00e1n un mes m\u00e1s","description":"Junto al carril bici se alternar\u00e1n 56 \u00e1rboles de gran porte y otros tantos de porte medio, y en las zonas donde se aplicar\u00e1n las mejoras","robots":{"index":"index","follow":"follow","max-snippet":"max-snippet:-1","max-image-preview":"max-image-preview:large","max-video-preview":"max-video-preview:-1"},"canonical":"https:\/\/www.laguiadepamplona.com\/actualidad\/los-112-ejemplares-del-carril-arbol-de-beloso-estaran-plantados-en-un-mes-y-las-mejoras-ambientales-que-implican-invertir-123-000-euros-duraran-un-mes-mas\/","og_locale":"es_ES","og_type":"article","og_title":"Los 112 ejemplares del carril \u00e1rbol de Beloso estar\u00e1n plantados en un mes y las mejoras ambientales, que implican invertir 123.000 euros, durar\u00e1n un mes m\u00e1s","og_description":"Junto al carril bici se alternar\u00e1n 56 \u00e1rboles de gran porte y otros tantos de porte medio, y en las zonas donde se aplicar\u00e1n las mejoras","og_url":"https:\/\/www.laguiadepamplona.com\/actualidad\/los-112-ejemplares-del-carril-arbol-de-beloso-estaran-plantados-en-un-mes-y-las-mejoras-ambientales-que-implican-invertir-123-000-euros-duraran-un-mes-mas\/","og_site_name":"La Gu\u00eda de Pamplona","article_publisher":"https:\/\/www.facebook.com\/laguiadepamplonacom-133175176762273\/?ref=hl","article_published_time":"2025-02-05T12:31:43+00:00","og_image":[{"width":1000,"height":666,"url":"https:\/\/www.laguiadepamplona.com\/actualidad\/wp-content\/uploads\/2025\/02\/visitagerenciadeurbanismocorredordebeloso1_0.webp","type":"image\/webp"}],"author":"La Gu\u00eda de Pamplona","twitter_card":"summary_large_image","twitter_creator":"@LaGuiadPamplona","twitter_site":"@LaGuiadPamplona","twitter_misc":{"Escrito por":"La Gu\u00eda de Pamplona","Tiempo de lectura":"7 minutos"},"schema":{"@context":"https:\/\/schema.org","@graph":[{"@type":"Article","@id":"https:\/\/www.laguiadepamplona.com\/actualidad\/los-112-ejemplares-del-carril-arbol-de-beloso-estaran-plantados-en-un-mes-y-las-mejoras-ambientales-que-implican-invertir-123-000-euros-duraran-un-mes-mas\/#article","isPartOf":{"@id":"https:\/\/www.laguiadepamplona.com\/actualidad\/los-112-ejemplares-del-carril-arbol-de-beloso-estaran-plantados-en-un-mes-y-las-mejoras-ambientales-que-implican-invertir-123-000-euros-duraran-un-mes-mas\/"},"author":{"name":"La Gu\u00eda de Pamplona","@id":"https:\/\/www.laguiadepamplona.com\/actualidad\/#\/schema\/person\/efe887376f0213d4657c93adc50b1fdb"},"headline":"Los 112 ejemplares del carril \u00e1rbol de Beloso estar\u00e1n plantados en un mes y las mejoras ambientales, que implican invertir 123.000 euros, durar\u00e1n un mes m\u00e1s","datePublished":"2025-02-05T12:31:43+00:00","mainEntityOfPage":{"@id":"https:\/\/www.laguiadepamplona.com\/actualidad\/los-112-ejemplares-del-carril-arbol-de-beloso-estaran-plantados-en-un-mes-y-las-mejoras-ambientales-que-implican-invertir-123-000-euros-duraran-un-mes-mas\/"},"wordCount":1533,"commentCount":0,"publisher":{"@id":"https:\/\/www.laguiadepamplona.com\/actualidad\/#organization"},"image":{"@id":"https:\/\/www.laguiadepamplona.com\/actualidad\/los-112-ejemplares-del-carril-arbol-de-beloso-estaran-plantados-en-un-mes-y-las-mejoras-ambientales-que-implican-invertir-123-000-euros-duraran-un-mes-mas\/#primaryimage"},"thumbnailUrl":"https:\/\/www.laguiadepamplona.com\/actualidad\/wp-content\/uploads\/2025\/02\/visitagerenciadeurbanismocorredordebeloso1_0.webp","articleSection":["Ayto Pamplona"],"inLanguage":"es","potentialAction":[{"@type":"CommentAction","name":"Comment","target":["https:\/\/www.laguiadepamplona.com\/actualidad\/los-112-ejemplares-del-carril-arbol-de-beloso-estaran-plantados-en-un-mes-y-las-mejoras-ambientales-que-implican-invertir-123-000-euros-duraran-un-mes-mas\/#respond"]}]},{"@type":"WebPage","@id":"https:\/\/www.laguiadepamplona.com\/actualidad\/los-112-ejemplares-del-carril-arbol-de-beloso-estaran-plantados-en-un-mes-y-las-mejoras-ambientales-que-implican-invertir-123-000-euros-duraran-un-mes-mas\/","url":"https:\/\/www.laguiadepamplona.com\/actualidad\/los-112-ejemplares-del-carril-arbol-de-beloso-estaran-plantados-en-un-mes-y-las-mejoras-ambientales-que-implican-invertir-123-000-euros-duraran-un-mes-mas\/","name":"Los 112 ejemplares del carril \u00e1rbol de Beloso estar\u00e1n plantados en un mes y las mejoras ambientales, que implican invertir 123.000 euros, durar\u00e1n un mes m\u00e1s","isPartOf":{"@id":"https:\/\/www.laguiadepamplona.com\/actualidad\/#website"},"primaryImageOfPage":{"@id":"https:\/\/www.laguiadepamplona.com\/actualidad\/los-112-ejemplares-del-carril-arbol-de-beloso-estaran-plantados-en-un-mes-y-las-mejoras-ambientales-que-implican-invertir-123-000-euros-duraran-un-mes-mas\/#primaryimage"},"image":{"@id":"https:\/\/www.laguiadepamplona.com\/actualidad\/los-112-ejemplares-del-carril-arbol-de-beloso-estaran-plantados-en-un-mes-y-las-mejoras-ambientales-que-implican-invertir-123-000-euros-duraran-un-mes-mas\/#primaryimage"},"thumbnailUrl":"https:\/\/www.laguiadepamplona.com\/actualidad\/wp-content\/uploads\/2025\/02\/visitagerenciadeurbanismocorredordebeloso1_0.webp","datePublished":"2025-02-05T12:31:43+00:00","description":"Junto al carril bici se alternar\u00e1n 56 \u00e1rboles de gran porte y otros tantos de porte medio, y en las zonas donde se aplicar\u00e1n las mejoras","breadcrumb":{"@id":"https:\/\/www.laguiadepamplona.com\/actualidad\/los-112-ejemplares-del-carril-arbol-de-beloso-estaran-plantados-en-un-mes-y-las-mejoras-ambientales-que-implican-invertir-123-000-euros-duraran-un-mes-mas\/#breadcrumb"},"inLanguage":"es","potentialAction":[{"@type":"ReadAction","target":["https:\/\/www.laguiadepamplona.com\/actualidad\/los-112-ejemplares-del-carril-arbol-de-beloso-estaran-plantados-en-un-mes-y-las-mejoras-ambientales-que-implican-invertir-123-000-euros-duraran-un-mes-mas\/"]}]},{"@type":"ImageObject","inLanguage":"es","@id":"https:\/\/www.laguiadepamplona.com\/actualidad\/los-112-ejemplares-del-carril-arbol-de-beloso-estaran-plantados-en-un-mes-y-las-mejoras-ambientales-que-implican-invertir-123-000-euros-duraran-un-mes-mas\/#primaryimage","url":"https:\/\/www.laguiadepamplona.com\/actualidad\/wp-content\/uploads\/2025\/02\/visitagerenciadeurbanismocorredordebeloso1_0.webp","contentUrl":"https:\/\/www.laguiadepamplona.com\/actualidad\/wp-content\/uploads\/2025\/02\/visitagerenciadeurbanismocorredordebeloso1_0.webp","width":1000,"height":666,"caption":"visita arboles beloso"},{"@type":"BreadcrumbList","@id":"https:\/\/www.laguiadepamplona.com\/actualidad\/los-112-ejemplares-del-carril-arbol-de-beloso-estaran-plantados-en-un-mes-y-las-mejoras-ambientales-que-implican-invertir-123-000-euros-duraran-un-mes-mas\/#breadcrumb","itemListElement":[{"@type":"ListItem","position":1,"name":"Portada","item":"https:\/\/www.laguiadepamplona.com\/actualidad\/"},{"@type":"ListItem","position":2,"name":"Los 112 ejemplares del carril \u00e1rbol de Beloso estar\u00e1n plantados en un mes y las mejoras ambientales, que implican invertir 123.000 euros, durar\u00e1n un mes m\u00e1s"}]},{"@type":"WebSite","@id":"https:\/\/www.laguiadepamplona.com\/actualidad\/#website","url":"https:\/\/www.laguiadepamplona.com\/actualidad\/","name":"La gu\u00eda de Pamplona","description":"Noticias de Pamplona","publisher":{"@id":"https:\/\/www.laguiadepamplona.com\/actualidad\/#organization"},"potentialAction":[{"@type":"SearchAction","target":{"@type":"EntryPoint","urlTemplate":"https:\/\/www.laguiadepamplona.com\/actualidad\/?s={search_term_string}"},"query-input":{"@type":"PropertyValueSpecification","valueRequired":true,"valueName":"search_term_string"}}],"inLanguage":"es"},{"@type":"Organization","@id":"https:\/\/www.laguiadepamplona.com\/actualidad\/#organization","name":"La Gu\u00eda de Pamplona \/ Noticias","url":"https:\/\/www.laguiadepamplona.com\/actualidad\/","logo":{"@type":"ImageObject","inLanguage":"es","@id":"https:\/\/www.laguiadepamplona.com\/actualidad\/#\/schema\/logo\/image\/","url":"https:\/\/www.laguiadepamplona.com\/actualidad\/wp-content\/uploads\/2018\/11\/logo-laguiadepamplona18-web1.png","contentUrl":"https:\/\/www.laguiadepamplona.com\/actualidad\/wp-content\/uploads\/2018\/11\/logo-laguiadepamplona18-web1.png","width":600,"height":196,"caption":"La Gu\u00eda de Pamplona \/ Noticias"},"image":{"@id":"https:\/\/www.laguiadepamplona.com\/actualidad\/#\/schema\/logo\/image\/"},"sameAs":["https:\/\/www.facebook.com\/laguiadepamplonacom-133175176762273\/?ref=hl","https:\/\/x.com\/LaGuiadPamplona","https:\/\/www.instagram.com\/la_guia_de_pamplona\/","https:\/\/www.youtube.com\/user\/laguiadepamplona"]},{"@type":"Person","@id":"https:\/\/www.laguiadepamplona.com\/actualidad\/#\/schema\/person\/efe887376f0213d4657c93adc50b1fdb","name":"La Gu\u00eda de Pamplona","image":{"@type":"ImageObject","inLanguage":"es","@id":"https:\/\/secure.gravatar.com\/avatar\/b6992f131dc8d30ab0dff15446e9d346d9dbd95992de0fef795073f5ea83a81c?s=96&d=mm&r=g","url":"https:\/\/secure.gravatar.com\/avatar\/b6992f131dc8d30ab0dff15446e9d346d9dbd95992de0fef795073f5ea83a81c?s=96&d=mm&r=g","contentUrl":"https:\/\/secure.gravatar.com\/avatar\/b6992f131dc8d30ab0dff15446e9d346d9dbd95992de0fef795073f5ea83a81c?s=96&d=mm&r=g","caption":"La Gu\u00eda de Pamplona"}}]}},"post_mailing_queue_ids":[],"_links":{"self":[{"href":"https:\/\/www.laguiadepamplona.com\/actualidad\/wp-json\/wp\/v2\/posts\/51996","targetHints":{"allow":["GET"]}}],"collection":[{"href":"https:\/\/www.laguiadepamplona.com\/actualidad\/wp-json\/wp\/v2\/posts"}],"about":[{"href":"https:\/\/www.laguiadepamplona.com\/actualidad\/wp-json\/wp\/v2\/types\/post"}],"author":[{"embeddable":true,"href":"https:\/\/www.laguiadepamplona.com\/actualidad\/wp-json\/wp\/v2\/users\/1"}],"replies":[{"embeddable":true,"href":"https:\/\/www.laguiadepamplona.com\/actualidad\/wp-json\/wp\/v2\/comments?post=51996"}],"version-history":[{"count":1,"href":"https:\/\/www.laguiadepamplona.com\/actualidad\/wp-json\/wp\/v2\/posts\/51996\/revisions"}],"predecessor-version":[{"id":51998,"href":"https:\/\/www.laguiadepamplona.com\/actualidad\/wp-json\/wp\/v2\/posts\/51996\/revisions\/51998"}],"wp:featuredmedia":[{"embeddable":true,"href":"https:\/\/www.laguiadepamplona.com\/actualidad\/wp-json\/wp\/v2\/media\/51997"}],"wp:attachment":[{"href":"https:\/\/www.laguiadepamplona.com\/actualidad\/wp-json\/wp\/v2\/media?parent=51996"}],"wp:term":[{"taxonomy":"category","embeddable":true,"href":"https:\/\/www.laguiadepamplona.com\/actualidad\/wp-json\/wp\/v2\/categories?post=51996"},{"taxonomy":"post_tag","embeddable":true,"href":"https:\/\/www.laguiadepamplona.com\/actualidad\/wp-json\/wp\/v2\/tags?post=51996"}],"curies":[{"name":"wp","href":"https:\/\/api.w.org\/{rel}","templated":true}]}}