{"id":51991,"date":"2025-02-04T17:56:51","date_gmt":"2025-02-04T15:56:51","guid":{"rendered":"https:\/\/www.laguiadepamplona.com\/actualidad\/?p=51991"},"modified":"2025-02-04T17:56:51","modified_gmt":"2025-02-04T15:56:51","slug":"el-alcalde-joseba-asiron-se-reune-con-el-primer-edil-de-la-cendea-de-galar-oscar-amoztegui","status":"publish","type":"post","link":"https:\/\/www.laguiadepamplona.com\/actualidad\/el-alcalde-joseba-asiron-se-reune-con-el-primer-edil-de-la-cendea-de-galar-oscar-amoztegui\/","title":{"rendered":"El alcalde Joseba Asiron se re\u00fane con el primer edil de la Cendea de Galar, \u00d3scar Am\u00f3ztegui"},"content":{"rendered":"<h2>En el encuentro han abordado aspectos como los desarrollos urban\u00edsticos de Donapea y Cordovilla<\/h2>\n<p><!--more--><\/p>\n<p>El alcalde de Pamplona, Joseba Asiron Saez, ha recibido en su despacho de la Casa Consistorial al alcalde de la Cendea de Galar, \u00d3scar Am\u00f3ztegui Recalde (Agrupaci\u00f3n Independiente). El encuentro ha servido para abordar aspectos urban\u00edsticos, como Donapea y Cordovilla, y en \u00e9l ha participado tambi\u00e9n el concejal de Gobierno Estrat\u00e9gico, Urbanismo, Vivienda y Agenda 2030, Joxe Abaurrea San Juan.<\/p>\n<p>En concreto, ambos alcaldes han contrastado los \u00faltimos avances en torno a la zona de Donapea, titularidad del Ayuntamiento de Pamplona, y al Sector S-3 de Cordovilla, perteneciente a la Cendea de Galar.\u00a0 Los dos ayuntamientos han acordado mantener la din\u00e1mica de comunicaci\u00f3n y coordinaci\u00f3n actual, de forma que ambas instituciones intercambien informaci\u00f3n y pareceres en la tramitaci\u00f3n de estos \u00e1mbitos urban\u00edsticos.<\/p>\n<p>Por otro lado, se ha abordado la idoneidad de extender la red de bicicletas el\u00e9ctricas en alquiler a zona del Parque Comercial Galaria y Cordovilla, dado el importante flujo de personas que acuden a diario a este parque para realizar compras o para acudir a los espacios de ocio y restauraci\u00f3n. Por de pronto, los alcaldes Asiron y Am\u00f3ztegui han acordado buscar f\u00f3rmulas conjuntas para favorecer el uso de la bicicleta entre ambos municipios. Dentro de las opciones de movilidad ciclable, tambi\u00e9n han apostado por estudiar la posibilidad de ampliar el servicio de bicicleta el\u00e9ctrica de Pamplona y la creaci\u00f3n de nuevos aparcamientos seguros para bicicletas. Al respecto Pamplona se ha comprometido a analizar con detalle esta posibilidad a la luz del actual contrato y las posibilidades de poner a disposici\u00f3n de la Cendea de Galar el sistema de contrataci\u00f3n de las infraestructuras de aparcamientos seguros de bicis. Todo en ello en el marco de las mejoras de la movilidad sostenible a nivel comarcal.<\/p>\n<p>Por \u00faltimo, la reuni\u00f3n ha servido para ahondar en la colaboraci\u00f3n entre ambos municipios en lo que se refiere al entorno fluvial del r\u00edo Elorz, como propuesta tur\u00edstica por sus valores medioambientales y tambi\u00e9n por las posibilidades que aporta a la ciudadan\u00eda para su uso como espacio de tr\u00e1nsito o disfrute. En este sentido, ambos se han mostrado dispuestos a colaborar en el impulso de rutas ciclistas como la Eurovelo y del Camino de Santiago ciclista, que ambos comparten.<\/p>\n","protected":false},"excerpt":{"rendered":"<p>En el encuentro han abordado aspectos como los desarrollos urban\u00edsticos de Donapea y Cordovilla<\/p>\n","protected":false},"author":1,"featured_media":51992,"comment_status":"open","ping_status":"closed","sticky":false,"template":"","format":"standard","meta":{"footnotes":""},"categories":[2],"tags":[],"class_list":["post-51991","post","type-post","status-publish","format-standard","has-post-thumbnail","hentry","category-ayuntamiento-pamplona"],"yoast_head":"<!-- This site is optimized with the Yoast SEO plugin v27.3 - https:\/\/yoast.com\/product\/yoast-seo-wordpress\/ -->\n<title>El alcalde Joseba Asiron se re\u00fane con el primer edil de la Cendea de Galar, \u00d3scar Am\u00f3ztegui<\/title>\n<meta name=\"description\" content=\"En el encuentro han abordado aspectos como los desarrollos urban\u00edsticos de Donapea y Cordovilla\" \/>\n<meta name=\"robots\" content=\"index, follow, max-snippet:-1, max-image-preview:large, max-video-preview:-1\" \/>\n<link rel=\"canonical\" href=\"https:\/\/www.laguiadepamplona.com\/actualidad\/el-alcalde-joseba-asiron-se-reune-con-el-primer-edil-de-la-cendea-de-galar-oscar-amoztegui\/\" \/>\n<meta property=\"og:locale\" content=\"es_ES\" \/>\n<meta property=\"og:type\" content=\"article\" \/>\n<meta property=\"og:title\" content=\"El alcalde Joseba Asiron se re\u00fane con el primer edil de la Cendea de Galar, \u00d3scar Am\u00f3ztegui\" \/>\n<meta property=\"og:description\" content=\"En el encuentro han abordado aspectos como los desarrollos urban\u00edsticos de Donapea y Cordovilla\" \/>\n<meta property=\"og:url\" content=\"https:\/\/www.laguiadepamplona.com\/actualidad\/el-alcalde-joseba-asiron-se-reune-con-el-primer-edil-de-la-cendea-de-galar-oscar-amoztegui\/\" \/>\n<meta property=\"og:site_name\" content=\"La Gu\u00eda de Pamplona\" \/>\n<meta property=\"article:publisher\" content=\"https:\/\/www.facebook.com\/laguiadepamplonacom-133175176762273\/?ref=hl\" \/>\n<meta property=\"article:published_time\" content=\"2025-02-04T15:56:51+00:00\" \/>\n<meta property=\"og:image\" content=\"https:\/\/www.laguiadepamplona.com\/actualidad\/wp-content\/uploads\/2025\/02\/2reunionconelalcaldedelacendeadegalardsc3931.webp\" \/>\n\t<meta property=\"og:image:width\" content=\"1000\" \/>\n\t<meta property=\"og:image:height\" content=\"666\" \/>\n\t<meta property=\"og:image:type\" content=\"image\/webp\" \/>\n<meta name=\"author\" content=\"La Gu\u00eda de Pamplona\" \/>\n<meta name=\"twitter:card\" content=\"summary_large_image\" \/>\n<meta name=\"twitter:creator\" content=\"@LaGuiadPamplona\" \/>\n<meta name=\"twitter:site\" content=\"@LaGuiadPamplona\" \/>\n<meta name=\"twitter:label1\" content=\"Escrito por\" \/>\n\t<meta name=\"twitter:data1\" content=\"La Gu\u00eda de Pamplona\" \/>\n\t<meta name=\"twitter:label2\" content=\"Tiempo de lectura\" \/>\n\t<meta name=\"twitter:data2\" content=\"2 minutos\" \/>\n<script type=\"application\/ld+json\" class=\"yoast-schema-graph\">{\"@context\":\"https:\\\/\\\/schema.org\",\"@graph\":[{\"@type\":\"Article\",\"@id\":\"https:\\\/\\\/www.laguiadepamplona.com\\\/actualidad\\\/el-alcalde-joseba-asiron-se-reune-con-el-primer-edil-de-la-cendea-de-galar-oscar-amoztegui\\\/#article\",\"isPartOf\":{\"@id\":\"https:\\\/\\\/www.laguiadepamplona.com\\\/actualidad\\\/el-alcalde-joseba-asiron-se-reune-con-el-primer-edil-de-la-cendea-de-galar-oscar-amoztegui\\\/\"},\"author\":{\"name\":\"La Gu\u00eda de Pamplona\",\"@id\":\"https:\\\/\\\/www.laguiadepamplona.com\\\/actualidad\\\/#\\\/schema\\\/person\\\/efe887376f0213d4657c93adc50b1fdb\"},\"headline\":\"El alcalde Joseba Asiron se re\u00fane con el primer edil de la Cendea de Galar, \u00d3scar Am\u00f3ztegui\",\"datePublished\":\"2025-02-04T15:56:51+00:00\",\"mainEntityOfPage\":{\"@id\":\"https:\\\/\\\/www.laguiadepamplona.com\\\/actualidad\\\/el-alcalde-joseba-asiron-se-reune-con-el-primer-edil-de-la-cendea-de-galar-oscar-amoztegui\\\/\"},\"wordCount\":425,\"commentCount\":0,\"publisher\":{\"@id\":\"https:\\\/\\\/www.laguiadepamplona.com\\\/actualidad\\\/#organization\"},\"image\":{\"@id\":\"https:\\\/\\\/www.laguiadepamplona.com\\\/actualidad\\\/el-alcalde-joseba-asiron-se-reune-con-el-primer-edil-de-la-cendea-de-galar-oscar-amoztegui\\\/#primaryimage\"},\"thumbnailUrl\":\"https:\\\/\\\/www.laguiadepamplona.com\\\/actualidad\\\/wp-content\\\/uploads\\\/2025\\\/02\\\/2reunionconelalcaldedelacendeadegalardsc3931.webp\",\"articleSection\":[\"Ayto Pamplona\"],\"inLanguage\":\"es\",\"potentialAction\":[{\"@type\":\"CommentAction\",\"name\":\"Comment\",\"target\":[\"https:\\\/\\\/www.laguiadepamplona.com\\\/actualidad\\\/el-alcalde-joseba-asiron-se-reune-con-el-primer-edil-de-la-cendea-de-galar-oscar-amoztegui\\\/#respond\"]}]},{\"@type\":\"WebPage\",\"@id\":\"https:\\\/\\\/www.laguiadepamplona.com\\\/actualidad\\\/el-alcalde-joseba-asiron-se-reune-con-el-primer-edil-de-la-cendea-de-galar-oscar-amoztegui\\\/\",\"url\":\"https:\\\/\\\/www.laguiadepamplona.com\\\/actualidad\\\/el-alcalde-joseba-asiron-se-reune-con-el-primer-edil-de-la-cendea-de-galar-oscar-amoztegui\\\/\",\"name\":\"El alcalde Joseba Asiron se re\u00fane con el primer edil de la Cendea de Galar, \u00d3scar Am\u00f3ztegui\",\"isPartOf\":{\"@id\":\"https:\\\/\\\/www.laguiadepamplona.com\\\/actualidad\\\/#website\"},\"primaryImageOfPage\":{\"@id\":\"https:\\\/\\\/www.laguiadepamplona.com\\\/actualidad\\\/el-alcalde-joseba-asiron-se-reune-con-el-primer-edil-de-la-cendea-de-galar-oscar-amoztegui\\\/#primaryimage\"},\"image\":{\"@id\":\"https:\\\/\\\/www.laguiadepamplona.com\\\/actualidad\\\/el-alcalde-joseba-asiron-se-reune-con-el-primer-edil-de-la-cendea-de-galar-oscar-amoztegui\\\/#primaryimage\"},\"thumbnailUrl\":\"https:\\\/\\\/www.laguiadepamplona.com\\\/actualidad\\\/wp-content\\\/uploads\\\/2025\\\/02\\\/2reunionconelalcaldedelacendeadegalardsc3931.webp\",\"datePublished\":\"2025-02-04T15:56:51+00:00\",\"description\":\"En el encuentro han abordado aspectos como los desarrollos urban\u00edsticos de Donapea y Cordovilla\",\"breadcrumb\":{\"@id\":\"https:\\\/\\\/www.laguiadepamplona.com\\\/actualidad\\\/el-alcalde-joseba-asiron-se-reune-con-el-primer-edil-de-la-cendea-de-galar-oscar-amoztegui\\\/#breadcrumb\"},\"inLanguage\":\"es\",\"potentialAction\":[{\"@type\":\"ReadAction\",\"target\":[\"https:\\\/\\\/www.laguiadepamplona.com\\\/actualidad\\\/el-alcalde-joseba-asiron-se-reune-con-el-primer-edil-de-la-cendea-de-galar-oscar-amoztegui\\\/\"]}]},{\"@type\":\"ImageObject\",\"inLanguage\":\"es\",\"@id\":\"https:\\\/\\\/www.laguiadepamplona.com\\\/actualidad\\\/el-alcalde-joseba-asiron-se-reune-con-el-primer-edil-de-la-cendea-de-galar-oscar-amoztegui\\\/#primaryimage\",\"url\":\"https:\\\/\\\/www.laguiadepamplona.com\\\/actualidad\\\/wp-content\\\/uploads\\\/2025\\\/02\\\/2reunionconelalcaldedelacendeadegalardsc3931.webp\",\"contentUrl\":\"https:\\\/\\\/www.laguiadepamplona.com\\\/actualidad\\\/wp-content\\\/uploads\\\/2025\\\/02\\\/2reunionconelalcaldedelacendeadegalardsc3931.webp\",\"width\":1000,\"height\":666,\"caption\":\"reuni\u00f3n alcalde cendea de galar\"},{\"@type\":\"BreadcrumbList\",\"@id\":\"https:\\\/\\\/www.laguiadepamplona.com\\\/actualidad\\\/el-alcalde-joseba-asiron-se-reune-con-el-primer-edil-de-la-cendea-de-galar-oscar-amoztegui\\\/#breadcrumb\",\"itemListElement\":[{\"@type\":\"ListItem\",\"position\":1,\"name\":\"Portada\",\"item\":\"https:\\\/\\\/www.laguiadepamplona.com\\\/actualidad\\\/\"},{\"@type\":\"ListItem\",\"position\":2,\"name\":\"El alcalde Joseba Asiron se re\u00fane con el primer edil de la Cendea de Galar, \u00d3scar Am\u00f3ztegui\"}]},{\"@type\":\"WebSite\",\"@id\":\"https:\\\/\\\/www.laguiadepamplona.com\\\/actualidad\\\/#website\",\"url\":\"https:\\\/\\\/www.laguiadepamplona.com\\\/actualidad\\\/\",\"name\":\"La gu\u00eda de Pamplona\",\"description\":\"Noticias de Pamplona\",\"publisher\":{\"@id\":\"https:\\\/\\\/www.laguiadepamplona.com\\\/actualidad\\\/#organization\"},\"potentialAction\":[{\"@type\":\"SearchAction\",\"target\":{\"@type\":\"EntryPoint\",\"urlTemplate\":\"https:\\\/\\\/www.laguiadepamplona.com\\\/actualidad\\\/?s={search_term_string}\"},\"query-input\":{\"@type\":\"PropertyValueSpecification\",\"valueRequired\":true,\"valueName\":\"search_term_string\"}}],\"inLanguage\":\"es\"},{\"@type\":\"Organization\",\"@id\":\"https:\\\/\\\/www.laguiadepamplona.com\\\/actualidad\\\/#organization\",\"name\":\"La Gu\u00eda de Pamplona \\\/ Noticias\",\"url\":\"https:\\\/\\\/www.laguiadepamplona.com\\\/actualidad\\\/\",\"logo\":{\"@type\":\"ImageObject\",\"inLanguage\":\"es\",\"@id\":\"https:\\\/\\\/www.laguiadepamplona.com\\\/actualidad\\\/#\\\/schema\\\/logo\\\/image\\\/\",\"url\":\"https:\\\/\\\/www.laguiadepamplona.com\\\/actualidad\\\/wp-content\\\/uploads\\\/2018\\\/11\\\/logo-laguiadepamplona18-web1.png\",\"contentUrl\":\"https:\\\/\\\/www.laguiadepamplona.com\\\/actualidad\\\/wp-content\\\/uploads\\\/2018\\\/11\\\/logo-laguiadepamplona18-web1.png\",\"width\":600,\"height\":196,\"caption\":\"La Gu\u00eda de Pamplona \\\/ Noticias\"},\"image\":{\"@id\":\"https:\\\/\\\/www.laguiadepamplona.com\\\/actualidad\\\/#\\\/schema\\\/logo\\\/image\\\/\"},\"sameAs\":[\"https:\\\/\\\/www.facebook.com\\\/laguiadepamplonacom-133175176762273\\\/?ref=hl\",\"https:\\\/\\\/x.com\\\/LaGuiadPamplona\",\"https:\\\/\\\/www.instagram.com\\\/la_guia_de_pamplona\\\/\",\"https:\\\/\\\/www.youtube.com\\\/user\\\/laguiadepamplona\"]},{\"@type\":\"Person\",\"@id\":\"https:\\\/\\\/www.laguiadepamplona.com\\\/actualidad\\\/#\\\/schema\\\/person\\\/efe887376f0213d4657c93adc50b1fdb\",\"name\":\"La Gu\u00eda de Pamplona\",\"image\":{\"@type\":\"ImageObject\",\"inLanguage\":\"es\",\"@id\":\"https:\\\/\\\/secure.gravatar.com\\\/avatar\\\/b6992f131dc8d30ab0dff15446e9d346d9dbd95992de0fef795073f5ea83a81c?s=96&d=mm&r=g\",\"url\":\"https:\\\/\\\/secure.gravatar.com\\\/avatar\\\/b6992f131dc8d30ab0dff15446e9d346d9dbd95992de0fef795073f5ea83a81c?s=96&d=mm&r=g\",\"contentUrl\":\"https:\\\/\\\/secure.gravatar.com\\\/avatar\\\/b6992f131dc8d30ab0dff15446e9d346d9dbd95992de0fef795073f5ea83a81c?s=96&d=mm&r=g\",\"caption\":\"La Gu\u00eda de Pamplona\"}}]}<\/script>\n<!-- \/ Yoast SEO plugin. -->","yoast_head_json":{"title":"El alcalde Joseba Asiron se re\u00fane con el primer edil de la Cendea de Galar, \u00d3scar Am\u00f3ztegui","description":"En el encuentro han abordado aspectos como los desarrollos urban\u00edsticos de Donapea y Cordovilla","robots":{"index":"index","follow":"follow","max-snippet":"max-snippet:-1","max-image-preview":"max-image-preview:large","max-video-preview":"max-video-preview:-1"},"canonical":"https:\/\/www.laguiadepamplona.com\/actualidad\/el-alcalde-joseba-asiron-se-reune-con-el-primer-edil-de-la-cendea-de-galar-oscar-amoztegui\/","og_locale":"es_ES","og_type":"article","og_title":"El alcalde Joseba Asiron se re\u00fane con el primer edil de la Cendea de Galar, \u00d3scar Am\u00f3ztegui","og_description":"En el encuentro han abordado aspectos como los desarrollos urban\u00edsticos de Donapea y Cordovilla","og_url":"https:\/\/www.laguiadepamplona.com\/actualidad\/el-alcalde-joseba-asiron-se-reune-con-el-primer-edil-de-la-cendea-de-galar-oscar-amoztegui\/","og_site_name":"La Gu\u00eda de Pamplona","article_publisher":"https:\/\/www.facebook.com\/laguiadepamplonacom-133175176762273\/?ref=hl","article_published_time":"2025-02-04T15:56:51+00:00","og_image":[{"width":1000,"height":666,"url":"https:\/\/www.laguiadepamplona.com\/actualidad\/wp-content\/uploads\/2025\/02\/2reunionconelalcaldedelacendeadegalardsc3931.webp","type":"image\/webp"}],"author":"La Gu\u00eda de Pamplona","twitter_card":"summary_large_image","twitter_creator":"@LaGuiadPamplona","twitter_site":"@LaGuiadPamplona","twitter_misc":{"Escrito por":"La Gu\u00eda de Pamplona","Tiempo de lectura":"2 minutos"},"schema":{"@context":"https:\/\/schema.org","@graph":[{"@type":"Article","@id":"https:\/\/www.laguiadepamplona.com\/actualidad\/el-alcalde-joseba-asiron-se-reune-con-el-primer-edil-de-la-cendea-de-galar-oscar-amoztegui\/#article","isPartOf":{"@id":"https:\/\/www.laguiadepamplona.com\/actualidad\/el-alcalde-joseba-asiron-se-reune-con-el-primer-edil-de-la-cendea-de-galar-oscar-amoztegui\/"},"author":{"name":"La Gu\u00eda de Pamplona","@id":"https:\/\/www.laguiadepamplona.com\/actualidad\/#\/schema\/person\/efe887376f0213d4657c93adc50b1fdb"},"headline":"El alcalde Joseba Asiron se re\u00fane con el primer edil de la Cendea de Galar, \u00d3scar Am\u00f3ztegui","datePublished":"2025-02-04T15:56:51+00:00","mainEntityOfPage":{"@id":"https:\/\/www.laguiadepamplona.com\/actualidad\/el-alcalde-joseba-asiron-se-reune-con-el-primer-edil-de-la-cendea-de-galar-oscar-amoztegui\/"},"wordCount":425,"commentCount":0,"publisher":{"@id":"https:\/\/www.laguiadepamplona.com\/actualidad\/#organization"},"image":{"@id":"https:\/\/www.laguiadepamplona.com\/actualidad\/el-alcalde-joseba-asiron-se-reune-con-el-primer-edil-de-la-cendea-de-galar-oscar-amoztegui\/#primaryimage"},"thumbnailUrl":"https:\/\/www.laguiadepamplona.com\/actualidad\/wp-content\/uploads\/2025\/02\/2reunionconelalcaldedelacendeadegalardsc3931.webp","articleSection":["Ayto Pamplona"],"inLanguage":"es","potentialAction":[{"@type":"CommentAction","name":"Comment","target":["https:\/\/www.laguiadepamplona.com\/actualidad\/el-alcalde-joseba-asiron-se-reune-con-el-primer-edil-de-la-cendea-de-galar-oscar-amoztegui\/#respond"]}]},{"@type":"WebPage","@id":"https:\/\/www.laguiadepamplona.com\/actualidad\/el-alcalde-joseba-asiron-se-reune-con-el-primer-edil-de-la-cendea-de-galar-oscar-amoztegui\/","url":"https:\/\/www.laguiadepamplona.com\/actualidad\/el-alcalde-joseba-asiron-se-reune-con-el-primer-edil-de-la-cendea-de-galar-oscar-amoztegui\/","name":"El alcalde Joseba Asiron se re\u00fane con el primer edil de la Cendea de Galar, \u00d3scar Am\u00f3ztegui","isPartOf":{"@id":"https:\/\/www.laguiadepamplona.com\/actualidad\/#website"},"primaryImageOfPage":{"@id":"https:\/\/www.laguiadepamplona.com\/actualidad\/el-alcalde-joseba-asiron-se-reune-con-el-primer-edil-de-la-cendea-de-galar-oscar-amoztegui\/#primaryimage"},"image":{"@id":"https:\/\/www.laguiadepamplona.com\/actualidad\/el-alcalde-joseba-asiron-se-reune-con-el-primer-edil-de-la-cendea-de-galar-oscar-amoztegui\/#primaryimage"},"thumbnailUrl":"https:\/\/www.laguiadepamplona.com\/actualidad\/wp-content\/uploads\/2025\/02\/2reunionconelalcaldedelacendeadegalardsc3931.webp","datePublished":"2025-02-04T15:56:51+00:00","description":"En el encuentro han abordado aspectos como los desarrollos urban\u00edsticos de Donapea y Cordovilla","breadcrumb":{"@id":"https:\/\/www.laguiadepamplona.com\/actualidad\/el-alcalde-joseba-asiron-se-reune-con-el-primer-edil-de-la-cendea-de-galar-oscar-amoztegui\/#breadcrumb"},"inLanguage":"es","potentialAction":[{"@type":"ReadAction","target":["https:\/\/www.laguiadepamplona.com\/actualidad\/el-alcalde-joseba-asiron-se-reune-con-el-primer-edil-de-la-cendea-de-galar-oscar-amoztegui\/"]}]},{"@type":"ImageObject","inLanguage":"es","@id":"https:\/\/www.laguiadepamplona.com\/actualidad\/el-alcalde-joseba-asiron-se-reune-con-el-primer-edil-de-la-cendea-de-galar-oscar-amoztegui\/#primaryimage","url":"https:\/\/www.laguiadepamplona.com\/actualidad\/wp-content\/uploads\/2025\/02\/2reunionconelalcaldedelacendeadegalardsc3931.webp","contentUrl":"https:\/\/www.laguiadepamplona.com\/actualidad\/wp-content\/uploads\/2025\/02\/2reunionconelalcaldedelacendeadegalardsc3931.webp","width":1000,"height":666,"caption":"reuni\u00f3n alcalde cendea de galar"},{"@type":"BreadcrumbList","@id":"https:\/\/www.laguiadepamplona.com\/actualidad\/el-alcalde-joseba-asiron-se-reune-con-el-primer-edil-de-la-cendea-de-galar-oscar-amoztegui\/#breadcrumb","itemListElement":[{"@type":"ListItem","position":1,"name":"Portada","item":"https:\/\/www.laguiadepamplona.com\/actualidad\/"},{"@type":"ListItem","position":2,"name":"El alcalde Joseba Asiron se re\u00fane con el primer edil de la Cendea de Galar, \u00d3scar Am\u00f3ztegui"}]},{"@type":"WebSite","@id":"https:\/\/www.laguiadepamplona.com\/actualidad\/#website","url":"https:\/\/www.laguiadepamplona.com\/actualidad\/","name":"La gu\u00eda de Pamplona","description":"Noticias de Pamplona","publisher":{"@id":"https:\/\/www.laguiadepamplona.com\/actualidad\/#organization"},"potentialAction":[{"@type":"SearchAction","target":{"@type":"EntryPoint","urlTemplate":"https:\/\/www.laguiadepamplona.com\/actualidad\/?s={search_term_string}"},"query-input":{"@type":"PropertyValueSpecification","valueRequired":true,"valueName":"search_term_string"}}],"inLanguage":"es"},{"@type":"Organization","@id":"https:\/\/www.laguiadepamplona.com\/actualidad\/#organization","name":"La Gu\u00eda de Pamplona \/ Noticias","url":"https:\/\/www.laguiadepamplona.com\/actualidad\/","logo":{"@type":"ImageObject","inLanguage":"es","@id":"https:\/\/www.laguiadepamplona.com\/actualidad\/#\/schema\/logo\/image\/","url":"https:\/\/www.laguiadepamplona.com\/actualidad\/wp-content\/uploads\/2018\/11\/logo-laguiadepamplona18-web1.png","contentUrl":"https:\/\/www.laguiadepamplona.com\/actualidad\/wp-content\/uploads\/2018\/11\/logo-laguiadepamplona18-web1.png","width":600,"height":196,"caption":"La Gu\u00eda de Pamplona \/ Noticias"},"image":{"@id":"https:\/\/www.laguiadepamplona.com\/actualidad\/#\/schema\/logo\/image\/"},"sameAs":["https:\/\/www.facebook.com\/laguiadepamplonacom-133175176762273\/?ref=hl","https:\/\/x.com\/LaGuiadPamplona","https:\/\/www.instagram.com\/la_guia_de_pamplona\/","https:\/\/www.youtube.com\/user\/laguiadepamplona"]},{"@type":"Person","@id":"https:\/\/www.laguiadepamplona.com\/actualidad\/#\/schema\/person\/efe887376f0213d4657c93adc50b1fdb","name":"La Gu\u00eda de Pamplona","image":{"@type":"ImageObject","inLanguage":"es","@id":"https:\/\/secure.gravatar.com\/avatar\/b6992f131dc8d30ab0dff15446e9d346d9dbd95992de0fef795073f5ea83a81c?s=96&d=mm&r=g","url":"https:\/\/secure.gravatar.com\/avatar\/b6992f131dc8d30ab0dff15446e9d346d9dbd95992de0fef795073f5ea83a81c?s=96&d=mm&r=g","contentUrl":"https:\/\/secure.gravatar.com\/avatar\/b6992f131dc8d30ab0dff15446e9d346d9dbd95992de0fef795073f5ea83a81c?s=96&d=mm&r=g","caption":"La Gu\u00eda de Pamplona"}}]}},"post_mailing_queue_ids":[],"_links":{"self":[{"href":"https:\/\/www.laguiadepamplona.com\/actualidad\/wp-json\/wp\/v2\/posts\/51991","targetHints":{"allow":["GET"]}}],"collection":[{"href":"https:\/\/www.laguiadepamplona.com\/actualidad\/wp-json\/wp\/v2\/posts"}],"about":[{"href":"https:\/\/www.laguiadepamplona.com\/actualidad\/wp-json\/wp\/v2\/types\/post"}],"author":[{"embeddable":true,"href":"https:\/\/www.laguiadepamplona.com\/actualidad\/wp-json\/wp\/v2\/users\/1"}],"replies":[{"embeddable":true,"href":"https:\/\/www.laguiadepamplona.com\/actualidad\/wp-json\/wp\/v2\/comments?post=51991"}],"version-history":[{"count":1,"href":"https:\/\/www.laguiadepamplona.com\/actualidad\/wp-json\/wp\/v2\/posts\/51991\/revisions"}],"predecessor-version":[{"id":51993,"href":"https:\/\/www.laguiadepamplona.com\/actualidad\/wp-json\/wp\/v2\/posts\/51991\/revisions\/51993"}],"wp:featuredmedia":[{"embeddable":true,"href":"https:\/\/www.laguiadepamplona.com\/actualidad\/wp-json\/wp\/v2\/media\/51992"}],"wp:attachment":[{"href":"https:\/\/www.laguiadepamplona.com\/actualidad\/wp-json\/wp\/v2\/media?parent=51991"}],"wp:term":[{"taxonomy":"category","embeddable":true,"href":"https:\/\/www.laguiadepamplona.com\/actualidad\/wp-json\/wp\/v2\/categories?post=51991"},{"taxonomy":"post_tag","embeddable":true,"href":"https:\/\/www.laguiadepamplona.com\/actualidad\/wp-json\/wp\/v2\/tags?post=51991"}],"curies":[{"name":"wp","href":"https:\/\/api.w.org\/{rel}","templated":true}]}}