{"id":51986,"date":"2025-02-04T14:53:39","date_gmt":"2025-02-04T12:53:39","guid":{"rendered":"https:\/\/www.laguiadepamplona.com\/actualidad\/?p=51986"},"modified":"2025-02-04T14:53:39","modified_gmt":"2025-02-04T12:53:39","slug":"la-fachada-de-la-casa-consistorial-se-ilumina-este-martes-en-color-verde-por-la-celebracion-del-dia-mundial-contra-el-cancer","status":"publish","type":"post","link":"https:\/\/www.laguiadepamplona.com\/actualidad\/la-fachada-de-la-casa-consistorial-se-ilumina-este-martes-en-color-verde-por-la-celebracion-del-dia-mundial-contra-el-cancer\/","title":{"rendered":"La fachada de la Casa Consistorial se ilumina este martes en color verde por la celebraci\u00f3n del D\u00eda Mundial contra el C\u00e1ncer"},"content":{"rendered":"<h2>El Ayuntamiento de Pamplona aprueba una declaraci\u00f3n institucional en solidaridad con las personas afectadas y en reconocimiento a su lucha<\/h2>\n<p><!--more--><\/p>\n<p>La fachada de la Casa Consistorial se ilumina este martes en color verde por la celebraci\u00f3n del D\u00eda Mundial contra el C\u00e1ncer. La iluminaci\u00f3n se realiza a petici\u00f3n de la Asociaci\u00f3n Espa\u00f1ola contra el C\u00e1ncer. La fecha busca concienciar a la ciudadan\u00eda sobre esta enfermedad, que se produce cuando algunas c\u00e9lulas se multiplican de forma descontrolada y se extienden por todo el organismo.<\/p>\n<p>El Ayuntamiento de Pamplona ha aprobado esta ma\u00f1ana una declaraci\u00f3n institucional en la que se suma al D\u00eda Mundial contra el C\u00e1ncer, para sensibilizar a la ciudadan\u00eda sobre la importancia de la prevenci\u00f3n, la detecci\u00f3n precoz y la investigaci\u00f3n en la lucha contra esta enfermedad. La declaraci\u00f3n incluye la iluminaci\u00f3n de la fachada en color verde y reafirma el compromiso con las pol\u00edticas de salud p\u00fablica que promuevan h\u00e1bitos de vida saludables y el desarrollo del proyecto \u00abLa Casa de la Vida\u00bb.<\/p>\n<p>El t\u00e9rmino c\u00e1ncer se utiliza para los m\u00e1s de 200 tipos de c\u00e1ncer que est\u00e1n reconocidos en la actualidad; cada uno presenta sus propias caracter\u00edsticas y, por tanto, sus causas, evoluci\u00f3n y tratamiento tienen que ser espec\u00edficos. La incidencia de la enfermedad aumenta con la edad, debido a que los factores de riesgo se incrementan.<\/p>\n<p>Entre los factores asociados a la enfermedad, se encuentran el consumo de tabaco y alcohol, el sedentarismo, el sobrepeso, dietas que no incluyan abundancia de frutas y verduras, la exposici\u00f3n a la contaminaci\u00f3n y a radiaciones, o la ausencia de revisiones m\u00e9dicas peri\u00f3dicas. La detecci\u00f3n temprana aumenta el \u00edndice de supervivencia y reduce la mortalidad.<\/p>\n<p>La Asociaci\u00f3n Espa\u00f1ola contra el C\u00e1ncer, fundada en 1953, tiene por objetivo superar el 70% de supervivencia para el a\u00f1o 2030 y para ello, apuesta por la investigaci\u00f3n, la prevenci\u00f3n y el apoyo a pacientes y familiares, para que tengan acceso a los tratamientos y \u00faltimos avances. La Asociaci\u00f3n colabora con diversas instituciones para financiar proyectos de investigaci\u00f3n que fomenten nuevas terapias contra la enfermedad.<\/p>\n<p>El D\u00eda Mundial contra el C\u00e1ncer es una iniciativa de la Uni\u00f3n Internacional contra el C\u00e1ncer (UICC), que ha elegido el como lema de su campa\u00f1a \u201cUnidos por lo \u00fanico\u201d para la celebraci\u00f3n de 2025. Este es el primer a\u00f1o de la campa\u00f1a, que reclama una atenci\u00f3n centrada en la persona en el tratamiento del c\u00e1ncer.<\/p>\n<p>La celebraci\u00f3n de este d\u00eda sirve tambi\u00e9n como acto de reconocimiento hacia las personas diagnosticadas con c\u00e1ncer, a sus familias y a los profesionales de la salud que las atienden para mejorar su calidad de vida y las tasas de supervivencia.<\/p>\n","protected":false},"excerpt":{"rendered":"<p>El Ayuntamiento de Pamplona aprueba una declaraci\u00f3n institucional en solidaridad con las personas afectadas y en reconocimiento a su lucha<\/p>\n","protected":false},"author":1,"featured_media":50140,"comment_status":"open","ping_status":"closed","sticky":false,"template":"","format":"standard","meta":{"footnotes":""},"categories":[2],"tags":[],"class_list":["post-51986","post","type-post","status-publish","format-standard","has-post-thumbnail","hentry","category-ayuntamiento-pamplona"],"yoast_head":"<!-- This site is optimized with the Yoast SEO plugin v27.5 - https:\/\/yoast.com\/product\/yoast-seo-wordpress\/ -->\n<title>La fachada de la Casa Consistorial se ilumina este martes en color verde por la celebraci\u00f3n del D\u00eda Mundial contra el C\u00e1ncer<\/title>\n<meta name=\"description\" content=\"El Ayuntamiento de Pamplona aprueba una declaraci\u00f3n institucional en solidaridad con las personas afectadas y en reconocimiento a su lucha\" \/>\n<meta name=\"robots\" content=\"index, follow, max-snippet:-1, max-image-preview:large, max-video-preview:-1\" \/>\n<link rel=\"canonical\" href=\"https:\/\/www.laguiadepamplona.com\/actualidad\/la-fachada-de-la-casa-consistorial-se-ilumina-este-martes-en-color-verde-por-la-celebracion-del-dia-mundial-contra-el-cancer\/\" \/>\n<meta property=\"og:locale\" content=\"es_ES\" \/>\n<meta property=\"og:type\" content=\"article\" \/>\n<meta property=\"og:title\" content=\"La fachada de la Casa Consistorial se ilumina este martes en color verde por la celebraci\u00f3n del D\u00eda Mundial contra el C\u00e1ncer\" \/>\n<meta property=\"og:description\" content=\"El Ayuntamiento de Pamplona aprueba una declaraci\u00f3n institucional en solidaridad con las personas afectadas y en reconocimiento a su lucha\" \/>\n<meta property=\"og:url\" content=\"https:\/\/www.laguiadepamplona.com\/actualidad\/la-fachada-de-la-casa-consistorial-se-ilumina-este-martes-en-color-verde-por-la-celebracion-del-dia-mundial-contra-el-cancer\/\" \/>\n<meta property=\"og:site_name\" content=\"La Gu\u00eda de Pamplona\" \/>\n<meta property=\"article:publisher\" content=\"https:\/\/www.facebook.com\/laguiadepamplonacom-133175176762273\/?ref=hl\" \/>\n<meta property=\"article:published_time\" content=\"2025-02-04T12:53:39+00:00\" \/>\n<meta property=\"og:image\" content=\"https:\/\/www.laguiadepamplona.com\/actualidad\/wp-content\/uploads\/2024\/06\/ayuntamiento_verde.webp\" \/>\n\t<meta property=\"og:image:width\" content=\"1000\" \/>\n\t<meta property=\"og:image:height\" content=\"667\" \/>\n\t<meta property=\"og:image:type\" content=\"image\/webp\" \/>\n<meta name=\"author\" content=\"La Gu\u00eda de Pamplona\" \/>\n<meta name=\"twitter:card\" content=\"summary_large_image\" \/>\n<meta name=\"twitter:creator\" content=\"@LaGuiadPamplona\" \/>\n<meta name=\"twitter:site\" content=\"@LaGuiadPamplona\" \/>\n<meta name=\"twitter:label1\" content=\"Escrito por\" \/>\n\t<meta name=\"twitter:data1\" content=\"La Gu\u00eda de Pamplona\" \/>\n\t<meta name=\"twitter:label2\" content=\"Tiempo de lectura\" \/>\n\t<meta name=\"twitter:data2\" content=\"3 minutos\" \/>\n<script type=\"application\/ld+json\" class=\"yoast-schema-graph\">{\"@context\":\"https:\\\/\\\/schema.org\",\"@graph\":[{\"@type\":\"Article\",\"@id\":\"https:\\\/\\\/www.laguiadepamplona.com\\\/actualidad\\\/la-fachada-de-la-casa-consistorial-se-ilumina-este-martes-en-color-verde-por-la-celebracion-del-dia-mundial-contra-el-cancer\\\/#article\",\"isPartOf\":{\"@id\":\"https:\\\/\\\/www.laguiadepamplona.com\\\/actualidad\\\/la-fachada-de-la-casa-consistorial-se-ilumina-este-martes-en-color-verde-por-la-celebracion-del-dia-mundial-contra-el-cancer\\\/\"},\"author\":{\"name\":\"La Gu\u00eda de Pamplona\",\"@id\":\"https:\\\/\\\/www.laguiadepamplona.com\\\/actualidad\\\/#\\\/schema\\\/person\\\/efe887376f0213d4657c93adc50b1fdb\"},\"headline\":\"La fachada de la Casa Consistorial se ilumina este martes en color verde por la celebraci\u00f3n del D\u00eda Mundial contra el C\u00e1ncer\",\"datePublished\":\"2025-02-04T12:53:39+00:00\",\"mainEntityOfPage\":{\"@id\":\"https:\\\/\\\/www.laguiadepamplona.com\\\/actualidad\\\/la-fachada-de-la-casa-consistorial-se-ilumina-este-martes-en-color-verde-por-la-celebracion-del-dia-mundial-contra-el-cancer\\\/\"},\"wordCount\":516,\"commentCount\":0,\"publisher\":{\"@id\":\"https:\\\/\\\/www.laguiadepamplona.com\\\/actualidad\\\/#organization\"},\"image\":{\"@id\":\"https:\\\/\\\/www.laguiadepamplona.com\\\/actualidad\\\/la-fachada-de-la-casa-consistorial-se-ilumina-este-martes-en-color-verde-por-la-celebracion-del-dia-mundial-contra-el-cancer\\\/#primaryimage\"},\"thumbnailUrl\":\"https:\\\/\\\/www.laguiadepamplona.com\\\/actualidad\\\/wp-content\\\/uploads\\\/2024\\\/06\\\/ayuntamiento_verde.webp\",\"articleSection\":[\"Ayto Pamplona\"],\"inLanguage\":\"es\",\"potentialAction\":[{\"@type\":\"CommentAction\",\"name\":\"Comment\",\"target\":[\"https:\\\/\\\/www.laguiadepamplona.com\\\/actualidad\\\/la-fachada-de-la-casa-consistorial-se-ilumina-este-martes-en-color-verde-por-la-celebracion-del-dia-mundial-contra-el-cancer\\\/#respond\"]}]},{\"@type\":\"WebPage\",\"@id\":\"https:\\\/\\\/www.laguiadepamplona.com\\\/actualidad\\\/la-fachada-de-la-casa-consistorial-se-ilumina-este-martes-en-color-verde-por-la-celebracion-del-dia-mundial-contra-el-cancer\\\/\",\"url\":\"https:\\\/\\\/www.laguiadepamplona.com\\\/actualidad\\\/la-fachada-de-la-casa-consistorial-se-ilumina-este-martes-en-color-verde-por-la-celebracion-del-dia-mundial-contra-el-cancer\\\/\",\"name\":\"La fachada de la Casa Consistorial se ilumina este martes en color verde por la celebraci\u00f3n del D\u00eda Mundial contra el C\u00e1ncer\",\"isPartOf\":{\"@id\":\"https:\\\/\\\/www.laguiadepamplona.com\\\/actualidad\\\/#website\"},\"primaryImageOfPage\":{\"@id\":\"https:\\\/\\\/www.laguiadepamplona.com\\\/actualidad\\\/la-fachada-de-la-casa-consistorial-se-ilumina-este-martes-en-color-verde-por-la-celebracion-del-dia-mundial-contra-el-cancer\\\/#primaryimage\"},\"image\":{\"@id\":\"https:\\\/\\\/www.laguiadepamplona.com\\\/actualidad\\\/la-fachada-de-la-casa-consistorial-se-ilumina-este-martes-en-color-verde-por-la-celebracion-del-dia-mundial-contra-el-cancer\\\/#primaryimage\"},\"thumbnailUrl\":\"https:\\\/\\\/www.laguiadepamplona.com\\\/actualidad\\\/wp-content\\\/uploads\\\/2024\\\/06\\\/ayuntamiento_verde.webp\",\"datePublished\":\"2025-02-04T12:53:39+00:00\",\"description\":\"El Ayuntamiento de Pamplona aprueba una declaraci\u00f3n institucional en solidaridad con las personas afectadas y en reconocimiento a su lucha\",\"breadcrumb\":{\"@id\":\"https:\\\/\\\/www.laguiadepamplona.com\\\/actualidad\\\/la-fachada-de-la-casa-consistorial-se-ilumina-este-martes-en-color-verde-por-la-celebracion-del-dia-mundial-contra-el-cancer\\\/#breadcrumb\"},\"inLanguage\":\"es\",\"potentialAction\":[{\"@type\":\"ReadAction\",\"target\":[\"https:\\\/\\\/www.laguiadepamplona.com\\\/actualidad\\\/la-fachada-de-la-casa-consistorial-se-ilumina-este-martes-en-color-verde-por-la-celebracion-del-dia-mundial-contra-el-cancer\\\/\"]}]},{\"@type\":\"ImageObject\",\"inLanguage\":\"es\",\"@id\":\"https:\\\/\\\/www.laguiadepamplona.com\\\/actualidad\\\/la-fachada-de-la-casa-consistorial-se-ilumina-este-martes-en-color-verde-por-la-celebracion-del-dia-mundial-contra-el-cancer\\\/#primaryimage\",\"url\":\"https:\\\/\\\/www.laguiadepamplona.com\\\/actualidad\\\/wp-content\\\/uploads\\\/2024\\\/06\\\/ayuntamiento_verde.webp\",\"contentUrl\":\"https:\\\/\\\/www.laguiadepamplona.com\\\/actualidad\\\/wp-content\\\/uploads\\\/2024\\\/06\\\/ayuntamiento_verde.webp\",\"width\":1000,\"height\":667,\"caption\":\"ayuntamiento verde\"},{\"@type\":\"BreadcrumbList\",\"@id\":\"https:\\\/\\\/www.laguiadepamplona.com\\\/actualidad\\\/la-fachada-de-la-casa-consistorial-se-ilumina-este-martes-en-color-verde-por-la-celebracion-del-dia-mundial-contra-el-cancer\\\/#breadcrumb\",\"itemListElement\":[{\"@type\":\"ListItem\",\"position\":1,\"name\":\"Portada\",\"item\":\"https:\\\/\\\/www.laguiadepamplona.com\\\/actualidad\\\/\"},{\"@type\":\"ListItem\",\"position\":2,\"name\":\"La fachada de la Casa Consistorial se ilumina este martes en color verde por la celebraci\u00f3n del D\u00eda Mundial contra el C\u00e1ncer\"}]},{\"@type\":\"WebSite\",\"@id\":\"https:\\\/\\\/www.laguiadepamplona.com\\\/actualidad\\\/#website\",\"url\":\"https:\\\/\\\/www.laguiadepamplona.com\\\/actualidad\\\/\",\"name\":\"La gu\u00eda de Pamplona\",\"description\":\"Noticias de Pamplona\",\"publisher\":{\"@id\":\"https:\\\/\\\/www.laguiadepamplona.com\\\/actualidad\\\/#organization\"},\"potentialAction\":[{\"@type\":\"SearchAction\",\"target\":{\"@type\":\"EntryPoint\",\"urlTemplate\":\"https:\\\/\\\/www.laguiadepamplona.com\\\/actualidad\\\/?s={search_term_string}\"},\"query-input\":{\"@type\":\"PropertyValueSpecification\",\"valueRequired\":true,\"valueName\":\"search_term_string\"}}],\"inLanguage\":\"es\"},{\"@type\":\"Organization\",\"@id\":\"https:\\\/\\\/www.laguiadepamplona.com\\\/actualidad\\\/#organization\",\"name\":\"La Gu\u00eda de Pamplona \\\/ Noticias\",\"url\":\"https:\\\/\\\/www.laguiadepamplona.com\\\/actualidad\\\/\",\"logo\":{\"@type\":\"ImageObject\",\"inLanguage\":\"es\",\"@id\":\"https:\\\/\\\/www.laguiadepamplona.com\\\/actualidad\\\/#\\\/schema\\\/logo\\\/image\\\/\",\"url\":\"https:\\\/\\\/www.laguiadepamplona.com\\\/actualidad\\\/wp-content\\\/uploads\\\/2018\\\/11\\\/logo-laguiadepamplona18-web1.png\",\"contentUrl\":\"https:\\\/\\\/www.laguiadepamplona.com\\\/actualidad\\\/wp-content\\\/uploads\\\/2018\\\/11\\\/logo-laguiadepamplona18-web1.png\",\"width\":600,\"height\":196,\"caption\":\"La Gu\u00eda de Pamplona \\\/ Noticias\"},\"image\":{\"@id\":\"https:\\\/\\\/www.laguiadepamplona.com\\\/actualidad\\\/#\\\/schema\\\/logo\\\/image\\\/\"},\"sameAs\":[\"https:\\\/\\\/www.facebook.com\\\/laguiadepamplonacom-133175176762273\\\/?ref=hl\",\"https:\\\/\\\/x.com\\\/LaGuiadPamplona\",\"https:\\\/\\\/www.instagram.com\\\/la_guia_de_pamplona\\\/\",\"https:\\\/\\\/www.youtube.com\\\/user\\\/laguiadepamplona\"]},{\"@type\":\"Person\",\"@id\":\"https:\\\/\\\/www.laguiadepamplona.com\\\/actualidad\\\/#\\\/schema\\\/person\\\/efe887376f0213d4657c93adc50b1fdb\",\"name\":\"La Gu\u00eda de Pamplona\",\"image\":{\"@type\":\"ImageObject\",\"inLanguage\":\"es\",\"@id\":\"https:\\\/\\\/secure.gravatar.com\\\/avatar\\\/b6992f131dc8d30ab0dff15446e9d346d9dbd95992de0fef795073f5ea83a81c?s=96&d=mm&r=g\",\"url\":\"https:\\\/\\\/secure.gravatar.com\\\/avatar\\\/b6992f131dc8d30ab0dff15446e9d346d9dbd95992de0fef795073f5ea83a81c?s=96&d=mm&r=g\",\"contentUrl\":\"https:\\\/\\\/secure.gravatar.com\\\/avatar\\\/b6992f131dc8d30ab0dff15446e9d346d9dbd95992de0fef795073f5ea83a81c?s=96&d=mm&r=g\",\"caption\":\"La Gu\u00eda de Pamplona\"}}]}<\/script>\n<!-- \/ Yoast SEO plugin. -->","yoast_head_json":{"title":"La fachada de la Casa Consistorial se ilumina este martes en color verde por la celebraci\u00f3n del D\u00eda Mundial contra el C\u00e1ncer","description":"El Ayuntamiento de Pamplona aprueba una declaraci\u00f3n institucional en solidaridad con las personas afectadas y en reconocimiento a su lucha","robots":{"index":"index","follow":"follow","max-snippet":"max-snippet:-1","max-image-preview":"max-image-preview:large","max-video-preview":"max-video-preview:-1"},"canonical":"https:\/\/www.laguiadepamplona.com\/actualidad\/la-fachada-de-la-casa-consistorial-se-ilumina-este-martes-en-color-verde-por-la-celebracion-del-dia-mundial-contra-el-cancer\/","og_locale":"es_ES","og_type":"article","og_title":"La fachada de la Casa Consistorial se ilumina este martes en color verde por la celebraci\u00f3n del D\u00eda Mundial contra el C\u00e1ncer","og_description":"El Ayuntamiento de Pamplona aprueba una declaraci\u00f3n institucional en solidaridad con las personas afectadas y en reconocimiento a su lucha","og_url":"https:\/\/www.laguiadepamplona.com\/actualidad\/la-fachada-de-la-casa-consistorial-se-ilumina-este-martes-en-color-verde-por-la-celebracion-del-dia-mundial-contra-el-cancer\/","og_site_name":"La Gu\u00eda de Pamplona","article_publisher":"https:\/\/www.facebook.com\/laguiadepamplonacom-133175176762273\/?ref=hl","article_published_time":"2025-02-04T12:53:39+00:00","og_image":[{"width":1000,"height":667,"url":"https:\/\/www.laguiadepamplona.com\/actualidad\/wp-content\/uploads\/2024\/06\/ayuntamiento_verde.webp","type":"image\/webp"}],"author":"La Gu\u00eda de Pamplona","twitter_card":"summary_large_image","twitter_creator":"@LaGuiadPamplona","twitter_site":"@LaGuiadPamplona","twitter_misc":{"Escrito por":"La Gu\u00eda de Pamplona","Tiempo de lectura":"3 minutos"},"schema":{"@context":"https:\/\/schema.org","@graph":[{"@type":"Article","@id":"https:\/\/www.laguiadepamplona.com\/actualidad\/la-fachada-de-la-casa-consistorial-se-ilumina-este-martes-en-color-verde-por-la-celebracion-del-dia-mundial-contra-el-cancer\/#article","isPartOf":{"@id":"https:\/\/www.laguiadepamplona.com\/actualidad\/la-fachada-de-la-casa-consistorial-se-ilumina-este-martes-en-color-verde-por-la-celebracion-del-dia-mundial-contra-el-cancer\/"},"author":{"name":"La Gu\u00eda de Pamplona","@id":"https:\/\/www.laguiadepamplona.com\/actualidad\/#\/schema\/person\/efe887376f0213d4657c93adc50b1fdb"},"headline":"La fachada de la Casa Consistorial se ilumina este martes en color verde por la celebraci\u00f3n del D\u00eda Mundial contra el C\u00e1ncer","datePublished":"2025-02-04T12:53:39+00:00","mainEntityOfPage":{"@id":"https:\/\/www.laguiadepamplona.com\/actualidad\/la-fachada-de-la-casa-consistorial-se-ilumina-este-martes-en-color-verde-por-la-celebracion-del-dia-mundial-contra-el-cancer\/"},"wordCount":516,"commentCount":0,"publisher":{"@id":"https:\/\/www.laguiadepamplona.com\/actualidad\/#organization"},"image":{"@id":"https:\/\/www.laguiadepamplona.com\/actualidad\/la-fachada-de-la-casa-consistorial-se-ilumina-este-martes-en-color-verde-por-la-celebracion-del-dia-mundial-contra-el-cancer\/#primaryimage"},"thumbnailUrl":"https:\/\/www.laguiadepamplona.com\/actualidad\/wp-content\/uploads\/2024\/06\/ayuntamiento_verde.webp","articleSection":["Ayto Pamplona"],"inLanguage":"es","potentialAction":[{"@type":"CommentAction","name":"Comment","target":["https:\/\/www.laguiadepamplona.com\/actualidad\/la-fachada-de-la-casa-consistorial-se-ilumina-este-martes-en-color-verde-por-la-celebracion-del-dia-mundial-contra-el-cancer\/#respond"]}]},{"@type":"WebPage","@id":"https:\/\/www.laguiadepamplona.com\/actualidad\/la-fachada-de-la-casa-consistorial-se-ilumina-este-martes-en-color-verde-por-la-celebracion-del-dia-mundial-contra-el-cancer\/","url":"https:\/\/www.laguiadepamplona.com\/actualidad\/la-fachada-de-la-casa-consistorial-se-ilumina-este-martes-en-color-verde-por-la-celebracion-del-dia-mundial-contra-el-cancer\/","name":"La fachada de la Casa Consistorial se ilumina este martes en color verde por la celebraci\u00f3n del D\u00eda Mundial contra el C\u00e1ncer","isPartOf":{"@id":"https:\/\/www.laguiadepamplona.com\/actualidad\/#website"},"primaryImageOfPage":{"@id":"https:\/\/www.laguiadepamplona.com\/actualidad\/la-fachada-de-la-casa-consistorial-se-ilumina-este-martes-en-color-verde-por-la-celebracion-del-dia-mundial-contra-el-cancer\/#primaryimage"},"image":{"@id":"https:\/\/www.laguiadepamplona.com\/actualidad\/la-fachada-de-la-casa-consistorial-se-ilumina-este-martes-en-color-verde-por-la-celebracion-del-dia-mundial-contra-el-cancer\/#primaryimage"},"thumbnailUrl":"https:\/\/www.laguiadepamplona.com\/actualidad\/wp-content\/uploads\/2024\/06\/ayuntamiento_verde.webp","datePublished":"2025-02-04T12:53:39+00:00","description":"El Ayuntamiento de Pamplona aprueba una declaraci\u00f3n institucional en solidaridad con las personas afectadas y en reconocimiento a su lucha","breadcrumb":{"@id":"https:\/\/www.laguiadepamplona.com\/actualidad\/la-fachada-de-la-casa-consistorial-se-ilumina-este-martes-en-color-verde-por-la-celebracion-del-dia-mundial-contra-el-cancer\/#breadcrumb"},"inLanguage":"es","potentialAction":[{"@type":"ReadAction","target":["https:\/\/www.laguiadepamplona.com\/actualidad\/la-fachada-de-la-casa-consistorial-se-ilumina-este-martes-en-color-verde-por-la-celebracion-del-dia-mundial-contra-el-cancer\/"]}]},{"@type":"ImageObject","inLanguage":"es","@id":"https:\/\/www.laguiadepamplona.com\/actualidad\/la-fachada-de-la-casa-consistorial-se-ilumina-este-martes-en-color-verde-por-la-celebracion-del-dia-mundial-contra-el-cancer\/#primaryimage","url":"https:\/\/www.laguiadepamplona.com\/actualidad\/wp-content\/uploads\/2024\/06\/ayuntamiento_verde.webp","contentUrl":"https:\/\/www.laguiadepamplona.com\/actualidad\/wp-content\/uploads\/2024\/06\/ayuntamiento_verde.webp","width":1000,"height":667,"caption":"ayuntamiento verde"},{"@type":"BreadcrumbList","@id":"https:\/\/www.laguiadepamplona.com\/actualidad\/la-fachada-de-la-casa-consistorial-se-ilumina-este-martes-en-color-verde-por-la-celebracion-del-dia-mundial-contra-el-cancer\/#breadcrumb","itemListElement":[{"@type":"ListItem","position":1,"name":"Portada","item":"https:\/\/www.laguiadepamplona.com\/actualidad\/"},{"@type":"ListItem","position":2,"name":"La fachada de la Casa Consistorial se ilumina este martes en color verde por la celebraci\u00f3n del D\u00eda Mundial contra el C\u00e1ncer"}]},{"@type":"WebSite","@id":"https:\/\/www.laguiadepamplona.com\/actualidad\/#website","url":"https:\/\/www.laguiadepamplona.com\/actualidad\/","name":"La gu\u00eda de Pamplona","description":"Noticias de Pamplona","publisher":{"@id":"https:\/\/www.laguiadepamplona.com\/actualidad\/#organization"},"potentialAction":[{"@type":"SearchAction","target":{"@type":"EntryPoint","urlTemplate":"https:\/\/www.laguiadepamplona.com\/actualidad\/?s={search_term_string}"},"query-input":{"@type":"PropertyValueSpecification","valueRequired":true,"valueName":"search_term_string"}}],"inLanguage":"es"},{"@type":"Organization","@id":"https:\/\/www.laguiadepamplona.com\/actualidad\/#organization","name":"La Gu\u00eda de Pamplona \/ Noticias","url":"https:\/\/www.laguiadepamplona.com\/actualidad\/","logo":{"@type":"ImageObject","inLanguage":"es","@id":"https:\/\/www.laguiadepamplona.com\/actualidad\/#\/schema\/logo\/image\/","url":"https:\/\/www.laguiadepamplona.com\/actualidad\/wp-content\/uploads\/2018\/11\/logo-laguiadepamplona18-web1.png","contentUrl":"https:\/\/www.laguiadepamplona.com\/actualidad\/wp-content\/uploads\/2018\/11\/logo-laguiadepamplona18-web1.png","width":600,"height":196,"caption":"La Gu\u00eda de Pamplona \/ Noticias"},"image":{"@id":"https:\/\/www.laguiadepamplona.com\/actualidad\/#\/schema\/logo\/image\/"},"sameAs":["https:\/\/www.facebook.com\/laguiadepamplonacom-133175176762273\/?ref=hl","https:\/\/x.com\/LaGuiadPamplona","https:\/\/www.instagram.com\/la_guia_de_pamplona\/","https:\/\/www.youtube.com\/user\/laguiadepamplona"]},{"@type":"Person","@id":"https:\/\/www.laguiadepamplona.com\/actualidad\/#\/schema\/person\/efe887376f0213d4657c93adc50b1fdb","name":"La Gu\u00eda de Pamplona","image":{"@type":"ImageObject","inLanguage":"es","@id":"https:\/\/secure.gravatar.com\/avatar\/b6992f131dc8d30ab0dff15446e9d346d9dbd95992de0fef795073f5ea83a81c?s=96&d=mm&r=g","url":"https:\/\/secure.gravatar.com\/avatar\/b6992f131dc8d30ab0dff15446e9d346d9dbd95992de0fef795073f5ea83a81c?s=96&d=mm&r=g","contentUrl":"https:\/\/secure.gravatar.com\/avatar\/b6992f131dc8d30ab0dff15446e9d346d9dbd95992de0fef795073f5ea83a81c?s=96&d=mm&r=g","caption":"La Gu\u00eda de Pamplona"}}]}},"post_mailing_queue_ids":[],"_links":{"self":[{"href":"https:\/\/www.laguiadepamplona.com\/actualidad\/wp-json\/wp\/v2\/posts\/51986","targetHints":{"allow":["GET"]}}],"collection":[{"href":"https:\/\/www.laguiadepamplona.com\/actualidad\/wp-json\/wp\/v2\/posts"}],"about":[{"href":"https:\/\/www.laguiadepamplona.com\/actualidad\/wp-json\/wp\/v2\/types\/post"}],"author":[{"embeddable":true,"href":"https:\/\/www.laguiadepamplona.com\/actualidad\/wp-json\/wp\/v2\/users\/1"}],"replies":[{"embeddable":true,"href":"https:\/\/www.laguiadepamplona.com\/actualidad\/wp-json\/wp\/v2\/comments?post=51986"}],"version-history":[{"count":1,"href":"https:\/\/www.laguiadepamplona.com\/actualidad\/wp-json\/wp\/v2\/posts\/51986\/revisions"}],"predecessor-version":[{"id":51987,"href":"https:\/\/www.laguiadepamplona.com\/actualidad\/wp-json\/wp\/v2\/posts\/51986\/revisions\/51987"}],"wp:featuredmedia":[{"embeddable":true,"href":"https:\/\/www.laguiadepamplona.com\/actualidad\/wp-json\/wp\/v2\/media\/50140"}],"wp:attachment":[{"href":"https:\/\/www.laguiadepamplona.com\/actualidad\/wp-json\/wp\/v2\/media?parent=51986"}],"wp:term":[{"taxonomy":"category","embeddable":true,"href":"https:\/\/www.laguiadepamplona.com\/actualidad\/wp-json\/wp\/v2\/categories?post=51986"},{"taxonomy":"post_tag","embeddable":true,"href":"https:\/\/www.laguiadepamplona.com\/actualidad\/wp-json\/wp\/v2\/tags?post=51986"}],"curies":[{"name":"wp","href":"https:\/\/api.w.org\/{rel}","templated":true}]}}