{"id":51977,"date":"2025-02-04T14:49:05","date_gmt":"2025-02-04T12:49:05","guid":{"rendered":"https:\/\/www.laguiadepamplona.com\/actualidad\/?p=51977"},"modified":"2025-02-04T14:49:05","modified_gmt":"2025-02-04T12:49:05","slug":"abierto-el-plazo-de-presentacion-de-aportaciones-al-foro-de-barrio-de-arrosadia-milagrosa-azpilagana-y-santa-maria-la-real-que-se-celebra-el-jueves-13-de-febrero","status":"publish","type":"post","link":"https:\/\/www.laguiadepamplona.com\/actualidad\/abierto-el-plazo-de-presentacion-de-aportaciones-al-foro-de-barrio-de-arrosadia-milagrosa-azpilagana-y-santa-maria-la-real-que-se-celebra-el-jueves-13-de-febrero\/","title":{"rendered":"Abierto el plazo de presentaci\u00f3n de aportaciones al Foro de Barrio de Arrosad\u00eda, Milagrosa, Azpilaga\u00f1a y Santa Mar\u00eda la Real, que se celebra el jueves 13 de febrero"},"content":{"rendered":"<h2>Las propuestas y sugerencias se pueden enviar, hasta el 10 de febrero, al correo <a href=\"mailto:foros@pamplona.es\">foros@pamplona.es<\/a> o a trav\u00e9s de la web Decide Pamplona<\/h2>\n<p><!--more--><\/p>\n<p>El Foro de Barrio de Arrosad\u00eda, Milagrosa, Azpilaga\u00f1a y Santa Mar\u00eda la Real se celebra el jueves 13 de febrero y ya est\u00e1 abierto el plazo para que la ciudadan\u00eda presente sus aportaciones. Propuestas y sugerencias se pueden enviar, hasta el lunes 10 de febrero, al correo <a href=\"mailto:foros@pamplona.es\">foros@pamplona.es<\/a> o a trav\u00e9s de la web <a href=\"https:\/\/decide.pamplona.es\/assemblies\/FBArrosadiaMilagrosaAzpilagana\/f\/295\/\" target=\"_blank\" rel=\"noopener\">Decide Pamplona<\/a>. Las cuestiones recibidas se abordar\u00e1n durante la sesi\u00f3n, que tendr\u00e1 lugar en Hegoalde Ikastola, a las 18.30 horas.<\/p>\n<p>El foro contar\u00e1 con la participaci\u00f3n del concejal de barrio Joxe Abaurrea San Juan, que es tambi\u00e9n concejal de Gobierno Estrat\u00e9gico, Urbanismo, Vivienda y Agenda 2030, y la concejala especial de Participaci\u00f3n Ciudadana y Euskera, Aitziber Campi\u00f3n Ganboa. En la sesi\u00f3n se presentar\u00e1n varios servicios municipales: Plaza On (Red municipal de voluntariado de Pamplona), Oficina de Mediaci\u00f3n Comunitaria, Casa de la Juventud y Oficina Verde.<\/p>\n<p>Tambi\u00e9n tendr\u00e1n cabida proyectos comunitarios del barrio y las aportaciones de los vecinos y vecinas de 3 a 12 a\u00f1os que participen en el Foro Txiki, que se desarrolla de forma paralela al foro principal. Las conclusiones del Txikien Foroa se presentar\u00e1n en la parte final del Foro de Barrio con el objetivo de incorporar las diferentes miradas en las decisiones que afectan al barrio.<\/p>\n<p>El foro principal podr\u00e1 seguirse en directo en el <u>canal de YouTube \u2018Participa Pamplona\u2019.<\/u> Los foros de barrio cuentan con accesibilidad auditiva, mediante int\u00e9rprete de lengua de signos, estenotipia (subtitulado) y bucle magn\u00e9tico, de modo que las personas con discapacidad auditiva puedan acudir y participar activamente en estos encuentros. La accesibilidad auditiva est\u00e1 garantizada mediante la Asociaci\u00f3n Eunate y la Asociaci\u00f3n Asorna.<\/p>\n<p><strong>Actividades junto al foro<\/strong><\/p>\n<p>El Foro de Barrio se acompa\u00f1a de distintas actividades durante la semana, como la exposici\u00f3n Marca Ciudad (Pamplona=bagara-Iru\u00f1a=de verdad), junto a otras iniciativas municipales para 2025, en Civivox Milagrosa. La muestra se abre de lunes a s\u00e1bado. El martes tendr\u00e1 lugar un paseo por el barrio, de 17.30 a 18.30 horas, con salida desde la oficina verde de Milagrosa, situada en la calle Manuel de Falla 2, y visita al Proyecto Guelbenzu, futuro civivox del barrio situado en la calle Manuel de Falla, y el Centro Comunitario Azpilaga\u00f1a, en calle R\u00edo Alzania.<\/p>\n<p>El programa se completa con la actuaci\u00f3n del grupo Tinkus San Sim\u00f3n, en la plaza de Alfredo Florist\u00e1n, a las 18 horas; en caso de lluvia, la actividad se trasladar\u00e1 al front\u00f3n de Hegoalde Ikastola. Tinkus San Sim\u00f3n es un grupo de folklore boliviano integrado en el barrio, que ensaya en el centro comunitario de Milagrosa y en el de Azpilaga\u00f1a.<\/p>\n<p>&nbsp;<\/p>\n<h3>Foro de Barrio de Milagrosa, Azpilaga\u00f1a y Santa Mar\u00eda la Real<\/h3>\n<ul>\n<li>Del 10 al 15 de febrero:\n<ul>\n<li>Exposici\u00f3n itinerante. Marca Pamplona e iniciativas municipales. En Civivox Milagrosa<\/li>\n<\/ul>\n<\/li>\n<li>Martes 11 de febrero:\n<ul>\n<li>Paseo por el barrio. De 17.30 a 18.30 horas. Visita a la Oficina Verde de Milagrosa (calle Manuel de Falla 2), Proyecto Guelbenzu y Centro Comunitario Azpilaga\u00f1a<\/li>\n<\/ul>\n<\/li>\n<li>Mi\u00e9rcoles 12 de febrero:\n<ul>\n<li>Actuaci\u00f3n de Tinkus San Sim\u00f3n. 18 horas. Plaza Alfredo Florist\u00e1n (en caso de lluvia, front\u00f3n ikastola Hegoalde)<\/li>\n<\/ul>\n<\/li>\n<li>Jueves 13 de febrero:\n<ul>\n<li><strong>Foro de Barrio<\/strong>. A las 18.30 horas. Ikastola Hegoalde (gimnasio)<\/li>\n<li><strong>Foro Txiki<\/strong>. A las 18.30 horas. Ikastola Hegoalde (aula contigua al gimnasio)<\/li>\n<\/ul>\n<\/li>\n<\/ul>\n","protected":false},"excerpt":{"rendered":"<p>Las propuestas y sugerencias se pueden enviar, hasta el 10 de febrero, al correo foros@pamplona.es o a trav\u00e9s de la web Decide Pamplona<\/p>\n","protected":false},"author":1,"featured_media":51978,"comment_status":"open","ping_status":"closed","sticky":false,"template":"","format":"standard","meta":{"footnotes":""},"categories":[2],"tags":[],"class_list":["post-51977","post","type-post","status-publish","format-standard","has-post-thumbnail","hentry","category-ayuntamiento-pamplona"],"yoast_head":"<!-- This site is optimized with the Yoast SEO plugin v27.3 - https:\/\/yoast.com\/product\/yoast-seo-wordpress\/ -->\n<title>Abierto el plazo de presentaci\u00f3n de aportaciones al Foro de Barrio de Arrosad\u00eda, Milagrosa, Azpilaga\u00f1a y Santa Mar\u00eda la Real, que se celebra el jueves 13 de febrero<\/title>\n<meta name=\"description\" content=\"Las propuestas y sugerencias se pueden enviar, hasta el 10 de febrero, al correo foros@pamplona.es o a trav\u00e9s de la web Decide Pamplona\" \/>\n<meta name=\"robots\" content=\"index, follow, max-snippet:-1, max-image-preview:large, max-video-preview:-1\" \/>\n<link rel=\"canonical\" href=\"https:\/\/www.laguiadepamplona.com\/actualidad\/abierto-el-plazo-de-presentacion-de-aportaciones-al-foro-de-barrio-de-arrosadia-milagrosa-azpilagana-y-santa-maria-la-real-que-se-celebra-el-jueves-13-de-febrero\/\" \/>\n<meta property=\"og:locale\" content=\"es_ES\" \/>\n<meta property=\"og:type\" content=\"article\" \/>\n<meta property=\"og:title\" content=\"Abierto el plazo de presentaci\u00f3n de aportaciones al Foro de Barrio de Arrosad\u00eda, Milagrosa, Azpilaga\u00f1a y Santa Mar\u00eda la Real, que se celebra el jueves 13 de febrero\" \/>\n<meta property=\"og:description\" content=\"Las propuestas y sugerencias se pueden enviar, hasta el 10 de febrero, al correo foros@pamplona.es o a trav\u00e9s de la web Decide Pamplona\" \/>\n<meta property=\"og:url\" content=\"https:\/\/www.laguiadepamplona.com\/actualidad\/abierto-el-plazo-de-presentacion-de-aportaciones-al-foro-de-barrio-de-arrosadia-milagrosa-azpilagana-y-santa-maria-la-real-que-se-celebra-el-jueves-13-de-febrero\/\" \/>\n<meta property=\"og:site_name\" content=\"La Gu\u00eda de Pamplona\" \/>\n<meta property=\"article:publisher\" content=\"https:\/\/www.facebook.com\/laguiadepamplonacom-133175176762273\/?ref=hl\" \/>\n<meta property=\"article:published_time\" content=\"2025-02-04T12:49:05+00:00\" \/>\n<meta property=\"og:image\" content=\"https:\/\/www.laguiadepamplona.com\/actualidad\/wp-content\/uploads\/2025\/02\/aportaciones-foro-de-barrio_web.webp\" \/>\n\t<meta property=\"og:image:width\" content=\"1000\" \/>\n\t<meta property=\"og:image:height\" content=\"805\" \/>\n\t<meta property=\"og:image:type\" content=\"image\/webp\" \/>\n<meta name=\"author\" content=\"La Gu\u00eda de Pamplona\" \/>\n<meta name=\"twitter:card\" content=\"summary_large_image\" \/>\n<meta name=\"twitter:creator\" content=\"@LaGuiadPamplona\" \/>\n<meta name=\"twitter:site\" content=\"@LaGuiadPamplona\" \/>\n<meta name=\"twitter:label1\" content=\"Escrito por\" \/>\n\t<meta name=\"twitter:data1\" content=\"La Gu\u00eda de Pamplona\" \/>\n\t<meta name=\"twitter:label2\" content=\"Tiempo de lectura\" \/>\n\t<meta name=\"twitter:data2\" content=\"3 minutos\" \/>\n<script type=\"application\/ld+json\" class=\"yoast-schema-graph\">{\"@context\":\"https:\\\/\\\/schema.org\",\"@graph\":[{\"@type\":\"Article\",\"@id\":\"https:\\\/\\\/www.laguiadepamplona.com\\\/actualidad\\\/abierto-el-plazo-de-presentacion-de-aportaciones-al-foro-de-barrio-de-arrosadia-milagrosa-azpilagana-y-santa-maria-la-real-que-se-celebra-el-jueves-13-de-febrero\\\/#article\",\"isPartOf\":{\"@id\":\"https:\\\/\\\/www.laguiadepamplona.com\\\/actualidad\\\/abierto-el-plazo-de-presentacion-de-aportaciones-al-foro-de-barrio-de-arrosadia-milagrosa-azpilagana-y-santa-maria-la-real-que-se-celebra-el-jueves-13-de-febrero\\\/\"},\"author\":{\"name\":\"La Gu\u00eda de Pamplona\",\"@id\":\"https:\\\/\\\/www.laguiadepamplona.com\\\/actualidad\\\/#\\\/schema\\\/person\\\/efe887376f0213d4657c93adc50b1fdb\"},\"headline\":\"Abierto el plazo de presentaci\u00f3n de aportaciones al Foro de Barrio de Arrosad\u00eda, Milagrosa, Azpilaga\u00f1a y Santa Mar\u00eda la Real, que se celebra el jueves 13 de febrero\",\"datePublished\":\"2025-02-04T12:49:05+00:00\",\"mainEntityOfPage\":{\"@id\":\"https:\\\/\\\/www.laguiadepamplona.com\\\/actualidad\\\/abierto-el-plazo-de-presentacion-de-aportaciones-al-foro-de-barrio-de-arrosadia-milagrosa-azpilagana-y-santa-maria-la-real-que-se-celebra-el-jueves-13-de-febrero\\\/\"},\"wordCount\":611,\"commentCount\":0,\"publisher\":{\"@id\":\"https:\\\/\\\/www.laguiadepamplona.com\\\/actualidad\\\/#organization\"},\"image\":{\"@id\":\"https:\\\/\\\/www.laguiadepamplona.com\\\/actualidad\\\/abierto-el-plazo-de-presentacion-de-aportaciones-al-foro-de-barrio-de-arrosadia-milagrosa-azpilagana-y-santa-maria-la-real-que-se-celebra-el-jueves-13-de-febrero\\\/#primaryimage\"},\"thumbnailUrl\":\"https:\\\/\\\/www.laguiadepamplona.com\\\/actualidad\\\/wp-content\\\/uploads\\\/2025\\\/02\\\/aportaciones-foro-de-barrio_web.webp\",\"articleSection\":[\"Ayto Pamplona\"],\"inLanguage\":\"es\",\"potentialAction\":[{\"@type\":\"CommentAction\",\"name\":\"Comment\",\"target\":[\"https:\\\/\\\/www.laguiadepamplona.com\\\/actualidad\\\/abierto-el-plazo-de-presentacion-de-aportaciones-al-foro-de-barrio-de-arrosadia-milagrosa-azpilagana-y-santa-maria-la-real-que-se-celebra-el-jueves-13-de-febrero\\\/#respond\"]}]},{\"@type\":\"WebPage\",\"@id\":\"https:\\\/\\\/www.laguiadepamplona.com\\\/actualidad\\\/abierto-el-plazo-de-presentacion-de-aportaciones-al-foro-de-barrio-de-arrosadia-milagrosa-azpilagana-y-santa-maria-la-real-que-se-celebra-el-jueves-13-de-febrero\\\/\",\"url\":\"https:\\\/\\\/www.laguiadepamplona.com\\\/actualidad\\\/abierto-el-plazo-de-presentacion-de-aportaciones-al-foro-de-barrio-de-arrosadia-milagrosa-azpilagana-y-santa-maria-la-real-que-se-celebra-el-jueves-13-de-febrero\\\/\",\"name\":\"Abierto el plazo de presentaci\u00f3n de aportaciones al Foro de Barrio de Arrosad\u00eda, Milagrosa, Azpilaga\u00f1a y Santa Mar\u00eda la Real, que se celebra el jueves 13 de febrero\",\"isPartOf\":{\"@id\":\"https:\\\/\\\/www.laguiadepamplona.com\\\/actualidad\\\/#website\"},\"primaryImageOfPage\":{\"@id\":\"https:\\\/\\\/www.laguiadepamplona.com\\\/actualidad\\\/abierto-el-plazo-de-presentacion-de-aportaciones-al-foro-de-barrio-de-arrosadia-milagrosa-azpilagana-y-santa-maria-la-real-que-se-celebra-el-jueves-13-de-febrero\\\/#primaryimage\"},\"image\":{\"@id\":\"https:\\\/\\\/www.laguiadepamplona.com\\\/actualidad\\\/abierto-el-plazo-de-presentacion-de-aportaciones-al-foro-de-barrio-de-arrosadia-milagrosa-azpilagana-y-santa-maria-la-real-que-se-celebra-el-jueves-13-de-febrero\\\/#primaryimage\"},\"thumbnailUrl\":\"https:\\\/\\\/www.laguiadepamplona.com\\\/actualidad\\\/wp-content\\\/uploads\\\/2025\\\/02\\\/aportaciones-foro-de-barrio_web.webp\",\"datePublished\":\"2025-02-04T12:49:05+00:00\",\"description\":\"Las propuestas y sugerencias se pueden enviar, hasta el 10 de febrero, al correo foros@pamplona.es o a trav\u00e9s de la web Decide Pamplona\",\"breadcrumb\":{\"@id\":\"https:\\\/\\\/www.laguiadepamplona.com\\\/actualidad\\\/abierto-el-plazo-de-presentacion-de-aportaciones-al-foro-de-barrio-de-arrosadia-milagrosa-azpilagana-y-santa-maria-la-real-que-se-celebra-el-jueves-13-de-febrero\\\/#breadcrumb\"},\"inLanguage\":\"es\",\"potentialAction\":[{\"@type\":\"ReadAction\",\"target\":[\"https:\\\/\\\/www.laguiadepamplona.com\\\/actualidad\\\/abierto-el-plazo-de-presentacion-de-aportaciones-al-foro-de-barrio-de-arrosadia-milagrosa-azpilagana-y-santa-maria-la-real-que-se-celebra-el-jueves-13-de-febrero\\\/\"]}]},{\"@type\":\"ImageObject\",\"inLanguage\":\"es\",\"@id\":\"https:\\\/\\\/www.laguiadepamplona.com\\\/actualidad\\\/abierto-el-plazo-de-presentacion-de-aportaciones-al-foro-de-barrio-de-arrosadia-milagrosa-azpilagana-y-santa-maria-la-real-que-se-celebra-el-jueves-13-de-febrero\\\/#primaryimage\",\"url\":\"https:\\\/\\\/www.laguiadepamplona.com\\\/actualidad\\\/wp-content\\\/uploads\\\/2025\\\/02\\\/aportaciones-foro-de-barrio_web.webp\",\"contentUrl\":\"https:\\\/\\\/www.laguiadepamplona.com\\\/actualidad\\\/wp-content\\\/uploads\\\/2025\\\/02\\\/aportaciones-foro-de-barrio_web.webp\",\"width\":1000,\"height\":805,\"caption\":\"aportaciones foro barrio\"},{\"@type\":\"BreadcrumbList\",\"@id\":\"https:\\\/\\\/www.laguiadepamplona.com\\\/actualidad\\\/abierto-el-plazo-de-presentacion-de-aportaciones-al-foro-de-barrio-de-arrosadia-milagrosa-azpilagana-y-santa-maria-la-real-que-se-celebra-el-jueves-13-de-febrero\\\/#breadcrumb\",\"itemListElement\":[{\"@type\":\"ListItem\",\"position\":1,\"name\":\"Portada\",\"item\":\"https:\\\/\\\/www.laguiadepamplona.com\\\/actualidad\\\/\"},{\"@type\":\"ListItem\",\"position\":2,\"name\":\"Abierto el plazo de presentaci\u00f3n de aportaciones al Foro de Barrio de Arrosad\u00eda, Milagrosa, Azpilaga\u00f1a y Santa Mar\u00eda la Real, que se celebra el jueves 13 de febrero\"}]},{\"@type\":\"WebSite\",\"@id\":\"https:\\\/\\\/www.laguiadepamplona.com\\\/actualidad\\\/#website\",\"url\":\"https:\\\/\\\/www.laguiadepamplona.com\\\/actualidad\\\/\",\"name\":\"La gu\u00eda de Pamplona\",\"description\":\"Noticias de Pamplona\",\"publisher\":{\"@id\":\"https:\\\/\\\/www.laguiadepamplona.com\\\/actualidad\\\/#organization\"},\"potentialAction\":[{\"@type\":\"SearchAction\",\"target\":{\"@type\":\"EntryPoint\",\"urlTemplate\":\"https:\\\/\\\/www.laguiadepamplona.com\\\/actualidad\\\/?s={search_term_string}\"},\"query-input\":{\"@type\":\"PropertyValueSpecification\",\"valueRequired\":true,\"valueName\":\"search_term_string\"}}],\"inLanguage\":\"es\"},{\"@type\":\"Organization\",\"@id\":\"https:\\\/\\\/www.laguiadepamplona.com\\\/actualidad\\\/#organization\",\"name\":\"La Gu\u00eda de Pamplona \\\/ Noticias\",\"url\":\"https:\\\/\\\/www.laguiadepamplona.com\\\/actualidad\\\/\",\"logo\":{\"@type\":\"ImageObject\",\"inLanguage\":\"es\",\"@id\":\"https:\\\/\\\/www.laguiadepamplona.com\\\/actualidad\\\/#\\\/schema\\\/logo\\\/image\\\/\",\"url\":\"https:\\\/\\\/www.laguiadepamplona.com\\\/actualidad\\\/wp-content\\\/uploads\\\/2018\\\/11\\\/logo-laguiadepamplona18-web1.png\",\"contentUrl\":\"https:\\\/\\\/www.laguiadepamplona.com\\\/actualidad\\\/wp-content\\\/uploads\\\/2018\\\/11\\\/logo-laguiadepamplona18-web1.png\",\"width\":600,\"height\":196,\"caption\":\"La Gu\u00eda de Pamplona \\\/ Noticias\"},\"image\":{\"@id\":\"https:\\\/\\\/www.laguiadepamplona.com\\\/actualidad\\\/#\\\/schema\\\/logo\\\/image\\\/\"},\"sameAs\":[\"https:\\\/\\\/www.facebook.com\\\/laguiadepamplonacom-133175176762273\\\/?ref=hl\",\"https:\\\/\\\/x.com\\\/LaGuiadPamplona\",\"https:\\\/\\\/www.instagram.com\\\/la_guia_de_pamplona\\\/\",\"https:\\\/\\\/www.youtube.com\\\/user\\\/laguiadepamplona\"]},{\"@type\":\"Person\",\"@id\":\"https:\\\/\\\/www.laguiadepamplona.com\\\/actualidad\\\/#\\\/schema\\\/person\\\/efe887376f0213d4657c93adc50b1fdb\",\"name\":\"La Gu\u00eda de Pamplona\",\"image\":{\"@type\":\"ImageObject\",\"inLanguage\":\"es\",\"@id\":\"https:\\\/\\\/secure.gravatar.com\\\/avatar\\\/b6992f131dc8d30ab0dff15446e9d346d9dbd95992de0fef795073f5ea83a81c?s=96&d=mm&r=g\",\"url\":\"https:\\\/\\\/secure.gravatar.com\\\/avatar\\\/b6992f131dc8d30ab0dff15446e9d346d9dbd95992de0fef795073f5ea83a81c?s=96&d=mm&r=g\",\"contentUrl\":\"https:\\\/\\\/secure.gravatar.com\\\/avatar\\\/b6992f131dc8d30ab0dff15446e9d346d9dbd95992de0fef795073f5ea83a81c?s=96&d=mm&r=g\",\"caption\":\"La Gu\u00eda de Pamplona\"}}]}<\/script>\n<!-- \/ Yoast SEO plugin. -->","yoast_head_json":{"title":"Abierto el plazo de presentaci\u00f3n de aportaciones al Foro de Barrio de Arrosad\u00eda, Milagrosa, Azpilaga\u00f1a y Santa Mar\u00eda la Real, que se celebra el jueves 13 de febrero","description":"Las propuestas y sugerencias se pueden enviar, hasta el 10 de febrero, al correo foros@pamplona.es o a trav\u00e9s de la web Decide Pamplona","robots":{"index":"index","follow":"follow","max-snippet":"max-snippet:-1","max-image-preview":"max-image-preview:large","max-video-preview":"max-video-preview:-1"},"canonical":"https:\/\/www.laguiadepamplona.com\/actualidad\/abierto-el-plazo-de-presentacion-de-aportaciones-al-foro-de-barrio-de-arrosadia-milagrosa-azpilagana-y-santa-maria-la-real-que-se-celebra-el-jueves-13-de-febrero\/","og_locale":"es_ES","og_type":"article","og_title":"Abierto el plazo de presentaci\u00f3n de aportaciones al Foro de Barrio de Arrosad\u00eda, Milagrosa, Azpilaga\u00f1a y Santa Mar\u00eda la Real, que se celebra el jueves 13 de febrero","og_description":"Las propuestas y sugerencias se pueden enviar, hasta el 10 de febrero, al correo foros@pamplona.es o a trav\u00e9s de la web Decide Pamplona","og_url":"https:\/\/www.laguiadepamplona.com\/actualidad\/abierto-el-plazo-de-presentacion-de-aportaciones-al-foro-de-barrio-de-arrosadia-milagrosa-azpilagana-y-santa-maria-la-real-que-se-celebra-el-jueves-13-de-febrero\/","og_site_name":"La Gu\u00eda de Pamplona","article_publisher":"https:\/\/www.facebook.com\/laguiadepamplonacom-133175176762273\/?ref=hl","article_published_time":"2025-02-04T12:49:05+00:00","og_image":[{"width":1000,"height":805,"url":"https:\/\/www.laguiadepamplona.com\/actualidad\/wp-content\/uploads\/2025\/02\/aportaciones-foro-de-barrio_web.webp","type":"image\/webp"}],"author":"La Gu\u00eda de Pamplona","twitter_card":"summary_large_image","twitter_creator":"@LaGuiadPamplona","twitter_site":"@LaGuiadPamplona","twitter_misc":{"Escrito por":"La Gu\u00eda de Pamplona","Tiempo de lectura":"3 minutos"},"schema":{"@context":"https:\/\/schema.org","@graph":[{"@type":"Article","@id":"https:\/\/www.laguiadepamplona.com\/actualidad\/abierto-el-plazo-de-presentacion-de-aportaciones-al-foro-de-barrio-de-arrosadia-milagrosa-azpilagana-y-santa-maria-la-real-que-se-celebra-el-jueves-13-de-febrero\/#article","isPartOf":{"@id":"https:\/\/www.laguiadepamplona.com\/actualidad\/abierto-el-plazo-de-presentacion-de-aportaciones-al-foro-de-barrio-de-arrosadia-milagrosa-azpilagana-y-santa-maria-la-real-que-se-celebra-el-jueves-13-de-febrero\/"},"author":{"name":"La Gu\u00eda de Pamplona","@id":"https:\/\/www.laguiadepamplona.com\/actualidad\/#\/schema\/person\/efe887376f0213d4657c93adc50b1fdb"},"headline":"Abierto el plazo de presentaci\u00f3n de aportaciones al Foro de Barrio de Arrosad\u00eda, Milagrosa, Azpilaga\u00f1a y Santa Mar\u00eda la Real, que se celebra el jueves 13 de febrero","datePublished":"2025-02-04T12:49:05+00:00","mainEntityOfPage":{"@id":"https:\/\/www.laguiadepamplona.com\/actualidad\/abierto-el-plazo-de-presentacion-de-aportaciones-al-foro-de-barrio-de-arrosadia-milagrosa-azpilagana-y-santa-maria-la-real-que-se-celebra-el-jueves-13-de-febrero\/"},"wordCount":611,"commentCount":0,"publisher":{"@id":"https:\/\/www.laguiadepamplona.com\/actualidad\/#organization"},"image":{"@id":"https:\/\/www.laguiadepamplona.com\/actualidad\/abierto-el-plazo-de-presentacion-de-aportaciones-al-foro-de-barrio-de-arrosadia-milagrosa-azpilagana-y-santa-maria-la-real-que-se-celebra-el-jueves-13-de-febrero\/#primaryimage"},"thumbnailUrl":"https:\/\/www.laguiadepamplona.com\/actualidad\/wp-content\/uploads\/2025\/02\/aportaciones-foro-de-barrio_web.webp","articleSection":["Ayto Pamplona"],"inLanguage":"es","potentialAction":[{"@type":"CommentAction","name":"Comment","target":["https:\/\/www.laguiadepamplona.com\/actualidad\/abierto-el-plazo-de-presentacion-de-aportaciones-al-foro-de-barrio-de-arrosadia-milagrosa-azpilagana-y-santa-maria-la-real-que-se-celebra-el-jueves-13-de-febrero\/#respond"]}]},{"@type":"WebPage","@id":"https:\/\/www.laguiadepamplona.com\/actualidad\/abierto-el-plazo-de-presentacion-de-aportaciones-al-foro-de-barrio-de-arrosadia-milagrosa-azpilagana-y-santa-maria-la-real-que-se-celebra-el-jueves-13-de-febrero\/","url":"https:\/\/www.laguiadepamplona.com\/actualidad\/abierto-el-plazo-de-presentacion-de-aportaciones-al-foro-de-barrio-de-arrosadia-milagrosa-azpilagana-y-santa-maria-la-real-que-se-celebra-el-jueves-13-de-febrero\/","name":"Abierto el plazo de presentaci\u00f3n de aportaciones al Foro de Barrio de Arrosad\u00eda, Milagrosa, Azpilaga\u00f1a y Santa Mar\u00eda la Real, que se celebra el jueves 13 de febrero","isPartOf":{"@id":"https:\/\/www.laguiadepamplona.com\/actualidad\/#website"},"primaryImageOfPage":{"@id":"https:\/\/www.laguiadepamplona.com\/actualidad\/abierto-el-plazo-de-presentacion-de-aportaciones-al-foro-de-barrio-de-arrosadia-milagrosa-azpilagana-y-santa-maria-la-real-que-se-celebra-el-jueves-13-de-febrero\/#primaryimage"},"image":{"@id":"https:\/\/www.laguiadepamplona.com\/actualidad\/abierto-el-plazo-de-presentacion-de-aportaciones-al-foro-de-barrio-de-arrosadia-milagrosa-azpilagana-y-santa-maria-la-real-que-se-celebra-el-jueves-13-de-febrero\/#primaryimage"},"thumbnailUrl":"https:\/\/www.laguiadepamplona.com\/actualidad\/wp-content\/uploads\/2025\/02\/aportaciones-foro-de-barrio_web.webp","datePublished":"2025-02-04T12:49:05+00:00","description":"Las propuestas y sugerencias se pueden enviar, hasta el 10 de febrero, al correo foros@pamplona.es o a trav\u00e9s de la web Decide Pamplona","breadcrumb":{"@id":"https:\/\/www.laguiadepamplona.com\/actualidad\/abierto-el-plazo-de-presentacion-de-aportaciones-al-foro-de-barrio-de-arrosadia-milagrosa-azpilagana-y-santa-maria-la-real-que-se-celebra-el-jueves-13-de-febrero\/#breadcrumb"},"inLanguage":"es","potentialAction":[{"@type":"ReadAction","target":["https:\/\/www.laguiadepamplona.com\/actualidad\/abierto-el-plazo-de-presentacion-de-aportaciones-al-foro-de-barrio-de-arrosadia-milagrosa-azpilagana-y-santa-maria-la-real-que-se-celebra-el-jueves-13-de-febrero\/"]}]},{"@type":"ImageObject","inLanguage":"es","@id":"https:\/\/www.laguiadepamplona.com\/actualidad\/abierto-el-plazo-de-presentacion-de-aportaciones-al-foro-de-barrio-de-arrosadia-milagrosa-azpilagana-y-santa-maria-la-real-que-se-celebra-el-jueves-13-de-febrero\/#primaryimage","url":"https:\/\/www.laguiadepamplona.com\/actualidad\/wp-content\/uploads\/2025\/02\/aportaciones-foro-de-barrio_web.webp","contentUrl":"https:\/\/www.laguiadepamplona.com\/actualidad\/wp-content\/uploads\/2025\/02\/aportaciones-foro-de-barrio_web.webp","width":1000,"height":805,"caption":"aportaciones foro barrio"},{"@type":"BreadcrumbList","@id":"https:\/\/www.laguiadepamplona.com\/actualidad\/abierto-el-plazo-de-presentacion-de-aportaciones-al-foro-de-barrio-de-arrosadia-milagrosa-azpilagana-y-santa-maria-la-real-que-se-celebra-el-jueves-13-de-febrero\/#breadcrumb","itemListElement":[{"@type":"ListItem","position":1,"name":"Portada","item":"https:\/\/www.laguiadepamplona.com\/actualidad\/"},{"@type":"ListItem","position":2,"name":"Abierto el plazo de presentaci\u00f3n de aportaciones al Foro de Barrio de Arrosad\u00eda, Milagrosa, Azpilaga\u00f1a y Santa Mar\u00eda la Real, que se celebra el jueves 13 de febrero"}]},{"@type":"WebSite","@id":"https:\/\/www.laguiadepamplona.com\/actualidad\/#website","url":"https:\/\/www.laguiadepamplona.com\/actualidad\/","name":"La gu\u00eda de Pamplona","description":"Noticias de Pamplona","publisher":{"@id":"https:\/\/www.laguiadepamplona.com\/actualidad\/#organization"},"potentialAction":[{"@type":"SearchAction","target":{"@type":"EntryPoint","urlTemplate":"https:\/\/www.laguiadepamplona.com\/actualidad\/?s={search_term_string}"},"query-input":{"@type":"PropertyValueSpecification","valueRequired":true,"valueName":"search_term_string"}}],"inLanguage":"es"},{"@type":"Organization","@id":"https:\/\/www.laguiadepamplona.com\/actualidad\/#organization","name":"La Gu\u00eda de Pamplona \/ Noticias","url":"https:\/\/www.laguiadepamplona.com\/actualidad\/","logo":{"@type":"ImageObject","inLanguage":"es","@id":"https:\/\/www.laguiadepamplona.com\/actualidad\/#\/schema\/logo\/image\/","url":"https:\/\/www.laguiadepamplona.com\/actualidad\/wp-content\/uploads\/2018\/11\/logo-laguiadepamplona18-web1.png","contentUrl":"https:\/\/www.laguiadepamplona.com\/actualidad\/wp-content\/uploads\/2018\/11\/logo-laguiadepamplona18-web1.png","width":600,"height":196,"caption":"La Gu\u00eda de Pamplona \/ Noticias"},"image":{"@id":"https:\/\/www.laguiadepamplona.com\/actualidad\/#\/schema\/logo\/image\/"},"sameAs":["https:\/\/www.facebook.com\/laguiadepamplonacom-133175176762273\/?ref=hl","https:\/\/x.com\/LaGuiadPamplona","https:\/\/www.instagram.com\/la_guia_de_pamplona\/","https:\/\/www.youtube.com\/user\/laguiadepamplona"]},{"@type":"Person","@id":"https:\/\/www.laguiadepamplona.com\/actualidad\/#\/schema\/person\/efe887376f0213d4657c93adc50b1fdb","name":"La Gu\u00eda de Pamplona","image":{"@type":"ImageObject","inLanguage":"es","@id":"https:\/\/secure.gravatar.com\/avatar\/b6992f131dc8d30ab0dff15446e9d346d9dbd95992de0fef795073f5ea83a81c?s=96&d=mm&r=g","url":"https:\/\/secure.gravatar.com\/avatar\/b6992f131dc8d30ab0dff15446e9d346d9dbd95992de0fef795073f5ea83a81c?s=96&d=mm&r=g","contentUrl":"https:\/\/secure.gravatar.com\/avatar\/b6992f131dc8d30ab0dff15446e9d346d9dbd95992de0fef795073f5ea83a81c?s=96&d=mm&r=g","caption":"La Gu\u00eda de Pamplona"}}]}},"post_mailing_queue_ids":[],"_links":{"self":[{"href":"https:\/\/www.laguiadepamplona.com\/actualidad\/wp-json\/wp\/v2\/posts\/51977","targetHints":{"allow":["GET"]}}],"collection":[{"href":"https:\/\/www.laguiadepamplona.com\/actualidad\/wp-json\/wp\/v2\/posts"}],"about":[{"href":"https:\/\/www.laguiadepamplona.com\/actualidad\/wp-json\/wp\/v2\/types\/post"}],"author":[{"embeddable":true,"href":"https:\/\/www.laguiadepamplona.com\/actualidad\/wp-json\/wp\/v2\/users\/1"}],"replies":[{"embeddable":true,"href":"https:\/\/www.laguiadepamplona.com\/actualidad\/wp-json\/wp\/v2\/comments?post=51977"}],"version-history":[{"count":1,"href":"https:\/\/www.laguiadepamplona.com\/actualidad\/wp-json\/wp\/v2\/posts\/51977\/revisions"}],"predecessor-version":[{"id":51979,"href":"https:\/\/www.laguiadepamplona.com\/actualidad\/wp-json\/wp\/v2\/posts\/51977\/revisions\/51979"}],"wp:featuredmedia":[{"embeddable":true,"href":"https:\/\/www.laguiadepamplona.com\/actualidad\/wp-json\/wp\/v2\/media\/51978"}],"wp:attachment":[{"href":"https:\/\/www.laguiadepamplona.com\/actualidad\/wp-json\/wp\/v2\/media?parent=51977"}],"wp:term":[{"taxonomy":"category","embeddable":true,"href":"https:\/\/www.laguiadepamplona.com\/actualidad\/wp-json\/wp\/v2\/categories?post=51977"},{"taxonomy":"post_tag","embeddable":true,"href":"https:\/\/www.laguiadepamplona.com\/actualidad\/wp-json\/wp\/v2\/tags?post=51977"}],"curies":[{"name":"wp","href":"https:\/\/api.w.org\/{rel}","templated":true}]}}