{"id":51974,"date":"2025-02-04T14:47:19","date_gmt":"2025-02-04T12:47:19","guid":{"rendered":"https:\/\/www.laguiadepamplona.com\/actualidad\/?p=51974"},"modified":"2025-02-04T14:47:19","modified_gmt":"2025-02-04T12:47:19","slug":"policia-municipal-incorpora-seis-nuevos-vehiculos-electricos-en-su-camino-a-una-flota-sostenible","status":"publish","type":"post","link":"https:\/\/www.laguiadepamplona.com\/actualidad\/policia-municipal-incorpora-seis-nuevos-vehiculos-electricos-en-su-camino-a-una-flota-sostenible\/","title":{"rendered":"Polic\u00eda Municipal incorpora seis nuevos veh\u00edculos el\u00e9ctricos en su camino a una flota sostenible"},"content":{"rendered":"<h2>Integra adem\u00e1s seis furgones mediante el sistema de renting para atender las necesidades del patrullaje de proximidad<\/h2>\n<p><!--more--><\/p>\n<p>La flota de Polic\u00eda Municipal se ha renovado con la incorporaci\u00f3n de nuevos veh\u00edculos el\u00e9ctricos, en la apuesta del Ayuntamiento por caminar hacia una flota sostenible. Se trata de tres turismos, dos furgones ligeros y una moto el\u00e9ctrica, con los que se pretende cubrir las necesidades de movilidad de la Polic\u00eda Municipal de acuerdo con la proyecci\u00f3n de imagen p\u00fablica corporativa en l\u00ednea con la estrategia de movilidad sostenible, respeto al medio ambiente y cumplimiento de objetivos de Agenda 2030 asumidos e impulsados por el Ayuntamiento de Pamplona.<\/p>\n<p>Junto a estas adquisiciones, que suman 221.168,06 euros, el Ayuntamiento ha integrado seis furgones mediante el sistema de renting, todos ellos destinados a cubrir las necesidades del patrullaje de proximidad.<\/p>\n<p>La Comisi\u00f3n de Presidencia del Ayuntamiento de Pamplona ha visitado hoy las instalaciones policiales para conocer los nuevos veh\u00edculos. De los nuevos 100% el\u00e9ctricos, los dos turismos est\u00e1n destinados a satisfacer las necesidades de movilidad de la brigada de movilidad, y las dos furgonetas ligeras, tambi\u00e9n 100% el\u00e9ctricas, se destinar\u00e1n a la brigada de seguridad vial. El quinto veh\u00edculo servir\u00e1 para cubrir las necesidades de la jefatura de Polic\u00eda Municipal. Por su parte, la nueva moto el\u00e9ctrica est\u00e1 destinada a tr\u00e1fico, si bien ofrece versatilidad para adem\u00e1s de atender a sus funciones propias, ser destinada a otros usos, dada la tracci\u00f3n para circular por parques y jardines, entre otros.<\/p>\n<p>Los seis furgones adquiridos mediante el sistema de renting para cuatro a\u00f1os tienen como destino la brigada de proximidad. Estos veh\u00edculos dan continuidad a un anterior contrato de renting que venci\u00f3 en 2024. El importe de este contrato es de 572.956 euros.<\/p>\n<p>Hasta ahora, de los 93 veh\u00edculos que tiene Polic\u00eda Municipal en su flota, \u00fanicamente 2 eran el\u00e9ctricos. El \u00c1rea de Seguridad Ciudadana y Convivencia prev\u00e9 seguir licitando la renovaci\u00f3n de veh\u00edculos y sustituyendo los de combustible por otros 100% el\u00e9ctricos, lo que adem\u00e1s de contribuir al cuidado del medio ambiente, supondr\u00e1 un importante ahorro en la factura energ\u00e9tica.<\/p>\n<p>Con las nuevas incorporaciones, la flota de veh\u00edculos de la Polic\u00eda Municipal de Pamplona est\u00e1 compuesta en la actualidad por 93 veh\u00edculos: 30 motocicletas, 31 turismos, 23 monovol\u00famenes o furgonetas ligeras, 8 furgones y 1 todoterreno. De estos veh\u00edculos, 8 son el\u00e9ctricos, 4 est\u00e1n cedidos por Dornier (en modalidad de renting) y 10 est\u00e1n alquilados (tambi\u00e9n en renting).<\/p>\n","protected":false},"excerpt":{"rendered":"<p>Integra adem\u00e1s seis furgones mediante el sistema de renting para atender las necesidades del patrullaje de proximidad<\/p>\n","protected":false},"author":1,"featured_media":51975,"comment_status":"open","ping_status":"closed","sticky":false,"template":"","format":"standard","meta":{"footnotes":""},"categories":[2],"tags":[],"class_list":["post-51974","post","type-post","status-publish","format-standard","has-post-thumbnail","hentry","category-ayuntamiento-pamplona"],"yoast_head":"<!-- This site is optimized with the Yoast SEO plugin v27.3 - https:\/\/yoast.com\/product\/yoast-seo-wordpress\/ -->\n<title>Polic\u00eda Municipal incorpora seis nuevos veh\u00edculos el\u00e9ctricos en su camino a una flota sostenible<\/title>\n<meta name=\"description\" content=\"Integra adem\u00e1s seis furgones mediante el sistema de renting para atender las necesidades del patrullaje de proximidad\" \/>\n<meta name=\"robots\" content=\"index, follow, max-snippet:-1, max-image-preview:large, max-video-preview:-1\" \/>\n<link rel=\"canonical\" href=\"https:\/\/www.laguiadepamplona.com\/actualidad\/policia-municipal-incorpora-seis-nuevos-vehiculos-electricos-en-su-camino-a-una-flota-sostenible\/\" \/>\n<meta property=\"og:locale\" content=\"es_ES\" \/>\n<meta property=\"og:type\" content=\"article\" \/>\n<meta property=\"og:title\" content=\"Polic\u00eda Municipal incorpora seis nuevos veh\u00edculos el\u00e9ctricos en su camino a una flota sostenible\" \/>\n<meta property=\"og:description\" content=\"Integra adem\u00e1s seis furgones mediante el sistema de renting para atender las necesidades del patrullaje de proximidad\" \/>\n<meta property=\"og:url\" content=\"https:\/\/www.laguiadepamplona.com\/actualidad\/policia-municipal-incorpora-seis-nuevos-vehiculos-electricos-en-su-camino-a-una-flota-sostenible\/\" \/>\n<meta property=\"og:site_name\" content=\"La Gu\u00eda de Pamplona\" \/>\n<meta property=\"article:publisher\" content=\"https:\/\/www.facebook.com\/laguiadepamplonacom-133175176762273\/?ref=hl\" \/>\n<meta property=\"article:published_time\" content=\"2025-02-04T12:47:19+00:00\" \/>\n<meta property=\"og:image\" content=\"https:\/\/www.laguiadepamplona.com\/actualidad\/wp-content\/uploads\/2025\/02\/visitacomisionpresidenciavehiculospoliciamunicipal3.webp\" \/>\n\t<meta property=\"og:image:width\" content=\"1000\" \/>\n\t<meta property=\"og:image:height\" content=\"666\" \/>\n\t<meta property=\"og:image:type\" content=\"image\/webp\" \/>\n<meta name=\"author\" content=\"La Gu\u00eda de Pamplona\" \/>\n<meta name=\"twitter:card\" content=\"summary_large_image\" \/>\n<meta name=\"twitter:creator\" content=\"@LaGuiadPamplona\" \/>\n<meta name=\"twitter:site\" content=\"@LaGuiadPamplona\" \/>\n<meta name=\"twitter:label1\" content=\"Escrito por\" \/>\n\t<meta name=\"twitter:data1\" content=\"La Gu\u00eda de Pamplona\" \/>\n\t<meta name=\"twitter:label2\" content=\"Tiempo de lectura\" \/>\n\t<meta name=\"twitter:data2\" content=\"2 minutos\" \/>\n<script type=\"application\/ld+json\" class=\"yoast-schema-graph\">{\"@context\":\"https:\\\/\\\/schema.org\",\"@graph\":[{\"@type\":\"Article\",\"@id\":\"https:\\\/\\\/www.laguiadepamplona.com\\\/actualidad\\\/policia-municipal-incorpora-seis-nuevos-vehiculos-electricos-en-su-camino-a-una-flota-sostenible\\\/#article\",\"isPartOf\":{\"@id\":\"https:\\\/\\\/www.laguiadepamplona.com\\\/actualidad\\\/policia-municipal-incorpora-seis-nuevos-vehiculos-electricos-en-su-camino-a-una-flota-sostenible\\\/\"},\"author\":{\"name\":\"La Gu\u00eda de Pamplona\",\"@id\":\"https:\\\/\\\/www.laguiadepamplona.com\\\/actualidad\\\/#\\\/schema\\\/person\\\/efe887376f0213d4657c93adc50b1fdb\"},\"headline\":\"Polic\u00eda Municipal incorpora seis nuevos veh\u00edculos el\u00e9ctricos en su camino a una flota sostenible\",\"datePublished\":\"2025-02-04T12:47:19+00:00\",\"mainEntityOfPage\":{\"@id\":\"https:\\\/\\\/www.laguiadepamplona.com\\\/actualidad\\\/policia-municipal-incorpora-seis-nuevos-vehiculos-electricos-en-su-camino-a-una-flota-sostenible\\\/\"},\"wordCount\":443,\"commentCount\":0,\"publisher\":{\"@id\":\"https:\\\/\\\/www.laguiadepamplona.com\\\/actualidad\\\/#organization\"},\"image\":{\"@id\":\"https:\\\/\\\/www.laguiadepamplona.com\\\/actualidad\\\/policia-municipal-incorpora-seis-nuevos-vehiculos-electricos-en-su-camino-a-una-flota-sostenible\\\/#primaryimage\"},\"thumbnailUrl\":\"https:\\\/\\\/www.laguiadepamplona.com\\\/actualidad\\\/wp-content\\\/uploads\\\/2025\\\/02\\\/visitacomisionpresidenciavehiculospoliciamunicipal3.webp\",\"articleSection\":[\"Ayto Pamplona\"],\"inLanguage\":\"es\",\"potentialAction\":[{\"@type\":\"CommentAction\",\"name\":\"Comment\",\"target\":[\"https:\\\/\\\/www.laguiadepamplona.com\\\/actualidad\\\/policia-municipal-incorpora-seis-nuevos-vehiculos-electricos-en-su-camino-a-una-flota-sostenible\\\/#respond\"]}]},{\"@type\":\"WebPage\",\"@id\":\"https:\\\/\\\/www.laguiadepamplona.com\\\/actualidad\\\/policia-municipal-incorpora-seis-nuevos-vehiculos-electricos-en-su-camino-a-una-flota-sostenible\\\/\",\"url\":\"https:\\\/\\\/www.laguiadepamplona.com\\\/actualidad\\\/policia-municipal-incorpora-seis-nuevos-vehiculos-electricos-en-su-camino-a-una-flota-sostenible\\\/\",\"name\":\"Polic\u00eda Municipal incorpora seis nuevos veh\u00edculos el\u00e9ctricos en su camino a una flota sostenible\",\"isPartOf\":{\"@id\":\"https:\\\/\\\/www.laguiadepamplona.com\\\/actualidad\\\/#website\"},\"primaryImageOfPage\":{\"@id\":\"https:\\\/\\\/www.laguiadepamplona.com\\\/actualidad\\\/policia-municipal-incorpora-seis-nuevos-vehiculos-electricos-en-su-camino-a-una-flota-sostenible\\\/#primaryimage\"},\"image\":{\"@id\":\"https:\\\/\\\/www.laguiadepamplona.com\\\/actualidad\\\/policia-municipal-incorpora-seis-nuevos-vehiculos-electricos-en-su-camino-a-una-flota-sostenible\\\/#primaryimage\"},\"thumbnailUrl\":\"https:\\\/\\\/www.laguiadepamplona.com\\\/actualidad\\\/wp-content\\\/uploads\\\/2025\\\/02\\\/visitacomisionpresidenciavehiculospoliciamunicipal3.webp\",\"datePublished\":\"2025-02-04T12:47:19+00:00\",\"description\":\"Integra adem\u00e1s seis furgones mediante el sistema de renting para atender las necesidades del patrullaje de proximidad\",\"breadcrumb\":{\"@id\":\"https:\\\/\\\/www.laguiadepamplona.com\\\/actualidad\\\/policia-municipal-incorpora-seis-nuevos-vehiculos-electricos-en-su-camino-a-una-flota-sostenible\\\/#breadcrumb\"},\"inLanguage\":\"es\",\"potentialAction\":[{\"@type\":\"ReadAction\",\"target\":[\"https:\\\/\\\/www.laguiadepamplona.com\\\/actualidad\\\/policia-municipal-incorpora-seis-nuevos-vehiculos-electricos-en-su-camino-a-una-flota-sostenible\\\/\"]}]},{\"@type\":\"ImageObject\",\"inLanguage\":\"es\",\"@id\":\"https:\\\/\\\/www.laguiadepamplona.com\\\/actualidad\\\/policia-municipal-incorpora-seis-nuevos-vehiculos-electricos-en-su-camino-a-una-flota-sostenible\\\/#primaryimage\",\"url\":\"https:\\\/\\\/www.laguiadepamplona.com\\\/actualidad\\\/wp-content\\\/uploads\\\/2025\\\/02\\\/visitacomisionpresidenciavehiculospoliciamunicipal3.webp\",\"contentUrl\":\"https:\\\/\\\/www.laguiadepamplona.com\\\/actualidad\\\/wp-content\\\/uploads\\\/2025\\\/02\\\/visitacomisionpresidenciavehiculospoliciamunicipal3.webp\",\"width\":1000,\"height\":666,\"caption\":\"visita comisi\u00f3n presidencia veh\u00edculos polic\u00eda municipal\"},{\"@type\":\"BreadcrumbList\",\"@id\":\"https:\\\/\\\/www.laguiadepamplona.com\\\/actualidad\\\/policia-municipal-incorpora-seis-nuevos-vehiculos-electricos-en-su-camino-a-una-flota-sostenible\\\/#breadcrumb\",\"itemListElement\":[{\"@type\":\"ListItem\",\"position\":1,\"name\":\"Portada\",\"item\":\"https:\\\/\\\/www.laguiadepamplona.com\\\/actualidad\\\/\"},{\"@type\":\"ListItem\",\"position\":2,\"name\":\"Polic\u00eda Municipal incorpora seis nuevos veh\u00edculos el\u00e9ctricos en su camino a una flota sostenible\"}]},{\"@type\":\"WebSite\",\"@id\":\"https:\\\/\\\/www.laguiadepamplona.com\\\/actualidad\\\/#website\",\"url\":\"https:\\\/\\\/www.laguiadepamplona.com\\\/actualidad\\\/\",\"name\":\"La gu\u00eda de Pamplona\",\"description\":\"Noticias de Pamplona\",\"publisher\":{\"@id\":\"https:\\\/\\\/www.laguiadepamplona.com\\\/actualidad\\\/#organization\"},\"potentialAction\":[{\"@type\":\"SearchAction\",\"target\":{\"@type\":\"EntryPoint\",\"urlTemplate\":\"https:\\\/\\\/www.laguiadepamplona.com\\\/actualidad\\\/?s={search_term_string}\"},\"query-input\":{\"@type\":\"PropertyValueSpecification\",\"valueRequired\":true,\"valueName\":\"search_term_string\"}}],\"inLanguage\":\"es\"},{\"@type\":\"Organization\",\"@id\":\"https:\\\/\\\/www.laguiadepamplona.com\\\/actualidad\\\/#organization\",\"name\":\"La Gu\u00eda de Pamplona \\\/ Noticias\",\"url\":\"https:\\\/\\\/www.laguiadepamplona.com\\\/actualidad\\\/\",\"logo\":{\"@type\":\"ImageObject\",\"inLanguage\":\"es\",\"@id\":\"https:\\\/\\\/www.laguiadepamplona.com\\\/actualidad\\\/#\\\/schema\\\/logo\\\/image\\\/\",\"url\":\"https:\\\/\\\/www.laguiadepamplona.com\\\/actualidad\\\/wp-content\\\/uploads\\\/2018\\\/11\\\/logo-laguiadepamplona18-web1.png\",\"contentUrl\":\"https:\\\/\\\/www.laguiadepamplona.com\\\/actualidad\\\/wp-content\\\/uploads\\\/2018\\\/11\\\/logo-laguiadepamplona18-web1.png\",\"width\":600,\"height\":196,\"caption\":\"La Gu\u00eda de Pamplona \\\/ Noticias\"},\"image\":{\"@id\":\"https:\\\/\\\/www.laguiadepamplona.com\\\/actualidad\\\/#\\\/schema\\\/logo\\\/image\\\/\"},\"sameAs\":[\"https:\\\/\\\/www.facebook.com\\\/laguiadepamplonacom-133175176762273\\\/?ref=hl\",\"https:\\\/\\\/x.com\\\/LaGuiadPamplona\",\"https:\\\/\\\/www.instagram.com\\\/la_guia_de_pamplona\\\/\",\"https:\\\/\\\/www.youtube.com\\\/user\\\/laguiadepamplona\"]},{\"@type\":\"Person\",\"@id\":\"https:\\\/\\\/www.laguiadepamplona.com\\\/actualidad\\\/#\\\/schema\\\/person\\\/efe887376f0213d4657c93adc50b1fdb\",\"name\":\"La Gu\u00eda de Pamplona\",\"image\":{\"@type\":\"ImageObject\",\"inLanguage\":\"es\",\"@id\":\"https:\\\/\\\/secure.gravatar.com\\\/avatar\\\/b6992f131dc8d30ab0dff15446e9d346d9dbd95992de0fef795073f5ea83a81c?s=96&d=mm&r=g\",\"url\":\"https:\\\/\\\/secure.gravatar.com\\\/avatar\\\/b6992f131dc8d30ab0dff15446e9d346d9dbd95992de0fef795073f5ea83a81c?s=96&d=mm&r=g\",\"contentUrl\":\"https:\\\/\\\/secure.gravatar.com\\\/avatar\\\/b6992f131dc8d30ab0dff15446e9d346d9dbd95992de0fef795073f5ea83a81c?s=96&d=mm&r=g\",\"caption\":\"La Gu\u00eda de Pamplona\"}}]}<\/script>\n<!-- \/ Yoast SEO plugin. -->","yoast_head_json":{"title":"Polic\u00eda Municipal incorpora seis nuevos veh\u00edculos el\u00e9ctricos en su camino a una flota sostenible","description":"Integra adem\u00e1s seis furgones mediante el sistema de renting para atender las necesidades del patrullaje de proximidad","robots":{"index":"index","follow":"follow","max-snippet":"max-snippet:-1","max-image-preview":"max-image-preview:large","max-video-preview":"max-video-preview:-1"},"canonical":"https:\/\/www.laguiadepamplona.com\/actualidad\/policia-municipal-incorpora-seis-nuevos-vehiculos-electricos-en-su-camino-a-una-flota-sostenible\/","og_locale":"es_ES","og_type":"article","og_title":"Polic\u00eda Municipal incorpora seis nuevos veh\u00edculos el\u00e9ctricos en su camino a una flota sostenible","og_description":"Integra adem\u00e1s seis furgones mediante el sistema de renting para atender las necesidades del patrullaje de proximidad","og_url":"https:\/\/www.laguiadepamplona.com\/actualidad\/policia-municipal-incorpora-seis-nuevos-vehiculos-electricos-en-su-camino-a-una-flota-sostenible\/","og_site_name":"La Gu\u00eda de Pamplona","article_publisher":"https:\/\/www.facebook.com\/laguiadepamplonacom-133175176762273\/?ref=hl","article_published_time":"2025-02-04T12:47:19+00:00","og_image":[{"width":1000,"height":666,"url":"https:\/\/www.laguiadepamplona.com\/actualidad\/wp-content\/uploads\/2025\/02\/visitacomisionpresidenciavehiculospoliciamunicipal3.webp","type":"image\/webp"}],"author":"La Gu\u00eda de Pamplona","twitter_card":"summary_large_image","twitter_creator":"@LaGuiadPamplona","twitter_site":"@LaGuiadPamplona","twitter_misc":{"Escrito por":"La Gu\u00eda de Pamplona","Tiempo de lectura":"2 minutos"},"schema":{"@context":"https:\/\/schema.org","@graph":[{"@type":"Article","@id":"https:\/\/www.laguiadepamplona.com\/actualidad\/policia-municipal-incorpora-seis-nuevos-vehiculos-electricos-en-su-camino-a-una-flota-sostenible\/#article","isPartOf":{"@id":"https:\/\/www.laguiadepamplona.com\/actualidad\/policia-municipal-incorpora-seis-nuevos-vehiculos-electricos-en-su-camino-a-una-flota-sostenible\/"},"author":{"name":"La Gu\u00eda de Pamplona","@id":"https:\/\/www.laguiadepamplona.com\/actualidad\/#\/schema\/person\/efe887376f0213d4657c93adc50b1fdb"},"headline":"Polic\u00eda Municipal incorpora seis nuevos veh\u00edculos el\u00e9ctricos en su camino a una flota sostenible","datePublished":"2025-02-04T12:47:19+00:00","mainEntityOfPage":{"@id":"https:\/\/www.laguiadepamplona.com\/actualidad\/policia-municipal-incorpora-seis-nuevos-vehiculos-electricos-en-su-camino-a-una-flota-sostenible\/"},"wordCount":443,"commentCount":0,"publisher":{"@id":"https:\/\/www.laguiadepamplona.com\/actualidad\/#organization"},"image":{"@id":"https:\/\/www.laguiadepamplona.com\/actualidad\/policia-municipal-incorpora-seis-nuevos-vehiculos-electricos-en-su-camino-a-una-flota-sostenible\/#primaryimage"},"thumbnailUrl":"https:\/\/www.laguiadepamplona.com\/actualidad\/wp-content\/uploads\/2025\/02\/visitacomisionpresidenciavehiculospoliciamunicipal3.webp","articleSection":["Ayto Pamplona"],"inLanguage":"es","potentialAction":[{"@type":"CommentAction","name":"Comment","target":["https:\/\/www.laguiadepamplona.com\/actualidad\/policia-municipal-incorpora-seis-nuevos-vehiculos-electricos-en-su-camino-a-una-flota-sostenible\/#respond"]}]},{"@type":"WebPage","@id":"https:\/\/www.laguiadepamplona.com\/actualidad\/policia-municipal-incorpora-seis-nuevos-vehiculos-electricos-en-su-camino-a-una-flota-sostenible\/","url":"https:\/\/www.laguiadepamplona.com\/actualidad\/policia-municipal-incorpora-seis-nuevos-vehiculos-electricos-en-su-camino-a-una-flota-sostenible\/","name":"Polic\u00eda Municipal incorpora seis nuevos veh\u00edculos el\u00e9ctricos en su camino a una flota sostenible","isPartOf":{"@id":"https:\/\/www.laguiadepamplona.com\/actualidad\/#website"},"primaryImageOfPage":{"@id":"https:\/\/www.laguiadepamplona.com\/actualidad\/policia-municipal-incorpora-seis-nuevos-vehiculos-electricos-en-su-camino-a-una-flota-sostenible\/#primaryimage"},"image":{"@id":"https:\/\/www.laguiadepamplona.com\/actualidad\/policia-municipal-incorpora-seis-nuevos-vehiculos-electricos-en-su-camino-a-una-flota-sostenible\/#primaryimage"},"thumbnailUrl":"https:\/\/www.laguiadepamplona.com\/actualidad\/wp-content\/uploads\/2025\/02\/visitacomisionpresidenciavehiculospoliciamunicipal3.webp","datePublished":"2025-02-04T12:47:19+00:00","description":"Integra adem\u00e1s seis furgones mediante el sistema de renting para atender las necesidades del patrullaje de proximidad","breadcrumb":{"@id":"https:\/\/www.laguiadepamplona.com\/actualidad\/policia-municipal-incorpora-seis-nuevos-vehiculos-electricos-en-su-camino-a-una-flota-sostenible\/#breadcrumb"},"inLanguage":"es","potentialAction":[{"@type":"ReadAction","target":["https:\/\/www.laguiadepamplona.com\/actualidad\/policia-municipal-incorpora-seis-nuevos-vehiculos-electricos-en-su-camino-a-una-flota-sostenible\/"]}]},{"@type":"ImageObject","inLanguage":"es","@id":"https:\/\/www.laguiadepamplona.com\/actualidad\/policia-municipal-incorpora-seis-nuevos-vehiculos-electricos-en-su-camino-a-una-flota-sostenible\/#primaryimage","url":"https:\/\/www.laguiadepamplona.com\/actualidad\/wp-content\/uploads\/2025\/02\/visitacomisionpresidenciavehiculospoliciamunicipal3.webp","contentUrl":"https:\/\/www.laguiadepamplona.com\/actualidad\/wp-content\/uploads\/2025\/02\/visitacomisionpresidenciavehiculospoliciamunicipal3.webp","width":1000,"height":666,"caption":"visita comisi\u00f3n presidencia veh\u00edculos polic\u00eda municipal"},{"@type":"BreadcrumbList","@id":"https:\/\/www.laguiadepamplona.com\/actualidad\/policia-municipal-incorpora-seis-nuevos-vehiculos-electricos-en-su-camino-a-una-flota-sostenible\/#breadcrumb","itemListElement":[{"@type":"ListItem","position":1,"name":"Portada","item":"https:\/\/www.laguiadepamplona.com\/actualidad\/"},{"@type":"ListItem","position":2,"name":"Polic\u00eda Municipal incorpora seis nuevos veh\u00edculos el\u00e9ctricos en su camino a una flota sostenible"}]},{"@type":"WebSite","@id":"https:\/\/www.laguiadepamplona.com\/actualidad\/#website","url":"https:\/\/www.laguiadepamplona.com\/actualidad\/","name":"La gu\u00eda de Pamplona","description":"Noticias de Pamplona","publisher":{"@id":"https:\/\/www.laguiadepamplona.com\/actualidad\/#organization"},"potentialAction":[{"@type":"SearchAction","target":{"@type":"EntryPoint","urlTemplate":"https:\/\/www.laguiadepamplona.com\/actualidad\/?s={search_term_string}"},"query-input":{"@type":"PropertyValueSpecification","valueRequired":true,"valueName":"search_term_string"}}],"inLanguage":"es"},{"@type":"Organization","@id":"https:\/\/www.laguiadepamplona.com\/actualidad\/#organization","name":"La Gu\u00eda de Pamplona \/ Noticias","url":"https:\/\/www.laguiadepamplona.com\/actualidad\/","logo":{"@type":"ImageObject","inLanguage":"es","@id":"https:\/\/www.laguiadepamplona.com\/actualidad\/#\/schema\/logo\/image\/","url":"https:\/\/www.laguiadepamplona.com\/actualidad\/wp-content\/uploads\/2018\/11\/logo-laguiadepamplona18-web1.png","contentUrl":"https:\/\/www.laguiadepamplona.com\/actualidad\/wp-content\/uploads\/2018\/11\/logo-laguiadepamplona18-web1.png","width":600,"height":196,"caption":"La Gu\u00eda de Pamplona \/ Noticias"},"image":{"@id":"https:\/\/www.laguiadepamplona.com\/actualidad\/#\/schema\/logo\/image\/"},"sameAs":["https:\/\/www.facebook.com\/laguiadepamplonacom-133175176762273\/?ref=hl","https:\/\/x.com\/LaGuiadPamplona","https:\/\/www.instagram.com\/la_guia_de_pamplona\/","https:\/\/www.youtube.com\/user\/laguiadepamplona"]},{"@type":"Person","@id":"https:\/\/www.laguiadepamplona.com\/actualidad\/#\/schema\/person\/efe887376f0213d4657c93adc50b1fdb","name":"La Gu\u00eda de Pamplona","image":{"@type":"ImageObject","inLanguage":"es","@id":"https:\/\/secure.gravatar.com\/avatar\/b6992f131dc8d30ab0dff15446e9d346d9dbd95992de0fef795073f5ea83a81c?s=96&d=mm&r=g","url":"https:\/\/secure.gravatar.com\/avatar\/b6992f131dc8d30ab0dff15446e9d346d9dbd95992de0fef795073f5ea83a81c?s=96&d=mm&r=g","contentUrl":"https:\/\/secure.gravatar.com\/avatar\/b6992f131dc8d30ab0dff15446e9d346d9dbd95992de0fef795073f5ea83a81c?s=96&d=mm&r=g","caption":"La Gu\u00eda de Pamplona"}}]}},"post_mailing_queue_ids":[],"_links":{"self":[{"href":"https:\/\/www.laguiadepamplona.com\/actualidad\/wp-json\/wp\/v2\/posts\/51974","targetHints":{"allow":["GET"]}}],"collection":[{"href":"https:\/\/www.laguiadepamplona.com\/actualidad\/wp-json\/wp\/v2\/posts"}],"about":[{"href":"https:\/\/www.laguiadepamplona.com\/actualidad\/wp-json\/wp\/v2\/types\/post"}],"author":[{"embeddable":true,"href":"https:\/\/www.laguiadepamplona.com\/actualidad\/wp-json\/wp\/v2\/users\/1"}],"replies":[{"embeddable":true,"href":"https:\/\/www.laguiadepamplona.com\/actualidad\/wp-json\/wp\/v2\/comments?post=51974"}],"version-history":[{"count":1,"href":"https:\/\/www.laguiadepamplona.com\/actualidad\/wp-json\/wp\/v2\/posts\/51974\/revisions"}],"predecessor-version":[{"id":51976,"href":"https:\/\/www.laguiadepamplona.com\/actualidad\/wp-json\/wp\/v2\/posts\/51974\/revisions\/51976"}],"wp:featuredmedia":[{"embeddable":true,"href":"https:\/\/www.laguiadepamplona.com\/actualidad\/wp-json\/wp\/v2\/media\/51975"}],"wp:attachment":[{"href":"https:\/\/www.laguiadepamplona.com\/actualidad\/wp-json\/wp\/v2\/media?parent=51974"}],"wp:term":[{"taxonomy":"category","embeddable":true,"href":"https:\/\/www.laguiadepamplona.com\/actualidad\/wp-json\/wp\/v2\/categories?post=51974"},{"taxonomy":"post_tag","embeddable":true,"href":"https:\/\/www.laguiadepamplona.com\/actualidad\/wp-json\/wp\/v2\/tags?post=51974"}],"curies":[{"name":"wp","href":"https:\/\/api.w.org\/{rel}","templated":true}]}}