{"id":51969,"date":"2025-02-03T14:36:35","date_gmt":"2025-02-03T12:36:35","guid":{"rendered":"https:\/\/www.laguiadepamplona.com\/actualidad\/?p=51969"},"modified":"2025-02-03T14:36:35","modified_gmt":"2025-02-03T12:36:35","slug":"el-ayuntamiento-de-pamplona-busca-la-colaboracion-ciudadana-para-medir-la-calidad-del-aire-a-traves-de-las-plantas","status":"publish","type":"post","link":"https:\/\/www.laguiadepamplona.com\/actualidad\/el-ayuntamiento-de-pamplona-busca-la-colaboracion-ciudadana-para-medir-la-calidad-del-aire-a-traves-de-las-plantas\/","title":{"rendered":"El Ayuntamiento de Pamplona busca la colaboraci\u00f3n ciudadana para medir la calidad del aire a trav\u00e9s de las plantas"},"content":{"rendered":"<h2>Por cuarto a\u00f1o consecutivo, el Laboratorio de Ciencia Ciudadana analizar\u00e1 plantas ubicadas en rotondas y en las ventanas y balcones de Pamplona<\/h2>\n<p><!--more--><\/p>\n<p>El Ayuntamiento de Pamplona, en colaboraci\u00f3n con el Instituto de Agrobiotecnolog\u00eda <a href=\"https:\/\/www.idab.csic.es\/\" target=\"_blank\" rel=\"noopener\">IDAB-CSIC<\/a>, organiza por cuarto a\u00f1o un proyecto de ciencia ciudadana en el que cada participante puede conocer la contaminaci\u00f3n del aire en su calle o plaza. Para ello, basta con mantener una planta en la ventana o balc\u00f3n, durante mes y medio. De su an\u00e1lisis posterior, se conocer\u00e1 cu\u00e1les son los puntos de la ciudad con mejor calidad del aire y cu\u00e1les los m\u00e1s contaminados.<\/p>\n<p>Con ese objetivo, el Consistorio repartir\u00e1 cincuenta macetas con <em>Lolium multiflorum<\/em> o raigr\u00e1s ya sembrado (c\u00e9sped) a personas colaboradoras, que quieran participar en el estudio. Para participar en este laboratorio de ciencia ciudadana, basta con residir en Pamplona e inscribirse previamente en el Tel\u00e9fono de Atenci\u00f3n Ciudadana 010 \u00f3 948 42 01 00 (si se llama desde m\u00f3viles o desde fuera de Pamplona). La maceta recibida deber\u00e1 colocarse en un balc\u00f3n o ventana de su vivienda o su puesto de trabajo, siempre que se ubique en el municipio, durante un periodo comprendido entre 45 y 60 d\u00edas.<\/p>\n<p>A este muestreo aleatorio, este a\u00f1o vuelve a sumarse, por segundo a\u00f1o consecutivo, un muestreo en espacios p\u00fablicos. El Consistorio ha colocado ya otras 50 macetas en rotondas y medianas de calles y avenidas de Pamplona. El objetivo es que los resultados de ambos muestreos se complementen, para tener una imagen m\u00e1s certera de la calidad del aire en Pamplona. En este sentido, en proyecto en los hogares ofrece a la ciudadan\u00eda informaci\u00f3n rigurosa sobre su propia calle en lo que respecta a metales presentes en el aire. Por su parte, el estudio en espacios p\u00fablicos se dirige a zonas de tr\u00e1fico intenso junto con otras con menos tr\u00e1fico, con las que se pueden establecer comparaciones. Adem\u00e1s, este muestreo dirigido tambi\u00e9n intentar\u00e1 comparar zonas con sem\u00e1foros y sin sem\u00e1foros, donde el tr\u00e1fico transita de diferente manera, as\u00ed como zonas con m\u00e1s o menos vegetaci\u00f3n.<\/p>\n<p>De hecho, se han establecido doce ubicaciones concretas en la ciudad. Se han colocado macetas en el pol\u00edgono de Landaben, en rotondas y medianas de tr\u00e1fico intenso como la plaza de los Fueros o la rotonda de San Jorge, en Cuatrovientos, la avenida del Ej\u00e9rcito, la plaza de Merindades y en el entorno de la Universidad P\u00fablica de Navarra.<\/p>\n<p><strong>Inscripciones hasta el 18 de febrero<\/strong><\/p>\n<p>Las personas interesadas en \u2018adoptar\u2019 una maceta deber\u00e1n inscribirse hasta el 18 de febrero en el tel\u00e9fono de atenci\u00f3n ciudadana 010 (948420100). Con todas las personas inscritas, el Consistorio organizar\u00e1 una sesi\u00f3n informativa, que tendr\u00e1 lugar el 19 de febrero, a las 18.30 horas, en el Museo de Educaci\u00f3n Ambiental. En ella, el investigador Iker Aranjuelo, del Instituto de Agrobiotecnolog\u00eda del Consejo Superior de Investigaciones Cient\u00edficas, IDAB-CSIC, y coordinador del proyecto, ofrecer\u00e1 a las personas interesadas toda la informaci\u00f3n sobre la iniciativa y se proceder\u00e1 al reparto de macetas.<\/p>\n<p>El d\u00eda 2 de abril habr\u00e1 que devolverlas en el propio laboratorio del Instituto Agrobiotecnol\u00f3gico, donde las personas participantes tendr\u00e1n la oportunidad de conocer el laboratorio y el proceso de an\u00e1lisis de las plantas. Quienes no puedan devolver las macetas en esta cita, podr\u00e1n dejarlas en el Museo de Educaci\u00f3n Ambiental en su horario de apertura. A finales de mayo o principios de junio se volver\u00e1 a convocar a las personas participantes para ofrecerles los resultados obtenidos en el estudio.<\/p>\n<p><strong>Una serie hist\u00f3rica<\/strong><\/p>\n<p>Con los resultados obtenidos en estos muestreos, el Ayuntamiento contar\u00e1 ya con una serie hist\u00f3rica de cuatro a\u00f1os consecutivos, donde se podr\u00e1 analizar la evoluci\u00f3n de la calidad del aire por zonas. Ello permitir\u00e1 establecer comparativas por zonas y conocer las necesidades de la ciudad de cara a futuros planeamientos y medidas.<\/p>\n<p>Hasta la fecha, los resultados obtenidos en las ediciones anteriores muestran que la mayor parte de la contaminaci\u00f3n del aire en los cascos urbanos procede del uso del veh\u00edculo privado. La novedad este a\u00f1o es que el estudio incidir\u00e1 m\u00e1s en un an\u00e1lisis comparativo de zonas con distinta exposici\u00f3n al tr\u00e1fico como rotondas de acceso de tr\u00e1fico denso a la ciudad, v\u00edas con sem\u00e1foros y sin sem\u00e1foros, y calles y avenidas con y sin arbolado, entre otros aspectos.<\/p>\n<p>Este proyecto de ciencia ciudadana se inserta dentro del impulso municipal a una cultura clim\u00e1tica enmarcada en la <a href=\"https:\/\/www.pamplona.es\/agenciaenergetica\/estrategia-transicion-energetica-y-cambio-climatico-2030\" target=\"_blank\" rel=\"noopener\">Estrategia de Transici\u00f3n Energ\u00e9tica y Cambio Clim\u00e1tico ETE-CC 2030<\/a>.<\/p>\n<p>&nbsp;<\/p>\n<h3>Ciencia Ciudadana<\/h3>\n<ul>\n<li><strong>Inscripci\u00f3n<\/strong>: hasta el martes 18 de febrero a las 12 horas\n<ul>\n<li>A trav\u00e9s del tel\u00e9fono de atenci\u00f3n ciudadana 010 (948420100)<\/li>\n<\/ul>\n<\/li>\n<li><strong>Actividad gratuita<\/strong><\/li>\n<li><strong>Sesiones<\/strong>:\n<ul>\n<li>19 de febrero, a las 18.30 horas. Museo de Educaci\u00f3n Ambiental. Charla explicativa y recogida de macetas<\/li>\n<li>2 de abril, a las 18.30 horas. Instituto Agrobiotecnol\u00f3gico (avenida de Pamplona, 123, Mutilva Baja). Devoluci\u00f3n de macetas y visita al laboratorio<\/li>\n<li>A finales de mayo o principios de junio. Museo de Educaci\u00f3n Ambiental. Charla explicativa de resultados<\/li>\n<\/ul>\n<\/li>\n<\/ul>\n","protected":false},"excerpt":{"rendered":"<p>Por cuarto a\u00f1o consecutivo, el Laboratorio de Ciencia Ciudadana analizar\u00e1 plantas ubicadas en rotondas y en las ventanas y balcones de Pamplona<\/p>\n","protected":false},"author":1,"featured_media":40562,"comment_status":"open","ping_status":"closed","sticky":false,"template":"","format":"standard","meta":{"footnotes":""},"categories":[2],"tags":[],"class_list":["post-51969","post","type-post","status-publish","format-standard","has-post-thumbnail","hentry","category-ayuntamiento-pamplona"],"yoast_head":"<!-- This site is optimized with the Yoast SEO plugin v27.3 - https:\/\/yoast.com\/product\/yoast-seo-wordpress\/ -->\n<title>El Ayuntamiento de Pamplona busca la colaboraci\u00f3n ciudadana para medir la calidad del aire a trav\u00e9s de las plantas<\/title>\n<meta name=\"description\" content=\"Por cuarto a\u00f1o consecutivo, el Laboratorio de Ciencia Ciudadana analizar\u00e1 plantas ubicadas en rotondas y en las ventanas y balcones de Pamplona\" \/>\n<meta name=\"robots\" content=\"index, follow, max-snippet:-1, max-image-preview:large, max-video-preview:-1\" \/>\n<link rel=\"canonical\" href=\"https:\/\/www.laguiadepamplona.com\/actualidad\/el-ayuntamiento-de-pamplona-busca-la-colaboracion-ciudadana-para-medir-la-calidad-del-aire-a-traves-de-las-plantas\/\" \/>\n<meta property=\"og:locale\" content=\"es_ES\" \/>\n<meta property=\"og:type\" content=\"article\" \/>\n<meta property=\"og:title\" content=\"El Ayuntamiento de Pamplona busca la colaboraci\u00f3n ciudadana para medir la calidad del aire a trav\u00e9s de las plantas\" \/>\n<meta property=\"og:description\" content=\"Por cuarto a\u00f1o consecutivo, el Laboratorio de Ciencia Ciudadana analizar\u00e1 plantas ubicadas en rotondas y en las ventanas y balcones de Pamplona\" \/>\n<meta property=\"og:url\" content=\"https:\/\/www.laguiadepamplona.com\/actualidad\/el-ayuntamiento-de-pamplona-busca-la-colaboracion-ciudadana-para-medir-la-calidad-del-aire-a-traves-de-las-plantas\/\" \/>\n<meta property=\"og:site_name\" content=\"La Gu\u00eda de Pamplona\" \/>\n<meta property=\"article:publisher\" content=\"https:\/\/www.facebook.com\/laguiadepamplonacom-133175176762273\/?ref=hl\" \/>\n<meta property=\"article:published_time\" content=\"2025-02-03T12:36:35+00:00\" \/>\n<meta property=\"og:image\" content=\"https:\/\/www.laguiadepamplona.com\/actualidad\/wp-content\/uploads\/2022\/06\/laboratorio-plantas-educacion-ambiental.webp\" \/>\n\t<meta property=\"og:image:width\" content=\"1366\" \/>\n\t<meta property=\"og:image:height\" content=\"768\" \/>\n\t<meta property=\"og:image:type\" content=\"image\/webp\" \/>\n<meta name=\"author\" content=\"La Gu\u00eda de Pamplona\" \/>\n<meta name=\"twitter:card\" content=\"summary_large_image\" \/>\n<meta name=\"twitter:creator\" content=\"@LaGuiadPamplona\" \/>\n<meta name=\"twitter:site\" content=\"@LaGuiadPamplona\" \/>\n<meta name=\"twitter:label1\" content=\"Escrito por\" \/>\n\t<meta name=\"twitter:data1\" content=\"La Gu\u00eda de Pamplona\" \/>\n\t<meta name=\"twitter:label2\" content=\"Tiempo de lectura\" \/>\n\t<meta name=\"twitter:data2\" content=\"4 minutos\" \/>\n<script type=\"application\/ld+json\" class=\"yoast-schema-graph\">{\"@context\":\"https:\\\/\\\/schema.org\",\"@graph\":[{\"@type\":\"Article\",\"@id\":\"https:\\\/\\\/www.laguiadepamplona.com\\\/actualidad\\\/el-ayuntamiento-de-pamplona-busca-la-colaboracion-ciudadana-para-medir-la-calidad-del-aire-a-traves-de-las-plantas\\\/#article\",\"isPartOf\":{\"@id\":\"https:\\\/\\\/www.laguiadepamplona.com\\\/actualidad\\\/el-ayuntamiento-de-pamplona-busca-la-colaboracion-ciudadana-para-medir-la-calidad-del-aire-a-traves-de-las-plantas\\\/\"},\"author\":{\"name\":\"La Gu\u00eda de Pamplona\",\"@id\":\"https:\\\/\\\/www.laguiadepamplona.com\\\/actualidad\\\/#\\\/schema\\\/person\\\/efe887376f0213d4657c93adc50b1fdb\"},\"headline\":\"El Ayuntamiento de Pamplona busca la colaboraci\u00f3n ciudadana para medir la calidad del aire a trav\u00e9s de las plantas\",\"datePublished\":\"2025-02-03T12:36:35+00:00\",\"mainEntityOfPage\":{\"@id\":\"https:\\\/\\\/www.laguiadepamplona.com\\\/actualidad\\\/el-ayuntamiento-de-pamplona-busca-la-colaboracion-ciudadana-para-medir-la-calidad-del-aire-a-traves-de-las-plantas\\\/\"},\"wordCount\":887,\"commentCount\":0,\"publisher\":{\"@id\":\"https:\\\/\\\/www.laguiadepamplona.com\\\/actualidad\\\/#organization\"},\"image\":{\"@id\":\"https:\\\/\\\/www.laguiadepamplona.com\\\/actualidad\\\/el-ayuntamiento-de-pamplona-busca-la-colaboracion-ciudadana-para-medir-la-calidad-del-aire-a-traves-de-las-plantas\\\/#primaryimage\"},\"thumbnailUrl\":\"https:\\\/\\\/www.laguiadepamplona.com\\\/actualidad\\\/wp-content\\\/uploads\\\/2022\\\/06\\\/laboratorio-plantas-educacion-ambiental.webp\",\"articleSection\":[\"Ayto Pamplona\"],\"inLanguage\":\"es\",\"potentialAction\":[{\"@type\":\"CommentAction\",\"name\":\"Comment\",\"target\":[\"https:\\\/\\\/www.laguiadepamplona.com\\\/actualidad\\\/el-ayuntamiento-de-pamplona-busca-la-colaboracion-ciudadana-para-medir-la-calidad-del-aire-a-traves-de-las-plantas\\\/#respond\"]}]},{\"@type\":\"WebPage\",\"@id\":\"https:\\\/\\\/www.laguiadepamplona.com\\\/actualidad\\\/el-ayuntamiento-de-pamplona-busca-la-colaboracion-ciudadana-para-medir-la-calidad-del-aire-a-traves-de-las-plantas\\\/\",\"url\":\"https:\\\/\\\/www.laguiadepamplona.com\\\/actualidad\\\/el-ayuntamiento-de-pamplona-busca-la-colaboracion-ciudadana-para-medir-la-calidad-del-aire-a-traves-de-las-plantas\\\/\",\"name\":\"El Ayuntamiento de Pamplona busca la colaboraci\u00f3n ciudadana para medir la calidad del aire a trav\u00e9s de las plantas\",\"isPartOf\":{\"@id\":\"https:\\\/\\\/www.laguiadepamplona.com\\\/actualidad\\\/#website\"},\"primaryImageOfPage\":{\"@id\":\"https:\\\/\\\/www.laguiadepamplona.com\\\/actualidad\\\/el-ayuntamiento-de-pamplona-busca-la-colaboracion-ciudadana-para-medir-la-calidad-del-aire-a-traves-de-las-plantas\\\/#primaryimage\"},\"image\":{\"@id\":\"https:\\\/\\\/www.laguiadepamplona.com\\\/actualidad\\\/el-ayuntamiento-de-pamplona-busca-la-colaboracion-ciudadana-para-medir-la-calidad-del-aire-a-traves-de-las-plantas\\\/#primaryimage\"},\"thumbnailUrl\":\"https:\\\/\\\/www.laguiadepamplona.com\\\/actualidad\\\/wp-content\\\/uploads\\\/2022\\\/06\\\/laboratorio-plantas-educacion-ambiental.webp\",\"datePublished\":\"2025-02-03T12:36:35+00:00\",\"description\":\"Por cuarto a\u00f1o consecutivo, el Laboratorio de Ciencia Ciudadana analizar\u00e1 plantas ubicadas en rotondas y en las ventanas y balcones de Pamplona\",\"breadcrumb\":{\"@id\":\"https:\\\/\\\/www.laguiadepamplona.com\\\/actualidad\\\/el-ayuntamiento-de-pamplona-busca-la-colaboracion-ciudadana-para-medir-la-calidad-del-aire-a-traves-de-las-plantas\\\/#breadcrumb\"},\"inLanguage\":\"es\",\"potentialAction\":[{\"@type\":\"ReadAction\",\"target\":[\"https:\\\/\\\/www.laguiadepamplona.com\\\/actualidad\\\/el-ayuntamiento-de-pamplona-busca-la-colaboracion-ciudadana-para-medir-la-calidad-del-aire-a-traves-de-las-plantas\\\/\"]}]},{\"@type\":\"ImageObject\",\"inLanguage\":\"es\",\"@id\":\"https:\\\/\\\/www.laguiadepamplona.com\\\/actualidad\\\/el-ayuntamiento-de-pamplona-busca-la-colaboracion-ciudadana-para-medir-la-calidad-del-aire-a-traves-de-las-plantas\\\/#primaryimage\",\"url\":\"https:\\\/\\\/www.laguiadepamplona.com\\\/actualidad\\\/wp-content\\\/uploads\\\/2022\\\/06\\\/laboratorio-plantas-educacion-ambiental.webp\",\"contentUrl\":\"https:\\\/\\\/www.laguiadepamplona.com\\\/actualidad\\\/wp-content\\\/uploads\\\/2022\\\/06\\\/laboratorio-plantas-educacion-ambiental.webp\",\"width\":1366,\"height\":768,\"caption\":\"laboratorio plantas\"},{\"@type\":\"BreadcrumbList\",\"@id\":\"https:\\\/\\\/www.laguiadepamplona.com\\\/actualidad\\\/el-ayuntamiento-de-pamplona-busca-la-colaboracion-ciudadana-para-medir-la-calidad-del-aire-a-traves-de-las-plantas\\\/#breadcrumb\",\"itemListElement\":[{\"@type\":\"ListItem\",\"position\":1,\"name\":\"Portada\",\"item\":\"https:\\\/\\\/www.laguiadepamplona.com\\\/actualidad\\\/\"},{\"@type\":\"ListItem\",\"position\":2,\"name\":\"El Ayuntamiento de Pamplona busca la colaboraci\u00f3n ciudadana para medir la calidad del aire a trav\u00e9s de las plantas\"}]},{\"@type\":\"WebSite\",\"@id\":\"https:\\\/\\\/www.laguiadepamplona.com\\\/actualidad\\\/#website\",\"url\":\"https:\\\/\\\/www.laguiadepamplona.com\\\/actualidad\\\/\",\"name\":\"La gu\u00eda de Pamplona\",\"description\":\"Noticias de Pamplona\",\"publisher\":{\"@id\":\"https:\\\/\\\/www.laguiadepamplona.com\\\/actualidad\\\/#organization\"},\"potentialAction\":[{\"@type\":\"SearchAction\",\"target\":{\"@type\":\"EntryPoint\",\"urlTemplate\":\"https:\\\/\\\/www.laguiadepamplona.com\\\/actualidad\\\/?s={search_term_string}\"},\"query-input\":{\"@type\":\"PropertyValueSpecification\",\"valueRequired\":true,\"valueName\":\"search_term_string\"}}],\"inLanguage\":\"es\"},{\"@type\":\"Organization\",\"@id\":\"https:\\\/\\\/www.laguiadepamplona.com\\\/actualidad\\\/#organization\",\"name\":\"La Gu\u00eda de Pamplona \\\/ Noticias\",\"url\":\"https:\\\/\\\/www.laguiadepamplona.com\\\/actualidad\\\/\",\"logo\":{\"@type\":\"ImageObject\",\"inLanguage\":\"es\",\"@id\":\"https:\\\/\\\/www.laguiadepamplona.com\\\/actualidad\\\/#\\\/schema\\\/logo\\\/image\\\/\",\"url\":\"https:\\\/\\\/www.laguiadepamplona.com\\\/actualidad\\\/wp-content\\\/uploads\\\/2018\\\/11\\\/logo-laguiadepamplona18-web1.png\",\"contentUrl\":\"https:\\\/\\\/www.laguiadepamplona.com\\\/actualidad\\\/wp-content\\\/uploads\\\/2018\\\/11\\\/logo-laguiadepamplona18-web1.png\",\"width\":600,\"height\":196,\"caption\":\"La Gu\u00eda de Pamplona \\\/ Noticias\"},\"image\":{\"@id\":\"https:\\\/\\\/www.laguiadepamplona.com\\\/actualidad\\\/#\\\/schema\\\/logo\\\/image\\\/\"},\"sameAs\":[\"https:\\\/\\\/www.facebook.com\\\/laguiadepamplonacom-133175176762273\\\/?ref=hl\",\"https:\\\/\\\/x.com\\\/LaGuiadPamplona\",\"https:\\\/\\\/www.instagram.com\\\/la_guia_de_pamplona\\\/\",\"https:\\\/\\\/www.youtube.com\\\/user\\\/laguiadepamplona\"]},{\"@type\":\"Person\",\"@id\":\"https:\\\/\\\/www.laguiadepamplona.com\\\/actualidad\\\/#\\\/schema\\\/person\\\/efe887376f0213d4657c93adc50b1fdb\",\"name\":\"La Gu\u00eda de Pamplona\",\"image\":{\"@type\":\"ImageObject\",\"inLanguage\":\"es\",\"@id\":\"https:\\\/\\\/secure.gravatar.com\\\/avatar\\\/b6992f131dc8d30ab0dff15446e9d346d9dbd95992de0fef795073f5ea83a81c?s=96&d=mm&r=g\",\"url\":\"https:\\\/\\\/secure.gravatar.com\\\/avatar\\\/b6992f131dc8d30ab0dff15446e9d346d9dbd95992de0fef795073f5ea83a81c?s=96&d=mm&r=g\",\"contentUrl\":\"https:\\\/\\\/secure.gravatar.com\\\/avatar\\\/b6992f131dc8d30ab0dff15446e9d346d9dbd95992de0fef795073f5ea83a81c?s=96&d=mm&r=g\",\"caption\":\"La Gu\u00eda de Pamplona\"}}]}<\/script>\n<!-- \/ Yoast SEO plugin. -->","yoast_head_json":{"title":"El Ayuntamiento de Pamplona busca la colaboraci\u00f3n ciudadana para medir la calidad del aire a trav\u00e9s de las plantas","description":"Por cuarto a\u00f1o consecutivo, el Laboratorio de Ciencia Ciudadana analizar\u00e1 plantas ubicadas en rotondas y en las ventanas y balcones de Pamplona","robots":{"index":"index","follow":"follow","max-snippet":"max-snippet:-1","max-image-preview":"max-image-preview:large","max-video-preview":"max-video-preview:-1"},"canonical":"https:\/\/www.laguiadepamplona.com\/actualidad\/el-ayuntamiento-de-pamplona-busca-la-colaboracion-ciudadana-para-medir-la-calidad-del-aire-a-traves-de-las-plantas\/","og_locale":"es_ES","og_type":"article","og_title":"El Ayuntamiento de Pamplona busca la colaboraci\u00f3n ciudadana para medir la calidad del aire a trav\u00e9s de las plantas","og_description":"Por cuarto a\u00f1o consecutivo, el Laboratorio de Ciencia Ciudadana analizar\u00e1 plantas ubicadas en rotondas y en las ventanas y balcones de Pamplona","og_url":"https:\/\/www.laguiadepamplona.com\/actualidad\/el-ayuntamiento-de-pamplona-busca-la-colaboracion-ciudadana-para-medir-la-calidad-del-aire-a-traves-de-las-plantas\/","og_site_name":"La Gu\u00eda de Pamplona","article_publisher":"https:\/\/www.facebook.com\/laguiadepamplonacom-133175176762273\/?ref=hl","article_published_time":"2025-02-03T12:36:35+00:00","og_image":[{"width":1366,"height":768,"url":"https:\/\/www.laguiadepamplona.com\/actualidad\/wp-content\/uploads\/2022\/06\/laboratorio-plantas-educacion-ambiental.webp","type":"image\/webp"}],"author":"La Gu\u00eda de Pamplona","twitter_card":"summary_large_image","twitter_creator":"@LaGuiadPamplona","twitter_site":"@LaGuiadPamplona","twitter_misc":{"Escrito por":"La Gu\u00eda de Pamplona","Tiempo de lectura":"4 minutos"},"schema":{"@context":"https:\/\/schema.org","@graph":[{"@type":"Article","@id":"https:\/\/www.laguiadepamplona.com\/actualidad\/el-ayuntamiento-de-pamplona-busca-la-colaboracion-ciudadana-para-medir-la-calidad-del-aire-a-traves-de-las-plantas\/#article","isPartOf":{"@id":"https:\/\/www.laguiadepamplona.com\/actualidad\/el-ayuntamiento-de-pamplona-busca-la-colaboracion-ciudadana-para-medir-la-calidad-del-aire-a-traves-de-las-plantas\/"},"author":{"name":"La Gu\u00eda de Pamplona","@id":"https:\/\/www.laguiadepamplona.com\/actualidad\/#\/schema\/person\/efe887376f0213d4657c93adc50b1fdb"},"headline":"El Ayuntamiento de Pamplona busca la colaboraci\u00f3n ciudadana para medir la calidad del aire a trav\u00e9s de las plantas","datePublished":"2025-02-03T12:36:35+00:00","mainEntityOfPage":{"@id":"https:\/\/www.laguiadepamplona.com\/actualidad\/el-ayuntamiento-de-pamplona-busca-la-colaboracion-ciudadana-para-medir-la-calidad-del-aire-a-traves-de-las-plantas\/"},"wordCount":887,"commentCount":0,"publisher":{"@id":"https:\/\/www.laguiadepamplona.com\/actualidad\/#organization"},"image":{"@id":"https:\/\/www.laguiadepamplona.com\/actualidad\/el-ayuntamiento-de-pamplona-busca-la-colaboracion-ciudadana-para-medir-la-calidad-del-aire-a-traves-de-las-plantas\/#primaryimage"},"thumbnailUrl":"https:\/\/www.laguiadepamplona.com\/actualidad\/wp-content\/uploads\/2022\/06\/laboratorio-plantas-educacion-ambiental.webp","articleSection":["Ayto Pamplona"],"inLanguage":"es","potentialAction":[{"@type":"CommentAction","name":"Comment","target":["https:\/\/www.laguiadepamplona.com\/actualidad\/el-ayuntamiento-de-pamplona-busca-la-colaboracion-ciudadana-para-medir-la-calidad-del-aire-a-traves-de-las-plantas\/#respond"]}]},{"@type":"WebPage","@id":"https:\/\/www.laguiadepamplona.com\/actualidad\/el-ayuntamiento-de-pamplona-busca-la-colaboracion-ciudadana-para-medir-la-calidad-del-aire-a-traves-de-las-plantas\/","url":"https:\/\/www.laguiadepamplona.com\/actualidad\/el-ayuntamiento-de-pamplona-busca-la-colaboracion-ciudadana-para-medir-la-calidad-del-aire-a-traves-de-las-plantas\/","name":"El Ayuntamiento de Pamplona busca la colaboraci\u00f3n ciudadana para medir la calidad del aire a trav\u00e9s de las plantas","isPartOf":{"@id":"https:\/\/www.laguiadepamplona.com\/actualidad\/#website"},"primaryImageOfPage":{"@id":"https:\/\/www.laguiadepamplona.com\/actualidad\/el-ayuntamiento-de-pamplona-busca-la-colaboracion-ciudadana-para-medir-la-calidad-del-aire-a-traves-de-las-plantas\/#primaryimage"},"image":{"@id":"https:\/\/www.laguiadepamplona.com\/actualidad\/el-ayuntamiento-de-pamplona-busca-la-colaboracion-ciudadana-para-medir-la-calidad-del-aire-a-traves-de-las-plantas\/#primaryimage"},"thumbnailUrl":"https:\/\/www.laguiadepamplona.com\/actualidad\/wp-content\/uploads\/2022\/06\/laboratorio-plantas-educacion-ambiental.webp","datePublished":"2025-02-03T12:36:35+00:00","description":"Por cuarto a\u00f1o consecutivo, el Laboratorio de Ciencia Ciudadana analizar\u00e1 plantas ubicadas en rotondas y en las ventanas y balcones de Pamplona","breadcrumb":{"@id":"https:\/\/www.laguiadepamplona.com\/actualidad\/el-ayuntamiento-de-pamplona-busca-la-colaboracion-ciudadana-para-medir-la-calidad-del-aire-a-traves-de-las-plantas\/#breadcrumb"},"inLanguage":"es","potentialAction":[{"@type":"ReadAction","target":["https:\/\/www.laguiadepamplona.com\/actualidad\/el-ayuntamiento-de-pamplona-busca-la-colaboracion-ciudadana-para-medir-la-calidad-del-aire-a-traves-de-las-plantas\/"]}]},{"@type":"ImageObject","inLanguage":"es","@id":"https:\/\/www.laguiadepamplona.com\/actualidad\/el-ayuntamiento-de-pamplona-busca-la-colaboracion-ciudadana-para-medir-la-calidad-del-aire-a-traves-de-las-plantas\/#primaryimage","url":"https:\/\/www.laguiadepamplona.com\/actualidad\/wp-content\/uploads\/2022\/06\/laboratorio-plantas-educacion-ambiental.webp","contentUrl":"https:\/\/www.laguiadepamplona.com\/actualidad\/wp-content\/uploads\/2022\/06\/laboratorio-plantas-educacion-ambiental.webp","width":1366,"height":768,"caption":"laboratorio plantas"},{"@type":"BreadcrumbList","@id":"https:\/\/www.laguiadepamplona.com\/actualidad\/el-ayuntamiento-de-pamplona-busca-la-colaboracion-ciudadana-para-medir-la-calidad-del-aire-a-traves-de-las-plantas\/#breadcrumb","itemListElement":[{"@type":"ListItem","position":1,"name":"Portada","item":"https:\/\/www.laguiadepamplona.com\/actualidad\/"},{"@type":"ListItem","position":2,"name":"El Ayuntamiento de Pamplona busca la colaboraci\u00f3n ciudadana para medir la calidad del aire a trav\u00e9s de las plantas"}]},{"@type":"WebSite","@id":"https:\/\/www.laguiadepamplona.com\/actualidad\/#website","url":"https:\/\/www.laguiadepamplona.com\/actualidad\/","name":"La gu\u00eda de Pamplona","description":"Noticias de Pamplona","publisher":{"@id":"https:\/\/www.laguiadepamplona.com\/actualidad\/#organization"},"potentialAction":[{"@type":"SearchAction","target":{"@type":"EntryPoint","urlTemplate":"https:\/\/www.laguiadepamplona.com\/actualidad\/?s={search_term_string}"},"query-input":{"@type":"PropertyValueSpecification","valueRequired":true,"valueName":"search_term_string"}}],"inLanguage":"es"},{"@type":"Organization","@id":"https:\/\/www.laguiadepamplona.com\/actualidad\/#organization","name":"La Gu\u00eda de Pamplona \/ Noticias","url":"https:\/\/www.laguiadepamplona.com\/actualidad\/","logo":{"@type":"ImageObject","inLanguage":"es","@id":"https:\/\/www.laguiadepamplona.com\/actualidad\/#\/schema\/logo\/image\/","url":"https:\/\/www.laguiadepamplona.com\/actualidad\/wp-content\/uploads\/2018\/11\/logo-laguiadepamplona18-web1.png","contentUrl":"https:\/\/www.laguiadepamplona.com\/actualidad\/wp-content\/uploads\/2018\/11\/logo-laguiadepamplona18-web1.png","width":600,"height":196,"caption":"La Gu\u00eda de Pamplona \/ Noticias"},"image":{"@id":"https:\/\/www.laguiadepamplona.com\/actualidad\/#\/schema\/logo\/image\/"},"sameAs":["https:\/\/www.facebook.com\/laguiadepamplonacom-133175176762273\/?ref=hl","https:\/\/x.com\/LaGuiadPamplona","https:\/\/www.instagram.com\/la_guia_de_pamplona\/","https:\/\/www.youtube.com\/user\/laguiadepamplona"]},{"@type":"Person","@id":"https:\/\/www.laguiadepamplona.com\/actualidad\/#\/schema\/person\/efe887376f0213d4657c93adc50b1fdb","name":"La Gu\u00eda de Pamplona","image":{"@type":"ImageObject","inLanguage":"es","@id":"https:\/\/secure.gravatar.com\/avatar\/b6992f131dc8d30ab0dff15446e9d346d9dbd95992de0fef795073f5ea83a81c?s=96&d=mm&r=g","url":"https:\/\/secure.gravatar.com\/avatar\/b6992f131dc8d30ab0dff15446e9d346d9dbd95992de0fef795073f5ea83a81c?s=96&d=mm&r=g","contentUrl":"https:\/\/secure.gravatar.com\/avatar\/b6992f131dc8d30ab0dff15446e9d346d9dbd95992de0fef795073f5ea83a81c?s=96&d=mm&r=g","caption":"La Gu\u00eda de Pamplona"}}]}},"post_mailing_queue_ids":[],"_links":{"self":[{"href":"https:\/\/www.laguiadepamplona.com\/actualidad\/wp-json\/wp\/v2\/posts\/51969","targetHints":{"allow":["GET"]}}],"collection":[{"href":"https:\/\/www.laguiadepamplona.com\/actualidad\/wp-json\/wp\/v2\/posts"}],"about":[{"href":"https:\/\/www.laguiadepamplona.com\/actualidad\/wp-json\/wp\/v2\/types\/post"}],"author":[{"embeddable":true,"href":"https:\/\/www.laguiadepamplona.com\/actualidad\/wp-json\/wp\/v2\/users\/1"}],"replies":[{"embeddable":true,"href":"https:\/\/www.laguiadepamplona.com\/actualidad\/wp-json\/wp\/v2\/comments?post=51969"}],"version-history":[{"count":1,"href":"https:\/\/www.laguiadepamplona.com\/actualidad\/wp-json\/wp\/v2\/posts\/51969\/revisions"}],"predecessor-version":[{"id":51970,"href":"https:\/\/www.laguiadepamplona.com\/actualidad\/wp-json\/wp\/v2\/posts\/51969\/revisions\/51970"}],"wp:featuredmedia":[{"embeddable":true,"href":"https:\/\/www.laguiadepamplona.com\/actualidad\/wp-json\/wp\/v2\/media\/40562"}],"wp:attachment":[{"href":"https:\/\/www.laguiadepamplona.com\/actualidad\/wp-json\/wp\/v2\/media?parent=51969"}],"wp:term":[{"taxonomy":"category","embeddable":true,"href":"https:\/\/www.laguiadepamplona.com\/actualidad\/wp-json\/wp\/v2\/categories?post=51969"},{"taxonomy":"post_tag","embeddable":true,"href":"https:\/\/www.laguiadepamplona.com\/actualidad\/wp-json\/wp\/v2\/tags?post=51969"}],"curies":[{"name":"wp","href":"https:\/\/api.w.org\/{rel}","templated":true}]}}