{"id":51963,"date":"2025-02-03T14:31:40","date_gmt":"2025-02-03T12:31:40","guid":{"rendered":"https:\/\/www.laguiadepamplona.com\/actualidad\/?p=51963"},"modified":"2025-02-03T14:31:40","modified_gmt":"2025-02-03T12:31:40","slug":"las-tres-propuestas-seleccionadas-para-transformar-san-jorge-entran-en-el-proceso-final-de-evaluacion-que-culminara-en-junio-con-la-eleccion-de-la-ganadora","status":"publish","type":"post","link":"https:\/\/www.laguiadepamplona.com\/actualidad\/las-tres-propuestas-seleccionadas-para-transformar-san-jorge-entran-en-el-proceso-final-de-evaluacion-que-culminara-en-junio-con-la-eleccion-de-la-ganadora\/","title":{"rendered":"Las tres propuestas seleccionadas para transformar San Jorge entran en el proceso final de evaluaci\u00f3n que culminar\u00e1 en junio con la elecci\u00f3n de la ganadora"},"content":{"rendered":"<h2>M\u00e1s de 250 personas han participado en un proceso, que valoran con un 8,2 sobre 10; el proceso concluye el 12 de febrero con una sesi\u00f3n de retorno<\/h2>\n<p><!--more--><\/p>\n<p>El proceso participativo sobre la transformaci\u00f3n del barrio de San Jorge concluir\u00e1 el pr\u00f3ximo mi\u00e9rcoles 12 de febrero, a las 18.30 horas en Civivox San Jorge, con una sesi\u00f3n de retorno en la que se expondr\u00e1 un resumen de las aportaciones ciudadanas recogidas en las diferentes acciones llevadas a cabo entre los meses de mayo y noviembre del pasado a\u00f1o. M\u00e1s de 250 personas han participado en un proceso cuyo informe t\u00e9cnico final se remitir\u00e1 a los equipos redactores de las tres propuestas seleccionadas para que actualicen sus proyectos.<\/p>\n<p>Ser\u00e1 a partir de entonces cuando se ponga en marcha la fase final del proceso de elecci\u00f3n de un proyecto que se resolver\u00e1 definitivamente en junio. La inclusi\u00f3n de las mejoras sugeridas por el barrio y por el dictamen del jurado t\u00e9cnico en cada una de las propuestas, y la evaluaci\u00f3n del documento final por parte de la mesa de contrataci\u00f3n preceder\u00e1 a esta decisi\u00f3n. Las tres propuestas que est\u00e1n sobre la mesa son \u2018M\u00e1s barrio y menos barreras\u2019 de Labit Group, Arquitectura, Urbanismo y Dise\u00f1o Slp; \u2018Tres en raya\u2019 de Ram\u00f3n Garitano Garitano, Sim\u00f3n Garitano Ruiz de Azua y EOS Ingenier\u00eda, S.L.; y \u2018verde-ANDO\u2019 de OFS Sociedad Cooperativa Profesional, y PJS Proyectos, Estudios y Servicios T\u00e9cnicos de Navarra, S.A. (SERTECNA).<\/p>\n<p>Todas ellas fueron elegidas por el jurado t\u00e9cnico del concurso de ideas para la transformaci\u00f3n de San Jorge. Las tres propuestas coinciden en la necesidad de soterrar la avenida de Navarra a su paso por San Jorge, aunque cada una de ellas con diferentes soluciones, as\u00ed como en la generaci\u00f3n de nuevos espacios peatonales, en la creaci\u00f3n de zonas verdes y en la revitalizaci\u00f3n de plazas interiores ahora infrautilizadas.<\/p>\n<p>La inversi\u00f3n de las obras que se proponen var\u00eda entre los 14,5 y 31,5 millones de euros, aunque estas cifras son a\u00fan provisionales. Este es uno de los 20 proyectos que el Ayuntamiento de Pamplona incluye dentro de la estrategia de implementaci\u00f3n de la Marca Ciudad con lo que tanto en su desarrollo como en sus comunicaciones se tendr\u00e1 en cuenta el Manual de Identidad Corporativa de la nueva marca.<\/p>\n<p><strong>Un proceso participativo en tres fases<\/strong><\/p>\n<p>El proceso participativo dentro de ese concurso de ideas se ha estructurado en tres fases. La primera de ellas, la fase diagn\u00f3stico y sensibilizaci\u00f3n, se llev\u00f3 a cabo en los meses de mayo y junio del a\u00f1o pasado. La segunda, la fase de recogida de aportaciones y sugerencias, se desarroll\u00f3 durante los meses de octubre y noviembre de 2024. Finalmente, la tercera fase, la fase de evaluaci\u00f3n, se ejecut\u00f3 de manera transversal en paralelo a las otras dos. En estos seis meses de participaci\u00f3n ciudadana, se ha seguido de cerca el procedimiento administrativo del concurso de ideas tanto, en primera instancia, para conocer su funcionamiento como, despu\u00e9s, para conocer detalladamente las propuestas.<\/p>\n<p>Concluido el proceso participativo, ser\u00e1 el momento de que los equipos redactores actualicen sus propuestas atendiendo al informe de participaci\u00f3n, as\u00ed como las recomendaciones del dictamen realizadas por el jurado en la selecci\u00f3n. Se iniciar\u00e1 entonces el \u00faltimo paso, el procedimiento negociado, en el que los tres equipos redactores deber\u00e1n presentar las propuestas definitivas tanto de dise\u00f1o como econ\u00f3micas, con el coste de las medidas y acciones que se implementar\u00edan. El jurado determinar\u00e1 entonces la propuesta ganadora que se desarrollar\u00e1 mediante un contrato de servicios. Ese contrato recoger\u00e1 ya la planificaci\u00f3n, el calendario, las acciones previas, el estudio de viabilidad de las diferentes fases de obra o la redacci\u00f3n de los proyectos b\u00e1sicos necesarios para el desarrollo de la propuesta.<\/p>\n<p><strong>Diagn\u00f3stico del barrio y difusi\u00f3n de las propuestas<\/strong><\/p>\n<p>La fase de diagn\u00f3stico y sensibilizaci\u00f3n ten\u00eda como objetivo llevar a cabo actividades presenciales de diagn\u00f3stico y concienciaci\u00f3n con los vecinos y vecinas del barrio de San Jorge para informar a la ciudadan\u00eda antes de la evaluaci\u00f3n del jurado en el concurso de proyectos para la transformaci\u00f3n del barrio. Se realizaron cinco acciones, la primera de ellas, un an\u00e1lisis general del barrio desde el punto de vista de la geograf\u00eda urbana, recopilando informaci\u00f3n en cuanto a su historia, desarrollo urban\u00edstico, evoluci\u00f3n y caracter\u00edsticas de la poblaci\u00f3n residente, servicios y actividades econ\u00f3micas existentes, elementos de identidad, infraestructuras, equipamientos, biodiversidad\u2026 A partir de esa informaci\u00f3n se propusieron tres talleres participativos y dos sesiones informativas. En total, asistieron a esas cinco acciones 75 personas.<\/p>\n<p>La fase de recogida de aportaciones y sugerencias propon\u00eda iniciativas de difusi\u00f3n para que la ciudadan\u00eda pudiera realizar aportaciones y sugerencias sobre las tres propuestas seleccionadas por el jurado en el concurso de proyectos. Estas contribuciones se han recopilado en el informe t\u00e9cnico que le servir\u00e1 tanto al Ayuntamiento de Pamplona para conocer la valoraci\u00f3n del barrio como a los equipos redactores para mejorar sus propuestas. Se ejecutaron siete acciones, desde el acto de presentaci\u00f3n de las propuestas elegidas hasta cuatro talleres espec\u00edficos en cada cuadrante del barrio con lo recogido en los proyectos para cada zona, pasando por dos exposiciones, una permanente y otra itinerante para esos talleres en los cuadrantes, con la informaci\u00f3n de las propuestas. Asistieron a estas actividades 186 personas, sin que se puedan contabilizar quienes visitaron las exposiciones.<\/p>\n<p><strong>El proceso seg\u00fan el barrio:\u00a0 una nota media de 8,2 sobre 10<\/strong><\/p>\n<p>La tercera fase y \u00faltima fase buscaba que quienes participaran evaluaran los diversos aspectos del proceso de participaci\u00f3n ciudadana, lo que permite fomentar una reflexi\u00f3n colectiva y enriquecer el proceso con respecto a las expectativas y resultados. Esta fase se ha desarrollado de manera transversal a lo largo de todo el proceso y en paralelo al desarrollo de las dos fases anteriores. La fase incluy\u00f3 acciones de consulta y valoraci\u00f3n como cuestionarios de evaluaci\u00f3n de las sesiones realizadas.<\/p>\n<p>Las encuestas tanto de la fase de diagn\u00f3stico y sensibilizaci\u00f3n como de la fase de aportaciones y sugerencias reflejan una valoraci\u00f3n de las acciones con una nota media de un 8,2 sobre 10. Lo que m\u00e1s se destaca es la implicaci\u00f3n de las personas asistentes (un 8,9), la participaci\u00f3n de ponentes (8,7) y el formato de la actividad (8,3). Tambi\u00e9n superan el notable los otros dos \u00edtems que se eval\u00faan, la tem\u00e1tica abordada (7,8) y la comunicaci\u00f3n previa (7,2). En ambas fases destaca la paridad de g\u00e9nero en la participaci\u00f3n, con cifras similares de hombres y mujeres. En la fase de diagn\u00f3stico y sensibilizaci\u00f3n, la edad m\u00e1s representada fue entre 40 y 50 a\u00f1os y, en la fase de aportaciones y sugerencias, participaron m\u00e1s personas mayores de 65 a\u00f1os.<\/p>\n<p>&nbsp;<\/p>\n<h3>Recordatorio de las tres propuestas finalistas<\/h3>\n<ul>\n<li><strong>\u2018M\u00e1s barrio menos barreras\u2019: soterrar un carril por sentido de la avenida de Navarra <\/strong><\/li>\n<li>La propuesta \u2018M\u00e1s barrio menos barreras\u2019 se basa en el urbanismo ecol\u00f3gico. Plantea cuatro estrategias relacionadas con el movimiento, el aparcamiento, los pavimentos y la diversidad a trav\u00e9s de las cuales se pretende reducir el tr\u00e1fico en todo el barrio, potenciar el comercio, favorecer la accesibilidad universal y potenciar la sostenibilidad con zonas verdes. Propone soterrar un carril por sentido de la avenida de Navarra y mantener una v\u00eda de doble sentido en el per\u00edmetro del \u00e1mbito de actuaci\u00f3n. La propuesta pretende que el 30% de San Jorge sea zona verde y que cualquier vecino o vecina vea un m\u00ednimo de tres \u00e1rboles desde su ventana y residan a menos de 300 metros de un espacio verde de m\u00ednimo una hect\u00e1rea.<\/li>\n<\/ul>\n<p>&nbsp;<\/p>\n<ul>\n<li><strong>\u2018Tres en raya\u2019: soterramiento parcial de la avenida de Navarra entre Dr. Juaristi y Dr. H\u00fader<\/strong><\/li>\n<li>La propuesta proyecta la eliminaci\u00f3n del tr\u00e1fico de paso de la avenida de Navarra mediante el soterramiento de sus dos carriles centrales desde Dr. Juaristi hasta Dr. H\u00fader. De esta forma, se pretende normalizar la situaci\u00f3n en la superficie de la avenida, reconstruir la trama transversal de calles, redimensionar el cruce central, aumentar el espacio p\u00fablico y habilitar m\u00e1s zonas ajardinadas. \u2018Tres en raya\u2019 realiza tambi\u00e9n una propuesta de ordenaci\u00f3n del barrio con un nuevo eje urbano continuo que conecte la plaza Virrey Armend\u00e1riz de Rochapea con Cuatrovientos, con la avenida de Navarra y con el \u00e1rea de Miluce y Landaben. El eje combinar\u00eda bulevar &#8211; paseo peatonal con carril bici y una calzada de dos carriles de circulaci\u00f3n desde Cuatrovientos.<\/li>\n<\/ul>\n<p>&nbsp;<\/p>\n<ul>\n<li><strong>\u2018verde-ANDO\u2019: soterramiento de la avenida de Navarra a su paso por San Jorge<\/strong><\/li>\n<li>La propuesta defiende el soterramiento de la avenida de Navarra desde el puente actual sobre el Arga a la altura de Dr. Juaristi hasta m\u00e1s all\u00e1 de las actuales v\u00edas del tren. De esta forma, calculan que se eliminar\u00eda entre el 70% y el 80% del tr\u00e1fico actual que atraviesa el centro de San Jorge. Para esa gesti\u00f3n de los flujos internos del tr\u00e1fico, se prev\u00e9n dos rotondas en la avenida de San Jorge y la reducci\u00f3n de carriles en esta v\u00eda de dos a uno. Con el espacio libre generado por el soterramiento se pretende generar una gran plataforma peatonal para posibilitar nuevas zonas para el esparcimiento, el deporte, la cultura o la socializaci\u00f3n, que unir\u00e1 los cuatro cuadrantes del barrio separados por la actual rotonda.<\/li>\n<\/ul>\n","protected":false},"excerpt":{"rendered":"<p>M\u00e1s de 250 personas han participado en un proceso, que valoran con un 8,2 sobre 10; el proceso concluye el 12 de febrero con una sesi\u00f3n de retorno<\/p>\n","protected":false},"author":1,"featured_media":51129,"comment_status":"open","ping_status":"closed","sticky":false,"template":"","format":"standard","meta":{"footnotes":""},"categories":[2],"tags":[],"class_list":["post-51963","post","type-post","status-publish","format-standard","has-post-thumbnail","hentry","category-ayuntamiento-pamplona"],"yoast_head":"<!-- This site is optimized with the Yoast SEO plugin v27.3 - https:\/\/yoast.com\/product\/yoast-seo-wordpress\/ -->\n<title>Las tres propuestas seleccionadas para transformar San Jorge entran en el proceso final de evaluaci\u00f3n que culminar\u00e1 en junio con la elecci\u00f3n de la ganadora<\/title>\n<meta name=\"description\" content=\"M\u00e1s de 250 personas han participado en un proceso, que valoran con un 8,2 sobre 10; el proceso concluye el 12 de febrero\" \/>\n<meta name=\"robots\" content=\"index, follow, max-snippet:-1, max-image-preview:large, max-video-preview:-1\" \/>\n<link rel=\"canonical\" href=\"https:\/\/www.laguiadepamplona.com\/actualidad\/las-tres-propuestas-seleccionadas-para-transformar-san-jorge-entran-en-el-proceso-final-de-evaluacion-que-culminara-en-junio-con-la-eleccion-de-la-ganadora\/\" \/>\n<meta property=\"og:locale\" content=\"es_ES\" \/>\n<meta property=\"og:type\" content=\"article\" \/>\n<meta property=\"og:title\" content=\"Las tres propuestas seleccionadas para transformar San Jorge entran en el proceso final de evaluaci\u00f3n que culminar\u00e1 en junio con la elecci\u00f3n de la ganadora\" \/>\n<meta property=\"og:description\" content=\"M\u00e1s de 250 personas han participado en un proceso, que valoran con un 8,2 sobre 10; el proceso concluye el 12 de febrero\" \/>\n<meta property=\"og:url\" content=\"https:\/\/www.laguiadepamplona.com\/actualidad\/las-tres-propuestas-seleccionadas-para-transformar-san-jorge-entran-en-el-proceso-final-de-evaluacion-que-culminara-en-junio-con-la-eleccion-de-la-ganadora\/\" \/>\n<meta property=\"og:site_name\" content=\"La Gu\u00eda de Pamplona\" \/>\n<meta property=\"article:publisher\" content=\"https:\/\/www.facebook.com\/laguiadepamplonacom-133175176762273\/?ref=hl\" \/>\n<meta property=\"article:published_time\" content=\"2025-02-03T12:31:40+00:00\" \/>\n<meta property=\"og:image\" content=\"https:\/\/www.laguiadepamplona.com\/actualidad\/wp-content\/uploads\/2024\/10\/San-Jorge_web_0.webp\" \/>\n\t<meta property=\"og:image:width\" content=\"1000\" \/>\n\t<meta property=\"og:image:height\" content=\"669\" \/>\n\t<meta property=\"og:image:type\" content=\"image\/webp\" \/>\n<meta name=\"author\" content=\"La Gu\u00eda de Pamplona\" \/>\n<meta name=\"twitter:card\" content=\"summary_large_image\" \/>\n<meta name=\"twitter:creator\" content=\"@LaGuiadPamplona\" \/>\n<meta name=\"twitter:site\" content=\"@LaGuiadPamplona\" \/>\n<meta name=\"twitter:label1\" content=\"Escrito por\" \/>\n\t<meta name=\"twitter:data1\" content=\"La Gu\u00eda de Pamplona\" \/>\n\t<meta name=\"twitter:label2\" content=\"Tiempo de lectura\" \/>\n\t<meta name=\"twitter:data2\" content=\"8 minutos\" \/>\n<script type=\"application\/ld+json\" class=\"yoast-schema-graph\">{\"@context\":\"https:\\\/\\\/schema.org\",\"@graph\":[{\"@type\":\"Article\",\"@id\":\"https:\\\/\\\/www.laguiadepamplona.com\\\/actualidad\\\/las-tres-propuestas-seleccionadas-para-transformar-san-jorge-entran-en-el-proceso-final-de-evaluacion-que-culminara-en-junio-con-la-eleccion-de-la-ganadora\\\/#article\",\"isPartOf\":{\"@id\":\"https:\\\/\\\/www.laguiadepamplona.com\\\/actualidad\\\/las-tres-propuestas-seleccionadas-para-transformar-san-jorge-entran-en-el-proceso-final-de-evaluacion-que-culminara-en-junio-con-la-eleccion-de-la-ganadora\\\/\"},\"author\":{\"name\":\"La Gu\u00eda de Pamplona\",\"@id\":\"https:\\\/\\\/www.laguiadepamplona.com\\\/actualidad\\\/#\\\/schema\\\/person\\\/efe887376f0213d4657c93adc50b1fdb\"},\"headline\":\"Las tres propuestas seleccionadas para transformar San Jorge entran en el proceso final de evaluaci\u00f3n que culminar\u00e1 en junio con la elecci\u00f3n de la ganadora\",\"datePublished\":\"2025-02-03T12:31:40+00:00\",\"mainEntityOfPage\":{\"@id\":\"https:\\\/\\\/www.laguiadepamplona.com\\\/actualidad\\\/las-tres-propuestas-seleccionadas-para-transformar-san-jorge-entran-en-el-proceso-final-de-evaluacion-que-culminara-en-junio-con-la-eleccion-de-la-ganadora\\\/\"},\"wordCount\":1646,\"commentCount\":0,\"publisher\":{\"@id\":\"https:\\\/\\\/www.laguiadepamplona.com\\\/actualidad\\\/#organization\"},\"image\":{\"@id\":\"https:\\\/\\\/www.laguiadepamplona.com\\\/actualidad\\\/las-tres-propuestas-seleccionadas-para-transformar-san-jorge-entran-en-el-proceso-final-de-evaluacion-que-culminara-en-junio-con-la-eleccion-de-la-ganadora\\\/#primaryimage\"},\"thumbnailUrl\":\"https:\\\/\\\/www.laguiadepamplona.com\\\/actualidad\\\/wp-content\\\/uploads\\\/2024\\\/10\\\/San-Jorge_web_0.webp\",\"articleSection\":[\"Ayto Pamplona\"],\"inLanguage\":\"es\",\"potentialAction\":[{\"@type\":\"CommentAction\",\"name\":\"Comment\",\"target\":[\"https:\\\/\\\/www.laguiadepamplona.com\\\/actualidad\\\/las-tres-propuestas-seleccionadas-para-transformar-san-jorge-entran-en-el-proceso-final-de-evaluacion-que-culminara-en-junio-con-la-eleccion-de-la-ganadora\\\/#respond\"]}]},{\"@type\":\"WebPage\",\"@id\":\"https:\\\/\\\/www.laguiadepamplona.com\\\/actualidad\\\/las-tres-propuestas-seleccionadas-para-transformar-san-jorge-entran-en-el-proceso-final-de-evaluacion-que-culminara-en-junio-con-la-eleccion-de-la-ganadora\\\/\",\"url\":\"https:\\\/\\\/www.laguiadepamplona.com\\\/actualidad\\\/las-tres-propuestas-seleccionadas-para-transformar-san-jorge-entran-en-el-proceso-final-de-evaluacion-que-culminara-en-junio-con-la-eleccion-de-la-ganadora\\\/\",\"name\":\"Las tres propuestas seleccionadas para transformar San Jorge entran en el proceso final de evaluaci\u00f3n que culminar\u00e1 en junio con la elecci\u00f3n de la ganadora\",\"isPartOf\":{\"@id\":\"https:\\\/\\\/www.laguiadepamplona.com\\\/actualidad\\\/#website\"},\"primaryImageOfPage\":{\"@id\":\"https:\\\/\\\/www.laguiadepamplona.com\\\/actualidad\\\/las-tres-propuestas-seleccionadas-para-transformar-san-jorge-entran-en-el-proceso-final-de-evaluacion-que-culminara-en-junio-con-la-eleccion-de-la-ganadora\\\/#primaryimage\"},\"image\":{\"@id\":\"https:\\\/\\\/www.laguiadepamplona.com\\\/actualidad\\\/las-tres-propuestas-seleccionadas-para-transformar-san-jorge-entran-en-el-proceso-final-de-evaluacion-que-culminara-en-junio-con-la-eleccion-de-la-ganadora\\\/#primaryimage\"},\"thumbnailUrl\":\"https:\\\/\\\/www.laguiadepamplona.com\\\/actualidad\\\/wp-content\\\/uploads\\\/2024\\\/10\\\/San-Jorge_web_0.webp\",\"datePublished\":\"2025-02-03T12:31:40+00:00\",\"description\":\"M\u00e1s de 250 personas han participado en un proceso, que valoran con un 8,2 sobre 10; el proceso concluye el 12 de febrero\",\"breadcrumb\":{\"@id\":\"https:\\\/\\\/www.laguiadepamplona.com\\\/actualidad\\\/las-tres-propuestas-seleccionadas-para-transformar-san-jorge-entran-en-el-proceso-final-de-evaluacion-que-culminara-en-junio-con-la-eleccion-de-la-ganadora\\\/#breadcrumb\"},\"inLanguage\":\"es\",\"potentialAction\":[{\"@type\":\"ReadAction\",\"target\":[\"https:\\\/\\\/www.laguiadepamplona.com\\\/actualidad\\\/las-tres-propuestas-seleccionadas-para-transformar-san-jorge-entran-en-el-proceso-final-de-evaluacion-que-culminara-en-junio-con-la-eleccion-de-la-ganadora\\\/\"]}]},{\"@type\":\"ImageObject\",\"inLanguage\":\"es\",\"@id\":\"https:\\\/\\\/www.laguiadepamplona.com\\\/actualidad\\\/las-tres-propuestas-seleccionadas-para-transformar-san-jorge-entran-en-el-proceso-final-de-evaluacion-que-culminara-en-junio-con-la-eleccion-de-la-ganadora\\\/#primaryimage\",\"url\":\"https:\\\/\\\/www.laguiadepamplona.com\\\/actualidad\\\/wp-content\\\/uploads\\\/2024\\\/10\\\/San-Jorge_web_0.webp\",\"contentUrl\":\"https:\\\/\\\/www.laguiadepamplona.com\\\/actualidad\\\/wp-content\\\/uploads\\\/2024\\\/10\\\/San-Jorge_web_0.webp\",\"width\":1000,\"height\":669,\"caption\":\"san jorge\"},{\"@type\":\"BreadcrumbList\",\"@id\":\"https:\\\/\\\/www.laguiadepamplona.com\\\/actualidad\\\/las-tres-propuestas-seleccionadas-para-transformar-san-jorge-entran-en-el-proceso-final-de-evaluacion-que-culminara-en-junio-con-la-eleccion-de-la-ganadora\\\/#breadcrumb\",\"itemListElement\":[{\"@type\":\"ListItem\",\"position\":1,\"name\":\"Portada\",\"item\":\"https:\\\/\\\/www.laguiadepamplona.com\\\/actualidad\\\/\"},{\"@type\":\"ListItem\",\"position\":2,\"name\":\"Las tres propuestas seleccionadas para transformar San Jorge entran en el proceso final de evaluaci\u00f3n que culminar\u00e1 en junio con la elecci\u00f3n de la ganadora\"}]},{\"@type\":\"WebSite\",\"@id\":\"https:\\\/\\\/www.laguiadepamplona.com\\\/actualidad\\\/#website\",\"url\":\"https:\\\/\\\/www.laguiadepamplona.com\\\/actualidad\\\/\",\"name\":\"La gu\u00eda de Pamplona\",\"description\":\"Noticias de Pamplona\",\"publisher\":{\"@id\":\"https:\\\/\\\/www.laguiadepamplona.com\\\/actualidad\\\/#organization\"},\"potentialAction\":[{\"@type\":\"SearchAction\",\"target\":{\"@type\":\"EntryPoint\",\"urlTemplate\":\"https:\\\/\\\/www.laguiadepamplona.com\\\/actualidad\\\/?s={search_term_string}\"},\"query-input\":{\"@type\":\"PropertyValueSpecification\",\"valueRequired\":true,\"valueName\":\"search_term_string\"}}],\"inLanguage\":\"es\"},{\"@type\":\"Organization\",\"@id\":\"https:\\\/\\\/www.laguiadepamplona.com\\\/actualidad\\\/#organization\",\"name\":\"La Gu\u00eda de Pamplona \\\/ Noticias\",\"url\":\"https:\\\/\\\/www.laguiadepamplona.com\\\/actualidad\\\/\",\"logo\":{\"@type\":\"ImageObject\",\"inLanguage\":\"es\",\"@id\":\"https:\\\/\\\/www.laguiadepamplona.com\\\/actualidad\\\/#\\\/schema\\\/logo\\\/image\\\/\",\"url\":\"https:\\\/\\\/www.laguiadepamplona.com\\\/actualidad\\\/wp-content\\\/uploads\\\/2018\\\/11\\\/logo-laguiadepamplona18-web1.png\",\"contentUrl\":\"https:\\\/\\\/www.laguiadepamplona.com\\\/actualidad\\\/wp-content\\\/uploads\\\/2018\\\/11\\\/logo-laguiadepamplona18-web1.png\",\"width\":600,\"height\":196,\"caption\":\"La Gu\u00eda de Pamplona \\\/ Noticias\"},\"image\":{\"@id\":\"https:\\\/\\\/www.laguiadepamplona.com\\\/actualidad\\\/#\\\/schema\\\/logo\\\/image\\\/\"},\"sameAs\":[\"https:\\\/\\\/www.facebook.com\\\/laguiadepamplonacom-133175176762273\\\/?ref=hl\",\"https:\\\/\\\/x.com\\\/LaGuiadPamplona\",\"https:\\\/\\\/www.instagram.com\\\/la_guia_de_pamplona\\\/\",\"https:\\\/\\\/www.youtube.com\\\/user\\\/laguiadepamplona\"]},{\"@type\":\"Person\",\"@id\":\"https:\\\/\\\/www.laguiadepamplona.com\\\/actualidad\\\/#\\\/schema\\\/person\\\/efe887376f0213d4657c93adc50b1fdb\",\"name\":\"La Gu\u00eda de Pamplona\",\"image\":{\"@type\":\"ImageObject\",\"inLanguage\":\"es\",\"@id\":\"https:\\\/\\\/secure.gravatar.com\\\/avatar\\\/b6992f131dc8d30ab0dff15446e9d346d9dbd95992de0fef795073f5ea83a81c?s=96&d=mm&r=g\",\"url\":\"https:\\\/\\\/secure.gravatar.com\\\/avatar\\\/b6992f131dc8d30ab0dff15446e9d346d9dbd95992de0fef795073f5ea83a81c?s=96&d=mm&r=g\",\"contentUrl\":\"https:\\\/\\\/secure.gravatar.com\\\/avatar\\\/b6992f131dc8d30ab0dff15446e9d346d9dbd95992de0fef795073f5ea83a81c?s=96&d=mm&r=g\",\"caption\":\"La Gu\u00eda de Pamplona\"}}]}<\/script>\n<!-- \/ Yoast SEO plugin. -->","yoast_head_json":{"title":"Las tres propuestas seleccionadas para transformar San Jorge entran en el proceso final de evaluaci\u00f3n que culminar\u00e1 en junio con la elecci\u00f3n de la ganadora","description":"M\u00e1s de 250 personas han participado en un proceso, que valoran con un 8,2 sobre 10; el proceso concluye el 12 de febrero","robots":{"index":"index","follow":"follow","max-snippet":"max-snippet:-1","max-image-preview":"max-image-preview:large","max-video-preview":"max-video-preview:-1"},"canonical":"https:\/\/www.laguiadepamplona.com\/actualidad\/las-tres-propuestas-seleccionadas-para-transformar-san-jorge-entran-en-el-proceso-final-de-evaluacion-que-culminara-en-junio-con-la-eleccion-de-la-ganadora\/","og_locale":"es_ES","og_type":"article","og_title":"Las tres propuestas seleccionadas para transformar San Jorge entran en el proceso final de evaluaci\u00f3n que culminar\u00e1 en junio con la elecci\u00f3n de la ganadora","og_description":"M\u00e1s de 250 personas han participado en un proceso, que valoran con un 8,2 sobre 10; el proceso concluye el 12 de febrero","og_url":"https:\/\/www.laguiadepamplona.com\/actualidad\/las-tres-propuestas-seleccionadas-para-transformar-san-jorge-entran-en-el-proceso-final-de-evaluacion-que-culminara-en-junio-con-la-eleccion-de-la-ganadora\/","og_site_name":"La Gu\u00eda de Pamplona","article_publisher":"https:\/\/www.facebook.com\/laguiadepamplonacom-133175176762273\/?ref=hl","article_published_time":"2025-02-03T12:31:40+00:00","og_image":[{"width":1000,"height":669,"url":"https:\/\/www.laguiadepamplona.com\/actualidad\/wp-content\/uploads\/2024\/10\/San-Jorge_web_0.webp","type":"image\/webp"}],"author":"La Gu\u00eda de Pamplona","twitter_card":"summary_large_image","twitter_creator":"@LaGuiadPamplona","twitter_site":"@LaGuiadPamplona","twitter_misc":{"Escrito por":"La Gu\u00eda de Pamplona","Tiempo de lectura":"8 minutos"},"schema":{"@context":"https:\/\/schema.org","@graph":[{"@type":"Article","@id":"https:\/\/www.laguiadepamplona.com\/actualidad\/las-tres-propuestas-seleccionadas-para-transformar-san-jorge-entran-en-el-proceso-final-de-evaluacion-que-culminara-en-junio-con-la-eleccion-de-la-ganadora\/#article","isPartOf":{"@id":"https:\/\/www.laguiadepamplona.com\/actualidad\/las-tres-propuestas-seleccionadas-para-transformar-san-jorge-entran-en-el-proceso-final-de-evaluacion-que-culminara-en-junio-con-la-eleccion-de-la-ganadora\/"},"author":{"name":"La Gu\u00eda de Pamplona","@id":"https:\/\/www.laguiadepamplona.com\/actualidad\/#\/schema\/person\/efe887376f0213d4657c93adc50b1fdb"},"headline":"Las tres propuestas seleccionadas para transformar San Jorge entran en el proceso final de evaluaci\u00f3n que culminar\u00e1 en junio con la elecci\u00f3n de la ganadora","datePublished":"2025-02-03T12:31:40+00:00","mainEntityOfPage":{"@id":"https:\/\/www.laguiadepamplona.com\/actualidad\/las-tres-propuestas-seleccionadas-para-transformar-san-jorge-entran-en-el-proceso-final-de-evaluacion-que-culminara-en-junio-con-la-eleccion-de-la-ganadora\/"},"wordCount":1646,"commentCount":0,"publisher":{"@id":"https:\/\/www.laguiadepamplona.com\/actualidad\/#organization"},"image":{"@id":"https:\/\/www.laguiadepamplona.com\/actualidad\/las-tres-propuestas-seleccionadas-para-transformar-san-jorge-entran-en-el-proceso-final-de-evaluacion-que-culminara-en-junio-con-la-eleccion-de-la-ganadora\/#primaryimage"},"thumbnailUrl":"https:\/\/www.laguiadepamplona.com\/actualidad\/wp-content\/uploads\/2024\/10\/San-Jorge_web_0.webp","articleSection":["Ayto Pamplona"],"inLanguage":"es","potentialAction":[{"@type":"CommentAction","name":"Comment","target":["https:\/\/www.laguiadepamplona.com\/actualidad\/las-tres-propuestas-seleccionadas-para-transformar-san-jorge-entran-en-el-proceso-final-de-evaluacion-que-culminara-en-junio-con-la-eleccion-de-la-ganadora\/#respond"]}]},{"@type":"WebPage","@id":"https:\/\/www.laguiadepamplona.com\/actualidad\/las-tres-propuestas-seleccionadas-para-transformar-san-jorge-entran-en-el-proceso-final-de-evaluacion-que-culminara-en-junio-con-la-eleccion-de-la-ganadora\/","url":"https:\/\/www.laguiadepamplona.com\/actualidad\/las-tres-propuestas-seleccionadas-para-transformar-san-jorge-entran-en-el-proceso-final-de-evaluacion-que-culminara-en-junio-con-la-eleccion-de-la-ganadora\/","name":"Las tres propuestas seleccionadas para transformar San Jorge entran en el proceso final de evaluaci\u00f3n que culminar\u00e1 en junio con la elecci\u00f3n de la ganadora","isPartOf":{"@id":"https:\/\/www.laguiadepamplona.com\/actualidad\/#website"},"primaryImageOfPage":{"@id":"https:\/\/www.laguiadepamplona.com\/actualidad\/las-tres-propuestas-seleccionadas-para-transformar-san-jorge-entran-en-el-proceso-final-de-evaluacion-que-culminara-en-junio-con-la-eleccion-de-la-ganadora\/#primaryimage"},"image":{"@id":"https:\/\/www.laguiadepamplona.com\/actualidad\/las-tres-propuestas-seleccionadas-para-transformar-san-jorge-entran-en-el-proceso-final-de-evaluacion-que-culminara-en-junio-con-la-eleccion-de-la-ganadora\/#primaryimage"},"thumbnailUrl":"https:\/\/www.laguiadepamplona.com\/actualidad\/wp-content\/uploads\/2024\/10\/San-Jorge_web_0.webp","datePublished":"2025-02-03T12:31:40+00:00","description":"M\u00e1s de 250 personas han participado en un proceso, que valoran con un 8,2 sobre 10; el proceso concluye el 12 de febrero","breadcrumb":{"@id":"https:\/\/www.laguiadepamplona.com\/actualidad\/las-tres-propuestas-seleccionadas-para-transformar-san-jorge-entran-en-el-proceso-final-de-evaluacion-que-culminara-en-junio-con-la-eleccion-de-la-ganadora\/#breadcrumb"},"inLanguage":"es","potentialAction":[{"@type":"ReadAction","target":["https:\/\/www.laguiadepamplona.com\/actualidad\/las-tres-propuestas-seleccionadas-para-transformar-san-jorge-entran-en-el-proceso-final-de-evaluacion-que-culminara-en-junio-con-la-eleccion-de-la-ganadora\/"]}]},{"@type":"ImageObject","inLanguage":"es","@id":"https:\/\/www.laguiadepamplona.com\/actualidad\/las-tres-propuestas-seleccionadas-para-transformar-san-jorge-entran-en-el-proceso-final-de-evaluacion-que-culminara-en-junio-con-la-eleccion-de-la-ganadora\/#primaryimage","url":"https:\/\/www.laguiadepamplona.com\/actualidad\/wp-content\/uploads\/2024\/10\/San-Jorge_web_0.webp","contentUrl":"https:\/\/www.laguiadepamplona.com\/actualidad\/wp-content\/uploads\/2024\/10\/San-Jorge_web_0.webp","width":1000,"height":669,"caption":"san jorge"},{"@type":"BreadcrumbList","@id":"https:\/\/www.laguiadepamplona.com\/actualidad\/las-tres-propuestas-seleccionadas-para-transformar-san-jorge-entran-en-el-proceso-final-de-evaluacion-que-culminara-en-junio-con-la-eleccion-de-la-ganadora\/#breadcrumb","itemListElement":[{"@type":"ListItem","position":1,"name":"Portada","item":"https:\/\/www.laguiadepamplona.com\/actualidad\/"},{"@type":"ListItem","position":2,"name":"Las tres propuestas seleccionadas para transformar San Jorge entran en el proceso final de evaluaci\u00f3n que culminar\u00e1 en junio con la elecci\u00f3n de la ganadora"}]},{"@type":"WebSite","@id":"https:\/\/www.laguiadepamplona.com\/actualidad\/#website","url":"https:\/\/www.laguiadepamplona.com\/actualidad\/","name":"La gu\u00eda de Pamplona","description":"Noticias de Pamplona","publisher":{"@id":"https:\/\/www.laguiadepamplona.com\/actualidad\/#organization"},"potentialAction":[{"@type":"SearchAction","target":{"@type":"EntryPoint","urlTemplate":"https:\/\/www.laguiadepamplona.com\/actualidad\/?s={search_term_string}"},"query-input":{"@type":"PropertyValueSpecification","valueRequired":true,"valueName":"search_term_string"}}],"inLanguage":"es"},{"@type":"Organization","@id":"https:\/\/www.laguiadepamplona.com\/actualidad\/#organization","name":"La Gu\u00eda de Pamplona \/ Noticias","url":"https:\/\/www.laguiadepamplona.com\/actualidad\/","logo":{"@type":"ImageObject","inLanguage":"es","@id":"https:\/\/www.laguiadepamplona.com\/actualidad\/#\/schema\/logo\/image\/","url":"https:\/\/www.laguiadepamplona.com\/actualidad\/wp-content\/uploads\/2018\/11\/logo-laguiadepamplona18-web1.png","contentUrl":"https:\/\/www.laguiadepamplona.com\/actualidad\/wp-content\/uploads\/2018\/11\/logo-laguiadepamplona18-web1.png","width":600,"height":196,"caption":"La Gu\u00eda de Pamplona \/ Noticias"},"image":{"@id":"https:\/\/www.laguiadepamplona.com\/actualidad\/#\/schema\/logo\/image\/"},"sameAs":["https:\/\/www.facebook.com\/laguiadepamplonacom-133175176762273\/?ref=hl","https:\/\/x.com\/LaGuiadPamplona","https:\/\/www.instagram.com\/la_guia_de_pamplona\/","https:\/\/www.youtube.com\/user\/laguiadepamplona"]},{"@type":"Person","@id":"https:\/\/www.laguiadepamplona.com\/actualidad\/#\/schema\/person\/efe887376f0213d4657c93adc50b1fdb","name":"La Gu\u00eda de Pamplona","image":{"@type":"ImageObject","inLanguage":"es","@id":"https:\/\/secure.gravatar.com\/avatar\/b6992f131dc8d30ab0dff15446e9d346d9dbd95992de0fef795073f5ea83a81c?s=96&d=mm&r=g","url":"https:\/\/secure.gravatar.com\/avatar\/b6992f131dc8d30ab0dff15446e9d346d9dbd95992de0fef795073f5ea83a81c?s=96&d=mm&r=g","contentUrl":"https:\/\/secure.gravatar.com\/avatar\/b6992f131dc8d30ab0dff15446e9d346d9dbd95992de0fef795073f5ea83a81c?s=96&d=mm&r=g","caption":"La Gu\u00eda de Pamplona"}}]}},"post_mailing_queue_ids":[],"_links":{"self":[{"href":"https:\/\/www.laguiadepamplona.com\/actualidad\/wp-json\/wp\/v2\/posts\/51963","targetHints":{"allow":["GET"]}}],"collection":[{"href":"https:\/\/www.laguiadepamplona.com\/actualidad\/wp-json\/wp\/v2\/posts"}],"about":[{"href":"https:\/\/www.laguiadepamplona.com\/actualidad\/wp-json\/wp\/v2\/types\/post"}],"author":[{"embeddable":true,"href":"https:\/\/www.laguiadepamplona.com\/actualidad\/wp-json\/wp\/v2\/users\/1"}],"replies":[{"embeddable":true,"href":"https:\/\/www.laguiadepamplona.com\/actualidad\/wp-json\/wp\/v2\/comments?post=51963"}],"version-history":[{"count":1,"href":"https:\/\/www.laguiadepamplona.com\/actualidad\/wp-json\/wp\/v2\/posts\/51963\/revisions"}],"predecessor-version":[{"id":51964,"href":"https:\/\/www.laguiadepamplona.com\/actualidad\/wp-json\/wp\/v2\/posts\/51963\/revisions\/51964"}],"wp:featuredmedia":[{"embeddable":true,"href":"https:\/\/www.laguiadepamplona.com\/actualidad\/wp-json\/wp\/v2\/media\/51129"}],"wp:attachment":[{"href":"https:\/\/www.laguiadepamplona.com\/actualidad\/wp-json\/wp\/v2\/media?parent=51963"}],"wp:term":[{"taxonomy":"category","embeddable":true,"href":"https:\/\/www.laguiadepamplona.com\/actualidad\/wp-json\/wp\/v2\/categories?post=51963"},{"taxonomy":"post_tag","embeddable":true,"href":"https:\/\/www.laguiadepamplona.com\/actualidad\/wp-json\/wp\/v2\/tags?post=51963"}],"curies":[{"name":"wp","href":"https:\/\/api.w.org\/{rel}","templated":true}]}}