{"id":51957,"date":"2025-01-31T16:16:23","date_gmt":"2025-01-31T14:16:23","guid":{"rendered":"https:\/\/www.laguiadepamplona.com\/actualidad\/?p=51957"},"modified":"2025-01-31T16:16:23","modified_gmt":"2025-01-31T14:16:23","slug":"pamplona-celebra-el-domingo-el-segundo-peldano-de-la-escalerica-dedicado-a-las-personas-mayores-con-actividades-en-el-barrio-de-iturrama","status":"publish","type":"post","link":"https:\/\/www.laguiadepamplona.com\/actualidad\/pamplona-celebra-el-domingo-el-segundo-peldano-de-la-escalerica-dedicado-a-las-personas-mayores-con-actividades-en-el-barrio-de-iturrama\/","title":{"rendered":"Pamplona celebra el domingo el segundo pelda\u00f1o de la Escalerica dedicado a las personas mayores con actividades en el barrio de Iturrama"},"content":{"rendered":"<h2>Mexicanas y jotas conforman un programa que incluye los conciertos de Txingones de la Rencle por la ma\u00f1ana y de Alegr\u00eda Ribera por la tarde<\/h2>\n<p><!--more--><\/p>\n<p>Domingo 2 de febrero, segundo pelda\u00f1o de la \u2018Escalerica\u2019 sanferminera dedicado a las personas mayores con actividades en el barrio de Iturrama. Se han programado dos conciertos en Civivox Iturrama, uno por la ma\u00f1ana y uno por la tarde, para bailar y cantar al ritmo de mexicanas y jotas. A las 12.30 horas actuar\u00e1 el grupo navarro Txingones de la Rencle y a las 18 horas el grupo de jotas Alegr\u00eda Ribera. Ambas actividades son gratuitas, con entrada libre hasta completar el aforo.<\/p>\n<p>El pasado 1 de enero comenz\u00f3 el programa municipal \u2018Escalerica 2025 Eskailera\u2019 que busca acercar a los diferentes barrios el esp\u00edritu sanferminero en los d\u00edas de cuenta atr\u00e1s hasta las fiestas. Por ello, se ir\u00e1n organizando actividades culturales, habituales de San Ferm\u00edn, destinadas a p\u00fablicos diferentes coincidiendo con los d\u00edas de \u2018Escalerica\u2019. El programa busca fomentar la programaci\u00f3n cultural local y promover actividades culturales que desestacionalicen la fiesta, comunicar los valores positivos de los Sanfermines y trabajar la sostenibilidad y la convivencia.<\/p>\n<p>Txingones de la Rencle son un grupo de Tierra Estella que surgi\u00f3 en 2017 en Ig\u00fazquiza como una propuesta de concierto mariachi para sus fiestas. Desde entonces, el grupo ha evolucionado y se ha profesionalizado, con una mayor versatilidad en su repertorio y con m\u00e1s conciertos cada a\u00f1o. Alegr\u00eda Ribera se form\u00f3 en 2013. Sus integrantes cuentan con una amplia experiencia en el mundo jotero, con formaci\u00f3n musical instrumental incluso en la direcci\u00f3n de escuelas de jotas. Desde su creaci\u00f3n han realizado m\u00e1s de 300 actuaciones, entre ellas, las que han protagonizado varios a\u00f1os en las propias fiestas de San Ferm\u00edn.<\/p>\n<p>Estas actividades vinculadas a la \u2018Escalerica\u2019 forman parte del proyecto PSTD Pamplona SF365, que cuenta con financiaci\u00f3n europea a trav\u00e9s del Mecanismo de Recuperaci\u00f3n y Resiliencia-NextGeneration EU, instrumento financiero de la inversi\u00f3n C14.I1 del Plan de Recuperaci\u00f3n, Transformaci\u00f3n y Resiliencia del Gobierno de Espa\u00f1a. En este contexto, Pamplona ha recibido una ayuda de 5.492.500 euros a ejecutar en tres a\u00f1os para el despliegue y desarrollo del Plan de Sostenibilidad Tur\u00edstica en Destino \u2018Pamplona SF365\u2019, que presenta 13 actuaciones vertebradas en cuatro ejes tem\u00e1ticos dedicados a la transici\u00f3n verde y sostenible, la mejora de la eficiencia energ\u00e9tica, la transici\u00f3n digital y la competitividad.<\/p>\n<p><strong>Interacci\u00f3n en redes sociales<\/strong><\/p>\n<p>Los perfiles en redes sociales de SanferminesPamplona, presentes en Instagram, Facebook y X, tambi\u00e9n celebrar\u00e1n en el \u00e1mbito digital la segunda \u2018Escalerica\u2019 hacia los Sanfermines 2025. Por una parte, mostrar\u00e1n el desarrollo de las actividades que se van a celebrar en el barrio de Iturrama. Pero, adem\u00e1s, continuar\u00e1n con la iniciativa de dar voz a los principales colectivos involucrados en las fiestas para vivir con ellos la cuenta atr\u00e1s hacia el Chupinazo.<\/p>\n<p>En este caso, tras la banda municipal de m\u00fasica La Pamplonesa, que protagoniz\u00f3 el primer pelda\u00f1o el 1 de enero, ser\u00e1n las personas mayores las que recuerden a la ciudadan\u00eda a trav\u00e9s de las redes sociales que \u2018San Ferm\u00edn es la fiesta de todos y todas\u2019. Colectivos y personas que forman parte de muchos de los actos que se organizan entre el 6 y el 14 de julio en Pamplona toman la voz en esta ocasi\u00f3n para reivindicar su papel para conformar \u2018\u00a1el ambiente de la ciudad!\u2019.<\/p>\n","protected":false},"excerpt":{"rendered":"<p>Mexicanas y jotas conforman un programa que incluye los conciertos de Txingones de la Rencle por la ma\u00f1ana y de Alegr\u00eda Ribera por la tarde<\/p>\n","protected":false},"author":1,"featured_media":51958,"comment_status":"open","ping_status":"closed","sticky":false,"template":"","format":"standard","meta":{"footnotes":""},"categories":[2],"tags":[],"class_list":["post-51957","post","type-post","status-publish","format-standard","has-post-thumbnail","hentry","category-ayuntamiento-pamplona"],"yoast_head":"<!-- This site is optimized with the Yoast SEO plugin v27.3 - https:\/\/yoast.com\/product\/yoast-seo-wordpress\/ -->\n<title>Pamplona celebra el domingo el segundo pelda\u00f1o de la Escalerica dedicado a las personas mayores con actividades en el barrio de Iturrama<\/title>\n<meta name=\"description\" content=\"Mexicanas y jotas conforman un programa que incluye los conciertos de Txingones de la Rencle por la ma\u00f1ana y de Alegr\u00eda Ribera por la tarde\" \/>\n<meta name=\"robots\" content=\"index, follow, max-snippet:-1, max-image-preview:large, max-video-preview:-1\" \/>\n<link rel=\"canonical\" href=\"https:\/\/www.laguiadepamplona.com\/actualidad\/pamplona-celebra-el-domingo-el-segundo-peldano-de-la-escalerica-dedicado-a-las-personas-mayores-con-actividades-en-el-barrio-de-iturrama\/\" \/>\n<meta property=\"og:locale\" content=\"es_ES\" \/>\n<meta property=\"og:type\" content=\"article\" \/>\n<meta property=\"og:title\" content=\"Pamplona celebra el domingo el segundo pelda\u00f1o de la Escalerica dedicado a las personas mayores con actividades en el barrio de Iturrama\" \/>\n<meta property=\"og:description\" content=\"Mexicanas y jotas conforman un programa que incluye los conciertos de Txingones de la Rencle por la ma\u00f1ana y de Alegr\u00eda Ribera por la tarde\" \/>\n<meta property=\"og:url\" content=\"https:\/\/www.laguiadepamplona.com\/actualidad\/pamplona-celebra-el-domingo-el-segundo-peldano-de-la-escalerica-dedicado-a-las-personas-mayores-con-actividades-en-el-barrio-de-iturrama\/\" \/>\n<meta property=\"og:site_name\" content=\"La Gu\u00eda de Pamplona\" \/>\n<meta property=\"article:publisher\" content=\"https:\/\/www.facebook.com\/laguiadepamplonacom-133175176762273\/?ref=hl\" \/>\n<meta property=\"article:published_time\" content=\"2025-01-31T14:16:23+00:00\" \/>\n<meta property=\"og:image\" content=\"https:\/\/www.laguiadepamplona.com\/actualidad\/wp-content\/uploads\/2025\/01\/web_escalerica_0.webp\" \/>\n\t<meta property=\"og:image:width\" content=\"1000\" \/>\n\t<meta property=\"og:image:height\" content=\"602\" \/>\n\t<meta property=\"og:image:type\" content=\"image\/webp\" \/>\n<meta name=\"author\" content=\"La Gu\u00eda de Pamplona\" \/>\n<meta name=\"twitter:card\" content=\"summary_large_image\" \/>\n<meta name=\"twitter:creator\" content=\"@LaGuiadPamplona\" \/>\n<meta name=\"twitter:site\" content=\"@LaGuiadPamplona\" \/>\n<meta name=\"twitter:label1\" content=\"Escrito por\" \/>\n\t<meta name=\"twitter:data1\" content=\"La Gu\u00eda de Pamplona\" \/>\n\t<meta name=\"twitter:label2\" content=\"Tiempo de lectura\" \/>\n\t<meta name=\"twitter:data2\" content=\"3 minutos\" \/>\n<script type=\"application\/ld+json\" class=\"yoast-schema-graph\">{\"@context\":\"https:\\\/\\\/schema.org\",\"@graph\":[{\"@type\":\"Article\",\"@id\":\"https:\\\/\\\/www.laguiadepamplona.com\\\/actualidad\\\/pamplona-celebra-el-domingo-el-segundo-peldano-de-la-escalerica-dedicado-a-las-personas-mayores-con-actividades-en-el-barrio-de-iturrama\\\/#article\",\"isPartOf\":{\"@id\":\"https:\\\/\\\/www.laguiadepamplona.com\\\/actualidad\\\/pamplona-celebra-el-domingo-el-segundo-peldano-de-la-escalerica-dedicado-a-las-personas-mayores-con-actividades-en-el-barrio-de-iturrama\\\/\"},\"author\":{\"name\":\"La Gu\u00eda de Pamplona\",\"@id\":\"https:\\\/\\\/www.laguiadepamplona.com\\\/actualidad\\\/#\\\/schema\\\/person\\\/efe887376f0213d4657c93adc50b1fdb\"},\"headline\":\"Pamplona celebra el domingo el segundo pelda\u00f1o de la Escalerica dedicado a las personas mayores con actividades en el barrio de Iturrama\",\"datePublished\":\"2025-01-31T14:16:23+00:00\",\"mainEntityOfPage\":{\"@id\":\"https:\\\/\\\/www.laguiadepamplona.com\\\/actualidad\\\/pamplona-celebra-el-domingo-el-segundo-peldano-de-la-escalerica-dedicado-a-las-personas-mayores-con-actividades-en-el-barrio-de-iturrama\\\/\"},\"wordCount\":616,\"commentCount\":0,\"publisher\":{\"@id\":\"https:\\\/\\\/www.laguiadepamplona.com\\\/actualidad\\\/#organization\"},\"image\":{\"@id\":\"https:\\\/\\\/www.laguiadepamplona.com\\\/actualidad\\\/pamplona-celebra-el-domingo-el-segundo-peldano-de-la-escalerica-dedicado-a-las-personas-mayores-con-actividades-en-el-barrio-de-iturrama\\\/#primaryimage\"},\"thumbnailUrl\":\"https:\\\/\\\/www.laguiadepamplona.com\\\/actualidad\\\/wp-content\\\/uploads\\\/2025\\\/01\\\/web_escalerica_0.webp\",\"articleSection\":[\"Ayto Pamplona\"],\"inLanguage\":\"es\",\"potentialAction\":[{\"@type\":\"CommentAction\",\"name\":\"Comment\",\"target\":[\"https:\\\/\\\/www.laguiadepamplona.com\\\/actualidad\\\/pamplona-celebra-el-domingo-el-segundo-peldano-de-la-escalerica-dedicado-a-las-personas-mayores-con-actividades-en-el-barrio-de-iturrama\\\/#respond\"]}]},{\"@type\":\"WebPage\",\"@id\":\"https:\\\/\\\/www.laguiadepamplona.com\\\/actualidad\\\/pamplona-celebra-el-domingo-el-segundo-peldano-de-la-escalerica-dedicado-a-las-personas-mayores-con-actividades-en-el-barrio-de-iturrama\\\/\",\"url\":\"https:\\\/\\\/www.laguiadepamplona.com\\\/actualidad\\\/pamplona-celebra-el-domingo-el-segundo-peldano-de-la-escalerica-dedicado-a-las-personas-mayores-con-actividades-en-el-barrio-de-iturrama\\\/\",\"name\":\"Pamplona celebra el domingo el segundo pelda\u00f1o de la Escalerica dedicado a las personas mayores con actividades en el barrio de Iturrama\",\"isPartOf\":{\"@id\":\"https:\\\/\\\/www.laguiadepamplona.com\\\/actualidad\\\/#website\"},\"primaryImageOfPage\":{\"@id\":\"https:\\\/\\\/www.laguiadepamplona.com\\\/actualidad\\\/pamplona-celebra-el-domingo-el-segundo-peldano-de-la-escalerica-dedicado-a-las-personas-mayores-con-actividades-en-el-barrio-de-iturrama\\\/#primaryimage\"},\"image\":{\"@id\":\"https:\\\/\\\/www.laguiadepamplona.com\\\/actualidad\\\/pamplona-celebra-el-domingo-el-segundo-peldano-de-la-escalerica-dedicado-a-las-personas-mayores-con-actividades-en-el-barrio-de-iturrama\\\/#primaryimage\"},\"thumbnailUrl\":\"https:\\\/\\\/www.laguiadepamplona.com\\\/actualidad\\\/wp-content\\\/uploads\\\/2025\\\/01\\\/web_escalerica_0.webp\",\"datePublished\":\"2025-01-31T14:16:23+00:00\",\"description\":\"Mexicanas y jotas conforman un programa que incluye los conciertos de Txingones de la Rencle por la ma\u00f1ana y de Alegr\u00eda Ribera por la tarde\",\"breadcrumb\":{\"@id\":\"https:\\\/\\\/www.laguiadepamplona.com\\\/actualidad\\\/pamplona-celebra-el-domingo-el-segundo-peldano-de-la-escalerica-dedicado-a-las-personas-mayores-con-actividades-en-el-barrio-de-iturrama\\\/#breadcrumb\"},\"inLanguage\":\"es\",\"potentialAction\":[{\"@type\":\"ReadAction\",\"target\":[\"https:\\\/\\\/www.laguiadepamplona.com\\\/actualidad\\\/pamplona-celebra-el-domingo-el-segundo-peldano-de-la-escalerica-dedicado-a-las-personas-mayores-con-actividades-en-el-barrio-de-iturrama\\\/\"]}]},{\"@type\":\"ImageObject\",\"inLanguage\":\"es\",\"@id\":\"https:\\\/\\\/www.laguiadepamplona.com\\\/actualidad\\\/pamplona-celebra-el-domingo-el-segundo-peldano-de-la-escalerica-dedicado-a-las-personas-mayores-con-actividades-en-el-barrio-de-iturrama\\\/#primaryimage\",\"url\":\"https:\\\/\\\/www.laguiadepamplona.com\\\/actualidad\\\/wp-content\\\/uploads\\\/2025\\\/01\\\/web_escalerica_0.webp\",\"contentUrl\":\"https:\\\/\\\/www.laguiadepamplona.com\\\/actualidad\\\/wp-content\\\/uploads\\\/2025\\\/01\\\/web_escalerica_0.webp\",\"width\":1000,\"height\":602,\"caption\":\"escalerica san ferm\u00edn\"},{\"@type\":\"BreadcrumbList\",\"@id\":\"https:\\\/\\\/www.laguiadepamplona.com\\\/actualidad\\\/pamplona-celebra-el-domingo-el-segundo-peldano-de-la-escalerica-dedicado-a-las-personas-mayores-con-actividades-en-el-barrio-de-iturrama\\\/#breadcrumb\",\"itemListElement\":[{\"@type\":\"ListItem\",\"position\":1,\"name\":\"Portada\",\"item\":\"https:\\\/\\\/www.laguiadepamplona.com\\\/actualidad\\\/\"},{\"@type\":\"ListItem\",\"position\":2,\"name\":\"Pamplona celebra el domingo el segundo pelda\u00f1o de la Escalerica dedicado a las personas mayores con actividades en el barrio de Iturrama\"}]},{\"@type\":\"WebSite\",\"@id\":\"https:\\\/\\\/www.laguiadepamplona.com\\\/actualidad\\\/#website\",\"url\":\"https:\\\/\\\/www.laguiadepamplona.com\\\/actualidad\\\/\",\"name\":\"La gu\u00eda de Pamplona\",\"description\":\"Noticias de Pamplona\",\"publisher\":{\"@id\":\"https:\\\/\\\/www.laguiadepamplona.com\\\/actualidad\\\/#organization\"},\"potentialAction\":[{\"@type\":\"SearchAction\",\"target\":{\"@type\":\"EntryPoint\",\"urlTemplate\":\"https:\\\/\\\/www.laguiadepamplona.com\\\/actualidad\\\/?s={search_term_string}\"},\"query-input\":{\"@type\":\"PropertyValueSpecification\",\"valueRequired\":true,\"valueName\":\"search_term_string\"}}],\"inLanguage\":\"es\"},{\"@type\":\"Organization\",\"@id\":\"https:\\\/\\\/www.laguiadepamplona.com\\\/actualidad\\\/#organization\",\"name\":\"La Gu\u00eda de Pamplona \\\/ Noticias\",\"url\":\"https:\\\/\\\/www.laguiadepamplona.com\\\/actualidad\\\/\",\"logo\":{\"@type\":\"ImageObject\",\"inLanguage\":\"es\",\"@id\":\"https:\\\/\\\/www.laguiadepamplona.com\\\/actualidad\\\/#\\\/schema\\\/logo\\\/image\\\/\",\"url\":\"https:\\\/\\\/www.laguiadepamplona.com\\\/actualidad\\\/wp-content\\\/uploads\\\/2018\\\/11\\\/logo-laguiadepamplona18-web1.png\",\"contentUrl\":\"https:\\\/\\\/www.laguiadepamplona.com\\\/actualidad\\\/wp-content\\\/uploads\\\/2018\\\/11\\\/logo-laguiadepamplona18-web1.png\",\"width\":600,\"height\":196,\"caption\":\"La Gu\u00eda de Pamplona \\\/ Noticias\"},\"image\":{\"@id\":\"https:\\\/\\\/www.laguiadepamplona.com\\\/actualidad\\\/#\\\/schema\\\/logo\\\/image\\\/\"},\"sameAs\":[\"https:\\\/\\\/www.facebook.com\\\/laguiadepamplonacom-133175176762273\\\/?ref=hl\",\"https:\\\/\\\/x.com\\\/LaGuiadPamplona\",\"https:\\\/\\\/www.instagram.com\\\/la_guia_de_pamplona\\\/\",\"https:\\\/\\\/www.youtube.com\\\/user\\\/laguiadepamplona\"]},{\"@type\":\"Person\",\"@id\":\"https:\\\/\\\/www.laguiadepamplona.com\\\/actualidad\\\/#\\\/schema\\\/person\\\/efe887376f0213d4657c93adc50b1fdb\",\"name\":\"La Gu\u00eda de Pamplona\",\"image\":{\"@type\":\"ImageObject\",\"inLanguage\":\"es\",\"@id\":\"https:\\\/\\\/secure.gravatar.com\\\/avatar\\\/b6992f131dc8d30ab0dff15446e9d346d9dbd95992de0fef795073f5ea83a81c?s=96&d=mm&r=g\",\"url\":\"https:\\\/\\\/secure.gravatar.com\\\/avatar\\\/b6992f131dc8d30ab0dff15446e9d346d9dbd95992de0fef795073f5ea83a81c?s=96&d=mm&r=g\",\"contentUrl\":\"https:\\\/\\\/secure.gravatar.com\\\/avatar\\\/b6992f131dc8d30ab0dff15446e9d346d9dbd95992de0fef795073f5ea83a81c?s=96&d=mm&r=g\",\"caption\":\"La Gu\u00eda de Pamplona\"}}]}<\/script>\n<!-- \/ Yoast SEO plugin. -->","yoast_head_json":{"title":"Pamplona celebra el domingo el segundo pelda\u00f1o de la Escalerica dedicado a las personas mayores con actividades en el barrio de Iturrama","description":"Mexicanas y jotas conforman un programa que incluye los conciertos de Txingones de la Rencle por la ma\u00f1ana y de Alegr\u00eda Ribera por la tarde","robots":{"index":"index","follow":"follow","max-snippet":"max-snippet:-1","max-image-preview":"max-image-preview:large","max-video-preview":"max-video-preview:-1"},"canonical":"https:\/\/www.laguiadepamplona.com\/actualidad\/pamplona-celebra-el-domingo-el-segundo-peldano-de-la-escalerica-dedicado-a-las-personas-mayores-con-actividades-en-el-barrio-de-iturrama\/","og_locale":"es_ES","og_type":"article","og_title":"Pamplona celebra el domingo el segundo pelda\u00f1o de la Escalerica dedicado a las personas mayores con actividades en el barrio de Iturrama","og_description":"Mexicanas y jotas conforman un programa que incluye los conciertos de Txingones de la Rencle por la ma\u00f1ana y de Alegr\u00eda Ribera por la tarde","og_url":"https:\/\/www.laguiadepamplona.com\/actualidad\/pamplona-celebra-el-domingo-el-segundo-peldano-de-la-escalerica-dedicado-a-las-personas-mayores-con-actividades-en-el-barrio-de-iturrama\/","og_site_name":"La Gu\u00eda de Pamplona","article_publisher":"https:\/\/www.facebook.com\/laguiadepamplonacom-133175176762273\/?ref=hl","article_published_time":"2025-01-31T14:16:23+00:00","og_image":[{"width":1000,"height":602,"url":"https:\/\/www.laguiadepamplona.com\/actualidad\/wp-content\/uploads\/2025\/01\/web_escalerica_0.webp","type":"image\/webp"}],"author":"La Gu\u00eda de Pamplona","twitter_card":"summary_large_image","twitter_creator":"@LaGuiadPamplona","twitter_site":"@LaGuiadPamplona","twitter_misc":{"Escrito por":"La Gu\u00eda de Pamplona","Tiempo de lectura":"3 minutos"},"schema":{"@context":"https:\/\/schema.org","@graph":[{"@type":"Article","@id":"https:\/\/www.laguiadepamplona.com\/actualidad\/pamplona-celebra-el-domingo-el-segundo-peldano-de-la-escalerica-dedicado-a-las-personas-mayores-con-actividades-en-el-barrio-de-iturrama\/#article","isPartOf":{"@id":"https:\/\/www.laguiadepamplona.com\/actualidad\/pamplona-celebra-el-domingo-el-segundo-peldano-de-la-escalerica-dedicado-a-las-personas-mayores-con-actividades-en-el-barrio-de-iturrama\/"},"author":{"name":"La Gu\u00eda de Pamplona","@id":"https:\/\/www.laguiadepamplona.com\/actualidad\/#\/schema\/person\/efe887376f0213d4657c93adc50b1fdb"},"headline":"Pamplona celebra el domingo el segundo pelda\u00f1o de la Escalerica dedicado a las personas mayores con actividades en el barrio de Iturrama","datePublished":"2025-01-31T14:16:23+00:00","mainEntityOfPage":{"@id":"https:\/\/www.laguiadepamplona.com\/actualidad\/pamplona-celebra-el-domingo-el-segundo-peldano-de-la-escalerica-dedicado-a-las-personas-mayores-con-actividades-en-el-barrio-de-iturrama\/"},"wordCount":616,"commentCount":0,"publisher":{"@id":"https:\/\/www.laguiadepamplona.com\/actualidad\/#organization"},"image":{"@id":"https:\/\/www.laguiadepamplona.com\/actualidad\/pamplona-celebra-el-domingo-el-segundo-peldano-de-la-escalerica-dedicado-a-las-personas-mayores-con-actividades-en-el-barrio-de-iturrama\/#primaryimage"},"thumbnailUrl":"https:\/\/www.laguiadepamplona.com\/actualidad\/wp-content\/uploads\/2025\/01\/web_escalerica_0.webp","articleSection":["Ayto Pamplona"],"inLanguage":"es","potentialAction":[{"@type":"CommentAction","name":"Comment","target":["https:\/\/www.laguiadepamplona.com\/actualidad\/pamplona-celebra-el-domingo-el-segundo-peldano-de-la-escalerica-dedicado-a-las-personas-mayores-con-actividades-en-el-barrio-de-iturrama\/#respond"]}]},{"@type":"WebPage","@id":"https:\/\/www.laguiadepamplona.com\/actualidad\/pamplona-celebra-el-domingo-el-segundo-peldano-de-la-escalerica-dedicado-a-las-personas-mayores-con-actividades-en-el-barrio-de-iturrama\/","url":"https:\/\/www.laguiadepamplona.com\/actualidad\/pamplona-celebra-el-domingo-el-segundo-peldano-de-la-escalerica-dedicado-a-las-personas-mayores-con-actividades-en-el-barrio-de-iturrama\/","name":"Pamplona celebra el domingo el segundo pelda\u00f1o de la Escalerica dedicado a las personas mayores con actividades en el barrio de Iturrama","isPartOf":{"@id":"https:\/\/www.laguiadepamplona.com\/actualidad\/#website"},"primaryImageOfPage":{"@id":"https:\/\/www.laguiadepamplona.com\/actualidad\/pamplona-celebra-el-domingo-el-segundo-peldano-de-la-escalerica-dedicado-a-las-personas-mayores-con-actividades-en-el-barrio-de-iturrama\/#primaryimage"},"image":{"@id":"https:\/\/www.laguiadepamplona.com\/actualidad\/pamplona-celebra-el-domingo-el-segundo-peldano-de-la-escalerica-dedicado-a-las-personas-mayores-con-actividades-en-el-barrio-de-iturrama\/#primaryimage"},"thumbnailUrl":"https:\/\/www.laguiadepamplona.com\/actualidad\/wp-content\/uploads\/2025\/01\/web_escalerica_0.webp","datePublished":"2025-01-31T14:16:23+00:00","description":"Mexicanas y jotas conforman un programa que incluye los conciertos de Txingones de la Rencle por la ma\u00f1ana y de Alegr\u00eda Ribera por la tarde","breadcrumb":{"@id":"https:\/\/www.laguiadepamplona.com\/actualidad\/pamplona-celebra-el-domingo-el-segundo-peldano-de-la-escalerica-dedicado-a-las-personas-mayores-con-actividades-en-el-barrio-de-iturrama\/#breadcrumb"},"inLanguage":"es","potentialAction":[{"@type":"ReadAction","target":["https:\/\/www.laguiadepamplona.com\/actualidad\/pamplona-celebra-el-domingo-el-segundo-peldano-de-la-escalerica-dedicado-a-las-personas-mayores-con-actividades-en-el-barrio-de-iturrama\/"]}]},{"@type":"ImageObject","inLanguage":"es","@id":"https:\/\/www.laguiadepamplona.com\/actualidad\/pamplona-celebra-el-domingo-el-segundo-peldano-de-la-escalerica-dedicado-a-las-personas-mayores-con-actividades-en-el-barrio-de-iturrama\/#primaryimage","url":"https:\/\/www.laguiadepamplona.com\/actualidad\/wp-content\/uploads\/2025\/01\/web_escalerica_0.webp","contentUrl":"https:\/\/www.laguiadepamplona.com\/actualidad\/wp-content\/uploads\/2025\/01\/web_escalerica_0.webp","width":1000,"height":602,"caption":"escalerica san ferm\u00edn"},{"@type":"BreadcrumbList","@id":"https:\/\/www.laguiadepamplona.com\/actualidad\/pamplona-celebra-el-domingo-el-segundo-peldano-de-la-escalerica-dedicado-a-las-personas-mayores-con-actividades-en-el-barrio-de-iturrama\/#breadcrumb","itemListElement":[{"@type":"ListItem","position":1,"name":"Portada","item":"https:\/\/www.laguiadepamplona.com\/actualidad\/"},{"@type":"ListItem","position":2,"name":"Pamplona celebra el domingo el segundo pelda\u00f1o de la Escalerica dedicado a las personas mayores con actividades en el barrio de Iturrama"}]},{"@type":"WebSite","@id":"https:\/\/www.laguiadepamplona.com\/actualidad\/#website","url":"https:\/\/www.laguiadepamplona.com\/actualidad\/","name":"La gu\u00eda de Pamplona","description":"Noticias de Pamplona","publisher":{"@id":"https:\/\/www.laguiadepamplona.com\/actualidad\/#organization"},"potentialAction":[{"@type":"SearchAction","target":{"@type":"EntryPoint","urlTemplate":"https:\/\/www.laguiadepamplona.com\/actualidad\/?s={search_term_string}"},"query-input":{"@type":"PropertyValueSpecification","valueRequired":true,"valueName":"search_term_string"}}],"inLanguage":"es"},{"@type":"Organization","@id":"https:\/\/www.laguiadepamplona.com\/actualidad\/#organization","name":"La Gu\u00eda de Pamplona \/ Noticias","url":"https:\/\/www.laguiadepamplona.com\/actualidad\/","logo":{"@type":"ImageObject","inLanguage":"es","@id":"https:\/\/www.laguiadepamplona.com\/actualidad\/#\/schema\/logo\/image\/","url":"https:\/\/www.laguiadepamplona.com\/actualidad\/wp-content\/uploads\/2018\/11\/logo-laguiadepamplona18-web1.png","contentUrl":"https:\/\/www.laguiadepamplona.com\/actualidad\/wp-content\/uploads\/2018\/11\/logo-laguiadepamplona18-web1.png","width":600,"height":196,"caption":"La Gu\u00eda de Pamplona \/ Noticias"},"image":{"@id":"https:\/\/www.laguiadepamplona.com\/actualidad\/#\/schema\/logo\/image\/"},"sameAs":["https:\/\/www.facebook.com\/laguiadepamplonacom-133175176762273\/?ref=hl","https:\/\/x.com\/LaGuiadPamplona","https:\/\/www.instagram.com\/la_guia_de_pamplona\/","https:\/\/www.youtube.com\/user\/laguiadepamplona"]},{"@type":"Person","@id":"https:\/\/www.laguiadepamplona.com\/actualidad\/#\/schema\/person\/efe887376f0213d4657c93adc50b1fdb","name":"La Gu\u00eda de Pamplona","image":{"@type":"ImageObject","inLanguage":"es","@id":"https:\/\/secure.gravatar.com\/avatar\/b6992f131dc8d30ab0dff15446e9d346d9dbd95992de0fef795073f5ea83a81c?s=96&d=mm&r=g","url":"https:\/\/secure.gravatar.com\/avatar\/b6992f131dc8d30ab0dff15446e9d346d9dbd95992de0fef795073f5ea83a81c?s=96&d=mm&r=g","contentUrl":"https:\/\/secure.gravatar.com\/avatar\/b6992f131dc8d30ab0dff15446e9d346d9dbd95992de0fef795073f5ea83a81c?s=96&d=mm&r=g","caption":"La Gu\u00eda de Pamplona"}}]}},"post_mailing_queue_ids":[],"_links":{"self":[{"href":"https:\/\/www.laguiadepamplona.com\/actualidad\/wp-json\/wp\/v2\/posts\/51957","targetHints":{"allow":["GET"]}}],"collection":[{"href":"https:\/\/www.laguiadepamplona.com\/actualidad\/wp-json\/wp\/v2\/posts"}],"about":[{"href":"https:\/\/www.laguiadepamplona.com\/actualidad\/wp-json\/wp\/v2\/types\/post"}],"author":[{"embeddable":true,"href":"https:\/\/www.laguiadepamplona.com\/actualidad\/wp-json\/wp\/v2\/users\/1"}],"replies":[{"embeddable":true,"href":"https:\/\/www.laguiadepamplona.com\/actualidad\/wp-json\/wp\/v2\/comments?post=51957"}],"version-history":[{"count":1,"href":"https:\/\/www.laguiadepamplona.com\/actualidad\/wp-json\/wp\/v2\/posts\/51957\/revisions"}],"predecessor-version":[{"id":51959,"href":"https:\/\/www.laguiadepamplona.com\/actualidad\/wp-json\/wp\/v2\/posts\/51957\/revisions\/51959"}],"wp:featuredmedia":[{"embeddable":true,"href":"https:\/\/www.laguiadepamplona.com\/actualidad\/wp-json\/wp\/v2\/media\/51958"}],"wp:attachment":[{"href":"https:\/\/www.laguiadepamplona.com\/actualidad\/wp-json\/wp\/v2\/media?parent=51957"}],"wp:term":[{"taxonomy":"category","embeddable":true,"href":"https:\/\/www.laguiadepamplona.com\/actualidad\/wp-json\/wp\/v2\/categories?post=51957"},{"taxonomy":"post_tag","embeddable":true,"href":"https:\/\/www.laguiadepamplona.com\/actualidad\/wp-json\/wp\/v2\/tags?post=51957"}],"curies":[{"name":"wp","href":"https:\/\/api.w.org\/{rel}","templated":true}]}}