{"id":51951,"date":"2025-01-31T16:13:14","date_gmt":"2025-01-31T14:13:14","guid":{"rendered":"https:\/\/www.laguiadepamplona.com\/actualidad\/?p=51951"},"modified":"2025-01-31T16:13:14","modified_gmt":"2025-01-31T14:13:14","slug":"seis-conciertos-gratuitos-de-jovenes-talentos-integran-el-ciclo-pamplona-accion-musical-del-2-al-16-de-febrero-en-el-patio-del-palacio-del-condestable","status":"publish","type":"post","link":"https:\/\/www.laguiadepamplona.com\/actualidad\/seis-conciertos-gratuitos-de-jovenes-talentos-integran-el-ciclo-pamplona-accion-musical-del-2-al-16-de-febrero-en-el-patio-del-palacio-del-condestable\/","title":{"rendered":"Seis conciertos gratuitos de j\u00f3venes talentos integran el ciclo Pamplona Acci\u00f3n Musical, del 2 al 16 de febrero, en el patio del Palacio del Condestable"},"content":{"rendered":"<h2>Los artistas proponen novedosos viajes musicales a trav\u00e9s de instrumentos como el viol\u00edn, el tromb\u00f3n, el piano, la guitarra o el arpa<\/h2>\n<p><!--more--><\/p>\n<p>El patio del Palacio del Condestable acoge desde este domingo una nueva edici\u00f3n del programa Pamplona Acci\u00f3n Musical (PAM\u201925), que incluye seis conciertos de j\u00f3venes talentos, m\u00e1s un concierto especial para p\u00fablico familiar. Las actuaciones se dirigen a todos los p\u00fablicos, son gratuitas y tienen entrada libre, hasta completar el aforo. El objetivo del festival es promover la m\u00fasica de c\u00e1mara y difundir la creaci\u00f3n de j\u00f3venes int\u00e9rpretes que se est\u00e1n formando, en algunos casos, en el extranjero.<\/p>\n<p>El ciclo lo inaugura este domingo, a las 12, el alumnado del aula de viol\u00edn de la catedr\u00e1tica Garazi Echeandia, del Conservatorio Superior de M\u00fasica de Navarra (CSMN). El repertorio del concierto, con la catedr\u00e1tica Leyre Irisarri como pianista acompa\u00f1ante, abarca composiciones para viol\u00edn solo y viol\u00edn con piano de J. S. Bach, L. V. Beethoven, J. Brahms, E. Grieg, P. I. Tchaikovsky, S. Prokofiev, E. Ysa\u00ffe, J. de Monasterio y J. Turina.<\/p>\n<p>El lunes 3, a las 19.30 horas, el tromb\u00f3n y el piano ser\u00e1n los instrumentos clave, de la mano del trombonista Miguel Zoco Sesma y el pianista Rinaldo Zhok. El joven trombonista, acompa\u00f1ado al piano por el profesor Zhok, ofrecer\u00e1 un variado programa compuesto por obras de J. S. Bach, M de Falla, A. Beach, J. Brahms y V. Williams. Miguel Zoco Sesma est\u00e1 completando su formaci\u00f3n musical en la Royal Academy of Music de Londres y cuenta con una beca \u00c1gorart para ampliaci\u00f3n de estudios art\u00edsticos del Gobierno de Navarra.<\/p>\n<p>La siguiente cita ser\u00e1 con la guitarra, el viernes 7 de febrero, a las 19.30 horas. Con el t\u00edtulo \u2018A trav\u00e9s de los siglos\u2019, Marcos Mar\u00edn propone un viaje musical a trav\u00e9s de algunos de los principales periodos musicales. La selecci\u00f3n de autores y obras responde a un elenco muy representativo de toda la literatura musical escrita para guitarra, con autores como T. T\u00e1rrega, J.S. Bach, M de Falla o A. Barrios.<\/p>\n<p><strong>Arpa, cuerda y piano<\/strong><\/p>\n<p>El ciclo contin\u00faa el lunes 10, a las 19.30, con el proyecto musical \u2018Harpakiro\u2019, de la arpista Maddi Sanz. La joven int\u00e9rprete dibuja un itinerario desde las principales obras del repertorio del arpa hasta aquellas canciones populares m\u00e1s conocidas. Una ocasi\u00f3n para unir a Hindemith, Dussek, Mikel Laboa y canciones populares. Una manera diferente de escuchar \u201clo de siempre\u201d y de descubrir un mundo musical nuevo.<\/p>\n<p>El pen\u00faltimo concierto de PAM\u201925, el viernes 14 de febrero, a las 19.30 horas, lleva por t\u00edtulo \u2018Ecos de hoy: una exploraci\u00f3n musical\u2019 y se realiza en colaboraci\u00f3n con el programa AIEnRuta-Cl\u00e1sicos. Los j\u00f3venes Carla Marrero y Can \u00c7akmur, cuerda y piano, invitan al p\u00fablico a introducirse en el mundo moderno de una forma org\u00e1nica y cautivadora, con un recital que explora complejidades y matices de la sociedad actual a trav\u00e9s de sonoridades innovadoras.<\/p>\n<p>El broche final del programa corresponde al int\u00e9rprete Mario Calvo Mart\u00ednez, piano solista, que ofrecer\u00e1 su recital el domingo 16, a las 12 horas. El joven est\u00e1 completando su formaci\u00f3n musical en el Conservatorio Superior de M\u00fasica de Par\u00eds y cuenta con una beca \u00c1gorart para ampliaci\u00f3n de estudios art\u00edsticos del Gobierno de Navarra.<\/p>\n<p>Espect\u00e1culo para p\u00fablico familiar<\/p>\n<p>El programa se completa con una propuesta musical para toda la familia, el s\u00e1bado 8 de febrero, a las 18 horas. En este caso, la obra \u2018\u00c9rase una vez. Cuentos cantados\u2019, de la mano de la compa\u00f1\u00eda Sensei, une la literatura, el teatro, la m\u00fasica y el humor, reinterpretando de la manera m\u00e1s gamberra cuentos cl\u00e1sicos bajo la genial y rompedora mirada de Roald Dahl. Narrador, cuarteto vocal y sexteto de viento con piano son los encargados de llevarnos de una manera distinta al mundo de los cuentos. La obra est\u00e1 dirigida a mayores de 4 a\u00f1os en compa\u00f1\u00eda de una persona adulta, y el acceso es libre hasta completar aforo.<\/p>\n<p>&nbsp;<\/p>\n<h3>Pamplona Acci\u00f3n Musical. Patio de Civivox Condestable. Del 2 al 16 de febrero<\/h3>\n<p>Todos los conciertos son gratuitos y tienen entrada libre hasta completar el aforo:<\/p>\n<ul>\n<li><strong>Domingo 2 de febrero, 12 horas<\/strong>\n<ul>\n<li>Alumnado de viol\u00edn de la catedr\u00e1tica Garazi Echeandia del Conservatorio Superior de M\u00fasica de Navarra. Pianista acompa\u00f1ante: Leyre Irisarri<\/li>\n<\/ul>\n<\/li>\n<li><strong>Lunes 3 de febrero, 19.30 horas<\/strong>\n<ul>\n<li>Concierto de Miguel Zoco Sesma (tromb\u00f3n) y Rinaldo Zhok (piano)<\/li>\n<\/ul>\n<\/li>\n<li><strong>Viernes 7 de febrero, 19.30 horas<\/strong>\n<ul>\n<li>Concierto \u2018A trav\u00e9s de los siglos\u2019, con Marcos Mar\u00edn (guitarra solista)<\/li>\n<\/ul>\n<\/li>\n<li><strong>S\u00e1bado 8 de febrero, 18.00 horas<\/strong>\n<ul>\n<li>Concierto familiar. \u2018\u00c9rase otra vez. Cuentos cantados\u2019. Sensei. Narrador, cuarteto vocal, sexteto de viento con piano<\/li>\n<\/ul>\n<\/li>\n<li><strong>Lunes 10 de febrero, 19.30 horas<\/strong>\n<ul>\n<li>Concierto \u2018Harpakiro\u2019, con Maddi Sanz (arpa)<\/li>\n<\/ul>\n<\/li>\n<li><strong>Viernes 14 de febrero, 19.30 horas<\/strong>\n<ul>\n<li>Concierto de cuerda y piano \u2018Ecos de hoy: una exploraci\u00f3n musical\u2019, con Carla Marrero y Can \u00c7akmur. En colaboraci\u00f3n con el programa AIEnRuta-Cl\u00e1sicos<\/li>\n<\/ul>\n<\/li>\n<li><strong>Domingo 16 de febrero, 12 horas<\/strong>\n<ul>\n<li>Concierto de Mario Calvo Mart\u00ednez (piano solista)<\/li>\n<\/ul>\n<\/li>\n<\/ul>\n","protected":false},"excerpt":{"rendered":"<p>Los artistas proponen novedosos viajes musicales a trav\u00e9s de instrumentos como el viol\u00edn, el tromb\u00f3n, el piano, la guitarra o el arpa<\/p>\n","protected":false},"author":1,"featured_media":51952,"comment_status":"open","ping_status":"closed","sticky":false,"template":"","format":"standard","meta":{"footnotes":""},"categories":[2],"tags":[],"class_list":["post-51951","post","type-post","status-publish","format-standard","has-post-thumbnail","hentry","category-ayuntamiento-pamplona"],"yoast_head":"<!-- This site is optimized with the Yoast SEO plugin v27.3 - https:\/\/yoast.com\/product\/yoast-seo-wordpress\/ -->\n<title>Seis conciertos gratuitos de j\u00f3venes talentos integran el ciclo Pamplona Acci\u00f3n Musical, del 2 al 16 de febrero, en el patio del Palacio del Condestable<\/title>\n<meta name=\"description\" content=\"Los artistas proponen novedosos viajes musicales a trav\u00e9s de instrumentos como el viol\u00edn, el tromb\u00f3n, el piano, la guitarra o el arpa\" \/>\n<meta name=\"robots\" content=\"index, follow, max-snippet:-1, max-image-preview:large, max-video-preview:-1\" \/>\n<link rel=\"canonical\" href=\"https:\/\/www.laguiadepamplona.com\/actualidad\/seis-conciertos-gratuitos-de-jovenes-talentos-integran-el-ciclo-pamplona-accion-musical-del-2-al-16-de-febrero-en-el-patio-del-palacio-del-condestable\/\" \/>\n<meta property=\"og:locale\" content=\"es_ES\" \/>\n<meta property=\"og:type\" content=\"article\" \/>\n<meta property=\"og:title\" content=\"Seis conciertos gratuitos de j\u00f3venes talentos integran el ciclo Pamplona Acci\u00f3n Musical, del 2 al 16 de febrero, en el patio del Palacio del Condestable\" \/>\n<meta property=\"og:description\" content=\"Los artistas proponen novedosos viajes musicales a trav\u00e9s de instrumentos como el viol\u00edn, el tromb\u00f3n, el piano, la guitarra o el arpa\" \/>\n<meta property=\"og:url\" content=\"https:\/\/www.laguiadepamplona.com\/actualidad\/seis-conciertos-gratuitos-de-jovenes-talentos-integran-el-ciclo-pamplona-accion-musical-del-2-al-16-de-febrero-en-el-patio-del-palacio-del-condestable\/\" \/>\n<meta property=\"og:site_name\" content=\"La Gu\u00eda de Pamplona\" \/>\n<meta property=\"article:publisher\" content=\"https:\/\/www.facebook.com\/laguiadepamplonacom-133175176762273\/?ref=hl\" \/>\n<meta property=\"article:published_time\" content=\"2025-01-31T14:13:14+00:00\" \/>\n<meta property=\"og:image\" content=\"https:\/\/www.laguiadepamplona.com\/actualidad\/wp-content\/uploads\/2025\/01\/PAM_web.webp\" \/>\n\t<meta property=\"og:image:width\" content=\"870\" \/>\n\t<meta property=\"og:image:height\" content=\"480\" \/>\n\t<meta property=\"og:image:type\" content=\"image\/webp\" \/>\n<meta name=\"author\" content=\"La Gu\u00eda de Pamplona\" \/>\n<meta name=\"twitter:card\" content=\"summary_large_image\" \/>\n<meta name=\"twitter:creator\" content=\"@LaGuiadPamplona\" \/>\n<meta name=\"twitter:site\" content=\"@LaGuiadPamplona\" \/>\n<meta name=\"twitter:label1\" content=\"Escrito por\" \/>\n\t<meta name=\"twitter:data1\" content=\"La Gu\u00eda de Pamplona\" \/>\n\t<meta name=\"twitter:label2\" content=\"Tiempo de lectura\" \/>\n\t<meta name=\"twitter:data2\" content=\"4 minutos\" \/>\n<script type=\"application\/ld+json\" class=\"yoast-schema-graph\">{\"@context\":\"https:\\\/\\\/schema.org\",\"@graph\":[{\"@type\":\"Article\",\"@id\":\"https:\\\/\\\/www.laguiadepamplona.com\\\/actualidad\\\/seis-conciertos-gratuitos-de-jovenes-talentos-integran-el-ciclo-pamplona-accion-musical-del-2-al-16-de-febrero-en-el-patio-del-palacio-del-condestable\\\/#article\",\"isPartOf\":{\"@id\":\"https:\\\/\\\/www.laguiadepamplona.com\\\/actualidad\\\/seis-conciertos-gratuitos-de-jovenes-talentos-integran-el-ciclo-pamplona-accion-musical-del-2-al-16-de-febrero-en-el-patio-del-palacio-del-condestable\\\/\"},\"author\":{\"name\":\"La Gu\u00eda de Pamplona\",\"@id\":\"https:\\\/\\\/www.laguiadepamplona.com\\\/actualidad\\\/#\\\/schema\\\/person\\\/efe887376f0213d4657c93adc50b1fdb\"},\"headline\":\"Seis conciertos gratuitos de j\u00f3venes talentos integran el ciclo Pamplona Acci\u00f3n Musical, del 2 al 16 de febrero, en el patio del Palacio del Condestable\",\"datePublished\":\"2025-01-31T14:13:14+00:00\",\"mainEntityOfPage\":{\"@id\":\"https:\\\/\\\/www.laguiadepamplona.com\\\/actualidad\\\/seis-conciertos-gratuitos-de-jovenes-talentos-integran-el-ciclo-pamplona-accion-musical-del-2-al-16-de-febrero-en-el-patio-del-palacio-del-condestable\\\/\"},\"wordCount\":883,\"commentCount\":0,\"publisher\":{\"@id\":\"https:\\\/\\\/www.laguiadepamplona.com\\\/actualidad\\\/#organization\"},\"image\":{\"@id\":\"https:\\\/\\\/www.laguiadepamplona.com\\\/actualidad\\\/seis-conciertos-gratuitos-de-jovenes-talentos-integran-el-ciclo-pamplona-accion-musical-del-2-al-16-de-febrero-en-el-patio-del-palacio-del-condestable\\\/#primaryimage\"},\"thumbnailUrl\":\"https:\\\/\\\/www.laguiadepamplona.com\\\/actualidad\\\/wp-content\\\/uploads\\\/2025\\\/01\\\/PAM_web.webp\",\"articleSection\":[\"Ayto Pamplona\"],\"inLanguage\":\"es\",\"potentialAction\":[{\"@type\":\"CommentAction\",\"name\":\"Comment\",\"target\":[\"https:\\\/\\\/www.laguiadepamplona.com\\\/actualidad\\\/seis-conciertos-gratuitos-de-jovenes-talentos-integran-el-ciclo-pamplona-accion-musical-del-2-al-16-de-febrero-en-el-patio-del-palacio-del-condestable\\\/#respond\"]}]},{\"@type\":\"WebPage\",\"@id\":\"https:\\\/\\\/www.laguiadepamplona.com\\\/actualidad\\\/seis-conciertos-gratuitos-de-jovenes-talentos-integran-el-ciclo-pamplona-accion-musical-del-2-al-16-de-febrero-en-el-patio-del-palacio-del-condestable\\\/\",\"url\":\"https:\\\/\\\/www.laguiadepamplona.com\\\/actualidad\\\/seis-conciertos-gratuitos-de-jovenes-talentos-integran-el-ciclo-pamplona-accion-musical-del-2-al-16-de-febrero-en-el-patio-del-palacio-del-condestable\\\/\",\"name\":\"Seis conciertos gratuitos de j\u00f3venes talentos integran el ciclo Pamplona Acci\u00f3n Musical, del 2 al 16 de febrero, en el patio del Palacio del Condestable\",\"isPartOf\":{\"@id\":\"https:\\\/\\\/www.laguiadepamplona.com\\\/actualidad\\\/#website\"},\"primaryImageOfPage\":{\"@id\":\"https:\\\/\\\/www.laguiadepamplona.com\\\/actualidad\\\/seis-conciertos-gratuitos-de-jovenes-talentos-integran-el-ciclo-pamplona-accion-musical-del-2-al-16-de-febrero-en-el-patio-del-palacio-del-condestable\\\/#primaryimage\"},\"image\":{\"@id\":\"https:\\\/\\\/www.laguiadepamplona.com\\\/actualidad\\\/seis-conciertos-gratuitos-de-jovenes-talentos-integran-el-ciclo-pamplona-accion-musical-del-2-al-16-de-febrero-en-el-patio-del-palacio-del-condestable\\\/#primaryimage\"},\"thumbnailUrl\":\"https:\\\/\\\/www.laguiadepamplona.com\\\/actualidad\\\/wp-content\\\/uploads\\\/2025\\\/01\\\/PAM_web.webp\",\"datePublished\":\"2025-01-31T14:13:14+00:00\",\"description\":\"Los artistas proponen novedosos viajes musicales a trav\u00e9s de instrumentos como el viol\u00edn, el tromb\u00f3n, el piano, la guitarra o el arpa\",\"breadcrumb\":{\"@id\":\"https:\\\/\\\/www.laguiadepamplona.com\\\/actualidad\\\/seis-conciertos-gratuitos-de-jovenes-talentos-integran-el-ciclo-pamplona-accion-musical-del-2-al-16-de-febrero-en-el-patio-del-palacio-del-condestable\\\/#breadcrumb\"},\"inLanguage\":\"es\",\"potentialAction\":[{\"@type\":\"ReadAction\",\"target\":[\"https:\\\/\\\/www.laguiadepamplona.com\\\/actualidad\\\/seis-conciertos-gratuitos-de-jovenes-talentos-integran-el-ciclo-pamplona-accion-musical-del-2-al-16-de-febrero-en-el-patio-del-palacio-del-condestable\\\/\"]}]},{\"@type\":\"ImageObject\",\"inLanguage\":\"es\",\"@id\":\"https:\\\/\\\/www.laguiadepamplona.com\\\/actualidad\\\/seis-conciertos-gratuitos-de-jovenes-talentos-integran-el-ciclo-pamplona-accion-musical-del-2-al-16-de-febrero-en-el-patio-del-palacio-del-condestable\\\/#primaryimage\",\"url\":\"https:\\\/\\\/www.laguiadepamplona.com\\\/actualidad\\\/wp-content\\\/uploads\\\/2025\\\/01\\\/PAM_web.webp\",\"contentUrl\":\"https:\\\/\\\/www.laguiadepamplona.com\\\/actualidad\\\/wp-content\\\/uploads\\\/2025\\\/01\\\/PAM_web.webp\",\"width\":870,\"height\":480,\"caption\":\"PAM\"},{\"@type\":\"BreadcrumbList\",\"@id\":\"https:\\\/\\\/www.laguiadepamplona.com\\\/actualidad\\\/seis-conciertos-gratuitos-de-jovenes-talentos-integran-el-ciclo-pamplona-accion-musical-del-2-al-16-de-febrero-en-el-patio-del-palacio-del-condestable\\\/#breadcrumb\",\"itemListElement\":[{\"@type\":\"ListItem\",\"position\":1,\"name\":\"Portada\",\"item\":\"https:\\\/\\\/www.laguiadepamplona.com\\\/actualidad\\\/\"},{\"@type\":\"ListItem\",\"position\":2,\"name\":\"Seis conciertos gratuitos de j\u00f3venes talentos integran el ciclo Pamplona Acci\u00f3n Musical, del 2 al 16 de febrero, en el patio del Palacio del Condestable\"}]},{\"@type\":\"WebSite\",\"@id\":\"https:\\\/\\\/www.laguiadepamplona.com\\\/actualidad\\\/#website\",\"url\":\"https:\\\/\\\/www.laguiadepamplona.com\\\/actualidad\\\/\",\"name\":\"La gu\u00eda de Pamplona\",\"description\":\"Noticias de Pamplona\",\"publisher\":{\"@id\":\"https:\\\/\\\/www.laguiadepamplona.com\\\/actualidad\\\/#organization\"},\"potentialAction\":[{\"@type\":\"SearchAction\",\"target\":{\"@type\":\"EntryPoint\",\"urlTemplate\":\"https:\\\/\\\/www.laguiadepamplona.com\\\/actualidad\\\/?s={search_term_string}\"},\"query-input\":{\"@type\":\"PropertyValueSpecification\",\"valueRequired\":true,\"valueName\":\"search_term_string\"}}],\"inLanguage\":\"es\"},{\"@type\":\"Organization\",\"@id\":\"https:\\\/\\\/www.laguiadepamplona.com\\\/actualidad\\\/#organization\",\"name\":\"La Gu\u00eda de Pamplona \\\/ Noticias\",\"url\":\"https:\\\/\\\/www.laguiadepamplona.com\\\/actualidad\\\/\",\"logo\":{\"@type\":\"ImageObject\",\"inLanguage\":\"es\",\"@id\":\"https:\\\/\\\/www.laguiadepamplona.com\\\/actualidad\\\/#\\\/schema\\\/logo\\\/image\\\/\",\"url\":\"https:\\\/\\\/www.laguiadepamplona.com\\\/actualidad\\\/wp-content\\\/uploads\\\/2018\\\/11\\\/logo-laguiadepamplona18-web1.png\",\"contentUrl\":\"https:\\\/\\\/www.laguiadepamplona.com\\\/actualidad\\\/wp-content\\\/uploads\\\/2018\\\/11\\\/logo-laguiadepamplona18-web1.png\",\"width\":600,\"height\":196,\"caption\":\"La Gu\u00eda de Pamplona \\\/ Noticias\"},\"image\":{\"@id\":\"https:\\\/\\\/www.laguiadepamplona.com\\\/actualidad\\\/#\\\/schema\\\/logo\\\/image\\\/\"},\"sameAs\":[\"https:\\\/\\\/www.facebook.com\\\/laguiadepamplonacom-133175176762273\\\/?ref=hl\",\"https:\\\/\\\/x.com\\\/LaGuiadPamplona\",\"https:\\\/\\\/www.instagram.com\\\/la_guia_de_pamplona\\\/\",\"https:\\\/\\\/www.youtube.com\\\/user\\\/laguiadepamplona\"]},{\"@type\":\"Person\",\"@id\":\"https:\\\/\\\/www.laguiadepamplona.com\\\/actualidad\\\/#\\\/schema\\\/person\\\/efe887376f0213d4657c93adc50b1fdb\",\"name\":\"La Gu\u00eda de Pamplona\",\"image\":{\"@type\":\"ImageObject\",\"inLanguage\":\"es\",\"@id\":\"https:\\\/\\\/secure.gravatar.com\\\/avatar\\\/b6992f131dc8d30ab0dff15446e9d346d9dbd95992de0fef795073f5ea83a81c?s=96&d=mm&r=g\",\"url\":\"https:\\\/\\\/secure.gravatar.com\\\/avatar\\\/b6992f131dc8d30ab0dff15446e9d346d9dbd95992de0fef795073f5ea83a81c?s=96&d=mm&r=g\",\"contentUrl\":\"https:\\\/\\\/secure.gravatar.com\\\/avatar\\\/b6992f131dc8d30ab0dff15446e9d346d9dbd95992de0fef795073f5ea83a81c?s=96&d=mm&r=g\",\"caption\":\"La Gu\u00eda de Pamplona\"}}]}<\/script>\n<!-- \/ Yoast SEO plugin. -->","yoast_head_json":{"title":"Seis conciertos gratuitos de j\u00f3venes talentos integran el ciclo Pamplona Acci\u00f3n Musical, del 2 al 16 de febrero, en el patio del Palacio del Condestable","description":"Los artistas proponen novedosos viajes musicales a trav\u00e9s de instrumentos como el viol\u00edn, el tromb\u00f3n, el piano, la guitarra o el arpa","robots":{"index":"index","follow":"follow","max-snippet":"max-snippet:-1","max-image-preview":"max-image-preview:large","max-video-preview":"max-video-preview:-1"},"canonical":"https:\/\/www.laguiadepamplona.com\/actualidad\/seis-conciertos-gratuitos-de-jovenes-talentos-integran-el-ciclo-pamplona-accion-musical-del-2-al-16-de-febrero-en-el-patio-del-palacio-del-condestable\/","og_locale":"es_ES","og_type":"article","og_title":"Seis conciertos gratuitos de j\u00f3venes talentos integran el ciclo Pamplona Acci\u00f3n Musical, del 2 al 16 de febrero, en el patio del Palacio del Condestable","og_description":"Los artistas proponen novedosos viajes musicales a trav\u00e9s de instrumentos como el viol\u00edn, el tromb\u00f3n, el piano, la guitarra o el arpa","og_url":"https:\/\/www.laguiadepamplona.com\/actualidad\/seis-conciertos-gratuitos-de-jovenes-talentos-integran-el-ciclo-pamplona-accion-musical-del-2-al-16-de-febrero-en-el-patio-del-palacio-del-condestable\/","og_site_name":"La Gu\u00eda de Pamplona","article_publisher":"https:\/\/www.facebook.com\/laguiadepamplonacom-133175176762273\/?ref=hl","article_published_time":"2025-01-31T14:13:14+00:00","og_image":[{"width":870,"height":480,"url":"https:\/\/www.laguiadepamplona.com\/actualidad\/wp-content\/uploads\/2025\/01\/PAM_web.webp","type":"image\/webp"}],"author":"La Gu\u00eda de Pamplona","twitter_card":"summary_large_image","twitter_creator":"@LaGuiadPamplona","twitter_site":"@LaGuiadPamplona","twitter_misc":{"Escrito por":"La Gu\u00eda de Pamplona","Tiempo de lectura":"4 minutos"},"schema":{"@context":"https:\/\/schema.org","@graph":[{"@type":"Article","@id":"https:\/\/www.laguiadepamplona.com\/actualidad\/seis-conciertos-gratuitos-de-jovenes-talentos-integran-el-ciclo-pamplona-accion-musical-del-2-al-16-de-febrero-en-el-patio-del-palacio-del-condestable\/#article","isPartOf":{"@id":"https:\/\/www.laguiadepamplona.com\/actualidad\/seis-conciertos-gratuitos-de-jovenes-talentos-integran-el-ciclo-pamplona-accion-musical-del-2-al-16-de-febrero-en-el-patio-del-palacio-del-condestable\/"},"author":{"name":"La Gu\u00eda de Pamplona","@id":"https:\/\/www.laguiadepamplona.com\/actualidad\/#\/schema\/person\/efe887376f0213d4657c93adc50b1fdb"},"headline":"Seis conciertos gratuitos de j\u00f3venes talentos integran el ciclo Pamplona Acci\u00f3n Musical, del 2 al 16 de febrero, en el patio del Palacio del Condestable","datePublished":"2025-01-31T14:13:14+00:00","mainEntityOfPage":{"@id":"https:\/\/www.laguiadepamplona.com\/actualidad\/seis-conciertos-gratuitos-de-jovenes-talentos-integran-el-ciclo-pamplona-accion-musical-del-2-al-16-de-febrero-en-el-patio-del-palacio-del-condestable\/"},"wordCount":883,"commentCount":0,"publisher":{"@id":"https:\/\/www.laguiadepamplona.com\/actualidad\/#organization"},"image":{"@id":"https:\/\/www.laguiadepamplona.com\/actualidad\/seis-conciertos-gratuitos-de-jovenes-talentos-integran-el-ciclo-pamplona-accion-musical-del-2-al-16-de-febrero-en-el-patio-del-palacio-del-condestable\/#primaryimage"},"thumbnailUrl":"https:\/\/www.laguiadepamplona.com\/actualidad\/wp-content\/uploads\/2025\/01\/PAM_web.webp","articleSection":["Ayto Pamplona"],"inLanguage":"es","potentialAction":[{"@type":"CommentAction","name":"Comment","target":["https:\/\/www.laguiadepamplona.com\/actualidad\/seis-conciertos-gratuitos-de-jovenes-talentos-integran-el-ciclo-pamplona-accion-musical-del-2-al-16-de-febrero-en-el-patio-del-palacio-del-condestable\/#respond"]}]},{"@type":"WebPage","@id":"https:\/\/www.laguiadepamplona.com\/actualidad\/seis-conciertos-gratuitos-de-jovenes-talentos-integran-el-ciclo-pamplona-accion-musical-del-2-al-16-de-febrero-en-el-patio-del-palacio-del-condestable\/","url":"https:\/\/www.laguiadepamplona.com\/actualidad\/seis-conciertos-gratuitos-de-jovenes-talentos-integran-el-ciclo-pamplona-accion-musical-del-2-al-16-de-febrero-en-el-patio-del-palacio-del-condestable\/","name":"Seis conciertos gratuitos de j\u00f3venes talentos integran el ciclo Pamplona Acci\u00f3n Musical, del 2 al 16 de febrero, en el patio del Palacio del Condestable","isPartOf":{"@id":"https:\/\/www.laguiadepamplona.com\/actualidad\/#website"},"primaryImageOfPage":{"@id":"https:\/\/www.laguiadepamplona.com\/actualidad\/seis-conciertos-gratuitos-de-jovenes-talentos-integran-el-ciclo-pamplona-accion-musical-del-2-al-16-de-febrero-en-el-patio-del-palacio-del-condestable\/#primaryimage"},"image":{"@id":"https:\/\/www.laguiadepamplona.com\/actualidad\/seis-conciertos-gratuitos-de-jovenes-talentos-integran-el-ciclo-pamplona-accion-musical-del-2-al-16-de-febrero-en-el-patio-del-palacio-del-condestable\/#primaryimage"},"thumbnailUrl":"https:\/\/www.laguiadepamplona.com\/actualidad\/wp-content\/uploads\/2025\/01\/PAM_web.webp","datePublished":"2025-01-31T14:13:14+00:00","description":"Los artistas proponen novedosos viajes musicales a trav\u00e9s de instrumentos como el viol\u00edn, el tromb\u00f3n, el piano, la guitarra o el arpa","breadcrumb":{"@id":"https:\/\/www.laguiadepamplona.com\/actualidad\/seis-conciertos-gratuitos-de-jovenes-talentos-integran-el-ciclo-pamplona-accion-musical-del-2-al-16-de-febrero-en-el-patio-del-palacio-del-condestable\/#breadcrumb"},"inLanguage":"es","potentialAction":[{"@type":"ReadAction","target":["https:\/\/www.laguiadepamplona.com\/actualidad\/seis-conciertos-gratuitos-de-jovenes-talentos-integran-el-ciclo-pamplona-accion-musical-del-2-al-16-de-febrero-en-el-patio-del-palacio-del-condestable\/"]}]},{"@type":"ImageObject","inLanguage":"es","@id":"https:\/\/www.laguiadepamplona.com\/actualidad\/seis-conciertos-gratuitos-de-jovenes-talentos-integran-el-ciclo-pamplona-accion-musical-del-2-al-16-de-febrero-en-el-patio-del-palacio-del-condestable\/#primaryimage","url":"https:\/\/www.laguiadepamplona.com\/actualidad\/wp-content\/uploads\/2025\/01\/PAM_web.webp","contentUrl":"https:\/\/www.laguiadepamplona.com\/actualidad\/wp-content\/uploads\/2025\/01\/PAM_web.webp","width":870,"height":480,"caption":"PAM"},{"@type":"BreadcrumbList","@id":"https:\/\/www.laguiadepamplona.com\/actualidad\/seis-conciertos-gratuitos-de-jovenes-talentos-integran-el-ciclo-pamplona-accion-musical-del-2-al-16-de-febrero-en-el-patio-del-palacio-del-condestable\/#breadcrumb","itemListElement":[{"@type":"ListItem","position":1,"name":"Portada","item":"https:\/\/www.laguiadepamplona.com\/actualidad\/"},{"@type":"ListItem","position":2,"name":"Seis conciertos gratuitos de j\u00f3venes talentos integran el ciclo Pamplona Acci\u00f3n Musical, del 2 al 16 de febrero, en el patio del Palacio del Condestable"}]},{"@type":"WebSite","@id":"https:\/\/www.laguiadepamplona.com\/actualidad\/#website","url":"https:\/\/www.laguiadepamplona.com\/actualidad\/","name":"La gu\u00eda de Pamplona","description":"Noticias de Pamplona","publisher":{"@id":"https:\/\/www.laguiadepamplona.com\/actualidad\/#organization"},"potentialAction":[{"@type":"SearchAction","target":{"@type":"EntryPoint","urlTemplate":"https:\/\/www.laguiadepamplona.com\/actualidad\/?s={search_term_string}"},"query-input":{"@type":"PropertyValueSpecification","valueRequired":true,"valueName":"search_term_string"}}],"inLanguage":"es"},{"@type":"Organization","@id":"https:\/\/www.laguiadepamplona.com\/actualidad\/#organization","name":"La Gu\u00eda de Pamplona \/ Noticias","url":"https:\/\/www.laguiadepamplona.com\/actualidad\/","logo":{"@type":"ImageObject","inLanguage":"es","@id":"https:\/\/www.laguiadepamplona.com\/actualidad\/#\/schema\/logo\/image\/","url":"https:\/\/www.laguiadepamplona.com\/actualidad\/wp-content\/uploads\/2018\/11\/logo-laguiadepamplona18-web1.png","contentUrl":"https:\/\/www.laguiadepamplona.com\/actualidad\/wp-content\/uploads\/2018\/11\/logo-laguiadepamplona18-web1.png","width":600,"height":196,"caption":"La Gu\u00eda de Pamplona \/ Noticias"},"image":{"@id":"https:\/\/www.laguiadepamplona.com\/actualidad\/#\/schema\/logo\/image\/"},"sameAs":["https:\/\/www.facebook.com\/laguiadepamplonacom-133175176762273\/?ref=hl","https:\/\/x.com\/LaGuiadPamplona","https:\/\/www.instagram.com\/la_guia_de_pamplona\/","https:\/\/www.youtube.com\/user\/laguiadepamplona"]},{"@type":"Person","@id":"https:\/\/www.laguiadepamplona.com\/actualidad\/#\/schema\/person\/efe887376f0213d4657c93adc50b1fdb","name":"La Gu\u00eda de Pamplona","image":{"@type":"ImageObject","inLanguage":"es","@id":"https:\/\/secure.gravatar.com\/avatar\/b6992f131dc8d30ab0dff15446e9d346d9dbd95992de0fef795073f5ea83a81c?s=96&d=mm&r=g","url":"https:\/\/secure.gravatar.com\/avatar\/b6992f131dc8d30ab0dff15446e9d346d9dbd95992de0fef795073f5ea83a81c?s=96&d=mm&r=g","contentUrl":"https:\/\/secure.gravatar.com\/avatar\/b6992f131dc8d30ab0dff15446e9d346d9dbd95992de0fef795073f5ea83a81c?s=96&d=mm&r=g","caption":"La Gu\u00eda de Pamplona"}}]}},"post_mailing_queue_ids":[],"_links":{"self":[{"href":"https:\/\/www.laguiadepamplona.com\/actualidad\/wp-json\/wp\/v2\/posts\/51951","targetHints":{"allow":["GET"]}}],"collection":[{"href":"https:\/\/www.laguiadepamplona.com\/actualidad\/wp-json\/wp\/v2\/posts"}],"about":[{"href":"https:\/\/www.laguiadepamplona.com\/actualidad\/wp-json\/wp\/v2\/types\/post"}],"author":[{"embeddable":true,"href":"https:\/\/www.laguiadepamplona.com\/actualidad\/wp-json\/wp\/v2\/users\/1"}],"replies":[{"embeddable":true,"href":"https:\/\/www.laguiadepamplona.com\/actualidad\/wp-json\/wp\/v2\/comments?post=51951"}],"version-history":[{"count":1,"href":"https:\/\/www.laguiadepamplona.com\/actualidad\/wp-json\/wp\/v2\/posts\/51951\/revisions"}],"predecessor-version":[{"id":51953,"href":"https:\/\/www.laguiadepamplona.com\/actualidad\/wp-json\/wp\/v2\/posts\/51951\/revisions\/51953"}],"wp:featuredmedia":[{"embeddable":true,"href":"https:\/\/www.laguiadepamplona.com\/actualidad\/wp-json\/wp\/v2\/media\/51952"}],"wp:attachment":[{"href":"https:\/\/www.laguiadepamplona.com\/actualidad\/wp-json\/wp\/v2\/media?parent=51951"}],"wp:term":[{"taxonomy":"category","embeddable":true,"href":"https:\/\/www.laguiadepamplona.com\/actualidad\/wp-json\/wp\/v2\/categories?post=51951"},{"taxonomy":"post_tag","embeddable":true,"href":"https:\/\/www.laguiadepamplona.com\/actualidad\/wp-json\/wp\/v2\/tags?post=51951"}],"curies":[{"name":"wp","href":"https:\/\/api.w.org\/{rel}","templated":true}]}}