{"id":51948,"date":"2025-01-31T16:11:38","date_gmt":"2025-01-31T14:11:38","guid":{"rendered":"https:\/\/www.laguiadepamplona.com\/actualidad\/?p=51948"},"modified":"2025-01-31T16:11:38","modified_gmt":"2025-01-31T14:11:38","slug":"la-sala-de-armas-acoge-la-exposicion-de-seis-artistas-navarros-fuera-de-formato-una-colaboracion-entre-ayuntamiento-de-pamplona-y-ateneo-navarro","status":"publish","type":"post","link":"https:\/\/www.laguiadepamplona.com\/actualidad\/la-sala-de-armas-acoge-la-exposicion-de-seis-artistas-navarros-fuera-de-formato-una-colaboracion-entre-ayuntamiento-de-pamplona-y-ateneo-navarro\/","title":{"rendered":"La Sala de Armas acoge la exposici\u00f3n de seis artistas navarros \u2018Fuera de Formato\u2019, una colaboraci\u00f3n entre Ayuntamiento de Pamplona y Ateneo Navarro"},"content":{"rendered":"<h2>La obra de David Anocibar, Mar\u00eda Azcona, Andrea Ganuza, Pedro Os\u00e1kar, Carlos Puig y Juan Sukilbide se puede visitar hasta el pr\u00f3ximo 4 de mayo<\/h2>\n<p><!--more--><\/p>\n<p>La Sala de Armas de la Ciudadela acoge, hasta el 4 de mayo, la exposici\u00f3n \u2018Fuera de Formato \/ Formatutik kanpo\u2019, una selecci\u00f3n de seis artistas navarros: David Anocibar, Mar\u00eda Azcona, Andrea Ganuza, Pedro Os\u00e1kar, Carlos Puig y Juan Sukilbide. La muestra, que se exhibe en la primera planta, se realiza en colaboraci\u00f3n entre el Ayuntamiento de Pamplona y Ateneo Navarro, con el objetivo de reflexionar sobre la vitalidad de las artes pl\u00e1sticas en nuestra comunidad.<\/p>\n<p>En la presentaci\u00f3n de la exposici\u00f3n han participado la concejala delegada de Cultura, Fiestas, Educaci\u00f3n y Deporte, Maider Beloki Unzu, y el presidente de Ateneo Navarro, Pedro Salaberri Zunzarren, comisario de la muestra junto a Javier Manzanos Garayoa, t\u00e9cnico de Artes Pl\u00e1sticas del Ayuntamiento de Pamplona. \u2018Fuera de Formato \/ Formatutik kanpo\u2019 incluye obra de diversas t\u00e9cnicas y formatos, que interpelan con fuerza al p\u00fablico visitante.<\/p>\n<p>La selecci\u00f3n de los seis artistas obedece a su peculiar voz propia y su singular relaci\u00f3n con la creaci\u00f3n art\u00edstica. En realidad, se trata de seis muestras individuales, con su universo de riqueza de im\u00e1genes y pensamiento; cada artista invita al p\u00fablico al placer, la reflexi\u00f3n o el entusiasmo, y lo hace con una fuerza propia. Se trata de seis maneras de vivir el hecho art\u00edstico como algo enriquecedor, con mundos que suman nuevas perspectivas.<\/p>\n<p>La propuesta de David Anocibar se centra en el di\u00e1logo, como acto de comunicaci\u00f3n esencial para comprender y enfrentar los retos del d\u00eda a d\u00eda. Sus retratos de gran formato invitan a escuchar las historias de cada creaci\u00f3n y a la introspecci\u00f3n. Mar\u00eda Azcona revisita sus trabajos y apuesta por recapitular, revisar y ofrecer una nueva mirada, recre\u00e1ndose en los elementos formales y evitando la trascendencia en su pintura.<\/p>\n<p>La selecci\u00f3n de Andrea Ganuza es un alegato contra lo establecido, en defensa de la libertad, mientras Pedro Os\u00e1kar apuesta por su Proyecto Kiosco \u2018Come en casa!\u2019, que propone la perplejidad para subvertir y desbordar las reglas que determinan el comportamiento del ciudadano en el espacio p\u00fablico, con una cr\u00edtica al consumismo actual. Las hayas y los retablos son protagonistas en la pintura de Carlos Puig, y Juan Sukilbide se recrea en la abundancia y la superposici\u00f3n, con colores bien definidos que conforman espacios hipn\u00f3ticos.<\/p>\n<p>La exposici\u00f3n \u2018Fuera de Formato \/ Formatutik kanpo\u2019 est\u00e1 abierta al p\u00fablico en la primera planta de la Sala de Armas en horario, de martes a s\u00e1bado, de 11.30 a 13.30 y de 18.00 a 20.30; y domingos y festivos, de 11.30 a 13.30.<\/p>\n<p>&nbsp;<\/p>\n<h3>\u2018Fuera de Formato\u2019. Sala de Armas, primera planta<\/h3>\n<ul>\n<li>Del 31 de enero al 4 de mayo\n<ul>\n<li>Artistas: David Anocibar, Mar\u00eda Azcona, Andrea Ganuza, Pedro Os\u00e1kar, Carlos Puig y Juan Sukilbide<\/li>\n<li>Horarios de visita: de martes a s\u00e1bado, de 11.30 a 13.30 y de 18.00 a 20.30; domingos y festivos, 11.30 a 13.30<\/li>\n<\/ul>\n<\/li>\n<\/ul>\n","protected":false},"excerpt":{"rendered":"<p>La obra de David Anocibar, Mar\u00eda Azcona, Andrea Ganuza, Pedro Os\u00e1kar, Carlos Puig y Juan Sukilbide se puede visitar hasta el pr\u00f3ximo 4 de mayo<\/p>\n","protected":false},"author":1,"featured_media":51949,"comment_status":"open","ping_status":"closed","sticky":false,"template":"","format":"standard","meta":{"footnotes":""},"categories":[2],"tags":[],"class_list":["post-51948","post","type-post","status-publish","format-standard","has-post-thumbnail","hentry","category-ayuntamiento-pamplona"],"yoast_head":"<!-- This site is optimized with the Yoast SEO plugin v27.3 - https:\/\/yoast.com\/product\/yoast-seo-wordpress\/ -->\n<title>La Sala de Armas acoge la exposici\u00f3n de seis artistas navarros \u2018Fuera de Formato\u2019, una colaboraci\u00f3n entre Ayuntamiento de Pamplona y Ateneo Navarro<\/title>\n<meta name=\"description\" content=\"La obra de David Anocibar, Mar\u00eda Azcona, Andrea Ganuza, Pedro Os\u00e1kar, Carlos Puig y Juan Sukilbide se puede visitar hasta el pr\u00f3ximo 4 de mayo\" \/>\n<meta name=\"robots\" content=\"index, follow, max-snippet:-1, max-image-preview:large, max-video-preview:-1\" \/>\n<link rel=\"canonical\" href=\"https:\/\/www.laguiadepamplona.com\/actualidad\/la-sala-de-armas-acoge-la-exposicion-de-seis-artistas-navarros-fuera-de-formato-una-colaboracion-entre-ayuntamiento-de-pamplona-y-ateneo-navarro\/\" \/>\n<meta property=\"og:locale\" content=\"es_ES\" \/>\n<meta property=\"og:type\" content=\"article\" \/>\n<meta property=\"og:title\" content=\"La Sala de Armas acoge la exposici\u00f3n de seis artistas navarros \u2018Fuera de Formato\u2019, una colaboraci\u00f3n entre Ayuntamiento de Pamplona y Ateneo Navarro\" \/>\n<meta property=\"og:description\" content=\"La obra de David Anocibar, Mar\u00eda Azcona, Andrea Ganuza, Pedro Os\u00e1kar, Carlos Puig y Juan Sukilbide se puede visitar hasta el pr\u00f3ximo 4 de mayo\" \/>\n<meta property=\"og:url\" content=\"https:\/\/www.laguiadepamplona.com\/actualidad\/la-sala-de-armas-acoge-la-exposicion-de-seis-artistas-navarros-fuera-de-formato-una-colaboracion-entre-ayuntamiento-de-pamplona-y-ateneo-navarro\/\" \/>\n<meta property=\"og:site_name\" content=\"La Gu\u00eda de Pamplona\" \/>\n<meta property=\"article:publisher\" content=\"https:\/\/www.facebook.com\/laguiadepamplonacom-133175176762273\/?ref=hl\" \/>\n<meta property=\"article:published_time\" content=\"2025-01-31T14:11:38+00:00\" \/>\n<meta property=\"og:image\" content=\"https:\/\/www.laguiadepamplona.com\/actualidad\/wp-content\/uploads\/2025\/01\/expo0web_0.webp\" \/>\n\t<meta property=\"og:image:width\" content=\"1000\" \/>\n\t<meta property=\"og:image:height\" content=\"642\" \/>\n\t<meta property=\"og:image:type\" content=\"image\/webp\" \/>\n<meta name=\"author\" content=\"La Gu\u00eda de Pamplona\" \/>\n<meta name=\"twitter:card\" content=\"summary_large_image\" \/>\n<meta name=\"twitter:creator\" content=\"@LaGuiadPamplona\" \/>\n<meta name=\"twitter:site\" content=\"@LaGuiadPamplona\" \/>\n<meta name=\"twitter:label1\" content=\"Escrito por\" \/>\n\t<meta name=\"twitter:data1\" content=\"La Gu\u00eda de Pamplona\" \/>\n\t<meta name=\"twitter:label2\" content=\"Tiempo de lectura\" \/>\n\t<meta name=\"twitter:data2\" content=\"3 minutos\" \/>\n<script type=\"application\/ld+json\" class=\"yoast-schema-graph\">{\"@context\":\"https:\\\/\\\/schema.org\",\"@graph\":[{\"@type\":\"Article\",\"@id\":\"https:\\\/\\\/www.laguiadepamplona.com\\\/actualidad\\\/la-sala-de-armas-acoge-la-exposicion-de-seis-artistas-navarros-fuera-de-formato-una-colaboracion-entre-ayuntamiento-de-pamplona-y-ateneo-navarro\\\/#article\",\"isPartOf\":{\"@id\":\"https:\\\/\\\/www.laguiadepamplona.com\\\/actualidad\\\/la-sala-de-armas-acoge-la-exposicion-de-seis-artistas-navarros-fuera-de-formato-una-colaboracion-entre-ayuntamiento-de-pamplona-y-ateneo-navarro\\\/\"},\"author\":{\"name\":\"La Gu\u00eda de Pamplona\",\"@id\":\"https:\\\/\\\/www.laguiadepamplona.com\\\/actualidad\\\/#\\\/schema\\\/person\\\/efe887376f0213d4657c93adc50b1fdb\"},\"headline\":\"La Sala de Armas acoge la exposici\u00f3n de seis artistas navarros \u2018Fuera de Formato\u2019, una colaboraci\u00f3n entre Ayuntamiento de Pamplona y Ateneo Navarro\",\"datePublished\":\"2025-01-31T14:11:38+00:00\",\"mainEntityOfPage\":{\"@id\":\"https:\\\/\\\/www.laguiadepamplona.com\\\/actualidad\\\/la-sala-de-armas-acoge-la-exposicion-de-seis-artistas-navarros-fuera-de-formato-una-colaboracion-entre-ayuntamiento-de-pamplona-y-ateneo-navarro\\\/\"},\"wordCount\":543,\"commentCount\":0,\"publisher\":{\"@id\":\"https:\\\/\\\/www.laguiadepamplona.com\\\/actualidad\\\/#organization\"},\"image\":{\"@id\":\"https:\\\/\\\/www.laguiadepamplona.com\\\/actualidad\\\/la-sala-de-armas-acoge-la-exposicion-de-seis-artistas-navarros-fuera-de-formato-una-colaboracion-entre-ayuntamiento-de-pamplona-y-ateneo-navarro\\\/#primaryimage\"},\"thumbnailUrl\":\"https:\\\/\\\/www.laguiadepamplona.com\\\/actualidad\\\/wp-content\\\/uploads\\\/2025\\\/01\\\/expo0web_0.webp\",\"articleSection\":[\"Ayto Pamplona\"],\"inLanguage\":\"es\",\"potentialAction\":[{\"@type\":\"CommentAction\",\"name\":\"Comment\",\"target\":[\"https:\\\/\\\/www.laguiadepamplona.com\\\/actualidad\\\/la-sala-de-armas-acoge-la-exposicion-de-seis-artistas-navarros-fuera-de-formato-una-colaboracion-entre-ayuntamiento-de-pamplona-y-ateneo-navarro\\\/#respond\"]}]},{\"@type\":\"WebPage\",\"@id\":\"https:\\\/\\\/www.laguiadepamplona.com\\\/actualidad\\\/la-sala-de-armas-acoge-la-exposicion-de-seis-artistas-navarros-fuera-de-formato-una-colaboracion-entre-ayuntamiento-de-pamplona-y-ateneo-navarro\\\/\",\"url\":\"https:\\\/\\\/www.laguiadepamplona.com\\\/actualidad\\\/la-sala-de-armas-acoge-la-exposicion-de-seis-artistas-navarros-fuera-de-formato-una-colaboracion-entre-ayuntamiento-de-pamplona-y-ateneo-navarro\\\/\",\"name\":\"La Sala de Armas acoge la exposici\u00f3n de seis artistas navarros \u2018Fuera de Formato\u2019, una colaboraci\u00f3n entre Ayuntamiento de Pamplona y Ateneo Navarro\",\"isPartOf\":{\"@id\":\"https:\\\/\\\/www.laguiadepamplona.com\\\/actualidad\\\/#website\"},\"primaryImageOfPage\":{\"@id\":\"https:\\\/\\\/www.laguiadepamplona.com\\\/actualidad\\\/la-sala-de-armas-acoge-la-exposicion-de-seis-artistas-navarros-fuera-de-formato-una-colaboracion-entre-ayuntamiento-de-pamplona-y-ateneo-navarro\\\/#primaryimage\"},\"image\":{\"@id\":\"https:\\\/\\\/www.laguiadepamplona.com\\\/actualidad\\\/la-sala-de-armas-acoge-la-exposicion-de-seis-artistas-navarros-fuera-de-formato-una-colaboracion-entre-ayuntamiento-de-pamplona-y-ateneo-navarro\\\/#primaryimage\"},\"thumbnailUrl\":\"https:\\\/\\\/www.laguiadepamplona.com\\\/actualidad\\\/wp-content\\\/uploads\\\/2025\\\/01\\\/expo0web_0.webp\",\"datePublished\":\"2025-01-31T14:11:38+00:00\",\"description\":\"La obra de David Anocibar, Mar\u00eda Azcona, Andrea Ganuza, Pedro Os\u00e1kar, Carlos Puig y Juan Sukilbide se puede visitar hasta el pr\u00f3ximo 4 de mayo\",\"breadcrumb\":{\"@id\":\"https:\\\/\\\/www.laguiadepamplona.com\\\/actualidad\\\/la-sala-de-armas-acoge-la-exposicion-de-seis-artistas-navarros-fuera-de-formato-una-colaboracion-entre-ayuntamiento-de-pamplona-y-ateneo-navarro\\\/#breadcrumb\"},\"inLanguage\":\"es\",\"potentialAction\":[{\"@type\":\"ReadAction\",\"target\":[\"https:\\\/\\\/www.laguiadepamplona.com\\\/actualidad\\\/la-sala-de-armas-acoge-la-exposicion-de-seis-artistas-navarros-fuera-de-formato-una-colaboracion-entre-ayuntamiento-de-pamplona-y-ateneo-navarro\\\/\"]}]},{\"@type\":\"ImageObject\",\"inLanguage\":\"es\",\"@id\":\"https:\\\/\\\/www.laguiadepamplona.com\\\/actualidad\\\/la-sala-de-armas-acoge-la-exposicion-de-seis-artistas-navarros-fuera-de-formato-una-colaboracion-entre-ayuntamiento-de-pamplona-y-ateneo-navarro\\\/#primaryimage\",\"url\":\"https:\\\/\\\/www.laguiadepamplona.com\\\/actualidad\\\/wp-content\\\/uploads\\\/2025\\\/01\\\/expo0web_0.webp\",\"contentUrl\":\"https:\\\/\\\/www.laguiadepamplona.com\\\/actualidad\\\/wp-content\\\/uploads\\\/2025\\\/01\\\/expo0web_0.webp\",\"width\":1000,\"height\":642,\"caption\":\"expo fuera de formato\"},{\"@type\":\"BreadcrumbList\",\"@id\":\"https:\\\/\\\/www.laguiadepamplona.com\\\/actualidad\\\/la-sala-de-armas-acoge-la-exposicion-de-seis-artistas-navarros-fuera-de-formato-una-colaboracion-entre-ayuntamiento-de-pamplona-y-ateneo-navarro\\\/#breadcrumb\",\"itemListElement\":[{\"@type\":\"ListItem\",\"position\":1,\"name\":\"Portada\",\"item\":\"https:\\\/\\\/www.laguiadepamplona.com\\\/actualidad\\\/\"},{\"@type\":\"ListItem\",\"position\":2,\"name\":\"La Sala de Armas acoge la exposici\u00f3n de seis artistas navarros \u2018Fuera de Formato\u2019, una colaboraci\u00f3n entre Ayuntamiento de Pamplona y Ateneo Navarro\"}]},{\"@type\":\"WebSite\",\"@id\":\"https:\\\/\\\/www.laguiadepamplona.com\\\/actualidad\\\/#website\",\"url\":\"https:\\\/\\\/www.laguiadepamplona.com\\\/actualidad\\\/\",\"name\":\"La gu\u00eda de Pamplona\",\"description\":\"Noticias de Pamplona\",\"publisher\":{\"@id\":\"https:\\\/\\\/www.laguiadepamplona.com\\\/actualidad\\\/#organization\"},\"potentialAction\":[{\"@type\":\"SearchAction\",\"target\":{\"@type\":\"EntryPoint\",\"urlTemplate\":\"https:\\\/\\\/www.laguiadepamplona.com\\\/actualidad\\\/?s={search_term_string}\"},\"query-input\":{\"@type\":\"PropertyValueSpecification\",\"valueRequired\":true,\"valueName\":\"search_term_string\"}}],\"inLanguage\":\"es\"},{\"@type\":\"Organization\",\"@id\":\"https:\\\/\\\/www.laguiadepamplona.com\\\/actualidad\\\/#organization\",\"name\":\"La Gu\u00eda de Pamplona \\\/ Noticias\",\"url\":\"https:\\\/\\\/www.laguiadepamplona.com\\\/actualidad\\\/\",\"logo\":{\"@type\":\"ImageObject\",\"inLanguage\":\"es\",\"@id\":\"https:\\\/\\\/www.laguiadepamplona.com\\\/actualidad\\\/#\\\/schema\\\/logo\\\/image\\\/\",\"url\":\"https:\\\/\\\/www.laguiadepamplona.com\\\/actualidad\\\/wp-content\\\/uploads\\\/2018\\\/11\\\/logo-laguiadepamplona18-web1.png\",\"contentUrl\":\"https:\\\/\\\/www.laguiadepamplona.com\\\/actualidad\\\/wp-content\\\/uploads\\\/2018\\\/11\\\/logo-laguiadepamplona18-web1.png\",\"width\":600,\"height\":196,\"caption\":\"La Gu\u00eda de Pamplona \\\/ Noticias\"},\"image\":{\"@id\":\"https:\\\/\\\/www.laguiadepamplona.com\\\/actualidad\\\/#\\\/schema\\\/logo\\\/image\\\/\"},\"sameAs\":[\"https:\\\/\\\/www.facebook.com\\\/laguiadepamplonacom-133175176762273\\\/?ref=hl\",\"https:\\\/\\\/x.com\\\/LaGuiadPamplona\",\"https:\\\/\\\/www.instagram.com\\\/la_guia_de_pamplona\\\/\",\"https:\\\/\\\/www.youtube.com\\\/user\\\/laguiadepamplona\"]},{\"@type\":\"Person\",\"@id\":\"https:\\\/\\\/www.laguiadepamplona.com\\\/actualidad\\\/#\\\/schema\\\/person\\\/efe887376f0213d4657c93adc50b1fdb\",\"name\":\"La Gu\u00eda de Pamplona\",\"image\":{\"@type\":\"ImageObject\",\"inLanguage\":\"es\",\"@id\":\"https:\\\/\\\/secure.gravatar.com\\\/avatar\\\/b6992f131dc8d30ab0dff15446e9d346d9dbd95992de0fef795073f5ea83a81c?s=96&d=mm&r=g\",\"url\":\"https:\\\/\\\/secure.gravatar.com\\\/avatar\\\/b6992f131dc8d30ab0dff15446e9d346d9dbd95992de0fef795073f5ea83a81c?s=96&d=mm&r=g\",\"contentUrl\":\"https:\\\/\\\/secure.gravatar.com\\\/avatar\\\/b6992f131dc8d30ab0dff15446e9d346d9dbd95992de0fef795073f5ea83a81c?s=96&d=mm&r=g\",\"caption\":\"La Gu\u00eda de Pamplona\"}}]}<\/script>\n<!-- \/ Yoast SEO plugin. -->","yoast_head_json":{"title":"La Sala de Armas acoge la exposici\u00f3n de seis artistas navarros \u2018Fuera de Formato\u2019, una colaboraci\u00f3n entre Ayuntamiento de Pamplona y Ateneo Navarro","description":"La obra de David Anocibar, Mar\u00eda Azcona, Andrea Ganuza, Pedro Os\u00e1kar, Carlos Puig y Juan Sukilbide se puede visitar hasta el pr\u00f3ximo 4 de mayo","robots":{"index":"index","follow":"follow","max-snippet":"max-snippet:-1","max-image-preview":"max-image-preview:large","max-video-preview":"max-video-preview:-1"},"canonical":"https:\/\/www.laguiadepamplona.com\/actualidad\/la-sala-de-armas-acoge-la-exposicion-de-seis-artistas-navarros-fuera-de-formato-una-colaboracion-entre-ayuntamiento-de-pamplona-y-ateneo-navarro\/","og_locale":"es_ES","og_type":"article","og_title":"La Sala de Armas acoge la exposici\u00f3n de seis artistas navarros \u2018Fuera de Formato\u2019, una colaboraci\u00f3n entre Ayuntamiento de Pamplona y Ateneo Navarro","og_description":"La obra de David Anocibar, Mar\u00eda Azcona, Andrea Ganuza, Pedro Os\u00e1kar, Carlos Puig y Juan Sukilbide se puede visitar hasta el pr\u00f3ximo 4 de mayo","og_url":"https:\/\/www.laguiadepamplona.com\/actualidad\/la-sala-de-armas-acoge-la-exposicion-de-seis-artistas-navarros-fuera-de-formato-una-colaboracion-entre-ayuntamiento-de-pamplona-y-ateneo-navarro\/","og_site_name":"La Gu\u00eda de Pamplona","article_publisher":"https:\/\/www.facebook.com\/laguiadepamplonacom-133175176762273\/?ref=hl","article_published_time":"2025-01-31T14:11:38+00:00","og_image":[{"width":1000,"height":642,"url":"https:\/\/www.laguiadepamplona.com\/actualidad\/wp-content\/uploads\/2025\/01\/expo0web_0.webp","type":"image\/webp"}],"author":"La Gu\u00eda de Pamplona","twitter_card":"summary_large_image","twitter_creator":"@LaGuiadPamplona","twitter_site":"@LaGuiadPamplona","twitter_misc":{"Escrito por":"La Gu\u00eda de Pamplona","Tiempo de lectura":"3 minutos"},"schema":{"@context":"https:\/\/schema.org","@graph":[{"@type":"Article","@id":"https:\/\/www.laguiadepamplona.com\/actualidad\/la-sala-de-armas-acoge-la-exposicion-de-seis-artistas-navarros-fuera-de-formato-una-colaboracion-entre-ayuntamiento-de-pamplona-y-ateneo-navarro\/#article","isPartOf":{"@id":"https:\/\/www.laguiadepamplona.com\/actualidad\/la-sala-de-armas-acoge-la-exposicion-de-seis-artistas-navarros-fuera-de-formato-una-colaboracion-entre-ayuntamiento-de-pamplona-y-ateneo-navarro\/"},"author":{"name":"La Gu\u00eda de Pamplona","@id":"https:\/\/www.laguiadepamplona.com\/actualidad\/#\/schema\/person\/efe887376f0213d4657c93adc50b1fdb"},"headline":"La Sala de Armas acoge la exposici\u00f3n de seis artistas navarros \u2018Fuera de Formato\u2019, una colaboraci\u00f3n entre Ayuntamiento de Pamplona y Ateneo Navarro","datePublished":"2025-01-31T14:11:38+00:00","mainEntityOfPage":{"@id":"https:\/\/www.laguiadepamplona.com\/actualidad\/la-sala-de-armas-acoge-la-exposicion-de-seis-artistas-navarros-fuera-de-formato-una-colaboracion-entre-ayuntamiento-de-pamplona-y-ateneo-navarro\/"},"wordCount":543,"commentCount":0,"publisher":{"@id":"https:\/\/www.laguiadepamplona.com\/actualidad\/#organization"},"image":{"@id":"https:\/\/www.laguiadepamplona.com\/actualidad\/la-sala-de-armas-acoge-la-exposicion-de-seis-artistas-navarros-fuera-de-formato-una-colaboracion-entre-ayuntamiento-de-pamplona-y-ateneo-navarro\/#primaryimage"},"thumbnailUrl":"https:\/\/www.laguiadepamplona.com\/actualidad\/wp-content\/uploads\/2025\/01\/expo0web_0.webp","articleSection":["Ayto Pamplona"],"inLanguage":"es","potentialAction":[{"@type":"CommentAction","name":"Comment","target":["https:\/\/www.laguiadepamplona.com\/actualidad\/la-sala-de-armas-acoge-la-exposicion-de-seis-artistas-navarros-fuera-de-formato-una-colaboracion-entre-ayuntamiento-de-pamplona-y-ateneo-navarro\/#respond"]}]},{"@type":"WebPage","@id":"https:\/\/www.laguiadepamplona.com\/actualidad\/la-sala-de-armas-acoge-la-exposicion-de-seis-artistas-navarros-fuera-de-formato-una-colaboracion-entre-ayuntamiento-de-pamplona-y-ateneo-navarro\/","url":"https:\/\/www.laguiadepamplona.com\/actualidad\/la-sala-de-armas-acoge-la-exposicion-de-seis-artistas-navarros-fuera-de-formato-una-colaboracion-entre-ayuntamiento-de-pamplona-y-ateneo-navarro\/","name":"La Sala de Armas acoge la exposici\u00f3n de seis artistas navarros \u2018Fuera de Formato\u2019, una colaboraci\u00f3n entre Ayuntamiento de Pamplona y Ateneo Navarro","isPartOf":{"@id":"https:\/\/www.laguiadepamplona.com\/actualidad\/#website"},"primaryImageOfPage":{"@id":"https:\/\/www.laguiadepamplona.com\/actualidad\/la-sala-de-armas-acoge-la-exposicion-de-seis-artistas-navarros-fuera-de-formato-una-colaboracion-entre-ayuntamiento-de-pamplona-y-ateneo-navarro\/#primaryimage"},"image":{"@id":"https:\/\/www.laguiadepamplona.com\/actualidad\/la-sala-de-armas-acoge-la-exposicion-de-seis-artistas-navarros-fuera-de-formato-una-colaboracion-entre-ayuntamiento-de-pamplona-y-ateneo-navarro\/#primaryimage"},"thumbnailUrl":"https:\/\/www.laguiadepamplona.com\/actualidad\/wp-content\/uploads\/2025\/01\/expo0web_0.webp","datePublished":"2025-01-31T14:11:38+00:00","description":"La obra de David Anocibar, Mar\u00eda Azcona, Andrea Ganuza, Pedro Os\u00e1kar, Carlos Puig y Juan Sukilbide se puede visitar hasta el pr\u00f3ximo 4 de mayo","breadcrumb":{"@id":"https:\/\/www.laguiadepamplona.com\/actualidad\/la-sala-de-armas-acoge-la-exposicion-de-seis-artistas-navarros-fuera-de-formato-una-colaboracion-entre-ayuntamiento-de-pamplona-y-ateneo-navarro\/#breadcrumb"},"inLanguage":"es","potentialAction":[{"@type":"ReadAction","target":["https:\/\/www.laguiadepamplona.com\/actualidad\/la-sala-de-armas-acoge-la-exposicion-de-seis-artistas-navarros-fuera-de-formato-una-colaboracion-entre-ayuntamiento-de-pamplona-y-ateneo-navarro\/"]}]},{"@type":"ImageObject","inLanguage":"es","@id":"https:\/\/www.laguiadepamplona.com\/actualidad\/la-sala-de-armas-acoge-la-exposicion-de-seis-artistas-navarros-fuera-de-formato-una-colaboracion-entre-ayuntamiento-de-pamplona-y-ateneo-navarro\/#primaryimage","url":"https:\/\/www.laguiadepamplona.com\/actualidad\/wp-content\/uploads\/2025\/01\/expo0web_0.webp","contentUrl":"https:\/\/www.laguiadepamplona.com\/actualidad\/wp-content\/uploads\/2025\/01\/expo0web_0.webp","width":1000,"height":642,"caption":"expo fuera de formato"},{"@type":"BreadcrumbList","@id":"https:\/\/www.laguiadepamplona.com\/actualidad\/la-sala-de-armas-acoge-la-exposicion-de-seis-artistas-navarros-fuera-de-formato-una-colaboracion-entre-ayuntamiento-de-pamplona-y-ateneo-navarro\/#breadcrumb","itemListElement":[{"@type":"ListItem","position":1,"name":"Portada","item":"https:\/\/www.laguiadepamplona.com\/actualidad\/"},{"@type":"ListItem","position":2,"name":"La Sala de Armas acoge la exposici\u00f3n de seis artistas navarros \u2018Fuera de Formato\u2019, una colaboraci\u00f3n entre Ayuntamiento de Pamplona y Ateneo Navarro"}]},{"@type":"WebSite","@id":"https:\/\/www.laguiadepamplona.com\/actualidad\/#website","url":"https:\/\/www.laguiadepamplona.com\/actualidad\/","name":"La gu\u00eda de Pamplona","description":"Noticias de Pamplona","publisher":{"@id":"https:\/\/www.laguiadepamplona.com\/actualidad\/#organization"},"potentialAction":[{"@type":"SearchAction","target":{"@type":"EntryPoint","urlTemplate":"https:\/\/www.laguiadepamplona.com\/actualidad\/?s={search_term_string}"},"query-input":{"@type":"PropertyValueSpecification","valueRequired":true,"valueName":"search_term_string"}}],"inLanguage":"es"},{"@type":"Organization","@id":"https:\/\/www.laguiadepamplona.com\/actualidad\/#organization","name":"La Gu\u00eda de Pamplona \/ Noticias","url":"https:\/\/www.laguiadepamplona.com\/actualidad\/","logo":{"@type":"ImageObject","inLanguage":"es","@id":"https:\/\/www.laguiadepamplona.com\/actualidad\/#\/schema\/logo\/image\/","url":"https:\/\/www.laguiadepamplona.com\/actualidad\/wp-content\/uploads\/2018\/11\/logo-laguiadepamplona18-web1.png","contentUrl":"https:\/\/www.laguiadepamplona.com\/actualidad\/wp-content\/uploads\/2018\/11\/logo-laguiadepamplona18-web1.png","width":600,"height":196,"caption":"La Gu\u00eda de Pamplona \/ Noticias"},"image":{"@id":"https:\/\/www.laguiadepamplona.com\/actualidad\/#\/schema\/logo\/image\/"},"sameAs":["https:\/\/www.facebook.com\/laguiadepamplonacom-133175176762273\/?ref=hl","https:\/\/x.com\/LaGuiadPamplona","https:\/\/www.instagram.com\/la_guia_de_pamplona\/","https:\/\/www.youtube.com\/user\/laguiadepamplona"]},{"@type":"Person","@id":"https:\/\/www.laguiadepamplona.com\/actualidad\/#\/schema\/person\/efe887376f0213d4657c93adc50b1fdb","name":"La Gu\u00eda de Pamplona","image":{"@type":"ImageObject","inLanguage":"es","@id":"https:\/\/secure.gravatar.com\/avatar\/b6992f131dc8d30ab0dff15446e9d346d9dbd95992de0fef795073f5ea83a81c?s=96&d=mm&r=g","url":"https:\/\/secure.gravatar.com\/avatar\/b6992f131dc8d30ab0dff15446e9d346d9dbd95992de0fef795073f5ea83a81c?s=96&d=mm&r=g","contentUrl":"https:\/\/secure.gravatar.com\/avatar\/b6992f131dc8d30ab0dff15446e9d346d9dbd95992de0fef795073f5ea83a81c?s=96&d=mm&r=g","caption":"La Gu\u00eda de Pamplona"}}]}},"post_mailing_queue_ids":[],"_links":{"self":[{"href":"https:\/\/www.laguiadepamplona.com\/actualidad\/wp-json\/wp\/v2\/posts\/51948","targetHints":{"allow":["GET"]}}],"collection":[{"href":"https:\/\/www.laguiadepamplona.com\/actualidad\/wp-json\/wp\/v2\/posts"}],"about":[{"href":"https:\/\/www.laguiadepamplona.com\/actualidad\/wp-json\/wp\/v2\/types\/post"}],"author":[{"embeddable":true,"href":"https:\/\/www.laguiadepamplona.com\/actualidad\/wp-json\/wp\/v2\/users\/1"}],"replies":[{"embeddable":true,"href":"https:\/\/www.laguiadepamplona.com\/actualidad\/wp-json\/wp\/v2\/comments?post=51948"}],"version-history":[{"count":1,"href":"https:\/\/www.laguiadepamplona.com\/actualidad\/wp-json\/wp\/v2\/posts\/51948\/revisions"}],"predecessor-version":[{"id":51950,"href":"https:\/\/www.laguiadepamplona.com\/actualidad\/wp-json\/wp\/v2\/posts\/51948\/revisions\/51950"}],"wp:featuredmedia":[{"embeddable":true,"href":"https:\/\/www.laguiadepamplona.com\/actualidad\/wp-json\/wp\/v2\/media\/51949"}],"wp:attachment":[{"href":"https:\/\/www.laguiadepamplona.com\/actualidad\/wp-json\/wp\/v2\/media?parent=51948"}],"wp:term":[{"taxonomy":"category","embeddable":true,"href":"https:\/\/www.laguiadepamplona.com\/actualidad\/wp-json\/wp\/v2\/categories?post=51948"},{"taxonomy":"post_tag","embeddable":true,"href":"https:\/\/www.laguiadepamplona.com\/actualidad\/wp-json\/wp\/v2\/tags?post=51948"}],"curies":[{"name":"wp","href":"https:\/\/api.w.org\/{rel}","templated":true}]}}