{"id":51684,"date":"2024-12-18T16:36:28","date_gmt":"2024-12-18T14:36:28","guid":{"rendered":"https:\/\/www.laguiadepamplona.com\/actualidad\/?p=51684"},"modified":"2024-12-18T16:36:28","modified_gmt":"2024-12-18T14:36:28","slug":"pamplona-adjudica-el-servicio-de-acompanamiento-para-que-hasta-30-familias-en-situacion-de-vulnerabilidad-puedan-acceder-a-una-vivienda-estable","status":"publish","type":"post","link":"https:\/\/www.laguiadepamplona.com\/actualidad\/pamplona-adjudica-el-servicio-de-acompanamiento-para-que-hasta-30-familias-en-situacion-de-vulnerabilidad-puedan-acceder-a-una-vivienda-estable\/","title":{"rendered":"Pamplona adjudica el servicio de acompa\u00f1amiento para que hasta 30 familias en situaci\u00f3n de vulnerabilidad puedan acceder a una vivienda estable"},"content":{"rendered":"<h2>El contrato tiene una vigencia de un a\u00f1o, a partir del 1 de enero de 2025, y contempla dos posibles pr\u00f3rrogas de la misma duraci\u00f3n<\/h2>\n<p><!--more--><\/p>\n<p>La Junta de Gobierno Local del Ayuntamiento de Pamplona ha adjudicado el contrato del servicio de acompa\u00f1amiento en vivienda. Este servicio se dirige a familias alojadas en viviendas de emergencia habitacional o en recursos transitorios del Ayuntamiento, como pensiones u hostales, o en situaci\u00f3n de sinhogarismo. El objetivo del acompa\u00f1amiento es orientar a las familias para facilitar el acceso a una vivienda estable y con car\u00e1cter indefinido.<\/p>\n<p>El contrato se ha adjudicado a la Fundaci\u00f3n Adsis, por importe de 225.000 euros (exento IVA). El contrato tiene una vigencia de un a\u00f1o, a partir del 1 de enero de 2025, y contempla dos posibles pr\u00f3rrogas de la misma duraci\u00f3n. La adjudicaci\u00f3n permitir\u00e1 un m\u00ednimo de 30 familias atendidas en el \u00c1rea de Acci\u00f3n Social que se encuentran en situaci\u00f3n de sinhogarismo mejoren su calidad de vida y puedan acceder a una vivienda estable.<\/p>\n<p>Este programa est\u00e1 previsto que sea financiado al 100% por el departamento de Derechos Sociales del Gobierno de Navarra en convenio con el \u00c1rea de Acci\u00f3n Social. El concejal del \u00c1rea de Acci\u00f3n Social, Txema Maule\u00f3n, ha destacado que \u201cse consolida un servicio de acompa\u00f1amiento social para el acceso a vivienda de familias, un servicio que no exist\u00eda hasta el a\u00f1o 2024\u201d.<\/p>\n<p>En principio, el programa contar\u00e1 con 20 plazas para familias alojadas en viviendas de emergencia habitacional y otras 10 alojadas en otros recursos transitorios. El acompa\u00f1amiento, que ser\u00e1 voluntario, no tiene una duraci\u00f3n concreta, pero ser\u00e1 de unos 6 meses, prorrogables seg\u00fan se logren objetivos. El proceso incluye la elaboraci\u00f3n de itinerarios personalizados y dise\u00f1ados con diferentes intensidades en funci\u00f3n de las necesidades y mediante la metodolog\u00eda del acompa\u00f1amiento social, para poder obtener la autonom\u00eda necesaria para acceder a una vivienda con car\u00e1cter indefinido.<\/p>\n<p>La intensidad del acompa\u00f1amiento variar\u00e1 en funci\u00f3n de las necesidades de cada familia o persona participante, si bien las sesiones de trabajo prev\u00e9n una periodicidad semanal. El acompa\u00f1amiento tambi\u00e9n fomentar\u00e1 la mejora de autonom\u00eda y autoestima, el empoderamiento, la seguridad subjetiva y otros objetivos que pueda marcar la propia persona usuaria del programa. Se tratar\u00e1 de hacer a la persona protagonista del itinerario que se vaya dise\u00f1ando de forma conjunta con la figura profesional.<\/p>\n<p>Una vez que la familia puede desarrollar una vida independiente en una vivienda normalizada, una nueva familia entra en el programa, para iniciar un nuevo itinerario. La selecci\u00f3n de las personas beneficiarias se realizar\u00e1 en coordinaci\u00f3n con los responsables del programa Etxe Bat\/Un hogar, financiado por Gobierno de Navarra, y con la persona responsable de Infancia, Familia y Mujer, del \u00e1rea de Acci\u00f3n Social. Una vez realizada la selecci\u00f3n, la entidad adjudicataria recibir\u00e1 la informaci\u00f3n oportuna para iniciar con ellos el servicio de acompa\u00f1amiento, que tendr\u00e1 su seguimiento desde la Unidad de Barrio.<\/p>\n","protected":false},"excerpt":{"rendered":"<p>El contrato tiene una vigencia de un a\u00f1o, a partir del 1 de enero de 2025, y contempla dos posibles pr\u00f3rrogas de la misma duraci\u00f3n<\/p>\n","protected":false},"author":1,"featured_media":51205,"comment_status":"open","ping_status":"closed","sticky":false,"template":"","format":"standard","meta":{"footnotes":""},"categories":[2],"tags":[],"class_list":["post-51684","post","type-post","status-publish","format-standard","has-post-thumbnail","hentry","category-ayuntamiento-pamplona"],"yoast_head":"<!-- This site is optimized with the Yoast SEO plugin v27.3 - https:\/\/yoast.com\/product\/yoast-seo-wordpress\/ -->\n<title>Pamplona adjudica el servicio de acompa\u00f1amiento para que hasta 30 familias en situaci\u00f3n de vulnerabilidad puedan acceder a una vivienda estable<\/title>\n<meta name=\"description\" content=\"El contrato tiene una vigencia de un a\u00f1o, a partir del 1 de enero de 2025, y contempla dos posibles pr\u00f3rrogas de la misma duraci\u00f3n\u00a0\" \/>\n<meta name=\"robots\" content=\"index, follow, max-snippet:-1, max-image-preview:large, max-video-preview:-1\" \/>\n<link rel=\"canonical\" href=\"https:\/\/www.laguiadepamplona.com\/actualidad\/pamplona-adjudica-el-servicio-de-acompanamiento-para-que-hasta-30-familias-en-situacion-de-vulnerabilidad-puedan-acceder-a-una-vivienda-estable\/\" \/>\n<meta property=\"og:locale\" content=\"es_ES\" \/>\n<meta property=\"og:type\" content=\"article\" \/>\n<meta property=\"og:title\" content=\"Pamplona adjudica el servicio de acompa\u00f1amiento para que hasta 30 familias en situaci\u00f3n de vulnerabilidad puedan acceder a una vivienda estable\" \/>\n<meta property=\"og:description\" content=\"El contrato tiene una vigencia de un a\u00f1o, a partir del 1 de enero de 2025, y contempla dos posibles pr\u00f3rrogas de la misma duraci\u00f3n\u00a0\" \/>\n<meta property=\"og:url\" content=\"https:\/\/www.laguiadepamplona.com\/actualidad\/pamplona-adjudica-el-servicio-de-acompanamiento-para-que-hasta-30-familias-en-situacion-de-vulnerabilidad-puedan-acceder-a-una-vivienda-estable\/\" \/>\n<meta property=\"og:site_name\" content=\"La Gu\u00eda de Pamplona\" \/>\n<meta property=\"article:publisher\" content=\"https:\/\/www.facebook.com\/laguiadepamplonacom-133175176762273\/?ref=hl\" \/>\n<meta property=\"article:published_time\" content=\"2024-12-18T14:36:28+00:00\" \/>\n<meta property=\"og:image\" content=\"https:\/\/www.laguiadepamplona.com\/actualidad\/wp-content\/uploads\/2024\/11\/vivienda_web_0.webp\" \/>\n\t<meta property=\"og:image:width\" content=\"1000\" \/>\n\t<meta property=\"og:image:height\" content=\"667\" \/>\n\t<meta property=\"og:image:type\" content=\"image\/webp\" \/>\n<meta name=\"author\" content=\"La Gu\u00eda de Pamplona\" \/>\n<meta name=\"twitter:card\" content=\"summary_large_image\" \/>\n<meta name=\"twitter:creator\" content=\"@LaGuiadPamplona\" \/>\n<meta name=\"twitter:site\" content=\"@LaGuiadPamplona\" \/>\n<meta name=\"twitter:label1\" content=\"Escrito por\" \/>\n\t<meta name=\"twitter:data1\" content=\"La Gu\u00eda de Pamplona\" \/>\n\t<meta name=\"twitter:label2\" content=\"Tiempo de lectura\" \/>\n\t<meta name=\"twitter:data2\" content=\"3 minutos\" \/>\n<script type=\"application\/ld+json\" class=\"yoast-schema-graph\">{\"@context\":\"https:\\\/\\\/schema.org\",\"@graph\":[{\"@type\":\"Article\",\"@id\":\"https:\\\/\\\/www.laguiadepamplona.com\\\/actualidad\\\/pamplona-adjudica-el-servicio-de-acompanamiento-para-que-hasta-30-familias-en-situacion-de-vulnerabilidad-puedan-acceder-a-una-vivienda-estable\\\/#article\",\"isPartOf\":{\"@id\":\"https:\\\/\\\/www.laguiadepamplona.com\\\/actualidad\\\/pamplona-adjudica-el-servicio-de-acompanamiento-para-que-hasta-30-familias-en-situacion-de-vulnerabilidad-puedan-acceder-a-una-vivienda-estable\\\/\"},\"author\":{\"name\":\"La Gu\u00eda de Pamplona\",\"@id\":\"https:\\\/\\\/www.laguiadepamplona.com\\\/actualidad\\\/#\\\/schema\\\/person\\\/efe887376f0213d4657c93adc50b1fdb\"},\"headline\":\"Pamplona adjudica el servicio de acompa\u00f1amiento para que hasta 30 familias en situaci\u00f3n de vulnerabilidad puedan acceder a una vivienda estable\",\"datePublished\":\"2024-12-18T14:36:28+00:00\",\"mainEntityOfPage\":{\"@id\":\"https:\\\/\\\/www.laguiadepamplona.com\\\/actualidad\\\/pamplona-adjudica-el-servicio-de-acompanamiento-para-que-hasta-30-familias-en-situacion-de-vulnerabilidad-puedan-acceder-a-una-vivienda-estable\\\/\"},\"wordCount\":536,\"commentCount\":0,\"publisher\":{\"@id\":\"https:\\\/\\\/www.laguiadepamplona.com\\\/actualidad\\\/#organization\"},\"image\":{\"@id\":\"https:\\\/\\\/www.laguiadepamplona.com\\\/actualidad\\\/pamplona-adjudica-el-servicio-de-acompanamiento-para-que-hasta-30-familias-en-situacion-de-vulnerabilidad-puedan-acceder-a-una-vivienda-estable\\\/#primaryimage\"},\"thumbnailUrl\":\"https:\\\/\\\/www.laguiadepamplona.com\\\/actualidad\\\/wp-content\\\/uploads\\\/2024\\\/11\\\/vivienda_web_0.webp\",\"articleSection\":[\"Ayto Pamplona\"],\"inLanguage\":\"es\",\"potentialAction\":[{\"@type\":\"CommentAction\",\"name\":\"Comment\",\"target\":[\"https:\\\/\\\/www.laguiadepamplona.com\\\/actualidad\\\/pamplona-adjudica-el-servicio-de-acompanamiento-para-que-hasta-30-familias-en-situacion-de-vulnerabilidad-puedan-acceder-a-una-vivienda-estable\\\/#respond\"]}]},{\"@type\":\"WebPage\",\"@id\":\"https:\\\/\\\/www.laguiadepamplona.com\\\/actualidad\\\/pamplona-adjudica-el-servicio-de-acompanamiento-para-que-hasta-30-familias-en-situacion-de-vulnerabilidad-puedan-acceder-a-una-vivienda-estable\\\/\",\"url\":\"https:\\\/\\\/www.laguiadepamplona.com\\\/actualidad\\\/pamplona-adjudica-el-servicio-de-acompanamiento-para-que-hasta-30-familias-en-situacion-de-vulnerabilidad-puedan-acceder-a-una-vivienda-estable\\\/\",\"name\":\"Pamplona adjudica el servicio de acompa\u00f1amiento para que hasta 30 familias en situaci\u00f3n de vulnerabilidad puedan acceder a una vivienda estable\",\"isPartOf\":{\"@id\":\"https:\\\/\\\/www.laguiadepamplona.com\\\/actualidad\\\/#website\"},\"primaryImageOfPage\":{\"@id\":\"https:\\\/\\\/www.laguiadepamplona.com\\\/actualidad\\\/pamplona-adjudica-el-servicio-de-acompanamiento-para-que-hasta-30-familias-en-situacion-de-vulnerabilidad-puedan-acceder-a-una-vivienda-estable\\\/#primaryimage\"},\"image\":{\"@id\":\"https:\\\/\\\/www.laguiadepamplona.com\\\/actualidad\\\/pamplona-adjudica-el-servicio-de-acompanamiento-para-que-hasta-30-familias-en-situacion-de-vulnerabilidad-puedan-acceder-a-una-vivienda-estable\\\/#primaryimage\"},\"thumbnailUrl\":\"https:\\\/\\\/www.laguiadepamplona.com\\\/actualidad\\\/wp-content\\\/uploads\\\/2024\\\/11\\\/vivienda_web_0.webp\",\"datePublished\":\"2024-12-18T14:36:28+00:00\",\"description\":\"El contrato tiene una vigencia de un a\u00f1o, a partir del 1 de enero de 2025, y contempla dos posibles pr\u00f3rrogas de la misma duraci\u00f3n\u00a0\",\"breadcrumb\":{\"@id\":\"https:\\\/\\\/www.laguiadepamplona.com\\\/actualidad\\\/pamplona-adjudica-el-servicio-de-acompanamiento-para-que-hasta-30-familias-en-situacion-de-vulnerabilidad-puedan-acceder-a-una-vivienda-estable\\\/#breadcrumb\"},\"inLanguage\":\"es\",\"potentialAction\":[{\"@type\":\"ReadAction\",\"target\":[\"https:\\\/\\\/www.laguiadepamplona.com\\\/actualidad\\\/pamplona-adjudica-el-servicio-de-acompanamiento-para-que-hasta-30-familias-en-situacion-de-vulnerabilidad-puedan-acceder-a-una-vivienda-estable\\\/\"]}]},{\"@type\":\"ImageObject\",\"inLanguage\":\"es\",\"@id\":\"https:\\\/\\\/www.laguiadepamplona.com\\\/actualidad\\\/pamplona-adjudica-el-servicio-de-acompanamiento-para-que-hasta-30-familias-en-situacion-de-vulnerabilidad-puedan-acceder-a-una-vivienda-estable\\\/#primaryimage\",\"url\":\"https:\\\/\\\/www.laguiadepamplona.com\\\/actualidad\\\/wp-content\\\/uploads\\\/2024\\\/11\\\/vivienda_web_0.webp\",\"contentUrl\":\"https:\\\/\\\/www.laguiadepamplona.com\\\/actualidad\\\/wp-content\\\/uploads\\\/2024\\\/11\\\/vivienda_web_0.webp\",\"width\":1000,\"height\":667,\"caption\":\"vivienda web\"},{\"@type\":\"BreadcrumbList\",\"@id\":\"https:\\\/\\\/www.laguiadepamplona.com\\\/actualidad\\\/pamplona-adjudica-el-servicio-de-acompanamiento-para-que-hasta-30-familias-en-situacion-de-vulnerabilidad-puedan-acceder-a-una-vivienda-estable\\\/#breadcrumb\",\"itemListElement\":[{\"@type\":\"ListItem\",\"position\":1,\"name\":\"Portada\",\"item\":\"https:\\\/\\\/www.laguiadepamplona.com\\\/actualidad\\\/\"},{\"@type\":\"ListItem\",\"position\":2,\"name\":\"Pamplona adjudica el servicio de acompa\u00f1amiento para que hasta 30 familias en situaci\u00f3n de vulnerabilidad puedan acceder a una vivienda estable\"}]},{\"@type\":\"WebSite\",\"@id\":\"https:\\\/\\\/www.laguiadepamplona.com\\\/actualidad\\\/#website\",\"url\":\"https:\\\/\\\/www.laguiadepamplona.com\\\/actualidad\\\/\",\"name\":\"La gu\u00eda de Pamplona\",\"description\":\"Noticias de Pamplona\",\"publisher\":{\"@id\":\"https:\\\/\\\/www.laguiadepamplona.com\\\/actualidad\\\/#organization\"},\"potentialAction\":[{\"@type\":\"SearchAction\",\"target\":{\"@type\":\"EntryPoint\",\"urlTemplate\":\"https:\\\/\\\/www.laguiadepamplona.com\\\/actualidad\\\/?s={search_term_string}\"},\"query-input\":{\"@type\":\"PropertyValueSpecification\",\"valueRequired\":true,\"valueName\":\"search_term_string\"}}],\"inLanguage\":\"es\"},{\"@type\":\"Organization\",\"@id\":\"https:\\\/\\\/www.laguiadepamplona.com\\\/actualidad\\\/#organization\",\"name\":\"La Gu\u00eda de Pamplona \\\/ Noticias\",\"url\":\"https:\\\/\\\/www.laguiadepamplona.com\\\/actualidad\\\/\",\"logo\":{\"@type\":\"ImageObject\",\"inLanguage\":\"es\",\"@id\":\"https:\\\/\\\/www.laguiadepamplona.com\\\/actualidad\\\/#\\\/schema\\\/logo\\\/image\\\/\",\"url\":\"https:\\\/\\\/www.laguiadepamplona.com\\\/actualidad\\\/wp-content\\\/uploads\\\/2018\\\/11\\\/logo-laguiadepamplona18-web1.png\",\"contentUrl\":\"https:\\\/\\\/www.laguiadepamplona.com\\\/actualidad\\\/wp-content\\\/uploads\\\/2018\\\/11\\\/logo-laguiadepamplona18-web1.png\",\"width\":600,\"height\":196,\"caption\":\"La Gu\u00eda de Pamplona \\\/ Noticias\"},\"image\":{\"@id\":\"https:\\\/\\\/www.laguiadepamplona.com\\\/actualidad\\\/#\\\/schema\\\/logo\\\/image\\\/\"},\"sameAs\":[\"https:\\\/\\\/www.facebook.com\\\/laguiadepamplonacom-133175176762273\\\/?ref=hl\",\"https:\\\/\\\/x.com\\\/LaGuiadPamplona\",\"https:\\\/\\\/www.instagram.com\\\/la_guia_de_pamplona\\\/\",\"https:\\\/\\\/www.youtube.com\\\/user\\\/laguiadepamplona\"]},{\"@type\":\"Person\",\"@id\":\"https:\\\/\\\/www.laguiadepamplona.com\\\/actualidad\\\/#\\\/schema\\\/person\\\/efe887376f0213d4657c93adc50b1fdb\",\"name\":\"La Gu\u00eda de Pamplona\",\"image\":{\"@type\":\"ImageObject\",\"inLanguage\":\"es\",\"@id\":\"https:\\\/\\\/secure.gravatar.com\\\/avatar\\\/b6992f131dc8d30ab0dff15446e9d346d9dbd95992de0fef795073f5ea83a81c?s=96&d=mm&r=g\",\"url\":\"https:\\\/\\\/secure.gravatar.com\\\/avatar\\\/b6992f131dc8d30ab0dff15446e9d346d9dbd95992de0fef795073f5ea83a81c?s=96&d=mm&r=g\",\"contentUrl\":\"https:\\\/\\\/secure.gravatar.com\\\/avatar\\\/b6992f131dc8d30ab0dff15446e9d346d9dbd95992de0fef795073f5ea83a81c?s=96&d=mm&r=g\",\"caption\":\"La Gu\u00eda de Pamplona\"}}]}<\/script>\n<!-- \/ Yoast SEO plugin. -->","yoast_head_json":{"title":"Pamplona adjudica el servicio de acompa\u00f1amiento para que hasta 30 familias en situaci\u00f3n de vulnerabilidad puedan acceder a una vivienda estable","description":"El contrato tiene una vigencia de un a\u00f1o, a partir del 1 de enero de 2025, y contempla dos posibles pr\u00f3rrogas de la misma duraci\u00f3n\u00a0","robots":{"index":"index","follow":"follow","max-snippet":"max-snippet:-1","max-image-preview":"max-image-preview:large","max-video-preview":"max-video-preview:-1"},"canonical":"https:\/\/www.laguiadepamplona.com\/actualidad\/pamplona-adjudica-el-servicio-de-acompanamiento-para-que-hasta-30-familias-en-situacion-de-vulnerabilidad-puedan-acceder-a-una-vivienda-estable\/","og_locale":"es_ES","og_type":"article","og_title":"Pamplona adjudica el servicio de acompa\u00f1amiento para que hasta 30 familias en situaci\u00f3n de vulnerabilidad puedan acceder a una vivienda estable","og_description":"El contrato tiene una vigencia de un a\u00f1o, a partir del 1 de enero de 2025, y contempla dos posibles pr\u00f3rrogas de la misma duraci\u00f3n\u00a0","og_url":"https:\/\/www.laguiadepamplona.com\/actualidad\/pamplona-adjudica-el-servicio-de-acompanamiento-para-que-hasta-30-familias-en-situacion-de-vulnerabilidad-puedan-acceder-a-una-vivienda-estable\/","og_site_name":"La Gu\u00eda de Pamplona","article_publisher":"https:\/\/www.facebook.com\/laguiadepamplonacom-133175176762273\/?ref=hl","article_published_time":"2024-12-18T14:36:28+00:00","og_image":[{"width":1000,"height":667,"url":"https:\/\/www.laguiadepamplona.com\/actualidad\/wp-content\/uploads\/2024\/11\/vivienda_web_0.webp","type":"image\/webp"}],"author":"La Gu\u00eda de Pamplona","twitter_card":"summary_large_image","twitter_creator":"@LaGuiadPamplona","twitter_site":"@LaGuiadPamplona","twitter_misc":{"Escrito por":"La Gu\u00eda de Pamplona","Tiempo de lectura":"3 minutos"},"schema":{"@context":"https:\/\/schema.org","@graph":[{"@type":"Article","@id":"https:\/\/www.laguiadepamplona.com\/actualidad\/pamplona-adjudica-el-servicio-de-acompanamiento-para-que-hasta-30-familias-en-situacion-de-vulnerabilidad-puedan-acceder-a-una-vivienda-estable\/#article","isPartOf":{"@id":"https:\/\/www.laguiadepamplona.com\/actualidad\/pamplona-adjudica-el-servicio-de-acompanamiento-para-que-hasta-30-familias-en-situacion-de-vulnerabilidad-puedan-acceder-a-una-vivienda-estable\/"},"author":{"name":"La Gu\u00eda de Pamplona","@id":"https:\/\/www.laguiadepamplona.com\/actualidad\/#\/schema\/person\/efe887376f0213d4657c93adc50b1fdb"},"headline":"Pamplona adjudica el servicio de acompa\u00f1amiento para que hasta 30 familias en situaci\u00f3n de vulnerabilidad puedan acceder a una vivienda estable","datePublished":"2024-12-18T14:36:28+00:00","mainEntityOfPage":{"@id":"https:\/\/www.laguiadepamplona.com\/actualidad\/pamplona-adjudica-el-servicio-de-acompanamiento-para-que-hasta-30-familias-en-situacion-de-vulnerabilidad-puedan-acceder-a-una-vivienda-estable\/"},"wordCount":536,"commentCount":0,"publisher":{"@id":"https:\/\/www.laguiadepamplona.com\/actualidad\/#organization"},"image":{"@id":"https:\/\/www.laguiadepamplona.com\/actualidad\/pamplona-adjudica-el-servicio-de-acompanamiento-para-que-hasta-30-familias-en-situacion-de-vulnerabilidad-puedan-acceder-a-una-vivienda-estable\/#primaryimage"},"thumbnailUrl":"https:\/\/www.laguiadepamplona.com\/actualidad\/wp-content\/uploads\/2024\/11\/vivienda_web_0.webp","articleSection":["Ayto Pamplona"],"inLanguage":"es","potentialAction":[{"@type":"CommentAction","name":"Comment","target":["https:\/\/www.laguiadepamplona.com\/actualidad\/pamplona-adjudica-el-servicio-de-acompanamiento-para-que-hasta-30-familias-en-situacion-de-vulnerabilidad-puedan-acceder-a-una-vivienda-estable\/#respond"]}]},{"@type":"WebPage","@id":"https:\/\/www.laguiadepamplona.com\/actualidad\/pamplona-adjudica-el-servicio-de-acompanamiento-para-que-hasta-30-familias-en-situacion-de-vulnerabilidad-puedan-acceder-a-una-vivienda-estable\/","url":"https:\/\/www.laguiadepamplona.com\/actualidad\/pamplona-adjudica-el-servicio-de-acompanamiento-para-que-hasta-30-familias-en-situacion-de-vulnerabilidad-puedan-acceder-a-una-vivienda-estable\/","name":"Pamplona adjudica el servicio de acompa\u00f1amiento para que hasta 30 familias en situaci\u00f3n de vulnerabilidad puedan acceder a una vivienda estable","isPartOf":{"@id":"https:\/\/www.laguiadepamplona.com\/actualidad\/#website"},"primaryImageOfPage":{"@id":"https:\/\/www.laguiadepamplona.com\/actualidad\/pamplona-adjudica-el-servicio-de-acompanamiento-para-que-hasta-30-familias-en-situacion-de-vulnerabilidad-puedan-acceder-a-una-vivienda-estable\/#primaryimage"},"image":{"@id":"https:\/\/www.laguiadepamplona.com\/actualidad\/pamplona-adjudica-el-servicio-de-acompanamiento-para-que-hasta-30-familias-en-situacion-de-vulnerabilidad-puedan-acceder-a-una-vivienda-estable\/#primaryimage"},"thumbnailUrl":"https:\/\/www.laguiadepamplona.com\/actualidad\/wp-content\/uploads\/2024\/11\/vivienda_web_0.webp","datePublished":"2024-12-18T14:36:28+00:00","description":"El contrato tiene una vigencia de un a\u00f1o, a partir del 1 de enero de 2025, y contempla dos posibles pr\u00f3rrogas de la misma duraci\u00f3n\u00a0","breadcrumb":{"@id":"https:\/\/www.laguiadepamplona.com\/actualidad\/pamplona-adjudica-el-servicio-de-acompanamiento-para-que-hasta-30-familias-en-situacion-de-vulnerabilidad-puedan-acceder-a-una-vivienda-estable\/#breadcrumb"},"inLanguage":"es","potentialAction":[{"@type":"ReadAction","target":["https:\/\/www.laguiadepamplona.com\/actualidad\/pamplona-adjudica-el-servicio-de-acompanamiento-para-que-hasta-30-familias-en-situacion-de-vulnerabilidad-puedan-acceder-a-una-vivienda-estable\/"]}]},{"@type":"ImageObject","inLanguage":"es","@id":"https:\/\/www.laguiadepamplona.com\/actualidad\/pamplona-adjudica-el-servicio-de-acompanamiento-para-que-hasta-30-familias-en-situacion-de-vulnerabilidad-puedan-acceder-a-una-vivienda-estable\/#primaryimage","url":"https:\/\/www.laguiadepamplona.com\/actualidad\/wp-content\/uploads\/2024\/11\/vivienda_web_0.webp","contentUrl":"https:\/\/www.laguiadepamplona.com\/actualidad\/wp-content\/uploads\/2024\/11\/vivienda_web_0.webp","width":1000,"height":667,"caption":"vivienda web"},{"@type":"BreadcrumbList","@id":"https:\/\/www.laguiadepamplona.com\/actualidad\/pamplona-adjudica-el-servicio-de-acompanamiento-para-que-hasta-30-familias-en-situacion-de-vulnerabilidad-puedan-acceder-a-una-vivienda-estable\/#breadcrumb","itemListElement":[{"@type":"ListItem","position":1,"name":"Portada","item":"https:\/\/www.laguiadepamplona.com\/actualidad\/"},{"@type":"ListItem","position":2,"name":"Pamplona adjudica el servicio de acompa\u00f1amiento para que hasta 30 familias en situaci\u00f3n de vulnerabilidad puedan acceder a una vivienda estable"}]},{"@type":"WebSite","@id":"https:\/\/www.laguiadepamplona.com\/actualidad\/#website","url":"https:\/\/www.laguiadepamplona.com\/actualidad\/","name":"La gu\u00eda de Pamplona","description":"Noticias de Pamplona","publisher":{"@id":"https:\/\/www.laguiadepamplona.com\/actualidad\/#organization"},"potentialAction":[{"@type":"SearchAction","target":{"@type":"EntryPoint","urlTemplate":"https:\/\/www.laguiadepamplona.com\/actualidad\/?s={search_term_string}"},"query-input":{"@type":"PropertyValueSpecification","valueRequired":true,"valueName":"search_term_string"}}],"inLanguage":"es"},{"@type":"Organization","@id":"https:\/\/www.laguiadepamplona.com\/actualidad\/#organization","name":"La Gu\u00eda de Pamplona \/ Noticias","url":"https:\/\/www.laguiadepamplona.com\/actualidad\/","logo":{"@type":"ImageObject","inLanguage":"es","@id":"https:\/\/www.laguiadepamplona.com\/actualidad\/#\/schema\/logo\/image\/","url":"https:\/\/www.laguiadepamplona.com\/actualidad\/wp-content\/uploads\/2018\/11\/logo-laguiadepamplona18-web1.png","contentUrl":"https:\/\/www.laguiadepamplona.com\/actualidad\/wp-content\/uploads\/2018\/11\/logo-laguiadepamplona18-web1.png","width":600,"height":196,"caption":"La Gu\u00eda de Pamplona \/ Noticias"},"image":{"@id":"https:\/\/www.laguiadepamplona.com\/actualidad\/#\/schema\/logo\/image\/"},"sameAs":["https:\/\/www.facebook.com\/laguiadepamplonacom-133175176762273\/?ref=hl","https:\/\/x.com\/LaGuiadPamplona","https:\/\/www.instagram.com\/la_guia_de_pamplona\/","https:\/\/www.youtube.com\/user\/laguiadepamplona"]},{"@type":"Person","@id":"https:\/\/www.laguiadepamplona.com\/actualidad\/#\/schema\/person\/efe887376f0213d4657c93adc50b1fdb","name":"La Gu\u00eda de Pamplona","image":{"@type":"ImageObject","inLanguage":"es","@id":"https:\/\/secure.gravatar.com\/avatar\/b6992f131dc8d30ab0dff15446e9d346d9dbd95992de0fef795073f5ea83a81c?s=96&d=mm&r=g","url":"https:\/\/secure.gravatar.com\/avatar\/b6992f131dc8d30ab0dff15446e9d346d9dbd95992de0fef795073f5ea83a81c?s=96&d=mm&r=g","contentUrl":"https:\/\/secure.gravatar.com\/avatar\/b6992f131dc8d30ab0dff15446e9d346d9dbd95992de0fef795073f5ea83a81c?s=96&d=mm&r=g","caption":"La Gu\u00eda de Pamplona"}}]}},"post_mailing_queue_ids":[],"_links":{"self":[{"href":"https:\/\/www.laguiadepamplona.com\/actualidad\/wp-json\/wp\/v2\/posts\/51684","targetHints":{"allow":["GET"]}}],"collection":[{"href":"https:\/\/www.laguiadepamplona.com\/actualidad\/wp-json\/wp\/v2\/posts"}],"about":[{"href":"https:\/\/www.laguiadepamplona.com\/actualidad\/wp-json\/wp\/v2\/types\/post"}],"author":[{"embeddable":true,"href":"https:\/\/www.laguiadepamplona.com\/actualidad\/wp-json\/wp\/v2\/users\/1"}],"replies":[{"embeddable":true,"href":"https:\/\/www.laguiadepamplona.com\/actualidad\/wp-json\/wp\/v2\/comments?post=51684"}],"version-history":[{"count":1,"href":"https:\/\/www.laguiadepamplona.com\/actualidad\/wp-json\/wp\/v2\/posts\/51684\/revisions"}],"predecessor-version":[{"id":51685,"href":"https:\/\/www.laguiadepamplona.com\/actualidad\/wp-json\/wp\/v2\/posts\/51684\/revisions\/51685"}],"wp:featuredmedia":[{"embeddable":true,"href":"https:\/\/www.laguiadepamplona.com\/actualidad\/wp-json\/wp\/v2\/media\/51205"}],"wp:attachment":[{"href":"https:\/\/www.laguiadepamplona.com\/actualidad\/wp-json\/wp\/v2\/media?parent=51684"}],"wp:term":[{"taxonomy":"category","embeddable":true,"href":"https:\/\/www.laguiadepamplona.com\/actualidad\/wp-json\/wp\/v2\/categories?post=51684"},{"taxonomy":"post_tag","embeddable":true,"href":"https:\/\/www.laguiadepamplona.com\/actualidad\/wp-json\/wp\/v2\/tags?post=51684"}],"curies":[{"name":"wp","href":"https:\/\/api.w.org\/{rel}","templated":true}]}}