{"id":51678,"date":"2024-12-18T16:33:44","date_gmt":"2024-12-18T14:33:44","guid":{"rendered":"https:\/\/www.laguiadepamplona.com\/actualidad\/?p=51678"},"modified":"2024-12-18T16:33:44","modified_gmt":"2024-12-18T14:33:44","slug":"la-ciudadela-acoge-estas-fiestas-de-navidad-una-nueva-edicion-del-festival-otras-luces-con-proyecciones-instalaciones-artisticas-y-talleres-infantiles-y-familiares","status":"publish","type":"post","link":"https:\/\/www.laguiadepamplona.com\/actualidad\/la-ciudadela-acoge-estas-fiestas-de-navidad-una-nueva-edicion-del-festival-otras-luces-con-proyecciones-instalaciones-artisticas-y-talleres-infantiles-y-familiares\/","title":{"rendered":"La Ciudadela acoge estas fiestas de Navidad una nueva edici\u00f3n del festival \u2018Otras luces\u2019, con proyecciones, instalaciones art\u00edsticas y talleres infantiles y familiares"},"content":{"rendered":"<h2>La programaci\u00f3n se prolongar\u00e1 desde este viernes, d\u00eda 20, hasta el 6 de enero<\/h2>\n<p><!--more--><\/p>\n<p>Aprovechando la ca\u00edda del sol y la oscuridad de la noche, la Ciudadela se convierte un a\u00f1o m\u00e1s en el escenario del festival \u2018Otras luces\u2019, una propuesta art\u00edstica del Ayuntamiento de Pamplona que juega con la luz, el color y el movimiento, en un entorno como el recinto amurallado de la ciudad durante las fiestas de Navidad. Esta novena edici\u00f3n del festival arrancar\u00e1 este s\u00e1bado, d\u00eda 20 y se prolongar\u00e1 hasta el 6 de enero. Dirigido a todos los p\u00fablicos y de entrada libre, ofrece proyecciones de videoarte e instalaciones interactivas todas las tardes, desde las 17.30 hasta las 20.30 horas. Adem\u00e1s, se han programado talleres de creaci\u00f3n art\u00edstica infantiles y familiares, en horario de ma\u00f1ana y tarde, para los que es necesario inscribirse a trav\u00e9s del tel\u00e9fono de atenci\u00f3n municipal 010 (948420100).<\/p>\n<p>En esta edici\u00f3n, espacios como el t\u00fanel de entrada a la ciudadela desde la avenida del Ej\u00e9rcito, el t\u00fanel de la puerta del Socorro y la caserna 8 ser\u00e1n los lienzos donde se ubicar\u00e1n las tres instalaciones interactivas dise\u00f1adas por Ferm\u00edn Izko &amp; Logela Multimedia, en el caso de la caserna, y el colectivo La Portera \u2013 Atezaina, para las dos otras ubicaciones. Con t\u00edtulos tan sugerentes como \u2018\u00bfHay alguien ah\u00ed?\u2019, \u2018Lurra\u2019 y \u2018Sino\u2019, estos lugares albergar\u00e1n una exposici\u00f3n audiovisual, un tr\u00edptico con lienzos luminosos y unos hilos brillantes que cosen puntos de fuga camino de un destino.<\/p>\n<p>Al margen de estos lugares de entrada a la Ciudadela, se crear\u00e1n en el recinto ocho puntos de referencia donde se proyectar\u00e1n distintas obras de videoarte. Cuatro de ellas forman parte de la selecci\u00f3n cinematogr\u00e1fica del festival Zinetika y otras cuatro son obras procedentes de la Colecci\u00f3n de Arte Contempor\u00e1neo del Ayuntamiento de Pamplona. Se proyectar\u00e1n en la pared exterior lateral del Horno, en la pared exterior trasera del Pabell\u00f3n de Mixtos, en el baluarte de Santiago, en el exterior de la Sala Lidia Biurrun, en el baluarte Real, en la pared exterior trasera del Polvor\u00edn, en la muralla de la avenida del Ej\u00e9rcito (por el interior de la Ciudadela) y en la hilera de pinos que se encuentran en el recinto amurallado. A partir de las 17.30 y hasta las 20.30 horas, todos los d\u00edas se podr\u00e1 disfrutar de las distintas obras de videoarte, que van desde un minuto de duraci\u00f3n hasta los doce minutos. Cada obra tiene su espacio y en \u00e9l se proyectar\u00e1n de forma continuada.<\/p>\n<p>Procedentes del festival Zinetika, llegan a Pamplona las obras \u2018Su misura\u2019, de los artistas italianos Alessandra Elettra Badoino, Marina Giardina, Fabio Poggi y Marco Longo. Tambi\u00e9n, \u2018Where the spiders live\u2019, del ingl\u00e9s Holger Mohaupt; \u2018Jump\u2019, de los daneses Jan Vesala y Taneli T\u00f6rm\u00e4; y \u2018I am my mother\u2019, del artista iran\u00ed Mohamad Abbasi. Por su parte, el Ayuntamiento de Pamplona ha cedido de su Colecci\u00f3n de Arte Contempor\u00e1neo las obras \u2018Todo es imposible 198\u2019, del pamplon\u00e9s Ferm\u00edn Jim\u00e9nez; \u2018Me and my parents playing the ball\u2019, de la pamplonesa Elba Mart\u00ednez; \u2018Journal\u2019, de la b\u00falgara Mariana Vassileva; y \u2018Banlieue du vide\u2019, del alem\u00e1n Thomas K\u00f6ner.<\/p>\n<p><strong>Talleres art\u00edsticos para toda la familia<\/strong><\/p>\n<p>M\u00e1s all\u00e1 de las proyecciones nocturnas, el festival \u2018Otras luces\u2019 ha organizado una serie de talleres art\u00edsticos para ni\u00f1os, ni\u00f1as y familias, en torno a las propuestas expositivas que ofrece la Ciudadela durante las fiestas de Navidad. De hecho, los talleres engloban las tres exposiciones abiertas en este espacio: \u2018La levedad de lo imaginado\u2019, de Carmen Salgado Amado, que puede visitarse en el Polvor\u00edn; \u2018Regalar es derretir\u2019, ubicada en la Sala de Armas; y la exposici\u00f3n de Tea en la azotea, que se inaugurar\u00e1 esta semana en el Horno.<\/p>\n<p>Los talleres infantiles est\u00e1n dirigidos a ni\u00f1os y ni\u00f1as de entre 5 y 12 a\u00f1os y tendr\u00e1n un coste de 3 euros por persona. Es necesario inscribirse previamente en el tel\u00e9fono de atenci\u00f3n ciudadana 010 (948420100). La artista Carmen Salgado llevar\u00e1 a cabo los talleres relacionados con su exposici\u00f3n los d\u00edas 26, 27 y 28 de diciembre, en horario de 11.30 a 13.00. Para ello se organizar\u00e1n grupos de 15 participantes como m\u00e1ximo. Por su parte, los talleres en torno a la exposici\u00f3n \u2018Regalar es derretir\u2019 correr\u00e1n a cargo de La Chincheta Bruna y se celebrar\u00e1n los d\u00edas 2, 3 y 4 de enero, en horario de 11.30 a 13.00. En ambos casos, se organizar\u00e1n grupos de 15 participantes como m\u00e1ximo<\/p>\n<p>Por su parte, los talleres familiares de las tardes se desarrollar\u00e1n en la Sala de Armas los d\u00edas 26, 27 de diciembre y los d\u00edas 2 y 3 de enero, en horario de 17.30 a 19.30, y con una participaci\u00f3n m\u00e1xima de 40 participantes. Las ni\u00f1as y ni\u00f1os que asistan deber\u00e1n permanecer en compa\u00f1\u00eda de una persona adulta. Coordinados por La Chincheta Bruna ser\u00e1n desarrolladas por las artistas Gabriela Barrio, Carmen Salgado, Teresa Sabat\u00e9, Virginia Santos, Blanca Razquin, Alicia Otaegui y Marijose Recalde. Cada d\u00eda se pondr\u00e1n en funcionamiento cuatro espacios de trabajo con una artista en cada uno de ellos. En este caso, la inscripci\u00f3n tendr\u00e1 un coste de 4 euros y deber\u00e1 realizarse previamente a trav\u00e9s del tel\u00e9fono de atenci\u00f3n ciudadana 010 (948420100).<\/p>\n<p>&nbsp;<\/p>\n<h3>\u2018Otras Luces\u2019 en la Ciudadela<\/h3>\n<ul>\n<li><strong>Fechas<\/strong>: del 20 de diciembre al 6 de enero<\/li>\n<li><strong>Horario<\/strong>: de 17.30 a 20.30 horas<\/li>\n<li><strong> Ubicaciones<\/strong>\n<ul>\n<li>T\u00fanel de entrada desde la avenida del Ej\u00e9rcito: \u2018<em>\u00bfHay alguien ah\u00ed?\u2019\u00a0 <\/em><\/li>\n<li>T\u00fanel de la Puerta del Socorro: \u2018<em>Sino\u2019 <\/em><\/li>\n<li>Caserna 8: \u2018<em>Lurra\u2019<\/em><\/li>\n<\/ul>\n<\/li>\n<li><strong> Ubicaciones<\/strong>\n<ul>\n<li>Horno (pared exterior lateral): \u2018<em>Todo es imposible 198.<\/em> (2008)\u2019<\/li>\n<li>Pabell\u00f3n de Mixtos (pared exterior trasera): \u2018<em>Su Misura<\/em> (2014)\u2019<\/li>\n<li>Baluarte de Santiago: \u2018<em>Where the spiders live<\/em> (2021)\u2019<\/li>\n<li>Sala Lidia Biurrun: \u2018<em>JUMP (2015)\u2019<\/em><\/li>\n<li>Baluarte Real: <em>\u2018I am my mother<\/em> (2008)\u2019<\/li>\n<li>Polvor\u00edn: \u2018<em>Me and my parents playing with the ball<\/em> (2013)\u2019<\/li>\n<li>Trasera avenida del Ej\u00e9rcito: \u2018<em>Journal<\/em> (2002)\u2019<\/li>\n<li>Pinos en direcci\u00f3n al Polvor\u00edn: \u2018<em>Banlieue du vide<\/em> (2003)\u2019<\/li>\n<\/ul>\n<\/li>\n<li><strong>Talleres creativos infantiles y familiares<\/strong>\n<ul>\n<li><strong>Ubicaci\u00f3n: <\/strong>Sala de Armas de la Ciudadela<\/li>\n<li><strong>Fechas<\/strong>: del 26 al 28 de diciembre y del 2 al 4 de enero<\/li>\n<li><strong>Horarios<\/strong>: de 11.30 a 13 y de 17.30 a 19.30 horas<\/li>\n<li><strong>Tem\u00e1tica<\/strong>: los talleres se desarrollan en torno a las exposiciones de las artistas Carmen Salgado (Polvor\u00edn) y Gabriela Barrio (Horno).<\/li>\n<li><strong>Inscripciones<\/strong>: en el 010 (948420100)<\/li>\n<li><strong>Coste<\/strong>: 3 euros por persona los talleres infantiles y 4 euros por persona los familiares.<\/li>\n<\/ul>\n<\/li>\n<\/ul>\n","protected":false},"excerpt":{"rendered":"<p>La programaci\u00f3n se prolongar\u00e1 desde este viernes, d\u00eda 20, hasta el 6 de enero<\/p>\n","protected":false},"author":1,"featured_media":51679,"comment_status":"open","ping_status":"closed","sticky":false,"template":"","format":"standard","meta":{"footnotes":""},"categories":[2],"tags":[],"class_list":["post-51678","post","type-post","status-publish","format-standard","has-post-thumbnail","hentry","category-ayuntamiento-pamplona"],"yoast_head":"<!-- This site is optimized with the Yoast SEO plugin v27.5 - https:\/\/yoast.com\/product\/yoast-seo-wordpress\/ -->\n<title>La Ciudadela acoge estas fiestas de Navidad una nueva edici\u00f3n del festival \u2018Otras luces\u2019, con proyecciones, instalaciones art\u00edsticas y talleres infantiles y familiares<\/title>\n<meta name=\"description\" content=\"La programaci\u00f3n se prolongar\u00e1 desde este viernes, d\u00eda 20, hasta el 6 de enero\" \/>\n<meta name=\"robots\" content=\"index, follow, max-snippet:-1, max-image-preview:large, max-video-preview:-1\" \/>\n<link rel=\"canonical\" href=\"https:\/\/www.laguiadepamplona.com\/actualidad\/la-ciudadela-acoge-estas-fiestas-de-navidad-una-nueva-edicion-del-festival-otras-luces-con-proyecciones-instalaciones-artisticas-y-talleres-infantiles-y-familiares\/\" \/>\n<meta property=\"og:locale\" content=\"es_ES\" \/>\n<meta property=\"og:type\" content=\"article\" \/>\n<meta property=\"og:title\" content=\"La Ciudadela acoge estas fiestas de Navidad una nueva edici\u00f3n del festival \u2018Otras luces\u2019, con proyecciones, instalaciones art\u00edsticas y talleres infantiles y familiares\" \/>\n<meta property=\"og:description\" content=\"La programaci\u00f3n se prolongar\u00e1 desde este viernes, d\u00eda 20, hasta el 6 de enero\" \/>\n<meta property=\"og:url\" content=\"https:\/\/www.laguiadepamplona.com\/actualidad\/la-ciudadela-acoge-estas-fiestas-de-navidad-una-nueva-edicion-del-festival-otras-luces-con-proyecciones-instalaciones-artisticas-y-talleres-infantiles-y-familiares\/\" \/>\n<meta property=\"og:site_name\" content=\"La Gu\u00eda de Pamplona\" \/>\n<meta property=\"article:publisher\" content=\"https:\/\/www.facebook.com\/laguiadepamplonacom-133175176762273\/?ref=hl\" \/>\n<meta property=\"article:published_time\" content=\"2024-12-18T14:33:44+00:00\" \/>\n<meta property=\"og:image\" content=\"https:\/\/www.laguiadepamplona.com\/actualidad\/wp-content\/uploads\/2024\/12\/Otras-luces_web.webp\" \/>\n\t<meta property=\"og:image:width\" content=\"1000\" \/>\n\t<meta property=\"og:image:height\" content=\"552\" \/>\n\t<meta property=\"og:image:type\" content=\"image\/webp\" \/>\n<meta name=\"author\" content=\"La Gu\u00eda de Pamplona\" \/>\n<meta name=\"twitter:card\" content=\"summary_large_image\" \/>\n<meta name=\"twitter:creator\" content=\"@LaGuiadPamplona\" \/>\n<meta name=\"twitter:site\" content=\"@LaGuiadPamplona\" \/>\n<meta name=\"twitter:label1\" content=\"Escrito por\" \/>\n\t<meta name=\"twitter:data1\" content=\"La Gu\u00eda de Pamplona\" \/>\n\t<meta name=\"twitter:label2\" content=\"Tiempo de lectura\" \/>\n\t<meta name=\"twitter:data2\" content=\"5 minutos\" \/>\n<script type=\"application\/ld+json\" class=\"yoast-schema-graph\">{\"@context\":\"https:\\\/\\\/schema.org\",\"@graph\":[{\"@type\":\"Article\",\"@id\":\"https:\\\/\\\/www.laguiadepamplona.com\\\/actualidad\\\/la-ciudadela-acoge-estas-fiestas-de-navidad-una-nueva-edicion-del-festival-otras-luces-con-proyecciones-instalaciones-artisticas-y-talleres-infantiles-y-familiares\\\/#article\",\"isPartOf\":{\"@id\":\"https:\\\/\\\/www.laguiadepamplona.com\\\/actualidad\\\/la-ciudadela-acoge-estas-fiestas-de-navidad-una-nueva-edicion-del-festival-otras-luces-con-proyecciones-instalaciones-artisticas-y-talleres-infantiles-y-familiares\\\/\"},\"author\":{\"name\":\"La Gu\u00eda de Pamplona\",\"@id\":\"https:\\\/\\\/www.laguiadepamplona.com\\\/actualidad\\\/#\\\/schema\\\/person\\\/efe887376f0213d4657c93adc50b1fdb\"},\"headline\":\"La Ciudadela acoge estas fiestas de Navidad una nueva edici\u00f3n del festival \u2018Otras luces\u2019, con proyecciones, instalaciones art\u00edsticas y talleres infantiles y familiares\",\"datePublished\":\"2024-12-18T14:33:44+00:00\",\"mainEntityOfPage\":{\"@id\":\"https:\\\/\\\/www.laguiadepamplona.com\\\/actualidad\\\/la-ciudadela-acoge-estas-fiestas-de-navidad-una-nueva-edicion-del-festival-otras-luces-con-proyecciones-instalaciones-artisticas-y-talleres-infantiles-y-familiares\\\/\"},\"wordCount\":1107,\"commentCount\":0,\"publisher\":{\"@id\":\"https:\\\/\\\/www.laguiadepamplona.com\\\/actualidad\\\/#organization\"},\"image\":{\"@id\":\"https:\\\/\\\/www.laguiadepamplona.com\\\/actualidad\\\/la-ciudadela-acoge-estas-fiestas-de-navidad-una-nueva-edicion-del-festival-otras-luces-con-proyecciones-instalaciones-artisticas-y-talleres-infantiles-y-familiares\\\/#primaryimage\"},\"thumbnailUrl\":\"https:\\\/\\\/www.laguiadepamplona.com\\\/actualidad\\\/wp-content\\\/uploads\\\/2024\\\/12\\\/Otras-luces_web.webp\",\"articleSection\":[\"Ayto Pamplona\"],\"inLanguage\":\"es\",\"potentialAction\":[{\"@type\":\"CommentAction\",\"name\":\"Comment\",\"target\":[\"https:\\\/\\\/www.laguiadepamplona.com\\\/actualidad\\\/la-ciudadela-acoge-estas-fiestas-de-navidad-una-nueva-edicion-del-festival-otras-luces-con-proyecciones-instalaciones-artisticas-y-talleres-infantiles-y-familiares\\\/#respond\"]}]},{\"@type\":\"WebPage\",\"@id\":\"https:\\\/\\\/www.laguiadepamplona.com\\\/actualidad\\\/la-ciudadela-acoge-estas-fiestas-de-navidad-una-nueva-edicion-del-festival-otras-luces-con-proyecciones-instalaciones-artisticas-y-talleres-infantiles-y-familiares\\\/\",\"url\":\"https:\\\/\\\/www.laguiadepamplona.com\\\/actualidad\\\/la-ciudadela-acoge-estas-fiestas-de-navidad-una-nueva-edicion-del-festival-otras-luces-con-proyecciones-instalaciones-artisticas-y-talleres-infantiles-y-familiares\\\/\",\"name\":\"La Ciudadela acoge estas fiestas de Navidad una nueva edici\u00f3n del festival \u2018Otras luces\u2019, con proyecciones, instalaciones art\u00edsticas y talleres infantiles y familiares\",\"isPartOf\":{\"@id\":\"https:\\\/\\\/www.laguiadepamplona.com\\\/actualidad\\\/#website\"},\"primaryImageOfPage\":{\"@id\":\"https:\\\/\\\/www.laguiadepamplona.com\\\/actualidad\\\/la-ciudadela-acoge-estas-fiestas-de-navidad-una-nueva-edicion-del-festival-otras-luces-con-proyecciones-instalaciones-artisticas-y-talleres-infantiles-y-familiares\\\/#primaryimage\"},\"image\":{\"@id\":\"https:\\\/\\\/www.laguiadepamplona.com\\\/actualidad\\\/la-ciudadela-acoge-estas-fiestas-de-navidad-una-nueva-edicion-del-festival-otras-luces-con-proyecciones-instalaciones-artisticas-y-talleres-infantiles-y-familiares\\\/#primaryimage\"},\"thumbnailUrl\":\"https:\\\/\\\/www.laguiadepamplona.com\\\/actualidad\\\/wp-content\\\/uploads\\\/2024\\\/12\\\/Otras-luces_web.webp\",\"datePublished\":\"2024-12-18T14:33:44+00:00\",\"description\":\"La programaci\u00f3n se prolongar\u00e1 desde este viernes, d\u00eda 20, hasta el 6 de enero\",\"breadcrumb\":{\"@id\":\"https:\\\/\\\/www.laguiadepamplona.com\\\/actualidad\\\/la-ciudadela-acoge-estas-fiestas-de-navidad-una-nueva-edicion-del-festival-otras-luces-con-proyecciones-instalaciones-artisticas-y-talleres-infantiles-y-familiares\\\/#breadcrumb\"},\"inLanguage\":\"es\",\"potentialAction\":[{\"@type\":\"ReadAction\",\"target\":[\"https:\\\/\\\/www.laguiadepamplona.com\\\/actualidad\\\/la-ciudadela-acoge-estas-fiestas-de-navidad-una-nueva-edicion-del-festival-otras-luces-con-proyecciones-instalaciones-artisticas-y-talleres-infantiles-y-familiares\\\/\"]}]},{\"@type\":\"ImageObject\",\"inLanguage\":\"es\",\"@id\":\"https:\\\/\\\/www.laguiadepamplona.com\\\/actualidad\\\/la-ciudadela-acoge-estas-fiestas-de-navidad-una-nueva-edicion-del-festival-otras-luces-con-proyecciones-instalaciones-artisticas-y-talleres-infantiles-y-familiares\\\/#primaryimage\",\"url\":\"https:\\\/\\\/www.laguiadepamplona.com\\\/actualidad\\\/wp-content\\\/uploads\\\/2024\\\/12\\\/Otras-luces_web.webp\",\"contentUrl\":\"https:\\\/\\\/www.laguiadepamplona.com\\\/actualidad\\\/wp-content\\\/uploads\\\/2024\\\/12\\\/Otras-luces_web.webp\",\"width\":1000,\"height\":552,\"caption\":\"otras luces\"},{\"@type\":\"BreadcrumbList\",\"@id\":\"https:\\\/\\\/www.laguiadepamplona.com\\\/actualidad\\\/la-ciudadela-acoge-estas-fiestas-de-navidad-una-nueva-edicion-del-festival-otras-luces-con-proyecciones-instalaciones-artisticas-y-talleres-infantiles-y-familiares\\\/#breadcrumb\",\"itemListElement\":[{\"@type\":\"ListItem\",\"position\":1,\"name\":\"Portada\",\"item\":\"https:\\\/\\\/www.laguiadepamplona.com\\\/actualidad\\\/\"},{\"@type\":\"ListItem\",\"position\":2,\"name\":\"La Ciudadela acoge estas fiestas de Navidad una nueva edici\u00f3n del festival \u2018Otras luces\u2019, con proyecciones, instalaciones art\u00edsticas y talleres infantiles y familiares\"}]},{\"@type\":\"WebSite\",\"@id\":\"https:\\\/\\\/www.laguiadepamplona.com\\\/actualidad\\\/#website\",\"url\":\"https:\\\/\\\/www.laguiadepamplona.com\\\/actualidad\\\/\",\"name\":\"La gu\u00eda de Pamplona\",\"description\":\"Noticias de Pamplona\",\"publisher\":{\"@id\":\"https:\\\/\\\/www.laguiadepamplona.com\\\/actualidad\\\/#organization\"},\"potentialAction\":[{\"@type\":\"SearchAction\",\"target\":{\"@type\":\"EntryPoint\",\"urlTemplate\":\"https:\\\/\\\/www.laguiadepamplona.com\\\/actualidad\\\/?s={search_term_string}\"},\"query-input\":{\"@type\":\"PropertyValueSpecification\",\"valueRequired\":true,\"valueName\":\"search_term_string\"}}],\"inLanguage\":\"es\"},{\"@type\":\"Organization\",\"@id\":\"https:\\\/\\\/www.laguiadepamplona.com\\\/actualidad\\\/#organization\",\"name\":\"La Gu\u00eda de Pamplona \\\/ Noticias\",\"url\":\"https:\\\/\\\/www.laguiadepamplona.com\\\/actualidad\\\/\",\"logo\":{\"@type\":\"ImageObject\",\"inLanguage\":\"es\",\"@id\":\"https:\\\/\\\/www.laguiadepamplona.com\\\/actualidad\\\/#\\\/schema\\\/logo\\\/image\\\/\",\"url\":\"https:\\\/\\\/www.laguiadepamplona.com\\\/actualidad\\\/wp-content\\\/uploads\\\/2018\\\/11\\\/logo-laguiadepamplona18-web1.png\",\"contentUrl\":\"https:\\\/\\\/www.laguiadepamplona.com\\\/actualidad\\\/wp-content\\\/uploads\\\/2018\\\/11\\\/logo-laguiadepamplona18-web1.png\",\"width\":600,\"height\":196,\"caption\":\"La Gu\u00eda de Pamplona \\\/ Noticias\"},\"image\":{\"@id\":\"https:\\\/\\\/www.laguiadepamplona.com\\\/actualidad\\\/#\\\/schema\\\/logo\\\/image\\\/\"},\"sameAs\":[\"https:\\\/\\\/www.facebook.com\\\/laguiadepamplonacom-133175176762273\\\/?ref=hl\",\"https:\\\/\\\/x.com\\\/LaGuiadPamplona\",\"https:\\\/\\\/www.instagram.com\\\/la_guia_de_pamplona\\\/\",\"https:\\\/\\\/www.youtube.com\\\/user\\\/laguiadepamplona\"]},{\"@type\":\"Person\",\"@id\":\"https:\\\/\\\/www.laguiadepamplona.com\\\/actualidad\\\/#\\\/schema\\\/person\\\/efe887376f0213d4657c93adc50b1fdb\",\"name\":\"La Gu\u00eda de Pamplona\",\"image\":{\"@type\":\"ImageObject\",\"inLanguage\":\"es\",\"@id\":\"https:\\\/\\\/secure.gravatar.com\\\/avatar\\\/b6992f131dc8d30ab0dff15446e9d346d9dbd95992de0fef795073f5ea83a81c?s=96&d=mm&r=g\",\"url\":\"https:\\\/\\\/secure.gravatar.com\\\/avatar\\\/b6992f131dc8d30ab0dff15446e9d346d9dbd95992de0fef795073f5ea83a81c?s=96&d=mm&r=g\",\"contentUrl\":\"https:\\\/\\\/secure.gravatar.com\\\/avatar\\\/b6992f131dc8d30ab0dff15446e9d346d9dbd95992de0fef795073f5ea83a81c?s=96&d=mm&r=g\",\"caption\":\"La Gu\u00eda de Pamplona\"}}]}<\/script>\n<!-- \/ Yoast SEO plugin. -->","yoast_head_json":{"title":"La Ciudadela acoge estas fiestas de Navidad una nueva edici\u00f3n del festival \u2018Otras luces\u2019, con proyecciones, instalaciones art\u00edsticas y talleres infantiles y familiares","description":"La programaci\u00f3n se prolongar\u00e1 desde este viernes, d\u00eda 20, hasta el 6 de enero","robots":{"index":"index","follow":"follow","max-snippet":"max-snippet:-1","max-image-preview":"max-image-preview:large","max-video-preview":"max-video-preview:-1"},"canonical":"https:\/\/www.laguiadepamplona.com\/actualidad\/la-ciudadela-acoge-estas-fiestas-de-navidad-una-nueva-edicion-del-festival-otras-luces-con-proyecciones-instalaciones-artisticas-y-talleres-infantiles-y-familiares\/","og_locale":"es_ES","og_type":"article","og_title":"La Ciudadela acoge estas fiestas de Navidad una nueva edici\u00f3n del festival \u2018Otras luces\u2019, con proyecciones, instalaciones art\u00edsticas y talleres infantiles y familiares","og_description":"La programaci\u00f3n se prolongar\u00e1 desde este viernes, d\u00eda 20, hasta el 6 de enero","og_url":"https:\/\/www.laguiadepamplona.com\/actualidad\/la-ciudadela-acoge-estas-fiestas-de-navidad-una-nueva-edicion-del-festival-otras-luces-con-proyecciones-instalaciones-artisticas-y-talleres-infantiles-y-familiares\/","og_site_name":"La Gu\u00eda de Pamplona","article_publisher":"https:\/\/www.facebook.com\/laguiadepamplonacom-133175176762273\/?ref=hl","article_published_time":"2024-12-18T14:33:44+00:00","og_image":[{"width":1000,"height":552,"url":"https:\/\/www.laguiadepamplona.com\/actualidad\/wp-content\/uploads\/2024\/12\/Otras-luces_web.webp","type":"image\/webp"}],"author":"La Gu\u00eda de Pamplona","twitter_card":"summary_large_image","twitter_creator":"@LaGuiadPamplona","twitter_site":"@LaGuiadPamplona","twitter_misc":{"Escrito por":"La Gu\u00eda de Pamplona","Tiempo de lectura":"5 minutos"},"schema":{"@context":"https:\/\/schema.org","@graph":[{"@type":"Article","@id":"https:\/\/www.laguiadepamplona.com\/actualidad\/la-ciudadela-acoge-estas-fiestas-de-navidad-una-nueva-edicion-del-festival-otras-luces-con-proyecciones-instalaciones-artisticas-y-talleres-infantiles-y-familiares\/#article","isPartOf":{"@id":"https:\/\/www.laguiadepamplona.com\/actualidad\/la-ciudadela-acoge-estas-fiestas-de-navidad-una-nueva-edicion-del-festival-otras-luces-con-proyecciones-instalaciones-artisticas-y-talleres-infantiles-y-familiares\/"},"author":{"name":"La Gu\u00eda de Pamplona","@id":"https:\/\/www.laguiadepamplona.com\/actualidad\/#\/schema\/person\/efe887376f0213d4657c93adc50b1fdb"},"headline":"La Ciudadela acoge estas fiestas de Navidad una nueva edici\u00f3n del festival \u2018Otras luces\u2019, con proyecciones, instalaciones art\u00edsticas y talleres infantiles y familiares","datePublished":"2024-12-18T14:33:44+00:00","mainEntityOfPage":{"@id":"https:\/\/www.laguiadepamplona.com\/actualidad\/la-ciudadela-acoge-estas-fiestas-de-navidad-una-nueva-edicion-del-festival-otras-luces-con-proyecciones-instalaciones-artisticas-y-talleres-infantiles-y-familiares\/"},"wordCount":1107,"commentCount":0,"publisher":{"@id":"https:\/\/www.laguiadepamplona.com\/actualidad\/#organization"},"image":{"@id":"https:\/\/www.laguiadepamplona.com\/actualidad\/la-ciudadela-acoge-estas-fiestas-de-navidad-una-nueva-edicion-del-festival-otras-luces-con-proyecciones-instalaciones-artisticas-y-talleres-infantiles-y-familiares\/#primaryimage"},"thumbnailUrl":"https:\/\/www.laguiadepamplona.com\/actualidad\/wp-content\/uploads\/2024\/12\/Otras-luces_web.webp","articleSection":["Ayto Pamplona"],"inLanguage":"es","potentialAction":[{"@type":"CommentAction","name":"Comment","target":["https:\/\/www.laguiadepamplona.com\/actualidad\/la-ciudadela-acoge-estas-fiestas-de-navidad-una-nueva-edicion-del-festival-otras-luces-con-proyecciones-instalaciones-artisticas-y-talleres-infantiles-y-familiares\/#respond"]}]},{"@type":"WebPage","@id":"https:\/\/www.laguiadepamplona.com\/actualidad\/la-ciudadela-acoge-estas-fiestas-de-navidad-una-nueva-edicion-del-festival-otras-luces-con-proyecciones-instalaciones-artisticas-y-talleres-infantiles-y-familiares\/","url":"https:\/\/www.laguiadepamplona.com\/actualidad\/la-ciudadela-acoge-estas-fiestas-de-navidad-una-nueva-edicion-del-festival-otras-luces-con-proyecciones-instalaciones-artisticas-y-talleres-infantiles-y-familiares\/","name":"La Ciudadela acoge estas fiestas de Navidad una nueva edici\u00f3n del festival \u2018Otras luces\u2019, con proyecciones, instalaciones art\u00edsticas y talleres infantiles y familiares","isPartOf":{"@id":"https:\/\/www.laguiadepamplona.com\/actualidad\/#website"},"primaryImageOfPage":{"@id":"https:\/\/www.laguiadepamplona.com\/actualidad\/la-ciudadela-acoge-estas-fiestas-de-navidad-una-nueva-edicion-del-festival-otras-luces-con-proyecciones-instalaciones-artisticas-y-talleres-infantiles-y-familiares\/#primaryimage"},"image":{"@id":"https:\/\/www.laguiadepamplona.com\/actualidad\/la-ciudadela-acoge-estas-fiestas-de-navidad-una-nueva-edicion-del-festival-otras-luces-con-proyecciones-instalaciones-artisticas-y-talleres-infantiles-y-familiares\/#primaryimage"},"thumbnailUrl":"https:\/\/www.laguiadepamplona.com\/actualidad\/wp-content\/uploads\/2024\/12\/Otras-luces_web.webp","datePublished":"2024-12-18T14:33:44+00:00","description":"La programaci\u00f3n se prolongar\u00e1 desde este viernes, d\u00eda 20, hasta el 6 de enero","breadcrumb":{"@id":"https:\/\/www.laguiadepamplona.com\/actualidad\/la-ciudadela-acoge-estas-fiestas-de-navidad-una-nueva-edicion-del-festival-otras-luces-con-proyecciones-instalaciones-artisticas-y-talleres-infantiles-y-familiares\/#breadcrumb"},"inLanguage":"es","potentialAction":[{"@type":"ReadAction","target":["https:\/\/www.laguiadepamplona.com\/actualidad\/la-ciudadela-acoge-estas-fiestas-de-navidad-una-nueva-edicion-del-festival-otras-luces-con-proyecciones-instalaciones-artisticas-y-talleres-infantiles-y-familiares\/"]}]},{"@type":"ImageObject","inLanguage":"es","@id":"https:\/\/www.laguiadepamplona.com\/actualidad\/la-ciudadela-acoge-estas-fiestas-de-navidad-una-nueva-edicion-del-festival-otras-luces-con-proyecciones-instalaciones-artisticas-y-talleres-infantiles-y-familiares\/#primaryimage","url":"https:\/\/www.laguiadepamplona.com\/actualidad\/wp-content\/uploads\/2024\/12\/Otras-luces_web.webp","contentUrl":"https:\/\/www.laguiadepamplona.com\/actualidad\/wp-content\/uploads\/2024\/12\/Otras-luces_web.webp","width":1000,"height":552,"caption":"otras luces"},{"@type":"BreadcrumbList","@id":"https:\/\/www.laguiadepamplona.com\/actualidad\/la-ciudadela-acoge-estas-fiestas-de-navidad-una-nueva-edicion-del-festival-otras-luces-con-proyecciones-instalaciones-artisticas-y-talleres-infantiles-y-familiares\/#breadcrumb","itemListElement":[{"@type":"ListItem","position":1,"name":"Portada","item":"https:\/\/www.laguiadepamplona.com\/actualidad\/"},{"@type":"ListItem","position":2,"name":"La Ciudadela acoge estas fiestas de Navidad una nueva edici\u00f3n del festival \u2018Otras luces\u2019, con proyecciones, instalaciones art\u00edsticas y talleres infantiles y familiares"}]},{"@type":"WebSite","@id":"https:\/\/www.laguiadepamplona.com\/actualidad\/#website","url":"https:\/\/www.laguiadepamplona.com\/actualidad\/","name":"La gu\u00eda de Pamplona","description":"Noticias de Pamplona","publisher":{"@id":"https:\/\/www.laguiadepamplona.com\/actualidad\/#organization"},"potentialAction":[{"@type":"SearchAction","target":{"@type":"EntryPoint","urlTemplate":"https:\/\/www.laguiadepamplona.com\/actualidad\/?s={search_term_string}"},"query-input":{"@type":"PropertyValueSpecification","valueRequired":true,"valueName":"search_term_string"}}],"inLanguage":"es"},{"@type":"Organization","@id":"https:\/\/www.laguiadepamplona.com\/actualidad\/#organization","name":"La Gu\u00eda de Pamplona \/ Noticias","url":"https:\/\/www.laguiadepamplona.com\/actualidad\/","logo":{"@type":"ImageObject","inLanguage":"es","@id":"https:\/\/www.laguiadepamplona.com\/actualidad\/#\/schema\/logo\/image\/","url":"https:\/\/www.laguiadepamplona.com\/actualidad\/wp-content\/uploads\/2018\/11\/logo-laguiadepamplona18-web1.png","contentUrl":"https:\/\/www.laguiadepamplona.com\/actualidad\/wp-content\/uploads\/2018\/11\/logo-laguiadepamplona18-web1.png","width":600,"height":196,"caption":"La Gu\u00eda de Pamplona \/ Noticias"},"image":{"@id":"https:\/\/www.laguiadepamplona.com\/actualidad\/#\/schema\/logo\/image\/"},"sameAs":["https:\/\/www.facebook.com\/laguiadepamplonacom-133175176762273\/?ref=hl","https:\/\/x.com\/LaGuiadPamplona","https:\/\/www.instagram.com\/la_guia_de_pamplona\/","https:\/\/www.youtube.com\/user\/laguiadepamplona"]},{"@type":"Person","@id":"https:\/\/www.laguiadepamplona.com\/actualidad\/#\/schema\/person\/efe887376f0213d4657c93adc50b1fdb","name":"La Gu\u00eda de Pamplona","image":{"@type":"ImageObject","inLanguage":"es","@id":"https:\/\/secure.gravatar.com\/avatar\/b6992f131dc8d30ab0dff15446e9d346d9dbd95992de0fef795073f5ea83a81c?s=96&d=mm&r=g","url":"https:\/\/secure.gravatar.com\/avatar\/b6992f131dc8d30ab0dff15446e9d346d9dbd95992de0fef795073f5ea83a81c?s=96&d=mm&r=g","contentUrl":"https:\/\/secure.gravatar.com\/avatar\/b6992f131dc8d30ab0dff15446e9d346d9dbd95992de0fef795073f5ea83a81c?s=96&d=mm&r=g","caption":"La Gu\u00eda de Pamplona"}}]}},"post_mailing_queue_ids":[],"_links":{"self":[{"href":"https:\/\/www.laguiadepamplona.com\/actualidad\/wp-json\/wp\/v2\/posts\/51678","targetHints":{"allow":["GET"]}}],"collection":[{"href":"https:\/\/www.laguiadepamplona.com\/actualidad\/wp-json\/wp\/v2\/posts"}],"about":[{"href":"https:\/\/www.laguiadepamplona.com\/actualidad\/wp-json\/wp\/v2\/types\/post"}],"author":[{"embeddable":true,"href":"https:\/\/www.laguiadepamplona.com\/actualidad\/wp-json\/wp\/v2\/users\/1"}],"replies":[{"embeddable":true,"href":"https:\/\/www.laguiadepamplona.com\/actualidad\/wp-json\/wp\/v2\/comments?post=51678"}],"version-history":[{"count":2,"href":"https:\/\/www.laguiadepamplona.com\/actualidad\/wp-json\/wp\/v2\/posts\/51678\/revisions"}],"predecessor-version":[{"id":51689,"href":"https:\/\/www.laguiadepamplona.com\/actualidad\/wp-json\/wp\/v2\/posts\/51678\/revisions\/51689"}],"wp:featuredmedia":[{"embeddable":true,"href":"https:\/\/www.laguiadepamplona.com\/actualidad\/wp-json\/wp\/v2\/media\/51679"}],"wp:attachment":[{"href":"https:\/\/www.laguiadepamplona.com\/actualidad\/wp-json\/wp\/v2\/media?parent=51678"}],"wp:term":[{"taxonomy":"category","embeddable":true,"href":"https:\/\/www.laguiadepamplona.com\/actualidad\/wp-json\/wp\/v2\/categories?post=51678"},{"taxonomy":"post_tag","embeddable":true,"href":"https:\/\/www.laguiadepamplona.com\/actualidad\/wp-json\/wp\/v2\/tags?post=51678"}],"curies":[{"name":"wp","href":"https:\/\/api.w.org\/{rel}","templated":true}]}}