{"id":51666,"date":"2024-12-17T20:23:11","date_gmt":"2024-12-17T18:23:11","guid":{"rendered":"https:\/\/www.laguiadepamplona.com\/actualidad\/?p=51666"},"modified":"2024-12-17T20:26:11","modified_gmt":"2024-12-17T18:26:11","slug":"jorge-urdanoz-gana-el-concurso-de-fotografia-enfoca-pamplona-con-una-imagen-de-la-plaza-del-castillo-enmarcada-desde-el-monumento-al-privilegio-de-la-union","status":"publish","type":"post","link":"https:\/\/www.laguiadepamplona.com\/actualidad\/jorge-urdanoz-gana-el-concurso-de-fotografia-enfoca-pamplona-con-una-imagen-de-la-plaza-del-castillo-enmarcada-desde-el-monumento-al-privilegio-de-la-union\/","title":{"rendered":"Jorge Urd\u00e1noz gana el concurso de fotograf\u00eda Enfoca Pamplona con una imagen de la Plaza del Castillo enmarcada desde el monumento al Privilegio de la Uni\u00f3n"},"content":{"rendered":"<h2>Antonio Lana Salinas y Jos\u00e9 Antonio de la Fuente G\u00f3mez se alzan con el segundo y tercer premio<\/h2>\n<p><!--more--><\/p>\n<p>La plaza del Castillo de Pamplona vista desde el marco del monumento al Privilegio de la Uni\u00f3n es la fotograf\u00eda ganadora de la edici\u00f3n de 2024 del concurso Enfoca Pamplona. Es obra de Jorge Urd\u00e1noz Apeztegu\u00eda y se titula \u201c1423\u201d, que es el a\u00f1o en que se promulg\u00f3 el Privilegio de la Uni\u00f3n, acta fundacional de la ciudad. El segundo premio corresponde a Antonio Lana Salinas, con \u201cPorter\u00eda y nube\u201d, realizada en el campo de deportes de Arrosad\u00eda; y el tercer premio ha reca\u00eddo en Jos\u00e9 Antonio de la Fuente G\u00f3mez, con \u201cAl otro lado\u201d; una imagen del edificio de investigaci\u00f3n biom\u00e9dica, hacia fuera y a trav\u00e9s de sus elementos arquitect\u00f3nicos.<\/p>\n<p>El Palacio del Condestable ha acogido esta tarde la entrega de premios, en un acto en el que han participado la teniente de alcalde Garbi\u00f1e Bueno Zabalza; el director de Cultura, \u00cd\u00f1igo G\u00f3mez Egu\u00edluz, y miembros de la Corporaci\u00f3n municipal. Esta es la edici\u00f3n n\u00famero XXVIII del concurso, que inici\u00f3 su andadura con el concurso de fotograf\u00eda Rincones de Pamplona y que, pese a su extensa trayectoria, sigue despertando el inter\u00e9s de la ciudadan\u00eda. En esta edici\u00f3n han participado un total de 212 personas, que han presentado 535 fotograf\u00edas. Entre ellas, hay 120 hombres (61%) y 83 mujeres (39%).<\/p>\n<p>Adem\u00e1s de los tres premios, el jurado ha reconocido con sendos acc\u00e9sits dos fotograf\u00edas m\u00e1s: \u201cCiudadela\u201d, de Alberto Dolz Civera, y \u201cEl mundo alrededor\u201d, de Mar\u00eda \u00c1ngeles Albarr\u00e1n. Junto a los premios del concurso, entre las 535 fotograf\u00edas presentadas se han seleccionado las doce que ilustran el calendario municipal de 2025, que esta ma\u00f1ana se ha repartido gratuitamente entre la ciudadan\u00eda.<\/p>\n<p><strong>Las fotograf\u00edas ganadoras<\/strong><\/p>\n<p>El jurado ha destacado la calidad de muchas fotograf\u00edas presentadas a esta edici\u00f3n. Las im\u00e1genes premiadas, las finalistas y una selecci\u00f3n realizada por el jurado podr\u00e1n verse en una exposici\u00f3n en el zagu\u00e1n del Palacio del Condestable hasta el 18 de enero.<\/p>\n<p>La fotograf\u00eda ganadora, \u201c1423\u201d, es, en palabras de su autor, Jorge Urd\u00e1noz Apeztegu\u00eda, una imagen en la que \u201cla escultura enmarca el espacio que le rodea, centrando la vista del espectador en los detalles\u201d. De la fotograf\u00eda del segundo premio, de Antonio Lana Salinas, el jurado valora y destaca \u201cla composici\u00f3n final de la imagen\u201d; y de la del tercer premio, de Jos\u00e9 Antonio de la Fuente, subraya \u201cla composici\u00f3n y la fuerza expresiva de la fotograf\u00eda\u201d.<\/p>\n<p>De las dos fotograf\u00edas finalistas con acc\u00e9sit, el jurado ha destacado, en el caso de \u201cCiudadela\u201d, de Alberto Dolz, su calidad y enfoque, con un plano de la Ciudadela en una tarde de oto\u00f1o; y de \u201cEl mundo alrededor\u201d, de Mar\u00eda \u00c1ngeles Albarr\u00e1n, explica que es \u201cuna imagen de una ma\u00f1ana fr\u00eda y con niebla, paseando sin prestar atenci\u00f3n a lo que nos rodea cada d\u00eda\u201d.<\/p>\n<p>El jurado t\u00e9cnico de esta edici\u00f3n ha estado integrado por los profesionales de la fotograf\u00eda Jos\u00e9 Luis Pujol, Dick Rekalde, Cristina N\u00fa\u00f1ez y Miriari Ech\u00e1varri. Todas las personas premiadas han recibido, adem\u00e1s del premio del concurso, un lote de productos de Comercio Justo.<\/p>\n<p><strong>Fotos de calendario<\/strong><\/p>\n<p>En el acto de esta tarde se ha reconocido de manera especial a las autoras y autores de las fotograf\u00edas seleccionadas para ilustrar el calendario municipal de 2025. Cada una de ellas obtiene un premio de 150 euros. Una fotograf\u00eda premiada en el concurso ilustra adem\u00e1s uno de los meses del calendario, por lo que recibe los dos premios. Se trata de \u201cAl otro lado\u201d, de Jos\u00e9 Antonio de la Fuente G\u00f3mez, tercer premio del Enfoca y fotograf\u00eda del mes de enero.<\/p>\n<p>Las dem\u00e1s fotograf\u00edas del calendario son obra de Raquel Gonz\u00e1lez Luquin, con \u201cPuente de la Magdalena: un puente, muchas historias\u201d (febrero); Oscar Larraz Echandi, con \u201cCiudad sin barreras\u201d (marzo); Carmen Murugarren y \u201cLuz divina\u201d (abril); Alberto Vegas Clemente y \u201cDe colores\u201d (mayo); Jes\u00fas Blanco Gonz\u00e1lez y \u201cLa reina del Arga\u201d (junio); Mario L\u00f3pez Marinero y \u201cUni\u00f3n en rojo y blanco\u201d (julio); Eric Almeida D\u00e1vila y \u201cBAI Cycle\u201d (agosto); Jos\u00e9 Luis Zubiri Mun\u00e1rriz y \u201cLadrillo &amp; aluminio\u201d (septiembre); Marian Jaurrieta Rodeles y \u201cOto\u00f1o en Yamaguchi\u201d (octubre); Oleksandr Basharov y \u201cThe other side\u201d (noviembre); Amaya IIiberri y \u201cMendillorri nevado\u201d (diciembre)<\/p>\n<p>&nbsp;<\/p>\n<h3><strong>Premios del concurso Enfoca Pamplona<\/strong><\/h3>\n<table width=\"661\">\n<tbody>\n<tr>\n<td width=\"123\">Primer premio.<\/td>\n<td width=\"95\">Plica. 2849.<\/td>\n<td width=\"142\">Nombre, apellidos.<\/td>\n<td width=\"302\"><strong>jorge urdanoz apeztegu\u00eda<\/strong><\/td>\n<\/tr>\n<tr>\n<td width=\"123\"><\/td>\n<td width=\"95\"><\/td>\n<td width=\"142\">T\u00edtulo y descripci\u00f3n de la fotograf\u00eda.<\/td>\n<td width=\"302\">1423.<\/td>\n<\/tr>\n<tr>\n<td width=\"123\"><a href=\"https:\/\/www.laguiadepamplona.com\/actualidad\/jorge-urdanoz-gana-el-concurso-de-fotografia-enfoca-pamplona-con-una-imagen-de-la-plaza-del-castillo-enmarcada-desde-el-monumento-al-privilegio-de-la-union\/1-enfoca-2849c-jorge-urdanoz-apezteguia-1423\/\"><img loading=\"lazy\" decoding=\"async\" class=\"alignnone wp-image-51667 size-cmsmasters-project-thumb\" src=\"https:\/\/www.laguiadepamplona.com\/actualidad\/wp-content\/uploads\/2024\/12\/1.-ENFOCA-2849c-Jorge-Urdanoz-Apezteguia.-1423-580x420.webp\" alt=\"enfoca Jorge Urd\u00e1noz\" width=\"580\" height=\"420\" \/><\/a><\/td>\n<td width=\"95\"><\/td>\n<td width=\"142\"><\/td>\n<td width=\"302\">En la fotograf\u00eda primer premio de esta edici\u00f3n 2024, en palabras de su autor, \u201cla escultura enmarca el espacio que le rodea, centrando la vista del espectador en los detalles\u201d.<\/p>\n<p>Criterio del Jurado.<\/p>\n<p>El Jurado T\u00e9cnico valora y destaca la manera de mirar de su autor y la composici\u00f3n final.<\/td>\n<\/tr>\n<\/tbody>\n<\/table>\n<p>&nbsp;<\/p>\n<table width=\"661\">\n<tbody>\n<tr>\n<td width=\"113\"><\/td>\n<td width=\"85\"><\/td>\n<td width=\"151\"><\/td>\n<td width=\"312\"><\/td>\n<\/tr>\n<tr>\n<td width=\"113\">Segundo premio.<\/td>\n<td width=\"85\">Plica. 2731.<\/td>\n<td width=\"151\">Nombre, apellidos.<\/td>\n<td width=\"312\"><strong>antonio lana salinas<\/strong><\/td>\n<\/tr>\n<tr>\n<td width=\"113\"><\/td>\n<td width=\"85\"><\/td>\n<td width=\"151\">T\u00edtulo y descripci\u00f3n de la fotograf\u00eda.<\/td>\n<td width=\"312\">Porter\u00eda y Nube.<\/td>\n<\/tr>\n<tr>\n<td width=\"113\"><a href=\"https:\/\/www.laguiadepamplona.com\/actualidad\/jorge-urdanoz-gana-el-concurso-de-fotografia-enfoca-pamplona-con-una-imagen-de-la-plaza-del-castillo-enmarcada-desde-el-monumento-al-privilegio-de-la-union\/2-enfoca-2731c-antonio-lana-salinas-porteria-y-nube\/\"><img loading=\"lazy\" decoding=\"async\" class=\"alignnone wp-image-51669 size-cmsmasters-project-thumb\" src=\"https:\/\/www.laguiadepamplona.com\/actualidad\/wp-content\/uploads\/2024\/12\/2.-ENFOCA-2731c-Antonio-Lana-Salinas.-Porteria-y-nube-580x420.webp\" alt=\"\" width=\"580\" height=\"420\" \/><\/a><\/td>\n<td width=\"85\"><\/td>\n<td width=\"151\"><\/td>\n<td width=\"312\">El segundo premio de esta edici\u00f3n es una fotograf\u00eda de la porter\u00eda en el campo de deportes de Arrosad\u00eda.<\/p>\n<p>Criterio del Jurado. El Jurado ha valorado y destacado la composici\u00f3n final de la imagen.<\/td>\n<\/tr>\n<\/tbody>\n<\/table>\n<p>&nbsp;<\/p>\n<p>&nbsp;<\/p>\n<table width=\"661\">\n<tbody>\n<tr>\n<td width=\"113\">Tercer premio.<\/td>\n<td width=\"85\">Plica. 2818.<\/td>\n<td width=\"151\">Nombre, apellidos.<\/td>\n<td width=\"312\"><strong>jos\u00e9 antonio de la fuente g\u00f3mez<\/strong><\/td>\n<\/tr>\n<tr>\n<td width=\"113\"><\/td>\n<td width=\"85\"><\/td>\n<td width=\"151\">T\u00edtulo y descripci\u00f3n de la fotograf\u00eda.<\/td>\n<td width=\"312\">Al otro lado. Es una imagen del edificio de investigaci\u00f3n biom\u00e9dica, hacia fuera y a trav\u00e9s de sus elementos arquitect\u00f3nicos..<\/td>\n<\/tr>\n<tr>\n<td width=\"113\"><a href=\"https:\/\/www.laguiadepamplona.com\/actualidad\/jorge-urdanoz-gana-el-concurso-de-fotografia-enfoca-pamplona-con-una-imagen-de-la-plaza-del-castillo-enmarcada-desde-el-monumento-al-privilegio-de-la-union\/3-enfoca-2818-jose-antonio-de-la-fuente-gomez-al-otro-lado\/\"><img loading=\"lazy\" decoding=\"async\" class=\"alignnone wp-image-51670 size-cmsmasters-project-thumb\" src=\"https:\/\/www.laguiadepamplona.com\/actualidad\/wp-content\/uploads\/2024\/12\/3.-ENFOCA-2818-Jose-Antonio-de-la-Fuente-Gomez.-Al-otro-lado-580x420.webp\" alt=\"\" width=\"580\" height=\"420\" \/><\/a><\/td>\n<td width=\"85\"><\/td>\n<td width=\"151\"><\/td>\n<td width=\"312\">Criterio del Jurado. Ha valorado y destacado la composici\u00f3n y la fuerza expresiva de la fotografia.<\/td>\n<\/tr>\n<tr>\n<td width=\"113\"><\/td>\n<td width=\"85\"><\/td>\n<td width=\"151\"><\/td>\n<td width=\"312\"><\/td>\n<\/tr>\n<\/tbody>\n<\/table>\n<p>&nbsp;<\/p>\n<p>&nbsp;<\/p>\n<table width=\"661\">\n<tbody>\n<tr>\n<td width=\"113\">Acc\u00e9sit edici\u00f3n 2024.<\/td>\n<td width=\"85\">Plica. 2652.<\/td>\n<td width=\"142\">Nombre, apellidos.<\/td>\n<td width=\"321\"><strong>M\u00aa angeles albarr\u00c1n<\/strong><\/td>\n<\/tr>\n<tr>\n<td width=\"113\"><\/td>\n<td width=\"85\"><\/td>\n<td width=\"142\">T\u00edtulo y descripci\u00f3n de la fotograf\u00eda.<\/td>\n<td width=\"321\">El mundo alrededor.<\/p>\n<p>La fotograf\u00eda finalista es la imagen de una ma\u00f1ana fr\u00eda y con niebla paseando sin prestar atenci\u00f3n a lo que nos rodea cada d\u00eda.<\/td>\n<\/tr>\n<tr>\n<td width=\"113\"><\/td>\n<td width=\"85\"><\/td>\n<td colspan=\"2\" width=\"463\"><\/td>\n<\/tr>\n<\/tbody>\n<\/table>\n<p>&nbsp;<\/p>\n<p>&nbsp;<\/p>\n<table width=\"661\">\n<tbody>\n<tr>\n<td width=\"113\">Acc\u00e9sit edici\u00f3n 2024.<\/td>\n<td width=\"85\">Plica. 2933.<\/td>\n<td width=\"142\">Nombre, apellidos.<\/td>\n<td width=\"321\"><strong>alberto dolz civera<\/strong><\/td>\n<\/tr>\n<tr>\n<td width=\"113\"><a href=\"https:\/\/www.laguiadepamplona.com\/actualidad\/jorge-urdanoz-gana-el-concurso-de-fotografia-enfoca-pamplona-con-una-imagen-de-la-plaza-del-castillo-enmarcada-desde-el-monumento-al-privilegio-de-la-union\/accesit-2933c-alberto-dolz-civera-ciudadela\/\"><img loading=\"lazy\" decoding=\"async\" class=\"alignnone wp-image-51672 size-cmsmasters-project-thumb\" src=\"https:\/\/www.laguiadepamplona.com\/actualidad\/wp-content\/uploads\/2024\/12\/ACCESIT-2933c-Alberto-Dolz-Civera.-CIudadela-580x420.webp\" alt=\"\" width=\"580\" height=\"420\" \/><\/a><\/td>\n<td width=\"85\"><\/td>\n<td width=\"142\">T\u00edtulo y descripci\u00f3n de la fotograf\u00eda.<\/td>\n<td width=\"321\">Ciudadela.<\/p>\n<p>La fotograf\u00eda finalista presenta el plano de la Ciudadela en una tarde de oto\u00f1o.<\/td>\n<\/tr>\n<tr>\n<td width=\"113\"><\/td>\n<td width=\"85\"><\/td>\n<td colspan=\"2\" width=\"463\"><\/td>\n<\/tr>\n<\/tbody>\n<\/table>\n<p>&nbsp;<\/p>\n<p><strong>Fotograf\u00edas seleccionadas y premiadas para el calendario municipal 2025<\/strong><\/p>\n<table width=\"680\">\n<tbody>\n<tr>\n<td width=\"91\"><\/td>\n<td width=\"163\"><\/td>\n<td width=\"163\"><\/td>\n<td width=\"263\"><\/td>\n<\/tr>\n<tr>\n<td width=\"91\">Enero<\/td>\n<td width=\"163\">Plica. 2818.<\/td>\n<td width=\"163\">Nombre, apellidos.<\/td>\n<td width=\"263\"><strong>jos\u00e9 antonio de la fuente g\u00f3mez<\/strong><\/td>\n<\/tr>\n<tr>\n<td width=\"91\"><\/td>\n<td width=\"163\"><\/td>\n<td width=\"163\">T\u00edtulo y descripci\u00f3n de la fotograf\u00eda.<\/td>\n<td width=\"263\">Al otro lado. Es una imagen del edificio de investigaci\u00f3n biom\u00e9dica, hacia fuera y a trav\u00e9s de sus elementos arquitect\u00f3nicos.<\/td>\n<\/tr>\n<\/tbody>\n<\/table>\n<p>&nbsp;<\/p>\n<table width=\"680\">\n<tbody>\n<tr>\n<td width=\"169\">Febrero<\/td>\n<td width=\"95\">Plica. 2734.<\/td>\n<td width=\"180\">Nombre, apellidos.<\/td>\n<td width=\"236\"><strong>raquel gonz\u00e1lez luquin<\/strong><\/td>\n<\/tr>\n<tr>\n<td width=\"169\"><\/td>\n<td width=\"95\"><\/td>\n<td width=\"180\">T\u00edtulo y descripci\u00f3n de la fotograf\u00eda.<\/td>\n<td width=\"236\">Puente de la Magdalena: un puente, muchas historias.<\/p>\n<p>Es la fotograf\u00eda del Puente de la Magdalena un d\u00eda de invierno.<\/td>\n<\/tr>\n<tr>\n<td width=\"169\">&nbsp;<\/p>\n<p>&nbsp;<\/td>\n<td width=\"95\"><\/td>\n<td width=\"180\"><\/td>\n<td width=\"236\"><\/td>\n<\/tr>\n<tr>\n<td width=\"169\">Marzo<\/td>\n<td width=\"95\">Plica. 2779.<\/td>\n<td width=\"180\">Nombre, apellidos.<\/td>\n<td width=\"236\"><strong>oscar larraz echandi<\/strong><\/td>\n<\/tr>\n<tr>\n<td width=\"169\"><\/td>\n<td width=\"95\"><\/td>\n<td width=\"180\">T\u00edtulo y descripci\u00f3n de la fotograf\u00eda.<\/td>\n<td width=\"236\">Ciudad sin barreras. Fotograf\u00eda realizada sobre tr\u00edpode por estar hecha de noche, buscando el juego de luces sombras.<\/td>\n<\/tr>\n<tr>\n<td width=\"169\">&nbsp;<\/p>\n<p>&nbsp;<\/td>\n<td width=\"95\"><\/td>\n<td width=\"180\"><\/td>\n<td width=\"236\"><\/td>\n<\/tr>\n<tr>\n<td width=\"169\">Abril<\/td>\n<td width=\"95\">Plica. 2692.<\/td>\n<td width=\"180\">Nombre, apellidos.<\/td>\n<td width=\"236\"><strong>carmen murugaren<\/strong><\/td>\n<\/tr>\n<tr>\n<td width=\"169\"><\/td>\n<td width=\"95\"><\/td>\n<td width=\"180\">T\u00edtulo y descripci\u00f3n de la fotograf\u00eda.<\/td>\n<td width=\"236\">Luz Divina.<\/p>\n<p>La luz se cuela por uno de los ventanales de la Catedral y da ambiente a la estancia.<\/td>\n<\/tr>\n<tr>\n<td width=\"169\">&nbsp;<\/p>\n<p>&nbsp;<\/td>\n<td width=\"95\"><\/td>\n<td width=\"180\"><\/td>\n<td width=\"236\"><\/td>\n<\/tr>\n<tr>\n<td width=\"169\">Mayo<\/td>\n<td width=\"95\">Plica. 2634.<\/td>\n<td width=\"180\">Nombre, apellidos.<\/td>\n<td width=\"236\"><strong>alberto vegas clemente<\/strong><\/td>\n<\/tr>\n<tr>\n<td width=\"169\"><\/td>\n<td width=\"95\"><\/td>\n<td width=\"180\">T\u00edtulo y descripci\u00f3n de la fotograf\u00eda.<\/td>\n<td width=\"236\">De colores. Vista de ambos lados de las casas de Mercaderes junt\u00e1ndose llenos de color, desde la calle Curia.<\/td>\n<\/tr>\n<\/tbody>\n<\/table>\n<p>&nbsp;<\/p>\n<p>&nbsp;<\/p>\n<table width=\"642\">\n<tbody>\n<tr>\n<td width=\"94\">Junio<\/td>\n<td width=\"94\">Plica. 2689.<\/td>\n<td width=\"170\">Nombre, apellidos.<\/td>\n<td width=\"283\"><strong>jesus blanco gonzalez<\/strong><\/td>\n<\/tr>\n<tr>\n<td width=\"94\"><\/td>\n<td width=\"94\"><\/td>\n<td width=\"170\">T\u00edtulo y descripci\u00f3n de la fotograf\u00eda.<\/td>\n<td width=\"283\">La reina del Arga.<\/p>\n<p>Fotograf\u00eda colorida de la funambulista pamplonesa Remigia Echarren, conocida como La Reina del Arga.<\/td>\n<\/tr>\n<\/tbody>\n<\/table>\n<p>&nbsp;<\/p>\n<p>&nbsp;<\/p>\n<table width=\"642\">\n<tbody>\n<tr>\n<td width=\"94\">Julio<\/td>\n<td width=\"94\">Plica. 2835.<\/td>\n<td width=\"170\">Nombre, apellidos.<\/td>\n<td width=\"283\"><strong>mario l\u00f3pez marinero<\/strong><\/td>\n<\/tr>\n<tr>\n<td width=\"94\"><\/td>\n<td width=\"94\"><\/td>\n<td width=\"170\">T\u00edtulo y descripci\u00f3n de la fotograf\u00eda.<\/td>\n<td width=\"283\">Uni\u00f3n en rojo y blanco.<\/p>\n<p>Unidad y tradici\u00f3n en Pamplona: un apret\u00f3n de manos que une generaciones en rojo y blanco.<\/td>\n<\/tr>\n<tr>\n<td width=\"94\">&nbsp;<\/p>\n<p>&nbsp;<\/td>\n<td width=\"94\"><\/td>\n<td width=\"170\"><\/td>\n<td width=\"283\"><\/td>\n<\/tr>\n<tr>\n<td width=\"94\">Agosto<\/td>\n<td width=\"94\">Plica. 2817.<\/td>\n<td width=\"170\">Nombre, apellidos.<\/td>\n<td width=\"283\"><strong>eric almeida d\u00e1vila<\/strong><\/td>\n<\/tr>\n<tr>\n<td width=\"94\"><\/td>\n<td width=\"94\"><\/td>\n<td width=\"170\">T\u00edtulo y descripci\u00f3n de la fotograf\u00eda.<\/td>\n<td width=\"283\">BAI cycle.<\/p>\n<p>\u00a1Hagamos una ciudad m\u00e1s sostenible! Inundemos la ciudad de bicicletas&#8230; Baiiiii cycle<\/td>\n<\/tr>\n<tr>\n<td width=\"94\">&nbsp;<\/p>\n<p>&nbsp;<\/td>\n<td width=\"94\"><\/td>\n<td width=\"170\"><\/td>\n<td width=\"283\"><\/td>\n<\/tr>\n<tr>\n<td width=\"94\">Septiembre<\/td>\n<td width=\"94\">Plica. 2633.<\/td>\n<td width=\"170\">Nombre, apellidos.<\/td>\n<td width=\"283\"><strong>jos\u00e9 luis zubiri mun\u00e1rriz<\/strong><\/td>\n<\/tr>\n<tr>\n<td width=\"94\"><\/td>\n<td width=\"94\"><\/td>\n<td width=\"170\">T\u00edtulo y descripci\u00f3n de la fotograf\u00eda.<\/td>\n<td width=\"283\">Ladrillo &amp; aluminio.<\/p>\n<p>Fachada del hospital con un antes y despu\u00e9s arquitect\u00f3nicamente.<\/td>\n<\/tr>\n<tr>\n<td width=\"94\">&nbsp;<\/p>\n<p>&nbsp;<\/td>\n<td width=\"94\"><\/td>\n<td width=\"170\"><\/td>\n<td width=\"283\"><\/td>\n<\/tr>\n<tr>\n<td width=\"94\">Octubre<\/td>\n<td width=\"94\">Plica. 2891.<\/td>\n<td width=\"170\">Nombre, apellidos.<\/td>\n<td width=\"283\"><strong>marian jaurrieta rodeles<\/strong><\/td>\n<\/tr>\n<tr>\n<td width=\"94\"><\/td>\n<td width=\"94\"><\/td>\n<td width=\"170\">T\u00edtulo y descripci\u00f3n de la fotograf\u00eda.<\/td>\n<td width=\"283\">Oto\u00f1o en Yamaguchi.<\/p>\n<p>Explosi\u00f3n de colores oto\u00f1al en la mini cascada de este precioso parque con toques orientales.<\/td>\n<\/tr>\n<tr>\n<td width=\"94\">&nbsp;<\/p>\n<p>&nbsp;<\/td>\n<td width=\"94\"><\/td>\n<td width=\"170\"><\/td>\n<td width=\"283\"><\/td>\n<\/tr>\n<tr>\n<td width=\"94\">Noviembre<\/td>\n<td width=\"94\">Plica. 2837.<\/td>\n<td width=\"170\">Nombre, apellidos.<\/td>\n<td width=\"283\"><strong>oleksandr basharov<\/strong><\/td>\n<\/tr>\n<tr>\n<td width=\"94\"><\/td>\n<td width=\"94\"><\/td>\n<td width=\"170\">T\u00edtulo y descripci\u00f3n de la fotograf\u00eda.<\/td>\n<td width=\"283\">The other side.<\/p>\n<p>Estoy jugando con reflejos, haciendo que el espectador sienta como si estuviera mirando un portal.<\/td>\n<\/tr>\n<tr>\n<td width=\"94\">&nbsp;<\/p>\n<p>&nbsp;<\/td>\n<td width=\"94\"><\/td>\n<td width=\"170\"><\/td>\n<td width=\"283\"><\/td>\n<\/tr>\n<tr>\n<td width=\"94\">Diciembre<\/td>\n<td width=\"94\">Plica. 2741.<\/td>\n<td width=\"170\">Nombre, apellidos.<\/td>\n<td width=\"283\"><strong>amaya iliberri<\/strong><\/td>\n<\/tr>\n<tr>\n<td width=\"94\"><\/td>\n<td width=\"94\"><\/td>\n<td width=\"170\">T\u00edtulo y descripci\u00f3n de la fotograf\u00eda.<\/td>\n<td width=\"283\">Mendillorri nevado.<\/p>\n<p>La nieve visita Mendillorri dejando bonitas estampas.<\/td>\n<\/tr>\n<\/tbody>\n<\/table>\n","protected":false},"excerpt":{"rendered":"<p>Antonio Lana Salinas y Jos\u00e9 Antonio de la Fuente G\u00f3mez se alzan con el segundo y tercer premio<\/p>\n","protected":false},"author":1,"featured_media":51667,"comment_status":"open","ping_status":"closed","sticky":false,"template":"","format":"standard","meta":{"footnotes":""},"categories":[2],"tags":[],"class_list":["post-51666","post","type-post","status-publish","format-standard","has-post-thumbnail","hentry","category-ayuntamiento-pamplona"],"yoast_head":"<!-- This site is optimized with the Yoast SEO plugin v27.3 - https:\/\/yoast.com\/product\/yoast-seo-wordpress\/ -->\n<title>Jorge Urd\u00e1noz gana el concurso de fotograf\u00eda Enfoca Pamplona con una imagen de la Plaza del Castillo enmarcada desde el monumento al Privilegio de la Uni\u00f3n<\/title>\n<meta name=\"description\" content=\"Antonio Lana Salinas y Jos\u00e9 Antonio de la Fuente G\u00f3mez se alzan con el segundo y tercer premio\" \/>\n<meta name=\"robots\" content=\"index, follow, max-snippet:-1, max-image-preview:large, max-video-preview:-1\" \/>\n<link rel=\"canonical\" href=\"https:\/\/www.laguiadepamplona.com\/actualidad\/jorge-urdanoz-gana-el-concurso-de-fotografia-enfoca-pamplona-con-una-imagen-de-la-plaza-del-castillo-enmarcada-desde-el-monumento-al-privilegio-de-la-union\/\" \/>\n<meta property=\"og:locale\" content=\"es_ES\" \/>\n<meta property=\"og:type\" content=\"article\" \/>\n<meta property=\"og:title\" content=\"Jorge Urd\u00e1noz gana el concurso de fotograf\u00eda Enfoca Pamplona con una imagen de la Plaza del Castillo enmarcada desde el monumento al Privilegio de la Uni\u00f3n\" \/>\n<meta property=\"og:description\" content=\"Antonio Lana Salinas y Jos\u00e9 Antonio de la Fuente G\u00f3mez se alzan con el segundo y tercer premio\" \/>\n<meta property=\"og:url\" content=\"https:\/\/www.laguiadepamplona.com\/actualidad\/jorge-urdanoz-gana-el-concurso-de-fotografia-enfoca-pamplona-con-una-imagen-de-la-plaza-del-castillo-enmarcada-desde-el-monumento-al-privilegio-de-la-union\/\" \/>\n<meta property=\"og:site_name\" content=\"La Gu\u00eda de Pamplona\" \/>\n<meta property=\"article:publisher\" content=\"https:\/\/www.facebook.com\/laguiadepamplonacom-133175176762273\/?ref=hl\" \/>\n<meta property=\"article:published_time\" content=\"2024-12-17T18:23:11+00:00\" \/>\n<meta property=\"article:modified_time\" content=\"2024-12-17T18:26:11+00:00\" \/>\n<meta property=\"og:image\" content=\"https:\/\/www.laguiadepamplona.com\/actualidad\/wp-content\/uploads\/2024\/12\/1.-ENFOCA-2849c-Jorge-Urdanoz-Apezteguia.-1423.webp\" \/>\n\t<meta property=\"og:image:width\" content=\"794\" \/>\n\t<meta property=\"og:image:height\" content=\"1077\" \/>\n\t<meta property=\"og:image:type\" content=\"image\/webp\" \/>\n<meta name=\"author\" content=\"La Gu\u00eda de Pamplona\" \/>\n<meta name=\"twitter:card\" content=\"summary_large_image\" \/>\n<meta name=\"twitter:creator\" content=\"@LaGuiadPamplona\" \/>\n<meta name=\"twitter:site\" content=\"@LaGuiadPamplona\" \/>\n<meta name=\"twitter:label1\" content=\"Escrito por\" \/>\n\t<meta name=\"twitter:data1\" content=\"La Gu\u00eda de Pamplona\" \/>\n\t<meta name=\"twitter:label2\" content=\"Tiempo de lectura\" \/>\n\t<meta name=\"twitter:data2\" content=\"8 minutos\" \/>\n<script type=\"application\/ld+json\" class=\"yoast-schema-graph\">{\"@context\":\"https:\\\/\\\/schema.org\",\"@graph\":[{\"@type\":\"Article\",\"@id\":\"https:\\\/\\\/www.laguiadepamplona.com\\\/actualidad\\\/jorge-urdanoz-gana-el-concurso-de-fotografia-enfoca-pamplona-con-una-imagen-de-la-plaza-del-castillo-enmarcada-desde-el-monumento-al-privilegio-de-la-union\\\/#article\",\"isPartOf\":{\"@id\":\"https:\\\/\\\/www.laguiadepamplona.com\\\/actualidad\\\/jorge-urdanoz-gana-el-concurso-de-fotografia-enfoca-pamplona-con-una-imagen-de-la-plaza-del-castillo-enmarcada-desde-el-monumento-al-privilegio-de-la-union\\\/\"},\"author\":{\"name\":\"La Gu\u00eda de Pamplona\",\"@id\":\"https:\\\/\\\/www.laguiadepamplona.com\\\/actualidad\\\/#\\\/schema\\\/person\\\/efe887376f0213d4657c93adc50b1fdb\"},\"headline\":\"Jorge Urd\u00e1noz gana el concurso de fotograf\u00eda Enfoca Pamplona con una imagen de la Plaza del Castillo enmarcada desde el monumento al Privilegio de la Uni\u00f3n\",\"datePublished\":\"2024-12-17T18:23:11+00:00\",\"dateModified\":\"2024-12-17T18:26:11+00:00\",\"mainEntityOfPage\":{\"@id\":\"https:\\\/\\\/www.laguiadepamplona.com\\\/actualidad\\\/jorge-urdanoz-gana-el-concurso-de-fotografia-enfoca-pamplona-con-una-imagen-de-la-plaza-del-castillo-enmarcada-desde-el-monumento-al-privilegio-de-la-union\\\/\"},\"wordCount\":1548,\"commentCount\":0,\"publisher\":{\"@id\":\"https:\\\/\\\/www.laguiadepamplona.com\\\/actualidad\\\/#organization\"},\"image\":{\"@id\":\"https:\\\/\\\/www.laguiadepamplona.com\\\/actualidad\\\/jorge-urdanoz-gana-el-concurso-de-fotografia-enfoca-pamplona-con-una-imagen-de-la-plaza-del-castillo-enmarcada-desde-el-monumento-al-privilegio-de-la-union\\\/#primaryimage\"},\"thumbnailUrl\":\"https:\\\/\\\/www.laguiadepamplona.com\\\/actualidad\\\/wp-content\\\/uploads\\\/2024\\\/12\\\/1.-ENFOCA-2849c-Jorge-Urdanoz-Apezteguia.-1423.webp\",\"articleSection\":[\"Ayto Pamplona\"],\"inLanguage\":\"es\",\"potentialAction\":[{\"@type\":\"CommentAction\",\"name\":\"Comment\",\"target\":[\"https:\\\/\\\/www.laguiadepamplona.com\\\/actualidad\\\/jorge-urdanoz-gana-el-concurso-de-fotografia-enfoca-pamplona-con-una-imagen-de-la-plaza-del-castillo-enmarcada-desde-el-monumento-al-privilegio-de-la-union\\\/#respond\"]}]},{\"@type\":\"WebPage\",\"@id\":\"https:\\\/\\\/www.laguiadepamplona.com\\\/actualidad\\\/jorge-urdanoz-gana-el-concurso-de-fotografia-enfoca-pamplona-con-una-imagen-de-la-plaza-del-castillo-enmarcada-desde-el-monumento-al-privilegio-de-la-union\\\/\",\"url\":\"https:\\\/\\\/www.laguiadepamplona.com\\\/actualidad\\\/jorge-urdanoz-gana-el-concurso-de-fotografia-enfoca-pamplona-con-una-imagen-de-la-plaza-del-castillo-enmarcada-desde-el-monumento-al-privilegio-de-la-union\\\/\",\"name\":\"Jorge Urd\u00e1noz gana el concurso de fotograf\u00eda Enfoca Pamplona con una imagen de la Plaza del Castillo enmarcada desde el monumento al Privilegio de la Uni\u00f3n\",\"isPartOf\":{\"@id\":\"https:\\\/\\\/www.laguiadepamplona.com\\\/actualidad\\\/#website\"},\"primaryImageOfPage\":{\"@id\":\"https:\\\/\\\/www.laguiadepamplona.com\\\/actualidad\\\/jorge-urdanoz-gana-el-concurso-de-fotografia-enfoca-pamplona-con-una-imagen-de-la-plaza-del-castillo-enmarcada-desde-el-monumento-al-privilegio-de-la-union\\\/#primaryimage\"},\"image\":{\"@id\":\"https:\\\/\\\/www.laguiadepamplona.com\\\/actualidad\\\/jorge-urdanoz-gana-el-concurso-de-fotografia-enfoca-pamplona-con-una-imagen-de-la-plaza-del-castillo-enmarcada-desde-el-monumento-al-privilegio-de-la-union\\\/#primaryimage\"},\"thumbnailUrl\":\"https:\\\/\\\/www.laguiadepamplona.com\\\/actualidad\\\/wp-content\\\/uploads\\\/2024\\\/12\\\/1.-ENFOCA-2849c-Jorge-Urdanoz-Apezteguia.-1423.webp\",\"datePublished\":\"2024-12-17T18:23:11+00:00\",\"dateModified\":\"2024-12-17T18:26:11+00:00\",\"description\":\"Antonio Lana Salinas y Jos\u00e9 Antonio de la Fuente G\u00f3mez se alzan con el segundo y tercer premio\",\"breadcrumb\":{\"@id\":\"https:\\\/\\\/www.laguiadepamplona.com\\\/actualidad\\\/jorge-urdanoz-gana-el-concurso-de-fotografia-enfoca-pamplona-con-una-imagen-de-la-plaza-del-castillo-enmarcada-desde-el-monumento-al-privilegio-de-la-union\\\/#breadcrumb\"},\"inLanguage\":\"es\",\"potentialAction\":[{\"@type\":\"ReadAction\",\"target\":[\"https:\\\/\\\/www.laguiadepamplona.com\\\/actualidad\\\/jorge-urdanoz-gana-el-concurso-de-fotografia-enfoca-pamplona-con-una-imagen-de-la-plaza-del-castillo-enmarcada-desde-el-monumento-al-privilegio-de-la-union\\\/\"]}]},{\"@type\":\"ImageObject\",\"inLanguage\":\"es\",\"@id\":\"https:\\\/\\\/www.laguiadepamplona.com\\\/actualidad\\\/jorge-urdanoz-gana-el-concurso-de-fotografia-enfoca-pamplona-con-una-imagen-de-la-plaza-del-castillo-enmarcada-desde-el-monumento-al-privilegio-de-la-union\\\/#primaryimage\",\"url\":\"https:\\\/\\\/www.laguiadepamplona.com\\\/actualidad\\\/wp-content\\\/uploads\\\/2024\\\/12\\\/1.-ENFOCA-2849c-Jorge-Urdanoz-Apezteguia.-1423.webp\",\"contentUrl\":\"https:\\\/\\\/www.laguiadepamplona.com\\\/actualidad\\\/wp-content\\\/uploads\\\/2024\\\/12\\\/1.-ENFOCA-2849c-Jorge-Urdanoz-Apezteguia.-1423.webp\",\"width\":794,\"height\":1077,\"caption\":\"enfoca Jorge Urd\u00e1noz\"},{\"@type\":\"BreadcrumbList\",\"@id\":\"https:\\\/\\\/www.laguiadepamplona.com\\\/actualidad\\\/jorge-urdanoz-gana-el-concurso-de-fotografia-enfoca-pamplona-con-una-imagen-de-la-plaza-del-castillo-enmarcada-desde-el-monumento-al-privilegio-de-la-union\\\/#breadcrumb\",\"itemListElement\":[{\"@type\":\"ListItem\",\"position\":1,\"name\":\"Portada\",\"item\":\"https:\\\/\\\/www.laguiadepamplona.com\\\/actualidad\\\/\"},{\"@type\":\"ListItem\",\"position\":2,\"name\":\"Jorge Urd\u00e1noz gana el concurso de fotograf\u00eda Enfoca Pamplona con una imagen de la Plaza del Castillo enmarcada desde el monumento al Privilegio de la Uni\u00f3n\"}]},{\"@type\":\"WebSite\",\"@id\":\"https:\\\/\\\/www.laguiadepamplona.com\\\/actualidad\\\/#website\",\"url\":\"https:\\\/\\\/www.laguiadepamplona.com\\\/actualidad\\\/\",\"name\":\"La gu\u00eda de Pamplona\",\"description\":\"Noticias de Pamplona\",\"publisher\":{\"@id\":\"https:\\\/\\\/www.laguiadepamplona.com\\\/actualidad\\\/#organization\"},\"potentialAction\":[{\"@type\":\"SearchAction\",\"target\":{\"@type\":\"EntryPoint\",\"urlTemplate\":\"https:\\\/\\\/www.laguiadepamplona.com\\\/actualidad\\\/?s={search_term_string}\"},\"query-input\":{\"@type\":\"PropertyValueSpecification\",\"valueRequired\":true,\"valueName\":\"search_term_string\"}}],\"inLanguage\":\"es\"},{\"@type\":\"Organization\",\"@id\":\"https:\\\/\\\/www.laguiadepamplona.com\\\/actualidad\\\/#organization\",\"name\":\"La Gu\u00eda de Pamplona \\\/ Noticias\",\"url\":\"https:\\\/\\\/www.laguiadepamplona.com\\\/actualidad\\\/\",\"logo\":{\"@type\":\"ImageObject\",\"inLanguage\":\"es\",\"@id\":\"https:\\\/\\\/www.laguiadepamplona.com\\\/actualidad\\\/#\\\/schema\\\/logo\\\/image\\\/\",\"url\":\"https:\\\/\\\/www.laguiadepamplona.com\\\/actualidad\\\/wp-content\\\/uploads\\\/2018\\\/11\\\/logo-laguiadepamplona18-web1.png\",\"contentUrl\":\"https:\\\/\\\/www.laguiadepamplona.com\\\/actualidad\\\/wp-content\\\/uploads\\\/2018\\\/11\\\/logo-laguiadepamplona18-web1.png\",\"width\":600,\"height\":196,\"caption\":\"La Gu\u00eda de Pamplona \\\/ Noticias\"},\"image\":{\"@id\":\"https:\\\/\\\/www.laguiadepamplona.com\\\/actualidad\\\/#\\\/schema\\\/logo\\\/image\\\/\"},\"sameAs\":[\"https:\\\/\\\/www.facebook.com\\\/laguiadepamplonacom-133175176762273\\\/?ref=hl\",\"https:\\\/\\\/x.com\\\/LaGuiadPamplona\",\"https:\\\/\\\/www.instagram.com\\\/la_guia_de_pamplona\\\/\",\"https:\\\/\\\/www.youtube.com\\\/user\\\/laguiadepamplona\"]},{\"@type\":\"Person\",\"@id\":\"https:\\\/\\\/www.laguiadepamplona.com\\\/actualidad\\\/#\\\/schema\\\/person\\\/efe887376f0213d4657c93adc50b1fdb\",\"name\":\"La Gu\u00eda de Pamplona\",\"image\":{\"@type\":\"ImageObject\",\"inLanguage\":\"es\",\"@id\":\"https:\\\/\\\/secure.gravatar.com\\\/avatar\\\/b6992f131dc8d30ab0dff15446e9d346d9dbd95992de0fef795073f5ea83a81c?s=96&d=mm&r=g\",\"url\":\"https:\\\/\\\/secure.gravatar.com\\\/avatar\\\/b6992f131dc8d30ab0dff15446e9d346d9dbd95992de0fef795073f5ea83a81c?s=96&d=mm&r=g\",\"contentUrl\":\"https:\\\/\\\/secure.gravatar.com\\\/avatar\\\/b6992f131dc8d30ab0dff15446e9d346d9dbd95992de0fef795073f5ea83a81c?s=96&d=mm&r=g\",\"caption\":\"La Gu\u00eda de Pamplona\"}}]}<\/script>\n<!-- \/ Yoast SEO plugin. -->","yoast_head_json":{"title":"Jorge Urd\u00e1noz gana el concurso de fotograf\u00eda Enfoca Pamplona con una imagen de la Plaza del Castillo enmarcada desde el monumento al Privilegio de la Uni\u00f3n","description":"Antonio Lana Salinas y Jos\u00e9 Antonio de la Fuente G\u00f3mez se alzan con el segundo y tercer premio","robots":{"index":"index","follow":"follow","max-snippet":"max-snippet:-1","max-image-preview":"max-image-preview:large","max-video-preview":"max-video-preview:-1"},"canonical":"https:\/\/www.laguiadepamplona.com\/actualidad\/jorge-urdanoz-gana-el-concurso-de-fotografia-enfoca-pamplona-con-una-imagen-de-la-plaza-del-castillo-enmarcada-desde-el-monumento-al-privilegio-de-la-union\/","og_locale":"es_ES","og_type":"article","og_title":"Jorge Urd\u00e1noz gana el concurso de fotograf\u00eda Enfoca Pamplona con una imagen de la Plaza del Castillo enmarcada desde el monumento al Privilegio de la Uni\u00f3n","og_description":"Antonio Lana Salinas y Jos\u00e9 Antonio de la Fuente G\u00f3mez se alzan con el segundo y tercer premio","og_url":"https:\/\/www.laguiadepamplona.com\/actualidad\/jorge-urdanoz-gana-el-concurso-de-fotografia-enfoca-pamplona-con-una-imagen-de-la-plaza-del-castillo-enmarcada-desde-el-monumento-al-privilegio-de-la-union\/","og_site_name":"La Gu\u00eda de Pamplona","article_publisher":"https:\/\/www.facebook.com\/laguiadepamplonacom-133175176762273\/?ref=hl","article_published_time":"2024-12-17T18:23:11+00:00","article_modified_time":"2024-12-17T18:26:11+00:00","og_image":[{"width":794,"height":1077,"url":"https:\/\/www.laguiadepamplona.com\/actualidad\/wp-content\/uploads\/2024\/12\/1.-ENFOCA-2849c-Jorge-Urdanoz-Apezteguia.-1423.webp","type":"image\/webp"}],"author":"La Gu\u00eda de Pamplona","twitter_card":"summary_large_image","twitter_creator":"@LaGuiadPamplona","twitter_site":"@LaGuiadPamplona","twitter_misc":{"Escrito por":"La Gu\u00eda de Pamplona","Tiempo de lectura":"8 minutos"},"schema":{"@context":"https:\/\/schema.org","@graph":[{"@type":"Article","@id":"https:\/\/www.laguiadepamplona.com\/actualidad\/jorge-urdanoz-gana-el-concurso-de-fotografia-enfoca-pamplona-con-una-imagen-de-la-plaza-del-castillo-enmarcada-desde-el-monumento-al-privilegio-de-la-union\/#article","isPartOf":{"@id":"https:\/\/www.laguiadepamplona.com\/actualidad\/jorge-urdanoz-gana-el-concurso-de-fotografia-enfoca-pamplona-con-una-imagen-de-la-plaza-del-castillo-enmarcada-desde-el-monumento-al-privilegio-de-la-union\/"},"author":{"name":"La Gu\u00eda de Pamplona","@id":"https:\/\/www.laguiadepamplona.com\/actualidad\/#\/schema\/person\/efe887376f0213d4657c93adc50b1fdb"},"headline":"Jorge Urd\u00e1noz gana el concurso de fotograf\u00eda Enfoca Pamplona con una imagen de la Plaza del Castillo enmarcada desde el monumento al Privilegio de la Uni\u00f3n","datePublished":"2024-12-17T18:23:11+00:00","dateModified":"2024-12-17T18:26:11+00:00","mainEntityOfPage":{"@id":"https:\/\/www.laguiadepamplona.com\/actualidad\/jorge-urdanoz-gana-el-concurso-de-fotografia-enfoca-pamplona-con-una-imagen-de-la-plaza-del-castillo-enmarcada-desde-el-monumento-al-privilegio-de-la-union\/"},"wordCount":1548,"commentCount":0,"publisher":{"@id":"https:\/\/www.laguiadepamplona.com\/actualidad\/#organization"},"image":{"@id":"https:\/\/www.laguiadepamplona.com\/actualidad\/jorge-urdanoz-gana-el-concurso-de-fotografia-enfoca-pamplona-con-una-imagen-de-la-plaza-del-castillo-enmarcada-desde-el-monumento-al-privilegio-de-la-union\/#primaryimage"},"thumbnailUrl":"https:\/\/www.laguiadepamplona.com\/actualidad\/wp-content\/uploads\/2024\/12\/1.-ENFOCA-2849c-Jorge-Urdanoz-Apezteguia.-1423.webp","articleSection":["Ayto Pamplona"],"inLanguage":"es","potentialAction":[{"@type":"CommentAction","name":"Comment","target":["https:\/\/www.laguiadepamplona.com\/actualidad\/jorge-urdanoz-gana-el-concurso-de-fotografia-enfoca-pamplona-con-una-imagen-de-la-plaza-del-castillo-enmarcada-desde-el-monumento-al-privilegio-de-la-union\/#respond"]}]},{"@type":"WebPage","@id":"https:\/\/www.laguiadepamplona.com\/actualidad\/jorge-urdanoz-gana-el-concurso-de-fotografia-enfoca-pamplona-con-una-imagen-de-la-plaza-del-castillo-enmarcada-desde-el-monumento-al-privilegio-de-la-union\/","url":"https:\/\/www.laguiadepamplona.com\/actualidad\/jorge-urdanoz-gana-el-concurso-de-fotografia-enfoca-pamplona-con-una-imagen-de-la-plaza-del-castillo-enmarcada-desde-el-monumento-al-privilegio-de-la-union\/","name":"Jorge Urd\u00e1noz gana el concurso de fotograf\u00eda Enfoca Pamplona con una imagen de la Plaza del Castillo enmarcada desde el monumento al Privilegio de la Uni\u00f3n","isPartOf":{"@id":"https:\/\/www.laguiadepamplona.com\/actualidad\/#website"},"primaryImageOfPage":{"@id":"https:\/\/www.laguiadepamplona.com\/actualidad\/jorge-urdanoz-gana-el-concurso-de-fotografia-enfoca-pamplona-con-una-imagen-de-la-plaza-del-castillo-enmarcada-desde-el-monumento-al-privilegio-de-la-union\/#primaryimage"},"image":{"@id":"https:\/\/www.laguiadepamplona.com\/actualidad\/jorge-urdanoz-gana-el-concurso-de-fotografia-enfoca-pamplona-con-una-imagen-de-la-plaza-del-castillo-enmarcada-desde-el-monumento-al-privilegio-de-la-union\/#primaryimage"},"thumbnailUrl":"https:\/\/www.laguiadepamplona.com\/actualidad\/wp-content\/uploads\/2024\/12\/1.-ENFOCA-2849c-Jorge-Urdanoz-Apezteguia.-1423.webp","datePublished":"2024-12-17T18:23:11+00:00","dateModified":"2024-12-17T18:26:11+00:00","description":"Antonio Lana Salinas y Jos\u00e9 Antonio de la Fuente G\u00f3mez se alzan con el segundo y tercer premio","breadcrumb":{"@id":"https:\/\/www.laguiadepamplona.com\/actualidad\/jorge-urdanoz-gana-el-concurso-de-fotografia-enfoca-pamplona-con-una-imagen-de-la-plaza-del-castillo-enmarcada-desde-el-monumento-al-privilegio-de-la-union\/#breadcrumb"},"inLanguage":"es","potentialAction":[{"@type":"ReadAction","target":["https:\/\/www.laguiadepamplona.com\/actualidad\/jorge-urdanoz-gana-el-concurso-de-fotografia-enfoca-pamplona-con-una-imagen-de-la-plaza-del-castillo-enmarcada-desde-el-monumento-al-privilegio-de-la-union\/"]}]},{"@type":"ImageObject","inLanguage":"es","@id":"https:\/\/www.laguiadepamplona.com\/actualidad\/jorge-urdanoz-gana-el-concurso-de-fotografia-enfoca-pamplona-con-una-imagen-de-la-plaza-del-castillo-enmarcada-desde-el-monumento-al-privilegio-de-la-union\/#primaryimage","url":"https:\/\/www.laguiadepamplona.com\/actualidad\/wp-content\/uploads\/2024\/12\/1.-ENFOCA-2849c-Jorge-Urdanoz-Apezteguia.-1423.webp","contentUrl":"https:\/\/www.laguiadepamplona.com\/actualidad\/wp-content\/uploads\/2024\/12\/1.-ENFOCA-2849c-Jorge-Urdanoz-Apezteguia.-1423.webp","width":794,"height":1077,"caption":"enfoca Jorge Urd\u00e1noz"},{"@type":"BreadcrumbList","@id":"https:\/\/www.laguiadepamplona.com\/actualidad\/jorge-urdanoz-gana-el-concurso-de-fotografia-enfoca-pamplona-con-una-imagen-de-la-plaza-del-castillo-enmarcada-desde-el-monumento-al-privilegio-de-la-union\/#breadcrumb","itemListElement":[{"@type":"ListItem","position":1,"name":"Portada","item":"https:\/\/www.laguiadepamplona.com\/actualidad\/"},{"@type":"ListItem","position":2,"name":"Jorge Urd\u00e1noz gana el concurso de fotograf\u00eda Enfoca Pamplona con una imagen de la Plaza del Castillo enmarcada desde el monumento al Privilegio de la Uni\u00f3n"}]},{"@type":"WebSite","@id":"https:\/\/www.laguiadepamplona.com\/actualidad\/#website","url":"https:\/\/www.laguiadepamplona.com\/actualidad\/","name":"La gu\u00eda de Pamplona","description":"Noticias de Pamplona","publisher":{"@id":"https:\/\/www.laguiadepamplona.com\/actualidad\/#organization"},"potentialAction":[{"@type":"SearchAction","target":{"@type":"EntryPoint","urlTemplate":"https:\/\/www.laguiadepamplona.com\/actualidad\/?s={search_term_string}"},"query-input":{"@type":"PropertyValueSpecification","valueRequired":true,"valueName":"search_term_string"}}],"inLanguage":"es"},{"@type":"Organization","@id":"https:\/\/www.laguiadepamplona.com\/actualidad\/#organization","name":"La Gu\u00eda de Pamplona \/ Noticias","url":"https:\/\/www.laguiadepamplona.com\/actualidad\/","logo":{"@type":"ImageObject","inLanguage":"es","@id":"https:\/\/www.laguiadepamplona.com\/actualidad\/#\/schema\/logo\/image\/","url":"https:\/\/www.laguiadepamplona.com\/actualidad\/wp-content\/uploads\/2018\/11\/logo-laguiadepamplona18-web1.png","contentUrl":"https:\/\/www.laguiadepamplona.com\/actualidad\/wp-content\/uploads\/2018\/11\/logo-laguiadepamplona18-web1.png","width":600,"height":196,"caption":"La Gu\u00eda de Pamplona \/ Noticias"},"image":{"@id":"https:\/\/www.laguiadepamplona.com\/actualidad\/#\/schema\/logo\/image\/"},"sameAs":["https:\/\/www.facebook.com\/laguiadepamplonacom-133175176762273\/?ref=hl","https:\/\/x.com\/LaGuiadPamplona","https:\/\/www.instagram.com\/la_guia_de_pamplona\/","https:\/\/www.youtube.com\/user\/laguiadepamplona"]},{"@type":"Person","@id":"https:\/\/www.laguiadepamplona.com\/actualidad\/#\/schema\/person\/efe887376f0213d4657c93adc50b1fdb","name":"La Gu\u00eda de Pamplona","image":{"@type":"ImageObject","inLanguage":"es","@id":"https:\/\/secure.gravatar.com\/avatar\/b6992f131dc8d30ab0dff15446e9d346d9dbd95992de0fef795073f5ea83a81c?s=96&d=mm&r=g","url":"https:\/\/secure.gravatar.com\/avatar\/b6992f131dc8d30ab0dff15446e9d346d9dbd95992de0fef795073f5ea83a81c?s=96&d=mm&r=g","contentUrl":"https:\/\/secure.gravatar.com\/avatar\/b6992f131dc8d30ab0dff15446e9d346d9dbd95992de0fef795073f5ea83a81c?s=96&d=mm&r=g","caption":"La Gu\u00eda de Pamplona"}}]}},"post_mailing_queue_ids":[],"_links":{"self":[{"href":"https:\/\/www.laguiadepamplona.com\/actualidad\/wp-json\/wp\/v2\/posts\/51666","targetHints":{"allow":["GET"]}}],"collection":[{"href":"https:\/\/www.laguiadepamplona.com\/actualidad\/wp-json\/wp\/v2\/posts"}],"about":[{"href":"https:\/\/www.laguiadepamplona.com\/actualidad\/wp-json\/wp\/v2\/types\/post"}],"author":[{"embeddable":true,"href":"https:\/\/www.laguiadepamplona.com\/actualidad\/wp-json\/wp\/v2\/users\/1"}],"replies":[{"embeddable":true,"href":"https:\/\/www.laguiadepamplona.com\/actualidad\/wp-json\/wp\/v2\/comments?post=51666"}],"version-history":[{"count":3,"href":"https:\/\/www.laguiadepamplona.com\/actualidad\/wp-json\/wp\/v2\/posts\/51666\/revisions"}],"predecessor-version":[{"id":51674,"href":"https:\/\/www.laguiadepamplona.com\/actualidad\/wp-json\/wp\/v2\/posts\/51666\/revisions\/51674"}],"wp:featuredmedia":[{"embeddable":true,"href":"https:\/\/www.laguiadepamplona.com\/actualidad\/wp-json\/wp\/v2\/media\/51667"}],"wp:attachment":[{"href":"https:\/\/www.laguiadepamplona.com\/actualidad\/wp-json\/wp\/v2\/media?parent=51666"}],"wp:term":[{"taxonomy":"category","embeddable":true,"href":"https:\/\/www.laguiadepamplona.com\/actualidad\/wp-json\/wp\/v2\/categories?post=51666"},{"taxonomy":"post_tag","embeddable":true,"href":"https:\/\/www.laguiadepamplona.com\/actualidad\/wp-json\/wp\/v2\/tags?post=51666"}],"curies":[{"name":"wp","href":"https:\/\/api.w.org\/{rel}","templated":true}]}}