{"id":51656,"date":"2024-12-17T18:09:07","date_gmt":"2024-12-17T16:09:07","guid":{"rendered":"https:\/\/www.laguiadepamplona.com\/actualidad\/?p=51656"},"modified":"2024-12-17T18:09:07","modified_gmt":"2024-12-17T16:09:07","slug":"12-historias-de-vida-relatada-por-quienes-las-protagonizan-llegan-a-la-carpa-de-la-plaza-del-castillo-por-el-dia-internacional-de-las-personas-migradas","status":"publish","type":"post","link":"https:\/\/www.laguiadepamplona.com\/actualidad\/12-historias-de-vida-relatada-por-quienes-las-protagonizan-llegan-a-la-carpa-de-la-plaza-del-castillo-por-el-dia-internacional-de-las-personas-migradas\/","title":{"rendered":"12 \u201chistorias de vida\u201d relatada por quienes las protagonizan, llegan a la carpa de la Plaza del Castillo por el D\u00eda Internacional de las Personas Migradas"},"content":{"rendered":"<h2>La actividad \u2018Bibliotecas humanas, procesos de acogida en primera persona\u2019, llega este mi\u00e9rcoles 18 de diciembre, de 17 a 20 horas<\/h2>\n<p><!--more--><\/p>\n<p>Este mi\u00e9rcoles, 18 de diciembre, por el D\u00eda Internacional de las Personas Migradas, la carpa situada en la Plaza del Castillo acoger\u00e1 un \u00fanico acto de \u2018Bibliotecas humanas, procesos de acogida en primera persona\u2019, de 17 a 20 horas. Esta iniciativa es una metodolog\u00eda que propicia un espacio de encuentro. En \u00e9l las personas participantes podr\u00e1n establecer un di\u00e1logo con personas de diversas nacionalidades que viven en Pamplona y que han ido llegando a la ciudad, muchas veces tras largas peripecias vitales.<\/p>\n<p>As\u00ed, en un sal\u00f3n improvisado y en un ambiente acogedor, con seis espacios de encuentro uy una zona de espera central con caf\u00e9 o t\u00e9 y pastas, hasta 12 personas migradas que viven en la ciudad compartir\u00e1n en primera persona con quienes asistan sus procesos de acogida y experiencias, y hablar\u00e1n de solidaridad y resiliencia. Proceden de varios continentes, de pa\u00edses como Chile, Ecuador, Venezuela, M\u00e9xico, Kenia, Ucrania, Colombia o Mali. La actividad se realiza en colaboraci\u00f3n con el Servicio de mediaci\u00f3n de Gobierno de Navarra y el Servicio de Educaci\u00f3n Intercultural, SEI. Se trata, por medio de conversaciones de 10 a 15 minutos, de lograr aproximarse y desafiar los prejuicios, combatir la discriminaci\u00f3n y contribuir a una mayor cohesi\u00f3n social.<\/p>\n<p>En las bibliotecas humanas los libros son personas que cuentan sus historias de vida que pasan a formar parte de un patrimonio inmaterial. Quienes escuchan se convierten as\u00ed en lectoras y lectores de vidas. Esta metodolog\u00eda de escucha activa naci\u00f3 en Copenhague a principios de los a\u00f1os 90 para poner remedio a una oleada de violencia nocturna. Del \u00e9xito de la iniciativa nacieron las \u2018Human Library\u2019 como movimiento internacional en el a\u00f1o 2000.<\/p>\n<p>Naciones Unidas estableci\u00f3 el 18 de diciembre como D\u00eda Internacional de las Personas Migradas en conmemoraci\u00f3n de la adopci\u00f3n de la Convenci\u00f3n Internacional sobre la Protecci\u00f3n de los Derechos de Todos los Trabajadores Migratorios y de sus Familiares, que tuvo lugar en 1990. Era el reconocimiento de la migraci\u00f3n como un fen\u00f3meno global significativo, una forma de destacar su contribuci\u00f3n al desarrollo en los pa\u00edses de origen y destino y un recordatorio de la importancia de respetar y proteger los derechos humanos, tambi\u00e9n de los migrantes.<\/p>\n<p>Pamplona es una sociedad de acogida y la ciudad tiene en vigor su I Plan de Diversidad Cultural de Pamplona (2023 \u2013 2026), una reflexi\u00f3n que tiene por objetivo poner en valor la diversidad cultural como fuente de enriquecimiento para la ciudadan\u00eda en su conjunto. El documento agrupa m\u00e1s de 150 medidas en cuatro l\u00edneas estrat\u00e9gicas, Interculturalidad, Ciudad educadora y mediadora, Conocer m\u00e1s para desterrar el prejuicio y Apostar por la ciudadan\u00eda.<\/p>\n","protected":false},"excerpt":{"rendered":"<p>La actividad \u2018Bibliotecas humanas, procesos de acogida en primera persona\u2019, llega este mi\u00e9rcoles 18 de diciembre, de 17 a 20 horas<\/p>\n","protected":false},"author":1,"featured_media":51657,"comment_status":"open","ping_status":"closed","sticky":false,"template":"","format":"standard","meta":{"footnotes":""},"categories":[2],"tags":[],"class_list":["post-51656","post","type-post","status-publish","format-standard","has-post-thumbnail","hentry","category-ayuntamiento-pamplona"],"yoast_head":"<!-- This site is optimized with the Yoast SEO plugin v27.5 - https:\/\/yoast.com\/product\/yoast-seo-wordpress\/ -->\n<title>12 \u201chistorias de vida\u201d relatada por quienes las protagonizan, llegan a la carpa de la Plaza del Castillo por el D\u00eda Internacional de las Personas Migradas<\/title>\n<meta name=\"description\" content=\"La actividad \u2018Bibliotecas humanas, procesos de acogida en primera persona\u2019, llega este mi\u00e9rcoles 18 de diciembre, de 17 a 20 horas\" \/>\n<meta name=\"robots\" content=\"index, follow, max-snippet:-1, max-image-preview:large, max-video-preview:-1\" \/>\n<link rel=\"canonical\" href=\"https:\/\/www.laguiadepamplona.com\/actualidad\/12-historias-de-vida-relatada-por-quienes-las-protagonizan-llegan-a-la-carpa-de-la-plaza-del-castillo-por-el-dia-internacional-de-las-personas-migradas\/\" \/>\n<meta property=\"og:locale\" content=\"es_ES\" \/>\n<meta property=\"og:type\" content=\"article\" \/>\n<meta property=\"og:title\" content=\"12 \u201chistorias de vida\u201d relatada por quienes las protagonizan, llegan a la carpa de la Plaza del Castillo por el D\u00eda Internacional de las Personas Migradas\" \/>\n<meta property=\"og:description\" content=\"La actividad \u2018Bibliotecas humanas, procesos de acogida en primera persona\u2019, llega este mi\u00e9rcoles 18 de diciembre, de 17 a 20 horas\" \/>\n<meta property=\"og:url\" content=\"https:\/\/www.laguiadepamplona.com\/actualidad\/12-historias-de-vida-relatada-por-quienes-las-protagonizan-llegan-a-la-carpa-de-la-plaza-del-castillo-por-el-dia-internacional-de-las-personas-migradas\/\" \/>\n<meta property=\"og:site_name\" content=\"La Gu\u00eda de Pamplona\" \/>\n<meta property=\"article:publisher\" content=\"https:\/\/www.facebook.com\/laguiadepamplonacom-133175176762273\/?ref=hl\" \/>\n<meta property=\"article:published_time\" content=\"2024-12-17T16:09:07+00:00\" \/>\n<meta property=\"og:image\" content=\"https:\/\/www.laguiadepamplona.com\/actualidad\/wp-content\/uploads\/2024\/12\/dia_personas_migradas_web.webp\" \/>\n\t<meta property=\"og:image:width\" content=\"1000\" \/>\n\t<meta property=\"og:image:height\" content=\"816\" \/>\n\t<meta property=\"og:image:type\" content=\"image\/webp\" \/>\n<meta name=\"author\" content=\"La Gu\u00eda de Pamplona\" \/>\n<meta name=\"twitter:card\" content=\"summary_large_image\" \/>\n<meta name=\"twitter:creator\" content=\"@LaGuiadPamplona\" \/>\n<meta name=\"twitter:site\" content=\"@LaGuiadPamplona\" \/>\n<meta name=\"twitter:label1\" content=\"Escrito por\" \/>\n\t<meta name=\"twitter:data1\" content=\"La Gu\u00eda de Pamplona\" \/>\n\t<meta name=\"twitter:label2\" content=\"Tiempo de lectura\" \/>\n\t<meta name=\"twitter:data2\" content=\"3 minutos\" \/>\n<script type=\"application\/ld+json\" class=\"yoast-schema-graph\">{\"@context\":\"https:\\\/\\\/schema.org\",\"@graph\":[{\"@type\":\"Article\",\"@id\":\"https:\\\/\\\/www.laguiadepamplona.com\\\/actualidad\\\/12-historias-de-vida-relatada-por-quienes-las-protagonizan-llegan-a-la-carpa-de-la-plaza-del-castillo-por-el-dia-internacional-de-las-personas-migradas\\\/#article\",\"isPartOf\":{\"@id\":\"https:\\\/\\\/www.laguiadepamplona.com\\\/actualidad\\\/12-historias-de-vida-relatada-por-quienes-las-protagonizan-llegan-a-la-carpa-de-la-plaza-del-castillo-por-el-dia-internacional-de-las-personas-migradas\\\/\"},\"author\":{\"name\":\"La Gu\u00eda de Pamplona\",\"@id\":\"https:\\\/\\\/www.laguiadepamplona.com\\\/actualidad\\\/#\\\/schema\\\/person\\\/efe887376f0213d4657c93adc50b1fdb\"},\"headline\":\"12 \u201chistorias de vida\u201d relatada por quienes las protagonizan, llegan a la carpa de la Plaza del Castillo por el D\u00eda Internacional de las Personas Migradas\",\"datePublished\":\"2024-12-17T16:09:07+00:00\",\"mainEntityOfPage\":{\"@id\":\"https:\\\/\\\/www.laguiadepamplona.com\\\/actualidad\\\/12-historias-de-vida-relatada-por-quienes-las-protagonizan-llegan-a-la-carpa-de-la-plaza-del-castillo-por-el-dia-internacional-de-las-personas-migradas\\\/\"},\"wordCount\":500,\"commentCount\":0,\"publisher\":{\"@id\":\"https:\\\/\\\/www.laguiadepamplona.com\\\/actualidad\\\/#organization\"},\"image\":{\"@id\":\"https:\\\/\\\/www.laguiadepamplona.com\\\/actualidad\\\/12-historias-de-vida-relatada-por-quienes-las-protagonizan-llegan-a-la-carpa-de-la-plaza-del-castillo-por-el-dia-internacional-de-las-personas-migradas\\\/#primaryimage\"},\"thumbnailUrl\":\"https:\\\/\\\/www.laguiadepamplona.com\\\/actualidad\\\/wp-content\\\/uploads\\\/2024\\\/12\\\/dia_personas_migradas_web.webp\",\"articleSection\":[\"Ayto Pamplona\"],\"inLanguage\":\"es\",\"potentialAction\":[{\"@type\":\"CommentAction\",\"name\":\"Comment\",\"target\":[\"https:\\\/\\\/www.laguiadepamplona.com\\\/actualidad\\\/12-historias-de-vida-relatada-por-quienes-las-protagonizan-llegan-a-la-carpa-de-la-plaza-del-castillo-por-el-dia-internacional-de-las-personas-migradas\\\/#respond\"]}]},{\"@type\":\"WebPage\",\"@id\":\"https:\\\/\\\/www.laguiadepamplona.com\\\/actualidad\\\/12-historias-de-vida-relatada-por-quienes-las-protagonizan-llegan-a-la-carpa-de-la-plaza-del-castillo-por-el-dia-internacional-de-las-personas-migradas\\\/\",\"url\":\"https:\\\/\\\/www.laguiadepamplona.com\\\/actualidad\\\/12-historias-de-vida-relatada-por-quienes-las-protagonizan-llegan-a-la-carpa-de-la-plaza-del-castillo-por-el-dia-internacional-de-las-personas-migradas\\\/\",\"name\":\"12 \u201chistorias de vida\u201d relatada por quienes las protagonizan, llegan a la carpa de la Plaza del Castillo por el D\u00eda Internacional de las Personas Migradas\",\"isPartOf\":{\"@id\":\"https:\\\/\\\/www.laguiadepamplona.com\\\/actualidad\\\/#website\"},\"primaryImageOfPage\":{\"@id\":\"https:\\\/\\\/www.laguiadepamplona.com\\\/actualidad\\\/12-historias-de-vida-relatada-por-quienes-las-protagonizan-llegan-a-la-carpa-de-la-plaza-del-castillo-por-el-dia-internacional-de-las-personas-migradas\\\/#primaryimage\"},\"image\":{\"@id\":\"https:\\\/\\\/www.laguiadepamplona.com\\\/actualidad\\\/12-historias-de-vida-relatada-por-quienes-las-protagonizan-llegan-a-la-carpa-de-la-plaza-del-castillo-por-el-dia-internacional-de-las-personas-migradas\\\/#primaryimage\"},\"thumbnailUrl\":\"https:\\\/\\\/www.laguiadepamplona.com\\\/actualidad\\\/wp-content\\\/uploads\\\/2024\\\/12\\\/dia_personas_migradas_web.webp\",\"datePublished\":\"2024-12-17T16:09:07+00:00\",\"description\":\"La actividad \u2018Bibliotecas humanas, procesos de acogida en primera persona\u2019, llega este mi\u00e9rcoles 18 de diciembre, de 17 a 20 horas\",\"breadcrumb\":{\"@id\":\"https:\\\/\\\/www.laguiadepamplona.com\\\/actualidad\\\/12-historias-de-vida-relatada-por-quienes-las-protagonizan-llegan-a-la-carpa-de-la-plaza-del-castillo-por-el-dia-internacional-de-las-personas-migradas\\\/#breadcrumb\"},\"inLanguage\":\"es\",\"potentialAction\":[{\"@type\":\"ReadAction\",\"target\":[\"https:\\\/\\\/www.laguiadepamplona.com\\\/actualidad\\\/12-historias-de-vida-relatada-por-quienes-las-protagonizan-llegan-a-la-carpa-de-la-plaza-del-castillo-por-el-dia-internacional-de-las-personas-migradas\\\/\"]}]},{\"@type\":\"ImageObject\",\"inLanguage\":\"es\",\"@id\":\"https:\\\/\\\/www.laguiadepamplona.com\\\/actualidad\\\/12-historias-de-vida-relatada-por-quienes-las-protagonizan-llegan-a-la-carpa-de-la-plaza-del-castillo-por-el-dia-internacional-de-las-personas-migradas\\\/#primaryimage\",\"url\":\"https:\\\/\\\/www.laguiadepamplona.com\\\/actualidad\\\/wp-content\\\/uploads\\\/2024\\\/12\\\/dia_personas_migradas_web.webp\",\"contentUrl\":\"https:\\\/\\\/www.laguiadepamplona.com\\\/actualidad\\\/wp-content\\\/uploads\\\/2024\\\/12\\\/dia_personas_migradas_web.webp\",\"width\":1000,\"height\":816,\"caption\":\"d\u00eda personas migradas\"},{\"@type\":\"BreadcrumbList\",\"@id\":\"https:\\\/\\\/www.laguiadepamplona.com\\\/actualidad\\\/12-historias-de-vida-relatada-por-quienes-las-protagonizan-llegan-a-la-carpa-de-la-plaza-del-castillo-por-el-dia-internacional-de-las-personas-migradas\\\/#breadcrumb\",\"itemListElement\":[{\"@type\":\"ListItem\",\"position\":1,\"name\":\"Portada\",\"item\":\"https:\\\/\\\/www.laguiadepamplona.com\\\/actualidad\\\/\"},{\"@type\":\"ListItem\",\"position\":2,\"name\":\"12 \u201chistorias de vida\u201d relatada por quienes las protagonizan, llegan a la carpa de la Plaza del Castillo por el D\u00eda Internacional de las Personas Migradas\"}]},{\"@type\":\"WebSite\",\"@id\":\"https:\\\/\\\/www.laguiadepamplona.com\\\/actualidad\\\/#website\",\"url\":\"https:\\\/\\\/www.laguiadepamplona.com\\\/actualidad\\\/\",\"name\":\"La gu\u00eda de Pamplona\",\"description\":\"Noticias de Pamplona\",\"publisher\":{\"@id\":\"https:\\\/\\\/www.laguiadepamplona.com\\\/actualidad\\\/#organization\"},\"potentialAction\":[{\"@type\":\"SearchAction\",\"target\":{\"@type\":\"EntryPoint\",\"urlTemplate\":\"https:\\\/\\\/www.laguiadepamplona.com\\\/actualidad\\\/?s={search_term_string}\"},\"query-input\":{\"@type\":\"PropertyValueSpecification\",\"valueRequired\":true,\"valueName\":\"search_term_string\"}}],\"inLanguage\":\"es\"},{\"@type\":\"Organization\",\"@id\":\"https:\\\/\\\/www.laguiadepamplona.com\\\/actualidad\\\/#organization\",\"name\":\"La Gu\u00eda de Pamplona \\\/ Noticias\",\"url\":\"https:\\\/\\\/www.laguiadepamplona.com\\\/actualidad\\\/\",\"logo\":{\"@type\":\"ImageObject\",\"inLanguage\":\"es\",\"@id\":\"https:\\\/\\\/www.laguiadepamplona.com\\\/actualidad\\\/#\\\/schema\\\/logo\\\/image\\\/\",\"url\":\"https:\\\/\\\/www.laguiadepamplona.com\\\/actualidad\\\/wp-content\\\/uploads\\\/2018\\\/11\\\/logo-laguiadepamplona18-web1.png\",\"contentUrl\":\"https:\\\/\\\/www.laguiadepamplona.com\\\/actualidad\\\/wp-content\\\/uploads\\\/2018\\\/11\\\/logo-laguiadepamplona18-web1.png\",\"width\":600,\"height\":196,\"caption\":\"La Gu\u00eda de Pamplona \\\/ Noticias\"},\"image\":{\"@id\":\"https:\\\/\\\/www.laguiadepamplona.com\\\/actualidad\\\/#\\\/schema\\\/logo\\\/image\\\/\"},\"sameAs\":[\"https:\\\/\\\/www.facebook.com\\\/laguiadepamplonacom-133175176762273\\\/?ref=hl\",\"https:\\\/\\\/x.com\\\/LaGuiadPamplona\",\"https:\\\/\\\/www.instagram.com\\\/la_guia_de_pamplona\\\/\",\"https:\\\/\\\/www.youtube.com\\\/user\\\/laguiadepamplona\"]},{\"@type\":\"Person\",\"@id\":\"https:\\\/\\\/www.laguiadepamplona.com\\\/actualidad\\\/#\\\/schema\\\/person\\\/efe887376f0213d4657c93adc50b1fdb\",\"name\":\"La Gu\u00eda de Pamplona\",\"image\":{\"@type\":\"ImageObject\",\"inLanguage\":\"es\",\"@id\":\"https:\\\/\\\/secure.gravatar.com\\\/avatar\\\/b6992f131dc8d30ab0dff15446e9d346d9dbd95992de0fef795073f5ea83a81c?s=96&d=mm&r=g\",\"url\":\"https:\\\/\\\/secure.gravatar.com\\\/avatar\\\/b6992f131dc8d30ab0dff15446e9d346d9dbd95992de0fef795073f5ea83a81c?s=96&d=mm&r=g\",\"contentUrl\":\"https:\\\/\\\/secure.gravatar.com\\\/avatar\\\/b6992f131dc8d30ab0dff15446e9d346d9dbd95992de0fef795073f5ea83a81c?s=96&d=mm&r=g\",\"caption\":\"La Gu\u00eda de Pamplona\"}}]}<\/script>\n<!-- \/ Yoast SEO plugin. -->","yoast_head_json":{"title":"12 \u201chistorias de vida\u201d relatada por quienes las protagonizan, llegan a la carpa de la Plaza del Castillo por el D\u00eda Internacional de las Personas Migradas","description":"La actividad \u2018Bibliotecas humanas, procesos de acogida en primera persona\u2019, llega este mi\u00e9rcoles 18 de diciembre, de 17 a 20 horas","robots":{"index":"index","follow":"follow","max-snippet":"max-snippet:-1","max-image-preview":"max-image-preview:large","max-video-preview":"max-video-preview:-1"},"canonical":"https:\/\/www.laguiadepamplona.com\/actualidad\/12-historias-de-vida-relatada-por-quienes-las-protagonizan-llegan-a-la-carpa-de-la-plaza-del-castillo-por-el-dia-internacional-de-las-personas-migradas\/","og_locale":"es_ES","og_type":"article","og_title":"12 \u201chistorias de vida\u201d relatada por quienes las protagonizan, llegan a la carpa de la Plaza del Castillo por el D\u00eda Internacional de las Personas Migradas","og_description":"La actividad \u2018Bibliotecas humanas, procesos de acogida en primera persona\u2019, llega este mi\u00e9rcoles 18 de diciembre, de 17 a 20 horas","og_url":"https:\/\/www.laguiadepamplona.com\/actualidad\/12-historias-de-vida-relatada-por-quienes-las-protagonizan-llegan-a-la-carpa-de-la-plaza-del-castillo-por-el-dia-internacional-de-las-personas-migradas\/","og_site_name":"La Gu\u00eda de Pamplona","article_publisher":"https:\/\/www.facebook.com\/laguiadepamplonacom-133175176762273\/?ref=hl","article_published_time":"2024-12-17T16:09:07+00:00","og_image":[{"width":1000,"height":816,"url":"https:\/\/www.laguiadepamplona.com\/actualidad\/wp-content\/uploads\/2024\/12\/dia_personas_migradas_web.webp","type":"image\/webp"}],"author":"La Gu\u00eda de Pamplona","twitter_card":"summary_large_image","twitter_creator":"@LaGuiadPamplona","twitter_site":"@LaGuiadPamplona","twitter_misc":{"Escrito por":"La Gu\u00eda de Pamplona","Tiempo de lectura":"3 minutos"},"schema":{"@context":"https:\/\/schema.org","@graph":[{"@type":"Article","@id":"https:\/\/www.laguiadepamplona.com\/actualidad\/12-historias-de-vida-relatada-por-quienes-las-protagonizan-llegan-a-la-carpa-de-la-plaza-del-castillo-por-el-dia-internacional-de-las-personas-migradas\/#article","isPartOf":{"@id":"https:\/\/www.laguiadepamplona.com\/actualidad\/12-historias-de-vida-relatada-por-quienes-las-protagonizan-llegan-a-la-carpa-de-la-plaza-del-castillo-por-el-dia-internacional-de-las-personas-migradas\/"},"author":{"name":"La Gu\u00eda de Pamplona","@id":"https:\/\/www.laguiadepamplona.com\/actualidad\/#\/schema\/person\/efe887376f0213d4657c93adc50b1fdb"},"headline":"12 \u201chistorias de vida\u201d relatada por quienes las protagonizan, llegan a la carpa de la Plaza del Castillo por el D\u00eda Internacional de las Personas Migradas","datePublished":"2024-12-17T16:09:07+00:00","mainEntityOfPage":{"@id":"https:\/\/www.laguiadepamplona.com\/actualidad\/12-historias-de-vida-relatada-por-quienes-las-protagonizan-llegan-a-la-carpa-de-la-plaza-del-castillo-por-el-dia-internacional-de-las-personas-migradas\/"},"wordCount":500,"commentCount":0,"publisher":{"@id":"https:\/\/www.laguiadepamplona.com\/actualidad\/#organization"},"image":{"@id":"https:\/\/www.laguiadepamplona.com\/actualidad\/12-historias-de-vida-relatada-por-quienes-las-protagonizan-llegan-a-la-carpa-de-la-plaza-del-castillo-por-el-dia-internacional-de-las-personas-migradas\/#primaryimage"},"thumbnailUrl":"https:\/\/www.laguiadepamplona.com\/actualidad\/wp-content\/uploads\/2024\/12\/dia_personas_migradas_web.webp","articleSection":["Ayto Pamplona"],"inLanguage":"es","potentialAction":[{"@type":"CommentAction","name":"Comment","target":["https:\/\/www.laguiadepamplona.com\/actualidad\/12-historias-de-vida-relatada-por-quienes-las-protagonizan-llegan-a-la-carpa-de-la-plaza-del-castillo-por-el-dia-internacional-de-las-personas-migradas\/#respond"]}]},{"@type":"WebPage","@id":"https:\/\/www.laguiadepamplona.com\/actualidad\/12-historias-de-vida-relatada-por-quienes-las-protagonizan-llegan-a-la-carpa-de-la-plaza-del-castillo-por-el-dia-internacional-de-las-personas-migradas\/","url":"https:\/\/www.laguiadepamplona.com\/actualidad\/12-historias-de-vida-relatada-por-quienes-las-protagonizan-llegan-a-la-carpa-de-la-plaza-del-castillo-por-el-dia-internacional-de-las-personas-migradas\/","name":"12 \u201chistorias de vida\u201d relatada por quienes las protagonizan, llegan a la carpa de la Plaza del Castillo por el D\u00eda Internacional de las Personas Migradas","isPartOf":{"@id":"https:\/\/www.laguiadepamplona.com\/actualidad\/#website"},"primaryImageOfPage":{"@id":"https:\/\/www.laguiadepamplona.com\/actualidad\/12-historias-de-vida-relatada-por-quienes-las-protagonizan-llegan-a-la-carpa-de-la-plaza-del-castillo-por-el-dia-internacional-de-las-personas-migradas\/#primaryimage"},"image":{"@id":"https:\/\/www.laguiadepamplona.com\/actualidad\/12-historias-de-vida-relatada-por-quienes-las-protagonizan-llegan-a-la-carpa-de-la-plaza-del-castillo-por-el-dia-internacional-de-las-personas-migradas\/#primaryimage"},"thumbnailUrl":"https:\/\/www.laguiadepamplona.com\/actualidad\/wp-content\/uploads\/2024\/12\/dia_personas_migradas_web.webp","datePublished":"2024-12-17T16:09:07+00:00","description":"La actividad \u2018Bibliotecas humanas, procesos de acogida en primera persona\u2019, llega este mi\u00e9rcoles 18 de diciembre, de 17 a 20 horas","breadcrumb":{"@id":"https:\/\/www.laguiadepamplona.com\/actualidad\/12-historias-de-vida-relatada-por-quienes-las-protagonizan-llegan-a-la-carpa-de-la-plaza-del-castillo-por-el-dia-internacional-de-las-personas-migradas\/#breadcrumb"},"inLanguage":"es","potentialAction":[{"@type":"ReadAction","target":["https:\/\/www.laguiadepamplona.com\/actualidad\/12-historias-de-vida-relatada-por-quienes-las-protagonizan-llegan-a-la-carpa-de-la-plaza-del-castillo-por-el-dia-internacional-de-las-personas-migradas\/"]}]},{"@type":"ImageObject","inLanguage":"es","@id":"https:\/\/www.laguiadepamplona.com\/actualidad\/12-historias-de-vida-relatada-por-quienes-las-protagonizan-llegan-a-la-carpa-de-la-plaza-del-castillo-por-el-dia-internacional-de-las-personas-migradas\/#primaryimage","url":"https:\/\/www.laguiadepamplona.com\/actualidad\/wp-content\/uploads\/2024\/12\/dia_personas_migradas_web.webp","contentUrl":"https:\/\/www.laguiadepamplona.com\/actualidad\/wp-content\/uploads\/2024\/12\/dia_personas_migradas_web.webp","width":1000,"height":816,"caption":"d\u00eda personas migradas"},{"@type":"BreadcrumbList","@id":"https:\/\/www.laguiadepamplona.com\/actualidad\/12-historias-de-vida-relatada-por-quienes-las-protagonizan-llegan-a-la-carpa-de-la-plaza-del-castillo-por-el-dia-internacional-de-las-personas-migradas\/#breadcrumb","itemListElement":[{"@type":"ListItem","position":1,"name":"Portada","item":"https:\/\/www.laguiadepamplona.com\/actualidad\/"},{"@type":"ListItem","position":2,"name":"12 \u201chistorias de vida\u201d relatada por quienes las protagonizan, llegan a la carpa de la Plaza del Castillo por el D\u00eda Internacional de las Personas Migradas"}]},{"@type":"WebSite","@id":"https:\/\/www.laguiadepamplona.com\/actualidad\/#website","url":"https:\/\/www.laguiadepamplona.com\/actualidad\/","name":"La gu\u00eda de Pamplona","description":"Noticias de Pamplona","publisher":{"@id":"https:\/\/www.laguiadepamplona.com\/actualidad\/#organization"},"potentialAction":[{"@type":"SearchAction","target":{"@type":"EntryPoint","urlTemplate":"https:\/\/www.laguiadepamplona.com\/actualidad\/?s={search_term_string}"},"query-input":{"@type":"PropertyValueSpecification","valueRequired":true,"valueName":"search_term_string"}}],"inLanguage":"es"},{"@type":"Organization","@id":"https:\/\/www.laguiadepamplona.com\/actualidad\/#organization","name":"La Gu\u00eda de Pamplona \/ Noticias","url":"https:\/\/www.laguiadepamplona.com\/actualidad\/","logo":{"@type":"ImageObject","inLanguage":"es","@id":"https:\/\/www.laguiadepamplona.com\/actualidad\/#\/schema\/logo\/image\/","url":"https:\/\/www.laguiadepamplona.com\/actualidad\/wp-content\/uploads\/2018\/11\/logo-laguiadepamplona18-web1.png","contentUrl":"https:\/\/www.laguiadepamplona.com\/actualidad\/wp-content\/uploads\/2018\/11\/logo-laguiadepamplona18-web1.png","width":600,"height":196,"caption":"La Gu\u00eda de Pamplona \/ Noticias"},"image":{"@id":"https:\/\/www.laguiadepamplona.com\/actualidad\/#\/schema\/logo\/image\/"},"sameAs":["https:\/\/www.facebook.com\/laguiadepamplonacom-133175176762273\/?ref=hl","https:\/\/x.com\/LaGuiadPamplona","https:\/\/www.instagram.com\/la_guia_de_pamplona\/","https:\/\/www.youtube.com\/user\/laguiadepamplona"]},{"@type":"Person","@id":"https:\/\/www.laguiadepamplona.com\/actualidad\/#\/schema\/person\/efe887376f0213d4657c93adc50b1fdb","name":"La Gu\u00eda de Pamplona","image":{"@type":"ImageObject","inLanguage":"es","@id":"https:\/\/secure.gravatar.com\/avatar\/b6992f131dc8d30ab0dff15446e9d346d9dbd95992de0fef795073f5ea83a81c?s=96&d=mm&r=g","url":"https:\/\/secure.gravatar.com\/avatar\/b6992f131dc8d30ab0dff15446e9d346d9dbd95992de0fef795073f5ea83a81c?s=96&d=mm&r=g","contentUrl":"https:\/\/secure.gravatar.com\/avatar\/b6992f131dc8d30ab0dff15446e9d346d9dbd95992de0fef795073f5ea83a81c?s=96&d=mm&r=g","caption":"La Gu\u00eda de Pamplona"}}]}},"post_mailing_queue_ids":[],"_links":{"self":[{"href":"https:\/\/www.laguiadepamplona.com\/actualidad\/wp-json\/wp\/v2\/posts\/51656","targetHints":{"allow":["GET"]}}],"collection":[{"href":"https:\/\/www.laguiadepamplona.com\/actualidad\/wp-json\/wp\/v2\/posts"}],"about":[{"href":"https:\/\/www.laguiadepamplona.com\/actualidad\/wp-json\/wp\/v2\/types\/post"}],"author":[{"embeddable":true,"href":"https:\/\/www.laguiadepamplona.com\/actualidad\/wp-json\/wp\/v2\/users\/1"}],"replies":[{"embeddable":true,"href":"https:\/\/www.laguiadepamplona.com\/actualidad\/wp-json\/wp\/v2\/comments?post=51656"}],"version-history":[{"count":1,"href":"https:\/\/www.laguiadepamplona.com\/actualidad\/wp-json\/wp\/v2\/posts\/51656\/revisions"}],"predecessor-version":[{"id":51658,"href":"https:\/\/www.laguiadepamplona.com\/actualidad\/wp-json\/wp\/v2\/posts\/51656\/revisions\/51658"}],"wp:featuredmedia":[{"embeddable":true,"href":"https:\/\/www.laguiadepamplona.com\/actualidad\/wp-json\/wp\/v2\/media\/51657"}],"wp:attachment":[{"href":"https:\/\/www.laguiadepamplona.com\/actualidad\/wp-json\/wp\/v2\/media?parent=51656"}],"wp:term":[{"taxonomy":"category","embeddable":true,"href":"https:\/\/www.laguiadepamplona.com\/actualidad\/wp-json\/wp\/v2\/categories?post=51656"},{"taxonomy":"post_tag","embeddable":true,"href":"https:\/\/www.laguiadepamplona.com\/actualidad\/wp-json\/wp\/v2\/tags?post=51656"}],"curies":[{"name":"wp","href":"https:\/\/api.w.org\/{rel}","templated":true}]}}