{"id":51627,"date":"2024-12-13T17:32:53","date_gmt":"2024-12-13T15:32:53","guid":{"rendered":"https:\/\/www.laguiadepamplona.com\/actualidad\/?p=51627"},"modified":"2024-12-13T17:32:53","modified_gmt":"2024-12-13T15:32:53","slug":"la-undecima-edicion-de-pamplona-emprende-se-ha-clausurado-este-viernes-con-la-presentacion-de-ocho-proyectos-de-negocio-que-se-estan-desarrollando","status":"publish","type":"post","link":"https:\/\/www.laguiadepamplona.com\/actualidad\/la-undecima-edicion-de-pamplona-emprende-se-ha-clausurado-este-viernes-con-la-presentacion-de-ocho-proyectos-de-negocio-que-se-estan-desarrollando\/","title":{"rendered":"La und\u00e9cima edici\u00f3n de Pamplona Emprende se ha clausurado este viernes con la presentaci\u00f3n de ocho proyectos de negocio que se est\u00e1n desarrollando"},"content":{"rendered":"<h2>Organizado por el Ayuntamiento en colaboraci\u00f3n con CEIN, el programa ha formado en emprendimiento a 24 personas durante cuatro meses<\/h2>\n<p><!--more--><\/p>\n<p>El programa Pamplona Emprende 2024, organizado por el Ayuntamiento de Pamplona en colaboraci\u00f3n con CEIN (Centro Europeo de Empresas e Innovaci\u00f3n de Navarra), bajo el lema \u2018Una idea, un proyecto\u2019, ha presentado esta ma\u00f1ana los ocho proyectos de emprendimiento que actualmente est\u00e1n desarrollando sus participantes. El programa, en el que han participado 24 personas, se ha clausurado este viernes despu\u00e9s de cuatro meses de formaci\u00f3n. Once de ellas, nueve mujeres y dos hombres, est\u00e1n detr\u00e1s de las ocho ideas de negocio presentadas hoy.<\/p>\n<p>El objetivo del programa, que cumple su und\u00e9cima edici\u00f3n, es conseguir que personas con inquietud por emprender y compromiso con el calendario de formaci\u00f3n y las actividades pr\u00e1cticas lo finalicen con una idea de negocio viable, adem\u00e1s de haber mejorado sus competencias emprendedoras. El programa sit\u00faa a las personas participantes como art\u00edfices de su propio aprendizaje y se basa en metodolog\u00edas contrastadas en los principales centros de emprendimiento a nivel internacional como el Learning by doing o Lean. La metodolog\u00eda incorpora un importante componente de sostenibilidad en la preparaci\u00f3n de todas las iniciativas emprendedoras en su triple vertiente, econ\u00f3mica, social y ambiental.<\/p>\n<p>As\u00ed, en esta nueva edici\u00f3n de Pamplona Emprende, se est\u00e1n desarrollando ocho ideas que van desde venta a granel o terapias de apoyo emocional con perros a yoga para empresas en las mismas empresas o fisioterapia especializada en suelo p\u00e9lvico, pasando por dise\u00f1o de interiores, an\u00e1lisis de datos e ilustraci\u00f3n para comunicar investigaciones cient\u00edficas, una aplicaci\u00f3n digital para el servicio jur\u00eddico de compraventa de vivienda o la creaci\u00f3n de p\u00e1ginas web, marketing digital y dise\u00f1o gr\u00e1fico<\/p>\n<p>Esos ocho proyectos se han presentado en el Palacio del Condestable en un acto de clausura del programa que ha contado con la participaci\u00f3n del concejal delegado de Promoci\u00f3n Econ\u00f3mica, Proyecci\u00f3n Europea, Innovaci\u00f3n, Juventud y Cooperaci\u00f3n al Desarrollo del Ayuntamiento de Pamplona, Mikel Armend\u00e1riz Barnechea, y la directora gerente de CEIN, Uxue Itoiz Mari\u00f1elarena. Durante los cuatro meses de formaci\u00f3n, han colaborado con el desarrollo del programa profesionales expertos de referencia que han apoyado y asesorado a las personas participantes.<\/p>\n<p>Este viernes en Condestable, adem\u00e1s de presentarse los proyectos de este a\u00f1o, han compartido su experiencia tres participantes de ediciones anteriores. Han intervenido \u00cd\u00f1igo Muro que, con NeutroN Kit, gest\u00f3 un proyecto para electrificar bicicletas; Delia Rodr\u00edguez-Oroz que, con ARGEO, gener\u00f3 una consultor\u00eda geol\u00f3gica que impulsa el desarrollo rural a trav\u00e9s del conocimiento cient\u00edfico de la tierra, potenciando el patrimonio local el turismo sostenible; y Miren Azkona, emprendedora de un proyecto de bioarquitectura y espacios saludables.<\/p>\n<p><strong>Desarrollo del programa<\/strong><\/p>\n<p>El programa comenz\u00f3 en septiembre y ha incluido 300 horas de formaci\u00f3n hasta este mes de diciembre. Al inicio del programa se llev\u00f3 a cabo una masterclass online para ofrecer elementos de referencia sobre emprendimiento que animaran a participar en el programa y para difundir al p\u00fablico en general elementos relevantes sobre emprendimiento sostenible. Protagoniz\u00f3 la sesi\u00f3n Valentina de Marchi, profesora titular en ESADE en el Departamento de Sociedad, Pol\u00edtica y Sostenibilidad. La masterclass est\u00e1 disponible en el <a href=\"https:\/\/www.youtube.com\/watch?v=qaMoqVgJLpo\" target=\"_blank\" rel=\"noopener\">canal de YouTube de Cein<\/a>.<\/p>\n<p>Las actividades del programa se han basado en cuatro elementos principales: la mentorizaci\u00f3n, la formaci\u00f3n, el asesoramiento y el aprendizaje basado en la pr\u00e1ctica de las personas participantes. Durante el programa, mentores y mentoras han aportado su feedback a los proyectos. Entre ellos, se encuentran el director del Promoci\u00f3n Econ\u00f3mica y Proyecci\u00f3n Europea, Innovaci\u00f3n, Juventud y Cooperaci\u00f3n al Desarrollo del Ayuntamiento de Pamplona, Carlos Andres; el fundador de la consultor\u00eda Sustainn Econom\u00eda circular y sostenibilidad, Carlos Le\u00f3n, o el director de Navarra TV, Roberto C\u00e1mara.<\/p>\n<p>Diferentes personas expertas han formado y aportado su experiencia en aspectos relevantes para el emprendimiento como la creatividad e innovaci\u00f3n, la identificaci\u00f3n de recursos y oportunidades, la propuesta de valor, las entrevistas lean, la financiaci\u00f3n, el marketing digital, inclusivo y social o las ventas, entre otros.\u00a0 El asesoramiento continuo y tutorizaci\u00f3n ha corrido a cargo del personal de Cein que ha aportado a quienes han participado su conocimiento en el desarrollo de ideas de negocio viables y en competencias emprendedoras.<\/p>\n<p>&nbsp;<\/p>\n<h3>Pamplona Emprende 2024. \u2018Una idea, un proyecto\u2019. Proyectos emprendedores<\/h3>\n<ul>\n<li><strong>CANAE. Laura Salvador y sus perros de Apoyo Emocional<\/strong><\/li>\n<li>Terapias individuales y colectivas en las que el perro es parte del proceso terap\u00e9utico, con objetivos definidos y dirigidos por profesionales de la Salud Mental e integraci\u00f3n de perros de Apoyo Emocional preparados para la convivencia en la vida de las personas que los necesite, a trav\u00e9s de la recomendaci\u00f3n de un profesional de la Salud Mental. Dirigido a personas en soledad no deseada, vulnerabilidad social, depresi\u00f3n, ansiedad y personas mayores. Soluciones sostenibles para transformar vidas y mejorar el bienestar emocional.<\/li>\n<\/ul>\n<p>&nbsp;<\/p>\n<ul>\n<li><strong>Dulantzi Lopetegui y Eunate Red\u00edn<\/strong><\/li>\n<li>Queremos ser una alternativa de consumo mediante la venta de productos a granel y sostenibles. Y para familias que buscan generar menos residuos y reducir costes, ofrecer servicios de alquiler de pa\u00f1ales reutilizables y art\u00edculos de crianza y cuidado infantil.<\/li>\n<li><strong>Paula Dom\u00ednguez, Julen Torrens y Carlos Luri. Comunicaci\u00f3n de investigaciones cient\u00edficas <\/strong><\/li>\n<li>An\u00e1lisis de datos e ilustraci\u00f3n. Facilitamos la comprensi\u00f3n de investigaciones cient\u00edficas con visualizaciones claras y an\u00e1lisis detallados. Combinamos creatividad y rigor cient\u00edfico para mejorar la forma en la que se comparten los descubrimientos.<\/li>\n<\/ul>\n<p>&nbsp;<\/p>\n<ul>\n<li><strong>MJ JURADO Dise\u00f1o de Interiores. Interiorismo experiencial en el entorno rural<\/strong><\/li>\n<li>El interiorismo \u201cexperiencial\u201d como eje principal del dise\u00f1o y a trav\u00e9s de reformas integrales, parciales o restyling, trasforma tu alojamiento rural, adapt\u00e1ndolo a las necesidades de tu cliente. Apostamos por la especializaci\u00f3n como estrategia de negocio, en base a las nuevas tendencias de turismo. Nuestro objetivo es, rentabilizar tu negocio aumentando los clientes de calidad fideliz\u00e1ndolos, a trav\u00e9s de la creaci\u00f3n de espacios \u00fanicos que generan emociones y recuerdos duraderos.<\/li>\n<\/ul>\n<p>&nbsp;<\/p>\n<ul>\n<li><strong> Marie G\u00f3mez<\/strong><\/li>\n<li>Aplicaci\u00f3n digital para el servicio jur\u00eddico de compra venta de vivienda, disponible para web y m\u00f3vil, que permite gestionar todo el proceso de compraventa de forma online y evitar desplazamientos innecesarios.<\/li>\n<\/ul>\n<p>&nbsp;<\/p>\n<ul>\n<li><strong>Yesica Silva. Yoga para empresas<\/strong><\/li>\n<li>Yoga para empresas en el lugar de la empresa. Mejora la salud de los empleados, aumenta el rendimiento y afianza el sentido de pertenencia. Nos adaptamos al formato que desee. Sesiones espec\u00edficas\u00a0para prevenir las lesiones de los distintos tipos de trabajos: los que pasan muchas horas sentados; los que hacen movimientos repetitivos; los que levantan peso.<\/li>\n<\/ul>\n<p>&nbsp;<\/p>\n<ul>\n<li><strong> Garazi C\u00eda<\/strong><\/li>\n<li>Quacklity es una empresa especializada en la creaci\u00f3n de p\u00e1ginas web, marketing digital y dise\u00f1o gr\u00e1fico, destacada por su enfoque en el trato cercano y personalizado con cada cliente. M\u00e1s all\u00e1 de ofrecer servicios digitales, su prioridad es entender las necesidades \u00fanicas de cada proyecto y trabajar en estrecha colaboraci\u00f3n con sus clientes para desarrollar soluciones efectivas y a medida. Con una filosof\u00eda centrada en la comunicaci\u00f3n y la confianza, Quacklity convierte ideas en herramientas digitales que impulsan el \u00e9xito empresarial.<\/li>\n<\/ul>\n<p>&nbsp;<\/p>\n<ul>\n<li><strong>AIRMED FISIOTERAPIA. Amaia D\u00edaz de Cerio Alzate<\/strong><\/li>\n<li>Fisioterapia especializada en suelo p\u00e9lvico, tratamiento personalizado, atenci\u00f3n individualizada, charlas informativas y ejercicios espec\u00edficos para cada patolog\u00eda. Nuestro objetivo es dar soluciones efectivas y educativas mejorando la calidad de vida de mujeres y hombres.<\/li>\n<\/ul>\n","protected":false},"excerpt":{"rendered":"<p>Organizado por el Ayuntamiento en colaboraci\u00f3n con CEIN, el programa ha formado en emprendimiento a 24 personas durante cuatro meses<\/p>\n","protected":false},"author":1,"featured_media":51628,"comment_status":"open","ping_status":"closed","sticky":false,"template":"","format":"standard","meta":{"footnotes":""},"categories":[2],"tags":[],"class_list":["post-51627","post","type-post","status-publish","format-standard","has-post-thumbnail","hentry","category-ayuntamiento-pamplona"],"yoast_head":"<!-- This site is optimized with the Yoast SEO plugin v27.3 - https:\/\/yoast.com\/product\/yoast-seo-wordpress\/ -->\n<title>La und\u00e9cima edici\u00f3n de Pamplona Emprende se ha clausurado este viernes con la presentaci\u00f3n de ocho proyectos de negocio que se est\u00e1n desarrollando<\/title>\n<meta name=\"description\" content=\"Organizado por el Ayuntamiento en colaboraci\u00f3n con CEIN, el programa ha formado en emprendimiento a 24 personas durante cuatro meses\" \/>\n<meta name=\"robots\" content=\"index, follow, max-snippet:-1, max-image-preview:large, max-video-preview:-1\" \/>\n<link rel=\"canonical\" href=\"https:\/\/www.laguiadepamplona.com\/actualidad\/la-undecima-edicion-de-pamplona-emprende-se-ha-clausurado-este-viernes-con-la-presentacion-de-ocho-proyectos-de-negocio-que-se-estan-desarrollando\/\" \/>\n<meta property=\"og:locale\" content=\"es_ES\" \/>\n<meta property=\"og:type\" content=\"article\" \/>\n<meta property=\"og:title\" content=\"La und\u00e9cima edici\u00f3n de Pamplona Emprende se ha clausurado este viernes con la presentaci\u00f3n de ocho proyectos de negocio que se est\u00e1n desarrollando\" \/>\n<meta property=\"og:description\" content=\"Organizado por el Ayuntamiento en colaboraci\u00f3n con CEIN, el programa ha formado en emprendimiento a 24 personas durante cuatro meses\" \/>\n<meta property=\"og:url\" content=\"https:\/\/www.laguiadepamplona.com\/actualidad\/la-undecima-edicion-de-pamplona-emprende-se-ha-clausurado-este-viernes-con-la-presentacion-de-ocho-proyectos-de-negocio-que-se-estan-desarrollando\/\" \/>\n<meta property=\"og:site_name\" content=\"La Gu\u00eda de Pamplona\" \/>\n<meta property=\"article:publisher\" content=\"https:\/\/www.facebook.com\/laguiadepamplonacom-133175176762273\/?ref=hl\" \/>\n<meta property=\"article:published_time\" content=\"2024-12-13T15:32:53+00:00\" \/>\n<meta property=\"og:image\" content=\"https:\/\/www.laguiadepamplona.com\/actualidad\/wp-content\/uploads\/2024\/12\/Foto-grupo-cierre-PE2024.webp\" \/>\n\t<meta property=\"og:image:width\" content=\"1000\" \/>\n\t<meta property=\"og:image:height\" content=\"667\" \/>\n\t<meta property=\"og:image:type\" content=\"image\/webp\" \/>\n<meta name=\"author\" content=\"La Gu\u00eda de Pamplona\" \/>\n<meta name=\"twitter:card\" content=\"summary_large_image\" \/>\n<meta name=\"twitter:creator\" content=\"@LaGuiadPamplona\" \/>\n<meta name=\"twitter:site\" content=\"@LaGuiadPamplona\" \/>\n<meta name=\"twitter:label1\" content=\"Escrito por\" \/>\n\t<meta name=\"twitter:data1\" content=\"La Gu\u00eda de Pamplona\" \/>\n\t<meta name=\"twitter:label2\" content=\"Tiempo de lectura\" \/>\n\t<meta name=\"twitter:data2\" content=\"6 minutos\" \/>\n<script type=\"application\/ld+json\" class=\"yoast-schema-graph\">{\"@context\":\"https:\\\/\\\/schema.org\",\"@graph\":[{\"@type\":\"Article\",\"@id\":\"https:\\\/\\\/www.laguiadepamplona.com\\\/actualidad\\\/la-undecima-edicion-de-pamplona-emprende-se-ha-clausurado-este-viernes-con-la-presentacion-de-ocho-proyectos-de-negocio-que-se-estan-desarrollando\\\/#article\",\"isPartOf\":{\"@id\":\"https:\\\/\\\/www.laguiadepamplona.com\\\/actualidad\\\/la-undecima-edicion-de-pamplona-emprende-se-ha-clausurado-este-viernes-con-la-presentacion-de-ocho-proyectos-de-negocio-que-se-estan-desarrollando\\\/\"},\"author\":{\"name\":\"La Gu\u00eda de Pamplona\",\"@id\":\"https:\\\/\\\/www.laguiadepamplona.com\\\/actualidad\\\/#\\\/schema\\\/person\\\/efe887376f0213d4657c93adc50b1fdb\"},\"headline\":\"La und\u00e9cima edici\u00f3n de Pamplona Emprende se ha clausurado este viernes con la presentaci\u00f3n de ocho proyectos de negocio que se est\u00e1n desarrollando\",\"datePublished\":\"2024-12-13T15:32:53+00:00\",\"mainEntityOfPage\":{\"@id\":\"https:\\\/\\\/www.laguiadepamplona.com\\\/actualidad\\\/la-undecima-edicion-de-pamplona-emprende-se-ha-clausurado-este-viernes-con-la-presentacion-de-ocho-proyectos-de-negocio-que-se-estan-desarrollando\\\/\"},\"wordCount\":1318,\"commentCount\":0,\"publisher\":{\"@id\":\"https:\\\/\\\/www.laguiadepamplona.com\\\/actualidad\\\/#organization\"},\"image\":{\"@id\":\"https:\\\/\\\/www.laguiadepamplona.com\\\/actualidad\\\/la-undecima-edicion-de-pamplona-emprende-se-ha-clausurado-este-viernes-con-la-presentacion-de-ocho-proyectos-de-negocio-que-se-estan-desarrollando\\\/#primaryimage\"},\"thumbnailUrl\":\"https:\\\/\\\/www.laguiadepamplona.com\\\/actualidad\\\/wp-content\\\/uploads\\\/2024\\\/12\\\/Foto-grupo-cierre-PE2024.webp\",\"articleSection\":[\"Ayto Pamplona\"],\"inLanguage\":\"es\",\"potentialAction\":[{\"@type\":\"CommentAction\",\"name\":\"Comment\",\"target\":[\"https:\\\/\\\/www.laguiadepamplona.com\\\/actualidad\\\/la-undecima-edicion-de-pamplona-emprende-se-ha-clausurado-este-viernes-con-la-presentacion-de-ocho-proyectos-de-negocio-que-se-estan-desarrollando\\\/#respond\"]}]},{\"@type\":\"WebPage\",\"@id\":\"https:\\\/\\\/www.laguiadepamplona.com\\\/actualidad\\\/la-undecima-edicion-de-pamplona-emprende-se-ha-clausurado-este-viernes-con-la-presentacion-de-ocho-proyectos-de-negocio-que-se-estan-desarrollando\\\/\",\"url\":\"https:\\\/\\\/www.laguiadepamplona.com\\\/actualidad\\\/la-undecima-edicion-de-pamplona-emprende-se-ha-clausurado-este-viernes-con-la-presentacion-de-ocho-proyectos-de-negocio-que-se-estan-desarrollando\\\/\",\"name\":\"La und\u00e9cima edici\u00f3n de Pamplona Emprende se ha clausurado este viernes con la presentaci\u00f3n de ocho proyectos de negocio que se est\u00e1n desarrollando\",\"isPartOf\":{\"@id\":\"https:\\\/\\\/www.laguiadepamplona.com\\\/actualidad\\\/#website\"},\"primaryImageOfPage\":{\"@id\":\"https:\\\/\\\/www.laguiadepamplona.com\\\/actualidad\\\/la-undecima-edicion-de-pamplona-emprende-se-ha-clausurado-este-viernes-con-la-presentacion-de-ocho-proyectos-de-negocio-que-se-estan-desarrollando\\\/#primaryimage\"},\"image\":{\"@id\":\"https:\\\/\\\/www.laguiadepamplona.com\\\/actualidad\\\/la-undecima-edicion-de-pamplona-emprende-se-ha-clausurado-este-viernes-con-la-presentacion-de-ocho-proyectos-de-negocio-que-se-estan-desarrollando\\\/#primaryimage\"},\"thumbnailUrl\":\"https:\\\/\\\/www.laguiadepamplona.com\\\/actualidad\\\/wp-content\\\/uploads\\\/2024\\\/12\\\/Foto-grupo-cierre-PE2024.webp\",\"datePublished\":\"2024-12-13T15:32:53+00:00\",\"description\":\"Organizado por el Ayuntamiento en colaboraci\u00f3n con CEIN, el programa ha formado en emprendimiento a 24 personas durante cuatro meses\",\"breadcrumb\":{\"@id\":\"https:\\\/\\\/www.laguiadepamplona.com\\\/actualidad\\\/la-undecima-edicion-de-pamplona-emprende-se-ha-clausurado-este-viernes-con-la-presentacion-de-ocho-proyectos-de-negocio-que-se-estan-desarrollando\\\/#breadcrumb\"},\"inLanguage\":\"es\",\"potentialAction\":[{\"@type\":\"ReadAction\",\"target\":[\"https:\\\/\\\/www.laguiadepamplona.com\\\/actualidad\\\/la-undecima-edicion-de-pamplona-emprende-se-ha-clausurado-este-viernes-con-la-presentacion-de-ocho-proyectos-de-negocio-que-se-estan-desarrollando\\\/\"]}]},{\"@type\":\"ImageObject\",\"inLanguage\":\"es\",\"@id\":\"https:\\\/\\\/www.laguiadepamplona.com\\\/actualidad\\\/la-undecima-edicion-de-pamplona-emprende-se-ha-clausurado-este-viernes-con-la-presentacion-de-ocho-proyectos-de-negocio-que-se-estan-desarrollando\\\/#primaryimage\",\"url\":\"https:\\\/\\\/www.laguiadepamplona.com\\\/actualidad\\\/wp-content\\\/uploads\\\/2024\\\/12\\\/Foto-grupo-cierre-PE2024.webp\",\"contentUrl\":\"https:\\\/\\\/www.laguiadepamplona.com\\\/actualidad\\\/wp-content\\\/uploads\\\/2024\\\/12\\\/Foto-grupo-cierre-PE2024.webp\",\"width\":1000,\"height\":667,\"caption\":\"pamplona emprende 2024\"},{\"@type\":\"BreadcrumbList\",\"@id\":\"https:\\\/\\\/www.laguiadepamplona.com\\\/actualidad\\\/la-undecima-edicion-de-pamplona-emprende-se-ha-clausurado-este-viernes-con-la-presentacion-de-ocho-proyectos-de-negocio-que-se-estan-desarrollando\\\/#breadcrumb\",\"itemListElement\":[{\"@type\":\"ListItem\",\"position\":1,\"name\":\"Portada\",\"item\":\"https:\\\/\\\/www.laguiadepamplona.com\\\/actualidad\\\/\"},{\"@type\":\"ListItem\",\"position\":2,\"name\":\"La und\u00e9cima edici\u00f3n de Pamplona Emprende se ha clausurado este viernes con la presentaci\u00f3n de ocho proyectos de negocio que se est\u00e1n desarrollando\"}]},{\"@type\":\"WebSite\",\"@id\":\"https:\\\/\\\/www.laguiadepamplona.com\\\/actualidad\\\/#website\",\"url\":\"https:\\\/\\\/www.laguiadepamplona.com\\\/actualidad\\\/\",\"name\":\"La gu\u00eda de Pamplona\",\"description\":\"Noticias de Pamplona\",\"publisher\":{\"@id\":\"https:\\\/\\\/www.laguiadepamplona.com\\\/actualidad\\\/#organization\"},\"potentialAction\":[{\"@type\":\"SearchAction\",\"target\":{\"@type\":\"EntryPoint\",\"urlTemplate\":\"https:\\\/\\\/www.laguiadepamplona.com\\\/actualidad\\\/?s={search_term_string}\"},\"query-input\":{\"@type\":\"PropertyValueSpecification\",\"valueRequired\":true,\"valueName\":\"search_term_string\"}}],\"inLanguage\":\"es\"},{\"@type\":\"Organization\",\"@id\":\"https:\\\/\\\/www.laguiadepamplona.com\\\/actualidad\\\/#organization\",\"name\":\"La Gu\u00eda de Pamplona \\\/ Noticias\",\"url\":\"https:\\\/\\\/www.laguiadepamplona.com\\\/actualidad\\\/\",\"logo\":{\"@type\":\"ImageObject\",\"inLanguage\":\"es\",\"@id\":\"https:\\\/\\\/www.laguiadepamplona.com\\\/actualidad\\\/#\\\/schema\\\/logo\\\/image\\\/\",\"url\":\"https:\\\/\\\/www.laguiadepamplona.com\\\/actualidad\\\/wp-content\\\/uploads\\\/2018\\\/11\\\/logo-laguiadepamplona18-web1.png\",\"contentUrl\":\"https:\\\/\\\/www.laguiadepamplona.com\\\/actualidad\\\/wp-content\\\/uploads\\\/2018\\\/11\\\/logo-laguiadepamplona18-web1.png\",\"width\":600,\"height\":196,\"caption\":\"La Gu\u00eda de Pamplona \\\/ Noticias\"},\"image\":{\"@id\":\"https:\\\/\\\/www.laguiadepamplona.com\\\/actualidad\\\/#\\\/schema\\\/logo\\\/image\\\/\"},\"sameAs\":[\"https:\\\/\\\/www.facebook.com\\\/laguiadepamplonacom-133175176762273\\\/?ref=hl\",\"https:\\\/\\\/x.com\\\/LaGuiadPamplona\",\"https:\\\/\\\/www.instagram.com\\\/la_guia_de_pamplona\\\/\",\"https:\\\/\\\/www.youtube.com\\\/user\\\/laguiadepamplona\"]},{\"@type\":\"Person\",\"@id\":\"https:\\\/\\\/www.laguiadepamplona.com\\\/actualidad\\\/#\\\/schema\\\/person\\\/efe887376f0213d4657c93adc50b1fdb\",\"name\":\"La Gu\u00eda de Pamplona\",\"image\":{\"@type\":\"ImageObject\",\"inLanguage\":\"es\",\"@id\":\"https:\\\/\\\/secure.gravatar.com\\\/avatar\\\/b6992f131dc8d30ab0dff15446e9d346d9dbd95992de0fef795073f5ea83a81c?s=96&d=mm&r=g\",\"url\":\"https:\\\/\\\/secure.gravatar.com\\\/avatar\\\/b6992f131dc8d30ab0dff15446e9d346d9dbd95992de0fef795073f5ea83a81c?s=96&d=mm&r=g\",\"contentUrl\":\"https:\\\/\\\/secure.gravatar.com\\\/avatar\\\/b6992f131dc8d30ab0dff15446e9d346d9dbd95992de0fef795073f5ea83a81c?s=96&d=mm&r=g\",\"caption\":\"La Gu\u00eda de Pamplona\"}}]}<\/script>\n<!-- \/ Yoast SEO plugin. -->","yoast_head_json":{"title":"La und\u00e9cima edici\u00f3n de Pamplona Emprende se ha clausurado este viernes con la presentaci\u00f3n de ocho proyectos de negocio que se est\u00e1n desarrollando","description":"Organizado por el Ayuntamiento en colaboraci\u00f3n con CEIN, el programa ha formado en emprendimiento a 24 personas durante cuatro meses","robots":{"index":"index","follow":"follow","max-snippet":"max-snippet:-1","max-image-preview":"max-image-preview:large","max-video-preview":"max-video-preview:-1"},"canonical":"https:\/\/www.laguiadepamplona.com\/actualidad\/la-undecima-edicion-de-pamplona-emprende-se-ha-clausurado-este-viernes-con-la-presentacion-de-ocho-proyectos-de-negocio-que-se-estan-desarrollando\/","og_locale":"es_ES","og_type":"article","og_title":"La und\u00e9cima edici\u00f3n de Pamplona Emprende se ha clausurado este viernes con la presentaci\u00f3n de ocho proyectos de negocio que se est\u00e1n desarrollando","og_description":"Organizado por el Ayuntamiento en colaboraci\u00f3n con CEIN, el programa ha formado en emprendimiento a 24 personas durante cuatro meses","og_url":"https:\/\/www.laguiadepamplona.com\/actualidad\/la-undecima-edicion-de-pamplona-emprende-se-ha-clausurado-este-viernes-con-la-presentacion-de-ocho-proyectos-de-negocio-que-se-estan-desarrollando\/","og_site_name":"La Gu\u00eda de Pamplona","article_publisher":"https:\/\/www.facebook.com\/laguiadepamplonacom-133175176762273\/?ref=hl","article_published_time":"2024-12-13T15:32:53+00:00","og_image":[{"width":1000,"height":667,"url":"https:\/\/www.laguiadepamplona.com\/actualidad\/wp-content\/uploads\/2024\/12\/Foto-grupo-cierre-PE2024.webp","type":"image\/webp"}],"author":"La Gu\u00eda de Pamplona","twitter_card":"summary_large_image","twitter_creator":"@LaGuiadPamplona","twitter_site":"@LaGuiadPamplona","twitter_misc":{"Escrito por":"La Gu\u00eda de Pamplona","Tiempo de lectura":"6 minutos"},"schema":{"@context":"https:\/\/schema.org","@graph":[{"@type":"Article","@id":"https:\/\/www.laguiadepamplona.com\/actualidad\/la-undecima-edicion-de-pamplona-emprende-se-ha-clausurado-este-viernes-con-la-presentacion-de-ocho-proyectos-de-negocio-que-se-estan-desarrollando\/#article","isPartOf":{"@id":"https:\/\/www.laguiadepamplona.com\/actualidad\/la-undecima-edicion-de-pamplona-emprende-se-ha-clausurado-este-viernes-con-la-presentacion-de-ocho-proyectos-de-negocio-que-se-estan-desarrollando\/"},"author":{"name":"La Gu\u00eda de Pamplona","@id":"https:\/\/www.laguiadepamplona.com\/actualidad\/#\/schema\/person\/efe887376f0213d4657c93adc50b1fdb"},"headline":"La und\u00e9cima edici\u00f3n de Pamplona Emprende se ha clausurado este viernes con la presentaci\u00f3n de ocho proyectos de negocio que se est\u00e1n desarrollando","datePublished":"2024-12-13T15:32:53+00:00","mainEntityOfPage":{"@id":"https:\/\/www.laguiadepamplona.com\/actualidad\/la-undecima-edicion-de-pamplona-emprende-se-ha-clausurado-este-viernes-con-la-presentacion-de-ocho-proyectos-de-negocio-que-se-estan-desarrollando\/"},"wordCount":1318,"commentCount":0,"publisher":{"@id":"https:\/\/www.laguiadepamplona.com\/actualidad\/#organization"},"image":{"@id":"https:\/\/www.laguiadepamplona.com\/actualidad\/la-undecima-edicion-de-pamplona-emprende-se-ha-clausurado-este-viernes-con-la-presentacion-de-ocho-proyectos-de-negocio-que-se-estan-desarrollando\/#primaryimage"},"thumbnailUrl":"https:\/\/www.laguiadepamplona.com\/actualidad\/wp-content\/uploads\/2024\/12\/Foto-grupo-cierre-PE2024.webp","articleSection":["Ayto Pamplona"],"inLanguage":"es","potentialAction":[{"@type":"CommentAction","name":"Comment","target":["https:\/\/www.laguiadepamplona.com\/actualidad\/la-undecima-edicion-de-pamplona-emprende-se-ha-clausurado-este-viernes-con-la-presentacion-de-ocho-proyectos-de-negocio-que-se-estan-desarrollando\/#respond"]}]},{"@type":"WebPage","@id":"https:\/\/www.laguiadepamplona.com\/actualidad\/la-undecima-edicion-de-pamplona-emprende-se-ha-clausurado-este-viernes-con-la-presentacion-de-ocho-proyectos-de-negocio-que-se-estan-desarrollando\/","url":"https:\/\/www.laguiadepamplona.com\/actualidad\/la-undecima-edicion-de-pamplona-emprende-se-ha-clausurado-este-viernes-con-la-presentacion-de-ocho-proyectos-de-negocio-que-se-estan-desarrollando\/","name":"La und\u00e9cima edici\u00f3n de Pamplona Emprende se ha clausurado este viernes con la presentaci\u00f3n de ocho proyectos de negocio que se est\u00e1n desarrollando","isPartOf":{"@id":"https:\/\/www.laguiadepamplona.com\/actualidad\/#website"},"primaryImageOfPage":{"@id":"https:\/\/www.laguiadepamplona.com\/actualidad\/la-undecima-edicion-de-pamplona-emprende-se-ha-clausurado-este-viernes-con-la-presentacion-de-ocho-proyectos-de-negocio-que-se-estan-desarrollando\/#primaryimage"},"image":{"@id":"https:\/\/www.laguiadepamplona.com\/actualidad\/la-undecima-edicion-de-pamplona-emprende-se-ha-clausurado-este-viernes-con-la-presentacion-de-ocho-proyectos-de-negocio-que-se-estan-desarrollando\/#primaryimage"},"thumbnailUrl":"https:\/\/www.laguiadepamplona.com\/actualidad\/wp-content\/uploads\/2024\/12\/Foto-grupo-cierre-PE2024.webp","datePublished":"2024-12-13T15:32:53+00:00","description":"Organizado por el Ayuntamiento en colaboraci\u00f3n con CEIN, el programa ha formado en emprendimiento a 24 personas durante cuatro meses","breadcrumb":{"@id":"https:\/\/www.laguiadepamplona.com\/actualidad\/la-undecima-edicion-de-pamplona-emprende-se-ha-clausurado-este-viernes-con-la-presentacion-de-ocho-proyectos-de-negocio-que-se-estan-desarrollando\/#breadcrumb"},"inLanguage":"es","potentialAction":[{"@type":"ReadAction","target":["https:\/\/www.laguiadepamplona.com\/actualidad\/la-undecima-edicion-de-pamplona-emprende-se-ha-clausurado-este-viernes-con-la-presentacion-de-ocho-proyectos-de-negocio-que-se-estan-desarrollando\/"]}]},{"@type":"ImageObject","inLanguage":"es","@id":"https:\/\/www.laguiadepamplona.com\/actualidad\/la-undecima-edicion-de-pamplona-emprende-se-ha-clausurado-este-viernes-con-la-presentacion-de-ocho-proyectos-de-negocio-que-se-estan-desarrollando\/#primaryimage","url":"https:\/\/www.laguiadepamplona.com\/actualidad\/wp-content\/uploads\/2024\/12\/Foto-grupo-cierre-PE2024.webp","contentUrl":"https:\/\/www.laguiadepamplona.com\/actualidad\/wp-content\/uploads\/2024\/12\/Foto-grupo-cierre-PE2024.webp","width":1000,"height":667,"caption":"pamplona emprende 2024"},{"@type":"BreadcrumbList","@id":"https:\/\/www.laguiadepamplona.com\/actualidad\/la-undecima-edicion-de-pamplona-emprende-se-ha-clausurado-este-viernes-con-la-presentacion-de-ocho-proyectos-de-negocio-que-se-estan-desarrollando\/#breadcrumb","itemListElement":[{"@type":"ListItem","position":1,"name":"Portada","item":"https:\/\/www.laguiadepamplona.com\/actualidad\/"},{"@type":"ListItem","position":2,"name":"La und\u00e9cima edici\u00f3n de Pamplona Emprende se ha clausurado este viernes con la presentaci\u00f3n de ocho proyectos de negocio que se est\u00e1n desarrollando"}]},{"@type":"WebSite","@id":"https:\/\/www.laguiadepamplona.com\/actualidad\/#website","url":"https:\/\/www.laguiadepamplona.com\/actualidad\/","name":"La gu\u00eda de Pamplona","description":"Noticias de Pamplona","publisher":{"@id":"https:\/\/www.laguiadepamplona.com\/actualidad\/#organization"},"potentialAction":[{"@type":"SearchAction","target":{"@type":"EntryPoint","urlTemplate":"https:\/\/www.laguiadepamplona.com\/actualidad\/?s={search_term_string}"},"query-input":{"@type":"PropertyValueSpecification","valueRequired":true,"valueName":"search_term_string"}}],"inLanguage":"es"},{"@type":"Organization","@id":"https:\/\/www.laguiadepamplona.com\/actualidad\/#organization","name":"La Gu\u00eda de Pamplona \/ Noticias","url":"https:\/\/www.laguiadepamplona.com\/actualidad\/","logo":{"@type":"ImageObject","inLanguage":"es","@id":"https:\/\/www.laguiadepamplona.com\/actualidad\/#\/schema\/logo\/image\/","url":"https:\/\/www.laguiadepamplona.com\/actualidad\/wp-content\/uploads\/2018\/11\/logo-laguiadepamplona18-web1.png","contentUrl":"https:\/\/www.laguiadepamplona.com\/actualidad\/wp-content\/uploads\/2018\/11\/logo-laguiadepamplona18-web1.png","width":600,"height":196,"caption":"La Gu\u00eda de Pamplona \/ Noticias"},"image":{"@id":"https:\/\/www.laguiadepamplona.com\/actualidad\/#\/schema\/logo\/image\/"},"sameAs":["https:\/\/www.facebook.com\/laguiadepamplonacom-133175176762273\/?ref=hl","https:\/\/x.com\/LaGuiadPamplona","https:\/\/www.instagram.com\/la_guia_de_pamplona\/","https:\/\/www.youtube.com\/user\/laguiadepamplona"]},{"@type":"Person","@id":"https:\/\/www.laguiadepamplona.com\/actualidad\/#\/schema\/person\/efe887376f0213d4657c93adc50b1fdb","name":"La Gu\u00eda de Pamplona","image":{"@type":"ImageObject","inLanguage":"es","@id":"https:\/\/secure.gravatar.com\/avatar\/b6992f131dc8d30ab0dff15446e9d346d9dbd95992de0fef795073f5ea83a81c?s=96&d=mm&r=g","url":"https:\/\/secure.gravatar.com\/avatar\/b6992f131dc8d30ab0dff15446e9d346d9dbd95992de0fef795073f5ea83a81c?s=96&d=mm&r=g","contentUrl":"https:\/\/secure.gravatar.com\/avatar\/b6992f131dc8d30ab0dff15446e9d346d9dbd95992de0fef795073f5ea83a81c?s=96&d=mm&r=g","caption":"La Gu\u00eda de Pamplona"}}]}},"post_mailing_queue_ids":[],"_links":{"self":[{"href":"https:\/\/www.laguiadepamplona.com\/actualidad\/wp-json\/wp\/v2\/posts\/51627","targetHints":{"allow":["GET"]}}],"collection":[{"href":"https:\/\/www.laguiadepamplona.com\/actualidad\/wp-json\/wp\/v2\/posts"}],"about":[{"href":"https:\/\/www.laguiadepamplona.com\/actualidad\/wp-json\/wp\/v2\/types\/post"}],"author":[{"embeddable":true,"href":"https:\/\/www.laguiadepamplona.com\/actualidad\/wp-json\/wp\/v2\/users\/1"}],"replies":[{"embeddable":true,"href":"https:\/\/www.laguiadepamplona.com\/actualidad\/wp-json\/wp\/v2\/comments?post=51627"}],"version-history":[{"count":1,"href":"https:\/\/www.laguiadepamplona.com\/actualidad\/wp-json\/wp\/v2\/posts\/51627\/revisions"}],"predecessor-version":[{"id":51629,"href":"https:\/\/www.laguiadepamplona.com\/actualidad\/wp-json\/wp\/v2\/posts\/51627\/revisions\/51629"}],"wp:featuredmedia":[{"embeddable":true,"href":"https:\/\/www.laguiadepamplona.com\/actualidad\/wp-json\/wp\/v2\/media\/51628"}],"wp:attachment":[{"href":"https:\/\/www.laguiadepamplona.com\/actualidad\/wp-json\/wp\/v2\/media?parent=51627"}],"wp:term":[{"taxonomy":"category","embeddable":true,"href":"https:\/\/www.laguiadepamplona.com\/actualidad\/wp-json\/wp\/v2\/categories?post=51627"},{"taxonomy":"post_tag","embeddable":true,"href":"https:\/\/www.laguiadepamplona.com\/actualidad\/wp-json\/wp\/v2\/tags?post=51627"}],"curies":[{"name":"wp","href":"https:\/\/api.w.org\/{rel}","templated":true}]}}