{"id":51618,"date":"2024-12-13T17:24:21","date_gmt":"2024-12-13T15:24:21","guid":{"rendered":"https:\/\/www.laguiadepamplona.com\/actualidad\/?p=51618"},"modified":"2024-12-13T17:24:21","modified_gmt":"2024-12-13T15:24:21","slug":"el-proyecto-del-barrio-de-donapea-preve-4-900-viviendas-la-mitad-protegidas-y-soterrar-la-avenida-de-navarra-y-la-integracion-en-la-ciudad-a-traves-de-un-corredor-verde","status":"publish","type":"post","link":"https:\/\/www.laguiadepamplona.com\/actualidad\/el-proyecto-del-barrio-de-donapea-preve-4-900-viviendas-la-mitad-protegidas-y-soterrar-la-avenida-de-navarra-y-la-integracion-en-la-ciudad-a-traves-de-un-corredor-verde\/","title":{"rendered":"El proyecto del barrio de Donapea prev\u00e9 4.900 viviendas, la mitad protegidas, y soterrar la avenida de Navarra y la integraci\u00f3n en la ciudad a trav\u00e9s de un corredor verde"},"content":{"rendered":"<h2>El Ayuntamiento prev\u00e9 la aprobaci\u00f3n inicial de la modificaci\u00f3n estructurante del Plan Municipal para mediados de 2025 y el desarrollo del Plan Parcial en 2026<\/h2>\n<p><!--more--><\/p>\n<p>El nuevo desarrollo urban\u00edstico de Donapea, ubicado al sur de la ciudad, contar\u00e1 con unas 4.900 viviendas, la mitad de ellas protegidas, ocupando una superficie aproximada de 717.255 metros cuadrados, con una densidad similar a barrios como Lezkairu o Arrosad\u00eda. As\u00ed se recoge en el primer borrador de la modificaci\u00f3n del Plan que, entre otras cosas, prev\u00e9 la transformaci\u00f3n de la entrada de la ciudad con el soterramiento parcial de la avenida de Navarra y la integraci\u00f3n del futuro barrio con el resto de la ciudad a trav\u00e9s de un corredor verde de uso peatonal y ciclista.<\/p>\n<p>Este nuevo desarrollo, que requiere de la aprobaci\u00f3n de una modificaci\u00f3n estructurante del Plan Municipal (para mediados de 2025) y del desarrollo de un Plan Parcial (en 2026), completar\u00e1 la nueva \u00e1rea residencial y comercial en el entorno de Cordovilla, dando as\u00ed una forma coherente a la entrada sur a la capital. El proyecto, que ser\u00e1 expuesto el lunes en una sesi\u00f3n abierta a la ciudadan\u00eda programada en Civivox Condestable a las 18.30 horas, prev\u00e9 tambi\u00e9n eliminar el bucle viario, generar un gran parque, primar los usos peatonales e impulsar que todos los edificios que albergue se construyan bajo par\u00e1metros de sostenibilidad. \u201cEs un proyecto ambicioso que situar\u00e1 a Pamplona en la vanguardia de la planificaci\u00f3n urban\u00edstica sostenible no s\u00f3lo a nivel estatal, sino a la altura de lo m\u00e1s avanzado que se est\u00e1 haciendo hoy en d\u00eda en Europa\u201d, ha destacado el concejal de Urbanismo, Joxe Abaurrea, en la rueda de prensa celebrada esta ma\u00f1ana.<\/p>\n<p>En su intervenci\u00f3n, el edil tambi\u00e9n ha destacado que este proyecto nace de la colaboraci\u00f3n interinstitucional entre el Gobierno de Navarra, el Ayuntamiento de Pamplona y el Ayuntamiento de Galar, pero que ha podido ser esculpido, sobre todo, gracias a las aportaciones de la ciudadan\u00eda. La sesi\u00f3n del lunes es la tercera se celebrar\u00e1 en este proceso en el que se han recibido, por el momento, m\u00e1s de un centenar de propuestas que han permitido mejorar y completar los planes existentes. El nuevo barrio acoger\u00e1 a entre 13.000 y 15.000 personas y su construcci\u00f3n durar\u00e1 varios a\u00f1os.<\/p>\n<p><strong>Prioridades: sostenibilidad y conexi\u00f3n con el resto de la ciudad<\/strong><\/p>\n<p>El futuro barrio de Donapea pretende generar una trama urbana en continuidad con la existente. Para facilitar esta continuidad, plantea el soterramiento de la avenida de Navarra desde su conexi\u00f3n con la avenida de Zaragoza, hasta el cruce con la calle Sadar. As\u00ed mismo, el dise\u00f1o de los espacios verdes se realiza incorporando a la ordenaci\u00f3n la infraestructura verde que conforma el corredor fluvial del r\u00edo Sadar, la fresneda existente en su entorno, y respetando, en la medida de lo posible, las vaguadas existentes. \u201cLa idea es clara: conectar el nuevo barrio con el resto de la ciudad a trav\u00e9s de un corredor verde\u201d, explicaba Abaurrea. Para ello, se prev\u00e9 impulsar la movilidad sostenible desde la ordenaci\u00f3n estructurante a trav\u00e9s de un eje peatonal, ciclista y de transporte p\u00fablico que estructure el barrio y sea f\u00e1cilmente accesible desde cualquier punto del mismo.<\/p>\n<p>En la l\u00ednea de la apuesta por la sostenibilidad, a las bases del dise\u00f1o de las edificaciones que se ubicar\u00e1n en este barrio se incorporar\u00e1n los criterios necesarios para avanzar en la autosuficiencia energ\u00e9tica. Desde Urbanismo se destaca que Donapea aspira a convertirse en un espacio urbano \u201cen continuidad con la ciudad existente, que conjugue la vida urbana con los valores del territorio donde se asienta, promoviendo la biodiversidad y la armon\u00eda entre las actividades cotidianas de la ciudadan\u00eda y el medioambiente, mejorando la adaptaci\u00f3n al cambio clim\u00e1tico y poniendo en el centro la calidad de vida de los futuros habitantes\u201d. Para ello, las estrategias de dise\u00f1o del futuro barrio se basan en la continuidad y densidad urbana, la incorporaci\u00f3n de la infraestructura verde y del ciclo del agua, la movilidad sostenible y la autosuficiencia energ\u00e9tica.<\/p>\n<p>F\u00edsicamente, el futuro desarrollo de Donapea conecta la meseta de Donapea y la vaguada del entorno de la avenida de Zaragoza, d\u00e1ndole continuidad al barrio en torno al estadio de El Sadar. La reurbanizaci\u00f3n obligar\u00e1 a modificar la entrada sur a Pamplona por la avenida de Zaragoza y para ello plantea la eliminaci\u00f3n del nudo vial de dos niveles y la creaci\u00f3n de un gran parque natural que delimitar\u00e1 el barrio: se habla de 110.000 metros cuadrados.<\/p>\n<p><strong>Una tramitaci\u00f3n laboriosa que se prev\u00e9 concluir en dos a\u00f1os<\/strong><\/p>\n<p>El proyecto de reordenaci\u00f3n de Donapea presentado hoy es fruto de la reflexi\u00f3n llevada a cabo tras las aportaciones recibidas durante el proceso de participaci\u00f3n y las reuniones mantenidas con organismos y entidades. Ese proceso da un paso m\u00e1s este lunes, a las 18.30 horas, con la celebraci\u00f3n de una nueva sesi\u00f3n de retorno, en la que participar\u00e1n responsables municipales de la Gerencia de Urbanismo, as\u00ed como el equipo redactor de la modificaci\u00f3n del Plan Municipal.\u00a0 El encuentro es de libre participaci\u00f3n, pero requiere inscripci\u00f3n previa a trav\u00e9s de la web <a href=\"https:\/\/decide.pamplona.es\/\" target=\"_blank\" rel=\"noopener\">Decide Pamplona<\/a>.<\/p>\n<p>Respecto a la tramitaci\u00f3n del planeamiento urban\u00edstico, desde el \u00e1rea se apunta a que ser\u00e1 muy laboriosa. El proyecto presentado hoy, m\u00e1s las aportaciones que puedan surgir de la reuni\u00f3n del lunes, servir\u00e1 de base para redactar la Modificaci\u00f3n de determinaciones estructurantes del Plan Municipal, que estar\u00eda previsto aprobar inicialmente, en el seno del Ayuntamiento de Pamplona, antes de Semana Santa. Cumplido este tr\u00e1mite, se iniciar\u00eda el periodo de exposici\u00f3n p\u00fablica y se remitir\u00eda el documento al Servicio de Territorio y Paisaje del Departamento de Cohesi\u00f3n Territorial del Gobierno de Navarra, para su informe, que incluir\u00e1 la consulta a otros departamentos, adem\u00e1s d la tramitaci\u00f3n ambiental que se prev\u00e9 desarrollar en paralelo.<\/p>\n<p>Una vez contestadas las alegaciones recibidas y con los informes sectoriales y el informe global del Gobierno de Navarra, se prev\u00e9 que el Pleno del Ayuntamiento de Pamplona pudiera afrontar la aprobaci\u00f3n provisional del nuevo planeamiento para finales del a\u00f1o 2025. Ser\u00eda en ese momento cuando el proyecto se remitir\u00eda, de nuevo, al Gobierno de Navarra para su aprobaci\u00f3n definitiva. En las previsiones del Ayuntamiento la fecha de la aprobaci\u00f3n definitiva de la nueva ordenaci\u00f3n se sit\u00faa a principios de 2026.<\/p>\n<p>Adem\u00e1s de la modificaci\u00f3n estructurante ser\u00e1 necesaria la redacci\u00f3n y tramitaci\u00f3n de un Plan Parcial que defina las condiciones concretas de la ordenaci\u00f3n. Se prev\u00e9 comenzar el proceso de participaci\u00f3n del mismo en el momento en el que se apruebe provisionalmente la modificaci\u00f3n estructurante, y que su tramitaci\u00f3n se prolongue durante todo el a\u00f1o 2026.<\/p>\n<p><strong>Culminaci\u00f3n de un proceso participativo ambicioso<\/strong><\/p>\n<p>El encuentro de este lunes tiene por objeto informar a la ciudadan\u00eda sobre la evoluci\u00f3n del proyecto y las bases de su ordenaci\u00f3n futura, fruto de la reflexi\u00f3n llevada a cabo tras las aportaciones y las reuniones mantenidas con otros organismos de Gobierno de Navarra, empresas de la zona y municipios lim\u00edtrofes.<\/p>\n<p>El proceso de participaci\u00f3n comenz\u00f3 el pasado 20 de febrero, con una sesi\u00f3n de presentaci\u00f3n en la que tomaron parte 103 personas. Fue una sesi\u00f3n informativa enmarcada en el proceso participativo en la que se expusieron a la ciudadan\u00eda los antecedentes urban\u00edsticos y administrativos del \u00e1mbito, las afecciones territoriales, as\u00ed como las distintas alternativas en aspectos como los usos del suelo (residencial y terciario), la distribuci\u00f3n de las dotaciones y los espacios verdes. En aquella cita se hizo especial hincapi\u00e9 en la conexi\u00f3n del nuevo barrio con la ciudad y con su entorno a trav\u00e9s de distintas opciones: viales para el tr\u00e1fico rodado, carriles bici, aceras y pasarelas peatonales.<\/p>\n<p>Posteriormente, el Ayuntamiento abri\u00f3 un plazo de un mes, a trav\u00e9s de la web Decide Pamplona, para realizar aportaciones a trav\u00e9s de un cuestionario en torno a las alternativas planteadas: se recibieron 36 cuestionarios y 3 aportaciones de varias entidades u organismos. El 15 de mayo se realiz\u00f3 una sesi\u00f3n de retorno, como estaba establecido en el plan de participaci\u00f3n, en la que se present\u00f3 el informe de las sugerencias ciudadanas recogidas en la sesi\u00f3n informativa y el periodo de aportaciones, y en la que se expuso la valoraci\u00f3n de las mismas.<\/p>\n<p>Con la sesi\u00f3n de este lunes, se dar\u00eda fin a las sesiones de participaci\u00f3n previas al inicio de la tramitaci\u00f3n de la Modificaci\u00f3n de determinaciones estructurantes del Plan Municipal del \u00e1mbito de Donapea, si bien durante la tramitaci\u00f3n habr\u00e1 ocasi\u00f3n para interponer alegaciones, durante el periodo de exposici\u00f3n p\u00fablica que se abrir\u00e1 durante la tramitaci\u00f3n del instrumento urban\u00edstico, tal y como establece la legislaci\u00f3n urban\u00edstica vigente.<\/p>\n","protected":false},"excerpt":{"rendered":"<p>El Ayuntamiento prev\u00e9 la aprobaci\u00f3n inicial de la modificaci\u00f3n estructurante del Plan Municipal para mediados de 2025 y el desarrollo del Plan Parcial en 2026<\/p>\n","protected":false},"author":1,"featured_media":51619,"comment_status":"open","ping_status":"closed","sticky":false,"template":"","format":"standard","meta":{"footnotes":""},"categories":[2],"tags":[],"class_list":["post-51618","post","type-post","status-publish","format-standard","has-post-thumbnail","hentry","category-ayuntamiento-pamplona"],"yoast_head":"<!-- This site is optimized with the Yoast SEO plugin v27.5 - https:\/\/yoast.com\/product\/yoast-seo-wordpress\/ -->\n<title>El proyecto del barrio de Donapea prev\u00e9 4.900 viviendas, la mitad protegidas, y soterrar la avenida de Navarra y la integraci\u00f3n en la ciudad a trav\u00e9s de un corredor verde<\/title>\n<meta name=\"description\" content=\"El Ayuntamiento prev\u00e9 la aprobaci\u00f3n inicial de la modificaci\u00f3n estructurante del Plan Municipal para mediados de 2025 y el desarrollo del Plan Parcial en 2026\" \/>\n<meta name=\"robots\" content=\"index, follow, max-snippet:-1, max-image-preview:large, max-video-preview:-1\" \/>\n<link rel=\"canonical\" href=\"https:\/\/www.laguiadepamplona.com\/actualidad\/el-proyecto-del-barrio-de-donapea-preve-4-900-viviendas-la-mitad-protegidas-y-soterrar-la-avenida-de-navarra-y-la-integracion-en-la-ciudad-a-traves-de-un-corredor-verde\/\" \/>\n<meta property=\"og:locale\" content=\"es_ES\" \/>\n<meta property=\"og:type\" content=\"article\" \/>\n<meta property=\"og:title\" content=\"El proyecto del barrio de Donapea prev\u00e9 4.900 viviendas, la mitad protegidas, y soterrar la avenida de Navarra y la integraci\u00f3n en la ciudad a trav\u00e9s de un corredor verde\" \/>\n<meta property=\"og:description\" content=\"El Ayuntamiento prev\u00e9 la aprobaci\u00f3n inicial de la modificaci\u00f3n estructurante del Plan Municipal para mediados de 2025 y el desarrollo del Plan Parcial en 2026\" \/>\n<meta property=\"og:url\" content=\"https:\/\/www.laguiadepamplona.com\/actualidad\/el-proyecto-del-barrio-de-donapea-preve-4-900-viviendas-la-mitad-protegidas-y-soterrar-la-avenida-de-navarra-y-la-integracion-en-la-ciudad-a-traves-de-un-corredor-verde\/\" \/>\n<meta property=\"og:site_name\" content=\"La Gu\u00eda de Pamplona\" \/>\n<meta property=\"article:publisher\" content=\"https:\/\/www.facebook.com\/laguiadepamplonacom-133175176762273\/?ref=hl\" \/>\n<meta property=\"article:published_time\" content=\"2024-12-13T15:24:21+00:00\" \/>\n<meta property=\"og:image\" content=\"https:\/\/www.laguiadepamplona.com\/actualidad\/wp-content\/uploads\/2024\/12\/donapea.webp\" \/>\n\t<meta property=\"og:image:width\" content=\"1000\" \/>\n\t<meta property=\"og:image:height\" content=\"645\" \/>\n\t<meta property=\"og:image:type\" content=\"image\/webp\" \/>\n<meta name=\"author\" content=\"La Gu\u00eda de Pamplona\" \/>\n<meta name=\"twitter:card\" content=\"summary_large_image\" \/>\n<meta name=\"twitter:creator\" content=\"@LaGuiadPamplona\" \/>\n<meta name=\"twitter:site\" content=\"@LaGuiadPamplona\" \/>\n<meta name=\"twitter:label1\" content=\"Escrito por\" \/>\n\t<meta name=\"twitter:data1\" content=\"La Gu\u00eda de Pamplona\" \/>\n\t<meta name=\"twitter:label2\" content=\"Tiempo de lectura\" \/>\n\t<meta name=\"twitter:data2\" content=\"7 minutos\" \/>\n<script type=\"application\/ld+json\" class=\"yoast-schema-graph\">{\"@context\":\"https:\\\/\\\/schema.org\",\"@graph\":[{\"@type\":\"Article\",\"@id\":\"https:\\\/\\\/www.laguiadepamplona.com\\\/actualidad\\\/el-proyecto-del-barrio-de-donapea-preve-4-900-viviendas-la-mitad-protegidas-y-soterrar-la-avenida-de-navarra-y-la-integracion-en-la-ciudad-a-traves-de-un-corredor-verde\\\/#article\",\"isPartOf\":{\"@id\":\"https:\\\/\\\/www.laguiadepamplona.com\\\/actualidad\\\/el-proyecto-del-barrio-de-donapea-preve-4-900-viviendas-la-mitad-protegidas-y-soterrar-la-avenida-de-navarra-y-la-integracion-en-la-ciudad-a-traves-de-un-corredor-verde\\\/\"},\"author\":{\"name\":\"La Gu\u00eda de Pamplona\",\"@id\":\"https:\\\/\\\/www.laguiadepamplona.com\\\/actualidad\\\/#\\\/schema\\\/person\\\/efe887376f0213d4657c93adc50b1fdb\"},\"headline\":\"El proyecto del barrio de Donapea prev\u00e9 4.900 viviendas, la mitad protegidas, y soterrar la avenida de Navarra y la integraci\u00f3n en la ciudad a trav\u00e9s de un corredor verde\",\"datePublished\":\"2024-12-13T15:24:21+00:00\",\"mainEntityOfPage\":{\"@id\":\"https:\\\/\\\/www.laguiadepamplona.com\\\/actualidad\\\/el-proyecto-del-barrio-de-donapea-preve-4-900-viviendas-la-mitad-protegidas-y-soterrar-la-avenida-de-navarra-y-la-integracion-en-la-ciudad-a-traves-de-un-corredor-verde\\\/\"},\"wordCount\":1562,\"commentCount\":0,\"publisher\":{\"@id\":\"https:\\\/\\\/www.laguiadepamplona.com\\\/actualidad\\\/#organization\"},\"image\":{\"@id\":\"https:\\\/\\\/www.laguiadepamplona.com\\\/actualidad\\\/el-proyecto-del-barrio-de-donapea-preve-4-900-viviendas-la-mitad-protegidas-y-soterrar-la-avenida-de-navarra-y-la-integracion-en-la-ciudad-a-traves-de-un-corredor-verde\\\/#primaryimage\"},\"thumbnailUrl\":\"https:\\\/\\\/www.laguiadepamplona.com\\\/actualidad\\\/wp-content\\\/uploads\\\/2024\\\/12\\\/donapea.webp\",\"articleSection\":[\"Ayto Pamplona\"],\"inLanguage\":\"es\",\"potentialAction\":[{\"@type\":\"CommentAction\",\"name\":\"Comment\",\"target\":[\"https:\\\/\\\/www.laguiadepamplona.com\\\/actualidad\\\/el-proyecto-del-barrio-de-donapea-preve-4-900-viviendas-la-mitad-protegidas-y-soterrar-la-avenida-de-navarra-y-la-integracion-en-la-ciudad-a-traves-de-un-corredor-verde\\\/#respond\"]}]},{\"@type\":\"WebPage\",\"@id\":\"https:\\\/\\\/www.laguiadepamplona.com\\\/actualidad\\\/el-proyecto-del-barrio-de-donapea-preve-4-900-viviendas-la-mitad-protegidas-y-soterrar-la-avenida-de-navarra-y-la-integracion-en-la-ciudad-a-traves-de-un-corredor-verde\\\/\",\"url\":\"https:\\\/\\\/www.laguiadepamplona.com\\\/actualidad\\\/el-proyecto-del-barrio-de-donapea-preve-4-900-viviendas-la-mitad-protegidas-y-soterrar-la-avenida-de-navarra-y-la-integracion-en-la-ciudad-a-traves-de-un-corredor-verde\\\/\",\"name\":\"El proyecto del barrio de Donapea prev\u00e9 4.900 viviendas, la mitad protegidas, y soterrar la avenida de Navarra y la integraci\u00f3n en la ciudad a trav\u00e9s de un corredor verde\",\"isPartOf\":{\"@id\":\"https:\\\/\\\/www.laguiadepamplona.com\\\/actualidad\\\/#website\"},\"primaryImageOfPage\":{\"@id\":\"https:\\\/\\\/www.laguiadepamplona.com\\\/actualidad\\\/el-proyecto-del-barrio-de-donapea-preve-4-900-viviendas-la-mitad-protegidas-y-soterrar-la-avenida-de-navarra-y-la-integracion-en-la-ciudad-a-traves-de-un-corredor-verde\\\/#primaryimage\"},\"image\":{\"@id\":\"https:\\\/\\\/www.laguiadepamplona.com\\\/actualidad\\\/el-proyecto-del-barrio-de-donapea-preve-4-900-viviendas-la-mitad-protegidas-y-soterrar-la-avenida-de-navarra-y-la-integracion-en-la-ciudad-a-traves-de-un-corredor-verde\\\/#primaryimage\"},\"thumbnailUrl\":\"https:\\\/\\\/www.laguiadepamplona.com\\\/actualidad\\\/wp-content\\\/uploads\\\/2024\\\/12\\\/donapea.webp\",\"datePublished\":\"2024-12-13T15:24:21+00:00\",\"description\":\"El Ayuntamiento prev\u00e9 la aprobaci\u00f3n inicial de la modificaci\u00f3n estructurante del Plan Municipal para mediados de 2025 y el desarrollo del Plan Parcial en 2026\",\"breadcrumb\":{\"@id\":\"https:\\\/\\\/www.laguiadepamplona.com\\\/actualidad\\\/el-proyecto-del-barrio-de-donapea-preve-4-900-viviendas-la-mitad-protegidas-y-soterrar-la-avenida-de-navarra-y-la-integracion-en-la-ciudad-a-traves-de-un-corredor-verde\\\/#breadcrumb\"},\"inLanguage\":\"es\",\"potentialAction\":[{\"@type\":\"ReadAction\",\"target\":[\"https:\\\/\\\/www.laguiadepamplona.com\\\/actualidad\\\/el-proyecto-del-barrio-de-donapea-preve-4-900-viviendas-la-mitad-protegidas-y-soterrar-la-avenida-de-navarra-y-la-integracion-en-la-ciudad-a-traves-de-un-corredor-verde\\\/\"]}]},{\"@type\":\"ImageObject\",\"inLanguage\":\"es\",\"@id\":\"https:\\\/\\\/www.laguiadepamplona.com\\\/actualidad\\\/el-proyecto-del-barrio-de-donapea-preve-4-900-viviendas-la-mitad-protegidas-y-soterrar-la-avenida-de-navarra-y-la-integracion-en-la-ciudad-a-traves-de-un-corredor-verde\\\/#primaryimage\",\"url\":\"https:\\\/\\\/www.laguiadepamplona.com\\\/actualidad\\\/wp-content\\\/uploads\\\/2024\\\/12\\\/donapea.webp\",\"contentUrl\":\"https:\\\/\\\/www.laguiadepamplona.com\\\/actualidad\\\/wp-content\\\/uploads\\\/2024\\\/12\\\/donapea.webp\",\"width\":1000,\"height\":645,\"caption\":\"donapea\"},{\"@type\":\"BreadcrumbList\",\"@id\":\"https:\\\/\\\/www.laguiadepamplona.com\\\/actualidad\\\/el-proyecto-del-barrio-de-donapea-preve-4-900-viviendas-la-mitad-protegidas-y-soterrar-la-avenida-de-navarra-y-la-integracion-en-la-ciudad-a-traves-de-un-corredor-verde\\\/#breadcrumb\",\"itemListElement\":[{\"@type\":\"ListItem\",\"position\":1,\"name\":\"Portada\",\"item\":\"https:\\\/\\\/www.laguiadepamplona.com\\\/actualidad\\\/\"},{\"@type\":\"ListItem\",\"position\":2,\"name\":\"El proyecto del barrio de Donapea prev\u00e9 4.900 viviendas, la mitad protegidas, y soterrar la avenida de Navarra y la integraci\u00f3n en la ciudad a trav\u00e9s de un corredor verde\"}]},{\"@type\":\"WebSite\",\"@id\":\"https:\\\/\\\/www.laguiadepamplona.com\\\/actualidad\\\/#website\",\"url\":\"https:\\\/\\\/www.laguiadepamplona.com\\\/actualidad\\\/\",\"name\":\"La gu\u00eda de Pamplona\",\"description\":\"Noticias de Pamplona\",\"publisher\":{\"@id\":\"https:\\\/\\\/www.laguiadepamplona.com\\\/actualidad\\\/#organization\"},\"potentialAction\":[{\"@type\":\"SearchAction\",\"target\":{\"@type\":\"EntryPoint\",\"urlTemplate\":\"https:\\\/\\\/www.laguiadepamplona.com\\\/actualidad\\\/?s={search_term_string}\"},\"query-input\":{\"@type\":\"PropertyValueSpecification\",\"valueRequired\":true,\"valueName\":\"search_term_string\"}}],\"inLanguage\":\"es\"},{\"@type\":\"Organization\",\"@id\":\"https:\\\/\\\/www.laguiadepamplona.com\\\/actualidad\\\/#organization\",\"name\":\"La Gu\u00eda de Pamplona \\\/ Noticias\",\"url\":\"https:\\\/\\\/www.laguiadepamplona.com\\\/actualidad\\\/\",\"logo\":{\"@type\":\"ImageObject\",\"inLanguage\":\"es\",\"@id\":\"https:\\\/\\\/www.laguiadepamplona.com\\\/actualidad\\\/#\\\/schema\\\/logo\\\/image\\\/\",\"url\":\"https:\\\/\\\/www.laguiadepamplona.com\\\/actualidad\\\/wp-content\\\/uploads\\\/2018\\\/11\\\/logo-laguiadepamplona18-web1.png\",\"contentUrl\":\"https:\\\/\\\/www.laguiadepamplona.com\\\/actualidad\\\/wp-content\\\/uploads\\\/2018\\\/11\\\/logo-laguiadepamplona18-web1.png\",\"width\":600,\"height\":196,\"caption\":\"La Gu\u00eda de Pamplona \\\/ Noticias\"},\"image\":{\"@id\":\"https:\\\/\\\/www.laguiadepamplona.com\\\/actualidad\\\/#\\\/schema\\\/logo\\\/image\\\/\"},\"sameAs\":[\"https:\\\/\\\/www.facebook.com\\\/laguiadepamplonacom-133175176762273\\\/?ref=hl\",\"https:\\\/\\\/x.com\\\/LaGuiadPamplona\",\"https:\\\/\\\/www.instagram.com\\\/la_guia_de_pamplona\\\/\",\"https:\\\/\\\/www.youtube.com\\\/user\\\/laguiadepamplona\"]},{\"@type\":\"Person\",\"@id\":\"https:\\\/\\\/www.laguiadepamplona.com\\\/actualidad\\\/#\\\/schema\\\/person\\\/efe887376f0213d4657c93adc50b1fdb\",\"name\":\"La Gu\u00eda de Pamplona\",\"image\":{\"@type\":\"ImageObject\",\"inLanguage\":\"es\",\"@id\":\"https:\\\/\\\/secure.gravatar.com\\\/avatar\\\/b6992f131dc8d30ab0dff15446e9d346d9dbd95992de0fef795073f5ea83a81c?s=96&d=mm&r=g\",\"url\":\"https:\\\/\\\/secure.gravatar.com\\\/avatar\\\/b6992f131dc8d30ab0dff15446e9d346d9dbd95992de0fef795073f5ea83a81c?s=96&d=mm&r=g\",\"contentUrl\":\"https:\\\/\\\/secure.gravatar.com\\\/avatar\\\/b6992f131dc8d30ab0dff15446e9d346d9dbd95992de0fef795073f5ea83a81c?s=96&d=mm&r=g\",\"caption\":\"La Gu\u00eda de Pamplona\"}}]}<\/script>\n<!-- \/ Yoast SEO plugin. -->","yoast_head_json":{"title":"El proyecto del barrio de Donapea prev\u00e9 4.900 viviendas, la mitad protegidas, y soterrar la avenida de Navarra y la integraci\u00f3n en la ciudad a trav\u00e9s de un corredor verde","description":"El Ayuntamiento prev\u00e9 la aprobaci\u00f3n inicial de la modificaci\u00f3n estructurante del Plan Municipal para mediados de 2025 y el desarrollo del Plan Parcial en 2026","robots":{"index":"index","follow":"follow","max-snippet":"max-snippet:-1","max-image-preview":"max-image-preview:large","max-video-preview":"max-video-preview:-1"},"canonical":"https:\/\/www.laguiadepamplona.com\/actualidad\/el-proyecto-del-barrio-de-donapea-preve-4-900-viviendas-la-mitad-protegidas-y-soterrar-la-avenida-de-navarra-y-la-integracion-en-la-ciudad-a-traves-de-un-corredor-verde\/","og_locale":"es_ES","og_type":"article","og_title":"El proyecto del barrio de Donapea prev\u00e9 4.900 viviendas, la mitad protegidas, y soterrar la avenida de Navarra y la integraci\u00f3n en la ciudad a trav\u00e9s de un corredor verde","og_description":"El Ayuntamiento prev\u00e9 la aprobaci\u00f3n inicial de la modificaci\u00f3n estructurante del Plan Municipal para mediados de 2025 y el desarrollo del Plan Parcial en 2026","og_url":"https:\/\/www.laguiadepamplona.com\/actualidad\/el-proyecto-del-barrio-de-donapea-preve-4-900-viviendas-la-mitad-protegidas-y-soterrar-la-avenida-de-navarra-y-la-integracion-en-la-ciudad-a-traves-de-un-corredor-verde\/","og_site_name":"La Gu\u00eda de Pamplona","article_publisher":"https:\/\/www.facebook.com\/laguiadepamplonacom-133175176762273\/?ref=hl","article_published_time":"2024-12-13T15:24:21+00:00","og_image":[{"width":1000,"height":645,"url":"https:\/\/www.laguiadepamplona.com\/actualidad\/wp-content\/uploads\/2024\/12\/donapea.webp","type":"image\/webp"}],"author":"La Gu\u00eda de Pamplona","twitter_card":"summary_large_image","twitter_creator":"@LaGuiadPamplona","twitter_site":"@LaGuiadPamplona","twitter_misc":{"Escrito por":"La Gu\u00eda de Pamplona","Tiempo de lectura":"7 minutos"},"schema":{"@context":"https:\/\/schema.org","@graph":[{"@type":"Article","@id":"https:\/\/www.laguiadepamplona.com\/actualidad\/el-proyecto-del-barrio-de-donapea-preve-4-900-viviendas-la-mitad-protegidas-y-soterrar-la-avenida-de-navarra-y-la-integracion-en-la-ciudad-a-traves-de-un-corredor-verde\/#article","isPartOf":{"@id":"https:\/\/www.laguiadepamplona.com\/actualidad\/el-proyecto-del-barrio-de-donapea-preve-4-900-viviendas-la-mitad-protegidas-y-soterrar-la-avenida-de-navarra-y-la-integracion-en-la-ciudad-a-traves-de-un-corredor-verde\/"},"author":{"name":"La Gu\u00eda de Pamplona","@id":"https:\/\/www.laguiadepamplona.com\/actualidad\/#\/schema\/person\/efe887376f0213d4657c93adc50b1fdb"},"headline":"El proyecto del barrio de Donapea prev\u00e9 4.900 viviendas, la mitad protegidas, y soterrar la avenida de Navarra y la integraci\u00f3n en la ciudad a trav\u00e9s de un corredor verde","datePublished":"2024-12-13T15:24:21+00:00","mainEntityOfPage":{"@id":"https:\/\/www.laguiadepamplona.com\/actualidad\/el-proyecto-del-barrio-de-donapea-preve-4-900-viviendas-la-mitad-protegidas-y-soterrar-la-avenida-de-navarra-y-la-integracion-en-la-ciudad-a-traves-de-un-corredor-verde\/"},"wordCount":1562,"commentCount":0,"publisher":{"@id":"https:\/\/www.laguiadepamplona.com\/actualidad\/#organization"},"image":{"@id":"https:\/\/www.laguiadepamplona.com\/actualidad\/el-proyecto-del-barrio-de-donapea-preve-4-900-viviendas-la-mitad-protegidas-y-soterrar-la-avenida-de-navarra-y-la-integracion-en-la-ciudad-a-traves-de-un-corredor-verde\/#primaryimage"},"thumbnailUrl":"https:\/\/www.laguiadepamplona.com\/actualidad\/wp-content\/uploads\/2024\/12\/donapea.webp","articleSection":["Ayto Pamplona"],"inLanguage":"es","potentialAction":[{"@type":"CommentAction","name":"Comment","target":["https:\/\/www.laguiadepamplona.com\/actualidad\/el-proyecto-del-barrio-de-donapea-preve-4-900-viviendas-la-mitad-protegidas-y-soterrar-la-avenida-de-navarra-y-la-integracion-en-la-ciudad-a-traves-de-un-corredor-verde\/#respond"]}]},{"@type":"WebPage","@id":"https:\/\/www.laguiadepamplona.com\/actualidad\/el-proyecto-del-barrio-de-donapea-preve-4-900-viviendas-la-mitad-protegidas-y-soterrar-la-avenida-de-navarra-y-la-integracion-en-la-ciudad-a-traves-de-un-corredor-verde\/","url":"https:\/\/www.laguiadepamplona.com\/actualidad\/el-proyecto-del-barrio-de-donapea-preve-4-900-viviendas-la-mitad-protegidas-y-soterrar-la-avenida-de-navarra-y-la-integracion-en-la-ciudad-a-traves-de-un-corredor-verde\/","name":"El proyecto del barrio de Donapea prev\u00e9 4.900 viviendas, la mitad protegidas, y soterrar la avenida de Navarra y la integraci\u00f3n en la ciudad a trav\u00e9s de un corredor verde","isPartOf":{"@id":"https:\/\/www.laguiadepamplona.com\/actualidad\/#website"},"primaryImageOfPage":{"@id":"https:\/\/www.laguiadepamplona.com\/actualidad\/el-proyecto-del-barrio-de-donapea-preve-4-900-viviendas-la-mitad-protegidas-y-soterrar-la-avenida-de-navarra-y-la-integracion-en-la-ciudad-a-traves-de-un-corredor-verde\/#primaryimage"},"image":{"@id":"https:\/\/www.laguiadepamplona.com\/actualidad\/el-proyecto-del-barrio-de-donapea-preve-4-900-viviendas-la-mitad-protegidas-y-soterrar-la-avenida-de-navarra-y-la-integracion-en-la-ciudad-a-traves-de-un-corredor-verde\/#primaryimage"},"thumbnailUrl":"https:\/\/www.laguiadepamplona.com\/actualidad\/wp-content\/uploads\/2024\/12\/donapea.webp","datePublished":"2024-12-13T15:24:21+00:00","description":"El Ayuntamiento prev\u00e9 la aprobaci\u00f3n inicial de la modificaci\u00f3n estructurante del Plan Municipal para mediados de 2025 y el desarrollo del Plan Parcial en 2026","breadcrumb":{"@id":"https:\/\/www.laguiadepamplona.com\/actualidad\/el-proyecto-del-barrio-de-donapea-preve-4-900-viviendas-la-mitad-protegidas-y-soterrar-la-avenida-de-navarra-y-la-integracion-en-la-ciudad-a-traves-de-un-corredor-verde\/#breadcrumb"},"inLanguage":"es","potentialAction":[{"@type":"ReadAction","target":["https:\/\/www.laguiadepamplona.com\/actualidad\/el-proyecto-del-barrio-de-donapea-preve-4-900-viviendas-la-mitad-protegidas-y-soterrar-la-avenida-de-navarra-y-la-integracion-en-la-ciudad-a-traves-de-un-corredor-verde\/"]}]},{"@type":"ImageObject","inLanguage":"es","@id":"https:\/\/www.laguiadepamplona.com\/actualidad\/el-proyecto-del-barrio-de-donapea-preve-4-900-viviendas-la-mitad-protegidas-y-soterrar-la-avenida-de-navarra-y-la-integracion-en-la-ciudad-a-traves-de-un-corredor-verde\/#primaryimage","url":"https:\/\/www.laguiadepamplona.com\/actualidad\/wp-content\/uploads\/2024\/12\/donapea.webp","contentUrl":"https:\/\/www.laguiadepamplona.com\/actualidad\/wp-content\/uploads\/2024\/12\/donapea.webp","width":1000,"height":645,"caption":"donapea"},{"@type":"BreadcrumbList","@id":"https:\/\/www.laguiadepamplona.com\/actualidad\/el-proyecto-del-barrio-de-donapea-preve-4-900-viviendas-la-mitad-protegidas-y-soterrar-la-avenida-de-navarra-y-la-integracion-en-la-ciudad-a-traves-de-un-corredor-verde\/#breadcrumb","itemListElement":[{"@type":"ListItem","position":1,"name":"Portada","item":"https:\/\/www.laguiadepamplona.com\/actualidad\/"},{"@type":"ListItem","position":2,"name":"El proyecto del barrio de Donapea prev\u00e9 4.900 viviendas, la mitad protegidas, y soterrar la avenida de Navarra y la integraci\u00f3n en la ciudad a trav\u00e9s de un corredor verde"}]},{"@type":"WebSite","@id":"https:\/\/www.laguiadepamplona.com\/actualidad\/#website","url":"https:\/\/www.laguiadepamplona.com\/actualidad\/","name":"La gu\u00eda de Pamplona","description":"Noticias de Pamplona","publisher":{"@id":"https:\/\/www.laguiadepamplona.com\/actualidad\/#organization"},"potentialAction":[{"@type":"SearchAction","target":{"@type":"EntryPoint","urlTemplate":"https:\/\/www.laguiadepamplona.com\/actualidad\/?s={search_term_string}"},"query-input":{"@type":"PropertyValueSpecification","valueRequired":true,"valueName":"search_term_string"}}],"inLanguage":"es"},{"@type":"Organization","@id":"https:\/\/www.laguiadepamplona.com\/actualidad\/#organization","name":"La Gu\u00eda de Pamplona \/ Noticias","url":"https:\/\/www.laguiadepamplona.com\/actualidad\/","logo":{"@type":"ImageObject","inLanguage":"es","@id":"https:\/\/www.laguiadepamplona.com\/actualidad\/#\/schema\/logo\/image\/","url":"https:\/\/www.laguiadepamplona.com\/actualidad\/wp-content\/uploads\/2018\/11\/logo-laguiadepamplona18-web1.png","contentUrl":"https:\/\/www.laguiadepamplona.com\/actualidad\/wp-content\/uploads\/2018\/11\/logo-laguiadepamplona18-web1.png","width":600,"height":196,"caption":"La Gu\u00eda de Pamplona \/ Noticias"},"image":{"@id":"https:\/\/www.laguiadepamplona.com\/actualidad\/#\/schema\/logo\/image\/"},"sameAs":["https:\/\/www.facebook.com\/laguiadepamplonacom-133175176762273\/?ref=hl","https:\/\/x.com\/LaGuiadPamplona","https:\/\/www.instagram.com\/la_guia_de_pamplona\/","https:\/\/www.youtube.com\/user\/laguiadepamplona"]},{"@type":"Person","@id":"https:\/\/www.laguiadepamplona.com\/actualidad\/#\/schema\/person\/efe887376f0213d4657c93adc50b1fdb","name":"La Gu\u00eda de Pamplona","image":{"@type":"ImageObject","inLanguage":"es","@id":"https:\/\/secure.gravatar.com\/avatar\/b6992f131dc8d30ab0dff15446e9d346d9dbd95992de0fef795073f5ea83a81c?s=96&d=mm&r=g","url":"https:\/\/secure.gravatar.com\/avatar\/b6992f131dc8d30ab0dff15446e9d346d9dbd95992de0fef795073f5ea83a81c?s=96&d=mm&r=g","contentUrl":"https:\/\/secure.gravatar.com\/avatar\/b6992f131dc8d30ab0dff15446e9d346d9dbd95992de0fef795073f5ea83a81c?s=96&d=mm&r=g","caption":"La Gu\u00eda de Pamplona"}}]}},"post_mailing_queue_ids":[],"_links":{"self":[{"href":"https:\/\/www.laguiadepamplona.com\/actualidad\/wp-json\/wp\/v2\/posts\/51618","targetHints":{"allow":["GET"]}}],"collection":[{"href":"https:\/\/www.laguiadepamplona.com\/actualidad\/wp-json\/wp\/v2\/posts"}],"about":[{"href":"https:\/\/www.laguiadepamplona.com\/actualidad\/wp-json\/wp\/v2\/types\/post"}],"author":[{"embeddable":true,"href":"https:\/\/www.laguiadepamplona.com\/actualidad\/wp-json\/wp\/v2\/users\/1"}],"replies":[{"embeddable":true,"href":"https:\/\/www.laguiadepamplona.com\/actualidad\/wp-json\/wp\/v2\/comments?post=51618"}],"version-history":[{"count":1,"href":"https:\/\/www.laguiadepamplona.com\/actualidad\/wp-json\/wp\/v2\/posts\/51618\/revisions"}],"predecessor-version":[{"id":51620,"href":"https:\/\/www.laguiadepamplona.com\/actualidad\/wp-json\/wp\/v2\/posts\/51618\/revisions\/51620"}],"wp:featuredmedia":[{"embeddable":true,"href":"https:\/\/www.laguiadepamplona.com\/actualidad\/wp-json\/wp\/v2\/media\/51619"}],"wp:attachment":[{"href":"https:\/\/www.laguiadepamplona.com\/actualidad\/wp-json\/wp\/v2\/media?parent=51618"}],"wp:term":[{"taxonomy":"category","embeddable":true,"href":"https:\/\/www.laguiadepamplona.com\/actualidad\/wp-json\/wp\/v2\/categories?post=51618"},{"taxonomy":"post_tag","embeddable":true,"href":"https:\/\/www.laguiadepamplona.com\/actualidad\/wp-json\/wp\/v2\/tags?post=51618"}],"curies":[{"name":"wp","href":"https:\/\/api.w.org\/{rel}","templated":true}]}}