{"id":51610,"date":"2024-12-12T16:39:55","date_gmt":"2024-12-12T14:39:55","guid":{"rendered":"https:\/\/www.laguiadepamplona.com\/actualidad\/?p=51610"},"modified":"2024-12-12T16:39:55","modified_gmt":"2024-12-12T14:39:55","slug":"el-ayuntamiento-repartira-20-000-ejemplares-del-calendario-municipal-de-2025-el-martes-17-y-el-miercoles-18-en-todos-los-barrios-de-la-ciudad","status":"publish","type":"post","link":"https:\/\/www.laguiadepamplona.com\/actualidad\/el-ayuntamiento-repartira-20-000-ejemplares-del-calendario-municipal-de-2025-el-martes-17-y-el-miercoles-18-en-todos-los-barrios-de-la-ciudad\/","title":{"rendered":"El Ayuntamiento repartir\u00e1 20.000 ejemplares del calendario municipal de 2025 el martes 17 y el mi\u00e9rcoles 18 en todos los barrios de la ciudad"},"content":{"rendered":"<h2>Las doce fotograf\u00edas que ilustran los meses, realizadas por la ciudadan\u00eda, muestran una Pamplona diversa, moderna y tradicional, colorida y singular<\/h2>\n<p><!--more--><\/p>\n<p>El calendario municipal de 2025 ya ha salido de m\u00e1quinas. 20.000 ejemplares biling\u00fces llegar\u00e1n este pr\u00f3ximo martes 17 y mi\u00e9rcoles 18 a todos los barrios de la ciudad para despu\u00e9s colgarse en los hogares pamploneses. Se repartir\u00e1n en trece puntos de la ciudad, en horario de ma\u00f1ana y tarde, a raz\u00f3n de dos ejemplares por persona, gracias a la labor de voluntariado municipal y de las entidades sociales Anfas y Tasubinsa, que colaborar\u00e1n con el Ayuntamiento en el reparto.<\/p>\n<p>Para facilitar el acceso a la ciudadan\u00eda y con el objetivo de evitar aglomeraciones en espacios concretos, se han habilitado varios puntos de reparto. Los calendarios podr\u00e1n recogerse en la trasera del Ayuntamiento, en la sede del \u00e1rea de Cultura (calle Descalzos, 72), en los civivox San Jorge, Mendillorri, Iturrama, Ensanche y Jus la Rocha, en la Casa de la Juventud, y en los centros comunitarios Salesianas (calle Cuenca de Pamplona, 24), Etxabakoitz (Grupo Urd\u00e1noz, 1), Ermitaga\u00f1a (calle Ermitaga\u00f1a, 40-42), y Buztintxuri Sur (paseo de Santa Luc\u00eda, 60-62). En los civivox el horario de reparto ser\u00e1 de ma\u00f1ana y tarde.<\/p>\n<p>En todos los puntos se repartir\u00e1n los calendarios hasta agotar existencias, por lo que es posible que el mismo d\u00eda 17 o el 18 se suspenda el reparto en los puntos m\u00e1s concurridos. En todo caso, si en alguno de los centros de reparto sobran ejemplares, \u00e9stos se repartir\u00e1n el viernes 20 de diciembre, a partir de las 10 horas, en el \u00e1rea de Cultura, en la calle Descalzos, 72.<\/p>\n<p><strong>Las fotograf\u00edas, del concurso Enfoca Pamplona<\/strong><\/p>\n<p>Las doce fotograf\u00edas que ilustran los meses de 2025 han sido seleccionadas entre las 535 im\u00e1genes presentadas al concurso Enfoca Pamplona, que el Ayuntamiento promueve desde hace 28 a\u00f1os para estimular la curiosidad y la creatividad de la ciudadan\u00eda por la ciudad. Las im\u00e1genes que este a\u00f1o ilustran el calendario muestran una Pamplona diversa, moderna y tradicional, colorida y singular.<\/p>\n<p>Enero muestra otra cara del edificio de investigaci\u00f3n biom\u00e9dica, hacia fuera y a trav\u00e9s de sus elementos arquitect\u00f3nicos. \u201cAl otro lado\u201d es obra de Jos\u00e9 Antonio de la Fuente G\u00f3mez. Febrero recorre el puente de la Magdalena en un d\u00eda de invierno. Su autora, Raquel Gonz\u00e1lez Luquin, la ha titulado \u201cPuente de la Magdalena: un puente, muchas historias\u201d.<\/p>\n<p>Marzo pone en valor la Pamplona accesible, con una fotograf\u00eda de Oscar Larraz Echandi titulada \u201cCiudad sin barreras\u201d. La imagen, realizada de noche sobre tr\u00edpode, busca un juego de luces de la pasarela sobre el Arga que une los parques de Biurdana y el patin\u00f3dromo de San Jorge.<\/p>\n<p>El mes de abril, que en 2025 celebrar\u00e1 la Semana Santa, se adentra en la catedral de Pamplona con la instant\u00e1nea \u201cLuz divina\u201d de Carmen Murugarren. En la imagen, la luz se cuela por uno de los ventanales de la catedral y da ambiente a la estancia. Mayo llena de color el calendario con una vista de ambos lados de las casas de Mercaderes tomada desde la calle Curia por Alberto Vegas Clemente. Su t\u00edtulo, \u201cDe colores\u201d.<\/p>\n<p>Junio est\u00e1 dedicado a la funambulista pamplonesa Remigia Echarren, conocida como \u201cla reina del Arga\u201d, con una fotograf\u00eda del colorido mural realizada por Jes\u00fas Blanco Gonz\u00e1lez. Su t\u00edtulo, \u201cLa reina del Arga\u201d. Julio es Sanfermines, en este caso expresados con la imagen \u201cUni\u00f3n en rojo y blanco\u201d, una imagen de Mario L\u00f3pez Marinero que muestra la unidad y tradici\u00f3n en Pamplona a trav\u00e9s de un apret\u00f3n de manos que une generaciones en rojo y blanco.<\/p>\n<p>Agosto est\u00e1 ilustrado con una buc\u00f3lica imagen de una bicicleta reclinada en el Paseo de Ronda. \u201cBAI Cycle\u201d, de Eric Almeida D\u00e1vila, propone con su imagen hacer una ciudad m\u00e1s sostenible. Septiembre es \u201cLadrillo &amp; aluminio\u201d, una conceptual imagen de Jos\u00e9 Luis Zubiri Mun\u00e1rriz de la fachada del hospital con un antes y despu\u00e9s arquitect\u00f3nicamente.<\/p>\n<p>El \u201cOto\u00f1o en Yamaguchi\u201d adentrar\u00e1 el calendario en esta estaci\u00f3n en el mes de octubre. Marian Jaurrieta Rodeles recoge en esta fotograf\u00eda una explosi\u00f3n de colores oto\u00f1al en la mini cascada de este parque con toques orientales. La fotograf\u00eda que ilustra noviembre se titula \u201cThe other side\u201d, de Oleksandr Basharov. Es un juego de reflejos en Carlos III, que hace que el espectador sienta como si estuviera mirando un portal. 2025 se despide con una fotograf\u00eda titulada \u201cMendillorri nevado\u201d, de Amaya Iliberri, con una estampa invernal de este barrio.<\/p>\n<p>&nbsp;<\/p>\n<h3><strong>Puntos de reparto y horarios<\/strong><\/h3>\n<table width=\"625\">\n<tbody>\n<tr>\n<td width=\"204\"><strong>PUNTOS DE REPARTO<\/strong><\/td>\n<td width=\"249\"><strong>DIRECCI\u00d3N<\/strong><\/td>\n<td width=\"171\"><strong>FECHAS Y HORAS\u00a0\u00a0\u00a0\u00a0\u00a0\u00a0\u00a0\u00a0\u00a0\u00a0\u00a0\u00a0\u00a0\u00a0\u00a0\u00a0\u00a0\u00a0\u00a0\u00a0\u00a0\u00a0\u00a0\u00a0\u00a0\u00a0\u00a0\u00a0\u00a0\u00a0\u00a0\u00a0\u00a0 DE REPARTO<\/strong><\/td>\n<\/tr>\n<tr>\n<td width=\"204\"><strong>TRASERA AYUNTAMIENTO DE PAMPLONA<\/strong><\/td>\n<td width=\"249\">PLAZA DE SANTIAGO S\/N<\/td>\n<td width=\"171\">17 Y 18 DE DICIEMBRE\u00a0\u00a0\u00a0\u00a0\u00a0\u00a0\u00a0\u00a0\u00a0\u00a0\u00a0\u00a0\u00a0\u00a0\u00a0\u00a0\u00a0\u00a0\u00a0\u00a0\u00a0\u00a0\u00a0\u00a0\u00a0\u00a0\u00a0 De 10 a 14 h.<\/td>\n<\/tr>\n<tr>\n<td width=\"204\"><strong>\u00c1REA DE CULTURA<\/strong><\/td>\n<td width=\"249\">C\/ DESCALZOS, 72<\/td>\n<td width=\"171\">17 Y 18 DE DICIEMBRE\u00a0\u00a0\u00a0\u00a0\u00a0\u00a0\u00a0\u00a0\u00a0\u00a0\u00a0\u00a0\u00a0\u00a0\u00a0\u00a0\u00a0\u00a0 \u00a0\u00a0\u00a0\u00a0\u00a0\u00a0\u00a0\u00a0\u00a0De 10 a 14 h.<\/td>\n<\/tr>\n<tr>\n<td width=\"204\"><strong>CIVIVOX SAN JORGE<\/strong><\/td>\n<td width=\"249\">PLAZA DR. GORTARI S\/N<\/td>\n<td width=\"171\">17 Y 18 DE DICIEMBRE\u00a0\u00a0\u00a0\u00a0\u00a0\u00a0\u00a0\u00a0\u00a0\u00a0\u00a0\u00a0\u00a0\u00a0\u00a0\u00a0\u00a0\u00a0\u00a0\u00a0\u00a0\u00a0\u00a0\u00a0\u00a0\u00a0\u00a0 De 10 a 14 h. y de 17 a 20 h.<\/td>\n<\/tr>\n<tr>\n<td width=\"204\"><strong>CIVIVOX MENDILLORRI<\/strong><\/td>\n<td width=\"249\">C\/ CONCEJO DE SARRIGUREN, 3<\/td>\n<td width=\"171\">17 Y 18 DE DICIEMBRE\u00a0\u00a0\u00a0\u00a0\u00a0\u00a0\u00a0\u00a0\u00a0\u00a0\u00a0\u00a0\u00a0\u00a0\u00a0\u00a0\u00a0\u00a0\u00a0\u00a0\u00a0\u00a0\u00a0\u00a0\u00a0\u00a0\u00a0 De 10 a 14 h. y de 17 a 20 h.<\/td>\n<\/tr>\n<tr>\n<td width=\"204\"><strong>CIVIVOX ITURRAMA<\/strong><\/td>\n<td width=\"249\">C\/ ESQU\u00cdROZ, 24<\/td>\n<td width=\"171\">17 Y 18 DE DICIEMBRE\u00a0\u00a0\u00a0\u00a0\u00a0\u00a0\u00a0\u00a0\u00a0\u00a0\u00a0\u00a0\u00a0\u00a0\u00a0\u00a0\u00a0\u00a0\u00a0\u00a0\u00a0\u00a0\u00a0\u00a0\u00a0\u00a0\u00a0 De 10 a 14 h. y de 17 a 20 h.<\/td>\n<\/tr>\n<tr>\n<td width=\"204\"><strong>CIVIVOX JUS LA ROCHA<\/strong><\/td>\n<td width=\"249\">PASEO DE LOS ENAMORADOS, 37<\/td>\n<td width=\"171\">17 Y 18 DE DICIEMBRE\u00a0\u00a0\u00a0\u00a0\u00a0\u00a0\u00a0\u00a0\u00a0\u00a0\u00a0\u00a0\u00a0\u00a0\u00a0\u00a0\u00a0\u00a0\u00a0\u00a0\u00a0\u00a0\u00a0\u00a0\u00a0\u00a0\u00a0 De 10 a 14 h. y de 17 a 20 h.<\/td>\n<\/tr>\n<tr>\n<td width=\"204\"><strong>CIVIVOX ENSANCHE<\/strong><\/td>\n<td width=\"249\">PLAZA BLANCA DE NAVARRA, 9<\/td>\n<td width=\"171\">17 Y 18 DE DICIEMBRE\u00a0\u00a0\u00a0\u00a0\u00a0\u00a0\u00a0\u00a0\u00a0\u00a0\u00a0\u00a0\u00a0\u00a0\u00a0\u00a0\u00a0\u00a0\u00a0\u00a0\u00a0\u00a0\u00a0\u00a0\u00a0\u00a0\u00a0 De 10 a 14 h. y de 17 a 20 h.<\/td>\n<\/tr>\n<tr>\n<td width=\"204\"><strong>CIVIVOX MILAGROSA<\/strong><\/td>\n<td width=\"249\">C\/ TAJONAR S\/N (COLEGIO JOS\u00c9 VILA)<\/td>\n<td width=\"171\">17 Y 18 DE DICIEMBRE\u00a0\u00a0\u00a0\u00a0\u00a0\u00a0\u00a0\u00a0\u00a0\u00a0\u00a0\u00a0\u00a0\u00a0\u00a0\u00a0\u00a0\u00a0\u00a0\u00a0\u00a0\u00a0\u00a0\u00a0\u00a0\u00a0\u00a0 De 10 a 14 h. y de 17 a 20 h.<\/td>\n<\/tr>\n<tr>\n<td width=\"204\"><strong>CASA DE LA JUVENTUD<\/strong><\/td>\n<td width=\"249\">C\/ SANG\u00dcESA, 30<\/td>\n<td width=\"171\">17 Y 18 DE DICIEMBRE\u00a0\u00a0\u00a0\u00a0\u00a0\u00a0\u00a0\u00a0\u00a0\u00a0\u00a0\u00a0\u00a0\u00a0\u00a0\u00a0\u00a0\u00a0\u00a0\u00a0\u00a0\u00a0\u00a0\u00a0\u00a0\u00a0\u00a0 De 10 a 14 h.<\/td>\n<\/tr>\n<tr>\n<td width=\"204\"><strong>CENTRO COMUNITARIO SALESIANAS<\/strong><\/td>\n<td width=\"249\">C\/ CUENCA DE PAMPLONA, 24 (ENTRADA POR LA UNIDAD DE BARRIO)<\/td>\n<td width=\"171\">17 Y 18 DE DICIEMBRE\u00a0\u00a0\u00a0\u00a0\u00a0\u00a0\u00a0\u00a0\u00a0\u00a0\u00a0\u00a0\u00a0\u00a0\u00a0\u00a0\u00a0\u00a0\u00a0\u00a0\u00a0\u00a0\u00a0\u00a0\u00a0\u00a0\u00a0 De 9.30 a 12.30 h.<\/td>\n<\/tr>\n<tr>\n<td width=\"204\"><strong>CENTRO COMUNITARIO ETXABAKOITZ<\/strong><\/td>\n<td width=\"249\">GRUPO URD\u00c1NOZ, 1<\/td>\n<td width=\"171\">17 Y 18 DE DICIEMBRE\u00a0\u00a0\u00a0\u00a0\u00a0\u00a0\u00a0\u00a0\u00a0\u00a0\u00a0\u00a0\u00a0\u00a0\u00a0\u00a0\u00a0\u00a0\u00a0\u00a0\u00a0\u00a0\u00a0\u00a0\u00a0\u00a0\u00a0 De 9.30 a 12.30 h.<\/td>\n<\/tr>\n<tr>\n<td width=\"204\"><strong>CENTRO COMUNITARIO ERMITAGA\u00d1A<\/strong><\/td>\n<td width=\"249\">C\/ ERMITAGA\u00d1A 40-42<\/td>\n<td width=\"171\">17 Y 18 DE DICIEMBRE\u00a0\u00a0\u00a0\u00a0\u00a0\u00a0\u00a0\u00a0\u00a0\u00a0\u00a0\u00a0\u00a0\u00a0\u00a0\u00a0\u00a0\u00a0\u00a0\u00a0\u00a0\u00a0\u00a0\u00a0\u00a0\u00a0\u00a0 De 9.30 a 12.30 h.<\/td>\n<\/tr>\n<tr>\n<td width=\"204\"><strong>CENTRO COMUNITARIO BUZTINTXURI SUR<\/strong><\/td>\n<td width=\"249\">PASEO DE SANTA LUC\u00cdA, 60-62 (JUNTO A LA UNIDAD DE BARRIO)<\/td>\n<td width=\"171\">17 Y 18 DE DICIEMBRE\u00a0\u00a0\u00a0\u00a0\u00a0\u00a0\u00a0\u00a0\u00a0\u00a0\u00a0\u00a0\u00a0\u00a0\u00a0\u00a0\u00a0\u00a0\u00a0\u00a0\u00a0\u00a0\u00a0\u00a0\u00a0\u00a0\u00a0 De 9.30 a 12.30 h.<\/td>\n<\/tr>\n<\/tbody>\n<\/table>\n","protected":false},"excerpt":{"rendered":"<p>Las doce fotograf\u00edas que ilustran los meses, realizadas por la ciudadan\u00eda, muestran una Pamplona diversa, moderna y tradicional, colorida y singular<\/p>\n","protected":false},"author":1,"featured_media":51611,"comment_status":"open","ping_status":"closed","sticky":false,"template":"","format":"standard","meta":{"footnotes":""},"categories":[2],"tags":[],"class_list":["post-51610","post","type-post","status-publish","format-standard","has-post-thumbnail","hentry","category-ayuntamiento-pamplona"],"yoast_head":"<!-- This site is optimized with the Yoast SEO plugin v27.3 - https:\/\/yoast.com\/product\/yoast-seo-wordpress\/ -->\n<title>El Ayuntamiento repartir\u00e1 20.000 ejemplares del calendario municipal de 2025 el martes 17 y el mi\u00e9rcoles 18 en todos los barrios de la ciudad<\/title>\n<meta name=\"description\" content=\"Las doce fotograf\u00edas que ilustran los meses, realizadas por la ciudadan\u00eda, muestran una Pamplona diversa, moderna y tradicional, colorida y singular\" \/>\n<meta name=\"robots\" content=\"index, follow, max-snippet:-1, max-image-preview:large, max-video-preview:-1\" \/>\n<link rel=\"canonical\" href=\"https:\/\/www.laguiadepamplona.com\/actualidad\/el-ayuntamiento-repartira-20-000-ejemplares-del-calendario-municipal-de-2025-el-martes-17-y-el-miercoles-18-en-todos-los-barrios-de-la-ciudad\/\" \/>\n<meta property=\"og:locale\" content=\"es_ES\" \/>\n<meta property=\"og:type\" content=\"article\" \/>\n<meta property=\"og:title\" content=\"El Ayuntamiento repartir\u00e1 20.000 ejemplares del calendario municipal de 2025 el martes 17 y el mi\u00e9rcoles 18 en todos los barrios de la ciudad\" \/>\n<meta property=\"og:description\" content=\"Las doce fotograf\u00edas que ilustran los meses, realizadas por la ciudadan\u00eda, muestran una Pamplona diversa, moderna y tradicional, colorida y singular\" \/>\n<meta property=\"og:url\" content=\"https:\/\/www.laguiadepamplona.com\/actualidad\/el-ayuntamiento-repartira-20-000-ejemplares-del-calendario-municipal-de-2025-el-martes-17-y-el-miercoles-18-en-todos-los-barrios-de-la-ciudad\/\" \/>\n<meta property=\"og:site_name\" content=\"La Gu\u00eda de Pamplona\" \/>\n<meta property=\"article:publisher\" content=\"https:\/\/www.facebook.com\/laguiadepamplonacom-133175176762273\/?ref=hl\" \/>\n<meta property=\"article:published_time\" content=\"2024-12-12T14:39:55+00:00\" \/>\n<meta property=\"og:image\" content=\"https:\/\/www.laguiadepamplona.com\/actualidad\/wp-content\/uploads\/2024\/12\/calendarioweb_0.webp\" \/>\n\t<meta property=\"og:image:width\" content=\"1000\" \/>\n\t<meta property=\"og:image:height\" content=\"594\" \/>\n\t<meta property=\"og:image:type\" content=\"image\/webp\" \/>\n<meta name=\"author\" content=\"La Gu\u00eda de Pamplona\" \/>\n<meta name=\"twitter:card\" content=\"summary_large_image\" \/>\n<meta name=\"twitter:creator\" content=\"@LaGuiadPamplona\" \/>\n<meta name=\"twitter:site\" content=\"@LaGuiadPamplona\" \/>\n<meta name=\"twitter:label1\" content=\"Escrito por\" \/>\n\t<meta name=\"twitter:data1\" content=\"La Gu\u00eda de Pamplona\" \/>\n\t<meta name=\"twitter:label2\" content=\"Tiempo de lectura\" \/>\n\t<meta name=\"twitter:data2\" content=\"5 minutos\" \/>\n<script type=\"application\/ld+json\" class=\"yoast-schema-graph\">{\"@context\":\"https:\\\/\\\/schema.org\",\"@graph\":[{\"@type\":\"Article\",\"@id\":\"https:\\\/\\\/www.laguiadepamplona.com\\\/actualidad\\\/el-ayuntamiento-repartira-20-000-ejemplares-del-calendario-municipal-de-2025-el-martes-17-y-el-miercoles-18-en-todos-los-barrios-de-la-ciudad\\\/#article\",\"isPartOf\":{\"@id\":\"https:\\\/\\\/www.laguiadepamplona.com\\\/actualidad\\\/el-ayuntamiento-repartira-20-000-ejemplares-del-calendario-municipal-de-2025-el-martes-17-y-el-miercoles-18-en-todos-los-barrios-de-la-ciudad\\\/\"},\"author\":{\"name\":\"La Gu\u00eda de Pamplona\",\"@id\":\"https:\\\/\\\/www.laguiadepamplona.com\\\/actualidad\\\/#\\\/schema\\\/person\\\/efe887376f0213d4657c93adc50b1fdb\"},\"headline\":\"El Ayuntamiento repartir\u00e1 20.000 ejemplares del calendario municipal de 2025 el martes 17 y el mi\u00e9rcoles 18 en todos los barrios de la ciudad\",\"datePublished\":\"2024-12-12T14:39:55+00:00\",\"mainEntityOfPage\":{\"@id\":\"https:\\\/\\\/www.laguiadepamplona.com\\\/actualidad\\\/el-ayuntamiento-repartira-20-000-ejemplares-del-calendario-municipal-de-2025-el-martes-17-y-el-miercoles-18-en-todos-los-barrios-de-la-ciudad\\\/\"},\"wordCount\":1030,\"commentCount\":0,\"publisher\":{\"@id\":\"https:\\\/\\\/www.laguiadepamplona.com\\\/actualidad\\\/#organization\"},\"image\":{\"@id\":\"https:\\\/\\\/www.laguiadepamplona.com\\\/actualidad\\\/el-ayuntamiento-repartira-20-000-ejemplares-del-calendario-municipal-de-2025-el-martes-17-y-el-miercoles-18-en-todos-los-barrios-de-la-ciudad\\\/#primaryimage\"},\"thumbnailUrl\":\"https:\\\/\\\/www.laguiadepamplona.com\\\/actualidad\\\/wp-content\\\/uploads\\\/2024\\\/12\\\/calendarioweb_0.webp\",\"articleSection\":[\"Ayto Pamplona\"],\"inLanguage\":\"es\",\"potentialAction\":[{\"@type\":\"CommentAction\",\"name\":\"Comment\",\"target\":[\"https:\\\/\\\/www.laguiadepamplona.com\\\/actualidad\\\/el-ayuntamiento-repartira-20-000-ejemplares-del-calendario-municipal-de-2025-el-martes-17-y-el-miercoles-18-en-todos-los-barrios-de-la-ciudad\\\/#respond\"]}]},{\"@type\":\"WebPage\",\"@id\":\"https:\\\/\\\/www.laguiadepamplona.com\\\/actualidad\\\/el-ayuntamiento-repartira-20-000-ejemplares-del-calendario-municipal-de-2025-el-martes-17-y-el-miercoles-18-en-todos-los-barrios-de-la-ciudad\\\/\",\"url\":\"https:\\\/\\\/www.laguiadepamplona.com\\\/actualidad\\\/el-ayuntamiento-repartira-20-000-ejemplares-del-calendario-municipal-de-2025-el-martes-17-y-el-miercoles-18-en-todos-los-barrios-de-la-ciudad\\\/\",\"name\":\"El Ayuntamiento repartir\u00e1 20.000 ejemplares del calendario municipal de 2025 el martes 17 y el mi\u00e9rcoles 18 en todos los barrios de la ciudad\",\"isPartOf\":{\"@id\":\"https:\\\/\\\/www.laguiadepamplona.com\\\/actualidad\\\/#website\"},\"primaryImageOfPage\":{\"@id\":\"https:\\\/\\\/www.laguiadepamplona.com\\\/actualidad\\\/el-ayuntamiento-repartira-20-000-ejemplares-del-calendario-municipal-de-2025-el-martes-17-y-el-miercoles-18-en-todos-los-barrios-de-la-ciudad\\\/#primaryimage\"},\"image\":{\"@id\":\"https:\\\/\\\/www.laguiadepamplona.com\\\/actualidad\\\/el-ayuntamiento-repartira-20-000-ejemplares-del-calendario-municipal-de-2025-el-martes-17-y-el-miercoles-18-en-todos-los-barrios-de-la-ciudad\\\/#primaryimage\"},\"thumbnailUrl\":\"https:\\\/\\\/www.laguiadepamplona.com\\\/actualidad\\\/wp-content\\\/uploads\\\/2024\\\/12\\\/calendarioweb_0.webp\",\"datePublished\":\"2024-12-12T14:39:55+00:00\",\"description\":\"Las doce fotograf\u00edas que ilustran los meses, realizadas por la ciudadan\u00eda, muestran una Pamplona diversa, moderna y tradicional, colorida y singular\",\"breadcrumb\":{\"@id\":\"https:\\\/\\\/www.laguiadepamplona.com\\\/actualidad\\\/el-ayuntamiento-repartira-20-000-ejemplares-del-calendario-municipal-de-2025-el-martes-17-y-el-miercoles-18-en-todos-los-barrios-de-la-ciudad\\\/#breadcrumb\"},\"inLanguage\":\"es\",\"potentialAction\":[{\"@type\":\"ReadAction\",\"target\":[\"https:\\\/\\\/www.laguiadepamplona.com\\\/actualidad\\\/el-ayuntamiento-repartira-20-000-ejemplares-del-calendario-municipal-de-2025-el-martes-17-y-el-miercoles-18-en-todos-los-barrios-de-la-ciudad\\\/\"]}]},{\"@type\":\"ImageObject\",\"inLanguage\":\"es\",\"@id\":\"https:\\\/\\\/www.laguiadepamplona.com\\\/actualidad\\\/el-ayuntamiento-repartira-20-000-ejemplares-del-calendario-municipal-de-2025-el-martes-17-y-el-miercoles-18-en-todos-los-barrios-de-la-ciudad\\\/#primaryimage\",\"url\":\"https:\\\/\\\/www.laguiadepamplona.com\\\/actualidad\\\/wp-content\\\/uploads\\\/2024\\\/12\\\/calendarioweb_0.webp\",\"contentUrl\":\"https:\\\/\\\/www.laguiadepamplona.com\\\/actualidad\\\/wp-content\\\/uploads\\\/2024\\\/12\\\/calendarioweb_0.webp\",\"width\":1000,\"height\":594,\"caption\":\"calendario pamplona\"},{\"@type\":\"BreadcrumbList\",\"@id\":\"https:\\\/\\\/www.laguiadepamplona.com\\\/actualidad\\\/el-ayuntamiento-repartira-20-000-ejemplares-del-calendario-municipal-de-2025-el-martes-17-y-el-miercoles-18-en-todos-los-barrios-de-la-ciudad\\\/#breadcrumb\",\"itemListElement\":[{\"@type\":\"ListItem\",\"position\":1,\"name\":\"Portada\",\"item\":\"https:\\\/\\\/www.laguiadepamplona.com\\\/actualidad\\\/\"},{\"@type\":\"ListItem\",\"position\":2,\"name\":\"El Ayuntamiento repartir\u00e1 20.000 ejemplares del calendario municipal de 2025 el martes 17 y el mi\u00e9rcoles 18 en todos los barrios de la ciudad\"}]},{\"@type\":\"WebSite\",\"@id\":\"https:\\\/\\\/www.laguiadepamplona.com\\\/actualidad\\\/#website\",\"url\":\"https:\\\/\\\/www.laguiadepamplona.com\\\/actualidad\\\/\",\"name\":\"La gu\u00eda de Pamplona\",\"description\":\"Noticias de Pamplona\",\"publisher\":{\"@id\":\"https:\\\/\\\/www.laguiadepamplona.com\\\/actualidad\\\/#organization\"},\"potentialAction\":[{\"@type\":\"SearchAction\",\"target\":{\"@type\":\"EntryPoint\",\"urlTemplate\":\"https:\\\/\\\/www.laguiadepamplona.com\\\/actualidad\\\/?s={search_term_string}\"},\"query-input\":{\"@type\":\"PropertyValueSpecification\",\"valueRequired\":true,\"valueName\":\"search_term_string\"}}],\"inLanguage\":\"es\"},{\"@type\":\"Organization\",\"@id\":\"https:\\\/\\\/www.laguiadepamplona.com\\\/actualidad\\\/#organization\",\"name\":\"La Gu\u00eda de Pamplona \\\/ Noticias\",\"url\":\"https:\\\/\\\/www.laguiadepamplona.com\\\/actualidad\\\/\",\"logo\":{\"@type\":\"ImageObject\",\"inLanguage\":\"es\",\"@id\":\"https:\\\/\\\/www.laguiadepamplona.com\\\/actualidad\\\/#\\\/schema\\\/logo\\\/image\\\/\",\"url\":\"https:\\\/\\\/www.laguiadepamplona.com\\\/actualidad\\\/wp-content\\\/uploads\\\/2018\\\/11\\\/logo-laguiadepamplona18-web1.png\",\"contentUrl\":\"https:\\\/\\\/www.laguiadepamplona.com\\\/actualidad\\\/wp-content\\\/uploads\\\/2018\\\/11\\\/logo-laguiadepamplona18-web1.png\",\"width\":600,\"height\":196,\"caption\":\"La Gu\u00eda de Pamplona \\\/ Noticias\"},\"image\":{\"@id\":\"https:\\\/\\\/www.laguiadepamplona.com\\\/actualidad\\\/#\\\/schema\\\/logo\\\/image\\\/\"},\"sameAs\":[\"https:\\\/\\\/www.facebook.com\\\/laguiadepamplonacom-133175176762273\\\/?ref=hl\",\"https:\\\/\\\/x.com\\\/LaGuiadPamplona\",\"https:\\\/\\\/www.instagram.com\\\/la_guia_de_pamplona\\\/\",\"https:\\\/\\\/www.youtube.com\\\/user\\\/laguiadepamplona\"]},{\"@type\":\"Person\",\"@id\":\"https:\\\/\\\/www.laguiadepamplona.com\\\/actualidad\\\/#\\\/schema\\\/person\\\/efe887376f0213d4657c93adc50b1fdb\",\"name\":\"La Gu\u00eda de Pamplona\",\"image\":{\"@type\":\"ImageObject\",\"inLanguage\":\"es\",\"@id\":\"https:\\\/\\\/secure.gravatar.com\\\/avatar\\\/b6992f131dc8d30ab0dff15446e9d346d9dbd95992de0fef795073f5ea83a81c?s=96&d=mm&r=g\",\"url\":\"https:\\\/\\\/secure.gravatar.com\\\/avatar\\\/b6992f131dc8d30ab0dff15446e9d346d9dbd95992de0fef795073f5ea83a81c?s=96&d=mm&r=g\",\"contentUrl\":\"https:\\\/\\\/secure.gravatar.com\\\/avatar\\\/b6992f131dc8d30ab0dff15446e9d346d9dbd95992de0fef795073f5ea83a81c?s=96&d=mm&r=g\",\"caption\":\"La Gu\u00eda de Pamplona\"}}]}<\/script>\n<!-- \/ Yoast SEO plugin. -->","yoast_head_json":{"title":"El Ayuntamiento repartir\u00e1 20.000 ejemplares del calendario municipal de 2025 el martes 17 y el mi\u00e9rcoles 18 en todos los barrios de la ciudad","description":"Las doce fotograf\u00edas que ilustran los meses, realizadas por la ciudadan\u00eda, muestran una Pamplona diversa, moderna y tradicional, colorida y singular","robots":{"index":"index","follow":"follow","max-snippet":"max-snippet:-1","max-image-preview":"max-image-preview:large","max-video-preview":"max-video-preview:-1"},"canonical":"https:\/\/www.laguiadepamplona.com\/actualidad\/el-ayuntamiento-repartira-20-000-ejemplares-del-calendario-municipal-de-2025-el-martes-17-y-el-miercoles-18-en-todos-los-barrios-de-la-ciudad\/","og_locale":"es_ES","og_type":"article","og_title":"El Ayuntamiento repartir\u00e1 20.000 ejemplares del calendario municipal de 2025 el martes 17 y el mi\u00e9rcoles 18 en todos los barrios de la ciudad","og_description":"Las doce fotograf\u00edas que ilustran los meses, realizadas por la ciudadan\u00eda, muestran una Pamplona diversa, moderna y tradicional, colorida y singular","og_url":"https:\/\/www.laguiadepamplona.com\/actualidad\/el-ayuntamiento-repartira-20-000-ejemplares-del-calendario-municipal-de-2025-el-martes-17-y-el-miercoles-18-en-todos-los-barrios-de-la-ciudad\/","og_site_name":"La Gu\u00eda de Pamplona","article_publisher":"https:\/\/www.facebook.com\/laguiadepamplonacom-133175176762273\/?ref=hl","article_published_time":"2024-12-12T14:39:55+00:00","og_image":[{"width":1000,"height":594,"url":"https:\/\/www.laguiadepamplona.com\/actualidad\/wp-content\/uploads\/2024\/12\/calendarioweb_0.webp","type":"image\/webp"}],"author":"La Gu\u00eda de Pamplona","twitter_card":"summary_large_image","twitter_creator":"@LaGuiadPamplona","twitter_site":"@LaGuiadPamplona","twitter_misc":{"Escrito por":"La Gu\u00eda de Pamplona","Tiempo de lectura":"5 minutos"},"schema":{"@context":"https:\/\/schema.org","@graph":[{"@type":"Article","@id":"https:\/\/www.laguiadepamplona.com\/actualidad\/el-ayuntamiento-repartira-20-000-ejemplares-del-calendario-municipal-de-2025-el-martes-17-y-el-miercoles-18-en-todos-los-barrios-de-la-ciudad\/#article","isPartOf":{"@id":"https:\/\/www.laguiadepamplona.com\/actualidad\/el-ayuntamiento-repartira-20-000-ejemplares-del-calendario-municipal-de-2025-el-martes-17-y-el-miercoles-18-en-todos-los-barrios-de-la-ciudad\/"},"author":{"name":"La Gu\u00eda de Pamplona","@id":"https:\/\/www.laguiadepamplona.com\/actualidad\/#\/schema\/person\/efe887376f0213d4657c93adc50b1fdb"},"headline":"El Ayuntamiento repartir\u00e1 20.000 ejemplares del calendario municipal de 2025 el martes 17 y el mi\u00e9rcoles 18 en todos los barrios de la ciudad","datePublished":"2024-12-12T14:39:55+00:00","mainEntityOfPage":{"@id":"https:\/\/www.laguiadepamplona.com\/actualidad\/el-ayuntamiento-repartira-20-000-ejemplares-del-calendario-municipal-de-2025-el-martes-17-y-el-miercoles-18-en-todos-los-barrios-de-la-ciudad\/"},"wordCount":1030,"commentCount":0,"publisher":{"@id":"https:\/\/www.laguiadepamplona.com\/actualidad\/#organization"},"image":{"@id":"https:\/\/www.laguiadepamplona.com\/actualidad\/el-ayuntamiento-repartira-20-000-ejemplares-del-calendario-municipal-de-2025-el-martes-17-y-el-miercoles-18-en-todos-los-barrios-de-la-ciudad\/#primaryimage"},"thumbnailUrl":"https:\/\/www.laguiadepamplona.com\/actualidad\/wp-content\/uploads\/2024\/12\/calendarioweb_0.webp","articleSection":["Ayto Pamplona"],"inLanguage":"es","potentialAction":[{"@type":"CommentAction","name":"Comment","target":["https:\/\/www.laguiadepamplona.com\/actualidad\/el-ayuntamiento-repartira-20-000-ejemplares-del-calendario-municipal-de-2025-el-martes-17-y-el-miercoles-18-en-todos-los-barrios-de-la-ciudad\/#respond"]}]},{"@type":"WebPage","@id":"https:\/\/www.laguiadepamplona.com\/actualidad\/el-ayuntamiento-repartira-20-000-ejemplares-del-calendario-municipal-de-2025-el-martes-17-y-el-miercoles-18-en-todos-los-barrios-de-la-ciudad\/","url":"https:\/\/www.laguiadepamplona.com\/actualidad\/el-ayuntamiento-repartira-20-000-ejemplares-del-calendario-municipal-de-2025-el-martes-17-y-el-miercoles-18-en-todos-los-barrios-de-la-ciudad\/","name":"El Ayuntamiento repartir\u00e1 20.000 ejemplares del calendario municipal de 2025 el martes 17 y el mi\u00e9rcoles 18 en todos los barrios de la ciudad","isPartOf":{"@id":"https:\/\/www.laguiadepamplona.com\/actualidad\/#website"},"primaryImageOfPage":{"@id":"https:\/\/www.laguiadepamplona.com\/actualidad\/el-ayuntamiento-repartira-20-000-ejemplares-del-calendario-municipal-de-2025-el-martes-17-y-el-miercoles-18-en-todos-los-barrios-de-la-ciudad\/#primaryimage"},"image":{"@id":"https:\/\/www.laguiadepamplona.com\/actualidad\/el-ayuntamiento-repartira-20-000-ejemplares-del-calendario-municipal-de-2025-el-martes-17-y-el-miercoles-18-en-todos-los-barrios-de-la-ciudad\/#primaryimage"},"thumbnailUrl":"https:\/\/www.laguiadepamplona.com\/actualidad\/wp-content\/uploads\/2024\/12\/calendarioweb_0.webp","datePublished":"2024-12-12T14:39:55+00:00","description":"Las doce fotograf\u00edas que ilustran los meses, realizadas por la ciudadan\u00eda, muestran una Pamplona diversa, moderna y tradicional, colorida y singular","breadcrumb":{"@id":"https:\/\/www.laguiadepamplona.com\/actualidad\/el-ayuntamiento-repartira-20-000-ejemplares-del-calendario-municipal-de-2025-el-martes-17-y-el-miercoles-18-en-todos-los-barrios-de-la-ciudad\/#breadcrumb"},"inLanguage":"es","potentialAction":[{"@type":"ReadAction","target":["https:\/\/www.laguiadepamplona.com\/actualidad\/el-ayuntamiento-repartira-20-000-ejemplares-del-calendario-municipal-de-2025-el-martes-17-y-el-miercoles-18-en-todos-los-barrios-de-la-ciudad\/"]}]},{"@type":"ImageObject","inLanguage":"es","@id":"https:\/\/www.laguiadepamplona.com\/actualidad\/el-ayuntamiento-repartira-20-000-ejemplares-del-calendario-municipal-de-2025-el-martes-17-y-el-miercoles-18-en-todos-los-barrios-de-la-ciudad\/#primaryimage","url":"https:\/\/www.laguiadepamplona.com\/actualidad\/wp-content\/uploads\/2024\/12\/calendarioweb_0.webp","contentUrl":"https:\/\/www.laguiadepamplona.com\/actualidad\/wp-content\/uploads\/2024\/12\/calendarioweb_0.webp","width":1000,"height":594,"caption":"calendario pamplona"},{"@type":"BreadcrumbList","@id":"https:\/\/www.laguiadepamplona.com\/actualidad\/el-ayuntamiento-repartira-20-000-ejemplares-del-calendario-municipal-de-2025-el-martes-17-y-el-miercoles-18-en-todos-los-barrios-de-la-ciudad\/#breadcrumb","itemListElement":[{"@type":"ListItem","position":1,"name":"Portada","item":"https:\/\/www.laguiadepamplona.com\/actualidad\/"},{"@type":"ListItem","position":2,"name":"El Ayuntamiento repartir\u00e1 20.000 ejemplares del calendario municipal de 2025 el martes 17 y el mi\u00e9rcoles 18 en todos los barrios de la ciudad"}]},{"@type":"WebSite","@id":"https:\/\/www.laguiadepamplona.com\/actualidad\/#website","url":"https:\/\/www.laguiadepamplona.com\/actualidad\/","name":"La gu\u00eda de Pamplona","description":"Noticias de Pamplona","publisher":{"@id":"https:\/\/www.laguiadepamplona.com\/actualidad\/#organization"},"potentialAction":[{"@type":"SearchAction","target":{"@type":"EntryPoint","urlTemplate":"https:\/\/www.laguiadepamplona.com\/actualidad\/?s={search_term_string}"},"query-input":{"@type":"PropertyValueSpecification","valueRequired":true,"valueName":"search_term_string"}}],"inLanguage":"es"},{"@type":"Organization","@id":"https:\/\/www.laguiadepamplona.com\/actualidad\/#organization","name":"La Gu\u00eda de Pamplona \/ Noticias","url":"https:\/\/www.laguiadepamplona.com\/actualidad\/","logo":{"@type":"ImageObject","inLanguage":"es","@id":"https:\/\/www.laguiadepamplona.com\/actualidad\/#\/schema\/logo\/image\/","url":"https:\/\/www.laguiadepamplona.com\/actualidad\/wp-content\/uploads\/2018\/11\/logo-laguiadepamplona18-web1.png","contentUrl":"https:\/\/www.laguiadepamplona.com\/actualidad\/wp-content\/uploads\/2018\/11\/logo-laguiadepamplona18-web1.png","width":600,"height":196,"caption":"La Gu\u00eda de Pamplona \/ Noticias"},"image":{"@id":"https:\/\/www.laguiadepamplona.com\/actualidad\/#\/schema\/logo\/image\/"},"sameAs":["https:\/\/www.facebook.com\/laguiadepamplonacom-133175176762273\/?ref=hl","https:\/\/x.com\/LaGuiadPamplona","https:\/\/www.instagram.com\/la_guia_de_pamplona\/","https:\/\/www.youtube.com\/user\/laguiadepamplona"]},{"@type":"Person","@id":"https:\/\/www.laguiadepamplona.com\/actualidad\/#\/schema\/person\/efe887376f0213d4657c93adc50b1fdb","name":"La Gu\u00eda de Pamplona","image":{"@type":"ImageObject","inLanguage":"es","@id":"https:\/\/secure.gravatar.com\/avatar\/b6992f131dc8d30ab0dff15446e9d346d9dbd95992de0fef795073f5ea83a81c?s=96&d=mm&r=g","url":"https:\/\/secure.gravatar.com\/avatar\/b6992f131dc8d30ab0dff15446e9d346d9dbd95992de0fef795073f5ea83a81c?s=96&d=mm&r=g","contentUrl":"https:\/\/secure.gravatar.com\/avatar\/b6992f131dc8d30ab0dff15446e9d346d9dbd95992de0fef795073f5ea83a81c?s=96&d=mm&r=g","caption":"La Gu\u00eda de Pamplona"}}]}},"post_mailing_queue_ids":[],"_links":{"self":[{"href":"https:\/\/www.laguiadepamplona.com\/actualidad\/wp-json\/wp\/v2\/posts\/51610","targetHints":{"allow":["GET"]}}],"collection":[{"href":"https:\/\/www.laguiadepamplona.com\/actualidad\/wp-json\/wp\/v2\/posts"}],"about":[{"href":"https:\/\/www.laguiadepamplona.com\/actualidad\/wp-json\/wp\/v2\/types\/post"}],"author":[{"embeddable":true,"href":"https:\/\/www.laguiadepamplona.com\/actualidad\/wp-json\/wp\/v2\/users\/1"}],"replies":[{"embeddable":true,"href":"https:\/\/www.laguiadepamplona.com\/actualidad\/wp-json\/wp\/v2\/comments?post=51610"}],"version-history":[{"count":1,"href":"https:\/\/www.laguiadepamplona.com\/actualidad\/wp-json\/wp\/v2\/posts\/51610\/revisions"}],"predecessor-version":[{"id":51612,"href":"https:\/\/www.laguiadepamplona.com\/actualidad\/wp-json\/wp\/v2\/posts\/51610\/revisions\/51612"}],"wp:featuredmedia":[{"embeddable":true,"href":"https:\/\/www.laguiadepamplona.com\/actualidad\/wp-json\/wp\/v2\/media\/51611"}],"wp:attachment":[{"href":"https:\/\/www.laguiadepamplona.com\/actualidad\/wp-json\/wp\/v2\/media?parent=51610"}],"wp:term":[{"taxonomy":"category","embeddable":true,"href":"https:\/\/www.laguiadepamplona.com\/actualidad\/wp-json\/wp\/v2\/categories?post=51610"},{"taxonomy":"post_tag","embeddable":true,"href":"https:\/\/www.laguiadepamplona.com\/actualidad\/wp-json\/wp\/v2\/tags?post=51610"}],"curies":[{"name":"wp","href":"https:\/\/api.w.org\/{rel}","templated":true}]}}