{"id":51601,"date":"2024-12-11T17:18:29","date_gmt":"2024-12-11T15:18:29","guid":{"rendered":"https:\/\/www.laguiadepamplona.com\/actualidad\/?p=51601"},"modified":"2024-12-11T17:18:29","modified_gmt":"2024-12-11T15:18:29","slug":"los-alcaldes-de-pamplona-y-orkoien-coinciden-en-la-necesidad-de-mejorar-la-conexion-entre-ambos-municipios-a-traves-de-la-avenida-de-san-jorge-y-el-antiguo-matadero","status":"publish","type":"post","link":"https:\/\/www.laguiadepamplona.com\/actualidad\/los-alcaldes-de-pamplona-y-orkoien-coinciden-en-la-necesidad-de-mejorar-la-conexion-entre-ambos-municipios-a-traves-de-la-avenida-de-san-jorge-y-el-antiguo-matadero\/","title":{"rendered":"Los alcaldes de Pamplona y Orkoien coinciden en la necesidad de mejorar la conexi\u00f3n entre ambos municipios a trav\u00e9s de la avenida de San Jorge y el antiguo Matadero"},"content":{"rendered":"<h2>Joseba Asiron Saez ha recibido al alcalde Alejandro L\u00f3pez Orejuela, dentro de la ronda de contactos con representantes de los municipios de la Comarca<\/h2>\n<p><!--more--><\/p>\n<p>El alcalde de Pamplona, Joseba Asiron Saez, y su hom\u00f3logo en Orkoien, el socialista Alejandro L\u00f3pez Orejuela, han coincidido en la importancia de mejorar la conexi\u00f3n entre ambos municipios, mejorando el tr\u00e1fico rodado, peatonal y ciclable en el entorno del antiguo Matadero. As\u00ed se desprende del encuentro que ambos han mantenido en el Ayuntamiento de Pamplona, dentro de la ronda de contactos que el alcalde Asiron est\u00e1 manteniendo con los primeros ediles de las localidades de la Comarca de Pamplona.<\/p>\n<p>Ambos han puesto sobre la mesa la importancia de mejorar la conexi\u00f3n entre la nueva urbanizaci\u00f3n del antiguo Matadero, que incluye un carril bici y paseo peatonal, con la avenida de San Jorge, donde se acaba de finalizar las obras de conexi\u00f3n ciclista y peatonal entre el barrio de San Jorge y el pol\u00edgono de Landaben. El Ayuntamiento de Pamplona se ha comprometido a estudiar ese tramo y valorarlo econ\u00f3micamente este pr\u00f3ximo a\u00f1o. No obstante, dado que esta zona se ver\u00eda afectada por las previsiones del PSIS de Etxabakoitz, cualquier actuaci\u00f3n que se realice en este tramo ser\u00eda provisional.<\/p>\n<p>Al margen de este punto, en el encuentro ambos alcaldes han abordado otros aspectos de inter\u00e9s como la urbanizaci\u00f3n de la parcela en el antiguo solar del Matadero y sus usos, que est\u00e1n destinada a un espacio de oportunidad econ\u00f3mica. Tambi\u00e9n se ha repasado el estado y el funcionamiento de la pasarela que sirve de punto de mejora sustancial de la movilidad peatonal y ciclista entre ambos municipios en esa zona. Por otro lado, han analizado el Plan de Conjunto de San Macario, que conllevar\u00eda la creaci\u00f3n de un pol\u00edgono industrial, si bien tambi\u00e9n depende del PSIS de Etxabakoitz y la desaparici\u00f3n del bucle ferroviario.<\/p>\n<p>Por \u00faltimo, ambos alcaldes han comentado algunas cuestiones de inter\u00e9s para ambos municipios, como la extensi\u00f3n del sistema de bici el\u00e9ctrica o la necesidad de nueva vivienda asequible.<\/p>\n","protected":false},"excerpt":{"rendered":"<p>Joseba Asiron Saez ha recibido al alcalde Alejandro L\u00f3pez Orejuela, dentro de la ronda de contactos con representantes de los municipios de la Comarca<\/p>\n","protected":false},"author":1,"featured_media":51602,"comment_status":"open","ping_status":"closed","sticky":false,"template":"","format":"standard","meta":{"footnotes":""},"categories":[2],"tags":[],"class_list":["post-51601","post","type-post","status-publish","format-standard","has-post-thumbnail","hentry","category-ayuntamiento-pamplona"],"yoast_head":"<!-- This site is optimized with the Yoast SEO plugin v27.3 - https:\/\/yoast.com\/product\/yoast-seo-wordpress\/ -->\n<title>Los alcaldes de Pamplona y Orkoien coinciden en la necesidad de mejorar la conexi\u00f3n entre ambos municipios a trav\u00e9s de la avenida de San Jorge y el antiguo Matadero<\/title>\n<meta name=\"description\" content=\"Joseba Asiron Saez ha recibido al alcalde Alejandro L\u00f3pez Orejuela, dentro de la ronda de contactos con representantes de los municipios de la Comarca\" \/>\n<meta name=\"robots\" content=\"index, follow, max-snippet:-1, max-image-preview:large, max-video-preview:-1\" \/>\n<link rel=\"canonical\" href=\"https:\/\/www.laguiadepamplona.com\/actualidad\/los-alcaldes-de-pamplona-y-orkoien-coinciden-en-la-necesidad-de-mejorar-la-conexion-entre-ambos-municipios-a-traves-de-la-avenida-de-san-jorge-y-el-antiguo-matadero\/\" \/>\n<meta property=\"og:locale\" content=\"es_ES\" \/>\n<meta property=\"og:type\" content=\"article\" \/>\n<meta property=\"og:title\" content=\"Los alcaldes de Pamplona y Orkoien coinciden en la necesidad de mejorar la conexi\u00f3n entre ambos municipios a trav\u00e9s de la avenida de San Jorge y el antiguo Matadero\" \/>\n<meta property=\"og:description\" content=\"Joseba Asiron Saez ha recibido al alcalde Alejandro L\u00f3pez Orejuela, dentro de la ronda de contactos con representantes de los municipios de la Comarca\" \/>\n<meta property=\"og:url\" content=\"https:\/\/www.laguiadepamplona.com\/actualidad\/los-alcaldes-de-pamplona-y-orkoien-coinciden-en-la-necesidad-de-mejorar-la-conexion-entre-ambos-municipios-a-traves-de-la-avenida-de-san-jorge-y-el-antiguo-matadero\/\" \/>\n<meta property=\"og:site_name\" content=\"La Gu\u00eda de Pamplona\" \/>\n<meta property=\"article:publisher\" content=\"https:\/\/www.facebook.com\/laguiadepamplonacom-133175176762273\/?ref=hl\" \/>\n<meta property=\"article:published_time\" content=\"2024-12-11T15:18:29+00:00\" \/>\n<meta property=\"og:image\" content=\"https:\/\/www.laguiadepamplona.com\/actualidad\/wp-content\/uploads\/2024\/12\/alcaldedeorkoien1_0.webp\" \/>\n\t<meta property=\"og:image:width\" content=\"1000\" \/>\n\t<meta property=\"og:image:height\" content=\"667\" \/>\n\t<meta property=\"og:image:type\" content=\"image\/webp\" \/>\n<meta name=\"author\" content=\"La Gu\u00eda de Pamplona\" \/>\n<meta name=\"twitter:card\" content=\"summary_large_image\" \/>\n<meta name=\"twitter:creator\" content=\"@LaGuiadPamplona\" \/>\n<meta name=\"twitter:site\" content=\"@LaGuiadPamplona\" \/>\n<meta name=\"twitter:label1\" content=\"Escrito por\" \/>\n\t<meta name=\"twitter:data1\" content=\"La Gu\u00eda de Pamplona\" \/>\n\t<meta name=\"twitter:label2\" content=\"Tiempo de lectura\" \/>\n\t<meta name=\"twitter:data2\" content=\"2 minutos\" \/>\n<script type=\"application\/ld+json\" class=\"yoast-schema-graph\">{\"@context\":\"https:\\\/\\\/schema.org\",\"@graph\":[{\"@type\":\"Article\",\"@id\":\"https:\\\/\\\/www.laguiadepamplona.com\\\/actualidad\\\/los-alcaldes-de-pamplona-y-orkoien-coinciden-en-la-necesidad-de-mejorar-la-conexion-entre-ambos-municipios-a-traves-de-la-avenida-de-san-jorge-y-el-antiguo-matadero\\\/#article\",\"isPartOf\":{\"@id\":\"https:\\\/\\\/www.laguiadepamplona.com\\\/actualidad\\\/los-alcaldes-de-pamplona-y-orkoien-coinciden-en-la-necesidad-de-mejorar-la-conexion-entre-ambos-municipios-a-traves-de-la-avenida-de-san-jorge-y-el-antiguo-matadero\\\/\"},\"author\":{\"name\":\"La Gu\u00eda de Pamplona\",\"@id\":\"https:\\\/\\\/www.laguiadepamplona.com\\\/actualidad\\\/#\\\/schema\\\/person\\\/efe887376f0213d4657c93adc50b1fdb\"},\"headline\":\"Los alcaldes de Pamplona y Orkoien coinciden en la necesidad de mejorar la conexi\u00f3n entre ambos municipios a trav\u00e9s de la avenida de San Jorge y el antiguo Matadero\",\"datePublished\":\"2024-12-11T15:18:29+00:00\",\"mainEntityOfPage\":{\"@id\":\"https:\\\/\\\/www.laguiadepamplona.com\\\/actualidad\\\/los-alcaldes-de-pamplona-y-orkoien-coinciden-en-la-necesidad-de-mejorar-la-conexion-entre-ambos-municipios-a-traves-de-la-avenida-de-san-jorge-y-el-antiguo-matadero\\\/\"},\"wordCount\":395,\"commentCount\":0,\"publisher\":{\"@id\":\"https:\\\/\\\/www.laguiadepamplona.com\\\/actualidad\\\/#organization\"},\"image\":{\"@id\":\"https:\\\/\\\/www.laguiadepamplona.com\\\/actualidad\\\/los-alcaldes-de-pamplona-y-orkoien-coinciden-en-la-necesidad-de-mejorar-la-conexion-entre-ambos-municipios-a-traves-de-la-avenida-de-san-jorge-y-el-antiguo-matadero\\\/#primaryimage\"},\"thumbnailUrl\":\"https:\\\/\\\/www.laguiadepamplona.com\\\/actualidad\\\/wp-content\\\/uploads\\\/2024\\\/12\\\/alcaldedeorkoien1_0.webp\",\"articleSection\":[\"Ayto Pamplona\"],\"inLanguage\":\"es\",\"potentialAction\":[{\"@type\":\"CommentAction\",\"name\":\"Comment\",\"target\":[\"https:\\\/\\\/www.laguiadepamplona.com\\\/actualidad\\\/los-alcaldes-de-pamplona-y-orkoien-coinciden-en-la-necesidad-de-mejorar-la-conexion-entre-ambos-municipios-a-traves-de-la-avenida-de-san-jorge-y-el-antiguo-matadero\\\/#respond\"]}]},{\"@type\":\"WebPage\",\"@id\":\"https:\\\/\\\/www.laguiadepamplona.com\\\/actualidad\\\/los-alcaldes-de-pamplona-y-orkoien-coinciden-en-la-necesidad-de-mejorar-la-conexion-entre-ambos-municipios-a-traves-de-la-avenida-de-san-jorge-y-el-antiguo-matadero\\\/\",\"url\":\"https:\\\/\\\/www.laguiadepamplona.com\\\/actualidad\\\/los-alcaldes-de-pamplona-y-orkoien-coinciden-en-la-necesidad-de-mejorar-la-conexion-entre-ambos-municipios-a-traves-de-la-avenida-de-san-jorge-y-el-antiguo-matadero\\\/\",\"name\":\"Los alcaldes de Pamplona y Orkoien coinciden en la necesidad de mejorar la conexi\u00f3n entre ambos municipios a trav\u00e9s de la avenida de San Jorge y el antiguo Matadero\",\"isPartOf\":{\"@id\":\"https:\\\/\\\/www.laguiadepamplona.com\\\/actualidad\\\/#website\"},\"primaryImageOfPage\":{\"@id\":\"https:\\\/\\\/www.laguiadepamplona.com\\\/actualidad\\\/los-alcaldes-de-pamplona-y-orkoien-coinciden-en-la-necesidad-de-mejorar-la-conexion-entre-ambos-municipios-a-traves-de-la-avenida-de-san-jorge-y-el-antiguo-matadero\\\/#primaryimage\"},\"image\":{\"@id\":\"https:\\\/\\\/www.laguiadepamplona.com\\\/actualidad\\\/los-alcaldes-de-pamplona-y-orkoien-coinciden-en-la-necesidad-de-mejorar-la-conexion-entre-ambos-municipios-a-traves-de-la-avenida-de-san-jorge-y-el-antiguo-matadero\\\/#primaryimage\"},\"thumbnailUrl\":\"https:\\\/\\\/www.laguiadepamplona.com\\\/actualidad\\\/wp-content\\\/uploads\\\/2024\\\/12\\\/alcaldedeorkoien1_0.webp\",\"datePublished\":\"2024-12-11T15:18:29+00:00\",\"description\":\"Joseba Asiron Saez ha recibido al alcalde Alejandro L\u00f3pez Orejuela, dentro de la ronda de contactos con representantes de los municipios de la Comarca\",\"breadcrumb\":{\"@id\":\"https:\\\/\\\/www.laguiadepamplona.com\\\/actualidad\\\/los-alcaldes-de-pamplona-y-orkoien-coinciden-en-la-necesidad-de-mejorar-la-conexion-entre-ambos-municipios-a-traves-de-la-avenida-de-san-jorge-y-el-antiguo-matadero\\\/#breadcrumb\"},\"inLanguage\":\"es\",\"potentialAction\":[{\"@type\":\"ReadAction\",\"target\":[\"https:\\\/\\\/www.laguiadepamplona.com\\\/actualidad\\\/los-alcaldes-de-pamplona-y-orkoien-coinciden-en-la-necesidad-de-mejorar-la-conexion-entre-ambos-municipios-a-traves-de-la-avenida-de-san-jorge-y-el-antiguo-matadero\\\/\"]}]},{\"@type\":\"ImageObject\",\"inLanguage\":\"es\",\"@id\":\"https:\\\/\\\/www.laguiadepamplona.com\\\/actualidad\\\/los-alcaldes-de-pamplona-y-orkoien-coinciden-en-la-necesidad-de-mejorar-la-conexion-entre-ambos-municipios-a-traves-de-la-avenida-de-san-jorge-y-el-antiguo-matadero\\\/#primaryimage\",\"url\":\"https:\\\/\\\/www.laguiadepamplona.com\\\/actualidad\\\/wp-content\\\/uploads\\\/2024\\\/12\\\/alcaldedeorkoien1_0.webp\",\"contentUrl\":\"https:\\\/\\\/www.laguiadepamplona.com\\\/actualidad\\\/wp-content\\\/uploads\\\/2024\\\/12\\\/alcaldedeorkoien1_0.webp\",\"width\":1000,\"height\":667,\"caption\":\"alcalde okoien\"},{\"@type\":\"BreadcrumbList\",\"@id\":\"https:\\\/\\\/www.laguiadepamplona.com\\\/actualidad\\\/los-alcaldes-de-pamplona-y-orkoien-coinciden-en-la-necesidad-de-mejorar-la-conexion-entre-ambos-municipios-a-traves-de-la-avenida-de-san-jorge-y-el-antiguo-matadero\\\/#breadcrumb\",\"itemListElement\":[{\"@type\":\"ListItem\",\"position\":1,\"name\":\"Portada\",\"item\":\"https:\\\/\\\/www.laguiadepamplona.com\\\/actualidad\\\/\"},{\"@type\":\"ListItem\",\"position\":2,\"name\":\"Los alcaldes de Pamplona y Orkoien coinciden en la necesidad de mejorar la conexi\u00f3n entre ambos municipios a trav\u00e9s de la avenida de San Jorge y el antiguo Matadero\"}]},{\"@type\":\"WebSite\",\"@id\":\"https:\\\/\\\/www.laguiadepamplona.com\\\/actualidad\\\/#website\",\"url\":\"https:\\\/\\\/www.laguiadepamplona.com\\\/actualidad\\\/\",\"name\":\"La gu\u00eda de Pamplona\",\"description\":\"Noticias de Pamplona\",\"publisher\":{\"@id\":\"https:\\\/\\\/www.laguiadepamplona.com\\\/actualidad\\\/#organization\"},\"potentialAction\":[{\"@type\":\"SearchAction\",\"target\":{\"@type\":\"EntryPoint\",\"urlTemplate\":\"https:\\\/\\\/www.laguiadepamplona.com\\\/actualidad\\\/?s={search_term_string}\"},\"query-input\":{\"@type\":\"PropertyValueSpecification\",\"valueRequired\":true,\"valueName\":\"search_term_string\"}}],\"inLanguage\":\"es\"},{\"@type\":\"Organization\",\"@id\":\"https:\\\/\\\/www.laguiadepamplona.com\\\/actualidad\\\/#organization\",\"name\":\"La Gu\u00eda de Pamplona \\\/ Noticias\",\"url\":\"https:\\\/\\\/www.laguiadepamplona.com\\\/actualidad\\\/\",\"logo\":{\"@type\":\"ImageObject\",\"inLanguage\":\"es\",\"@id\":\"https:\\\/\\\/www.laguiadepamplona.com\\\/actualidad\\\/#\\\/schema\\\/logo\\\/image\\\/\",\"url\":\"https:\\\/\\\/www.laguiadepamplona.com\\\/actualidad\\\/wp-content\\\/uploads\\\/2018\\\/11\\\/logo-laguiadepamplona18-web1.png\",\"contentUrl\":\"https:\\\/\\\/www.laguiadepamplona.com\\\/actualidad\\\/wp-content\\\/uploads\\\/2018\\\/11\\\/logo-laguiadepamplona18-web1.png\",\"width\":600,\"height\":196,\"caption\":\"La Gu\u00eda de Pamplona \\\/ Noticias\"},\"image\":{\"@id\":\"https:\\\/\\\/www.laguiadepamplona.com\\\/actualidad\\\/#\\\/schema\\\/logo\\\/image\\\/\"},\"sameAs\":[\"https:\\\/\\\/www.facebook.com\\\/laguiadepamplonacom-133175176762273\\\/?ref=hl\",\"https:\\\/\\\/x.com\\\/LaGuiadPamplona\",\"https:\\\/\\\/www.instagram.com\\\/la_guia_de_pamplona\\\/\",\"https:\\\/\\\/www.youtube.com\\\/user\\\/laguiadepamplona\"]},{\"@type\":\"Person\",\"@id\":\"https:\\\/\\\/www.laguiadepamplona.com\\\/actualidad\\\/#\\\/schema\\\/person\\\/efe887376f0213d4657c93adc50b1fdb\",\"name\":\"La Gu\u00eda de Pamplona\",\"image\":{\"@type\":\"ImageObject\",\"inLanguage\":\"es\",\"@id\":\"https:\\\/\\\/secure.gravatar.com\\\/avatar\\\/b6992f131dc8d30ab0dff15446e9d346d9dbd95992de0fef795073f5ea83a81c?s=96&d=mm&r=g\",\"url\":\"https:\\\/\\\/secure.gravatar.com\\\/avatar\\\/b6992f131dc8d30ab0dff15446e9d346d9dbd95992de0fef795073f5ea83a81c?s=96&d=mm&r=g\",\"contentUrl\":\"https:\\\/\\\/secure.gravatar.com\\\/avatar\\\/b6992f131dc8d30ab0dff15446e9d346d9dbd95992de0fef795073f5ea83a81c?s=96&d=mm&r=g\",\"caption\":\"La Gu\u00eda de Pamplona\"}}]}<\/script>\n<!-- \/ Yoast SEO plugin. -->","yoast_head_json":{"title":"Los alcaldes de Pamplona y Orkoien coinciden en la necesidad de mejorar la conexi\u00f3n entre ambos municipios a trav\u00e9s de la avenida de San Jorge y el antiguo Matadero","description":"Joseba Asiron Saez ha recibido al alcalde Alejandro L\u00f3pez Orejuela, dentro de la ronda de contactos con representantes de los municipios de la Comarca","robots":{"index":"index","follow":"follow","max-snippet":"max-snippet:-1","max-image-preview":"max-image-preview:large","max-video-preview":"max-video-preview:-1"},"canonical":"https:\/\/www.laguiadepamplona.com\/actualidad\/los-alcaldes-de-pamplona-y-orkoien-coinciden-en-la-necesidad-de-mejorar-la-conexion-entre-ambos-municipios-a-traves-de-la-avenida-de-san-jorge-y-el-antiguo-matadero\/","og_locale":"es_ES","og_type":"article","og_title":"Los alcaldes de Pamplona y Orkoien coinciden en la necesidad de mejorar la conexi\u00f3n entre ambos municipios a trav\u00e9s de la avenida de San Jorge y el antiguo Matadero","og_description":"Joseba Asiron Saez ha recibido al alcalde Alejandro L\u00f3pez Orejuela, dentro de la ronda de contactos con representantes de los municipios de la Comarca","og_url":"https:\/\/www.laguiadepamplona.com\/actualidad\/los-alcaldes-de-pamplona-y-orkoien-coinciden-en-la-necesidad-de-mejorar-la-conexion-entre-ambos-municipios-a-traves-de-la-avenida-de-san-jorge-y-el-antiguo-matadero\/","og_site_name":"La Gu\u00eda de Pamplona","article_publisher":"https:\/\/www.facebook.com\/laguiadepamplonacom-133175176762273\/?ref=hl","article_published_time":"2024-12-11T15:18:29+00:00","og_image":[{"width":1000,"height":667,"url":"https:\/\/www.laguiadepamplona.com\/actualidad\/wp-content\/uploads\/2024\/12\/alcaldedeorkoien1_0.webp","type":"image\/webp"}],"author":"La Gu\u00eda de Pamplona","twitter_card":"summary_large_image","twitter_creator":"@LaGuiadPamplona","twitter_site":"@LaGuiadPamplona","twitter_misc":{"Escrito por":"La Gu\u00eda de Pamplona","Tiempo de lectura":"2 minutos"},"schema":{"@context":"https:\/\/schema.org","@graph":[{"@type":"Article","@id":"https:\/\/www.laguiadepamplona.com\/actualidad\/los-alcaldes-de-pamplona-y-orkoien-coinciden-en-la-necesidad-de-mejorar-la-conexion-entre-ambos-municipios-a-traves-de-la-avenida-de-san-jorge-y-el-antiguo-matadero\/#article","isPartOf":{"@id":"https:\/\/www.laguiadepamplona.com\/actualidad\/los-alcaldes-de-pamplona-y-orkoien-coinciden-en-la-necesidad-de-mejorar-la-conexion-entre-ambos-municipios-a-traves-de-la-avenida-de-san-jorge-y-el-antiguo-matadero\/"},"author":{"name":"La Gu\u00eda de Pamplona","@id":"https:\/\/www.laguiadepamplona.com\/actualidad\/#\/schema\/person\/efe887376f0213d4657c93adc50b1fdb"},"headline":"Los alcaldes de Pamplona y Orkoien coinciden en la necesidad de mejorar la conexi\u00f3n entre ambos municipios a trav\u00e9s de la avenida de San Jorge y el antiguo Matadero","datePublished":"2024-12-11T15:18:29+00:00","mainEntityOfPage":{"@id":"https:\/\/www.laguiadepamplona.com\/actualidad\/los-alcaldes-de-pamplona-y-orkoien-coinciden-en-la-necesidad-de-mejorar-la-conexion-entre-ambos-municipios-a-traves-de-la-avenida-de-san-jorge-y-el-antiguo-matadero\/"},"wordCount":395,"commentCount":0,"publisher":{"@id":"https:\/\/www.laguiadepamplona.com\/actualidad\/#organization"},"image":{"@id":"https:\/\/www.laguiadepamplona.com\/actualidad\/los-alcaldes-de-pamplona-y-orkoien-coinciden-en-la-necesidad-de-mejorar-la-conexion-entre-ambos-municipios-a-traves-de-la-avenida-de-san-jorge-y-el-antiguo-matadero\/#primaryimage"},"thumbnailUrl":"https:\/\/www.laguiadepamplona.com\/actualidad\/wp-content\/uploads\/2024\/12\/alcaldedeorkoien1_0.webp","articleSection":["Ayto Pamplona"],"inLanguage":"es","potentialAction":[{"@type":"CommentAction","name":"Comment","target":["https:\/\/www.laguiadepamplona.com\/actualidad\/los-alcaldes-de-pamplona-y-orkoien-coinciden-en-la-necesidad-de-mejorar-la-conexion-entre-ambos-municipios-a-traves-de-la-avenida-de-san-jorge-y-el-antiguo-matadero\/#respond"]}]},{"@type":"WebPage","@id":"https:\/\/www.laguiadepamplona.com\/actualidad\/los-alcaldes-de-pamplona-y-orkoien-coinciden-en-la-necesidad-de-mejorar-la-conexion-entre-ambos-municipios-a-traves-de-la-avenida-de-san-jorge-y-el-antiguo-matadero\/","url":"https:\/\/www.laguiadepamplona.com\/actualidad\/los-alcaldes-de-pamplona-y-orkoien-coinciden-en-la-necesidad-de-mejorar-la-conexion-entre-ambos-municipios-a-traves-de-la-avenida-de-san-jorge-y-el-antiguo-matadero\/","name":"Los alcaldes de Pamplona y Orkoien coinciden en la necesidad de mejorar la conexi\u00f3n entre ambos municipios a trav\u00e9s de la avenida de San Jorge y el antiguo Matadero","isPartOf":{"@id":"https:\/\/www.laguiadepamplona.com\/actualidad\/#website"},"primaryImageOfPage":{"@id":"https:\/\/www.laguiadepamplona.com\/actualidad\/los-alcaldes-de-pamplona-y-orkoien-coinciden-en-la-necesidad-de-mejorar-la-conexion-entre-ambos-municipios-a-traves-de-la-avenida-de-san-jorge-y-el-antiguo-matadero\/#primaryimage"},"image":{"@id":"https:\/\/www.laguiadepamplona.com\/actualidad\/los-alcaldes-de-pamplona-y-orkoien-coinciden-en-la-necesidad-de-mejorar-la-conexion-entre-ambos-municipios-a-traves-de-la-avenida-de-san-jorge-y-el-antiguo-matadero\/#primaryimage"},"thumbnailUrl":"https:\/\/www.laguiadepamplona.com\/actualidad\/wp-content\/uploads\/2024\/12\/alcaldedeorkoien1_0.webp","datePublished":"2024-12-11T15:18:29+00:00","description":"Joseba Asiron Saez ha recibido al alcalde Alejandro L\u00f3pez Orejuela, dentro de la ronda de contactos con representantes de los municipios de la Comarca","breadcrumb":{"@id":"https:\/\/www.laguiadepamplona.com\/actualidad\/los-alcaldes-de-pamplona-y-orkoien-coinciden-en-la-necesidad-de-mejorar-la-conexion-entre-ambos-municipios-a-traves-de-la-avenida-de-san-jorge-y-el-antiguo-matadero\/#breadcrumb"},"inLanguage":"es","potentialAction":[{"@type":"ReadAction","target":["https:\/\/www.laguiadepamplona.com\/actualidad\/los-alcaldes-de-pamplona-y-orkoien-coinciden-en-la-necesidad-de-mejorar-la-conexion-entre-ambos-municipios-a-traves-de-la-avenida-de-san-jorge-y-el-antiguo-matadero\/"]}]},{"@type":"ImageObject","inLanguage":"es","@id":"https:\/\/www.laguiadepamplona.com\/actualidad\/los-alcaldes-de-pamplona-y-orkoien-coinciden-en-la-necesidad-de-mejorar-la-conexion-entre-ambos-municipios-a-traves-de-la-avenida-de-san-jorge-y-el-antiguo-matadero\/#primaryimage","url":"https:\/\/www.laguiadepamplona.com\/actualidad\/wp-content\/uploads\/2024\/12\/alcaldedeorkoien1_0.webp","contentUrl":"https:\/\/www.laguiadepamplona.com\/actualidad\/wp-content\/uploads\/2024\/12\/alcaldedeorkoien1_0.webp","width":1000,"height":667,"caption":"alcalde okoien"},{"@type":"BreadcrumbList","@id":"https:\/\/www.laguiadepamplona.com\/actualidad\/los-alcaldes-de-pamplona-y-orkoien-coinciden-en-la-necesidad-de-mejorar-la-conexion-entre-ambos-municipios-a-traves-de-la-avenida-de-san-jorge-y-el-antiguo-matadero\/#breadcrumb","itemListElement":[{"@type":"ListItem","position":1,"name":"Portada","item":"https:\/\/www.laguiadepamplona.com\/actualidad\/"},{"@type":"ListItem","position":2,"name":"Los alcaldes de Pamplona y Orkoien coinciden en la necesidad de mejorar la conexi\u00f3n entre ambos municipios a trav\u00e9s de la avenida de San Jorge y el antiguo Matadero"}]},{"@type":"WebSite","@id":"https:\/\/www.laguiadepamplona.com\/actualidad\/#website","url":"https:\/\/www.laguiadepamplona.com\/actualidad\/","name":"La gu\u00eda de Pamplona","description":"Noticias de Pamplona","publisher":{"@id":"https:\/\/www.laguiadepamplona.com\/actualidad\/#organization"},"potentialAction":[{"@type":"SearchAction","target":{"@type":"EntryPoint","urlTemplate":"https:\/\/www.laguiadepamplona.com\/actualidad\/?s={search_term_string}"},"query-input":{"@type":"PropertyValueSpecification","valueRequired":true,"valueName":"search_term_string"}}],"inLanguage":"es"},{"@type":"Organization","@id":"https:\/\/www.laguiadepamplona.com\/actualidad\/#organization","name":"La Gu\u00eda de Pamplona \/ Noticias","url":"https:\/\/www.laguiadepamplona.com\/actualidad\/","logo":{"@type":"ImageObject","inLanguage":"es","@id":"https:\/\/www.laguiadepamplona.com\/actualidad\/#\/schema\/logo\/image\/","url":"https:\/\/www.laguiadepamplona.com\/actualidad\/wp-content\/uploads\/2018\/11\/logo-laguiadepamplona18-web1.png","contentUrl":"https:\/\/www.laguiadepamplona.com\/actualidad\/wp-content\/uploads\/2018\/11\/logo-laguiadepamplona18-web1.png","width":600,"height":196,"caption":"La Gu\u00eda de Pamplona \/ Noticias"},"image":{"@id":"https:\/\/www.laguiadepamplona.com\/actualidad\/#\/schema\/logo\/image\/"},"sameAs":["https:\/\/www.facebook.com\/laguiadepamplonacom-133175176762273\/?ref=hl","https:\/\/x.com\/LaGuiadPamplona","https:\/\/www.instagram.com\/la_guia_de_pamplona\/","https:\/\/www.youtube.com\/user\/laguiadepamplona"]},{"@type":"Person","@id":"https:\/\/www.laguiadepamplona.com\/actualidad\/#\/schema\/person\/efe887376f0213d4657c93adc50b1fdb","name":"La Gu\u00eda de Pamplona","image":{"@type":"ImageObject","inLanguage":"es","@id":"https:\/\/secure.gravatar.com\/avatar\/b6992f131dc8d30ab0dff15446e9d346d9dbd95992de0fef795073f5ea83a81c?s=96&d=mm&r=g","url":"https:\/\/secure.gravatar.com\/avatar\/b6992f131dc8d30ab0dff15446e9d346d9dbd95992de0fef795073f5ea83a81c?s=96&d=mm&r=g","contentUrl":"https:\/\/secure.gravatar.com\/avatar\/b6992f131dc8d30ab0dff15446e9d346d9dbd95992de0fef795073f5ea83a81c?s=96&d=mm&r=g","caption":"La Gu\u00eda de Pamplona"}}]}},"post_mailing_queue_ids":[],"_links":{"self":[{"href":"https:\/\/www.laguiadepamplona.com\/actualidad\/wp-json\/wp\/v2\/posts\/51601","targetHints":{"allow":["GET"]}}],"collection":[{"href":"https:\/\/www.laguiadepamplona.com\/actualidad\/wp-json\/wp\/v2\/posts"}],"about":[{"href":"https:\/\/www.laguiadepamplona.com\/actualidad\/wp-json\/wp\/v2\/types\/post"}],"author":[{"embeddable":true,"href":"https:\/\/www.laguiadepamplona.com\/actualidad\/wp-json\/wp\/v2\/users\/1"}],"replies":[{"embeddable":true,"href":"https:\/\/www.laguiadepamplona.com\/actualidad\/wp-json\/wp\/v2\/comments?post=51601"}],"version-history":[{"count":1,"href":"https:\/\/www.laguiadepamplona.com\/actualidad\/wp-json\/wp\/v2\/posts\/51601\/revisions"}],"predecessor-version":[{"id":51603,"href":"https:\/\/www.laguiadepamplona.com\/actualidad\/wp-json\/wp\/v2\/posts\/51601\/revisions\/51603"}],"wp:featuredmedia":[{"embeddable":true,"href":"https:\/\/www.laguiadepamplona.com\/actualidad\/wp-json\/wp\/v2\/media\/51602"}],"wp:attachment":[{"href":"https:\/\/www.laguiadepamplona.com\/actualidad\/wp-json\/wp\/v2\/media?parent=51601"}],"wp:term":[{"taxonomy":"category","embeddable":true,"href":"https:\/\/www.laguiadepamplona.com\/actualidad\/wp-json\/wp\/v2\/categories?post=51601"},{"taxonomy":"post_tag","embeddable":true,"href":"https:\/\/www.laguiadepamplona.com\/actualidad\/wp-json\/wp\/v2\/tags?post=51601"}],"curies":[{"name":"wp","href":"https:\/\/api.w.org\/{rel}","templated":true}]}}