{"id":5160,"date":"2015-03-16T17:56:26","date_gmt":"2015-03-16T15:56:26","guid":{"rendered":"http:\/\/laguiadepamplona.com\/actualidad\/?p=5160"},"modified":"2015-03-16T17:56:26","modified_gmt":"2015-03-16T15:56:26","slug":"el-ayuntamiento-y-dya-firman-un-convenio-para-la-participacion-de-la-entidad-en-actuaciones-de-proteccion-civil-durante-este-ano","status":"publish","type":"post","link":"https:\/\/www.laguiadepamplona.com\/actualidad\/el-ayuntamiento-y-dya-firman-un-convenio-para-la-participacion-de-la-entidad-en-actuaciones-de-proteccion-civil-durante-este-ano\/","title":{"rendered":"El Ayuntamiento y DYA firman un convenio para la participaci\u00f3n de la entidad en actuaciones de protecci\u00f3n civil durante este a\u00f1o"},"content":{"rendered":"<h4>El convenio tambi\u00e9n recoge la promoci\u00f3n del voluntariado que participa en labores de protecci\u00f3n civil y su formaci\u00f3n<\/h4>\n<p><a href=\"http:\/\/laguiadepamplona.com\/actualidad\/wp-content\/uploads\/2015\/03\/convenio_cruz_roja11.jpg\"><img loading=\"lazy\" decoding=\"async\" class=\"alignleft size-medium wp-image-5161\" src=\"http:\/\/laguiadepamplona.com\/actualidad\/wp-content\/uploads\/2015\/03\/convenio_cruz_roja11-300x200.jpg\" alt=\"convenio_cruz_roja1\" width=\"300\" height=\"200\" \/><\/a>El alcalde de Pamplona, Enrique Maya, y el presidente de la Asociaci\u00f3n de Ayuda en Carretera de Navarra (DYA) de la base de Pamplona, Peio Jim\u00e9nez, han firmado un convenio de colaboraci\u00f3n para la participaci\u00f3n de la entidad en actuaciones de protecci\u00f3n civil durante este a\u00f1o. El convenio recoge como objetivos impulsar una mayor protecci\u00f3n para los ciudadanos de Pamplona y promocionar el voluntariado que participa en labores de protecci\u00f3n civil, procurando su correcta formaci\u00f3n. Para ello, el Consistorio le concede una subvenci\u00f3n para el a\u00f1o 2015 de 25.250 euros, la misma cantidad que el a\u00f1o pasado.<\/p>\n<p>El texto firmado recoge que DYA participa en los planes de Protecci\u00f3n Civil del Ayuntamiento, que incluyen las fiestas de San Ferm\u00edn, el plan de emergencias para nieve y hielo y el de actuaci\u00f3n ante riesgo de inundaciones. Adem\u00e1s, DYA colaborar\u00e1 con el Consistorio en eventos como marchas ciclistas y actividades deportivas en la v\u00eda p\u00fablica; cabalgata de Reyes Magos; procesiones y otros desfiles con necesidad de control y seguridad; ferias de ganado y otras ferias similares; recogida y ayuda a personas transe\u00fantes con necesidad de cobijo en noches con climatolog\u00eda adversa, as\u00ed como en otras actuaciones en las que el Ayuntamiento considere necesaria su participaci\u00f3n. Esta cooperaci\u00f3n se lleva produciendo desde hace a\u00f1os y aparece recogida desde 2005 a trav\u00e9s de la firma de un convenio.<\/p>\n<p><strong>Recursos humanos y materiales<\/strong><\/p>\n<p>Para llevar a cabo su actividad, DYA tendr\u00e1 disponible las 24 horas del d\u00eda, todos los d\u00edas del a\u00f1o, personal de ret\u00e9n localizado para salida y actuaci\u00f3n inmediata. La asociaci\u00f3n de Ayuda en Carretera de Navarra adecuar\u00e1 la organizaci\u00f3n de sus medios humanos y materiales de su base en Pamplona a las tareas sanitarias que tiene asignadas a trav\u00e9s de este convenio en cuanto a protecci\u00f3n civil municipal. En este marco se recogen unos recursos compuestos por 250 voluntarios, entre los que hay, por ejemplo, m\u00e9dicos, enfermeros, buceadores, operadores de radio o conductores. Adem\u00e1s, cuenta con materiales para la iluminaci\u00f3n, la atenci\u00f3n de accidentes o los rescates acu\u00e1ticos, que se unen a los veh\u00edculos que la DYA pone a disposici\u00f3n del Ayuntamiento de Pamplona.<\/p>\n<p>El texto firmado tambi\u00e9n recoge detalles como que en aquellas situaciones de emergencia no recogidas en Planes de Protecci\u00f3n Civil ni en procedimientos operativos establecidos, DYA participar\u00e1 con todos los recursos materiales y humanos incluidos en el convenio, desarrollando sus actuaciones bajo las \u00f3rdenes de sus mandos naturales que atender\u00e1n las indicaciones que les sean transmitidas por personal de Protecci\u00f3n Civil del Ayuntamiento de Pamplona.<\/p>\n<p>&nbsp;<\/p>\n","protected":false},"excerpt":{"rendered":"<p>El convenio tambi\u00e9n recoge la promoci\u00f3n del voluntariado que participa en labores de protecci\u00f3n civil y su formaci\u00f3n El alcalde de Pamplona, Enrique Maya, y el presidente de la Asociaci\u00f3n&#8230;<\/p>\n","protected":false},"author":1,"featured_media":5161,"comment_status":"closed","ping_status":"open","sticky":false,"template":"","format":"standard","meta":{"footnotes":""},"categories":[2],"tags":[5,6,509,640,1551,4609,8,9,2101,1791],"class_list":["post-5160","post","type-post","status-publish","format-standard","has-post-thumbnail","hentry","category-ayuntamiento-pamplona","tag-actualidad","tag-ayto-pamplona","tag-ayuntamiento-de-pamplona","tag-convenio","tag-dya","tag-firman","tag-noticias","tag-pamplona","tag-participacion","tag-proteccion-civil"],"yoast_head":"<!-- This site is optimized with the Yoast SEO plugin v27.5 - https:\/\/yoast.com\/product\/yoast-seo-wordpress\/ -->\n<title>El Ayuntamiento y DYA firman un convenio para la participaci\u00f3n de la entidad en actuaciones de protecci\u00f3n civil durante este a\u00f1o<\/title>\n<meta name=\"robots\" content=\"index, follow, max-snippet:-1, max-image-preview:large, max-video-preview:-1\" \/>\n<link rel=\"canonical\" href=\"https:\/\/www.laguiadepamplona.com\/actualidad\/el-ayuntamiento-y-dya-firman-un-convenio-para-la-participacion-de-la-entidad-en-actuaciones-de-proteccion-civil-durante-este-ano\/\" \/>\n<meta property=\"og:locale\" content=\"es_ES\" \/>\n<meta property=\"og:type\" content=\"article\" \/>\n<meta property=\"og:title\" content=\"El Ayuntamiento y DYA firman un convenio para la participaci\u00f3n de la entidad en actuaciones de protecci\u00f3n civil durante este a\u00f1o\" \/>\n<meta property=\"og:description\" content=\"El convenio tambi\u00e9n recoge la promoci\u00f3n del voluntariado que participa en labores de protecci\u00f3n civil y su formaci\u00f3n El alcalde de Pamplona, Enrique Maya, y el presidente de la Asociaci\u00f3n...\" \/>\n<meta property=\"og:url\" content=\"https:\/\/www.laguiadepamplona.com\/actualidad\/el-ayuntamiento-y-dya-firman-un-convenio-para-la-participacion-de-la-entidad-en-actuaciones-de-proteccion-civil-durante-este-ano\/\" \/>\n<meta property=\"og:site_name\" content=\"La Gu\u00eda de Pamplona\" \/>\n<meta property=\"article:publisher\" content=\"https:\/\/www.facebook.com\/laguiadepamplonacom-133175176762273\/?ref=hl\" \/>\n<meta property=\"article:published_time\" content=\"2015-03-16T15:56:26+00:00\" \/>\n<meta name=\"author\" content=\"La Gu\u00eda de Pamplona\" \/>\n<meta name=\"twitter:card\" content=\"summary_large_image\" \/>\n<meta name=\"twitter:creator\" content=\"@LaGuiadPamplona\" \/>\n<meta name=\"twitter:site\" content=\"@LaGuiadPamplona\" \/>\n<meta name=\"twitter:label1\" content=\"Escrito por\" \/>\n\t<meta name=\"twitter:data1\" content=\"La Gu\u00eda de Pamplona\" \/>\n\t<meta name=\"twitter:label2\" content=\"Tiempo de lectura\" \/>\n\t<meta name=\"twitter:data2\" content=\"2 minutos\" \/>\n<script type=\"application\/ld+json\" class=\"yoast-schema-graph\">{\"@context\":\"https:\\\/\\\/schema.org\",\"@graph\":[{\"@type\":\"Article\",\"@id\":\"https:\\\/\\\/www.laguiadepamplona.com\\\/actualidad\\\/el-ayuntamiento-y-dya-firman-un-convenio-para-la-participacion-de-la-entidad-en-actuaciones-de-proteccion-civil-durante-este-ano\\\/#article\",\"isPartOf\":{\"@id\":\"https:\\\/\\\/www.laguiadepamplona.com\\\/actualidad\\\/el-ayuntamiento-y-dya-firman-un-convenio-para-la-participacion-de-la-entidad-en-actuaciones-de-proteccion-civil-durante-este-ano\\\/\"},\"author\":{\"name\":\"La Gu\u00eda de Pamplona\",\"@id\":\"https:\\\/\\\/www.laguiadepamplona.com\\\/actualidad\\\/#\\\/schema\\\/person\\\/efe887376f0213d4657c93adc50b1fdb\"},\"headline\":\"El Ayuntamiento y DYA firman un convenio para la participaci\u00f3n de la entidad en actuaciones de protecci\u00f3n civil durante este a\u00f1o\",\"datePublished\":\"2015-03-16T15:56:26+00:00\",\"mainEntityOfPage\":{\"@id\":\"https:\\\/\\\/www.laguiadepamplona.com\\\/actualidad\\\/el-ayuntamiento-y-dya-firman-un-convenio-para-la-participacion-de-la-entidad-en-actuaciones-de-proteccion-civil-durante-este-ano\\\/\"},\"wordCount\":503,\"publisher\":{\"@id\":\"https:\\\/\\\/www.laguiadepamplona.com\\\/actualidad\\\/#organization\"},\"image\":{\"@id\":\"https:\\\/\\\/www.laguiadepamplona.com\\\/actualidad\\\/el-ayuntamiento-y-dya-firman-un-convenio-para-la-participacion-de-la-entidad-en-actuaciones-de-proteccion-civil-durante-este-ano\\\/#primaryimage\"},\"thumbnailUrl\":\"\",\"keywords\":[\"actualidad\",\"ayto pamplona\",\"Ayuntamiento de Pamplona\",\"convenio\",\"DYA\",\"firman\",\"noticias\",\"pamplona\",\"participaci\u00f3n\",\"protecci\u00f3n civil\"],\"articleSection\":[\"Ayto Pamplona\"],\"inLanguage\":\"es\"},{\"@type\":\"WebPage\",\"@id\":\"https:\\\/\\\/www.laguiadepamplona.com\\\/actualidad\\\/el-ayuntamiento-y-dya-firman-un-convenio-para-la-participacion-de-la-entidad-en-actuaciones-de-proteccion-civil-durante-este-ano\\\/\",\"url\":\"https:\\\/\\\/www.laguiadepamplona.com\\\/actualidad\\\/el-ayuntamiento-y-dya-firman-un-convenio-para-la-participacion-de-la-entidad-en-actuaciones-de-proteccion-civil-durante-este-ano\\\/\",\"name\":\"El Ayuntamiento y DYA firman un convenio para la participaci\u00f3n de la entidad en actuaciones de protecci\u00f3n civil durante este a\u00f1o\",\"isPartOf\":{\"@id\":\"https:\\\/\\\/www.laguiadepamplona.com\\\/actualidad\\\/#website\"},\"primaryImageOfPage\":{\"@id\":\"https:\\\/\\\/www.laguiadepamplona.com\\\/actualidad\\\/el-ayuntamiento-y-dya-firman-un-convenio-para-la-participacion-de-la-entidad-en-actuaciones-de-proteccion-civil-durante-este-ano\\\/#primaryimage\"},\"image\":{\"@id\":\"https:\\\/\\\/www.laguiadepamplona.com\\\/actualidad\\\/el-ayuntamiento-y-dya-firman-un-convenio-para-la-participacion-de-la-entidad-en-actuaciones-de-proteccion-civil-durante-este-ano\\\/#primaryimage\"},\"thumbnailUrl\":\"\",\"datePublished\":\"2015-03-16T15:56:26+00:00\",\"breadcrumb\":{\"@id\":\"https:\\\/\\\/www.laguiadepamplona.com\\\/actualidad\\\/el-ayuntamiento-y-dya-firman-un-convenio-para-la-participacion-de-la-entidad-en-actuaciones-de-proteccion-civil-durante-este-ano\\\/#breadcrumb\"},\"inLanguage\":\"es\",\"potentialAction\":[{\"@type\":\"ReadAction\",\"target\":[\"https:\\\/\\\/www.laguiadepamplona.com\\\/actualidad\\\/el-ayuntamiento-y-dya-firman-un-convenio-para-la-participacion-de-la-entidad-en-actuaciones-de-proteccion-civil-durante-este-ano\\\/\"]}]},{\"@type\":\"ImageObject\",\"inLanguage\":\"es\",\"@id\":\"https:\\\/\\\/www.laguiadepamplona.com\\\/actualidad\\\/el-ayuntamiento-y-dya-firman-un-convenio-para-la-participacion-de-la-entidad-en-actuaciones-de-proteccion-civil-durante-este-ano\\\/#primaryimage\",\"url\":\"\",\"contentUrl\":\"\"},{\"@type\":\"BreadcrumbList\",\"@id\":\"https:\\\/\\\/www.laguiadepamplona.com\\\/actualidad\\\/el-ayuntamiento-y-dya-firman-un-convenio-para-la-participacion-de-la-entidad-en-actuaciones-de-proteccion-civil-durante-este-ano\\\/#breadcrumb\",\"itemListElement\":[{\"@type\":\"ListItem\",\"position\":1,\"name\":\"Portada\",\"item\":\"https:\\\/\\\/www.laguiadepamplona.com\\\/actualidad\\\/\"},{\"@type\":\"ListItem\",\"position\":2,\"name\":\"El Ayuntamiento y DYA firman un convenio para la participaci\u00f3n de la entidad en actuaciones de protecci\u00f3n civil durante este a\u00f1o\"}]},{\"@type\":\"WebSite\",\"@id\":\"https:\\\/\\\/www.laguiadepamplona.com\\\/actualidad\\\/#website\",\"url\":\"https:\\\/\\\/www.laguiadepamplona.com\\\/actualidad\\\/\",\"name\":\"La gu\u00eda de Pamplona\",\"description\":\"Noticias de Pamplona\",\"publisher\":{\"@id\":\"https:\\\/\\\/www.laguiadepamplona.com\\\/actualidad\\\/#organization\"},\"potentialAction\":[{\"@type\":\"SearchAction\",\"target\":{\"@type\":\"EntryPoint\",\"urlTemplate\":\"https:\\\/\\\/www.laguiadepamplona.com\\\/actualidad\\\/?s={search_term_string}\"},\"query-input\":{\"@type\":\"PropertyValueSpecification\",\"valueRequired\":true,\"valueName\":\"search_term_string\"}}],\"inLanguage\":\"es\"},{\"@type\":\"Organization\",\"@id\":\"https:\\\/\\\/www.laguiadepamplona.com\\\/actualidad\\\/#organization\",\"name\":\"La Gu\u00eda de Pamplona \\\/ Noticias\",\"url\":\"https:\\\/\\\/www.laguiadepamplona.com\\\/actualidad\\\/\",\"logo\":{\"@type\":\"ImageObject\",\"inLanguage\":\"es\",\"@id\":\"https:\\\/\\\/www.laguiadepamplona.com\\\/actualidad\\\/#\\\/schema\\\/logo\\\/image\\\/\",\"url\":\"https:\\\/\\\/www.laguiadepamplona.com\\\/actualidad\\\/wp-content\\\/uploads\\\/2018\\\/11\\\/logo-laguiadepamplona18-web1.png\",\"contentUrl\":\"https:\\\/\\\/www.laguiadepamplona.com\\\/actualidad\\\/wp-content\\\/uploads\\\/2018\\\/11\\\/logo-laguiadepamplona18-web1.png\",\"width\":600,\"height\":196,\"caption\":\"La Gu\u00eda de Pamplona \\\/ Noticias\"},\"image\":{\"@id\":\"https:\\\/\\\/www.laguiadepamplona.com\\\/actualidad\\\/#\\\/schema\\\/logo\\\/image\\\/\"},\"sameAs\":[\"https:\\\/\\\/www.facebook.com\\\/laguiadepamplonacom-133175176762273\\\/?ref=hl\",\"https:\\\/\\\/x.com\\\/LaGuiadPamplona\",\"https:\\\/\\\/www.instagram.com\\\/la_guia_de_pamplona\\\/\",\"https:\\\/\\\/www.youtube.com\\\/user\\\/laguiadepamplona\"]},{\"@type\":\"Person\",\"@id\":\"https:\\\/\\\/www.laguiadepamplona.com\\\/actualidad\\\/#\\\/schema\\\/person\\\/efe887376f0213d4657c93adc50b1fdb\",\"name\":\"La Gu\u00eda de Pamplona\",\"image\":{\"@type\":\"ImageObject\",\"inLanguage\":\"es\",\"@id\":\"https:\\\/\\\/secure.gravatar.com\\\/avatar\\\/b6992f131dc8d30ab0dff15446e9d346d9dbd95992de0fef795073f5ea83a81c?s=96&d=mm&r=g\",\"url\":\"https:\\\/\\\/secure.gravatar.com\\\/avatar\\\/b6992f131dc8d30ab0dff15446e9d346d9dbd95992de0fef795073f5ea83a81c?s=96&d=mm&r=g\",\"contentUrl\":\"https:\\\/\\\/secure.gravatar.com\\\/avatar\\\/b6992f131dc8d30ab0dff15446e9d346d9dbd95992de0fef795073f5ea83a81c?s=96&d=mm&r=g\",\"caption\":\"La Gu\u00eda de Pamplona\"}}]}<\/script>\n<!-- \/ Yoast SEO plugin. -->","yoast_head_json":{"title":"El Ayuntamiento y DYA firman un convenio para la participaci\u00f3n de la entidad en actuaciones de protecci\u00f3n civil durante este a\u00f1o","robots":{"index":"index","follow":"follow","max-snippet":"max-snippet:-1","max-image-preview":"max-image-preview:large","max-video-preview":"max-video-preview:-1"},"canonical":"https:\/\/www.laguiadepamplona.com\/actualidad\/el-ayuntamiento-y-dya-firman-un-convenio-para-la-participacion-de-la-entidad-en-actuaciones-de-proteccion-civil-durante-este-ano\/","og_locale":"es_ES","og_type":"article","og_title":"El Ayuntamiento y DYA firman un convenio para la participaci\u00f3n de la entidad en actuaciones de protecci\u00f3n civil durante este a\u00f1o","og_description":"El convenio tambi\u00e9n recoge la promoci\u00f3n del voluntariado que participa en labores de protecci\u00f3n civil y su formaci\u00f3n El alcalde de Pamplona, Enrique Maya, y el presidente de la Asociaci\u00f3n...","og_url":"https:\/\/www.laguiadepamplona.com\/actualidad\/el-ayuntamiento-y-dya-firman-un-convenio-para-la-participacion-de-la-entidad-en-actuaciones-de-proteccion-civil-durante-este-ano\/","og_site_name":"La Gu\u00eda de Pamplona","article_publisher":"https:\/\/www.facebook.com\/laguiadepamplonacom-133175176762273\/?ref=hl","article_published_time":"2015-03-16T15:56:26+00:00","author":"La Gu\u00eda de Pamplona","twitter_card":"summary_large_image","twitter_creator":"@LaGuiadPamplona","twitter_site":"@LaGuiadPamplona","twitter_misc":{"Escrito por":"La Gu\u00eda de Pamplona","Tiempo de lectura":"2 minutos"},"schema":{"@context":"https:\/\/schema.org","@graph":[{"@type":"Article","@id":"https:\/\/www.laguiadepamplona.com\/actualidad\/el-ayuntamiento-y-dya-firman-un-convenio-para-la-participacion-de-la-entidad-en-actuaciones-de-proteccion-civil-durante-este-ano\/#article","isPartOf":{"@id":"https:\/\/www.laguiadepamplona.com\/actualidad\/el-ayuntamiento-y-dya-firman-un-convenio-para-la-participacion-de-la-entidad-en-actuaciones-de-proteccion-civil-durante-este-ano\/"},"author":{"name":"La Gu\u00eda de Pamplona","@id":"https:\/\/www.laguiadepamplona.com\/actualidad\/#\/schema\/person\/efe887376f0213d4657c93adc50b1fdb"},"headline":"El Ayuntamiento y DYA firman un convenio para la participaci\u00f3n de la entidad en actuaciones de protecci\u00f3n civil durante este a\u00f1o","datePublished":"2015-03-16T15:56:26+00:00","mainEntityOfPage":{"@id":"https:\/\/www.laguiadepamplona.com\/actualidad\/el-ayuntamiento-y-dya-firman-un-convenio-para-la-participacion-de-la-entidad-en-actuaciones-de-proteccion-civil-durante-este-ano\/"},"wordCount":503,"publisher":{"@id":"https:\/\/www.laguiadepamplona.com\/actualidad\/#organization"},"image":{"@id":"https:\/\/www.laguiadepamplona.com\/actualidad\/el-ayuntamiento-y-dya-firman-un-convenio-para-la-participacion-de-la-entidad-en-actuaciones-de-proteccion-civil-durante-este-ano\/#primaryimage"},"thumbnailUrl":"","keywords":["actualidad","ayto pamplona","Ayuntamiento de Pamplona","convenio","DYA","firman","noticias","pamplona","participaci\u00f3n","protecci\u00f3n civil"],"articleSection":["Ayto Pamplona"],"inLanguage":"es"},{"@type":"WebPage","@id":"https:\/\/www.laguiadepamplona.com\/actualidad\/el-ayuntamiento-y-dya-firman-un-convenio-para-la-participacion-de-la-entidad-en-actuaciones-de-proteccion-civil-durante-este-ano\/","url":"https:\/\/www.laguiadepamplona.com\/actualidad\/el-ayuntamiento-y-dya-firman-un-convenio-para-la-participacion-de-la-entidad-en-actuaciones-de-proteccion-civil-durante-este-ano\/","name":"El Ayuntamiento y DYA firman un convenio para la participaci\u00f3n de la entidad en actuaciones de protecci\u00f3n civil durante este a\u00f1o","isPartOf":{"@id":"https:\/\/www.laguiadepamplona.com\/actualidad\/#website"},"primaryImageOfPage":{"@id":"https:\/\/www.laguiadepamplona.com\/actualidad\/el-ayuntamiento-y-dya-firman-un-convenio-para-la-participacion-de-la-entidad-en-actuaciones-de-proteccion-civil-durante-este-ano\/#primaryimage"},"image":{"@id":"https:\/\/www.laguiadepamplona.com\/actualidad\/el-ayuntamiento-y-dya-firman-un-convenio-para-la-participacion-de-la-entidad-en-actuaciones-de-proteccion-civil-durante-este-ano\/#primaryimage"},"thumbnailUrl":"","datePublished":"2015-03-16T15:56:26+00:00","breadcrumb":{"@id":"https:\/\/www.laguiadepamplona.com\/actualidad\/el-ayuntamiento-y-dya-firman-un-convenio-para-la-participacion-de-la-entidad-en-actuaciones-de-proteccion-civil-durante-este-ano\/#breadcrumb"},"inLanguage":"es","potentialAction":[{"@type":"ReadAction","target":["https:\/\/www.laguiadepamplona.com\/actualidad\/el-ayuntamiento-y-dya-firman-un-convenio-para-la-participacion-de-la-entidad-en-actuaciones-de-proteccion-civil-durante-este-ano\/"]}]},{"@type":"ImageObject","inLanguage":"es","@id":"https:\/\/www.laguiadepamplona.com\/actualidad\/el-ayuntamiento-y-dya-firman-un-convenio-para-la-participacion-de-la-entidad-en-actuaciones-de-proteccion-civil-durante-este-ano\/#primaryimage","url":"","contentUrl":""},{"@type":"BreadcrumbList","@id":"https:\/\/www.laguiadepamplona.com\/actualidad\/el-ayuntamiento-y-dya-firman-un-convenio-para-la-participacion-de-la-entidad-en-actuaciones-de-proteccion-civil-durante-este-ano\/#breadcrumb","itemListElement":[{"@type":"ListItem","position":1,"name":"Portada","item":"https:\/\/www.laguiadepamplona.com\/actualidad\/"},{"@type":"ListItem","position":2,"name":"El Ayuntamiento y DYA firman un convenio para la participaci\u00f3n de la entidad en actuaciones de protecci\u00f3n civil durante este a\u00f1o"}]},{"@type":"WebSite","@id":"https:\/\/www.laguiadepamplona.com\/actualidad\/#website","url":"https:\/\/www.laguiadepamplona.com\/actualidad\/","name":"La gu\u00eda de Pamplona","description":"Noticias de Pamplona","publisher":{"@id":"https:\/\/www.laguiadepamplona.com\/actualidad\/#organization"},"potentialAction":[{"@type":"SearchAction","target":{"@type":"EntryPoint","urlTemplate":"https:\/\/www.laguiadepamplona.com\/actualidad\/?s={search_term_string}"},"query-input":{"@type":"PropertyValueSpecification","valueRequired":true,"valueName":"search_term_string"}}],"inLanguage":"es"},{"@type":"Organization","@id":"https:\/\/www.laguiadepamplona.com\/actualidad\/#organization","name":"La Gu\u00eda de Pamplona \/ Noticias","url":"https:\/\/www.laguiadepamplona.com\/actualidad\/","logo":{"@type":"ImageObject","inLanguage":"es","@id":"https:\/\/www.laguiadepamplona.com\/actualidad\/#\/schema\/logo\/image\/","url":"https:\/\/www.laguiadepamplona.com\/actualidad\/wp-content\/uploads\/2018\/11\/logo-laguiadepamplona18-web1.png","contentUrl":"https:\/\/www.laguiadepamplona.com\/actualidad\/wp-content\/uploads\/2018\/11\/logo-laguiadepamplona18-web1.png","width":600,"height":196,"caption":"La Gu\u00eda de Pamplona \/ Noticias"},"image":{"@id":"https:\/\/www.laguiadepamplona.com\/actualidad\/#\/schema\/logo\/image\/"},"sameAs":["https:\/\/www.facebook.com\/laguiadepamplonacom-133175176762273\/?ref=hl","https:\/\/x.com\/LaGuiadPamplona","https:\/\/www.instagram.com\/la_guia_de_pamplona\/","https:\/\/www.youtube.com\/user\/laguiadepamplona"]},{"@type":"Person","@id":"https:\/\/www.laguiadepamplona.com\/actualidad\/#\/schema\/person\/efe887376f0213d4657c93adc50b1fdb","name":"La Gu\u00eda de Pamplona","image":{"@type":"ImageObject","inLanguage":"es","@id":"https:\/\/secure.gravatar.com\/avatar\/b6992f131dc8d30ab0dff15446e9d346d9dbd95992de0fef795073f5ea83a81c?s=96&d=mm&r=g","url":"https:\/\/secure.gravatar.com\/avatar\/b6992f131dc8d30ab0dff15446e9d346d9dbd95992de0fef795073f5ea83a81c?s=96&d=mm&r=g","contentUrl":"https:\/\/secure.gravatar.com\/avatar\/b6992f131dc8d30ab0dff15446e9d346d9dbd95992de0fef795073f5ea83a81c?s=96&d=mm&r=g","caption":"La Gu\u00eda de Pamplona"}}]}},"post_mailing_queue_ids":[],"_links":{"self":[{"href":"https:\/\/www.laguiadepamplona.com\/actualidad\/wp-json\/wp\/v2\/posts\/5160","targetHints":{"allow":["GET"]}}],"collection":[{"href":"https:\/\/www.laguiadepamplona.com\/actualidad\/wp-json\/wp\/v2\/posts"}],"about":[{"href":"https:\/\/www.laguiadepamplona.com\/actualidad\/wp-json\/wp\/v2\/types\/post"}],"author":[{"embeddable":true,"href":"https:\/\/www.laguiadepamplona.com\/actualidad\/wp-json\/wp\/v2\/users\/1"}],"replies":[{"embeddable":true,"href":"https:\/\/www.laguiadepamplona.com\/actualidad\/wp-json\/wp\/v2\/comments?post=5160"}],"version-history":[{"count":0,"href":"https:\/\/www.laguiadepamplona.com\/actualidad\/wp-json\/wp\/v2\/posts\/5160\/revisions"}],"wp:featuredmedia":[{"embeddable":true,"href":"https:\/\/www.laguiadepamplona.com\/actualidad\/wp-json\/"}],"wp:attachment":[{"href":"https:\/\/www.laguiadepamplona.com\/actualidad\/wp-json\/wp\/v2\/media?parent=5160"}],"wp:term":[{"taxonomy":"category","embeddable":true,"href":"https:\/\/www.laguiadepamplona.com\/actualidad\/wp-json\/wp\/v2\/categories?post=5160"},{"taxonomy":"post_tag","embeddable":true,"href":"https:\/\/www.laguiadepamplona.com\/actualidad\/wp-json\/wp\/v2\/tags?post=5160"}],"curies":[{"name":"wp","href":"https:\/\/api.w.org\/{rel}","templated":true}]}}