{"id":5158,"date":"2015-03-16T17:55:09","date_gmt":"2015-03-16T15:55:09","guid":{"rendered":"http:\/\/laguiadepamplona.com\/actualidad\/?p=5158"},"modified":"2015-03-16T17:55:09","modified_gmt":"2015-03-16T15:55:09","slug":"la-partida-de-ajedrez-con-la-muerte-que-recreo-igmar-bergman-en-el-septimo-sello-pone-fin-al-trimestre-del-club-de-cine-de-la-biblioteca-publica-de-san-jorge","status":"publish","type":"post","link":"https:\/\/www.laguiadepamplona.com\/actualidad\/la-partida-de-ajedrez-con-la-muerte-que-recreo-igmar-bergman-en-el-septimo-sello-pone-fin-al-trimestre-del-club-de-cine-de-la-biblioteca-publica-de-san-jorge\/","title":{"rendered":"La partida de ajedrez con la Muerte que recre\u00f3 Igmar Bergman en \u2018El s\u00e9ptimo sello\u2019 pone fin al trimestre del Club de Cine de la Biblioteca P\u00fablica de San Jorge"},"content":{"rendered":"<h4>La pel\u00edcula se proyectar\u00e1 a las 19.30 horas del martes y el debate sobre el filme se har\u00e1 el jueves 26, al ser este pr\u00f3ximo jueves festivo<\/h4>\n<p><a href=\"http:\/\/laguiadepamplona.com\/actualidad\/wp-content\/uploads\/2015\/02\/El_Septimo_Sello.jpg\"><img loading=\"lazy\" decoding=\"async\" class=\"alignleft size-medium wp-image-4772\" src=\"http:\/\/laguiadepamplona.com\/actualidad\/wp-content\/uploads\/2015\/02\/El_Septimo_Sello-212x300.jpg\" alt=\"El_Septimo_Sello\" width=\"212\" height=\"300\" \/><\/a>El Club de Cine de la Biblioteca P\u00fablica de San Jorge termina el trimestre con la revisi\u00f3n de la pel\u00edcula &#8216;El s\u00e9ptimo sello\u2019 (<em>Det sjunde insegle<\/em>), un largometraje en blanco y negro de 96 minutos de duraci\u00f3n, calificado como \u201cde culto\u201d, cuyo argumento transcurre entre dos planos, el real y el aleg\u00f3rico. Escrito dirigido por Ingmar Bergman en 1957, el filme est\u00e1 ambientado en el siglo XV, con una Suecia asolada por la Peste y el fanatismo religioso. Max von Sidow, un cruzado de vuelta de la guerra jugar\u00e1 al ajedrez con la muerte para tratar de obtener de ella respuestas a las grandes preguntas de la humanidad y ganar tiempo mientras hace algo que le d\u00e9 sentido a su vida antes de morir.<\/p>\n<p>La pel\u00edcula se proyectar\u00e1 a las 19.30 horas en el sal\u00f3n de actos de Civivox San Jorge. La entrada a la sesi\u00f3n es libre, previa retirada de invitaci\u00f3n desde una hora antes, con un m\u00e1ximo de dos por persona. La cinta se exhibir\u00e1 en versi\u00f3n original subtitulada al castellano. El debate sobre la pel\u00edcula se suele hacer el siguiente jueves. En este caso al ser el jueves 20 festivo, el coloquio pasa al jueves 26 a las 19.30 horas.<\/p>\n<p>El Club de Cine de la Biblioteca P\u00fablica de San Jorge est\u00e1 dirigido por el escritor y divulgador cinematogr\u00e1fico, Ram\u00f3n Herrera. Cada tercer martes de mes se proyecta una pel\u00edcula, que posteriormente se comenta en una sesi\u00f3n el jueves. Se busca proyectar obras de calidad, alternando cl\u00e1sicos del s\u00e9ptimo arte con cine m\u00e1s reciente, intentando evitar obras excesivamente comerciales. La idea es que en ese foro los amantes del cine hablen sobre cinematograf\u00eda, intercambien opiniones y conocimientos, y aprendan a reconocer e interpretar los c\u00f3digos del lenguaje cinematogr\u00e1fico.<\/p>\n<p><strong>Pr\u00f3ximas sesi\u00f3n del Club de cine de la Biblioteca P\u00fablica de San Jorge<\/strong><\/p>\n<ul>\n<li>Martes 17 de marzo:\u2018 El s\u00e9ptimo sello\u2019. Ingmar Bergman, Suecia, 1957. 96 minutos<\/li>\n<li>Las proyecciones tienen lugar en Civivox San Jorge, a las 19.30 horas. La entrada es libre hasta completar el aforo. Las pel\u00edculas se proyectan en versi\u00f3n original subtituladas al castellano<\/li>\n<\/ul>\n<p>&nbsp;<\/p>\n","protected":false},"excerpt":{"rendered":"<p>La pel\u00edcula se proyectar\u00e1 a las 19.30 horas del martes y el debate sobre el filme se har\u00e1 el jueves 26, al ser este pr\u00f3ximo jueves festivo El Club de&#8230;<\/p>\n","protected":false},"author":1,"featured_media":4772,"comment_status":"closed","ping_status":"open","sticky":false,"template":"","format":"standard","meta":{"footnotes":""},"categories":[2],"tags":[5,6,509,4608,4241,8,9],"class_list":["post-5158","post","type-post","status-publish","format-standard","has-post-thumbnail","hentry","category-ayuntamiento-pamplona","tag-actualidad","tag-ayto-pamplona","tag-ayuntamiento-de-pamplona","tag-det-sjunde-insegle","tag-el-septimo-sello","tag-noticias","tag-pamplona"],"yoast_head":"<!-- This site is optimized with the Yoast SEO plugin v27.5 - https:\/\/yoast.com\/product\/yoast-seo-wordpress\/ -->\n<title>La partida de ajedrez con la Muerte que recre\u00f3 Igmar Bergman en \u2018El s\u00e9ptimo sello\u2019 pone fin al trimestre del Club de Cine de la Biblioteca P\u00fablica de San Jorge<\/title>\n<meta name=\"robots\" content=\"index, follow, max-snippet:-1, max-image-preview:large, max-video-preview:-1\" \/>\n<link rel=\"canonical\" href=\"https:\/\/www.laguiadepamplona.com\/actualidad\/la-partida-de-ajedrez-con-la-muerte-que-recreo-igmar-bergman-en-el-septimo-sello-pone-fin-al-trimestre-del-club-de-cine-de-la-biblioteca-publica-de-san-jorge\/\" \/>\n<meta property=\"og:locale\" content=\"es_ES\" \/>\n<meta property=\"og:type\" content=\"article\" \/>\n<meta property=\"og:title\" content=\"La partida de ajedrez con la Muerte que recre\u00f3 Igmar Bergman en \u2018El s\u00e9ptimo sello\u2019 pone fin al trimestre del Club de Cine de la Biblioteca P\u00fablica de San Jorge\" \/>\n<meta property=\"og:description\" content=\"La pel\u00edcula se proyectar\u00e1 a las 19.30 horas del martes y el debate sobre el filme se har\u00e1 el jueves 26, al ser este pr\u00f3ximo jueves festivo El Club de...\" \/>\n<meta property=\"og:url\" content=\"https:\/\/www.laguiadepamplona.com\/actualidad\/la-partida-de-ajedrez-con-la-muerte-que-recreo-igmar-bergman-en-el-septimo-sello-pone-fin-al-trimestre-del-club-de-cine-de-la-biblioteca-publica-de-san-jorge\/\" \/>\n<meta property=\"og:site_name\" content=\"La Gu\u00eda de Pamplona\" \/>\n<meta property=\"article:publisher\" content=\"https:\/\/www.facebook.com\/laguiadepamplonacom-133175176762273\/?ref=hl\" \/>\n<meta property=\"article:published_time\" content=\"2015-03-16T15:55:09+00:00\" \/>\n<meta name=\"author\" content=\"La Gu\u00eda de Pamplona\" \/>\n<meta name=\"twitter:card\" content=\"summary_large_image\" \/>\n<meta name=\"twitter:creator\" content=\"@LaGuiadPamplona\" \/>\n<meta name=\"twitter:site\" content=\"@LaGuiadPamplona\" \/>\n<meta name=\"twitter:label1\" content=\"Escrito por\" \/>\n\t<meta name=\"twitter:data1\" content=\"La Gu\u00eda de Pamplona\" \/>\n\t<meta name=\"twitter:label2\" content=\"Tiempo de lectura\" \/>\n\t<meta name=\"twitter:data2\" content=\"2 minutos\" \/>\n<script type=\"application\/ld+json\" class=\"yoast-schema-graph\">{\"@context\":\"https:\\\/\\\/schema.org\",\"@graph\":[{\"@type\":\"Article\",\"@id\":\"https:\\\/\\\/www.laguiadepamplona.com\\\/actualidad\\\/la-partida-de-ajedrez-con-la-muerte-que-recreo-igmar-bergman-en-el-septimo-sello-pone-fin-al-trimestre-del-club-de-cine-de-la-biblioteca-publica-de-san-jorge\\\/#article\",\"isPartOf\":{\"@id\":\"https:\\\/\\\/www.laguiadepamplona.com\\\/actualidad\\\/la-partida-de-ajedrez-con-la-muerte-que-recreo-igmar-bergman-en-el-septimo-sello-pone-fin-al-trimestre-del-club-de-cine-de-la-biblioteca-publica-de-san-jorge\\\/\"},\"author\":{\"name\":\"La Gu\u00eda de Pamplona\",\"@id\":\"https:\\\/\\\/www.laguiadepamplona.com\\\/actualidad\\\/#\\\/schema\\\/person\\\/efe887376f0213d4657c93adc50b1fdb\"},\"headline\":\"La partida de ajedrez con la Muerte que recre\u00f3 Igmar Bergman en \u2018El s\u00e9ptimo sello\u2019 pone fin al trimestre del Club de Cine de la Biblioteca P\u00fablica de San Jorge\",\"datePublished\":\"2015-03-16T15:55:09+00:00\",\"mainEntityOfPage\":{\"@id\":\"https:\\\/\\\/www.laguiadepamplona.com\\\/actualidad\\\/la-partida-de-ajedrez-con-la-muerte-que-recreo-igmar-bergman-en-el-septimo-sello-pone-fin-al-trimestre-del-club-de-cine-de-la-biblioteca-publica-de-san-jorge\\\/\"},\"wordCount\":427,\"publisher\":{\"@id\":\"https:\\\/\\\/www.laguiadepamplona.com\\\/actualidad\\\/#organization\"},\"image\":{\"@id\":\"https:\\\/\\\/www.laguiadepamplona.com\\\/actualidad\\\/la-partida-de-ajedrez-con-la-muerte-que-recreo-igmar-bergman-en-el-septimo-sello-pone-fin-al-trimestre-del-club-de-cine-de-la-biblioteca-publica-de-san-jorge\\\/#primaryimage\"},\"thumbnailUrl\":\"\",\"keywords\":[\"actualidad\",\"ayto pamplona\",\"Ayuntamiento de Pamplona\",\"det sjunde insegle\",\"el s\u00e9ptimo sello\",\"noticias\",\"pamplona\"],\"articleSection\":[\"Ayto Pamplona\"],\"inLanguage\":\"es\"},{\"@type\":\"WebPage\",\"@id\":\"https:\\\/\\\/www.laguiadepamplona.com\\\/actualidad\\\/la-partida-de-ajedrez-con-la-muerte-que-recreo-igmar-bergman-en-el-septimo-sello-pone-fin-al-trimestre-del-club-de-cine-de-la-biblioteca-publica-de-san-jorge\\\/\",\"url\":\"https:\\\/\\\/www.laguiadepamplona.com\\\/actualidad\\\/la-partida-de-ajedrez-con-la-muerte-que-recreo-igmar-bergman-en-el-septimo-sello-pone-fin-al-trimestre-del-club-de-cine-de-la-biblioteca-publica-de-san-jorge\\\/\",\"name\":\"La partida de ajedrez con la Muerte que recre\u00f3 Igmar Bergman en \u2018El s\u00e9ptimo sello\u2019 pone fin al trimestre del Club de Cine de la Biblioteca P\u00fablica de San Jorge\",\"isPartOf\":{\"@id\":\"https:\\\/\\\/www.laguiadepamplona.com\\\/actualidad\\\/#website\"},\"primaryImageOfPage\":{\"@id\":\"https:\\\/\\\/www.laguiadepamplona.com\\\/actualidad\\\/la-partida-de-ajedrez-con-la-muerte-que-recreo-igmar-bergman-en-el-septimo-sello-pone-fin-al-trimestre-del-club-de-cine-de-la-biblioteca-publica-de-san-jorge\\\/#primaryimage\"},\"image\":{\"@id\":\"https:\\\/\\\/www.laguiadepamplona.com\\\/actualidad\\\/la-partida-de-ajedrez-con-la-muerte-que-recreo-igmar-bergman-en-el-septimo-sello-pone-fin-al-trimestre-del-club-de-cine-de-la-biblioteca-publica-de-san-jorge\\\/#primaryimage\"},\"thumbnailUrl\":\"\",\"datePublished\":\"2015-03-16T15:55:09+00:00\",\"breadcrumb\":{\"@id\":\"https:\\\/\\\/www.laguiadepamplona.com\\\/actualidad\\\/la-partida-de-ajedrez-con-la-muerte-que-recreo-igmar-bergman-en-el-septimo-sello-pone-fin-al-trimestre-del-club-de-cine-de-la-biblioteca-publica-de-san-jorge\\\/#breadcrumb\"},\"inLanguage\":\"es\",\"potentialAction\":[{\"@type\":\"ReadAction\",\"target\":[\"https:\\\/\\\/www.laguiadepamplona.com\\\/actualidad\\\/la-partida-de-ajedrez-con-la-muerte-que-recreo-igmar-bergman-en-el-septimo-sello-pone-fin-al-trimestre-del-club-de-cine-de-la-biblioteca-publica-de-san-jorge\\\/\"]}]},{\"@type\":\"ImageObject\",\"inLanguage\":\"es\",\"@id\":\"https:\\\/\\\/www.laguiadepamplona.com\\\/actualidad\\\/la-partida-de-ajedrez-con-la-muerte-que-recreo-igmar-bergman-en-el-septimo-sello-pone-fin-al-trimestre-del-club-de-cine-de-la-biblioteca-publica-de-san-jorge\\\/#primaryimage\",\"url\":\"\",\"contentUrl\":\"\"},{\"@type\":\"BreadcrumbList\",\"@id\":\"https:\\\/\\\/www.laguiadepamplona.com\\\/actualidad\\\/la-partida-de-ajedrez-con-la-muerte-que-recreo-igmar-bergman-en-el-septimo-sello-pone-fin-al-trimestre-del-club-de-cine-de-la-biblioteca-publica-de-san-jorge\\\/#breadcrumb\",\"itemListElement\":[{\"@type\":\"ListItem\",\"position\":1,\"name\":\"Portada\",\"item\":\"https:\\\/\\\/www.laguiadepamplona.com\\\/actualidad\\\/\"},{\"@type\":\"ListItem\",\"position\":2,\"name\":\"La partida de ajedrez con la Muerte que recre\u00f3 Igmar Bergman en \u2018El s\u00e9ptimo sello\u2019 pone fin al trimestre del Club de Cine de la Biblioteca P\u00fablica de San Jorge\"}]},{\"@type\":\"WebSite\",\"@id\":\"https:\\\/\\\/www.laguiadepamplona.com\\\/actualidad\\\/#website\",\"url\":\"https:\\\/\\\/www.laguiadepamplona.com\\\/actualidad\\\/\",\"name\":\"La gu\u00eda de Pamplona\",\"description\":\"Noticias de Pamplona\",\"publisher\":{\"@id\":\"https:\\\/\\\/www.laguiadepamplona.com\\\/actualidad\\\/#organization\"},\"potentialAction\":[{\"@type\":\"SearchAction\",\"target\":{\"@type\":\"EntryPoint\",\"urlTemplate\":\"https:\\\/\\\/www.laguiadepamplona.com\\\/actualidad\\\/?s={search_term_string}\"},\"query-input\":{\"@type\":\"PropertyValueSpecification\",\"valueRequired\":true,\"valueName\":\"search_term_string\"}}],\"inLanguage\":\"es\"},{\"@type\":\"Organization\",\"@id\":\"https:\\\/\\\/www.laguiadepamplona.com\\\/actualidad\\\/#organization\",\"name\":\"La Gu\u00eda de Pamplona \\\/ Noticias\",\"url\":\"https:\\\/\\\/www.laguiadepamplona.com\\\/actualidad\\\/\",\"logo\":{\"@type\":\"ImageObject\",\"inLanguage\":\"es\",\"@id\":\"https:\\\/\\\/www.laguiadepamplona.com\\\/actualidad\\\/#\\\/schema\\\/logo\\\/image\\\/\",\"url\":\"https:\\\/\\\/www.laguiadepamplona.com\\\/actualidad\\\/wp-content\\\/uploads\\\/2018\\\/11\\\/logo-laguiadepamplona18-web1.png\",\"contentUrl\":\"https:\\\/\\\/www.laguiadepamplona.com\\\/actualidad\\\/wp-content\\\/uploads\\\/2018\\\/11\\\/logo-laguiadepamplona18-web1.png\",\"width\":600,\"height\":196,\"caption\":\"La Gu\u00eda de Pamplona \\\/ Noticias\"},\"image\":{\"@id\":\"https:\\\/\\\/www.laguiadepamplona.com\\\/actualidad\\\/#\\\/schema\\\/logo\\\/image\\\/\"},\"sameAs\":[\"https:\\\/\\\/www.facebook.com\\\/laguiadepamplonacom-133175176762273\\\/?ref=hl\",\"https:\\\/\\\/x.com\\\/LaGuiadPamplona\",\"https:\\\/\\\/www.instagram.com\\\/la_guia_de_pamplona\\\/\",\"https:\\\/\\\/www.youtube.com\\\/user\\\/laguiadepamplona\"]},{\"@type\":\"Person\",\"@id\":\"https:\\\/\\\/www.laguiadepamplona.com\\\/actualidad\\\/#\\\/schema\\\/person\\\/efe887376f0213d4657c93adc50b1fdb\",\"name\":\"La Gu\u00eda de Pamplona\",\"image\":{\"@type\":\"ImageObject\",\"inLanguage\":\"es\",\"@id\":\"https:\\\/\\\/secure.gravatar.com\\\/avatar\\\/b6992f131dc8d30ab0dff15446e9d346d9dbd95992de0fef795073f5ea83a81c?s=96&d=mm&r=g\",\"url\":\"https:\\\/\\\/secure.gravatar.com\\\/avatar\\\/b6992f131dc8d30ab0dff15446e9d346d9dbd95992de0fef795073f5ea83a81c?s=96&d=mm&r=g\",\"contentUrl\":\"https:\\\/\\\/secure.gravatar.com\\\/avatar\\\/b6992f131dc8d30ab0dff15446e9d346d9dbd95992de0fef795073f5ea83a81c?s=96&d=mm&r=g\",\"caption\":\"La Gu\u00eda de Pamplona\"}}]}<\/script>\n<!-- \/ Yoast SEO plugin. -->","yoast_head_json":{"title":"La partida de ajedrez con la Muerte que recre\u00f3 Igmar Bergman en \u2018El s\u00e9ptimo sello\u2019 pone fin al trimestre del Club de Cine de la Biblioteca P\u00fablica de San Jorge","robots":{"index":"index","follow":"follow","max-snippet":"max-snippet:-1","max-image-preview":"max-image-preview:large","max-video-preview":"max-video-preview:-1"},"canonical":"https:\/\/www.laguiadepamplona.com\/actualidad\/la-partida-de-ajedrez-con-la-muerte-que-recreo-igmar-bergman-en-el-septimo-sello-pone-fin-al-trimestre-del-club-de-cine-de-la-biblioteca-publica-de-san-jorge\/","og_locale":"es_ES","og_type":"article","og_title":"La partida de ajedrez con la Muerte que recre\u00f3 Igmar Bergman en \u2018El s\u00e9ptimo sello\u2019 pone fin al trimestre del Club de Cine de la Biblioteca P\u00fablica de San Jorge","og_description":"La pel\u00edcula se proyectar\u00e1 a las 19.30 horas del martes y el debate sobre el filme se har\u00e1 el jueves 26, al ser este pr\u00f3ximo jueves festivo El Club de...","og_url":"https:\/\/www.laguiadepamplona.com\/actualidad\/la-partida-de-ajedrez-con-la-muerte-que-recreo-igmar-bergman-en-el-septimo-sello-pone-fin-al-trimestre-del-club-de-cine-de-la-biblioteca-publica-de-san-jorge\/","og_site_name":"La Gu\u00eda de Pamplona","article_publisher":"https:\/\/www.facebook.com\/laguiadepamplonacom-133175176762273\/?ref=hl","article_published_time":"2015-03-16T15:55:09+00:00","author":"La Gu\u00eda de Pamplona","twitter_card":"summary_large_image","twitter_creator":"@LaGuiadPamplona","twitter_site":"@LaGuiadPamplona","twitter_misc":{"Escrito por":"La Gu\u00eda de Pamplona","Tiempo de lectura":"2 minutos"},"schema":{"@context":"https:\/\/schema.org","@graph":[{"@type":"Article","@id":"https:\/\/www.laguiadepamplona.com\/actualidad\/la-partida-de-ajedrez-con-la-muerte-que-recreo-igmar-bergman-en-el-septimo-sello-pone-fin-al-trimestre-del-club-de-cine-de-la-biblioteca-publica-de-san-jorge\/#article","isPartOf":{"@id":"https:\/\/www.laguiadepamplona.com\/actualidad\/la-partida-de-ajedrez-con-la-muerte-que-recreo-igmar-bergman-en-el-septimo-sello-pone-fin-al-trimestre-del-club-de-cine-de-la-biblioteca-publica-de-san-jorge\/"},"author":{"name":"La Gu\u00eda de Pamplona","@id":"https:\/\/www.laguiadepamplona.com\/actualidad\/#\/schema\/person\/efe887376f0213d4657c93adc50b1fdb"},"headline":"La partida de ajedrez con la Muerte que recre\u00f3 Igmar Bergman en \u2018El s\u00e9ptimo sello\u2019 pone fin al trimestre del Club de Cine de la Biblioteca P\u00fablica de San Jorge","datePublished":"2015-03-16T15:55:09+00:00","mainEntityOfPage":{"@id":"https:\/\/www.laguiadepamplona.com\/actualidad\/la-partida-de-ajedrez-con-la-muerte-que-recreo-igmar-bergman-en-el-septimo-sello-pone-fin-al-trimestre-del-club-de-cine-de-la-biblioteca-publica-de-san-jorge\/"},"wordCount":427,"publisher":{"@id":"https:\/\/www.laguiadepamplona.com\/actualidad\/#organization"},"image":{"@id":"https:\/\/www.laguiadepamplona.com\/actualidad\/la-partida-de-ajedrez-con-la-muerte-que-recreo-igmar-bergman-en-el-septimo-sello-pone-fin-al-trimestre-del-club-de-cine-de-la-biblioteca-publica-de-san-jorge\/#primaryimage"},"thumbnailUrl":"","keywords":["actualidad","ayto pamplona","Ayuntamiento de Pamplona","det sjunde insegle","el s\u00e9ptimo sello","noticias","pamplona"],"articleSection":["Ayto Pamplona"],"inLanguage":"es"},{"@type":"WebPage","@id":"https:\/\/www.laguiadepamplona.com\/actualidad\/la-partida-de-ajedrez-con-la-muerte-que-recreo-igmar-bergman-en-el-septimo-sello-pone-fin-al-trimestre-del-club-de-cine-de-la-biblioteca-publica-de-san-jorge\/","url":"https:\/\/www.laguiadepamplona.com\/actualidad\/la-partida-de-ajedrez-con-la-muerte-que-recreo-igmar-bergman-en-el-septimo-sello-pone-fin-al-trimestre-del-club-de-cine-de-la-biblioteca-publica-de-san-jorge\/","name":"La partida de ajedrez con la Muerte que recre\u00f3 Igmar Bergman en \u2018El s\u00e9ptimo sello\u2019 pone fin al trimestre del Club de Cine de la Biblioteca P\u00fablica de San Jorge","isPartOf":{"@id":"https:\/\/www.laguiadepamplona.com\/actualidad\/#website"},"primaryImageOfPage":{"@id":"https:\/\/www.laguiadepamplona.com\/actualidad\/la-partida-de-ajedrez-con-la-muerte-que-recreo-igmar-bergman-en-el-septimo-sello-pone-fin-al-trimestre-del-club-de-cine-de-la-biblioteca-publica-de-san-jorge\/#primaryimage"},"image":{"@id":"https:\/\/www.laguiadepamplona.com\/actualidad\/la-partida-de-ajedrez-con-la-muerte-que-recreo-igmar-bergman-en-el-septimo-sello-pone-fin-al-trimestre-del-club-de-cine-de-la-biblioteca-publica-de-san-jorge\/#primaryimage"},"thumbnailUrl":"","datePublished":"2015-03-16T15:55:09+00:00","breadcrumb":{"@id":"https:\/\/www.laguiadepamplona.com\/actualidad\/la-partida-de-ajedrez-con-la-muerte-que-recreo-igmar-bergman-en-el-septimo-sello-pone-fin-al-trimestre-del-club-de-cine-de-la-biblioteca-publica-de-san-jorge\/#breadcrumb"},"inLanguage":"es","potentialAction":[{"@type":"ReadAction","target":["https:\/\/www.laguiadepamplona.com\/actualidad\/la-partida-de-ajedrez-con-la-muerte-que-recreo-igmar-bergman-en-el-septimo-sello-pone-fin-al-trimestre-del-club-de-cine-de-la-biblioteca-publica-de-san-jorge\/"]}]},{"@type":"ImageObject","inLanguage":"es","@id":"https:\/\/www.laguiadepamplona.com\/actualidad\/la-partida-de-ajedrez-con-la-muerte-que-recreo-igmar-bergman-en-el-septimo-sello-pone-fin-al-trimestre-del-club-de-cine-de-la-biblioteca-publica-de-san-jorge\/#primaryimage","url":"","contentUrl":""},{"@type":"BreadcrumbList","@id":"https:\/\/www.laguiadepamplona.com\/actualidad\/la-partida-de-ajedrez-con-la-muerte-que-recreo-igmar-bergman-en-el-septimo-sello-pone-fin-al-trimestre-del-club-de-cine-de-la-biblioteca-publica-de-san-jorge\/#breadcrumb","itemListElement":[{"@type":"ListItem","position":1,"name":"Portada","item":"https:\/\/www.laguiadepamplona.com\/actualidad\/"},{"@type":"ListItem","position":2,"name":"La partida de ajedrez con la Muerte que recre\u00f3 Igmar Bergman en \u2018El s\u00e9ptimo sello\u2019 pone fin al trimestre del Club de Cine de la Biblioteca P\u00fablica de San Jorge"}]},{"@type":"WebSite","@id":"https:\/\/www.laguiadepamplona.com\/actualidad\/#website","url":"https:\/\/www.laguiadepamplona.com\/actualidad\/","name":"La gu\u00eda de Pamplona","description":"Noticias de Pamplona","publisher":{"@id":"https:\/\/www.laguiadepamplona.com\/actualidad\/#organization"},"potentialAction":[{"@type":"SearchAction","target":{"@type":"EntryPoint","urlTemplate":"https:\/\/www.laguiadepamplona.com\/actualidad\/?s={search_term_string}"},"query-input":{"@type":"PropertyValueSpecification","valueRequired":true,"valueName":"search_term_string"}}],"inLanguage":"es"},{"@type":"Organization","@id":"https:\/\/www.laguiadepamplona.com\/actualidad\/#organization","name":"La Gu\u00eda de Pamplona \/ Noticias","url":"https:\/\/www.laguiadepamplona.com\/actualidad\/","logo":{"@type":"ImageObject","inLanguage":"es","@id":"https:\/\/www.laguiadepamplona.com\/actualidad\/#\/schema\/logo\/image\/","url":"https:\/\/www.laguiadepamplona.com\/actualidad\/wp-content\/uploads\/2018\/11\/logo-laguiadepamplona18-web1.png","contentUrl":"https:\/\/www.laguiadepamplona.com\/actualidad\/wp-content\/uploads\/2018\/11\/logo-laguiadepamplona18-web1.png","width":600,"height":196,"caption":"La Gu\u00eda de Pamplona \/ Noticias"},"image":{"@id":"https:\/\/www.laguiadepamplona.com\/actualidad\/#\/schema\/logo\/image\/"},"sameAs":["https:\/\/www.facebook.com\/laguiadepamplonacom-133175176762273\/?ref=hl","https:\/\/x.com\/LaGuiadPamplona","https:\/\/www.instagram.com\/la_guia_de_pamplona\/","https:\/\/www.youtube.com\/user\/laguiadepamplona"]},{"@type":"Person","@id":"https:\/\/www.laguiadepamplona.com\/actualidad\/#\/schema\/person\/efe887376f0213d4657c93adc50b1fdb","name":"La Gu\u00eda de Pamplona","image":{"@type":"ImageObject","inLanguage":"es","@id":"https:\/\/secure.gravatar.com\/avatar\/b6992f131dc8d30ab0dff15446e9d346d9dbd95992de0fef795073f5ea83a81c?s=96&d=mm&r=g","url":"https:\/\/secure.gravatar.com\/avatar\/b6992f131dc8d30ab0dff15446e9d346d9dbd95992de0fef795073f5ea83a81c?s=96&d=mm&r=g","contentUrl":"https:\/\/secure.gravatar.com\/avatar\/b6992f131dc8d30ab0dff15446e9d346d9dbd95992de0fef795073f5ea83a81c?s=96&d=mm&r=g","caption":"La Gu\u00eda de Pamplona"}}]}},"post_mailing_queue_ids":[],"_links":{"self":[{"href":"https:\/\/www.laguiadepamplona.com\/actualidad\/wp-json\/wp\/v2\/posts\/5158","targetHints":{"allow":["GET"]}}],"collection":[{"href":"https:\/\/www.laguiadepamplona.com\/actualidad\/wp-json\/wp\/v2\/posts"}],"about":[{"href":"https:\/\/www.laguiadepamplona.com\/actualidad\/wp-json\/wp\/v2\/types\/post"}],"author":[{"embeddable":true,"href":"https:\/\/www.laguiadepamplona.com\/actualidad\/wp-json\/wp\/v2\/users\/1"}],"replies":[{"embeddable":true,"href":"https:\/\/www.laguiadepamplona.com\/actualidad\/wp-json\/wp\/v2\/comments?post=5158"}],"version-history":[{"count":0,"href":"https:\/\/www.laguiadepamplona.com\/actualidad\/wp-json\/wp\/v2\/posts\/5158\/revisions"}],"wp:featuredmedia":[{"embeddable":true,"href":"https:\/\/www.laguiadepamplona.com\/actualidad\/wp-json\/"}],"wp:attachment":[{"href":"https:\/\/www.laguiadepamplona.com\/actualidad\/wp-json\/wp\/v2\/media?parent=5158"}],"wp:term":[{"taxonomy":"category","embeddable":true,"href":"https:\/\/www.laguiadepamplona.com\/actualidad\/wp-json\/wp\/v2\/categories?post=5158"},{"taxonomy":"post_tag","embeddable":true,"href":"https:\/\/www.laguiadepamplona.com\/actualidad\/wp-json\/wp\/v2\/tags?post=5158"}],"curies":[{"name":"wp","href":"https:\/\/api.w.org\/{rel}","templated":true}]}}