{"id":51551,"date":"2024-12-09T13:22:56","date_gmt":"2024-12-09T11:22:56","guid":{"rendered":"https:\/\/www.laguiadepamplona.com\/actualidad\/?p=51551"},"modified":"2024-12-09T13:22:56","modified_gmt":"2024-12-09T11:22:56","slug":"el-ayuntamiento-crea-la-mesa-de-la-navidad-como-organo-de-participacion-con-la-presencia-de-representantes-municipales-y-de-24-asociaciones-y-entidades","status":"publish","type":"post","link":"https:\/\/www.laguiadepamplona.com\/actualidad\/el-ayuntamiento-crea-la-mesa-de-la-navidad-como-organo-de-participacion-con-la-presencia-de-representantes-municipales-y-de-24-asociaciones-y-entidades\/","title":{"rendered":"El Ayuntamiento crea la Mesa de la Navidad como \u00f3rgano de participaci\u00f3n con la presencia de representantes municipales y de 24 asociaciones y entidades"},"content":{"rendered":"<h2>Este \u00f3rgano se constituir\u00e1 el pr\u00f3ximo mi\u00e9rcoles, d\u00eda 18, y se prev\u00e9 que se re\u00fana por primera vez en el mes de enero para realizar balance de la Navidad<\/h2>\n<p><!--more--><\/p>\n<p>El Ayuntamiento de Pamplona constituir\u00e1 la pr\u00f3xima semana la Mesa de la Navidad, un \u00f3rgano participativo y consultivo con el que permitir a la ciudadan\u00eda colaborar en la organizaci\u00f3n de los actos festivos navide\u00f1os. La Mesa contar\u00e1 con la participaci\u00f3n de 24 entidades, entre asociaciones, espacios esc\u00e9nicos, festivales y ferias, adem\u00e1s de 16 representantes municipales, entre t\u00e9cnicos, grupos pol\u00edticos y miembros de la Escuela Municipal de M\u00fasica Joaqu\u00edn Maya.<\/p>\n<p>Ser\u00e1 el pr\u00f3ximo mi\u00e9rcoles, d\u00eda 18, cuando se constituya como tal la Mesa de la Navidad, que se reunir\u00e1, como m\u00ednimo, tres veces al a\u00f1o. Dado que las fiestas arrancar\u00e1n en breve y ya se ha presentado toda la programaci\u00f3n navide\u00f1a para este a\u00f1o, la primera de las reuniones de este \u00f3rgano tendr\u00e1 lugar en el mes de enero. Ser\u00e1 entonces cuando se realice un balance de las celebraciones y se comenzar\u00e1 a trabajar en la programaci\u00f3n del pr\u00f3ximo a\u00f1o. Las reuniones preparatorias se concentrar\u00e1n a partir del mes de septiembre de cada a\u00f1o.<\/p>\n<p>La Mesa de la Navidad surge a partir de una declaraci\u00f3n presentada por el grupo Socialistas del Ayuntamiento de Pamplona en la Comisi\u00f3n de Asuntos Ciudadanos del pasado mes de septiembre. En ella, se solicitaba al equipo de Gobierno \u201cla constituci\u00f3n de la Mesa de la Navidad como \u00f3rgano de participaci\u00f3n en la organizaci\u00f3n y coordinaci\u00f3n de la programaci\u00f3n navide\u00f1a y de los eventos organizados por asociaciones y entidades en esta \u00e9poca\u201d. La idea es crear un \u00f3rgano consultivo, que d\u00e9 voz a todos los colectivos vinculados de una u otra manera a la programaci\u00f3n cultural de la ciudad y al comercio y espacios esc\u00e9nicos. La presencia de todos ellos en un foro com\u00fan permitir\u00e1 coordinar esfuerzos en la confecci\u00f3n de la programaci\u00f3n navide\u00f1a y de los eventos en torno a la Navidad.<\/p>\n<p><strong>Una veintena de entidades, asociaciones y colectivos<\/strong><\/p>\n<p>La mesa contar\u00e1 en total con 40 miembros, de los que 24 representar\u00e1n a asociaciones y entidades y 16 ser\u00e1n representantes municipales. Entre los primeros, destacan las asociaciones de comerciantes y hosteler\u00eda ANAPEH, AHN, Asociaciones de Comerciantes del Casco Viejo, Ensanche y de los barrios; el Orfe\u00f3n Pamplon\u00e9s y la Federaci\u00f3n de Coros, el Teatro Gayarre y el Navarra Arena, las asociaciones organizadoras de los desfiles del Olentzero y la Cabalgata de los Reyes Magos, la Asociaci\u00f3n de Belenistas, la Plataforma de Comisiones de Fiestas \u2018Auzoak\u2019 y los organizadores de festivales y ferias que se desarrollan en fechas navide\u00f1as como Santaspascuas, Brif Braf Bruf y la Feria de Anime.<\/p>\n<p>Por parte del Ayuntamiento, acudir\u00edan todos los grupos pol\u00edticos, t\u00e9cnicos de las \u00e1reas de Cultura, Infancia, Mayores, y Juventud, las direcciones de Seguridad Ciudadana y Cultura, y representantes de la Escuela Municipal de M\u00fasica Joaqu\u00edn Maya.<\/p>\n<p>&nbsp;<\/p>\n<h3>Mesa de la Navidad<\/h3>\n<ul>\n<li><strong>Constituci\u00f3n<\/strong>: el 18 de diciembre<\/li>\n<li><strong>Reuniones<\/strong>: tres veces al a\u00f1o. La primera en enero de 2025 y despu\u00e9s se han previsto para septiembre y noviembre, de cara a coordinar la programaci\u00f3n de 2025.<\/li>\n<li><strong>Miembros:<\/strong>\n<ul>\n<li>Federaci\u00f3n de Coros<\/li>\n<li>Teatro Gayarre<\/li>\n<li>NICDO<\/li>\n<li>Orfe\u00f3n Pamplon\u00e9s<\/li>\n<li>Escuela Municipal de M\u00fasica Joaqu\u00edn Maya<\/li>\n<li>Asociaci\u00f3n Cabalgata<\/li>\n<li>Asociaci\u00f3n Olentzero<\/li>\n<li>Asociaci\u00f3n Belenistas<\/li>\n<li>Auzoak<\/li>\n<li>Festival Santas Pascuas<\/li>\n<li>Festival Brif Braf Bruf<\/li>\n<li>Feria Anime<\/li>\n<li>ANAPEH<\/li>\n<li>AEHN- Asociaci\u00f3n de Hosteler\u00eda y Turismo de Navarra<\/li>\n<li>Asociaci\u00f3n de Comercio, Hosteler\u00eda y Servicios del Casco Antiguo de Pamplona<\/li>\n<li>Ensanche \u00c1rea Comercial<\/li>\n<li>Zona Comercial Mart\u00edn Azpilcueta<\/li>\n<li>Asociaci\u00f3n de Comerciantes San Jorge-Sanduzelai<\/li>\n<li>Asociaci\u00f3n de Comerciantes San Juan, Ermitaga\u00f1a y Mendebaldea<\/li>\n<li>Asociaci\u00f3n de Comerciantes Txantrea (LATXAN)<\/li>\n<li>Asociaci\u00f3n de Comerciantes Rochapea (La Rotxa)<\/li>\n<li>Asociaci\u00f3n de Comerciantes de Iturrama<\/li>\n<li>Asociaci\u00f3n de Comerciantes de Mendillorri<\/li>\n<li>Asociacion Comerciantes Casco Antiguo<\/li>\n<li>Asociacion Comerciantes Ensanche<\/li>\n<li>Director del \u00e1rea de Cultura del Ayuntamiento de Pamplona<\/li>\n<li>Concejal\u00eda de Cultura del Ayuntamiento de Pamplona<\/li>\n<li>Secretar\u00eda T\u00e9cnica de Cultura del Ayuntamiento de Pamplona<\/li>\n<li>T\u00e9cnico de Cultura del Ayuntamiento de Pamplona<\/li>\n<li>T\u00e9cnica de Comercio del Ayuntamiento de Pamplona<\/li>\n<li>Director del \u00e1rea de Seguridad Ciudadana<\/li>\n<li>T\u00e9cnica de Infancia del Ayuntamiento de Pamplona<\/li>\n<li>T\u00e9cnica de Juventud del Ayuntamiento de Pamplona<\/li>\n<li>T\u00e9cnica de Mayores del Ayuntamiento de Pamplona<\/li>\n<li>Grupo Municipal EHBildu<\/li>\n<li>Grupo Municipal Geroa Bai<\/li>\n<li>Grupo Municipal Socialistas del Ayuntamiento de Pamplona<\/li>\n<li>Grupo Municipal Contigo Zurekin<\/li>\n<li>Grupo Municipal UPN<\/li>\n<li>Grupo Municipal PP<\/li>\n<\/ul>\n<\/li>\n<\/ul>\n","protected":false},"excerpt":{"rendered":"<p>Este \u00f3rgano se constituir\u00e1 el pr\u00f3ximo mi\u00e9rcoles, d\u00eda 18, y se prev\u00e9 que se re\u00fana por primera vez en el mes de enero para realizar balance de la Navidad<\/p>\n","protected":false},"author":1,"featured_media":51552,"comment_status":"open","ping_status":"closed","sticky":false,"template":"","format":"standard","meta":{"footnotes":""},"categories":[2],"tags":[],"class_list":["post-51551","post","type-post","status-publish","format-standard","has-post-thumbnail","hentry","category-ayuntamiento-pamplona"],"yoast_head":"<!-- This site is optimized with the Yoast SEO plugin v27.3 - https:\/\/yoast.com\/product\/yoast-seo-wordpress\/ -->\n<title>El Ayuntamiento crea la Mesa de la Navidad como \u00f3rgano de participaci\u00f3n con la presencia de representantes municipales y de 24 asociaciones y entidades<\/title>\n<meta name=\"description\" content=\"Este \u00f3rgano se constituir\u00e1 el pr\u00f3ximo mi\u00e9rcoles, d\u00eda 18, y se prev\u00e9 que se re\u00fana por primera vez en el mes de enero para realizar balance de la Navidad\" \/>\n<meta name=\"robots\" content=\"index, follow, max-snippet:-1, max-image-preview:large, max-video-preview:-1\" \/>\n<link rel=\"canonical\" href=\"https:\/\/www.laguiadepamplona.com\/actualidad\/el-ayuntamiento-crea-la-mesa-de-la-navidad-como-organo-de-participacion-con-la-presencia-de-representantes-municipales-y-de-24-asociaciones-y-entidades\/\" \/>\n<meta property=\"og:locale\" content=\"es_ES\" \/>\n<meta property=\"og:type\" content=\"article\" \/>\n<meta property=\"og:title\" content=\"El Ayuntamiento crea la Mesa de la Navidad como \u00f3rgano de participaci\u00f3n con la presencia de representantes municipales y de 24 asociaciones y entidades\" \/>\n<meta property=\"og:description\" content=\"Este \u00f3rgano se constituir\u00e1 el pr\u00f3ximo mi\u00e9rcoles, d\u00eda 18, y se prev\u00e9 que se re\u00fana por primera vez en el mes de enero para realizar balance de la Navidad\" \/>\n<meta property=\"og:url\" content=\"https:\/\/www.laguiadepamplona.com\/actualidad\/el-ayuntamiento-crea-la-mesa-de-la-navidad-como-organo-de-participacion-con-la-presencia-de-representantes-municipales-y-de-24-asociaciones-y-entidades\/\" \/>\n<meta property=\"og:site_name\" content=\"La Gu\u00eda de Pamplona\" \/>\n<meta property=\"article:publisher\" content=\"https:\/\/www.facebook.com\/laguiadepamplonacom-133175176762273\/?ref=hl\" \/>\n<meta property=\"article:published_time\" content=\"2024-12-09T11:22:56+00:00\" \/>\n<meta property=\"og:image\" content=\"https:\/\/www.laguiadepamplona.com\/actualidad\/wp-content\/uploads\/2024\/12\/navidad_plaza_castillo.webp\" \/>\n\t<meta property=\"og:image:width\" content=\"1000\" \/>\n\t<meta property=\"og:image:height\" content=\"750\" \/>\n\t<meta property=\"og:image:type\" content=\"image\/webp\" \/>\n<meta name=\"author\" content=\"La Gu\u00eda de Pamplona\" \/>\n<meta name=\"twitter:card\" content=\"summary_large_image\" \/>\n<meta name=\"twitter:creator\" content=\"@LaGuiadPamplona\" \/>\n<meta name=\"twitter:site\" content=\"@LaGuiadPamplona\" \/>\n<meta name=\"twitter:label1\" content=\"Escrito por\" \/>\n\t<meta name=\"twitter:data1\" content=\"La Gu\u00eda de Pamplona\" \/>\n\t<meta name=\"twitter:label2\" content=\"Tiempo de lectura\" \/>\n\t<meta name=\"twitter:data2\" content=\"4 minutos\" \/>\n<script type=\"application\/ld+json\" class=\"yoast-schema-graph\">{\"@context\":\"https:\\\/\\\/schema.org\",\"@graph\":[{\"@type\":\"Article\",\"@id\":\"https:\\\/\\\/www.laguiadepamplona.com\\\/actualidad\\\/el-ayuntamiento-crea-la-mesa-de-la-navidad-como-organo-de-participacion-con-la-presencia-de-representantes-municipales-y-de-24-asociaciones-y-entidades\\\/#article\",\"isPartOf\":{\"@id\":\"https:\\\/\\\/www.laguiadepamplona.com\\\/actualidad\\\/el-ayuntamiento-crea-la-mesa-de-la-navidad-como-organo-de-participacion-con-la-presencia-de-representantes-municipales-y-de-24-asociaciones-y-entidades\\\/\"},\"author\":{\"name\":\"La Gu\u00eda de Pamplona\",\"@id\":\"https:\\\/\\\/www.laguiadepamplona.com\\\/actualidad\\\/#\\\/schema\\\/person\\\/efe887376f0213d4657c93adc50b1fdb\"},\"headline\":\"El Ayuntamiento crea la Mesa de la Navidad como \u00f3rgano de participaci\u00f3n con la presencia de representantes municipales y de 24 asociaciones y entidades\",\"datePublished\":\"2024-12-09T11:22:56+00:00\",\"mainEntityOfPage\":{\"@id\":\"https:\\\/\\\/www.laguiadepamplona.com\\\/actualidad\\\/el-ayuntamiento-crea-la-mesa-de-la-navidad-como-organo-de-participacion-con-la-presencia-de-representantes-municipales-y-de-24-asociaciones-y-entidades\\\/\"},\"wordCount\":805,\"commentCount\":0,\"publisher\":{\"@id\":\"https:\\\/\\\/www.laguiadepamplona.com\\\/actualidad\\\/#organization\"},\"image\":{\"@id\":\"https:\\\/\\\/www.laguiadepamplona.com\\\/actualidad\\\/el-ayuntamiento-crea-la-mesa-de-la-navidad-como-organo-de-participacion-con-la-presencia-de-representantes-municipales-y-de-24-asociaciones-y-entidades\\\/#primaryimage\"},\"thumbnailUrl\":\"https:\\\/\\\/www.laguiadepamplona.com\\\/actualidad\\\/wp-content\\\/uploads\\\/2024\\\/12\\\/navidad_plaza_castillo.webp\",\"articleSection\":[\"Ayto Pamplona\"],\"inLanguage\":\"es\",\"potentialAction\":[{\"@type\":\"CommentAction\",\"name\":\"Comment\",\"target\":[\"https:\\\/\\\/www.laguiadepamplona.com\\\/actualidad\\\/el-ayuntamiento-crea-la-mesa-de-la-navidad-como-organo-de-participacion-con-la-presencia-de-representantes-municipales-y-de-24-asociaciones-y-entidades\\\/#respond\"]}]},{\"@type\":\"WebPage\",\"@id\":\"https:\\\/\\\/www.laguiadepamplona.com\\\/actualidad\\\/el-ayuntamiento-crea-la-mesa-de-la-navidad-como-organo-de-participacion-con-la-presencia-de-representantes-municipales-y-de-24-asociaciones-y-entidades\\\/\",\"url\":\"https:\\\/\\\/www.laguiadepamplona.com\\\/actualidad\\\/el-ayuntamiento-crea-la-mesa-de-la-navidad-como-organo-de-participacion-con-la-presencia-de-representantes-municipales-y-de-24-asociaciones-y-entidades\\\/\",\"name\":\"El Ayuntamiento crea la Mesa de la Navidad como \u00f3rgano de participaci\u00f3n con la presencia de representantes municipales y de 24 asociaciones y entidades\",\"isPartOf\":{\"@id\":\"https:\\\/\\\/www.laguiadepamplona.com\\\/actualidad\\\/#website\"},\"primaryImageOfPage\":{\"@id\":\"https:\\\/\\\/www.laguiadepamplona.com\\\/actualidad\\\/el-ayuntamiento-crea-la-mesa-de-la-navidad-como-organo-de-participacion-con-la-presencia-de-representantes-municipales-y-de-24-asociaciones-y-entidades\\\/#primaryimage\"},\"image\":{\"@id\":\"https:\\\/\\\/www.laguiadepamplona.com\\\/actualidad\\\/el-ayuntamiento-crea-la-mesa-de-la-navidad-como-organo-de-participacion-con-la-presencia-de-representantes-municipales-y-de-24-asociaciones-y-entidades\\\/#primaryimage\"},\"thumbnailUrl\":\"https:\\\/\\\/www.laguiadepamplona.com\\\/actualidad\\\/wp-content\\\/uploads\\\/2024\\\/12\\\/navidad_plaza_castillo.webp\",\"datePublished\":\"2024-12-09T11:22:56+00:00\",\"description\":\"Este \u00f3rgano se constituir\u00e1 el pr\u00f3ximo mi\u00e9rcoles, d\u00eda 18, y se prev\u00e9 que se re\u00fana por primera vez en el mes de enero para realizar balance de la Navidad\",\"breadcrumb\":{\"@id\":\"https:\\\/\\\/www.laguiadepamplona.com\\\/actualidad\\\/el-ayuntamiento-crea-la-mesa-de-la-navidad-como-organo-de-participacion-con-la-presencia-de-representantes-municipales-y-de-24-asociaciones-y-entidades\\\/#breadcrumb\"},\"inLanguage\":\"es\",\"potentialAction\":[{\"@type\":\"ReadAction\",\"target\":[\"https:\\\/\\\/www.laguiadepamplona.com\\\/actualidad\\\/el-ayuntamiento-crea-la-mesa-de-la-navidad-como-organo-de-participacion-con-la-presencia-de-representantes-municipales-y-de-24-asociaciones-y-entidades\\\/\"]}]},{\"@type\":\"ImageObject\",\"inLanguage\":\"es\",\"@id\":\"https:\\\/\\\/www.laguiadepamplona.com\\\/actualidad\\\/el-ayuntamiento-crea-la-mesa-de-la-navidad-como-organo-de-participacion-con-la-presencia-de-representantes-municipales-y-de-24-asociaciones-y-entidades\\\/#primaryimage\",\"url\":\"https:\\\/\\\/www.laguiadepamplona.com\\\/actualidad\\\/wp-content\\\/uploads\\\/2024\\\/12\\\/navidad_plaza_castillo.webp\",\"contentUrl\":\"https:\\\/\\\/www.laguiadepamplona.com\\\/actualidad\\\/wp-content\\\/uploads\\\/2024\\\/12\\\/navidad_plaza_castillo.webp\",\"width\":1000,\"height\":750,\"caption\":\"navidad plaza castillo\"},{\"@type\":\"BreadcrumbList\",\"@id\":\"https:\\\/\\\/www.laguiadepamplona.com\\\/actualidad\\\/el-ayuntamiento-crea-la-mesa-de-la-navidad-como-organo-de-participacion-con-la-presencia-de-representantes-municipales-y-de-24-asociaciones-y-entidades\\\/#breadcrumb\",\"itemListElement\":[{\"@type\":\"ListItem\",\"position\":1,\"name\":\"Portada\",\"item\":\"https:\\\/\\\/www.laguiadepamplona.com\\\/actualidad\\\/\"},{\"@type\":\"ListItem\",\"position\":2,\"name\":\"El Ayuntamiento crea la Mesa de la Navidad como \u00f3rgano de participaci\u00f3n con la presencia de representantes municipales y de 24 asociaciones y entidades\"}]},{\"@type\":\"WebSite\",\"@id\":\"https:\\\/\\\/www.laguiadepamplona.com\\\/actualidad\\\/#website\",\"url\":\"https:\\\/\\\/www.laguiadepamplona.com\\\/actualidad\\\/\",\"name\":\"La gu\u00eda de Pamplona\",\"description\":\"Noticias de Pamplona\",\"publisher\":{\"@id\":\"https:\\\/\\\/www.laguiadepamplona.com\\\/actualidad\\\/#organization\"},\"potentialAction\":[{\"@type\":\"SearchAction\",\"target\":{\"@type\":\"EntryPoint\",\"urlTemplate\":\"https:\\\/\\\/www.laguiadepamplona.com\\\/actualidad\\\/?s={search_term_string}\"},\"query-input\":{\"@type\":\"PropertyValueSpecification\",\"valueRequired\":true,\"valueName\":\"search_term_string\"}}],\"inLanguage\":\"es\"},{\"@type\":\"Organization\",\"@id\":\"https:\\\/\\\/www.laguiadepamplona.com\\\/actualidad\\\/#organization\",\"name\":\"La Gu\u00eda de Pamplona \\\/ Noticias\",\"url\":\"https:\\\/\\\/www.laguiadepamplona.com\\\/actualidad\\\/\",\"logo\":{\"@type\":\"ImageObject\",\"inLanguage\":\"es\",\"@id\":\"https:\\\/\\\/www.laguiadepamplona.com\\\/actualidad\\\/#\\\/schema\\\/logo\\\/image\\\/\",\"url\":\"https:\\\/\\\/www.laguiadepamplona.com\\\/actualidad\\\/wp-content\\\/uploads\\\/2018\\\/11\\\/logo-laguiadepamplona18-web1.png\",\"contentUrl\":\"https:\\\/\\\/www.laguiadepamplona.com\\\/actualidad\\\/wp-content\\\/uploads\\\/2018\\\/11\\\/logo-laguiadepamplona18-web1.png\",\"width\":600,\"height\":196,\"caption\":\"La Gu\u00eda de Pamplona \\\/ Noticias\"},\"image\":{\"@id\":\"https:\\\/\\\/www.laguiadepamplona.com\\\/actualidad\\\/#\\\/schema\\\/logo\\\/image\\\/\"},\"sameAs\":[\"https:\\\/\\\/www.facebook.com\\\/laguiadepamplonacom-133175176762273\\\/?ref=hl\",\"https:\\\/\\\/x.com\\\/LaGuiadPamplona\",\"https:\\\/\\\/www.instagram.com\\\/la_guia_de_pamplona\\\/\",\"https:\\\/\\\/www.youtube.com\\\/user\\\/laguiadepamplona\"]},{\"@type\":\"Person\",\"@id\":\"https:\\\/\\\/www.laguiadepamplona.com\\\/actualidad\\\/#\\\/schema\\\/person\\\/efe887376f0213d4657c93adc50b1fdb\",\"name\":\"La Gu\u00eda de Pamplona\",\"image\":{\"@type\":\"ImageObject\",\"inLanguage\":\"es\",\"@id\":\"https:\\\/\\\/secure.gravatar.com\\\/avatar\\\/b6992f131dc8d30ab0dff15446e9d346d9dbd95992de0fef795073f5ea83a81c?s=96&d=mm&r=g\",\"url\":\"https:\\\/\\\/secure.gravatar.com\\\/avatar\\\/b6992f131dc8d30ab0dff15446e9d346d9dbd95992de0fef795073f5ea83a81c?s=96&d=mm&r=g\",\"contentUrl\":\"https:\\\/\\\/secure.gravatar.com\\\/avatar\\\/b6992f131dc8d30ab0dff15446e9d346d9dbd95992de0fef795073f5ea83a81c?s=96&d=mm&r=g\",\"caption\":\"La Gu\u00eda de Pamplona\"}}]}<\/script>\n<!-- \/ Yoast SEO plugin. -->","yoast_head_json":{"title":"El Ayuntamiento crea la Mesa de la Navidad como \u00f3rgano de participaci\u00f3n con la presencia de representantes municipales y de 24 asociaciones y entidades","description":"Este \u00f3rgano se constituir\u00e1 el pr\u00f3ximo mi\u00e9rcoles, d\u00eda 18, y se prev\u00e9 que se re\u00fana por primera vez en el mes de enero para realizar balance de la Navidad","robots":{"index":"index","follow":"follow","max-snippet":"max-snippet:-1","max-image-preview":"max-image-preview:large","max-video-preview":"max-video-preview:-1"},"canonical":"https:\/\/www.laguiadepamplona.com\/actualidad\/el-ayuntamiento-crea-la-mesa-de-la-navidad-como-organo-de-participacion-con-la-presencia-de-representantes-municipales-y-de-24-asociaciones-y-entidades\/","og_locale":"es_ES","og_type":"article","og_title":"El Ayuntamiento crea la Mesa de la Navidad como \u00f3rgano de participaci\u00f3n con la presencia de representantes municipales y de 24 asociaciones y entidades","og_description":"Este \u00f3rgano se constituir\u00e1 el pr\u00f3ximo mi\u00e9rcoles, d\u00eda 18, y se prev\u00e9 que se re\u00fana por primera vez en el mes de enero para realizar balance de la Navidad","og_url":"https:\/\/www.laguiadepamplona.com\/actualidad\/el-ayuntamiento-crea-la-mesa-de-la-navidad-como-organo-de-participacion-con-la-presencia-de-representantes-municipales-y-de-24-asociaciones-y-entidades\/","og_site_name":"La Gu\u00eda de Pamplona","article_publisher":"https:\/\/www.facebook.com\/laguiadepamplonacom-133175176762273\/?ref=hl","article_published_time":"2024-12-09T11:22:56+00:00","og_image":[{"width":1000,"height":750,"url":"https:\/\/www.laguiadepamplona.com\/actualidad\/wp-content\/uploads\/2024\/12\/navidad_plaza_castillo.webp","type":"image\/webp"}],"author":"La Gu\u00eda de Pamplona","twitter_card":"summary_large_image","twitter_creator":"@LaGuiadPamplona","twitter_site":"@LaGuiadPamplona","twitter_misc":{"Escrito por":"La Gu\u00eda de Pamplona","Tiempo de lectura":"4 minutos"},"schema":{"@context":"https:\/\/schema.org","@graph":[{"@type":"Article","@id":"https:\/\/www.laguiadepamplona.com\/actualidad\/el-ayuntamiento-crea-la-mesa-de-la-navidad-como-organo-de-participacion-con-la-presencia-de-representantes-municipales-y-de-24-asociaciones-y-entidades\/#article","isPartOf":{"@id":"https:\/\/www.laguiadepamplona.com\/actualidad\/el-ayuntamiento-crea-la-mesa-de-la-navidad-como-organo-de-participacion-con-la-presencia-de-representantes-municipales-y-de-24-asociaciones-y-entidades\/"},"author":{"name":"La Gu\u00eda de Pamplona","@id":"https:\/\/www.laguiadepamplona.com\/actualidad\/#\/schema\/person\/efe887376f0213d4657c93adc50b1fdb"},"headline":"El Ayuntamiento crea la Mesa de la Navidad como \u00f3rgano de participaci\u00f3n con la presencia de representantes municipales y de 24 asociaciones y entidades","datePublished":"2024-12-09T11:22:56+00:00","mainEntityOfPage":{"@id":"https:\/\/www.laguiadepamplona.com\/actualidad\/el-ayuntamiento-crea-la-mesa-de-la-navidad-como-organo-de-participacion-con-la-presencia-de-representantes-municipales-y-de-24-asociaciones-y-entidades\/"},"wordCount":805,"commentCount":0,"publisher":{"@id":"https:\/\/www.laguiadepamplona.com\/actualidad\/#organization"},"image":{"@id":"https:\/\/www.laguiadepamplona.com\/actualidad\/el-ayuntamiento-crea-la-mesa-de-la-navidad-como-organo-de-participacion-con-la-presencia-de-representantes-municipales-y-de-24-asociaciones-y-entidades\/#primaryimage"},"thumbnailUrl":"https:\/\/www.laguiadepamplona.com\/actualidad\/wp-content\/uploads\/2024\/12\/navidad_plaza_castillo.webp","articleSection":["Ayto Pamplona"],"inLanguage":"es","potentialAction":[{"@type":"CommentAction","name":"Comment","target":["https:\/\/www.laguiadepamplona.com\/actualidad\/el-ayuntamiento-crea-la-mesa-de-la-navidad-como-organo-de-participacion-con-la-presencia-de-representantes-municipales-y-de-24-asociaciones-y-entidades\/#respond"]}]},{"@type":"WebPage","@id":"https:\/\/www.laguiadepamplona.com\/actualidad\/el-ayuntamiento-crea-la-mesa-de-la-navidad-como-organo-de-participacion-con-la-presencia-de-representantes-municipales-y-de-24-asociaciones-y-entidades\/","url":"https:\/\/www.laguiadepamplona.com\/actualidad\/el-ayuntamiento-crea-la-mesa-de-la-navidad-como-organo-de-participacion-con-la-presencia-de-representantes-municipales-y-de-24-asociaciones-y-entidades\/","name":"El Ayuntamiento crea la Mesa de la Navidad como \u00f3rgano de participaci\u00f3n con la presencia de representantes municipales y de 24 asociaciones y entidades","isPartOf":{"@id":"https:\/\/www.laguiadepamplona.com\/actualidad\/#website"},"primaryImageOfPage":{"@id":"https:\/\/www.laguiadepamplona.com\/actualidad\/el-ayuntamiento-crea-la-mesa-de-la-navidad-como-organo-de-participacion-con-la-presencia-de-representantes-municipales-y-de-24-asociaciones-y-entidades\/#primaryimage"},"image":{"@id":"https:\/\/www.laguiadepamplona.com\/actualidad\/el-ayuntamiento-crea-la-mesa-de-la-navidad-como-organo-de-participacion-con-la-presencia-de-representantes-municipales-y-de-24-asociaciones-y-entidades\/#primaryimage"},"thumbnailUrl":"https:\/\/www.laguiadepamplona.com\/actualidad\/wp-content\/uploads\/2024\/12\/navidad_plaza_castillo.webp","datePublished":"2024-12-09T11:22:56+00:00","description":"Este \u00f3rgano se constituir\u00e1 el pr\u00f3ximo mi\u00e9rcoles, d\u00eda 18, y se prev\u00e9 que se re\u00fana por primera vez en el mes de enero para realizar balance de la Navidad","breadcrumb":{"@id":"https:\/\/www.laguiadepamplona.com\/actualidad\/el-ayuntamiento-crea-la-mesa-de-la-navidad-como-organo-de-participacion-con-la-presencia-de-representantes-municipales-y-de-24-asociaciones-y-entidades\/#breadcrumb"},"inLanguage":"es","potentialAction":[{"@type":"ReadAction","target":["https:\/\/www.laguiadepamplona.com\/actualidad\/el-ayuntamiento-crea-la-mesa-de-la-navidad-como-organo-de-participacion-con-la-presencia-de-representantes-municipales-y-de-24-asociaciones-y-entidades\/"]}]},{"@type":"ImageObject","inLanguage":"es","@id":"https:\/\/www.laguiadepamplona.com\/actualidad\/el-ayuntamiento-crea-la-mesa-de-la-navidad-como-organo-de-participacion-con-la-presencia-de-representantes-municipales-y-de-24-asociaciones-y-entidades\/#primaryimage","url":"https:\/\/www.laguiadepamplona.com\/actualidad\/wp-content\/uploads\/2024\/12\/navidad_plaza_castillo.webp","contentUrl":"https:\/\/www.laguiadepamplona.com\/actualidad\/wp-content\/uploads\/2024\/12\/navidad_plaza_castillo.webp","width":1000,"height":750,"caption":"navidad plaza castillo"},{"@type":"BreadcrumbList","@id":"https:\/\/www.laguiadepamplona.com\/actualidad\/el-ayuntamiento-crea-la-mesa-de-la-navidad-como-organo-de-participacion-con-la-presencia-de-representantes-municipales-y-de-24-asociaciones-y-entidades\/#breadcrumb","itemListElement":[{"@type":"ListItem","position":1,"name":"Portada","item":"https:\/\/www.laguiadepamplona.com\/actualidad\/"},{"@type":"ListItem","position":2,"name":"El Ayuntamiento crea la Mesa de la Navidad como \u00f3rgano de participaci\u00f3n con la presencia de representantes municipales y de 24 asociaciones y entidades"}]},{"@type":"WebSite","@id":"https:\/\/www.laguiadepamplona.com\/actualidad\/#website","url":"https:\/\/www.laguiadepamplona.com\/actualidad\/","name":"La gu\u00eda de Pamplona","description":"Noticias de Pamplona","publisher":{"@id":"https:\/\/www.laguiadepamplona.com\/actualidad\/#organization"},"potentialAction":[{"@type":"SearchAction","target":{"@type":"EntryPoint","urlTemplate":"https:\/\/www.laguiadepamplona.com\/actualidad\/?s={search_term_string}"},"query-input":{"@type":"PropertyValueSpecification","valueRequired":true,"valueName":"search_term_string"}}],"inLanguage":"es"},{"@type":"Organization","@id":"https:\/\/www.laguiadepamplona.com\/actualidad\/#organization","name":"La Gu\u00eda de Pamplona \/ Noticias","url":"https:\/\/www.laguiadepamplona.com\/actualidad\/","logo":{"@type":"ImageObject","inLanguage":"es","@id":"https:\/\/www.laguiadepamplona.com\/actualidad\/#\/schema\/logo\/image\/","url":"https:\/\/www.laguiadepamplona.com\/actualidad\/wp-content\/uploads\/2018\/11\/logo-laguiadepamplona18-web1.png","contentUrl":"https:\/\/www.laguiadepamplona.com\/actualidad\/wp-content\/uploads\/2018\/11\/logo-laguiadepamplona18-web1.png","width":600,"height":196,"caption":"La Gu\u00eda de Pamplona \/ Noticias"},"image":{"@id":"https:\/\/www.laguiadepamplona.com\/actualidad\/#\/schema\/logo\/image\/"},"sameAs":["https:\/\/www.facebook.com\/laguiadepamplonacom-133175176762273\/?ref=hl","https:\/\/x.com\/LaGuiadPamplona","https:\/\/www.instagram.com\/la_guia_de_pamplona\/","https:\/\/www.youtube.com\/user\/laguiadepamplona"]},{"@type":"Person","@id":"https:\/\/www.laguiadepamplona.com\/actualidad\/#\/schema\/person\/efe887376f0213d4657c93adc50b1fdb","name":"La Gu\u00eda de Pamplona","image":{"@type":"ImageObject","inLanguage":"es","@id":"https:\/\/secure.gravatar.com\/avatar\/b6992f131dc8d30ab0dff15446e9d346d9dbd95992de0fef795073f5ea83a81c?s=96&d=mm&r=g","url":"https:\/\/secure.gravatar.com\/avatar\/b6992f131dc8d30ab0dff15446e9d346d9dbd95992de0fef795073f5ea83a81c?s=96&d=mm&r=g","contentUrl":"https:\/\/secure.gravatar.com\/avatar\/b6992f131dc8d30ab0dff15446e9d346d9dbd95992de0fef795073f5ea83a81c?s=96&d=mm&r=g","caption":"La Gu\u00eda de Pamplona"}}]}},"post_mailing_queue_ids":[],"_links":{"self":[{"href":"https:\/\/www.laguiadepamplona.com\/actualidad\/wp-json\/wp\/v2\/posts\/51551","targetHints":{"allow":["GET"]}}],"collection":[{"href":"https:\/\/www.laguiadepamplona.com\/actualidad\/wp-json\/wp\/v2\/posts"}],"about":[{"href":"https:\/\/www.laguiadepamplona.com\/actualidad\/wp-json\/wp\/v2\/types\/post"}],"author":[{"embeddable":true,"href":"https:\/\/www.laguiadepamplona.com\/actualidad\/wp-json\/wp\/v2\/users\/1"}],"replies":[{"embeddable":true,"href":"https:\/\/www.laguiadepamplona.com\/actualidad\/wp-json\/wp\/v2\/comments?post=51551"}],"version-history":[{"count":1,"href":"https:\/\/www.laguiadepamplona.com\/actualidad\/wp-json\/wp\/v2\/posts\/51551\/revisions"}],"predecessor-version":[{"id":51553,"href":"https:\/\/www.laguiadepamplona.com\/actualidad\/wp-json\/wp\/v2\/posts\/51551\/revisions\/51553"}],"wp:featuredmedia":[{"embeddable":true,"href":"https:\/\/www.laguiadepamplona.com\/actualidad\/wp-json\/wp\/v2\/media\/51552"}],"wp:attachment":[{"href":"https:\/\/www.laguiadepamplona.com\/actualidad\/wp-json\/wp\/v2\/media?parent=51551"}],"wp:term":[{"taxonomy":"category","embeddable":true,"href":"https:\/\/www.laguiadepamplona.com\/actualidad\/wp-json\/wp\/v2\/categories?post=51551"},{"taxonomy":"post_tag","embeddable":true,"href":"https:\/\/www.laguiadepamplona.com\/actualidad\/wp-json\/wp\/v2\/tags?post=51551"}],"curies":[{"name":"wp","href":"https:\/\/api.w.org\/{rel}","templated":true}]}}