{"id":51545,"date":"2024-12-05T17:49:22","date_gmt":"2024-12-05T15:49:22","guid":{"rendered":"https:\/\/www.laguiadepamplona.com\/actualidad\/?p=51545"},"modified":"2024-12-05T17:49:22","modified_gmt":"2024-12-05T15:49:22","slug":"el-albergue-de-jesus-y-maria-se-habilitara-como-recurso-para-personas-sin-hogar-del-8-al-12-de-diciembre-debido-a-la-alerta-por-bajas-temperaturas-y-precipitaciones","status":"publish","type":"post","link":"https:\/\/www.laguiadepamplona.com\/actualidad\/el-albergue-de-jesus-y-maria-se-habilitara-como-recurso-para-personas-sin-hogar-del-8-al-12-de-diciembre-debido-a-la-alerta-por-bajas-temperaturas-y-precipitaciones\/","title":{"rendered":"El albergue de Jes\u00fas y Mar\u00eda se habilitar\u00e1 como recurso para personas sin hogar, del 8 al 12 de diciembre, debido a la alerta por bajas temperaturas y precipitaciones"},"content":{"rendered":"<h2>Se dispondr\u00e1 de 80 plazas, con horarios de apertura y cierre, que gestionar\u00e1 personal profesional y voluntario de Cruz Roja<\/h2>\n<p><!--more--><\/p>\n<p>El Ayuntamiento de Pamplona va a habilitar del 8 al 12 de diciembre una parte del albergue de Jes\u00fas y Mar\u00eda como recurso extraordinario para la atenci\u00f3n a personas sin hogar. La previsi\u00f3n de bajas temperaturas y precipitaciones para los pr\u00f3ximos d\u00edas ha activado la alerta de emergencia humanitaria que se recoge en el Protocolo de Actuaci\u00f3n para la Atenci\u00f3n a las Personas Sin Hogar durante la Ola de Fr\u00edo. De esta forma, se dispondr\u00e1 de 80 plazas m\u00e1s para la cobertura de las necesidades que puedan surgir.<\/p>\n<p>El Protocolo de Actuaci\u00f3n para la Atenci\u00f3n a las Personas Sin Hogar en Situaciones de Emergencia Humanitaria se activa con la previsi\u00f3n de bajas temperaturas, con m\u00ednimas por debajo de 1\u00ba y m\u00e1ximas por debajo de 5\u00ba; y con la previsi\u00f3n tanto de lluvias torrenciales para personas en zonas inundables como por fuertes nevadas. Ante las informaciones que prev\u00e9n un brusco descenso de las temperaturas en los pr\u00f3ximos d\u00edas y tambi\u00e9n precipitaciones, el Ayuntamiento de Pamplona ha activado la alerta de ayuda humanitaria de urgencia, principalmente para la atenci\u00f3n a las personas sin arraigo en la ciudad, es decir, para aquellas que no reciben una atenci\u00f3n integral dentro de los programas de sinhogarismo.<\/p>\n<p>Con este refuerzo en la atenci\u00f3n y con la habilitaci\u00f3n del albergue de Jes\u00fas y Mar\u00eda como recurso para personas sin hogar durante unos d\u00edas concretos, el Ayuntamiento de Pamplona a\u00f1ade una protecci\u00f3n especial para momentos de emergencia humanitaria derivados, principalmente, de las adversidades meteorol\u00f3gicas. El Ayuntamiento apuesta de esta manera por activar recursos extraordinarios cada vez que se den situaciones de emergencia como la de estos pr\u00f3ximos d\u00edas con el fr\u00edo y las precipitaciones previstas.<\/p>\n<p><strong>Acceso y horarios de apertura y cierre<\/strong><\/p>\n<p>El acceso al albergue de Jes\u00fas y Mar\u00eda podr\u00e1 realizarse de forma extraordinaria por baja temperatura a partir del 8 de diciembre a las 20 horas. El fin del dispositivo de emergencia se establece para el jueves 12 de diciembre a las 8.30 horas. El horario de atenci\u00f3n ser\u00e1 desde las 20 horas hasta las 8.30 del lunes y el resto de d\u00edas de 12 horas hasta las 8.30 horas.<\/p>\n<p>En el horario entre las 8.30 a las 12 horas, las personas acogidas deber\u00e1n salir del albergue para poder facilitar la limpieza de las dependencias. Desde el equipo de calle y desde la Polic\u00eda Municipal de Pamplona se apoyar\u00e1 al equipo de Cruz Roja, en el horario de 7.30 a 8.30 horas, para poder facilitar que se cumple con el requisito de esa salida de las personas alojadas.<\/p>\n<p>El acceso a este recurso podr\u00e1 realizarse durante las 24 horas del d\u00eda, siempre y cuando la persona sea derivada por alguno de los recursos del protocolo y haya plazas disponibles. Se facilitar\u00e1 un bocadillo y un botell\u00edn de agua a las personas alojadas que no cuenten con servicio de alimentaci\u00f3n, a trav\u00e9s de un servicio de catering. Tambi\u00e9n se facilitar\u00e1 desayuno a trav\u00e9s del personal profesional y voluntario de Cruz Roja.<\/p>\n<p><strong>Otros recursos municipales<\/strong><\/p>\n<p>Adem\u00e1s de estas 80 plazas del albergue Jes\u00fas y Mar\u00eda, a lo largo de la activaci\u00f3n de la emergencia humanitaria por razones de clima durante esta campa\u00f1a de fr\u00edo, se contar\u00e1 con el equipo de calle del Servicio Municipal de Atenci\u00f3n a Personas sin Hogar (as\u00ed como otros profesionales del mismo recurso) para realizar la comunicaci\u00f3n a las personas afectadas. Desde Polic\u00eda Municipal de Pamplona se podr\u00e1 colaborar tanto en la comunicaci\u00f3n como en el desplazamiento de las personas en situaci\u00f3n de calle hasta los recursos habilitados para cubrir pernoctaciones de manera extraordinaria.<\/p>\n<p>Asimismo, se comunicar\u00e1 la activaci\u00f3n del protocolo a DYA Navarra para que puedan usar los recursos que tengan activos en ese momento para atender a personas sin hogar en situaci\u00f3n de calle y puedan realizar la pertinente comunicaci\u00f3n, as\u00ed como desplazar a personas que lo puedan requerir. A lo largo de la activaci\u00f3n, se utilizar\u00e1 como primer recurso el albergue de personas sin hogar ubicado en Trinitarios y como otras medidas los vales para pensiones y hoteles, preferentemente para mujeres y personas vulnerables (familias con menores, enfermedades graves\u2026). Estos vales de pensi\u00f3n y hotel podr\u00e1n ser dispensados desde el albergue de Trinitarios o Polic\u00eda Municipal.<\/p>\n<p>Para facilitar la gesti\u00f3n y convivencia, las personas peregrinas que acudan al albergue de Jes\u00fas y Mar\u00eda ser\u00e1n derivadas al albergue situado en la calle del Carmen, tras un acuerdo con el \u00e1rea de Acci\u00f3n Social del Ayuntamiento de Pamplona. La habilitaci\u00f3n de este recurso extraordinario se ha podido llevar a cabo gracias a la colaboraci\u00f3n de Fundaci\u00f3n ASPACE Navarra para el Empleo, que gestiona el albergue de Jes\u00fas y Mar\u00eda, y de Cruz Roja Navarra, que aporta el voluntariado y la coordinaci\u00f3n para que el albergue pueda funcionar esos cuatro d\u00edas como centro de acogida y atenci\u00f3n a personas sin hogar.<\/p>\n","protected":false},"excerpt":{"rendered":"<p>Se dispondr\u00e1 de 80 plazas, con horarios de apertura y cierre, que gestionar\u00e1 personal profesional y voluntario de Cruz Roja<\/p>\n","protected":false},"author":1,"featured_media":51546,"comment_status":"open","ping_status":"closed","sticky":false,"template":"","format":"standard","meta":{"footnotes":""},"categories":[2],"tags":[],"class_list":["post-51545","post","type-post","status-publish","format-standard","has-post-thumbnail","hentry","category-ayuntamiento-pamplona"],"yoast_head":"<!-- This site is optimized with the Yoast SEO plugin v27.5 - https:\/\/yoast.com\/product\/yoast-seo-wordpress\/ -->\n<title>El albergue de Jes\u00fas y Mar\u00eda se habilitar\u00e1 como recurso para personas sin hogar, del 8 al 12 de diciembre, debido a la alerta por bajas temperaturas y precipitaciones<\/title>\n<meta name=\"description\" content=\"Se dispondr\u00e1 de 80 plazas, con horarios de apertura y cierre, que gestionar\u00e1 personal profesional y voluntario de Cruz Roja\" \/>\n<meta name=\"robots\" content=\"index, follow, max-snippet:-1, max-image-preview:large, max-video-preview:-1\" \/>\n<link rel=\"canonical\" href=\"https:\/\/www.laguiadepamplona.com\/actualidad\/el-albergue-de-jesus-y-maria-se-habilitara-como-recurso-para-personas-sin-hogar-del-8-al-12-de-diciembre-debido-a-la-alerta-por-bajas-temperaturas-y-precipitaciones\/\" \/>\n<meta property=\"og:locale\" content=\"es_ES\" \/>\n<meta property=\"og:type\" content=\"article\" \/>\n<meta property=\"og:title\" content=\"El albergue de Jes\u00fas y Mar\u00eda se habilitar\u00e1 como recurso para personas sin hogar, del 8 al 12 de diciembre, debido a la alerta por bajas temperaturas y precipitaciones\" \/>\n<meta property=\"og:description\" content=\"Se dispondr\u00e1 de 80 plazas, con horarios de apertura y cierre, que gestionar\u00e1 personal profesional y voluntario de Cruz Roja\" \/>\n<meta property=\"og:url\" content=\"https:\/\/www.laguiadepamplona.com\/actualidad\/el-albergue-de-jesus-y-maria-se-habilitara-como-recurso-para-personas-sin-hogar-del-8-al-12-de-diciembre-debido-a-la-alerta-por-bajas-temperaturas-y-precipitaciones\/\" \/>\n<meta property=\"og:site_name\" content=\"La Gu\u00eda de Pamplona\" \/>\n<meta property=\"article:publisher\" content=\"https:\/\/www.facebook.com\/laguiadepamplonacom-133175176762273\/?ref=hl\" \/>\n<meta property=\"article:published_time\" content=\"2024-12-05T15:49:22+00:00\" \/>\n<meta property=\"og:image\" content=\"https:\/\/www.laguiadepamplona.com\/actualidad\/wp-content\/uploads\/2024\/12\/COMISION-DE-PRESIDENCIA-ALBERGUE-DE-JESUS-Y-MARIA5D4_6.webp\" \/>\n\t<meta property=\"og:image:width\" content=\"1000\" \/>\n\t<meta property=\"og:image:height\" content=\"667\" \/>\n\t<meta property=\"og:image:type\" content=\"image\/webp\" \/>\n<meta name=\"author\" content=\"La Gu\u00eda de Pamplona\" \/>\n<meta name=\"twitter:card\" content=\"summary_large_image\" \/>\n<meta name=\"twitter:creator\" content=\"@LaGuiadPamplona\" \/>\n<meta name=\"twitter:site\" content=\"@LaGuiadPamplona\" \/>\n<meta name=\"twitter:label1\" content=\"Escrito por\" \/>\n\t<meta name=\"twitter:data1\" content=\"La Gu\u00eda de Pamplona\" \/>\n\t<meta name=\"twitter:label2\" content=\"Tiempo de lectura\" \/>\n\t<meta name=\"twitter:data2\" content=\"4 minutos\" \/>\n<script type=\"application\/ld+json\" class=\"yoast-schema-graph\">{\"@context\":\"https:\\\/\\\/schema.org\",\"@graph\":[{\"@type\":\"Article\",\"@id\":\"https:\\\/\\\/www.laguiadepamplona.com\\\/actualidad\\\/el-albergue-de-jesus-y-maria-se-habilitara-como-recurso-para-personas-sin-hogar-del-8-al-12-de-diciembre-debido-a-la-alerta-por-bajas-temperaturas-y-precipitaciones\\\/#article\",\"isPartOf\":{\"@id\":\"https:\\\/\\\/www.laguiadepamplona.com\\\/actualidad\\\/el-albergue-de-jesus-y-maria-se-habilitara-como-recurso-para-personas-sin-hogar-del-8-al-12-de-diciembre-debido-a-la-alerta-por-bajas-temperaturas-y-precipitaciones\\\/\"},\"author\":{\"name\":\"La Gu\u00eda de Pamplona\",\"@id\":\"https:\\\/\\\/www.laguiadepamplona.com\\\/actualidad\\\/#\\\/schema\\\/person\\\/efe887376f0213d4657c93adc50b1fdb\"},\"headline\":\"El albergue de Jes\u00fas y Mar\u00eda se habilitar\u00e1 como recurso para personas sin hogar, del 8 al 12 de diciembre, debido a la alerta por bajas temperaturas y precipitaciones\",\"datePublished\":\"2024-12-05T15:49:22+00:00\",\"mainEntityOfPage\":{\"@id\":\"https:\\\/\\\/www.laguiadepamplona.com\\\/actualidad\\\/el-albergue-de-jesus-y-maria-se-habilitara-como-recurso-para-personas-sin-hogar-del-8-al-12-de-diciembre-debido-a-la-alerta-por-bajas-temperaturas-y-precipitaciones\\\/\"},\"wordCount\":902,\"commentCount\":0,\"publisher\":{\"@id\":\"https:\\\/\\\/www.laguiadepamplona.com\\\/actualidad\\\/#organization\"},\"image\":{\"@id\":\"https:\\\/\\\/www.laguiadepamplona.com\\\/actualidad\\\/el-albergue-de-jesus-y-maria-se-habilitara-como-recurso-para-personas-sin-hogar-del-8-al-12-de-diciembre-debido-a-la-alerta-por-bajas-temperaturas-y-precipitaciones\\\/#primaryimage\"},\"thumbnailUrl\":\"https:\\\/\\\/www.laguiadepamplona.com\\\/actualidad\\\/wp-content\\\/uploads\\\/2024\\\/12\\\/COMISION-DE-PRESIDENCIA-ALBERGUE-DE-JESUS-Y-MARIA5D4_6.webp\",\"articleSection\":[\"Ayto Pamplona\"],\"inLanguage\":\"es\",\"potentialAction\":[{\"@type\":\"CommentAction\",\"name\":\"Comment\",\"target\":[\"https:\\\/\\\/www.laguiadepamplona.com\\\/actualidad\\\/el-albergue-de-jesus-y-maria-se-habilitara-como-recurso-para-personas-sin-hogar-del-8-al-12-de-diciembre-debido-a-la-alerta-por-bajas-temperaturas-y-precipitaciones\\\/#respond\"]}]},{\"@type\":\"WebPage\",\"@id\":\"https:\\\/\\\/www.laguiadepamplona.com\\\/actualidad\\\/el-albergue-de-jesus-y-maria-se-habilitara-como-recurso-para-personas-sin-hogar-del-8-al-12-de-diciembre-debido-a-la-alerta-por-bajas-temperaturas-y-precipitaciones\\\/\",\"url\":\"https:\\\/\\\/www.laguiadepamplona.com\\\/actualidad\\\/el-albergue-de-jesus-y-maria-se-habilitara-como-recurso-para-personas-sin-hogar-del-8-al-12-de-diciembre-debido-a-la-alerta-por-bajas-temperaturas-y-precipitaciones\\\/\",\"name\":\"El albergue de Jes\u00fas y Mar\u00eda se habilitar\u00e1 como recurso para personas sin hogar, del 8 al 12 de diciembre, debido a la alerta por bajas temperaturas y precipitaciones\",\"isPartOf\":{\"@id\":\"https:\\\/\\\/www.laguiadepamplona.com\\\/actualidad\\\/#website\"},\"primaryImageOfPage\":{\"@id\":\"https:\\\/\\\/www.laguiadepamplona.com\\\/actualidad\\\/el-albergue-de-jesus-y-maria-se-habilitara-como-recurso-para-personas-sin-hogar-del-8-al-12-de-diciembre-debido-a-la-alerta-por-bajas-temperaturas-y-precipitaciones\\\/#primaryimage\"},\"image\":{\"@id\":\"https:\\\/\\\/www.laguiadepamplona.com\\\/actualidad\\\/el-albergue-de-jesus-y-maria-se-habilitara-como-recurso-para-personas-sin-hogar-del-8-al-12-de-diciembre-debido-a-la-alerta-por-bajas-temperaturas-y-precipitaciones\\\/#primaryimage\"},\"thumbnailUrl\":\"https:\\\/\\\/www.laguiadepamplona.com\\\/actualidad\\\/wp-content\\\/uploads\\\/2024\\\/12\\\/COMISION-DE-PRESIDENCIA-ALBERGUE-DE-JESUS-Y-MARIA5D4_6.webp\",\"datePublished\":\"2024-12-05T15:49:22+00:00\",\"description\":\"Se dispondr\u00e1 de 80 plazas, con horarios de apertura y cierre, que gestionar\u00e1 personal profesional y voluntario de Cruz Roja\",\"breadcrumb\":{\"@id\":\"https:\\\/\\\/www.laguiadepamplona.com\\\/actualidad\\\/el-albergue-de-jesus-y-maria-se-habilitara-como-recurso-para-personas-sin-hogar-del-8-al-12-de-diciembre-debido-a-la-alerta-por-bajas-temperaturas-y-precipitaciones\\\/#breadcrumb\"},\"inLanguage\":\"es\",\"potentialAction\":[{\"@type\":\"ReadAction\",\"target\":[\"https:\\\/\\\/www.laguiadepamplona.com\\\/actualidad\\\/el-albergue-de-jesus-y-maria-se-habilitara-como-recurso-para-personas-sin-hogar-del-8-al-12-de-diciembre-debido-a-la-alerta-por-bajas-temperaturas-y-precipitaciones\\\/\"]}]},{\"@type\":\"ImageObject\",\"inLanguage\":\"es\",\"@id\":\"https:\\\/\\\/www.laguiadepamplona.com\\\/actualidad\\\/el-albergue-de-jesus-y-maria-se-habilitara-como-recurso-para-personas-sin-hogar-del-8-al-12-de-diciembre-debido-a-la-alerta-por-bajas-temperaturas-y-precipitaciones\\\/#primaryimage\",\"url\":\"https:\\\/\\\/www.laguiadepamplona.com\\\/actualidad\\\/wp-content\\\/uploads\\\/2024\\\/12\\\/COMISION-DE-PRESIDENCIA-ALBERGUE-DE-JESUS-Y-MARIA5D4_6.webp\",\"contentUrl\":\"https:\\\/\\\/www.laguiadepamplona.com\\\/actualidad\\\/wp-content\\\/uploads\\\/2024\\\/12\\\/COMISION-DE-PRESIDENCIA-ALBERGUE-DE-JESUS-Y-MARIA5D4_6.webp\",\"width\":1000,\"height\":667,\"caption\":\"albergue Jes\u00fas y Mar\u00eda\"},{\"@type\":\"BreadcrumbList\",\"@id\":\"https:\\\/\\\/www.laguiadepamplona.com\\\/actualidad\\\/el-albergue-de-jesus-y-maria-se-habilitara-como-recurso-para-personas-sin-hogar-del-8-al-12-de-diciembre-debido-a-la-alerta-por-bajas-temperaturas-y-precipitaciones\\\/#breadcrumb\",\"itemListElement\":[{\"@type\":\"ListItem\",\"position\":1,\"name\":\"Portada\",\"item\":\"https:\\\/\\\/www.laguiadepamplona.com\\\/actualidad\\\/\"},{\"@type\":\"ListItem\",\"position\":2,\"name\":\"El albergue de Jes\u00fas y Mar\u00eda se habilitar\u00e1 como recurso para personas sin hogar, del 8 al 12 de diciembre, debido a la alerta por bajas temperaturas y precipitaciones\"}]},{\"@type\":\"WebSite\",\"@id\":\"https:\\\/\\\/www.laguiadepamplona.com\\\/actualidad\\\/#website\",\"url\":\"https:\\\/\\\/www.laguiadepamplona.com\\\/actualidad\\\/\",\"name\":\"La gu\u00eda de Pamplona\",\"description\":\"Noticias de Pamplona\",\"publisher\":{\"@id\":\"https:\\\/\\\/www.laguiadepamplona.com\\\/actualidad\\\/#organization\"},\"potentialAction\":[{\"@type\":\"SearchAction\",\"target\":{\"@type\":\"EntryPoint\",\"urlTemplate\":\"https:\\\/\\\/www.laguiadepamplona.com\\\/actualidad\\\/?s={search_term_string}\"},\"query-input\":{\"@type\":\"PropertyValueSpecification\",\"valueRequired\":true,\"valueName\":\"search_term_string\"}}],\"inLanguage\":\"es\"},{\"@type\":\"Organization\",\"@id\":\"https:\\\/\\\/www.laguiadepamplona.com\\\/actualidad\\\/#organization\",\"name\":\"La Gu\u00eda de Pamplona \\\/ Noticias\",\"url\":\"https:\\\/\\\/www.laguiadepamplona.com\\\/actualidad\\\/\",\"logo\":{\"@type\":\"ImageObject\",\"inLanguage\":\"es\",\"@id\":\"https:\\\/\\\/www.laguiadepamplona.com\\\/actualidad\\\/#\\\/schema\\\/logo\\\/image\\\/\",\"url\":\"https:\\\/\\\/www.laguiadepamplona.com\\\/actualidad\\\/wp-content\\\/uploads\\\/2018\\\/11\\\/logo-laguiadepamplona18-web1.png\",\"contentUrl\":\"https:\\\/\\\/www.laguiadepamplona.com\\\/actualidad\\\/wp-content\\\/uploads\\\/2018\\\/11\\\/logo-laguiadepamplona18-web1.png\",\"width\":600,\"height\":196,\"caption\":\"La Gu\u00eda de Pamplona \\\/ Noticias\"},\"image\":{\"@id\":\"https:\\\/\\\/www.laguiadepamplona.com\\\/actualidad\\\/#\\\/schema\\\/logo\\\/image\\\/\"},\"sameAs\":[\"https:\\\/\\\/www.facebook.com\\\/laguiadepamplonacom-133175176762273\\\/?ref=hl\",\"https:\\\/\\\/x.com\\\/LaGuiadPamplona\",\"https:\\\/\\\/www.instagram.com\\\/la_guia_de_pamplona\\\/\",\"https:\\\/\\\/www.youtube.com\\\/user\\\/laguiadepamplona\"]},{\"@type\":\"Person\",\"@id\":\"https:\\\/\\\/www.laguiadepamplona.com\\\/actualidad\\\/#\\\/schema\\\/person\\\/efe887376f0213d4657c93adc50b1fdb\",\"name\":\"La Gu\u00eda de Pamplona\",\"image\":{\"@type\":\"ImageObject\",\"inLanguage\":\"es\",\"@id\":\"https:\\\/\\\/secure.gravatar.com\\\/avatar\\\/b6992f131dc8d30ab0dff15446e9d346d9dbd95992de0fef795073f5ea83a81c?s=96&d=mm&r=g\",\"url\":\"https:\\\/\\\/secure.gravatar.com\\\/avatar\\\/b6992f131dc8d30ab0dff15446e9d346d9dbd95992de0fef795073f5ea83a81c?s=96&d=mm&r=g\",\"contentUrl\":\"https:\\\/\\\/secure.gravatar.com\\\/avatar\\\/b6992f131dc8d30ab0dff15446e9d346d9dbd95992de0fef795073f5ea83a81c?s=96&d=mm&r=g\",\"caption\":\"La Gu\u00eda de Pamplona\"}}]}<\/script>\n<!-- \/ Yoast SEO plugin. -->","yoast_head_json":{"title":"El albergue de Jes\u00fas y Mar\u00eda se habilitar\u00e1 como recurso para personas sin hogar, del 8 al 12 de diciembre, debido a la alerta por bajas temperaturas y precipitaciones","description":"Se dispondr\u00e1 de 80 plazas, con horarios de apertura y cierre, que gestionar\u00e1 personal profesional y voluntario de Cruz Roja","robots":{"index":"index","follow":"follow","max-snippet":"max-snippet:-1","max-image-preview":"max-image-preview:large","max-video-preview":"max-video-preview:-1"},"canonical":"https:\/\/www.laguiadepamplona.com\/actualidad\/el-albergue-de-jesus-y-maria-se-habilitara-como-recurso-para-personas-sin-hogar-del-8-al-12-de-diciembre-debido-a-la-alerta-por-bajas-temperaturas-y-precipitaciones\/","og_locale":"es_ES","og_type":"article","og_title":"El albergue de Jes\u00fas y Mar\u00eda se habilitar\u00e1 como recurso para personas sin hogar, del 8 al 12 de diciembre, debido a la alerta por bajas temperaturas y precipitaciones","og_description":"Se dispondr\u00e1 de 80 plazas, con horarios de apertura y cierre, que gestionar\u00e1 personal profesional y voluntario de Cruz Roja","og_url":"https:\/\/www.laguiadepamplona.com\/actualidad\/el-albergue-de-jesus-y-maria-se-habilitara-como-recurso-para-personas-sin-hogar-del-8-al-12-de-diciembre-debido-a-la-alerta-por-bajas-temperaturas-y-precipitaciones\/","og_site_name":"La Gu\u00eda de Pamplona","article_publisher":"https:\/\/www.facebook.com\/laguiadepamplonacom-133175176762273\/?ref=hl","article_published_time":"2024-12-05T15:49:22+00:00","og_image":[{"width":1000,"height":667,"url":"https:\/\/www.laguiadepamplona.com\/actualidad\/wp-content\/uploads\/2024\/12\/COMISION-DE-PRESIDENCIA-ALBERGUE-DE-JESUS-Y-MARIA5D4_6.webp","type":"image\/webp"}],"author":"La Gu\u00eda de Pamplona","twitter_card":"summary_large_image","twitter_creator":"@LaGuiadPamplona","twitter_site":"@LaGuiadPamplona","twitter_misc":{"Escrito por":"La Gu\u00eda de Pamplona","Tiempo de lectura":"4 minutos"},"schema":{"@context":"https:\/\/schema.org","@graph":[{"@type":"Article","@id":"https:\/\/www.laguiadepamplona.com\/actualidad\/el-albergue-de-jesus-y-maria-se-habilitara-como-recurso-para-personas-sin-hogar-del-8-al-12-de-diciembre-debido-a-la-alerta-por-bajas-temperaturas-y-precipitaciones\/#article","isPartOf":{"@id":"https:\/\/www.laguiadepamplona.com\/actualidad\/el-albergue-de-jesus-y-maria-se-habilitara-como-recurso-para-personas-sin-hogar-del-8-al-12-de-diciembre-debido-a-la-alerta-por-bajas-temperaturas-y-precipitaciones\/"},"author":{"name":"La Gu\u00eda de Pamplona","@id":"https:\/\/www.laguiadepamplona.com\/actualidad\/#\/schema\/person\/efe887376f0213d4657c93adc50b1fdb"},"headline":"El albergue de Jes\u00fas y Mar\u00eda se habilitar\u00e1 como recurso para personas sin hogar, del 8 al 12 de diciembre, debido a la alerta por bajas temperaturas y precipitaciones","datePublished":"2024-12-05T15:49:22+00:00","mainEntityOfPage":{"@id":"https:\/\/www.laguiadepamplona.com\/actualidad\/el-albergue-de-jesus-y-maria-se-habilitara-como-recurso-para-personas-sin-hogar-del-8-al-12-de-diciembre-debido-a-la-alerta-por-bajas-temperaturas-y-precipitaciones\/"},"wordCount":902,"commentCount":0,"publisher":{"@id":"https:\/\/www.laguiadepamplona.com\/actualidad\/#organization"},"image":{"@id":"https:\/\/www.laguiadepamplona.com\/actualidad\/el-albergue-de-jesus-y-maria-se-habilitara-como-recurso-para-personas-sin-hogar-del-8-al-12-de-diciembre-debido-a-la-alerta-por-bajas-temperaturas-y-precipitaciones\/#primaryimage"},"thumbnailUrl":"https:\/\/www.laguiadepamplona.com\/actualidad\/wp-content\/uploads\/2024\/12\/COMISION-DE-PRESIDENCIA-ALBERGUE-DE-JESUS-Y-MARIA5D4_6.webp","articleSection":["Ayto Pamplona"],"inLanguage":"es","potentialAction":[{"@type":"CommentAction","name":"Comment","target":["https:\/\/www.laguiadepamplona.com\/actualidad\/el-albergue-de-jesus-y-maria-se-habilitara-como-recurso-para-personas-sin-hogar-del-8-al-12-de-diciembre-debido-a-la-alerta-por-bajas-temperaturas-y-precipitaciones\/#respond"]}]},{"@type":"WebPage","@id":"https:\/\/www.laguiadepamplona.com\/actualidad\/el-albergue-de-jesus-y-maria-se-habilitara-como-recurso-para-personas-sin-hogar-del-8-al-12-de-diciembre-debido-a-la-alerta-por-bajas-temperaturas-y-precipitaciones\/","url":"https:\/\/www.laguiadepamplona.com\/actualidad\/el-albergue-de-jesus-y-maria-se-habilitara-como-recurso-para-personas-sin-hogar-del-8-al-12-de-diciembre-debido-a-la-alerta-por-bajas-temperaturas-y-precipitaciones\/","name":"El albergue de Jes\u00fas y Mar\u00eda se habilitar\u00e1 como recurso para personas sin hogar, del 8 al 12 de diciembre, debido a la alerta por bajas temperaturas y precipitaciones","isPartOf":{"@id":"https:\/\/www.laguiadepamplona.com\/actualidad\/#website"},"primaryImageOfPage":{"@id":"https:\/\/www.laguiadepamplona.com\/actualidad\/el-albergue-de-jesus-y-maria-se-habilitara-como-recurso-para-personas-sin-hogar-del-8-al-12-de-diciembre-debido-a-la-alerta-por-bajas-temperaturas-y-precipitaciones\/#primaryimage"},"image":{"@id":"https:\/\/www.laguiadepamplona.com\/actualidad\/el-albergue-de-jesus-y-maria-se-habilitara-como-recurso-para-personas-sin-hogar-del-8-al-12-de-diciembre-debido-a-la-alerta-por-bajas-temperaturas-y-precipitaciones\/#primaryimage"},"thumbnailUrl":"https:\/\/www.laguiadepamplona.com\/actualidad\/wp-content\/uploads\/2024\/12\/COMISION-DE-PRESIDENCIA-ALBERGUE-DE-JESUS-Y-MARIA5D4_6.webp","datePublished":"2024-12-05T15:49:22+00:00","description":"Se dispondr\u00e1 de 80 plazas, con horarios de apertura y cierre, que gestionar\u00e1 personal profesional y voluntario de Cruz Roja","breadcrumb":{"@id":"https:\/\/www.laguiadepamplona.com\/actualidad\/el-albergue-de-jesus-y-maria-se-habilitara-como-recurso-para-personas-sin-hogar-del-8-al-12-de-diciembre-debido-a-la-alerta-por-bajas-temperaturas-y-precipitaciones\/#breadcrumb"},"inLanguage":"es","potentialAction":[{"@type":"ReadAction","target":["https:\/\/www.laguiadepamplona.com\/actualidad\/el-albergue-de-jesus-y-maria-se-habilitara-como-recurso-para-personas-sin-hogar-del-8-al-12-de-diciembre-debido-a-la-alerta-por-bajas-temperaturas-y-precipitaciones\/"]}]},{"@type":"ImageObject","inLanguage":"es","@id":"https:\/\/www.laguiadepamplona.com\/actualidad\/el-albergue-de-jesus-y-maria-se-habilitara-como-recurso-para-personas-sin-hogar-del-8-al-12-de-diciembre-debido-a-la-alerta-por-bajas-temperaturas-y-precipitaciones\/#primaryimage","url":"https:\/\/www.laguiadepamplona.com\/actualidad\/wp-content\/uploads\/2024\/12\/COMISION-DE-PRESIDENCIA-ALBERGUE-DE-JESUS-Y-MARIA5D4_6.webp","contentUrl":"https:\/\/www.laguiadepamplona.com\/actualidad\/wp-content\/uploads\/2024\/12\/COMISION-DE-PRESIDENCIA-ALBERGUE-DE-JESUS-Y-MARIA5D4_6.webp","width":1000,"height":667,"caption":"albergue Jes\u00fas y Mar\u00eda"},{"@type":"BreadcrumbList","@id":"https:\/\/www.laguiadepamplona.com\/actualidad\/el-albergue-de-jesus-y-maria-se-habilitara-como-recurso-para-personas-sin-hogar-del-8-al-12-de-diciembre-debido-a-la-alerta-por-bajas-temperaturas-y-precipitaciones\/#breadcrumb","itemListElement":[{"@type":"ListItem","position":1,"name":"Portada","item":"https:\/\/www.laguiadepamplona.com\/actualidad\/"},{"@type":"ListItem","position":2,"name":"El albergue de Jes\u00fas y Mar\u00eda se habilitar\u00e1 como recurso para personas sin hogar, del 8 al 12 de diciembre, debido a la alerta por bajas temperaturas y precipitaciones"}]},{"@type":"WebSite","@id":"https:\/\/www.laguiadepamplona.com\/actualidad\/#website","url":"https:\/\/www.laguiadepamplona.com\/actualidad\/","name":"La gu\u00eda de Pamplona","description":"Noticias de Pamplona","publisher":{"@id":"https:\/\/www.laguiadepamplona.com\/actualidad\/#organization"},"potentialAction":[{"@type":"SearchAction","target":{"@type":"EntryPoint","urlTemplate":"https:\/\/www.laguiadepamplona.com\/actualidad\/?s={search_term_string}"},"query-input":{"@type":"PropertyValueSpecification","valueRequired":true,"valueName":"search_term_string"}}],"inLanguage":"es"},{"@type":"Organization","@id":"https:\/\/www.laguiadepamplona.com\/actualidad\/#organization","name":"La Gu\u00eda de Pamplona \/ Noticias","url":"https:\/\/www.laguiadepamplona.com\/actualidad\/","logo":{"@type":"ImageObject","inLanguage":"es","@id":"https:\/\/www.laguiadepamplona.com\/actualidad\/#\/schema\/logo\/image\/","url":"https:\/\/www.laguiadepamplona.com\/actualidad\/wp-content\/uploads\/2018\/11\/logo-laguiadepamplona18-web1.png","contentUrl":"https:\/\/www.laguiadepamplona.com\/actualidad\/wp-content\/uploads\/2018\/11\/logo-laguiadepamplona18-web1.png","width":600,"height":196,"caption":"La Gu\u00eda de Pamplona \/ Noticias"},"image":{"@id":"https:\/\/www.laguiadepamplona.com\/actualidad\/#\/schema\/logo\/image\/"},"sameAs":["https:\/\/www.facebook.com\/laguiadepamplonacom-133175176762273\/?ref=hl","https:\/\/x.com\/LaGuiadPamplona","https:\/\/www.instagram.com\/la_guia_de_pamplona\/","https:\/\/www.youtube.com\/user\/laguiadepamplona"]},{"@type":"Person","@id":"https:\/\/www.laguiadepamplona.com\/actualidad\/#\/schema\/person\/efe887376f0213d4657c93adc50b1fdb","name":"La Gu\u00eda de Pamplona","image":{"@type":"ImageObject","inLanguage":"es","@id":"https:\/\/secure.gravatar.com\/avatar\/b6992f131dc8d30ab0dff15446e9d346d9dbd95992de0fef795073f5ea83a81c?s=96&d=mm&r=g","url":"https:\/\/secure.gravatar.com\/avatar\/b6992f131dc8d30ab0dff15446e9d346d9dbd95992de0fef795073f5ea83a81c?s=96&d=mm&r=g","contentUrl":"https:\/\/secure.gravatar.com\/avatar\/b6992f131dc8d30ab0dff15446e9d346d9dbd95992de0fef795073f5ea83a81c?s=96&d=mm&r=g","caption":"La Gu\u00eda de Pamplona"}}]}},"post_mailing_queue_ids":[],"_links":{"self":[{"href":"https:\/\/www.laguiadepamplona.com\/actualidad\/wp-json\/wp\/v2\/posts\/51545","targetHints":{"allow":["GET"]}}],"collection":[{"href":"https:\/\/www.laguiadepamplona.com\/actualidad\/wp-json\/wp\/v2\/posts"}],"about":[{"href":"https:\/\/www.laguiadepamplona.com\/actualidad\/wp-json\/wp\/v2\/types\/post"}],"author":[{"embeddable":true,"href":"https:\/\/www.laguiadepamplona.com\/actualidad\/wp-json\/wp\/v2\/users\/1"}],"replies":[{"embeddable":true,"href":"https:\/\/www.laguiadepamplona.com\/actualidad\/wp-json\/wp\/v2\/comments?post=51545"}],"version-history":[{"count":1,"href":"https:\/\/www.laguiadepamplona.com\/actualidad\/wp-json\/wp\/v2\/posts\/51545\/revisions"}],"predecessor-version":[{"id":51547,"href":"https:\/\/www.laguiadepamplona.com\/actualidad\/wp-json\/wp\/v2\/posts\/51545\/revisions\/51547"}],"wp:featuredmedia":[{"embeddable":true,"href":"https:\/\/www.laguiadepamplona.com\/actualidad\/wp-json\/wp\/v2\/media\/51546"}],"wp:attachment":[{"href":"https:\/\/www.laguiadepamplona.com\/actualidad\/wp-json\/wp\/v2\/media?parent=51545"}],"wp:term":[{"taxonomy":"category","embeddable":true,"href":"https:\/\/www.laguiadepamplona.com\/actualidad\/wp-json\/wp\/v2\/categories?post=51545"},{"taxonomy":"post_tag","embeddable":true,"href":"https:\/\/www.laguiadepamplona.com\/actualidad\/wp-json\/wp\/v2\/tags?post=51545"}],"curies":[{"name":"wp","href":"https:\/\/api.w.org\/{rel}","templated":true}]}}