{"id":51536,"date":"2024-12-05T17:40:27","date_gmt":"2024-12-05T15:40:27","guid":{"rendered":"https:\/\/www.laguiadepamplona.com\/actualidad\/?p=51536"},"modified":"2024-12-05T17:40:27","modified_gmt":"2024-12-05T15:40:27","slug":"pamplona-se-dota-por-primera-vez-de-un-plan-especial-de-actuacion-municipal-ante-emergencias-por-incendios-forestales-pamif","status":"publish","type":"post","link":"https:\/\/www.laguiadepamplona.com\/actualidad\/pamplona-se-dota-por-primera-vez-de-un-plan-especial-de-actuacion-municipal-ante-emergencias-por-incendios-forestales-pamif\/","title":{"rendered":"Pamplona se dota por primera vez de un Plan Especial de Actuaci\u00f3n Municipal ante Emergencias por Incendios Forestales (PAMIF)"},"content":{"rendered":"<h2>Tras su aprobaci\u00f3n en Junta de Gobierno Local, se remitir\u00e1 al Gobierno de Navarra para su validaci\u00f3n definitiva<\/h2>\n<p><!--more--><\/p>\n<p>El Ayuntamiento de Pamplona contar\u00e1 por primera vez en su historia con un Plan Especial de Actuaci\u00f3n Municipal ante Emergencias por Incendios Forestales (PAMIF). Su objetivo es establecer la organizaci\u00f3n y los procedimientos de actuaci\u00f3n de los recursos y servicios p\u00fablicos o privados para asegurar una coherencia operativa de los mismos que garantice una actuaci\u00f3n r\u00e1pida, coordinada y eficaz. La Junta de Gobierno Local del Ayuntamiento de Pamplona ya le ha dado el visto bueno.<\/p>\n<p>Pamplona se identifica como Zona de Alto Riesgo (ZAR) de incendios, principalmente en verano e invierno. El Plan Especial de Protecci\u00f3n Civil de Emergencias por Incendios Forestales de la Comunidad Foral de Navarra (INFONA) establece la obligaci\u00f3n de que las localidades incluidas en zona ZAR y aquellas incluidas tambi\u00e9n en zonas de alta vulnerabilidad cuenten con un Plan Especial de Actuaci\u00f3n Municipal ante Emergencias por Incendios Forestales (PAMIF). Antes de su aprobaci\u00f3n en Junta de Gobierno, el plan se remiti\u00f3 al Gobierno de Navarra, que dio su visto bueno. Tras la aprobaci\u00f3n, de nuevo, el plan vuelve al Gobierno de Navarra para su validaci\u00f3n definitiva.<\/p>\n<p><strong>An\u00e1lisis de riesgo para tres zonas de exposici\u00f3n<\/strong><\/p>\n<p>El PAMIF se articula en ocho ep\u00edgrafes, con diez anexos de planos, fichas de emergencia, planes de mantenimiento y autoprotecci\u00f3n, autoevaluaci\u00f3n y recomendaciones. Analiza los principales componentes del peligro y la vulnerabilidad del municipio, incorpora una evaluaci\u00f3n de la vulnerabilidad de las masas forestales existentes frente al cambio clim\u00e1tico e identifica los modelos de combustible presentes en Pamplona, las instalaciones de inter\u00e9s general, as\u00ed como los elementos singulares que pueden dar lugar a situaciones espec\u00edficas (centros de salud, centros educativos, instalaciones deportivas\u2026).<\/p>\n<p>El an\u00e1lisis del riesgo identifica las tres zonas de exposici\u00f3n, con distintas prioridades de intervenci\u00f3n para disminuir el riesgo de propagaci\u00f3n de incendios hacia zonas vulnerables. Se trata de las zonas de interfaz urbano forestal, zona urbano agr\u00edcola y zona agr\u00edcola forestal, que principalmente se encuentros ubicadas en las lindes del t\u00e9rmino municipal. Un 16% de los 25 km<sup>2<\/sup> de superficie del t\u00e9rmino municipal de Pamplona est\u00e1 ocupada por uso agrario y un 7% por uso forestal, quedando el 77% restante como uso urbano.<\/p>\n<p><strong>Medios, medidas de autoprotecci\u00f3n y recomendaciones<\/strong><\/p>\n<p>El plan recoge los medios disponibles para la actuaci\u00f3n en caso de incendios forestales tanto humanos como materiales, as\u00ed como la disposici\u00f3n de infraestructuras municipales de apoyo a la extinci\u00f3n, como v\u00edas de comunicaci\u00f3n o tomas de agua, o la identificaci\u00f3n de puntos de encuentro y atenci\u00f3n a la poblaci\u00f3n. Esos puntos de encuentro se establecen en los polideportivos municipales. El PAMIF incluye un plan de evacuaci\u00f3n y albergue para la poblaci\u00f3n en caso de necesidad y el procedimiento para su activaci\u00f3n.<\/p>\n<p>Asimismo, el plan recoge un an\u00e1lisis de las medidas estructurales a adoptar para mejorar la autoprotecci\u00f3n del entorno urbano del municipio y propone la adquisici\u00f3n de materiales para el equipamiento de las personas que participen en labores de prevenci\u00f3n y mantenimiento de la vegetaci\u00f3n, completar la red de hidrantes existente y su se\u00f1alizaci\u00f3n, y contar con un plan de mantenimiento previo al comienzo de la \u00e9poca de riesgo. El documento plasma recomendaciones para la progresiva transformaci\u00f3n de las especies vegetales presentes en Pamplona y la sustituci\u00f3n de las m\u00e1s combustibles por especies menos propagadoras del fuego.<\/p>\n<p>Acompa\u00f1an al plan unas fichas de autoevaluaci\u00f3n del riesgo en la interfaz urbana forestal de gran utilidad para una primera identificaci\u00f3n de la vulnerabilidad de las edificaciones frente al riesgo de incendios forestales, acompa\u00f1adas de recomendaciones a la poblaci\u00f3n, antes, durante y despu\u00e9s de un incendio forestal, que servir\u00e1n como punto de partida para la toma de conciencia y mejora de la autoprotecci\u00f3n de la poblaci\u00f3n. El Plan incorpora un registro de mantenimiento y actuaciones realizadas que servir\u00e1 para mantenerlo actualizado y verificar el cumplimiento de las acciones previstas.<\/p>\n","protected":false},"excerpt":{"rendered":"<p>Tras su aprobaci\u00f3n en Junta de Gobierno Local, se remitir\u00e1 al Gobierno de Navarra para su validaci\u00f3n definitiva<\/p>\n","protected":false},"author":1,"featured_media":51537,"comment_status":"open","ping_status":"closed","sticky":false,"template":"","format":"standard","meta":{"footnotes":""},"categories":[2],"tags":[],"class_list":["post-51536","post","type-post","status-publish","format-standard","has-post-thumbnail","hentry","category-ayuntamiento-pamplona"],"yoast_head":"<!-- This site is optimized with the Yoast SEO plugin v27.5 - https:\/\/yoast.com\/product\/yoast-seo-wordpress\/ -->\n<title>Pamplona se dota por primera vez de un Plan Especial de Actuaci\u00f3n Municipal ante Emergencias por Incendios Forestales (PAMIF)<\/title>\n<meta name=\"description\" content=\"Tras su aprobaci\u00f3n en Junta de Gobierno Local, se remitir\u00e1 al Gobierno de Navarra para su validaci\u00f3n definitiva\" \/>\n<meta name=\"robots\" content=\"index, follow, max-snippet:-1, max-image-preview:large, max-video-preview:-1\" \/>\n<link rel=\"canonical\" href=\"https:\/\/www.laguiadepamplona.com\/actualidad\/pamplona-se-dota-por-primera-vez-de-un-plan-especial-de-actuacion-municipal-ante-emergencias-por-incendios-forestales-pamif\/\" \/>\n<meta property=\"og:locale\" content=\"es_ES\" \/>\n<meta property=\"og:type\" content=\"article\" \/>\n<meta property=\"og:title\" content=\"Pamplona se dota por primera vez de un Plan Especial de Actuaci\u00f3n Municipal ante Emergencias por Incendios Forestales (PAMIF)\" \/>\n<meta property=\"og:description\" content=\"Tras su aprobaci\u00f3n en Junta de Gobierno Local, se remitir\u00e1 al Gobierno de Navarra para su validaci\u00f3n definitiva\" \/>\n<meta property=\"og:url\" content=\"https:\/\/www.laguiadepamplona.com\/actualidad\/pamplona-se-dota-por-primera-vez-de-un-plan-especial-de-actuacion-municipal-ante-emergencias-por-incendios-forestales-pamif\/\" \/>\n<meta property=\"og:site_name\" content=\"La Gu\u00eda de Pamplona\" \/>\n<meta property=\"article:publisher\" content=\"https:\/\/www.facebook.com\/laguiadepamplonacom-133175176762273\/?ref=hl\" \/>\n<meta property=\"article:published_time\" content=\"2024-12-05T15:40:27+00:00\" \/>\n<meta property=\"og:image\" content=\"https:\/\/www.laguiadepamplona.com\/actualidad\/wp-content\/uploads\/2024\/12\/FUEGO.webp\" \/>\n\t<meta property=\"og:image:width\" content=\"1000\" \/>\n\t<meta property=\"og:image:height\" content=\"667\" \/>\n\t<meta property=\"og:image:type\" content=\"image\/webp\" \/>\n<meta name=\"author\" content=\"La Gu\u00eda de Pamplona\" \/>\n<meta name=\"twitter:card\" content=\"summary_large_image\" \/>\n<meta name=\"twitter:creator\" content=\"@LaGuiadPamplona\" \/>\n<meta name=\"twitter:site\" content=\"@LaGuiadPamplona\" \/>\n<meta name=\"twitter:label1\" content=\"Escrito por\" \/>\n\t<meta name=\"twitter:data1\" content=\"La Gu\u00eda de Pamplona\" \/>\n\t<meta name=\"twitter:label2\" content=\"Tiempo de lectura\" \/>\n\t<meta name=\"twitter:data2\" content=\"3 minutos\" \/>\n<script type=\"application\/ld+json\" class=\"yoast-schema-graph\">{\"@context\":\"https:\\\/\\\/schema.org\",\"@graph\":[{\"@type\":\"Article\",\"@id\":\"https:\\\/\\\/www.laguiadepamplona.com\\\/actualidad\\\/pamplona-se-dota-por-primera-vez-de-un-plan-especial-de-actuacion-municipal-ante-emergencias-por-incendios-forestales-pamif\\\/#article\",\"isPartOf\":{\"@id\":\"https:\\\/\\\/www.laguiadepamplona.com\\\/actualidad\\\/pamplona-se-dota-por-primera-vez-de-un-plan-especial-de-actuacion-municipal-ante-emergencias-por-incendios-forestales-pamif\\\/\"},\"author\":{\"name\":\"La Gu\u00eda de Pamplona\",\"@id\":\"https:\\\/\\\/www.laguiadepamplona.com\\\/actualidad\\\/#\\\/schema\\\/person\\\/efe887376f0213d4657c93adc50b1fdb\"},\"headline\":\"Pamplona se dota por primera vez de un Plan Especial de Actuaci\u00f3n Municipal ante Emergencias por Incendios Forestales (PAMIF)\",\"datePublished\":\"2024-12-05T15:40:27+00:00\",\"mainEntityOfPage\":{\"@id\":\"https:\\\/\\\/www.laguiadepamplona.com\\\/actualidad\\\/pamplona-se-dota-por-primera-vez-de-un-plan-especial-de-actuacion-municipal-ante-emergencias-por-incendios-forestales-pamif\\\/\"},\"wordCount\":724,\"commentCount\":0,\"publisher\":{\"@id\":\"https:\\\/\\\/www.laguiadepamplona.com\\\/actualidad\\\/#organization\"},\"image\":{\"@id\":\"https:\\\/\\\/www.laguiadepamplona.com\\\/actualidad\\\/pamplona-se-dota-por-primera-vez-de-un-plan-especial-de-actuacion-municipal-ante-emergencias-por-incendios-forestales-pamif\\\/#primaryimage\"},\"thumbnailUrl\":\"https:\\\/\\\/www.laguiadepamplona.com\\\/actualidad\\\/wp-content\\\/uploads\\\/2024\\\/12\\\/FUEGO.webp\",\"articleSection\":[\"Ayto Pamplona\"],\"inLanguage\":\"es\",\"potentialAction\":[{\"@type\":\"CommentAction\",\"name\":\"Comment\",\"target\":[\"https:\\\/\\\/www.laguiadepamplona.com\\\/actualidad\\\/pamplona-se-dota-por-primera-vez-de-un-plan-especial-de-actuacion-municipal-ante-emergencias-por-incendios-forestales-pamif\\\/#respond\"]}]},{\"@type\":\"WebPage\",\"@id\":\"https:\\\/\\\/www.laguiadepamplona.com\\\/actualidad\\\/pamplona-se-dota-por-primera-vez-de-un-plan-especial-de-actuacion-municipal-ante-emergencias-por-incendios-forestales-pamif\\\/\",\"url\":\"https:\\\/\\\/www.laguiadepamplona.com\\\/actualidad\\\/pamplona-se-dota-por-primera-vez-de-un-plan-especial-de-actuacion-municipal-ante-emergencias-por-incendios-forestales-pamif\\\/\",\"name\":\"Pamplona se dota por primera vez de un Plan Especial de Actuaci\u00f3n Municipal ante Emergencias por Incendios Forestales (PAMIF)\",\"isPartOf\":{\"@id\":\"https:\\\/\\\/www.laguiadepamplona.com\\\/actualidad\\\/#website\"},\"primaryImageOfPage\":{\"@id\":\"https:\\\/\\\/www.laguiadepamplona.com\\\/actualidad\\\/pamplona-se-dota-por-primera-vez-de-un-plan-especial-de-actuacion-municipal-ante-emergencias-por-incendios-forestales-pamif\\\/#primaryimage\"},\"image\":{\"@id\":\"https:\\\/\\\/www.laguiadepamplona.com\\\/actualidad\\\/pamplona-se-dota-por-primera-vez-de-un-plan-especial-de-actuacion-municipal-ante-emergencias-por-incendios-forestales-pamif\\\/#primaryimage\"},\"thumbnailUrl\":\"https:\\\/\\\/www.laguiadepamplona.com\\\/actualidad\\\/wp-content\\\/uploads\\\/2024\\\/12\\\/FUEGO.webp\",\"datePublished\":\"2024-12-05T15:40:27+00:00\",\"description\":\"Tras su aprobaci\u00f3n en Junta de Gobierno Local, se remitir\u00e1 al Gobierno de Navarra para su validaci\u00f3n definitiva\",\"breadcrumb\":{\"@id\":\"https:\\\/\\\/www.laguiadepamplona.com\\\/actualidad\\\/pamplona-se-dota-por-primera-vez-de-un-plan-especial-de-actuacion-municipal-ante-emergencias-por-incendios-forestales-pamif\\\/#breadcrumb\"},\"inLanguage\":\"es\",\"potentialAction\":[{\"@type\":\"ReadAction\",\"target\":[\"https:\\\/\\\/www.laguiadepamplona.com\\\/actualidad\\\/pamplona-se-dota-por-primera-vez-de-un-plan-especial-de-actuacion-municipal-ante-emergencias-por-incendios-forestales-pamif\\\/\"]}]},{\"@type\":\"ImageObject\",\"inLanguage\":\"es\",\"@id\":\"https:\\\/\\\/www.laguiadepamplona.com\\\/actualidad\\\/pamplona-se-dota-por-primera-vez-de-un-plan-especial-de-actuacion-municipal-ante-emergencias-por-incendios-forestales-pamif\\\/#primaryimage\",\"url\":\"https:\\\/\\\/www.laguiadepamplona.com\\\/actualidad\\\/wp-content\\\/uploads\\\/2024\\\/12\\\/FUEGO.webp\",\"contentUrl\":\"https:\\\/\\\/www.laguiadepamplona.com\\\/actualidad\\\/wp-content\\\/uploads\\\/2024\\\/12\\\/FUEGO.webp\",\"width\":1000,\"height\":667,\"caption\":\"Fuego\"},{\"@type\":\"BreadcrumbList\",\"@id\":\"https:\\\/\\\/www.laguiadepamplona.com\\\/actualidad\\\/pamplona-se-dota-por-primera-vez-de-un-plan-especial-de-actuacion-municipal-ante-emergencias-por-incendios-forestales-pamif\\\/#breadcrumb\",\"itemListElement\":[{\"@type\":\"ListItem\",\"position\":1,\"name\":\"Portada\",\"item\":\"https:\\\/\\\/www.laguiadepamplona.com\\\/actualidad\\\/\"},{\"@type\":\"ListItem\",\"position\":2,\"name\":\"Pamplona se dota por primera vez de un Plan Especial de Actuaci\u00f3n Municipal ante Emergencias por Incendios Forestales (PAMIF)\"}]},{\"@type\":\"WebSite\",\"@id\":\"https:\\\/\\\/www.laguiadepamplona.com\\\/actualidad\\\/#website\",\"url\":\"https:\\\/\\\/www.laguiadepamplona.com\\\/actualidad\\\/\",\"name\":\"La gu\u00eda de Pamplona\",\"description\":\"Noticias de Pamplona\",\"publisher\":{\"@id\":\"https:\\\/\\\/www.laguiadepamplona.com\\\/actualidad\\\/#organization\"},\"potentialAction\":[{\"@type\":\"SearchAction\",\"target\":{\"@type\":\"EntryPoint\",\"urlTemplate\":\"https:\\\/\\\/www.laguiadepamplona.com\\\/actualidad\\\/?s={search_term_string}\"},\"query-input\":{\"@type\":\"PropertyValueSpecification\",\"valueRequired\":true,\"valueName\":\"search_term_string\"}}],\"inLanguage\":\"es\"},{\"@type\":\"Organization\",\"@id\":\"https:\\\/\\\/www.laguiadepamplona.com\\\/actualidad\\\/#organization\",\"name\":\"La Gu\u00eda de Pamplona \\\/ Noticias\",\"url\":\"https:\\\/\\\/www.laguiadepamplona.com\\\/actualidad\\\/\",\"logo\":{\"@type\":\"ImageObject\",\"inLanguage\":\"es\",\"@id\":\"https:\\\/\\\/www.laguiadepamplona.com\\\/actualidad\\\/#\\\/schema\\\/logo\\\/image\\\/\",\"url\":\"https:\\\/\\\/www.laguiadepamplona.com\\\/actualidad\\\/wp-content\\\/uploads\\\/2018\\\/11\\\/logo-laguiadepamplona18-web1.png\",\"contentUrl\":\"https:\\\/\\\/www.laguiadepamplona.com\\\/actualidad\\\/wp-content\\\/uploads\\\/2018\\\/11\\\/logo-laguiadepamplona18-web1.png\",\"width\":600,\"height\":196,\"caption\":\"La Gu\u00eda de Pamplona \\\/ Noticias\"},\"image\":{\"@id\":\"https:\\\/\\\/www.laguiadepamplona.com\\\/actualidad\\\/#\\\/schema\\\/logo\\\/image\\\/\"},\"sameAs\":[\"https:\\\/\\\/www.facebook.com\\\/laguiadepamplonacom-133175176762273\\\/?ref=hl\",\"https:\\\/\\\/x.com\\\/LaGuiadPamplona\",\"https:\\\/\\\/www.instagram.com\\\/la_guia_de_pamplona\\\/\",\"https:\\\/\\\/www.youtube.com\\\/user\\\/laguiadepamplona\"]},{\"@type\":\"Person\",\"@id\":\"https:\\\/\\\/www.laguiadepamplona.com\\\/actualidad\\\/#\\\/schema\\\/person\\\/efe887376f0213d4657c93adc50b1fdb\",\"name\":\"La Gu\u00eda de Pamplona\",\"image\":{\"@type\":\"ImageObject\",\"inLanguage\":\"es\",\"@id\":\"https:\\\/\\\/secure.gravatar.com\\\/avatar\\\/b6992f131dc8d30ab0dff15446e9d346d9dbd95992de0fef795073f5ea83a81c?s=96&d=mm&r=g\",\"url\":\"https:\\\/\\\/secure.gravatar.com\\\/avatar\\\/b6992f131dc8d30ab0dff15446e9d346d9dbd95992de0fef795073f5ea83a81c?s=96&d=mm&r=g\",\"contentUrl\":\"https:\\\/\\\/secure.gravatar.com\\\/avatar\\\/b6992f131dc8d30ab0dff15446e9d346d9dbd95992de0fef795073f5ea83a81c?s=96&d=mm&r=g\",\"caption\":\"La Gu\u00eda de Pamplona\"}}]}<\/script>\n<!-- \/ Yoast SEO plugin. -->","yoast_head_json":{"title":"Pamplona se dota por primera vez de un Plan Especial de Actuaci\u00f3n Municipal ante Emergencias por Incendios Forestales (PAMIF)","description":"Tras su aprobaci\u00f3n en Junta de Gobierno Local, se remitir\u00e1 al Gobierno de Navarra para su validaci\u00f3n definitiva","robots":{"index":"index","follow":"follow","max-snippet":"max-snippet:-1","max-image-preview":"max-image-preview:large","max-video-preview":"max-video-preview:-1"},"canonical":"https:\/\/www.laguiadepamplona.com\/actualidad\/pamplona-se-dota-por-primera-vez-de-un-plan-especial-de-actuacion-municipal-ante-emergencias-por-incendios-forestales-pamif\/","og_locale":"es_ES","og_type":"article","og_title":"Pamplona se dota por primera vez de un Plan Especial de Actuaci\u00f3n Municipal ante Emergencias por Incendios Forestales (PAMIF)","og_description":"Tras su aprobaci\u00f3n en Junta de Gobierno Local, se remitir\u00e1 al Gobierno de Navarra para su validaci\u00f3n definitiva","og_url":"https:\/\/www.laguiadepamplona.com\/actualidad\/pamplona-se-dota-por-primera-vez-de-un-plan-especial-de-actuacion-municipal-ante-emergencias-por-incendios-forestales-pamif\/","og_site_name":"La Gu\u00eda de Pamplona","article_publisher":"https:\/\/www.facebook.com\/laguiadepamplonacom-133175176762273\/?ref=hl","article_published_time":"2024-12-05T15:40:27+00:00","og_image":[{"width":1000,"height":667,"url":"https:\/\/www.laguiadepamplona.com\/actualidad\/wp-content\/uploads\/2024\/12\/FUEGO.webp","type":"image\/webp"}],"author":"La Gu\u00eda de Pamplona","twitter_card":"summary_large_image","twitter_creator":"@LaGuiadPamplona","twitter_site":"@LaGuiadPamplona","twitter_misc":{"Escrito por":"La Gu\u00eda de Pamplona","Tiempo de lectura":"3 minutos"},"schema":{"@context":"https:\/\/schema.org","@graph":[{"@type":"Article","@id":"https:\/\/www.laguiadepamplona.com\/actualidad\/pamplona-se-dota-por-primera-vez-de-un-plan-especial-de-actuacion-municipal-ante-emergencias-por-incendios-forestales-pamif\/#article","isPartOf":{"@id":"https:\/\/www.laguiadepamplona.com\/actualidad\/pamplona-se-dota-por-primera-vez-de-un-plan-especial-de-actuacion-municipal-ante-emergencias-por-incendios-forestales-pamif\/"},"author":{"name":"La Gu\u00eda de Pamplona","@id":"https:\/\/www.laguiadepamplona.com\/actualidad\/#\/schema\/person\/efe887376f0213d4657c93adc50b1fdb"},"headline":"Pamplona se dota por primera vez de un Plan Especial de Actuaci\u00f3n Municipal ante Emergencias por Incendios Forestales (PAMIF)","datePublished":"2024-12-05T15:40:27+00:00","mainEntityOfPage":{"@id":"https:\/\/www.laguiadepamplona.com\/actualidad\/pamplona-se-dota-por-primera-vez-de-un-plan-especial-de-actuacion-municipal-ante-emergencias-por-incendios-forestales-pamif\/"},"wordCount":724,"commentCount":0,"publisher":{"@id":"https:\/\/www.laguiadepamplona.com\/actualidad\/#organization"},"image":{"@id":"https:\/\/www.laguiadepamplona.com\/actualidad\/pamplona-se-dota-por-primera-vez-de-un-plan-especial-de-actuacion-municipal-ante-emergencias-por-incendios-forestales-pamif\/#primaryimage"},"thumbnailUrl":"https:\/\/www.laguiadepamplona.com\/actualidad\/wp-content\/uploads\/2024\/12\/FUEGO.webp","articleSection":["Ayto Pamplona"],"inLanguage":"es","potentialAction":[{"@type":"CommentAction","name":"Comment","target":["https:\/\/www.laguiadepamplona.com\/actualidad\/pamplona-se-dota-por-primera-vez-de-un-plan-especial-de-actuacion-municipal-ante-emergencias-por-incendios-forestales-pamif\/#respond"]}]},{"@type":"WebPage","@id":"https:\/\/www.laguiadepamplona.com\/actualidad\/pamplona-se-dota-por-primera-vez-de-un-plan-especial-de-actuacion-municipal-ante-emergencias-por-incendios-forestales-pamif\/","url":"https:\/\/www.laguiadepamplona.com\/actualidad\/pamplona-se-dota-por-primera-vez-de-un-plan-especial-de-actuacion-municipal-ante-emergencias-por-incendios-forestales-pamif\/","name":"Pamplona se dota por primera vez de un Plan Especial de Actuaci\u00f3n Municipal ante Emergencias por Incendios Forestales (PAMIF)","isPartOf":{"@id":"https:\/\/www.laguiadepamplona.com\/actualidad\/#website"},"primaryImageOfPage":{"@id":"https:\/\/www.laguiadepamplona.com\/actualidad\/pamplona-se-dota-por-primera-vez-de-un-plan-especial-de-actuacion-municipal-ante-emergencias-por-incendios-forestales-pamif\/#primaryimage"},"image":{"@id":"https:\/\/www.laguiadepamplona.com\/actualidad\/pamplona-se-dota-por-primera-vez-de-un-plan-especial-de-actuacion-municipal-ante-emergencias-por-incendios-forestales-pamif\/#primaryimage"},"thumbnailUrl":"https:\/\/www.laguiadepamplona.com\/actualidad\/wp-content\/uploads\/2024\/12\/FUEGO.webp","datePublished":"2024-12-05T15:40:27+00:00","description":"Tras su aprobaci\u00f3n en Junta de Gobierno Local, se remitir\u00e1 al Gobierno de Navarra para su validaci\u00f3n definitiva","breadcrumb":{"@id":"https:\/\/www.laguiadepamplona.com\/actualidad\/pamplona-se-dota-por-primera-vez-de-un-plan-especial-de-actuacion-municipal-ante-emergencias-por-incendios-forestales-pamif\/#breadcrumb"},"inLanguage":"es","potentialAction":[{"@type":"ReadAction","target":["https:\/\/www.laguiadepamplona.com\/actualidad\/pamplona-se-dota-por-primera-vez-de-un-plan-especial-de-actuacion-municipal-ante-emergencias-por-incendios-forestales-pamif\/"]}]},{"@type":"ImageObject","inLanguage":"es","@id":"https:\/\/www.laguiadepamplona.com\/actualidad\/pamplona-se-dota-por-primera-vez-de-un-plan-especial-de-actuacion-municipal-ante-emergencias-por-incendios-forestales-pamif\/#primaryimage","url":"https:\/\/www.laguiadepamplona.com\/actualidad\/wp-content\/uploads\/2024\/12\/FUEGO.webp","contentUrl":"https:\/\/www.laguiadepamplona.com\/actualidad\/wp-content\/uploads\/2024\/12\/FUEGO.webp","width":1000,"height":667,"caption":"Fuego"},{"@type":"BreadcrumbList","@id":"https:\/\/www.laguiadepamplona.com\/actualidad\/pamplona-se-dota-por-primera-vez-de-un-plan-especial-de-actuacion-municipal-ante-emergencias-por-incendios-forestales-pamif\/#breadcrumb","itemListElement":[{"@type":"ListItem","position":1,"name":"Portada","item":"https:\/\/www.laguiadepamplona.com\/actualidad\/"},{"@type":"ListItem","position":2,"name":"Pamplona se dota por primera vez de un Plan Especial de Actuaci\u00f3n Municipal ante Emergencias por Incendios Forestales (PAMIF)"}]},{"@type":"WebSite","@id":"https:\/\/www.laguiadepamplona.com\/actualidad\/#website","url":"https:\/\/www.laguiadepamplona.com\/actualidad\/","name":"La gu\u00eda de Pamplona","description":"Noticias de Pamplona","publisher":{"@id":"https:\/\/www.laguiadepamplona.com\/actualidad\/#organization"},"potentialAction":[{"@type":"SearchAction","target":{"@type":"EntryPoint","urlTemplate":"https:\/\/www.laguiadepamplona.com\/actualidad\/?s={search_term_string}"},"query-input":{"@type":"PropertyValueSpecification","valueRequired":true,"valueName":"search_term_string"}}],"inLanguage":"es"},{"@type":"Organization","@id":"https:\/\/www.laguiadepamplona.com\/actualidad\/#organization","name":"La Gu\u00eda de Pamplona \/ Noticias","url":"https:\/\/www.laguiadepamplona.com\/actualidad\/","logo":{"@type":"ImageObject","inLanguage":"es","@id":"https:\/\/www.laguiadepamplona.com\/actualidad\/#\/schema\/logo\/image\/","url":"https:\/\/www.laguiadepamplona.com\/actualidad\/wp-content\/uploads\/2018\/11\/logo-laguiadepamplona18-web1.png","contentUrl":"https:\/\/www.laguiadepamplona.com\/actualidad\/wp-content\/uploads\/2018\/11\/logo-laguiadepamplona18-web1.png","width":600,"height":196,"caption":"La Gu\u00eda de Pamplona \/ Noticias"},"image":{"@id":"https:\/\/www.laguiadepamplona.com\/actualidad\/#\/schema\/logo\/image\/"},"sameAs":["https:\/\/www.facebook.com\/laguiadepamplonacom-133175176762273\/?ref=hl","https:\/\/x.com\/LaGuiadPamplona","https:\/\/www.instagram.com\/la_guia_de_pamplona\/","https:\/\/www.youtube.com\/user\/laguiadepamplona"]},{"@type":"Person","@id":"https:\/\/www.laguiadepamplona.com\/actualidad\/#\/schema\/person\/efe887376f0213d4657c93adc50b1fdb","name":"La Gu\u00eda de Pamplona","image":{"@type":"ImageObject","inLanguage":"es","@id":"https:\/\/secure.gravatar.com\/avatar\/b6992f131dc8d30ab0dff15446e9d346d9dbd95992de0fef795073f5ea83a81c?s=96&d=mm&r=g","url":"https:\/\/secure.gravatar.com\/avatar\/b6992f131dc8d30ab0dff15446e9d346d9dbd95992de0fef795073f5ea83a81c?s=96&d=mm&r=g","contentUrl":"https:\/\/secure.gravatar.com\/avatar\/b6992f131dc8d30ab0dff15446e9d346d9dbd95992de0fef795073f5ea83a81c?s=96&d=mm&r=g","caption":"La Gu\u00eda de Pamplona"}}]}},"post_mailing_queue_ids":[],"_links":{"self":[{"href":"https:\/\/www.laguiadepamplona.com\/actualidad\/wp-json\/wp\/v2\/posts\/51536","targetHints":{"allow":["GET"]}}],"collection":[{"href":"https:\/\/www.laguiadepamplona.com\/actualidad\/wp-json\/wp\/v2\/posts"}],"about":[{"href":"https:\/\/www.laguiadepamplona.com\/actualidad\/wp-json\/wp\/v2\/types\/post"}],"author":[{"embeddable":true,"href":"https:\/\/www.laguiadepamplona.com\/actualidad\/wp-json\/wp\/v2\/users\/1"}],"replies":[{"embeddable":true,"href":"https:\/\/www.laguiadepamplona.com\/actualidad\/wp-json\/wp\/v2\/comments?post=51536"}],"version-history":[{"count":1,"href":"https:\/\/www.laguiadepamplona.com\/actualidad\/wp-json\/wp\/v2\/posts\/51536\/revisions"}],"predecessor-version":[{"id":51538,"href":"https:\/\/www.laguiadepamplona.com\/actualidad\/wp-json\/wp\/v2\/posts\/51536\/revisions\/51538"}],"wp:featuredmedia":[{"embeddable":true,"href":"https:\/\/www.laguiadepamplona.com\/actualidad\/wp-json\/wp\/v2\/media\/51537"}],"wp:attachment":[{"href":"https:\/\/www.laguiadepamplona.com\/actualidad\/wp-json\/wp\/v2\/media?parent=51536"}],"wp:term":[{"taxonomy":"category","embeddable":true,"href":"https:\/\/www.laguiadepamplona.com\/actualidad\/wp-json\/wp\/v2\/categories?post=51536"},{"taxonomy":"post_tag","embeddable":true,"href":"https:\/\/www.laguiadepamplona.com\/actualidad\/wp-json\/wp\/v2\/tags?post=51536"}],"curies":[{"name":"wp","href":"https:\/\/api.w.org\/{rel}","templated":true}]}}