{"id":51501,"date":"2024-11-28T17:08:20","date_gmt":"2024-11-28T15:08:20","guid":{"rendered":"https:\/\/www.laguiadepamplona.com\/actualidad\/?p=51501"},"modified":"2024-11-28T17:08:20","modified_gmt":"2024-11-28T15:08:20","slug":"pamplona-celebra-este-viernes-la-festividad-de-san-saturnino-y-el-inicio-de-los-actos-navidenos-con-el-encendido-de-las-luces","status":"publish","type":"post","link":"https:\/\/www.laguiadepamplona.com\/actualidad\/pamplona-celebra-este-viernes-la-festividad-de-san-saturnino-y-el-inicio-de-los-actos-navidenos-con-el-encendido-de-las-luces\/","title":{"rendered":"Pamplona celebra este viernes la festividad de San Saturnino y el inicio de los actos navide\u00f1os, con el encendido de las luces"},"content":{"rendered":"<h2>La Comparsa de Gigantes y Cabezudos saldr\u00e1 a las calles de la ciudad por la ma\u00f1ana para acompa\u00f1ar a la Corporaci\u00f3n en cuerpo de ciudad<\/h2>\n<p><!--more--><\/p>\n<p>La festividad de San Saturnino, patrono de Pamplona, volver\u00e1 a sacar a la calle este viernes a la Comparsa de Gigantes y Cabezudos, en la que ser\u00e1 su \u00faltima salida de este 2024. Los actos para este d\u00eda tienen precisamente a los gigantes y cabezudos como pieza fundamental durante la ma\u00f1ana, para dar paso por la tarde al inicio de los actos navide\u00f1os, con la inauguraci\u00f3n del bel\u00e9n del zagu\u00e1n de la Casa Consistorial y el tradicional encendido de las luces de la ciudad, en un acto de m\u00fasica y luz.<\/p>\n<p>Desde las 9.30 horas, la Comparsa de Gigantes y Cabezudos iniciar\u00e1 su desfile por las calles de la ciudad, desde la estaci\u00f3n de autobuses hasta la Plaza Consistorial, donde se prev\u00e9 que lleguen en torno a las 10.15 horas. All\u00ed, se reunir\u00e1 con la Corporaci\u00f3n municipal en cuerpo ciudad, para acompa\u00f1arle hasta la iglesia de San Saturnino, donde recoger\u00e1n al santo para sacarlo en procesi\u00f3n. La procesi\u00f3n, como tal, recorrer\u00e1 las calles San Saturnino, Mayor, paseo del Dr. Arazuri y calle Nueva, para regresar de nuevo a la iglesia de San Saturnino. All\u00ed se oficiar\u00e1 una eucarist\u00eda, en la que participar\u00e1 la Capilla de M\u00fasica, en colaboraci\u00f3n con el Orfe\u00f3n Pamplon\u00e9s y la Orquesta Sinf\u00f3nica de Navarra.<\/p>\n<p>En torno a las 12.20 horas, una vez concluya el oficio religioso, la Corporaci\u00f3n municipal, acompa\u00f1ada por la Comparsa de Gigantes y Cabezudos y Duguna Iru\u00f1eko Dantzariak, retornar\u00e1 a la Plaza Consistorial. La plaza ser\u00e1 el escenario de diferentes bailes del grupo de dantzas y de los gigantes, en honor de la ciudad. Desde all\u00ed, tanto Duguna como la Comparsa partir\u00e1n en direcci\u00f3n a la plaza del Castillo, por la calle Chapitela, hasta retirarse tras recorrer varias calles del Ensanche pamplon\u00e9s.<\/p>\n<p><strong>Apertura de la Navidad con el espect\u00e1culo \u2018Argiluna\u2019<\/strong><\/p>\n<p>Tras los actos en torno a San Saturnino, la programaci\u00f3n navide\u00f1a coger\u00e1 el relevo por la tarde. Coincidiendo con este d\u00eda festivo, como ya viene siendo habitual, se proceder\u00e1 al encendido de las luces navide\u00f1as, en un acto en la Plaza Consistorial de luz y m\u00fasica. Primero, a las 17.30 horas, se inaugurar\u00e1 el bel\u00e9n municipal del zagu\u00e1n del Ayuntamiento, realizado por la Asociaci\u00f3n de Belenistas de Pamplona. Despu\u00e9s, a las 17.45 horas, arrancar\u00e1 el espect\u00e1culo \u2018Argiluna\u2019, el evento de bienvenida de la Navidad y encendido de luces. Este evento contar\u00e1 con la presencia de la cantante pamplonesa Anne Lukin, que interpretar\u00e1 varios de sus temas, y finalizar\u00e1 con la interpretaci\u00f3n de la pieza Argiluna.<\/p>\n<p>Esta pieza, compuesta por el m\u00fasico pamplon\u00e9s Ignacio Garc\u00eda, ser\u00e1 interpretada por los instrumentistas locales Hutsun Txalaparta, Igor Martinez (txistu), Ainhoa Bandr\u00e9s (chelo), Aingeru Otxotorena (percusi\u00f3n), Koki Salas Gomez (saxof\u00f3n) y Amaya Arbon\u00edes (viol\u00edn).<\/p>\n<p>Desde los balcones de la Casa Consistorial, la composici\u00f3n sincronizar\u00e1 la m\u00fasica con el acto de encendido de las luces y el dise\u00f1o de iluminaci\u00f3n del espect\u00e1culo. \u2018Argiluna\u2019 nace con voluntad de convertirse en el evento tradicional de encendido de luces de Pamplona. Con \u00e9l se encender\u00e1n los m\u00e1s de 1.100.000 los puntos de luz LED utilizados este a\u00f1o en la iluminaci\u00f3n navide\u00f1a de la ciudad, que se extiende a todos los barrios de Pamplona. En total, se han instalado 617 elementos, entre los que destacan 292 arcos, 228 farolas y 97 figuras, como renos, \u00e1rboles de Navidad, copos, lazos, regalos, mu\u00f1ecos de nieve, cielos estrellados, bolas, campanas, estrellas o nubes.<\/p>\n<p>El broche final de la jornada festiva lo pondr\u00e1 La Pamplonesa, que actuar\u00e1 en el Teatro Gayarre a las 20 horas, para interpretar zarzuelas de antolog\u00eda, junto con la soprano Laura Cruz y el tenor Javier Palacios, bajo la batuta de Pere Molina, director titular de la Orquesta de C\u00e1mara de Valencia. Las entradas se pueden adquirir en <a href=\"http:\/\/www.teatrogayarre.com\" target=\"_blank\" rel=\"noopener\">www.teatrogayarre.com<\/a> o en las taquillas.<\/p>\n<p>&nbsp;<\/p>\n<h3>Festividad de San Saturnino. Viernes 29 de noviembre<\/h3>\n<ul>\n<li><strong>9:30 horas \u2013 SALIDA DE LA COMPARSA DE GIGANTES Y CABEZUDOS<\/strong>. Estaci\u00f3n de autobuses. Plaza de la Paz, Yanguas y Miranda, Garc\u00eda Xim\u00e9nez, San Ignacio, Sarasate, Plaza del Castillo, Chapitela, Mercaderes y Plaza Consistorial<\/li>\n<li><strong>10:05 horas \u2013 SALIDA DE LA CORPORACI\u00d3N MUNICIPAL EN CUERPO DE CIUDAD<\/strong>. Plaza Consistorial<\/li>\n<li><strong>10:15 horas \u2013 PROCESI\u00d3N<\/strong>. Calle San Saturnino, Mayor, paseo Dr. Arazuri, Nueva y San Saturnino hasta la iglesia<\/li>\n<li><strong>11:00 horas \u2013 MISA<\/strong>. Iglesia de San Saturnino. Parte musical a cargo de la Capilla de M\u00fasica, con la colaboraci\u00f3n del Orfe\u00f3n Pamplon\u00e9s y la Orquesta Sinf\u00f3nica de Navarra. Posterior regreso a la Casa Consistorial a las 12.20 horas, aproximadamente<\/li>\n<li><strong>REGRESO DE LA COMPARSA DE GIGANTES Y CABEZUDOS<\/strong>. Plaza Consistorial, Mercaderes, Chapitela, Plaza del Castillo, Carlos III, Roncesvalles, Garc\u00eda Xim\u00e9nez, Tudela, Conde Oliveto, plaza de la Paz y estaci\u00f3n de autobuses<\/li>\n<li><strong>17:30 horas \u2013 INAUGURACI\u00d3N DEL BEL\u00c9N<\/strong>. Zagu\u00e1n del Ayuntamiento de Pamplona<\/li>\n<li><strong>17:45 horas \u2013 ESPECT\u00c1CULO ARGILUNA. ACTUACI\u00d3N DE ANNE LUKIN. <\/strong>M\u00fasica ambiente desde los balcones del Ayuntamiento de Pamplona. Plaza Consistorial<\/li>\n<li><strong>18:30 horas \u2013 ENCENDIDO DE LA ILUMINACI\u00d3N NAVIDE\u00d1A<\/strong>. Plaza Consistorial<\/li>\n<li><strong>20:00 horas \u2013<\/strong> <strong>CONCIERTO DE LA PAMPLONESA. <\/strong>Zarzuelas de antolog\u00eda. Entradas: entre 5 y 10 euros, en <a href=\"http:\/\/www.teatrogayarre.com\" target=\"_blank\" rel=\"noopener\">www.teatrogayarre.com<\/a> y en taquilla).<\/li>\n<\/ul>\n","protected":false},"excerpt":{"rendered":"<p>La Comparsa de Gigantes y Cabezudos saldr\u00e1 a las calles de la ciudad por la ma\u00f1ana para acompa\u00f1ar a la Corporaci\u00f3n en cuerpo de ciudad<\/p>\n","protected":false},"author":1,"featured_media":42348,"comment_status":"open","ping_status":"closed","sticky":false,"template":"","format":"standard","meta":{"footnotes":""},"categories":[2],"tags":[],"class_list":["post-51501","post","type-post","status-publish","format-standard","has-post-thumbnail","hentry","category-ayuntamiento-pamplona"],"yoast_head":"<!-- This site is optimized with the Yoast SEO plugin v27.3 - https:\/\/yoast.com\/product\/yoast-seo-wordpress\/ -->\n<title>Pamplona celebra este viernes la festividad de San Saturnino y el inicio de los actos navide\u00f1os, con el encendido de las luces<\/title>\n<meta name=\"description\" content=\"La Comparsa de Gigantes y Cabezudos saldr\u00e1 a las calles de la ciudad por la ma\u00f1ana para acompa\u00f1ar a la Corporaci\u00f3n en cuerpo de ciudad\" \/>\n<meta name=\"robots\" content=\"index, follow, max-snippet:-1, max-image-preview:large, max-video-preview:-1\" \/>\n<link rel=\"canonical\" href=\"https:\/\/www.laguiadepamplona.com\/actualidad\/pamplona-celebra-este-viernes-la-festividad-de-san-saturnino-y-el-inicio-de-los-actos-navidenos-con-el-encendido-de-las-luces\/\" \/>\n<meta property=\"og:locale\" content=\"es_ES\" \/>\n<meta property=\"og:type\" content=\"article\" \/>\n<meta property=\"og:title\" content=\"Pamplona celebra este viernes la festividad de San Saturnino y el inicio de los actos navide\u00f1os, con el encendido de las luces\" \/>\n<meta property=\"og:description\" content=\"La Comparsa de Gigantes y Cabezudos saldr\u00e1 a las calles de la ciudad por la ma\u00f1ana para acompa\u00f1ar a la Corporaci\u00f3n en cuerpo de ciudad\" \/>\n<meta property=\"og:url\" content=\"https:\/\/www.laguiadepamplona.com\/actualidad\/pamplona-celebra-este-viernes-la-festividad-de-san-saturnino-y-el-inicio-de-los-actos-navidenos-con-el-encendido-de-las-luces\/\" \/>\n<meta property=\"og:site_name\" content=\"La Gu\u00eda de Pamplona\" \/>\n<meta property=\"article:publisher\" content=\"https:\/\/www.facebook.com\/laguiadepamplonacom-133175176762273\/?ref=hl\" \/>\n<meta property=\"article:published_time\" content=\"2024-11-28T15:08:20+00:00\" \/>\n<meta property=\"og:image\" content=\"https:\/\/www.laguiadepamplona.com\/actualidad\/wp-content\/uploads\/2022\/11\/san-saturnino.webp\" \/>\n\t<meta property=\"og:image:width\" content=\"1771\" \/>\n\t<meta property=\"og:image:height\" content=\"1181\" \/>\n\t<meta property=\"og:image:type\" content=\"image\/webp\" \/>\n<meta name=\"author\" content=\"La Gu\u00eda de Pamplona\" \/>\n<meta name=\"twitter:card\" content=\"summary_large_image\" \/>\n<meta name=\"twitter:creator\" content=\"@LaGuiadPamplona\" \/>\n<meta name=\"twitter:site\" content=\"@LaGuiadPamplona\" \/>\n<meta name=\"twitter:label1\" content=\"Escrito por\" \/>\n\t<meta name=\"twitter:data1\" content=\"La Gu\u00eda de Pamplona\" \/>\n\t<meta name=\"twitter:label2\" content=\"Tiempo de lectura\" \/>\n\t<meta name=\"twitter:data2\" content=\"4 minutos\" \/>\n<script type=\"application\/ld+json\" class=\"yoast-schema-graph\">{\"@context\":\"https:\\\/\\\/schema.org\",\"@graph\":[{\"@type\":\"Article\",\"@id\":\"https:\\\/\\\/www.laguiadepamplona.com\\\/actualidad\\\/pamplona-celebra-este-viernes-la-festividad-de-san-saturnino-y-el-inicio-de-los-actos-navidenos-con-el-encendido-de-las-luces\\\/#article\",\"isPartOf\":{\"@id\":\"https:\\\/\\\/www.laguiadepamplona.com\\\/actualidad\\\/pamplona-celebra-este-viernes-la-festividad-de-san-saturnino-y-el-inicio-de-los-actos-navidenos-con-el-encendido-de-las-luces\\\/\"},\"author\":{\"name\":\"La Gu\u00eda de Pamplona\",\"@id\":\"https:\\\/\\\/www.laguiadepamplona.com\\\/actualidad\\\/#\\\/schema\\\/person\\\/efe887376f0213d4657c93adc50b1fdb\"},\"headline\":\"Pamplona celebra este viernes la festividad de San Saturnino y el inicio de los actos navide\u00f1os, con el encendido de las luces\",\"datePublished\":\"2024-11-28T15:08:20+00:00\",\"mainEntityOfPage\":{\"@id\":\"https:\\\/\\\/www.laguiadepamplona.com\\\/actualidad\\\/pamplona-celebra-este-viernes-la-festividad-de-san-saturnino-y-el-inicio-de-los-actos-navidenos-con-el-encendido-de-las-luces\\\/\"},\"wordCount\":931,\"commentCount\":0,\"publisher\":{\"@id\":\"https:\\\/\\\/www.laguiadepamplona.com\\\/actualidad\\\/#organization\"},\"image\":{\"@id\":\"https:\\\/\\\/www.laguiadepamplona.com\\\/actualidad\\\/pamplona-celebra-este-viernes-la-festividad-de-san-saturnino-y-el-inicio-de-los-actos-navidenos-con-el-encendido-de-las-luces\\\/#primaryimage\"},\"thumbnailUrl\":\"https:\\\/\\\/www.laguiadepamplona.com\\\/actualidad\\\/wp-content\\\/uploads\\\/2022\\\/11\\\/san-saturnino.webp\",\"articleSection\":[\"Ayto Pamplona\"],\"inLanguage\":\"es\",\"potentialAction\":[{\"@type\":\"CommentAction\",\"name\":\"Comment\",\"target\":[\"https:\\\/\\\/www.laguiadepamplona.com\\\/actualidad\\\/pamplona-celebra-este-viernes-la-festividad-de-san-saturnino-y-el-inicio-de-los-actos-navidenos-con-el-encendido-de-las-luces\\\/#respond\"]}]},{\"@type\":\"WebPage\",\"@id\":\"https:\\\/\\\/www.laguiadepamplona.com\\\/actualidad\\\/pamplona-celebra-este-viernes-la-festividad-de-san-saturnino-y-el-inicio-de-los-actos-navidenos-con-el-encendido-de-las-luces\\\/\",\"url\":\"https:\\\/\\\/www.laguiadepamplona.com\\\/actualidad\\\/pamplona-celebra-este-viernes-la-festividad-de-san-saturnino-y-el-inicio-de-los-actos-navidenos-con-el-encendido-de-las-luces\\\/\",\"name\":\"Pamplona celebra este viernes la festividad de San Saturnino y el inicio de los actos navide\u00f1os, con el encendido de las luces\",\"isPartOf\":{\"@id\":\"https:\\\/\\\/www.laguiadepamplona.com\\\/actualidad\\\/#website\"},\"primaryImageOfPage\":{\"@id\":\"https:\\\/\\\/www.laguiadepamplona.com\\\/actualidad\\\/pamplona-celebra-este-viernes-la-festividad-de-san-saturnino-y-el-inicio-de-los-actos-navidenos-con-el-encendido-de-las-luces\\\/#primaryimage\"},\"image\":{\"@id\":\"https:\\\/\\\/www.laguiadepamplona.com\\\/actualidad\\\/pamplona-celebra-este-viernes-la-festividad-de-san-saturnino-y-el-inicio-de-los-actos-navidenos-con-el-encendido-de-las-luces\\\/#primaryimage\"},\"thumbnailUrl\":\"https:\\\/\\\/www.laguiadepamplona.com\\\/actualidad\\\/wp-content\\\/uploads\\\/2022\\\/11\\\/san-saturnino.webp\",\"datePublished\":\"2024-11-28T15:08:20+00:00\",\"description\":\"La Comparsa de Gigantes y Cabezudos saldr\u00e1 a las calles de la ciudad por la ma\u00f1ana para acompa\u00f1ar a la Corporaci\u00f3n en cuerpo de ciudad\",\"breadcrumb\":{\"@id\":\"https:\\\/\\\/www.laguiadepamplona.com\\\/actualidad\\\/pamplona-celebra-este-viernes-la-festividad-de-san-saturnino-y-el-inicio-de-los-actos-navidenos-con-el-encendido-de-las-luces\\\/#breadcrumb\"},\"inLanguage\":\"es\",\"potentialAction\":[{\"@type\":\"ReadAction\",\"target\":[\"https:\\\/\\\/www.laguiadepamplona.com\\\/actualidad\\\/pamplona-celebra-este-viernes-la-festividad-de-san-saturnino-y-el-inicio-de-los-actos-navidenos-con-el-encendido-de-las-luces\\\/\"]}]},{\"@type\":\"ImageObject\",\"inLanguage\":\"es\",\"@id\":\"https:\\\/\\\/www.laguiadepamplona.com\\\/actualidad\\\/pamplona-celebra-este-viernes-la-festividad-de-san-saturnino-y-el-inicio-de-los-actos-navidenos-con-el-encendido-de-las-luces\\\/#primaryimage\",\"url\":\"https:\\\/\\\/www.laguiadepamplona.com\\\/actualidad\\\/wp-content\\\/uploads\\\/2022\\\/11\\\/san-saturnino.webp\",\"contentUrl\":\"https:\\\/\\\/www.laguiadepamplona.com\\\/actualidad\\\/wp-content\\\/uploads\\\/2022\\\/11\\\/san-saturnino.webp\",\"width\":1771,\"height\":1181},{\"@type\":\"BreadcrumbList\",\"@id\":\"https:\\\/\\\/www.laguiadepamplona.com\\\/actualidad\\\/pamplona-celebra-este-viernes-la-festividad-de-san-saturnino-y-el-inicio-de-los-actos-navidenos-con-el-encendido-de-las-luces\\\/#breadcrumb\",\"itemListElement\":[{\"@type\":\"ListItem\",\"position\":1,\"name\":\"Portada\",\"item\":\"https:\\\/\\\/www.laguiadepamplona.com\\\/actualidad\\\/\"},{\"@type\":\"ListItem\",\"position\":2,\"name\":\"Pamplona celebra este viernes la festividad de San Saturnino y el inicio de los actos navide\u00f1os, con el encendido de las luces\"}]},{\"@type\":\"WebSite\",\"@id\":\"https:\\\/\\\/www.laguiadepamplona.com\\\/actualidad\\\/#website\",\"url\":\"https:\\\/\\\/www.laguiadepamplona.com\\\/actualidad\\\/\",\"name\":\"La gu\u00eda de Pamplona\",\"description\":\"Noticias de Pamplona\",\"publisher\":{\"@id\":\"https:\\\/\\\/www.laguiadepamplona.com\\\/actualidad\\\/#organization\"},\"potentialAction\":[{\"@type\":\"SearchAction\",\"target\":{\"@type\":\"EntryPoint\",\"urlTemplate\":\"https:\\\/\\\/www.laguiadepamplona.com\\\/actualidad\\\/?s={search_term_string}\"},\"query-input\":{\"@type\":\"PropertyValueSpecification\",\"valueRequired\":true,\"valueName\":\"search_term_string\"}}],\"inLanguage\":\"es\"},{\"@type\":\"Organization\",\"@id\":\"https:\\\/\\\/www.laguiadepamplona.com\\\/actualidad\\\/#organization\",\"name\":\"La Gu\u00eda de Pamplona \\\/ Noticias\",\"url\":\"https:\\\/\\\/www.laguiadepamplona.com\\\/actualidad\\\/\",\"logo\":{\"@type\":\"ImageObject\",\"inLanguage\":\"es\",\"@id\":\"https:\\\/\\\/www.laguiadepamplona.com\\\/actualidad\\\/#\\\/schema\\\/logo\\\/image\\\/\",\"url\":\"https:\\\/\\\/www.laguiadepamplona.com\\\/actualidad\\\/wp-content\\\/uploads\\\/2018\\\/11\\\/logo-laguiadepamplona18-web1.png\",\"contentUrl\":\"https:\\\/\\\/www.laguiadepamplona.com\\\/actualidad\\\/wp-content\\\/uploads\\\/2018\\\/11\\\/logo-laguiadepamplona18-web1.png\",\"width\":600,\"height\":196,\"caption\":\"La Gu\u00eda de Pamplona \\\/ Noticias\"},\"image\":{\"@id\":\"https:\\\/\\\/www.laguiadepamplona.com\\\/actualidad\\\/#\\\/schema\\\/logo\\\/image\\\/\"},\"sameAs\":[\"https:\\\/\\\/www.facebook.com\\\/laguiadepamplonacom-133175176762273\\\/?ref=hl\",\"https:\\\/\\\/x.com\\\/LaGuiadPamplona\",\"https:\\\/\\\/www.instagram.com\\\/la_guia_de_pamplona\\\/\",\"https:\\\/\\\/www.youtube.com\\\/user\\\/laguiadepamplona\"]},{\"@type\":\"Person\",\"@id\":\"https:\\\/\\\/www.laguiadepamplona.com\\\/actualidad\\\/#\\\/schema\\\/person\\\/efe887376f0213d4657c93adc50b1fdb\",\"name\":\"La Gu\u00eda de Pamplona\",\"image\":{\"@type\":\"ImageObject\",\"inLanguage\":\"es\",\"@id\":\"https:\\\/\\\/secure.gravatar.com\\\/avatar\\\/b6992f131dc8d30ab0dff15446e9d346d9dbd95992de0fef795073f5ea83a81c?s=96&d=mm&r=g\",\"url\":\"https:\\\/\\\/secure.gravatar.com\\\/avatar\\\/b6992f131dc8d30ab0dff15446e9d346d9dbd95992de0fef795073f5ea83a81c?s=96&d=mm&r=g\",\"contentUrl\":\"https:\\\/\\\/secure.gravatar.com\\\/avatar\\\/b6992f131dc8d30ab0dff15446e9d346d9dbd95992de0fef795073f5ea83a81c?s=96&d=mm&r=g\",\"caption\":\"La Gu\u00eda de Pamplona\"}}]}<\/script>\n<!-- \/ Yoast SEO plugin. -->","yoast_head_json":{"title":"Pamplona celebra este viernes la festividad de San Saturnino y el inicio de los actos navide\u00f1os, con el encendido de las luces","description":"La Comparsa de Gigantes y Cabezudos saldr\u00e1 a las calles de la ciudad por la ma\u00f1ana para acompa\u00f1ar a la Corporaci\u00f3n en cuerpo de ciudad","robots":{"index":"index","follow":"follow","max-snippet":"max-snippet:-1","max-image-preview":"max-image-preview:large","max-video-preview":"max-video-preview:-1"},"canonical":"https:\/\/www.laguiadepamplona.com\/actualidad\/pamplona-celebra-este-viernes-la-festividad-de-san-saturnino-y-el-inicio-de-los-actos-navidenos-con-el-encendido-de-las-luces\/","og_locale":"es_ES","og_type":"article","og_title":"Pamplona celebra este viernes la festividad de San Saturnino y el inicio de los actos navide\u00f1os, con el encendido de las luces","og_description":"La Comparsa de Gigantes y Cabezudos saldr\u00e1 a las calles de la ciudad por la ma\u00f1ana para acompa\u00f1ar a la Corporaci\u00f3n en cuerpo de ciudad","og_url":"https:\/\/www.laguiadepamplona.com\/actualidad\/pamplona-celebra-este-viernes-la-festividad-de-san-saturnino-y-el-inicio-de-los-actos-navidenos-con-el-encendido-de-las-luces\/","og_site_name":"La Gu\u00eda de Pamplona","article_publisher":"https:\/\/www.facebook.com\/laguiadepamplonacom-133175176762273\/?ref=hl","article_published_time":"2024-11-28T15:08:20+00:00","og_image":[{"width":1771,"height":1181,"url":"https:\/\/www.laguiadepamplona.com\/actualidad\/wp-content\/uploads\/2022\/11\/san-saturnino.webp","type":"image\/webp"}],"author":"La Gu\u00eda de Pamplona","twitter_card":"summary_large_image","twitter_creator":"@LaGuiadPamplona","twitter_site":"@LaGuiadPamplona","twitter_misc":{"Escrito por":"La Gu\u00eda de Pamplona","Tiempo de lectura":"4 minutos"},"schema":{"@context":"https:\/\/schema.org","@graph":[{"@type":"Article","@id":"https:\/\/www.laguiadepamplona.com\/actualidad\/pamplona-celebra-este-viernes-la-festividad-de-san-saturnino-y-el-inicio-de-los-actos-navidenos-con-el-encendido-de-las-luces\/#article","isPartOf":{"@id":"https:\/\/www.laguiadepamplona.com\/actualidad\/pamplona-celebra-este-viernes-la-festividad-de-san-saturnino-y-el-inicio-de-los-actos-navidenos-con-el-encendido-de-las-luces\/"},"author":{"name":"La Gu\u00eda de Pamplona","@id":"https:\/\/www.laguiadepamplona.com\/actualidad\/#\/schema\/person\/efe887376f0213d4657c93adc50b1fdb"},"headline":"Pamplona celebra este viernes la festividad de San Saturnino y el inicio de los actos navide\u00f1os, con el encendido de las luces","datePublished":"2024-11-28T15:08:20+00:00","mainEntityOfPage":{"@id":"https:\/\/www.laguiadepamplona.com\/actualidad\/pamplona-celebra-este-viernes-la-festividad-de-san-saturnino-y-el-inicio-de-los-actos-navidenos-con-el-encendido-de-las-luces\/"},"wordCount":931,"commentCount":0,"publisher":{"@id":"https:\/\/www.laguiadepamplona.com\/actualidad\/#organization"},"image":{"@id":"https:\/\/www.laguiadepamplona.com\/actualidad\/pamplona-celebra-este-viernes-la-festividad-de-san-saturnino-y-el-inicio-de-los-actos-navidenos-con-el-encendido-de-las-luces\/#primaryimage"},"thumbnailUrl":"https:\/\/www.laguiadepamplona.com\/actualidad\/wp-content\/uploads\/2022\/11\/san-saturnino.webp","articleSection":["Ayto Pamplona"],"inLanguage":"es","potentialAction":[{"@type":"CommentAction","name":"Comment","target":["https:\/\/www.laguiadepamplona.com\/actualidad\/pamplona-celebra-este-viernes-la-festividad-de-san-saturnino-y-el-inicio-de-los-actos-navidenos-con-el-encendido-de-las-luces\/#respond"]}]},{"@type":"WebPage","@id":"https:\/\/www.laguiadepamplona.com\/actualidad\/pamplona-celebra-este-viernes-la-festividad-de-san-saturnino-y-el-inicio-de-los-actos-navidenos-con-el-encendido-de-las-luces\/","url":"https:\/\/www.laguiadepamplona.com\/actualidad\/pamplona-celebra-este-viernes-la-festividad-de-san-saturnino-y-el-inicio-de-los-actos-navidenos-con-el-encendido-de-las-luces\/","name":"Pamplona celebra este viernes la festividad de San Saturnino y el inicio de los actos navide\u00f1os, con el encendido de las luces","isPartOf":{"@id":"https:\/\/www.laguiadepamplona.com\/actualidad\/#website"},"primaryImageOfPage":{"@id":"https:\/\/www.laguiadepamplona.com\/actualidad\/pamplona-celebra-este-viernes-la-festividad-de-san-saturnino-y-el-inicio-de-los-actos-navidenos-con-el-encendido-de-las-luces\/#primaryimage"},"image":{"@id":"https:\/\/www.laguiadepamplona.com\/actualidad\/pamplona-celebra-este-viernes-la-festividad-de-san-saturnino-y-el-inicio-de-los-actos-navidenos-con-el-encendido-de-las-luces\/#primaryimage"},"thumbnailUrl":"https:\/\/www.laguiadepamplona.com\/actualidad\/wp-content\/uploads\/2022\/11\/san-saturnino.webp","datePublished":"2024-11-28T15:08:20+00:00","description":"La Comparsa de Gigantes y Cabezudos saldr\u00e1 a las calles de la ciudad por la ma\u00f1ana para acompa\u00f1ar a la Corporaci\u00f3n en cuerpo de ciudad","breadcrumb":{"@id":"https:\/\/www.laguiadepamplona.com\/actualidad\/pamplona-celebra-este-viernes-la-festividad-de-san-saturnino-y-el-inicio-de-los-actos-navidenos-con-el-encendido-de-las-luces\/#breadcrumb"},"inLanguage":"es","potentialAction":[{"@type":"ReadAction","target":["https:\/\/www.laguiadepamplona.com\/actualidad\/pamplona-celebra-este-viernes-la-festividad-de-san-saturnino-y-el-inicio-de-los-actos-navidenos-con-el-encendido-de-las-luces\/"]}]},{"@type":"ImageObject","inLanguage":"es","@id":"https:\/\/www.laguiadepamplona.com\/actualidad\/pamplona-celebra-este-viernes-la-festividad-de-san-saturnino-y-el-inicio-de-los-actos-navidenos-con-el-encendido-de-las-luces\/#primaryimage","url":"https:\/\/www.laguiadepamplona.com\/actualidad\/wp-content\/uploads\/2022\/11\/san-saturnino.webp","contentUrl":"https:\/\/www.laguiadepamplona.com\/actualidad\/wp-content\/uploads\/2022\/11\/san-saturnino.webp","width":1771,"height":1181},{"@type":"BreadcrumbList","@id":"https:\/\/www.laguiadepamplona.com\/actualidad\/pamplona-celebra-este-viernes-la-festividad-de-san-saturnino-y-el-inicio-de-los-actos-navidenos-con-el-encendido-de-las-luces\/#breadcrumb","itemListElement":[{"@type":"ListItem","position":1,"name":"Portada","item":"https:\/\/www.laguiadepamplona.com\/actualidad\/"},{"@type":"ListItem","position":2,"name":"Pamplona celebra este viernes la festividad de San Saturnino y el inicio de los actos navide\u00f1os, con el encendido de las luces"}]},{"@type":"WebSite","@id":"https:\/\/www.laguiadepamplona.com\/actualidad\/#website","url":"https:\/\/www.laguiadepamplona.com\/actualidad\/","name":"La gu\u00eda de Pamplona","description":"Noticias de Pamplona","publisher":{"@id":"https:\/\/www.laguiadepamplona.com\/actualidad\/#organization"},"potentialAction":[{"@type":"SearchAction","target":{"@type":"EntryPoint","urlTemplate":"https:\/\/www.laguiadepamplona.com\/actualidad\/?s={search_term_string}"},"query-input":{"@type":"PropertyValueSpecification","valueRequired":true,"valueName":"search_term_string"}}],"inLanguage":"es"},{"@type":"Organization","@id":"https:\/\/www.laguiadepamplona.com\/actualidad\/#organization","name":"La Gu\u00eda de Pamplona \/ Noticias","url":"https:\/\/www.laguiadepamplona.com\/actualidad\/","logo":{"@type":"ImageObject","inLanguage":"es","@id":"https:\/\/www.laguiadepamplona.com\/actualidad\/#\/schema\/logo\/image\/","url":"https:\/\/www.laguiadepamplona.com\/actualidad\/wp-content\/uploads\/2018\/11\/logo-laguiadepamplona18-web1.png","contentUrl":"https:\/\/www.laguiadepamplona.com\/actualidad\/wp-content\/uploads\/2018\/11\/logo-laguiadepamplona18-web1.png","width":600,"height":196,"caption":"La Gu\u00eda de Pamplona \/ Noticias"},"image":{"@id":"https:\/\/www.laguiadepamplona.com\/actualidad\/#\/schema\/logo\/image\/"},"sameAs":["https:\/\/www.facebook.com\/laguiadepamplonacom-133175176762273\/?ref=hl","https:\/\/x.com\/LaGuiadPamplona","https:\/\/www.instagram.com\/la_guia_de_pamplona\/","https:\/\/www.youtube.com\/user\/laguiadepamplona"]},{"@type":"Person","@id":"https:\/\/www.laguiadepamplona.com\/actualidad\/#\/schema\/person\/efe887376f0213d4657c93adc50b1fdb","name":"La Gu\u00eda de Pamplona","image":{"@type":"ImageObject","inLanguage":"es","@id":"https:\/\/secure.gravatar.com\/avatar\/b6992f131dc8d30ab0dff15446e9d346d9dbd95992de0fef795073f5ea83a81c?s=96&d=mm&r=g","url":"https:\/\/secure.gravatar.com\/avatar\/b6992f131dc8d30ab0dff15446e9d346d9dbd95992de0fef795073f5ea83a81c?s=96&d=mm&r=g","contentUrl":"https:\/\/secure.gravatar.com\/avatar\/b6992f131dc8d30ab0dff15446e9d346d9dbd95992de0fef795073f5ea83a81c?s=96&d=mm&r=g","caption":"La Gu\u00eda de Pamplona"}}]}},"post_mailing_queue_ids":[],"_links":{"self":[{"href":"https:\/\/www.laguiadepamplona.com\/actualidad\/wp-json\/wp\/v2\/posts\/51501","targetHints":{"allow":["GET"]}}],"collection":[{"href":"https:\/\/www.laguiadepamplona.com\/actualidad\/wp-json\/wp\/v2\/posts"}],"about":[{"href":"https:\/\/www.laguiadepamplona.com\/actualidad\/wp-json\/wp\/v2\/types\/post"}],"author":[{"embeddable":true,"href":"https:\/\/www.laguiadepamplona.com\/actualidad\/wp-json\/wp\/v2\/users\/1"}],"replies":[{"embeddable":true,"href":"https:\/\/www.laguiadepamplona.com\/actualidad\/wp-json\/wp\/v2\/comments?post=51501"}],"version-history":[{"count":1,"href":"https:\/\/www.laguiadepamplona.com\/actualidad\/wp-json\/wp\/v2\/posts\/51501\/revisions"}],"predecessor-version":[{"id":51502,"href":"https:\/\/www.laguiadepamplona.com\/actualidad\/wp-json\/wp\/v2\/posts\/51501\/revisions\/51502"}],"wp:featuredmedia":[{"embeddable":true,"href":"https:\/\/www.laguiadepamplona.com\/actualidad\/wp-json\/wp\/v2\/media\/42348"}],"wp:attachment":[{"href":"https:\/\/www.laguiadepamplona.com\/actualidad\/wp-json\/wp\/v2\/media?parent=51501"}],"wp:term":[{"taxonomy":"category","embeddable":true,"href":"https:\/\/www.laguiadepamplona.com\/actualidad\/wp-json\/wp\/v2\/categories?post=51501"},{"taxonomy":"post_tag","embeddable":true,"href":"https:\/\/www.laguiadepamplona.com\/actualidad\/wp-json\/wp\/v2\/tags?post=51501"}],"curies":[{"name":"wp","href":"https:\/\/api.w.org\/{rel}","templated":true}]}}