{"id":51459,"date":"2024-11-26T14:23:34","date_gmt":"2024-11-26T12:23:34","guid":{"rendered":"https:\/\/www.laguiadepamplona.com\/actualidad\/?p=51459"},"modified":"2024-11-26T14:23:34","modified_gmt":"2024-11-26T12:23:34","slug":"policia-municipal-adquiere-cinco-vehiculos-electricos-para-renovar-su-flota","status":"publish","type":"post","link":"https:\/\/www.laguiadepamplona.com\/actualidad\/policia-municipal-adquiere-cinco-vehiculos-electricos-para-renovar-su-flota\/","title":{"rendered":"Polic\u00eda Municipal adquiere cinco veh\u00edculos el\u00e9ctricos para renovar su flota"},"content":{"rendered":"<h2>Adjudicados por un total de 221.168,06 euros dos contratos que dotar\u00e1n al cuerpo policial de tres coches y dos furgonetas ligeras<\/h2>\n<p><!--more--><\/p>\n<p>La Junta de Gobierno Local ha aprobado la adjudicaci\u00f3n de dos contratos que dotar\u00e1n a Polic\u00eda Municipal de Pamplona policial de cinco nuevos veh\u00edculos el\u00e9ctricos. El primero suministrar\u00e1 al cuerpo policial dos veh\u00edculos el\u00e9ctricos compactos y dos furgonetas ligeras, con un coste total de 148.689,06 euros. El segundo contrato adquiere un veh\u00edculo el\u00e9ctrico para la jefatura de Polic\u00eda Municipal por un importe de 72.479 euros. La suma de los dos contratos asciende a 221.168,06 euros. Ha quedado desierto uno de los lotes del primer contrato, con el que se quer\u00eda adquirir un veh\u00edculo tipo furgoneta larga destinada a cubrir las necesidades de movilidad del equipo de sostenibilidad.<\/p>\n<p>Con la adquisici\u00f3n de estos 5 veh\u00edculos, 100% el\u00e9ctricos, se pretende cubrir las necesidades de movilidad de la Polic\u00eda Municipal de Pamplona de acuerdo con la proyecci\u00f3n de imagen p\u00fablica corporativa en l\u00ednea con la estrategia de movilidad sostenible, respeto al medio ambiente y cumplimiento de objetivos de Agenda 2030 asumidos e impulsados por el Ayuntamiento de Pamplona.<\/p>\n<p>Los dos veh\u00edculos, tipo turismo compacto 100% el\u00e9ctricos, est\u00e1n destinados a satisfacer las necesidades de movilidad de la brigada de movilidad. La adjudicataria ha sido la empresa A-Z Motor SA. Por su parte, las dos furgonetas ligeras, tambi\u00e9n 100% el\u00e9ctricas, tienen como objetivo cubrir las necesidades de movilidad de la brigada de seguridad vial. Ser\u00e1n suministradas por Autom\u00f3viles Torregrosa SL.<\/p>\n<p>Adem\u00e1s, la Junta de Gobierno ha aprobado el expediente de contrataci\u00f3n para la adquisici\u00f3n de un veh\u00edculo el\u00e9ctrico para la jefatura de Polic\u00eda Municipal y su adjudicaci\u00f3n a Comercial Gazpi SA.<\/p>\n","protected":false},"excerpt":{"rendered":"<p>Adjudicados por un total de 221.168,06 euros dos contratos que dotar\u00e1n al cuerpo policial de tres coches y dos furgonetas ligeras<\/p>\n","protected":false},"author":1,"featured_media":50332,"comment_status":"open","ping_status":"closed","sticky":false,"template":"","format":"standard","meta":{"footnotes":""},"categories":[2],"tags":[],"class_list":["post-51459","post","type-post","status-publish","format-standard","has-post-thumbnail","hentry","category-ayuntamiento-pamplona"],"yoast_head":"<!-- This site is optimized with the Yoast SEO plugin v27.3 - https:\/\/yoast.com\/product\/yoast-seo-wordpress\/ -->\n<title>Polic\u00eda Municipal adquiere cinco veh\u00edculos el\u00e9ctricos para renovar su flota<\/title>\n<meta name=\"description\" content=\"Adjudicados por un total de 221.168,06 euros dos contratos que dotar\u00e1n al cuerpo policial de tres coches y dos furgonetas ligeras\" \/>\n<meta name=\"robots\" content=\"index, follow, max-snippet:-1, max-image-preview:large, max-video-preview:-1\" \/>\n<link rel=\"canonical\" href=\"https:\/\/www.laguiadepamplona.com\/actualidad\/policia-municipal-adquiere-cinco-vehiculos-electricos-para-renovar-su-flota\/\" \/>\n<meta property=\"og:locale\" content=\"es_ES\" \/>\n<meta property=\"og:type\" content=\"article\" \/>\n<meta property=\"og:title\" content=\"Polic\u00eda Municipal adquiere cinco veh\u00edculos el\u00e9ctricos para renovar su flota\" \/>\n<meta property=\"og:description\" content=\"Adjudicados por un total de 221.168,06 euros dos contratos que dotar\u00e1n al cuerpo policial de tres coches y dos furgonetas ligeras\" \/>\n<meta property=\"og:url\" content=\"https:\/\/www.laguiadepamplona.com\/actualidad\/policia-municipal-adquiere-cinco-vehiculos-electricos-para-renovar-su-flota\/\" \/>\n<meta property=\"og:site_name\" content=\"La Gu\u00eda de Pamplona\" \/>\n<meta property=\"article:publisher\" content=\"https:\/\/www.facebook.com\/laguiadepamplonacom-133175176762273\/?ref=hl\" \/>\n<meta property=\"article:published_time\" content=\"2024-11-26T12:23:34+00:00\" \/>\n<meta property=\"og:image\" content=\"https:\/\/www.laguiadepamplona.com\/actualidad\/wp-content\/uploads\/2024\/07\/vehiculos-policia-municipal_PM_web.webp\" \/>\n\t<meta property=\"og:image:width\" content=\"1000\" \/>\n\t<meta property=\"og:image:height\" content=\"668\" \/>\n\t<meta property=\"og:image:type\" content=\"image\/webp\" \/>\n<meta name=\"author\" content=\"La Gu\u00eda de Pamplona\" \/>\n<meta name=\"twitter:card\" content=\"summary_large_image\" \/>\n<meta name=\"twitter:creator\" content=\"@LaGuiadPamplona\" \/>\n<meta name=\"twitter:site\" content=\"@LaGuiadPamplona\" \/>\n<meta name=\"twitter:label1\" content=\"Escrito por\" \/>\n\t<meta name=\"twitter:data1\" content=\"La Gu\u00eda de Pamplona\" \/>\n\t<meta name=\"twitter:label2\" content=\"Tiempo de lectura\" \/>\n\t<meta name=\"twitter:data2\" content=\"2 minutos\" \/>\n<script type=\"application\/ld+json\" class=\"yoast-schema-graph\">{\"@context\":\"https:\\\/\\\/schema.org\",\"@graph\":[{\"@type\":\"Article\",\"@id\":\"https:\\\/\\\/www.laguiadepamplona.com\\\/actualidad\\\/policia-municipal-adquiere-cinco-vehiculos-electricos-para-renovar-su-flota\\\/#article\",\"isPartOf\":{\"@id\":\"https:\\\/\\\/www.laguiadepamplona.com\\\/actualidad\\\/policia-municipal-adquiere-cinco-vehiculos-electricos-para-renovar-su-flota\\\/\"},\"author\":{\"name\":\"La Gu\u00eda de Pamplona\",\"@id\":\"https:\\\/\\\/www.laguiadepamplona.com\\\/actualidad\\\/#\\\/schema\\\/person\\\/efe887376f0213d4657c93adc50b1fdb\"},\"headline\":\"Polic\u00eda Municipal adquiere cinco veh\u00edculos el\u00e9ctricos para renovar su flota\",\"datePublished\":\"2024-11-26T12:23:34+00:00\",\"mainEntityOfPage\":{\"@id\":\"https:\\\/\\\/www.laguiadepamplona.com\\\/actualidad\\\/policia-municipal-adquiere-cinco-vehiculos-electricos-para-renovar-su-flota\\\/\"},\"wordCount\":315,\"commentCount\":0,\"publisher\":{\"@id\":\"https:\\\/\\\/www.laguiadepamplona.com\\\/actualidad\\\/#organization\"},\"image\":{\"@id\":\"https:\\\/\\\/www.laguiadepamplona.com\\\/actualidad\\\/policia-municipal-adquiere-cinco-vehiculos-electricos-para-renovar-su-flota\\\/#primaryimage\"},\"thumbnailUrl\":\"https:\\\/\\\/www.laguiadepamplona.com\\\/actualidad\\\/wp-content\\\/uploads\\\/2024\\\/07\\\/vehiculos-policia-municipal_PM_web.webp\",\"articleSection\":[\"Ayto Pamplona\"],\"inLanguage\":\"es\",\"potentialAction\":[{\"@type\":\"CommentAction\",\"name\":\"Comment\",\"target\":[\"https:\\\/\\\/www.laguiadepamplona.com\\\/actualidad\\\/policia-municipal-adquiere-cinco-vehiculos-electricos-para-renovar-su-flota\\\/#respond\"]}]},{\"@type\":\"WebPage\",\"@id\":\"https:\\\/\\\/www.laguiadepamplona.com\\\/actualidad\\\/policia-municipal-adquiere-cinco-vehiculos-electricos-para-renovar-su-flota\\\/\",\"url\":\"https:\\\/\\\/www.laguiadepamplona.com\\\/actualidad\\\/policia-municipal-adquiere-cinco-vehiculos-electricos-para-renovar-su-flota\\\/\",\"name\":\"Polic\u00eda Municipal adquiere cinco veh\u00edculos el\u00e9ctricos para renovar su flota\",\"isPartOf\":{\"@id\":\"https:\\\/\\\/www.laguiadepamplona.com\\\/actualidad\\\/#website\"},\"primaryImageOfPage\":{\"@id\":\"https:\\\/\\\/www.laguiadepamplona.com\\\/actualidad\\\/policia-municipal-adquiere-cinco-vehiculos-electricos-para-renovar-su-flota\\\/#primaryimage\"},\"image\":{\"@id\":\"https:\\\/\\\/www.laguiadepamplona.com\\\/actualidad\\\/policia-municipal-adquiere-cinco-vehiculos-electricos-para-renovar-su-flota\\\/#primaryimage\"},\"thumbnailUrl\":\"https:\\\/\\\/www.laguiadepamplona.com\\\/actualidad\\\/wp-content\\\/uploads\\\/2024\\\/07\\\/vehiculos-policia-municipal_PM_web.webp\",\"datePublished\":\"2024-11-26T12:23:34+00:00\",\"description\":\"Adjudicados por un total de 221.168,06 euros dos contratos que dotar\u00e1n al cuerpo policial de tres coches y dos furgonetas ligeras\",\"breadcrumb\":{\"@id\":\"https:\\\/\\\/www.laguiadepamplona.com\\\/actualidad\\\/policia-municipal-adquiere-cinco-vehiculos-electricos-para-renovar-su-flota\\\/#breadcrumb\"},\"inLanguage\":\"es\",\"potentialAction\":[{\"@type\":\"ReadAction\",\"target\":[\"https:\\\/\\\/www.laguiadepamplona.com\\\/actualidad\\\/policia-municipal-adquiere-cinco-vehiculos-electricos-para-renovar-su-flota\\\/\"]}]},{\"@type\":\"ImageObject\",\"inLanguage\":\"es\",\"@id\":\"https:\\\/\\\/www.laguiadepamplona.com\\\/actualidad\\\/policia-municipal-adquiere-cinco-vehiculos-electricos-para-renovar-su-flota\\\/#primaryimage\",\"url\":\"https:\\\/\\\/www.laguiadepamplona.com\\\/actualidad\\\/wp-content\\\/uploads\\\/2024\\\/07\\\/vehiculos-policia-municipal_PM_web.webp\",\"contentUrl\":\"https:\\\/\\\/www.laguiadepamplona.com\\\/actualidad\\\/wp-content\\\/uploads\\\/2024\\\/07\\\/vehiculos-policia-municipal_PM_web.webp\",\"width\":1000,\"height\":668,\"caption\":\"veh\u00edculos polic\u00eda municipal\"},{\"@type\":\"BreadcrumbList\",\"@id\":\"https:\\\/\\\/www.laguiadepamplona.com\\\/actualidad\\\/policia-municipal-adquiere-cinco-vehiculos-electricos-para-renovar-su-flota\\\/#breadcrumb\",\"itemListElement\":[{\"@type\":\"ListItem\",\"position\":1,\"name\":\"Portada\",\"item\":\"https:\\\/\\\/www.laguiadepamplona.com\\\/actualidad\\\/\"},{\"@type\":\"ListItem\",\"position\":2,\"name\":\"Polic\u00eda Municipal adquiere cinco veh\u00edculos el\u00e9ctricos para renovar su flota\"}]},{\"@type\":\"WebSite\",\"@id\":\"https:\\\/\\\/www.laguiadepamplona.com\\\/actualidad\\\/#website\",\"url\":\"https:\\\/\\\/www.laguiadepamplona.com\\\/actualidad\\\/\",\"name\":\"La gu\u00eda de Pamplona\",\"description\":\"Noticias de Pamplona\",\"publisher\":{\"@id\":\"https:\\\/\\\/www.laguiadepamplona.com\\\/actualidad\\\/#organization\"},\"potentialAction\":[{\"@type\":\"SearchAction\",\"target\":{\"@type\":\"EntryPoint\",\"urlTemplate\":\"https:\\\/\\\/www.laguiadepamplona.com\\\/actualidad\\\/?s={search_term_string}\"},\"query-input\":{\"@type\":\"PropertyValueSpecification\",\"valueRequired\":true,\"valueName\":\"search_term_string\"}}],\"inLanguage\":\"es\"},{\"@type\":\"Organization\",\"@id\":\"https:\\\/\\\/www.laguiadepamplona.com\\\/actualidad\\\/#organization\",\"name\":\"La Gu\u00eda de Pamplona \\\/ Noticias\",\"url\":\"https:\\\/\\\/www.laguiadepamplona.com\\\/actualidad\\\/\",\"logo\":{\"@type\":\"ImageObject\",\"inLanguage\":\"es\",\"@id\":\"https:\\\/\\\/www.laguiadepamplona.com\\\/actualidad\\\/#\\\/schema\\\/logo\\\/image\\\/\",\"url\":\"https:\\\/\\\/www.laguiadepamplona.com\\\/actualidad\\\/wp-content\\\/uploads\\\/2018\\\/11\\\/logo-laguiadepamplona18-web1.png\",\"contentUrl\":\"https:\\\/\\\/www.laguiadepamplona.com\\\/actualidad\\\/wp-content\\\/uploads\\\/2018\\\/11\\\/logo-laguiadepamplona18-web1.png\",\"width\":600,\"height\":196,\"caption\":\"La Gu\u00eda de Pamplona \\\/ Noticias\"},\"image\":{\"@id\":\"https:\\\/\\\/www.laguiadepamplona.com\\\/actualidad\\\/#\\\/schema\\\/logo\\\/image\\\/\"},\"sameAs\":[\"https:\\\/\\\/www.facebook.com\\\/laguiadepamplonacom-133175176762273\\\/?ref=hl\",\"https:\\\/\\\/x.com\\\/LaGuiadPamplona\",\"https:\\\/\\\/www.instagram.com\\\/la_guia_de_pamplona\\\/\",\"https:\\\/\\\/www.youtube.com\\\/user\\\/laguiadepamplona\"]},{\"@type\":\"Person\",\"@id\":\"https:\\\/\\\/www.laguiadepamplona.com\\\/actualidad\\\/#\\\/schema\\\/person\\\/efe887376f0213d4657c93adc50b1fdb\",\"name\":\"La Gu\u00eda de Pamplona\",\"image\":{\"@type\":\"ImageObject\",\"inLanguage\":\"es\",\"@id\":\"https:\\\/\\\/secure.gravatar.com\\\/avatar\\\/b6992f131dc8d30ab0dff15446e9d346d9dbd95992de0fef795073f5ea83a81c?s=96&d=mm&r=g\",\"url\":\"https:\\\/\\\/secure.gravatar.com\\\/avatar\\\/b6992f131dc8d30ab0dff15446e9d346d9dbd95992de0fef795073f5ea83a81c?s=96&d=mm&r=g\",\"contentUrl\":\"https:\\\/\\\/secure.gravatar.com\\\/avatar\\\/b6992f131dc8d30ab0dff15446e9d346d9dbd95992de0fef795073f5ea83a81c?s=96&d=mm&r=g\",\"caption\":\"La Gu\u00eda de Pamplona\"}}]}<\/script>\n<!-- \/ Yoast SEO plugin. -->","yoast_head_json":{"title":"Polic\u00eda Municipal adquiere cinco veh\u00edculos el\u00e9ctricos para renovar su flota","description":"Adjudicados por un total de 221.168,06 euros dos contratos que dotar\u00e1n al cuerpo policial de tres coches y dos furgonetas ligeras","robots":{"index":"index","follow":"follow","max-snippet":"max-snippet:-1","max-image-preview":"max-image-preview:large","max-video-preview":"max-video-preview:-1"},"canonical":"https:\/\/www.laguiadepamplona.com\/actualidad\/policia-municipal-adquiere-cinco-vehiculos-electricos-para-renovar-su-flota\/","og_locale":"es_ES","og_type":"article","og_title":"Polic\u00eda Municipal adquiere cinco veh\u00edculos el\u00e9ctricos para renovar su flota","og_description":"Adjudicados por un total de 221.168,06 euros dos contratos que dotar\u00e1n al cuerpo policial de tres coches y dos furgonetas ligeras","og_url":"https:\/\/www.laguiadepamplona.com\/actualidad\/policia-municipal-adquiere-cinco-vehiculos-electricos-para-renovar-su-flota\/","og_site_name":"La Gu\u00eda de Pamplona","article_publisher":"https:\/\/www.facebook.com\/laguiadepamplonacom-133175176762273\/?ref=hl","article_published_time":"2024-11-26T12:23:34+00:00","og_image":[{"width":1000,"height":668,"url":"https:\/\/www.laguiadepamplona.com\/actualidad\/wp-content\/uploads\/2024\/07\/vehiculos-policia-municipal_PM_web.webp","type":"image\/webp"}],"author":"La Gu\u00eda de Pamplona","twitter_card":"summary_large_image","twitter_creator":"@LaGuiadPamplona","twitter_site":"@LaGuiadPamplona","twitter_misc":{"Escrito por":"La Gu\u00eda de Pamplona","Tiempo de lectura":"2 minutos"},"schema":{"@context":"https:\/\/schema.org","@graph":[{"@type":"Article","@id":"https:\/\/www.laguiadepamplona.com\/actualidad\/policia-municipal-adquiere-cinco-vehiculos-electricos-para-renovar-su-flota\/#article","isPartOf":{"@id":"https:\/\/www.laguiadepamplona.com\/actualidad\/policia-municipal-adquiere-cinco-vehiculos-electricos-para-renovar-su-flota\/"},"author":{"name":"La Gu\u00eda de Pamplona","@id":"https:\/\/www.laguiadepamplona.com\/actualidad\/#\/schema\/person\/efe887376f0213d4657c93adc50b1fdb"},"headline":"Polic\u00eda Municipal adquiere cinco veh\u00edculos el\u00e9ctricos para renovar su flota","datePublished":"2024-11-26T12:23:34+00:00","mainEntityOfPage":{"@id":"https:\/\/www.laguiadepamplona.com\/actualidad\/policia-municipal-adquiere-cinco-vehiculos-electricos-para-renovar-su-flota\/"},"wordCount":315,"commentCount":0,"publisher":{"@id":"https:\/\/www.laguiadepamplona.com\/actualidad\/#organization"},"image":{"@id":"https:\/\/www.laguiadepamplona.com\/actualidad\/policia-municipal-adquiere-cinco-vehiculos-electricos-para-renovar-su-flota\/#primaryimage"},"thumbnailUrl":"https:\/\/www.laguiadepamplona.com\/actualidad\/wp-content\/uploads\/2024\/07\/vehiculos-policia-municipal_PM_web.webp","articleSection":["Ayto Pamplona"],"inLanguage":"es","potentialAction":[{"@type":"CommentAction","name":"Comment","target":["https:\/\/www.laguiadepamplona.com\/actualidad\/policia-municipal-adquiere-cinco-vehiculos-electricos-para-renovar-su-flota\/#respond"]}]},{"@type":"WebPage","@id":"https:\/\/www.laguiadepamplona.com\/actualidad\/policia-municipal-adquiere-cinco-vehiculos-electricos-para-renovar-su-flota\/","url":"https:\/\/www.laguiadepamplona.com\/actualidad\/policia-municipal-adquiere-cinco-vehiculos-electricos-para-renovar-su-flota\/","name":"Polic\u00eda Municipal adquiere cinco veh\u00edculos el\u00e9ctricos para renovar su flota","isPartOf":{"@id":"https:\/\/www.laguiadepamplona.com\/actualidad\/#website"},"primaryImageOfPage":{"@id":"https:\/\/www.laguiadepamplona.com\/actualidad\/policia-municipal-adquiere-cinco-vehiculos-electricos-para-renovar-su-flota\/#primaryimage"},"image":{"@id":"https:\/\/www.laguiadepamplona.com\/actualidad\/policia-municipal-adquiere-cinco-vehiculos-electricos-para-renovar-su-flota\/#primaryimage"},"thumbnailUrl":"https:\/\/www.laguiadepamplona.com\/actualidad\/wp-content\/uploads\/2024\/07\/vehiculos-policia-municipal_PM_web.webp","datePublished":"2024-11-26T12:23:34+00:00","description":"Adjudicados por un total de 221.168,06 euros dos contratos que dotar\u00e1n al cuerpo policial de tres coches y dos furgonetas ligeras","breadcrumb":{"@id":"https:\/\/www.laguiadepamplona.com\/actualidad\/policia-municipal-adquiere-cinco-vehiculos-electricos-para-renovar-su-flota\/#breadcrumb"},"inLanguage":"es","potentialAction":[{"@type":"ReadAction","target":["https:\/\/www.laguiadepamplona.com\/actualidad\/policia-municipal-adquiere-cinco-vehiculos-electricos-para-renovar-su-flota\/"]}]},{"@type":"ImageObject","inLanguage":"es","@id":"https:\/\/www.laguiadepamplona.com\/actualidad\/policia-municipal-adquiere-cinco-vehiculos-electricos-para-renovar-su-flota\/#primaryimage","url":"https:\/\/www.laguiadepamplona.com\/actualidad\/wp-content\/uploads\/2024\/07\/vehiculos-policia-municipal_PM_web.webp","contentUrl":"https:\/\/www.laguiadepamplona.com\/actualidad\/wp-content\/uploads\/2024\/07\/vehiculos-policia-municipal_PM_web.webp","width":1000,"height":668,"caption":"veh\u00edculos polic\u00eda municipal"},{"@type":"BreadcrumbList","@id":"https:\/\/www.laguiadepamplona.com\/actualidad\/policia-municipal-adquiere-cinco-vehiculos-electricos-para-renovar-su-flota\/#breadcrumb","itemListElement":[{"@type":"ListItem","position":1,"name":"Portada","item":"https:\/\/www.laguiadepamplona.com\/actualidad\/"},{"@type":"ListItem","position":2,"name":"Polic\u00eda Municipal adquiere cinco veh\u00edculos el\u00e9ctricos para renovar su flota"}]},{"@type":"WebSite","@id":"https:\/\/www.laguiadepamplona.com\/actualidad\/#website","url":"https:\/\/www.laguiadepamplona.com\/actualidad\/","name":"La gu\u00eda de Pamplona","description":"Noticias de Pamplona","publisher":{"@id":"https:\/\/www.laguiadepamplona.com\/actualidad\/#organization"},"potentialAction":[{"@type":"SearchAction","target":{"@type":"EntryPoint","urlTemplate":"https:\/\/www.laguiadepamplona.com\/actualidad\/?s={search_term_string}"},"query-input":{"@type":"PropertyValueSpecification","valueRequired":true,"valueName":"search_term_string"}}],"inLanguage":"es"},{"@type":"Organization","@id":"https:\/\/www.laguiadepamplona.com\/actualidad\/#organization","name":"La Gu\u00eda de Pamplona \/ Noticias","url":"https:\/\/www.laguiadepamplona.com\/actualidad\/","logo":{"@type":"ImageObject","inLanguage":"es","@id":"https:\/\/www.laguiadepamplona.com\/actualidad\/#\/schema\/logo\/image\/","url":"https:\/\/www.laguiadepamplona.com\/actualidad\/wp-content\/uploads\/2018\/11\/logo-laguiadepamplona18-web1.png","contentUrl":"https:\/\/www.laguiadepamplona.com\/actualidad\/wp-content\/uploads\/2018\/11\/logo-laguiadepamplona18-web1.png","width":600,"height":196,"caption":"La Gu\u00eda de Pamplona \/ Noticias"},"image":{"@id":"https:\/\/www.laguiadepamplona.com\/actualidad\/#\/schema\/logo\/image\/"},"sameAs":["https:\/\/www.facebook.com\/laguiadepamplonacom-133175176762273\/?ref=hl","https:\/\/x.com\/LaGuiadPamplona","https:\/\/www.instagram.com\/la_guia_de_pamplona\/","https:\/\/www.youtube.com\/user\/laguiadepamplona"]},{"@type":"Person","@id":"https:\/\/www.laguiadepamplona.com\/actualidad\/#\/schema\/person\/efe887376f0213d4657c93adc50b1fdb","name":"La Gu\u00eda de Pamplona","image":{"@type":"ImageObject","inLanguage":"es","@id":"https:\/\/secure.gravatar.com\/avatar\/b6992f131dc8d30ab0dff15446e9d346d9dbd95992de0fef795073f5ea83a81c?s=96&d=mm&r=g","url":"https:\/\/secure.gravatar.com\/avatar\/b6992f131dc8d30ab0dff15446e9d346d9dbd95992de0fef795073f5ea83a81c?s=96&d=mm&r=g","contentUrl":"https:\/\/secure.gravatar.com\/avatar\/b6992f131dc8d30ab0dff15446e9d346d9dbd95992de0fef795073f5ea83a81c?s=96&d=mm&r=g","caption":"La Gu\u00eda de Pamplona"}}]}},"post_mailing_queue_ids":[],"_links":{"self":[{"href":"https:\/\/www.laguiadepamplona.com\/actualidad\/wp-json\/wp\/v2\/posts\/51459","targetHints":{"allow":["GET"]}}],"collection":[{"href":"https:\/\/www.laguiadepamplona.com\/actualidad\/wp-json\/wp\/v2\/posts"}],"about":[{"href":"https:\/\/www.laguiadepamplona.com\/actualidad\/wp-json\/wp\/v2\/types\/post"}],"author":[{"embeddable":true,"href":"https:\/\/www.laguiadepamplona.com\/actualidad\/wp-json\/wp\/v2\/users\/1"}],"replies":[{"embeddable":true,"href":"https:\/\/www.laguiadepamplona.com\/actualidad\/wp-json\/wp\/v2\/comments?post=51459"}],"version-history":[{"count":1,"href":"https:\/\/www.laguiadepamplona.com\/actualidad\/wp-json\/wp\/v2\/posts\/51459\/revisions"}],"predecessor-version":[{"id":51460,"href":"https:\/\/www.laguiadepamplona.com\/actualidad\/wp-json\/wp\/v2\/posts\/51459\/revisions\/51460"}],"wp:featuredmedia":[{"embeddable":true,"href":"https:\/\/www.laguiadepamplona.com\/actualidad\/wp-json\/wp\/v2\/media\/50332"}],"wp:attachment":[{"href":"https:\/\/www.laguiadepamplona.com\/actualidad\/wp-json\/wp\/v2\/media?parent=51459"}],"wp:term":[{"taxonomy":"category","embeddable":true,"href":"https:\/\/www.laguiadepamplona.com\/actualidad\/wp-json\/wp\/v2\/categories?post=51459"},{"taxonomy":"post_tag","embeddable":true,"href":"https:\/\/www.laguiadepamplona.com\/actualidad\/wp-json\/wp\/v2\/tags?post=51459"}],"curies":[{"name":"wp","href":"https:\/\/api.w.org\/{rel}","templated":true}]}}