{"id":51453,"date":"2024-11-26T14:20:39","date_gmt":"2024-11-26T12:20:39","guid":{"rendered":"https:\/\/www.laguiadepamplona.com\/actualidad\/?p=51453"},"modified":"2024-11-26T14:20:39","modified_gmt":"2024-11-26T12:20:39","slug":"la-ciudadania-podra-visitar-la-exposicion-sobre-la-nueva-marca-ciudad-pamplona-bagara-iruna-de-verdad-hasta-el-19-de-diciembre-en-condestable","status":"publish","type":"post","link":"https:\/\/www.laguiadepamplona.com\/actualidad\/la-ciudadania-podra-visitar-la-exposicion-sobre-la-nueva-marca-ciudad-pamplona-bagara-iruna-de-verdad-hasta-el-19-de-diciembre-en-condestable\/","title":{"rendered":"La ciudadan\u00eda podr\u00e1 visitar la exposici\u00f3n sobre la nueva marca ciudad \u2018Pamplona= Bagara. Iru\u00f1a = De verdad\u2019 hasta el 19 de diciembre en Condestable"},"content":{"rendered":"<h2>La Comisi\u00f3n de Presidencia ha recorrido la muestra, en la que se describe el proceso creativo de la nueva marca<\/h2>\n<p><!--more--><\/p>\n<p>El Ayuntamiento de Pamplona ha organizado una exposici\u00f3n sobre la nueva marca ciudad \u2018Pamplona=Bagara. Iru\u00f1a=De verdad\u2019, en la que dar a conocer a la ciudadan\u00eda c\u00f3mo ha surgido esa marca y c\u00f3mo ha sido el proceso creativo completo. La muestra, que tiene vocaci\u00f3n itinerante, ha arrancado en el Palacio de Condestable, donde podr\u00e1 visitarse hasta el pr\u00f3ximo 19 de diciembre. La Comisi\u00f3n de Presidencia del Ayuntamiento ha acudido esta ma\u00f1ana a conocer, de primera mano, la exposici\u00f3n, en la que a trav\u00e9s de seis paneles se aborda la nueva marca ciudad.<\/p>\n<p>La nueva marca \u2018Pamplona=Bagara. Iru\u00f1a=De verdad\u2019 se dio a conocer p\u00fablicamente el pasado 12 de noviembre, en un acto que congreg\u00f3 a alrededor de 400 personas de distintos \u00e1mbitos y sectores de la ciudad. Ahora, con esta exposici\u00f3n el Consistorio quiere ofrecer al conjunto de la ciudadan\u00eda unas pinceladas de un proceso que se ha prolongado durante varios meses, en los que se invit\u00f3 a participar a 1.700 colectivos. En los seis paneles de gran formato se aborda el proceso de an\u00e1lisis, de puesta en com\u00fan, de definici\u00f3n de los aspectos y caracter\u00edsticas que hacen de Pamplona la ciudad que es, para despu\u00e9s idear la nueva marca ciudad, como concepto, pero tambi\u00e9n como imagen, con su logo, su color y su tipograf\u00eda.<\/p>\n<p>Los miembros de la Comisi\u00f3n de Presidencia han podido, as\u00ed, recorrer todo el proceso analizando esos paneles informativos. Primero, han recibido unas pinceladas de lo que une a toda la poblaci\u00f3n de Pamplona. M\u00e1s all\u00e1 de los datos b\u00e1sicos demogr\u00e1ficos y geogr\u00e1ficos, la ciudad es aquello con lo que se identifican sus gentes y con lo que la identifican quienes la visitan y la disfrutan. Es historia y patrimonio, tambi\u00e9n es San Ferm\u00edn y zonas verdes, son murallas y son universidades, es naturaleza y deporte, es gastronom\u00eda, pluralidad y diversidad. As\u00ed se ha reflejado en las jornadas participativas, entrevistas, talleres de cocreaci\u00f3n, mesas sectoriales y t\u00e9cnicas y m\u00e1s de un centenar de entrevistas que se han realizado para abordar esa imagen de conjunto. En ese proceso de diagn\u00f3stico, expuesto en los paneles informativos, es donde se pusieron las bases de la nueva marca, que luego cobr\u00f3 forma en un proceso creativo en el que hubo que pensar en una frase que aglutina todo, en un color que identificara la ciudad y en una tipograf\u00eda propia, \u00fanica. As\u00ed surge \u2018Pamplona=Bagara. Iru\u00f1a=De verdad\u2019.<\/p>\n<p>Una parte importante de la muestra la componen las personas que se han convertido en embajadores de la marca ciudad. Dos paneles recogen los rostros y la historia de cuatro mujeres y cuatro hombres, pamploneses todos, con una trayectoria profesional importante y que llevan el nombre de Pamplona por todo el mundo. Desde el cineasta Montxo Armend\u00e1riz hasta el m\u00fasico El Drogas, pasando por la repostera Joanna Artieda Vicente, la futbolista Mai Garde Echaleku, la cantante Aurora Beltr\u00e1n Gila, el pelotari Juan Mart\u00ednez de Irujo Go\u00f1i, el humorista gr\u00e1fico C\u00e9sar Oroz Martija o la presidenta de La Pamplonesa, Nekane Solana Arocena.<\/p>\n<p>La muestra permanecer\u00e1 en el Palacio de Condestable hasta el 19 de diciembre. Un d\u00eda despu\u00e9s, el 20, se trasladar\u00e1 al mercado del Ensanche, donde podr\u00e1 visitarse hasta el 10 de enero. A mediados de ese mes comenzar\u00e1 una gira por los distintos barrios de la ciudad que se prolongar\u00e1 hasta junio.<\/p>\n","protected":false},"excerpt":{"rendered":"<p>La Comisi\u00f3n de Presidencia ha recorrido la muestra, en la que se describe el proceso creativo de la nueva marca<\/p>\n","protected":false},"author":1,"featured_media":51454,"comment_status":"open","ping_status":"closed","sticky":false,"template":"","format":"standard","meta":{"footnotes":""},"categories":[2],"tags":[],"class_list":["post-51453","post","type-post","status-publish","format-standard","has-post-thumbnail","hentry","category-ayuntamiento-pamplona"],"yoast_head":"<!-- This site is optimized with the Yoast SEO plugin v27.3 - https:\/\/yoast.com\/product\/yoast-seo-wordpress\/ -->\n<title>La ciudadan\u00eda podr\u00e1 visitar la exposici\u00f3n sobre la nueva marca ciudad \u2018Pamplona= Bagara. Iru\u00f1a = De verdad\u2019 hasta el 19 de diciembre en Condestable<\/title>\n<meta name=\"description\" content=\"La Comisi\u00f3n de Presidencia ha recorrido la muestra, en la que se describe el proceso creativo de la nueva marca\" \/>\n<meta name=\"robots\" content=\"index, follow, max-snippet:-1, max-image-preview:large, max-video-preview:-1\" \/>\n<link rel=\"canonical\" href=\"https:\/\/www.laguiadepamplona.com\/actualidad\/la-ciudadania-podra-visitar-la-exposicion-sobre-la-nueva-marca-ciudad-pamplona-bagara-iruna-de-verdad-hasta-el-19-de-diciembre-en-condestable\/\" \/>\n<meta property=\"og:locale\" content=\"es_ES\" \/>\n<meta property=\"og:type\" content=\"article\" \/>\n<meta property=\"og:title\" content=\"La ciudadan\u00eda podr\u00e1 visitar la exposici\u00f3n sobre la nueva marca ciudad \u2018Pamplona= Bagara. Iru\u00f1a = De verdad\u2019 hasta el 19 de diciembre en Condestable\" \/>\n<meta property=\"og:description\" content=\"La Comisi\u00f3n de Presidencia ha recorrido la muestra, en la que se describe el proceso creativo de la nueva marca\" \/>\n<meta property=\"og:url\" content=\"https:\/\/www.laguiadepamplona.com\/actualidad\/la-ciudadania-podra-visitar-la-exposicion-sobre-la-nueva-marca-ciudad-pamplona-bagara-iruna-de-verdad-hasta-el-19-de-diciembre-en-condestable\/\" \/>\n<meta property=\"og:site_name\" content=\"La Gu\u00eda de Pamplona\" \/>\n<meta property=\"article:publisher\" content=\"https:\/\/www.facebook.com\/laguiadepamplonacom-133175176762273\/?ref=hl\" \/>\n<meta property=\"article:published_time\" content=\"2024-11-26T12:20:39+00:00\" \/>\n<meta property=\"og:image\" content=\"https:\/\/www.laguiadepamplona.com\/actualidad\/wp-content\/uploads\/2024\/11\/visitacomisionpresidenciaexposicionmarcapamplona1_0.webp\" \/>\n\t<meta property=\"og:image:width\" content=\"1000\" \/>\n\t<meta property=\"og:image:height\" content=\"666\" \/>\n\t<meta property=\"og:image:type\" content=\"image\/webp\" \/>\n<meta name=\"author\" content=\"La Gu\u00eda de Pamplona\" \/>\n<meta name=\"twitter:card\" content=\"summary_large_image\" \/>\n<meta name=\"twitter:creator\" content=\"@LaGuiadPamplona\" \/>\n<meta name=\"twitter:site\" content=\"@LaGuiadPamplona\" \/>\n<meta name=\"twitter:label1\" content=\"Escrito por\" \/>\n\t<meta name=\"twitter:data1\" content=\"La Gu\u00eda de Pamplona\" \/>\n\t<meta name=\"twitter:label2\" content=\"Tiempo de lectura\" \/>\n\t<meta name=\"twitter:data2\" content=\"3 minutos\" \/>\n<script type=\"application\/ld+json\" class=\"yoast-schema-graph\">{\"@context\":\"https:\\\/\\\/schema.org\",\"@graph\":[{\"@type\":\"Article\",\"@id\":\"https:\\\/\\\/www.laguiadepamplona.com\\\/actualidad\\\/la-ciudadania-podra-visitar-la-exposicion-sobre-la-nueva-marca-ciudad-pamplona-bagara-iruna-de-verdad-hasta-el-19-de-diciembre-en-condestable\\\/#article\",\"isPartOf\":{\"@id\":\"https:\\\/\\\/www.laguiadepamplona.com\\\/actualidad\\\/la-ciudadania-podra-visitar-la-exposicion-sobre-la-nueva-marca-ciudad-pamplona-bagara-iruna-de-verdad-hasta-el-19-de-diciembre-en-condestable\\\/\"},\"author\":{\"name\":\"La Gu\u00eda de Pamplona\",\"@id\":\"https:\\\/\\\/www.laguiadepamplona.com\\\/actualidad\\\/#\\\/schema\\\/person\\\/efe887376f0213d4657c93adc50b1fdb\"},\"headline\":\"La ciudadan\u00eda podr\u00e1 visitar la exposici\u00f3n sobre la nueva marca ciudad \u2018Pamplona= Bagara. Iru\u00f1a = De verdad\u2019 hasta el 19 de diciembre en Condestable\",\"datePublished\":\"2024-11-26T12:20:39+00:00\",\"mainEntityOfPage\":{\"@id\":\"https:\\\/\\\/www.laguiadepamplona.com\\\/actualidad\\\/la-ciudadania-podra-visitar-la-exposicion-sobre-la-nueva-marca-ciudad-pamplona-bagara-iruna-de-verdad-hasta-el-19-de-diciembre-en-condestable\\\/\"},\"wordCount\":638,\"commentCount\":0,\"publisher\":{\"@id\":\"https:\\\/\\\/www.laguiadepamplona.com\\\/actualidad\\\/#organization\"},\"image\":{\"@id\":\"https:\\\/\\\/www.laguiadepamplona.com\\\/actualidad\\\/la-ciudadania-podra-visitar-la-exposicion-sobre-la-nueva-marca-ciudad-pamplona-bagara-iruna-de-verdad-hasta-el-19-de-diciembre-en-condestable\\\/#primaryimage\"},\"thumbnailUrl\":\"https:\\\/\\\/www.laguiadepamplona.com\\\/actualidad\\\/wp-content\\\/uploads\\\/2024\\\/11\\\/visitacomisionpresidenciaexposicionmarcapamplona1_0.webp\",\"articleSection\":[\"Ayto Pamplona\"],\"inLanguage\":\"es\",\"potentialAction\":[{\"@type\":\"CommentAction\",\"name\":\"Comment\",\"target\":[\"https:\\\/\\\/www.laguiadepamplona.com\\\/actualidad\\\/la-ciudadania-podra-visitar-la-exposicion-sobre-la-nueva-marca-ciudad-pamplona-bagara-iruna-de-verdad-hasta-el-19-de-diciembre-en-condestable\\\/#respond\"]}]},{\"@type\":\"WebPage\",\"@id\":\"https:\\\/\\\/www.laguiadepamplona.com\\\/actualidad\\\/la-ciudadania-podra-visitar-la-exposicion-sobre-la-nueva-marca-ciudad-pamplona-bagara-iruna-de-verdad-hasta-el-19-de-diciembre-en-condestable\\\/\",\"url\":\"https:\\\/\\\/www.laguiadepamplona.com\\\/actualidad\\\/la-ciudadania-podra-visitar-la-exposicion-sobre-la-nueva-marca-ciudad-pamplona-bagara-iruna-de-verdad-hasta-el-19-de-diciembre-en-condestable\\\/\",\"name\":\"La ciudadan\u00eda podr\u00e1 visitar la exposici\u00f3n sobre la nueva marca ciudad \u2018Pamplona= Bagara. Iru\u00f1a = De verdad\u2019 hasta el 19 de diciembre en Condestable\",\"isPartOf\":{\"@id\":\"https:\\\/\\\/www.laguiadepamplona.com\\\/actualidad\\\/#website\"},\"primaryImageOfPage\":{\"@id\":\"https:\\\/\\\/www.laguiadepamplona.com\\\/actualidad\\\/la-ciudadania-podra-visitar-la-exposicion-sobre-la-nueva-marca-ciudad-pamplona-bagara-iruna-de-verdad-hasta-el-19-de-diciembre-en-condestable\\\/#primaryimage\"},\"image\":{\"@id\":\"https:\\\/\\\/www.laguiadepamplona.com\\\/actualidad\\\/la-ciudadania-podra-visitar-la-exposicion-sobre-la-nueva-marca-ciudad-pamplona-bagara-iruna-de-verdad-hasta-el-19-de-diciembre-en-condestable\\\/#primaryimage\"},\"thumbnailUrl\":\"https:\\\/\\\/www.laguiadepamplona.com\\\/actualidad\\\/wp-content\\\/uploads\\\/2024\\\/11\\\/visitacomisionpresidenciaexposicionmarcapamplona1_0.webp\",\"datePublished\":\"2024-11-26T12:20:39+00:00\",\"description\":\"La Comisi\u00f3n de Presidencia ha recorrido la muestra, en la que se describe el proceso creativo de la nueva marca\",\"breadcrumb\":{\"@id\":\"https:\\\/\\\/www.laguiadepamplona.com\\\/actualidad\\\/la-ciudadania-podra-visitar-la-exposicion-sobre-la-nueva-marca-ciudad-pamplona-bagara-iruna-de-verdad-hasta-el-19-de-diciembre-en-condestable\\\/#breadcrumb\"},\"inLanguage\":\"es\",\"potentialAction\":[{\"@type\":\"ReadAction\",\"target\":[\"https:\\\/\\\/www.laguiadepamplona.com\\\/actualidad\\\/la-ciudadania-podra-visitar-la-exposicion-sobre-la-nueva-marca-ciudad-pamplona-bagara-iruna-de-verdad-hasta-el-19-de-diciembre-en-condestable\\\/\"]}]},{\"@type\":\"ImageObject\",\"inLanguage\":\"es\",\"@id\":\"https:\\\/\\\/www.laguiadepamplona.com\\\/actualidad\\\/la-ciudadania-podra-visitar-la-exposicion-sobre-la-nueva-marca-ciudad-pamplona-bagara-iruna-de-verdad-hasta-el-19-de-diciembre-en-condestable\\\/#primaryimage\",\"url\":\"https:\\\/\\\/www.laguiadepamplona.com\\\/actualidad\\\/wp-content\\\/uploads\\\/2024\\\/11\\\/visitacomisionpresidenciaexposicionmarcapamplona1_0.webp\",\"contentUrl\":\"https:\\\/\\\/www.laguiadepamplona.com\\\/actualidad\\\/wp-content\\\/uploads\\\/2024\\\/11\\\/visitacomisionpresidenciaexposicionmarcapamplona1_0.webp\",\"width\":1000,\"height\":666,\"caption\":\"visita expo marca Pamplona\"},{\"@type\":\"BreadcrumbList\",\"@id\":\"https:\\\/\\\/www.laguiadepamplona.com\\\/actualidad\\\/la-ciudadania-podra-visitar-la-exposicion-sobre-la-nueva-marca-ciudad-pamplona-bagara-iruna-de-verdad-hasta-el-19-de-diciembre-en-condestable\\\/#breadcrumb\",\"itemListElement\":[{\"@type\":\"ListItem\",\"position\":1,\"name\":\"Portada\",\"item\":\"https:\\\/\\\/www.laguiadepamplona.com\\\/actualidad\\\/\"},{\"@type\":\"ListItem\",\"position\":2,\"name\":\"La ciudadan\u00eda podr\u00e1 visitar la exposici\u00f3n sobre la nueva marca ciudad \u2018Pamplona= Bagara. Iru\u00f1a = De verdad\u2019 hasta el 19 de diciembre en Condestable\"}]},{\"@type\":\"WebSite\",\"@id\":\"https:\\\/\\\/www.laguiadepamplona.com\\\/actualidad\\\/#website\",\"url\":\"https:\\\/\\\/www.laguiadepamplona.com\\\/actualidad\\\/\",\"name\":\"La gu\u00eda de Pamplona\",\"description\":\"Noticias de Pamplona\",\"publisher\":{\"@id\":\"https:\\\/\\\/www.laguiadepamplona.com\\\/actualidad\\\/#organization\"},\"potentialAction\":[{\"@type\":\"SearchAction\",\"target\":{\"@type\":\"EntryPoint\",\"urlTemplate\":\"https:\\\/\\\/www.laguiadepamplona.com\\\/actualidad\\\/?s={search_term_string}\"},\"query-input\":{\"@type\":\"PropertyValueSpecification\",\"valueRequired\":true,\"valueName\":\"search_term_string\"}}],\"inLanguage\":\"es\"},{\"@type\":\"Organization\",\"@id\":\"https:\\\/\\\/www.laguiadepamplona.com\\\/actualidad\\\/#organization\",\"name\":\"La Gu\u00eda de Pamplona \\\/ Noticias\",\"url\":\"https:\\\/\\\/www.laguiadepamplona.com\\\/actualidad\\\/\",\"logo\":{\"@type\":\"ImageObject\",\"inLanguage\":\"es\",\"@id\":\"https:\\\/\\\/www.laguiadepamplona.com\\\/actualidad\\\/#\\\/schema\\\/logo\\\/image\\\/\",\"url\":\"https:\\\/\\\/www.laguiadepamplona.com\\\/actualidad\\\/wp-content\\\/uploads\\\/2018\\\/11\\\/logo-laguiadepamplona18-web1.png\",\"contentUrl\":\"https:\\\/\\\/www.laguiadepamplona.com\\\/actualidad\\\/wp-content\\\/uploads\\\/2018\\\/11\\\/logo-laguiadepamplona18-web1.png\",\"width\":600,\"height\":196,\"caption\":\"La Gu\u00eda de Pamplona \\\/ Noticias\"},\"image\":{\"@id\":\"https:\\\/\\\/www.laguiadepamplona.com\\\/actualidad\\\/#\\\/schema\\\/logo\\\/image\\\/\"},\"sameAs\":[\"https:\\\/\\\/www.facebook.com\\\/laguiadepamplonacom-133175176762273\\\/?ref=hl\",\"https:\\\/\\\/x.com\\\/LaGuiadPamplona\",\"https:\\\/\\\/www.instagram.com\\\/la_guia_de_pamplona\\\/\",\"https:\\\/\\\/www.youtube.com\\\/user\\\/laguiadepamplona\"]},{\"@type\":\"Person\",\"@id\":\"https:\\\/\\\/www.laguiadepamplona.com\\\/actualidad\\\/#\\\/schema\\\/person\\\/efe887376f0213d4657c93adc50b1fdb\",\"name\":\"La Gu\u00eda de Pamplona\",\"image\":{\"@type\":\"ImageObject\",\"inLanguage\":\"es\",\"@id\":\"https:\\\/\\\/secure.gravatar.com\\\/avatar\\\/b6992f131dc8d30ab0dff15446e9d346d9dbd95992de0fef795073f5ea83a81c?s=96&d=mm&r=g\",\"url\":\"https:\\\/\\\/secure.gravatar.com\\\/avatar\\\/b6992f131dc8d30ab0dff15446e9d346d9dbd95992de0fef795073f5ea83a81c?s=96&d=mm&r=g\",\"contentUrl\":\"https:\\\/\\\/secure.gravatar.com\\\/avatar\\\/b6992f131dc8d30ab0dff15446e9d346d9dbd95992de0fef795073f5ea83a81c?s=96&d=mm&r=g\",\"caption\":\"La Gu\u00eda de Pamplona\"}}]}<\/script>\n<!-- \/ Yoast SEO plugin. -->","yoast_head_json":{"title":"La ciudadan\u00eda podr\u00e1 visitar la exposici\u00f3n sobre la nueva marca ciudad \u2018Pamplona= Bagara. Iru\u00f1a = De verdad\u2019 hasta el 19 de diciembre en Condestable","description":"La Comisi\u00f3n de Presidencia ha recorrido la muestra, en la que se describe el proceso creativo de la nueva marca","robots":{"index":"index","follow":"follow","max-snippet":"max-snippet:-1","max-image-preview":"max-image-preview:large","max-video-preview":"max-video-preview:-1"},"canonical":"https:\/\/www.laguiadepamplona.com\/actualidad\/la-ciudadania-podra-visitar-la-exposicion-sobre-la-nueva-marca-ciudad-pamplona-bagara-iruna-de-verdad-hasta-el-19-de-diciembre-en-condestable\/","og_locale":"es_ES","og_type":"article","og_title":"La ciudadan\u00eda podr\u00e1 visitar la exposici\u00f3n sobre la nueva marca ciudad \u2018Pamplona= Bagara. Iru\u00f1a = De verdad\u2019 hasta el 19 de diciembre en Condestable","og_description":"La Comisi\u00f3n de Presidencia ha recorrido la muestra, en la que se describe el proceso creativo de la nueva marca","og_url":"https:\/\/www.laguiadepamplona.com\/actualidad\/la-ciudadania-podra-visitar-la-exposicion-sobre-la-nueva-marca-ciudad-pamplona-bagara-iruna-de-verdad-hasta-el-19-de-diciembre-en-condestable\/","og_site_name":"La Gu\u00eda de Pamplona","article_publisher":"https:\/\/www.facebook.com\/laguiadepamplonacom-133175176762273\/?ref=hl","article_published_time":"2024-11-26T12:20:39+00:00","og_image":[{"width":1000,"height":666,"url":"https:\/\/www.laguiadepamplona.com\/actualidad\/wp-content\/uploads\/2024\/11\/visitacomisionpresidenciaexposicionmarcapamplona1_0.webp","type":"image\/webp"}],"author":"La Gu\u00eda de Pamplona","twitter_card":"summary_large_image","twitter_creator":"@LaGuiadPamplona","twitter_site":"@LaGuiadPamplona","twitter_misc":{"Escrito por":"La Gu\u00eda de Pamplona","Tiempo de lectura":"3 minutos"},"schema":{"@context":"https:\/\/schema.org","@graph":[{"@type":"Article","@id":"https:\/\/www.laguiadepamplona.com\/actualidad\/la-ciudadania-podra-visitar-la-exposicion-sobre-la-nueva-marca-ciudad-pamplona-bagara-iruna-de-verdad-hasta-el-19-de-diciembre-en-condestable\/#article","isPartOf":{"@id":"https:\/\/www.laguiadepamplona.com\/actualidad\/la-ciudadania-podra-visitar-la-exposicion-sobre-la-nueva-marca-ciudad-pamplona-bagara-iruna-de-verdad-hasta-el-19-de-diciembre-en-condestable\/"},"author":{"name":"La Gu\u00eda de Pamplona","@id":"https:\/\/www.laguiadepamplona.com\/actualidad\/#\/schema\/person\/efe887376f0213d4657c93adc50b1fdb"},"headline":"La ciudadan\u00eda podr\u00e1 visitar la exposici\u00f3n sobre la nueva marca ciudad \u2018Pamplona= Bagara. Iru\u00f1a = De verdad\u2019 hasta el 19 de diciembre en Condestable","datePublished":"2024-11-26T12:20:39+00:00","mainEntityOfPage":{"@id":"https:\/\/www.laguiadepamplona.com\/actualidad\/la-ciudadania-podra-visitar-la-exposicion-sobre-la-nueva-marca-ciudad-pamplona-bagara-iruna-de-verdad-hasta-el-19-de-diciembre-en-condestable\/"},"wordCount":638,"commentCount":0,"publisher":{"@id":"https:\/\/www.laguiadepamplona.com\/actualidad\/#organization"},"image":{"@id":"https:\/\/www.laguiadepamplona.com\/actualidad\/la-ciudadania-podra-visitar-la-exposicion-sobre-la-nueva-marca-ciudad-pamplona-bagara-iruna-de-verdad-hasta-el-19-de-diciembre-en-condestable\/#primaryimage"},"thumbnailUrl":"https:\/\/www.laguiadepamplona.com\/actualidad\/wp-content\/uploads\/2024\/11\/visitacomisionpresidenciaexposicionmarcapamplona1_0.webp","articleSection":["Ayto Pamplona"],"inLanguage":"es","potentialAction":[{"@type":"CommentAction","name":"Comment","target":["https:\/\/www.laguiadepamplona.com\/actualidad\/la-ciudadania-podra-visitar-la-exposicion-sobre-la-nueva-marca-ciudad-pamplona-bagara-iruna-de-verdad-hasta-el-19-de-diciembre-en-condestable\/#respond"]}]},{"@type":"WebPage","@id":"https:\/\/www.laguiadepamplona.com\/actualidad\/la-ciudadania-podra-visitar-la-exposicion-sobre-la-nueva-marca-ciudad-pamplona-bagara-iruna-de-verdad-hasta-el-19-de-diciembre-en-condestable\/","url":"https:\/\/www.laguiadepamplona.com\/actualidad\/la-ciudadania-podra-visitar-la-exposicion-sobre-la-nueva-marca-ciudad-pamplona-bagara-iruna-de-verdad-hasta-el-19-de-diciembre-en-condestable\/","name":"La ciudadan\u00eda podr\u00e1 visitar la exposici\u00f3n sobre la nueva marca ciudad \u2018Pamplona= Bagara. Iru\u00f1a = De verdad\u2019 hasta el 19 de diciembre en Condestable","isPartOf":{"@id":"https:\/\/www.laguiadepamplona.com\/actualidad\/#website"},"primaryImageOfPage":{"@id":"https:\/\/www.laguiadepamplona.com\/actualidad\/la-ciudadania-podra-visitar-la-exposicion-sobre-la-nueva-marca-ciudad-pamplona-bagara-iruna-de-verdad-hasta-el-19-de-diciembre-en-condestable\/#primaryimage"},"image":{"@id":"https:\/\/www.laguiadepamplona.com\/actualidad\/la-ciudadania-podra-visitar-la-exposicion-sobre-la-nueva-marca-ciudad-pamplona-bagara-iruna-de-verdad-hasta-el-19-de-diciembre-en-condestable\/#primaryimage"},"thumbnailUrl":"https:\/\/www.laguiadepamplona.com\/actualidad\/wp-content\/uploads\/2024\/11\/visitacomisionpresidenciaexposicionmarcapamplona1_0.webp","datePublished":"2024-11-26T12:20:39+00:00","description":"La Comisi\u00f3n de Presidencia ha recorrido la muestra, en la que se describe el proceso creativo de la nueva marca","breadcrumb":{"@id":"https:\/\/www.laguiadepamplona.com\/actualidad\/la-ciudadania-podra-visitar-la-exposicion-sobre-la-nueva-marca-ciudad-pamplona-bagara-iruna-de-verdad-hasta-el-19-de-diciembre-en-condestable\/#breadcrumb"},"inLanguage":"es","potentialAction":[{"@type":"ReadAction","target":["https:\/\/www.laguiadepamplona.com\/actualidad\/la-ciudadania-podra-visitar-la-exposicion-sobre-la-nueva-marca-ciudad-pamplona-bagara-iruna-de-verdad-hasta-el-19-de-diciembre-en-condestable\/"]}]},{"@type":"ImageObject","inLanguage":"es","@id":"https:\/\/www.laguiadepamplona.com\/actualidad\/la-ciudadania-podra-visitar-la-exposicion-sobre-la-nueva-marca-ciudad-pamplona-bagara-iruna-de-verdad-hasta-el-19-de-diciembre-en-condestable\/#primaryimage","url":"https:\/\/www.laguiadepamplona.com\/actualidad\/wp-content\/uploads\/2024\/11\/visitacomisionpresidenciaexposicionmarcapamplona1_0.webp","contentUrl":"https:\/\/www.laguiadepamplona.com\/actualidad\/wp-content\/uploads\/2024\/11\/visitacomisionpresidenciaexposicionmarcapamplona1_0.webp","width":1000,"height":666,"caption":"visita expo marca Pamplona"},{"@type":"BreadcrumbList","@id":"https:\/\/www.laguiadepamplona.com\/actualidad\/la-ciudadania-podra-visitar-la-exposicion-sobre-la-nueva-marca-ciudad-pamplona-bagara-iruna-de-verdad-hasta-el-19-de-diciembre-en-condestable\/#breadcrumb","itemListElement":[{"@type":"ListItem","position":1,"name":"Portada","item":"https:\/\/www.laguiadepamplona.com\/actualidad\/"},{"@type":"ListItem","position":2,"name":"La ciudadan\u00eda podr\u00e1 visitar la exposici\u00f3n sobre la nueva marca ciudad \u2018Pamplona= Bagara. Iru\u00f1a = De verdad\u2019 hasta el 19 de diciembre en Condestable"}]},{"@type":"WebSite","@id":"https:\/\/www.laguiadepamplona.com\/actualidad\/#website","url":"https:\/\/www.laguiadepamplona.com\/actualidad\/","name":"La gu\u00eda de Pamplona","description":"Noticias de Pamplona","publisher":{"@id":"https:\/\/www.laguiadepamplona.com\/actualidad\/#organization"},"potentialAction":[{"@type":"SearchAction","target":{"@type":"EntryPoint","urlTemplate":"https:\/\/www.laguiadepamplona.com\/actualidad\/?s={search_term_string}"},"query-input":{"@type":"PropertyValueSpecification","valueRequired":true,"valueName":"search_term_string"}}],"inLanguage":"es"},{"@type":"Organization","@id":"https:\/\/www.laguiadepamplona.com\/actualidad\/#organization","name":"La Gu\u00eda de Pamplona \/ Noticias","url":"https:\/\/www.laguiadepamplona.com\/actualidad\/","logo":{"@type":"ImageObject","inLanguage":"es","@id":"https:\/\/www.laguiadepamplona.com\/actualidad\/#\/schema\/logo\/image\/","url":"https:\/\/www.laguiadepamplona.com\/actualidad\/wp-content\/uploads\/2018\/11\/logo-laguiadepamplona18-web1.png","contentUrl":"https:\/\/www.laguiadepamplona.com\/actualidad\/wp-content\/uploads\/2018\/11\/logo-laguiadepamplona18-web1.png","width":600,"height":196,"caption":"La Gu\u00eda de Pamplona \/ Noticias"},"image":{"@id":"https:\/\/www.laguiadepamplona.com\/actualidad\/#\/schema\/logo\/image\/"},"sameAs":["https:\/\/www.facebook.com\/laguiadepamplonacom-133175176762273\/?ref=hl","https:\/\/x.com\/LaGuiadPamplona","https:\/\/www.instagram.com\/la_guia_de_pamplona\/","https:\/\/www.youtube.com\/user\/laguiadepamplona"]},{"@type":"Person","@id":"https:\/\/www.laguiadepamplona.com\/actualidad\/#\/schema\/person\/efe887376f0213d4657c93adc50b1fdb","name":"La Gu\u00eda de Pamplona","image":{"@type":"ImageObject","inLanguage":"es","@id":"https:\/\/secure.gravatar.com\/avatar\/b6992f131dc8d30ab0dff15446e9d346d9dbd95992de0fef795073f5ea83a81c?s=96&d=mm&r=g","url":"https:\/\/secure.gravatar.com\/avatar\/b6992f131dc8d30ab0dff15446e9d346d9dbd95992de0fef795073f5ea83a81c?s=96&d=mm&r=g","contentUrl":"https:\/\/secure.gravatar.com\/avatar\/b6992f131dc8d30ab0dff15446e9d346d9dbd95992de0fef795073f5ea83a81c?s=96&d=mm&r=g","caption":"La Gu\u00eda de Pamplona"}}]}},"post_mailing_queue_ids":[],"_links":{"self":[{"href":"https:\/\/www.laguiadepamplona.com\/actualidad\/wp-json\/wp\/v2\/posts\/51453","targetHints":{"allow":["GET"]}}],"collection":[{"href":"https:\/\/www.laguiadepamplona.com\/actualidad\/wp-json\/wp\/v2\/posts"}],"about":[{"href":"https:\/\/www.laguiadepamplona.com\/actualidad\/wp-json\/wp\/v2\/types\/post"}],"author":[{"embeddable":true,"href":"https:\/\/www.laguiadepamplona.com\/actualidad\/wp-json\/wp\/v2\/users\/1"}],"replies":[{"embeddable":true,"href":"https:\/\/www.laguiadepamplona.com\/actualidad\/wp-json\/wp\/v2\/comments?post=51453"}],"version-history":[{"count":1,"href":"https:\/\/www.laguiadepamplona.com\/actualidad\/wp-json\/wp\/v2\/posts\/51453\/revisions"}],"predecessor-version":[{"id":51455,"href":"https:\/\/www.laguiadepamplona.com\/actualidad\/wp-json\/wp\/v2\/posts\/51453\/revisions\/51455"}],"wp:featuredmedia":[{"embeddable":true,"href":"https:\/\/www.laguiadepamplona.com\/actualidad\/wp-json\/wp\/v2\/media\/51454"}],"wp:attachment":[{"href":"https:\/\/www.laguiadepamplona.com\/actualidad\/wp-json\/wp\/v2\/media?parent=51453"}],"wp:term":[{"taxonomy":"category","embeddable":true,"href":"https:\/\/www.laguiadepamplona.com\/actualidad\/wp-json\/wp\/v2\/categories?post=51453"},{"taxonomy":"post_tag","embeddable":true,"href":"https:\/\/www.laguiadepamplona.com\/actualidad\/wp-json\/wp\/v2\/tags?post=51453"}],"curies":[{"name":"wp","href":"https:\/\/api.w.org\/{rel}","templated":true}]}}