{"id":51446,"date":"2024-11-25T17:59:24","date_gmt":"2024-11-25T15:59:24","guid":{"rendered":"https:\/\/www.laguiadepamplona.com\/actualidad\/?p=51446"},"modified":"2024-11-25T17:59:24","modified_gmt":"2024-11-25T15:59:24","slug":"no-es-teatro-es-violencia-vicaria-el-lema-bajo-el-que-se-ha-concentrado-la-corporacion-pamplonesa-y-la-este-25-de-noviembre","status":"publish","type":"post","link":"https:\/\/www.laguiadepamplona.com\/actualidad\/no-es-teatro-es-violencia-vicaria-el-lema-bajo-el-que-se-ha-concentrado-la-corporacion-pamplonesa-y-la-este-25-de-noviembre\/","title":{"rendered":"\u2018No es teatro, es violencia vicaria\u2019, el lema bajo el que se ha concentrado la Corporaci\u00f3n pamplonesa y la este 25 de Noviembre"},"content":{"rendered":"<h2>Las entidades locales de Navarra comparten mensaje el D\u00eda Internacional para la Eliminaci\u00f3n de las Violencias hacia las Mujeres<\/h2>\n<p><!--more--><\/p>\n<p>El Ayuntamiento de Pamplona se ha manifestado hoy, 25 de Noviembre, contra las violencias hacia las mujeres. La ciudad, bajo el lema \u00abNo es teatro, es violencia vicaria\u00bb, se ha sumado al resto de entidades locales y territoriales de Navarra que condenan \u00abtodas las formas de violencia machista que se ejercen contra las mujeres\u00bb. A las 11 horas, concejalas y concejales de la Corporaci\u00f3n se han concentrado ante la fachada de la Casa Consistorial en un acto en el que se ha le\u00eddo un texto acordado por 154 ayuntamientos, valles y c\u00e9ndeas de Navarra en el que se exige \u201cun mundo libre de violencias, en el que las mujeres, ni\u00f1os y ni\u00f1as puedan vivir sin miedo y con la plena garant\u00eda de sus derechos\u201d.<\/p>\n<p>En ese sentido, en 2024 se pone el foco en la violencia vicaria de g\u00e9nero, un tipo de violencia que este a\u00f1o se ha cobrado ya 10 muertes. Seg\u00fan el informe \u201cMenores v\u00edctimas mortales en casos de violencia de g\u00e9nero contra su madre en Espa\u00f1a\u201d, la cifra de los datos provisionales de menores v\u00edctimas mortales a manos de sus padres biol\u00f3gicos, parejas o exparejas de la madre, desde 2013 hasta el 14 de octubre de 2024, asciende a 63, un 49% de ni\u00f1as y un 51% de ni\u00f1os. La violencia vicaria se integr\u00f3 en la ley contra la violencia de g\u00e9nero en 2021 y la norma se volvi\u00f3 a modificar en 2022 para reconocer como v\u00edctimas directas a las madres \u2013vivas- de menores asesinadas y asesinados en cr\u00edmenes vicarios, que hasta ese momento no ten\u00edan derecho a las ayudas del Estado.<\/p>\n<p>El texto que se ha leido recoge tambi\u00e9n que, en los datos de 2022 del Consejo General del Poder Judicial, solo el 8% de los casos de violencia de g\u00e9nero trajo consigo la suspensi\u00f3n del r\u00e9gimen de visitas a los padres. La relatora especial de la ONU sobre la Violencia contra la Mujer, dice el escrito, \u201cdefiende que a menudo las decisiones judiciales favorecen a los hombres. Y es que, los testimonios de las mujeres resultan menos cre\u00edbles que los de los hombres debido al prejuicio, los estereotipos asociados al g\u00e9nero y sesgo discriminatorio patriarcal\u201d.<\/p>\n<p>Dos mujeres han le\u00eddo el texto, ambas profesionales del Ayuntamiento de Pamplona. En castellano lo ha hecho Sara Moreno Conde, responsable del Programa de Infancia y Familia y SMAM del \u00c1rea de Acci\u00f3n Social, y, en euskera, Uxue Pellejero L\u00f3pez, t\u00e9cnica de programaci\u00f3n cultural en euskera. Tras la lectura, la concejala delegada de Igualdad, Zaloa Basabe, ha realizado una lectura de compromisos.<\/p>\n<p>Flanqueando a la corporaci\u00f3n dos manos violeta, las que identifican la campa\u00f1a gen\u00e9rica contra la violencia y en la plaza un panel \u2013 mural en el que, empezando por el alcalde Joseba Asiron S\u00e1ez, las personas presentes y la representaci\u00f3n de entidades sociales y colectivos feministas, han podido incluir sus mensajes. El mural estar\u00e1 en la puerta principal del Ayuntamiento hasta las 17.30 horas para que la ciudadan\u00eda pueda tambi\u00e9n escribir sus mensajes.<\/p>\n<p><strong>La violencia vicaria, una violencia \u201cdesplazada\u201d<\/strong><\/p>\n<p>La violencia vicaria es una forma de violencia de g\u00e9nero por la cual los hijos e hijas de las mujeres v\u00edctimas de violencia de g\u00e9nero son instrumentalizados como objeto para maltratar y ocasionar dolor a sus madres. Se desplaza as\u00ed la violencia directa a toda la unidad familiar. Este a\u00f1o ya se han cuantificado en Espa\u00f1a 8 asesinatos por violencia vicaria de menores, 5 ni\u00f1as y 3 ni\u00f1os, que ten\u00edan de 2 a 17 a\u00f1os.<\/p>\n<p>Desde este \u00e1mbito, es necesaria la formaci\u00f3n especializada para los cuerpos policiales, as\u00ed como otras figuras profesionales (psicolog\u00eda, trabajo social\u2026) para la detecci\u00f3n de casos. Concretamente en al \u00e1mbito policial, a trav\u00e9s de la aplicaci\u00f3n especializada Viogen, de la que Pamplona forma parte, se gestionan de forma muy personalizada los casos de menores con diferentes probabilidades de sufrir violencia en casos de violencia de g\u00e9nero. Dependiendo del nivel de riesgo, se toman unas u otras medidas de protecci\u00f3n.<\/p>\n<p>El protocolo de valoraci\u00f3n policial del riesgo del Ministerio del Interior es el \u00fanico conocido a nivel internacional que cuenta con dos formularios: uno inicial, aplicado al momento en el que la v\u00edctima interpone la denuncia y que sirve para establecer el nivel de riesgo de partida y las medidas de protecci\u00f3n derivadas y otro posterior para reevaluar el caso conforme pasa el tiempo y aparecen nuevos escenarios. En estos momentos en Navarra hay 3 casos identificados de riesgo alto; en el conjunto del pa\u00eds los datos disponibles identifican 134 ni\u00f1as y ni\u00f1os en riesgo alto de sufrir violencia por parte de su padre como una forma m\u00e1s de ejercer violencia contra sus madres.<\/p>\n","protected":false},"excerpt":{"rendered":"<p>Las entidades locales de Navarra comparten mensaje el D\u00eda Internacional para la Eliminaci\u00f3n de las Violencias hacia las Mujeres<\/p>\n","protected":false},"author":1,"featured_media":51447,"comment_status":"open","ping_status":"closed","sticky":false,"template":"","format":"standard","meta":{"footnotes":""},"categories":[2],"tags":[],"class_list":["post-51446","post","type-post","status-publish","format-standard","has-post-thumbnail","hentry","category-ayuntamiento-pamplona"],"yoast_head":"<!-- This site is optimized with the Yoast SEO plugin v27.3 - https:\/\/yoast.com\/product\/yoast-seo-wordpress\/ -->\n<title>\u2018No es teatro, es violencia vicaria\u2019, el lema bajo el que se ha concentrado la Corporaci\u00f3n pamplonesa y la este 25 de Noviembre<\/title>\n<meta name=\"description\" content=\"Las entidades locales de Navarra comparten mensaje el D\u00eda Internacional para la Eliminaci\u00f3n de las Violencias hacia las Mujeres\" \/>\n<meta name=\"robots\" content=\"index, follow, max-snippet:-1, max-image-preview:large, max-video-preview:-1\" \/>\n<link rel=\"canonical\" href=\"https:\/\/www.laguiadepamplona.com\/actualidad\/no-es-teatro-es-violencia-vicaria-el-lema-bajo-el-que-se-ha-concentrado-la-corporacion-pamplonesa-y-la-este-25-de-noviembre\/\" \/>\n<meta property=\"og:locale\" content=\"es_ES\" \/>\n<meta property=\"og:type\" content=\"article\" \/>\n<meta property=\"og:title\" content=\"\u2018No es teatro, es violencia vicaria\u2019, el lema bajo el que se ha concentrado la Corporaci\u00f3n pamplonesa y la este 25 de Noviembre\" \/>\n<meta property=\"og:description\" content=\"Las entidades locales de Navarra comparten mensaje el D\u00eda Internacional para la Eliminaci\u00f3n de las Violencias hacia las Mujeres\" \/>\n<meta property=\"og:url\" content=\"https:\/\/www.laguiadepamplona.com\/actualidad\/no-es-teatro-es-violencia-vicaria-el-lema-bajo-el-que-se-ha-concentrado-la-corporacion-pamplonesa-y-la-este-25-de-noviembre\/\" \/>\n<meta property=\"og:site_name\" content=\"La Gu\u00eda de Pamplona\" \/>\n<meta property=\"article:publisher\" content=\"https:\/\/www.facebook.com\/laguiadepamplonacom-133175176762273\/?ref=hl\" \/>\n<meta property=\"article:published_time\" content=\"2024-11-25T15:59:24+00:00\" \/>\n<meta property=\"og:image\" content=\"https:\/\/www.laguiadepamplona.com\/actualidad\/wp-content\/uploads\/2024\/11\/concentracion25n1.webp\" \/>\n\t<meta property=\"og:image:width\" content=\"1000\" \/>\n\t<meta property=\"og:image:height\" content=\"666\" \/>\n\t<meta property=\"og:image:type\" content=\"image\/webp\" \/>\n<meta name=\"author\" content=\"La Gu\u00eda de Pamplona\" \/>\n<meta name=\"twitter:card\" content=\"summary_large_image\" \/>\n<meta name=\"twitter:creator\" content=\"@LaGuiadPamplona\" \/>\n<meta name=\"twitter:site\" content=\"@LaGuiadPamplona\" \/>\n<meta name=\"twitter:label1\" content=\"Escrito por\" \/>\n\t<meta name=\"twitter:data1\" content=\"La Gu\u00eda de Pamplona\" \/>\n\t<meta name=\"twitter:label2\" content=\"Tiempo de lectura\" \/>\n\t<meta name=\"twitter:data2\" content=\"4 minutos\" \/>\n<script type=\"application\/ld+json\" class=\"yoast-schema-graph\">{\"@context\":\"https:\\\/\\\/schema.org\",\"@graph\":[{\"@type\":\"Article\",\"@id\":\"https:\\\/\\\/www.laguiadepamplona.com\\\/actualidad\\\/no-es-teatro-es-violencia-vicaria-el-lema-bajo-el-que-se-ha-concentrado-la-corporacion-pamplonesa-y-la-este-25-de-noviembre\\\/#article\",\"isPartOf\":{\"@id\":\"https:\\\/\\\/www.laguiadepamplona.com\\\/actualidad\\\/no-es-teatro-es-violencia-vicaria-el-lema-bajo-el-que-se-ha-concentrado-la-corporacion-pamplonesa-y-la-este-25-de-noviembre\\\/\"},\"author\":{\"name\":\"La Gu\u00eda de Pamplona\",\"@id\":\"https:\\\/\\\/www.laguiadepamplona.com\\\/actualidad\\\/#\\\/schema\\\/person\\\/efe887376f0213d4657c93adc50b1fdb\"},\"headline\":\"\u2018No es teatro, es violencia vicaria\u2019, el lema bajo el que se ha concentrado la Corporaci\u00f3n pamplonesa y la este 25 de Noviembre\",\"datePublished\":\"2024-11-25T15:59:24+00:00\",\"mainEntityOfPage\":{\"@id\":\"https:\\\/\\\/www.laguiadepamplona.com\\\/actualidad\\\/no-es-teatro-es-violencia-vicaria-el-lema-bajo-el-que-se-ha-concentrado-la-corporacion-pamplonesa-y-la-este-25-de-noviembre\\\/\"},\"wordCount\":849,\"commentCount\":0,\"publisher\":{\"@id\":\"https:\\\/\\\/www.laguiadepamplona.com\\\/actualidad\\\/#organization\"},\"image\":{\"@id\":\"https:\\\/\\\/www.laguiadepamplona.com\\\/actualidad\\\/no-es-teatro-es-violencia-vicaria-el-lema-bajo-el-que-se-ha-concentrado-la-corporacion-pamplonesa-y-la-este-25-de-noviembre\\\/#primaryimage\"},\"thumbnailUrl\":\"https:\\\/\\\/www.laguiadepamplona.com\\\/actualidad\\\/wp-content\\\/uploads\\\/2024\\\/11\\\/concentracion25n1.webp\",\"articleSection\":[\"Ayto Pamplona\"],\"inLanguage\":\"es\",\"potentialAction\":[{\"@type\":\"CommentAction\",\"name\":\"Comment\",\"target\":[\"https:\\\/\\\/www.laguiadepamplona.com\\\/actualidad\\\/no-es-teatro-es-violencia-vicaria-el-lema-bajo-el-que-se-ha-concentrado-la-corporacion-pamplonesa-y-la-este-25-de-noviembre\\\/#respond\"]}]},{\"@type\":\"WebPage\",\"@id\":\"https:\\\/\\\/www.laguiadepamplona.com\\\/actualidad\\\/no-es-teatro-es-violencia-vicaria-el-lema-bajo-el-que-se-ha-concentrado-la-corporacion-pamplonesa-y-la-este-25-de-noviembre\\\/\",\"url\":\"https:\\\/\\\/www.laguiadepamplona.com\\\/actualidad\\\/no-es-teatro-es-violencia-vicaria-el-lema-bajo-el-que-se-ha-concentrado-la-corporacion-pamplonesa-y-la-este-25-de-noviembre\\\/\",\"name\":\"\u2018No es teatro, es violencia vicaria\u2019, el lema bajo el que se ha concentrado la Corporaci\u00f3n pamplonesa y la este 25 de Noviembre\",\"isPartOf\":{\"@id\":\"https:\\\/\\\/www.laguiadepamplona.com\\\/actualidad\\\/#website\"},\"primaryImageOfPage\":{\"@id\":\"https:\\\/\\\/www.laguiadepamplona.com\\\/actualidad\\\/no-es-teatro-es-violencia-vicaria-el-lema-bajo-el-que-se-ha-concentrado-la-corporacion-pamplonesa-y-la-este-25-de-noviembre\\\/#primaryimage\"},\"image\":{\"@id\":\"https:\\\/\\\/www.laguiadepamplona.com\\\/actualidad\\\/no-es-teatro-es-violencia-vicaria-el-lema-bajo-el-que-se-ha-concentrado-la-corporacion-pamplonesa-y-la-este-25-de-noviembre\\\/#primaryimage\"},\"thumbnailUrl\":\"https:\\\/\\\/www.laguiadepamplona.com\\\/actualidad\\\/wp-content\\\/uploads\\\/2024\\\/11\\\/concentracion25n1.webp\",\"datePublished\":\"2024-11-25T15:59:24+00:00\",\"description\":\"Las entidades locales de Navarra comparten mensaje el D\u00eda Internacional para la Eliminaci\u00f3n de las Violencias hacia las Mujeres\",\"breadcrumb\":{\"@id\":\"https:\\\/\\\/www.laguiadepamplona.com\\\/actualidad\\\/no-es-teatro-es-violencia-vicaria-el-lema-bajo-el-que-se-ha-concentrado-la-corporacion-pamplonesa-y-la-este-25-de-noviembre\\\/#breadcrumb\"},\"inLanguage\":\"es\",\"potentialAction\":[{\"@type\":\"ReadAction\",\"target\":[\"https:\\\/\\\/www.laguiadepamplona.com\\\/actualidad\\\/no-es-teatro-es-violencia-vicaria-el-lema-bajo-el-que-se-ha-concentrado-la-corporacion-pamplonesa-y-la-este-25-de-noviembre\\\/\"]}]},{\"@type\":\"ImageObject\",\"inLanguage\":\"es\",\"@id\":\"https:\\\/\\\/www.laguiadepamplona.com\\\/actualidad\\\/no-es-teatro-es-violencia-vicaria-el-lema-bajo-el-que-se-ha-concentrado-la-corporacion-pamplonesa-y-la-este-25-de-noviembre\\\/#primaryimage\",\"url\":\"https:\\\/\\\/www.laguiadepamplona.com\\\/actualidad\\\/wp-content\\\/uploads\\\/2024\\\/11\\\/concentracion25n1.webp\",\"contentUrl\":\"https:\\\/\\\/www.laguiadepamplona.com\\\/actualidad\\\/wp-content\\\/uploads\\\/2024\\\/11\\\/concentracion25n1.webp\",\"width\":1000,\"height\":666,\"caption\":\"concentraci\u00f3n 25 N\"},{\"@type\":\"BreadcrumbList\",\"@id\":\"https:\\\/\\\/www.laguiadepamplona.com\\\/actualidad\\\/no-es-teatro-es-violencia-vicaria-el-lema-bajo-el-que-se-ha-concentrado-la-corporacion-pamplonesa-y-la-este-25-de-noviembre\\\/#breadcrumb\",\"itemListElement\":[{\"@type\":\"ListItem\",\"position\":1,\"name\":\"Portada\",\"item\":\"https:\\\/\\\/www.laguiadepamplona.com\\\/actualidad\\\/\"},{\"@type\":\"ListItem\",\"position\":2,\"name\":\"\u2018No es teatro, es violencia vicaria\u2019, el lema bajo el que se ha concentrado la Corporaci\u00f3n pamplonesa y la este 25 de Noviembre\"}]},{\"@type\":\"WebSite\",\"@id\":\"https:\\\/\\\/www.laguiadepamplona.com\\\/actualidad\\\/#website\",\"url\":\"https:\\\/\\\/www.laguiadepamplona.com\\\/actualidad\\\/\",\"name\":\"La gu\u00eda de Pamplona\",\"description\":\"Noticias de Pamplona\",\"publisher\":{\"@id\":\"https:\\\/\\\/www.laguiadepamplona.com\\\/actualidad\\\/#organization\"},\"potentialAction\":[{\"@type\":\"SearchAction\",\"target\":{\"@type\":\"EntryPoint\",\"urlTemplate\":\"https:\\\/\\\/www.laguiadepamplona.com\\\/actualidad\\\/?s={search_term_string}\"},\"query-input\":{\"@type\":\"PropertyValueSpecification\",\"valueRequired\":true,\"valueName\":\"search_term_string\"}}],\"inLanguage\":\"es\"},{\"@type\":\"Organization\",\"@id\":\"https:\\\/\\\/www.laguiadepamplona.com\\\/actualidad\\\/#organization\",\"name\":\"La Gu\u00eda de Pamplona \\\/ Noticias\",\"url\":\"https:\\\/\\\/www.laguiadepamplona.com\\\/actualidad\\\/\",\"logo\":{\"@type\":\"ImageObject\",\"inLanguage\":\"es\",\"@id\":\"https:\\\/\\\/www.laguiadepamplona.com\\\/actualidad\\\/#\\\/schema\\\/logo\\\/image\\\/\",\"url\":\"https:\\\/\\\/www.laguiadepamplona.com\\\/actualidad\\\/wp-content\\\/uploads\\\/2018\\\/11\\\/logo-laguiadepamplona18-web1.png\",\"contentUrl\":\"https:\\\/\\\/www.laguiadepamplona.com\\\/actualidad\\\/wp-content\\\/uploads\\\/2018\\\/11\\\/logo-laguiadepamplona18-web1.png\",\"width\":600,\"height\":196,\"caption\":\"La Gu\u00eda de Pamplona \\\/ Noticias\"},\"image\":{\"@id\":\"https:\\\/\\\/www.laguiadepamplona.com\\\/actualidad\\\/#\\\/schema\\\/logo\\\/image\\\/\"},\"sameAs\":[\"https:\\\/\\\/www.facebook.com\\\/laguiadepamplonacom-133175176762273\\\/?ref=hl\",\"https:\\\/\\\/x.com\\\/LaGuiadPamplona\",\"https:\\\/\\\/www.instagram.com\\\/la_guia_de_pamplona\\\/\",\"https:\\\/\\\/www.youtube.com\\\/user\\\/laguiadepamplona\"]},{\"@type\":\"Person\",\"@id\":\"https:\\\/\\\/www.laguiadepamplona.com\\\/actualidad\\\/#\\\/schema\\\/person\\\/efe887376f0213d4657c93adc50b1fdb\",\"name\":\"La Gu\u00eda de Pamplona\",\"image\":{\"@type\":\"ImageObject\",\"inLanguage\":\"es\",\"@id\":\"https:\\\/\\\/secure.gravatar.com\\\/avatar\\\/b6992f131dc8d30ab0dff15446e9d346d9dbd95992de0fef795073f5ea83a81c?s=96&d=mm&r=g\",\"url\":\"https:\\\/\\\/secure.gravatar.com\\\/avatar\\\/b6992f131dc8d30ab0dff15446e9d346d9dbd95992de0fef795073f5ea83a81c?s=96&d=mm&r=g\",\"contentUrl\":\"https:\\\/\\\/secure.gravatar.com\\\/avatar\\\/b6992f131dc8d30ab0dff15446e9d346d9dbd95992de0fef795073f5ea83a81c?s=96&d=mm&r=g\",\"caption\":\"La Gu\u00eda de Pamplona\"}}]}<\/script>\n<!-- \/ Yoast SEO plugin. -->","yoast_head_json":{"title":"\u2018No es teatro, es violencia vicaria\u2019, el lema bajo el que se ha concentrado la Corporaci\u00f3n pamplonesa y la este 25 de Noviembre","description":"Las entidades locales de Navarra comparten mensaje el D\u00eda Internacional para la Eliminaci\u00f3n de las Violencias hacia las Mujeres","robots":{"index":"index","follow":"follow","max-snippet":"max-snippet:-1","max-image-preview":"max-image-preview:large","max-video-preview":"max-video-preview:-1"},"canonical":"https:\/\/www.laguiadepamplona.com\/actualidad\/no-es-teatro-es-violencia-vicaria-el-lema-bajo-el-que-se-ha-concentrado-la-corporacion-pamplonesa-y-la-este-25-de-noviembre\/","og_locale":"es_ES","og_type":"article","og_title":"\u2018No es teatro, es violencia vicaria\u2019, el lema bajo el que se ha concentrado la Corporaci\u00f3n pamplonesa y la este 25 de Noviembre","og_description":"Las entidades locales de Navarra comparten mensaje el D\u00eda Internacional para la Eliminaci\u00f3n de las Violencias hacia las Mujeres","og_url":"https:\/\/www.laguiadepamplona.com\/actualidad\/no-es-teatro-es-violencia-vicaria-el-lema-bajo-el-que-se-ha-concentrado-la-corporacion-pamplonesa-y-la-este-25-de-noviembre\/","og_site_name":"La Gu\u00eda de Pamplona","article_publisher":"https:\/\/www.facebook.com\/laguiadepamplonacom-133175176762273\/?ref=hl","article_published_time":"2024-11-25T15:59:24+00:00","og_image":[{"width":1000,"height":666,"url":"https:\/\/www.laguiadepamplona.com\/actualidad\/wp-content\/uploads\/2024\/11\/concentracion25n1.webp","type":"image\/webp"}],"author":"La Gu\u00eda de Pamplona","twitter_card":"summary_large_image","twitter_creator":"@LaGuiadPamplona","twitter_site":"@LaGuiadPamplona","twitter_misc":{"Escrito por":"La Gu\u00eda de Pamplona","Tiempo de lectura":"4 minutos"},"schema":{"@context":"https:\/\/schema.org","@graph":[{"@type":"Article","@id":"https:\/\/www.laguiadepamplona.com\/actualidad\/no-es-teatro-es-violencia-vicaria-el-lema-bajo-el-que-se-ha-concentrado-la-corporacion-pamplonesa-y-la-este-25-de-noviembre\/#article","isPartOf":{"@id":"https:\/\/www.laguiadepamplona.com\/actualidad\/no-es-teatro-es-violencia-vicaria-el-lema-bajo-el-que-se-ha-concentrado-la-corporacion-pamplonesa-y-la-este-25-de-noviembre\/"},"author":{"name":"La Gu\u00eda de Pamplona","@id":"https:\/\/www.laguiadepamplona.com\/actualidad\/#\/schema\/person\/efe887376f0213d4657c93adc50b1fdb"},"headline":"\u2018No es teatro, es violencia vicaria\u2019, el lema bajo el que se ha concentrado la Corporaci\u00f3n pamplonesa y la este 25 de Noviembre","datePublished":"2024-11-25T15:59:24+00:00","mainEntityOfPage":{"@id":"https:\/\/www.laguiadepamplona.com\/actualidad\/no-es-teatro-es-violencia-vicaria-el-lema-bajo-el-que-se-ha-concentrado-la-corporacion-pamplonesa-y-la-este-25-de-noviembre\/"},"wordCount":849,"commentCount":0,"publisher":{"@id":"https:\/\/www.laguiadepamplona.com\/actualidad\/#organization"},"image":{"@id":"https:\/\/www.laguiadepamplona.com\/actualidad\/no-es-teatro-es-violencia-vicaria-el-lema-bajo-el-que-se-ha-concentrado-la-corporacion-pamplonesa-y-la-este-25-de-noviembre\/#primaryimage"},"thumbnailUrl":"https:\/\/www.laguiadepamplona.com\/actualidad\/wp-content\/uploads\/2024\/11\/concentracion25n1.webp","articleSection":["Ayto Pamplona"],"inLanguage":"es","potentialAction":[{"@type":"CommentAction","name":"Comment","target":["https:\/\/www.laguiadepamplona.com\/actualidad\/no-es-teatro-es-violencia-vicaria-el-lema-bajo-el-que-se-ha-concentrado-la-corporacion-pamplonesa-y-la-este-25-de-noviembre\/#respond"]}]},{"@type":"WebPage","@id":"https:\/\/www.laguiadepamplona.com\/actualidad\/no-es-teatro-es-violencia-vicaria-el-lema-bajo-el-que-se-ha-concentrado-la-corporacion-pamplonesa-y-la-este-25-de-noviembre\/","url":"https:\/\/www.laguiadepamplona.com\/actualidad\/no-es-teatro-es-violencia-vicaria-el-lema-bajo-el-que-se-ha-concentrado-la-corporacion-pamplonesa-y-la-este-25-de-noviembre\/","name":"\u2018No es teatro, es violencia vicaria\u2019, el lema bajo el que se ha concentrado la Corporaci\u00f3n pamplonesa y la este 25 de Noviembre","isPartOf":{"@id":"https:\/\/www.laguiadepamplona.com\/actualidad\/#website"},"primaryImageOfPage":{"@id":"https:\/\/www.laguiadepamplona.com\/actualidad\/no-es-teatro-es-violencia-vicaria-el-lema-bajo-el-que-se-ha-concentrado-la-corporacion-pamplonesa-y-la-este-25-de-noviembre\/#primaryimage"},"image":{"@id":"https:\/\/www.laguiadepamplona.com\/actualidad\/no-es-teatro-es-violencia-vicaria-el-lema-bajo-el-que-se-ha-concentrado-la-corporacion-pamplonesa-y-la-este-25-de-noviembre\/#primaryimage"},"thumbnailUrl":"https:\/\/www.laguiadepamplona.com\/actualidad\/wp-content\/uploads\/2024\/11\/concentracion25n1.webp","datePublished":"2024-11-25T15:59:24+00:00","description":"Las entidades locales de Navarra comparten mensaje el D\u00eda Internacional para la Eliminaci\u00f3n de las Violencias hacia las Mujeres","breadcrumb":{"@id":"https:\/\/www.laguiadepamplona.com\/actualidad\/no-es-teatro-es-violencia-vicaria-el-lema-bajo-el-que-se-ha-concentrado-la-corporacion-pamplonesa-y-la-este-25-de-noviembre\/#breadcrumb"},"inLanguage":"es","potentialAction":[{"@type":"ReadAction","target":["https:\/\/www.laguiadepamplona.com\/actualidad\/no-es-teatro-es-violencia-vicaria-el-lema-bajo-el-que-se-ha-concentrado-la-corporacion-pamplonesa-y-la-este-25-de-noviembre\/"]}]},{"@type":"ImageObject","inLanguage":"es","@id":"https:\/\/www.laguiadepamplona.com\/actualidad\/no-es-teatro-es-violencia-vicaria-el-lema-bajo-el-que-se-ha-concentrado-la-corporacion-pamplonesa-y-la-este-25-de-noviembre\/#primaryimage","url":"https:\/\/www.laguiadepamplona.com\/actualidad\/wp-content\/uploads\/2024\/11\/concentracion25n1.webp","contentUrl":"https:\/\/www.laguiadepamplona.com\/actualidad\/wp-content\/uploads\/2024\/11\/concentracion25n1.webp","width":1000,"height":666,"caption":"concentraci\u00f3n 25 N"},{"@type":"BreadcrumbList","@id":"https:\/\/www.laguiadepamplona.com\/actualidad\/no-es-teatro-es-violencia-vicaria-el-lema-bajo-el-que-se-ha-concentrado-la-corporacion-pamplonesa-y-la-este-25-de-noviembre\/#breadcrumb","itemListElement":[{"@type":"ListItem","position":1,"name":"Portada","item":"https:\/\/www.laguiadepamplona.com\/actualidad\/"},{"@type":"ListItem","position":2,"name":"\u2018No es teatro, es violencia vicaria\u2019, el lema bajo el que se ha concentrado la Corporaci\u00f3n pamplonesa y la este 25 de Noviembre"}]},{"@type":"WebSite","@id":"https:\/\/www.laguiadepamplona.com\/actualidad\/#website","url":"https:\/\/www.laguiadepamplona.com\/actualidad\/","name":"La gu\u00eda de Pamplona","description":"Noticias de Pamplona","publisher":{"@id":"https:\/\/www.laguiadepamplona.com\/actualidad\/#organization"},"potentialAction":[{"@type":"SearchAction","target":{"@type":"EntryPoint","urlTemplate":"https:\/\/www.laguiadepamplona.com\/actualidad\/?s={search_term_string}"},"query-input":{"@type":"PropertyValueSpecification","valueRequired":true,"valueName":"search_term_string"}}],"inLanguage":"es"},{"@type":"Organization","@id":"https:\/\/www.laguiadepamplona.com\/actualidad\/#organization","name":"La Gu\u00eda de Pamplona \/ Noticias","url":"https:\/\/www.laguiadepamplona.com\/actualidad\/","logo":{"@type":"ImageObject","inLanguage":"es","@id":"https:\/\/www.laguiadepamplona.com\/actualidad\/#\/schema\/logo\/image\/","url":"https:\/\/www.laguiadepamplona.com\/actualidad\/wp-content\/uploads\/2018\/11\/logo-laguiadepamplona18-web1.png","contentUrl":"https:\/\/www.laguiadepamplona.com\/actualidad\/wp-content\/uploads\/2018\/11\/logo-laguiadepamplona18-web1.png","width":600,"height":196,"caption":"La Gu\u00eda de Pamplona \/ Noticias"},"image":{"@id":"https:\/\/www.laguiadepamplona.com\/actualidad\/#\/schema\/logo\/image\/"},"sameAs":["https:\/\/www.facebook.com\/laguiadepamplonacom-133175176762273\/?ref=hl","https:\/\/x.com\/LaGuiadPamplona","https:\/\/www.instagram.com\/la_guia_de_pamplona\/","https:\/\/www.youtube.com\/user\/laguiadepamplona"]},{"@type":"Person","@id":"https:\/\/www.laguiadepamplona.com\/actualidad\/#\/schema\/person\/efe887376f0213d4657c93adc50b1fdb","name":"La Gu\u00eda de Pamplona","image":{"@type":"ImageObject","inLanguage":"es","@id":"https:\/\/secure.gravatar.com\/avatar\/b6992f131dc8d30ab0dff15446e9d346d9dbd95992de0fef795073f5ea83a81c?s=96&d=mm&r=g","url":"https:\/\/secure.gravatar.com\/avatar\/b6992f131dc8d30ab0dff15446e9d346d9dbd95992de0fef795073f5ea83a81c?s=96&d=mm&r=g","contentUrl":"https:\/\/secure.gravatar.com\/avatar\/b6992f131dc8d30ab0dff15446e9d346d9dbd95992de0fef795073f5ea83a81c?s=96&d=mm&r=g","caption":"La Gu\u00eda de Pamplona"}}]}},"post_mailing_queue_ids":[],"_links":{"self":[{"href":"https:\/\/www.laguiadepamplona.com\/actualidad\/wp-json\/wp\/v2\/posts\/51446","targetHints":{"allow":["GET"]}}],"collection":[{"href":"https:\/\/www.laguiadepamplona.com\/actualidad\/wp-json\/wp\/v2\/posts"}],"about":[{"href":"https:\/\/www.laguiadepamplona.com\/actualidad\/wp-json\/wp\/v2\/types\/post"}],"author":[{"embeddable":true,"href":"https:\/\/www.laguiadepamplona.com\/actualidad\/wp-json\/wp\/v2\/users\/1"}],"replies":[{"embeddable":true,"href":"https:\/\/www.laguiadepamplona.com\/actualidad\/wp-json\/wp\/v2\/comments?post=51446"}],"version-history":[{"count":1,"href":"https:\/\/www.laguiadepamplona.com\/actualidad\/wp-json\/wp\/v2\/posts\/51446\/revisions"}],"predecessor-version":[{"id":51448,"href":"https:\/\/www.laguiadepamplona.com\/actualidad\/wp-json\/wp\/v2\/posts\/51446\/revisions\/51448"}],"wp:featuredmedia":[{"embeddable":true,"href":"https:\/\/www.laguiadepamplona.com\/actualidad\/wp-json\/wp\/v2\/media\/51447"}],"wp:attachment":[{"href":"https:\/\/www.laguiadepamplona.com\/actualidad\/wp-json\/wp\/v2\/media?parent=51446"}],"wp:term":[{"taxonomy":"category","embeddable":true,"href":"https:\/\/www.laguiadepamplona.com\/actualidad\/wp-json\/wp\/v2\/categories?post=51446"},{"taxonomy":"post_tag","embeddable":true,"href":"https:\/\/www.laguiadepamplona.com\/actualidad\/wp-json\/wp\/v2\/tags?post=51446"}],"curies":[{"name":"wp","href":"https:\/\/api.w.org\/{rel}","templated":true}]}}