{"id":51439,"date":"2024-11-25T17:53:39","date_gmt":"2024-11-25T15:53:39","guid":{"rendered":"https:\/\/www.laguiadepamplona.com\/actualidad\/?p=51439"},"modified":"2024-11-25T17:53:39","modified_gmt":"2024-11-25T15:53:39","slug":"en-2025-pamplona-contara-con-un-consejo-municipal-lgtbi-segun-lo-previsto-del-primer-plan-municipal-de-diversidad-sexual-y-de-genero-e-igualdad","status":"publish","type":"post","link":"https:\/\/www.laguiadepamplona.com\/actualidad\/en-2025-pamplona-contara-con-un-consejo-municipal-lgtbi-segun-lo-previsto-del-primer-plan-municipal-de-diversidad-sexual-y-de-genero-e-igualdad\/","title":{"rendered":"En 2025 Pamplona contar\u00e1 con un Consejo Municipal LGTBI +, seg\u00fan lo previsto del primer Plan municipal de Diversidad Sexual y de G\u00e9nero e Igualdad"},"content":{"rendered":"<h2>La Junta de Gobierno Local aprueba el proyecto de reglamento de este \u00f3rgano y se abrir\u00e1 un plazo de 10 d\u00edas para otra ronda de aportaciones<\/h2>\n<p><!--more--><\/p>\n<p>Pr\u00f3ximamente se abrir\u00e1 un periodo de 10 d\u00edas h\u00e1biles para opinar sobre la propuesta del Proyecto de Reglamento Org\u00e1nico del Consejo Municipal LGTBI + del Ayuntamiento de Pamplona. Las personas, de forma individual, o en colectivos potencialmente afectadas por esta regulaci\u00f3n, podr\u00e1n hacer de nuevo sus aportaciones en este proceso. Esta ma\u00f1ana la Junta de Gobierno Local ha aprobado el documento que se publicar\u00e1 en <a href=\"http:\/\/www.pamplona.es\" target=\"_blank\" rel=\"noopener\">www.pamplona.es<\/a>.<\/p>\n<p>La creaci\u00f3n de este consejo es una de las acciones previstas en el l Plan municipal de Diversidad Sexual y de G\u00e9nero e Igualdad LGTBI+ (2024-2028), aprobado en abril este a\u00f1o. Entre las l\u00edneas de actuaci\u00f3n que recoge, plasma la necesidad de \u201cImpulsar y garantizar una administraci\u00f3n municipal inclusiva que recoja y responda a las necesidades e intereses de la diversidad sexual de la ciudadan\u00eda de Pamplona y de su poblaci\u00f3n LGTBI+\u201d y, en concreto, \u201cPromover la participaci\u00f3n de las personas y los colectivos en la organizaci\u00f3n de las pol\u00edticas p\u00fablicas LGTBI+\u201d.<\/p>\n<p>En esta promoci\u00f3n es donde se enmarca la \u201cCreaci\u00f3n del Consejo Municipal LGTBI+ como \u00f3rgano para la participaci\u00f3n de personas y entidades LGTBI, con criterios de representaci\u00f3n paritarios\u201d. El consejo ser\u00e1 uno de los \u00f3rganos de seguimiento, evaluaci\u00f3n y transversalizaci\u00f3n del plan municipal en su dimensi\u00f3n pol\u00edtica, t\u00e9cnica y social. El de Pamplona es el primer plan de acci\u00f3n estrat\u00e9gico que se desarrolla a nivel municipal en Navarra en esta materia y sienta las bases del desarrollo de estas pol\u00edticas p\u00fablicas convierti\u00e9ndose en la principal herramienta de acci\u00f3n trasversal y sistem\u00e1tica del Ayuntamiento para el impulso de la igualdad y los derechos de las personas LGTBI+, la sensibilizaci\u00f3n social y la erradicaci\u00f3n de cualquier tipo de discriminaci\u00f3n, desigualdad y violencia LGTBIf\u00f3bica en la ciudad.<\/p>\n<p>Este proyecto de reglamento emana de un proceso participativo que se ha desarrollado entre el 24 de septiembre y el 7 de octubre que ha sido seguido por unas semanas de audiencia a personas y entidades interesadas. Cuando se publique la aprobado hoy en la web y tras recoger una tercera fase de sugerencias, el Consistorio validar\u00e1 el texto, previsiblemente antes de que acabe el a\u00f1o.<\/p>\n<p>El reglamento busca crear el Consejo Municipal LGTBI+, establecer su objetivo y naturaleza, a Articular los mecanismos de participaci\u00f3n de la ciudadan\u00eda y de las organizaciones m\u00e1s representativas que trabajan en defensa de la igualdad social de las personas LGTBI en Pamplona, definir las funciones del Consejo, establecer su composici\u00f3n, r\u00e9gimen de organizaci\u00f3n y funcionamiento, el procedimiento para elecci\u00f3n de las vocal\u00edas y el, periodo por el que son elegidas, m\u00e1s la regulaci\u00f3n de ceses y renuncias.<\/p>\n","protected":false},"excerpt":{"rendered":"<p>La Junta de Gobierno Local aprueba el proyecto de reglamento de este \u00f3rgano y se abrir\u00e1 un plazo de 10 d\u00edas para otra ronda de aportaciones<\/p>\n","protected":false},"author":1,"featured_media":48737,"comment_status":"open","ping_status":"closed","sticky":false,"template":"","format":"standard","meta":{"footnotes":""},"categories":[2],"tags":[],"class_list":["post-51439","post","type-post","status-publish","format-standard","has-post-thumbnail","hentry","category-ayuntamiento-pamplona"],"yoast_head":"<!-- This site is optimized with the Yoast SEO plugin v27.3 - https:\/\/yoast.com\/product\/yoast-seo-wordpress\/ -->\n<title>En 2025 Pamplona contar\u00e1 con un Consejo Municipal LGTBI +, seg\u00fan lo previsto del primer Plan municipal de Diversidad Sexual y de G\u00e9nero e Igualdad<\/title>\n<meta name=\"description\" content=\"La Junta de Gobierno Local aprueba el proyecto de reglamento de este \u00f3rgano y se abrir\u00e1 un plazo de 10 d\u00edas para otra ronda de aportaciones\" \/>\n<meta name=\"robots\" content=\"index, follow, max-snippet:-1, max-image-preview:large, max-video-preview:-1\" \/>\n<link rel=\"canonical\" href=\"https:\/\/www.laguiadepamplona.com\/actualidad\/en-2025-pamplona-contara-con-un-consejo-municipal-lgtbi-segun-lo-previsto-del-primer-plan-municipal-de-diversidad-sexual-y-de-genero-e-igualdad\/\" \/>\n<meta property=\"og:locale\" content=\"es_ES\" \/>\n<meta property=\"og:type\" content=\"article\" \/>\n<meta property=\"og:title\" content=\"En 2025 Pamplona contar\u00e1 con un Consejo Municipal LGTBI +, seg\u00fan lo previsto del primer Plan municipal de Diversidad Sexual y de G\u00e9nero e Igualdad\" \/>\n<meta property=\"og:description\" content=\"La Junta de Gobierno Local aprueba el proyecto de reglamento de este \u00f3rgano y se abrir\u00e1 un plazo de 10 d\u00edas para otra ronda de aportaciones\" \/>\n<meta property=\"og:url\" content=\"https:\/\/www.laguiadepamplona.com\/actualidad\/en-2025-pamplona-contara-con-un-consejo-municipal-lgtbi-segun-lo-previsto-del-primer-plan-municipal-de-diversidad-sexual-y-de-genero-e-igualdad\/\" \/>\n<meta property=\"og:site_name\" content=\"La Gu\u00eda de Pamplona\" \/>\n<meta property=\"article:publisher\" content=\"https:\/\/www.facebook.com\/laguiadepamplonacom-133175176762273\/?ref=hl\" \/>\n<meta property=\"article:published_time\" content=\"2024-11-25T15:53:39+00:00\" \/>\n<meta property=\"og:image\" content=\"https:\/\/www.laguiadepamplona.com\/actualidad\/wp-content\/uploads\/2024\/02\/lgtb_figuras_papel_2_0.webp\" \/>\n\t<meta property=\"og:image:width\" content=\"1000\" \/>\n\t<meta property=\"og:image:height\" content=\"664\" \/>\n\t<meta property=\"og:image:type\" content=\"image\/webp\" \/>\n<meta name=\"author\" content=\"La Gu\u00eda de Pamplona\" \/>\n<meta name=\"twitter:card\" content=\"summary_large_image\" \/>\n<meta name=\"twitter:creator\" content=\"@LaGuiadPamplona\" \/>\n<meta name=\"twitter:site\" content=\"@LaGuiadPamplona\" \/>\n<meta name=\"twitter:label1\" content=\"Escrito por\" \/>\n\t<meta name=\"twitter:data1\" content=\"La Gu\u00eda de Pamplona\" \/>\n\t<meta name=\"twitter:label2\" content=\"Tiempo de lectura\" \/>\n\t<meta name=\"twitter:data2\" content=\"3 minutos\" \/>\n<script type=\"application\/ld+json\" class=\"yoast-schema-graph\">{\"@context\":\"https:\\\/\\\/schema.org\",\"@graph\":[{\"@type\":\"Article\",\"@id\":\"https:\\\/\\\/www.laguiadepamplona.com\\\/actualidad\\\/en-2025-pamplona-contara-con-un-consejo-municipal-lgtbi-segun-lo-previsto-del-primer-plan-municipal-de-diversidad-sexual-y-de-genero-e-igualdad\\\/#article\",\"isPartOf\":{\"@id\":\"https:\\\/\\\/www.laguiadepamplona.com\\\/actualidad\\\/en-2025-pamplona-contara-con-un-consejo-municipal-lgtbi-segun-lo-previsto-del-primer-plan-municipal-de-diversidad-sexual-y-de-genero-e-igualdad\\\/\"},\"author\":{\"name\":\"La Gu\u00eda de Pamplona\",\"@id\":\"https:\\\/\\\/www.laguiadepamplona.com\\\/actualidad\\\/#\\\/schema\\\/person\\\/efe887376f0213d4657c93adc50b1fdb\"},\"headline\":\"En 2025 Pamplona contar\u00e1 con un Consejo Municipal LGTBI +, seg\u00fan lo previsto del primer Plan municipal de Diversidad Sexual y de G\u00e9nero e Igualdad\",\"datePublished\":\"2024-11-25T15:53:39+00:00\",\"mainEntityOfPage\":{\"@id\":\"https:\\\/\\\/www.laguiadepamplona.com\\\/actualidad\\\/en-2025-pamplona-contara-con-un-consejo-municipal-lgtbi-segun-lo-previsto-del-primer-plan-municipal-de-diversidad-sexual-y-de-genero-e-igualdad\\\/\"},\"wordCount\":524,\"commentCount\":0,\"publisher\":{\"@id\":\"https:\\\/\\\/www.laguiadepamplona.com\\\/actualidad\\\/#organization\"},\"image\":{\"@id\":\"https:\\\/\\\/www.laguiadepamplona.com\\\/actualidad\\\/en-2025-pamplona-contara-con-un-consejo-municipal-lgtbi-segun-lo-previsto-del-primer-plan-municipal-de-diversidad-sexual-y-de-genero-e-igualdad\\\/#primaryimage\"},\"thumbnailUrl\":\"https:\\\/\\\/www.laguiadepamplona.com\\\/actualidad\\\/wp-content\\\/uploads\\\/2024\\\/02\\\/lgtb_figuras_papel_2_0.webp\",\"articleSection\":[\"Ayto Pamplona\"],\"inLanguage\":\"es\",\"potentialAction\":[{\"@type\":\"CommentAction\",\"name\":\"Comment\",\"target\":[\"https:\\\/\\\/www.laguiadepamplona.com\\\/actualidad\\\/en-2025-pamplona-contara-con-un-consejo-municipal-lgtbi-segun-lo-previsto-del-primer-plan-municipal-de-diversidad-sexual-y-de-genero-e-igualdad\\\/#respond\"]}]},{\"@type\":\"WebPage\",\"@id\":\"https:\\\/\\\/www.laguiadepamplona.com\\\/actualidad\\\/en-2025-pamplona-contara-con-un-consejo-municipal-lgtbi-segun-lo-previsto-del-primer-plan-municipal-de-diversidad-sexual-y-de-genero-e-igualdad\\\/\",\"url\":\"https:\\\/\\\/www.laguiadepamplona.com\\\/actualidad\\\/en-2025-pamplona-contara-con-un-consejo-municipal-lgtbi-segun-lo-previsto-del-primer-plan-municipal-de-diversidad-sexual-y-de-genero-e-igualdad\\\/\",\"name\":\"En 2025 Pamplona contar\u00e1 con un Consejo Municipal LGTBI +, seg\u00fan lo previsto del primer Plan municipal de Diversidad Sexual y de G\u00e9nero e Igualdad\",\"isPartOf\":{\"@id\":\"https:\\\/\\\/www.laguiadepamplona.com\\\/actualidad\\\/#website\"},\"primaryImageOfPage\":{\"@id\":\"https:\\\/\\\/www.laguiadepamplona.com\\\/actualidad\\\/en-2025-pamplona-contara-con-un-consejo-municipal-lgtbi-segun-lo-previsto-del-primer-plan-municipal-de-diversidad-sexual-y-de-genero-e-igualdad\\\/#primaryimage\"},\"image\":{\"@id\":\"https:\\\/\\\/www.laguiadepamplona.com\\\/actualidad\\\/en-2025-pamplona-contara-con-un-consejo-municipal-lgtbi-segun-lo-previsto-del-primer-plan-municipal-de-diversidad-sexual-y-de-genero-e-igualdad\\\/#primaryimage\"},\"thumbnailUrl\":\"https:\\\/\\\/www.laguiadepamplona.com\\\/actualidad\\\/wp-content\\\/uploads\\\/2024\\\/02\\\/lgtb_figuras_papel_2_0.webp\",\"datePublished\":\"2024-11-25T15:53:39+00:00\",\"description\":\"La Junta de Gobierno Local aprueba el proyecto de reglamento de este \u00f3rgano y se abrir\u00e1 un plazo de 10 d\u00edas para otra ronda de aportaciones\",\"breadcrumb\":{\"@id\":\"https:\\\/\\\/www.laguiadepamplona.com\\\/actualidad\\\/en-2025-pamplona-contara-con-un-consejo-municipal-lgtbi-segun-lo-previsto-del-primer-plan-municipal-de-diversidad-sexual-y-de-genero-e-igualdad\\\/#breadcrumb\"},\"inLanguage\":\"es\",\"potentialAction\":[{\"@type\":\"ReadAction\",\"target\":[\"https:\\\/\\\/www.laguiadepamplona.com\\\/actualidad\\\/en-2025-pamplona-contara-con-un-consejo-municipal-lgtbi-segun-lo-previsto-del-primer-plan-municipal-de-diversidad-sexual-y-de-genero-e-igualdad\\\/\"]}]},{\"@type\":\"ImageObject\",\"inLanguage\":\"es\",\"@id\":\"https:\\\/\\\/www.laguiadepamplona.com\\\/actualidad\\\/en-2025-pamplona-contara-con-un-consejo-municipal-lgtbi-segun-lo-previsto-del-primer-plan-municipal-de-diversidad-sexual-y-de-genero-e-igualdad\\\/#primaryimage\",\"url\":\"https:\\\/\\\/www.laguiadepamplona.com\\\/actualidad\\\/wp-content\\\/uploads\\\/2024\\\/02\\\/lgtb_figuras_papel_2_0.webp\",\"contentUrl\":\"https:\\\/\\\/www.laguiadepamplona.com\\\/actualidad\\\/wp-content\\\/uploads\\\/2024\\\/02\\\/lgtb_figuras_papel_2_0.webp\",\"width\":1000,\"height\":664,\"caption\":\"lgtb\"},{\"@type\":\"BreadcrumbList\",\"@id\":\"https:\\\/\\\/www.laguiadepamplona.com\\\/actualidad\\\/en-2025-pamplona-contara-con-un-consejo-municipal-lgtbi-segun-lo-previsto-del-primer-plan-municipal-de-diversidad-sexual-y-de-genero-e-igualdad\\\/#breadcrumb\",\"itemListElement\":[{\"@type\":\"ListItem\",\"position\":1,\"name\":\"Portada\",\"item\":\"https:\\\/\\\/www.laguiadepamplona.com\\\/actualidad\\\/\"},{\"@type\":\"ListItem\",\"position\":2,\"name\":\"En 2025 Pamplona contar\u00e1 con un Consejo Municipal LGTBI +, seg\u00fan lo previsto del primer Plan municipal de Diversidad Sexual y de G\u00e9nero e Igualdad\"}]},{\"@type\":\"WebSite\",\"@id\":\"https:\\\/\\\/www.laguiadepamplona.com\\\/actualidad\\\/#website\",\"url\":\"https:\\\/\\\/www.laguiadepamplona.com\\\/actualidad\\\/\",\"name\":\"La gu\u00eda de Pamplona\",\"description\":\"Noticias de Pamplona\",\"publisher\":{\"@id\":\"https:\\\/\\\/www.laguiadepamplona.com\\\/actualidad\\\/#organization\"},\"potentialAction\":[{\"@type\":\"SearchAction\",\"target\":{\"@type\":\"EntryPoint\",\"urlTemplate\":\"https:\\\/\\\/www.laguiadepamplona.com\\\/actualidad\\\/?s={search_term_string}\"},\"query-input\":{\"@type\":\"PropertyValueSpecification\",\"valueRequired\":true,\"valueName\":\"search_term_string\"}}],\"inLanguage\":\"es\"},{\"@type\":\"Organization\",\"@id\":\"https:\\\/\\\/www.laguiadepamplona.com\\\/actualidad\\\/#organization\",\"name\":\"La Gu\u00eda de Pamplona \\\/ Noticias\",\"url\":\"https:\\\/\\\/www.laguiadepamplona.com\\\/actualidad\\\/\",\"logo\":{\"@type\":\"ImageObject\",\"inLanguage\":\"es\",\"@id\":\"https:\\\/\\\/www.laguiadepamplona.com\\\/actualidad\\\/#\\\/schema\\\/logo\\\/image\\\/\",\"url\":\"https:\\\/\\\/www.laguiadepamplona.com\\\/actualidad\\\/wp-content\\\/uploads\\\/2018\\\/11\\\/logo-laguiadepamplona18-web1.png\",\"contentUrl\":\"https:\\\/\\\/www.laguiadepamplona.com\\\/actualidad\\\/wp-content\\\/uploads\\\/2018\\\/11\\\/logo-laguiadepamplona18-web1.png\",\"width\":600,\"height\":196,\"caption\":\"La Gu\u00eda de Pamplona \\\/ Noticias\"},\"image\":{\"@id\":\"https:\\\/\\\/www.laguiadepamplona.com\\\/actualidad\\\/#\\\/schema\\\/logo\\\/image\\\/\"},\"sameAs\":[\"https:\\\/\\\/www.facebook.com\\\/laguiadepamplonacom-133175176762273\\\/?ref=hl\",\"https:\\\/\\\/x.com\\\/LaGuiadPamplona\",\"https:\\\/\\\/www.instagram.com\\\/la_guia_de_pamplona\\\/\",\"https:\\\/\\\/www.youtube.com\\\/user\\\/laguiadepamplona\"]},{\"@type\":\"Person\",\"@id\":\"https:\\\/\\\/www.laguiadepamplona.com\\\/actualidad\\\/#\\\/schema\\\/person\\\/efe887376f0213d4657c93adc50b1fdb\",\"name\":\"La Gu\u00eda de Pamplona\",\"image\":{\"@type\":\"ImageObject\",\"inLanguage\":\"es\",\"@id\":\"https:\\\/\\\/secure.gravatar.com\\\/avatar\\\/b6992f131dc8d30ab0dff15446e9d346d9dbd95992de0fef795073f5ea83a81c?s=96&d=mm&r=g\",\"url\":\"https:\\\/\\\/secure.gravatar.com\\\/avatar\\\/b6992f131dc8d30ab0dff15446e9d346d9dbd95992de0fef795073f5ea83a81c?s=96&d=mm&r=g\",\"contentUrl\":\"https:\\\/\\\/secure.gravatar.com\\\/avatar\\\/b6992f131dc8d30ab0dff15446e9d346d9dbd95992de0fef795073f5ea83a81c?s=96&d=mm&r=g\",\"caption\":\"La Gu\u00eda de Pamplona\"}}]}<\/script>\n<!-- \/ Yoast SEO plugin. -->","yoast_head_json":{"title":"En 2025 Pamplona contar\u00e1 con un Consejo Municipal LGTBI +, seg\u00fan lo previsto del primer Plan municipal de Diversidad Sexual y de G\u00e9nero e Igualdad","description":"La Junta de Gobierno Local aprueba el proyecto de reglamento de este \u00f3rgano y se abrir\u00e1 un plazo de 10 d\u00edas para otra ronda de aportaciones","robots":{"index":"index","follow":"follow","max-snippet":"max-snippet:-1","max-image-preview":"max-image-preview:large","max-video-preview":"max-video-preview:-1"},"canonical":"https:\/\/www.laguiadepamplona.com\/actualidad\/en-2025-pamplona-contara-con-un-consejo-municipal-lgtbi-segun-lo-previsto-del-primer-plan-municipal-de-diversidad-sexual-y-de-genero-e-igualdad\/","og_locale":"es_ES","og_type":"article","og_title":"En 2025 Pamplona contar\u00e1 con un Consejo Municipal LGTBI +, seg\u00fan lo previsto del primer Plan municipal de Diversidad Sexual y de G\u00e9nero e Igualdad","og_description":"La Junta de Gobierno Local aprueba el proyecto de reglamento de este \u00f3rgano y se abrir\u00e1 un plazo de 10 d\u00edas para otra ronda de aportaciones","og_url":"https:\/\/www.laguiadepamplona.com\/actualidad\/en-2025-pamplona-contara-con-un-consejo-municipal-lgtbi-segun-lo-previsto-del-primer-plan-municipal-de-diversidad-sexual-y-de-genero-e-igualdad\/","og_site_name":"La Gu\u00eda de Pamplona","article_publisher":"https:\/\/www.facebook.com\/laguiadepamplonacom-133175176762273\/?ref=hl","article_published_time":"2024-11-25T15:53:39+00:00","og_image":[{"width":1000,"height":664,"url":"https:\/\/www.laguiadepamplona.com\/actualidad\/wp-content\/uploads\/2024\/02\/lgtb_figuras_papel_2_0.webp","type":"image\/webp"}],"author":"La Gu\u00eda de Pamplona","twitter_card":"summary_large_image","twitter_creator":"@LaGuiadPamplona","twitter_site":"@LaGuiadPamplona","twitter_misc":{"Escrito por":"La Gu\u00eda de Pamplona","Tiempo de lectura":"3 minutos"},"schema":{"@context":"https:\/\/schema.org","@graph":[{"@type":"Article","@id":"https:\/\/www.laguiadepamplona.com\/actualidad\/en-2025-pamplona-contara-con-un-consejo-municipal-lgtbi-segun-lo-previsto-del-primer-plan-municipal-de-diversidad-sexual-y-de-genero-e-igualdad\/#article","isPartOf":{"@id":"https:\/\/www.laguiadepamplona.com\/actualidad\/en-2025-pamplona-contara-con-un-consejo-municipal-lgtbi-segun-lo-previsto-del-primer-plan-municipal-de-diversidad-sexual-y-de-genero-e-igualdad\/"},"author":{"name":"La Gu\u00eda de Pamplona","@id":"https:\/\/www.laguiadepamplona.com\/actualidad\/#\/schema\/person\/efe887376f0213d4657c93adc50b1fdb"},"headline":"En 2025 Pamplona contar\u00e1 con un Consejo Municipal LGTBI +, seg\u00fan lo previsto del primer Plan municipal de Diversidad Sexual y de G\u00e9nero e Igualdad","datePublished":"2024-11-25T15:53:39+00:00","mainEntityOfPage":{"@id":"https:\/\/www.laguiadepamplona.com\/actualidad\/en-2025-pamplona-contara-con-un-consejo-municipal-lgtbi-segun-lo-previsto-del-primer-plan-municipal-de-diversidad-sexual-y-de-genero-e-igualdad\/"},"wordCount":524,"commentCount":0,"publisher":{"@id":"https:\/\/www.laguiadepamplona.com\/actualidad\/#organization"},"image":{"@id":"https:\/\/www.laguiadepamplona.com\/actualidad\/en-2025-pamplona-contara-con-un-consejo-municipal-lgtbi-segun-lo-previsto-del-primer-plan-municipal-de-diversidad-sexual-y-de-genero-e-igualdad\/#primaryimage"},"thumbnailUrl":"https:\/\/www.laguiadepamplona.com\/actualidad\/wp-content\/uploads\/2024\/02\/lgtb_figuras_papel_2_0.webp","articleSection":["Ayto Pamplona"],"inLanguage":"es","potentialAction":[{"@type":"CommentAction","name":"Comment","target":["https:\/\/www.laguiadepamplona.com\/actualidad\/en-2025-pamplona-contara-con-un-consejo-municipal-lgtbi-segun-lo-previsto-del-primer-plan-municipal-de-diversidad-sexual-y-de-genero-e-igualdad\/#respond"]}]},{"@type":"WebPage","@id":"https:\/\/www.laguiadepamplona.com\/actualidad\/en-2025-pamplona-contara-con-un-consejo-municipal-lgtbi-segun-lo-previsto-del-primer-plan-municipal-de-diversidad-sexual-y-de-genero-e-igualdad\/","url":"https:\/\/www.laguiadepamplona.com\/actualidad\/en-2025-pamplona-contara-con-un-consejo-municipal-lgtbi-segun-lo-previsto-del-primer-plan-municipal-de-diversidad-sexual-y-de-genero-e-igualdad\/","name":"En 2025 Pamplona contar\u00e1 con un Consejo Municipal LGTBI +, seg\u00fan lo previsto del primer Plan municipal de Diversidad Sexual y de G\u00e9nero e Igualdad","isPartOf":{"@id":"https:\/\/www.laguiadepamplona.com\/actualidad\/#website"},"primaryImageOfPage":{"@id":"https:\/\/www.laguiadepamplona.com\/actualidad\/en-2025-pamplona-contara-con-un-consejo-municipal-lgtbi-segun-lo-previsto-del-primer-plan-municipal-de-diversidad-sexual-y-de-genero-e-igualdad\/#primaryimage"},"image":{"@id":"https:\/\/www.laguiadepamplona.com\/actualidad\/en-2025-pamplona-contara-con-un-consejo-municipal-lgtbi-segun-lo-previsto-del-primer-plan-municipal-de-diversidad-sexual-y-de-genero-e-igualdad\/#primaryimage"},"thumbnailUrl":"https:\/\/www.laguiadepamplona.com\/actualidad\/wp-content\/uploads\/2024\/02\/lgtb_figuras_papel_2_0.webp","datePublished":"2024-11-25T15:53:39+00:00","description":"La Junta de Gobierno Local aprueba el proyecto de reglamento de este \u00f3rgano y se abrir\u00e1 un plazo de 10 d\u00edas para otra ronda de aportaciones","breadcrumb":{"@id":"https:\/\/www.laguiadepamplona.com\/actualidad\/en-2025-pamplona-contara-con-un-consejo-municipal-lgtbi-segun-lo-previsto-del-primer-plan-municipal-de-diversidad-sexual-y-de-genero-e-igualdad\/#breadcrumb"},"inLanguage":"es","potentialAction":[{"@type":"ReadAction","target":["https:\/\/www.laguiadepamplona.com\/actualidad\/en-2025-pamplona-contara-con-un-consejo-municipal-lgtbi-segun-lo-previsto-del-primer-plan-municipal-de-diversidad-sexual-y-de-genero-e-igualdad\/"]}]},{"@type":"ImageObject","inLanguage":"es","@id":"https:\/\/www.laguiadepamplona.com\/actualidad\/en-2025-pamplona-contara-con-un-consejo-municipal-lgtbi-segun-lo-previsto-del-primer-plan-municipal-de-diversidad-sexual-y-de-genero-e-igualdad\/#primaryimage","url":"https:\/\/www.laguiadepamplona.com\/actualidad\/wp-content\/uploads\/2024\/02\/lgtb_figuras_papel_2_0.webp","contentUrl":"https:\/\/www.laguiadepamplona.com\/actualidad\/wp-content\/uploads\/2024\/02\/lgtb_figuras_papel_2_0.webp","width":1000,"height":664,"caption":"lgtb"},{"@type":"BreadcrumbList","@id":"https:\/\/www.laguiadepamplona.com\/actualidad\/en-2025-pamplona-contara-con-un-consejo-municipal-lgtbi-segun-lo-previsto-del-primer-plan-municipal-de-diversidad-sexual-y-de-genero-e-igualdad\/#breadcrumb","itemListElement":[{"@type":"ListItem","position":1,"name":"Portada","item":"https:\/\/www.laguiadepamplona.com\/actualidad\/"},{"@type":"ListItem","position":2,"name":"En 2025 Pamplona contar\u00e1 con un Consejo Municipal LGTBI +, seg\u00fan lo previsto del primer Plan municipal de Diversidad Sexual y de G\u00e9nero e Igualdad"}]},{"@type":"WebSite","@id":"https:\/\/www.laguiadepamplona.com\/actualidad\/#website","url":"https:\/\/www.laguiadepamplona.com\/actualidad\/","name":"La gu\u00eda de Pamplona","description":"Noticias de Pamplona","publisher":{"@id":"https:\/\/www.laguiadepamplona.com\/actualidad\/#organization"},"potentialAction":[{"@type":"SearchAction","target":{"@type":"EntryPoint","urlTemplate":"https:\/\/www.laguiadepamplona.com\/actualidad\/?s={search_term_string}"},"query-input":{"@type":"PropertyValueSpecification","valueRequired":true,"valueName":"search_term_string"}}],"inLanguage":"es"},{"@type":"Organization","@id":"https:\/\/www.laguiadepamplona.com\/actualidad\/#organization","name":"La Gu\u00eda de Pamplona \/ Noticias","url":"https:\/\/www.laguiadepamplona.com\/actualidad\/","logo":{"@type":"ImageObject","inLanguage":"es","@id":"https:\/\/www.laguiadepamplona.com\/actualidad\/#\/schema\/logo\/image\/","url":"https:\/\/www.laguiadepamplona.com\/actualidad\/wp-content\/uploads\/2018\/11\/logo-laguiadepamplona18-web1.png","contentUrl":"https:\/\/www.laguiadepamplona.com\/actualidad\/wp-content\/uploads\/2018\/11\/logo-laguiadepamplona18-web1.png","width":600,"height":196,"caption":"La Gu\u00eda de Pamplona \/ Noticias"},"image":{"@id":"https:\/\/www.laguiadepamplona.com\/actualidad\/#\/schema\/logo\/image\/"},"sameAs":["https:\/\/www.facebook.com\/laguiadepamplonacom-133175176762273\/?ref=hl","https:\/\/x.com\/LaGuiadPamplona","https:\/\/www.instagram.com\/la_guia_de_pamplona\/","https:\/\/www.youtube.com\/user\/laguiadepamplona"]},{"@type":"Person","@id":"https:\/\/www.laguiadepamplona.com\/actualidad\/#\/schema\/person\/efe887376f0213d4657c93adc50b1fdb","name":"La Gu\u00eda de Pamplona","image":{"@type":"ImageObject","inLanguage":"es","@id":"https:\/\/secure.gravatar.com\/avatar\/b6992f131dc8d30ab0dff15446e9d346d9dbd95992de0fef795073f5ea83a81c?s=96&d=mm&r=g","url":"https:\/\/secure.gravatar.com\/avatar\/b6992f131dc8d30ab0dff15446e9d346d9dbd95992de0fef795073f5ea83a81c?s=96&d=mm&r=g","contentUrl":"https:\/\/secure.gravatar.com\/avatar\/b6992f131dc8d30ab0dff15446e9d346d9dbd95992de0fef795073f5ea83a81c?s=96&d=mm&r=g","caption":"La Gu\u00eda de Pamplona"}}]}},"post_mailing_queue_ids":[],"_links":{"self":[{"href":"https:\/\/www.laguiadepamplona.com\/actualidad\/wp-json\/wp\/v2\/posts\/51439","targetHints":{"allow":["GET"]}}],"collection":[{"href":"https:\/\/www.laguiadepamplona.com\/actualidad\/wp-json\/wp\/v2\/posts"}],"about":[{"href":"https:\/\/www.laguiadepamplona.com\/actualidad\/wp-json\/wp\/v2\/types\/post"}],"author":[{"embeddable":true,"href":"https:\/\/www.laguiadepamplona.com\/actualidad\/wp-json\/wp\/v2\/users\/1"}],"replies":[{"embeddable":true,"href":"https:\/\/www.laguiadepamplona.com\/actualidad\/wp-json\/wp\/v2\/comments?post=51439"}],"version-history":[{"count":1,"href":"https:\/\/www.laguiadepamplona.com\/actualidad\/wp-json\/wp\/v2\/posts\/51439\/revisions"}],"predecessor-version":[{"id":51440,"href":"https:\/\/www.laguiadepamplona.com\/actualidad\/wp-json\/wp\/v2\/posts\/51439\/revisions\/51440"}],"wp:featuredmedia":[{"embeddable":true,"href":"https:\/\/www.laguiadepamplona.com\/actualidad\/wp-json\/wp\/v2\/media\/48737"}],"wp:attachment":[{"href":"https:\/\/www.laguiadepamplona.com\/actualidad\/wp-json\/wp\/v2\/media?parent=51439"}],"wp:term":[{"taxonomy":"category","embeddable":true,"href":"https:\/\/www.laguiadepamplona.com\/actualidad\/wp-json\/wp\/v2\/categories?post=51439"},{"taxonomy":"post_tag","embeddable":true,"href":"https:\/\/www.laguiadepamplona.com\/actualidad\/wp-json\/wp\/v2\/tags?post=51439"}],"curies":[{"name":"wp","href":"https:\/\/api.w.org\/{rel}","templated":true}]}}