{"id":51433,"date":"2024-11-25T17:50:38","date_gmt":"2024-11-25T15:50:38","guid":{"rendered":"https:\/\/www.laguiadepamplona.com\/actualidad\/?p=51433"},"modified":"2024-11-25T17:50:38","modified_gmt":"2024-11-25T15:50:38","slug":"el-ayuntamiento-invertira-19-millones-en-el-entorno-de-bosquecillo-que-incluira-un-area-de-servicios-para-cicloturistas-del-camino-de-santiago-y-las-rutas-eurovelo","status":"publish","type":"post","link":"https:\/\/www.laguiadepamplona.com\/actualidad\/el-ayuntamiento-invertira-19-millones-en-el-entorno-de-bosquecillo-que-incluira-un-area-de-servicios-para-cicloturistas-del-camino-de-santiago-y-las-rutas-eurovelo\/","title":{"rendered":"El Ayuntamiento invertir\u00e1 1,9 millones en el entorno de Bosquecillo que incluir\u00e1 un \u00e1rea de servicios para cicloturistas del Camino de Santiago y las rutas Eurovelo"},"content":{"rendered":"<h2>En la zona, que tendr\u00e1 taller de autorreparaci\u00f3n, aparcamiento y taquillas, se renovar\u00e1n redes, zonas ajardinadas y mobiliario y se reubicar\u00e1 el quiosco de Recoletas<\/h2>\n<p><!--more--><\/p>\n<p>El proyecto de adecuaci\u00f3n del entorno de Bosquecillo incorpora un \u00e1rea de servicios para ciclistas en el espacio entre esta calle, Taconera y Navas de Tolosa, en la trasera del hotel Tres Reyes, un espacio en el l\u00edmite del Casco Antiguo, en pleno Camino de Santiago y en la proximidad del aforador de bicicletas con m\u00e1s tr\u00e1nsitos de la ciudad, el de Navas de Tolosa. La nueva dotaci\u00f3n estar\u00e1 ubicada en un \u00e1rea de 8.170 m2, que busca reordenar la relaci\u00f3n peatonal entre las tres calles que la enmarcan y los jardines de la Taconera, mejorar la masa vegetal y dejar recorridos flexibles que favorecen el paseo y la estancia. Adem\u00e1s, se dotar\u00e1 este punto con juegos infantiles.<\/p>\n<p>Esta ma\u00f1ana han presentado el proyecto el concejal delegado de Ciudad Sostenible y Habitable, Borja Izaguirre Larra\u00f1aga y el concejal delegado del \u00e1rea de Promoci\u00f3n Econ\u00f3mica, Proyecci\u00f3n Europea, Innovaci\u00f3n, Juventud y Cooperaci\u00f3n al Desarrollo, Mikel Armendariz Barnechea. La redacci\u00f3n del proyecto de adecuaci\u00f3n se adjudic\u00f3 el pasado mes de junio al equipo formado por Joki\u00f1e Crespo Garbisu, Laura Hern\u00e1ndez Sanz, Ignacio Cordero Fort y Santiago Virto Calleja, y MyA Ingenier\u00eda Proyectos y Consultor\u00eda energ\u00e9tica S.L. El proyecto, que incluye la renovaci\u00f3n de redes, mejora de las condiciones del arbolado, creaci\u00f3n de nuevos jardines, renovaci\u00f3n de luminarias e incorporaci\u00f3n de mobiliario, se ha cifrado en torno a los 1,9 millones de euros. De esa cantidad ahora se invertir\u00e1n en el \u00e1rea ciclista 80.000 euros, mientras que las obras de regeneraci\u00f3n de todo el \u00e1mbito no se iniciar\u00e1n hasta pasados los Sanfermines de 2025.<\/p>\n<p><strong>Cicloturistas y bici-peregrinos<\/strong><\/p>\n<p>La idea es generar un espacio que sirva para potenciar la atenci\u00f3n al nicho de las personas que realizan la peregrinaci\u00f3n jacobea en bicicleta, que en estos momentos no pasa del 5% del total de las que llegan a Pamplona haciendo el Camino Franc\u00e9s (unas 70.000 al a\u00f1o). Adem\u00e1s de esto, se busca situar a Pamplona como la ciudad referente en la entrada de la red Eurovelo al Estado espa\u00f1ol. Desde las \u00e1reas implicadas (Turismo y Movilidad) se ha determinado que el Bosquecillo es el entorno perfecto para ubicar un \u00e1rea de estas caracter\u00edsticas, ya que se sit\u00faa a la entrada del Casco Hist\u00f3rico de la ciudad, adem\u00e1s de ser atravesado por el Camino de Santiago y la Red Eurovelo (red transfronteriza de rutas ciclistas de larga distancia que atraviesan Europa en toda su extensi\u00f3n con cerca de 90.000 kms).<\/p>\n<p>En un primer momento esta \u00e1rea de servicios estar\u00e1 dimensionada para 20 bicis, aunque es ampliable. Adem\u00e1s de una zona de aparcamiento cubierto modular (\u2018nBici\u2019), el espacio estar\u00e1 equipado con taquillas y consignas para cicloturistas, y dotado de un taller o estaci\u00f3n de auto reparaci\u00f3n con elementos suficientes, adem\u00e1s de una m\u00e1quina expendedora de recambios. Habr\u00e1 tambi\u00e9n puntos de recarga de bicis el\u00e9ctricas.<\/p>\n<p>Adem\u00e1s, por su ubicaci\u00f3n en la ciudad, tanto los cicloturistas de Eurovelo como quienes deciden hacer la ruta jacobea podr\u00e1n disponer de los servicios de la ciudad que se encuentran en ese entorno: puntos de alquiler de bicicletas el\u00e9ctricas en Antoniutti y Rinc\u00f3n de la Aduana, aseos p\u00fablicos en el \u201cparaguas\u201d de Bosquecillo y en Antoniutti, los servicios de ba\u00f1o, ducha y lavander\u00eda en el n\u00famero 9 de la calle Hilari\u00f3n Eslava y fuentes de agua: 3 en el Bosquecillo y 6 en Taconera.<\/p>\n<p><strong>Reubicaci\u00f3n del quiosco de Recoletas<\/strong><\/p>\n<p>Pero la creaci\u00f3n de esta nueva \u00e1rea de servicio no es la \u00fanica novedad que integra el proyecto de regeneraci\u00f3n urbana del Bosquecillo. Desde el Consistorio, adem\u00e1s, se vio la oportunidad de trasladar a este espacio el quiosco anteriormente ubicado en la Plaza de Recoletas. Tambi\u00e9n en junio, se produjo la adjudicaci\u00f3n de su rehabilitaci\u00f3n a favor de la empresa Construcciones Leache SL por un presupuesto de 64.163,88 euros. El proyecto, obra del arquitecto Miguel Monreal Vidal, consist\u00eda en restaurar el quiosco de 5,5 metros cuadrados para recuperarlo como punto de informaci\u00f3n comercial y tur\u00edstica a trav\u00e9s de pantallas digitales.<\/p>\n<p>Mientras que el \u00e1rea de servicio cicloturista se situar\u00e1 en la confluencia entre la Calle Bosquecillo y Navas de Tolosa, el quiosco se ubicar\u00e1 en el encuentro entre las calles Bosquecillo y Taconera. Esta nueva ubicaci\u00f3n, adem\u00e1s de reforzar el Bosquecillo como enclave de atracci\u00f3n tur\u00edstica, responde a una decisi\u00f3n en favor de mejorar la accesibilidad a la plaza de Recoletas, donde se ubicaba originalmente esta infraestructura.<\/p>\n<p>Aunque la ejecuci\u00f3n del proyecto completo no se va a acometer de inmediato, la reubicaci\u00f3n del quiosco y la colocaci\u00f3n del \u00e1rea de servicios para ciclistas s\u00ed que se pondr\u00e1n ya en marcha: el primero estar\u00e1 ya listo para final de a\u00f1o, el \u00e1rea de servicio para bicicletas estar\u00e1 lista antes de los Sanfermines de 2025.<\/p>\n","protected":false},"excerpt":{"rendered":"<p>En la zona, que tendr\u00e1 taller de autorreparaci\u00f3n, aparcamiento y taquillas, se renovar\u00e1n redes, zonas ajardinadas y mobiliario y se reubicar\u00e1 el quiosco de Recoletas<\/p>\n","protected":false},"author":1,"featured_media":51434,"comment_status":"open","ping_status":"closed","sticky":false,"template":"","format":"standard","meta":{"footnotes":""},"categories":[2],"tags":[],"class_list":["post-51433","post","type-post","status-publish","format-standard","has-post-thumbnail","hentry","category-ayuntamiento-pamplona"],"yoast_head":"<!-- This site is optimized with the Yoast SEO plugin v27.3 - https:\/\/yoast.com\/product\/yoast-seo-wordpress\/ -->\n<title>El Ayuntamiento invertir\u00e1 1,9 millones en el entorno de Bosquecillo que incluir\u00e1 un \u00e1rea de servicios para cicloturistas del Camino de Santiago y las rutas Eurovelo<\/title>\n<meta name=\"description\" content=\"En la zona, que tendr\u00e1 taller de autorreparaci\u00f3n, aparcamiento y taquillas, se renovar\u00e1n redes, zonas ajardinadas y mobiliario\" \/>\n<meta name=\"robots\" content=\"index, follow, max-snippet:-1, max-image-preview:large, max-video-preview:-1\" \/>\n<link rel=\"canonical\" href=\"https:\/\/www.laguiadepamplona.com\/actualidad\/el-ayuntamiento-invertira-19-millones-en-el-entorno-de-bosquecillo-que-incluira-un-area-de-servicios-para-cicloturistas-del-camino-de-santiago-y-las-rutas-eurovelo\/\" \/>\n<meta property=\"og:locale\" content=\"es_ES\" \/>\n<meta property=\"og:type\" content=\"article\" \/>\n<meta property=\"og:title\" content=\"El Ayuntamiento invertir\u00e1 1,9 millones en el entorno de Bosquecillo que incluir\u00e1 un \u00e1rea de servicios para cicloturistas del Camino de Santiago y las rutas Eurovelo\" \/>\n<meta property=\"og:description\" content=\"En la zona, que tendr\u00e1 taller de autorreparaci\u00f3n, aparcamiento y taquillas, se renovar\u00e1n redes, zonas ajardinadas y mobiliario\" \/>\n<meta property=\"og:url\" content=\"https:\/\/www.laguiadepamplona.com\/actualidad\/el-ayuntamiento-invertira-19-millones-en-el-entorno-de-bosquecillo-que-incluira-un-area-de-servicios-para-cicloturistas-del-camino-de-santiago-y-las-rutas-eurovelo\/\" \/>\n<meta property=\"og:site_name\" content=\"La Gu\u00eda de Pamplona\" \/>\n<meta property=\"article:publisher\" content=\"https:\/\/www.facebook.com\/laguiadepamplonacom-133175176762273\/?ref=hl\" \/>\n<meta property=\"article:published_time\" content=\"2024-11-25T15:50:38+00:00\" \/>\n<meta property=\"og:image\" content=\"https:\/\/www.laguiadepamplona.com\/actualidad\/wp-content\/uploads\/2024\/11\/4posiblemodeloarearestauracionbiciscopia_0.webp\" \/>\n\t<meta property=\"og:image:width\" content=\"1000\" \/>\n\t<meta property=\"og:image:height\" content=\"714\" \/>\n\t<meta property=\"og:image:type\" content=\"image\/webp\" \/>\n<meta name=\"author\" content=\"La Gu\u00eda de Pamplona\" \/>\n<meta name=\"twitter:card\" content=\"summary_large_image\" \/>\n<meta name=\"twitter:creator\" content=\"@LaGuiadPamplona\" \/>\n<meta name=\"twitter:site\" content=\"@LaGuiadPamplona\" \/>\n<meta name=\"twitter:label1\" content=\"Escrito por\" \/>\n\t<meta name=\"twitter:data1\" content=\"La Gu\u00eda de Pamplona\" \/>\n\t<meta name=\"twitter:label2\" content=\"Tiempo de lectura\" \/>\n\t<meta name=\"twitter:data2\" content=\"4 minutos\" \/>\n<script type=\"application\/ld+json\" class=\"yoast-schema-graph\">{\"@context\":\"https:\\\/\\\/schema.org\",\"@graph\":[{\"@type\":\"Article\",\"@id\":\"https:\\\/\\\/www.laguiadepamplona.com\\\/actualidad\\\/el-ayuntamiento-invertira-19-millones-en-el-entorno-de-bosquecillo-que-incluira-un-area-de-servicios-para-cicloturistas-del-camino-de-santiago-y-las-rutas-eurovelo\\\/#article\",\"isPartOf\":{\"@id\":\"https:\\\/\\\/www.laguiadepamplona.com\\\/actualidad\\\/el-ayuntamiento-invertira-19-millones-en-el-entorno-de-bosquecillo-que-incluira-un-area-de-servicios-para-cicloturistas-del-camino-de-santiago-y-las-rutas-eurovelo\\\/\"},\"author\":{\"name\":\"La Gu\u00eda de Pamplona\",\"@id\":\"https:\\\/\\\/www.laguiadepamplona.com\\\/actualidad\\\/#\\\/schema\\\/person\\\/efe887376f0213d4657c93adc50b1fdb\"},\"headline\":\"El Ayuntamiento invertir\u00e1 1,9 millones en el entorno de Bosquecillo que incluir\u00e1 un \u00e1rea de servicios para cicloturistas del Camino de Santiago y las rutas Eurovelo\",\"datePublished\":\"2024-11-25T15:50:38+00:00\",\"mainEntityOfPage\":{\"@id\":\"https:\\\/\\\/www.laguiadepamplona.com\\\/actualidad\\\/el-ayuntamiento-invertira-19-millones-en-el-entorno-de-bosquecillo-que-incluira-un-area-de-servicios-para-cicloturistas-del-camino-de-santiago-y-las-rutas-eurovelo\\\/\"},\"wordCount\":894,\"commentCount\":0,\"publisher\":{\"@id\":\"https:\\\/\\\/www.laguiadepamplona.com\\\/actualidad\\\/#organization\"},\"image\":{\"@id\":\"https:\\\/\\\/www.laguiadepamplona.com\\\/actualidad\\\/el-ayuntamiento-invertira-19-millones-en-el-entorno-de-bosquecillo-que-incluira-un-area-de-servicios-para-cicloturistas-del-camino-de-santiago-y-las-rutas-eurovelo\\\/#primaryimage\"},\"thumbnailUrl\":\"https:\\\/\\\/www.laguiadepamplona.com\\\/actualidad\\\/wp-content\\\/uploads\\\/2024\\\/11\\\/4posiblemodeloarearestauracionbiciscopia_0.webp\",\"articleSection\":[\"Ayto Pamplona\"],\"inLanguage\":\"es\",\"potentialAction\":[{\"@type\":\"CommentAction\",\"name\":\"Comment\",\"target\":[\"https:\\\/\\\/www.laguiadepamplona.com\\\/actualidad\\\/el-ayuntamiento-invertira-19-millones-en-el-entorno-de-bosquecillo-que-incluira-un-area-de-servicios-para-cicloturistas-del-camino-de-santiago-y-las-rutas-eurovelo\\\/#respond\"]}]},{\"@type\":\"WebPage\",\"@id\":\"https:\\\/\\\/www.laguiadepamplona.com\\\/actualidad\\\/el-ayuntamiento-invertira-19-millones-en-el-entorno-de-bosquecillo-que-incluira-un-area-de-servicios-para-cicloturistas-del-camino-de-santiago-y-las-rutas-eurovelo\\\/\",\"url\":\"https:\\\/\\\/www.laguiadepamplona.com\\\/actualidad\\\/el-ayuntamiento-invertira-19-millones-en-el-entorno-de-bosquecillo-que-incluira-un-area-de-servicios-para-cicloturistas-del-camino-de-santiago-y-las-rutas-eurovelo\\\/\",\"name\":\"El Ayuntamiento invertir\u00e1 1,9 millones en el entorno de Bosquecillo que incluir\u00e1 un \u00e1rea de servicios para cicloturistas del Camino de Santiago y las rutas Eurovelo\",\"isPartOf\":{\"@id\":\"https:\\\/\\\/www.laguiadepamplona.com\\\/actualidad\\\/#website\"},\"primaryImageOfPage\":{\"@id\":\"https:\\\/\\\/www.laguiadepamplona.com\\\/actualidad\\\/el-ayuntamiento-invertira-19-millones-en-el-entorno-de-bosquecillo-que-incluira-un-area-de-servicios-para-cicloturistas-del-camino-de-santiago-y-las-rutas-eurovelo\\\/#primaryimage\"},\"image\":{\"@id\":\"https:\\\/\\\/www.laguiadepamplona.com\\\/actualidad\\\/el-ayuntamiento-invertira-19-millones-en-el-entorno-de-bosquecillo-que-incluira-un-area-de-servicios-para-cicloturistas-del-camino-de-santiago-y-las-rutas-eurovelo\\\/#primaryimage\"},\"thumbnailUrl\":\"https:\\\/\\\/www.laguiadepamplona.com\\\/actualidad\\\/wp-content\\\/uploads\\\/2024\\\/11\\\/4posiblemodeloarearestauracionbiciscopia_0.webp\",\"datePublished\":\"2024-11-25T15:50:38+00:00\",\"description\":\"En la zona, que tendr\u00e1 taller de autorreparaci\u00f3n, aparcamiento y taquillas, se renovar\u00e1n redes, zonas ajardinadas y mobiliario\",\"breadcrumb\":{\"@id\":\"https:\\\/\\\/www.laguiadepamplona.com\\\/actualidad\\\/el-ayuntamiento-invertira-19-millones-en-el-entorno-de-bosquecillo-que-incluira-un-area-de-servicios-para-cicloturistas-del-camino-de-santiago-y-las-rutas-eurovelo\\\/#breadcrumb\"},\"inLanguage\":\"es\",\"potentialAction\":[{\"@type\":\"ReadAction\",\"target\":[\"https:\\\/\\\/www.laguiadepamplona.com\\\/actualidad\\\/el-ayuntamiento-invertira-19-millones-en-el-entorno-de-bosquecillo-que-incluira-un-area-de-servicios-para-cicloturistas-del-camino-de-santiago-y-las-rutas-eurovelo\\\/\"]}]},{\"@type\":\"ImageObject\",\"inLanguage\":\"es\",\"@id\":\"https:\\\/\\\/www.laguiadepamplona.com\\\/actualidad\\\/el-ayuntamiento-invertira-19-millones-en-el-entorno-de-bosquecillo-que-incluira-un-area-de-servicios-para-cicloturistas-del-camino-de-santiago-y-las-rutas-eurovelo\\\/#primaryimage\",\"url\":\"https:\\\/\\\/www.laguiadepamplona.com\\\/actualidad\\\/wp-content\\\/uploads\\\/2024\\\/11\\\/4posiblemodeloarearestauracionbiciscopia_0.webp\",\"contentUrl\":\"https:\\\/\\\/www.laguiadepamplona.com\\\/actualidad\\\/wp-content\\\/uploads\\\/2024\\\/11\\\/4posiblemodeloarearestauracionbiciscopia_0.webp\",\"width\":1000,\"height\":714,\"caption\":\"posible modelo \u00e1rea bicis\"},{\"@type\":\"BreadcrumbList\",\"@id\":\"https:\\\/\\\/www.laguiadepamplona.com\\\/actualidad\\\/el-ayuntamiento-invertira-19-millones-en-el-entorno-de-bosquecillo-que-incluira-un-area-de-servicios-para-cicloturistas-del-camino-de-santiago-y-las-rutas-eurovelo\\\/#breadcrumb\",\"itemListElement\":[{\"@type\":\"ListItem\",\"position\":1,\"name\":\"Portada\",\"item\":\"https:\\\/\\\/www.laguiadepamplona.com\\\/actualidad\\\/\"},{\"@type\":\"ListItem\",\"position\":2,\"name\":\"El Ayuntamiento invertir\u00e1 1,9 millones en el entorno de Bosquecillo que incluir\u00e1 un \u00e1rea de servicios para cicloturistas del Camino de Santiago y las rutas Eurovelo\"}]},{\"@type\":\"WebSite\",\"@id\":\"https:\\\/\\\/www.laguiadepamplona.com\\\/actualidad\\\/#website\",\"url\":\"https:\\\/\\\/www.laguiadepamplona.com\\\/actualidad\\\/\",\"name\":\"La gu\u00eda de Pamplona\",\"description\":\"Noticias de Pamplona\",\"publisher\":{\"@id\":\"https:\\\/\\\/www.laguiadepamplona.com\\\/actualidad\\\/#organization\"},\"potentialAction\":[{\"@type\":\"SearchAction\",\"target\":{\"@type\":\"EntryPoint\",\"urlTemplate\":\"https:\\\/\\\/www.laguiadepamplona.com\\\/actualidad\\\/?s={search_term_string}\"},\"query-input\":{\"@type\":\"PropertyValueSpecification\",\"valueRequired\":true,\"valueName\":\"search_term_string\"}}],\"inLanguage\":\"es\"},{\"@type\":\"Organization\",\"@id\":\"https:\\\/\\\/www.laguiadepamplona.com\\\/actualidad\\\/#organization\",\"name\":\"La Gu\u00eda de Pamplona \\\/ Noticias\",\"url\":\"https:\\\/\\\/www.laguiadepamplona.com\\\/actualidad\\\/\",\"logo\":{\"@type\":\"ImageObject\",\"inLanguage\":\"es\",\"@id\":\"https:\\\/\\\/www.laguiadepamplona.com\\\/actualidad\\\/#\\\/schema\\\/logo\\\/image\\\/\",\"url\":\"https:\\\/\\\/www.laguiadepamplona.com\\\/actualidad\\\/wp-content\\\/uploads\\\/2018\\\/11\\\/logo-laguiadepamplona18-web1.png\",\"contentUrl\":\"https:\\\/\\\/www.laguiadepamplona.com\\\/actualidad\\\/wp-content\\\/uploads\\\/2018\\\/11\\\/logo-laguiadepamplona18-web1.png\",\"width\":600,\"height\":196,\"caption\":\"La Gu\u00eda de Pamplona \\\/ Noticias\"},\"image\":{\"@id\":\"https:\\\/\\\/www.laguiadepamplona.com\\\/actualidad\\\/#\\\/schema\\\/logo\\\/image\\\/\"},\"sameAs\":[\"https:\\\/\\\/www.facebook.com\\\/laguiadepamplonacom-133175176762273\\\/?ref=hl\",\"https:\\\/\\\/x.com\\\/LaGuiadPamplona\",\"https:\\\/\\\/www.instagram.com\\\/la_guia_de_pamplona\\\/\",\"https:\\\/\\\/www.youtube.com\\\/user\\\/laguiadepamplona\"]},{\"@type\":\"Person\",\"@id\":\"https:\\\/\\\/www.laguiadepamplona.com\\\/actualidad\\\/#\\\/schema\\\/person\\\/efe887376f0213d4657c93adc50b1fdb\",\"name\":\"La Gu\u00eda de Pamplona\",\"image\":{\"@type\":\"ImageObject\",\"inLanguage\":\"es\",\"@id\":\"https:\\\/\\\/secure.gravatar.com\\\/avatar\\\/b6992f131dc8d30ab0dff15446e9d346d9dbd95992de0fef795073f5ea83a81c?s=96&d=mm&r=g\",\"url\":\"https:\\\/\\\/secure.gravatar.com\\\/avatar\\\/b6992f131dc8d30ab0dff15446e9d346d9dbd95992de0fef795073f5ea83a81c?s=96&d=mm&r=g\",\"contentUrl\":\"https:\\\/\\\/secure.gravatar.com\\\/avatar\\\/b6992f131dc8d30ab0dff15446e9d346d9dbd95992de0fef795073f5ea83a81c?s=96&d=mm&r=g\",\"caption\":\"La Gu\u00eda de Pamplona\"}}]}<\/script>\n<!-- \/ Yoast SEO plugin. -->","yoast_head_json":{"title":"El Ayuntamiento invertir\u00e1 1,9 millones en el entorno de Bosquecillo que incluir\u00e1 un \u00e1rea de servicios para cicloturistas del Camino de Santiago y las rutas Eurovelo","description":"En la zona, que tendr\u00e1 taller de autorreparaci\u00f3n, aparcamiento y taquillas, se renovar\u00e1n redes, zonas ajardinadas y mobiliario","robots":{"index":"index","follow":"follow","max-snippet":"max-snippet:-1","max-image-preview":"max-image-preview:large","max-video-preview":"max-video-preview:-1"},"canonical":"https:\/\/www.laguiadepamplona.com\/actualidad\/el-ayuntamiento-invertira-19-millones-en-el-entorno-de-bosquecillo-que-incluira-un-area-de-servicios-para-cicloturistas-del-camino-de-santiago-y-las-rutas-eurovelo\/","og_locale":"es_ES","og_type":"article","og_title":"El Ayuntamiento invertir\u00e1 1,9 millones en el entorno de Bosquecillo que incluir\u00e1 un \u00e1rea de servicios para cicloturistas del Camino de Santiago y las rutas Eurovelo","og_description":"En la zona, que tendr\u00e1 taller de autorreparaci\u00f3n, aparcamiento y taquillas, se renovar\u00e1n redes, zonas ajardinadas y mobiliario","og_url":"https:\/\/www.laguiadepamplona.com\/actualidad\/el-ayuntamiento-invertira-19-millones-en-el-entorno-de-bosquecillo-que-incluira-un-area-de-servicios-para-cicloturistas-del-camino-de-santiago-y-las-rutas-eurovelo\/","og_site_name":"La Gu\u00eda de Pamplona","article_publisher":"https:\/\/www.facebook.com\/laguiadepamplonacom-133175176762273\/?ref=hl","article_published_time":"2024-11-25T15:50:38+00:00","og_image":[{"width":1000,"height":714,"url":"https:\/\/www.laguiadepamplona.com\/actualidad\/wp-content\/uploads\/2024\/11\/4posiblemodeloarearestauracionbiciscopia_0.webp","type":"image\/webp"}],"author":"La Gu\u00eda de Pamplona","twitter_card":"summary_large_image","twitter_creator":"@LaGuiadPamplona","twitter_site":"@LaGuiadPamplona","twitter_misc":{"Escrito por":"La Gu\u00eda de Pamplona","Tiempo de lectura":"4 minutos"},"schema":{"@context":"https:\/\/schema.org","@graph":[{"@type":"Article","@id":"https:\/\/www.laguiadepamplona.com\/actualidad\/el-ayuntamiento-invertira-19-millones-en-el-entorno-de-bosquecillo-que-incluira-un-area-de-servicios-para-cicloturistas-del-camino-de-santiago-y-las-rutas-eurovelo\/#article","isPartOf":{"@id":"https:\/\/www.laguiadepamplona.com\/actualidad\/el-ayuntamiento-invertira-19-millones-en-el-entorno-de-bosquecillo-que-incluira-un-area-de-servicios-para-cicloturistas-del-camino-de-santiago-y-las-rutas-eurovelo\/"},"author":{"name":"La Gu\u00eda de Pamplona","@id":"https:\/\/www.laguiadepamplona.com\/actualidad\/#\/schema\/person\/efe887376f0213d4657c93adc50b1fdb"},"headline":"El Ayuntamiento invertir\u00e1 1,9 millones en el entorno de Bosquecillo que incluir\u00e1 un \u00e1rea de servicios para cicloturistas del Camino de Santiago y las rutas Eurovelo","datePublished":"2024-11-25T15:50:38+00:00","mainEntityOfPage":{"@id":"https:\/\/www.laguiadepamplona.com\/actualidad\/el-ayuntamiento-invertira-19-millones-en-el-entorno-de-bosquecillo-que-incluira-un-area-de-servicios-para-cicloturistas-del-camino-de-santiago-y-las-rutas-eurovelo\/"},"wordCount":894,"commentCount":0,"publisher":{"@id":"https:\/\/www.laguiadepamplona.com\/actualidad\/#organization"},"image":{"@id":"https:\/\/www.laguiadepamplona.com\/actualidad\/el-ayuntamiento-invertira-19-millones-en-el-entorno-de-bosquecillo-que-incluira-un-area-de-servicios-para-cicloturistas-del-camino-de-santiago-y-las-rutas-eurovelo\/#primaryimage"},"thumbnailUrl":"https:\/\/www.laguiadepamplona.com\/actualidad\/wp-content\/uploads\/2024\/11\/4posiblemodeloarearestauracionbiciscopia_0.webp","articleSection":["Ayto Pamplona"],"inLanguage":"es","potentialAction":[{"@type":"CommentAction","name":"Comment","target":["https:\/\/www.laguiadepamplona.com\/actualidad\/el-ayuntamiento-invertira-19-millones-en-el-entorno-de-bosquecillo-que-incluira-un-area-de-servicios-para-cicloturistas-del-camino-de-santiago-y-las-rutas-eurovelo\/#respond"]}]},{"@type":"WebPage","@id":"https:\/\/www.laguiadepamplona.com\/actualidad\/el-ayuntamiento-invertira-19-millones-en-el-entorno-de-bosquecillo-que-incluira-un-area-de-servicios-para-cicloturistas-del-camino-de-santiago-y-las-rutas-eurovelo\/","url":"https:\/\/www.laguiadepamplona.com\/actualidad\/el-ayuntamiento-invertira-19-millones-en-el-entorno-de-bosquecillo-que-incluira-un-area-de-servicios-para-cicloturistas-del-camino-de-santiago-y-las-rutas-eurovelo\/","name":"El Ayuntamiento invertir\u00e1 1,9 millones en el entorno de Bosquecillo que incluir\u00e1 un \u00e1rea de servicios para cicloturistas del Camino de Santiago y las rutas Eurovelo","isPartOf":{"@id":"https:\/\/www.laguiadepamplona.com\/actualidad\/#website"},"primaryImageOfPage":{"@id":"https:\/\/www.laguiadepamplona.com\/actualidad\/el-ayuntamiento-invertira-19-millones-en-el-entorno-de-bosquecillo-que-incluira-un-area-de-servicios-para-cicloturistas-del-camino-de-santiago-y-las-rutas-eurovelo\/#primaryimage"},"image":{"@id":"https:\/\/www.laguiadepamplona.com\/actualidad\/el-ayuntamiento-invertira-19-millones-en-el-entorno-de-bosquecillo-que-incluira-un-area-de-servicios-para-cicloturistas-del-camino-de-santiago-y-las-rutas-eurovelo\/#primaryimage"},"thumbnailUrl":"https:\/\/www.laguiadepamplona.com\/actualidad\/wp-content\/uploads\/2024\/11\/4posiblemodeloarearestauracionbiciscopia_0.webp","datePublished":"2024-11-25T15:50:38+00:00","description":"En la zona, que tendr\u00e1 taller de autorreparaci\u00f3n, aparcamiento y taquillas, se renovar\u00e1n redes, zonas ajardinadas y mobiliario","breadcrumb":{"@id":"https:\/\/www.laguiadepamplona.com\/actualidad\/el-ayuntamiento-invertira-19-millones-en-el-entorno-de-bosquecillo-que-incluira-un-area-de-servicios-para-cicloturistas-del-camino-de-santiago-y-las-rutas-eurovelo\/#breadcrumb"},"inLanguage":"es","potentialAction":[{"@type":"ReadAction","target":["https:\/\/www.laguiadepamplona.com\/actualidad\/el-ayuntamiento-invertira-19-millones-en-el-entorno-de-bosquecillo-que-incluira-un-area-de-servicios-para-cicloturistas-del-camino-de-santiago-y-las-rutas-eurovelo\/"]}]},{"@type":"ImageObject","inLanguage":"es","@id":"https:\/\/www.laguiadepamplona.com\/actualidad\/el-ayuntamiento-invertira-19-millones-en-el-entorno-de-bosquecillo-que-incluira-un-area-de-servicios-para-cicloturistas-del-camino-de-santiago-y-las-rutas-eurovelo\/#primaryimage","url":"https:\/\/www.laguiadepamplona.com\/actualidad\/wp-content\/uploads\/2024\/11\/4posiblemodeloarearestauracionbiciscopia_0.webp","contentUrl":"https:\/\/www.laguiadepamplona.com\/actualidad\/wp-content\/uploads\/2024\/11\/4posiblemodeloarearestauracionbiciscopia_0.webp","width":1000,"height":714,"caption":"posible modelo \u00e1rea bicis"},{"@type":"BreadcrumbList","@id":"https:\/\/www.laguiadepamplona.com\/actualidad\/el-ayuntamiento-invertira-19-millones-en-el-entorno-de-bosquecillo-que-incluira-un-area-de-servicios-para-cicloturistas-del-camino-de-santiago-y-las-rutas-eurovelo\/#breadcrumb","itemListElement":[{"@type":"ListItem","position":1,"name":"Portada","item":"https:\/\/www.laguiadepamplona.com\/actualidad\/"},{"@type":"ListItem","position":2,"name":"El Ayuntamiento invertir\u00e1 1,9 millones en el entorno de Bosquecillo que incluir\u00e1 un \u00e1rea de servicios para cicloturistas del Camino de Santiago y las rutas Eurovelo"}]},{"@type":"WebSite","@id":"https:\/\/www.laguiadepamplona.com\/actualidad\/#website","url":"https:\/\/www.laguiadepamplona.com\/actualidad\/","name":"La gu\u00eda de Pamplona","description":"Noticias de Pamplona","publisher":{"@id":"https:\/\/www.laguiadepamplona.com\/actualidad\/#organization"},"potentialAction":[{"@type":"SearchAction","target":{"@type":"EntryPoint","urlTemplate":"https:\/\/www.laguiadepamplona.com\/actualidad\/?s={search_term_string}"},"query-input":{"@type":"PropertyValueSpecification","valueRequired":true,"valueName":"search_term_string"}}],"inLanguage":"es"},{"@type":"Organization","@id":"https:\/\/www.laguiadepamplona.com\/actualidad\/#organization","name":"La Gu\u00eda de Pamplona \/ Noticias","url":"https:\/\/www.laguiadepamplona.com\/actualidad\/","logo":{"@type":"ImageObject","inLanguage":"es","@id":"https:\/\/www.laguiadepamplona.com\/actualidad\/#\/schema\/logo\/image\/","url":"https:\/\/www.laguiadepamplona.com\/actualidad\/wp-content\/uploads\/2018\/11\/logo-laguiadepamplona18-web1.png","contentUrl":"https:\/\/www.laguiadepamplona.com\/actualidad\/wp-content\/uploads\/2018\/11\/logo-laguiadepamplona18-web1.png","width":600,"height":196,"caption":"La Gu\u00eda de Pamplona \/ Noticias"},"image":{"@id":"https:\/\/www.laguiadepamplona.com\/actualidad\/#\/schema\/logo\/image\/"},"sameAs":["https:\/\/www.facebook.com\/laguiadepamplonacom-133175176762273\/?ref=hl","https:\/\/x.com\/LaGuiadPamplona","https:\/\/www.instagram.com\/la_guia_de_pamplona\/","https:\/\/www.youtube.com\/user\/laguiadepamplona"]},{"@type":"Person","@id":"https:\/\/www.laguiadepamplona.com\/actualidad\/#\/schema\/person\/efe887376f0213d4657c93adc50b1fdb","name":"La Gu\u00eda de Pamplona","image":{"@type":"ImageObject","inLanguage":"es","@id":"https:\/\/secure.gravatar.com\/avatar\/b6992f131dc8d30ab0dff15446e9d346d9dbd95992de0fef795073f5ea83a81c?s=96&d=mm&r=g","url":"https:\/\/secure.gravatar.com\/avatar\/b6992f131dc8d30ab0dff15446e9d346d9dbd95992de0fef795073f5ea83a81c?s=96&d=mm&r=g","contentUrl":"https:\/\/secure.gravatar.com\/avatar\/b6992f131dc8d30ab0dff15446e9d346d9dbd95992de0fef795073f5ea83a81c?s=96&d=mm&r=g","caption":"La Gu\u00eda de Pamplona"}}]}},"post_mailing_queue_ids":[],"_links":{"self":[{"href":"https:\/\/www.laguiadepamplona.com\/actualidad\/wp-json\/wp\/v2\/posts\/51433","targetHints":{"allow":["GET"]}}],"collection":[{"href":"https:\/\/www.laguiadepamplona.com\/actualidad\/wp-json\/wp\/v2\/posts"}],"about":[{"href":"https:\/\/www.laguiadepamplona.com\/actualidad\/wp-json\/wp\/v2\/types\/post"}],"author":[{"embeddable":true,"href":"https:\/\/www.laguiadepamplona.com\/actualidad\/wp-json\/wp\/v2\/users\/1"}],"replies":[{"embeddable":true,"href":"https:\/\/www.laguiadepamplona.com\/actualidad\/wp-json\/wp\/v2\/comments?post=51433"}],"version-history":[{"count":1,"href":"https:\/\/www.laguiadepamplona.com\/actualidad\/wp-json\/wp\/v2\/posts\/51433\/revisions"}],"predecessor-version":[{"id":51435,"href":"https:\/\/www.laguiadepamplona.com\/actualidad\/wp-json\/wp\/v2\/posts\/51433\/revisions\/51435"}],"wp:featuredmedia":[{"embeddable":true,"href":"https:\/\/www.laguiadepamplona.com\/actualidad\/wp-json\/wp\/v2\/media\/51434"}],"wp:attachment":[{"href":"https:\/\/www.laguiadepamplona.com\/actualidad\/wp-json\/wp\/v2\/media?parent=51433"}],"wp:term":[{"taxonomy":"category","embeddable":true,"href":"https:\/\/www.laguiadepamplona.com\/actualidad\/wp-json\/wp\/v2\/categories?post=51433"},{"taxonomy":"post_tag","embeddable":true,"href":"https:\/\/www.laguiadepamplona.com\/actualidad\/wp-json\/wp\/v2\/tags?post=51433"}],"curies":[{"name":"wp","href":"https:\/\/api.w.org\/{rel}","templated":true}]}}