{"id":5143,"date":"2015-03-13T17:42:13","date_gmt":"2015-03-13T15:42:13","guid":{"rendered":"http:\/\/laguiadepamplona.com\/actualidad\/?p=5143"},"modified":"2015-03-13T17:42:13","modified_gmt":"2015-03-13T15:42:13","slug":"el-ayuntamiento-de-pamplona-y-el-conservatorio-superior-de-navarra-proponen-cuatro-sesiones-de-acercamiento-a-la-musica-en-diversos-formatos","status":"publish","type":"post","link":"https:\/\/www.laguiadepamplona.com\/actualidad\/el-ayuntamiento-de-pamplona-y-el-conservatorio-superior-de-navarra-proponen-cuatro-sesiones-de-acercamiento-a-la-musica-en-diversos-formatos\/","title":{"rendered":"El Ayuntamiento de Pamplona y el Conservatorio Superior de Navarra proponen cuatro sesiones de acercamiento a la m\u00fasica en diversos formatos"},"content":{"rendered":"<h4>La segunda quincena de marzo Condestable acoge el ciclo \u00a1Musync!,<\/h4>\n<p>&nbsp;<\/p>\n<p><a href=\"http:\/\/laguiadepamplona.com\/actualidad\/wp-content\/uploads\/2015\/03\/musync_juan_manuel_rubio.jpg\"><img loading=\"lazy\" decoding=\"async\" class=\"alignleft size-medium wp-image-5144\" src=\"http:\/\/laguiadepamplona.com\/actualidad\/wp-content\/uploads\/2015\/03\/musync_juan_manuel_rubio-300x200.jpg\" alt=\"musync_juan_manuel_rubio\" width=\"300\" height=\"200\" \/><\/a>Este lunes comienza \u2018\u00a1Musync!\u2019, un ciclo de actividades culturales para todo tipo de p\u00fablicos que pretende difundir el conocimiento de la m\u00fasica a trav\u00e9s de formatos novedosos y que est\u00e1 organizado por el Ayuntamiento de Pamplona en la Red Civivox, coordinado por el Departamento de Musicolog\u00eda del Conservatorio Superior de Navarra.<\/p>\n<p>En este caso ciclo est\u00e1 compuesto por cuatro sesiones, dos conciertos (uno de ellos de car\u00e1cter did\u00e1ctico), un encuentro con formato de mesa redonda y una sesi\u00f3n te\u00f3rica con apoyo audiovisual. Las actividades se desarrollar\u00e1n entre el lunes 16 y el lunes 30 de marzo en Civivox Condestable. Todas las actividades ser\u00e1n a las 19.30 horas. La asistencia a los dos conciertos requerir\u00e1 retirar invitaciones en el mismo Condestable desde una hora antes (se desarrollar\u00e1n en la Sala Medieval) y la mesa redonda y la conferencia tendr\u00e1n lugar el Sal\u00f3n de Actos con entrada libre.<\/p>\n<p>Esta propuesta pretende acercar y difundir ideas, estrategias y recursos que proceden del Conservatorio Superior a las necesidades culturales de la ciudad. Como panor\u00e1mica, en esta ocasi\u00f3n se revisar\u00e1 el repertorio de m\u00fasica medieval a la luz de la tradici\u00f3n oral de los pa\u00edses del mediterr\u00e1neo y el oriente pr\u00f3ximo; se har\u00e1 una semblanza del controvertido pianista del siglo XX Glenn Gould; se analizar\u00e1n las relaciones entre la m\u00fasica y la melancol\u00eda como estado an\u00edmico y se debatir\u00e1 sobre la situaci\u00f3n actual y perspectivas de la m\u00fasica en el siglo XXI.<\/p>\n<p><strong>El primer concierto: la m\u00fasica medieval y la tradici\u00f3n oral<\/strong><\/p>\n<p>El ciclo comenzar\u00e1 este pr\u00f3ximo lunes con el concierto \u2018Ex tempore\u2019 en el que el polinstrumentista Juan Manuel Rubio har\u00e1 un repaso desde las monodias primitivas hasta las polifon\u00edas prerrenacentistas, a trav\u00e9s de instrumentos como el oud, el arpa, la zanfo\u00f1a o el santur. El repertorio estar\u00e1 integrado por una veintena de composiciones que mostrar\u00e1n la tradici\u00f3n musical desde Italia y Francia, hasta Turqu\u00eda e Irak, pasando por Irlanda o Suecia.<\/p>\n<p>Seg\u00fan el m\u00fasico, el repertorio creado en Europa entre los siglos IX y XV hoy no puede entenderse sin echar una mirada m\u00e1s amplia a la tradici\u00f3n oral de pa\u00edses ba\u00f1ados por el Mediterr\u00e1neo y del medio oriente o a momentos hist\u00f3ricos como el \u00e1l-Andalus. La m\u00fasica tradicional de esas zonas desvela las claves de como debi\u00f3 sonar realmente el vetusto repertorio medieval hallado en c\u00f3dices, salterios y viejos manuscritos. Rubio, con los instrumentos b\u00e1sicos de esas tradiciones, tratar\u00e1 de reconstruir ese sonido que impregna los medievales sacros y profanos.<\/p>\n<p>Juan Manuel Rubio Moral (Jerez de la frontera 1972) comenz\u00f3 reconstruyendo en Madrid instrumentos de corte antiguo y tradicional como el rabel, la zanfo\u00f1a, f\u00eddula y la\u00fad medievales, etc.. El siguiente paso fue aprender a interpretar con ellos y m\u00e1s tarde eso le llev\u00f3 a cerrar el c\u00edrculo investigando desde los instrumentos de corte b\u00e1rdico hasta las m\u00fasicas de tradici\u00f3n oral \u00e1rabe y turca. Rubio ha participado en los festivales m\u00e1s importantes en torno a m\u00fasicas de tradici\u00f3n y antiguas en Francia, Italia, Alemania, Pa\u00edses Bajos, Suecia, Rusia, Polonia, Suiza, Austria, China, Estados Unidos, Marruecos, T\u00fanez, Argelia, etc., con formaciones y artistas representativos (Arte Factum, Caravasar, Capella de Ministrers, L\u2019ham de Foc, Estampie, Dufay Collective, Orquesta del Conservatorio de Tetu\u00e1n, Schola Gregoriana Hispana, Durendal Ensemble, etc.).<\/p>\n<p><strong>Concierto did\u00e1ctico y mesa redonda<\/strong><\/p>\n<p>La siguiente semana tendr\u00e1n lugar un concierto did\u00e1ctico y una mesa redonda. La primera actividad ser\u00e1 el d\u00eda 23 de marzo. En la sesi\u00f3n \u2018Lachrimae. M\u00fasica y melancol\u00eda\u2019 Ram\u00f3n Andr\u00e9s (Pamplona, 1995) hablara de las conexiones entre la m\u00fasica y un estado an\u00edmico que, desde la antig\u00fcedad cl\u00e1sica, siempre ha sido relacionado con la expresi\u00f3n art\u00edstica: la melancol\u00eda. Las consideraciones te\u00f3ricas del es escritor, ensayista y estudioso de la m\u00fasica se intercalar\u00e1n con la interpretaci\u00f3n de una de las obras instrumentales m\u00e1s emblem\u00e1ticas de la m\u00fasica occidental, que ser\u00e1 ejecutada por Secretum, formaci\u00f3n especializada en m\u00fasica antigua. Lachrimae es una danza en forma de pavana, procedente del renacimiento ingl\u00e9s, que fue escrita a finales del siglo XVI para la\u00fad renacentista.<\/p>\n<p>Al d\u00eda siguiente Condestable acoger\u00e1 un encuentro con el music\u00f3logo y fil\u00f3sofo Ram\u00f3n Andr\u00e9s en un formato de mesa redonda en el que tambi\u00e9n intervendr\u00e1n Berta Moreno, directora del \u00c1rea de Musicolog\u00eda y Sergio Barcellona, docente de Musicolog\u00eda, ambos del Conservatorio Superior de Navarra y Xabier Armend\u00e1riz, critico musical. Ser\u00e1 una puesta en com\u00fan sobre la realidad musical actual y sus perspectivas.<\/p>\n<p><strong>La genialidad de un pianista controvertido<\/strong><\/p>\n<p>El ciclo culminar\u00e1 el lunes 30 de marzo con una presentaci\u00f3n apoyada con material audiovisual\u00a0 sobre la figura de Glenn Gould (Toronto, Canad\u00e1, 1932), uno de los pianistas m\u00e1s controvertidos y personales de la interpretaci\u00f3n pian\u00edstica del siglo XX. Gould, aquejado de una importante fragilidad f\u00edsica y sobre cuya excentricidad plane\u00f3 siempre la sospecha alguna enfermedad psiqui\u00e1trica,<strong> ech\u00f3 por tierra las convenciones est\u00e9ticas y esc\u00e9nicas sobre c\u00f3mo <\/strong>debe comportarse en concierto un int\u00e9rprete de piano. Gould dej\u00f3 de dar conciertos a los 31 a\u00f1os, en la c\u00faspide de su fama.<\/p>\n<p>El encargado de la semblanza de este virtuoso ser\u00e1 Xabier Armendariz, pianista, critico musical de Diario de Navarra, y alumno del ultimo curso de Musicolog\u00eda del Conservatorio Superior de Navarra.<\/p>\n<p><strong>\u2018\u00a1Musync!\u2019<\/strong><\/p>\n<p><strong>Lugar: <\/strong>Civivox Condestable<\/p>\n<p><strong>Hora: <\/strong>19.30 horas<\/p>\n<p><strong>Lunes 16 de marzo<\/strong><\/p>\n<ul>\n<li>Concierto<\/li>\n<li>Sala Medieval. Previa retirada de invitaciones desde una hora antes<\/li>\n<li>Ex tempore (m\u00fasica medieval y tradici\u00f3n oral)<\/li>\n<li>M\u00fasico: el polinstrumentista Juan Manuel Rubio, que ejecutara un repertorio de una veintena de piezas con instrumentos como el oud, el arpa, la zanfo\u00f1a o el santur<\/li>\n<\/ul>\n<p><strong>Lunes 23 de marzo<\/strong><\/p>\n<ul>\n<li>Concierto did\u00e1ctico<\/li>\n<li>Sala Medieval. Previa retirada de invitaciones desde una hora antes<\/li>\n<li>M\u00fasica y melancol\u00eda<\/li>\n<li>Participantes: Ram\u00f3n Andr\u00e9s, music\u00f3logo y fil\u00f3sofo, con la formaci\u00f3n musical Secretum<\/li>\n<\/ul>\n<p><strong>Martes 24 de marzo<\/strong><\/p>\n<ul>\n<li>Mesa Redonda<\/li>\n<li>Sal\u00f3n de actos. Entrada libre<\/li>\n<li>Encuentro con Ram\u00f3n Andr\u00e9s<\/li>\n<li>Participantes: Ram\u00f3n Andr\u00e9s, music\u00f3logo y fil\u00f3sofo; Berta Moreno, directora del \u00c1rea de Musicolog\u00eda y Sergio Barcellona, docente de Musicolog\u00eda, ambos del Conservatorio Superior de Navarra y Xabier Armendariz, critico musical<\/li>\n<\/ul>\n<p><strong>Lunes 30 de marzo<\/strong><\/p>\n<ul>\n<li>Conferencia con apoyo audiovisual<\/li>\n<li>Sal\u00f3n de actos. Entrada libre<\/li>\n<li>Glenn Gould (1932- 1982, virtuoso del piano)<\/li>\n<li>Ponente: Xabier Armend\u00e1riz, pianista, critico musical de Diario de Navarra, y alumno del ultimo curso de Musicolog\u00eda del Conservatorio Superior de Navarra<\/li>\n<\/ul>\n<p>&nbsp;<\/p>\n","protected":false},"excerpt":{"rendered":"<p>La segunda quincena de marzo Condestable acoge el ciclo \u00a1Musync!, &nbsp; Este lunes comienza \u2018\u00a1Musync!\u2019, un ciclo de actividades culturales para todo tipo de p\u00fablicos que pretende difundir el conocimiento&#8230;<\/p>\n","protected":false},"author":1,"featured_media":5144,"comment_status":"closed","ping_status":"open","sticky":false,"template":"","format":"standard","meta":{"footnotes":""},"categories":[2],"tags":[4591,5,6,509,4592,4593,678,8,9],"class_list":["post-5143","post","type-post","status-publish","format-standard","has-post-thumbnail","hentry","category-ayuntamiento-pamplona","tag-acercamiento-a-la-musica","tag-actualidad","tag-ayto-pamplona","tag-ayuntamiento-de-pamplona","tag-conservatorio-superior-de-navarra","tag-diversos-formatos","tag-musync","tag-noticias","tag-pamplona"],"yoast_head":"<!-- This site is optimized with the Yoast SEO plugin v27.5 - https:\/\/yoast.com\/product\/yoast-seo-wordpress\/ -->\n<title>El Ayuntamiento de Pamplona y el Conservatorio Superior de Navarra proponen cuatro sesiones de acercamiento a la m\u00fasica en diversos formatos<\/title>\n<meta name=\"robots\" content=\"index, follow, max-snippet:-1, max-image-preview:large, max-video-preview:-1\" \/>\n<link rel=\"canonical\" href=\"https:\/\/www.laguiadepamplona.com\/actualidad\/el-ayuntamiento-de-pamplona-y-el-conservatorio-superior-de-navarra-proponen-cuatro-sesiones-de-acercamiento-a-la-musica-en-diversos-formatos\/\" \/>\n<meta property=\"og:locale\" content=\"es_ES\" \/>\n<meta property=\"og:type\" content=\"article\" \/>\n<meta property=\"og:title\" content=\"El Ayuntamiento de Pamplona y el Conservatorio Superior de Navarra proponen cuatro sesiones de acercamiento a la m\u00fasica en diversos formatos\" \/>\n<meta property=\"og:description\" content=\"La segunda quincena de marzo Condestable acoge el ciclo \u00a1Musync!, &nbsp; Este lunes comienza \u2018\u00a1Musync!\u2019, un ciclo de actividades culturales para todo tipo de p\u00fablicos que pretende difundir el conocimiento...\" \/>\n<meta property=\"og:url\" content=\"https:\/\/www.laguiadepamplona.com\/actualidad\/el-ayuntamiento-de-pamplona-y-el-conservatorio-superior-de-navarra-proponen-cuatro-sesiones-de-acercamiento-a-la-musica-en-diversos-formatos\/\" \/>\n<meta property=\"og:site_name\" content=\"La Gu\u00eda de Pamplona\" \/>\n<meta property=\"article:publisher\" content=\"https:\/\/www.facebook.com\/laguiadepamplonacom-133175176762273\/?ref=hl\" \/>\n<meta property=\"article:published_time\" content=\"2015-03-13T15:42:13+00:00\" \/>\n<meta name=\"author\" content=\"La Gu\u00eda de Pamplona\" \/>\n<meta name=\"twitter:card\" content=\"summary_large_image\" \/>\n<meta name=\"twitter:creator\" content=\"@LaGuiadPamplona\" \/>\n<meta name=\"twitter:site\" content=\"@LaGuiadPamplona\" \/>\n<meta name=\"twitter:label1\" content=\"Escrito por\" \/>\n\t<meta name=\"twitter:data1\" content=\"La Gu\u00eda de Pamplona\" \/>\n\t<meta name=\"twitter:label2\" content=\"Tiempo de lectura\" \/>\n\t<meta name=\"twitter:data2\" content=\"6 minutos\" \/>\n<script type=\"application\/ld+json\" class=\"yoast-schema-graph\">{\"@context\":\"https:\\\/\\\/schema.org\",\"@graph\":[{\"@type\":\"Article\",\"@id\":\"https:\\\/\\\/www.laguiadepamplona.com\\\/actualidad\\\/el-ayuntamiento-de-pamplona-y-el-conservatorio-superior-de-navarra-proponen-cuatro-sesiones-de-acercamiento-a-la-musica-en-diversos-formatos\\\/#article\",\"isPartOf\":{\"@id\":\"https:\\\/\\\/www.laguiadepamplona.com\\\/actualidad\\\/el-ayuntamiento-de-pamplona-y-el-conservatorio-superior-de-navarra-proponen-cuatro-sesiones-de-acercamiento-a-la-musica-en-diversos-formatos\\\/\"},\"author\":{\"name\":\"La Gu\u00eda de Pamplona\",\"@id\":\"https:\\\/\\\/www.laguiadepamplona.com\\\/actualidad\\\/#\\\/schema\\\/person\\\/efe887376f0213d4657c93adc50b1fdb\"},\"headline\":\"El Ayuntamiento de Pamplona y el Conservatorio Superior de Navarra proponen cuatro sesiones de acercamiento a la m\u00fasica en diversos formatos\",\"datePublished\":\"2015-03-13T15:42:13+00:00\",\"mainEntityOfPage\":{\"@id\":\"https:\\\/\\\/www.laguiadepamplona.com\\\/actualidad\\\/el-ayuntamiento-de-pamplona-y-el-conservatorio-superior-de-navarra-proponen-cuatro-sesiones-de-acercamiento-a-la-musica-en-diversos-formatos\\\/\"},\"wordCount\":1175,\"publisher\":{\"@id\":\"https:\\\/\\\/www.laguiadepamplona.com\\\/actualidad\\\/#organization\"},\"image\":{\"@id\":\"https:\\\/\\\/www.laguiadepamplona.com\\\/actualidad\\\/el-ayuntamiento-de-pamplona-y-el-conservatorio-superior-de-navarra-proponen-cuatro-sesiones-de-acercamiento-a-la-musica-en-diversos-formatos\\\/#primaryimage\"},\"thumbnailUrl\":\"\",\"keywords\":[\"acercamiento a la m\u00fasica\",\"actualidad\",\"ayto pamplona\",\"Ayuntamiento de Pamplona\",\"Conservatorio Superior de Navarra\",\"diversos formatos\",\"MuSync\",\"noticias\",\"pamplona\"],\"articleSection\":[\"Ayto Pamplona\"],\"inLanguage\":\"es\"},{\"@type\":\"WebPage\",\"@id\":\"https:\\\/\\\/www.laguiadepamplona.com\\\/actualidad\\\/el-ayuntamiento-de-pamplona-y-el-conservatorio-superior-de-navarra-proponen-cuatro-sesiones-de-acercamiento-a-la-musica-en-diversos-formatos\\\/\",\"url\":\"https:\\\/\\\/www.laguiadepamplona.com\\\/actualidad\\\/el-ayuntamiento-de-pamplona-y-el-conservatorio-superior-de-navarra-proponen-cuatro-sesiones-de-acercamiento-a-la-musica-en-diversos-formatos\\\/\",\"name\":\"El Ayuntamiento de Pamplona y el Conservatorio Superior de Navarra proponen cuatro sesiones de acercamiento a la m\u00fasica en diversos formatos\",\"isPartOf\":{\"@id\":\"https:\\\/\\\/www.laguiadepamplona.com\\\/actualidad\\\/#website\"},\"primaryImageOfPage\":{\"@id\":\"https:\\\/\\\/www.laguiadepamplona.com\\\/actualidad\\\/el-ayuntamiento-de-pamplona-y-el-conservatorio-superior-de-navarra-proponen-cuatro-sesiones-de-acercamiento-a-la-musica-en-diversos-formatos\\\/#primaryimage\"},\"image\":{\"@id\":\"https:\\\/\\\/www.laguiadepamplona.com\\\/actualidad\\\/el-ayuntamiento-de-pamplona-y-el-conservatorio-superior-de-navarra-proponen-cuatro-sesiones-de-acercamiento-a-la-musica-en-diversos-formatos\\\/#primaryimage\"},\"thumbnailUrl\":\"\",\"datePublished\":\"2015-03-13T15:42:13+00:00\",\"breadcrumb\":{\"@id\":\"https:\\\/\\\/www.laguiadepamplona.com\\\/actualidad\\\/el-ayuntamiento-de-pamplona-y-el-conservatorio-superior-de-navarra-proponen-cuatro-sesiones-de-acercamiento-a-la-musica-en-diversos-formatos\\\/#breadcrumb\"},\"inLanguage\":\"es\",\"potentialAction\":[{\"@type\":\"ReadAction\",\"target\":[\"https:\\\/\\\/www.laguiadepamplona.com\\\/actualidad\\\/el-ayuntamiento-de-pamplona-y-el-conservatorio-superior-de-navarra-proponen-cuatro-sesiones-de-acercamiento-a-la-musica-en-diversos-formatos\\\/\"]}]},{\"@type\":\"ImageObject\",\"inLanguage\":\"es\",\"@id\":\"https:\\\/\\\/www.laguiadepamplona.com\\\/actualidad\\\/el-ayuntamiento-de-pamplona-y-el-conservatorio-superior-de-navarra-proponen-cuatro-sesiones-de-acercamiento-a-la-musica-en-diversos-formatos\\\/#primaryimage\",\"url\":\"\",\"contentUrl\":\"\"},{\"@type\":\"BreadcrumbList\",\"@id\":\"https:\\\/\\\/www.laguiadepamplona.com\\\/actualidad\\\/el-ayuntamiento-de-pamplona-y-el-conservatorio-superior-de-navarra-proponen-cuatro-sesiones-de-acercamiento-a-la-musica-en-diversos-formatos\\\/#breadcrumb\",\"itemListElement\":[{\"@type\":\"ListItem\",\"position\":1,\"name\":\"Portada\",\"item\":\"https:\\\/\\\/www.laguiadepamplona.com\\\/actualidad\\\/\"},{\"@type\":\"ListItem\",\"position\":2,\"name\":\"El Ayuntamiento de Pamplona y el Conservatorio Superior de Navarra proponen cuatro sesiones de acercamiento a la m\u00fasica en diversos formatos\"}]},{\"@type\":\"WebSite\",\"@id\":\"https:\\\/\\\/www.laguiadepamplona.com\\\/actualidad\\\/#website\",\"url\":\"https:\\\/\\\/www.laguiadepamplona.com\\\/actualidad\\\/\",\"name\":\"La gu\u00eda de Pamplona\",\"description\":\"Noticias de Pamplona\",\"publisher\":{\"@id\":\"https:\\\/\\\/www.laguiadepamplona.com\\\/actualidad\\\/#organization\"},\"potentialAction\":[{\"@type\":\"SearchAction\",\"target\":{\"@type\":\"EntryPoint\",\"urlTemplate\":\"https:\\\/\\\/www.laguiadepamplona.com\\\/actualidad\\\/?s={search_term_string}\"},\"query-input\":{\"@type\":\"PropertyValueSpecification\",\"valueRequired\":true,\"valueName\":\"search_term_string\"}}],\"inLanguage\":\"es\"},{\"@type\":\"Organization\",\"@id\":\"https:\\\/\\\/www.laguiadepamplona.com\\\/actualidad\\\/#organization\",\"name\":\"La Gu\u00eda de Pamplona \\\/ Noticias\",\"url\":\"https:\\\/\\\/www.laguiadepamplona.com\\\/actualidad\\\/\",\"logo\":{\"@type\":\"ImageObject\",\"inLanguage\":\"es\",\"@id\":\"https:\\\/\\\/www.laguiadepamplona.com\\\/actualidad\\\/#\\\/schema\\\/logo\\\/image\\\/\",\"url\":\"https:\\\/\\\/www.laguiadepamplona.com\\\/actualidad\\\/wp-content\\\/uploads\\\/2018\\\/11\\\/logo-laguiadepamplona18-web1.png\",\"contentUrl\":\"https:\\\/\\\/www.laguiadepamplona.com\\\/actualidad\\\/wp-content\\\/uploads\\\/2018\\\/11\\\/logo-laguiadepamplona18-web1.png\",\"width\":600,\"height\":196,\"caption\":\"La Gu\u00eda de Pamplona \\\/ Noticias\"},\"image\":{\"@id\":\"https:\\\/\\\/www.laguiadepamplona.com\\\/actualidad\\\/#\\\/schema\\\/logo\\\/image\\\/\"},\"sameAs\":[\"https:\\\/\\\/www.facebook.com\\\/laguiadepamplonacom-133175176762273\\\/?ref=hl\",\"https:\\\/\\\/x.com\\\/LaGuiadPamplona\",\"https:\\\/\\\/www.instagram.com\\\/la_guia_de_pamplona\\\/\",\"https:\\\/\\\/www.youtube.com\\\/user\\\/laguiadepamplona\"]},{\"@type\":\"Person\",\"@id\":\"https:\\\/\\\/www.laguiadepamplona.com\\\/actualidad\\\/#\\\/schema\\\/person\\\/efe887376f0213d4657c93adc50b1fdb\",\"name\":\"La Gu\u00eda de Pamplona\",\"image\":{\"@type\":\"ImageObject\",\"inLanguage\":\"es\",\"@id\":\"https:\\\/\\\/secure.gravatar.com\\\/avatar\\\/b6992f131dc8d30ab0dff15446e9d346d9dbd95992de0fef795073f5ea83a81c?s=96&d=mm&r=g\",\"url\":\"https:\\\/\\\/secure.gravatar.com\\\/avatar\\\/b6992f131dc8d30ab0dff15446e9d346d9dbd95992de0fef795073f5ea83a81c?s=96&d=mm&r=g\",\"contentUrl\":\"https:\\\/\\\/secure.gravatar.com\\\/avatar\\\/b6992f131dc8d30ab0dff15446e9d346d9dbd95992de0fef795073f5ea83a81c?s=96&d=mm&r=g\",\"caption\":\"La Gu\u00eda de Pamplona\"}}]}<\/script>\n<!-- \/ Yoast SEO plugin. -->","yoast_head_json":{"title":"El Ayuntamiento de Pamplona y el Conservatorio Superior de Navarra proponen cuatro sesiones de acercamiento a la m\u00fasica en diversos formatos","robots":{"index":"index","follow":"follow","max-snippet":"max-snippet:-1","max-image-preview":"max-image-preview:large","max-video-preview":"max-video-preview:-1"},"canonical":"https:\/\/www.laguiadepamplona.com\/actualidad\/el-ayuntamiento-de-pamplona-y-el-conservatorio-superior-de-navarra-proponen-cuatro-sesiones-de-acercamiento-a-la-musica-en-diversos-formatos\/","og_locale":"es_ES","og_type":"article","og_title":"El Ayuntamiento de Pamplona y el Conservatorio Superior de Navarra proponen cuatro sesiones de acercamiento a la m\u00fasica en diversos formatos","og_description":"La segunda quincena de marzo Condestable acoge el ciclo \u00a1Musync!, &nbsp; Este lunes comienza \u2018\u00a1Musync!\u2019, un ciclo de actividades culturales para todo tipo de p\u00fablicos que pretende difundir el conocimiento...","og_url":"https:\/\/www.laguiadepamplona.com\/actualidad\/el-ayuntamiento-de-pamplona-y-el-conservatorio-superior-de-navarra-proponen-cuatro-sesiones-de-acercamiento-a-la-musica-en-diversos-formatos\/","og_site_name":"La Gu\u00eda de Pamplona","article_publisher":"https:\/\/www.facebook.com\/laguiadepamplonacom-133175176762273\/?ref=hl","article_published_time":"2015-03-13T15:42:13+00:00","author":"La Gu\u00eda de Pamplona","twitter_card":"summary_large_image","twitter_creator":"@LaGuiadPamplona","twitter_site":"@LaGuiadPamplona","twitter_misc":{"Escrito por":"La Gu\u00eda de Pamplona","Tiempo de lectura":"6 minutos"},"schema":{"@context":"https:\/\/schema.org","@graph":[{"@type":"Article","@id":"https:\/\/www.laguiadepamplona.com\/actualidad\/el-ayuntamiento-de-pamplona-y-el-conservatorio-superior-de-navarra-proponen-cuatro-sesiones-de-acercamiento-a-la-musica-en-diversos-formatos\/#article","isPartOf":{"@id":"https:\/\/www.laguiadepamplona.com\/actualidad\/el-ayuntamiento-de-pamplona-y-el-conservatorio-superior-de-navarra-proponen-cuatro-sesiones-de-acercamiento-a-la-musica-en-diversos-formatos\/"},"author":{"name":"La Gu\u00eda de Pamplona","@id":"https:\/\/www.laguiadepamplona.com\/actualidad\/#\/schema\/person\/efe887376f0213d4657c93adc50b1fdb"},"headline":"El Ayuntamiento de Pamplona y el Conservatorio Superior de Navarra proponen cuatro sesiones de acercamiento a la m\u00fasica en diversos formatos","datePublished":"2015-03-13T15:42:13+00:00","mainEntityOfPage":{"@id":"https:\/\/www.laguiadepamplona.com\/actualidad\/el-ayuntamiento-de-pamplona-y-el-conservatorio-superior-de-navarra-proponen-cuatro-sesiones-de-acercamiento-a-la-musica-en-diversos-formatos\/"},"wordCount":1175,"publisher":{"@id":"https:\/\/www.laguiadepamplona.com\/actualidad\/#organization"},"image":{"@id":"https:\/\/www.laguiadepamplona.com\/actualidad\/el-ayuntamiento-de-pamplona-y-el-conservatorio-superior-de-navarra-proponen-cuatro-sesiones-de-acercamiento-a-la-musica-en-diversos-formatos\/#primaryimage"},"thumbnailUrl":"","keywords":["acercamiento a la m\u00fasica","actualidad","ayto pamplona","Ayuntamiento de Pamplona","Conservatorio Superior de Navarra","diversos formatos","MuSync","noticias","pamplona"],"articleSection":["Ayto Pamplona"],"inLanguage":"es"},{"@type":"WebPage","@id":"https:\/\/www.laguiadepamplona.com\/actualidad\/el-ayuntamiento-de-pamplona-y-el-conservatorio-superior-de-navarra-proponen-cuatro-sesiones-de-acercamiento-a-la-musica-en-diversos-formatos\/","url":"https:\/\/www.laguiadepamplona.com\/actualidad\/el-ayuntamiento-de-pamplona-y-el-conservatorio-superior-de-navarra-proponen-cuatro-sesiones-de-acercamiento-a-la-musica-en-diversos-formatos\/","name":"El Ayuntamiento de Pamplona y el Conservatorio Superior de Navarra proponen cuatro sesiones de acercamiento a la m\u00fasica en diversos formatos","isPartOf":{"@id":"https:\/\/www.laguiadepamplona.com\/actualidad\/#website"},"primaryImageOfPage":{"@id":"https:\/\/www.laguiadepamplona.com\/actualidad\/el-ayuntamiento-de-pamplona-y-el-conservatorio-superior-de-navarra-proponen-cuatro-sesiones-de-acercamiento-a-la-musica-en-diversos-formatos\/#primaryimage"},"image":{"@id":"https:\/\/www.laguiadepamplona.com\/actualidad\/el-ayuntamiento-de-pamplona-y-el-conservatorio-superior-de-navarra-proponen-cuatro-sesiones-de-acercamiento-a-la-musica-en-diversos-formatos\/#primaryimage"},"thumbnailUrl":"","datePublished":"2015-03-13T15:42:13+00:00","breadcrumb":{"@id":"https:\/\/www.laguiadepamplona.com\/actualidad\/el-ayuntamiento-de-pamplona-y-el-conservatorio-superior-de-navarra-proponen-cuatro-sesiones-de-acercamiento-a-la-musica-en-diversos-formatos\/#breadcrumb"},"inLanguage":"es","potentialAction":[{"@type":"ReadAction","target":["https:\/\/www.laguiadepamplona.com\/actualidad\/el-ayuntamiento-de-pamplona-y-el-conservatorio-superior-de-navarra-proponen-cuatro-sesiones-de-acercamiento-a-la-musica-en-diversos-formatos\/"]}]},{"@type":"ImageObject","inLanguage":"es","@id":"https:\/\/www.laguiadepamplona.com\/actualidad\/el-ayuntamiento-de-pamplona-y-el-conservatorio-superior-de-navarra-proponen-cuatro-sesiones-de-acercamiento-a-la-musica-en-diversos-formatos\/#primaryimage","url":"","contentUrl":""},{"@type":"BreadcrumbList","@id":"https:\/\/www.laguiadepamplona.com\/actualidad\/el-ayuntamiento-de-pamplona-y-el-conservatorio-superior-de-navarra-proponen-cuatro-sesiones-de-acercamiento-a-la-musica-en-diversos-formatos\/#breadcrumb","itemListElement":[{"@type":"ListItem","position":1,"name":"Portada","item":"https:\/\/www.laguiadepamplona.com\/actualidad\/"},{"@type":"ListItem","position":2,"name":"El Ayuntamiento de Pamplona y el Conservatorio Superior de Navarra proponen cuatro sesiones de acercamiento a la m\u00fasica en diversos formatos"}]},{"@type":"WebSite","@id":"https:\/\/www.laguiadepamplona.com\/actualidad\/#website","url":"https:\/\/www.laguiadepamplona.com\/actualidad\/","name":"La gu\u00eda de Pamplona","description":"Noticias de Pamplona","publisher":{"@id":"https:\/\/www.laguiadepamplona.com\/actualidad\/#organization"},"potentialAction":[{"@type":"SearchAction","target":{"@type":"EntryPoint","urlTemplate":"https:\/\/www.laguiadepamplona.com\/actualidad\/?s={search_term_string}"},"query-input":{"@type":"PropertyValueSpecification","valueRequired":true,"valueName":"search_term_string"}}],"inLanguage":"es"},{"@type":"Organization","@id":"https:\/\/www.laguiadepamplona.com\/actualidad\/#organization","name":"La Gu\u00eda de Pamplona \/ Noticias","url":"https:\/\/www.laguiadepamplona.com\/actualidad\/","logo":{"@type":"ImageObject","inLanguage":"es","@id":"https:\/\/www.laguiadepamplona.com\/actualidad\/#\/schema\/logo\/image\/","url":"https:\/\/www.laguiadepamplona.com\/actualidad\/wp-content\/uploads\/2018\/11\/logo-laguiadepamplona18-web1.png","contentUrl":"https:\/\/www.laguiadepamplona.com\/actualidad\/wp-content\/uploads\/2018\/11\/logo-laguiadepamplona18-web1.png","width":600,"height":196,"caption":"La Gu\u00eda de Pamplona \/ Noticias"},"image":{"@id":"https:\/\/www.laguiadepamplona.com\/actualidad\/#\/schema\/logo\/image\/"},"sameAs":["https:\/\/www.facebook.com\/laguiadepamplonacom-133175176762273\/?ref=hl","https:\/\/x.com\/LaGuiadPamplona","https:\/\/www.instagram.com\/la_guia_de_pamplona\/","https:\/\/www.youtube.com\/user\/laguiadepamplona"]},{"@type":"Person","@id":"https:\/\/www.laguiadepamplona.com\/actualidad\/#\/schema\/person\/efe887376f0213d4657c93adc50b1fdb","name":"La Gu\u00eda de Pamplona","image":{"@type":"ImageObject","inLanguage":"es","@id":"https:\/\/secure.gravatar.com\/avatar\/b6992f131dc8d30ab0dff15446e9d346d9dbd95992de0fef795073f5ea83a81c?s=96&d=mm&r=g","url":"https:\/\/secure.gravatar.com\/avatar\/b6992f131dc8d30ab0dff15446e9d346d9dbd95992de0fef795073f5ea83a81c?s=96&d=mm&r=g","contentUrl":"https:\/\/secure.gravatar.com\/avatar\/b6992f131dc8d30ab0dff15446e9d346d9dbd95992de0fef795073f5ea83a81c?s=96&d=mm&r=g","caption":"La Gu\u00eda de Pamplona"}}]}},"post_mailing_queue_ids":[],"_links":{"self":[{"href":"https:\/\/www.laguiadepamplona.com\/actualidad\/wp-json\/wp\/v2\/posts\/5143","targetHints":{"allow":["GET"]}}],"collection":[{"href":"https:\/\/www.laguiadepamplona.com\/actualidad\/wp-json\/wp\/v2\/posts"}],"about":[{"href":"https:\/\/www.laguiadepamplona.com\/actualidad\/wp-json\/wp\/v2\/types\/post"}],"author":[{"embeddable":true,"href":"https:\/\/www.laguiadepamplona.com\/actualidad\/wp-json\/wp\/v2\/users\/1"}],"replies":[{"embeddable":true,"href":"https:\/\/www.laguiadepamplona.com\/actualidad\/wp-json\/wp\/v2\/comments?post=5143"}],"version-history":[{"count":0,"href":"https:\/\/www.laguiadepamplona.com\/actualidad\/wp-json\/wp\/v2\/posts\/5143\/revisions"}],"wp:featuredmedia":[{"embeddable":true,"href":"https:\/\/www.laguiadepamplona.com\/actualidad\/wp-json\/"}],"wp:attachment":[{"href":"https:\/\/www.laguiadepamplona.com\/actualidad\/wp-json\/wp\/v2\/media?parent=5143"}],"wp:term":[{"taxonomy":"category","embeddable":true,"href":"https:\/\/www.laguiadepamplona.com\/actualidad\/wp-json\/wp\/v2\/categories?post=5143"},{"taxonomy":"post_tag","embeddable":true,"href":"https:\/\/www.laguiadepamplona.com\/actualidad\/wp-json\/wp\/v2\/tags?post=5143"}],"curies":[{"name":"wp","href":"https:\/\/api.w.org\/{rel}","templated":true}]}}