{"id":51429,"date":"2024-11-22T18:05:20","date_gmt":"2024-11-22T16:05:20","guid":{"rendered":"https:\/\/www.laguiadepamplona.com\/actualidad\/?p=51429"},"modified":"2024-11-22T18:05:20","modified_gmt":"2024-11-22T16:05:20","slug":"el-ayuntamiento-de-pamplona-recabara-a-partir-de-lunes-la-opinion-del-vecindario-de-txantrea-para-elaborar-un-estudio-integral-sobre-el-aparcamiento-y-la-zona-azul-en-el-barrio","status":"publish","type":"post","link":"https:\/\/www.laguiadepamplona.com\/actualidad\/el-ayuntamiento-de-pamplona-recabara-a-partir-de-lunes-la-opinion-del-vecindario-de-txantrea-para-elaborar-un-estudio-integral-sobre-el-aparcamiento-y-la-zona-azul-en-el-barrio\/","title":{"rendered":"El Ayuntamiento de Pamplona recabar\u00e1 a partir de lunes la opini\u00f3n del vecindario de Txantrea para elaborar un estudio integral sobre el aparcamiento y la zona azul en el barrio"},"content":{"rendered":"<h2>Se implant\u00f3 en 2021, con amplio rechazo vecinal, y ahora se quieren conocer, adem\u00e1s de datos de uso, la opini\u00f3n del barrio y sus efectos<\/h2>\n<p><!--more--><\/p>\n<p>El Ayuntamiento de Pamplona quiere conocer el impacto que la implantaci\u00f3n de la zona azul ha generado en el barrio de Txantrea desde que entr\u00f3 en funcionamiento en 2021. La medida provoc\u00f3 entonces un amplio rechazo vecinal y ahora se va a realizar un estudio integral para evaluar con datos y con la opini\u00f3n de la ciudadan\u00eda, a trav\u00e9s de encuestas que comenzar\u00e1n este lunes, los efectos que la zona de estacionamiento limitado, la zona azul, ha generado en el tr\u00e1fico, la movilidad o la calidad de vida en el barrio.<\/p>\n<p>El estudio va a tener una doble dimensi\u00f3n. Por una parte, se quieren conocer datos objetivos de uso de la zona azul, as\u00ed como los efectos que ha tenido en el barrio en t\u00e9rminos de plazas de aparcamiento, tr\u00e1fico o movilidad. Por otra parte, se quieren analizar datos sociol\u00f3gicos sobre la percepci\u00f3n que tienen los vecinos y vecinas de Txantrea sobre la situaci\u00f3n del aparcamiento en el barrio, el impacto de la zona azul, su acuerdo o desacuerdo con este sistema, y si el desacuerdo es total o parcial, con las modificaciones que en este \u00faltimo caso se vean necesarias.<\/p>\n<p>La zona de estacionamiento limitado, con colores azul y naranja seg\u00fan las plazas, se implant\u00f3 en Txantrea en septiembre de 2021. Se regularon entonces m\u00e1s de 6.500 plazas, incluyendo las zonas de Orvina y Ezcaba. La medida lleg\u00f3 a la vez que la zona azul en San Jorge y la ampliaci\u00f3n en Rochapea para cubrir todo el barrio. En ese 2021, los estudios realizados para tomar la decisi\u00f3n hablaban de una ocupaci\u00f3n media de plazas en Txantrea del 80%, que llegaban al 87% en horario nocturno y con picos en horas por la ma\u00f1ana que rozaban el 100%. Una parte del estudio que se va a hacer ahora consistir\u00e1 en la actualizaci\u00f3n de los datos de esos informes, elaborados entonces, con la informaci\u00f3n que se tiene hasta 2024. Los trabajos los realizar\u00e1 la empresa Blulain SL.<\/p>\n<p>La parte sociol\u00f3gica se evaluar\u00e1 con una encuesta, que se realizar\u00e1 a partir de este lunes 25 de noviembre, en la que se preguntar\u00e1 de forma aleatoria a 600 vecinos y vecinas del barrio mayores de 18 a\u00f1os. La empresa CIES ser\u00e1 la encargada de hacer ese trabajo para el Ayuntamiento de Pamplona, con entrevistas presenciales en el propio barrio. Adem\u00e1s del objetivo general de conocer el impacto de la zona azul en Txantrea, la encuesta ofrecer\u00e1 datos sobre h\u00e1bitos de aparcamiento y movilidad de residentes, satisfacci\u00f3n o insatisfacci\u00f3n con la zona azul, impacto percibido en la movilidad y el tr\u00e1fico, con sus efectos positivos y negativos en la calidad de vida.<\/p>\n","protected":false},"excerpt":{"rendered":"<p>Se implant\u00f3 en 2021, con amplio rechazo vecinal, y ahora se quieren conocer, adem\u00e1s de datos de uso, la opini\u00f3n del barrio y sus efectos<\/p>\n","protected":false},"author":1,"featured_media":37292,"comment_status":"open","ping_status":"closed","sticky":false,"template":"","format":"standard","meta":{"footnotes":""},"categories":[2],"tags":[],"class_list":["post-51429","post","type-post","status-publish","format-standard","has-post-thumbnail","hentry","category-ayuntamiento-pamplona"],"yoast_head":"<!-- This site is optimized with the Yoast SEO plugin v27.3 - https:\/\/yoast.com\/product\/yoast-seo-wordpress\/ -->\n<title>El Ayuntamiento de Pamplona recabar\u00e1 a partir de lunes la opini\u00f3n del vecindario de Txantrea para elaborar un estudio integral sobre el aparcamiento y la zona azul en el barrio<\/title>\n<meta name=\"description\" content=\"Se implant\u00f3 en 2021, con amplio rechazo vecinal, y ahora se quieren conocer, adem\u00e1s de datos de uso, la opini\u00f3n del barrio y sus efectos\" \/>\n<meta name=\"robots\" content=\"index, follow, max-snippet:-1, max-image-preview:large, max-video-preview:-1\" \/>\n<link rel=\"canonical\" href=\"https:\/\/www.laguiadepamplona.com\/actualidad\/el-ayuntamiento-de-pamplona-recabara-a-partir-de-lunes-la-opinion-del-vecindario-de-txantrea-para-elaborar-un-estudio-integral-sobre-el-aparcamiento-y-la-zona-azul-en-el-barrio\/\" \/>\n<meta property=\"og:locale\" content=\"es_ES\" \/>\n<meta property=\"og:type\" content=\"article\" \/>\n<meta property=\"og:title\" content=\"El Ayuntamiento de Pamplona recabar\u00e1 a partir de lunes la opini\u00f3n del vecindario de Txantrea para elaborar un estudio integral sobre el aparcamiento y la zona azul en el barrio\" \/>\n<meta property=\"og:description\" content=\"Se implant\u00f3 en 2021, con amplio rechazo vecinal, y ahora se quieren conocer, adem\u00e1s de datos de uso, la opini\u00f3n del barrio y sus efectos\" \/>\n<meta property=\"og:url\" content=\"https:\/\/www.laguiadepamplona.com\/actualidad\/el-ayuntamiento-de-pamplona-recabara-a-partir-de-lunes-la-opinion-del-vecindario-de-txantrea-para-elaborar-un-estudio-integral-sobre-el-aparcamiento-y-la-zona-azul-en-el-barrio\/\" \/>\n<meta property=\"og:site_name\" content=\"La Gu\u00eda de Pamplona\" \/>\n<meta property=\"article:publisher\" content=\"https:\/\/www.facebook.com\/laguiadepamplonacom-133175176762273\/?ref=hl\" \/>\n<meta property=\"article:published_time\" content=\"2024-11-22T16:05:20+00:00\" \/>\n<meta property=\"og:image\" content=\"https:\/\/www.laguiadepamplona.com\/actualidad\/wp-content\/uploads\/2021\/11\/txantrea_barrio_1.jpg\" \/>\n\t<meta property=\"og:image:width\" content=\"1920\" \/>\n\t<meta property=\"og:image:height\" content=\"1280\" \/>\n\t<meta property=\"og:image:type\" content=\"image\/jpeg\" \/>\n<meta name=\"author\" content=\"La Gu\u00eda de Pamplona\" \/>\n<meta name=\"twitter:card\" content=\"summary_large_image\" \/>\n<meta name=\"twitter:creator\" content=\"@LaGuiadPamplona\" \/>\n<meta name=\"twitter:site\" content=\"@LaGuiadPamplona\" \/>\n<meta name=\"twitter:label1\" content=\"Escrito por\" \/>\n\t<meta name=\"twitter:data1\" content=\"La Gu\u00eda de Pamplona\" \/>\n\t<meta name=\"twitter:label2\" content=\"Tiempo de lectura\" \/>\n\t<meta name=\"twitter:data2\" content=\"3 minutos\" \/>\n<script type=\"application\/ld+json\" class=\"yoast-schema-graph\">{\"@context\":\"https:\\\/\\\/schema.org\",\"@graph\":[{\"@type\":\"Article\",\"@id\":\"https:\\\/\\\/www.laguiadepamplona.com\\\/actualidad\\\/el-ayuntamiento-de-pamplona-recabara-a-partir-de-lunes-la-opinion-del-vecindario-de-txantrea-para-elaborar-un-estudio-integral-sobre-el-aparcamiento-y-la-zona-azul-en-el-barrio\\\/#article\",\"isPartOf\":{\"@id\":\"https:\\\/\\\/www.laguiadepamplona.com\\\/actualidad\\\/el-ayuntamiento-de-pamplona-recabara-a-partir-de-lunes-la-opinion-del-vecindario-de-txantrea-para-elaborar-un-estudio-integral-sobre-el-aparcamiento-y-la-zona-azul-en-el-barrio\\\/\"},\"author\":{\"name\":\"La Gu\u00eda de Pamplona\",\"@id\":\"https:\\\/\\\/www.laguiadepamplona.com\\\/actualidad\\\/#\\\/schema\\\/person\\\/efe887376f0213d4657c93adc50b1fdb\"},\"headline\":\"El Ayuntamiento de Pamplona recabar\u00e1 a partir de lunes la opini\u00f3n del vecindario de Txantrea para elaborar un estudio integral sobre el aparcamiento y la zona azul en el barrio\",\"datePublished\":\"2024-11-22T16:05:20+00:00\",\"mainEntityOfPage\":{\"@id\":\"https:\\\/\\\/www.laguiadepamplona.com\\\/actualidad\\\/el-ayuntamiento-de-pamplona-recabara-a-partir-de-lunes-la-opinion-del-vecindario-de-txantrea-para-elaborar-un-estudio-integral-sobre-el-aparcamiento-y-la-zona-azul-en-el-barrio\\\/\"},\"wordCount\":512,\"commentCount\":0,\"publisher\":{\"@id\":\"https:\\\/\\\/www.laguiadepamplona.com\\\/actualidad\\\/#organization\"},\"image\":{\"@id\":\"https:\\\/\\\/www.laguiadepamplona.com\\\/actualidad\\\/el-ayuntamiento-de-pamplona-recabara-a-partir-de-lunes-la-opinion-del-vecindario-de-txantrea-para-elaborar-un-estudio-integral-sobre-el-aparcamiento-y-la-zona-azul-en-el-barrio\\\/#primaryimage\"},\"thumbnailUrl\":\"https:\\\/\\\/www.laguiadepamplona.com\\\/actualidad\\\/wp-content\\\/uploads\\\/2021\\\/11\\\/txantrea_barrio_1.jpg\",\"articleSection\":[\"Ayto Pamplona\"],\"inLanguage\":\"es\",\"potentialAction\":[{\"@type\":\"CommentAction\",\"name\":\"Comment\",\"target\":[\"https:\\\/\\\/www.laguiadepamplona.com\\\/actualidad\\\/el-ayuntamiento-de-pamplona-recabara-a-partir-de-lunes-la-opinion-del-vecindario-de-txantrea-para-elaborar-un-estudio-integral-sobre-el-aparcamiento-y-la-zona-azul-en-el-barrio\\\/#respond\"]}]},{\"@type\":\"WebPage\",\"@id\":\"https:\\\/\\\/www.laguiadepamplona.com\\\/actualidad\\\/el-ayuntamiento-de-pamplona-recabara-a-partir-de-lunes-la-opinion-del-vecindario-de-txantrea-para-elaborar-un-estudio-integral-sobre-el-aparcamiento-y-la-zona-azul-en-el-barrio\\\/\",\"url\":\"https:\\\/\\\/www.laguiadepamplona.com\\\/actualidad\\\/el-ayuntamiento-de-pamplona-recabara-a-partir-de-lunes-la-opinion-del-vecindario-de-txantrea-para-elaborar-un-estudio-integral-sobre-el-aparcamiento-y-la-zona-azul-en-el-barrio\\\/\",\"name\":\"El Ayuntamiento de Pamplona recabar\u00e1 a partir de lunes la opini\u00f3n del vecindario de Txantrea para elaborar un estudio integral sobre el aparcamiento y la zona azul en el barrio\",\"isPartOf\":{\"@id\":\"https:\\\/\\\/www.laguiadepamplona.com\\\/actualidad\\\/#website\"},\"primaryImageOfPage\":{\"@id\":\"https:\\\/\\\/www.laguiadepamplona.com\\\/actualidad\\\/el-ayuntamiento-de-pamplona-recabara-a-partir-de-lunes-la-opinion-del-vecindario-de-txantrea-para-elaborar-un-estudio-integral-sobre-el-aparcamiento-y-la-zona-azul-en-el-barrio\\\/#primaryimage\"},\"image\":{\"@id\":\"https:\\\/\\\/www.laguiadepamplona.com\\\/actualidad\\\/el-ayuntamiento-de-pamplona-recabara-a-partir-de-lunes-la-opinion-del-vecindario-de-txantrea-para-elaborar-un-estudio-integral-sobre-el-aparcamiento-y-la-zona-azul-en-el-barrio\\\/#primaryimage\"},\"thumbnailUrl\":\"https:\\\/\\\/www.laguiadepamplona.com\\\/actualidad\\\/wp-content\\\/uploads\\\/2021\\\/11\\\/txantrea_barrio_1.jpg\",\"datePublished\":\"2024-11-22T16:05:20+00:00\",\"description\":\"Se implant\u00f3 en 2021, con amplio rechazo vecinal, y ahora se quieren conocer, adem\u00e1s de datos de uso, la opini\u00f3n del barrio y sus efectos\",\"breadcrumb\":{\"@id\":\"https:\\\/\\\/www.laguiadepamplona.com\\\/actualidad\\\/el-ayuntamiento-de-pamplona-recabara-a-partir-de-lunes-la-opinion-del-vecindario-de-txantrea-para-elaborar-un-estudio-integral-sobre-el-aparcamiento-y-la-zona-azul-en-el-barrio\\\/#breadcrumb\"},\"inLanguage\":\"es\",\"potentialAction\":[{\"@type\":\"ReadAction\",\"target\":[\"https:\\\/\\\/www.laguiadepamplona.com\\\/actualidad\\\/el-ayuntamiento-de-pamplona-recabara-a-partir-de-lunes-la-opinion-del-vecindario-de-txantrea-para-elaborar-un-estudio-integral-sobre-el-aparcamiento-y-la-zona-azul-en-el-barrio\\\/\"]}]},{\"@type\":\"ImageObject\",\"inLanguage\":\"es\",\"@id\":\"https:\\\/\\\/www.laguiadepamplona.com\\\/actualidad\\\/el-ayuntamiento-de-pamplona-recabara-a-partir-de-lunes-la-opinion-del-vecindario-de-txantrea-para-elaborar-un-estudio-integral-sobre-el-aparcamiento-y-la-zona-azul-en-el-barrio\\\/#primaryimage\",\"url\":\"https:\\\/\\\/www.laguiadepamplona.com\\\/actualidad\\\/wp-content\\\/uploads\\\/2021\\\/11\\\/txantrea_barrio_1.jpg\",\"contentUrl\":\"https:\\\/\\\/www.laguiadepamplona.com\\\/actualidad\\\/wp-content\\\/uploads\\\/2021\\\/11\\\/txantrea_barrio_1.jpg\",\"width\":1920,\"height\":1280,\"caption\":\"A* Jes\u00fas Garzaron F* 2020_12_01 T* Barrios de Pamplona L* Calle San Crits\u00f3bal, Txantrea\"},{\"@type\":\"BreadcrumbList\",\"@id\":\"https:\\\/\\\/www.laguiadepamplona.com\\\/actualidad\\\/el-ayuntamiento-de-pamplona-recabara-a-partir-de-lunes-la-opinion-del-vecindario-de-txantrea-para-elaborar-un-estudio-integral-sobre-el-aparcamiento-y-la-zona-azul-en-el-barrio\\\/#breadcrumb\",\"itemListElement\":[{\"@type\":\"ListItem\",\"position\":1,\"name\":\"Portada\",\"item\":\"https:\\\/\\\/www.laguiadepamplona.com\\\/actualidad\\\/\"},{\"@type\":\"ListItem\",\"position\":2,\"name\":\"El Ayuntamiento de Pamplona recabar\u00e1 a partir de lunes la opini\u00f3n del vecindario de Txantrea para elaborar un estudio integral sobre el aparcamiento y la zona azul en el barrio\"}]},{\"@type\":\"WebSite\",\"@id\":\"https:\\\/\\\/www.laguiadepamplona.com\\\/actualidad\\\/#website\",\"url\":\"https:\\\/\\\/www.laguiadepamplona.com\\\/actualidad\\\/\",\"name\":\"La gu\u00eda de Pamplona\",\"description\":\"Noticias de Pamplona\",\"publisher\":{\"@id\":\"https:\\\/\\\/www.laguiadepamplona.com\\\/actualidad\\\/#organization\"},\"potentialAction\":[{\"@type\":\"SearchAction\",\"target\":{\"@type\":\"EntryPoint\",\"urlTemplate\":\"https:\\\/\\\/www.laguiadepamplona.com\\\/actualidad\\\/?s={search_term_string}\"},\"query-input\":{\"@type\":\"PropertyValueSpecification\",\"valueRequired\":true,\"valueName\":\"search_term_string\"}}],\"inLanguage\":\"es\"},{\"@type\":\"Organization\",\"@id\":\"https:\\\/\\\/www.laguiadepamplona.com\\\/actualidad\\\/#organization\",\"name\":\"La Gu\u00eda de Pamplona \\\/ Noticias\",\"url\":\"https:\\\/\\\/www.laguiadepamplona.com\\\/actualidad\\\/\",\"logo\":{\"@type\":\"ImageObject\",\"inLanguage\":\"es\",\"@id\":\"https:\\\/\\\/www.laguiadepamplona.com\\\/actualidad\\\/#\\\/schema\\\/logo\\\/image\\\/\",\"url\":\"https:\\\/\\\/www.laguiadepamplona.com\\\/actualidad\\\/wp-content\\\/uploads\\\/2018\\\/11\\\/logo-laguiadepamplona18-web1.png\",\"contentUrl\":\"https:\\\/\\\/www.laguiadepamplona.com\\\/actualidad\\\/wp-content\\\/uploads\\\/2018\\\/11\\\/logo-laguiadepamplona18-web1.png\",\"width\":600,\"height\":196,\"caption\":\"La Gu\u00eda de Pamplona \\\/ Noticias\"},\"image\":{\"@id\":\"https:\\\/\\\/www.laguiadepamplona.com\\\/actualidad\\\/#\\\/schema\\\/logo\\\/image\\\/\"},\"sameAs\":[\"https:\\\/\\\/www.facebook.com\\\/laguiadepamplonacom-133175176762273\\\/?ref=hl\",\"https:\\\/\\\/x.com\\\/LaGuiadPamplona\",\"https:\\\/\\\/www.instagram.com\\\/la_guia_de_pamplona\\\/\",\"https:\\\/\\\/www.youtube.com\\\/user\\\/laguiadepamplona\"]},{\"@type\":\"Person\",\"@id\":\"https:\\\/\\\/www.laguiadepamplona.com\\\/actualidad\\\/#\\\/schema\\\/person\\\/efe887376f0213d4657c93adc50b1fdb\",\"name\":\"La Gu\u00eda de Pamplona\",\"image\":{\"@type\":\"ImageObject\",\"inLanguage\":\"es\",\"@id\":\"https:\\\/\\\/secure.gravatar.com\\\/avatar\\\/b6992f131dc8d30ab0dff15446e9d346d9dbd95992de0fef795073f5ea83a81c?s=96&d=mm&r=g\",\"url\":\"https:\\\/\\\/secure.gravatar.com\\\/avatar\\\/b6992f131dc8d30ab0dff15446e9d346d9dbd95992de0fef795073f5ea83a81c?s=96&d=mm&r=g\",\"contentUrl\":\"https:\\\/\\\/secure.gravatar.com\\\/avatar\\\/b6992f131dc8d30ab0dff15446e9d346d9dbd95992de0fef795073f5ea83a81c?s=96&d=mm&r=g\",\"caption\":\"La Gu\u00eda de Pamplona\"}}]}<\/script>\n<!-- \/ Yoast SEO plugin. -->","yoast_head_json":{"title":"El Ayuntamiento de Pamplona recabar\u00e1 a partir de lunes la opini\u00f3n del vecindario de Txantrea para elaborar un estudio integral sobre el aparcamiento y la zona azul en el barrio","description":"Se implant\u00f3 en 2021, con amplio rechazo vecinal, y ahora se quieren conocer, adem\u00e1s de datos de uso, la opini\u00f3n del barrio y sus efectos","robots":{"index":"index","follow":"follow","max-snippet":"max-snippet:-1","max-image-preview":"max-image-preview:large","max-video-preview":"max-video-preview:-1"},"canonical":"https:\/\/www.laguiadepamplona.com\/actualidad\/el-ayuntamiento-de-pamplona-recabara-a-partir-de-lunes-la-opinion-del-vecindario-de-txantrea-para-elaborar-un-estudio-integral-sobre-el-aparcamiento-y-la-zona-azul-en-el-barrio\/","og_locale":"es_ES","og_type":"article","og_title":"El Ayuntamiento de Pamplona recabar\u00e1 a partir de lunes la opini\u00f3n del vecindario de Txantrea para elaborar un estudio integral sobre el aparcamiento y la zona azul en el barrio","og_description":"Se implant\u00f3 en 2021, con amplio rechazo vecinal, y ahora se quieren conocer, adem\u00e1s de datos de uso, la opini\u00f3n del barrio y sus efectos","og_url":"https:\/\/www.laguiadepamplona.com\/actualidad\/el-ayuntamiento-de-pamplona-recabara-a-partir-de-lunes-la-opinion-del-vecindario-de-txantrea-para-elaborar-un-estudio-integral-sobre-el-aparcamiento-y-la-zona-azul-en-el-barrio\/","og_site_name":"La Gu\u00eda de Pamplona","article_publisher":"https:\/\/www.facebook.com\/laguiadepamplonacom-133175176762273\/?ref=hl","article_published_time":"2024-11-22T16:05:20+00:00","og_image":[{"width":1920,"height":1280,"url":"https:\/\/www.laguiadepamplona.com\/actualidad\/wp-content\/uploads\/2021\/11\/txantrea_barrio_1.jpg","type":"image\/jpeg"}],"author":"La Gu\u00eda de Pamplona","twitter_card":"summary_large_image","twitter_creator":"@LaGuiadPamplona","twitter_site":"@LaGuiadPamplona","twitter_misc":{"Escrito por":"La Gu\u00eda de Pamplona","Tiempo de lectura":"3 minutos"},"schema":{"@context":"https:\/\/schema.org","@graph":[{"@type":"Article","@id":"https:\/\/www.laguiadepamplona.com\/actualidad\/el-ayuntamiento-de-pamplona-recabara-a-partir-de-lunes-la-opinion-del-vecindario-de-txantrea-para-elaborar-un-estudio-integral-sobre-el-aparcamiento-y-la-zona-azul-en-el-barrio\/#article","isPartOf":{"@id":"https:\/\/www.laguiadepamplona.com\/actualidad\/el-ayuntamiento-de-pamplona-recabara-a-partir-de-lunes-la-opinion-del-vecindario-de-txantrea-para-elaborar-un-estudio-integral-sobre-el-aparcamiento-y-la-zona-azul-en-el-barrio\/"},"author":{"name":"La Gu\u00eda de Pamplona","@id":"https:\/\/www.laguiadepamplona.com\/actualidad\/#\/schema\/person\/efe887376f0213d4657c93adc50b1fdb"},"headline":"El Ayuntamiento de Pamplona recabar\u00e1 a partir de lunes la opini\u00f3n del vecindario de Txantrea para elaborar un estudio integral sobre el aparcamiento y la zona azul en el barrio","datePublished":"2024-11-22T16:05:20+00:00","mainEntityOfPage":{"@id":"https:\/\/www.laguiadepamplona.com\/actualidad\/el-ayuntamiento-de-pamplona-recabara-a-partir-de-lunes-la-opinion-del-vecindario-de-txantrea-para-elaborar-un-estudio-integral-sobre-el-aparcamiento-y-la-zona-azul-en-el-barrio\/"},"wordCount":512,"commentCount":0,"publisher":{"@id":"https:\/\/www.laguiadepamplona.com\/actualidad\/#organization"},"image":{"@id":"https:\/\/www.laguiadepamplona.com\/actualidad\/el-ayuntamiento-de-pamplona-recabara-a-partir-de-lunes-la-opinion-del-vecindario-de-txantrea-para-elaborar-un-estudio-integral-sobre-el-aparcamiento-y-la-zona-azul-en-el-barrio\/#primaryimage"},"thumbnailUrl":"https:\/\/www.laguiadepamplona.com\/actualidad\/wp-content\/uploads\/2021\/11\/txantrea_barrio_1.jpg","articleSection":["Ayto Pamplona"],"inLanguage":"es","potentialAction":[{"@type":"CommentAction","name":"Comment","target":["https:\/\/www.laguiadepamplona.com\/actualidad\/el-ayuntamiento-de-pamplona-recabara-a-partir-de-lunes-la-opinion-del-vecindario-de-txantrea-para-elaborar-un-estudio-integral-sobre-el-aparcamiento-y-la-zona-azul-en-el-barrio\/#respond"]}]},{"@type":"WebPage","@id":"https:\/\/www.laguiadepamplona.com\/actualidad\/el-ayuntamiento-de-pamplona-recabara-a-partir-de-lunes-la-opinion-del-vecindario-de-txantrea-para-elaborar-un-estudio-integral-sobre-el-aparcamiento-y-la-zona-azul-en-el-barrio\/","url":"https:\/\/www.laguiadepamplona.com\/actualidad\/el-ayuntamiento-de-pamplona-recabara-a-partir-de-lunes-la-opinion-del-vecindario-de-txantrea-para-elaborar-un-estudio-integral-sobre-el-aparcamiento-y-la-zona-azul-en-el-barrio\/","name":"El Ayuntamiento de Pamplona recabar\u00e1 a partir de lunes la opini\u00f3n del vecindario de Txantrea para elaborar un estudio integral sobre el aparcamiento y la zona azul en el barrio","isPartOf":{"@id":"https:\/\/www.laguiadepamplona.com\/actualidad\/#website"},"primaryImageOfPage":{"@id":"https:\/\/www.laguiadepamplona.com\/actualidad\/el-ayuntamiento-de-pamplona-recabara-a-partir-de-lunes-la-opinion-del-vecindario-de-txantrea-para-elaborar-un-estudio-integral-sobre-el-aparcamiento-y-la-zona-azul-en-el-barrio\/#primaryimage"},"image":{"@id":"https:\/\/www.laguiadepamplona.com\/actualidad\/el-ayuntamiento-de-pamplona-recabara-a-partir-de-lunes-la-opinion-del-vecindario-de-txantrea-para-elaborar-un-estudio-integral-sobre-el-aparcamiento-y-la-zona-azul-en-el-barrio\/#primaryimage"},"thumbnailUrl":"https:\/\/www.laguiadepamplona.com\/actualidad\/wp-content\/uploads\/2021\/11\/txantrea_barrio_1.jpg","datePublished":"2024-11-22T16:05:20+00:00","description":"Se implant\u00f3 en 2021, con amplio rechazo vecinal, y ahora se quieren conocer, adem\u00e1s de datos de uso, la opini\u00f3n del barrio y sus efectos","breadcrumb":{"@id":"https:\/\/www.laguiadepamplona.com\/actualidad\/el-ayuntamiento-de-pamplona-recabara-a-partir-de-lunes-la-opinion-del-vecindario-de-txantrea-para-elaborar-un-estudio-integral-sobre-el-aparcamiento-y-la-zona-azul-en-el-barrio\/#breadcrumb"},"inLanguage":"es","potentialAction":[{"@type":"ReadAction","target":["https:\/\/www.laguiadepamplona.com\/actualidad\/el-ayuntamiento-de-pamplona-recabara-a-partir-de-lunes-la-opinion-del-vecindario-de-txantrea-para-elaborar-un-estudio-integral-sobre-el-aparcamiento-y-la-zona-azul-en-el-barrio\/"]}]},{"@type":"ImageObject","inLanguage":"es","@id":"https:\/\/www.laguiadepamplona.com\/actualidad\/el-ayuntamiento-de-pamplona-recabara-a-partir-de-lunes-la-opinion-del-vecindario-de-txantrea-para-elaborar-un-estudio-integral-sobre-el-aparcamiento-y-la-zona-azul-en-el-barrio\/#primaryimage","url":"https:\/\/www.laguiadepamplona.com\/actualidad\/wp-content\/uploads\/2021\/11\/txantrea_barrio_1.jpg","contentUrl":"https:\/\/www.laguiadepamplona.com\/actualidad\/wp-content\/uploads\/2021\/11\/txantrea_barrio_1.jpg","width":1920,"height":1280,"caption":"A* Jes\u00fas Garzaron F* 2020_12_01 T* Barrios de Pamplona L* Calle San Crits\u00f3bal, Txantrea"},{"@type":"BreadcrumbList","@id":"https:\/\/www.laguiadepamplona.com\/actualidad\/el-ayuntamiento-de-pamplona-recabara-a-partir-de-lunes-la-opinion-del-vecindario-de-txantrea-para-elaborar-un-estudio-integral-sobre-el-aparcamiento-y-la-zona-azul-en-el-barrio\/#breadcrumb","itemListElement":[{"@type":"ListItem","position":1,"name":"Portada","item":"https:\/\/www.laguiadepamplona.com\/actualidad\/"},{"@type":"ListItem","position":2,"name":"El Ayuntamiento de Pamplona recabar\u00e1 a partir de lunes la opini\u00f3n del vecindario de Txantrea para elaborar un estudio integral sobre el aparcamiento y la zona azul en el barrio"}]},{"@type":"WebSite","@id":"https:\/\/www.laguiadepamplona.com\/actualidad\/#website","url":"https:\/\/www.laguiadepamplona.com\/actualidad\/","name":"La gu\u00eda de Pamplona","description":"Noticias de Pamplona","publisher":{"@id":"https:\/\/www.laguiadepamplona.com\/actualidad\/#organization"},"potentialAction":[{"@type":"SearchAction","target":{"@type":"EntryPoint","urlTemplate":"https:\/\/www.laguiadepamplona.com\/actualidad\/?s={search_term_string}"},"query-input":{"@type":"PropertyValueSpecification","valueRequired":true,"valueName":"search_term_string"}}],"inLanguage":"es"},{"@type":"Organization","@id":"https:\/\/www.laguiadepamplona.com\/actualidad\/#organization","name":"La Gu\u00eda de Pamplona \/ Noticias","url":"https:\/\/www.laguiadepamplona.com\/actualidad\/","logo":{"@type":"ImageObject","inLanguage":"es","@id":"https:\/\/www.laguiadepamplona.com\/actualidad\/#\/schema\/logo\/image\/","url":"https:\/\/www.laguiadepamplona.com\/actualidad\/wp-content\/uploads\/2018\/11\/logo-laguiadepamplona18-web1.png","contentUrl":"https:\/\/www.laguiadepamplona.com\/actualidad\/wp-content\/uploads\/2018\/11\/logo-laguiadepamplona18-web1.png","width":600,"height":196,"caption":"La Gu\u00eda de Pamplona \/ Noticias"},"image":{"@id":"https:\/\/www.laguiadepamplona.com\/actualidad\/#\/schema\/logo\/image\/"},"sameAs":["https:\/\/www.facebook.com\/laguiadepamplonacom-133175176762273\/?ref=hl","https:\/\/x.com\/LaGuiadPamplona","https:\/\/www.instagram.com\/la_guia_de_pamplona\/","https:\/\/www.youtube.com\/user\/laguiadepamplona"]},{"@type":"Person","@id":"https:\/\/www.laguiadepamplona.com\/actualidad\/#\/schema\/person\/efe887376f0213d4657c93adc50b1fdb","name":"La Gu\u00eda de Pamplona","image":{"@type":"ImageObject","inLanguage":"es","@id":"https:\/\/secure.gravatar.com\/avatar\/b6992f131dc8d30ab0dff15446e9d346d9dbd95992de0fef795073f5ea83a81c?s=96&d=mm&r=g","url":"https:\/\/secure.gravatar.com\/avatar\/b6992f131dc8d30ab0dff15446e9d346d9dbd95992de0fef795073f5ea83a81c?s=96&d=mm&r=g","contentUrl":"https:\/\/secure.gravatar.com\/avatar\/b6992f131dc8d30ab0dff15446e9d346d9dbd95992de0fef795073f5ea83a81c?s=96&d=mm&r=g","caption":"La Gu\u00eda de Pamplona"}}]}},"post_mailing_queue_ids":[],"_links":{"self":[{"href":"https:\/\/www.laguiadepamplona.com\/actualidad\/wp-json\/wp\/v2\/posts\/51429","targetHints":{"allow":["GET"]}}],"collection":[{"href":"https:\/\/www.laguiadepamplona.com\/actualidad\/wp-json\/wp\/v2\/posts"}],"about":[{"href":"https:\/\/www.laguiadepamplona.com\/actualidad\/wp-json\/wp\/v2\/types\/post"}],"author":[{"embeddable":true,"href":"https:\/\/www.laguiadepamplona.com\/actualidad\/wp-json\/wp\/v2\/users\/1"}],"replies":[{"embeddable":true,"href":"https:\/\/www.laguiadepamplona.com\/actualidad\/wp-json\/wp\/v2\/comments?post=51429"}],"version-history":[{"count":1,"href":"https:\/\/www.laguiadepamplona.com\/actualidad\/wp-json\/wp\/v2\/posts\/51429\/revisions"}],"predecessor-version":[{"id":51430,"href":"https:\/\/www.laguiadepamplona.com\/actualidad\/wp-json\/wp\/v2\/posts\/51429\/revisions\/51430"}],"wp:featuredmedia":[{"embeddable":true,"href":"https:\/\/www.laguiadepamplona.com\/actualidad\/wp-json\/wp\/v2\/media\/37292"}],"wp:attachment":[{"href":"https:\/\/www.laguiadepamplona.com\/actualidad\/wp-json\/wp\/v2\/media?parent=51429"}],"wp:term":[{"taxonomy":"category","embeddable":true,"href":"https:\/\/www.laguiadepamplona.com\/actualidad\/wp-json\/wp\/v2\/categories?post=51429"},{"taxonomy":"post_tag","embeddable":true,"href":"https:\/\/www.laguiadepamplona.com\/actualidad\/wp-json\/wp\/v2\/tags?post=51429"}],"curies":[{"name":"wp","href":"https:\/\/api.w.org\/{rel}","templated":true}]}}