{"id":51423,"date":"2024-11-22T18:02:19","date_gmt":"2024-11-22T16:02:19","guid":{"rendered":"https:\/\/www.laguiadepamplona.com\/actualidad\/?p=51423"},"modified":"2024-11-22T18:02:19","modified_gmt":"2024-11-22T16:02:19","slug":"el-avance-de-las-obras-de-la-primera-fase-del-corredor-sostenible-de-pio-xii-obliga-a-cerrar-al-trafico-el-carril-derecho-en-sentido-acceso-desde-este-lunes","status":"publish","type":"post","link":"https:\/\/www.laguiadepamplona.com\/actualidad\/el-avance-de-las-obras-de-la-primera-fase-del-corredor-sostenible-de-pio-xii-obliga-a-cerrar-al-trafico-el-carril-derecho-en-sentido-acceso-desde-este-lunes\/","title":{"rendered":"El avance de las obras de la primera fase del corredor sostenible de P\u00edo XII obliga a cerrar al tr\u00e1fico el carril derecho en sentido acceso desde este lunes"},"content":{"rendered":"<h2>Polic\u00eda Municipal recomienda el uso del transporte p\u00fablico y la utilizaci\u00f3n de itinerarios alternativos para acceder al centro de la ciudad<\/h2>\n<p><!--more--><\/p>\n<p>Este lunes se corta al tr\u00e1fico uno de los carriles de la avenida de P\u00edo XII, por el avance en la primera fase de las obras del corredor sostenible. El carril derecho en direcci\u00f3n centro, desde la confluencia con la calle Pedro I y la calle Iturrama, estar\u00e1 cerrado y solo se podr\u00e1 circular por el carril izquierdo, por lo que desde Polic\u00eda Municipal se recomienda el uso del transporte p\u00fablico o la utilizaci\u00f3n de desv\u00edos alternativos, ya se\u00f1alizados.<\/p>\n<p>El tr\u00e1fico rodado que se dirija al centro por la avenida de Ar\u00f3stegui deber\u00e1 acceder por la calle Concepci\u00f3n Ben\u00edtez hasta alcanzar la avenida de Bara\u00f1\u00e1in. Esta avenida es la recomendaci\u00f3n tambi\u00e9n para el tr\u00e1fico que acceda desde Irunlarrea. Para los veh\u00edculos que llegan desde la avenida de Navarra, las opciones son la avenida de Bara\u00f1\u00e1in y la calle I\u00f1igo Arista.<\/p>\n<p>El transporte p\u00fablico tambi\u00e9n se ve afectado, ya que se anula la parada ubicada en la avenida de P\u00edo XII 41, que da servicio a las l\u00edneas L02, L04, L15, L18 y N01. Esta parada se traslada de forma provisional, para las l\u00edneas L04, L15, L18 y N01, a la gatera anterior a la intersecci\u00f3n con Iturrama; en cuanto a la l\u00ednea L2, la parada se traslada a la calle Iturrama, cerca del cruce con Pintor Maeztu. Adem\u00e1s, durante esta fase se cortar\u00e1 los pasos peatonales de este tramo, en concreto, los ubicados en los n\u00fameros 43 y 39.<\/p>\n<p>Las afecciones se van a mantener hasta finales del mes de diciembre, cuando est\u00e1 prevista la finalizaci\u00f3n de la primera fase de los trabajos, en el tramo comprendido entre Pedro I e Iturrama. Las obras de esta fase no afectan a ninguna zona de carga y descarga, y generar\u00e1n unos 500 metros cuadrados de nuevas zonas verdes, de los cuales algunos ya est\u00e1n ejecutados.<\/p>\n<p>Con el objetivo de mejorar de la caminabilidad en la intersecci\u00f3n de P\u00edo XII con la calle Iturrama, se ha creado una nueva zona verde de 238,81 metros cuadrados, en la que se situar\u00e1n \u00e1rboles para proporcionar sombra en la zona de aceras. Adem\u00e1s, se han realizado mejoras en la movilidad y accesibilidad con el avance de parada de la l\u00ednea L2 del transporte p\u00fablico en la confluencia de las calles Iturrama y P\u00edo XII.<\/p>\n<p>Est\u00e1n pendientes de ejecutar tres zonas m\u00e1s: en el Hotel Blanca de Navarra, despu\u00e9s del paso peatonal con Pedro I, la zona 2 contar\u00e1 con dos sistemas de drenaje urbano sostenible (SUDS) de 25,51 metros cuadrados (antes del paso de cebra) y 40,75 metros cuadrados (despu\u00e9s del paso de cebra); en este tramo se trasladar\u00e1 la zona de carga y descarga del hotel a la calle Pedro I. La zona verde 2, entre los n\u00fameros 39 y 41 de la avenida de P\u00edo XII, sentido entrada, tendr\u00e1 137 metros cuadrados, por lo que se eliminar\u00e1n 8 plaza de aparcamiento; y en la zona verde 3, en la intersecci\u00f3n con la calle Iturrama, se ha transformado la isleta de protecci\u00f3n carril bici en un SUD de 28,61 metros cuadrados.<\/p>\n<p><strong>Seis fases y un presupuesto de 1,8 millones<\/strong><\/p>\n<p>La segunda fase de las obras est\u00e1 prevista para el pr\u00f3ximo a\u00f1o, entre la avenida de Navarra y la calle Pedro I, y la calle Iturrama con la avenida de Sancho el Fuerte. La duraci\u00f3n de esta segunda fase ser\u00e1 de dos meses. La tercera fase, en el mes de marzo, afectar\u00e1 a la calle Sancho el Fuerte con Vuelta del Castillo, y en abril comienza la cuarta, que se realiza entre la avenida del Ej\u00e9rcito y Sancho el Fuerte, ya en direcci\u00f3n salida de la ciudad. La quinta fase abarca el mes de mayo hasta mediados de junio y afectar\u00e1 a la calle Sancho el Fuerte hasta la confluencia con la calle La Rioja, y la sexta y \u00faltima, de mediados de junio hasta finales de julio, termina desde la calle La Rioja hasta la avenida de Navarra.<\/p>\n<p>La ampliaci\u00f3n del corredor sostenible de P\u00edo XII, que mejora las zonas verdes y la movilidad peatonal y ciclista, cuenta con un presupuesto de 1,8 millones, que incluyen una subvenci\u00f3n de 450.000 euros sufragados a trav\u00e9s de un convenio firmado con Gobierno de Navarra. El convenio se justifica por la utilidad p\u00fablica de la obra. Del importe total de 1.875.313,59 euros, este a\u00f1o se invierten 725.969,12 euros, incluidos los 450.000 euros de Gobierno de Navarra; el importe restante, de 1.149.344,47 euros, ir\u00e1 con cargo a los presupuestos de 2025.<\/p>\n","protected":false},"excerpt":{"rendered":"<p>Polic\u00eda Municipal recomienda el uso del transporte p\u00fablico y la utilizaci\u00f3n de itinerarios alternativos para acceder al centro de la ciudad<\/p>\n","protected":false},"author":1,"featured_media":51424,"comment_status":"open","ping_status":"closed","sticky":false,"template":"","format":"standard","meta":{"footnotes":""},"categories":[2],"tags":[],"class_list":["post-51423","post","type-post","status-publish","format-standard","has-post-thumbnail","hentry","category-ayuntamiento-pamplona"],"yoast_head":"<!-- This site is optimized with the Yoast SEO plugin v27.3 - https:\/\/yoast.com\/product\/yoast-seo-wordpress\/ -->\n<title>El avance de las obras de la primera fase del corredor sostenible de P\u00edo XII obliga a cerrar al tr\u00e1fico el carril derecho en sentido acceso desde este lunes<\/title>\n<meta name=\"description\" content=\"Polic\u00eda Municipal recomienda el uso del transporte p\u00fablico y la utilizaci\u00f3n de itinerarios alternativos para acceder al centro de la ciudad\" \/>\n<meta name=\"robots\" content=\"index, follow, max-snippet:-1, max-image-preview:large, max-video-preview:-1\" \/>\n<link rel=\"canonical\" href=\"https:\/\/www.laguiadepamplona.com\/actualidad\/el-avance-de-las-obras-de-la-primera-fase-del-corredor-sostenible-de-pio-xii-obliga-a-cerrar-al-trafico-el-carril-derecho-en-sentido-acceso-desde-este-lunes\/\" \/>\n<meta property=\"og:locale\" content=\"es_ES\" \/>\n<meta property=\"og:type\" content=\"article\" \/>\n<meta property=\"og:title\" content=\"El avance de las obras de la primera fase del corredor sostenible de P\u00edo XII obliga a cerrar al tr\u00e1fico el carril derecho en sentido acceso desde este lunes\" \/>\n<meta property=\"og:description\" content=\"Polic\u00eda Municipal recomienda el uso del transporte p\u00fablico y la utilizaci\u00f3n de itinerarios alternativos para acceder al centro de la ciudad\" \/>\n<meta property=\"og:url\" content=\"https:\/\/www.laguiadepamplona.com\/actualidad\/el-avance-de-las-obras-de-la-primera-fase-del-corredor-sostenible-de-pio-xii-obliga-a-cerrar-al-trafico-el-carril-derecho-en-sentido-acceso-desde-este-lunes\/\" \/>\n<meta property=\"og:site_name\" content=\"La Gu\u00eda de Pamplona\" \/>\n<meta property=\"article:publisher\" content=\"https:\/\/www.facebook.com\/laguiadepamplonacom-133175176762273\/?ref=hl\" \/>\n<meta property=\"article:published_time\" content=\"2024-11-22T16:02:19+00:00\" \/>\n<meta property=\"og:image\" content=\"https:\/\/www.laguiadepamplona.com\/actualidad\/wp-content\/uploads\/2024\/11\/Pio-XII_calle_2_web.webp\" \/>\n\t<meta property=\"og:image:width\" content=\"1000\" \/>\n\t<meta property=\"og:image:height\" content=\"563\" \/>\n\t<meta property=\"og:image:type\" content=\"image\/webp\" \/>\n<meta name=\"author\" content=\"La Gu\u00eda de Pamplona\" \/>\n<meta name=\"twitter:card\" content=\"summary_large_image\" \/>\n<meta name=\"twitter:creator\" content=\"@LaGuiadPamplona\" \/>\n<meta name=\"twitter:site\" content=\"@LaGuiadPamplona\" \/>\n<meta name=\"twitter:label1\" content=\"Escrito por\" \/>\n\t<meta name=\"twitter:data1\" content=\"La Gu\u00eda de Pamplona\" \/>\n\t<meta name=\"twitter:label2\" content=\"Tiempo de lectura\" \/>\n\t<meta name=\"twitter:data2\" content=\"4 minutos\" \/>\n<script type=\"application\/ld+json\" class=\"yoast-schema-graph\">{\"@context\":\"https:\\\/\\\/schema.org\",\"@graph\":[{\"@type\":\"Article\",\"@id\":\"https:\\\/\\\/www.laguiadepamplona.com\\\/actualidad\\\/el-avance-de-las-obras-de-la-primera-fase-del-corredor-sostenible-de-pio-xii-obliga-a-cerrar-al-trafico-el-carril-derecho-en-sentido-acceso-desde-este-lunes\\\/#article\",\"isPartOf\":{\"@id\":\"https:\\\/\\\/www.laguiadepamplona.com\\\/actualidad\\\/el-avance-de-las-obras-de-la-primera-fase-del-corredor-sostenible-de-pio-xii-obliga-a-cerrar-al-trafico-el-carril-derecho-en-sentido-acceso-desde-este-lunes\\\/\"},\"author\":{\"name\":\"La Gu\u00eda de Pamplona\",\"@id\":\"https:\\\/\\\/www.laguiadepamplona.com\\\/actualidad\\\/#\\\/schema\\\/person\\\/efe887376f0213d4657c93adc50b1fdb\"},\"headline\":\"El avance de las obras de la primera fase del corredor sostenible de P\u00edo XII obliga a cerrar al tr\u00e1fico el carril derecho en sentido acceso desde este lunes\",\"datePublished\":\"2024-11-22T16:02:19+00:00\",\"mainEntityOfPage\":{\"@id\":\"https:\\\/\\\/www.laguiadepamplona.com\\\/actualidad\\\/el-avance-de-las-obras-de-la-primera-fase-del-corredor-sostenible-de-pio-xii-obliga-a-cerrar-al-trafico-el-carril-derecho-en-sentido-acceso-desde-este-lunes\\\/\"},\"wordCount\":832,\"commentCount\":0,\"publisher\":{\"@id\":\"https:\\\/\\\/www.laguiadepamplona.com\\\/actualidad\\\/#organization\"},\"image\":{\"@id\":\"https:\\\/\\\/www.laguiadepamplona.com\\\/actualidad\\\/el-avance-de-las-obras-de-la-primera-fase-del-corredor-sostenible-de-pio-xii-obliga-a-cerrar-al-trafico-el-carril-derecho-en-sentido-acceso-desde-este-lunes\\\/#primaryimage\"},\"thumbnailUrl\":\"https:\\\/\\\/www.laguiadepamplona.com\\\/actualidad\\\/wp-content\\\/uploads\\\/2024\\\/11\\\/Pio-XII_calle_2_web.webp\",\"articleSection\":[\"Ayto Pamplona\"],\"inLanguage\":\"es\",\"potentialAction\":[{\"@type\":\"CommentAction\",\"name\":\"Comment\",\"target\":[\"https:\\\/\\\/www.laguiadepamplona.com\\\/actualidad\\\/el-avance-de-las-obras-de-la-primera-fase-del-corredor-sostenible-de-pio-xii-obliga-a-cerrar-al-trafico-el-carril-derecho-en-sentido-acceso-desde-este-lunes\\\/#respond\"]}]},{\"@type\":\"WebPage\",\"@id\":\"https:\\\/\\\/www.laguiadepamplona.com\\\/actualidad\\\/el-avance-de-las-obras-de-la-primera-fase-del-corredor-sostenible-de-pio-xii-obliga-a-cerrar-al-trafico-el-carril-derecho-en-sentido-acceso-desde-este-lunes\\\/\",\"url\":\"https:\\\/\\\/www.laguiadepamplona.com\\\/actualidad\\\/el-avance-de-las-obras-de-la-primera-fase-del-corredor-sostenible-de-pio-xii-obliga-a-cerrar-al-trafico-el-carril-derecho-en-sentido-acceso-desde-este-lunes\\\/\",\"name\":\"El avance de las obras de la primera fase del corredor sostenible de P\u00edo XII obliga a cerrar al tr\u00e1fico el carril derecho en sentido acceso desde este lunes\",\"isPartOf\":{\"@id\":\"https:\\\/\\\/www.laguiadepamplona.com\\\/actualidad\\\/#website\"},\"primaryImageOfPage\":{\"@id\":\"https:\\\/\\\/www.laguiadepamplona.com\\\/actualidad\\\/el-avance-de-las-obras-de-la-primera-fase-del-corredor-sostenible-de-pio-xii-obliga-a-cerrar-al-trafico-el-carril-derecho-en-sentido-acceso-desde-este-lunes\\\/#primaryimage\"},\"image\":{\"@id\":\"https:\\\/\\\/www.laguiadepamplona.com\\\/actualidad\\\/el-avance-de-las-obras-de-la-primera-fase-del-corredor-sostenible-de-pio-xii-obliga-a-cerrar-al-trafico-el-carril-derecho-en-sentido-acceso-desde-este-lunes\\\/#primaryimage\"},\"thumbnailUrl\":\"https:\\\/\\\/www.laguiadepamplona.com\\\/actualidad\\\/wp-content\\\/uploads\\\/2024\\\/11\\\/Pio-XII_calle_2_web.webp\",\"datePublished\":\"2024-11-22T16:02:19+00:00\",\"description\":\"Polic\u00eda Municipal recomienda el uso del transporte p\u00fablico y la utilizaci\u00f3n de itinerarios alternativos para acceder al centro de la ciudad\",\"breadcrumb\":{\"@id\":\"https:\\\/\\\/www.laguiadepamplona.com\\\/actualidad\\\/el-avance-de-las-obras-de-la-primera-fase-del-corredor-sostenible-de-pio-xii-obliga-a-cerrar-al-trafico-el-carril-derecho-en-sentido-acceso-desde-este-lunes\\\/#breadcrumb\"},\"inLanguage\":\"es\",\"potentialAction\":[{\"@type\":\"ReadAction\",\"target\":[\"https:\\\/\\\/www.laguiadepamplona.com\\\/actualidad\\\/el-avance-de-las-obras-de-la-primera-fase-del-corredor-sostenible-de-pio-xii-obliga-a-cerrar-al-trafico-el-carril-derecho-en-sentido-acceso-desde-este-lunes\\\/\"]}]},{\"@type\":\"ImageObject\",\"inLanguage\":\"es\",\"@id\":\"https:\\\/\\\/www.laguiadepamplona.com\\\/actualidad\\\/el-avance-de-las-obras-de-la-primera-fase-del-corredor-sostenible-de-pio-xii-obliga-a-cerrar-al-trafico-el-carril-derecho-en-sentido-acceso-desde-este-lunes\\\/#primaryimage\",\"url\":\"https:\\\/\\\/www.laguiadepamplona.com\\\/actualidad\\\/wp-content\\\/uploads\\\/2024\\\/11\\\/Pio-XII_calle_2_web.webp\",\"contentUrl\":\"https:\\\/\\\/www.laguiadepamplona.com\\\/actualidad\\\/wp-content\\\/uploads\\\/2024\\\/11\\\/Pio-XII_calle_2_web.webp\",\"width\":1000,\"height\":563,\"caption\":\"p\u00edo XII calle\"},{\"@type\":\"BreadcrumbList\",\"@id\":\"https:\\\/\\\/www.laguiadepamplona.com\\\/actualidad\\\/el-avance-de-las-obras-de-la-primera-fase-del-corredor-sostenible-de-pio-xii-obliga-a-cerrar-al-trafico-el-carril-derecho-en-sentido-acceso-desde-este-lunes\\\/#breadcrumb\",\"itemListElement\":[{\"@type\":\"ListItem\",\"position\":1,\"name\":\"Portada\",\"item\":\"https:\\\/\\\/www.laguiadepamplona.com\\\/actualidad\\\/\"},{\"@type\":\"ListItem\",\"position\":2,\"name\":\"El avance de las obras de la primera fase del corredor sostenible de P\u00edo XII obliga a cerrar al tr\u00e1fico el carril derecho en sentido acceso desde este lunes\"}]},{\"@type\":\"WebSite\",\"@id\":\"https:\\\/\\\/www.laguiadepamplona.com\\\/actualidad\\\/#website\",\"url\":\"https:\\\/\\\/www.laguiadepamplona.com\\\/actualidad\\\/\",\"name\":\"La gu\u00eda de Pamplona\",\"description\":\"Noticias de Pamplona\",\"publisher\":{\"@id\":\"https:\\\/\\\/www.laguiadepamplona.com\\\/actualidad\\\/#organization\"},\"potentialAction\":[{\"@type\":\"SearchAction\",\"target\":{\"@type\":\"EntryPoint\",\"urlTemplate\":\"https:\\\/\\\/www.laguiadepamplona.com\\\/actualidad\\\/?s={search_term_string}\"},\"query-input\":{\"@type\":\"PropertyValueSpecification\",\"valueRequired\":true,\"valueName\":\"search_term_string\"}}],\"inLanguage\":\"es\"},{\"@type\":\"Organization\",\"@id\":\"https:\\\/\\\/www.laguiadepamplona.com\\\/actualidad\\\/#organization\",\"name\":\"La Gu\u00eda de Pamplona \\\/ Noticias\",\"url\":\"https:\\\/\\\/www.laguiadepamplona.com\\\/actualidad\\\/\",\"logo\":{\"@type\":\"ImageObject\",\"inLanguage\":\"es\",\"@id\":\"https:\\\/\\\/www.laguiadepamplona.com\\\/actualidad\\\/#\\\/schema\\\/logo\\\/image\\\/\",\"url\":\"https:\\\/\\\/www.laguiadepamplona.com\\\/actualidad\\\/wp-content\\\/uploads\\\/2018\\\/11\\\/logo-laguiadepamplona18-web1.png\",\"contentUrl\":\"https:\\\/\\\/www.laguiadepamplona.com\\\/actualidad\\\/wp-content\\\/uploads\\\/2018\\\/11\\\/logo-laguiadepamplona18-web1.png\",\"width\":600,\"height\":196,\"caption\":\"La Gu\u00eda de Pamplona \\\/ Noticias\"},\"image\":{\"@id\":\"https:\\\/\\\/www.laguiadepamplona.com\\\/actualidad\\\/#\\\/schema\\\/logo\\\/image\\\/\"},\"sameAs\":[\"https:\\\/\\\/www.facebook.com\\\/laguiadepamplonacom-133175176762273\\\/?ref=hl\",\"https:\\\/\\\/x.com\\\/LaGuiadPamplona\",\"https:\\\/\\\/www.instagram.com\\\/la_guia_de_pamplona\\\/\",\"https:\\\/\\\/www.youtube.com\\\/user\\\/laguiadepamplona\"]},{\"@type\":\"Person\",\"@id\":\"https:\\\/\\\/www.laguiadepamplona.com\\\/actualidad\\\/#\\\/schema\\\/person\\\/efe887376f0213d4657c93adc50b1fdb\",\"name\":\"La Gu\u00eda de Pamplona\",\"image\":{\"@type\":\"ImageObject\",\"inLanguage\":\"es\",\"@id\":\"https:\\\/\\\/secure.gravatar.com\\\/avatar\\\/b6992f131dc8d30ab0dff15446e9d346d9dbd95992de0fef795073f5ea83a81c?s=96&d=mm&r=g\",\"url\":\"https:\\\/\\\/secure.gravatar.com\\\/avatar\\\/b6992f131dc8d30ab0dff15446e9d346d9dbd95992de0fef795073f5ea83a81c?s=96&d=mm&r=g\",\"contentUrl\":\"https:\\\/\\\/secure.gravatar.com\\\/avatar\\\/b6992f131dc8d30ab0dff15446e9d346d9dbd95992de0fef795073f5ea83a81c?s=96&d=mm&r=g\",\"caption\":\"La Gu\u00eda de Pamplona\"}}]}<\/script>\n<!-- \/ Yoast SEO plugin. -->","yoast_head_json":{"title":"El avance de las obras de la primera fase del corredor sostenible de P\u00edo XII obliga a cerrar al tr\u00e1fico el carril derecho en sentido acceso desde este lunes","description":"Polic\u00eda Municipal recomienda el uso del transporte p\u00fablico y la utilizaci\u00f3n de itinerarios alternativos para acceder al centro de la ciudad","robots":{"index":"index","follow":"follow","max-snippet":"max-snippet:-1","max-image-preview":"max-image-preview:large","max-video-preview":"max-video-preview:-1"},"canonical":"https:\/\/www.laguiadepamplona.com\/actualidad\/el-avance-de-las-obras-de-la-primera-fase-del-corredor-sostenible-de-pio-xii-obliga-a-cerrar-al-trafico-el-carril-derecho-en-sentido-acceso-desde-este-lunes\/","og_locale":"es_ES","og_type":"article","og_title":"El avance de las obras de la primera fase del corredor sostenible de P\u00edo XII obliga a cerrar al tr\u00e1fico el carril derecho en sentido acceso desde este lunes","og_description":"Polic\u00eda Municipal recomienda el uso del transporte p\u00fablico y la utilizaci\u00f3n de itinerarios alternativos para acceder al centro de la ciudad","og_url":"https:\/\/www.laguiadepamplona.com\/actualidad\/el-avance-de-las-obras-de-la-primera-fase-del-corredor-sostenible-de-pio-xii-obliga-a-cerrar-al-trafico-el-carril-derecho-en-sentido-acceso-desde-este-lunes\/","og_site_name":"La Gu\u00eda de Pamplona","article_publisher":"https:\/\/www.facebook.com\/laguiadepamplonacom-133175176762273\/?ref=hl","article_published_time":"2024-11-22T16:02:19+00:00","og_image":[{"width":1000,"height":563,"url":"https:\/\/www.laguiadepamplona.com\/actualidad\/wp-content\/uploads\/2024\/11\/Pio-XII_calle_2_web.webp","type":"image\/webp"}],"author":"La Gu\u00eda de Pamplona","twitter_card":"summary_large_image","twitter_creator":"@LaGuiadPamplona","twitter_site":"@LaGuiadPamplona","twitter_misc":{"Escrito por":"La Gu\u00eda de Pamplona","Tiempo de lectura":"4 minutos"},"schema":{"@context":"https:\/\/schema.org","@graph":[{"@type":"Article","@id":"https:\/\/www.laguiadepamplona.com\/actualidad\/el-avance-de-las-obras-de-la-primera-fase-del-corredor-sostenible-de-pio-xii-obliga-a-cerrar-al-trafico-el-carril-derecho-en-sentido-acceso-desde-este-lunes\/#article","isPartOf":{"@id":"https:\/\/www.laguiadepamplona.com\/actualidad\/el-avance-de-las-obras-de-la-primera-fase-del-corredor-sostenible-de-pio-xii-obliga-a-cerrar-al-trafico-el-carril-derecho-en-sentido-acceso-desde-este-lunes\/"},"author":{"name":"La Gu\u00eda de Pamplona","@id":"https:\/\/www.laguiadepamplona.com\/actualidad\/#\/schema\/person\/efe887376f0213d4657c93adc50b1fdb"},"headline":"El avance de las obras de la primera fase del corredor sostenible de P\u00edo XII obliga a cerrar al tr\u00e1fico el carril derecho en sentido acceso desde este lunes","datePublished":"2024-11-22T16:02:19+00:00","mainEntityOfPage":{"@id":"https:\/\/www.laguiadepamplona.com\/actualidad\/el-avance-de-las-obras-de-la-primera-fase-del-corredor-sostenible-de-pio-xii-obliga-a-cerrar-al-trafico-el-carril-derecho-en-sentido-acceso-desde-este-lunes\/"},"wordCount":832,"commentCount":0,"publisher":{"@id":"https:\/\/www.laguiadepamplona.com\/actualidad\/#organization"},"image":{"@id":"https:\/\/www.laguiadepamplona.com\/actualidad\/el-avance-de-las-obras-de-la-primera-fase-del-corredor-sostenible-de-pio-xii-obliga-a-cerrar-al-trafico-el-carril-derecho-en-sentido-acceso-desde-este-lunes\/#primaryimage"},"thumbnailUrl":"https:\/\/www.laguiadepamplona.com\/actualidad\/wp-content\/uploads\/2024\/11\/Pio-XII_calle_2_web.webp","articleSection":["Ayto Pamplona"],"inLanguage":"es","potentialAction":[{"@type":"CommentAction","name":"Comment","target":["https:\/\/www.laguiadepamplona.com\/actualidad\/el-avance-de-las-obras-de-la-primera-fase-del-corredor-sostenible-de-pio-xii-obliga-a-cerrar-al-trafico-el-carril-derecho-en-sentido-acceso-desde-este-lunes\/#respond"]}]},{"@type":"WebPage","@id":"https:\/\/www.laguiadepamplona.com\/actualidad\/el-avance-de-las-obras-de-la-primera-fase-del-corredor-sostenible-de-pio-xii-obliga-a-cerrar-al-trafico-el-carril-derecho-en-sentido-acceso-desde-este-lunes\/","url":"https:\/\/www.laguiadepamplona.com\/actualidad\/el-avance-de-las-obras-de-la-primera-fase-del-corredor-sostenible-de-pio-xii-obliga-a-cerrar-al-trafico-el-carril-derecho-en-sentido-acceso-desde-este-lunes\/","name":"El avance de las obras de la primera fase del corredor sostenible de P\u00edo XII obliga a cerrar al tr\u00e1fico el carril derecho en sentido acceso desde este lunes","isPartOf":{"@id":"https:\/\/www.laguiadepamplona.com\/actualidad\/#website"},"primaryImageOfPage":{"@id":"https:\/\/www.laguiadepamplona.com\/actualidad\/el-avance-de-las-obras-de-la-primera-fase-del-corredor-sostenible-de-pio-xii-obliga-a-cerrar-al-trafico-el-carril-derecho-en-sentido-acceso-desde-este-lunes\/#primaryimage"},"image":{"@id":"https:\/\/www.laguiadepamplona.com\/actualidad\/el-avance-de-las-obras-de-la-primera-fase-del-corredor-sostenible-de-pio-xii-obliga-a-cerrar-al-trafico-el-carril-derecho-en-sentido-acceso-desde-este-lunes\/#primaryimage"},"thumbnailUrl":"https:\/\/www.laguiadepamplona.com\/actualidad\/wp-content\/uploads\/2024\/11\/Pio-XII_calle_2_web.webp","datePublished":"2024-11-22T16:02:19+00:00","description":"Polic\u00eda Municipal recomienda el uso del transporte p\u00fablico y la utilizaci\u00f3n de itinerarios alternativos para acceder al centro de la ciudad","breadcrumb":{"@id":"https:\/\/www.laguiadepamplona.com\/actualidad\/el-avance-de-las-obras-de-la-primera-fase-del-corredor-sostenible-de-pio-xii-obliga-a-cerrar-al-trafico-el-carril-derecho-en-sentido-acceso-desde-este-lunes\/#breadcrumb"},"inLanguage":"es","potentialAction":[{"@type":"ReadAction","target":["https:\/\/www.laguiadepamplona.com\/actualidad\/el-avance-de-las-obras-de-la-primera-fase-del-corredor-sostenible-de-pio-xii-obliga-a-cerrar-al-trafico-el-carril-derecho-en-sentido-acceso-desde-este-lunes\/"]}]},{"@type":"ImageObject","inLanguage":"es","@id":"https:\/\/www.laguiadepamplona.com\/actualidad\/el-avance-de-las-obras-de-la-primera-fase-del-corredor-sostenible-de-pio-xii-obliga-a-cerrar-al-trafico-el-carril-derecho-en-sentido-acceso-desde-este-lunes\/#primaryimage","url":"https:\/\/www.laguiadepamplona.com\/actualidad\/wp-content\/uploads\/2024\/11\/Pio-XII_calle_2_web.webp","contentUrl":"https:\/\/www.laguiadepamplona.com\/actualidad\/wp-content\/uploads\/2024\/11\/Pio-XII_calle_2_web.webp","width":1000,"height":563,"caption":"p\u00edo XII calle"},{"@type":"BreadcrumbList","@id":"https:\/\/www.laguiadepamplona.com\/actualidad\/el-avance-de-las-obras-de-la-primera-fase-del-corredor-sostenible-de-pio-xii-obliga-a-cerrar-al-trafico-el-carril-derecho-en-sentido-acceso-desde-este-lunes\/#breadcrumb","itemListElement":[{"@type":"ListItem","position":1,"name":"Portada","item":"https:\/\/www.laguiadepamplona.com\/actualidad\/"},{"@type":"ListItem","position":2,"name":"El avance de las obras de la primera fase del corredor sostenible de P\u00edo XII obliga a cerrar al tr\u00e1fico el carril derecho en sentido acceso desde este lunes"}]},{"@type":"WebSite","@id":"https:\/\/www.laguiadepamplona.com\/actualidad\/#website","url":"https:\/\/www.laguiadepamplona.com\/actualidad\/","name":"La gu\u00eda de Pamplona","description":"Noticias de Pamplona","publisher":{"@id":"https:\/\/www.laguiadepamplona.com\/actualidad\/#organization"},"potentialAction":[{"@type":"SearchAction","target":{"@type":"EntryPoint","urlTemplate":"https:\/\/www.laguiadepamplona.com\/actualidad\/?s={search_term_string}"},"query-input":{"@type":"PropertyValueSpecification","valueRequired":true,"valueName":"search_term_string"}}],"inLanguage":"es"},{"@type":"Organization","@id":"https:\/\/www.laguiadepamplona.com\/actualidad\/#organization","name":"La Gu\u00eda de Pamplona \/ Noticias","url":"https:\/\/www.laguiadepamplona.com\/actualidad\/","logo":{"@type":"ImageObject","inLanguage":"es","@id":"https:\/\/www.laguiadepamplona.com\/actualidad\/#\/schema\/logo\/image\/","url":"https:\/\/www.laguiadepamplona.com\/actualidad\/wp-content\/uploads\/2018\/11\/logo-laguiadepamplona18-web1.png","contentUrl":"https:\/\/www.laguiadepamplona.com\/actualidad\/wp-content\/uploads\/2018\/11\/logo-laguiadepamplona18-web1.png","width":600,"height":196,"caption":"La Gu\u00eda de Pamplona \/ Noticias"},"image":{"@id":"https:\/\/www.laguiadepamplona.com\/actualidad\/#\/schema\/logo\/image\/"},"sameAs":["https:\/\/www.facebook.com\/laguiadepamplonacom-133175176762273\/?ref=hl","https:\/\/x.com\/LaGuiadPamplona","https:\/\/www.instagram.com\/la_guia_de_pamplona\/","https:\/\/www.youtube.com\/user\/laguiadepamplona"]},{"@type":"Person","@id":"https:\/\/www.laguiadepamplona.com\/actualidad\/#\/schema\/person\/efe887376f0213d4657c93adc50b1fdb","name":"La Gu\u00eda de Pamplona","image":{"@type":"ImageObject","inLanguage":"es","@id":"https:\/\/secure.gravatar.com\/avatar\/b6992f131dc8d30ab0dff15446e9d346d9dbd95992de0fef795073f5ea83a81c?s=96&d=mm&r=g","url":"https:\/\/secure.gravatar.com\/avatar\/b6992f131dc8d30ab0dff15446e9d346d9dbd95992de0fef795073f5ea83a81c?s=96&d=mm&r=g","contentUrl":"https:\/\/secure.gravatar.com\/avatar\/b6992f131dc8d30ab0dff15446e9d346d9dbd95992de0fef795073f5ea83a81c?s=96&d=mm&r=g","caption":"La Gu\u00eda de Pamplona"}}]}},"post_mailing_queue_ids":[],"_links":{"self":[{"href":"https:\/\/www.laguiadepamplona.com\/actualidad\/wp-json\/wp\/v2\/posts\/51423","targetHints":{"allow":["GET"]}}],"collection":[{"href":"https:\/\/www.laguiadepamplona.com\/actualidad\/wp-json\/wp\/v2\/posts"}],"about":[{"href":"https:\/\/www.laguiadepamplona.com\/actualidad\/wp-json\/wp\/v2\/types\/post"}],"author":[{"embeddable":true,"href":"https:\/\/www.laguiadepamplona.com\/actualidad\/wp-json\/wp\/v2\/users\/1"}],"replies":[{"embeddable":true,"href":"https:\/\/www.laguiadepamplona.com\/actualidad\/wp-json\/wp\/v2\/comments?post=51423"}],"version-history":[{"count":1,"href":"https:\/\/www.laguiadepamplona.com\/actualidad\/wp-json\/wp\/v2\/posts\/51423\/revisions"}],"predecessor-version":[{"id":51425,"href":"https:\/\/www.laguiadepamplona.com\/actualidad\/wp-json\/wp\/v2\/posts\/51423\/revisions\/51425"}],"wp:featuredmedia":[{"embeddable":true,"href":"https:\/\/www.laguiadepamplona.com\/actualidad\/wp-json\/wp\/v2\/media\/51424"}],"wp:attachment":[{"href":"https:\/\/www.laguiadepamplona.com\/actualidad\/wp-json\/wp\/v2\/media?parent=51423"}],"wp:term":[{"taxonomy":"category","embeddable":true,"href":"https:\/\/www.laguiadepamplona.com\/actualidad\/wp-json\/wp\/v2\/categories?post=51423"},{"taxonomy":"post_tag","embeddable":true,"href":"https:\/\/www.laguiadepamplona.com\/actualidad\/wp-json\/wp\/v2\/tags?post=51423"}],"curies":[{"name":"wp","href":"https:\/\/api.w.org\/{rel}","templated":true}]}}