{"id":51419,"date":"2024-11-22T13:55:20","date_gmt":"2024-11-22T11:55:20","guid":{"rendered":"https:\/\/www.laguiadepamplona.com\/actualidad\/?p=51419"},"modified":"2024-11-22T13:55:20","modified_gmt":"2024-11-22T11:55:20","slug":"la-casa-de-la-juventud-ofrece-930-plazas-para-cursos-y-talleres-durante-el-primer-trimestre-de-2025","status":"publish","type":"post","link":"https:\/\/www.laguiadepamplona.com\/actualidad\/la-casa-de-la-juventud-ofrece-930-plazas-para-cursos-y-talleres-durante-el-primer-trimestre-de-2025\/","title":{"rendered":"La Casa de la Juventud ofrece 930 plazas para cursos y talleres durante el primer trimestre de 2025"},"content":{"rendered":"<h2>Este lunes se abre el plazo de inscripci\u00f3n para estas actividades, que incluyen actividades deportivas, ocio, cultura, desarrollo personal e inform\u00e1tica<\/h2>\n<p><!--more--><\/p>\n<p>La Casa de la Juventud ha programado para el primer trimestre de 2025 un total de 36 cursos y 12 talleres gratuitos, de \u00e1mbitos tan dispares como el deporte, la danza, el bienestar, la cultura y la inform\u00e1tica, entre otros. En total, se ofertan 930 plazas, dirigidas a j\u00f3venes de entre 14 y 30 a\u00f1os. Este lunes se abre el plazo de inscripci\u00f3n para las personas empadronadas en Pamplona o estudiantes en centros educativos de la ciudad. Y a partir del 2 de diciembre se ampliar\u00e1 esta horquilla, a quienes no residan en Pamplona y tengan de 31 a 35 a\u00f1os, siempre y cuando queden plazas libres. En todos los casos el plazo de inscripci\u00f3n finaliza el 5 de enero.<\/p>\n<p>Las inscripciones deber\u00e1n realizarse en la propia Casa de la Juventud, ubicada en la calle Sang\u00fcesa, n\u00famero 30. Para ello ser\u00e1 necesario acudir de lunes a viernes de 9 a 14 horas y de 16 a 21 horas; s\u00e1bados de 10 a 14 horas y de 17 a 21 horas y domingos de 10 a 14 horas. Las personas interesadas deber\u00e1n llevar su DNI y abonar el importe de los cursos, que var\u00eda entre los 5,5 y los 46,5 euros, en funci\u00f3n de la actividad elegida, el n\u00famero de horas y la edad de la persona que se inscribe. De hecho, los menores de 14 a 17 a\u00f1os tienen un precio especial.<\/p>\n<p>Entre las novedades de este invierno, destaca un curso de fotograf\u00eda creativa, otro de edici\u00f3n de fotos con Photopea, una formaci\u00f3n en la t\u00e9cnica del collage, adem\u00e1s de un curso de comercial dance y otro de K-Pop.<\/p>\n<p>Como en ocasiones anteriores, la programaci\u00f3n gira en torno a cinco \u00e1reas diferentes: actividades deportivas; danza y expresi\u00f3n; est\u00e9tica y bienestar; cursos culturales y de desarrollo personal y profesional; y talleres gratuitos de inform\u00e1tica. Con este abanico formativo, el Ayuntamiento pretende promocionar la actividad f\u00edsica y l\u00fadica como fuente de bienestar personal o formar a la juventud en habilidades que les sean \u00fatiles para su d\u00eda a d\u00eda. Las actividades que se desarrollen de lunes a viernes se llevar\u00e1n a cabo en horario de tarde. Por su parte, aquellas programadas para los s\u00e1bados ser\u00e1n en horario de ma\u00f1ana.<\/p>\n<p>En concreto, este invierno la juventud podr\u00e1 elegir entre diferentes tipos de baile. Habr\u00e1 danza del vientre (iniciaci\u00f3n), afrodance, bailes latinos I y II, hip-hop, dancehall, a los que se suman ahora K-Pop y comercial dance, esta \u00faltima tanto en castellano como en euskera. Tambi\u00e9n se impartir\u00e1n diferentes actividades deportivas como GAP, zumba fitness, hipopresivos + core, box fitness, tonopump, entrenamiento funcional y cross training (iniciaci\u00f3n).<\/p>\n<p>Adem\u00e1s, podr\u00e1 optarse por otros cursos como pueden ser Dise\u00f1o de moda: transforma, corta y cose; Yoga; Fotograf\u00eda Creativa; Teatro; Maquillaje y Est\u00e9tica; Dibujo con carboncillo; Taller de escritura y creaci\u00f3n dram\u00e1tica; Cocina de Invierno: Tiempo de setas, verduras y guisos; Edici\u00f3n de fotos con Photopea; Collage: Transforma la realidad; Talla de Madera; Plantas Medicinales de invierno; Taller de Ilustraci\u00f3n en acuarela para principiantes; Taller de cer\u00e1mica de secado al aire; y Pilates. Estas dos \u00faltimas actividades se impartir\u00e1n tanto en castellano como en euskera.<\/p>\n<p>A toda esta programaci\u00f3n hay que a\u00f1adir la oferta de talleres gratuitos de inform\u00e1tica y los talleres gratuitos de psicolog\u00eda y bienestar personal.<\/p>\n<p><strong>Fotograf\u00eda, collage y bailes<\/strong><\/p>\n<p>Entre las novedades de la programaci\u00f3n del primer trimestre del a\u00f1o, se encuentra el curso de fotograf\u00eda creativa, que se compone de seis sesiones de dos horas de duraci\u00f3n cada una. En este curso, se aprender\u00e1 a manejar la c\u00e1mara, as\u00ed como diferentes t\u00e9cnicas como el light-painting, zooming o strobist&#8230; El curso busca que el alumnado aprenda a usar sus c\u00e1maras fotogr\u00e1ficas aprovechando todas sus funciones y posibilidades. Esto les permitir\u00e1 explotar las posibilidades creativas y expresivas que les ofrece la c\u00e1mara. El curso se desarrollar\u00e1 mediante sesiones te\u00f3rico-pr\u00e1cticas en las que se trabajar\u00e1 sobre contenidos te\u00f3ricos de la composici\u00f3n en fotograf\u00eda de forma que se desarrolle la creatividad, al mismo tiempo que se realizar\u00e1n ejercicios pr\u00e1cticos. El \u00fanico requisito para este curso es tener una c\u00e1mara de fotos.<\/p>\n<p>Siguiendo en esa l\u00ednea de la fotograf\u00eda, la Casa de la Juventud ofertar\u00e1 un curso de edici\u00f3n de fotos con Photopea. Esta actividad se desarrollar\u00e1 en dos sesiones de tres horas cada una, y permitir\u00e1 conocer el programa Photopea, un editor gratuito en l\u00ednea similar a Photoshop, para realizar retoques, dise\u00f1o web y conversi\u00f3n de formatos.<\/p>\n<p>Dentro de la propuesta cultural, como novedad, la programaci\u00f3n incluye un curso de collage; una t\u00e9cnica art\u00edstica que se basa en ensamblar diversas piezas o materiales sobre una superficie para crear una composici\u00f3n visual armoniosa. En esta t\u00e9cnica se puede combinar una amplia gama de materiales como fotograf\u00edas, ilustraciones, recortes de peri\u00f3dicos, objetos cotidianos, madera, piel, entre otros. El taller consta de 12 sesiones de 2 horas cada una. Durante el curso, aprender\u00e1n a combinar formas, colores, texturas y tipograf\u00edas de manera efectiva, adquiriendo las herramientas necesarias para dominar esta t\u00e9cnica.<\/p>\n<p>La oferta de actividades de danza y expresi\u00f3n se completa en esta nueva edici\u00f3n con dos propuestas nuevas. Por un lado, se ofrece un curso de comercial dance, tanto en castellano como en euskera. Se trata de una modalidad de baile urbano orientado a la industria musical pop y a los grandes espect\u00e1culos. Se denomina as\u00ed porque es un estilo de baile que engloba las coreograf\u00edas que se crean para artistas pop en sus videoclips y conciertos, por lo que es una mezcla de estilos de danza que se ponen al servicio del artista. Por otro, se oferta tambi\u00e9n K-Pop, g\u00e9nero musical surgido en Corea del Sur, que incluye diversos estilos como la m\u00fasica dance electr\u00f3nica, hip-hop, rap, rock, R&amp;B, etc. En las sesiones se trabajar\u00e1n habilidades como la coordinaci\u00f3n, el o\u00eddo y el sentido del ritmo, adem\u00e1s de trabajar en destrezas motrices, gestos teatrales y expresi\u00f3n corporal.<\/p>\n<p>&nbsp;<\/p>\n<h3>Cursos y Talleres Casa de la Juventud. Primer Trimestre de 2025<\/h3>\n<ul>\n<li>Oferta completa de cursos:\n<ul>\n<li><a href=\"https:\/\/www.pamplonajoven.es\/casa-de-la-juventud\/cursos\/\" target=\"_blank\" rel=\"noopener\">https:\/\/www.pamplonajoven.es\/casa-de-la-juventud\/cursos\/<\/a><\/li>\n<\/ul>\n<\/li>\n<li>Plazas: 930<\/li>\n<li>Inscripci\u00f3n:\n<ul>\n<li>A partir del 25 de noviembre para las personas de 14 a 30 a\u00f1os empadronadas en Pamplona o que estudian en centros educativos de la ciudad.<\/li>\n<li>A partir del 2 de diciembre: para personas de 31 a 35 a\u00f1os y aquellas personas que no est\u00e9n empadronadas en Pamplona ni estudien aqu\u00ed.<\/li>\n<\/ul>\n<\/li>\n<li>D\u00f3nde: en la propia Casa de la Juventud, ubicada en la calle Sang\u00fcesa, n\u00famero 30.\n<ul>\n<li>De lunes a viernes, de 9 a 14 horas y de 16 a 21 horas;<\/li>\n<li>S\u00e1bados, de 10 a 14 horas y de 17 a 21 horas<\/li>\n<li>Domingos, de 10 a 14 horas<\/li>\n<\/ul>\n<\/li>\n<\/ul>\n","protected":false},"excerpt":{"rendered":"<p>Este lunes se abre el plazo de inscripci\u00f3n para estas actividades, que incluyen actividades deportivas, ocio, cultura, desarrollo personal e inform\u00e1tica<\/p>\n","protected":false},"author":1,"featured_media":51420,"comment_status":"open","ping_status":"closed","sticky":false,"template":"","format":"standard","meta":{"footnotes":""},"categories":[2],"tags":[],"class_list":["post-51419","post","type-post","status-publish","format-standard","has-post-thumbnail","hentry","category-ayuntamiento-pamplona"],"yoast_head":"<!-- This site is optimized with the Yoast SEO plugin v27.3 - https:\/\/yoast.com\/product\/yoast-seo-wordpress\/ -->\n<title>La Casa de la Juventud ofrece 930 plazas para cursos y talleres durante el primer trimestre de 2025<\/title>\n<meta name=\"description\" content=\"Este lunes se abre el plazo de inscripci\u00f3n para estas actividades, que incluyen actividades deportivas, ocio, cultura, desarrollo personal\" \/>\n<meta name=\"robots\" content=\"index, follow, max-snippet:-1, max-image-preview:large, max-video-preview:-1\" \/>\n<link rel=\"canonical\" href=\"https:\/\/www.laguiadepamplona.com\/actualidad\/la-casa-de-la-juventud-ofrece-930-plazas-para-cursos-y-talleres-durante-el-primer-trimestre-de-2025\/\" \/>\n<meta property=\"og:locale\" content=\"es_ES\" \/>\n<meta property=\"og:type\" content=\"article\" \/>\n<meta property=\"og:title\" content=\"La Casa de la Juventud ofrece 930 plazas para cursos y talleres durante el primer trimestre de 2025\" \/>\n<meta property=\"og:description\" content=\"Este lunes se abre el plazo de inscripci\u00f3n para estas actividades, que incluyen actividades deportivas, ocio, cultura, desarrollo personal\" \/>\n<meta property=\"og:url\" content=\"https:\/\/www.laguiadepamplona.com\/actualidad\/la-casa-de-la-juventud-ofrece-930-plazas-para-cursos-y-talleres-durante-el-primer-trimestre-de-2025\/\" \/>\n<meta property=\"og:site_name\" content=\"La Gu\u00eda de Pamplona\" \/>\n<meta property=\"article:publisher\" content=\"https:\/\/www.facebook.com\/laguiadepamplonacom-133175176762273\/?ref=hl\" \/>\n<meta property=\"article:published_time\" content=\"2024-11-22T11:55:20+00:00\" \/>\n<meta property=\"og:image\" content=\"https:\/\/www.laguiadepamplona.com\/actualidad\/wp-content\/uploads\/2024\/11\/POST-PROGRAMACION-INVIERNO-2025_Pagina_01.webp\" \/>\n\t<meta property=\"og:image:width\" content=\"1000\" \/>\n\t<meta property=\"og:image:height\" content=\"1000\" \/>\n\t<meta property=\"og:image:type\" content=\"image\/webp\" \/>\n<meta name=\"author\" content=\"La Gu\u00eda de Pamplona\" \/>\n<meta name=\"twitter:card\" content=\"summary_large_image\" \/>\n<meta name=\"twitter:creator\" content=\"@LaGuiadPamplona\" \/>\n<meta name=\"twitter:site\" content=\"@LaGuiadPamplona\" \/>\n<meta name=\"twitter:label1\" content=\"Escrito por\" \/>\n\t<meta name=\"twitter:data1\" content=\"La Gu\u00eda de Pamplona\" \/>\n\t<meta name=\"twitter:label2\" content=\"Tiempo de lectura\" \/>\n\t<meta name=\"twitter:data2\" content=\"6 minutos\" \/>\n<script type=\"application\/ld+json\" class=\"yoast-schema-graph\">{\"@context\":\"https:\\\/\\\/schema.org\",\"@graph\":[{\"@type\":\"Article\",\"@id\":\"https:\\\/\\\/www.laguiadepamplona.com\\\/actualidad\\\/la-casa-de-la-juventud-ofrece-930-plazas-para-cursos-y-talleres-durante-el-primer-trimestre-de-2025\\\/#article\",\"isPartOf\":{\"@id\":\"https:\\\/\\\/www.laguiadepamplona.com\\\/actualidad\\\/la-casa-de-la-juventud-ofrece-930-plazas-para-cursos-y-talleres-durante-el-primer-trimestre-de-2025\\\/\"},\"author\":{\"name\":\"La Gu\u00eda de Pamplona\",\"@id\":\"https:\\\/\\\/www.laguiadepamplona.com\\\/actualidad\\\/#\\\/schema\\\/person\\\/efe887376f0213d4657c93adc50b1fdb\"},\"headline\":\"La Casa de la Juventud ofrece 930 plazas para cursos y talleres durante el primer trimestre de 2025\",\"datePublished\":\"2024-11-22T11:55:20+00:00\",\"mainEntityOfPage\":{\"@id\":\"https:\\\/\\\/www.laguiadepamplona.com\\\/actualidad\\\/la-casa-de-la-juventud-ofrece-930-plazas-para-cursos-y-talleres-durante-el-primer-trimestre-de-2025\\\/\"},\"wordCount\":1192,\"commentCount\":0,\"publisher\":{\"@id\":\"https:\\\/\\\/www.laguiadepamplona.com\\\/actualidad\\\/#organization\"},\"image\":{\"@id\":\"https:\\\/\\\/www.laguiadepamplona.com\\\/actualidad\\\/la-casa-de-la-juventud-ofrece-930-plazas-para-cursos-y-talleres-durante-el-primer-trimestre-de-2025\\\/#primaryimage\"},\"thumbnailUrl\":\"https:\\\/\\\/www.laguiadepamplona.com\\\/actualidad\\\/wp-content\\\/uploads\\\/2024\\\/11\\\/POST-PROGRAMACION-INVIERNO-2025_Pagina_01.webp\",\"articleSection\":[\"Ayto Pamplona\"],\"inLanguage\":\"es\",\"potentialAction\":[{\"@type\":\"CommentAction\",\"name\":\"Comment\",\"target\":[\"https:\\\/\\\/www.laguiadepamplona.com\\\/actualidad\\\/la-casa-de-la-juventud-ofrece-930-plazas-para-cursos-y-talleres-durante-el-primer-trimestre-de-2025\\\/#respond\"]}]},{\"@type\":\"WebPage\",\"@id\":\"https:\\\/\\\/www.laguiadepamplona.com\\\/actualidad\\\/la-casa-de-la-juventud-ofrece-930-plazas-para-cursos-y-talleres-durante-el-primer-trimestre-de-2025\\\/\",\"url\":\"https:\\\/\\\/www.laguiadepamplona.com\\\/actualidad\\\/la-casa-de-la-juventud-ofrece-930-plazas-para-cursos-y-talleres-durante-el-primer-trimestre-de-2025\\\/\",\"name\":\"La Casa de la Juventud ofrece 930 plazas para cursos y talleres durante el primer trimestre de 2025\",\"isPartOf\":{\"@id\":\"https:\\\/\\\/www.laguiadepamplona.com\\\/actualidad\\\/#website\"},\"primaryImageOfPage\":{\"@id\":\"https:\\\/\\\/www.laguiadepamplona.com\\\/actualidad\\\/la-casa-de-la-juventud-ofrece-930-plazas-para-cursos-y-talleres-durante-el-primer-trimestre-de-2025\\\/#primaryimage\"},\"image\":{\"@id\":\"https:\\\/\\\/www.laguiadepamplona.com\\\/actualidad\\\/la-casa-de-la-juventud-ofrece-930-plazas-para-cursos-y-talleres-durante-el-primer-trimestre-de-2025\\\/#primaryimage\"},\"thumbnailUrl\":\"https:\\\/\\\/www.laguiadepamplona.com\\\/actualidad\\\/wp-content\\\/uploads\\\/2024\\\/11\\\/POST-PROGRAMACION-INVIERNO-2025_Pagina_01.webp\",\"datePublished\":\"2024-11-22T11:55:20+00:00\",\"description\":\"Este lunes se abre el plazo de inscripci\u00f3n para estas actividades, que incluyen actividades deportivas, ocio, cultura, desarrollo personal\",\"breadcrumb\":{\"@id\":\"https:\\\/\\\/www.laguiadepamplona.com\\\/actualidad\\\/la-casa-de-la-juventud-ofrece-930-plazas-para-cursos-y-talleres-durante-el-primer-trimestre-de-2025\\\/#breadcrumb\"},\"inLanguage\":\"es\",\"potentialAction\":[{\"@type\":\"ReadAction\",\"target\":[\"https:\\\/\\\/www.laguiadepamplona.com\\\/actualidad\\\/la-casa-de-la-juventud-ofrece-930-plazas-para-cursos-y-talleres-durante-el-primer-trimestre-de-2025\\\/\"]}]},{\"@type\":\"ImageObject\",\"inLanguage\":\"es\",\"@id\":\"https:\\\/\\\/www.laguiadepamplona.com\\\/actualidad\\\/la-casa-de-la-juventud-ofrece-930-plazas-para-cursos-y-talleres-durante-el-primer-trimestre-de-2025\\\/#primaryimage\",\"url\":\"https:\\\/\\\/www.laguiadepamplona.com\\\/actualidad\\\/wp-content\\\/uploads\\\/2024\\\/11\\\/POST-PROGRAMACION-INVIERNO-2025_Pagina_01.webp\",\"contentUrl\":\"https:\\\/\\\/www.laguiadepamplona.com\\\/actualidad\\\/wp-content\\\/uploads\\\/2024\\\/11\\\/POST-PROGRAMACION-INVIERNO-2025_Pagina_01.webp\",\"width\":1000,\"height\":1000,\"caption\":\"programaci\u00f3n invierno\"},{\"@type\":\"BreadcrumbList\",\"@id\":\"https:\\\/\\\/www.laguiadepamplona.com\\\/actualidad\\\/la-casa-de-la-juventud-ofrece-930-plazas-para-cursos-y-talleres-durante-el-primer-trimestre-de-2025\\\/#breadcrumb\",\"itemListElement\":[{\"@type\":\"ListItem\",\"position\":1,\"name\":\"Portada\",\"item\":\"https:\\\/\\\/www.laguiadepamplona.com\\\/actualidad\\\/\"},{\"@type\":\"ListItem\",\"position\":2,\"name\":\"La Casa de la Juventud ofrece 930 plazas para cursos y talleres durante el primer trimestre de 2025\"}]},{\"@type\":\"WebSite\",\"@id\":\"https:\\\/\\\/www.laguiadepamplona.com\\\/actualidad\\\/#website\",\"url\":\"https:\\\/\\\/www.laguiadepamplona.com\\\/actualidad\\\/\",\"name\":\"La gu\u00eda de Pamplona\",\"description\":\"Noticias de Pamplona\",\"publisher\":{\"@id\":\"https:\\\/\\\/www.laguiadepamplona.com\\\/actualidad\\\/#organization\"},\"potentialAction\":[{\"@type\":\"SearchAction\",\"target\":{\"@type\":\"EntryPoint\",\"urlTemplate\":\"https:\\\/\\\/www.laguiadepamplona.com\\\/actualidad\\\/?s={search_term_string}\"},\"query-input\":{\"@type\":\"PropertyValueSpecification\",\"valueRequired\":true,\"valueName\":\"search_term_string\"}}],\"inLanguage\":\"es\"},{\"@type\":\"Organization\",\"@id\":\"https:\\\/\\\/www.laguiadepamplona.com\\\/actualidad\\\/#organization\",\"name\":\"La Gu\u00eda de Pamplona \\\/ Noticias\",\"url\":\"https:\\\/\\\/www.laguiadepamplona.com\\\/actualidad\\\/\",\"logo\":{\"@type\":\"ImageObject\",\"inLanguage\":\"es\",\"@id\":\"https:\\\/\\\/www.laguiadepamplona.com\\\/actualidad\\\/#\\\/schema\\\/logo\\\/image\\\/\",\"url\":\"https:\\\/\\\/www.laguiadepamplona.com\\\/actualidad\\\/wp-content\\\/uploads\\\/2018\\\/11\\\/logo-laguiadepamplona18-web1.png\",\"contentUrl\":\"https:\\\/\\\/www.laguiadepamplona.com\\\/actualidad\\\/wp-content\\\/uploads\\\/2018\\\/11\\\/logo-laguiadepamplona18-web1.png\",\"width\":600,\"height\":196,\"caption\":\"La Gu\u00eda de Pamplona \\\/ Noticias\"},\"image\":{\"@id\":\"https:\\\/\\\/www.laguiadepamplona.com\\\/actualidad\\\/#\\\/schema\\\/logo\\\/image\\\/\"},\"sameAs\":[\"https:\\\/\\\/www.facebook.com\\\/laguiadepamplonacom-133175176762273\\\/?ref=hl\",\"https:\\\/\\\/x.com\\\/LaGuiadPamplona\",\"https:\\\/\\\/www.instagram.com\\\/la_guia_de_pamplona\\\/\",\"https:\\\/\\\/www.youtube.com\\\/user\\\/laguiadepamplona\"]},{\"@type\":\"Person\",\"@id\":\"https:\\\/\\\/www.laguiadepamplona.com\\\/actualidad\\\/#\\\/schema\\\/person\\\/efe887376f0213d4657c93adc50b1fdb\",\"name\":\"La Gu\u00eda de Pamplona\",\"image\":{\"@type\":\"ImageObject\",\"inLanguage\":\"es\",\"@id\":\"https:\\\/\\\/secure.gravatar.com\\\/avatar\\\/b6992f131dc8d30ab0dff15446e9d346d9dbd95992de0fef795073f5ea83a81c?s=96&d=mm&r=g\",\"url\":\"https:\\\/\\\/secure.gravatar.com\\\/avatar\\\/b6992f131dc8d30ab0dff15446e9d346d9dbd95992de0fef795073f5ea83a81c?s=96&d=mm&r=g\",\"contentUrl\":\"https:\\\/\\\/secure.gravatar.com\\\/avatar\\\/b6992f131dc8d30ab0dff15446e9d346d9dbd95992de0fef795073f5ea83a81c?s=96&d=mm&r=g\",\"caption\":\"La Gu\u00eda de Pamplona\"}}]}<\/script>\n<!-- \/ Yoast SEO plugin. -->","yoast_head_json":{"title":"La Casa de la Juventud ofrece 930 plazas para cursos y talleres durante el primer trimestre de 2025","description":"Este lunes se abre el plazo de inscripci\u00f3n para estas actividades, que incluyen actividades deportivas, ocio, cultura, desarrollo personal","robots":{"index":"index","follow":"follow","max-snippet":"max-snippet:-1","max-image-preview":"max-image-preview:large","max-video-preview":"max-video-preview:-1"},"canonical":"https:\/\/www.laguiadepamplona.com\/actualidad\/la-casa-de-la-juventud-ofrece-930-plazas-para-cursos-y-talleres-durante-el-primer-trimestre-de-2025\/","og_locale":"es_ES","og_type":"article","og_title":"La Casa de la Juventud ofrece 930 plazas para cursos y talleres durante el primer trimestre de 2025","og_description":"Este lunes se abre el plazo de inscripci\u00f3n para estas actividades, que incluyen actividades deportivas, ocio, cultura, desarrollo personal","og_url":"https:\/\/www.laguiadepamplona.com\/actualidad\/la-casa-de-la-juventud-ofrece-930-plazas-para-cursos-y-talleres-durante-el-primer-trimestre-de-2025\/","og_site_name":"La Gu\u00eda de Pamplona","article_publisher":"https:\/\/www.facebook.com\/laguiadepamplonacom-133175176762273\/?ref=hl","article_published_time":"2024-11-22T11:55:20+00:00","og_image":[{"width":1000,"height":1000,"url":"https:\/\/www.laguiadepamplona.com\/actualidad\/wp-content\/uploads\/2024\/11\/POST-PROGRAMACION-INVIERNO-2025_Pagina_01.webp","type":"image\/webp"}],"author":"La Gu\u00eda de Pamplona","twitter_card":"summary_large_image","twitter_creator":"@LaGuiadPamplona","twitter_site":"@LaGuiadPamplona","twitter_misc":{"Escrito por":"La Gu\u00eda de Pamplona","Tiempo de lectura":"6 minutos"},"schema":{"@context":"https:\/\/schema.org","@graph":[{"@type":"Article","@id":"https:\/\/www.laguiadepamplona.com\/actualidad\/la-casa-de-la-juventud-ofrece-930-plazas-para-cursos-y-talleres-durante-el-primer-trimestre-de-2025\/#article","isPartOf":{"@id":"https:\/\/www.laguiadepamplona.com\/actualidad\/la-casa-de-la-juventud-ofrece-930-plazas-para-cursos-y-talleres-durante-el-primer-trimestre-de-2025\/"},"author":{"name":"La Gu\u00eda de Pamplona","@id":"https:\/\/www.laguiadepamplona.com\/actualidad\/#\/schema\/person\/efe887376f0213d4657c93adc50b1fdb"},"headline":"La Casa de la Juventud ofrece 930 plazas para cursos y talleres durante el primer trimestre de 2025","datePublished":"2024-11-22T11:55:20+00:00","mainEntityOfPage":{"@id":"https:\/\/www.laguiadepamplona.com\/actualidad\/la-casa-de-la-juventud-ofrece-930-plazas-para-cursos-y-talleres-durante-el-primer-trimestre-de-2025\/"},"wordCount":1192,"commentCount":0,"publisher":{"@id":"https:\/\/www.laguiadepamplona.com\/actualidad\/#organization"},"image":{"@id":"https:\/\/www.laguiadepamplona.com\/actualidad\/la-casa-de-la-juventud-ofrece-930-plazas-para-cursos-y-talleres-durante-el-primer-trimestre-de-2025\/#primaryimage"},"thumbnailUrl":"https:\/\/www.laguiadepamplona.com\/actualidad\/wp-content\/uploads\/2024\/11\/POST-PROGRAMACION-INVIERNO-2025_Pagina_01.webp","articleSection":["Ayto Pamplona"],"inLanguage":"es","potentialAction":[{"@type":"CommentAction","name":"Comment","target":["https:\/\/www.laguiadepamplona.com\/actualidad\/la-casa-de-la-juventud-ofrece-930-plazas-para-cursos-y-talleres-durante-el-primer-trimestre-de-2025\/#respond"]}]},{"@type":"WebPage","@id":"https:\/\/www.laguiadepamplona.com\/actualidad\/la-casa-de-la-juventud-ofrece-930-plazas-para-cursos-y-talleres-durante-el-primer-trimestre-de-2025\/","url":"https:\/\/www.laguiadepamplona.com\/actualidad\/la-casa-de-la-juventud-ofrece-930-plazas-para-cursos-y-talleres-durante-el-primer-trimestre-de-2025\/","name":"La Casa de la Juventud ofrece 930 plazas para cursos y talleres durante el primer trimestre de 2025","isPartOf":{"@id":"https:\/\/www.laguiadepamplona.com\/actualidad\/#website"},"primaryImageOfPage":{"@id":"https:\/\/www.laguiadepamplona.com\/actualidad\/la-casa-de-la-juventud-ofrece-930-plazas-para-cursos-y-talleres-durante-el-primer-trimestre-de-2025\/#primaryimage"},"image":{"@id":"https:\/\/www.laguiadepamplona.com\/actualidad\/la-casa-de-la-juventud-ofrece-930-plazas-para-cursos-y-talleres-durante-el-primer-trimestre-de-2025\/#primaryimage"},"thumbnailUrl":"https:\/\/www.laguiadepamplona.com\/actualidad\/wp-content\/uploads\/2024\/11\/POST-PROGRAMACION-INVIERNO-2025_Pagina_01.webp","datePublished":"2024-11-22T11:55:20+00:00","description":"Este lunes se abre el plazo de inscripci\u00f3n para estas actividades, que incluyen actividades deportivas, ocio, cultura, desarrollo personal","breadcrumb":{"@id":"https:\/\/www.laguiadepamplona.com\/actualidad\/la-casa-de-la-juventud-ofrece-930-plazas-para-cursos-y-talleres-durante-el-primer-trimestre-de-2025\/#breadcrumb"},"inLanguage":"es","potentialAction":[{"@type":"ReadAction","target":["https:\/\/www.laguiadepamplona.com\/actualidad\/la-casa-de-la-juventud-ofrece-930-plazas-para-cursos-y-talleres-durante-el-primer-trimestre-de-2025\/"]}]},{"@type":"ImageObject","inLanguage":"es","@id":"https:\/\/www.laguiadepamplona.com\/actualidad\/la-casa-de-la-juventud-ofrece-930-plazas-para-cursos-y-talleres-durante-el-primer-trimestre-de-2025\/#primaryimage","url":"https:\/\/www.laguiadepamplona.com\/actualidad\/wp-content\/uploads\/2024\/11\/POST-PROGRAMACION-INVIERNO-2025_Pagina_01.webp","contentUrl":"https:\/\/www.laguiadepamplona.com\/actualidad\/wp-content\/uploads\/2024\/11\/POST-PROGRAMACION-INVIERNO-2025_Pagina_01.webp","width":1000,"height":1000,"caption":"programaci\u00f3n invierno"},{"@type":"BreadcrumbList","@id":"https:\/\/www.laguiadepamplona.com\/actualidad\/la-casa-de-la-juventud-ofrece-930-plazas-para-cursos-y-talleres-durante-el-primer-trimestre-de-2025\/#breadcrumb","itemListElement":[{"@type":"ListItem","position":1,"name":"Portada","item":"https:\/\/www.laguiadepamplona.com\/actualidad\/"},{"@type":"ListItem","position":2,"name":"La Casa de la Juventud ofrece 930 plazas para cursos y talleres durante el primer trimestre de 2025"}]},{"@type":"WebSite","@id":"https:\/\/www.laguiadepamplona.com\/actualidad\/#website","url":"https:\/\/www.laguiadepamplona.com\/actualidad\/","name":"La gu\u00eda de Pamplona","description":"Noticias de Pamplona","publisher":{"@id":"https:\/\/www.laguiadepamplona.com\/actualidad\/#organization"},"potentialAction":[{"@type":"SearchAction","target":{"@type":"EntryPoint","urlTemplate":"https:\/\/www.laguiadepamplona.com\/actualidad\/?s={search_term_string}"},"query-input":{"@type":"PropertyValueSpecification","valueRequired":true,"valueName":"search_term_string"}}],"inLanguage":"es"},{"@type":"Organization","@id":"https:\/\/www.laguiadepamplona.com\/actualidad\/#organization","name":"La Gu\u00eda de Pamplona \/ Noticias","url":"https:\/\/www.laguiadepamplona.com\/actualidad\/","logo":{"@type":"ImageObject","inLanguage":"es","@id":"https:\/\/www.laguiadepamplona.com\/actualidad\/#\/schema\/logo\/image\/","url":"https:\/\/www.laguiadepamplona.com\/actualidad\/wp-content\/uploads\/2018\/11\/logo-laguiadepamplona18-web1.png","contentUrl":"https:\/\/www.laguiadepamplona.com\/actualidad\/wp-content\/uploads\/2018\/11\/logo-laguiadepamplona18-web1.png","width":600,"height":196,"caption":"La Gu\u00eda de Pamplona \/ Noticias"},"image":{"@id":"https:\/\/www.laguiadepamplona.com\/actualidad\/#\/schema\/logo\/image\/"},"sameAs":["https:\/\/www.facebook.com\/laguiadepamplonacom-133175176762273\/?ref=hl","https:\/\/x.com\/LaGuiadPamplona","https:\/\/www.instagram.com\/la_guia_de_pamplona\/","https:\/\/www.youtube.com\/user\/laguiadepamplona"]},{"@type":"Person","@id":"https:\/\/www.laguiadepamplona.com\/actualidad\/#\/schema\/person\/efe887376f0213d4657c93adc50b1fdb","name":"La Gu\u00eda de Pamplona","image":{"@type":"ImageObject","inLanguage":"es","@id":"https:\/\/secure.gravatar.com\/avatar\/b6992f131dc8d30ab0dff15446e9d346d9dbd95992de0fef795073f5ea83a81c?s=96&d=mm&r=g","url":"https:\/\/secure.gravatar.com\/avatar\/b6992f131dc8d30ab0dff15446e9d346d9dbd95992de0fef795073f5ea83a81c?s=96&d=mm&r=g","contentUrl":"https:\/\/secure.gravatar.com\/avatar\/b6992f131dc8d30ab0dff15446e9d346d9dbd95992de0fef795073f5ea83a81c?s=96&d=mm&r=g","caption":"La Gu\u00eda de Pamplona"}}]}},"post_mailing_queue_ids":[],"_links":{"self":[{"href":"https:\/\/www.laguiadepamplona.com\/actualidad\/wp-json\/wp\/v2\/posts\/51419","targetHints":{"allow":["GET"]}}],"collection":[{"href":"https:\/\/www.laguiadepamplona.com\/actualidad\/wp-json\/wp\/v2\/posts"}],"about":[{"href":"https:\/\/www.laguiadepamplona.com\/actualidad\/wp-json\/wp\/v2\/types\/post"}],"author":[{"embeddable":true,"href":"https:\/\/www.laguiadepamplona.com\/actualidad\/wp-json\/wp\/v2\/users\/1"}],"replies":[{"embeddable":true,"href":"https:\/\/www.laguiadepamplona.com\/actualidad\/wp-json\/wp\/v2\/comments?post=51419"}],"version-history":[{"count":1,"href":"https:\/\/www.laguiadepamplona.com\/actualidad\/wp-json\/wp\/v2\/posts\/51419\/revisions"}],"predecessor-version":[{"id":51421,"href":"https:\/\/www.laguiadepamplona.com\/actualidad\/wp-json\/wp\/v2\/posts\/51419\/revisions\/51421"}],"wp:featuredmedia":[{"embeddable":true,"href":"https:\/\/www.laguiadepamplona.com\/actualidad\/wp-json\/wp\/v2\/media\/51420"}],"wp:attachment":[{"href":"https:\/\/www.laguiadepamplona.com\/actualidad\/wp-json\/wp\/v2\/media?parent=51419"}],"wp:term":[{"taxonomy":"category","embeddable":true,"href":"https:\/\/www.laguiadepamplona.com\/actualidad\/wp-json\/wp\/v2\/categories?post=51419"},{"taxonomy":"post_tag","embeddable":true,"href":"https:\/\/www.laguiadepamplona.com\/actualidad\/wp-json\/wp\/v2\/tags?post=51419"}],"curies":[{"name":"wp","href":"https:\/\/api.w.org\/{rel}","templated":true}]}}