{"id":51409,"date":"2024-11-21T18:23:23","date_gmt":"2024-11-21T16:23:23","guid":{"rendered":"https:\/\/www.laguiadepamplona.com\/actualidad\/?p=51409"},"modified":"2024-11-21T18:23:23","modified_gmt":"2024-11-21T16:23:23","slug":"pamplona-celebra-el-29-de-noviembre-la-festividad-de-san-saturnino-con-salida-de-los-gigantes-y-cabezudos-procesion-y-actuacion-de-la-cantante-anne-lukin","status":"publish","type":"post","link":"https:\/\/www.laguiadepamplona.com\/actualidad\/pamplona-celebra-el-29-de-noviembre-la-festividad-de-san-saturnino-con-salida-de-los-gigantes-y-cabezudos-procesion-y-actuacion-de-la-cantante-anne-lukin\/","title":{"rendered":"Pamplona celebra el 29 de noviembre la festividad de San Saturnino, con salida de los gigantes y cabezudos, procesi\u00f3n y actuaci\u00f3n de la cantante Anne Lukin"},"content":{"rendered":"<h2>Por la tarde, se encender\u00e1 la iluminaci\u00f3n navide\u00f1a, que este a\u00f1o se intensifica en los barrios con una inversi\u00f3n que aumenta en casi 115.000 euros<\/h2>\n<p><!--more--><\/p>\n<p>El 29 de noviembre Pamplona celebrar\u00e1 la festividad de su patr\u00f3n, San Saturnino, con un <a href=\"https:\/\/www.pamplona.es\/san-saturnino-2024\" target=\"_blank\" rel=\"noopener\">programa de actividades<\/a> que combinar\u00e1 la tradici\u00f3n de ese d\u00eda y el inicio de las actividades navide\u00f1as municipales. La salida de la comparsa de Gigantes y Cabezudos, la procesi\u00f3n y misa en honor al santo, la inauguraci\u00f3n del bel\u00e9n municipal o el encendido de la iluminaci\u00f3n navide\u00f1o en un acto popular con la actuaci\u00f3n de la cantante pamplonesa Anne Lukin son algunas de las citas previstas para el pr\u00f3ximo viernes.<\/p>\n<p>La jornada comenzar\u00e1 a las 9.30 horas con la salida de la Comparsa de Gigantes y Cabezudos desde la estaci\u00f3n de autobuses. Transitar\u00e1n por la plaza de la Paz, Yanguas y Miranda, Garc\u00eda Xim\u00e9nez, San Ignacio, Sarasate, Plaza del Castillo, Chapitela y Mercaderes hasta la Plaza Consistorial. All\u00ed se unir\u00e1n a la Corporaci\u00f3n municipal que, en cuerpo de ciudad, se dirigir\u00e1 a la iglesia de San Saturnino para participar en la procesi\u00f3n en honor al santo.<\/p>\n<p>Sobre las 10.15 horas la procesi\u00f3n recorrer\u00e1 las calles San Saturnino, Mayor, paseo del Dr. Arazuri, Nueva y, de nuevo San Saturnino, hasta la iglesia, donde se oficiar\u00e1 una eucarist\u00eda. La parte musical de la misa correr\u00e1 a cargo de la Capilla de M\u00fasica, con la colaboraci\u00f3n del Orfe\u00f3n Pamplon\u00e9s y la Orquesta Sinf\u00f3nica de Navarra. Tras la celebraci\u00f3n, en torno a las 12.20 horas, se retornar\u00e1 a la Plaza Consistorial, lugar en el que la comparsa de Gigantes y Cabezudos y Duguna Iru\u00f1eko Dantzariak realizar\u00e1n diferentes bailes.<\/p>\n<p>A continuaci\u00f3n, la comparsa de Gigantes y Cabezudos regresar\u00e1 a la estaci\u00f3n de autobuses por las calles Mercaderes, Chapitela, Plaza del Castillo, avenida de Carlos III, avenida de Roncesvalles, Garc\u00eda Xim\u00e9nez, Tudela, Conde Oliveto, plaza de la Paz y estaci\u00f3n de autobuses. En caso de lluvia, la salida y bailes de la comparsa y el recorrido de la procesi\u00f3n podr\u00e1n sufrir modificaciones.<\/p>\n<p><strong>Actuaci\u00f3n de Anne Lukin<\/strong><\/p>\n<p>Ya por la tarde, las actividades se centrar\u00e1n en dar la bienvenida a la pr\u00f3xima Navidad. Primero, se inaugurar\u00e1 el bel\u00e9n municipal del zagu\u00e1n del Ayuntamiento, que un a\u00f1o m\u00e1s ser\u00e1 confeccionado por la Asociaci\u00f3n de Belenistas de Pamplona. El bel\u00e9n se podr\u00e1 visitar hasta el 6 de enero.<\/p>\n<p>Como es ya tradicional tambi\u00e9n, se proceder\u00e1 despu\u00e9s al encendido de la iluminaci\u00f3n navide\u00f1a. Se har\u00e1 en un evento que se ha denominado espect\u00e1culo Argiluna, abierto a la ciudadan\u00eda, que comenzar\u00e1 a las 17.45 horas con la actuaci\u00f3n en la Plaza Consistorial de la cantante pamplonesa Anne Lukin y con m\u00fasica ambiente desde los balcones de la Casa Consistorial. La iluminaci\u00f3n navide\u00f1a se mantendr\u00e1 hasta el 6 de enero.<\/p>\n<p>Por \u00faltimo, el jueves 28 y el viernes 29 de noviembre, a las 20 horas, La Pamplonesa actuar\u00e1 en el Teatro Gayarre para interpretar zarzuelas de antolog\u00eda. Hace m\u00e1s de 20 a\u00f1os que se celebra este concierto especial unido a San Saturnino que, en esta ocasi\u00f3n, suma a la soprano Laura Cruz y al tenor Javier Palacios, bajo la batuta de Pere Molina, director titular de la Orquesta de C\u00e1mara de Valencia. Los precios de las entradas oscilan entre los 5 y los 10 euros y se pueden adquirir en <a href=\"http:\/\/www.teatrogayarre.com\" target=\"_blank\" rel=\"noopener\">www.teatrogayarre.com<\/a> o en las taquillas.<\/p>\n<p><strong>M\u00e1s iluminaci\u00f3n navide\u00f1a en los barrios<\/strong><\/p>\n<p>Este a\u00f1o se iluminan los principales ejes comerciales del Casco Antiguo y Ensanche, y la iluminaci\u00f3n se extiende, como novedad, a los barrios de San Juan, Ermitaga\u00f1a, Mendebaldea, San Jorge, Rochapea, Iturrama, Mendillorri, Txantrea, Milagrosa, Azpilaga\u00f1a, Lezkairu, Santa Mar\u00eda la Real, Buztintxuri, Etxabakoitz y Erripaga\u00f1a.<\/p>\n<p>La ampliaci\u00f3n de la iluminaci\u00f3n a los barrios se realiza a trav\u00e9s de una modificaci\u00f3n del contrato de suministro por valor de 114.997,19 euros, IVA incluido, tras una enmienda del grupo municipal de Partido Socialista. En total, se destinan a iluminaci\u00f3n navide\u00f1a 439.882,19 euros. La empresa adjudicataria, Iluminaciones Xim\u00e9nez SA, instala en total 617 elementos: 292 arcos, 228 farolas y 97 figuras, como renos, \u00e1rboles de Navidad, copos, lazos, regalos, mu\u00f1ecos de nieve, cielos estrellados, bolas, campanas, estrellas o nubes.<\/p>\n<p>La iluminaci\u00f3n se completa con los adornos que colocan los comercios locales a trav\u00e9s de las Asociaciones de Comerciantes de la ciudad. La iluminaci\u00f3n utiliza \u00fanicamente tecnolog\u00eda led y se ofrece tanto en altura, a trav\u00e9s de farolas, arcos, estampas navide\u00f1as y espacios de libre creaci\u00f3n, como en superficie, con 18 photocalls luminosos repartidos por todos los barrios; cinco de estos photocalls son propiedad del Ayuntamiento.<\/p>\n<p>Son m\u00e1s de 1.100.000 los puntos de luz LED utilizados este a\u00f1o, con gran variedad de colores, pero con el blanco c\u00e1lido y el dorado como color unificador. La altura de los arcos es de 1,80 metros de media, si bien algunos alcanzan los 2,5 metros de altura. En las plazas de Recoletas y la Libertad, se iluminan las ramas principales de los \u00e1rboles con cord\u00f3n blanco, previa protecci\u00f3n de los ejemplares. Las plazas de Merindades y Viana acoger\u00e1n figuras de m\u00e1s de 5 metros de altura en formato 3D, con casi 30.000 puntos de luz led cada una de las piezas.<\/p>\n<p>Al igual que otros a\u00f1os, el Teatro Gayarre mostrar\u00e1 cortinas y motivos c\u00e1lido flash, siguiendo la l\u00ednea decorativa del resto de la ciudad, en especial, de la avenida de Carlos III y Plaza del Castillo. La fachada de la Casa Consistorial presentar\u00e1 copos, estrellas y cortinas de luz, y la plaza se decora con 20 motivos similares.<\/p>\n<p>&nbsp;<\/p>\n<h3>Festividad de San Saturnino. Viernes 29 de noviembre<\/h3>\n<ul>\n<li><strong>9:30 horas \u2013 SALIDA DE LA COMPARSA DE GIGANTES Y CABEZUDOS<\/strong>. Estaci\u00f3n de autobuses. Plaza de la Paz, Yanguas y Miranda, Garc\u00eda Xim\u00e9nez, San Ignacio, Sarasate, Plaza del Castillo, Chapitela, Mercaderes y Plaza Consistorial<\/li>\n<li><strong>10:05 horas \u2013 SALIDA DE LA CORPORACI\u00d3N MUNICIPAL EN CUERPO DE CIUDAD<\/strong>. Plaza Consistorial<\/li>\n<li><strong>10:15 horas \u2013 PROCESI\u00d3N<\/strong>. Calle San Saturnino, Mayor, paseo Dr. Arazuri, Nueva y San Saturnino hasta la iglesia<\/li>\n<li><strong>11:00 horas \u2013 MISA<\/strong>. Iglesia de San Saturnino. Parte musical a cargo de la Capilla de M\u00fasica, con la colaboraci\u00f3n del Orfe\u00f3n Pamplon\u00e9s y la Orquesta Sinf\u00f3nica de Navarra. Posterior regreso a la Casa Consistorial a las 12.20 horas, aproximadamente<\/li>\n<li><strong>REGRESO DE LA COMPARSA DE GIGANTES Y CABEZUDOS<\/strong>. Plaza Consistorial, Mercaderes, Chapitela, Plaza del Castillo, Carlos III, Roncesvalles, Garc\u00eda Xim\u00e9nez, Tudela, Conde Oliveto, plaza de la Paz y estaci\u00f3n de autobuses<\/li>\n<li><strong>17:30 horas \u2013 INAUGURACI\u00d3N DEL BEL\u00c9N<\/strong>. Zagu\u00e1n del Ayuntamiento de Pamplona<\/li>\n<li><strong>17:45 horas \u2013 ESPECT\u00c1CULO ARGILUNA. ACTUACI\u00d3N DE ANNE LUKIN. <\/strong>M\u00fasica ambiente desde los balcones del Ayuntamiento de Pamplona. Plaza Consistorial<\/li>\n<li><strong>18:30 horas \u2013 ENCENDIDO DE LA ILUMINACI\u00d3N NAVIDE\u00d1A<\/strong>. Plaza Consistorial\n<ul>\n<li><strong>Photocalls navide\u00f1os<\/strong>\n<ul>\n<li>Plaza Luis Morondo. Arco<\/li>\n<li>Etxabakoitz Sur. Arco (trasera Remiro de Go\u00f1i)<\/li>\n<li>Plaza Europa-Tramontana. Casita infantil<\/li>\n<li>Carlos III. Monumento Encierro. Oso Tous<\/li>\n<li>Carlos III. Bola de Navidad<\/li>\n<li>Manuel de Falla. Plaza. Milagrosa. Arco<\/li>\n<li>Front\u00f3n L\u00f3pez. Iturrama. Pino luminoso<\/li>\n<li>Plaza V\u00eda Veneto. Abejeras. Estrella<\/li>\n<li>Ferm\u00edn Daoiz. Txantrea. Reno<\/li>\n<li>Calle Urzainqui. Rochapea. Plaza. Arco+pino+reno<\/li>\n<li>Plaza Sanduzelai. San Jorge. Ping\u00fcino<\/li>\n<li>Plaza del Castillo. Caja regalo<\/li>\n<li>Plaza San Francisco. Caja regalo<\/li>\n<li>Paseo Mariano Arigita (Bar Aintzane\/Benjam\u00edn de Tudela). Oso<\/li>\n<li>Calle Madrid. Erripaga\u00f1a. Ping\u00fcino\/Mu\u00f1eco de nieve<\/li>\n<li>Se\u00f1or\u00edo de Egulbati. Mendillorri. Arco<\/li>\n<li>Plaza Gigantes. Buztintzuri. Ping\u00fcino\/Mu\u00f1eco de nieve<\/li>\n<li>Avenida Catalu\u00f1a. Lezkairu. Casita infantil<\/li>\n<\/ul>\n<\/li>\n<li><strong>20:00 horas (jueves 28 de noviembre y viernes 29 de noviembre) \u2013<\/strong> <strong>CONCIERTO DE LA PAMPLONESA. <\/strong>Zarzuelas de antolog\u00eda. Entradas: entre 5 y 10 euros, en <a href=\"http:\/\/www.teatrogayarre.com\" target=\"_blank\" rel=\"noopener\">www.teatrogayarre.com<\/a> y en taquilla).<\/li>\n<\/ul>\n<\/li>\n<\/ul>\n","protected":false},"excerpt":{"rendered":"<p>Por la tarde, se encender\u00e1 la iluminaci\u00f3n navide\u00f1a, que este a\u00f1o se intensifica en los barrios con una inversi\u00f3n que aumenta en casi 115.000 euros<\/p>\n","protected":false},"author":1,"featured_media":51410,"comment_status":"open","ping_status":"closed","sticky":false,"template":"","format":"standard","meta":{"footnotes":""},"categories":[2],"tags":[],"class_list":["post-51409","post","type-post","status-publish","format-standard","has-post-thumbnail","hentry","category-ayuntamiento-pamplona"],"yoast_head":"<!-- This site is optimized with the Yoast SEO plugin v27.3 - https:\/\/yoast.com\/product\/yoast-seo-wordpress\/ -->\n<title>Pamplona celebra el 29 de noviembre la festividad de San Saturnino, con salida de los gigantes y cabezudos, procesi\u00f3n y actuaci\u00f3n de la cantante Anne Lukin<\/title>\n<meta name=\"description\" content=\"Por la tarde, se encender\u00e1 la iluminaci\u00f3n navide\u00f1a, que este a\u00f1o se intensifica en los barrios con una inversi\u00f3n que aumenta en casi 115.000 euros\" \/>\n<meta name=\"robots\" content=\"index, follow, max-snippet:-1, max-image-preview:large, max-video-preview:-1\" \/>\n<link rel=\"canonical\" href=\"https:\/\/www.laguiadepamplona.com\/actualidad\/pamplona-celebra-el-29-de-noviembre-la-festividad-de-san-saturnino-con-salida-de-los-gigantes-y-cabezudos-procesion-y-actuacion-de-la-cantante-anne-lukin\/\" \/>\n<meta property=\"og:locale\" content=\"es_ES\" \/>\n<meta property=\"og:type\" content=\"article\" \/>\n<meta property=\"og:title\" content=\"Pamplona celebra el 29 de noviembre la festividad de San Saturnino, con salida de los gigantes y cabezudos, procesi\u00f3n y actuaci\u00f3n de la cantante Anne Lukin\" \/>\n<meta property=\"og:description\" content=\"Por la tarde, se encender\u00e1 la iluminaci\u00f3n navide\u00f1a, que este a\u00f1o se intensifica en los barrios con una inversi\u00f3n que aumenta en casi 115.000 euros\" \/>\n<meta property=\"og:url\" content=\"https:\/\/www.laguiadepamplona.com\/actualidad\/pamplona-celebra-el-29-de-noviembre-la-festividad-de-san-saturnino-con-salida-de-los-gigantes-y-cabezudos-procesion-y-actuacion-de-la-cantante-anne-lukin\/\" \/>\n<meta property=\"og:site_name\" content=\"La Gu\u00eda de Pamplona\" \/>\n<meta property=\"article:publisher\" content=\"https:\/\/www.facebook.com\/laguiadepamplonacom-133175176762273\/?ref=hl\" \/>\n<meta property=\"article:published_time\" content=\"2024-11-21T16:23:23+00:00\" \/>\n<meta property=\"og:image\" content=\"https:\/\/www.laguiadepamplona.com\/actualidad\/wp-content\/uploads\/2024\/11\/san-saturnino_web.webp\" \/>\n\t<meta property=\"og:image:width\" content=\"1000\" \/>\n\t<meta property=\"og:image:height\" content=\"667\" \/>\n\t<meta property=\"og:image:type\" content=\"image\/webp\" \/>\n<meta name=\"author\" content=\"La Gu\u00eda de Pamplona\" \/>\n<meta name=\"twitter:card\" content=\"summary_large_image\" \/>\n<meta name=\"twitter:creator\" content=\"@LaGuiadPamplona\" \/>\n<meta name=\"twitter:site\" content=\"@LaGuiadPamplona\" \/>\n<meta name=\"twitter:label1\" content=\"Escrito por\" \/>\n\t<meta name=\"twitter:data1\" content=\"La Gu\u00eda de Pamplona\" \/>\n\t<meta name=\"twitter:label2\" content=\"Tiempo de lectura\" \/>\n\t<meta name=\"twitter:data2\" content=\"6 minutos\" \/>\n<script type=\"application\/ld+json\" class=\"yoast-schema-graph\">{\"@context\":\"https:\\\/\\\/schema.org\",\"@graph\":[{\"@type\":\"Article\",\"@id\":\"https:\\\/\\\/www.laguiadepamplona.com\\\/actualidad\\\/pamplona-celebra-el-29-de-noviembre-la-festividad-de-san-saturnino-con-salida-de-los-gigantes-y-cabezudos-procesion-y-actuacion-de-la-cantante-anne-lukin\\\/#article\",\"isPartOf\":{\"@id\":\"https:\\\/\\\/www.laguiadepamplona.com\\\/actualidad\\\/pamplona-celebra-el-29-de-noviembre-la-festividad-de-san-saturnino-con-salida-de-los-gigantes-y-cabezudos-procesion-y-actuacion-de-la-cantante-anne-lukin\\\/\"},\"author\":{\"name\":\"La Gu\u00eda de Pamplona\",\"@id\":\"https:\\\/\\\/www.laguiadepamplona.com\\\/actualidad\\\/#\\\/schema\\\/person\\\/efe887376f0213d4657c93adc50b1fdb\"},\"headline\":\"Pamplona celebra el 29 de noviembre la festividad de San Saturnino, con salida de los gigantes y cabezudos, procesi\u00f3n y actuaci\u00f3n de la cantante Anne Lukin\",\"datePublished\":\"2024-11-21T16:23:23+00:00\",\"mainEntityOfPage\":{\"@id\":\"https:\\\/\\\/www.laguiadepamplona.com\\\/actualidad\\\/pamplona-celebra-el-29-de-noviembre-la-festividad-de-san-saturnino-con-salida-de-los-gigantes-y-cabezudos-procesion-y-actuacion-de-la-cantante-anne-lukin\\\/\"},\"wordCount\":1346,\"commentCount\":0,\"publisher\":{\"@id\":\"https:\\\/\\\/www.laguiadepamplona.com\\\/actualidad\\\/#organization\"},\"image\":{\"@id\":\"https:\\\/\\\/www.laguiadepamplona.com\\\/actualidad\\\/pamplona-celebra-el-29-de-noviembre-la-festividad-de-san-saturnino-con-salida-de-los-gigantes-y-cabezudos-procesion-y-actuacion-de-la-cantante-anne-lukin\\\/#primaryimage\"},\"thumbnailUrl\":\"https:\\\/\\\/www.laguiadepamplona.com\\\/actualidad\\\/wp-content\\\/uploads\\\/2024\\\/11\\\/san-saturnino_web.webp\",\"articleSection\":[\"Ayto Pamplona\"],\"inLanguage\":\"es\",\"potentialAction\":[{\"@type\":\"CommentAction\",\"name\":\"Comment\",\"target\":[\"https:\\\/\\\/www.laguiadepamplona.com\\\/actualidad\\\/pamplona-celebra-el-29-de-noviembre-la-festividad-de-san-saturnino-con-salida-de-los-gigantes-y-cabezudos-procesion-y-actuacion-de-la-cantante-anne-lukin\\\/#respond\"]}]},{\"@type\":\"WebPage\",\"@id\":\"https:\\\/\\\/www.laguiadepamplona.com\\\/actualidad\\\/pamplona-celebra-el-29-de-noviembre-la-festividad-de-san-saturnino-con-salida-de-los-gigantes-y-cabezudos-procesion-y-actuacion-de-la-cantante-anne-lukin\\\/\",\"url\":\"https:\\\/\\\/www.laguiadepamplona.com\\\/actualidad\\\/pamplona-celebra-el-29-de-noviembre-la-festividad-de-san-saturnino-con-salida-de-los-gigantes-y-cabezudos-procesion-y-actuacion-de-la-cantante-anne-lukin\\\/\",\"name\":\"Pamplona celebra el 29 de noviembre la festividad de San Saturnino, con salida de los gigantes y cabezudos, procesi\u00f3n y actuaci\u00f3n de la cantante Anne Lukin\",\"isPartOf\":{\"@id\":\"https:\\\/\\\/www.laguiadepamplona.com\\\/actualidad\\\/#website\"},\"primaryImageOfPage\":{\"@id\":\"https:\\\/\\\/www.laguiadepamplona.com\\\/actualidad\\\/pamplona-celebra-el-29-de-noviembre-la-festividad-de-san-saturnino-con-salida-de-los-gigantes-y-cabezudos-procesion-y-actuacion-de-la-cantante-anne-lukin\\\/#primaryimage\"},\"image\":{\"@id\":\"https:\\\/\\\/www.laguiadepamplona.com\\\/actualidad\\\/pamplona-celebra-el-29-de-noviembre-la-festividad-de-san-saturnino-con-salida-de-los-gigantes-y-cabezudos-procesion-y-actuacion-de-la-cantante-anne-lukin\\\/#primaryimage\"},\"thumbnailUrl\":\"https:\\\/\\\/www.laguiadepamplona.com\\\/actualidad\\\/wp-content\\\/uploads\\\/2024\\\/11\\\/san-saturnino_web.webp\",\"datePublished\":\"2024-11-21T16:23:23+00:00\",\"description\":\"Por la tarde, se encender\u00e1 la iluminaci\u00f3n navide\u00f1a, que este a\u00f1o se intensifica en los barrios con una inversi\u00f3n que aumenta en casi 115.000 euros\",\"breadcrumb\":{\"@id\":\"https:\\\/\\\/www.laguiadepamplona.com\\\/actualidad\\\/pamplona-celebra-el-29-de-noviembre-la-festividad-de-san-saturnino-con-salida-de-los-gigantes-y-cabezudos-procesion-y-actuacion-de-la-cantante-anne-lukin\\\/#breadcrumb\"},\"inLanguage\":\"es\",\"potentialAction\":[{\"@type\":\"ReadAction\",\"target\":[\"https:\\\/\\\/www.laguiadepamplona.com\\\/actualidad\\\/pamplona-celebra-el-29-de-noviembre-la-festividad-de-san-saturnino-con-salida-de-los-gigantes-y-cabezudos-procesion-y-actuacion-de-la-cantante-anne-lukin\\\/\"]}]},{\"@type\":\"ImageObject\",\"inLanguage\":\"es\",\"@id\":\"https:\\\/\\\/www.laguiadepamplona.com\\\/actualidad\\\/pamplona-celebra-el-29-de-noviembre-la-festividad-de-san-saturnino-con-salida-de-los-gigantes-y-cabezudos-procesion-y-actuacion-de-la-cantante-anne-lukin\\\/#primaryimage\",\"url\":\"https:\\\/\\\/www.laguiadepamplona.com\\\/actualidad\\\/wp-content\\\/uploads\\\/2024\\\/11\\\/san-saturnino_web.webp\",\"contentUrl\":\"https:\\\/\\\/www.laguiadepamplona.com\\\/actualidad\\\/wp-content\\\/uploads\\\/2024\\\/11\\\/san-saturnino_web.webp\",\"width\":1000,\"height\":667,\"caption\":\"san saturnino\"},{\"@type\":\"BreadcrumbList\",\"@id\":\"https:\\\/\\\/www.laguiadepamplona.com\\\/actualidad\\\/pamplona-celebra-el-29-de-noviembre-la-festividad-de-san-saturnino-con-salida-de-los-gigantes-y-cabezudos-procesion-y-actuacion-de-la-cantante-anne-lukin\\\/#breadcrumb\",\"itemListElement\":[{\"@type\":\"ListItem\",\"position\":1,\"name\":\"Portada\",\"item\":\"https:\\\/\\\/www.laguiadepamplona.com\\\/actualidad\\\/\"},{\"@type\":\"ListItem\",\"position\":2,\"name\":\"Pamplona celebra el 29 de noviembre la festividad de San Saturnino, con salida de los gigantes y cabezudos, procesi\u00f3n y actuaci\u00f3n de la cantante Anne Lukin\"}]},{\"@type\":\"WebSite\",\"@id\":\"https:\\\/\\\/www.laguiadepamplona.com\\\/actualidad\\\/#website\",\"url\":\"https:\\\/\\\/www.laguiadepamplona.com\\\/actualidad\\\/\",\"name\":\"La gu\u00eda de Pamplona\",\"description\":\"Noticias de Pamplona\",\"publisher\":{\"@id\":\"https:\\\/\\\/www.laguiadepamplona.com\\\/actualidad\\\/#organization\"},\"potentialAction\":[{\"@type\":\"SearchAction\",\"target\":{\"@type\":\"EntryPoint\",\"urlTemplate\":\"https:\\\/\\\/www.laguiadepamplona.com\\\/actualidad\\\/?s={search_term_string}\"},\"query-input\":{\"@type\":\"PropertyValueSpecification\",\"valueRequired\":true,\"valueName\":\"search_term_string\"}}],\"inLanguage\":\"es\"},{\"@type\":\"Organization\",\"@id\":\"https:\\\/\\\/www.laguiadepamplona.com\\\/actualidad\\\/#organization\",\"name\":\"La Gu\u00eda de Pamplona \\\/ Noticias\",\"url\":\"https:\\\/\\\/www.laguiadepamplona.com\\\/actualidad\\\/\",\"logo\":{\"@type\":\"ImageObject\",\"inLanguage\":\"es\",\"@id\":\"https:\\\/\\\/www.laguiadepamplona.com\\\/actualidad\\\/#\\\/schema\\\/logo\\\/image\\\/\",\"url\":\"https:\\\/\\\/www.laguiadepamplona.com\\\/actualidad\\\/wp-content\\\/uploads\\\/2018\\\/11\\\/logo-laguiadepamplona18-web1.png\",\"contentUrl\":\"https:\\\/\\\/www.laguiadepamplona.com\\\/actualidad\\\/wp-content\\\/uploads\\\/2018\\\/11\\\/logo-laguiadepamplona18-web1.png\",\"width\":600,\"height\":196,\"caption\":\"La Gu\u00eda de Pamplona \\\/ Noticias\"},\"image\":{\"@id\":\"https:\\\/\\\/www.laguiadepamplona.com\\\/actualidad\\\/#\\\/schema\\\/logo\\\/image\\\/\"},\"sameAs\":[\"https:\\\/\\\/www.facebook.com\\\/laguiadepamplonacom-133175176762273\\\/?ref=hl\",\"https:\\\/\\\/x.com\\\/LaGuiadPamplona\",\"https:\\\/\\\/www.instagram.com\\\/la_guia_de_pamplona\\\/\",\"https:\\\/\\\/www.youtube.com\\\/user\\\/laguiadepamplona\"]},{\"@type\":\"Person\",\"@id\":\"https:\\\/\\\/www.laguiadepamplona.com\\\/actualidad\\\/#\\\/schema\\\/person\\\/efe887376f0213d4657c93adc50b1fdb\",\"name\":\"La Gu\u00eda de Pamplona\",\"image\":{\"@type\":\"ImageObject\",\"inLanguage\":\"es\",\"@id\":\"https:\\\/\\\/secure.gravatar.com\\\/avatar\\\/b6992f131dc8d30ab0dff15446e9d346d9dbd95992de0fef795073f5ea83a81c?s=96&d=mm&r=g\",\"url\":\"https:\\\/\\\/secure.gravatar.com\\\/avatar\\\/b6992f131dc8d30ab0dff15446e9d346d9dbd95992de0fef795073f5ea83a81c?s=96&d=mm&r=g\",\"contentUrl\":\"https:\\\/\\\/secure.gravatar.com\\\/avatar\\\/b6992f131dc8d30ab0dff15446e9d346d9dbd95992de0fef795073f5ea83a81c?s=96&d=mm&r=g\",\"caption\":\"La Gu\u00eda de Pamplona\"}}]}<\/script>\n<!-- \/ Yoast SEO plugin. -->","yoast_head_json":{"title":"Pamplona celebra el 29 de noviembre la festividad de San Saturnino, con salida de los gigantes y cabezudos, procesi\u00f3n y actuaci\u00f3n de la cantante Anne Lukin","description":"Por la tarde, se encender\u00e1 la iluminaci\u00f3n navide\u00f1a, que este a\u00f1o se intensifica en los barrios con una inversi\u00f3n que aumenta en casi 115.000 euros","robots":{"index":"index","follow":"follow","max-snippet":"max-snippet:-1","max-image-preview":"max-image-preview:large","max-video-preview":"max-video-preview:-1"},"canonical":"https:\/\/www.laguiadepamplona.com\/actualidad\/pamplona-celebra-el-29-de-noviembre-la-festividad-de-san-saturnino-con-salida-de-los-gigantes-y-cabezudos-procesion-y-actuacion-de-la-cantante-anne-lukin\/","og_locale":"es_ES","og_type":"article","og_title":"Pamplona celebra el 29 de noviembre la festividad de San Saturnino, con salida de los gigantes y cabezudos, procesi\u00f3n y actuaci\u00f3n de la cantante Anne Lukin","og_description":"Por la tarde, se encender\u00e1 la iluminaci\u00f3n navide\u00f1a, que este a\u00f1o se intensifica en los barrios con una inversi\u00f3n que aumenta en casi 115.000 euros","og_url":"https:\/\/www.laguiadepamplona.com\/actualidad\/pamplona-celebra-el-29-de-noviembre-la-festividad-de-san-saturnino-con-salida-de-los-gigantes-y-cabezudos-procesion-y-actuacion-de-la-cantante-anne-lukin\/","og_site_name":"La Gu\u00eda de Pamplona","article_publisher":"https:\/\/www.facebook.com\/laguiadepamplonacom-133175176762273\/?ref=hl","article_published_time":"2024-11-21T16:23:23+00:00","og_image":[{"width":1000,"height":667,"url":"https:\/\/www.laguiadepamplona.com\/actualidad\/wp-content\/uploads\/2024\/11\/san-saturnino_web.webp","type":"image\/webp"}],"author":"La Gu\u00eda de Pamplona","twitter_card":"summary_large_image","twitter_creator":"@LaGuiadPamplona","twitter_site":"@LaGuiadPamplona","twitter_misc":{"Escrito por":"La Gu\u00eda de Pamplona","Tiempo de lectura":"6 minutos"},"schema":{"@context":"https:\/\/schema.org","@graph":[{"@type":"Article","@id":"https:\/\/www.laguiadepamplona.com\/actualidad\/pamplona-celebra-el-29-de-noviembre-la-festividad-de-san-saturnino-con-salida-de-los-gigantes-y-cabezudos-procesion-y-actuacion-de-la-cantante-anne-lukin\/#article","isPartOf":{"@id":"https:\/\/www.laguiadepamplona.com\/actualidad\/pamplona-celebra-el-29-de-noviembre-la-festividad-de-san-saturnino-con-salida-de-los-gigantes-y-cabezudos-procesion-y-actuacion-de-la-cantante-anne-lukin\/"},"author":{"name":"La Gu\u00eda de Pamplona","@id":"https:\/\/www.laguiadepamplona.com\/actualidad\/#\/schema\/person\/efe887376f0213d4657c93adc50b1fdb"},"headline":"Pamplona celebra el 29 de noviembre la festividad de San Saturnino, con salida de los gigantes y cabezudos, procesi\u00f3n y actuaci\u00f3n de la cantante Anne Lukin","datePublished":"2024-11-21T16:23:23+00:00","mainEntityOfPage":{"@id":"https:\/\/www.laguiadepamplona.com\/actualidad\/pamplona-celebra-el-29-de-noviembre-la-festividad-de-san-saturnino-con-salida-de-los-gigantes-y-cabezudos-procesion-y-actuacion-de-la-cantante-anne-lukin\/"},"wordCount":1346,"commentCount":0,"publisher":{"@id":"https:\/\/www.laguiadepamplona.com\/actualidad\/#organization"},"image":{"@id":"https:\/\/www.laguiadepamplona.com\/actualidad\/pamplona-celebra-el-29-de-noviembre-la-festividad-de-san-saturnino-con-salida-de-los-gigantes-y-cabezudos-procesion-y-actuacion-de-la-cantante-anne-lukin\/#primaryimage"},"thumbnailUrl":"https:\/\/www.laguiadepamplona.com\/actualidad\/wp-content\/uploads\/2024\/11\/san-saturnino_web.webp","articleSection":["Ayto Pamplona"],"inLanguage":"es","potentialAction":[{"@type":"CommentAction","name":"Comment","target":["https:\/\/www.laguiadepamplona.com\/actualidad\/pamplona-celebra-el-29-de-noviembre-la-festividad-de-san-saturnino-con-salida-de-los-gigantes-y-cabezudos-procesion-y-actuacion-de-la-cantante-anne-lukin\/#respond"]}]},{"@type":"WebPage","@id":"https:\/\/www.laguiadepamplona.com\/actualidad\/pamplona-celebra-el-29-de-noviembre-la-festividad-de-san-saturnino-con-salida-de-los-gigantes-y-cabezudos-procesion-y-actuacion-de-la-cantante-anne-lukin\/","url":"https:\/\/www.laguiadepamplona.com\/actualidad\/pamplona-celebra-el-29-de-noviembre-la-festividad-de-san-saturnino-con-salida-de-los-gigantes-y-cabezudos-procesion-y-actuacion-de-la-cantante-anne-lukin\/","name":"Pamplona celebra el 29 de noviembre la festividad de San Saturnino, con salida de los gigantes y cabezudos, procesi\u00f3n y actuaci\u00f3n de la cantante Anne Lukin","isPartOf":{"@id":"https:\/\/www.laguiadepamplona.com\/actualidad\/#website"},"primaryImageOfPage":{"@id":"https:\/\/www.laguiadepamplona.com\/actualidad\/pamplona-celebra-el-29-de-noviembre-la-festividad-de-san-saturnino-con-salida-de-los-gigantes-y-cabezudos-procesion-y-actuacion-de-la-cantante-anne-lukin\/#primaryimage"},"image":{"@id":"https:\/\/www.laguiadepamplona.com\/actualidad\/pamplona-celebra-el-29-de-noviembre-la-festividad-de-san-saturnino-con-salida-de-los-gigantes-y-cabezudos-procesion-y-actuacion-de-la-cantante-anne-lukin\/#primaryimage"},"thumbnailUrl":"https:\/\/www.laguiadepamplona.com\/actualidad\/wp-content\/uploads\/2024\/11\/san-saturnino_web.webp","datePublished":"2024-11-21T16:23:23+00:00","description":"Por la tarde, se encender\u00e1 la iluminaci\u00f3n navide\u00f1a, que este a\u00f1o se intensifica en los barrios con una inversi\u00f3n que aumenta en casi 115.000 euros","breadcrumb":{"@id":"https:\/\/www.laguiadepamplona.com\/actualidad\/pamplona-celebra-el-29-de-noviembre-la-festividad-de-san-saturnino-con-salida-de-los-gigantes-y-cabezudos-procesion-y-actuacion-de-la-cantante-anne-lukin\/#breadcrumb"},"inLanguage":"es","potentialAction":[{"@type":"ReadAction","target":["https:\/\/www.laguiadepamplona.com\/actualidad\/pamplona-celebra-el-29-de-noviembre-la-festividad-de-san-saturnino-con-salida-de-los-gigantes-y-cabezudos-procesion-y-actuacion-de-la-cantante-anne-lukin\/"]}]},{"@type":"ImageObject","inLanguage":"es","@id":"https:\/\/www.laguiadepamplona.com\/actualidad\/pamplona-celebra-el-29-de-noviembre-la-festividad-de-san-saturnino-con-salida-de-los-gigantes-y-cabezudos-procesion-y-actuacion-de-la-cantante-anne-lukin\/#primaryimage","url":"https:\/\/www.laguiadepamplona.com\/actualidad\/wp-content\/uploads\/2024\/11\/san-saturnino_web.webp","contentUrl":"https:\/\/www.laguiadepamplona.com\/actualidad\/wp-content\/uploads\/2024\/11\/san-saturnino_web.webp","width":1000,"height":667,"caption":"san saturnino"},{"@type":"BreadcrumbList","@id":"https:\/\/www.laguiadepamplona.com\/actualidad\/pamplona-celebra-el-29-de-noviembre-la-festividad-de-san-saturnino-con-salida-de-los-gigantes-y-cabezudos-procesion-y-actuacion-de-la-cantante-anne-lukin\/#breadcrumb","itemListElement":[{"@type":"ListItem","position":1,"name":"Portada","item":"https:\/\/www.laguiadepamplona.com\/actualidad\/"},{"@type":"ListItem","position":2,"name":"Pamplona celebra el 29 de noviembre la festividad de San Saturnino, con salida de los gigantes y cabezudos, procesi\u00f3n y actuaci\u00f3n de la cantante Anne Lukin"}]},{"@type":"WebSite","@id":"https:\/\/www.laguiadepamplona.com\/actualidad\/#website","url":"https:\/\/www.laguiadepamplona.com\/actualidad\/","name":"La gu\u00eda de Pamplona","description":"Noticias de Pamplona","publisher":{"@id":"https:\/\/www.laguiadepamplona.com\/actualidad\/#organization"},"potentialAction":[{"@type":"SearchAction","target":{"@type":"EntryPoint","urlTemplate":"https:\/\/www.laguiadepamplona.com\/actualidad\/?s={search_term_string}"},"query-input":{"@type":"PropertyValueSpecification","valueRequired":true,"valueName":"search_term_string"}}],"inLanguage":"es"},{"@type":"Organization","@id":"https:\/\/www.laguiadepamplona.com\/actualidad\/#organization","name":"La Gu\u00eda de Pamplona \/ Noticias","url":"https:\/\/www.laguiadepamplona.com\/actualidad\/","logo":{"@type":"ImageObject","inLanguage":"es","@id":"https:\/\/www.laguiadepamplona.com\/actualidad\/#\/schema\/logo\/image\/","url":"https:\/\/www.laguiadepamplona.com\/actualidad\/wp-content\/uploads\/2018\/11\/logo-laguiadepamplona18-web1.png","contentUrl":"https:\/\/www.laguiadepamplona.com\/actualidad\/wp-content\/uploads\/2018\/11\/logo-laguiadepamplona18-web1.png","width":600,"height":196,"caption":"La Gu\u00eda de Pamplona \/ Noticias"},"image":{"@id":"https:\/\/www.laguiadepamplona.com\/actualidad\/#\/schema\/logo\/image\/"},"sameAs":["https:\/\/www.facebook.com\/laguiadepamplonacom-133175176762273\/?ref=hl","https:\/\/x.com\/LaGuiadPamplona","https:\/\/www.instagram.com\/la_guia_de_pamplona\/","https:\/\/www.youtube.com\/user\/laguiadepamplona"]},{"@type":"Person","@id":"https:\/\/www.laguiadepamplona.com\/actualidad\/#\/schema\/person\/efe887376f0213d4657c93adc50b1fdb","name":"La Gu\u00eda de Pamplona","image":{"@type":"ImageObject","inLanguage":"es","@id":"https:\/\/secure.gravatar.com\/avatar\/b6992f131dc8d30ab0dff15446e9d346d9dbd95992de0fef795073f5ea83a81c?s=96&d=mm&r=g","url":"https:\/\/secure.gravatar.com\/avatar\/b6992f131dc8d30ab0dff15446e9d346d9dbd95992de0fef795073f5ea83a81c?s=96&d=mm&r=g","contentUrl":"https:\/\/secure.gravatar.com\/avatar\/b6992f131dc8d30ab0dff15446e9d346d9dbd95992de0fef795073f5ea83a81c?s=96&d=mm&r=g","caption":"La Gu\u00eda de Pamplona"}}]}},"post_mailing_queue_ids":[],"_links":{"self":[{"href":"https:\/\/www.laguiadepamplona.com\/actualidad\/wp-json\/wp\/v2\/posts\/51409","targetHints":{"allow":["GET"]}}],"collection":[{"href":"https:\/\/www.laguiadepamplona.com\/actualidad\/wp-json\/wp\/v2\/posts"}],"about":[{"href":"https:\/\/www.laguiadepamplona.com\/actualidad\/wp-json\/wp\/v2\/types\/post"}],"author":[{"embeddable":true,"href":"https:\/\/www.laguiadepamplona.com\/actualidad\/wp-json\/wp\/v2\/users\/1"}],"replies":[{"embeddable":true,"href":"https:\/\/www.laguiadepamplona.com\/actualidad\/wp-json\/wp\/v2\/comments?post=51409"}],"version-history":[{"count":1,"href":"https:\/\/www.laguiadepamplona.com\/actualidad\/wp-json\/wp\/v2\/posts\/51409\/revisions"}],"predecessor-version":[{"id":51411,"href":"https:\/\/www.laguiadepamplona.com\/actualidad\/wp-json\/wp\/v2\/posts\/51409\/revisions\/51411"}],"wp:featuredmedia":[{"embeddable":true,"href":"https:\/\/www.laguiadepamplona.com\/actualidad\/wp-json\/wp\/v2\/media\/51410"}],"wp:attachment":[{"href":"https:\/\/www.laguiadepamplona.com\/actualidad\/wp-json\/wp\/v2\/media?parent=51409"}],"wp:term":[{"taxonomy":"category","embeddable":true,"href":"https:\/\/www.laguiadepamplona.com\/actualidad\/wp-json\/wp\/v2\/categories?post=51409"},{"taxonomy":"post_tag","embeddable":true,"href":"https:\/\/www.laguiadepamplona.com\/actualidad\/wp-json\/wp\/v2\/tags?post=51409"}],"curies":[{"name":"wp","href":"https:\/\/api.w.org\/{rel}","templated":true}]}}