{"id":51406,"date":"2024-11-21T18:20:41","date_gmt":"2024-11-21T16:20:41","guid":{"rendered":"https:\/\/www.laguiadepamplona.com\/actualidad\/?p=51406"},"modified":"2024-11-21T18:20:41","modified_gmt":"2024-11-21T16:20:41","slug":"el-centro-comunitario-plazara-acoge-la-reunion-del-comite-2030-de-la-agenda-urbana-pamplona-2030-para-presentar-su-programa-operativo-para-el-periodo-2025-2027","status":"publish","type":"post","link":"https:\/\/www.laguiadepamplona.com\/actualidad\/el-centro-comunitario-plazara-acoge-la-reunion-del-comite-2030-de-la-agenda-urbana-pamplona-2030-para-presentar-su-programa-operativo-para-el-periodo-2025-2027\/","title":{"rendered":"El centro comunitario Plazara! acoge la reuni\u00f3n del Comit\u00e9 2030 de la Agenda Urbana Pamplona 2030 para presentar su Programa Operativo para el periodo 2025 \u2013 2027"},"content":{"rendered":"<h2>Se contemplan 13 proyectos estrat\u00e9gicos priorizados para los pr\u00f3ximos 3 a\u00f1os, por su car\u00e1cter estrat\u00e9gico o por su capacidad tractora<\/h2>\n<p><!--more--><\/p>\n<p>El centro comunitario Plazara! ha acogido este jueves la octava reuni\u00f3n del Comit\u00e9 2030 de la Agenda Urbana Pamplona 2030 (AUP2030). Este \u00f3rgano b\u00e1sico se cre\u00f3 en 2018 para el an\u00e1lisis, debate y toma de decisiones en lo relativo a la AUP2030. La convocatoria tiene como objetivo una puesta al d\u00eda de la AUP2030 y, sobre todo, la presentaci\u00f3n del Programa Operativo de la AUP para el periodo 2025 \u2013 2027.<\/p>\n<p>La sesi\u00f3n la ha presidido el alcalde de Pamplona, Joseba Asiron Saez, y en ella han participado representantes de instituciones como Gobierno de Navarra, UPNA, coordinadora de ONG, Mancomunidad de la Comarca de Pamplona, Federaci\u00f3n Navarra de Municipios y Concejos, C\u00e1mara Navarra, AIN, Nasuvinsa, CERMIN y Asociaci\u00f3n de Hosteler\u00eda.<\/p>\n<p>El programa operativo que se ha presentado supone un nuevo impulso a la AUP2030 y responde a los trabajos de an\u00e1lisis llevados a cabo en los \u00faltimos meses con la organizaci\u00f3n de jornadas tem\u00e1ticas en torno a las 5 dimensiones de la Agenda Urbana Pamplona 2030. Han participado en estas jornadas personal t\u00e9cnico, direcci\u00f3n y jefaturas de servicio del Ayuntamiento.<\/p>\n<p>Finalmente, se ha llevado a cabo un trabajo orientado a la acci\u00f3n y los resultados y priorizando proyectos, planes y estrategias que, bien por su car\u00e1cter estrat\u00e9gico o por su capacidad tractora, van a marcar una diferencia para Pamplona como ciudad. Hay 13 proyectos estrat\u00e9gicos priorizados para los pr\u00f3ximos 3 a\u00f1os, entre los que destacan los siguientes.<\/p>\n<p>En primer lugar, la Estrategia de Transici\u00f3n Energ\u00e9tica y Cambio Clim\u00e1tico, una estrategia que ejercer\u00e1 de tractora con el resto de proyectos estrat\u00e9gicos de la dimensi\u00f3n 1 \u201cPamplona verde, ecol\u00f3gica y comprometida con el clima\u201d. El objetivo prioritario en los pr\u00f3ximos 3 a\u00f1os es el seguimiento de dicha estrategia mediante los correspondientes indicadores y la puesta en marcha de un desaf\u00edo de Acuerdo Clim\u00e1tico de Ciudad con visi\u00f3n comarcal desarrollada en la dimensi\u00f3n 3.<\/p>\n<p>Precisamente en la dimensi\u00f3n 3, \u201cPamplona con una Gesti\u00f3n P\u00fablica Innovadora e Integral\u201d, est\u00e1 el segundo de los proyectos destacados: \u00c1rea Metropolitana. En este proyecto, el objetivo ser\u00e1 establecer una mesa comarcal que logre acuerdos para que en la Comarca de Pamplona se trabaje de una manera coordinada optimizando medios humanos y materiales, y en \u00faltima instancia se consiga crear una conciencia de pertenencia a un territorio com\u00fan.<\/p>\n<p>En tercer lugar, en la dimensi\u00f3n 5, \u201cEconom\u00eda del conocimiento e innovaci\u00f3n\u201d, el proyecto Smart City marcar\u00e1 los pasos en los pr\u00f3ximos 3 a\u00f1os. La principal actuaci\u00f3n ser\u00e1 la elaboraci\u00f3n de una estrategia Smart City en la que se incluir\u00e1 la posible creaci\u00f3n de una Plataforma Ciudadana que d\u00e9 acceso a todos los servicios p\u00fablicos que se prestan a trav\u00e9s de un \u00fanico canal, con el objetivo de que tenga un \u00e1mbito comarcal, independientemente de qu\u00e9 entidad preste el servicio.<\/p>\n<p>Para el mes de noviembre de 2025, m\u00e1s del 70% de los proyectos estrat\u00e9gicos incluidos en la AUP2030 estar\u00e1n iniciados. El Marco Estrat\u00e9gico de la AUP2030 fue aprobado por el pleno por unanimidad en abril de 2021. En diciembre de ese mismo a\u00f1o se aprob\u00f3 la cartera de 57 proyectos estrat\u00e9gicos sobre la que desde entonces se est\u00e1 trabajando. Para la elaboraci\u00f3n de la AUP2030 se llev\u00f3 a cabo un diagn\u00f3stico en el que participaron m\u00e1s de 1.000 personas y 100 entidades.<\/p>\n","protected":false},"excerpt":{"rendered":"<p>Se contemplan 13 proyectos estrat\u00e9gicos priorizados para los pr\u00f3ximos 3 a\u00f1os, por su car\u00e1cter estrat\u00e9gico o por su capacidad tractora<\/p>\n","protected":false},"author":1,"featured_media":51407,"comment_status":"open","ping_status":"closed","sticky":false,"template":"","format":"standard","meta":{"footnotes":""},"categories":[2],"tags":[],"class_list":["post-51406","post","type-post","status-publish","format-standard","has-post-thumbnail","hentry","category-ayuntamiento-pamplona"],"yoast_head":"<!-- This site is optimized with the Yoast SEO plugin v27.3 - https:\/\/yoast.com\/product\/yoast-seo-wordpress\/ -->\n<title>El centro comunitario Plazara! acoge la reuni\u00f3n del Comit\u00e9 2030 de la Agenda Urbana Pamplona 2030 para presentar su Programa Operativo para el periodo 2025 \u2013 2027<\/title>\n<meta name=\"description\" content=\"Se contemplan 13 proyectos estrat\u00e9gicos priorizados para los pr\u00f3ximos 3 a\u00f1os, por su car\u00e1cter estrat\u00e9gico o por su capacidad tractora\u00a0\" \/>\n<meta name=\"robots\" content=\"index, follow, max-snippet:-1, max-image-preview:large, max-video-preview:-1\" \/>\n<link rel=\"canonical\" href=\"https:\/\/www.laguiadepamplona.com\/actualidad\/el-centro-comunitario-plazara-acoge-la-reunion-del-comite-2030-de-la-agenda-urbana-pamplona-2030-para-presentar-su-programa-operativo-para-el-periodo-2025-2027\/\" \/>\n<meta property=\"og:locale\" content=\"es_ES\" \/>\n<meta property=\"og:type\" content=\"article\" \/>\n<meta property=\"og:title\" content=\"El centro comunitario Plazara! acoge la reuni\u00f3n del Comit\u00e9 2030 de la Agenda Urbana Pamplona 2030 para presentar su Programa Operativo para el periodo 2025 \u2013 2027\" \/>\n<meta property=\"og:description\" content=\"Se contemplan 13 proyectos estrat\u00e9gicos priorizados para los pr\u00f3ximos 3 a\u00f1os, por su car\u00e1cter estrat\u00e9gico o por su capacidad tractora\u00a0\" \/>\n<meta property=\"og:url\" content=\"https:\/\/www.laguiadepamplona.com\/actualidad\/el-centro-comunitario-plazara-acoge-la-reunion-del-comite-2030-de-la-agenda-urbana-pamplona-2030-para-presentar-su-programa-operativo-para-el-periodo-2025-2027\/\" \/>\n<meta property=\"og:site_name\" content=\"La Gu\u00eda de Pamplona\" \/>\n<meta property=\"article:publisher\" content=\"https:\/\/www.facebook.com\/laguiadepamplonacom-133175176762273\/?ref=hl\" \/>\n<meta property=\"article:published_time\" content=\"2024-11-21T16:20:41+00:00\" \/>\n<meta property=\"og:image\" content=\"https:\/\/www.laguiadepamplona.com\/actualidad\/wp-content\/uploads\/2024\/11\/aperturacomite2030agendaurbanapamplona2030dsc3700foto2.webp\" \/>\n\t<meta property=\"og:image:width\" content=\"1000\" \/>\n\t<meta property=\"og:image:height\" content=\"666\" \/>\n\t<meta property=\"og:image:type\" content=\"image\/webp\" \/>\n<meta name=\"author\" content=\"La Gu\u00eda de Pamplona\" \/>\n<meta name=\"twitter:card\" content=\"summary_large_image\" \/>\n<meta name=\"twitter:creator\" content=\"@LaGuiadPamplona\" \/>\n<meta name=\"twitter:site\" content=\"@LaGuiadPamplona\" \/>\n<meta name=\"twitter:label1\" content=\"Escrito por\" \/>\n\t<meta name=\"twitter:data1\" content=\"La Gu\u00eda de Pamplona\" \/>\n\t<meta name=\"twitter:label2\" content=\"Tiempo de lectura\" \/>\n\t<meta name=\"twitter:data2\" content=\"3 minutos\" \/>\n<script type=\"application\/ld+json\" class=\"yoast-schema-graph\">{\"@context\":\"https:\\\/\\\/schema.org\",\"@graph\":[{\"@type\":\"Article\",\"@id\":\"https:\\\/\\\/www.laguiadepamplona.com\\\/actualidad\\\/el-centro-comunitario-plazara-acoge-la-reunion-del-comite-2030-de-la-agenda-urbana-pamplona-2030-para-presentar-su-programa-operativo-para-el-periodo-2025-2027\\\/#article\",\"isPartOf\":{\"@id\":\"https:\\\/\\\/www.laguiadepamplona.com\\\/actualidad\\\/el-centro-comunitario-plazara-acoge-la-reunion-del-comite-2030-de-la-agenda-urbana-pamplona-2030-para-presentar-su-programa-operativo-para-el-periodo-2025-2027\\\/\"},\"author\":{\"name\":\"La Gu\u00eda de Pamplona\",\"@id\":\"https:\\\/\\\/www.laguiadepamplona.com\\\/actualidad\\\/#\\\/schema\\\/person\\\/efe887376f0213d4657c93adc50b1fdb\"},\"headline\":\"El centro comunitario Plazara! acoge la reuni\u00f3n del Comit\u00e9 2030 de la Agenda Urbana Pamplona 2030 para presentar su Programa Operativo para el periodo 2025 \u2013 2027\",\"datePublished\":\"2024-11-21T16:20:41+00:00\",\"mainEntityOfPage\":{\"@id\":\"https:\\\/\\\/www.laguiadepamplona.com\\\/actualidad\\\/el-centro-comunitario-plazara-acoge-la-reunion-del-comite-2030-de-la-agenda-urbana-pamplona-2030-para-presentar-su-programa-operativo-para-el-periodo-2025-2027\\\/\"},\"wordCount\":621,\"commentCount\":0,\"publisher\":{\"@id\":\"https:\\\/\\\/www.laguiadepamplona.com\\\/actualidad\\\/#organization\"},\"image\":{\"@id\":\"https:\\\/\\\/www.laguiadepamplona.com\\\/actualidad\\\/el-centro-comunitario-plazara-acoge-la-reunion-del-comite-2030-de-la-agenda-urbana-pamplona-2030-para-presentar-su-programa-operativo-para-el-periodo-2025-2027\\\/#primaryimage\"},\"thumbnailUrl\":\"https:\\\/\\\/www.laguiadepamplona.com\\\/actualidad\\\/wp-content\\\/uploads\\\/2024\\\/11\\\/aperturacomite2030agendaurbanapamplona2030dsc3700foto2.webp\",\"articleSection\":[\"Ayto Pamplona\"],\"inLanguage\":\"es\",\"potentialAction\":[{\"@type\":\"CommentAction\",\"name\":\"Comment\",\"target\":[\"https:\\\/\\\/www.laguiadepamplona.com\\\/actualidad\\\/el-centro-comunitario-plazara-acoge-la-reunion-del-comite-2030-de-la-agenda-urbana-pamplona-2030-para-presentar-su-programa-operativo-para-el-periodo-2025-2027\\\/#respond\"]}]},{\"@type\":\"WebPage\",\"@id\":\"https:\\\/\\\/www.laguiadepamplona.com\\\/actualidad\\\/el-centro-comunitario-plazara-acoge-la-reunion-del-comite-2030-de-la-agenda-urbana-pamplona-2030-para-presentar-su-programa-operativo-para-el-periodo-2025-2027\\\/\",\"url\":\"https:\\\/\\\/www.laguiadepamplona.com\\\/actualidad\\\/el-centro-comunitario-plazara-acoge-la-reunion-del-comite-2030-de-la-agenda-urbana-pamplona-2030-para-presentar-su-programa-operativo-para-el-periodo-2025-2027\\\/\",\"name\":\"El centro comunitario Plazara! acoge la reuni\u00f3n del Comit\u00e9 2030 de la Agenda Urbana Pamplona 2030 para presentar su Programa Operativo para el periodo 2025 \u2013 2027\",\"isPartOf\":{\"@id\":\"https:\\\/\\\/www.laguiadepamplona.com\\\/actualidad\\\/#website\"},\"primaryImageOfPage\":{\"@id\":\"https:\\\/\\\/www.laguiadepamplona.com\\\/actualidad\\\/el-centro-comunitario-plazara-acoge-la-reunion-del-comite-2030-de-la-agenda-urbana-pamplona-2030-para-presentar-su-programa-operativo-para-el-periodo-2025-2027\\\/#primaryimage\"},\"image\":{\"@id\":\"https:\\\/\\\/www.laguiadepamplona.com\\\/actualidad\\\/el-centro-comunitario-plazara-acoge-la-reunion-del-comite-2030-de-la-agenda-urbana-pamplona-2030-para-presentar-su-programa-operativo-para-el-periodo-2025-2027\\\/#primaryimage\"},\"thumbnailUrl\":\"https:\\\/\\\/www.laguiadepamplona.com\\\/actualidad\\\/wp-content\\\/uploads\\\/2024\\\/11\\\/aperturacomite2030agendaurbanapamplona2030dsc3700foto2.webp\",\"datePublished\":\"2024-11-21T16:20:41+00:00\",\"description\":\"Se contemplan 13 proyectos estrat\u00e9gicos priorizados para los pr\u00f3ximos 3 a\u00f1os, por su car\u00e1cter estrat\u00e9gico o por su capacidad tractora\u00a0\",\"breadcrumb\":{\"@id\":\"https:\\\/\\\/www.laguiadepamplona.com\\\/actualidad\\\/el-centro-comunitario-plazara-acoge-la-reunion-del-comite-2030-de-la-agenda-urbana-pamplona-2030-para-presentar-su-programa-operativo-para-el-periodo-2025-2027\\\/#breadcrumb\"},\"inLanguage\":\"es\",\"potentialAction\":[{\"@type\":\"ReadAction\",\"target\":[\"https:\\\/\\\/www.laguiadepamplona.com\\\/actualidad\\\/el-centro-comunitario-plazara-acoge-la-reunion-del-comite-2030-de-la-agenda-urbana-pamplona-2030-para-presentar-su-programa-operativo-para-el-periodo-2025-2027\\\/\"]}]},{\"@type\":\"ImageObject\",\"inLanguage\":\"es\",\"@id\":\"https:\\\/\\\/www.laguiadepamplona.com\\\/actualidad\\\/el-centro-comunitario-plazara-acoge-la-reunion-del-comite-2030-de-la-agenda-urbana-pamplona-2030-para-presentar-su-programa-operativo-para-el-periodo-2025-2027\\\/#primaryimage\",\"url\":\"https:\\\/\\\/www.laguiadepamplona.com\\\/actualidad\\\/wp-content\\\/uploads\\\/2024\\\/11\\\/aperturacomite2030agendaurbanapamplona2030dsc3700foto2.webp\",\"contentUrl\":\"https:\\\/\\\/www.laguiadepamplona.com\\\/actualidad\\\/wp-content\\\/uploads\\\/2024\\\/11\\\/aperturacomite2030agendaurbanapamplona2030dsc3700foto2.webp\",\"width\":1000,\"height\":666,\"caption\":\"pamplona 2030\"},{\"@type\":\"BreadcrumbList\",\"@id\":\"https:\\\/\\\/www.laguiadepamplona.com\\\/actualidad\\\/el-centro-comunitario-plazara-acoge-la-reunion-del-comite-2030-de-la-agenda-urbana-pamplona-2030-para-presentar-su-programa-operativo-para-el-periodo-2025-2027\\\/#breadcrumb\",\"itemListElement\":[{\"@type\":\"ListItem\",\"position\":1,\"name\":\"Portada\",\"item\":\"https:\\\/\\\/www.laguiadepamplona.com\\\/actualidad\\\/\"},{\"@type\":\"ListItem\",\"position\":2,\"name\":\"El centro comunitario Plazara! acoge la reuni\u00f3n del Comit\u00e9 2030 de la Agenda Urbana Pamplona 2030 para presentar su Programa Operativo para el periodo 2025 \u2013 2027\"}]},{\"@type\":\"WebSite\",\"@id\":\"https:\\\/\\\/www.laguiadepamplona.com\\\/actualidad\\\/#website\",\"url\":\"https:\\\/\\\/www.laguiadepamplona.com\\\/actualidad\\\/\",\"name\":\"La gu\u00eda de Pamplona\",\"description\":\"Noticias de Pamplona\",\"publisher\":{\"@id\":\"https:\\\/\\\/www.laguiadepamplona.com\\\/actualidad\\\/#organization\"},\"potentialAction\":[{\"@type\":\"SearchAction\",\"target\":{\"@type\":\"EntryPoint\",\"urlTemplate\":\"https:\\\/\\\/www.laguiadepamplona.com\\\/actualidad\\\/?s={search_term_string}\"},\"query-input\":{\"@type\":\"PropertyValueSpecification\",\"valueRequired\":true,\"valueName\":\"search_term_string\"}}],\"inLanguage\":\"es\"},{\"@type\":\"Organization\",\"@id\":\"https:\\\/\\\/www.laguiadepamplona.com\\\/actualidad\\\/#organization\",\"name\":\"La Gu\u00eda de Pamplona \\\/ Noticias\",\"url\":\"https:\\\/\\\/www.laguiadepamplona.com\\\/actualidad\\\/\",\"logo\":{\"@type\":\"ImageObject\",\"inLanguage\":\"es\",\"@id\":\"https:\\\/\\\/www.laguiadepamplona.com\\\/actualidad\\\/#\\\/schema\\\/logo\\\/image\\\/\",\"url\":\"https:\\\/\\\/www.laguiadepamplona.com\\\/actualidad\\\/wp-content\\\/uploads\\\/2018\\\/11\\\/logo-laguiadepamplona18-web1.png\",\"contentUrl\":\"https:\\\/\\\/www.laguiadepamplona.com\\\/actualidad\\\/wp-content\\\/uploads\\\/2018\\\/11\\\/logo-laguiadepamplona18-web1.png\",\"width\":600,\"height\":196,\"caption\":\"La Gu\u00eda de Pamplona \\\/ Noticias\"},\"image\":{\"@id\":\"https:\\\/\\\/www.laguiadepamplona.com\\\/actualidad\\\/#\\\/schema\\\/logo\\\/image\\\/\"},\"sameAs\":[\"https:\\\/\\\/www.facebook.com\\\/laguiadepamplonacom-133175176762273\\\/?ref=hl\",\"https:\\\/\\\/x.com\\\/LaGuiadPamplona\",\"https:\\\/\\\/www.instagram.com\\\/la_guia_de_pamplona\\\/\",\"https:\\\/\\\/www.youtube.com\\\/user\\\/laguiadepamplona\"]},{\"@type\":\"Person\",\"@id\":\"https:\\\/\\\/www.laguiadepamplona.com\\\/actualidad\\\/#\\\/schema\\\/person\\\/efe887376f0213d4657c93adc50b1fdb\",\"name\":\"La Gu\u00eda de Pamplona\",\"image\":{\"@type\":\"ImageObject\",\"inLanguage\":\"es\",\"@id\":\"https:\\\/\\\/secure.gravatar.com\\\/avatar\\\/b6992f131dc8d30ab0dff15446e9d346d9dbd95992de0fef795073f5ea83a81c?s=96&d=mm&r=g\",\"url\":\"https:\\\/\\\/secure.gravatar.com\\\/avatar\\\/b6992f131dc8d30ab0dff15446e9d346d9dbd95992de0fef795073f5ea83a81c?s=96&d=mm&r=g\",\"contentUrl\":\"https:\\\/\\\/secure.gravatar.com\\\/avatar\\\/b6992f131dc8d30ab0dff15446e9d346d9dbd95992de0fef795073f5ea83a81c?s=96&d=mm&r=g\",\"caption\":\"La Gu\u00eda de Pamplona\"}}]}<\/script>\n<!-- \/ Yoast SEO plugin. -->","yoast_head_json":{"title":"El centro comunitario Plazara! acoge la reuni\u00f3n del Comit\u00e9 2030 de la Agenda Urbana Pamplona 2030 para presentar su Programa Operativo para el periodo 2025 \u2013 2027","description":"Se contemplan 13 proyectos estrat\u00e9gicos priorizados para los pr\u00f3ximos 3 a\u00f1os, por su car\u00e1cter estrat\u00e9gico o por su capacidad tractora\u00a0","robots":{"index":"index","follow":"follow","max-snippet":"max-snippet:-1","max-image-preview":"max-image-preview:large","max-video-preview":"max-video-preview:-1"},"canonical":"https:\/\/www.laguiadepamplona.com\/actualidad\/el-centro-comunitario-plazara-acoge-la-reunion-del-comite-2030-de-la-agenda-urbana-pamplona-2030-para-presentar-su-programa-operativo-para-el-periodo-2025-2027\/","og_locale":"es_ES","og_type":"article","og_title":"El centro comunitario Plazara! acoge la reuni\u00f3n del Comit\u00e9 2030 de la Agenda Urbana Pamplona 2030 para presentar su Programa Operativo para el periodo 2025 \u2013 2027","og_description":"Se contemplan 13 proyectos estrat\u00e9gicos priorizados para los pr\u00f3ximos 3 a\u00f1os, por su car\u00e1cter estrat\u00e9gico o por su capacidad tractora\u00a0","og_url":"https:\/\/www.laguiadepamplona.com\/actualidad\/el-centro-comunitario-plazara-acoge-la-reunion-del-comite-2030-de-la-agenda-urbana-pamplona-2030-para-presentar-su-programa-operativo-para-el-periodo-2025-2027\/","og_site_name":"La Gu\u00eda de Pamplona","article_publisher":"https:\/\/www.facebook.com\/laguiadepamplonacom-133175176762273\/?ref=hl","article_published_time":"2024-11-21T16:20:41+00:00","og_image":[{"width":1000,"height":666,"url":"https:\/\/www.laguiadepamplona.com\/actualidad\/wp-content\/uploads\/2024\/11\/aperturacomite2030agendaurbanapamplona2030dsc3700foto2.webp","type":"image\/webp"}],"author":"La Gu\u00eda de Pamplona","twitter_card":"summary_large_image","twitter_creator":"@LaGuiadPamplona","twitter_site":"@LaGuiadPamplona","twitter_misc":{"Escrito por":"La Gu\u00eda de Pamplona","Tiempo de lectura":"3 minutos"},"schema":{"@context":"https:\/\/schema.org","@graph":[{"@type":"Article","@id":"https:\/\/www.laguiadepamplona.com\/actualidad\/el-centro-comunitario-plazara-acoge-la-reunion-del-comite-2030-de-la-agenda-urbana-pamplona-2030-para-presentar-su-programa-operativo-para-el-periodo-2025-2027\/#article","isPartOf":{"@id":"https:\/\/www.laguiadepamplona.com\/actualidad\/el-centro-comunitario-plazara-acoge-la-reunion-del-comite-2030-de-la-agenda-urbana-pamplona-2030-para-presentar-su-programa-operativo-para-el-periodo-2025-2027\/"},"author":{"name":"La Gu\u00eda de Pamplona","@id":"https:\/\/www.laguiadepamplona.com\/actualidad\/#\/schema\/person\/efe887376f0213d4657c93adc50b1fdb"},"headline":"El centro comunitario Plazara! acoge la reuni\u00f3n del Comit\u00e9 2030 de la Agenda Urbana Pamplona 2030 para presentar su Programa Operativo para el periodo 2025 \u2013 2027","datePublished":"2024-11-21T16:20:41+00:00","mainEntityOfPage":{"@id":"https:\/\/www.laguiadepamplona.com\/actualidad\/el-centro-comunitario-plazara-acoge-la-reunion-del-comite-2030-de-la-agenda-urbana-pamplona-2030-para-presentar-su-programa-operativo-para-el-periodo-2025-2027\/"},"wordCount":621,"commentCount":0,"publisher":{"@id":"https:\/\/www.laguiadepamplona.com\/actualidad\/#organization"},"image":{"@id":"https:\/\/www.laguiadepamplona.com\/actualidad\/el-centro-comunitario-plazara-acoge-la-reunion-del-comite-2030-de-la-agenda-urbana-pamplona-2030-para-presentar-su-programa-operativo-para-el-periodo-2025-2027\/#primaryimage"},"thumbnailUrl":"https:\/\/www.laguiadepamplona.com\/actualidad\/wp-content\/uploads\/2024\/11\/aperturacomite2030agendaurbanapamplona2030dsc3700foto2.webp","articleSection":["Ayto Pamplona"],"inLanguage":"es","potentialAction":[{"@type":"CommentAction","name":"Comment","target":["https:\/\/www.laguiadepamplona.com\/actualidad\/el-centro-comunitario-plazara-acoge-la-reunion-del-comite-2030-de-la-agenda-urbana-pamplona-2030-para-presentar-su-programa-operativo-para-el-periodo-2025-2027\/#respond"]}]},{"@type":"WebPage","@id":"https:\/\/www.laguiadepamplona.com\/actualidad\/el-centro-comunitario-plazara-acoge-la-reunion-del-comite-2030-de-la-agenda-urbana-pamplona-2030-para-presentar-su-programa-operativo-para-el-periodo-2025-2027\/","url":"https:\/\/www.laguiadepamplona.com\/actualidad\/el-centro-comunitario-plazara-acoge-la-reunion-del-comite-2030-de-la-agenda-urbana-pamplona-2030-para-presentar-su-programa-operativo-para-el-periodo-2025-2027\/","name":"El centro comunitario Plazara! acoge la reuni\u00f3n del Comit\u00e9 2030 de la Agenda Urbana Pamplona 2030 para presentar su Programa Operativo para el periodo 2025 \u2013 2027","isPartOf":{"@id":"https:\/\/www.laguiadepamplona.com\/actualidad\/#website"},"primaryImageOfPage":{"@id":"https:\/\/www.laguiadepamplona.com\/actualidad\/el-centro-comunitario-plazara-acoge-la-reunion-del-comite-2030-de-la-agenda-urbana-pamplona-2030-para-presentar-su-programa-operativo-para-el-periodo-2025-2027\/#primaryimage"},"image":{"@id":"https:\/\/www.laguiadepamplona.com\/actualidad\/el-centro-comunitario-plazara-acoge-la-reunion-del-comite-2030-de-la-agenda-urbana-pamplona-2030-para-presentar-su-programa-operativo-para-el-periodo-2025-2027\/#primaryimage"},"thumbnailUrl":"https:\/\/www.laguiadepamplona.com\/actualidad\/wp-content\/uploads\/2024\/11\/aperturacomite2030agendaurbanapamplona2030dsc3700foto2.webp","datePublished":"2024-11-21T16:20:41+00:00","description":"Se contemplan 13 proyectos estrat\u00e9gicos priorizados para los pr\u00f3ximos 3 a\u00f1os, por su car\u00e1cter estrat\u00e9gico o por su capacidad tractora\u00a0","breadcrumb":{"@id":"https:\/\/www.laguiadepamplona.com\/actualidad\/el-centro-comunitario-plazara-acoge-la-reunion-del-comite-2030-de-la-agenda-urbana-pamplona-2030-para-presentar-su-programa-operativo-para-el-periodo-2025-2027\/#breadcrumb"},"inLanguage":"es","potentialAction":[{"@type":"ReadAction","target":["https:\/\/www.laguiadepamplona.com\/actualidad\/el-centro-comunitario-plazara-acoge-la-reunion-del-comite-2030-de-la-agenda-urbana-pamplona-2030-para-presentar-su-programa-operativo-para-el-periodo-2025-2027\/"]}]},{"@type":"ImageObject","inLanguage":"es","@id":"https:\/\/www.laguiadepamplona.com\/actualidad\/el-centro-comunitario-plazara-acoge-la-reunion-del-comite-2030-de-la-agenda-urbana-pamplona-2030-para-presentar-su-programa-operativo-para-el-periodo-2025-2027\/#primaryimage","url":"https:\/\/www.laguiadepamplona.com\/actualidad\/wp-content\/uploads\/2024\/11\/aperturacomite2030agendaurbanapamplona2030dsc3700foto2.webp","contentUrl":"https:\/\/www.laguiadepamplona.com\/actualidad\/wp-content\/uploads\/2024\/11\/aperturacomite2030agendaurbanapamplona2030dsc3700foto2.webp","width":1000,"height":666,"caption":"pamplona 2030"},{"@type":"BreadcrumbList","@id":"https:\/\/www.laguiadepamplona.com\/actualidad\/el-centro-comunitario-plazara-acoge-la-reunion-del-comite-2030-de-la-agenda-urbana-pamplona-2030-para-presentar-su-programa-operativo-para-el-periodo-2025-2027\/#breadcrumb","itemListElement":[{"@type":"ListItem","position":1,"name":"Portada","item":"https:\/\/www.laguiadepamplona.com\/actualidad\/"},{"@type":"ListItem","position":2,"name":"El centro comunitario Plazara! acoge la reuni\u00f3n del Comit\u00e9 2030 de la Agenda Urbana Pamplona 2030 para presentar su Programa Operativo para el periodo 2025 \u2013 2027"}]},{"@type":"WebSite","@id":"https:\/\/www.laguiadepamplona.com\/actualidad\/#website","url":"https:\/\/www.laguiadepamplona.com\/actualidad\/","name":"La gu\u00eda de Pamplona","description":"Noticias de Pamplona","publisher":{"@id":"https:\/\/www.laguiadepamplona.com\/actualidad\/#organization"},"potentialAction":[{"@type":"SearchAction","target":{"@type":"EntryPoint","urlTemplate":"https:\/\/www.laguiadepamplona.com\/actualidad\/?s={search_term_string}"},"query-input":{"@type":"PropertyValueSpecification","valueRequired":true,"valueName":"search_term_string"}}],"inLanguage":"es"},{"@type":"Organization","@id":"https:\/\/www.laguiadepamplona.com\/actualidad\/#organization","name":"La Gu\u00eda de Pamplona \/ Noticias","url":"https:\/\/www.laguiadepamplona.com\/actualidad\/","logo":{"@type":"ImageObject","inLanguage":"es","@id":"https:\/\/www.laguiadepamplona.com\/actualidad\/#\/schema\/logo\/image\/","url":"https:\/\/www.laguiadepamplona.com\/actualidad\/wp-content\/uploads\/2018\/11\/logo-laguiadepamplona18-web1.png","contentUrl":"https:\/\/www.laguiadepamplona.com\/actualidad\/wp-content\/uploads\/2018\/11\/logo-laguiadepamplona18-web1.png","width":600,"height":196,"caption":"La Gu\u00eda de Pamplona \/ Noticias"},"image":{"@id":"https:\/\/www.laguiadepamplona.com\/actualidad\/#\/schema\/logo\/image\/"},"sameAs":["https:\/\/www.facebook.com\/laguiadepamplonacom-133175176762273\/?ref=hl","https:\/\/x.com\/LaGuiadPamplona","https:\/\/www.instagram.com\/la_guia_de_pamplona\/","https:\/\/www.youtube.com\/user\/laguiadepamplona"]},{"@type":"Person","@id":"https:\/\/www.laguiadepamplona.com\/actualidad\/#\/schema\/person\/efe887376f0213d4657c93adc50b1fdb","name":"La Gu\u00eda de Pamplona","image":{"@type":"ImageObject","inLanguage":"es","@id":"https:\/\/secure.gravatar.com\/avatar\/b6992f131dc8d30ab0dff15446e9d346d9dbd95992de0fef795073f5ea83a81c?s=96&d=mm&r=g","url":"https:\/\/secure.gravatar.com\/avatar\/b6992f131dc8d30ab0dff15446e9d346d9dbd95992de0fef795073f5ea83a81c?s=96&d=mm&r=g","contentUrl":"https:\/\/secure.gravatar.com\/avatar\/b6992f131dc8d30ab0dff15446e9d346d9dbd95992de0fef795073f5ea83a81c?s=96&d=mm&r=g","caption":"La Gu\u00eda de Pamplona"}}]}},"post_mailing_queue_ids":[],"_links":{"self":[{"href":"https:\/\/www.laguiadepamplona.com\/actualidad\/wp-json\/wp\/v2\/posts\/51406","targetHints":{"allow":["GET"]}}],"collection":[{"href":"https:\/\/www.laguiadepamplona.com\/actualidad\/wp-json\/wp\/v2\/posts"}],"about":[{"href":"https:\/\/www.laguiadepamplona.com\/actualidad\/wp-json\/wp\/v2\/types\/post"}],"author":[{"embeddable":true,"href":"https:\/\/www.laguiadepamplona.com\/actualidad\/wp-json\/wp\/v2\/users\/1"}],"replies":[{"embeddable":true,"href":"https:\/\/www.laguiadepamplona.com\/actualidad\/wp-json\/wp\/v2\/comments?post=51406"}],"version-history":[{"count":1,"href":"https:\/\/www.laguiadepamplona.com\/actualidad\/wp-json\/wp\/v2\/posts\/51406\/revisions"}],"predecessor-version":[{"id":51408,"href":"https:\/\/www.laguiadepamplona.com\/actualidad\/wp-json\/wp\/v2\/posts\/51406\/revisions\/51408"}],"wp:featuredmedia":[{"embeddable":true,"href":"https:\/\/www.laguiadepamplona.com\/actualidad\/wp-json\/wp\/v2\/media\/51407"}],"wp:attachment":[{"href":"https:\/\/www.laguiadepamplona.com\/actualidad\/wp-json\/wp\/v2\/media?parent=51406"}],"wp:term":[{"taxonomy":"category","embeddable":true,"href":"https:\/\/www.laguiadepamplona.com\/actualidad\/wp-json\/wp\/v2\/categories?post=51406"},{"taxonomy":"post_tag","embeddable":true,"href":"https:\/\/www.laguiadepamplona.com\/actualidad\/wp-json\/wp\/v2\/tags?post=51406"}],"curies":[{"name":"wp","href":"https:\/\/api.w.org\/{rel}","templated":true}]}}