{"id":51400,"date":"2024-11-21T18:17:21","date_gmt":"2024-11-21T16:17:21","guid":{"rendered":"https:\/\/www.laguiadepamplona.com\/actualidad\/?p=51400"},"modified":"2024-11-21T18:17:21","modified_gmt":"2024-11-21T16:17:21","slug":"diez-mujeres-y-un-hombre-recogen-sus-diplomas-del-curso-de-atencion-a-personas-con-demencia-en-el-domicilio-impulsado-por-el-ayuntamiento-de-pamplona-y-afan","status":"publish","type":"post","link":"https:\/\/www.laguiadepamplona.com\/actualidad\/diez-mujeres-y-un-hombre-recogen-sus-diplomas-del-curso-de-atencion-a-personas-con-demencia-en-el-domicilio-impulsado-por-el-ayuntamiento-de-pamplona-y-afan\/","title":{"rendered":"Diez mujeres y un hombre recogen sus diplomas del curso de atenci\u00f3n a personas con demencia en el domicilio impulsado por el Ayuntamiento de Pamplona y AFAN"},"content":{"rendered":"<h2>Es la d\u00e9cimo primera edici\u00f3n de una formaci\u00f3n que capacita profesionales para el sector de los cuidados y mejora la atenci\u00f3n a quien los necesita<\/h2>\n<p><!--more--><\/p>\n<p>Esta ma\u00f1ana se ha clausurado la d\u00e9cimo primera edici\u00f3n de la Formaci\u00f3n para la atenci\u00f3n de personas con demencia en el domicilio, un curso que se ha cerrado con la entrega de los diplomas acreditativos de su capacitaci\u00f3n a 10 mujeres y un hombre. De las 11 personas, la mayor\u00eda tienen menos de 34 a\u00f1os y 7 son origen latinoamericano, 1 de Georgia y 1 de Marruecos, adem\u00e1s de 2 de nacionalidad espa\u00f1ola.<\/p>\n<p>Estas 11 personas han estado recibiendo desde el mes de octubre una formaci\u00f3n t\u00e9cnica de 126 horas en los locales municipales de calle Artica s\/n. El curso contiene adem\u00e1s una parte pr\u00e1ctica ya que las personas participantes realizan 20 horas de formaci\u00f3n en el Servicio de Atenci\u00f3n a Domicilio del Ayuntamiento de Pamplona, adem\u00e1s de mantener una sesi\u00f3n formativa con personal t\u00e9cnico del SAD sobre los recursos que existen en torno a las personas con demencia.<\/p>\n<p>El concejal delegado de Acci\u00f3n Social, Txema Maule\u00f3n Echeverr\u00eda, y el presidente de la Asociaci\u00f3n de Familiares de Enfermos de Alzheimer de Navarra (AFAN), Miguel Angel Lerga, han sido los encargados de despedir el curso y entregar los diplomas obtenidos por el alumnado. Tambi\u00e9n ha tomado la palabra una representante del alumnado. En esta edici\u00f3n destaca el compromiso del alumnado con la profesionalizaci\u00f3n, ya que 9 de las 11 personas participantes declaran estar interesadas en seguir form\u00e1ndose en este campo.<\/p>\n<p>La Asociaci\u00f3n de Familiares de Enfermos de Alzheimer de Navarra es una asociaci\u00f3n sin \u00e1nimo de lucro que cuenta con dos sedes, en Pamplona y Tudela. Tiene como objetivo proporcionar informaci\u00f3n, formaci\u00f3n y apoyo para hacer m\u00e1s llevadera la enfermedad a pacientes y familiares, as\u00ed como apoyar todas las iniciativas que investiguen sobre la enfermedad de Alzheimer y otras demencias. La cualificaci\u00f3n de las personas que se dedican a atender a personas con demencia en sus hogares es un paso relevante para mejorar la calidad del cuidado a los enfermos y ayudar a las familias que se encuentran inmersas en estas situaciones.<\/p>\n<p><strong>Formaci\u00f3n e intermediaci\u00f3n laboral<\/strong><\/p>\n<p>El actual convenio entre Consistorio y AFAN determina que el Ayuntamiento aporta 7.000 euros anuales y AFAN aporta personas especializadas en cuidados en el domicilio para realizar la formaci\u00f3n, basada en un metodolog\u00eda activa y participativa y que emplea t\u00e9cnicas audiovisuales en clases te\u00f3ricas y sesiones pr\u00e1cticas. Entre los temas abordados por AFAN podemos destacar las caracter\u00edsticas de las personas con demencia, el impacto en la familia, los cuidados b\u00e1sicos de enfermer\u00eda, y habilidades y competencias del cuidador profesional. Adem\u00e1s, las alumnas han recibido contenidos relativos a empleo dom\u00e9stico y competencias transversales a trav\u00e9s de la Fundaci\u00f3n Koine Equalitas.<\/p>\n<p>Dentro de su vertiente pr\u00e1ctica, las personas participantes han realizado 20 horas de formaci\u00f3n en el Servicio de Atenci\u00f3n a Domicilio del Ayuntamiento de Pamplona, tras mantener sesiones con personal t\u00e9cnico del SAD sobre los recursos que existen en torno a las personas con demencia.<\/p>\n<p>Como este programa se enmarca en las tareas del Equipo de Inserci\u00f3n Sociolaboral del Consistorio (EISOL), lleva tambi\u00e9n aparejado la orientaci\u00f3n de las personas participantes de cara al mercado de trabajo a trav\u00e9s del Servicio Municipal de Intermediaci\u00f3n Laboral de EISOL (SMIL). Desde ese recurso se realizar\u00e1 la correspondiente mediaci\u00f3n para gestionar ofertas dentro del sector adecuadas al perfil del alumnado en un campo de trabajo que permanentemente tiene demanda de empleo.<\/p>\n","protected":false},"excerpt":{"rendered":"<p>Es la d\u00e9cimo primera edici\u00f3n de una formaci\u00f3n que capacita profesionales para el sector de los cuidados y mejora la atenci\u00f3n a quien los necesita<\/p>\n","protected":false},"author":1,"featured_media":51401,"comment_status":"open","ping_status":"closed","sticky":false,"template":"","format":"standard","meta":{"footnotes":""},"categories":[2],"tags":[],"class_list":["post-51400","post","type-post","status-publish","format-standard","has-post-thumbnail","hentry","category-ayuntamiento-pamplona"],"yoast_head":"<!-- This site is optimized with the Yoast SEO plugin v27.3 - https:\/\/yoast.com\/product\/yoast-seo-wordpress\/ -->\n<title>Diez mujeres y un hombre recogen sus diplomas del curso de atenci\u00f3n a personas con demencia en el domicilio impulsado por el Ayuntamiento de Pamplona y AFAN<\/title>\n<meta name=\"description\" content=\"Es la d\u00e9cimo primera edici\u00f3n de una formaci\u00f3n que capacita profesionales para el sector de los cuidados y mejora la atenci\u00f3n a quien\" \/>\n<meta name=\"robots\" content=\"index, follow, max-snippet:-1, max-image-preview:large, max-video-preview:-1\" \/>\n<link rel=\"canonical\" href=\"https:\/\/www.laguiadepamplona.com\/actualidad\/diez-mujeres-y-un-hombre-recogen-sus-diplomas-del-curso-de-atencion-a-personas-con-demencia-en-el-domicilio-impulsado-por-el-ayuntamiento-de-pamplona-y-afan\/\" \/>\n<meta property=\"og:locale\" content=\"es_ES\" \/>\n<meta property=\"og:type\" content=\"article\" \/>\n<meta property=\"og:title\" content=\"Diez mujeres y un hombre recogen sus diplomas del curso de atenci\u00f3n a personas con demencia en el domicilio impulsado por el Ayuntamiento de Pamplona y AFAN\" \/>\n<meta property=\"og:description\" content=\"Es la d\u00e9cimo primera edici\u00f3n de una formaci\u00f3n que capacita profesionales para el sector de los cuidados y mejora la atenci\u00f3n a quien\" \/>\n<meta property=\"og:url\" content=\"https:\/\/www.laguiadepamplona.com\/actualidad\/diez-mujeres-y-un-hombre-recogen-sus-diplomas-del-curso-de-atencion-a-personas-con-demencia-en-el-domicilio-impulsado-por-el-ayuntamiento-de-pamplona-y-afan\/\" \/>\n<meta property=\"og:site_name\" content=\"La Gu\u00eda de Pamplona\" \/>\n<meta property=\"article:publisher\" content=\"https:\/\/www.facebook.com\/laguiadepamplonacom-133175176762273\/?ref=hl\" \/>\n<meta property=\"article:published_time\" content=\"2024-11-21T16:17:21+00:00\" \/>\n<meta property=\"og:image\" content=\"https:\/\/www.laguiadepamplona.com\/actualidad\/wp-content\/uploads\/2024\/11\/firmadelconvenioafan1_0.webp\" \/>\n\t<meta property=\"og:image:width\" content=\"1000\" \/>\n\t<meta property=\"og:image:height\" content=\"666\" \/>\n\t<meta property=\"og:image:type\" content=\"image\/webp\" \/>\n<meta name=\"author\" content=\"La Gu\u00eda de Pamplona\" \/>\n<meta name=\"twitter:card\" content=\"summary_large_image\" \/>\n<meta name=\"twitter:creator\" content=\"@LaGuiadPamplona\" \/>\n<meta name=\"twitter:site\" content=\"@LaGuiadPamplona\" \/>\n<meta name=\"twitter:label1\" content=\"Escrito por\" \/>\n\t<meta name=\"twitter:data1\" content=\"La Gu\u00eda de Pamplona\" \/>\n\t<meta name=\"twitter:label2\" content=\"Tiempo de lectura\" \/>\n\t<meta name=\"twitter:data2\" content=\"3 minutos\" \/>\n<script type=\"application\/ld+json\" class=\"yoast-schema-graph\">{\"@context\":\"https:\\\/\\\/schema.org\",\"@graph\":[{\"@type\":\"Article\",\"@id\":\"https:\\\/\\\/www.laguiadepamplona.com\\\/actualidad\\\/diez-mujeres-y-un-hombre-recogen-sus-diplomas-del-curso-de-atencion-a-personas-con-demencia-en-el-domicilio-impulsado-por-el-ayuntamiento-de-pamplona-y-afan\\\/#article\",\"isPartOf\":{\"@id\":\"https:\\\/\\\/www.laguiadepamplona.com\\\/actualidad\\\/diez-mujeres-y-un-hombre-recogen-sus-diplomas-del-curso-de-atencion-a-personas-con-demencia-en-el-domicilio-impulsado-por-el-ayuntamiento-de-pamplona-y-afan\\\/\"},\"author\":{\"name\":\"La Gu\u00eda de Pamplona\",\"@id\":\"https:\\\/\\\/www.laguiadepamplona.com\\\/actualidad\\\/#\\\/schema\\\/person\\\/efe887376f0213d4657c93adc50b1fdb\"},\"headline\":\"Diez mujeres y un hombre recogen sus diplomas del curso de atenci\u00f3n a personas con demencia en el domicilio impulsado por el Ayuntamiento de Pamplona y AFAN\",\"datePublished\":\"2024-11-21T16:17:21+00:00\",\"mainEntityOfPage\":{\"@id\":\"https:\\\/\\\/www.laguiadepamplona.com\\\/actualidad\\\/diez-mujeres-y-un-hombre-recogen-sus-diplomas-del-curso-de-atencion-a-personas-con-demencia-en-el-domicilio-impulsado-por-el-ayuntamiento-de-pamplona-y-afan\\\/\"},\"wordCount\":652,\"commentCount\":0,\"publisher\":{\"@id\":\"https:\\\/\\\/www.laguiadepamplona.com\\\/actualidad\\\/#organization\"},\"image\":{\"@id\":\"https:\\\/\\\/www.laguiadepamplona.com\\\/actualidad\\\/diez-mujeres-y-un-hombre-recogen-sus-diplomas-del-curso-de-atencion-a-personas-con-demencia-en-el-domicilio-impulsado-por-el-ayuntamiento-de-pamplona-y-afan\\\/#primaryimage\"},\"thumbnailUrl\":\"https:\\\/\\\/www.laguiadepamplona.com\\\/actualidad\\\/wp-content\\\/uploads\\\/2024\\\/11\\\/firmadelconvenioafan1_0.webp\",\"articleSection\":[\"Ayto Pamplona\"],\"inLanguage\":\"es\",\"potentialAction\":[{\"@type\":\"CommentAction\",\"name\":\"Comment\",\"target\":[\"https:\\\/\\\/www.laguiadepamplona.com\\\/actualidad\\\/diez-mujeres-y-un-hombre-recogen-sus-diplomas-del-curso-de-atencion-a-personas-con-demencia-en-el-domicilio-impulsado-por-el-ayuntamiento-de-pamplona-y-afan\\\/#respond\"]}]},{\"@type\":\"WebPage\",\"@id\":\"https:\\\/\\\/www.laguiadepamplona.com\\\/actualidad\\\/diez-mujeres-y-un-hombre-recogen-sus-diplomas-del-curso-de-atencion-a-personas-con-demencia-en-el-domicilio-impulsado-por-el-ayuntamiento-de-pamplona-y-afan\\\/\",\"url\":\"https:\\\/\\\/www.laguiadepamplona.com\\\/actualidad\\\/diez-mujeres-y-un-hombre-recogen-sus-diplomas-del-curso-de-atencion-a-personas-con-demencia-en-el-domicilio-impulsado-por-el-ayuntamiento-de-pamplona-y-afan\\\/\",\"name\":\"Diez mujeres y un hombre recogen sus diplomas del curso de atenci\u00f3n a personas con demencia en el domicilio impulsado por el Ayuntamiento de Pamplona y AFAN\",\"isPartOf\":{\"@id\":\"https:\\\/\\\/www.laguiadepamplona.com\\\/actualidad\\\/#website\"},\"primaryImageOfPage\":{\"@id\":\"https:\\\/\\\/www.laguiadepamplona.com\\\/actualidad\\\/diez-mujeres-y-un-hombre-recogen-sus-diplomas-del-curso-de-atencion-a-personas-con-demencia-en-el-domicilio-impulsado-por-el-ayuntamiento-de-pamplona-y-afan\\\/#primaryimage\"},\"image\":{\"@id\":\"https:\\\/\\\/www.laguiadepamplona.com\\\/actualidad\\\/diez-mujeres-y-un-hombre-recogen-sus-diplomas-del-curso-de-atencion-a-personas-con-demencia-en-el-domicilio-impulsado-por-el-ayuntamiento-de-pamplona-y-afan\\\/#primaryimage\"},\"thumbnailUrl\":\"https:\\\/\\\/www.laguiadepamplona.com\\\/actualidad\\\/wp-content\\\/uploads\\\/2024\\\/11\\\/firmadelconvenioafan1_0.webp\",\"datePublished\":\"2024-11-21T16:17:21+00:00\",\"description\":\"Es la d\u00e9cimo primera edici\u00f3n de una formaci\u00f3n que capacita profesionales para el sector de los cuidados y mejora la atenci\u00f3n a quien\",\"breadcrumb\":{\"@id\":\"https:\\\/\\\/www.laguiadepamplona.com\\\/actualidad\\\/diez-mujeres-y-un-hombre-recogen-sus-diplomas-del-curso-de-atencion-a-personas-con-demencia-en-el-domicilio-impulsado-por-el-ayuntamiento-de-pamplona-y-afan\\\/#breadcrumb\"},\"inLanguage\":\"es\",\"potentialAction\":[{\"@type\":\"ReadAction\",\"target\":[\"https:\\\/\\\/www.laguiadepamplona.com\\\/actualidad\\\/diez-mujeres-y-un-hombre-recogen-sus-diplomas-del-curso-de-atencion-a-personas-con-demencia-en-el-domicilio-impulsado-por-el-ayuntamiento-de-pamplona-y-afan\\\/\"]}]},{\"@type\":\"ImageObject\",\"inLanguage\":\"es\",\"@id\":\"https:\\\/\\\/www.laguiadepamplona.com\\\/actualidad\\\/diez-mujeres-y-un-hombre-recogen-sus-diplomas-del-curso-de-atencion-a-personas-con-demencia-en-el-domicilio-impulsado-por-el-ayuntamiento-de-pamplona-y-afan\\\/#primaryimage\",\"url\":\"https:\\\/\\\/www.laguiadepamplona.com\\\/actualidad\\\/wp-content\\\/uploads\\\/2024\\\/11\\\/firmadelconvenioafan1_0.webp\",\"contentUrl\":\"https:\\\/\\\/www.laguiadepamplona.com\\\/actualidad\\\/wp-content\\\/uploads\\\/2024\\\/11\\\/firmadelconvenioafan1_0.webp\",\"width\":1000,\"height\":666,\"caption\":\"firma convenio afan\"},{\"@type\":\"BreadcrumbList\",\"@id\":\"https:\\\/\\\/www.laguiadepamplona.com\\\/actualidad\\\/diez-mujeres-y-un-hombre-recogen-sus-diplomas-del-curso-de-atencion-a-personas-con-demencia-en-el-domicilio-impulsado-por-el-ayuntamiento-de-pamplona-y-afan\\\/#breadcrumb\",\"itemListElement\":[{\"@type\":\"ListItem\",\"position\":1,\"name\":\"Portada\",\"item\":\"https:\\\/\\\/www.laguiadepamplona.com\\\/actualidad\\\/\"},{\"@type\":\"ListItem\",\"position\":2,\"name\":\"Diez mujeres y un hombre recogen sus diplomas del curso de atenci\u00f3n a personas con demencia en el domicilio impulsado por el Ayuntamiento de Pamplona y AFAN\"}]},{\"@type\":\"WebSite\",\"@id\":\"https:\\\/\\\/www.laguiadepamplona.com\\\/actualidad\\\/#website\",\"url\":\"https:\\\/\\\/www.laguiadepamplona.com\\\/actualidad\\\/\",\"name\":\"La gu\u00eda de Pamplona\",\"description\":\"Noticias de Pamplona\",\"publisher\":{\"@id\":\"https:\\\/\\\/www.laguiadepamplona.com\\\/actualidad\\\/#organization\"},\"potentialAction\":[{\"@type\":\"SearchAction\",\"target\":{\"@type\":\"EntryPoint\",\"urlTemplate\":\"https:\\\/\\\/www.laguiadepamplona.com\\\/actualidad\\\/?s={search_term_string}\"},\"query-input\":{\"@type\":\"PropertyValueSpecification\",\"valueRequired\":true,\"valueName\":\"search_term_string\"}}],\"inLanguage\":\"es\"},{\"@type\":\"Organization\",\"@id\":\"https:\\\/\\\/www.laguiadepamplona.com\\\/actualidad\\\/#organization\",\"name\":\"La Gu\u00eda de Pamplona \\\/ Noticias\",\"url\":\"https:\\\/\\\/www.laguiadepamplona.com\\\/actualidad\\\/\",\"logo\":{\"@type\":\"ImageObject\",\"inLanguage\":\"es\",\"@id\":\"https:\\\/\\\/www.laguiadepamplona.com\\\/actualidad\\\/#\\\/schema\\\/logo\\\/image\\\/\",\"url\":\"https:\\\/\\\/www.laguiadepamplona.com\\\/actualidad\\\/wp-content\\\/uploads\\\/2018\\\/11\\\/logo-laguiadepamplona18-web1.png\",\"contentUrl\":\"https:\\\/\\\/www.laguiadepamplona.com\\\/actualidad\\\/wp-content\\\/uploads\\\/2018\\\/11\\\/logo-laguiadepamplona18-web1.png\",\"width\":600,\"height\":196,\"caption\":\"La Gu\u00eda de Pamplona \\\/ Noticias\"},\"image\":{\"@id\":\"https:\\\/\\\/www.laguiadepamplona.com\\\/actualidad\\\/#\\\/schema\\\/logo\\\/image\\\/\"},\"sameAs\":[\"https:\\\/\\\/www.facebook.com\\\/laguiadepamplonacom-133175176762273\\\/?ref=hl\",\"https:\\\/\\\/x.com\\\/LaGuiadPamplona\",\"https:\\\/\\\/www.instagram.com\\\/la_guia_de_pamplona\\\/\",\"https:\\\/\\\/www.youtube.com\\\/user\\\/laguiadepamplona\"]},{\"@type\":\"Person\",\"@id\":\"https:\\\/\\\/www.laguiadepamplona.com\\\/actualidad\\\/#\\\/schema\\\/person\\\/efe887376f0213d4657c93adc50b1fdb\",\"name\":\"La Gu\u00eda de Pamplona\",\"image\":{\"@type\":\"ImageObject\",\"inLanguage\":\"es\",\"@id\":\"https:\\\/\\\/secure.gravatar.com\\\/avatar\\\/b6992f131dc8d30ab0dff15446e9d346d9dbd95992de0fef795073f5ea83a81c?s=96&d=mm&r=g\",\"url\":\"https:\\\/\\\/secure.gravatar.com\\\/avatar\\\/b6992f131dc8d30ab0dff15446e9d346d9dbd95992de0fef795073f5ea83a81c?s=96&d=mm&r=g\",\"contentUrl\":\"https:\\\/\\\/secure.gravatar.com\\\/avatar\\\/b6992f131dc8d30ab0dff15446e9d346d9dbd95992de0fef795073f5ea83a81c?s=96&d=mm&r=g\",\"caption\":\"La Gu\u00eda de Pamplona\"}}]}<\/script>\n<!-- \/ Yoast SEO plugin. -->","yoast_head_json":{"title":"Diez mujeres y un hombre recogen sus diplomas del curso de atenci\u00f3n a personas con demencia en el domicilio impulsado por el Ayuntamiento de Pamplona y AFAN","description":"Es la d\u00e9cimo primera edici\u00f3n de una formaci\u00f3n que capacita profesionales para el sector de los cuidados y mejora la atenci\u00f3n a quien","robots":{"index":"index","follow":"follow","max-snippet":"max-snippet:-1","max-image-preview":"max-image-preview:large","max-video-preview":"max-video-preview:-1"},"canonical":"https:\/\/www.laguiadepamplona.com\/actualidad\/diez-mujeres-y-un-hombre-recogen-sus-diplomas-del-curso-de-atencion-a-personas-con-demencia-en-el-domicilio-impulsado-por-el-ayuntamiento-de-pamplona-y-afan\/","og_locale":"es_ES","og_type":"article","og_title":"Diez mujeres y un hombre recogen sus diplomas del curso de atenci\u00f3n a personas con demencia en el domicilio impulsado por el Ayuntamiento de Pamplona y AFAN","og_description":"Es la d\u00e9cimo primera edici\u00f3n de una formaci\u00f3n que capacita profesionales para el sector de los cuidados y mejora la atenci\u00f3n a quien","og_url":"https:\/\/www.laguiadepamplona.com\/actualidad\/diez-mujeres-y-un-hombre-recogen-sus-diplomas-del-curso-de-atencion-a-personas-con-demencia-en-el-domicilio-impulsado-por-el-ayuntamiento-de-pamplona-y-afan\/","og_site_name":"La Gu\u00eda de Pamplona","article_publisher":"https:\/\/www.facebook.com\/laguiadepamplonacom-133175176762273\/?ref=hl","article_published_time":"2024-11-21T16:17:21+00:00","og_image":[{"width":1000,"height":666,"url":"https:\/\/www.laguiadepamplona.com\/actualidad\/wp-content\/uploads\/2024\/11\/firmadelconvenioafan1_0.webp","type":"image\/webp"}],"author":"La Gu\u00eda de Pamplona","twitter_card":"summary_large_image","twitter_creator":"@LaGuiadPamplona","twitter_site":"@LaGuiadPamplona","twitter_misc":{"Escrito por":"La Gu\u00eda de Pamplona","Tiempo de lectura":"3 minutos"},"schema":{"@context":"https:\/\/schema.org","@graph":[{"@type":"Article","@id":"https:\/\/www.laguiadepamplona.com\/actualidad\/diez-mujeres-y-un-hombre-recogen-sus-diplomas-del-curso-de-atencion-a-personas-con-demencia-en-el-domicilio-impulsado-por-el-ayuntamiento-de-pamplona-y-afan\/#article","isPartOf":{"@id":"https:\/\/www.laguiadepamplona.com\/actualidad\/diez-mujeres-y-un-hombre-recogen-sus-diplomas-del-curso-de-atencion-a-personas-con-demencia-en-el-domicilio-impulsado-por-el-ayuntamiento-de-pamplona-y-afan\/"},"author":{"name":"La Gu\u00eda de Pamplona","@id":"https:\/\/www.laguiadepamplona.com\/actualidad\/#\/schema\/person\/efe887376f0213d4657c93adc50b1fdb"},"headline":"Diez mujeres y un hombre recogen sus diplomas del curso de atenci\u00f3n a personas con demencia en el domicilio impulsado por el Ayuntamiento de Pamplona y AFAN","datePublished":"2024-11-21T16:17:21+00:00","mainEntityOfPage":{"@id":"https:\/\/www.laguiadepamplona.com\/actualidad\/diez-mujeres-y-un-hombre-recogen-sus-diplomas-del-curso-de-atencion-a-personas-con-demencia-en-el-domicilio-impulsado-por-el-ayuntamiento-de-pamplona-y-afan\/"},"wordCount":652,"commentCount":0,"publisher":{"@id":"https:\/\/www.laguiadepamplona.com\/actualidad\/#organization"},"image":{"@id":"https:\/\/www.laguiadepamplona.com\/actualidad\/diez-mujeres-y-un-hombre-recogen-sus-diplomas-del-curso-de-atencion-a-personas-con-demencia-en-el-domicilio-impulsado-por-el-ayuntamiento-de-pamplona-y-afan\/#primaryimage"},"thumbnailUrl":"https:\/\/www.laguiadepamplona.com\/actualidad\/wp-content\/uploads\/2024\/11\/firmadelconvenioafan1_0.webp","articleSection":["Ayto Pamplona"],"inLanguage":"es","potentialAction":[{"@type":"CommentAction","name":"Comment","target":["https:\/\/www.laguiadepamplona.com\/actualidad\/diez-mujeres-y-un-hombre-recogen-sus-diplomas-del-curso-de-atencion-a-personas-con-demencia-en-el-domicilio-impulsado-por-el-ayuntamiento-de-pamplona-y-afan\/#respond"]}]},{"@type":"WebPage","@id":"https:\/\/www.laguiadepamplona.com\/actualidad\/diez-mujeres-y-un-hombre-recogen-sus-diplomas-del-curso-de-atencion-a-personas-con-demencia-en-el-domicilio-impulsado-por-el-ayuntamiento-de-pamplona-y-afan\/","url":"https:\/\/www.laguiadepamplona.com\/actualidad\/diez-mujeres-y-un-hombre-recogen-sus-diplomas-del-curso-de-atencion-a-personas-con-demencia-en-el-domicilio-impulsado-por-el-ayuntamiento-de-pamplona-y-afan\/","name":"Diez mujeres y un hombre recogen sus diplomas del curso de atenci\u00f3n a personas con demencia en el domicilio impulsado por el Ayuntamiento de Pamplona y AFAN","isPartOf":{"@id":"https:\/\/www.laguiadepamplona.com\/actualidad\/#website"},"primaryImageOfPage":{"@id":"https:\/\/www.laguiadepamplona.com\/actualidad\/diez-mujeres-y-un-hombre-recogen-sus-diplomas-del-curso-de-atencion-a-personas-con-demencia-en-el-domicilio-impulsado-por-el-ayuntamiento-de-pamplona-y-afan\/#primaryimage"},"image":{"@id":"https:\/\/www.laguiadepamplona.com\/actualidad\/diez-mujeres-y-un-hombre-recogen-sus-diplomas-del-curso-de-atencion-a-personas-con-demencia-en-el-domicilio-impulsado-por-el-ayuntamiento-de-pamplona-y-afan\/#primaryimage"},"thumbnailUrl":"https:\/\/www.laguiadepamplona.com\/actualidad\/wp-content\/uploads\/2024\/11\/firmadelconvenioafan1_0.webp","datePublished":"2024-11-21T16:17:21+00:00","description":"Es la d\u00e9cimo primera edici\u00f3n de una formaci\u00f3n que capacita profesionales para el sector de los cuidados y mejora la atenci\u00f3n a quien","breadcrumb":{"@id":"https:\/\/www.laguiadepamplona.com\/actualidad\/diez-mujeres-y-un-hombre-recogen-sus-diplomas-del-curso-de-atencion-a-personas-con-demencia-en-el-domicilio-impulsado-por-el-ayuntamiento-de-pamplona-y-afan\/#breadcrumb"},"inLanguage":"es","potentialAction":[{"@type":"ReadAction","target":["https:\/\/www.laguiadepamplona.com\/actualidad\/diez-mujeres-y-un-hombre-recogen-sus-diplomas-del-curso-de-atencion-a-personas-con-demencia-en-el-domicilio-impulsado-por-el-ayuntamiento-de-pamplona-y-afan\/"]}]},{"@type":"ImageObject","inLanguage":"es","@id":"https:\/\/www.laguiadepamplona.com\/actualidad\/diez-mujeres-y-un-hombre-recogen-sus-diplomas-del-curso-de-atencion-a-personas-con-demencia-en-el-domicilio-impulsado-por-el-ayuntamiento-de-pamplona-y-afan\/#primaryimage","url":"https:\/\/www.laguiadepamplona.com\/actualidad\/wp-content\/uploads\/2024\/11\/firmadelconvenioafan1_0.webp","contentUrl":"https:\/\/www.laguiadepamplona.com\/actualidad\/wp-content\/uploads\/2024\/11\/firmadelconvenioafan1_0.webp","width":1000,"height":666,"caption":"firma convenio afan"},{"@type":"BreadcrumbList","@id":"https:\/\/www.laguiadepamplona.com\/actualidad\/diez-mujeres-y-un-hombre-recogen-sus-diplomas-del-curso-de-atencion-a-personas-con-demencia-en-el-domicilio-impulsado-por-el-ayuntamiento-de-pamplona-y-afan\/#breadcrumb","itemListElement":[{"@type":"ListItem","position":1,"name":"Portada","item":"https:\/\/www.laguiadepamplona.com\/actualidad\/"},{"@type":"ListItem","position":2,"name":"Diez mujeres y un hombre recogen sus diplomas del curso de atenci\u00f3n a personas con demencia en el domicilio impulsado por el Ayuntamiento de Pamplona y AFAN"}]},{"@type":"WebSite","@id":"https:\/\/www.laguiadepamplona.com\/actualidad\/#website","url":"https:\/\/www.laguiadepamplona.com\/actualidad\/","name":"La gu\u00eda de Pamplona","description":"Noticias de Pamplona","publisher":{"@id":"https:\/\/www.laguiadepamplona.com\/actualidad\/#organization"},"potentialAction":[{"@type":"SearchAction","target":{"@type":"EntryPoint","urlTemplate":"https:\/\/www.laguiadepamplona.com\/actualidad\/?s={search_term_string}"},"query-input":{"@type":"PropertyValueSpecification","valueRequired":true,"valueName":"search_term_string"}}],"inLanguage":"es"},{"@type":"Organization","@id":"https:\/\/www.laguiadepamplona.com\/actualidad\/#organization","name":"La Gu\u00eda de Pamplona \/ Noticias","url":"https:\/\/www.laguiadepamplona.com\/actualidad\/","logo":{"@type":"ImageObject","inLanguage":"es","@id":"https:\/\/www.laguiadepamplona.com\/actualidad\/#\/schema\/logo\/image\/","url":"https:\/\/www.laguiadepamplona.com\/actualidad\/wp-content\/uploads\/2018\/11\/logo-laguiadepamplona18-web1.png","contentUrl":"https:\/\/www.laguiadepamplona.com\/actualidad\/wp-content\/uploads\/2018\/11\/logo-laguiadepamplona18-web1.png","width":600,"height":196,"caption":"La Gu\u00eda de Pamplona \/ Noticias"},"image":{"@id":"https:\/\/www.laguiadepamplona.com\/actualidad\/#\/schema\/logo\/image\/"},"sameAs":["https:\/\/www.facebook.com\/laguiadepamplonacom-133175176762273\/?ref=hl","https:\/\/x.com\/LaGuiadPamplona","https:\/\/www.instagram.com\/la_guia_de_pamplona\/","https:\/\/www.youtube.com\/user\/laguiadepamplona"]},{"@type":"Person","@id":"https:\/\/www.laguiadepamplona.com\/actualidad\/#\/schema\/person\/efe887376f0213d4657c93adc50b1fdb","name":"La Gu\u00eda de Pamplona","image":{"@type":"ImageObject","inLanguage":"es","@id":"https:\/\/secure.gravatar.com\/avatar\/b6992f131dc8d30ab0dff15446e9d346d9dbd95992de0fef795073f5ea83a81c?s=96&d=mm&r=g","url":"https:\/\/secure.gravatar.com\/avatar\/b6992f131dc8d30ab0dff15446e9d346d9dbd95992de0fef795073f5ea83a81c?s=96&d=mm&r=g","contentUrl":"https:\/\/secure.gravatar.com\/avatar\/b6992f131dc8d30ab0dff15446e9d346d9dbd95992de0fef795073f5ea83a81c?s=96&d=mm&r=g","caption":"La Gu\u00eda de Pamplona"}}]}},"post_mailing_queue_ids":[],"_links":{"self":[{"href":"https:\/\/www.laguiadepamplona.com\/actualidad\/wp-json\/wp\/v2\/posts\/51400","targetHints":{"allow":["GET"]}}],"collection":[{"href":"https:\/\/www.laguiadepamplona.com\/actualidad\/wp-json\/wp\/v2\/posts"}],"about":[{"href":"https:\/\/www.laguiadepamplona.com\/actualidad\/wp-json\/wp\/v2\/types\/post"}],"author":[{"embeddable":true,"href":"https:\/\/www.laguiadepamplona.com\/actualidad\/wp-json\/wp\/v2\/users\/1"}],"replies":[{"embeddable":true,"href":"https:\/\/www.laguiadepamplona.com\/actualidad\/wp-json\/wp\/v2\/comments?post=51400"}],"version-history":[{"count":1,"href":"https:\/\/www.laguiadepamplona.com\/actualidad\/wp-json\/wp\/v2\/posts\/51400\/revisions"}],"predecessor-version":[{"id":51402,"href":"https:\/\/www.laguiadepamplona.com\/actualidad\/wp-json\/wp\/v2\/posts\/51400\/revisions\/51402"}],"wp:featuredmedia":[{"embeddable":true,"href":"https:\/\/www.laguiadepamplona.com\/actualidad\/wp-json\/wp\/v2\/media\/51401"}],"wp:attachment":[{"href":"https:\/\/www.laguiadepamplona.com\/actualidad\/wp-json\/wp\/v2\/media?parent=51400"}],"wp:term":[{"taxonomy":"category","embeddable":true,"href":"https:\/\/www.laguiadepamplona.com\/actualidad\/wp-json\/wp\/v2\/categories?post=51400"},{"taxonomy":"post_tag","embeddable":true,"href":"https:\/\/www.laguiadepamplona.com\/actualidad\/wp-json\/wp\/v2\/tags?post=51400"}],"curies":[{"name":"wp","href":"https:\/\/api.w.org\/{rel}","templated":true}]}}