{"id":51398,"date":"2024-11-21T18:15:04","date_gmt":"2024-11-21T16:15:04","guid":{"rendered":"https:\/\/www.laguiadepamplona.com\/actualidad\/?p=51398"},"modified":"2024-11-21T18:15:04","modified_gmt":"2024-11-21T16:15:04","slug":"el-ayuntamiento-de-pamplona-se-suma-el-viernes-al-dia-del-sindrome-22q11-con-la-iluminacion-en-rojo-de-la-fachada-de-la-casa-consistorial","status":"publish","type":"post","link":"https:\/\/www.laguiadepamplona.com\/actualidad\/el-ayuntamiento-de-pamplona-se-suma-el-viernes-al-dia-del-sindrome-22q11-con-la-iluminacion-en-rojo-de-la-fachada-de-la-casa-consistorial\/","title":{"rendered":"El Ayuntamiento de Pamplona se suma el viernes al D\u00eda del S\u00edndrome 22q11 con la iluminaci\u00f3n en rojo de la fachada de la Casa Consistorial"},"content":{"rendered":"<p><!--more--><\/p>\n<p>La fachada de la Casa Consistorial se iluminar\u00e1 este viernes de color rojo por el S\u00edndrome 22q11. El Ayuntamiento de Pamplona se une de esta forma a la iniciativa \u2018Luces por el 22q\u2019 puesta en marcha desde hace a\u00f1os por la Asociaci\u00f3n S\u00edndrome 22q11 que busca visibilizar y sensibilizar sobre esta enfermedad.<\/p>\n<p>Por s\u00edndrome de deleci\u00f3n 22q11 se entiende un patr\u00f3n de anomal\u00edas que se producen cuando se pierde un fragmento o regi\u00f3n espec\u00edfica de ese cromosoma 22. La regi\u00f3n cromos\u00f3mica 22q11.2 alberga medio centenar de genes, algunos de los cuales controlan determinados aspectos del desarrollo embrionario. La deleci\u00f3n 22q11 tiene una afecci\u00f3n estimada en la poblaci\u00f3n general de 1 por cada 4.000 reci\u00e9n nacidos y nacidas, aunque muy posiblemente la frecuencia real sea mayor.<\/p>\n<p>Entre otras, esta enfermedad provoca anomal\u00edas cardiacas cong\u00e9nitas, hendiduras o insuficiencia de la funci\u00f3n del paladar, problemas de regulaci\u00f3n del calcio con tendencia a la hipocalcemia o la predisposici\u00f3n a infecciones en los primeros a\u00f1os de vida, con aparici\u00f3n de procesos autoinmunes. Es muy habitual tambi\u00e9n el retraso en el desarrollo del lenguaje, independientemente de que exista o no un problema asociado al paladar, as\u00ed como trastornos del comportamiento, principalmente en edad escolar.<\/p>\n","protected":false},"excerpt":{"rendered":"","protected":false},"author":1,"featured_media":36967,"comment_status":"open","ping_status":"closed","sticky":false,"template":"","format":"standard","meta":{"footnotes":""},"categories":[2],"tags":[],"class_list":["post-51398","post","type-post","status-publish","format-standard","has-post-thumbnail","hentry","category-ayuntamiento-pamplona"],"yoast_head":"<!-- This site is optimized with the Yoast SEO plugin v27.3 - https:\/\/yoast.com\/product\/yoast-seo-wordpress\/ -->\n<title>El Ayuntamiento de Pamplona se suma el viernes al D\u00eda del S\u00edndrome 22q11 con la iluminaci\u00f3n en rojo de la fachada de la Casa Consistorial<\/title>\n<meta name=\"description\" content=\"El Ayuntamiento de Pamplona se une de esta forma a la iniciativa \u2018Luces por el 22q\u2019 puesta en marcha desde hace a\u00f1os\" \/>\n<meta name=\"robots\" content=\"index, follow, max-snippet:-1, max-image-preview:large, max-video-preview:-1\" \/>\n<link rel=\"canonical\" href=\"https:\/\/www.laguiadepamplona.com\/actualidad\/el-ayuntamiento-de-pamplona-se-suma-el-viernes-al-dia-del-sindrome-22q11-con-la-iluminacion-en-rojo-de-la-fachada-de-la-casa-consistorial\/\" \/>\n<meta property=\"og:locale\" content=\"es_ES\" \/>\n<meta property=\"og:type\" content=\"article\" \/>\n<meta property=\"og:title\" content=\"El Ayuntamiento de Pamplona se suma el viernes al D\u00eda del S\u00edndrome 22q11 con la iluminaci\u00f3n en rojo de la fachada de la Casa Consistorial\" \/>\n<meta property=\"og:description\" content=\"El Ayuntamiento de Pamplona se une de esta forma a la iniciativa \u2018Luces por el 22q\u2019 puesta en marcha desde hace a\u00f1os\" \/>\n<meta property=\"og:url\" content=\"https:\/\/www.laguiadepamplona.com\/actualidad\/el-ayuntamiento-de-pamplona-se-suma-el-viernes-al-dia-del-sindrome-22q11-con-la-iluminacion-en-rojo-de-la-fachada-de-la-casa-consistorial\/\" \/>\n<meta property=\"og:site_name\" content=\"La Gu\u00eda de Pamplona\" \/>\n<meta property=\"article:publisher\" content=\"https:\/\/www.facebook.com\/laguiadepamplonacom-133175176762273\/?ref=hl\" \/>\n<meta property=\"article:published_time\" content=\"2024-11-21T16:15:04+00:00\" \/>\n<meta property=\"og:image\" content=\"https:\/\/www.laguiadepamplona.com\/actualidad\/wp-content\/uploads\/2021\/10\/ayuntamiento-rojo.jpg\" \/>\n\t<meta property=\"og:image:width\" content=\"1529\" \/>\n\t<meta property=\"og:image:height\" content=\"1019\" \/>\n\t<meta property=\"og:image:type\" content=\"image\/jpeg\" \/>\n<meta name=\"author\" content=\"La Gu\u00eda de Pamplona\" \/>\n<meta name=\"twitter:card\" content=\"summary_large_image\" \/>\n<meta name=\"twitter:creator\" content=\"@LaGuiadPamplona\" \/>\n<meta name=\"twitter:site\" content=\"@LaGuiadPamplona\" \/>\n<meta name=\"twitter:label1\" content=\"Escrito por\" \/>\n\t<meta name=\"twitter:data1\" content=\"La Gu\u00eda de Pamplona\" \/>\n\t<meta name=\"twitter:label2\" content=\"Tiempo de lectura\" \/>\n\t<meta name=\"twitter:data2\" content=\"1 minuto\" \/>\n<script type=\"application\/ld+json\" class=\"yoast-schema-graph\">{\"@context\":\"https:\\\/\\\/schema.org\",\"@graph\":[{\"@type\":\"Article\",\"@id\":\"https:\\\/\\\/www.laguiadepamplona.com\\\/actualidad\\\/el-ayuntamiento-de-pamplona-se-suma-el-viernes-al-dia-del-sindrome-22q11-con-la-iluminacion-en-rojo-de-la-fachada-de-la-casa-consistorial\\\/#article\",\"isPartOf\":{\"@id\":\"https:\\\/\\\/www.laguiadepamplona.com\\\/actualidad\\\/el-ayuntamiento-de-pamplona-se-suma-el-viernes-al-dia-del-sindrome-22q11-con-la-iluminacion-en-rojo-de-la-fachada-de-la-casa-consistorial\\\/\"},\"author\":{\"name\":\"La Gu\u00eda de Pamplona\",\"@id\":\"https:\\\/\\\/www.laguiadepamplona.com\\\/actualidad\\\/#\\\/schema\\\/person\\\/efe887376f0213d4657c93adc50b1fdb\"},\"headline\":\"El Ayuntamiento de Pamplona se suma el viernes al D\u00eda del S\u00edndrome 22q11 con la iluminaci\u00f3n en rojo de la fachada de la Casa Consistorial\",\"datePublished\":\"2024-11-21T16:15:04+00:00\",\"mainEntityOfPage\":{\"@id\":\"https:\\\/\\\/www.laguiadepamplona.com\\\/actualidad\\\/el-ayuntamiento-de-pamplona-se-suma-el-viernes-al-dia-del-sindrome-22q11-con-la-iluminacion-en-rojo-de-la-fachada-de-la-casa-consistorial\\\/\"},\"wordCount\":247,\"commentCount\":0,\"publisher\":{\"@id\":\"https:\\\/\\\/www.laguiadepamplona.com\\\/actualidad\\\/#organization\"},\"image\":{\"@id\":\"https:\\\/\\\/www.laguiadepamplona.com\\\/actualidad\\\/el-ayuntamiento-de-pamplona-se-suma-el-viernes-al-dia-del-sindrome-22q11-con-la-iluminacion-en-rojo-de-la-fachada-de-la-casa-consistorial\\\/#primaryimage\"},\"thumbnailUrl\":\"https:\\\/\\\/www.laguiadepamplona.com\\\/actualidad\\\/wp-content\\\/uploads\\\/2021\\\/10\\\/ayuntamiento-rojo.jpg\",\"articleSection\":[\"Ayto Pamplona\"],\"inLanguage\":\"es\",\"potentialAction\":[{\"@type\":\"CommentAction\",\"name\":\"Comment\",\"target\":[\"https:\\\/\\\/www.laguiadepamplona.com\\\/actualidad\\\/el-ayuntamiento-de-pamplona-se-suma-el-viernes-al-dia-del-sindrome-22q11-con-la-iluminacion-en-rojo-de-la-fachada-de-la-casa-consistorial\\\/#respond\"]}]},{\"@type\":\"WebPage\",\"@id\":\"https:\\\/\\\/www.laguiadepamplona.com\\\/actualidad\\\/el-ayuntamiento-de-pamplona-se-suma-el-viernes-al-dia-del-sindrome-22q11-con-la-iluminacion-en-rojo-de-la-fachada-de-la-casa-consistorial\\\/\",\"url\":\"https:\\\/\\\/www.laguiadepamplona.com\\\/actualidad\\\/el-ayuntamiento-de-pamplona-se-suma-el-viernes-al-dia-del-sindrome-22q11-con-la-iluminacion-en-rojo-de-la-fachada-de-la-casa-consistorial\\\/\",\"name\":\"El Ayuntamiento de Pamplona se suma el viernes al D\u00eda del S\u00edndrome 22q11 con la iluminaci\u00f3n en rojo de la fachada de la Casa Consistorial\",\"isPartOf\":{\"@id\":\"https:\\\/\\\/www.laguiadepamplona.com\\\/actualidad\\\/#website\"},\"primaryImageOfPage\":{\"@id\":\"https:\\\/\\\/www.laguiadepamplona.com\\\/actualidad\\\/el-ayuntamiento-de-pamplona-se-suma-el-viernes-al-dia-del-sindrome-22q11-con-la-iluminacion-en-rojo-de-la-fachada-de-la-casa-consistorial\\\/#primaryimage\"},\"image\":{\"@id\":\"https:\\\/\\\/www.laguiadepamplona.com\\\/actualidad\\\/el-ayuntamiento-de-pamplona-se-suma-el-viernes-al-dia-del-sindrome-22q11-con-la-iluminacion-en-rojo-de-la-fachada-de-la-casa-consistorial\\\/#primaryimage\"},\"thumbnailUrl\":\"https:\\\/\\\/www.laguiadepamplona.com\\\/actualidad\\\/wp-content\\\/uploads\\\/2021\\\/10\\\/ayuntamiento-rojo.jpg\",\"datePublished\":\"2024-11-21T16:15:04+00:00\",\"description\":\"El Ayuntamiento de Pamplona se une de esta forma a la iniciativa \u2018Luces por el 22q\u2019 puesta en marcha desde hace a\u00f1os\",\"breadcrumb\":{\"@id\":\"https:\\\/\\\/www.laguiadepamplona.com\\\/actualidad\\\/el-ayuntamiento-de-pamplona-se-suma-el-viernes-al-dia-del-sindrome-22q11-con-la-iluminacion-en-rojo-de-la-fachada-de-la-casa-consistorial\\\/#breadcrumb\"},\"inLanguage\":\"es\",\"potentialAction\":[{\"@type\":\"ReadAction\",\"target\":[\"https:\\\/\\\/www.laguiadepamplona.com\\\/actualidad\\\/el-ayuntamiento-de-pamplona-se-suma-el-viernes-al-dia-del-sindrome-22q11-con-la-iluminacion-en-rojo-de-la-fachada-de-la-casa-consistorial\\\/\"]}]},{\"@type\":\"ImageObject\",\"inLanguage\":\"es\",\"@id\":\"https:\\\/\\\/www.laguiadepamplona.com\\\/actualidad\\\/el-ayuntamiento-de-pamplona-se-suma-el-viernes-al-dia-del-sindrome-22q11-con-la-iluminacion-en-rojo-de-la-fachada-de-la-casa-consistorial\\\/#primaryimage\",\"url\":\"https:\\\/\\\/www.laguiadepamplona.com\\\/actualidad\\\/wp-content\\\/uploads\\\/2021\\\/10\\\/ayuntamiento-rojo.jpg\",\"contentUrl\":\"https:\\\/\\\/www.laguiadepamplona.com\\\/actualidad\\\/wp-content\\\/uploads\\\/2021\\\/10\\\/ayuntamiento-rojo.jpg\",\"width\":1529,\"height\":1019,\"caption\":\"ayuntamiento rojo\"},{\"@type\":\"BreadcrumbList\",\"@id\":\"https:\\\/\\\/www.laguiadepamplona.com\\\/actualidad\\\/el-ayuntamiento-de-pamplona-se-suma-el-viernes-al-dia-del-sindrome-22q11-con-la-iluminacion-en-rojo-de-la-fachada-de-la-casa-consistorial\\\/#breadcrumb\",\"itemListElement\":[{\"@type\":\"ListItem\",\"position\":1,\"name\":\"Portada\",\"item\":\"https:\\\/\\\/www.laguiadepamplona.com\\\/actualidad\\\/\"},{\"@type\":\"ListItem\",\"position\":2,\"name\":\"El Ayuntamiento de Pamplona se suma el viernes al D\u00eda del S\u00edndrome 22q11 con la iluminaci\u00f3n en rojo de la fachada de la Casa Consistorial\"}]},{\"@type\":\"WebSite\",\"@id\":\"https:\\\/\\\/www.laguiadepamplona.com\\\/actualidad\\\/#website\",\"url\":\"https:\\\/\\\/www.laguiadepamplona.com\\\/actualidad\\\/\",\"name\":\"La gu\u00eda de Pamplona\",\"description\":\"Noticias de Pamplona\",\"publisher\":{\"@id\":\"https:\\\/\\\/www.laguiadepamplona.com\\\/actualidad\\\/#organization\"},\"potentialAction\":[{\"@type\":\"SearchAction\",\"target\":{\"@type\":\"EntryPoint\",\"urlTemplate\":\"https:\\\/\\\/www.laguiadepamplona.com\\\/actualidad\\\/?s={search_term_string}\"},\"query-input\":{\"@type\":\"PropertyValueSpecification\",\"valueRequired\":true,\"valueName\":\"search_term_string\"}}],\"inLanguage\":\"es\"},{\"@type\":\"Organization\",\"@id\":\"https:\\\/\\\/www.laguiadepamplona.com\\\/actualidad\\\/#organization\",\"name\":\"La Gu\u00eda de Pamplona \\\/ Noticias\",\"url\":\"https:\\\/\\\/www.laguiadepamplona.com\\\/actualidad\\\/\",\"logo\":{\"@type\":\"ImageObject\",\"inLanguage\":\"es\",\"@id\":\"https:\\\/\\\/www.laguiadepamplona.com\\\/actualidad\\\/#\\\/schema\\\/logo\\\/image\\\/\",\"url\":\"https:\\\/\\\/www.laguiadepamplona.com\\\/actualidad\\\/wp-content\\\/uploads\\\/2018\\\/11\\\/logo-laguiadepamplona18-web1.png\",\"contentUrl\":\"https:\\\/\\\/www.laguiadepamplona.com\\\/actualidad\\\/wp-content\\\/uploads\\\/2018\\\/11\\\/logo-laguiadepamplona18-web1.png\",\"width\":600,\"height\":196,\"caption\":\"La Gu\u00eda de Pamplona \\\/ Noticias\"},\"image\":{\"@id\":\"https:\\\/\\\/www.laguiadepamplona.com\\\/actualidad\\\/#\\\/schema\\\/logo\\\/image\\\/\"},\"sameAs\":[\"https:\\\/\\\/www.facebook.com\\\/laguiadepamplonacom-133175176762273\\\/?ref=hl\",\"https:\\\/\\\/x.com\\\/LaGuiadPamplona\",\"https:\\\/\\\/www.instagram.com\\\/la_guia_de_pamplona\\\/\",\"https:\\\/\\\/www.youtube.com\\\/user\\\/laguiadepamplona\"]},{\"@type\":\"Person\",\"@id\":\"https:\\\/\\\/www.laguiadepamplona.com\\\/actualidad\\\/#\\\/schema\\\/person\\\/efe887376f0213d4657c93adc50b1fdb\",\"name\":\"La Gu\u00eda de Pamplona\",\"image\":{\"@type\":\"ImageObject\",\"inLanguage\":\"es\",\"@id\":\"https:\\\/\\\/secure.gravatar.com\\\/avatar\\\/b6992f131dc8d30ab0dff15446e9d346d9dbd95992de0fef795073f5ea83a81c?s=96&d=mm&r=g\",\"url\":\"https:\\\/\\\/secure.gravatar.com\\\/avatar\\\/b6992f131dc8d30ab0dff15446e9d346d9dbd95992de0fef795073f5ea83a81c?s=96&d=mm&r=g\",\"contentUrl\":\"https:\\\/\\\/secure.gravatar.com\\\/avatar\\\/b6992f131dc8d30ab0dff15446e9d346d9dbd95992de0fef795073f5ea83a81c?s=96&d=mm&r=g\",\"caption\":\"La Gu\u00eda de Pamplona\"}}]}<\/script>\n<!-- \/ Yoast SEO plugin. -->","yoast_head_json":{"title":"El Ayuntamiento de Pamplona se suma el viernes al D\u00eda del S\u00edndrome 22q11 con la iluminaci\u00f3n en rojo de la fachada de la Casa Consistorial","description":"El Ayuntamiento de Pamplona se une de esta forma a la iniciativa \u2018Luces por el 22q\u2019 puesta en marcha desde hace a\u00f1os","robots":{"index":"index","follow":"follow","max-snippet":"max-snippet:-1","max-image-preview":"max-image-preview:large","max-video-preview":"max-video-preview:-1"},"canonical":"https:\/\/www.laguiadepamplona.com\/actualidad\/el-ayuntamiento-de-pamplona-se-suma-el-viernes-al-dia-del-sindrome-22q11-con-la-iluminacion-en-rojo-de-la-fachada-de-la-casa-consistorial\/","og_locale":"es_ES","og_type":"article","og_title":"El Ayuntamiento de Pamplona se suma el viernes al D\u00eda del S\u00edndrome 22q11 con la iluminaci\u00f3n en rojo de la fachada de la Casa Consistorial","og_description":"El Ayuntamiento de Pamplona se une de esta forma a la iniciativa \u2018Luces por el 22q\u2019 puesta en marcha desde hace a\u00f1os","og_url":"https:\/\/www.laguiadepamplona.com\/actualidad\/el-ayuntamiento-de-pamplona-se-suma-el-viernes-al-dia-del-sindrome-22q11-con-la-iluminacion-en-rojo-de-la-fachada-de-la-casa-consistorial\/","og_site_name":"La Gu\u00eda de Pamplona","article_publisher":"https:\/\/www.facebook.com\/laguiadepamplonacom-133175176762273\/?ref=hl","article_published_time":"2024-11-21T16:15:04+00:00","og_image":[{"width":1529,"height":1019,"url":"https:\/\/www.laguiadepamplona.com\/actualidad\/wp-content\/uploads\/2021\/10\/ayuntamiento-rojo.jpg","type":"image\/jpeg"}],"author":"La Gu\u00eda de Pamplona","twitter_card":"summary_large_image","twitter_creator":"@LaGuiadPamplona","twitter_site":"@LaGuiadPamplona","twitter_misc":{"Escrito por":"La Gu\u00eda de Pamplona","Tiempo de lectura":"1 minuto"},"schema":{"@context":"https:\/\/schema.org","@graph":[{"@type":"Article","@id":"https:\/\/www.laguiadepamplona.com\/actualidad\/el-ayuntamiento-de-pamplona-se-suma-el-viernes-al-dia-del-sindrome-22q11-con-la-iluminacion-en-rojo-de-la-fachada-de-la-casa-consistorial\/#article","isPartOf":{"@id":"https:\/\/www.laguiadepamplona.com\/actualidad\/el-ayuntamiento-de-pamplona-se-suma-el-viernes-al-dia-del-sindrome-22q11-con-la-iluminacion-en-rojo-de-la-fachada-de-la-casa-consistorial\/"},"author":{"name":"La Gu\u00eda de Pamplona","@id":"https:\/\/www.laguiadepamplona.com\/actualidad\/#\/schema\/person\/efe887376f0213d4657c93adc50b1fdb"},"headline":"El Ayuntamiento de Pamplona se suma el viernes al D\u00eda del S\u00edndrome 22q11 con la iluminaci\u00f3n en rojo de la fachada de la Casa Consistorial","datePublished":"2024-11-21T16:15:04+00:00","mainEntityOfPage":{"@id":"https:\/\/www.laguiadepamplona.com\/actualidad\/el-ayuntamiento-de-pamplona-se-suma-el-viernes-al-dia-del-sindrome-22q11-con-la-iluminacion-en-rojo-de-la-fachada-de-la-casa-consistorial\/"},"wordCount":247,"commentCount":0,"publisher":{"@id":"https:\/\/www.laguiadepamplona.com\/actualidad\/#organization"},"image":{"@id":"https:\/\/www.laguiadepamplona.com\/actualidad\/el-ayuntamiento-de-pamplona-se-suma-el-viernes-al-dia-del-sindrome-22q11-con-la-iluminacion-en-rojo-de-la-fachada-de-la-casa-consistorial\/#primaryimage"},"thumbnailUrl":"https:\/\/www.laguiadepamplona.com\/actualidad\/wp-content\/uploads\/2021\/10\/ayuntamiento-rojo.jpg","articleSection":["Ayto Pamplona"],"inLanguage":"es","potentialAction":[{"@type":"CommentAction","name":"Comment","target":["https:\/\/www.laguiadepamplona.com\/actualidad\/el-ayuntamiento-de-pamplona-se-suma-el-viernes-al-dia-del-sindrome-22q11-con-la-iluminacion-en-rojo-de-la-fachada-de-la-casa-consistorial\/#respond"]}]},{"@type":"WebPage","@id":"https:\/\/www.laguiadepamplona.com\/actualidad\/el-ayuntamiento-de-pamplona-se-suma-el-viernes-al-dia-del-sindrome-22q11-con-la-iluminacion-en-rojo-de-la-fachada-de-la-casa-consistorial\/","url":"https:\/\/www.laguiadepamplona.com\/actualidad\/el-ayuntamiento-de-pamplona-se-suma-el-viernes-al-dia-del-sindrome-22q11-con-la-iluminacion-en-rojo-de-la-fachada-de-la-casa-consistorial\/","name":"El Ayuntamiento de Pamplona se suma el viernes al D\u00eda del S\u00edndrome 22q11 con la iluminaci\u00f3n en rojo de la fachada de la Casa Consistorial","isPartOf":{"@id":"https:\/\/www.laguiadepamplona.com\/actualidad\/#website"},"primaryImageOfPage":{"@id":"https:\/\/www.laguiadepamplona.com\/actualidad\/el-ayuntamiento-de-pamplona-se-suma-el-viernes-al-dia-del-sindrome-22q11-con-la-iluminacion-en-rojo-de-la-fachada-de-la-casa-consistorial\/#primaryimage"},"image":{"@id":"https:\/\/www.laguiadepamplona.com\/actualidad\/el-ayuntamiento-de-pamplona-se-suma-el-viernes-al-dia-del-sindrome-22q11-con-la-iluminacion-en-rojo-de-la-fachada-de-la-casa-consistorial\/#primaryimage"},"thumbnailUrl":"https:\/\/www.laguiadepamplona.com\/actualidad\/wp-content\/uploads\/2021\/10\/ayuntamiento-rojo.jpg","datePublished":"2024-11-21T16:15:04+00:00","description":"El Ayuntamiento de Pamplona se une de esta forma a la iniciativa \u2018Luces por el 22q\u2019 puesta en marcha desde hace a\u00f1os","breadcrumb":{"@id":"https:\/\/www.laguiadepamplona.com\/actualidad\/el-ayuntamiento-de-pamplona-se-suma-el-viernes-al-dia-del-sindrome-22q11-con-la-iluminacion-en-rojo-de-la-fachada-de-la-casa-consistorial\/#breadcrumb"},"inLanguage":"es","potentialAction":[{"@type":"ReadAction","target":["https:\/\/www.laguiadepamplona.com\/actualidad\/el-ayuntamiento-de-pamplona-se-suma-el-viernes-al-dia-del-sindrome-22q11-con-la-iluminacion-en-rojo-de-la-fachada-de-la-casa-consistorial\/"]}]},{"@type":"ImageObject","inLanguage":"es","@id":"https:\/\/www.laguiadepamplona.com\/actualidad\/el-ayuntamiento-de-pamplona-se-suma-el-viernes-al-dia-del-sindrome-22q11-con-la-iluminacion-en-rojo-de-la-fachada-de-la-casa-consistorial\/#primaryimage","url":"https:\/\/www.laguiadepamplona.com\/actualidad\/wp-content\/uploads\/2021\/10\/ayuntamiento-rojo.jpg","contentUrl":"https:\/\/www.laguiadepamplona.com\/actualidad\/wp-content\/uploads\/2021\/10\/ayuntamiento-rojo.jpg","width":1529,"height":1019,"caption":"ayuntamiento rojo"},{"@type":"BreadcrumbList","@id":"https:\/\/www.laguiadepamplona.com\/actualidad\/el-ayuntamiento-de-pamplona-se-suma-el-viernes-al-dia-del-sindrome-22q11-con-la-iluminacion-en-rojo-de-la-fachada-de-la-casa-consistorial\/#breadcrumb","itemListElement":[{"@type":"ListItem","position":1,"name":"Portada","item":"https:\/\/www.laguiadepamplona.com\/actualidad\/"},{"@type":"ListItem","position":2,"name":"El Ayuntamiento de Pamplona se suma el viernes al D\u00eda del S\u00edndrome 22q11 con la iluminaci\u00f3n en rojo de la fachada de la Casa Consistorial"}]},{"@type":"WebSite","@id":"https:\/\/www.laguiadepamplona.com\/actualidad\/#website","url":"https:\/\/www.laguiadepamplona.com\/actualidad\/","name":"La gu\u00eda de Pamplona","description":"Noticias de Pamplona","publisher":{"@id":"https:\/\/www.laguiadepamplona.com\/actualidad\/#organization"},"potentialAction":[{"@type":"SearchAction","target":{"@type":"EntryPoint","urlTemplate":"https:\/\/www.laguiadepamplona.com\/actualidad\/?s={search_term_string}"},"query-input":{"@type":"PropertyValueSpecification","valueRequired":true,"valueName":"search_term_string"}}],"inLanguage":"es"},{"@type":"Organization","@id":"https:\/\/www.laguiadepamplona.com\/actualidad\/#organization","name":"La Gu\u00eda de Pamplona \/ Noticias","url":"https:\/\/www.laguiadepamplona.com\/actualidad\/","logo":{"@type":"ImageObject","inLanguage":"es","@id":"https:\/\/www.laguiadepamplona.com\/actualidad\/#\/schema\/logo\/image\/","url":"https:\/\/www.laguiadepamplona.com\/actualidad\/wp-content\/uploads\/2018\/11\/logo-laguiadepamplona18-web1.png","contentUrl":"https:\/\/www.laguiadepamplona.com\/actualidad\/wp-content\/uploads\/2018\/11\/logo-laguiadepamplona18-web1.png","width":600,"height":196,"caption":"La Gu\u00eda de Pamplona \/ Noticias"},"image":{"@id":"https:\/\/www.laguiadepamplona.com\/actualidad\/#\/schema\/logo\/image\/"},"sameAs":["https:\/\/www.facebook.com\/laguiadepamplonacom-133175176762273\/?ref=hl","https:\/\/x.com\/LaGuiadPamplona","https:\/\/www.instagram.com\/la_guia_de_pamplona\/","https:\/\/www.youtube.com\/user\/laguiadepamplona"]},{"@type":"Person","@id":"https:\/\/www.laguiadepamplona.com\/actualidad\/#\/schema\/person\/efe887376f0213d4657c93adc50b1fdb","name":"La Gu\u00eda de Pamplona","image":{"@type":"ImageObject","inLanguage":"es","@id":"https:\/\/secure.gravatar.com\/avatar\/b6992f131dc8d30ab0dff15446e9d346d9dbd95992de0fef795073f5ea83a81c?s=96&d=mm&r=g","url":"https:\/\/secure.gravatar.com\/avatar\/b6992f131dc8d30ab0dff15446e9d346d9dbd95992de0fef795073f5ea83a81c?s=96&d=mm&r=g","contentUrl":"https:\/\/secure.gravatar.com\/avatar\/b6992f131dc8d30ab0dff15446e9d346d9dbd95992de0fef795073f5ea83a81c?s=96&d=mm&r=g","caption":"La Gu\u00eda de Pamplona"}}]}},"post_mailing_queue_ids":[],"_links":{"self":[{"href":"https:\/\/www.laguiadepamplona.com\/actualidad\/wp-json\/wp\/v2\/posts\/51398","targetHints":{"allow":["GET"]}}],"collection":[{"href":"https:\/\/www.laguiadepamplona.com\/actualidad\/wp-json\/wp\/v2\/posts"}],"about":[{"href":"https:\/\/www.laguiadepamplona.com\/actualidad\/wp-json\/wp\/v2\/types\/post"}],"author":[{"embeddable":true,"href":"https:\/\/www.laguiadepamplona.com\/actualidad\/wp-json\/wp\/v2\/users\/1"}],"replies":[{"embeddable":true,"href":"https:\/\/www.laguiadepamplona.com\/actualidad\/wp-json\/wp\/v2\/comments?post=51398"}],"version-history":[{"count":1,"href":"https:\/\/www.laguiadepamplona.com\/actualidad\/wp-json\/wp\/v2\/posts\/51398\/revisions"}],"predecessor-version":[{"id":51399,"href":"https:\/\/www.laguiadepamplona.com\/actualidad\/wp-json\/wp\/v2\/posts\/51398\/revisions\/51399"}],"wp:featuredmedia":[{"embeddable":true,"href":"https:\/\/www.laguiadepamplona.com\/actualidad\/wp-json\/wp\/v2\/media\/36967"}],"wp:attachment":[{"href":"https:\/\/www.laguiadepamplona.com\/actualidad\/wp-json\/wp\/v2\/media?parent=51398"}],"wp:term":[{"taxonomy":"category","embeddable":true,"href":"https:\/\/www.laguiadepamplona.com\/actualidad\/wp-json\/wp\/v2\/categories?post=51398"},{"taxonomy":"post_tag","embeddable":true,"href":"https:\/\/www.laguiadepamplona.com\/actualidad\/wp-json\/wp\/v2\/tags?post=51398"}],"curies":[{"name":"wp","href":"https:\/\/api.w.org\/{rel}","templated":true}]}}