{"id":51396,"date":"2024-11-21T18:14:06","date_gmt":"2024-11-21T16:14:06","guid":{"rendered":"https:\/\/www.laguiadepamplona.com\/actualidad\/?p=51396"},"modified":"2024-11-21T18:14:06","modified_gmt":"2024-11-21T16:14:06","slug":"propuesta-de-actividades-organizadas-por-el-ayuntamiento-de-pamplona-del-22-al-25-de-noviembre-con-plazas-libres","status":"publish","type":"post","link":"https:\/\/www.laguiadepamplona.com\/actualidad\/propuesta-de-actividades-organizadas-por-el-ayuntamiento-de-pamplona-del-22-al-25-de-noviembre-con-plazas-libres\/","title":{"rendered":"Propuesta de actividades organizadas por el Ayuntamiento de Pamplona del 22 al 25 de noviembre con plazas libres"},"content":{"rendered":"<p><!--more--><\/p>\n<p><strong><br \/>\nVIERNES 22 DE NOVIEMBRE<\/strong><\/p>\n<p><a href=\"https:\/\/www.pamplona.es\/actualidad\/eventos\/cafeteando-quedadas-creativas-casa-de-la-juventud\">#Cafeteando. Quedadas creativas. Casa de la Juventud, 18.30 horas. Entrada libre, hasta completar el aforo<\/a><\/p>\n<p>Tarde de manualidades y creativa en la Casa de la Juventud con una sesi\u00f3n en la que se crear\u00e1n accesorios para bolsos.<\/p>\n<p><a href=\"https:\/\/www.pamplona.es\/actualidad\/eventos\/proyeccion-documental-exopia-biblioteca-txantrea\">Proyecci\u00f3n de documental. \u2018Exopia\u2019. Biblioteca P\u00fablica de Txantrea, 19 horas. Entrada libre, hasta completar el aforo<\/a><\/p>\n<p>Documental sobre personas en busca de refugio en Europa a trav\u00e9s de la isla griega de Lesbos y Atenas. Documental que nos llega de la mano de Zaporeak, asociaci\u00f3n sin \u00e1nimo de lucro, que ofrece comida digna a las personas refugiadas que llegan a Europa. Hoy en d\u00eda contin\u00faan cocinando alimentos para mejorar las condiciones de vida de las personas refugiadas que est\u00e1n atrapadas en los campos de refugiados de Grecia. El objetivo es la divulgaci\u00f3n de la situaci\u00f3n de las personas refugiadas, principalmente en Europa y especialmente en Grecia. Viaje a Lesbos y Atenas a principios de mayo de 2023 en el cual conocimos y colaboramos con distintas ONGs que trabajaban all\u00ed.<\/p>\n<p><a href=\"https:\/\/www.pamplona.es\/actualidad\/eventos\/teatro-en-euskera-jaiaren-erregina-inpostora-baten-showa-centro-comunitario\">Ciclo de teatro. Teatro en euskera. \u201cJaiaren erregina: inpostora baten showa\u201d, con Garazi San Mart\u00edn. Centro Comunitario Salesianas, 20 horas. Entrada libre, hasta completar el aforo<\/a><\/p>\n<p>La Comisi\u00f3n de Fiestas de la Txantrea ha organizado un\u00a0<strong>ciclo de teatro<\/strong>\u00a0para varias tardes de octubre a noviembre. Las funciones se representar\u00e1n el 4 y 19 de octubre y el 8 y el 22 de noviembre, en el auditorio de Salesianas. Todas las representaciones son gratuitas.<\/p>\n<p><a href=\"https:\/\/www.pamplona.es\/actualidad\/eventos\/irunaldia-concierto-bozak-con-nerea-erbiti-lide-hernando-y-maialen-errotabehere\">Iru\u00f1aldia. Concierto. \u2018Bozak\u2019, con Nerea Erbiti, Lide Hernando y Maialen Errotabehere. Palacio del Condestable, 20 horas. Entrada libre, previa inscripci\u00f3n en<\/a> <a href=\"http:\/\/www.loraldia.eus\">www.loraldia.eus<\/a> y en <a href=\"http:\/\/www.pamplonaescultura.es\">www.pamplonaescultura.es<\/a><\/p>\n<p>Si tuvi\u00e9ramos que buscar un protagonista en la canci\u00f3n del siglo XXI, estar\u00eda conformada por una oleada de mujeres creativas. En este recital hemos sumado tres voces y encontraremos tres territorios en el escenario. La tierra navarra traer\u00e1 a Nerea Erbiti, una cantante que se mueve c\u00f3moda en el mundo del jazz. Desde Lapurdi, llega la fascinante voz de Maialen Errotabehere para presentar el disco que acaba de publicar. Soul y pop alegre son los gustos de esta cantante nacida en Baja Navarra. De Gipuzkoa llega Lide Hernando. Tras varios a\u00f1os como voz del grupo Liher, ha iniciado su carrera en solitario. Le ha puesto como nombre Bele y trabaja nuevos estilos musicales: pop, soul, funky\u2026<\/p>\n<p>&nbsp;<\/p>\n<p><strong>S\u00c1BADO 23 DE NOVIEMBRE<\/strong><\/p>\n<p><strong><a href=\"https:\/\/www.pamplona.es\/actualidad\/eventos\/de-par-de-manana-collage-casa-de-la-juventud\">De par de ma\u00f1ana. Collage. Casa de la Juventud, 11.30 horas. Entrada libre, hasta completar el aforo<\/a><\/strong><\/p>\n<p><strong>La ma\u00f1ana del s\u00e1bado se dedicar\u00e1 a las manualidades con una sesi\u00f3n para realizar un collage con distintos materiales. <\/strong><\/p>\n<p><strong><a href=\"https:\/\/www.pamplona.es\/actualidad\/eventos\/teatro-infantil-la-leyenda-del-emperador-emperadorearen-kondaira-con-patata\">Teatro infantil y familiar. Teatro de Sombras. \u2018La leyenda del emperador \/ Emperadorearen kondaira\u2019, con Patata Tropikala. Civivox Iturrama, 12.30 horas (castellano) y 18 horas (euskera). Entrada: 3 euros, previa inscripci\u00f3n en el tel\u00e9fono 010, la red Civivox o<\/a><\/strong> <a href=\"http:\/\/www.pamplonaescultura.es\">www.pamplonaescultura.es<\/a><\/p>\n<p>Cuenta la leyenda que, en la antigua China, a finales del siglo II antes de Cristo, el emperador Wu-Ti hab\u00eda perdido a su amada Wang. Cay\u00f3 en la m\u00e1s absoluta apat\u00eda. Lloraba y lloraba y cada d\u00eda una gran l\u00e1grima a la tierra ca\u00eda. Pasaban los d\u00edas y llegaban las noches y nada ni nadie lograba alegrar al emperador. Un d\u00eda, en la corte decidieron devolverle la alegr\u00eda. As\u00ed nace el teatro de sombras, con leyendas en las que las sombras tienen la capacidad de traer a la vida una persona amada que ya no est\u00e1. Dirigido a p\u00fablico infantil mayor de 4 a\u00f1os.<\/p>\n<p><a href=\"https:\/\/www.pamplona.es\/actualidad\/eventos\/irunaldia-cata-de-vino-acompanada-de-musica-mikel-inun-y-sergio-mayoral-zaldiko\">Iru\u00f1aldia. Cata de vino acompa\u00f1ada de m\u00fasica Mikel Inun y Sergio Mayoral. Zaldiko Madiko, 12.30 horas. Entrada libre, previa inscripci\u00f3n en<\/a> <a href=\"http:\/\/www.loraldia.eus\">www.loraldia.eus<\/a> y en <a href=\"http:\/\/www.pamplonaescultura.es\">www.pamplonaescultura.es<\/a><\/p>\n<p>La bodega Baztango Xurie sit\u00faa sus vi\u00f1edos en Arizkun. Desde la cosecha de 2019, trabajan la uva recogida en los vi\u00f1edos, creando vinos naturales. Mikel Inun, por su parte, public\u00f3 su primer disco en 2014 y desde entonces no ha dejado de crear ni de recorrer nuevos caminos. Tampoco se ha sentido limitado a partir del pop; comenz\u00f3 a trabajar temas propios honestos y directos, y tambi\u00e9n ha puesto m\u00fasica a las letras de varias poetas (Itxaro Borda, Miren Agur Meabe\u2026). En esta ocasi\u00f3n, llegar\u00e1 acompa\u00f1ado por el trompetista Sergio Mayoral y presentar\u00e1 una amplia variedad de temas.<\/p>\n<p><strong><a href=\"https:\/\/www.pamplona.es\/actualidad\/eventos\/cafeteando-solo-baila-casa-la-juventud\">A media tarde. \u00a1Solo baila! Casa de la Juventud, 17.30 horas. Entrada libre, hasta completar el aforo<\/a><\/strong><\/p>\n<p><strong>Antes de las actividades vespertinas organizadas, el ciclo \u2018A media tarde\u2019 propone una sesi\u00f3n de m\u00fasica y baile para pasar un buen rato. <\/strong><\/p>\n<p><a href=\"https:\/\/www.pamplona.es\/actualidad\/eventos\/cinetag-proyeccion-cinematografica-langosta-de-yorgos-lanthimos\">#Cinetag. Proyecci\u00f3n cinematogr\u00e1fica. \u2018Langosta\u2019, de Yorgos Lanthimos. Casa de la Juventud, 18 horas. Entrada libre, hasta completar el aforo<\/a><\/p>\n<p>La pel\u00edcula narra una historia de amor no convencional, ambientada en un mundo dist\u00f3pico, en el que, seg\u00fan las reglas establecidas, los solteros son arrestados y enviados a un lugar donde tienen que encontrar pareja en un plazo de 45 d\u00edas. El tema central es la soledad, el temor a morir solo, a vivir solo, y tambi\u00e9n al temor a vivir con alguien. Pel\u00edcula no recomendada a menores de 16 a\u00f1os.<\/p>\n<p><a href=\"https:\/\/www.pamplona.es\/actualidad\/eventos\/ciclo-sobre-sam-peckinpah-proyeccion-cinematografica-la-balade-cable-hogue-de\">Ciclo sobre Sam Peckinpah. Proyecci\u00f3n cinematogr\u00e1fica. \u2018La balade Cable Hogue\u2019, de Sam Peckinpah. Civivox Condestable, 19 horas. Entrada libre, previa inscripci\u00f3n en el 010, la red Civivox<\/a> o <a href=\"http:\/\/www.pamplonaescultura.es\">www.pamplonaescultura.es<\/a><\/p>\n<p>El explorador Cable Hogue es abandonado en medio del desierto por sus crueles compa\u00f1eros Taggart y Bowen, que le arrebatan la montura, el rifle y las provisiones. Despu\u00e9s de caminar bajo un sol implacable durante cuatro d\u00edas, cuando ya est\u00e1 al borde del colapso, nota que sus botas est\u00e1n h\u00famedas\u2026 En 2025, cuando se cierre este ciclo, el cineasta californiano cumplir\u00eda 100 a\u00f1os. Ciclo en colaboraci\u00f3n con Filmoteca de Navarra<\/p>\n<p><a href=\"https:\/\/www.pamplona.es\/actualidad\/eventos\/irunaldia-ai-gure-juaneteak-con-patxo-telleria-adrian-garcia-de-los-ojos-y\">Iru\u00f1aldia. Teatro y m\u00fasica en euskera. \u2018Ai gure juaneteak\u2019, con Patxo Telleria, Adri\u00e1n Garc\u00eda de los Ojos y Maider L\u00f3pez. Escuela Navarra de Teatro, 19.30 horas. Entrada: 12 euros, previa inscripci\u00f3n en<\/a> <a href=\"http:\/\/www.loraldia.eus\">www.loraldia.eus<\/a> y en <a href=\"http:\/\/www.pamplonaescultura.es\">www.pamplonaescultura.es<\/a><\/p>\n<p>\u201cAi, gure juaneteak\u201d es un espect\u00e1culo esc\u00e9nico h\u00edbrido que combina palabras y m\u00fasica. En el escenario un actor-m\u00fasico y dos m\u00fasicos-actores. El texto de la obra es una completa reinterpretaci\u00f3n de algunas canciones de Mikel Laboa. Desde la mirada actual se analizar\u00e1n canciones como \u201cHegazki errariak\u201d, \u201cIzarren hautsa\u201d, \u201cBedeinkatua\u201d, \u201cNegu hurbila\u201d, \u201cLili bat\u201d, \u201cO Pello, Pello\u201d, \u201cHaika mutil\u201d, \u201cBaga biga higa\u201d, \u201cIhes betea\u201d\u2026 Porque son partes imprescindibles de nuestro legado emocional, Patxo Telleria, dramaturgo y actor de esta obra, se ha atrevido a recodificar y reestructurar.<\/p>\n<p>&nbsp;<\/p>\n<p><strong>DOMINGO 24 DE NOVIEMBRE<\/strong><\/p>\n<p><a href=\"https:\/\/www.pamplona.es\/actualidad\/eventos\/dianas-txistularis-y-gaiteros-municipales-casco-antiguo-0\">Dianas. Txistularis y gaiteros municipales. Casco Antiguo, desde las 9 horas. Libre participaci\u00f3n<\/a><\/p>\n<p>Las tradicionales\u00a0<strong>dianas matinales<\/strong>\u00a0de los domingos, a cargo de los<strong>\u00a0txistularis y gaiteros de Pamplona<\/strong>, vuelven a las calles de la ciudad desde noviembre de 2024 a junio de 2025. Este domingo los gaiteros y los txistularis municipales actuar\u00e1n en el Casco Antiguo, recorriendo diferentes calles del barrio.<\/p>\n<p><a href=\"lona.pamplona.es\/actualidad\/eventos\/el-legado-de-sarasate-concierto-banda-municipal-de-txistularis-de-bilbao-junto\">El legado de Sarasate. Concierto. Banda Municipal de Txistularis de Bilbao, junto con alumnado del CSMN. Civivox Condestable, 12 horas. Entrada libre, hasta completar el aforo<\/a><\/p>\n<p>La Banda Municipal de Txistularis de Bilbao, una de las poqu\u00edsimas agrupaciones profesionales de tamborileros del mundo, ofrece un concierto junto con Ane Telletxea, Uxue Ardanaz e\u00a0Inar Lezaun alumnado de txistu del Conservatorio Superior de M\u00fasica de Navarra. Un espect\u00e1culo que fusiona las melod\u00edas tradicionales vascas con la m\u00fasica m\u00e1s actual.<\/p>\n<p><a href=\"pamplona.es\/actualidad\/eventos\/visita-guiada-exposicion-regalar-es-derretir-sala-de-armas\">Visita guiada. Exposici\u00f3n \u2018Regalar es derretir\u2019. Sala de Armas, 12 horas. Entrada libre, hasta completar el aforo<\/a><\/p>\n<p>\u2018Regalar es derretir\u2019 explora la noci\u00f3n de regalo como transferencia, como ap\u00e9ndice de un cuerpo que desea darse a otro. La propuesta, toma el regalo como cosa que inaugura una situaci\u00f3n, que abre un espacio. Tambi\u00e9n su capacidad para estrechar la distancia y ensanchar el v\u00ednculo. Ante la imposibilidad de dar un beso para siempre, atrapar el olor de un cuerpo o guardar una mano compa\u00f1era: el regalo.<strong> Con I\u00f1igo Villafranca Apestegu\u00eda.<\/strong><\/p>\n<p><strong>\u00a0<\/strong><\/p>\n<p><strong>LUNES 25 DE NOVIEMBRE<\/strong><\/p>\n<p><a href=\"https:\/\/www.pamplona.es\/actualidad\/eventos\/record-arte-visitas-guiadas-las-exposiciones-del-ciclo-record-arte-civivox\">Record-arte. Visitas guiadas a las exposiciones del ciclo Record-arte. Civivox Condestable, 18 horas (euskera) y 19.15 horas (castellano). Entrada libre, previa inscripci\u00f3n en el tel\u00e9fono 010, la red Civivox o<\/a> <a href=\"http:\/\/www.pamplonaescultura.es\">www.pamplonaescultura.es<\/a><\/p>\n<p>Visita a la exposici\u00f3n fotogr\u00e1fica de duelo gestacional, perinatal y neonatal; a la colecci\u00f3n de collage \u2018Apparition\u2019, con obras tratan el universo del duelo; y a la muestra \u201972 kilos\u2019, que da una visi\u00f3n de un camino necesario, complicado y solitario que podemos realizar en compa\u00f1\u00eda y esperanza. El ciclo Record-arte est\u00e1 organizado por la asociaci\u00f3n Goizargi en colaboraci\u00f3n con el Ayuntamiento de Pamplona.<\/p>\n<p><a href=\"https:\/\/www.pamplona.es\/actualidad\/eventos\/presentacion-de-libros-secretos-de-pamplona-de-juan-echenique-huarte-biblioteca\">Presentaci\u00f3n de libros. \u2018Secretos de Pamplona\u2019, de Juan Echenique Huarte. Biblioteca P\u00fablica de Milagrosa, 18.30 horas. Entrada libre, previa reserva en la biblioteca, en el tel\u00e9fono 948 24 54 60 o en<\/a> <a href=\"mailto:biblimil@navarra.es\">biblimil@navarra.es<\/a><\/p>\n<p>Las obras de Juan Echenique (\u2018Secretos de Pamplona\u2019, \u2018M\u00e1s secretos de Pamplona\u2019 y \u2018Secretos imprescindibles de Pamplona\u2019) son una de las mejores maneras para acercarnos de manera adictiva a las peque\u00f1as historias de una ciudad con mucha historia: vikingos, horcas permanentes, espect\u00e1culos taurinos ya en el siglo XIV, una catedral rom\u00e1nica anterior a la g\u00f3tica, Carlos III y sus catorce hijos\u2026 Tambi\u00e9n se pueden encontrar detalles cotidianos, como cerillas especiales para subir escaleras o ata\u00fades para pobres que se reutilizaban.<\/p>\n","protected":false},"excerpt":{"rendered":"","protected":false},"author":1,"featured_media":50736,"comment_status":"open","ping_status":"closed","sticky":false,"template":"","format":"standard","meta":{"footnotes":""},"categories":[2],"tags":[],"class_list":["post-51396","post","type-post","status-publish","format-standard","has-post-thumbnail","hentry","category-ayuntamiento-pamplona"],"yoast_head":"<!-- This site is optimized with the Yoast SEO plugin v27.3 - https:\/\/yoast.com\/product\/yoast-seo-wordpress\/ -->\n<title>Propuesta de actividades organizadas por el Ayuntamiento de Pamplona del 22 al 25 de noviembre con plazas libres<\/title>\n<meta name=\"robots\" content=\"index, follow, max-snippet:-1, max-image-preview:large, max-video-preview:-1\" \/>\n<link rel=\"canonical\" href=\"https:\/\/www.laguiadepamplona.com\/actualidad\/propuesta-de-actividades-organizadas-por-el-ayuntamiento-de-pamplona-del-22-al-25-de-noviembre-con-plazas-libres\/\" \/>\n<meta property=\"og:locale\" content=\"es_ES\" \/>\n<meta property=\"og:type\" content=\"article\" \/>\n<meta property=\"og:title\" content=\"Propuesta de actividades organizadas por el Ayuntamiento de Pamplona del 22 al 25 de noviembre con plazas libres\" \/>\n<meta property=\"og:url\" content=\"https:\/\/www.laguiadepamplona.com\/actualidad\/propuesta-de-actividades-organizadas-por-el-ayuntamiento-de-pamplona-del-22-al-25-de-noviembre-con-plazas-libres\/\" \/>\n<meta property=\"og:site_name\" content=\"La Gu\u00eda de Pamplona\" \/>\n<meta property=\"article:publisher\" content=\"https:\/\/www.facebook.com\/laguiadepamplonacom-133175176762273\/?ref=hl\" \/>\n<meta property=\"article:published_time\" content=\"2024-11-21T16:14:06+00:00\" \/>\n<meta property=\"og:image\" content=\"https:\/\/www.laguiadepamplona.com\/actualidad\/wp-content\/uploads\/2024\/09\/Fachada-Ayuntamiento_contacto-Comarca_web2.webp\" \/>\n\t<meta property=\"og:image:width\" content=\"1000\" \/>\n\t<meta property=\"og:image:height\" content=\"646\" \/>\n\t<meta property=\"og:image:type\" content=\"image\/webp\" \/>\n<meta name=\"author\" content=\"La Gu\u00eda de Pamplona\" \/>\n<meta name=\"twitter:card\" content=\"summary_large_image\" \/>\n<meta name=\"twitter:creator\" content=\"@LaGuiadPamplona\" \/>\n<meta name=\"twitter:site\" content=\"@LaGuiadPamplona\" \/>\n<meta name=\"twitter:label1\" content=\"Escrito por\" \/>\n\t<meta name=\"twitter:data1\" content=\"La Gu\u00eda de Pamplona\" \/>\n\t<meta name=\"twitter:label2\" content=\"Tiempo de lectura\" \/>\n\t<meta name=\"twitter:data2\" content=\"7 minutos\" \/>\n<script type=\"application\/ld+json\" class=\"yoast-schema-graph\">{\"@context\":\"https:\\\/\\\/schema.org\",\"@graph\":[{\"@type\":\"Article\",\"@id\":\"https:\\\/\\\/www.laguiadepamplona.com\\\/actualidad\\\/propuesta-de-actividades-organizadas-por-el-ayuntamiento-de-pamplona-del-22-al-25-de-noviembre-con-plazas-libres\\\/#article\",\"isPartOf\":{\"@id\":\"https:\\\/\\\/www.laguiadepamplona.com\\\/actualidad\\\/propuesta-de-actividades-organizadas-por-el-ayuntamiento-de-pamplona-del-22-al-25-de-noviembre-con-plazas-libres\\\/\"},\"author\":{\"name\":\"La Gu\u00eda de Pamplona\",\"@id\":\"https:\\\/\\\/www.laguiadepamplona.com\\\/actualidad\\\/#\\\/schema\\\/person\\\/efe887376f0213d4657c93adc50b1fdb\"},\"headline\":\"Propuesta de actividades organizadas por el Ayuntamiento de Pamplona del 22 al 25 de noviembre con plazas libres\",\"datePublished\":\"2024-11-21T16:14:06+00:00\",\"mainEntityOfPage\":{\"@id\":\"https:\\\/\\\/www.laguiadepamplona.com\\\/actualidad\\\/propuesta-de-actividades-organizadas-por-el-ayuntamiento-de-pamplona-del-22-al-25-de-noviembre-con-plazas-libres\\\/\"},\"wordCount\":1601,\"commentCount\":0,\"publisher\":{\"@id\":\"https:\\\/\\\/www.laguiadepamplona.com\\\/actualidad\\\/#organization\"},\"image\":{\"@id\":\"https:\\\/\\\/www.laguiadepamplona.com\\\/actualidad\\\/propuesta-de-actividades-organizadas-por-el-ayuntamiento-de-pamplona-del-22-al-25-de-noviembre-con-plazas-libres\\\/#primaryimage\"},\"thumbnailUrl\":\"https:\\\/\\\/www.laguiadepamplona.com\\\/actualidad\\\/wp-content\\\/uploads\\\/2024\\\/09\\\/Fachada-Ayuntamiento_contacto-Comarca_web2.webp\",\"articleSection\":[\"Ayto Pamplona\"],\"inLanguage\":\"es\",\"potentialAction\":[{\"@type\":\"CommentAction\",\"name\":\"Comment\",\"target\":[\"https:\\\/\\\/www.laguiadepamplona.com\\\/actualidad\\\/propuesta-de-actividades-organizadas-por-el-ayuntamiento-de-pamplona-del-22-al-25-de-noviembre-con-plazas-libres\\\/#respond\"]}]},{\"@type\":\"WebPage\",\"@id\":\"https:\\\/\\\/www.laguiadepamplona.com\\\/actualidad\\\/propuesta-de-actividades-organizadas-por-el-ayuntamiento-de-pamplona-del-22-al-25-de-noviembre-con-plazas-libres\\\/\",\"url\":\"https:\\\/\\\/www.laguiadepamplona.com\\\/actualidad\\\/propuesta-de-actividades-organizadas-por-el-ayuntamiento-de-pamplona-del-22-al-25-de-noviembre-con-plazas-libres\\\/\",\"name\":\"Propuesta de actividades organizadas por el Ayuntamiento de Pamplona del 22 al 25 de noviembre con plazas libres\",\"isPartOf\":{\"@id\":\"https:\\\/\\\/www.laguiadepamplona.com\\\/actualidad\\\/#website\"},\"primaryImageOfPage\":{\"@id\":\"https:\\\/\\\/www.laguiadepamplona.com\\\/actualidad\\\/propuesta-de-actividades-organizadas-por-el-ayuntamiento-de-pamplona-del-22-al-25-de-noviembre-con-plazas-libres\\\/#primaryimage\"},\"image\":{\"@id\":\"https:\\\/\\\/www.laguiadepamplona.com\\\/actualidad\\\/propuesta-de-actividades-organizadas-por-el-ayuntamiento-de-pamplona-del-22-al-25-de-noviembre-con-plazas-libres\\\/#primaryimage\"},\"thumbnailUrl\":\"https:\\\/\\\/www.laguiadepamplona.com\\\/actualidad\\\/wp-content\\\/uploads\\\/2024\\\/09\\\/Fachada-Ayuntamiento_contacto-Comarca_web2.webp\",\"datePublished\":\"2024-11-21T16:14:06+00:00\",\"breadcrumb\":{\"@id\":\"https:\\\/\\\/www.laguiadepamplona.com\\\/actualidad\\\/propuesta-de-actividades-organizadas-por-el-ayuntamiento-de-pamplona-del-22-al-25-de-noviembre-con-plazas-libres\\\/#breadcrumb\"},\"inLanguage\":\"es\",\"potentialAction\":[{\"@type\":\"ReadAction\",\"target\":[\"https:\\\/\\\/www.laguiadepamplona.com\\\/actualidad\\\/propuesta-de-actividades-organizadas-por-el-ayuntamiento-de-pamplona-del-22-al-25-de-noviembre-con-plazas-libres\\\/\"]}]},{\"@type\":\"ImageObject\",\"inLanguage\":\"es\",\"@id\":\"https:\\\/\\\/www.laguiadepamplona.com\\\/actualidad\\\/propuesta-de-actividades-organizadas-por-el-ayuntamiento-de-pamplona-del-22-al-25-de-noviembre-con-plazas-libres\\\/#primaryimage\",\"url\":\"https:\\\/\\\/www.laguiadepamplona.com\\\/actualidad\\\/wp-content\\\/uploads\\\/2024\\\/09\\\/Fachada-Ayuntamiento_contacto-Comarca_web2.webp\",\"contentUrl\":\"https:\\\/\\\/www.laguiadepamplona.com\\\/actualidad\\\/wp-content\\\/uploads\\\/2024\\\/09\\\/Fachada-Ayuntamiento_contacto-Comarca_web2.webp\",\"width\":1000,\"height\":646,\"caption\":\"fachada ayuntamiento\"},{\"@type\":\"BreadcrumbList\",\"@id\":\"https:\\\/\\\/www.laguiadepamplona.com\\\/actualidad\\\/propuesta-de-actividades-organizadas-por-el-ayuntamiento-de-pamplona-del-22-al-25-de-noviembre-con-plazas-libres\\\/#breadcrumb\",\"itemListElement\":[{\"@type\":\"ListItem\",\"position\":1,\"name\":\"Portada\",\"item\":\"https:\\\/\\\/www.laguiadepamplona.com\\\/actualidad\\\/\"},{\"@type\":\"ListItem\",\"position\":2,\"name\":\"Propuesta de actividades organizadas por el Ayuntamiento de Pamplona del 22 al 25 de noviembre con plazas libres\"}]},{\"@type\":\"WebSite\",\"@id\":\"https:\\\/\\\/www.laguiadepamplona.com\\\/actualidad\\\/#website\",\"url\":\"https:\\\/\\\/www.laguiadepamplona.com\\\/actualidad\\\/\",\"name\":\"La gu\u00eda de Pamplona\",\"description\":\"Noticias de Pamplona\",\"publisher\":{\"@id\":\"https:\\\/\\\/www.laguiadepamplona.com\\\/actualidad\\\/#organization\"},\"potentialAction\":[{\"@type\":\"SearchAction\",\"target\":{\"@type\":\"EntryPoint\",\"urlTemplate\":\"https:\\\/\\\/www.laguiadepamplona.com\\\/actualidad\\\/?s={search_term_string}\"},\"query-input\":{\"@type\":\"PropertyValueSpecification\",\"valueRequired\":true,\"valueName\":\"search_term_string\"}}],\"inLanguage\":\"es\"},{\"@type\":\"Organization\",\"@id\":\"https:\\\/\\\/www.laguiadepamplona.com\\\/actualidad\\\/#organization\",\"name\":\"La Gu\u00eda de Pamplona \\\/ Noticias\",\"url\":\"https:\\\/\\\/www.laguiadepamplona.com\\\/actualidad\\\/\",\"logo\":{\"@type\":\"ImageObject\",\"inLanguage\":\"es\",\"@id\":\"https:\\\/\\\/www.laguiadepamplona.com\\\/actualidad\\\/#\\\/schema\\\/logo\\\/image\\\/\",\"url\":\"https:\\\/\\\/www.laguiadepamplona.com\\\/actualidad\\\/wp-content\\\/uploads\\\/2018\\\/11\\\/logo-laguiadepamplona18-web1.png\",\"contentUrl\":\"https:\\\/\\\/www.laguiadepamplona.com\\\/actualidad\\\/wp-content\\\/uploads\\\/2018\\\/11\\\/logo-laguiadepamplona18-web1.png\",\"width\":600,\"height\":196,\"caption\":\"La Gu\u00eda de Pamplona \\\/ Noticias\"},\"image\":{\"@id\":\"https:\\\/\\\/www.laguiadepamplona.com\\\/actualidad\\\/#\\\/schema\\\/logo\\\/image\\\/\"},\"sameAs\":[\"https:\\\/\\\/www.facebook.com\\\/laguiadepamplonacom-133175176762273\\\/?ref=hl\",\"https:\\\/\\\/x.com\\\/LaGuiadPamplona\",\"https:\\\/\\\/www.instagram.com\\\/la_guia_de_pamplona\\\/\",\"https:\\\/\\\/www.youtube.com\\\/user\\\/laguiadepamplona\"]},{\"@type\":\"Person\",\"@id\":\"https:\\\/\\\/www.laguiadepamplona.com\\\/actualidad\\\/#\\\/schema\\\/person\\\/efe887376f0213d4657c93adc50b1fdb\",\"name\":\"La Gu\u00eda de Pamplona\",\"image\":{\"@type\":\"ImageObject\",\"inLanguage\":\"es\",\"@id\":\"https:\\\/\\\/secure.gravatar.com\\\/avatar\\\/b6992f131dc8d30ab0dff15446e9d346d9dbd95992de0fef795073f5ea83a81c?s=96&d=mm&r=g\",\"url\":\"https:\\\/\\\/secure.gravatar.com\\\/avatar\\\/b6992f131dc8d30ab0dff15446e9d346d9dbd95992de0fef795073f5ea83a81c?s=96&d=mm&r=g\",\"contentUrl\":\"https:\\\/\\\/secure.gravatar.com\\\/avatar\\\/b6992f131dc8d30ab0dff15446e9d346d9dbd95992de0fef795073f5ea83a81c?s=96&d=mm&r=g\",\"caption\":\"La Gu\u00eda de Pamplona\"}}]}<\/script>\n<!-- \/ Yoast SEO plugin. -->","yoast_head_json":{"title":"Propuesta de actividades organizadas por el Ayuntamiento de Pamplona del 22 al 25 de noviembre con plazas libres","robots":{"index":"index","follow":"follow","max-snippet":"max-snippet:-1","max-image-preview":"max-image-preview:large","max-video-preview":"max-video-preview:-1"},"canonical":"https:\/\/www.laguiadepamplona.com\/actualidad\/propuesta-de-actividades-organizadas-por-el-ayuntamiento-de-pamplona-del-22-al-25-de-noviembre-con-plazas-libres\/","og_locale":"es_ES","og_type":"article","og_title":"Propuesta de actividades organizadas por el Ayuntamiento de Pamplona del 22 al 25 de noviembre con plazas libres","og_url":"https:\/\/www.laguiadepamplona.com\/actualidad\/propuesta-de-actividades-organizadas-por-el-ayuntamiento-de-pamplona-del-22-al-25-de-noviembre-con-plazas-libres\/","og_site_name":"La Gu\u00eda de Pamplona","article_publisher":"https:\/\/www.facebook.com\/laguiadepamplonacom-133175176762273\/?ref=hl","article_published_time":"2024-11-21T16:14:06+00:00","og_image":[{"width":1000,"height":646,"url":"https:\/\/www.laguiadepamplona.com\/actualidad\/wp-content\/uploads\/2024\/09\/Fachada-Ayuntamiento_contacto-Comarca_web2.webp","type":"image\/webp"}],"author":"La Gu\u00eda de Pamplona","twitter_card":"summary_large_image","twitter_creator":"@LaGuiadPamplona","twitter_site":"@LaGuiadPamplona","twitter_misc":{"Escrito por":"La Gu\u00eda de Pamplona","Tiempo de lectura":"7 minutos"},"schema":{"@context":"https:\/\/schema.org","@graph":[{"@type":"Article","@id":"https:\/\/www.laguiadepamplona.com\/actualidad\/propuesta-de-actividades-organizadas-por-el-ayuntamiento-de-pamplona-del-22-al-25-de-noviembre-con-plazas-libres\/#article","isPartOf":{"@id":"https:\/\/www.laguiadepamplona.com\/actualidad\/propuesta-de-actividades-organizadas-por-el-ayuntamiento-de-pamplona-del-22-al-25-de-noviembre-con-plazas-libres\/"},"author":{"name":"La Gu\u00eda de Pamplona","@id":"https:\/\/www.laguiadepamplona.com\/actualidad\/#\/schema\/person\/efe887376f0213d4657c93adc50b1fdb"},"headline":"Propuesta de actividades organizadas por el Ayuntamiento de Pamplona del 22 al 25 de noviembre con plazas libres","datePublished":"2024-11-21T16:14:06+00:00","mainEntityOfPage":{"@id":"https:\/\/www.laguiadepamplona.com\/actualidad\/propuesta-de-actividades-organizadas-por-el-ayuntamiento-de-pamplona-del-22-al-25-de-noviembre-con-plazas-libres\/"},"wordCount":1601,"commentCount":0,"publisher":{"@id":"https:\/\/www.laguiadepamplona.com\/actualidad\/#organization"},"image":{"@id":"https:\/\/www.laguiadepamplona.com\/actualidad\/propuesta-de-actividades-organizadas-por-el-ayuntamiento-de-pamplona-del-22-al-25-de-noviembre-con-plazas-libres\/#primaryimage"},"thumbnailUrl":"https:\/\/www.laguiadepamplona.com\/actualidad\/wp-content\/uploads\/2024\/09\/Fachada-Ayuntamiento_contacto-Comarca_web2.webp","articleSection":["Ayto Pamplona"],"inLanguage":"es","potentialAction":[{"@type":"CommentAction","name":"Comment","target":["https:\/\/www.laguiadepamplona.com\/actualidad\/propuesta-de-actividades-organizadas-por-el-ayuntamiento-de-pamplona-del-22-al-25-de-noviembre-con-plazas-libres\/#respond"]}]},{"@type":"WebPage","@id":"https:\/\/www.laguiadepamplona.com\/actualidad\/propuesta-de-actividades-organizadas-por-el-ayuntamiento-de-pamplona-del-22-al-25-de-noviembre-con-plazas-libres\/","url":"https:\/\/www.laguiadepamplona.com\/actualidad\/propuesta-de-actividades-organizadas-por-el-ayuntamiento-de-pamplona-del-22-al-25-de-noviembre-con-plazas-libres\/","name":"Propuesta de actividades organizadas por el Ayuntamiento de Pamplona del 22 al 25 de noviembre con plazas libres","isPartOf":{"@id":"https:\/\/www.laguiadepamplona.com\/actualidad\/#website"},"primaryImageOfPage":{"@id":"https:\/\/www.laguiadepamplona.com\/actualidad\/propuesta-de-actividades-organizadas-por-el-ayuntamiento-de-pamplona-del-22-al-25-de-noviembre-con-plazas-libres\/#primaryimage"},"image":{"@id":"https:\/\/www.laguiadepamplona.com\/actualidad\/propuesta-de-actividades-organizadas-por-el-ayuntamiento-de-pamplona-del-22-al-25-de-noviembre-con-plazas-libres\/#primaryimage"},"thumbnailUrl":"https:\/\/www.laguiadepamplona.com\/actualidad\/wp-content\/uploads\/2024\/09\/Fachada-Ayuntamiento_contacto-Comarca_web2.webp","datePublished":"2024-11-21T16:14:06+00:00","breadcrumb":{"@id":"https:\/\/www.laguiadepamplona.com\/actualidad\/propuesta-de-actividades-organizadas-por-el-ayuntamiento-de-pamplona-del-22-al-25-de-noviembre-con-plazas-libres\/#breadcrumb"},"inLanguage":"es","potentialAction":[{"@type":"ReadAction","target":["https:\/\/www.laguiadepamplona.com\/actualidad\/propuesta-de-actividades-organizadas-por-el-ayuntamiento-de-pamplona-del-22-al-25-de-noviembre-con-plazas-libres\/"]}]},{"@type":"ImageObject","inLanguage":"es","@id":"https:\/\/www.laguiadepamplona.com\/actualidad\/propuesta-de-actividades-organizadas-por-el-ayuntamiento-de-pamplona-del-22-al-25-de-noviembre-con-plazas-libres\/#primaryimage","url":"https:\/\/www.laguiadepamplona.com\/actualidad\/wp-content\/uploads\/2024\/09\/Fachada-Ayuntamiento_contacto-Comarca_web2.webp","contentUrl":"https:\/\/www.laguiadepamplona.com\/actualidad\/wp-content\/uploads\/2024\/09\/Fachada-Ayuntamiento_contacto-Comarca_web2.webp","width":1000,"height":646,"caption":"fachada ayuntamiento"},{"@type":"BreadcrumbList","@id":"https:\/\/www.laguiadepamplona.com\/actualidad\/propuesta-de-actividades-organizadas-por-el-ayuntamiento-de-pamplona-del-22-al-25-de-noviembre-con-plazas-libres\/#breadcrumb","itemListElement":[{"@type":"ListItem","position":1,"name":"Portada","item":"https:\/\/www.laguiadepamplona.com\/actualidad\/"},{"@type":"ListItem","position":2,"name":"Propuesta de actividades organizadas por el Ayuntamiento de Pamplona del 22 al 25 de noviembre con plazas libres"}]},{"@type":"WebSite","@id":"https:\/\/www.laguiadepamplona.com\/actualidad\/#website","url":"https:\/\/www.laguiadepamplona.com\/actualidad\/","name":"La gu\u00eda de Pamplona","description":"Noticias de Pamplona","publisher":{"@id":"https:\/\/www.laguiadepamplona.com\/actualidad\/#organization"},"potentialAction":[{"@type":"SearchAction","target":{"@type":"EntryPoint","urlTemplate":"https:\/\/www.laguiadepamplona.com\/actualidad\/?s={search_term_string}"},"query-input":{"@type":"PropertyValueSpecification","valueRequired":true,"valueName":"search_term_string"}}],"inLanguage":"es"},{"@type":"Organization","@id":"https:\/\/www.laguiadepamplona.com\/actualidad\/#organization","name":"La Gu\u00eda de Pamplona \/ Noticias","url":"https:\/\/www.laguiadepamplona.com\/actualidad\/","logo":{"@type":"ImageObject","inLanguage":"es","@id":"https:\/\/www.laguiadepamplona.com\/actualidad\/#\/schema\/logo\/image\/","url":"https:\/\/www.laguiadepamplona.com\/actualidad\/wp-content\/uploads\/2018\/11\/logo-laguiadepamplona18-web1.png","contentUrl":"https:\/\/www.laguiadepamplona.com\/actualidad\/wp-content\/uploads\/2018\/11\/logo-laguiadepamplona18-web1.png","width":600,"height":196,"caption":"La Gu\u00eda de Pamplona \/ Noticias"},"image":{"@id":"https:\/\/www.laguiadepamplona.com\/actualidad\/#\/schema\/logo\/image\/"},"sameAs":["https:\/\/www.facebook.com\/laguiadepamplonacom-133175176762273\/?ref=hl","https:\/\/x.com\/LaGuiadPamplona","https:\/\/www.instagram.com\/la_guia_de_pamplona\/","https:\/\/www.youtube.com\/user\/laguiadepamplona"]},{"@type":"Person","@id":"https:\/\/www.laguiadepamplona.com\/actualidad\/#\/schema\/person\/efe887376f0213d4657c93adc50b1fdb","name":"La Gu\u00eda de Pamplona","image":{"@type":"ImageObject","inLanguage":"es","@id":"https:\/\/secure.gravatar.com\/avatar\/b6992f131dc8d30ab0dff15446e9d346d9dbd95992de0fef795073f5ea83a81c?s=96&d=mm&r=g","url":"https:\/\/secure.gravatar.com\/avatar\/b6992f131dc8d30ab0dff15446e9d346d9dbd95992de0fef795073f5ea83a81c?s=96&d=mm&r=g","contentUrl":"https:\/\/secure.gravatar.com\/avatar\/b6992f131dc8d30ab0dff15446e9d346d9dbd95992de0fef795073f5ea83a81c?s=96&d=mm&r=g","caption":"La Gu\u00eda de Pamplona"}}]}},"post_mailing_queue_ids":[],"_links":{"self":[{"href":"https:\/\/www.laguiadepamplona.com\/actualidad\/wp-json\/wp\/v2\/posts\/51396","targetHints":{"allow":["GET"]}}],"collection":[{"href":"https:\/\/www.laguiadepamplona.com\/actualidad\/wp-json\/wp\/v2\/posts"}],"about":[{"href":"https:\/\/www.laguiadepamplona.com\/actualidad\/wp-json\/wp\/v2\/types\/post"}],"author":[{"embeddable":true,"href":"https:\/\/www.laguiadepamplona.com\/actualidad\/wp-json\/wp\/v2\/users\/1"}],"replies":[{"embeddable":true,"href":"https:\/\/www.laguiadepamplona.com\/actualidad\/wp-json\/wp\/v2\/comments?post=51396"}],"version-history":[{"count":1,"href":"https:\/\/www.laguiadepamplona.com\/actualidad\/wp-json\/wp\/v2\/posts\/51396\/revisions"}],"predecessor-version":[{"id":51397,"href":"https:\/\/www.laguiadepamplona.com\/actualidad\/wp-json\/wp\/v2\/posts\/51396\/revisions\/51397"}],"wp:featuredmedia":[{"embeddable":true,"href":"https:\/\/www.laguiadepamplona.com\/actualidad\/wp-json\/wp\/v2\/media\/50736"}],"wp:attachment":[{"href":"https:\/\/www.laguiadepamplona.com\/actualidad\/wp-json\/wp\/v2\/media?parent=51396"}],"wp:term":[{"taxonomy":"category","embeddable":true,"href":"https:\/\/www.laguiadepamplona.com\/actualidad\/wp-json\/wp\/v2\/categories?post=51396"},{"taxonomy":"post_tag","embeddable":true,"href":"https:\/\/www.laguiadepamplona.com\/actualidad\/wp-json\/wp\/v2\/tags?post=51396"}],"curies":[{"name":"wp","href":"https:\/\/api.w.org\/{rel}","templated":true}]}}