{"id":51389,"date":"2024-11-20T21:11:41","date_gmt":"2024-11-20T19:11:41","guid":{"rendered":"https:\/\/www.laguiadepamplona.com\/actualidad\/?p=51389"},"modified":"2024-11-20T21:11:41","modified_gmt":"2024-11-20T19:11:41","slug":"se-constituye-la-mesa-de-la-juventud-del-ayuntamiento-de-pamplona-un-foro-de-reflexion-y-propuesta-cuya-composicion-se-mantendra-hasta-2027","status":"publish","type":"post","link":"https:\/\/www.laguiadepamplona.com\/actualidad\/se-constituye-la-mesa-de-la-juventud-del-ayuntamiento-de-pamplona-un-foro-de-reflexion-y-propuesta-cuya-composicion-se-mantendra-hasta-2027\/","title":{"rendered":"Se constituye la Mesa de la Juventud del Ayuntamiento de Pamplona, un foro de reflexi\u00f3n y propuesta cuya composici\u00f3n se mantendr\u00e1 hasta 2027"},"content":{"rendered":"<h2>Unas 40 personas representar\u00e1n los intereses j\u00f3venes en la ciudad en una edici\u00f3n con asociaciones con entidad de \u201cinvitadas\u201d, por exceso de cupo<\/h2>\n<p><!--more--><\/p>\n<p>Esta tarde se ha constituido la Mesa de la Juventud de esta legislatura con su nueva representaci\u00f3n. Presidida por el concejal delegado de Juventud, Mikel Armend\u00e1riz Barnechea la nueva Mesa se ha reunido en la Casa de la Juventud para dar inicio a sus trabajos que se extender\u00e1n durante los pr\u00f3ximos a\u00f1os. Adem\u00e1s de la presentaci\u00f3n general de sus miembros, entre los que hay representantes de m\u00e1s de 30 organizaciones juveniles y portavoces del Instituto Navarro de la Juventud, la mesa ha designado una vicepresidencia, entre las personas j\u00f3venes de las diferentes asociaciones participantes y, en su caso, la constituci\u00f3n de la Comisi\u00f3n Permanente.<\/p>\n<p>En el proceso de designaci\u00f3n de representantes en esta ocasi\u00f3n ha habido dos \u00e1mbitos en los que se han presentado m\u00e1s asociaciones de las que ten\u00edan cabida formal: el \u00e1mbito de lo social y el de la diversidad. En la idea de lograr el m\u00e1ximo de voces, finalmente, habr\u00e1 dos asociaciones invitadas, la Asociaci\u00f3n San Juan Xar Txiki y el Grupo Joven de la Asociaci\u00f3n SEI, que tendr\u00e1n voz y a la hora de votar podr\u00e1n poner en com\u00fan sus opiniones con el resto de asociaciones de su \u00e1mbito de cara a la decisi\u00f3n final.<\/p>\n<p>La Mesa de la Juventud es un \u00f3rgano que naci\u00f3 en 2001 encuadrado en la organizaci\u00f3n municipal y que se encarga de canalizar la implicaci\u00f3n de los j\u00f3venes en actuaciones municipales en materia de Juventud mediante la reflexi\u00f3n conjunta, el an\u00e1lisis y la propuesta de diferentes agentes y entidades que conforman el sector juvenil de la ciudad o para la vicepresidencia.<\/p>\n<p>En la sesi\u00f3n de esta tarde, la mesa elegir\u00e1 la representaci\u00f3n para el Consejo Interinstitucional de Juventud de la Comunidad Foral de Navarra y, como toma de contacto para quienes participan por primera vez, personal municipal informar\u00e1 a quienes participen de las l\u00edneas de trabajo del el III Plan Pamplona Joven y de los programas del \u00c1rea de Juventud del Ayuntamiento de Pamplona.<\/p>\n<p>El III Plan Pamplona Joven es el marco conceptual del Ayuntamiento de Pamplona en lo relativo a la juventud de la ciudad. Tiene como misi\u00f3n principal promover la autonom\u00eda de j\u00f3venes y construir una ciudad en la que las personas j\u00f3venes cuenten en el d\u00eda a d\u00eda y participen de forma activa y recoge m\u00e1s de un centenar de acciones agrupadas en cinco ejes fundamentales. As\u00ed, el plan aborda aspectos relacionados con la juventud emancipada, la juventud comprometida, la juventud participativa, la juventud activa y la juventud sostenible.<\/p>\n<p>&nbsp;<\/p>\n<h2><strong>Miembros oficiales de la nueva Mesa de Juventud<\/strong><\/h2>\n<p>&nbsp;<\/p>\n<table width=\"102%\">\n<tbody>\n<tr>\n<td width=\"14%\"><strong>GRUPO<\/strong><\/td>\n<td colspan=\"2\" width=\"31%\"><strong>\u00c1MBITO<\/strong><\/td>\n<td width=\"31%\"><strong>REPRESENTANTE<\/strong><\/td>\n<td width=\"23%\"><strong>ENTIDAD<\/strong><\/td>\n<\/tr>\n<tr>\n<td rowspan=\"4\" width=\"14%\"><strong>Grupo directivo<\/strong><\/td>\n<td colspan=\"2\" width=\"31%\">Presidencia<\/td>\n<td width=\"31%\">Mikel Armendariz Barnechea<\/td>\n<td width=\"23%\">Ayuntamiento de Pamplona<\/td>\n<\/tr>\n<tr>\n<td colspan=\"2\" width=\"31%\">Vicepresidencia<\/td>\n<td width=\"31%\"><\/td>\n<td width=\"23%\"><\/td>\n<\/tr>\n<tr>\n<td colspan=\"2\" width=\"31%\">Secretar\u00eda<\/td>\n<td width=\"31%\">Ruth Losada Garz\u00f3n<\/td>\n<td width=\"23%\">Ayuntamiento de Pamplona<\/td>\n<\/tr>\n<tr>\n<td colspan=\"2\" width=\"31%\">Direcci\u00f3n de \u00e1rea<\/td>\n<td width=\"31%\">Carlos Andr\u00e9s Uranga<\/td>\n<td width=\"23%\">Ayuntamiento de Pamplona<\/td>\n<\/tr>\n<tr>\n<td rowspan=\"2\" width=\"14%\"><strong>Grupo t\u00e9cnico<\/strong><\/td>\n<td colspan=\"2\" width=\"31%\">T\u00e9cnico\/a\u00a0 municipal<\/td>\n<td width=\"31%\">Elena Mozaz Vicu\u00f1a<\/td>\n<td width=\"23%\">Ayuntamiento de Pamplona<\/td>\n<\/tr>\n<tr>\n<td colspan=\"2\" width=\"31%\">Direcci\u00f3n de la Casa de la Juventud<\/td>\n<td width=\"31%\">Ana Parody Molinero<\/td>\n<td width=\"23%\">Casa de la Juventud<\/td>\n<\/tr>\n<tr>\n<td rowspan=\"6\" width=\"14%\"><strong>Grupo pol\u00edtico<\/strong><\/td>\n<td colspan=\"2\" width=\"31%\">EH Bildu<\/td>\n<td width=\"31%\">Aitziber Campion Gamboa<\/td>\n<td width=\"23%\">EH Bildu<\/td>\n<\/tr>\n<tr>\n<td colspan=\"2\" width=\"31%\">Geroa Bai<\/td>\n<td width=\"31%\">Javier Leoz Sanz<\/td>\n<td width=\"23%\">Geroa Bai<\/td>\n<\/tr>\n<tr>\n<td colspan=\"2\" width=\"31%\">Contigo Zurekin<\/td>\n<td width=\"31%\">Txema Maule\u00f3n Echeverr\u00eda<\/td>\n<td width=\"23%\">Contigo Zurekin<\/td>\n<\/tr>\n<tr>\n<td colspan=\"2\" width=\"31%\">PSN<\/td>\n<td width=\"31%\">Miguel Matellanes Muruzabal<\/td>\n<td width=\"23%\">PSN<\/td>\n<\/tr>\n<tr>\n<td colspan=\"2\" width=\"31%\">UPN<\/td>\n<td width=\"31%\">Aitor Silgado Goicoechea<\/td>\n<td width=\"23%\">UPN<\/td>\n<\/tr>\n<tr>\n<td colspan=\"2\" width=\"31%\">PP<\/td>\n<td width=\"31%\">Carmen Alba Orduna<\/td>\n<td width=\"23%\">PP<\/td>\n<\/tr>\n<tr>\n<td rowspan=\"2\" width=\"14%\"><strong>Grupo institucional<\/strong><\/td>\n<td colspan=\"2\" width=\"31%\">Representante del INJ<\/td>\n<td width=\"31%\">Txema Burgaleta Encina<\/td>\n<td width=\"23%\">Instituto Navarro de la Juventud<\/td>\n<\/tr>\n<tr>\n<td colspan=\"2\" width=\"31%\">Representante del CJN<\/td>\n<td width=\"31%\"><\/td>\n<td width=\"23%\">Consejo de la Juventud de Navarra<\/td>\n<\/tr>\n<tr>\n<td rowspan=\"25\" width=\"14%\"><strong>Ciudadan\u00eda organizada<\/strong><\/td>\n<td rowspan=\"2\" width=\"15%\">Universidades<\/td>\n<td width=\"15%\">UNAV<\/td>\n<td width=\"31%\">Almudena Ucl\u00e9s Land\u00edn<\/td>\n<td width=\"23%\">Representaci\u00f3n Estudiantil UNAV<\/td>\n<\/tr>\n<tr>\n<td width=\"15%\">UPNA<\/td>\n<td width=\"31%\">Mar\u00eda Virto Mart\u00ednez<\/td>\n<td width=\"23%\">Consejo de Estudiantes UPNA<\/td>\n<\/tr>\n<tr>\n<td rowspan=\"2\" width=\"15%\">Ocio educativo<\/td>\n<td width=\"15%\"><\/td>\n<td width=\"31%\">David Montes Ubani<\/td>\n<td width=\"23%\">J\u00f3venes para Cristo<\/td>\n<\/tr>\n<tr>\n<td width=\"15%\"><\/td>\n<td width=\"31%\"><\/td>\n<td width=\"23%\"><\/td>\n<\/tr>\n<tr>\n<td rowspan=\"2\" width=\"15%\">Colegios mayores\/<\/p>\n<p>Residencias Universitarias<\/td>\n<td width=\"15%\"><\/td>\n<td width=\"31%\">Eneko De Diego L\u00f3pez de Araya<\/td>\n<td width=\"23%\">Colegio Mayor Larraona<\/td>\n<\/tr>\n<tr>\n<td width=\"15%\"><\/td>\n<td width=\"31%\">Gresly Dayana Quintero Castillo<\/td>\n<td width=\"23%\">Co-Housing Pamplona<\/td>\n<\/tr>\n<tr>\n<td rowspan=\"2\" width=\"15%\">\u00c1mbito social<\/td>\n<td width=\"15%\"><\/td>\n<td width=\"31%\">Joshep David Gonz\u00e1lez Charry<\/td>\n<td width=\"23%\">Asociaci\u00f3n Haziak<\/td>\n<\/tr>\n<tr>\n<td width=\"15%\"><\/td>\n<td width=\"31%\">Mariangel Garc\u00eda Petrella<\/td>\n<td width=\"23%\"><strong>Eques<\/strong><\/td>\n<\/tr>\n<tr>\n<td rowspan=\"3\" width=\"15%\">\u00c1mbito econ\u00f3mico<\/td>\n<td width=\"15%\">AJE<\/td>\n<td width=\"31%\">Maider Etxaleku Esteiro<\/td>\n<td width=\"23%\">J\u00f3venes Empresarios<\/td>\n<\/tr>\n<tr>\n<td width=\"15%\">Sindicato 1<\/td>\n<td width=\"31%\">Aroa Celorrio Garc\u00eda<\/td>\n<td width=\"23%\">UGT Juventud<\/td>\n<\/tr>\n<tr>\n<td width=\"15%\">Sindicato 2<\/td>\n<td width=\"31%\">Carlos de la Torre-Verdejo Sola<\/td>\n<td width=\"23%\">CCOO<\/td>\n<\/tr>\n<tr>\n<td rowspan=\"2\" width=\"15%\">Corresponsales<\/td>\n<td width=\"15%\"><\/td>\n<td width=\"31%\">Ana Rita Luis Silva<\/td>\n<td width=\"23%\">Sant\u00edsimo Sacramento<\/td>\n<\/tr>\n<tr>\n<td width=\"15%\"><\/td>\n<td width=\"31%\">Ver\u00f3nica Stempovska Myka<\/td>\n<td width=\"23%\">I.E.S. Basoko<\/td>\n<\/tr>\n<tr>\n<td rowspan=\"4\" width=\"15%\">Sec. Juveniles Partidos<\/td>\n<td width=\"15%\">Bildu<\/td>\n<td width=\"31%\"><strong>Irati Lizarraga Osta<\/strong><\/td>\n<td width=\"23%\">EH Bildu Gazteak<\/td>\n<\/tr>\n<tr>\n<td width=\"15%\">Geroa Bai<\/td>\n<td width=\"31%\">Ra\u00fal Ayala Mart\u00ednez<\/td>\n<td width=\"23%\">Gazteok Bai (Geroa Bai)<\/td>\n<\/tr>\n<tr>\n<td width=\"15%\">Contigo Zurekin<\/td>\n<td width=\"31%\">Nahia Lizaso P\u00e9rez<\/td>\n<td width=\"23%\">Contigo-Zurekin Juventud<\/td>\n<\/tr>\n<tr>\n<td width=\"15%\">PSN<\/td>\n<td width=\"31%\">I\u00f1igo Merino Vicente<\/td>\n<td width=\"23%\">Juventudes Socialistas de Pamplona<\/td>\n<\/tr>\n<tr>\n<td width=\"15%\"><\/td>\n<td width=\"15%\">UPN<\/td>\n<td width=\"31%\">Alberto D\u00edaz Los Arcos<\/td>\n<td width=\"23%\">Juventudes Navarras<\/td>\n<\/tr>\n<tr>\n<td width=\"15%\"><\/td>\n<td width=\"15%\">PP<\/td>\n<td width=\"31%\">Alberto Guijarro Cano<\/td>\n<td width=\"23%\">Nuevas Generaciones<\/td>\n<\/tr>\n<tr>\n<td colspan=\"2\" width=\"31%\">\u00c1mbito de Igualdad de G\u00e9nero<\/td>\n<td width=\"31%\"><\/td>\n<td width=\"23%\"><\/td>\n<\/tr>\n<tr>\n<td colspan=\"2\" width=\"31%\">\u00c1mbito LGTBI<\/td>\n<td width=\"31%\">Roswell Ja\u00e9n<\/td>\n<td width=\"23%\">Navarra LGTBIQ+ Friends<\/td>\n<\/tr>\n<tr>\n<td rowspan=\"2\" width=\"15%\">Diversidad<\/td>\n<td width=\"15%\">Migraciones<\/td>\n<td width=\"31%\">Nicole Cabrera Aguilar<\/td>\n<td width=\"23%\">Asociaci\u00f3n Rumi\u00f1ahui<\/td>\n<\/tr>\n<tr>\n<td width=\"15%\">Discapacidad<\/td>\n<td width=\"31%\">Maitane Iriarte Rentero<\/td>\n<td width=\"23%\">CERMIN<\/td>\n<\/tr>\n<tr>\n<td rowspan=\"2\" width=\"15%\">Otros<\/td>\n<td width=\"15%\"><\/td>\n<td width=\"31%\">Leyre Torrecillas L\u00f3pez de Dicastillo<\/td>\n<td width=\"23%\">Asvona<\/td>\n<\/tr>\n<tr>\n<td width=\"15%\"><\/td>\n<td width=\"31%\">Lurdes L\u00f3pez Salinas<\/td>\n<td width=\"23%\">Joven Orquesta de Pamplona<\/td>\n<\/tr>\n<tr>\n<td rowspan=\"4\" width=\"14%\"><strong>Ciudadan\u00eda activa<\/strong><\/td>\n<td colspan=\"2\" width=\"31%\">Ciudadan\u00eda activa<\/td>\n<td width=\"31%\">Esther Gal\u00e1n Gil<\/td>\n<td width=\"23%\">Ciudadan\u00eda activa<\/td>\n<\/tr>\n<tr>\n<td colspan=\"2\" width=\"31%\">Ciudadan\u00eda activa<\/td>\n<td width=\"31%\">Adri\u00e1n Santamar\u00eda Larraga<\/td>\n<td width=\"23%\">Ciudadan\u00eda activa<\/td>\n<\/tr>\n<tr>\n<td colspan=\"2\" width=\"31%\">Ciudadan\u00eda activa<\/td>\n<td width=\"31%\">Iranzu Miralles Arrondo<\/td>\n<td width=\"23%\">Ciudadan\u00eda activa<\/td>\n<\/tr>\n<tr>\n<td colspan=\"2\" width=\"31%\">Ciudadan\u00eda activa<\/td>\n<td width=\"31%\"><\/td>\n<td width=\"23%\">Ciudadan\u00eda activa<\/td>\n<\/tr>\n<\/tbody>\n<\/table>\n","protected":false},"excerpt":{"rendered":"<p>Unas 40 personas representar\u00e1n los intereses j\u00f3venes en la ciudad en una edici\u00f3n con asociaciones con entidad de \u201cinvitadas\u201d, por exceso de cupo<\/p>\n","protected":false},"author":1,"featured_media":51391,"comment_status":"open","ping_status":"closed","sticky":false,"template":"","format":"standard","meta":{"footnotes":""},"categories":[2],"tags":[],"class_list":["post-51389","post","type-post","status-publish","format-standard","has-post-thumbnail","hentry","category-ayuntamiento-pamplona"],"yoast_head":"<!-- This site is optimized with the Yoast SEO plugin v27.3 - https:\/\/yoast.com\/product\/yoast-seo-wordpress\/ -->\n<title>Se constituye la Mesa de la Juventud del Ayuntamiento de Pamplona, un foro de reflexi\u00f3n y propuesta cuya composici\u00f3n se mantendr\u00e1 hasta 2027<\/title>\n<meta name=\"description\" content=\"Unas 40 personas representar\u00e1n los intereses j\u00f3venes en la ciudad en una edici\u00f3n con asociaciones con entidad de \u201cinvitadas\u201d, por exceso de cupo\" \/>\n<meta name=\"robots\" content=\"index, follow, max-snippet:-1, max-image-preview:large, max-video-preview:-1\" \/>\n<link rel=\"canonical\" href=\"https:\/\/www.laguiadepamplona.com\/actualidad\/se-constituye-la-mesa-de-la-juventud-del-ayuntamiento-de-pamplona-un-foro-de-reflexion-y-propuesta-cuya-composicion-se-mantendra-hasta-2027\/\" \/>\n<meta property=\"og:locale\" content=\"es_ES\" \/>\n<meta property=\"og:type\" content=\"article\" \/>\n<meta property=\"og:title\" content=\"Se constituye la Mesa de la Juventud del Ayuntamiento de Pamplona, un foro de reflexi\u00f3n y propuesta cuya composici\u00f3n se mantendr\u00e1 hasta 2027\" \/>\n<meta property=\"og:description\" content=\"Unas 40 personas representar\u00e1n los intereses j\u00f3venes en la ciudad en una edici\u00f3n con asociaciones con entidad de \u201cinvitadas\u201d, por exceso de cupo\" \/>\n<meta property=\"og:url\" content=\"https:\/\/www.laguiadepamplona.com\/actualidad\/se-constituye-la-mesa-de-la-juventud-del-ayuntamiento-de-pamplona-un-foro-de-reflexion-y-propuesta-cuya-composicion-se-mantendra-hasta-2027\/\" \/>\n<meta property=\"og:site_name\" content=\"La Gu\u00eda de Pamplona\" \/>\n<meta property=\"article:publisher\" content=\"https:\/\/www.facebook.com\/laguiadepamplonacom-133175176762273\/?ref=hl\" \/>\n<meta property=\"article:published_time\" content=\"2024-11-20T19:11:41+00:00\" \/>\n<meta property=\"og:image\" content=\"https:\/\/www.laguiadepamplona.com\/actualidad\/wp-content\/uploads\/2024\/11\/reuniondelamesadelajuventuddsc3512.webp\" \/>\n\t<meta property=\"og:image:width\" content=\"1000\" \/>\n\t<meta property=\"og:image:height\" content=\"666\" \/>\n\t<meta property=\"og:image:type\" content=\"image\/webp\" \/>\n<meta name=\"author\" content=\"La Gu\u00eda de Pamplona\" \/>\n<meta name=\"twitter:card\" content=\"summary_large_image\" \/>\n<meta name=\"twitter:creator\" content=\"@LaGuiadPamplona\" \/>\n<meta name=\"twitter:site\" content=\"@LaGuiadPamplona\" \/>\n<meta name=\"twitter:label1\" content=\"Escrito por\" \/>\n\t<meta name=\"twitter:data1\" content=\"La Gu\u00eda de Pamplona\" \/>\n\t<meta name=\"twitter:label2\" content=\"Tiempo de lectura\" \/>\n\t<meta name=\"twitter:data2\" content=\"4 minutos\" \/>\n<script type=\"application\/ld+json\" class=\"yoast-schema-graph\">{\"@context\":\"https:\\\/\\\/schema.org\",\"@graph\":[{\"@type\":\"Article\",\"@id\":\"https:\\\/\\\/www.laguiadepamplona.com\\\/actualidad\\\/se-constituye-la-mesa-de-la-juventud-del-ayuntamiento-de-pamplona-un-foro-de-reflexion-y-propuesta-cuya-composicion-se-mantendra-hasta-2027\\\/#article\",\"isPartOf\":{\"@id\":\"https:\\\/\\\/www.laguiadepamplona.com\\\/actualidad\\\/se-constituye-la-mesa-de-la-juventud-del-ayuntamiento-de-pamplona-un-foro-de-reflexion-y-propuesta-cuya-composicion-se-mantendra-hasta-2027\\\/\"},\"author\":{\"name\":\"La Gu\u00eda de Pamplona\",\"@id\":\"https:\\\/\\\/www.laguiadepamplona.com\\\/actualidad\\\/#\\\/schema\\\/person\\\/efe887376f0213d4657c93adc50b1fdb\"},\"headline\":\"Se constituye la Mesa de la Juventud del Ayuntamiento de Pamplona, un foro de reflexi\u00f3n y propuesta cuya composici\u00f3n se mantendr\u00e1 hasta 2027\",\"datePublished\":\"2024-11-20T19:11:41+00:00\",\"mainEntityOfPage\":{\"@id\":\"https:\\\/\\\/www.laguiadepamplona.com\\\/actualidad\\\/se-constituye-la-mesa-de-la-juventud-del-ayuntamiento-de-pamplona-un-foro-de-reflexion-y-propuesta-cuya-composicion-se-mantendra-hasta-2027\\\/\"},\"wordCount\":874,\"commentCount\":0,\"publisher\":{\"@id\":\"https:\\\/\\\/www.laguiadepamplona.com\\\/actualidad\\\/#organization\"},\"image\":{\"@id\":\"https:\\\/\\\/www.laguiadepamplona.com\\\/actualidad\\\/se-constituye-la-mesa-de-la-juventud-del-ayuntamiento-de-pamplona-un-foro-de-reflexion-y-propuesta-cuya-composicion-se-mantendra-hasta-2027\\\/#primaryimage\"},\"thumbnailUrl\":\"https:\\\/\\\/www.laguiadepamplona.com\\\/actualidad\\\/wp-content\\\/uploads\\\/2024\\\/11\\\/reuniondelamesadelajuventuddsc3512.webp\",\"articleSection\":[\"Ayto Pamplona\"],\"inLanguage\":\"es\",\"potentialAction\":[{\"@type\":\"CommentAction\",\"name\":\"Comment\",\"target\":[\"https:\\\/\\\/www.laguiadepamplona.com\\\/actualidad\\\/se-constituye-la-mesa-de-la-juventud-del-ayuntamiento-de-pamplona-un-foro-de-reflexion-y-propuesta-cuya-composicion-se-mantendra-hasta-2027\\\/#respond\"]}]},{\"@type\":\"WebPage\",\"@id\":\"https:\\\/\\\/www.laguiadepamplona.com\\\/actualidad\\\/se-constituye-la-mesa-de-la-juventud-del-ayuntamiento-de-pamplona-un-foro-de-reflexion-y-propuesta-cuya-composicion-se-mantendra-hasta-2027\\\/\",\"url\":\"https:\\\/\\\/www.laguiadepamplona.com\\\/actualidad\\\/se-constituye-la-mesa-de-la-juventud-del-ayuntamiento-de-pamplona-un-foro-de-reflexion-y-propuesta-cuya-composicion-se-mantendra-hasta-2027\\\/\",\"name\":\"Se constituye la Mesa de la Juventud del Ayuntamiento de Pamplona, un foro de reflexi\u00f3n y propuesta cuya composici\u00f3n se mantendr\u00e1 hasta 2027\",\"isPartOf\":{\"@id\":\"https:\\\/\\\/www.laguiadepamplona.com\\\/actualidad\\\/#website\"},\"primaryImageOfPage\":{\"@id\":\"https:\\\/\\\/www.laguiadepamplona.com\\\/actualidad\\\/se-constituye-la-mesa-de-la-juventud-del-ayuntamiento-de-pamplona-un-foro-de-reflexion-y-propuesta-cuya-composicion-se-mantendra-hasta-2027\\\/#primaryimage\"},\"image\":{\"@id\":\"https:\\\/\\\/www.laguiadepamplona.com\\\/actualidad\\\/se-constituye-la-mesa-de-la-juventud-del-ayuntamiento-de-pamplona-un-foro-de-reflexion-y-propuesta-cuya-composicion-se-mantendra-hasta-2027\\\/#primaryimage\"},\"thumbnailUrl\":\"https:\\\/\\\/www.laguiadepamplona.com\\\/actualidad\\\/wp-content\\\/uploads\\\/2024\\\/11\\\/reuniondelamesadelajuventuddsc3512.webp\",\"datePublished\":\"2024-11-20T19:11:41+00:00\",\"description\":\"Unas 40 personas representar\u00e1n los intereses j\u00f3venes en la ciudad en una edici\u00f3n con asociaciones con entidad de \u201cinvitadas\u201d, por exceso de cupo\",\"breadcrumb\":{\"@id\":\"https:\\\/\\\/www.laguiadepamplona.com\\\/actualidad\\\/se-constituye-la-mesa-de-la-juventud-del-ayuntamiento-de-pamplona-un-foro-de-reflexion-y-propuesta-cuya-composicion-se-mantendra-hasta-2027\\\/#breadcrumb\"},\"inLanguage\":\"es\",\"potentialAction\":[{\"@type\":\"ReadAction\",\"target\":[\"https:\\\/\\\/www.laguiadepamplona.com\\\/actualidad\\\/se-constituye-la-mesa-de-la-juventud-del-ayuntamiento-de-pamplona-un-foro-de-reflexion-y-propuesta-cuya-composicion-se-mantendra-hasta-2027\\\/\"]}]},{\"@type\":\"ImageObject\",\"inLanguage\":\"es\",\"@id\":\"https:\\\/\\\/www.laguiadepamplona.com\\\/actualidad\\\/se-constituye-la-mesa-de-la-juventud-del-ayuntamiento-de-pamplona-un-foro-de-reflexion-y-propuesta-cuya-composicion-se-mantendra-hasta-2027\\\/#primaryimage\",\"url\":\"https:\\\/\\\/www.laguiadepamplona.com\\\/actualidad\\\/wp-content\\\/uploads\\\/2024\\\/11\\\/reuniondelamesadelajuventuddsc3512.webp\",\"contentUrl\":\"https:\\\/\\\/www.laguiadepamplona.com\\\/actualidad\\\/wp-content\\\/uploads\\\/2024\\\/11\\\/reuniondelamesadelajuventuddsc3512.webp\",\"width\":1000,\"height\":666,\"caption\":\"reuni\u00f3n de la mesa de la juventud\"},{\"@type\":\"BreadcrumbList\",\"@id\":\"https:\\\/\\\/www.laguiadepamplona.com\\\/actualidad\\\/se-constituye-la-mesa-de-la-juventud-del-ayuntamiento-de-pamplona-un-foro-de-reflexion-y-propuesta-cuya-composicion-se-mantendra-hasta-2027\\\/#breadcrumb\",\"itemListElement\":[{\"@type\":\"ListItem\",\"position\":1,\"name\":\"Portada\",\"item\":\"https:\\\/\\\/www.laguiadepamplona.com\\\/actualidad\\\/\"},{\"@type\":\"ListItem\",\"position\":2,\"name\":\"Se constituye la Mesa de la Juventud del Ayuntamiento de Pamplona, un foro de reflexi\u00f3n y propuesta cuya composici\u00f3n se mantendr\u00e1 hasta 2027\"}]},{\"@type\":\"WebSite\",\"@id\":\"https:\\\/\\\/www.laguiadepamplona.com\\\/actualidad\\\/#website\",\"url\":\"https:\\\/\\\/www.laguiadepamplona.com\\\/actualidad\\\/\",\"name\":\"La gu\u00eda de Pamplona\",\"description\":\"Noticias de Pamplona\",\"publisher\":{\"@id\":\"https:\\\/\\\/www.laguiadepamplona.com\\\/actualidad\\\/#organization\"},\"potentialAction\":[{\"@type\":\"SearchAction\",\"target\":{\"@type\":\"EntryPoint\",\"urlTemplate\":\"https:\\\/\\\/www.laguiadepamplona.com\\\/actualidad\\\/?s={search_term_string}\"},\"query-input\":{\"@type\":\"PropertyValueSpecification\",\"valueRequired\":true,\"valueName\":\"search_term_string\"}}],\"inLanguage\":\"es\"},{\"@type\":\"Organization\",\"@id\":\"https:\\\/\\\/www.laguiadepamplona.com\\\/actualidad\\\/#organization\",\"name\":\"La Gu\u00eda de Pamplona \\\/ Noticias\",\"url\":\"https:\\\/\\\/www.laguiadepamplona.com\\\/actualidad\\\/\",\"logo\":{\"@type\":\"ImageObject\",\"inLanguage\":\"es\",\"@id\":\"https:\\\/\\\/www.laguiadepamplona.com\\\/actualidad\\\/#\\\/schema\\\/logo\\\/image\\\/\",\"url\":\"https:\\\/\\\/www.laguiadepamplona.com\\\/actualidad\\\/wp-content\\\/uploads\\\/2018\\\/11\\\/logo-laguiadepamplona18-web1.png\",\"contentUrl\":\"https:\\\/\\\/www.laguiadepamplona.com\\\/actualidad\\\/wp-content\\\/uploads\\\/2018\\\/11\\\/logo-laguiadepamplona18-web1.png\",\"width\":600,\"height\":196,\"caption\":\"La Gu\u00eda de Pamplona \\\/ Noticias\"},\"image\":{\"@id\":\"https:\\\/\\\/www.laguiadepamplona.com\\\/actualidad\\\/#\\\/schema\\\/logo\\\/image\\\/\"},\"sameAs\":[\"https:\\\/\\\/www.facebook.com\\\/laguiadepamplonacom-133175176762273\\\/?ref=hl\",\"https:\\\/\\\/x.com\\\/LaGuiadPamplona\",\"https:\\\/\\\/www.instagram.com\\\/la_guia_de_pamplona\\\/\",\"https:\\\/\\\/www.youtube.com\\\/user\\\/laguiadepamplona\"]},{\"@type\":\"Person\",\"@id\":\"https:\\\/\\\/www.laguiadepamplona.com\\\/actualidad\\\/#\\\/schema\\\/person\\\/efe887376f0213d4657c93adc50b1fdb\",\"name\":\"La Gu\u00eda de Pamplona\",\"image\":{\"@type\":\"ImageObject\",\"inLanguage\":\"es\",\"@id\":\"https:\\\/\\\/secure.gravatar.com\\\/avatar\\\/b6992f131dc8d30ab0dff15446e9d346d9dbd95992de0fef795073f5ea83a81c?s=96&d=mm&r=g\",\"url\":\"https:\\\/\\\/secure.gravatar.com\\\/avatar\\\/b6992f131dc8d30ab0dff15446e9d346d9dbd95992de0fef795073f5ea83a81c?s=96&d=mm&r=g\",\"contentUrl\":\"https:\\\/\\\/secure.gravatar.com\\\/avatar\\\/b6992f131dc8d30ab0dff15446e9d346d9dbd95992de0fef795073f5ea83a81c?s=96&d=mm&r=g\",\"caption\":\"La Gu\u00eda de Pamplona\"}}]}<\/script>\n<!-- \/ Yoast SEO plugin. -->","yoast_head_json":{"title":"Se constituye la Mesa de la Juventud del Ayuntamiento de Pamplona, un foro de reflexi\u00f3n y propuesta cuya composici\u00f3n se mantendr\u00e1 hasta 2027","description":"Unas 40 personas representar\u00e1n los intereses j\u00f3venes en la ciudad en una edici\u00f3n con asociaciones con entidad de \u201cinvitadas\u201d, por exceso de cupo","robots":{"index":"index","follow":"follow","max-snippet":"max-snippet:-1","max-image-preview":"max-image-preview:large","max-video-preview":"max-video-preview:-1"},"canonical":"https:\/\/www.laguiadepamplona.com\/actualidad\/se-constituye-la-mesa-de-la-juventud-del-ayuntamiento-de-pamplona-un-foro-de-reflexion-y-propuesta-cuya-composicion-se-mantendra-hasta-2027\/","og_locale":"es_ES","og_type":"article","og_title":"Se constituye la Mesa de la Juventud del Ayuntamiento de Pamplona, un foro de reflexi\u00f3n y propuesta cuya composici\u00f3n se mantendr\u00e1 hasta 2027","og_description":"Unas 40 personas representar\u00e1n los intereses j\u00f3venes en la ciudad en una edici\u00f3n con asociaciones con entidad de \u201cinvitadas\u201d, por exceso de cupo","og_url":"https:\/\/www.laguiadepamplona.com\/actualidad\/se-constituye-la-mesa-de-la-juventud-del-ayuntamiento-de-pamplona-un-foro-de-reflexion-y-propuesta-cuya-composicion-se-mantendra-hasta-2027\/","og_site_name":"La Gu\u00eda de Pamplona","article_publisher":"https:\/\/www.facebook.com\/laguiadepamplonacom-133175176762273\/?ref=hl","article_published_time":"2024-11-20T19:11:41+00:00","og_image":[{"width":1000,"height":666,"url":"https:\/\/www.laguiadepamplona.com\/actualidad\/wp-content\/uploads\/2024\/11\/reuniondelamesadelajuventuddsc3512.webp","type":"image\/webp"}],"author":"La Gu\u00eda de Pamplona","twitter_card":"summary_large_image","twitter_creator":"@LaGuiadPamplona","twitter_site":"@LaGuiadPamplona","twitter_misc":{"Escrito por":"La Gu\u00eda de Pamplona","Tiempo de lectura":"4 minutos"},"schema":{"@context":"https:\/\/schema.org","@graph":[{"@type":"Article","@id":"https:\/\/www.laguiadepamplona.com\/actualidad\/se-constituye-la-mesa-de-la-juventud-del-ayuntamiento-de-pamplona-un-foro-de-reflexion-y-propuesta-cuya-composicion-se-mantendra-hasta-2027\/#article","isPartOf":{"@id":"https:\/\/www.laguiadepamplona.com\/actualidad\/se-constituye-la-mesa-de-la-juventud-del-ayuntamiento-de-pamplona-un-foro-de-reflexion-y-propuesta-cuya-composicion-se-mantendra-hasta-2027\/"},"author":{"name":"La Gu\u00eda de Pamplona","@id":"https:\/\/www.laguiadepamplona.com\/actualidad\/#\/schema\/person\/efe887376f0213d4657c93adc50b1fdb"},"headline":"Se constituye la Mesa de la Juventud del Ayuntamiento de Pamplona, un foro de reflexi\u00f3n y propuesta cuya composici\u00f3n se mantendr\u00e1 hasta 2027","datePublished":"2024-11-20T19:11:41+00:00","mainEntityOfPage":{"@id":"https:\/\/www.laguiadepamplona.com\/actualidad\/se-constituye-la-mesa-de-la-juventud-del-ayuntamiento-de-pamplona-un-foro-de-reflexion-y-propuesta-cuya-composicion-se-mantendra-hasta-2027\/"},"wordCount":874,"commentCount":0,"publisher":{"@id":"https:\/\/www.laguiadepamplona.com\/actualidad\/#organization"},"image":{"@id":"https:\/\/www.laguiadepamplona.com\/actualidad\/se-constituye-la-mesa-de-la-juventud-del-ayuntamiento-de-pamplona-un-foro-de-reflexion-y-propuesta-cuya-composicion-se-mantendra-hasta-2027\/#primaryimage"},"thumbnailUrl":"https:\/\/www.laguiadepamplona.com\/actualidad\/wp-content\/uploads\/2024\/11\/reuniondelamesadelajuventuddsc3512.webp","articleSection":["Ayto Pamplona"],"inLanguage":"es","potentialAction":[{"@type":"CommentAction","name":"Comment","target":["https:\/\/www.laguiadepamplona.com\/actualidad\/se-constituye-la-mesa-de-la-juventud-del-ayuntamiento-de-pamplona-un-foro-de-reflexion-y-propuesta-cuya-composicion-se-mantendra-hasta-2027\/#respond"]}]},{"@type":"WebPage","@id":"https:\/\/www.laguiadepamplona.com\/actualidad\/se-constituye-la-mesa-de-la-juventud-del-ayuntamiento-de-pamplona-un-foro-de-reflexion-y-propuesta-cuya-composicion-se-mantendra-hasta-2027\/","url":"https:\/\/www.laguiadepamplona.com\/actualidad\/se-constituye-la-mesa-de-la-juventud-del-ayuntamiento-de-pamplona-un-foro-de-reflexion-y-propuesta-cuya-composicion-se-mantendra-hasta-2027\/","name":"Se constituye la Mesa de la Juventud del Ayuntamiento de Pamplona, un foro de reflexi\u00f3n y propuesta cuya composici\u00f3n se mantendr\u00e1 hasta 2027","isPartOf":{"@id":"https:\/\/www.laguiadepamplona.com\/actualidad\/#website"},"primaryImageOfPage":{"@id":"https:\/\/www.laguiadepamplona.com\/actualidad\/se-constituye-la-mesa-de-la-juventud-del-ayuntamiento-de-pamplona-un-foro-de-reflexion-y-propuesta-cuya-composicion-se-mantendra-hasta-2027\/#primaryimage"},"image":{"@id":"https:\/\/www.laguiadepamplona.com\/actualidad\/se-constituye-la-mesa-de-la-juventud-del-ayuntamiento-de-pamplona-un-foro-de-reflexion-y-propuesta-cuya-composicion-se-mantendra-hasta-2027\/#primaryimage"},"thumbnailUrl":"https:\/\/www.laguiadepamplona.com\/actualidad\/wp-content\/uploads\/2024\/11\/reuniondelamesadelajuventuddsc3512.webp","datePublished":"2024-11-20T19:11:41+00:00","description":"Unas 40 personas representar\u00e1n los intereses j\u00f3venes en la ciudad en una edici\u00f3n con asociaciones con entidad de \u201cinvitadas\u201d, por exceso de cupo","breadcrumb":{"@id":"https:\/\/www.laguiadepamplona.com\/actualidad\/se-constituye-la-mesa-de-la-juventud-del-ayuntamiento-de-pamplona-un-foro-de-reflexion-y-propuesta-cuya-composicion-se-mantendra-hasta-2027\/#breadcrumb"},"inLanguage":"es","potentialAction":[{"@type":"ReadAction","target":["https:\/\/www.laguiadepamplona.com\/actualidad\/se-constituye-la-mesa-de-la-juventud-del-ayuntamiento-de-pamplona-un-foro-de-reflexion-y-propuesta-cuya-composicion-se-mantendra-hasta-2027\/"]}]},{"@type":"ImageObject","inLanguage":"es","@id":"https:\/\/www.laguiadepamplona.com\/actualidad\/se-constituye-la-mesa-de-la-juventud-del-ayuntamiento-de-pamplona-un-foro-de-reflexion-y-propuesta-cuya-composicion-se-mantendra-hasta-2027\/#primaryimage","url":"https:\/\/www.laguiadepamplona.com\/actualidad\/wp-content\/uploads\/2024\/11\/reuniondelamesadelajuventuddsc3512.webp","contentUrl":"https:\/\/www.laguiadepamplona.com\/actualidad\/wp-content\/uploads\/2024\/11\/reuniondelamesadelajuventuddsc3512.webp","width":1000,"height":666,"caption":"reuni\u00f3n de la mesa de la juventud"},{"@type":"BreadcrumbList","@id":"https:\/\/www.laguiadepamplona.com\/actualidad\/se-constituye-la-mesa-de-la-juventud-del-ayuntamiento-de-pamplona-un-foro-de-reflexion-y-propuesta-cuya-composicion-se-mantendra-hasta-2027\/#breadcrumb","itemListElement":[{"@type":"ListItem","position":1,"name":"Portada","item":"https:\/\/www.laguiadepamplona.com\/actualidad\/"},{"@type":"ListItem","position":2,"name":"Se constituye la Mesa de la Juventud del Ayuntamiento de Pamplona, un foro de reflexi\u00f3n y propuesta cuya composici\u00f3n se mantendr\u00e1 hasta 2027"}]},{"@type":"WebSite","@id":"https:\/\/www.laguiadepamplona.com\/actualidad\/#website","url":"https:\/\/www.laguiadepamplona.com\/actualidad\/","name":"La gu\u00eda de Pamplona","description":"Noticias de Pamplona","publisher":{"@id":"https:\/\/www.laguiadepamplona.com\/actualidad\/#organization"},"potentialAction":[{"@type":"SearchAction","target":{"@type":"EntryPoint","urlTemplate":"https:\/\/www.laguiadepamplona.com\/actualidad\/?s={search_term_string}"},"query-input":{"@type":"PropertyValueSpecification","valueRequired":true,"valueName":"search_term_string"}}],"inLanguage":"es"},{"@type":"Organization","@id":"https:\/\/www.laguiadepamplona.com\/actualidad\/#organization","name":"La Gu\u00eda de Pamplona \/ Noticias","url":"https:\/\/www.laguiadepamplona.com\/actualidad\/","logo":{"@type":"ImageObject","inLanguage":"es","@id":"https:\/\/www.laguiadepamplona.com\/actualidad\/#\/schema\/logo\/image\/","url":"https:\/\/www.laguiadepamplona.com\/actualidad\/wp-content\/uploads\/2018\/11\/logo-laguiadepamplona18-web1.png","contentUrl":"https:\/\/www.laguiadepamplona.com\/actualidad\/wp-content\/uploads\/2018\/11\/logo-laguiadepamplona18-web1.png","width":600,"height":196,"caption":"La Gu\u00eda de Pamplona \/ Noticias"},"image":{"@id":"https:\/\/www.laguiadepamplona.com\/actualidad\/#\/schema\/logo\/image\/"},"sameAs":["https:\/\/www.facebook.com\/laguiadepamplonacom-133175176762273\/?ref=hl","https:\/\/x.com\/LaGuiadPamplona","https:\/\/www.instagram.com\/la_guia_de_pamplona\/","https:\/\/www.youtube.com\/user\/laguiadepamplona"]},{"@type":"Person","@id":"https:\/\/www.laguiadepamplona.com\/actualidad\/#\/schema\/person\/efe887376f0213d4657c93adc50b1fdb","name":"La Gu\u00eda de Pamplona","image":{"@type":"ImageObject","inLanguage":"es","@id":"https:\/\/secure.gravatar.com\/avatar\/b6992f131dc8d30ab0dff15446e9d346d9dbd95992de0fef795073f5ea83a81c?s=96&d=mm&r=g","url":"https:\/\/secure.gravatar.com\/avatar\/b6992f131dc8d30ab0dff15446e9d346d9dbd95992de0fef795073f5ea83a81c?s=96&d=mm&r=g","contentUrl":"https:\/\/secure.gravatar.com\/avatar\/b6992f131dc8d30ab0dff15446e9d346d9dbd95992de0fef795073f5ea83a81c?s=96&d=mm&r=g","caption":"La Gu\u00eda de Pamplona"}}]}},"post_mailing_queue_ids":[],"_links":{"self":[{"href":"https:\/\/www.laguiadepamplona.com\/actualidad\/wp-json\/wp\/v2\/posts\/51389","targetHints":{"allow":["GET"]}}],"collection":[{"href":"https:\/\/www.laguiadepamplona.com\/actualidad\/wp-json\/wp\/v2\/posts"}],"about":[{"href":"https:\/\/www.laguiadepamplona.com\/actualidad\/wp-json\/wp\/v2\/types\/post"}],"author":[{"embeddable":true,"href":"https:\/\/www.laguiadepamplona.com\/actualidad\/wp-json\/wp\/v2\/users\/1"}],"replies":[{"embeddable":true,"href":"https:\/\/www.laguiadepamplona.com\/actualidad\/wp-json\/wp\/v2\/comments?post=51389"}],"version-history":[{"count":2,"href":"https:\/\/www.laguiadepamplona.com\/actualidad\/wp-json\/wp\/v2\/posts\/51389\/revisions"}],"predecessor-version":[{"id":51392,"href":"https:\/\/www.laguiadepamplona.com\/actualidad\/wp-json\/wp\/v2\/posts\/51389\/revisions\/51392"}],"wp:featuredmedia":[{"embeddable":true,"href":"https:\/\/www.laguiadepamplona.com\/actualidad\/wp-json\/wp\/v2\/media\/51391"}],"wp:attachment":[{"href":"https:\/\/www.laguiadepamplona.com\/actualidad\/wp-json\/wp\/v2\/media?parent=51389"}],"wp:term":[{"taxonomy":"category","embeddable":true,"href":"https:\/\/www.laguiadepamplona.com\/actualidad\/wp-json\/wp\/v2\/categories?post=51389"},{"taxonomy":"post_tag","embeddable":true,"href":"https:\/\/www.laguiadepamplona.com\/actualidad\/wp-json\/wp\/v2\/tags?post=51389"}],"curies":[{"name":"wp","href":"https:\/\/api.w.org\/{rel}","templated":true}]}}