{"id":51384,"date":"2024-11-20T17:57:23","date_gmt":"2024-11-20T15:57:23","guid":{"rendered":"https:\/\/www.laguiadepamplona.com\/actualidad\/?p=51384"},"modified":"2024-11-20T17:57:23","modified_gmt":"2024-11-20T15:57:23","slug":"el-ayuntamiento-de-pamplona-aprueba-la-convocatoria-de-una-oposicion-para-la-cobertura-de-una-plaza-tecnica-en-materia-de-seguridad","status":"publish","type":"post","link":"https:\/\/www.laguiadepamplona.com\/actualidad\/el-ayuntamiento-de-pamplona-aprueba-la-convocatoria-de-una-oposicion-para-la-cobertura-de-una-plaza-tecnica-en-materia-de-seguridad\/","title":{"rendered":"El Ayuntamiento de Pamplona aprueba la convocatoria de una oposici\u00f3n para la cobertura de una plaza t\u00e9cnica en materia de seguridad"},"content":{"rendered":"<h2>La prueba dar\u00e1 comienzo a partir del mes de marzo, con pruebas f\u00edsicas y un test te\u00f3rico<\/h2>\n<p><!--more--><\/p>\n<p>La Junta de Gobierno Local ha aprobado una convocatoria de oposici\u00f3n para la cobertura de una plaza de titulado\/a superior t\u00e9cnico\/a en materias de seguridad. Se trata de una plaza en r\u00e9gimen funcionarial de nivel A al servicio del Ayuntamiento de Pamplona y sus organismos aut\u00f3nomos. El plazo de treinta d\u00edas para la presentaci\u00f3n de instancias comenzar\u00e1 al d\u00eda siguiente de su publicaci\u00f3n en el Bolet\u00edn Oficial de Navarra. Se prev\u00e9 que la oposici\u00f3n d\u00e9 comienzo a partir del mes de marzo.<\/p>\n<p>Las personas que quieran apuntarse deber\u00e1n cumplir los habituales requisitos de nacionalidad y edad, adem\u00e1s de poseer la capacidad f\u00edsica y ps\u00edquica para el ejercicio de las funciones del puesto, no hallarse inhabilitadas ni suspendidas para el ejercicio de funciones p\u00fablicas y no haber sido separada del servicio de una administraci\u00f3n p\u00fablica. Asimismo, deben contar con t\u00edtulo universitario de grado, de licenciatura, de ingenier\u00eda, de arquitectura o t\u00edtulo declarado equivalente. Por \u00faltimo, las personas que se inscriban deben estar en posesi\u00f3n del permiso de conducir veh\u00edculo de clase B. La tasa a abonar en concepto de derechos de examen y formalizaci\u00f3n de expedientes es de 25,50 euros.<\/p>\n<p>La oposici\u00f3n constar\u00e1 de dos pruebas. La primera de ellas ser\u00e1 una prueba f\u00edsica que consistir\u00e1 en la superaci\u00f3n de tres ejercicios, press banca o prueba de levantamiento de peso, ejercicio de agilidad (test de Barrow) y carrera de resistencia (test de Curse Navette). Los ejercicios ser\u00e1n calificados como \u2018apto\u2019 o \u2018no apto\u2019 en funci\u00f3n de las marcas que se hagan. Las personas que no obtengan la calificaci\u00f3n de \u2018aptas\u2019 en los tres ejercicios quedar\u00e1n eliminadas.<\/p>\n<p>La segunda prueba tendr\u00e1 car\u00e1cter te\u00f3rico y consistir\u00e1 en contestar por escrito a un cuestionario de un m\u00e1ximo de 100 preguntas tipo test, con cuatro alternativas de respuesta, de las que solo una de ellas ser\u00e1 v\u00e1lida. Las preguntas versar\u00e1n sobre las materias contenidas en el temario que figura en el anexo I de esta convocatoria. Cada respuesta incorrecta penalizar\u00e1 una tercera parte del valor de un acierto. Esta segunda prueba tendr\u00e1 una puntuaci\u00f3n m\u00e1xima de 100 puntos y la superar\u00e1n aquellas personas que obtengan al menos 50 puntos.<\/p>\n","protected":false},"excerpt":{"rendered":"<p>La prueba dar\u00e1 comienzo a partir del mes de marzo, con pruebas f\u00edsicas y un test te\u00f3rico<\/p>\n","protected":false},"author":1,"featured_media":50736,"comment_status":"open","ping_status":"closed","sticky":false,"template":"","format":"standard","meta":{"footnotes":""},"categories":[2],"tags":[],"class_list":["post-51384","post","type-post","status-publish","format-standard","has-post-thumbnail","hentry","category-ayuntamiento-pamplona"],"yoast_head":"<!-- This site is optimized with the Yoast SEO plugin v27.3 - https:\/\/yoast.com\/product\/yoast-seo-wordpress\/ -->\n<title>El Ayuntamiento de Pamplona aprueba la convocatoria de una oposici\u00f3n para la cobertura de una plaza t\u00e9cnica en materia de seguridad<\/title>\n<meta name=\"description\" content=\"La prueba dar\u00e1 comienzo a partir del mes de marzo, con pruebas f\u00edsicas y un test te\u00f3rico\" \/>\n<meta name=\"robots\" content=\"index, follow, max-snippet:-1, max-image-preview:large, max-video-preview:-1\" \/>\n<link rel=\"canonical\" href=\"https:\/\/www.laguiadepamplona.com\/actualidad\/el-ayuntamiento-de-pamplona-aprueba-la-convocatoria-de-una-oposicion-para-la-cobertura-de-una-plaza-tecnica-en-materia-de-seguridad\/\" \/>\n<meta property=\"og:locale\" content=\"es_ES\" \/>\n<meta property=\"og:type\" content=\"article\" \/>\n<meta property=\"og:title\" content=\"El Ayuntamiento de Pamplona aprueba la convocatoria de una oposici\u00f3n para la cobertura de una plaza t\u00e9cnica en materia de seguridad\" \/>\n<meta property=\"og:description\" content=\"La prueba dar\u00e1 comienzo a partir del mes de marzo, con pruebas f\u00edsicas y un test te\u00f3rico\" \/>\n<meta property=\"og:url\" content=\"https:\/\/www.laguiadepamplona.com\/actualidad\/el-ayuntamiento-de-pamplona-aprueba-la-convocatoria-de-una-oposicion-para-la-cobertura-de-una-plaza-tecnica-en-materia-de-seguridad\/\" \/>\n<meta property=\"og:site_name\" content=\"La Gu\u00eda de Pamplona\" \/>\n<meta property=\"article:publisher\" content=\"https:\/\/www.facebook.com\/laguiadepamplonacom-133175176762273\/?ref=hl\" \/>\n<meta property=\"article:published_time\" content=\"2024-11-20T15:57:23+00:00\" \/>\n<meta property=\"og:image\" content=\"https:\/\/www.laguiadepamplona.com\/actualidad\/wp-content\/uploads\/2024\/09\/Fachada-Ayuntamiento_contacto-Comarca_web2.webp\" \/>\n\t<meta property=\"og:image:width\" content=\"1000\" \/>\n\t<meta property=\"og:image:height\" content=\"646\" \/>\n\t<meta property=\"og:image:type\" content=\"image\/webp\" \/>\n<meta name=\"author\" content=\"La Gu\u00eda de Pamplona\" \/>\n<meta name=\"twitter:card\" content=\"summary_large_image\" \/>\n<meta name=\"twitter:creator\" content=\"@LaGuiadPamplona\" \/>\n<meta name=\"twitter:site\" content=\"@LaGuiadPamplona\" \/>\n<meta name=\"twitter:label1\" content=\"Escrito por\" \/>\n\t<meta name=\"twitter:data1\" content=\"La Gu\u00eda de Pamplona\" \/>\n\t<meta name=\"twitter:label2\" content=\"Tiempo de lectura\" \/>\n\t<meta name=\"twitter:data2\" content=\"2 minutos\" \/>\n<script type=\"application\/ld+json\" class=\"yoast-schema-graph\">{\"@context\":\"https:\\\/\\\/schema.org\",\"@graph\":[{\"@type\":\"Article\",\"@id\":\"https:\\\/\\\/www.laguiadepamplona.com\\\/actualidad\\\/el-ayuntamiento-de-pamplona-aprueba-la-convocatoria-de-una-oposicion-para-la-cobertura-de-una-plaza-tecnica-en-materia-de-seguridad\\\/#article\",\"isPartOf\":{\"@id\":\"https:\\\/\\\/www.laguiadepamplona.com\\\/actualidad\\\/el-ayuntamiento-de-pamplona-aprueba-la-convocatoria-de-una-oposicion-para-la-cobertura-de-una-plaza-tecnica-en-materia-de-seguridad\\\/\"},\"author\":{\"name\":\"La Gu\u00eda de Pamplona\",\"@id\":\"https:\\\/\\\/www.laguiadepamplona.com\\\/actualidad\\\/#\\\/schema\\\/person\\\/efe887376f0213d4657c93adc50b1fdb\"},\"headline\":\"El Ayuntamiento de Pamplona aprueba la convocatoria de una oposici\u00f3n para la cobertura de una plaza t\u00e9cnica en materia de seguridad\",\"datePublished\":\"2024-11-20T15:57:23+00:00\",\"mainEntityOfPage\":{\"@id\":\"https:\\\/\\\/www.laguiadepamplona.com\\\/actualidad\\\/el-ayuntamiento-de-pamplona-aprueba-la-convocatoria-de-una-oposicion-para-la-cobertura-de-una-plaza-tecnica-en-materia-de-seguridad\\\/\"},\"wordCount\":432,\"commentCount\":0,\"publisher\":{\"@id\":\"https:\\\/\\\/www.laguiadepamplona.com\\\/actualidad\\\/#organization\"},\"image\":{\"@id\":\"https:\\\/\\\/www.laguiadepamplona.com\\\/actualidad\\\/el-ayuntamiento-de-pamplona-aprueba-la-convocatoria-de-una-oposicion-para-la-cobertura-de-una-plaza-tecnica-en-materia-de-seguridad\\\/#primaryimage\"},\"thumbnailUrl\":\"https:\\\/\\\/www.laguiadepamplona.com\\\/actualidad\\\/wp-content\\\/uploads\\\/2024\\\/09\\\/Fachada-Ayuntamiento_contacto-Comarca_web2.webp\",\"articleSection\":[\"Ayto Pamplona\"],\"inLanguage\":\"es\",\"potentialAction\":[{\"@type\":\"CommentAction\",\"name\":\"Comment\",\"target\":[\"https:\\\/\\\/www.laguiadepamplona.com\\\/actualidad\\\/el-ayuntamiento-de-pamplona-aprueba-la-convocatoria-de-una-oposicion-para-la-cobertura-de-una-plaza-tecnica-en-materia-de-seguridad\\\/#respond\"]}]},{\"@type\":\"WebPage\",\"@id\":\"https:\\\/\\\/www.laguiadepamplona.com\\\/actualidad\\\/el-ayuntamiento-de-pamplona-aprueba-la-convocatoria-de-una-oposicion-para-la-cobertura-de-una-plaza-tecnica-en-materia-de-seguridad\\\/\",\"url\":\"https:\\\/\\\/www.laguiadepamplona.com\\\/actualidad\\\/el-ayuntamiento-de-pamplona-aprueba-la-convocatoria-de-una-oposicion-para-la-cobertura-de-una-plaza-tecnica-en-materia-de-seguridad\\\/\",\"name\":\"El Ayuntamiento de Pamplona aprueba la convocatoria de una oposici\u00f3n para la cobertura de una plaza t\u00e9cnica en materia de seguridad\",\"isPartOf\":{\"@id\":\"https:\\\/\\\/www.laguiadepamplona.com\\\/actualidad\\\/#website\"},\"primaryImageOfPage\":{\"@id\":\"https:\\\/\\\/www.laguiadepamplona.com\\\/actualidad\\\/el-ayuntamiento-de-pamplona-aprueba-la-convocatoria-de-una-oposicion-para-la-cobertura-de-una-plaza-tecnica-en-materia-de-seguridad\\\/#primaryimage\"},\"image\":{\"@id\":\"https:\\\/\\\/www.laguiadepamplona.com\\\/actualidad\\\/el-ayuntamiento-de-pamplona-aprueba-la-convocatoria-de-una-oposicion-para-la-cobertura-de-una-plaza-tecnica-en-materia-de-seguridad\\\/#primaryimage\"},\"thumbnailUrl\":\"https:\\\/\\\/www.laguiadepamplona.com\\\/actualidad\\\/wp-content\\\/uploads\\\/2024\\\/09\\\/Fachada-Ayuntamiento_contacto-Comarca_web2.webp\",\"datePublished\":\"2024-11-20T15:57:23+00:00\",\"description\":\"La prueba dar\u00e1 comienzo a partir del mes de marzo, con pruebas f\u00edsicas y un test te\u00f3rico\",\"breadcrumb\":{\"@id\":\"https:\\\/\\\/www.laguiadepamplona.com\\\/actualidad\\\/el-ayuntamiento-de-pamplona-aprueba-la-convocatoria-de-una-oposicion-para-la-cobertura-de-una-plaza-tecnica-en-materia-de-seguridad\\\/#breadcrumb\"},\"inLanguage\":\"es\",\"potentialAction\":[{\"@type\":\"ReadAction\",\"target\":[\"https:\\\/\\\/www.laguiadepamplona.com\\\/actualidad\\\/el-ayuntamiento-de-pamplona-aprueba-la-convocatoria-de-una-oposicion-para-la-cobertura-de-una-plaza-tecnica-en-materia-de-seguridad\\\/\"]}]},{\"@type\":\"ImageObject\",\"inLanguage\":\"es\",\"@id\":\"https:\\\/\\\/www.laguiadepamplona.com\\\/actualidad\\\/el-ayuntamiento-de-pamplona-aprueba-la-convocatoria-de-una-oposicion-para-la-cobertura-de-una-plaza-tecnica-en-materia-de-seguridad\\\/#primaryimage\",\"url\":\"https:\\\/\\\/www.laguiadepamplona.com\\\/actualidad\\\/wp-content\\\/uploads\\\/2024\\\/09\\\/Fachada-Ayuntamiento_contacto-Comarca_web2.webp\",\"contentUrl\":\"https:\\\/\\\/www.laguiadepamplona.com\\\/actualidad\\\/wp-content\\\/uploads\\\/2024\\\/09\\\/Fachada-Ayuntamiento_contacto-Comarca_web2.webp\",\"width\":1000,\"height\":646,\"caption\":\"fachada ayuntamiento\"},{\"@type\":\"BreadcrumbList\",\"@id\":\"https:\\\/\\\/www.laguiadepamplona.com\\\/actualidad\\\/el-ayuntamiento-de-pamplona-aprueba-la-convocatoria-de-una-oposicion-para-la-cobertura-de-una-plaza-tecnica-en-materia-de-seguridad\\\/#breadcrumb\",\"itemListElement\":[{\"@type\":\"ListItem\",\"position\":1,\"name\":\"Portada\",\"item\":\"https:\\\/\\\/www.laguiadepamplona.com\\\/actualidad\\\/\"},{\"@type\":\"ListItem\",\"position\":2,\"name\":\"El Ayuntamiento de Pamplona aprueba la convocatoria de una oposici\u00f3n para la cobertura de una plaza t\u00e9cnica en materia de seguridad\"}]},{\"@type\":\"WebSite\",\"@id\":\"https:\\\/\\\/www.laguiadepamplona.com\\\/actualidad\\\/#website\",\"url\":\"https:\\\/\\\/www.laguiadepamplona.com\\\/actualidad\\\/\",\"name\":\"La gu\u00eda de Pamplona\",\"description\":\"Noticias de Pamplona\",\"publisher\":{\"@id\":\"https:\\\/\\\/www.laguiadepamplona.com\\\/actualidad\\\/#organization\"},\"potentialAction\":[{\"@type\":\"SearchAction\",\"target\":{\"@type\":\"EntryPoint\",\"urlTemplate\":\"https:\\\/\\\/www.laguiadepamplona.com\\\/actualidad\\\/?s={search_term_string}\"},\"query-input\":{\"@type\":\"PropertyValueSpecification\",\"valueRequired\":true,\"valueName\":\"search_term_string\"}}],\"inLanguage\":\"es\"},{\"@type\":\"Organization\",\"@id\":\"https:\\\/\\\/www.laguiadepamplona.com\\\/actualidad\\\/#organization\",\"name\":\"La Gu\u00eda de Pamplona \\\/ Noticias\",\"url\":\"https:\\\/\\\/www.laguiadepamplona.com\\\/actualidad\\\/\",\"logo\":{\"@type\":\"ImageObject\",\"inLanguage\":\"es\",\"@id\":\"https:\\\/\\\/www.laguiadepamplona.com\\\/actualidad\\\/#\\\/schema\\\/logo\\\/image\\\/\",\"url\":\"https:\\\/\\\/www.laguiadepamplona.com\\\/actualidad\\\/wp-content\\\/uploads\\\/2018\\\/11\\\/logo-laguiadepamplona18-web1.png\",\"contentUrl\":\"https:\\\/\\\/www.laguiadepamplona.com\\\/actualidad\\\/wp-content\\\/uploads\\\/2018\\\/11\\\/logo-laguiadepamplona18-web1.png\",\"width\":600,\"height\":196,\"caption\":\"La Gu\u00eda de Pamplona \\\/ Noticias\"},\"image\":{\"@id\":\"https:\\\/\\\/www.laguiadepamplona.com\\\/actualidad\\\/#\\\/schema\\\/logo\\\/image\\\/\"},\"sameAs\":[\"https:\\\/\\\/www.facebook.com\\\/laguiadepamplonacom-133175176762273\\\/?ref=hl\",\"https:\\\/\\\/x.com\\\/LaGuiadPamplona\",\"https:\\\/\\\/www.instagram.com\\\/la_guia_de_pamplona\\\/\",\"https:\\\/\\\/www.youtube.com\\\/user\\\/laguiadepamplona\"]},{\"@type\":\"Person\",\"@id\":\"https:\\\/\\\/www.laguiadepamplona.com\\\/actualidad\\\/#\\\/schema\\\/person\\\/efe887376f0213d4657c93adc50b1fdb\",\"name\":\"La Gu\u00eda de Pamplona\",\"image\":{\"@type\":\"ImageObject\",\"inLanguage\":\"es\",\"@id\":\"https:\\\/\\\/secure.gravatar.com\\\/avatar\\\/b6992f131dc8d30ab0dff15446e9d346d9dbd95992de0fef795073f5ea83a81c?s=96&d=mm&r=g\",\"url\":\"https:\\\/\\\/secure.gravatar.com\\\/avatar\\\/b6992f131dc8d30ab0dff15446e9d346d9dbd95992de0fef795073f5ea83a81c?s=96&d=mm&r=g\",\"contentUrl\":\"https:\\\/\\\/secure.gravatar.com\\\/avatar\\\/b6992f131dc8d30ab0dff15446e9d346d9dbd95992de0fef795073f5ea83a81c?s=96&d=mm&r=g\",\"caption\":\"La Gu\u00eda de Pamplona\"}}]}<\/script>\n<!-- \/ Yoast SEO plugin. -->","yoast_head_json":{"title":"El Ayuntamiento de Pamplona aprueba la convocatoria de una oposici\u00f3n para la cobertura de una plaza t\u00e9cnica en materia de seguridad","description":"La prueba dar\u00e1 comienzo a partir del mes de marzo, con pruebas f\u00edsicas y un test te\u00f3rico","robots":{"index":"index","follow":"follow","max-snippet":"max-snippet:-1","max-image-preview":"max-image-preview:large","max-video-preview":"max-video-preview:-1"},"canonical":"https:\/\/www.laguiadepamplona.com\/actualidad\/el-ayuntamiento-de-pamplona-aprueba-la-convocatoria-de-una-oposicion-para-la-cobertura-de-una-plaza-tecnica-en-materia-de-seguridad\/","og_locale":"es_ES","og_type":"article","og_title":"El Ayuntamiento de Pamplona aprueba la convocatoria de una oposici\u00f3n para la cobertura de una plaza t\u00e9cnica en materia de seguridad","og_description":"La prueba dar\u00e1 comienzo a partir del mes de marzo, con pruebas f\u00edsicas y un test te\u00f3rico","og_url":"https:\/\/www.laguiadepamplona.com\/actualidad\/el-ayuntamiento-de-pamplona-aprueba-la-convocatoria-de-una-oposicion-para-la-cobertura-de-una-plaza-tecnica-en-materia-de-seguridad\/","og_site_name":"La Gu\u00eda de Pamplona","article_publisher":"https:\/\/www.facebook.com\/laguiadepamplonacom-133175176762273\/?ref=hl","article_published_time":"2024-11-20T15:57:23+00:00","og_image":[{"width":1000,"height":646,"url":"https:\/\/www.laguiadepamplona.com\/actualidad\/wp-content\/uploads\/2024\/09\/Fachada-Ayuntamiento_contacto-Comarca_web2.webp","type":"image\/webp"}],"author":"La Gu\u00eda de Pamplona","twitter_card":"summary_large_image","twitter_creator":"@LaGuiadPamplona","twitter_site":"@LaGuiadPamplona","twitter_misc":{"Escrito por":"La Gu\u00eda de Pamplona","Tiempo de lectura":"2 minutos"},"schema":{"@context":"https:\/\/schema.org","@graph":[{"@type":"Article","@id":"https:\/\/www.laguiadepamplona.com\/actualidad\/el-ayuntamiento-de-pamplona-aprueba-la-convocatoria-de-una-oposicion-para-la-cobertura-de-una-plaza-tecnica-en-materia-de-seguridad\/#article","isPartOf":{"@id":"https:\/\/www.laguiadepamplona.com\/actualidad\/el-ayuntamiento-de-pamplona-aprueba-la-convocatoria-de-una-oposicion-para-la-cobertura-de-una-plaza-tecnica-en-materia-de-seguridad\/"},"author":{"name":"La Gu\u00eda de Pamplona","@id":"https:\/\/www.laguiadepamplona.com\/actualidad\/#\/schema\/person\/efe887376f0213d4657c93adc50b1fdb"},"headline":"El Ayuntamiento de Pamplona aprueba la convocatoria de una oposici\u00f3n para la cobertura de una plaza t\u00e9cnica en materia de seguridad","datePublished":"2024-11-20T15:57:23+00:00","mainEntityOfPage":{"@id":"https:\/\/www.laguiadepamplona.com\/actualidad\/el-ayuntamiento-de-pamplona-aprueba-la-convocatoria-de-una-oposicion-para-la-cobertura-de-una-plaza-tecnica-en-materia-de-seguridad\/"},"wordCount":432,"commentCount":0,"publisher":{"@id":"https:\/\/www.laguiadepamplona.com\/actualidad\/#organization"},"image":{"@id":"https:\/\/www.laguiadepamplona.com\/actualidad\/el-ayuntamiento-de-pamplona-aprueba-la-convocatoria-de-una-oposicion-para-la-cobertura-de-una-plaza-tecnica-en-materia-de-seguridad\/#primaryimage"},"thumbnailUrl":"https:\/\/www.laguiadepamplona.com\/actualidad\/wp-content\/uploads\/2024\/09\/Fachada-Ayuntamiento_contacto-Comarca_web2.webp","articleSection":["Ayto Pamplona"],"inLanguage":"es","potentialAction":[{"@type":"CommentAction","name":"Comment","target":["https:\/\/www.laguiadepamplona.com\/actualidad\/el-ayuntamiento-de-pamplona-aprueba-la-convocatoria-de-una-oposicion-para-la-cobertura-de-una-plaza-tecnica-en-materia-de-seguridad\/#respond"]}]},{"@type":"WebPage","@id":"https:\/\/www.laguiadepamplona.com\/actualidad\/el-ayuntamiento-de-pamplona-aprueba-la-convocatoria-de-una-oposicion-para-la-cobertura-de-una-plaza-tecnica-en-materia-de-seguridad\/","url":"https:\/\/www.laguiadepamplona.com\/actualidad\/el-ayuntamiento-de-pamplona-aprueba-la-convocatoria-de-una-oposicion-para-la-cobertura-de-una-plaza-tecnica-en-materia-de-seguridad\/","name":"El Ayuntamiento de Pamplona aprueba la convocatoria de una oposici\u00f3n para la cobertura de una plaza t\u00e9cnica en materia de seguridad","isPartOf":{"@id":"https:\/\/www.laguiadepamplona.com\/actualidad\/#website"},"primaryImageOfPage":{"@id":"https:\/\/www.laguiadepamplona.com\/actualidad\/el-ayuntamiento-de-pamplona-aprueba-la-convocatoria-de-una-oposicion-para-la-cobertura-de-una-plaza-tecnica-en-materia-de-seguridad\/#primaryimage"},"image":{"@id":"https:\/\/www.laguiadepamplona.com\/actualidad\/el-ayuntamiento-de-pamplona-aprueba-la-convocatoria-de-una-oposicion-para-la-cobertura-de-una-plaza-tecnica-en-materia-de-seguridad\/#primaryimage"},"thumbnailUrl":"https:\/\/www.laguiadepamplona.com\/actualidad\/wp-content\/uploads\/2024\/09\/Fachada-Ayuntamiento_contacto-Comarca_web2.webp","datePublished":"2024-11-20T15:57:23+00:00","description":"La prueba dar\u00e1 comienzo a partir del mes de marzo, con pruebas f\u00edsicas y un test te\u00f3rico","breadcrumb":{"@id":"https:\/\/www.laguiadepamplona.com\/actualidad\/el-ayuntamiento-de-pamplona-aprueba-la-convocatoria-de-una-oposicion-para-la-cobertura-de-una-plaza-tecnica-en-materia-de-seguridad\/#breadcrumb"},"inLanguage":"es","potentialAction":[{"@type":"ReadAction","target":["https:\/\/www.laguiadepamplona.com\/actualidad\/el-ayuntamiento-de-pamplona-aprueba-la-convocatoria-de-una-oposicion-para-la-cobertura-de-una-plaza-tecnica-en-materia-de-seguridad\/"]}]},{"@type":"ImageObject","inLanguage":"es","@id":"https:\/\/www.laguiadepamplona.com\/actualidad\/el-ayuntamiento-de-pamplona-aprueba-la-convocatoria-de-una-oposicion-para-la-cobertura-de-una-plaza-tecnica-en-materia-de-seguridad\/#primaryimage","url":"https:\/\/www.laguiadepamplona.com\/actualidad\/wp-content\/uploads\/2024\/09\/Fachada-Ayuntamiento_contacto-Comarca_web2.webp","contentUrl":"https:\/\/www.laguiadepamplona.com\/actualidad\/wp-content\/uploads\/2024\/09\/Fachada-Ayuntamiento_contacto-Comarca_web2.webp","width":1000,"height":646,"caption":"fachada ayuntamiento"},{"@type":"BreadcrumbList","@id":"https:\/\/www.laguiadepamplona.com\/actualidad\/el-ayuntamiento-de-pamplona-aprueba-la-convocatoria-de-una-oposicion-para-la-cobertura-de-una-plaza-tecnica-en-materia-de-seguridad\/#breadcrumb","itemListElement":[{"@type":"ListItem","position":1,"name":"Portada","item":"https:\/\/www.laguiadepamplona.com\/actualidad\/"},{"@type":"ListItem","position":2,"name":"El Ayuntamiento de Pamplona aprueba la convocatoria de una oposici\u00f3n para la cobertura de una plaza t\u00e9cnica en materia de seguridad"}]},{"@type":"WebSite","@id":"https:\/\/www.laguiadepamplona.com\/actualidad\/#website","url":"https:\/\/www.laguiadepamplona.com\/actualidad\/","name":"La gu\u00eda de Pamplona","description":"Noticias de Pamplona","publisher":{"@id":"https:\/\/www.laguiadepamplona.com\/actualidad\/#organization"},"potentialAction":[{"@type":"SearchAction","target":{"@type":"EntryPoint","urlTemplate":"https:\/\/www.laguiadepamplona.com\/actualidad\/?s={search_term_string}"},"query-input":{"@type":"PropertyValueSpecification","valueRequired":true,"valueName":"search_term_string"}}],"inLanguage":"es"},{"@type":"Organization","@id":"https:\/\/www.laguiadepamplona.com\/actualidad\/#organization","name":"La Gu\u00eda de Pamplona \/ Noticias","url":"https:\/\/www.laguiadepamplona.com\/actualidad\/","logo":{"@type":"ImageObject","inLanguage":"es","@id":"https:\/\/www.laguiadepamplona.com\/actualidad\/#\/schema\/logo\/image\/","url":"https:\/\/www.laguiadepamplona.com\/actualidad\/wp-content\/uploads\/2018\/11\/logo-laguiadepamplona18-web1.png","contentUrl":"https:\/\/www.laguiadepamplona.com\/actualidad\/wp-content\/uploads\/2018\/11\/logo-laguiadepamplona18-web1.png","width":600,"height":196,"caption":"La Gu\u00eda de Pamplona \/ Noticias"},"image":{"@id":"https:\/\/www.laguiadepamplona.com\/actualidad\/#\/schema\/logo\/image\/"},"sameAs":["https:\/\/www.facebook.com\/laguiadepamplonacom-133175176762273\/?ref=hl","https:\/\/x.com\/LaGuiadPamplona","https:\/\/www.instagram.com\/la_guia_de_pamplona\/","https:\/\/www.youtube.com\/user\/laguiadepamplona"]},{"@type":"Person","@id":"https:\/\/www.laguiadepamplona.com\/actualidad\/#\/schema\/person\/efe887376f0213d4657c93adc50b1fdb","name":"La Gu\u00eda de Pamplona","image":{"@type":"ImageObject","inLanguage":"es","@id":"https:\/\/secure.gravatar.com\/avatar\/b6992f131dc8d30ab0dff15446e9d346d9dbd95992de0fef795073f5ea83a81c?s=96&d=mm&r=g","url":"https:\/\/secure.gravatar.com\/avatar\/b6992f131dc8d30ab0dff15446e9d346d9dbd95992de0fef795073f5ea83a81c?s=96&d=mm&r=g","contentUrl":"https:\/\/secure.gravatar.com\/avatar\/b6992f131dc8d30ab0dff15446e9d346d9dbd95992de0fef795073f5ea83a81c?s=96&d=mm&r=g","caption":"La Gu\u00eda de Pamplona"}}]}},"post_mailing_queue_ids":[],"_links":{"self":[{"href":"https:\/\/www.laguiadepamplona.com\/actualidad\/wp-json\/wp\/v2\/posts\/51384","targetHints":{"allow":["GET"]}}],"collection":[{"href":"https:\/\/www.laguiadepamplona.com\/actualidad\/wp-json\/wp\/v2\/posts"}],"about":[{"href":"https:\/\/www.laguiadepamplona.com\/actualidad\/wp-json\/wp\/v2\/types\/post"}],"author":[{"embeddable":true,"href":"https:\/\/www.laguiadepamplona.com\/actualidad\/wp-json\/wp\/v2\/users\/1"}],"replies":[{"embeddable":true,"href":"https:\/\/www.laguiadepamplona.com\/actualidad\/wp-json\/wp\/v2\/comments?post=51384"}],"version-history":[{"count":1,"href":"https:\/\/www.laguiadepamplona.com\/actualidad\/wp-json\/wp\/v2\/posts\/51384\/revisions"}],"predecessor-version":[{"id":51385,"href":"https:\/\/www.laguiadepamplona.com\/actualidad\/wp-json\/wp\/v2\/posts\/51384\/revisions\/51385"}],"wp:featuredmedia":[{"embeddable":true,"href":"https:\/\/www.laguiadepamplona.com\/actualidad\/wp-json\/wp\/v2\/media\/50736"}],"wp:attachment":[{"href":"https:\/\/www.laguiadepamplona.com\/actualidad\/wp-json\/wp\/v2\/media?parent=51384"}],"wp:term":[{"taxonomy":"category","embeddable":true,"href":"https:\/\/www.laguiadepamplona.com\/actualidad\/wp-json\/wp\/v2\/categories?post=51384"},{"taxonomy":"post_tag","embeddable":true,"href":"https:\/\/www.laguiadepamplona.com\/actualidad\/wp-json\/wp\/v2\/tags?post=51384"}],"curies":[{"name":"wp","href":"https:\/\/api.w.org\/{rel}","templated":true}]}}