{"id":51365,"date":"2024-11-19T18:59:41","date_gmt":"2024-11-19T16:59:41","guid":{"rendered":"https:\/\/www.laguiadepamplona.com\/actualidad\/?p=51365"},"modified":"2024-11-19T18:59:41","modified_gmt":"2024-11-19T16:59:41","slug":"el-palacio-de-condestable-acoge-una-exposicion-itinerante-sobre-la-nueva-marca-ciudad-pamplona-bagara-iruna-de-verdad","status":"publish","type":"post","link":"https:\/\/www.laguiadepamplona.com\/actualidad\/el-palacio-de-condestable-acoge-una-exposicion-itinerante-sobre-la-nueva-marca-ciudad-pamplona-bagara-iruna-de-verdad\/","title":{"rendered":"El Palacio de Condestable acoge una exposici\u00f3n itinerante sobre la nueva marca ciudad \u2018Pamplona= Bagara. Iru\u00f1a = De verdad\u2019"},"content":{"rendered":"<h2>La muestra, que recoge todo el proceso creativo de la marca, se trasladar\u00e1 en diciembre al Mercado del Ensanche y en enero, a los barrios<\/h2>\n<p><!--more--><\/p>\n<p>El Palacio de Condestable acoge desde hoy y hasta el 19 de diciembre la exposici\u00f3n sobre la nueva marca ciudad \u2018Pamplona=Bagara. Iru\u00f1a=De verdad\u2019, que se present\u00f3 la pasada semana a la ciudadan\u00eda. La muestra, que se compone de seis paneles de gran formato, recoge todo el proceso de ideaci\u00f3n y creativo, as\u00ed como las distintas patas que componen la marca ciudad, desde la imagen hasta sus embajadores.<\/p>\n<p>La muestra, que tiene car\u00e1cter itinerante, recorrer\u00e1 hasta el mes de junio todos los barrios de Pamplona para presentar a la poblaci\u00f3n en general esta nueva marca ciudad. Por de pronto, tras mostrarse en el Palacio de Condestable, se trasladar\u00e1 al Mercado del Ensanche, donde permanecer\u00e1 desde el 20 de diciembre hasta el 10 de enero.<\/p>\n<p>A lo largo de seis paneles informativos, la ciudadan\u00eda podr\u00e1 conocer de cerca qu\u00e9 es la marca ciudad y por qu\u00e9 se ha optado por ese lema y esa imagen. As\u00ed, el primer panel aborda el significado de marca ciudad, algo que va m\u00e1s all\u00e1 de un logo. La muestra explica que la marca ciudad es algo que une y habla de toda la poblaci\u00f3n de Pamplona, que aglutina a la ciudadan\u00eda en torno a un relato com\u00fan. Y que apuesta por ese relato para posicionar la ciudad y proyectarla y darla a conocer a nivel estatal e internacional. En este sentido, hace un repaso por otras ciudades que tambi\u00e9n han apostado por crear una marca reconocible, como M\u00e1laga, Vitoria-Gasteiz, Palma de Mallorca, Valencia o Sevilla.<\/p>\n<p>En un segundo panel, se busca explicar todo el proceso de ideaci\u00f3n que se ha extendido durante ocho meses en diferentes etapas, a trav\u00e9s de jornadas participativas, entrevistas, mesas sectoriales y t\u00e9cnicas. En este proceso se ha invitado a 1.700 colectivos, se han puesto en marcha seis mesas sectoriales, cuatro talleres de cocreaci\u00f3n y 120 entrevistas, de las que se han analizado 21 informes y documentos, hasta llegar a la marca ciudad \u2018Pamplona=Bagara. Iru\u00f1a=De verdad\u2019.<\/p>\n<p>De todo este proceso se extrajeron ocho tips que identifican a Pamplona para el conjunto de la poblaci\u00f3n. Todos ellos se han recogido en un tercer panel expositivo y hacen referencia a realidades como que Pamplona, m\u00e1s que un lugar, es su gente; que es participativa, reivindicativa y solidaria, que es mucho m\u00e1s que Sanfermines, que es plural y que es verde.<\/p>\n<p>Tras ese diagn\u00f3stico, comienza la elaboraci\u00f3n de la estrategia. Esa frase que aglutina todo, que es presente y futuro, ese color verde y esa tipograf\u00eda propia, aut\u00e9ntica, fresca. Todo ello se explica en tres paneles, con una justificaci\u00f3n de por qu\u00e9 se ha elegido esa marca y no otra.<\/p>\n<p>La muestra incluye, adem\u00e1s, dos paneles con los rostros y la historia de ochos personas de Pamplona, cuatro hombres y cuatro mujeres, que se han convertido ya en embajadores de la marca ciudad, por su trayectoria profesional y su labor exportando la marca Pamplona all\u00e1 donde van. Se trata de Joanna Artieda Vicente, repostera; Mai Garde Echaleku, futbolista; Nekane Solana Arocena, presidenta de La Pamplonesa; Aurora Beltr\u00e1n Gila, m\u00fasica; Juan Mart\u00ednez de Irujo Go\u00f1i, pelotari; C\u00e9sar Oroz Martija, humorista gr\u00e1fico; El Drogas, m\u00fasico; Montxo Armend\u00e1riz Barrios, cineasta.<\/p>\n<p>&nbsp;<\/p>\n<h3>Exposici\u00f3n Itinerante<\/h3>\n<ul>\n<li>Palacio de Condestable: del 19 de noviembre al 19 de diciembre<\/li>\n<li>Mercado del Ensanche: del 20 de diciembre al 10 de enero<\/li>\n<li>Barrios de Pamplona: a partir del 16 de enero y hasta junio<\/li>\n<\/ul>\n","protected":false},"excerpt":{"rendered":"<p>La muestra, que recoge todo el proceso creativo de la marca, se trasladar\u00e1 en diciembre al Mercado del Ensanche y en enero, a los barrios<\/p>\n","protected":false},"author":1,"featured_media":51283,"comment_status":"open","ping_status":"closed","sticky":false,"template":"","format":"standard","meta":{"footnotes":""},"categories":[2],"tags":[],"class_list":["post-51365","post","type-post","status-publish","format-standard","has-post-thumbnail","hentry","category-ayuntamiento-pamplona"],"yoast_head":"<!-- This site is optimized with the Yoast SEO plugin v27.3 - https:\/\/yoast.com\/product\/yoast-seo-wordpress\/ -->\n<title>El Palacio de Condestable acoge una exposici\u00f3n itinerante sobre la nueva marca ciudad \u2018Pamplona= Bagara. Iru\u00f1a = De verdad\u2019<\/title>\n<meta name=\"description\" content=\"La muestra, que recoge todo el proceso creativo de la marca, se trasladar\u00e1 en diciembre al Mercado del Ensanche y en enero, a los barrios\" \/>\n<meta name=\"robots\" content=\"index, follow, max-snippet:-1, max-image-preview:large, max-video-preview:-1\" \/>\n<link rel=\"canonical\" href=\"https:\/\/www.laguiadepamplona.com\/actualidad\/el-palacio-de-condestable-acoge-una-exposicion-itinerante-sobre-la-nueva-marca-ciudad-pamplona-bagara-iruna-de-verdad\/\" \/>\n<meta property=\"og:locale\" content=\"es_ES\" \/>\n<meta property=\"og:type\" content=\"article\" \/>\n<meta property=\"og:title\" content=\"El Palacio de Condestable acoge una exposici\u00f3n itinerante sobre la nueva marca ciudad \u2018Pamplona= Bagara. Iru\u00f1a = De verdad\u2019\" \/>\n<meta property=\"og:description\" content=\"La muestra, que recoge todo el proceso creativo de la marca, se trasladar\u00e1 en diciembre al Mercado del Ensanche y en enero, a los barrios\" \/>\n<meta property=\"og:url\" content=\"https:\/\/www.laguiadepamplona.com\/actualidad\/el-palacio-de-condestable-acoge-una-exposicion-itinerante-sobre-la-nueva-marca-ciudad-pamplona-bagara-iruna-de-verdad\/\" \/>\n<meta property=\"og:site_name\" content=\"La Gu\u00eda de Pamplona\" \/>\n<meta property=\"article:publisher\" content=\"https:\/\/www.facebook.com\/laguiadepamplonacom-133175176762273\/?ref=hl\" \/>\n<meta property=\"article:published_time\" content=\"2024-11-19T16:59:41+00:00\" \/>\n<meta property=\"og:image\" content=\"https:\/\/www.laguiadepamplona.com\/actualidad\/wp-content\/uploads\/2024\/11\/AYUNTPAM-marca-pamplona.webp\" \/>\n\t<meta property=\"og:image:width\" content=\"1000\" \/>\n\t<meta property=\"og:image:height\" content=\"667\" \/>\n\t<meta property=\"og:image:type\" content=\"image\/webp\" \/>\n<meta name=\"author\" content=\"La Gu\u00eda de Pamplona\" \/>\n<meta name=\"twitter:card\" content=\"summary_large_image\" \/>\n<meta name=\"twitter:creator\" content=\"@LaGuiadPamplona\" \/>\n<meta name=\"twitter:site\" content=\"@LaGuiadPamplona\" \/>\n<meta name=\"twitter:label1\" content=\"Escrito por\" \/>\n\t<meta name=\"twitter:data1\" content=\"La Gu\u00eda de Pamplona\" \/>\n\t<meta name=\"twitter:label2\" content=\"Tiempo de lectura\" \/>\n\t<meta name=\"twitter:data2\" content=\"3 minutos\" \/>\n<script type=\"application\/ld+json\" class=\"yoast-schema-graph\">{\"@context\":\"https:\\\/\\\/schema.org\",\"@graph\":[{\"@type\":\"Article\",\"@id\":\"https:\\\/\\\/www.laguiadepamplona.com\\\/actualidad\\\/el-palacio-de-condestable-acoge-una-exposicion-itinerante-sobre-la-nueva-marca-ciudad-pamplona-bagara-iruna-de-verdad\\\/#article\",\"isPartOf\":{\"@id\":\"https:\\\/\\\/www.laguiadepamplona.com\\\/actualidad\\\/el-palacio-de-condestable-acoge-una-exposicion-itinerante-sobre-la-nueva-marca-ciudad-pamplona-bagara-iruna-de-verdad\\\/\"},\"author\":{\"name\":\"La Gu\u00eda de Pamplona\",\"@id\":\"https:\\\/\\\/www.laguiadepamplona.com\\\/actualidad\\\/#\\\/schema\\\/person\\\/efe887376f0213d4657c93adc50b1fdb\"},\"headline\":\"El Palacio de Condestable acoge una exposici\u00f3n itinerante sobre la nueva marca ciudad \u2018Pamplona= Bagara. Iru\u00f1a = De verdad\u2019\",\"datePublished\":\"2024-11-19T16:59:41+00:00\",\"mainEntityOfPage\":{\"@id\":\"https:\\\/\\\/www.laguiadepamplona.com\\\/actualidad\\\/el-palacio-de-condestable-acoge-una-exposicion-itinerante-sobre-la-nueva-marca-ciudad-pamplona-bagara-iruna-de-verdad\\\/\"},\"wordCount\":633,\"commentCount\":0,\"publisher\":{\"@id\":\"https:\\\/\\\/www.laguiadepamplona.com\\\/actualidad\\\/#organization\"},\"image\":{\"@id\":\"https:\\\/\\\/www.laguiadepamplona.com\\\/actualidad\\\/el-palacio-de-condestable-acoge-una-exposicion-itinerante-sobre-la-nueva-marca-ciudad-pamplona-bagara-iruna-de-verdad\\\/#primaryimage\"},\"thumbnailUrl\":\"https:\\\/\\\/www.laguiadepamplona.com\\\/actualidad\\\/wp-content\\\/uploads\\\/2024\\\/11\\\/AYUNTPAM-marca-pamplona.webp\",\"articleSection\":[\"Ayto Pamplona\"],\"inLanguage\":\"es\",\"potentialAction\":[{\"@type\":\"CommentAction\",\"name\":\"Comment\",\"target\":[\"https:\\\/\\\/www.laguiadepamplona.com\\\/actualidad\\\/el-palacio-de-condestable-acoge-una-exposicion-itinerante-sobre-la-nueva-marca-ciudad-pamplona-bagara-iruna-de-verdad\\\/#respond\"]}]},{\"@type\":\"WebPage\",\"@id\":\"https:\\\/\\\/www.laguiadepamplona.com\\\/actualidad\\\/el-palacio-de-condestable-acoge-una-exposicion-itinerante-sobre-la-nueva-marca-ciudad-pamplona-bagara-iruna-de-verdad\\\/\",\"url\":\"https:\\\/\\\/www.laguiadepamplona.com\\\/actualidad\\\/el-palacio-de-condestable-acoge-una-exposicion-itinerante-sobre-la-nueva-marca-ciudad-pamplona-bagara-iruna-de-verdad\\\/\",\"name\":\"El Palacio de Condestable acoge una exposici\u00f3n itinerante sobre la nueva marca ciudad \u2018Pamplona= Bagara. Iru\u00f1a = De verdad\u2019\",\"isPartOf\":{\"@id\":\"https:\\\/\\\/www.laguiadepamplona.com\\\/actualidad\\\/#website\"},\"primaryImageOfPage\":{\"@id\":\"https:\\\/\\\/www.laguiadepamplona.com\\\/actualidad\\\/el-palacio-de-condestable-acoge-una-exposicion-itinerante-sobre-la-nueva-marca-ciudad-pamplona-bagara-iruna-de-verdad\\\/#primaryimage\"},\"image\":{\"@id\":\"https:\\\/\\\/www.laguiadepamplona.com\\\/actualidad\\\/el-palacio-de-condestable-acoge-una-exposicion-itinerante-sobre-la-nueva-marca-ciudad-pamplona-bagara-iruna-de-verdad\\\/#primaryimage\"},\"thumbnailUrl\":\"https:\\\/\\\/www.laguiadepamplona.com\\\/actualidad\\\/wp-content\\\/uploads\\\/2024\\\/11\\\/AYUNTPAM-marca-pamplona.webp\",\"datePublished\":\"2024-11-19T16:59:41+00:00\",\"description\":\"La muestra, que recoge todo el proceso creativo de la marca, se trasladar\u00e1 en diciembre al Mercado del Ensanche y en enero, a los barrios\",\"breadcrumb\":{\"@id\":\"https:\\\/\\\/www.laguiadepamplona.com\\\/actualidad\\\/el-palacio-de-condestable-acoge-una-exposicion-itinerante-sobre-la-nueva-marca-ciudad-pamplona-bagara-iruna-de-verdad\\\/#breadcrumb\"},\"inLanguage\":\"es\",\"potentialAction\":[{\"@type\":\"ReadAction\",\"target\":[\"https:\\\/\\\/www.laguiadepamplona.com\\\/actualidad\\\/el-palacio-de-condestable-acoge-una-exposicion-itinerante-sobre-la-nueva-marca-ciudad-pamplona-bagara-iruna-de-verdad\\\/\"]}]},{\"@type\":\"ImageObject\",\"inLanguage\":\"es\",\"@id\":\"https:\\\/\\\/www.laguiadepamplona.com\\\/actualidad\\\/el-palacio-de-condestable-acoge-una-exposicion-itinerante-sobre-la-nueva-marca-ciudad-pamplona-bagara-iruna-de-verdad\\\/#primaryimage\",\"url\":\"https:\\\/\\\/www.laguiadepamplona.com\\\/actualidad\\\/wp-content\\\/uploads\\\/2024\\\/11\\\/AYUNTPAM-marca-pamplona.webp\",\"contentUrl\":\"https:\\\/\\\/www.laguiadepamplona.com\\\/actualidad\\\/wp-content\\\/uploads\\\/2024\\\/11\\\/AYUNTPAM-marca-pamplona.webp\",\"width\":1000,\"height\":667,\"caption\":\"marca pamplona\"},{\"@type\":\"BreadcrumbList\",\"@id\":\"https:\\\/\\\/www.laguiadepamplona.com\\\/actualidad\\\/el-palacio-de-condestable-acoge-una-exposicion-itinerante-sobre-la-nueva-marca-ciudad-pamplona-bagara-iruna-de-verdad\\\/#breadcrumb\",\"itemListElement\":[{\"@type\":\"ListItem\",\"position\":1,\"name\":\"Portada\",\"item\":\"https:\\\/\\\/www.laguiadepamplona.com\\\/actualidad\\\/\"},{\"@type\":\"ListItem\",\"position\":2,\"name\":\"El Palacio de Condestable acoge una exposici\u00f3n itinerante sobre la nueva marca ciudad \u2018Pamplona= Bagara. Iru\u00f1a = De verdad\u2019\"}]},{\"@type\":\"WebSite\",\"@id\":\"https:\\\/\\\/www.laguiadepamplona.com\\\/actualidad\\\/#website\",\"url\":\"https:\\\/\\\/www.laguiadepamplona.com\\\/actualidad\\\/\",\"name\":\"La gu\u00eda de Pamplona\",\"description\":\"Noticias de Pamplona\",\"publisher\":{\"@id\":\"https:\\\/\\\/www.laguiadepamplona.com\\\/actualidad\\\/#organization\"},\"potentialAction\":[{\"@type\":\"SearchAction\",\"target\":{\"@type\":\"EntryPoint\",\"urlTemplate\":\"https:\\\/\\\/www.laguiadepamplona.com\\\/actualidad\\\/?s={search_term_string}\"},\"query-input\":{\"@type\":\"PropertyValueSpecification\",\"valueRequired\":true,\"valueName\":\"search_term_string\"}}],\"inLanguage\":\"es\"},{\"@type\":\"Organization\",\"@id\":\"https:\\\/\\\/www.laguiadepamplona.com\\\/actualidad\\\/#organization\",\"name\":\"La Gu\u00eda de Pamplona \\\/ Noticias\",\"url\":\"https:\\\/\\\/www.laguiadepamplona.com\\\/actualidad\\\/\",\"logo\":{\"@type\":\"ImageObject\",\"inLanguage\":\"es\",\"@id\":\"https:\\\/\\\/www.laguiadepamplona.com\\\/actualidad\\\/#\\\/schema\\\/logo\\\/image\\\/\",\"url\":\"https:\\\/\\\/www.laguiadepamplona.com\\\/actualidad\\\/wp-content\\\/uploads\\\/2018\\\/11\\\/logo-laguiadepamplona18-web1.png\",\"contentUrl\":\"https:\\\/\\\/www.laguiadepamplona.com\\\/actualidad\\\/wp-content\\\/uploads\\\/2018\\\/11\\\/logo-laguiadepamplona18-web1.png\",\"width\":600,\"height\":196,\"caption\":\"La Gu\u00eda de Pamplona \\\/ Noticias\"},\"image\":{\"@id\":\"https:\\\/\\\/www.laguiadepamplona.com\\\/actualidad\\\/#\\\/schema\\\/logo\\\/image\\\/\"},\"sameAs\":[\"https:\\\/\\\/www.facebook.com\\\/laguiadepamplonacom-133175176762273\\\/?ref=hl\",\"https:\\\/\\\/x.com\\\/LaGuiadPamplona\",\"https:\\\/\\\/www.instagram.com\\\/la_guia_de_pamplona\\\/\",\"https:\\\/\\\/www.youtube.com\\\/user\\\/laguiadepamplona\"]},{\"@type\":\"Person\",\"@id\":\"https:\\\/\\\/www.laguiadepamplona.com\\\/actualidad\\\/#\\\/schema\\\/person\\\/efe887376f0213d4657c93adc50b1fdb\",\"name\":\"La Gu\u00eda de Pamplona\",\"image\":{\"@type\":\"ImageObject\",\"inLanguage\":\"es\",\"@id\":\"https:\\\/\\\/secure.gravatar.com\\\/avatar\\\/b6992f131dc8d30ab0dff15446e9d346d9dbd95992de0fef795073f5ea83a81c?s=96&d=mm&r=g\",\"url\":\"https:\\\/\\\/secure.gravatar.com\\\/avatar\\\/b6992f131dc8d30ab0dff15446e9d346d9dbd95992de0fef795073f5ea83a81c?s=96&d=mm&r=g\",\"contentUrl\":\"https:\\\/\\\/secure.gravatar.com\\\/avatar\\\/b6992f131dc8d30ab0dff15446e9d346d9dbd95992de0fef795073f5ea83a81c?s=96&d=mm&r=g\",\"caption\":\"La Gu\u00eda de Pamplona\"}}]}<\/script>\n<!-- \/ Yoast SEO plugin. -->","yoast_head_json":{"title":"El Palacio de Condestable acoge una exposici\u00f3n itinerante sobre la nueva marca ciudad \u2018Pamplona= Bagara. Iru\u00f1a = De verdad\u2019","description":"La muestra, que recoge todo el proceso creativo de la marca, se trasladar\u00e1 en diciembre al Mercado del Ensanche y en enero, a los barrios","robots":{"index":"index","follow":"follow","max-snippet":"max-snippet:-1","max-image-preview":"max-image-preview:large","max-video-preview":"max-video-preview:-1"},"canonical":"https:\/\/www.laguiadepamplona.com\/actualidad\/el-palacio-de-condestable-acoge-una-exposicion-itinerante-sobre-la-nueva-marca-ciudad-pamplona-bagara-iruna-de-verdad\/","og_locale":"es_ES","og_type":"article","og_title":"El Palacio de Condestable acoge una exposici\u00f3n itinerante sobre la nueva marca ciudad \u2018Pamplona= Bagara. Iru\u00f1a = De verdad\u2019","og_description":"La muestra, que recoge todo el proceso creativo de la marca, se trasladar\u00e1 en diciembre al Mercado del Ensanche y en enero, a los barrios","og_url":"https:\/\/www.laguiadepamplona.com\/actualidad\/el-palacio-de-condestable-acoge-una-exposicion-itinerante-sobre-la-nueva-marca-ciudad-pamplona-bagara-iruna-de-verdad\/","og_site_name":"La Gu\u00eda de Pamplona","article_publisher":"https:\/\/www.facebook.com\/laguiadepamplonacom-133175176762273\/?ref=hl","article_published_time":"2024-11-19T16:59:41+00:00","og_image":[{"width":1000,"height":667,"url":"https:\/\/www.laguiadepamplona.com\/actualidad\/wp-content\/uploads\/2024\/11\/AYUNTPAM-marca-pamplona.webp","type":"image\/webp"}],"author":"La Gu\u00eda de Pamplona","twitter_card":"summary_large_image","twitter_creator":"@LaGuiadPamplona","twitter_site":"@LaGuiadPamplona","twitter_misc":{"Escrito por":"La Gu\u00eda de Pamplona","Tiempo de lectura":"3 minutos"},"schema":{"@context":"https:\/\/schema.org","@graph":[{"@type":"Article","@id":"https:\/\/www.laguiadepamplona.com\/actualidad\/el-palacio-de-condestable-acoge-una-exposicion-itinerante-sobre-la-nueva-marca-ciudad-pamplona-bagara-iruna-de-verdad\/#article","isPartOf":{"@id":"https:\/\/www.laguiadepamplona.com\/actualidad\/el-palacio-de-condestable-acoge-una-exposicion-itinerante-sobre-la-nueva-marca-ciudad-pamplona-bagara-iruna-de-verdad\/"},"author":{"name":"La Gu\u00eda de Pamplona","@id":"https:\/\/www.laguiadepamplona.com\/actualidad\/#\/schema\/person\/efe887376f0213d4657c93adc50b1fdb"},"headline":"El Palacio de Condestable acoge una exposici\u00f3n itinerante sobre la nueva marca ciudad \u2018Pamplona= Bagara. Iru\u00f1a = De verdad\u2019","datePublished":"2024-11-19T16:59:41+00:00","mainEntityOfPage":{"@id":"https:\/\/www.laguiadepamplona.com\/actualidad\/el-palacio-de-condestable-acoge-una-exposicion-itinerante-sobre-la-nueva-marca-ciudad-pamplona-bagara-iruna-de-verdad\/"},"wordCount":633,"commentCount":0,"publisher":{"@id":"https:\/\/www.laguiadepamplona.com\/actualidad\/#organization"},"image":{"@id":"https:\/\/www.laguiadepamplona.com\/actualidad\/el-palacio-de-condestable-acoge-una-exposicion-itinerante-sobre-la-nueva-marca-ciudad-pamplona-bagara-iruna-de-verdad\/#primaryimage"},"thumbnailUrl":"https:\/\/www.laguiadepamplona.com\/actualidad\/wp-content\/uploads\/2024\/11\/AYUNTPAM-marca-pamplona.webp","articleSection":["Ayto Pamplona"],"inLanguage":"es","potentialAction":[{"@type":"CommentAction","name":"Comment","target":["https:\/\/www.laguiadepamplona.com\/actualidad\/el-palacio-de-condestable-acoge-una-exposicion-itinerante-sobre-la-nueva-marca-ciudad-pamplona-bagara-iruna-de-verdad\/#respond"]}]},{"@type":"WebPage","@id":"https:\/\/www.laguiadepamplona.com\/actualidad\/el-palacio-de-condestable-acoge-una-exposicion-itinerante-sobre-la-nueva-marca-ciudad-pamplona-bagara-iruna-de-verdad\/","url":"https:\/\/www.laguiadepamplona.com\/actualidad\/el-palacio-de-condestable-acoge-una-exposicion-itinerante-sobre-la-nueva-marca-ciudad-pamplona-bagara-iruna-de-verdad\/","name":"El Palacio de Condestable acoge una exposici\u00f3n itinerante sobre la nueva marca ciudad \u2018Pamplona= Bagara. Iru\u00f1a = De verdad\u2019","isPartOf":{"@id":"https:\/\/www.laguiadepamplona.com\/actualidad\/#website"},"primaryImageOfPage":{"@id":"https:\/\/www.laguiadepamplona.com\/actualidad\/el-palacio-de-condestable-acoge-una-exposicion-itinerante-sobre-la-nueva-marca-ciudad-pamplona-bagara-iruna-de-verdad\/#primaryimage"},"image":{"@id":"https:\/\/www.laguiadepamplona.com\/actualidad\/el-palacio-de-condestable-acoge-una-exposicion-itinerante-sobre-la-nueva-marca-ciudad-pamplona-bagara-iruna-de-verdad\/#primaryimage"},"thumbnailUrl":"https:\/\/www.laguiadepamplona.com\/actualidad\/wp-content\/uploads\/2024\/11\/AYUNTPAM-marca-pamplona.webp","datePublished":"2024-11-19T16:59:41+00:00","description":"La muestra, que recoge todo el proceso creativo de la marca, se trasladar\u00e1 en diciembre al Mercado del Ensanche y en enero, a los barrios","breadcrumb":{"@id":"https:\/\/www.laguiadepamplona.com\/actualidad\/el-palacio-de-condestable-acoge-una-exposicion-itinerante-sobre-la-nueva-marca-ciudad-pamplona-bagara-iruna-de-verdad\/#breadcrumb"},"inLanguage":"es","potentialAction":[{"@type":"ReadAction","target":["https:\/\/www.laguiadepamplona.com\/actualidad\/el-palacio-de-condestable-acoge-una-exposicion-itinerante-sobre-la-nueva-marca-ciudad-pamplona-bagara-iruna-de-verdad\/"]}]},{"@type":"ImageObject","inLanguage":"es","@id":"https:\/\/www.laguiadepamplona.com\/actualidad\/el-palacio-de-condestable-acoge-una-exposicion-itinerante-sobre-la-nueva-marca-ciudad-pamplona-bagara-iruna-de-verdad\/#primaryimage","url":"https:\/\/www.laguiadepamplona.com\/actualidad\/wp-content\/uploads\/2024\/11\/AYUNTPAM-marca-pamplona.webp","contentUrl":"https:\/\/www.laguiadepamplona.com\/actualidad\/wp-content\/uploads\/2024\/11\/AYUNTPAM-marca-pamplona.webp","width":1000,"height":667,"caption":"marca pamplona"},{"@type":"BreadcrumbList","@id":"https:\/\/www.laguiadepamplona.com\/actualidad\/el-palacio-de-condestable-acoge-una-exposicion-itinerante-sobre-la-nueva-marca-ciudad-pamplona-bagara-iruna-de-verdad\/#breadcrumb","itemListElement":[{"@type":"ListItem","position":1,"name":"Portada","item":"https:\/\/www.laguiadepamplona.com\/actualidad\/"},{"@type":"ListItem","position":2,"name":"El Palacio de Condestable acoge una exposici\u00f3n itinerante sobre la nueva marca ciudad \u2018Pamplona= Bagara. Iru\u00f1a = De verdad\u2019"}]},{"@type":"WebSite","@id":"https:\/\/www.laguiadepamplona.com\/actualidad\/#website","url":"https:\/\/www.laguiadepamplona.com\/actualidad\/","name":"La gu\u00eda de Pamplona","description":"Noticias de Pamplona","publisher":{"@id":"https:\/\/www.laguiadepamplona.com\/actualidad\/#organization"},"potentialAction":[{"@type":"SearchAction","target":{"@type":"EntryPoint","urlTemplate":"https:\/\/www.laguiadepamplona.com\/actualidad\/?s={search_term_string}"},"query-input":{"@type":"PropertyValueSpecification","valueRequired":true,"valueName":"search_term_string"}}],"inLanguage":"es"},{"@type":"Organization","@id":"https:\/\/www.laguiadepamplona.com\/actualidad\/#organization","name":"La Gu\u00eda de Pamplona \/ Noticias","url":"https:\/\/www.laguiadepamplona.com\/actualidad\/","logo":{"@type":"ImageObject","inLanguage":"es","@id":"https:\/\/www.laguiadepamplona.com\/actualidad\/#\/schema\/logo\/image\/","url":"https:\/\/www.laguiadepamplona.com\/actualidad\/wp-content\/uploads\/2018\/11\/logo-laguiadepamplona18-web1.png","contentUrl":"https:\/\/www.laguiadepamplona.com\/actualidad\/wp-content\/uploads\/2018\/11\/logo-laguiadepamplona18-web1.png","width":600,"height":196,"caption":"La Gu\u00eda de Pamplona \/ Noticias"},"image":{"@id":"https:\/\/www.laguiadepamplona.com\/actualidad\/#\/schema\/logo\/image\/"},"sameAs":["https:\/\/www.facebook.com\/laguiadepamplonacom-133175176762273\/?ref=hl","https:\/\/x.com\/LaGuiadPamplona","https:\/\/www.instagram.com\/la_guia_de_pamplona\/","https:\/\/www.youtube.com\/user\/laguiadepamplona"]},{"@type":"Person","@id":"https:\/\/www.laguiadepamplona.com\/actualidad\/#\/schema\/person\/efe887376f0213d4657c93adc50b1fdb","name":"La Gu\u00eda de Pamplona","image":{"@type":"ImageObject","inLanguage":"es","@id":"https:\/\/secure.gravatar.com\/avatar\/b6992f131dc8d30ab0dff15446e9d346d9dbd95992de0fef795073f5ea83a81c?s=96&d=mm&r=g","url":"https:\/\/secure.gravatar.com\/avatar\/b6992f131dc8d30ab0dff15446e9d346d9dbd95992de0fef795073f5ea83a81c?s=96&d=mm&r=g","contentUrl":"https:\/\/secure.gravatar.com\/avatar\/b6992f131dc8d30ab0dff15446e9d346d9dbd95992de0fef795073f5ea83a81c?s=96&d=mm&r=g","caption":"La Gu\u00eda de Pamplona"}}]}},"post_mailing_queue_ids":[],"_links":{"self":[{"href":"https:\/\/www.laguiadepamplona.com\/actualidad\/wp-json\/wp\/v2\/posts\/51365","targetHints":{"allow":["GET"]}}],"collection":[{"href":"https:\/\/www.laguiadepamplona.com\/actualidad\/wp-json\/wp\/v2\/posts"}],"about":[{"href":"https:\/\/www.laguiadepamplona.com\/actualidad\/wp-json\/wp\/v2\/types\/post"}],"author":[{"embeddable":true,"href":"https:\/\/www.laguiadepamplona.com\/actualidad\/wp-json\/wp\/v2\/users\/1"}],"replies":[{"embeddable":true,"href":"https:\/\/www.laguiadepamplona.com\/actualidad\/wp-json\/wp\/v2\/comments?post=51365"}],"version-history":[{"count":1,"href":"https:\/\/www.laguiadepamplona.com\/actualidad\/wp-json\/wp\/v2\/posts\/51365\/revisions"}],"predecessor-version":[{"id":51366,"href":"https:\/\/www.laguiadepamplona.com\/actualidad\/wp-json\/wp\/v2\/posts\/51365\/revisions\/51366"}],"wp:featuredmedia":[{"embeddable":true,"href":"https:\/\/www.laguiadepamplona.com\/actualidad\/wp-json\/wp\/v2\/media\/51283"}],"wp:attachment":[{"href":"https:\/\/www.laguiadepamplona.com\/actualidad\/wp-json\/wp\/v2\/media?parent=51365"}],"wp:term":[{"taxonomy":"category","embeddable":true,"href":"https:\/\/www.laguiadepamplona.com\/actualidad\/wp-json\/wp\/v2\/categories?post=51365"},{"taxonomy":"post_tag","embeddable":true,"href":"https:\/\/www.laguiadepamplona.com\/actualidad\/wp-json\/wp\/v2\/tags?post=51365"}],"curies":[{"name":"wp","href":"https:\/\/api.w.org\/{rel}","templated":true}]}}