{"id":51359,"date":"2024-11-19T18:56:28","date_gmt":"2024-11-19T16:56:28","guid":{"rendered":"https:\/\/www.laguiadepamplona.com\/actualidad\/?p=51359"},"modified":"2024-11-19T18:56:28","modified_gmt":"2024-11-19T16:56:28","slug":"el-ayuntamiento-licita-la-cafeteria-del-parque-de-la-media-luna-para-su-explotacion-durante-los-proximos-diez-anos","status":"publish","type":"post","link":"https:\/\/www.laguiadepamplona.com\/actualidad\/el-ayuntamiento-licita-la-cafeteria-del-parque-de-la-media-luna-para-su-explotacion-durante-los-proximos-diez-anos\/","title":{"rendered":"El Ayuntamiento licita la cafeter\u00eda del parque de la Media Luna para su explotaci\u00f3n durante los pr\u00f3ximos diez a\u00f1os"},"content":{"rendered":"<h2>Los interesados deber\u00e1n acometer unas peque\u00f1as obras para su puesta en marcha y abrir obligatoriamente de Semana Santa al 15 de septiembre<\/h2>\n<p><!--more--><\/p>\n<p>La Junta de Gobierno Local del Ayuntamiento de Pamplona ha aprobado la licitaci\u00f3n de la concesi\u00f3n administrativa para la gesti\u00f3n y explotaci\u00f3n de la cafeter\u00eda del parque de la Media Luna durante los pr\u00f3ximos diez a\u00f1os, hasta el 31 de diciembre de 2034. Tal y como recoge el pliego de condiciones, los interesados deber\u00e1n acometer unas peque\u00f1as obras para su puesta en marcha y abrir obligatoriamente desde el inicio de Semana Santa al 15 de septiembre, siendo facultativa la apertura durante el resto del a\u00f1o. El canon m\u00ednimo anual est\u00e1 fijado en 5.000 euros.<\/p>\n<p>Seg\u00fan recoge el pliego de condiciones, el adjudicatario podr\u00e1 explotar el local y la terraza, con licencia cafeter\u00eda, lo que marcar\u00e1 sus horarios de apertura y cierre. El Ayuntamiento aporta las construcciones, terrenos e instalaciones, y corresponde al concesionario poner los materiales necesarios para la explotaci\u00f3n, tales como mobiliario, maquinaria y esas, sillas, vajilla, bandejas, cristaler\u00eda, lencer\u00eda, cuberter\u00eda, etc.<\/p>\n<p>Asimismo, el adjudicatario deber\u00e1 realizar determinadas obras: repasar el tejado y reponer las tejas deterioradas de la cubierta; instalar en la zona de manipulaci\u00f3n de alimentos de la barra material adecuado que permita su correcta limpieza y desinfecci\u00f3n; repasar la encimera de la barra; reparar las baldosas deterioradas en suelo y paredes de la cocina, barra, bar y almac\u00e9n; repasar el arco sobre la puerta de acceso a la terraza; sellar la bajante de pluviales de la cubierta; actualizar el sistema de protecci\u00f3n contra incendios; y sustituir los bloques de iluminaci\u00f3n de alumbrado de emergencia.<\/p>\n<p>Si adem\u00e1s de \u00e9stas el adjudicatario quisiera realizar otro tipo de obras e inversiones, deber\u00e1 presentar proyecto y presupuesto para la aprobaci\u00f3n y aceptaci\u00f3n previa por parte del servicio de patrimonio del ayuntamiento. En todo caso, las obras que se realicen en el local revertir\u00e1n al Ayuntamiento al t\u00e9rmino de la concesi\u00f3n.<\/p>\n<p>El local podr\u00e1 ser visitado por los interesados durante los d\u00edas y horas que se indiquen en el Portal de Contrataci\u00f3n de Navarra y en el tabl\u00f3n de anuncios de la Casa Consistorial.<\/p>\n<p><strong>Requisitos y criterios de adjudicaci\u00f3n<\/strong><\/p>\n<p>El plazo de presentaci\u00f3n de ofertas es de 25 d\u00edas naturales a partir del d\u00eda siguiente al de la publicaci\u00f3n del anuncio de licitaci\u00f3n en el Portal de Contrataci\u00f3n de Navarra. Para tomar parte en la licitaci\u00f3n, las personas naturales o jur\u00eddicas deber\u00e1n cumplir una serie de requisitos en cuando a objeto de negocio, solvencia econ\u00f3mica y financiera y solvencia t\u00e9cnica o profesional. Para la explotaci\u00f3n del local se requiere, como m\u00ednimo, un equipo de dos personas para atender el funcionamiento del negocio.<\/p>\n<p>La adjudicaci\u00f3n de la concesi\u00f3n se realizar\u00e1 valorando la oferta t\u00e9cnica, la econ\u00f3mica y criterios sociales. La propuesta t\u00e9cnica ser\u00e1 evaluada con hasta 40 puntos, en funci\u00f3n de la descripci\u00f3n global del planteamiento y modo de desarrollo del servicio (hasta 10 puntos); el equipamiento con el que se va a dotar el establecimiento (hasta 10 puntos); el plan de mantenimiento, limpieza y gesti\u00f3n medioambiental del local (hasta 10 puntos) y el proyecto econ\u00f3mico-financiero (hasta 10 puntos).<\/p>\n<p>La propuesta econ\u00f3mica, valorada con hasta 45 puntos, consistir\u00e1 en una oferta de canon anual, partiendo del m\u00ednimo fijado en 5.000 euros anuales. Los 15 puntos restantes se adjudicar\u00e1n en base a criterios sociales: se valorar\u00e1 con un m\u00e1ximo de 12 puntos a las empresas o entidades licitadoras que cuenten en su plantilla o contraten a personas con certificado de discapacidad igual o superior al 33%, que tengan el perfil definido legalmente para las empresas de inserci\u00f3n, o que tengan dificultades de acceso al mercado laboral conforme a lo marcado en la legislaci\u00f3n. Adem\u00e1s, se valorar\u00e1 con 3 puntos a las empresas o entidades licitadoras que contraten con centros especiales de empleo o centros de inserci\u00f3n sociolaboral las labores de mantenimiento y\/o limpieza de las instalaciones.<\/p>\n","protected":false},"excerpt":{"rendered":"<p>Los interesados deber\u00e1n acometer unas peque\u00f1as obras para su puesta en marcha y abrir obligatoriamente de Semana Santa al 15 de septiembre<\/p>\n","protected":false},"author":1,"featured_media":51360,"comment_status":"open","ping_status":"closed","sticky":false,"template":"","format":"standard","meta":{"footnotes":""},"categories":[2],"tags":[],"class_list":["post-51359","post","type-post","status-publish","format-standard","has-post-thumbnail","hentry","category-ayuntamiento-pamplona"],"yoast_head":"<!-- This site is optimized with the Yoast SEO plugin v27.3 - https:\/\/yoast.com\/product\/yoast-seo-wordpress\/ -->\n<title>El Ayuntamiento licita la cafeter\u00eda del parque de la Media Luna para su explotaci\u00f3n durante los pr\u00f3ximos diez a\u00f1os<\/title>\n<meta name=\"description\" content=\"Los interesados deber\u00e1n acometer unas peque\u00f1as obras para su puesta en marcha y abrir obligatoriamente de Semana Santa al 15 de septiembre\" \/>\n<meta name=\"robots\" content=\"index, follow, max-snippet:-1, max-image-preview:large, max-video-preview:-1\" \/>\n<link rel=\"canonical\" href=\"https:\/\/www.laguiadepamplona.com\/actualidad\/el-ayuntamiento-licita-la-cafeteria-del-parque-de-la-media-luna-para-su-explotacion-durante-los-proximos-diez-anos\/\" \/>\n<meta property=\"og:locale\" content=\"es_ES\" \/>\n<meta property=\"og:type\" content=\"article\" \/>\n<meta property=\"og:title\" content=\"El Ayuntamiento licita la cafeter\u00eda del parque de la Media Luna para su explotaci\u00f3n durante los pr\u00f3ximos diez a\u00f1os\" \/>\n<meta property=\"og:description\" content=\"Los interesados deber\u00e1n acometer unas peque\u00f1as obras para su puesta en marcha y abrir obligatoriamente de Semana Santa al 15 de septiembre\" \/>\n<meta property=\"og:url\" content=\"https:\/\/www.laguiadepamplona.com\/actualidad\/el-ayuntamiento-licita-la-cafeteria-del-parque-de-la-media-luna-para-su-explotacion-durante-los-proximos-diez-anos\/\" \/>\n<meta property=\"og:site_name\" content=\"La Gu\u00eda de Pamplona\" \/>\n<meta property=\"article:publisher\" content=\"https:\/\/www.facebook.com\/laguiadepamplonacom-133175176762273\/?ref=hl\" \/>\n<meta property=\"article:published_time\" content=\"2024-11-19T16:56:28+00:00\" \/>\n<meta property=\"og:image\" content=\"https:\/\/www.laguiadepamplona.com\/actualidad\/wp-content\/uploads\/2024\/11\/media-luna_web.webp\" \/>\n\t<meta property=\"og:image:width\" content=\"1000\" \/>\n\t<meta property=\"og:image:height\" content=\"656\" \/>\n\t<meta property=\"og:image:type\" content=\"image\/webp\" \/>\n<meta name=\"author\" content=\"La Gu\u00eda de Pamplona\" \/>\n<meta name=\"twitter:card\" content=\"summary_large_image\" \/>\n<meta name=\"twitter:creator\" content=\"@LaGuiadPamplona\" \/>\n<meta name=\"twitter:site\" content=\"@LaGuiadPamplona\" \/>\n<meta name=\"twitter:label1\" content=\"Escrito por\" \/>\n\t<meta name=\"twitter:data1\" content=\"La Gu\u00eda de Pamplona\" \/>\n\t<meta name=\"twitter:label2\" content=\"Tiempo de lectura\" \/>\n\t<meta name=\"twitter:data2\" content=\"3 minutos\" \/>\n<script type=\"application\/ld+json\" class=\"yoast-schema-graph\">{\"@context\":\"https:\\\/\\\/schema.org\",\"@graph\":[{\"@type\":\"Article\",\"@id\":\"https:\\\/\\\/www.laguiadepamplona.com\\\/actualidad\\\/el-ayuntamiento-licita-la-cafeteria-del-parque-de-la-media-luna-para-su-explotacion-durante-los-proximos-diez-anos\\\/#article\",\"isPartOf\":{\"@id\":\"https:\\\/\\\/www.laguiadepamplona.com\\\/actualidad\\\/el-ayuntamiento-licita-la-cafeteria-del-parque-de-la-media-luna-para-su-explotacion-durante-los-proximos-diez-anos\\\/\"},\"author\":{\"name\":\"La Gu\u00eda de Pamplona\",\"@id\":\"https:\\\/\\\/www.laguiadepamplona.com\\\/actualidad\\\/#\\\/schema\\\/person\\\/efe887376f0213d4657c93adc50b1fdb\"},\"headline\":\"El Ayuntamiento licita la cafeter\u00eda del parque de la Media Luna para su explotaci\u00f3n durante los pr\u00f3ximos diez a\u00f1os\",\"datePublished\":\"2024-11-19T16:56:28+00:00\",\"mainEntityOfPage\":{\"@id\":\"https:\\\/\\\/www.laguiadepamplona.com\\\/actualidad\\\/el-ayuntamiento-licita-la-cafeteria-del-parque-de-la-media-luna-para-su-explotacion-durante-los-proximos-diez-anos\\\/\"},\"wordCount\":716,\"commentCount\":0,\"publisher\":{\"@id\":\"https:\\\/\\\/www.laguiadepamplona.com\\\/actualidad\\\/#organization\"},\"image\":{\"@id\":\"https:\\\/\\\/www.laguiadepamplona.com\\\/actualidad\\\/el-ayuntamiento-licita-la-cafeteria-del-parque-de-la-media-luna-para-su-explotacion-durante-los-proximos-diez-anos\\\/#primaryimage\"},\"thumbnailUrl\":\"https:\\\/\\\/www.laguiadepamplona.com\\\/actualidad\\\/wp-content\\\/uploads\\\/2024\\\/11\\\/media-luna_web.webp\",\"articleSection\":[\"Ayto Pamplona\"],\"inLanguage\":\"es\",\"potentialAction\":[{\"@type\":\"CommentAction\",\"name\":\"Comment\",\"target\":[\"https:\\\/\\\/www.laguiadepamplona.com\\\/actualidad\\\/el-ayuntamiento-licita-la-cafeteria-del-parque-de-la-media-luna-para-su-explotacion-durante-los-proximos-diez-anos\\\/#respond\"]}]},{\"@type\":\"WebPage\",\"@id\":\"https:\\\/\\\/www.laguiadepamplona.com\\\/actualidad\\\/el-ayuntamiento-licita-la-cafeteria-del-parque-de-la-media-luna-para-su-explotacion-durante-los-proximos-diez-anos\\\/\",\"url\":\"https:\\\/\\\/www.laguiadepamplona.com\\\/actualidad\\\/el-ayuntamiento-licita-la-cafeteria-del-parque-de-la-media-luna-para-su-explotacion-durante-los-proximos-diez-anos\\\/\",\"name\":\"El Ayuntamiento licita la cafeter\u00eda del parque de la Media Luna para su explotaci\u00f3n durante los pr\u00f3ximos diez a\u00f1os\",\"isPartOf\":{\"@id\":\"https:\\\/\\\/www.laguiadepamplona.com\\\/actualidad\\\/#website\"},\"primaryImageOfPage\":{\"@id\":\"https:\\\/\\\/www.laguiadepamplona.com\\\/actualidad\\\/el-ayuntamiento-licita-la-cafeteria-del-parque-de-la-media-luna-para-su-explotacion-durante-los-proximos-diez-anos\\\/#primaryimage\"},\"image\":{\"@id\":\"https:\\\/\\\/www.laguiadepamplona.com\\\/actualidad\\\/el-ayuntamiento-licita-la-cafeteria-del-parque-de-la-media-luna-para-su-explotacion-durante-los-proximos-diez-anos\\\/#primaryimage\"},\"thumbnailUrl\":\"https:\\\/\\\/www.laguiadepamplona.com\\\/actualidad\\\/wp-content\\\/uploads\\\/2024\\\/11\\\/media-luna_web.webp\",\"datePublished\":\"2024-11-19T16:56:28+00:00\",\"description\":\"Los interesados deber\u00e1n acometer unas peque\u00f1as obras para su puesta en marcha y abrir obligatoriamente de Semana Santa al 15 de septiembre\",\"breadcrumb\":{\"@id\":\"https:\\\/\\\/www.laguiadepamplona.com\\\/actualidad\\\/el-ayuntamiento-licita-la-cafeteria-del-parque-de-la-media-luna-para-su-explotacion-durante-los-proximos-diez-anos\\\/#breadcrumb\"},\"inLanguage\":\"es\",\"potentialAction\":[{\"@type\":\"ReadAction\",\"target\":[\"https:\\\/\\\/www.laguiadepamplona.com\\\/actualidad\\\/el-ayuntamiento-licita-la-cafeteria-del-parque-de-la-media-luna-para-su-explotacion-durante-los-proximos-diez-anos\\\/\"]}]},{\"@type\":\"ImageObject\",\"inLanguage\":\"es\",\"@id\":\"https:\\\/\\\/www.laguiadepamplona.com\\\/actualidad\\\/el-ayuntamiento-licita-la-cafeteria-del-parque-de-la-media-luna-para-su-explotacion-durante-los-proximos-diez-anos\\\/#primaryimage\",\"url\":\"https:\\\/\\\/www.laguiadepamplona.com\\\/actualidad\\\/wp-content\\\/uploads\\\/2024\\\/11\\\/media-luna_web.webp\",\"contentUrl\":\"https:\\\/\\\/www.laguiadepamplona.com\\\/actualidad\\\/wp-content\\\/uploads\\\/2024\\\/11\\\/media-luna_web.webp\",\"width\":1000,\"height\":656,\"caption\":\"media luna\"},{\"@type\":\"BreadcrumbList\",\"@id\":\"https:\\\/\\\/www.laguiadepamplona.com\\\/actualidad\\\/el-ayuntamiento-licita-la-cafeteria-del-parque-de-la-media-luna-para-su-explotacion-durante-los-proximos-diez-anos\\\/#breadcrumb\",\"itemListElement\":[{\"@type\":\"ListItem\",\"position\":1,\"name\":\"Portada\",\"item\":\"https:\\\/\\\/www.laguiadepamplona.com\\\/actualidad\\\/\"},{\"@type\":\"ListItem\",\"position\":2,\"name\":\"El Ayuntamiento licita la cafeter\u00eda del parque de la Media Luna para su explotaci\u00f3n durante los pr\u00f3ximos diez a\u00f1os\"}]},{\"@type\":\"WebSite\",\"@id\":\"https:\\\/\\\/www.laguiadepamplona.com\\\/actualidad\\\/#website\",\"url\":\"https:\\\/\\\/www.laguiadepamplona.com\\\/actualidad\\\/\",\"name\":\"La gu\u00eda de Pamplona\",\"description\":\"Noticias de Pamplona\",\"publisher\":{\"@id\":\"https:\\\/\\\/www.laguiadepamplona.com\\\/actualidad\\\/#organization\"},\"potentialAction\":[{\"@type\":\"SearchAction\",\"target\":{\"@type\":\"EntryPoint\",\"urlTemplate\":\"https:\\\/\\\/www.laguiadepamplona.com\\\/actualidad\\\/?s={search_term_string}\"},\"query-input\":{\"@type\":\"PropertyValueSpecification\",\"valueRequired\":true,\"valueName\":\"search_term_string\"}}],\"inLanguage\":\"es\"},{\"@type\":\"Organization\",\"@id\":\"https:\\\/\\\/www.laguiadepamplona.com\\\/actualidad\\\/#organization\",\"name\":\"La Gu\u00eda de Pamplona \\\/ Noticias\",\"url\":\"https:\\\/\\\/www.laguiadepamplona.com\\\/actualidad\\\/\",\"logo\":{\"@type\":\"ImageObject\",\"inLanguage\":\"es\",\"@id\":\"https:\\\/\\\/www.laguiadepamplona.com\\\/actualidad\\\/#\\\/schema\\\/logo\\\/image\\\/\",\"url\":\"https:\\\/\\\/www.laguiadepamplona.com\\\/actualidad\\\/wp-content\\\/uploads\\\/2018\\\/11\\\/logo-laguiadepamplona18-web1.png\",\"contentUrl\":\"https:\\\/\\\/www.laguiadepamplona.com\\\/actualidad\\\/wp-content\\\/uploads\\\/2018\\\/11\\\/logo-laguiadepamplona18-web1.png\",\"width\":600,\"height\":196,\"caption\":\"La Gu\u00eda de Pamplona \\\/ Noticias\"},\"image\":{\"@id\":\"https:\\\/\\\/www.laguiadepamplona.com\\\/actualidad\\\/#\\\/schema\\\/logo\\\/image\\\/\"},\"sameAs\":[\"https:\\\/\\\/www.facebook.com\\\/laguiadepamplonacom-133175176762273\\\/?ref=hl\",\"https:\\\/\\\/x.com\\\/LaGuiadPamplona\",\"https:\\\/\\\/www.instagram.com\\\/la_guia_de_pamplona\\\/\",\"https:\\\/\\\/www.youtube.com\\\/user\\\/laguiadepamplona\"]},{\"@type\":\"Person\",\"@id\":\"https:\\\/\\\/www.laguiadepamplona.com\\\/actualidad\\\/#\\\/schema\\\/person\\\/efe887376f0213d4657c93adc50b1fdb\",\"name\":\"La Gu\u00eda de Pamplona\",\"image\":{\"@type\":\"ImageObject\",\"inLanguage\":\"es\",\"@id\":\"https:\\\/\\\/secure.gravatar.com\\\/avatar\\\/b6992f131dc8d30ab0dff15446e9d346d9dbd95992de0fef795073f5ea83a81c?s=96&d=mm&r=g\",\"url\":\"https:\\\/\\\/secure.gravatar.com\\\/avatar\\\/b6992f131dc8d30ab0dff15446e9d346d9dbd95992de0fef795073f5ea83a81c?s=96&d=mm&r=g\",\"contentUrl\":\"https:\\\/\\\/secure.gravatar.com\\\/avatar\\\/b6992f131dc8d30ab0dff15446e9d346d9dbd95992de0fef795073f5ea83a81c?s=96&d=mm&r=g\",\"caption\":\"La Gu\u00eda de Pamplona\"}}]}<\/script>\n<!-- \/ Yoast SEO plugin. -->","yoast_head_json":{"title":"El Ayuntamiento licita la cafeter\u00eda del parque de la Media Luna para su explotaci\u00f3n durante los pr\u00f3ximos diez a\u00f1os","description":"Los interesados deber\u00e1n acometer unas peque\u00f1as obras para su puesta en marcha y abrir obligatoriamente de Semana Santa al 15 de septiembre","robots":{"index":"index","follow":"follow","max-snippet":"max-snippet:-1","max-image-preview":"max-image-preview:large","max-video-preview":"max-video-preview:-1"},"canonical":"https:\/\/www.laguiadepamplona.com\/actualidad\/el-ayuntamiento-licita-la-cafeteria-del-parque-de-la-media-luna-para-su-explotacion-durante-los-proximos-diez-anos\/","og_locale":"es_ES","og_type":"article","og_title":"El Ayuntamiento licita la cafeter\u00eda del parque de la Media Luna para su explotaci\u00f3n durante los pr\u00f3ximos diez a\u00f1os","og_description":"Los interesados deber\u00e1n acometer unas peque\u00f1as obras para su puesta en marcha y abrir obligatoriamente de Semana Santa al 15 de septiembre","og_url":"https:\/\/www.laguiadepamplona.com\/actualidad\/el-ayuntamiento-licita-la-cafeteria-del-parque-de-la-media-luna-para-su-explotacion-durante-los-proximos-diez-anos\/","og_site_name":"La Gu\u00eda de Pamplona","article_publisher":"https:\/\/www.facebook.com\/laguiadepamplonacom-133175176762273\/?ref=hl","article_published_time":"2024-11-19T16:56:28+00:00","og_image":[{"width":1000,"height":656,"url":"https:\/\/www.laguiadepamplona.com\/actualidad\/wp-content\/uploads\/2024\/11\/media-luna_web.webp","type":"image\/webp"}],"author":"La Gu\u00eda de Pamplona","twitter_card":"summary_large_image","twitter_creator":"@LaGuiadPamplona","twitter_site":"@LaGuiadPamplona","twitter_misc":{"Escrito por":"La Gu\u00eda de Pamplona","Tiempo de lectura":"3 minutos"},"schema":{"@context":"https:\/\/schema.org","@graph":[{"@type":"Article","@id":"https:\/\/www.laguiadepamplona.com\/actualidad\/el-ayuntamiento-licita-la-cafeteria-del-parque-de-la-media-luna-para-su-explotacion-durante-los-proximos-diez-anos\/#article","isPartOf":{"@id":"https:\/\/www.laguiadepamplona.com\/actualidad\/el-ayuntamiento-licita-la-cafeteria-del-parque-de-la-media-luna-para-su-explotacion-durante-los-proximos-diez-anos\/"},"author":{"name":"La Gu\u00eda de Pamplona","@id":"https:\/\/www.laguiadepamplona.com\/actualidad\/#\/schema\/person\/efe887376f0213d4657c93adc50b1fdb"},"headline":"El Ayuntamiento licita la cafeter\u00eda del parque de la Media Luna para su explotaci\u00f3n durante los pr\u00f3ximos diez a\u00f1os","datePublished":"2024-11-19T16:56:28+00:00","mainEntityOfPage":{"@id":"https:\/\/www.laguiadepamplona.com\/actualidad\/el-ayuntamiento-licita-la-cafeteria-del-parque-de-la-media-luna-para-su-explotacion-durante-los-proximos-diez-anos\/"},"wordCount":716,"commentCount":0,"publisher":{"@id":"https:\/\/www.laguiadepamplona.com\/actualidad\/#organization"},"image":{"@id":"https:\/\/www.laguiadepamplona.com\/actualidad\/el-ayuntamiento-licita-la-cafeteria-del-parque-de-la-media-luna-para-su-explotacion-durante-los-proximos-diez-anos\/#primaryimage"},"thumbnailUrl":"https:\/\/www.laguiadepamplona.com\/actualidad\/wp-content\/uploads\/2024\/11\/media-luna_web.webp","articleSection":["Ayto Pamplona"],"inLanguage":"es","potentialAction":[{"@type":"CommentAction","name":"Comment","target":["https:\/\/www.laguiadepamplona.com\/actualidad\/el-ayuntamiento-licita-la-cafeteria-del-parque-de-la-media-luna-para-su-explotacion-durante-los-proximos-diez-anos\/#respond"]}]},{"@type":"WebPage","@id":"https:\/\/www.laguiadepamplona.com\/actualidad\/el-ayuntamiento-licita-la-cafeteria-del-parque-de-la-media-luna-para-su-explotacion-durante-los-proximos-diez-anos\/","url":"https:\/\/www.laguiadepamplona.com\/actualidad\/el-ayuntamiento-licita-la-cafeteria-del-parque-de-la-media-luna-para-su-explotacion-durante-los-proximos-diez-anos\/","name":"El Ayuntamiento licita la cafeter\u00eda del parque de la Media Luna para su explotaci\u00f3n durante los pr\u00f3ximos diez a\u00f1os","isPartOf":{"@id":"https:\/\/www.laguiadepamplona.com\/actualidad\/#website"},"primaryImageOfPage":{"@id":"https:\/\/www.laguiadepamplona.com\/actualidad\/el-ayuntamiento-licita-la-cafeteria-del-parque-de-la-media-luna-para-su-explotacion-durante-los-proximos-diez-anos\/#primaryimage"},"image":{"@id":"https:\/\/www.laguiadepamplona.com\/actualidad\/el-ayuntamiento-licita-la-cafeteria-del-parque-de-la-media-luna-para-su-explotacion-durante-los-proximos-diez-anos\/#primaryimage"},"thumbnailUrl":"https:\/\/www.laguiadepamplona.com\/actualidad\/wp-content\/uploads\/2024\/11\/media-luna_web.webp","datePublished":"2024-11-19T16:56:28+00:00","description":"Los interesados deber\u00e1n acometer unas peque\u00f1as obras para su puesta en marcha y abrir obligatoriamente de Semana Santa al 15 de septiembre","breadcrumb":{"@id":"https:\/\/www.laguiadepamplona.com\/actualidad\/el-ayuntamiento-licita-la-cafeteria-del-parque-de-la-media-luna-para-su-explotacion-durante-los-proximos-diez-anos\/#breadcrumb"},"inLanguage":"es","potentialAction":[{"@type":"ReadAction","target":["https:\/\/www.laguiadepamplona.com\/actualidad\/el-ayuntamiento-licita-la-cafeteria-del-parque-de-la-media-luna-para-su-explotacion-durante-los-proximos-diez-anos\/"]}]},{"@type":"ImageObject","inLanguage":"es","@id":"https:\/\/www.laguiadepamplona.com\/actualidad\/el-ayuntamiento-licita-la-cafeteria-del-parque-de-la-media-luna-para-su-explotacion-durante-los-proximos-diez-anos\/#primaryimage","url":"https:\/\/www.laguiadepamplona.com\/actualidad\/wp-content\/uploads\/2024\/11\/media-luna_web.webp","contentUrl":"https:\/\/www.laguiadepamplona.com\/actualidad\/wp-content\/uploads\/2024\/11\/media-luna_web.webp","width":1000,"height":656,"caption":"media luna"},{"@type":"BreadcrumbList","@id":"https:\/\/www.laguiadepamplona.com\/actualidad\/el-ayuntamiento-licita-la-cafeteria-del-parque-de-la-media-luna-para-su-explotacion-durante-los-proximos-diez-anos\/#breadcrumb","itemListElement":[{"@type":"ListItem","position":1,"name":"Portada","item":"https:\/\/www.laguiadepamplona.com\/actualidad\/"},{"@type":"ListItem","position":2,"name":"El Ayuntamiento licita la cafeter\u00eda del parque de la Media Luna para su explotaci\u00f3n durante los pr\u00f3ximos diez a\u00f1os"}]},{"@type":"WebSite","@id":"https:\/\/www.laguiadepamplona.com\/actualidad\/#website","url":"https:\/\/www.laguiadepamplona.com\/actualidad\/","name":"La gu\u00eda de Pamplona","description":"Noticias de Pamplona","publisher":{"@id":"https:\/\/www.laguiadepamplona.com\/actualidad\/#organization"},"potentialAction":[{"@type":"SearchAction","target":{"@type":"EntryPoint","urlTemplate":"https:\/\/www.laguiadepamplona.com\/actualidad\/?s={search_term_string}"},"query-input":{"@type":"PropertyValueSpecification","valueRequired":true,"valueName":"search_term_string"}}],"inLanguage":"es"},{"@type":"Organization","@id":"https:\/\/www.laguiadepamplona.com\/actualidad\/#organization","name":"La Gu\u00eda de Pamplona \/ Noticias","url":"https:\/\/www.laguiadepamplona.com\/actualidad\/","logo":{"@type":"ImageObject","inLanguage":"es","@id":"https:\/\/www.laguiadepamplona.com\/actualidad\/#\/schema\/logo\/image\/","url":"https:\/\/www.laguiadepamplona.com\/actualidad\/wp-content\/uploads\/2018\/11\/logo-laguiadepamplona18-web1.png","contentUrl":"https:\/\/www.laguiadepamplona.com\/actualidad\/wp-content\/uploads\/2018\/11\/logo-laguiadepamplona18-web1.png","width":600,"height":196,"caption":"La Gu\u00eda de Pamplona \/ Noticias"},"image":{"@id":"https:\/\/www.laguiadepamplona.com\/actualidad\/#\/schema\/logo\/image\/"},"sameAs":["https:\/\/www.facebook.com\/laguiadepamplonacom-133175176762273\/?ref=hl","https:\/\/x.com\/LaGuiadPamplona","https:\/\/www.instagram.com\/la_guia_de_pamplona\/","https:\/\/www.youtube.com\/user\/laguiadepamplona"]},{"@type":"Person","@id":"https:\/\/www.laguiadepamplona.com\/actualidad\/#\/schema\/person\/efe887376f0213d4657c93adc50b1fdb","name":"La Gu\u00eda de Pamplona","image":{"@type":"ImageObject","inLanguage":"es","@id":"https:\/\/secure.gravatar.com\/avatar\/b6992f131dc8d30ab0dff15446e9d346d9dbd95992de0fef795073f5ea83a81c?s=96&d=mm&r=g","url":"https:\/\/secure.gravatar.com\/avatar\/b6992f131dc8d30ab0dff15446e9d346d9dbd95992de0fef795073f5ea83a81c?s=96&d=mm&r=g","contentUrl":"https:\/\/secure.gravatar.com\/avatar\/b6992f131dc8d30ab0dff15446e9d346d9dbd95992de0fef795073f5ea83a81c?s=96&d=mm&r=g","caption":"La Gu\u00eda de Pamplona"}}]}},"post_mailing_queue_ids":[],"_links":{"self":[{"href":"https:\/\/www.laguiadepamplona.com\/actualidad\/wp-json\/wp\/v2\/posts\/51359","targetHints":{"allow":["GET"]}}],"collection":[{"href":"https:\/\/www.laguiadepamplona.com\/actualidad\/wp-json\/wp\/v2\/posts"}],"about":[{"href":"https:\/\/www.laguiadepamplona.com\/actualidad\/wp-json\/wp\/v2\/types\/post"}],"author":[{"embeddable":true,"href":"https:\/\/www.laguiadepamplona.com\/actualidad\/wp-json\/wp\/v2\/users\/1"}],"replies":[{"embeddable":true,"href":"https:\/\/www.laguiadepamplona.com\/actualidad\/wp-json\/wp\/v2\/comments?post=51359"}],"version-history":[{"count":1,"href":"https:\/\/www.laguiadepamplona.com\/actualidad\/wp-json\/wp\/v2\/posts\/51359\/revisions"}],"predecessor-version":[{"id":51361,"href":"https:\/\/www.laguiadepamplona.com\/actualidad\/wp-json\/wp\/v2\/posts\/51359\/revisions\/51361"}],"wp:featuredmedia":[{"embeddable":true,"href":"https:\/\/www.laguiadepamplona.com\/actualidad\/wp-json\/wp\/v2\/media\/51360"}],"wp:attachment":[{"href":"https:\/\/www.laguiadepamplona.com\/actualidad\/wp-json\/wp\/v2\/media?parent=51359"}],"wp:term":[{"taxonomy":"category","embeddable":true,"href":"https:\/\/www.laguiadepamplona.com\/actualidad\/wp-json\/wp\/v2\/categories?post=51359"},{"taxonomy":"post_tag","embeddable":true,"href":"https:\/\/www.laguiadepamplona.com\/actualidad\/wp-json\/wp\/v2\/tags?post=51359"}],"curies":[{"name":"wp","href":"https:\/\/api.w.org\/{rel}","templated":true}]}}