{"id":51356,"date":"2024-11-19T18:54:44","date_gmt":"2024-11-19T16:54:44","guid":{"rendered":"https:\/\/www.laguiadepamplona.com\/actualidad\/?p=51356"},"modified":"2024-11-19T18:54:44","modified_gmt":"2024-11-19T16:54:44","slug":"la-instalacion-de-un-ascensor-ultimo-paso-en-las-obras-de-mejora-de-la-accesibilidad-en-el-pabellon-de-mixtos-de-la-ciudadela","status":"publish","type":"post","link":"https:\/\/www.laguiadepamplona.com\/actualidad\/la-instalacion-de-un-ascensor-ultimo-paso-en-las-obras-de-mejora-de-la-accesibilidad-en-el-pabellon-de-mixtos-de-la-ciudadela\/","title":{"rendered":"La instalaci\u00f3n de un ascensor, \u00faltimo paso en las obras de mejora de la accesibilidad en el Pabell\u00f3n de Mixtos de la Ciudadela"},"content":{"rendered":"<h2>Ya se han realizado los trabajos de alba\u00f1iler\u00eda y colocaci\u00f3n de subestructuras, de forma que este espacio podr\u00eda volver a acoger exposiciones a finales de febrero<\/h2>\n<p><!--more--><\/p>\n<p>La accesibilidad completa del Pabell\u00f3n de Mixtos de la Ciudadela est\u00e1 ya un paso m\u00e1s cerca. Desde el pasado mes de septiembre se llevan a cabo trabajos para la eliminaci\u00f3n de las barreras arquitect\u00f3nicas en este espacio expositivo del Ayuntamiento de Pamplona. Las obras incluyen la modificaci\u00f3n del acceso al edificio, la eliminaci\u00f3n de desniveles y creaci\u00f3n de rampas accesibles, as\u00ed como la instalaci\u00f3n de un ascensor en un edificio que hasta ahora solo contaba con una escalera de caracol para acceder a su planta superior. Hasta la fecha, se ha ejecutado ya la mayor parte del trabajo de alba\u00f1iler\u00eda y se ha colocado la subestructura que albergar\u00e1 el elevador. Tan solo resta su instalaci\u00f3n, que se realizar\u00e1 en las pr\u00f3ximas semanas para que pueda estar operativo a comienzos del pr\u00f3ximo a\u00f1o. El objetivo es que vuelva a acoger exposiciones a partir del mes de febrero.<\/p>\n<p>La Comisi\u00f3n de Presidencia ha visitado esta ma\u00f1ana la evoluci\u00f3n de los trabajos, que fueron adjudicados a mediados de agosto a la empresa Construcciones Leache SL, por un importe de 175.246,04 euros (IVA incluido). Las obras comenzaron el mes de septiembre.<\/p>\n<p>Una de las labores ya realizadas es la reforma del acceso. Se ha instalado la subestructura de la nueva cancela, que mejorar\u00e1 las condiciones t\u00e9rmicas del interior del edificio. La cancela alberga una puerta autom\u00e1tica de vidrio al interior del edificio, una vez rebasada la puerta original exterior de madera exterior, que se conserva. Entre ambas puertas, en el espacio existente de 1,10 metros de fondo y 3,55 de ancho, se ha instalado una rampa para salvar el desnivel entre la v\u00eda p\u00fablica y el interior del Pabell\u00f3n de Mixtos, asegurando la accesibilidad universal. La puerta de vidrio es autom\u00e1tica, facilitando el acceso y la salida a este espacio expositivo.<\/p>\n<p>Adem\u00e1s, se ha elevado la cota del hall de acceso al pabell\u00f3n que existe una vez atravesada la puerta autom\u00e1tica. Se ha eliminado as\u00ed el escal\u00f3n hasta ahora existente. Este trabajo se ha hecho recuperando el pavimento original de piedra.<\/p>\n<p><strong>El ascensor, en la nave colindante<\/strong><\/p>\n<p>Dadas las peculiaridades que presenta este edificio, la mejor soluci\u00f3n para instalar un ascensor ha sido recurrir a la nave colindante. El edificio del siglo XVII, que en origen fue un almac\u00e9n de v\u00edveres y bodega, se estructura en dos naves rectangulares yuxtapuestas, aunque al exterior solo se aprecia una.<\/p>\n<p>El ascensor se instalar\u00e1 en la nave de la izquierda, justo tras superar el \u00fanico acceso al Pabell\u00f3n de Mixtos. As\u00ed, la nueva cancela de vidrio, que abrir\u00e1 el espacio al interior, conectar\u00e1 tambi\u00e9n en su lado izquierdo con el nuevo ascensor. Para acceder a \u00e9l ha sido necesario abrir un hueco en el muro de piedra que separa las dos naves. Adem\u00e1s, se ha abierto otro hueco en la b\u00f3veda del edificio y se ha instalado la subestructura de acero que albergar\u00e1 el ascensor. De esta forma, est\u00e1 ya todo listo para recibir el elevador, algo que ocurrir\u00e1 en las pr\u00f3ximas semanas. Una vez instalado, se proceder\u00e1 a los remates finales de alba\u00f1iler\u00eda, para que este espacio pueda volver a acoger exposiciones a partir de febrero.<\/p>\n<p>De hecho, el Pabell\u00f3n de Mixtos de la Ciudadela es uno de los recintos expositivos m\u00e1s usados del Ayuntamiento, junto con la Sala de Armas, el Polvor\u00edn y el Horno. Dispone de 964,70 metros cuadrados \u00fatiles, que se reparten entre la zona de acceso, planta baja y primera planta. A los problemas del acceso en la entrada, se sumaba tambi\u00e9n una escalera de caracol para subir a la primera planta, como \u00fanica alternativa, limitando considerablemente el acceso a la ciudadan\u00eda. Adem\u00e1s, tambi\u00e9n para acceder a la planta baja hab\u00eda que sortear una decena de escalones para salvar un desnivel de 104 cent\u00edmetros. Los trabajos realizados reafirman el compromiso del Ayuntamiento de Pamplona con las salas expositivas de la Ciudadela como espacios de mediaci\u00f3n de la cultura contempor\u00e1nea en la ciudad.<\/p>\n","protected":false},"excerpt":{"rendered":"<p>Ya se han realizado los trabajos de alba\u00f1iler\u00eda y colocaci\u00f3n de subestructuras, de forma que este espacio podr\u00eda volver a acoger exposiciones a finales de febrero<\/p>\n","protected":false},"author":1,"featured_media":51357,"comment_status":"open","ping_status":"closed","sticky":false,"template":"","format":"standard","meta":{"footnotes":""},"categories":[2],"tags":[],"class_list":["post-51356","post","type-post","status-publish","format-standard","has-post-thumbnail","hentry","category-ayuntamiento-pamplona"],"yoast_head":"<!-- This site is optimized with the Yoast SEO plugin v27.3 - https:\/\/yoast.com\/product\/yoast-seo-wordpress\/ -->\n<title>La instalaci\u00f3n de un ascensor, \u00faltimo paso en las obras de mejora de la accesibilidad en el Pabell\u00f3n de Mixtos de la Ciudadela<\/title>\n<meta name=\"description\" content=\"Ya se han realizado los trabajos de alba\u00f1iler\u00eda y colocaci\u00f3n de subestructuras, de forma que este espacio podr\u00eda volver a acoger exposiciones a finales de febrero\" \/>\n<meta name=\"robots\" content=\"index, follow, max-snippet:-1, max-image-preview:large, max-video-preview:-1\" \/>\n<link rel=\"canonical\" href=\"https:\/\/www.laguiadepamplona.com\/actualidad\/la-instalacion-de-un-ascensor-ultimo-paso-en-las-obras-de-mejora-de-la-accesibilidad-en-el-pabellon-de-mixtos-de-la-ciudadela\/\" \/>\n<meta property=\"og:locale\" content=\"es_ES\" \/>\n<meta property=\"og:type\" content=\"article\" \/>\n<meta property=\"og:title\" content=\"La instalaci\u00f3n de un ascensor, \u00faltimo paso en las obras de mejora de la accesibilidad en el Pabell\u00f3n de Mixtos de la Ciudadela\" \/>\n<meta property=\"og:description\" content=\"Ya se han realizado los trabajos de alba\u00f1iler\u00eda y colocaci\u00f3n de subestructuras, de forma que este espacio podr\u00eda volver a acoger exposiciones a finales de febrero\" \/>\n<meta property=\"og:url\" content=\"https:\/\/www.laguiadepamplona.com\/actualidad\/la-instalacion-de-un-ascensor-ultimo-paso-en-las-obras-de-mejora-de-la-accesibilidad-en-el-pabellon-de-mixtos-de-la-ciudadela\/\" \/>\n<meta property=\"og:site_name\" content=\"La Gu\u00eda de Pamplona\" \/>\n<meta property=\"article:publisher\" content=\"https:\/\/www.facebook.com\/laguiadepamplonacom-133175176762273\/?ref=hl\" \/>\n<meta property=\"article:published_time\" content=\"2024-11-19T16:54:44+00:00\" \/>\n<meta property=\"og:image\" content=\"https:\/\/www.laguiadepamplona.com\/actualidad\/wp-content\/uploads\/2024\/11\/visitaobraspabellonmixtos3.webp\" \/>\n\t<meta property=\"og:image:width\" content=\"1000\" \/>\n\t<meta property=\"og:image:height\" content=\"667\" \/>\n\t<meta property=\"og:image:type\" content=\"image\/webp\" \/>\n<meta name=\"author\" content=\"La Gu\u00eda de Pamplona\" \/>\n<meta name=\"twitter:card\" content=\"summary_large_image\" \/>\n<meta name=\"twitter:creator\" content=\"@LaGuiadPamplona\" \/>\n<meta name=\"twitter:site\" content=\"@LaGuiadPamplona\" \/>\n<meta name=\"twitter:label1\" content=\"Escrito por\" \/>\n\t<meta name=\"twitter:data1\" content=\"La Gu\u00eda de Pamplona\" \/>\n\t<meta name=\"twitter:label2\" content=\"Tiempo de lectura\" \/>\n\t<meta name=\"twitter:data2\" content=\"4 minutos\" \/>\n<script type=\"application\/ld+json\" class=\"yoast-schema-graph\">{\"@context\":\"https:\\\/\\\/schema.org\",\"@graph\":[{\"@type\":\"Article\",\"@id\":\"https:\\\/\\\/www.laguiadepamplona.com\\\/actualidad\\\/la-instalacion-de-un-ascensor-ultimo-paso-en-las-obras-de-mejora-de-la-accesibilidad-en-el-pabellon-de-mixtos-de-la-ciudadela\\\/#article\",\"isPartOf\":{\"@id\":\"https:\\\/\\\/www.laguiadepamplona.com\\\/actualidad\\\/la-instalacion-de-un-ascensor-ultimo-paso-en-las-obras-de-mejora-de-la-accesibilidad-en-el-pabellon-de-mixtos-de-la-ciudadela\\\/\"},\"author\":{\"name\":\"La Gu\u00eda de Pamplona\",\"@id\":\"https:\\\/\\\/www.laguiadepamplona.com\\\/actualidad\\\/#\\\/schema\\\/person\\\/efe887376f0213d4657c93adc50b1fdb\"},\"headline\":\"La instalaci\u00f3n de un ascensor, \u00faltimo paso en las obras de mejora de la accesibilidad en el Pabell\u00f3n de Mixtos de la Ciudadela\",\"datePublished\":\"2024-11-19T16:54:44+00:00\",\"mainEntityOfPage\":{\"@id\":\"https:\\\/\\\/www.laguiadepamplona.com\\\/actualidad\\\/la-instalacion-de-un-ascensor-ultimo-paso-en-las-obras-de-mejora-de-la-accesibilidad-en-el-pabellon-de-mixtos-de-la-ciudadela\\\/\"},\"wordCount\":748,\"commentCount\":0,\"publisher\":{\"@id\":\"https:\\\/\\\/www.laguiadepamplona.com\\\/actualidad\\\/#organization\"},\"image\":{\"@id\":\"https:\\\/\\\/www.laguiadepamplona.com\\\/actualidad\\\/la-instalacion-de-un-ascensor-ultimo-paso-en-las-obras-de-mejora-de-la-accesibilidad-en-el-pabellon-de-mixtos-de-la-ciudadela\\\/#primaryimage\"},\"thumbnailUrl\":\"https:\\\/\\\/www.laguiadepamplona.com\\\/actualidad\\\/wp-content\\\/uploads\\\/2024\\\/11\\\/visitaobraspabellonmixtos3.webp\",\"articleSection\":[\"Ayto Pamplona\"],\"inLanguage\":\"es\",\"potentialAction\":[{\"@type\":\"CommentAction\",\"name\":\"Comment\",\"target\":[\"https:\\\/\\\/www.laguiadepamplona.com\\\/actualidad\\\/la-instalacion-de-un-ascensor-ultimo-paso-en-las-obras-de-mejora-de-la-accesibilidad-en-el-pabellon-de-mixtos-de-la-ciudadela\\\/#respond\"]}]},{\"@type\":\"WebPage\",\"@id\":\"https:\\\/\\\/www.laguiadepamplona.com\\\/actualidad\\\/la-instalacion-de-un-ascensor-ultimo-paso-en-las-obras-de-mejora-de-la-accesibilidad-en-el-pabellon-de-mixtos-de-la-ciudadela\\\/\",\"url\":\"https:\\\/\\\/www.laguiadepamplona.com\\\/actualidad\\\/la-instalacion-de-un-ascensor-ultimo-paso-en-las-obras-de-mejora-de-la-accesibilidad-en-el-pabellon-de-mixtos-de-la-ciudadela\\\/\",\"name\":\"La instalaci\u00f3n de un ascensor, \u00faltimo paso en las obras de mejora de la accesibilidad en el Pabell\u00f3n de Mixtos de la Ciudadela\",\"isPartOf\":{\"@id\":\"https:\\\/\\\/www.laguiadepamplona.com\\\/actualidad\\\/#website\"},\"primaryImageOfPage\":{\"@id\":\"https:\\\/\\\/www.laguiadepamplona.com\\\/actualidad\\\/la-instalacion-de-un-ascensor-ultimo-paso-en-las-obras-de-mejora-de-la-accesibilidad-en-el-pabellon-de-mixtos-de-la-ciudadela\\\/#primaryimage\"},\"image\":{\"@id\":\"https:\\\/\\\/www.laguiadepamplona.com\\\/actualidad\\\/la-instalacion-de-un-ascensor-ultimo-paso-en-las-obras-de-mejora-de-la-accesibilidad-en-el-pabellon-de-mixtos-de-la-ciudadela\\\/#primaryimage\"},\"thumbnailUrl\":\"https:\\\/\\\/www.laguiadepamplona.com\\\/actualidad\\\/wp-content\\\/uploads\\\/2024\\\/11\\\/visitaobraspabellonmixtos3.webp\",\"datePublished\":\"2024-11-19T16:54:44+00:00\",\"description\":\"Ya se han realizado los trabajos de alba\u00f1iler\u00eda y colocaci\u00f3n de subestructuras, de forma que este espacio podr\u00eda volver a acoger exposiciones a finales de febrero\",\"breadcrumb\":{\"@id\":\"https:\\\/\\\/www.laguiadepamplona.com\\\/actualidad\\\/la-instalacion-de-un-ascensor-ultimo-paso-en-las-obras-de-mejora-de-la-accesibilidad-en-el-pabellon-de-mixtos-de-la-ciudadela\\\/#breadcrumb\"},\"inLanguage\":\"es\",\"potentialAction\":[{\"@type\":\"ReadAction\",\"target\":[\"https:\\\/\\\/www.laguiadepamplona.com\\\/actualidad\\\/la-instalacion-de-un-ascensor-ultimo-paso-en-las-obras-de-mejora-de-la-accesibilidad-en-el-pabellon-de-mixtos-de-la-ciudadela\\\/\"]}]},{\"@type\":\"ImageObject\",\"inLanguage\":\"es\",\"@id\":\"https:\\\/\\\/www.laguiadepamplona.com\\\/actualidad\\\/la-instalacion-de-un-ascensor-ultimo-paso-en-las-obras-de-mejora-de-la-accesibilidad-en-el-pabellon-de-mixtos-de-la-ciudadela\\\/#primaryimage\",\"url\":\"https:\\\/\\\/www.laguiadepamplona.com\\\/actualidad\\\/wp-content\\\/uploads\\\/2024\\\/11\\\/visitaobraspabellonmixtos3.webp\",\"contentUrl\":\"https:\\\/\\\/www.laguiadepamplona.com\\\/actualidad\\\/wp-content\\\/uploads\\\/2024\\\/11\\\/visitaobraspabellonmixtos3.webp\",\"width\":1000,\"height\":667,\"caption\":\"visita obras pabell\u00f3n mixtos\"},{\"@type\":\"BreadcrumbList\",\"@id\":\"https:\\\/\\\/www.laguiadepamplona.com\\\/actualidad\\\/la-instalacion-de-un-ascensor-ultimo-paso-en-las-obras-de-mejora-de-la-accesibilidad-en-el-pabellon-de-mixtos-de-la-ciudadela\\\/#breadcrumb\",\"itemListElement\":[{\"@type\":\"ListItem\",\"position\":1,\"name\":\"Portada\",\"item\":\"https:\\\/\\\/www.laguiadepamplona.com\\\/actualidad\\\/\"},{\"@type\":\"ListItem\",\"position\":2,\"name\":\"La instalaci\u00f3n de un ascensor, \u00faltimo paso en las obras de mejora de la accesibilidad en el Pabell\u00f3n de Mixtos de la Ciudadela\"}]},{\"@type\":\"WebSite\",\"@id\":\"https:\\\/\\\/www.laguiadepamplona.com\\\/actualidad\\\/#website\",\"url\":\"https:\\\/\\\/www.laguiadepamplona.com\\\/actualidad\\\/\",\"name\":\"La gu\u00eda de Pamplona\",\"description\":\"Noticias de Pamplona\",\"publisher\":{\"@id\":\"https:\\\/\\\/www.laguiadepamplona.com\\\/actualidad\\\/#organization\"},\"potentialAction\":[{\"@type\":\"SearchAction\",\"target\":{\"@type\":\"EntryPoint\",\"urlTemplate\":\"https:\\\/\\\/www.laguiadepamplona.com\\\/actualidad\\\/?s={search_term_string}\"},\"query-input\":{\"@type\":\"PropertyValueSpecification\",\"valueRequired\":true,\"valueName\":\"search_term_string\"}}],\"inLanguage\":\"es\"},{\"@type\":\"Organization\",\"@id\":\"https:\\\/\\\/www.laguiadepamplona.com\\\/actualidad\\\/#organization\",\"name\":\"La Gu\u00eda de Pamplona \\\/ Noticias\",\"url\":\"https:\\\/\\\/www.laguiadepamplona.com\\\/actualidad\\\/\",\"logo\":{\"@type\":\"ImageObject\",\"inLanguage\":\"es\",\"@id\":\"https:\\\/\\\/www.laguiadepamplona.com\\\/actualidad\\\/#\\\/schema\\\/logo\\\/image\\\/\",\"url\":\"https:\\\/\\\/www.laguiadepamplona.com\\\/actualidad\\\/wp-content\\\/uploads\\\/2018\\\/11\\\/logo-laguiadepamplona18-web1.png\",\"contentUrl\":\"https:\\\/\\\/www.laguiadepamplona.com\\\/actualidad\\\/wp-content\\\/uploads\\\/2018\\\/11\\\/logo-laguiadepamplona18-web1.png\",\"width\":600,\"height\":196,\"caption\":\"La Gu\u00eda de Pamplona \\\/ Noticias\"},\"image\":{\"@id\":\"https:\\\/\\\/www.laguiadepamplona.com\\\/actualidad\\\/#\\\/schema\\\/logo\\\/image\\\/\"},\"sameAs\":[\"https:\\\/\\\/www.facebook.com\\\/laguiadepamplonacom-133175176762273\\\/?ref=hl\",\"https:\\\/\\\/x.com\\\/LaGuiadPamplona\",\"https:\\\/\\\/www.instagram.com\\\/la_guia_de_pamplona\\\/\",\"https:\\\/\\\/www.youtube.com\\\/user\\\/laguiadepamplona\"]},{\"@type\":\"Person\",\"@id\":\"https:\\\/\\\/www.laguiadepamplona.com\\\/actualidad\\\/#\\\/schema\\\/person\\\/efe887376f0213d4657c93adc50b1fdb\",\"name\":\"La Gu\u00eda de Pamplona\",\"image\":{\"@type\":\"ImageObject\",\"inLanguage\":\"es\",\"@id\":\"https:\\\/\\\/secure.gravatar.com\\\/avatar\\\/b6992f131dc8d30ab0dff15446e9d346d9dbd95992de0fef795073f5ea83a81c?s=96&d=mm&r=g\",\"url\":\"https:\\\/\\\/secure.gravatar.com\\\/avatar\\\/b6992f131dc8d30ab0dff15446e9d346d9dbd95992de0fef795073f5ea83a81c?s=96&d=mm&r=g\",\"contentUrl\":\"https:\\\/\\\/secure.gravatar.com\\\/avatar\\\/b6992f131dc8d30ab0dff15446e9d346d9dbd95992de0fef795073f5ea83a81c?s=96&d=mm&r=g\",\"caption\":\"La Gu\u00eda de Pamplona\"}}]}<\/script>\n<!-- \/ Yoast SEO plugin. -->","yoast_head_json":{"title":"La instalaci\u00f3n de un ascensor, \u00faltimo paso en las obras de mejora de la accesibilidad en el Pabell\u00f3n de Mixtos de la Ciudadela","description":"Ya se han realizado los trabajos de alba\u00f1iler\u00eda y colocaci\u00f3n de subestructuras, de forma que este espacio podr\u00eda volver a acoger exposiciones a finales de febrero","robots":{"index":"index","follow":"follow","max-snippet":"max-snippet:-1","max-image-preview":"max-image-preview:large","max-video-preview":"max-video-preview:-1"},"canonical":"https:\/\/www.laguiadepamplona.com\/actualidad\/la-instalacion-de-un-ascensor-ultimo-paso-en-las-obras-de-mejora-de-la-accesibilidad-en-el-pabellon-de-mixtos-de-la-ciudadela\/","og_locale":"es_ES","og_type":"article","og_title":"La instalaci\u00f3n de un ascensor, \u00faltimo paso en las obras de mejora de la accesibilidad en el Pabell\u00f3n de Mixtos de la Ciudadela","og_description":"Ya se han realizado los trabajos de alba\u00f1iler\u00eda y colocaci\u00f3n de subestructuras, de forma que este espacio podr\u00eda volver a acoger exposiciones a finales de febrero","og_url":"https:\/\/www.laguiadepamplona.com\/actualidad\/la-instalacion-de-un-ascensor-ultimo-paso-en-las-obras-de-mejora-de-la-accesibilidad-en-el-pabellon-de-mixtos-de-la-ciudadela\/","og_site_name":"La Gu\u00eda de Pamplona","article_publisher":"https:\/\/www.facebook.com\/laguiadepamplonacom-133175176762273\/?ref=hl","article_published_time":"2024-11-19T16:54:44+00:00","og_image":[{"width":1000,"height":667,"url":"https:\/\/www.laguiadepamplona.com\/actualidad\/wp-content\/uploads\/2024\/11\/visitaobraspabellonmixtos3.webp","type":"image\/webp"}],"author":"La Gu\u00eda de Pamplona","twitter_card":"summary_large_image","twitter_creator":"@LaGuiadPamplona","twitter_site":"@LaGuiadPamplona","twitter_misc":{"Escrito por":"La Gu\u00eda de Pamplona","Tiempo de lectura":"4 minutos"},"schema":{"@context":"https:\/\/schema.org","@graph":[{"@type":"Article","@id":"https:\/\/www.laguiadepamplona.com\/actualidad\/la-instalacion-de-un-ascensor-ultimo-paso-en-las-obras-de-mejora-de-la-accesibilidad-en-el-pabellon-de-mixtos-de-la-ciudadela\/#article","isPartOf":{"@id":"https:\/\/www.laguiadepamplona.com\/actualidad\/la-instalacion-de-un-ascensor-ultimo-paso-en-las-obras-de-mejora-de-la-accesibilidad-en-el-pabellon-de-mixtos-de-la-ciudadela\/"},"author":{"name":"La Gu\u00eda de Pamplona","@id":"https:\/\/www.laguiadepamplona.com\/actualidad\/#\/schema\/person\/efe887376f0213d4657c93adc50b1fdb"},"headline":"La instalaci\u00f3n de un ascensor, \u00faltimo paso en las obras de mejora de la accesibilidad en el Pabell\u00f3n de Mixtos de la Ciudadela","datePublished":"2024-11-19T16:54:44+00:00","mainEntityOfPage":{"@id":"https:\/\/www.laguiadepamplona.com\/actualidad\/la-instalacion-de-un-ascensor-ultimo-paso-en-las-obras-de-mejora-de-la-accesibilidad-en-el-pabellon-de-mixtos-de-la-ciudadela\/"},"wordCount":748,"commentCount":0,"publisher":{"@id":"https:\/\/www.laguiadepamplona.com\/actualidad\/#organization"},"image":{"@id":"https:\/\/www.laguiadepamplona.com\/actualidad\/la-instalacion-de-un-ascensor-ultimo-paso-en-las-obras-de-mejora-de-la-accesibilidad-en-el-pabellon-de-mixtos-de-la-ciudadela\/#primaryimage"},"thumbnailUrl":"https:\/\/www.laguiadepamplona.com\/actualidad\/wp-content\/uploads\/2024\/11\/visitaobraspabellonmixtos3.webp","articleSection":["Ayto Pamplona"],"inLanguage":"es","potentialAction":[{"@type":"CommentAction","name":"Comment","target":["https:\/\/www.laguiadepamplona.com\/actualidad\/la-instalacion-de-un-ascensor-ultimo-paso-en-las-obras-de-mejora-de-la-accesibilidad-en-el-pabellon-de-mixtos-de-la-ciudadela\/#respond"]}]},{"@type":"WebPage","@id":"https:\/\/www.laguiadepamplona.com\/actualidad\/la-instalacion-de-un-ascensor-ultimo-paso-en-las-obras-de-mejora-de-la-accesibilidad-en-el-pabellon-de-mixtos-de-la-ciudadela\/","url":"https:\/\/www.laguiadepamplona.com\/actualidad\/la-instalacion-de-un-ascensor-ultimo-paso-en-las-obras-de-mejora-de-la-accesibilidad-en-el-pabellon-de-mixtos-de-la-ciudadela\/","name":"La instalaci\u00f3n de un ascensor, \u00faltimo paso en las obras de mejora de la accesibilidad en el Pabell\u00f3n de Mixtos de la Ciudadela","isPartOf":{"@id":"https:\/\/www.laguiadepamplona.com\/actualidad\/#website"},"primaryImageOfPage":{"@id":"https:\/\/www.laguiadepamplona.com\/actualidad\/la-instalacion-de-un-ascensor-ultimo-paso-en-las-obras-de-mejora-de-la-accesibilidad-en-el-pabellon-de-mixtos-de-la-ciudadela\/#primaryimage"},"image":{"@id":"https:\/\/www.laguiadepamplona.com\/actualidad\/la-instalacion-de-un-ascensor-ultimo-paso-en-las-obras-de-mejora-de-la-accesibilidad-en-el-pabellon-de-mixtos-de-la-ciudadela\/#primaryimage"},"thumbnailUrl":"https:\/\/www.laguiadepamplona.com\/actualidad\/wp-content\/uploads\/2024\/11\/visitaobraspabellonmixtos3.webp","datePublished":"2024-11-19T16:54:44+00:00","description":"Ya se han realizado los trabajos de alba\u00f1iler\u00eda y colocaci\u00f3n de subestructuras, de forma que este espacio podr\u00eda volver a acoger exposiciones a finales de febrero","breadcrumb":{"@id":"https:\/\/www.laguiadepamplona.com\/actualidad\/la-instalacion-de-un-ascensor-ultimo-paso-en-las-obras-de-mejora-de-la-accesibilidad-en-el-pabellon-de-mixtos-de-la-ciudadela\/#breadcrumb"},"inLanguage":"es","potentialAction":[{"@type":"ReadAction","target":["https:\/\/www.laguiadepamplona.com\/actualidad\/la-instalacion-de-un-ascensor-ultimo-paso-en-las-obras-de-mejora-de-la-accesibilidad-en-el-pabellon-de-mixtos-de-la-ciudadela\/"]}]},{"@type":"ImageObject","inLanguage":"es","@id":"https:\/\/www.laguiadepamplona.com\/actualidad\/la-instalacion-de-un-ascensor-ultimo-paso-en-las-obras-de-mejora-de-la-accesibilidad-en-el-pabellon-de-mixtos-de-la-ciudadela\/#primaryimage","url":"https:\/\/www.laguiadepamplona.com\/actualidad\/wp-content\/uploads\/2024\/11\/visitaobraspabellonmixtos3.webp","contentUrl":"https:\/\/www.laguiadepamplona.com\/actualidad\/wp-content\/uploads\/2024\/11\/visitaobraspabellonmixtos3.webp","width":1000,"height":667,"caption":"visita obras pabell\u00f3n mixtos"},{"@type":"BreadcrumbList","@id":"https:\/\/www.laguiadepamplona.com\/actualidad\/la-instalacion-de-un-ascensor-ultimo-paso-en-las-obras-de-mejora-de-la-accesibilidad-en-el-pabellon-de-mixtos-de-la-ciudadela\/#breadcrumb","itemListElement":[{"@type":"ListItem","position":1,"name":"Portada","item":"https:\/\/www.laguiadepamplona.com\/actualidad\/"},{"@type":"ListItem","position":2,"name":"La instalaci\u00f3n de un ascensor, \u00faltimo paso en las obras de mejora de la accesibilidad en el Pabell\u00f3n de Mixtos de la Ciudadela"}]},{"@type":"WebSite","@id":"https:\/\/www.laguiadepamplona.com\/actualidad\/#website","url":"https:\/\/www.laguiadepamplona.com\/actualidad\/","name":"La gu\u00eda de Pamplona","description":"Noticias de Pamplona","publisher":{"@id":"https:\/\/www.laguiadepamplona.com\/actualidad\/#organization"},"potentialAction":[{"@type":"SearchAction","target":{"@type":"EntryPoint","urlTemplate":"https:\/\/www.laguiadepamplona.com\/actualidad\/?s={search_term_string}"},"query-input":{"@type":"PropertyValueSpecification","valueRequired":true,"valueName":"search_term_string"}}],"inLanguage":"es"},{"@type":"Organization","@id":"https:\/\/www.laguiadepamplona.com\/actualidad\/#organization","name":"La Gu\u00eda de Pamplona \/ Noticias","url":"https:\/\/www.laguiadepamplona.com\/actualidad\/","logo":{"@type":"ImageObject","inLanguage":"es","@id":"https:\/\/www.laguiadepamplona.com\/actualidad\/#\/schema\/logo\/image\/","url":"https:\/\/www.laguiadepamplona.com\/actualidad\/wp-content\/uploads\/2018\/11\/logo-laguiadepamplona18-web1.png","contentUrl":"https:\/\/www.laguiadepamplona.com\/actualidad\/wp-content\/uploads\/2018\/11\/logo-laguiadepamplona18-web1.png","width":600,"height":196,"caption":"La Gu\u00eda de Pamplona \/ Noticias"},"image":{"@id":"https:\/\/www.laguiadepamplona.com\/actualidad\/#\/schema\/logo\/image\/"},"sameAs":["https:\/\/www.facebook.com\/laguiadepamplonacom-133175176762273\/?ref=hl","https:\/\/x.com\/LaGuiadPamplona","https:\/\/www.instagram.com\/la_guia_de_pamplona\/","https:\/\/www.youtube.com\/user\/laguiadepamplona"]},{"@type":"Person","@id":"https:\/\/www.laguiadepamplona.com\/actualidad\/#\/schema\/person\/efe887376f0213d4657c93adc50b1fdb","name":"La Gu\u00eda de Pamplona","image":{"@type":"ImageObject","inLanguage":"es","@id":"https:\/\/secure.gravatar.com\/avatar\/b6992f131dc8d30ab0dff15446e9d346d9dbd95992de0fef795073f5ea83a81c?s=96&d=mm&r=g","url":"https:\/\/secure.gravatar.com\/avatar\/b6992f131dc8d30ab0dff15446e9d346d9dbd95992de0fef795073f5ea83a81c?s=96&d=mm&r=g","contentUrl":"https:\/\/secure.gravatar.com\/avatar\/b6992f131dc8d30ab0dff15446e9d346d9dbd95992de0fef795073f5ea83a81c?s=96&d=mm&r=g","caption":"La Gu\u00eda de Pamplona"}}]}},"post_mailing_queue_ids":[],"_links":{"self":[{"href":"https:\/\/www.laguiadepamplona.com\/actualidad\/wp-json\/wp\/v2\/posts\/51356","targetHints":{"allow":["GET"]}}],"collection":[{"href":"https:\/\/www.laguiadepamplona.com\/actualidad\/wp-json\/wp\/v2\/posts"}],"about":[{"href":"https:\/\/www.laguiadepamplona.com\/actualidad\/wp-json\/wp\/v2\/types\/post"}],"author":[{"embeddable":true,"href":"https:\/\/www.laguiadepamplona.com\/actualidad\/wp-json\/wp\/v2\/users\/1"}],"replies":[{"embeddable":true,"href":"https:\/\/www.laguiadepamplona.com\/actualidad\/wp-json\/wp\/v2\/comments?post=51356"}],"version-history":[{"count":1,"href":"https:\/\/www.laguiadepamplona.com\/actualidad\/wp-json\/wp\/v2\/posts\/51356\/revisions"}],"predecessor-version":[{"id":51358,"href":"https:\/\/www.laguiadepamplona.com\/actualidad\/wp-json\/wp\/v2\/posts\/51356\/revisions\/51358"}],"wp:featuredmedia":[{"embeddable":true,"href":"https:\/\/www.laguiadepamplona.com\/actualidad\/wp-json\/wp\/v2\/media\/51357"}],"wp:attachment":[{"href":"https:\/\/www.laguiadepamplona.com\/actualidad\/wp-json\/wp\/v2\/media?parent=51356"}],"wp:term":[{"taxonomy":"category","embeddable":true,"href":"https:\/\/www.laguiadepamplona.com\/actualidad\/wp-json\/wp\/v2\/categories?post=51356"},{"taxonomy":"post_tag","embeddable":true,"href":"https:\/\/www.laguiadepamplona.com\/actualidad\/wp-json\/wp\/v2\/tags?post=51356"}],"curies":[{"name":"wp","href":"https:\/\/api.w.org\/{rel}","templated":true}]}}