{"id":51354,"date":"2024-11-18T20:53:57","date_gmt":"2024-11-18T18:53:57","guid":{"rendered":"https:\/\/www.laguiadepamplona.com\/actualidad\/?p=51354"},"modified":"2024-11-18T20:53:57","modified_gmt":"2024-11-18T18:53:57","slug":"dos-mujeres-con-sindrome-de-down-estan-realizando-practicas-no-laborales-en-el-ayuntamiento-de-pamplona","status":"publish","type":"post","link":"https:\/\/www.laguiadepamplona.com\/actualidad\/dos-mujeres-con-sindrome-de-down-estan-realizando-practicas-no-laborales-en-el-ayuntamiento-de-pamplona\/","title":{"rendered":"Dos mujeres con S\u00edndrome de Down est\u00e1n realizando pr\u00e1cticas no laborales en el Ayuntamiento de Pamplona"},"content":{"rendered":"<h2>Hacen las funciones equivalentes a porter\u00eda del Servicio de Colegios en el CPEIP Mendillorri<\/h2>\n<p><!--more--><\/p>\n<p>Dos mujeres con S\u00edndrome de Down est\u00e1n realizando sus pr\u00e1cticas no laborales en centros de trabajos del Ayuntamiento de Pamplona. El Ayuntamiento y la Asociaci\u00f3n S\u00edndrome DOWN de Navarra (ASDN) mantienen un convenio para hacer posible las actividades ocupacionales y de capacitaci\u00f3n laboral para favorecer la inclusi\u00f3n laboral de personas con discapacidad intelectual.<\/p>\n<p>La idea es promocionar su inserci\u00f3n en empresas del mercado ordinario de trabajo, contando con los medios materiales y humanos necesarios con el objetivo de mejorar la calidad de vida de las personas con s\u00edndrome de Down posibilitando su desarrollo integral, la promoci\u00f3n de su autonom\u00eda, igualdad de oportunidades, dignidad respeto y su total inclusi\u00f3n social y laboral.<\/p>\n<p>En concreto, en el Ayuntamiento de Pamplona, trabajan dos d\u00edas a la semana de 9 a 11 horas, desempe\u00f1ando tareas con funciones correspondientes al puesto de porter\u00eda del Servicio de Colegios, es decir, fotocopiado de documentos, encuadernaci\u00f3n de archivos, plastificaci\u00f3n de documentos, atenci\u00f3n y acompa\u00f1amiento al alumnado y control de accesos.<\/p>\n<p>Se incorporaron en el CPEIP Mendillorri el 15 de octubre y, seg\u00fan el convenio, acabar\u00e1n el 20 de diciembre sin perjuicio de que se valora posteriormente establecer una relaci\u00f3n contractual con la persona participante, en el caso de que pudiera ocupar un puesto vacante. Las dos personas que realizan pr\u00e1cticas en esta modalidad est\u00e1n tutorizadas por una persona, preparadora laboral, profesional de la Asociaci\u00f3n S\u00edndrome DOWN de Navarra.<\/p>\n","protected":false},"excerpt":{"rendered":"<p>Hacen las funciones equivalentes a porter\u00eda del Servicio de Colegios en el CPEIP Mendillorri<\/p>\n","protected":false},"author":1,"featured_media":50736,"comment_status":"open","ping_status":"closed","sticky":false,"template":"","format":"standard","meta":{"footnotes":""},"categories":[2],"tags":[],"class_list":["post-51354","post","type-post","status-publish","format-standard","has-post-thumbnail","hentry","category-ayuntamiento-pamplona"],"yoast_head":"<!-- This site is optimized with the Yoast SEO plugin v27.3 - https:\/\/yoast.com\/product\/yoast-seo-wordpress\/ -->\n<title>Dos mujeres con S\u00edndrome de Down est\u00e1n realizando pr\u00e1cticas no laborales en el Ayuntamiento de Pamplona<\/title>\n<meta name=\"description\" content=\"Hacen las funciones equivalentes a porter\u00eda del Servicio de Colegios en el CPEIP Mendillorri\" \/>\n<meta name=\"robots\" content=\"index, follow, max-snippet:-1, max-image-preview:large, max-video-preview:-1\" \/>\n<link rel=\"canonical\" href=\"https:\/\/www.laguiadepamplona.com\/actualidad\/dos-mujeres-con-sindrome-de-down-estan-realizando-practicas-no-laborales-en-el-ayuntamiento-de-pamplona\/\" \/>\n<meta property=\"og:locale\" content=\"es_ES\" \/>\n<meta property=\"og:type\" content=\"article\" \/>\n<meta property=\"og:title\" content=\"Dos mujeres con S\u00edndrome de Down est\u00e1n realizando pr\u00e1cticas no laborales en el Ayuntamiento de Pamplona\" \/>\n<meta property=\"og:description\" content=\"Hacen las funciones equivalentes a porter\u00eda del Servicio de Colegios en el CPEIP Mendillorri\" \/>\n<meta property=\"og:url\" content=\"https:\/\/www.laguiadepamplona.com\/actualidad\/dos-mujeres-con-sindrome-de-down-estan-realizando-practicas-no-laborales-en-el-ayuntamiento-de-pamplona\/\" \/>\n<meta property=\"og:site_name\" content=\"La Gu\u00eda de Pamplona\" \/>\n<meta property=\"article:publisher\" content=\"https:\/\/www.facebook.com\/laguiadepamplonacom-133175176762273\/?ref=hl\" \/>\n<meta property=\"article:published_time\" content=\"2024-11-18T18:53:57+00:00\" \/>\n<meta property=\"og:image\" content=\"https:\/\/www.laguiadepamplona.com\/actualidad\/wp-content\/uploads\/2024\/09\/Fachada-Ayuntamiento_contacto-Comarca_web2.webp\" \/>\n\t<meta property=\"og:image:width\" content=\"1000\" \/>\n\t<meta property=\"og:image:height\" content=\"646\" \/>\n\t<meta property=\"og:image:type\" content=\"image\/webp\" \/>\n<meta name=\"author\" content=\"La Gu\u00eda de Pamplona\" \/>\n<meta name=\"twitter:card\" content=\"summary_large_image\" \/>\n<meta name=\"twitter:creator\" content=\"@LaGuiadPamplona\" \/>\n<meta name=\"twitter:site\" content=\"@LaGuiadPamplona\" \/>\n<meta name=\"twitter:label1\" content=\"Escrito por\" \/>\n\t<meta name=\"twitter:data1\" content=\"La Gu\u00eda de Pamplona\" \/>\n\t<meta name=\"twitter:label2\" content=\"Tiempo de lectura\" \/>\n\t<meta name=\"twitter:data2\" content=\"2 minutos\" \/>\n<script type=\"application\/ld+json\" class=\"yoast-schema-graph\">{\"@context\":\"https:\\\/\\\/schema.org\",\"@graph\":[{\"@type\":\"Article\",\"@id\":\"https:\\\/\\\/www.laguiadepamplona.com\\\/actualidad\\\/dos-mujeres-con-sindrome-de-down-estan-realizando-practicas-no-laborales-en-el-ayuntamiento-de-pamplona\\\/#article\",\"isPartOf\":{\"@id\":\"https:\\\/\\\/www.laguiadepamplona.com\\\/actualidad\\\/dos-mujeres-con-sindrome-de-down-estan-realizando-practicas-no-laborales-en-el-ayuntamiento-de-pamplona\\\/\"},\"author\":{\"name\":\"La Gu\u00eda de Pamplona\",\"@id\":\"https:\\\/\\\/www.laguiadepamplona.com\\\/actualidad\\\/#\\\/schema\\\/person\\\/efe887376f0213d4657c93adc50b1fdb\"},\"headline\":\"Dos mujeres con S\u00edndrome de Down est\u00e1n realizando pr\u00e1cticas no laborales en el Ayuntamiento de Pamplona\",\"datePublished\":\"2024-11-18T18:53:57+00:00\",\"mainEntityOfPage\":{\"@id\":\"https:\\\/\\\/www.laguiadepamplona.com\\\/actualidad\\\/dos-mujeres-con-sindrome-de-down-estan-realizando-practicas-no-laborales-en-el-ayuntamiento-de-pamplona\\\/\"},\"wordCount\":286,\"commentCount\":0,\"publisher\":{\"@id\":\"https:\\\/\\\/www.laguiadepamplona.com\\\/actualidad\\\/#organization\"},\"image\":{\"@id\":\"https:\\\/\\\/www.laguiadepamplona.com\\\/actualidad\\\/dos-mujeres-con-sindrome-de-down-estan-realizando-practicas-no-laborales-en-el-ayuntamiento-de-pamplona\\\/#primaryimage\"},\"thumbnailUrl\":\"https:\\\/\\\/www.laguiadepamplona.com\\\/actualidad\\\/wp-content\\\/uploads\\\/2024\\\/09\\\/Fachada-Ayuntamiento_contacto-Comarca_web2.webp\",\"articleSection\":[\"Ayto Pamplona\"],\"inLanguage\":\"es\",\"potentialAction\":[{\"@type\":\"CommentAction\",\"name\":\"Comment\",\"target\":[\"https:\\\/\\\/www.laguiadepamplona.com\\\/actualidad\\\/dos-mujeres-con-sindrome-de-down-estan-realizando-practicas-no-laborales-en-el-ayuntamiento-de-pamplona\\\/#respond\"]}]},{\"@type\":\"WebPage\",\"@id\":\"https:\\\/\\\/www.laguiadepamplona.com\\\/actualidad\\\/dos-mujeres-con-sindrome-de-down-estan-realizando-practicas-no-laborales-en-el-ayuntamiento-de-pamplona\\\/\",\"url\":\"https:\\\/\\\/www.laguiadepamplona.com\\\/actualidad\\\/dos-mujeres-con-sindrome-de-down-estan-realizando-practicas-no-laborales-en-el-ayuntamiento-de-pamplona\\\/\",\"name\":\"Dos mujeres con S\u00edndrome de Down est\u00e1n realizando pr\u00e1cticas no laborales en el Ayuntamiento de Pamplona\",\"isPartOf\":{\"@id\":\"https:\\\/\\\/www.laguiadepamplona.com\\\/actualidad\\\/#website\"},\"primaryImageOfPage\":{\"@id\":\"https:\\\/\\\/www.laguiadepamplona.com\\\/actualidad\\\/dos-mujeres-con-sindrome-de-down-estan-realizando-practicas-no-laborales-en-el-ayuntamiento-de-pamplona\\\/#primaryimage\"},\"image\":{\"@id\":\"https:\\\/\\\/www.laguiadepamplona.com\\\/actualidad\\\/dos-mujeres-con-sindrome-de-down-estan-realizando-practicas-no-laborales-en-el-ayuntamiento-de-pamplona\\\/#primaryimage\"},\"thumbnailUrl\":\"https:\\\/\\\/www.laguiadepamplona.com\\\/actualidad\\\/wp-content\\\/uploads\\\/2024\\\/09\\\/Fachada-Ayuntamiento_contacto-Comarca_web2.webp\",\"datePublished\":\"2024-11-18T18:53:57+00:00\",\"description\":\"Hacen las funciones equivalentes a porter\u00eda del Servicio de Colegios en el CPEIP Mendillorri\",\"breadcrumb\":{\"@id\":\"https:\\\/\\\/www.laguiadepamplona.com\\\/actualidad\\\/dos-mujeres-con-sindrome-de-down-estan-realizando-practicas-no-laborales-en-el-ayuntamiento-de-pamplona\\\/#breadcrumb\"},\"inLanguage\":\"es\",\"potentialAction\":[{\"@type\":\"ReadAction\",\"target\":[\"https:\\\/\\\/www.laguiadepamplona.com\\\/actualidad\\\/dos-mujeres-con-sindrome-de-down-estan-realizando-practicas-no-laborales-en-el-ayuntamiento-de-pamplona\\\/\"]}]},{\"@type\":\"ImageObject\",\"inLanguage\":\"es\",\"@id\":\"https:\\\/\\\/www.laguiadepamplona.com\\\/actualidad\\\/dos-mujeres-con-sindrome-de-down-estan-realizando-practicas-no-laborales-en-el-ayuntamiento-de-pamplona\\\/#primaryimage\",\"url\":\"https:\\\/\\\/www.laguiadepamplona.com\\\/actualidad\\\/wp-content\\\/uploads\\\/2024\\\/09\\\/Fachada-Ayuntamiento_contacto-Comarca_web2.webp\",\"contentUrl\":\"https:\\\/\\\/www.laguiadepamplona.com\\\/actualidad\\\/wp-content\\\/uploads\\\/2024\\\/09\\\/Fachada-Ayuntamiento_contacto-Comarca_web2.webp\",\"width\":1000,\"height\":646,\"caption\":\"fachada ayuntamiento\"},{\"@type\":\"BreadcrumbList\",\"@id\":\"https:\\\/\\\/www.laguiadepamplona.com\\\/actualidad\\\/dos-mujeres-con-sindrome-de-down-estan-realizando-practicas-no-laborales-en-el-ayuntamiento-de-pamplona\\\/#breadcrumb\",\"itemListElement\":[{\"@type\":\"ListItem\",\"position\":1,\"name\":\"Portada\",\"item\":\"https:\\\/\\\/www.laguiadepamplona.com\\\/actualidad\\\/\"},{\"@type\":\"ListItem\",\"position\":2,\"name\":\"Dos mujeres con S\u00edndrome de Down est\u00e1n realizando pr\u00e1cticas no laborales en el Ayuntamiento de Pamplona\"}]},{\"@type\":\"WebSite\",\"@id\":\"https:\\\/\\\/www.laguiadepamplona.com\\\/actualidad\\\/#website\",\"url\":\"https:\\\/\\\/www.laguiadepamplona.com\\\/actualidad\\\/\",\"name\":\"La gu\u00eda de Pamplona\",\"description\":\"Noticias de Pamplona\",\"publisher\":{\"@id\":\"https:\\\/\\\/www.laguiadepamplona.com\\\/actualidad\\\/#organization\"},\"potentialAction\":[{\"@type\":\"SearchAction\",\"target\":{\"@type\":\"EntryPoint\",\"urlTemplate\":\"https:\\\/\\\/www.laguiadepamplona.com\\\/actualidad\\\/?s={search_term_string}\"},\"query-input\":{\"@type\":\"PropertyValueSpecification\",\"valueRequired\":true,\"valueName\":\"search_term_string\"}}],\"inLanguage\":\"es\"},{\"@type\":\"Organization\",\"@id\":\"https:\\\/\\\/www.laguiadepamplona.com\\\/actualidad\\\/#organization\",\"name\":\"La Gu\u00eda de Pamplona \\\/ Noticias\",\"url\":\"https:\\\/\\\/www.laguiadepamplona.com\\\/actualidad\\\/\",\"logo\":{\"@type\":\"ImageObject\",\"inLanguage\":\"es\",\"@id\":\"https:\\\/\\\/www.laguiadepamplona.com\\\/actualidad\\\/#\\\/schema\\\/logo\\\/image\\\/\",\"url\":\"https:\\\/\\\/www.laguiadepamplona.com\\\/actualidad\\\/wp-content\\\/uploads\\\/2018\\\/11\\\/logo-laguiadepamplona18-web1.png\",\"contentUrl\":\"https:\\\/\\\/www.laguiadepamplona.com\\\/actualidad\\\/wp-content\\\/uploads\\\/2018\\\/11\\\/logo-laguiadepamplona18-web1.png\",\"width\":600,\"height\":196,\"caption\":\"La Gu\u00eda de Pamplona \\\/ Noticias\"},\"image\":{\"@id\":\"https:\\\/\\\/www.laguiadepamplona.com\\\/actualidad\\\/#\\\/schema\\\/logo\\\/image\\\/\"},\"sameAs\":[\"https:\\\/\\\/www.facebook.com\\\/laguiadepamplonacom-133175176762273\\\/?ref=hl\",\"https:\\\/\\\/x.com\\\/LaGuiadPamplona\",\"https:\\\/\\\/www.instagram.com\\\/la_guia_de_pamplona\\\/\",\"https:\\\/\\\/www.youtube.com\\\/user\\\/laguiadepamplona\"]},{\"@type\":\"Person\",\"@id\":\"https:\\\/\\\/www.laguiadepamplona.com\\\/actualidad\\\/#\\\/schema\\\/person\\\/efe887376f0213d4657c93adc50b1fdb\",\"name\":\"La Gu\u00eda de Pamplona\",\"image\":{\"@type\":\"ImageObject\",\"inLanguage\":\"es\",\"@id\":\"https:\\\/\\\/secure.gravatar.com\\\/avatar\\\/b6992f131dc8d30ab0dff15446e9d346d9dbd95992de0fef795073f5ea83a81c?s=96&d=mm&r=g\",\"url\":\"https:\\\/\\\/secure.gravatar.com\\\/avatar\\\/b6992f131dc8d30ab0dff15446e9d346d9dbd95992de0fef795073f5ea83a81c?s=96&d=mm&r=g\",\"contentUrl\":\"https:\\\/\\\/secure.gravatar.com\\\/avatar\\\/b6992f131dc8d30ab0dff15446e9d346d9dbd95992de0fef795073f5ea83a81c?s=96&d=mm&r=g\",\"caption\":\"La Gu\u00eda de Pamplona\"}}]}<\/script>\n<!-- \/ Yoast SEO plugin. -->","yoast_head_json":{"title":"Dos mujeres con S\u00edndrome de Down est\u00e1n realizando pr\u00e1cticas no laborales en el Ayuntamiento de Pamplona","description":"Hacen las funciones equivalentes a porter\u00eda del Servicio de Colegios en el CPEIP Mendillorri","robots":{"index":"index","follow":"follow","max-snippet":"max-snippet:-1","max-image-preview":"max-image-preview:large","max-video-preview":"max-video-preview:-1"},"canonical":"https:\/\/www.laguiadepamplona.com\/actualidad\/dos-mujeres-con-sindrome-de-down-estan-realizando-practicas-no-laborales-en-el-ayuntamiento-de-pamplona\/","og_locale":"es_ES","og_type":"article","og_title":"Dos mujeres con S\u00edndrome de Down est\u00e1n realizando pr\u00e1cticas no laborales en el Ayuntamiento de Pamplona","og_description":"Hacen las funciones equivalentes a porter\u00eda del Servicio de Colegios en el CPEIP Mendillorri","og_url":"https:\/\/www.laguiadepamplona.com\/actualidad\/dos-mujeres-con-sindrome-de-down-estan-realizando-practicas-no-laborales-en-el-ayuntamiento-de-pamplona\/","og_site_name":"La Gu\u00eda de Pamplona","article_publisher":"https:\/\/www.facebook.com\/laguiadepamplonacom-133175176762273\/?ref=hl","article_published_time":"2024-11-18T18:53:57+00:00","og_image":[{"width":1000,"height":646,"url":"https:\/\/www.laguiadepamplona.com\/actualidad\/wp-content\/uploads\/2024\/09\/Fachada-Ayuntamiento_contacto-Comarca_web2.webp","type":"image\/webp"}],"author":"La Gu\u00eda de Pamplona","twitter_card":"summary_large_image","twitter_creator":"@LaGuiadPamplona","twitter_site":"@LaGuiadPamplona","twitter_misc":{"Escrito por":"La Gu\u00eda de Pamplona","Tiempo de lectura":"2 minutos"},"schema":{"@context":"https:\/\/schema.org","@graph":[{"@type":"Article","@id":"https:\/\/www.laguiadepamplona.com\/actualidad\/dos-mujeres-con-sindrome-de-down-estan-realizando-practicas-no-laborales-en-el-ayuntamiento-de-pamplona\/#article","isPartOf":{"@id":"https:\/\/www.laguiadepamplona.com\/actualidad\/dos-mujeres-con-sindrome-de-down-estan-realizando-practicas-no-laborales-en-el-ayuntamiento-de-pamplona\/"},"author":{"name":"La Gu\u00eda de Pamplona","@id":"https:\/\/www.laguiadepamplona.com\/actualidad\/#\/schema\/person\/efe887376f0213d4657c93adc50b1fdb"},"headline":"Dos mujeres con S\u00edndrome de Down est\u00e1n realizando pr\u00e1cticas no laborales en el Ayuntamiento de Pamplona","datePublished":"2024-11-18T18:53:57+00:00","mainEntityOfPage":{"@id":"https:\/\/www.laguiadepamplona.com\/actualidad\/dos-mujeres-con-sindrome-de-down-estan-realizando-practicas-no-laborales-en-el-ayuntamiento-de-pamplona\/"},"wordCount":286,"commentCount":0,"publisher":{"@id":"https:\/\/www.laguiadepamplona.com\/actualidad\/#organization"},"image":{"@id":"https:\/\/www.laguiadepamplona.com\/actualidad\/dos-mujeres-con-sindrome-de-down-estan-realizando-practicas-no-laborales-en-el-ayuntamiento-de-pamplona\/#primaryimage"},"thumbnailUrl":"https:\/\/www.laguiadepamplona.com\/actualidad\/wp-content\/uploads\/2024\/09\/Fachada-Ayuntamiento_contacto-Comarca_web2.webp","articleSection":["Ayto Pamplona"],"inLanguage":"es","potentialAction":[{"@type":"CommentAction","name":"Comment","target":["https:\/\/www.laguiadepamplona.com\/actualidad\/dos-mujeres-con-sindrome-de-down-estan-realizando-practicas-no-laborales-en-el-ayuntamiento-de-pamplona\/#respond"]}]},{"@type":"WebPage","@id":"https:\/\/www.laguiadepamplona.com\/actualidad\/dos-mujeres-con-sindrome-de-down-estan-realizando-practicas-no-laborales-en-el-ayuntamiento-de-pamplona\/","url":"https:\/\/www.laguiadepamplona.com\/actualidad\/dos-mujeres-con-sindrome-de-down-estan-realizando-practicas-no-laborales-en-el-ayuntamiento-de-pamplona\/","name":"Dos mujeres con S\u00edndrome de Down est\u00e1n realizando pr\u00e1cticas no laborales en el Ayuntamiento de Pamplona","isPartOf":{"@id":"https:\/\/www.laguiadepamplona.com\/actualidad\/#website"},"primaryImageOfPage":{"@id":"https:\/\/www.laguiadepamplona.com\/actualidad\/dos-mujeres-con-sindrome-de-down-estan-realizando-practicas-no-laborales-en-el-ayuntamiento-de-pamplona\/#primaryimage"},"image":{"@id":"https:\/\/www.laguiadepamplona.com\/actualidad\/dos-mujeres-con-sindrome-de-down-estan-realizando-practicas-no-laborales-en-el-ayuntamiento-de-pamplona\/#primaryimage"},"thumbnailUrl":"https:\/\/www.laguiadepamplona.com\/actualidad\/wp-content\/uploads\/2024\/09\/Fachada-Ayuntamiento_contacto-Comarca_web2.webp","datePublished":"2024-11-18T18:53:57+00:00","description":"Hacen las funciones equivalentes a porter\u00eda del Servicio de Colegios en el CPEIP Mendillorri","breadcrumb":{"@id":"https:\/\/www.laguiadepamplona.com\/actualidad\/dos-mujeres-con-sindrome-de-down-estan-realizando-practicas-no-laborales-en-el-ayuntamiento-de-pamplona\/#breadcrumb"},"inLanguage":"es","potentialAction":[{"@type":"ReadAction","target":["https:\/\/www.laguiadepamplona.com\/actualidad\/dos-mujeres-con-sindrome-de-down-estan-realizando-practicas-no-laborales-en-el-ayuntamiento-de-pamplona\/"]}]},{"@type":"ImageObject","inLanguage":"es","@id":"https:\/\/www.laguiadepamplona.com\/actualidad\/dos-mujeres-con-sindrome-de-down-estan-realizando-practicas-no-laborales-en-el-ayuntamiento-de-pamplona\/#primaryimage","url":"https:\/\/www.laguiadepamplona.com\/actualidad\/wp-content\/uploads\/2024\/09\/Fachada-Ayuntamiento_contacto-Comarca_web2.webp","contentUrl":"https:\/\/www.laguiadepamplona.com\/actualidad\/wp-content\/uploads\/2024\/09\/Fachada-Ayuntamiento_contacto-Comarca_web2.webp","width":1000,"height":646,"caption":"fachada ayuntamiento"},{"@type":"BreadcrumbList","@id":"https:\/\/www.laguiadepamplona.com\/actualidad\/dos-mujeres-con-sindrome-de-down-estan-realizando-practicas-no-laborales-en-el-ayuntamiento-de-pamplona\/#breadcrumb","itemListElement":[{"@type":"ListItem","position":1,"name":"Portada","item":"https:\/\/www.laguiadepamplona.com\/actualidad\/"},{"@type":"ListItem","position":2,"name":"Dos mujeres con S\u00edndrome de Down est\u00e1n realizando pr\u00e1cticas no laborales en el Ayuntamiento de Pamplona"}]},{"@type":"WebSite","@id":"https:\/\/www.laguiadepamplona.com\/actualidad\/#website","url":"https:\/\/www.laguiadepamplona.com\/actualidad\/","name":"La gu\u00eda de Pamplona","description":"Noticias de Pamplona","publisher":{"@id":"https:\/\/www.laguiadepamplona.com\/actualidad\/#organization"},"potentialAction":[{"@type":"SearchAction","target":{"@type":"EntryPoint","urlTemplate":"https:\/\/www.laguiadepamplona.com\/actualidad\/?s={search_term_string}"},"query-input":{"@type":"PropertyValueSpecification","valueRequired":true,"valueName":"search_term_string"}}],"inLanguage":"es"},{"@type":"Organization","@id":"https:\/\/www.laguiadepamplona.com\/actualidad\/#organization","name":"La Gu\u00eda de Pamplona \/ Noticias","url":"https:\/\/www.laguiadepamplona.com\/actualidad\/","logo":{"@type":"ImageObject","inLanguage":"es","@id":"https:\/\/www.laguiadepamplona.com\/actualidad\/#\/schema\/logo\/image\/","url":"https:\/\/www.laguiadepamplona.com\/actualidad\/wp-content\/uploads\/2018\/11\/logo-laguiadepamplona18-web1.png","contentUrl":"https:\/\/www.laguiadepamplona.com\/actualidad\/wp-content\/uploads\/2018\/11\/logo-laguiadepamplona18-web1.png","width":600,"height":196,"caption":"La Gu\u00eda de Pamplona \/ Noticias"},"image":{"@id":"https:\/\/www.laguiadepamplona.com\/actualidad\/#\/schema\/logo\/image\/"},"sameAs":["https:\/\/www.facebook.com\/laguiadepamplonacom-133175176762273\/?ref=hl","https:\/\/x.com\/LaGuiadPamplona","https:\/\/www.instagram.com\/la_guia_de_pamplona\/","https:\/\/www.youtube.com\/user\/laguiadepamplona"]},{"@type":"Person","@id":"https:\/\/www.laguiadepamplona.com\/actualidad\/#\/schema\/person\/efe887376f0213d4657c93adc50b1fdb","name":"La Gu\u00eda de Pamplona","image":{"@type":"ImageObject","inLanguage":"es","@id":"https:\/\/secure.gravatar.com\/avatar\/b6992f131dc8d30ab0dff15446e9d346d9dbd95992de0fef795073f5ea83a81c?s=96&d=mm&r=g","url":"https:\/\/secure.gravatar.com\/avatar\/b6992f131dc8d30ab0dff15446e9d346d9dbd95992de0fef795073f5ea83a81c?s=96&d=mm&r=g","contentUrl":"https:\/\/secure.gravatar.com\/avatar\/b6992f131dc8d30ab0dff15446e9d346d9dbd95992de0fef795073f5ea83a81c?s=96&d=mm&r=g","caption":"La Gu\u00eda de Pamplona"}}]}},"post_mailing_queue_ids":[],"_links":{"self":[{"href":"https:\/\/www.laguiadepamplona.com\/actualidad\/wp-json\/wp\/v2\/posts\/51354","targetHints":{"allow":["GET"]}}],"collection":[{"href":"https:\/\/www.laguiadepamplona.com\/actualidad\/wp-json\/wp\/v2\/posts"}],"about":[{"href":"https:\/\/www.laguiadepamplona.com\/actualidad\/wp-json\/wp\/v2\/types\/post"}],"author":[{"embeddable":true,"href":"https:\/\/www.laguiadepamplona.com\/actualidad\/wp-json\/wp\/v2\/users\/1"}],"replies":[{"embeddable":true,"href":"https:\/\/www.laguiadepamplona.com\/actualidad\/wp-json\/wp\/v2\/comments?post=51354"}],"version-history":[{"count":1,"href":"https:\/\/www.laguiadepamplona.com\/actualidad\/wp-json\/wp\/v2\/posts\/51354\/revisions"}],"predecessor-version":[{"id":51355,"href":"https:\/\/www.laguiadepamplona.com\/actualidad\/wp-json\/wp\/v2\/posts\/51354\/revisions\/51355"}],"wp:featuredmedia":[{"embeddable":true,"href":"https:\/\/www.laguiadepamplona.com\/actualidad\/wp-json\/wp\/v2\/media\/50736"}],"wp:attachment":[{"href":"https:\/\/www.laguiadepamplona.com\/actualidad\/wp-json\/wp\/v2\/media?parent=51354"}],"wp:term":[{"taxonomy":"category","embeddable":true,"href":"https:\/\/www.laguiadepamplona.com\/actualidad\/wp-json\/wp\/v2\/categories?post=51354"},{"taxonomy":"post_tag","embeddable":true,"href":"https:\/\/www.laguiadepamplona.com\/actualidad\/wp-json\/wp\/v2\/tags?post=51354"}],"curies":[{"name":"wp","href":"https:\/\/api.w.org\/{rel}","templated":true}]}}